{"id":308429,"date":"2024-05-24T10:14:00","date_gmt":"2024-05-24T08:14:00","guid":{"rendered":"https:\/\/villarrealcf.es\/a\/"},"modified":"2024-05-24T10:42:03","modified_gmt":"2024-05-24T08:42:03","slug":"a-el-sadar-a-pel-pichichi-de-sorloth","status":"publish","type":"post","link":"https:\/\/villarrealcf.es\/val\/a-el-sadar-a-pel-pichichi-de-sorloth\/","title":{"rendered":"A El Sadar a pel pichichi de Sorloth"},"content":{"protected":false,"blocks":[{"type":"heading","level":2,"text":"El Villareal afronta l\u2019\u00faltim partit de la temporada havent certificat l\u2019octava pla\u00e7a en el campionat"},{"type":"paragraph","text":"El Villareal tancar\u00e0 la temporada 2023\/24 contra l\u2019Osasuna, en un partit corresponent a la jornada 38 de LALIGA EA SPORTS que tindr\u00e0 lloc dissabte que ve a les 14.00 hores en l\u2019Estadi El Sadar. L\u2019empat per 4 a 4 en l\u2019\u00faltim partit enfront del Reial Madrid va impossibilitar al Submar\u00ed Groc arribar amb opcions europees a l\u2019\u00faltima jornada, per la qual cosa els \u00fanics al\u00b7licients de cara al partit a Pamplona s\u00f3n el Trofeu Pichichi de Sorloth i acabar la temporada amb una vict\u00f2ria."},{"type":"paragraph","text":"El davanter noruec \u00e9s un dels noms propis del tram final de la temporada despr\u00e9s d\u2019anotar deu gols en els \u00faltims huit partits, quatre d\u2019ells en l\u2019\u00faltim partit en L\u2019Estadi de la Cer\u00e0mica contra el campi\u00f3 de lliga i finalista de la Champions League. Actualment, \u00e9s el m\u00e0xim golejador de la competici\u00f3 amb 23 punts, dos m\u00e9s que el seu m\u00e0xim perseguidor Dobvyk, el davanter del Girona. El Pichichi de Sorloth, la prioritat dels groguets contra l\u2019Osasuna."},{"type":"paragraph","text":"Aix\u00ed mateix, Baena, que tornar\u00e0 a la convocat\u00f2ria despr\u00e9s de complir cicle de sanci\u00f3, tamb\u00e9 pot acabar la temporada en el m\u00e9s alt del r\u00e0nking d\u2019assist\u00e8ncies despr\u00e9s d\u2019haver repartit un total de tretze al llarg del campionat. Ho aconseguir\u00e0 si no li supera un Nico Williams que, per part seua, registra onze passes de gol."},{"type":"paragraph","text":"El conjunt de Marcelino Garc\u00eda Toral va v\u00e9ncer a l\u2019Osasuna per 3-1 en el partit de la primera volta gr\u00e0cies a un hat-trick de Morales, aix\u00ed com el partit en El Sadar de la campanya passada es va saldar amb un favorable 0-3. No obstant aix\u00f2, qualsevol resultat, davant un Osasuna que tampoc t\u00e9 res en joc a nivell classificatori, no canviar\u00e0 la finalitzaci\u00f3 de la temporada del Submar\u00ed Groc en l\u2019octava posici\u00f3 a causa de l\u2019actual dist\u00e0ncia de quatre punts tant respecte al s\u00e8ptim classificat, el Reial Betis, com al nov\u00e9, el Val\u00e8ncia CF."},{"type":"paragraph","text":"Designaci\u00f3 arbitral"},{"type":"paragraph","text":"Mario Melero L\u00f3pez (comit\u00e9 andal\u00fas) ser\u00e0 l\u2019\u00e0rbitre principal del partit i estar\u00e0 assistit des de la sala VOR per C\u00e9sar Soto Grado (comit\u00e9 rioj\u00e0)."}],"structured":{"summary":{"text":"El Villareal afronta l\u2019\u00faltim partit de la temporada havent certificat l\u2019octava pla\u00e7a en el campionat El Villareal tancar\u00e0 la temporada 2023\/24 contra l\u2019Osasuna, en un partit corresponent a la jornada 38 de LALIGA EA SPORTS que tindr\u00e0 lloc dissabte que ve a les 14.00 hores en l\u2019Estadi El Sadar. L\u2019empat per 4 a 4 en l\u2019\u00faltim partit enfront del Reial Madrid va impossibilitar al Submar\u00ed Groc arribar amb opcions europees a l\u2019\u00faltima jornada, per la qual cosa els \u00fanics al\u00b7licients de cara al partit a Pamplona s\u00f3n el Trofeu Pichichi de Sorloth i acabar la temporada amb una vict\u00f2ria. El davanter noruec \u00e9s un dels noms propis del tram final de la temporada despr\u00e9s d\u2019anotar deu gols en els \u00faltims huit partits, quatre d\u2019ells en l\u2019\u00faltim partit en L\u2019Estadi de la Cer\u00e0mica contra el campi\u00f3 de lliga i finalista de la Champions League. Actualment, \u00e9s el m\u00e0xim golejador de la competici\u00f3 amb 23 punts, dos m\u00e9s que el seu m\u00e0xim perseguidor Dobvyk, el davanter del Girona. El Pichichi de Sorloth, la prioritat dels groguets contra l\u2019Osasuna. Aix\u00ed mateix, Baena, que tornar\u00e0 a la convocat\u00f2ria despr\u00e9s de complir cicle de sanci\u00f3, tamb\u00e9 pot acabar la temporada en el m\u00e9s alt del r\u00e0nking d\u2019assist\u00e8ncies despr\u00e9s d\u2019haver repartit un total de tretze al llarg del campionat. Ho aconseguir\u00e0 si no li supera un Nico Williams que, per part seua, registra onze passes de gol. El conjunt de Marcelino Garc\u00eda Toral va v\u00e9ncer a l\u2019Osasuna per 3-1 en el partit de la primera volta gr\u00e0cies a un hat-trick de Morales, aix\u00ed com el partit en El Sadar de la campanya passada es va saldar amb un favorable 0-3. No obstant aix\u00f2, qualsevol resultat, davant un Osasuna que tampoc t\u00e9 res en joc a nivell classificatori, no canviar\u00e0 la finalitzaci\u00f3 de la temporada del Submar\u00ed Groc en l\u2019octava posici\u00f3 a causa de l\u2019actual dist\u00e0ncia de quatre punts tant respecte al s\u00e8ptim classificat, el Reial Betis, com al nov\u00e9, el Val\u00e8ncia CF. Designaci\u00f3 arbitral Mario Melero L\u00f3pez (comit\u00e9 andal\u00fas) ser\u00e0 l\u2019\u00e0rbitre principal del partit i estar\u00e0 assistit des de la sala VOR per C\u00e9sar Soto Grado (comit\u00e9 rioj\u00e0).","headings":[{"type":"heading","level":2,"text":"El Villareal afronta l\u2019\u00faltim partit de la temporada havent certificat l\u2019octava pla\u00e7a en el campionat"}],"buttons":[],"images":[],"counts":{"blocks":7,"headings":1,"texts":6,"buttons":0,"images":0}},"sections":[{"id":"section-1","title":"El Villareal afronta l\u2019\u00faltim partit de la temporada havent certificat l\u2019octava pla\u00e7a en el campionat","text":"El Villareal afronta l\u2019\u00faltim partit de la temporada havent certificat l\u2019octava pla\u00e7a en el campionat El Villareal tancar\u00e0 la temporada 2023\/24 contra l\u2019Osasuna, en un partit corresponent a la jornada 38 de LALIGA EA SPORTS que tindr\u00e0 lloc dissabte que ve a les 14.00 hores en l\u2019Estadi El Sadar. L\u2019empat per 4 a 4 en l\u2019\u00faltim partit enfront del Reial Madrid va impossibilitar al Submar\u00ed Groc arribar amb opcions europees a l\u2019\u00faltima jornada, per la qual cosa els \u00fanics al\u00b7licients de cara al partit a Pamplona s\u00f3n el Trofeu Pichichi de Sorloth i acabar la temporada amb una vict\u00f2ria. El davanter noruec \u00e9s un dels noms propis del tram final de la temporada despr\u00e9s d\u2019anotar deu gols en els \u00faltims huit partits, quatre d\u2019ells en l\u2019\u00faltim partit en L\u2019Estadi de la Cer\u00e0mica contra el campi\u00f3 de lliga i finalista de la Champions League. Actualment, \u00e9s el m\u00e0xim golejador de la competici\u00f3 amb 23 punts, dos m\u00e9s que el seu m\u00e0xim perseguidor Dobvyk, el davanter del Girona. El Pichichi de Sorloth, la prioritat dels groguets contra l\u2019Osasuna. Aix\u00ed mateix, Baena, que tornar\u00e0 a la convocat\u00f2ria despr\u00e9s de complir cicle de sanci\u00f3, tamb\u00e9 pot acabar la temporada en el m\u00e9s alt del r\u00e0nking d\u2019assist\u00e8ncies despr\u00e9s d\u2019haver repartit un total de tretze al llarg del campionat. Ho aconseguir\u00e0 si no li supera un Nico Williams que, per part seua, registra onze passes de gol. El conjunt de Marcelino Garc\u00eda Toral va v\u00e9ncer a l\u2019Osasuna per 3-1 en el partit de la primera volta gr\u00e0cies a un hat-trick de Morales, aix\u00ed com el partit en El Sadar de la campanya passada es va saldar amb un favorable 0-3. No obstant aix\u00f2, qualsevol resultat, davant un Osasuna que tampoc t\u00e9 res en joc a nivell classificatori, no canviar\u00e0 la finalitzaci\u00f3 de la temporada del Submar\u00ed Groc en l\u2019octava posici\u00f3 a causa de l\u2019actual dist\u00e0ncia de quatre punts tant respecte al s\u00e8ptim classificat, el Reial Betis, com al nov\u00e9, el Val\u00e8ncia CF. Designaci\u00f3 arbitral Mario Melero L\u00f3pez (comit\u00e9 andal\u00fas) ser\u00e0 l\u2019\u00e0rbitre principal del partit i estar\u00e0 assistit des de la sala VOR per C\u00e9sar Soto Grado (comit\u00e9 rioj\u00e0).","headings":[{"type":"heading","level":2,"text":"El Villareal afronta l\u2019\u00faltim partit de la temporada havent certificat l\u2019octava pla\u00e7a en el campionat"}],"texts":[{"type":"paragraph","text":"El Villareal tancar\u00e0 la temporada 2023\/24 contra l\u2019Osasuna, en un partit corresponent a la jornada 38 de LALIGA EA SPORTS que tindr\u00e0 lloc dissabte que ve a les 14.00 hores en l\u2019Estadi El Sadar. L\u2019empat per 4 a 4 en l\u2019\u00faltim partit enfront del Reial Madrid va impossibilitar al Submar\u00ed Groc arribar amb opcions europees a l\u2019\u00faltima jornada, per la qual cosa els \u00fanics al\u00b7licients de cara al partit a Pamplona s\u00f3n el Trofeu Pichichi de Sorloth i acabar la temporada amb una vict\u00f2ria."},{"type":"paragraph","text":"El davanter noruec \u00e9s un dels noms propis del tram final de la temporada despr\u00e9s d\u2019anotar deu gols en els \u00faltims huit partits, quatre d\u2019ells en l\u2019\u00faltim partit en L\u2019Estadi de la Cer\u00e0mica contra el campi\u00f3 de lliga i finalista de la Champions League. Actualment, \u00e9s el m\u00e0xim golejador de la competici\u00f3 amb 23 punts, dos m\u00e9s que el seu m\u00e0xim perseguidor Dobvyk, el davanter del Girona. El Pichichi de Sorloth, la prioritat dels groguets contra l\u2019Osasuna."},{"type":"paragraph","text":"Aix\u00ed mateix, Baena, que tornar\u00e0 a la convocat\u00f2ria despr\u00e9s de complir cicle de sanci\u00f3, tamb\u00e9 pot acabar la temporada en el m\u00e9s alt del r\u00e0nking d\u2019assist\u00e8ncies despr\u00e9s d\u2019haver repartit un total de tretze al llarg del campionat. Ho aconseguir\u00e0 si no li supera un Nico Williams que, per part seua, registra onze passes de gol."},{"type":"paragraph","text":"El conjunt de Marcelino Garc\u00eda Toral va v\u00e9ncer a l\u2019Osasuna per 3-1 en el partit de la primera volta gr\u00e0cies a un hat-trick de Morales, aix\u00ed com el partit en El Sadar de la campanya passada es va saldar amb un favorable 0-3. No obstant aix\u00f2, qualsevol resultat, davant un Osasuna que tampoc t\u00e9 res en joc a nivell classificatori, no canviar\u00e0 la finalitzaci\u00f3 de la temporada del Submar\u00ed Groc en l\u2019octava posici\u00f3 a causa de l\u2019actual dist\u00e0ncia de quatre punts tant respecte al s\u00e8ptim classificat, el Reial Betis, com al nov\u00e9, el Val\u00e8ncia CF."},{"type":"paragraph","text":"Designaci\u00f3 arbitral"},{"type":"paragraph","text":"Mario Melero L\u00f3pez (comit\u00e9 andal\u00fas) ser\u00e0 l\u2019\u00e0rbitre principal del partit i estar\u00e0 assistit des de la sala VOR per C\u00e9sar Soto Grado (comit\u00e9 rioj\u00e0)."}],"buttons":[],"images":[],"widgets":[],"blocks":[{"type":"heading","level":2,"text":"El Villareal afronta l\u2019\u00faltim partit de la temporada havent certificat l\u2019octava pla\u00e7a en el campionat"},{"type":"paragraph","text":"El Villareal tancar\u00e0 la temporada 2023\/24 contra l\u2019Osasuna, en un partit corresponent a la jornada 38 de LALIGA EA SPORTS que tindr\u00e0 lloc dissabte que ve a les 14.00 hores en l\u2019Estadi El Sadar. L\u2019empat per 4 a 4 en l\u2019\u00faltim partit enfront del Reial Madrid va impossibilitar al Submar\u00ed Groc arribar amb opcions europees a l\u2019\u00faltima jornada, per la qual cosa els \u00fanics al\u00b7licients de cara al partit a Pamplona s\u00f3n el Trofeu Pichichi de Sorloth i acabar la temporada amb una vict\u00f2ria."},{"type":"paragraph","text":"El davanter noruec \u00e9s un dels noms propis del tram final de la temporada despr\u00e9s d\u2019anotar deu gols en els \u00faltims huit partits, quatre d\u2019ells en l\u2019\u00faltim partit en L\u2019Estadi de la Cer\u00e0mica contra el campi\u00f3 de lliga i finalista de la Champions League. Actualment, \u00e9s el m\u00e0xim golejador de la competici\u00f3 amb 23 punts, dos m\u00e9s que el seu m\u00e0xim perseguidor Dobvyk, el davanter del Girona. El Pichichi de Sorloth, la prioritat dels groguets contra l\u2019Osasuna."},{"type":"paragraph","text":"Aix\u00ed mateix, Baena, que tornar\u00e0 a la convocat\u00f2ria despr\u00e9s de complir cicle de sanci\u00f3, tamb\u00e9 pot acabar la temporada en el m\u00e9s alt del r\u00e0nking d\u2019assist\u00e8ncies despr\u00e9s d\u2019haver repartit un total de tretze al llarg del campionat. Ho aconseguir\u00e0 si no li supera un Nico Williams que, per part seua, registra onze passes de gol."},{"type":"paragraph","text":"El conjunt de Marcelino Garc\u00eda Toral va v\u00e9ncer a l\u2019Osasuna per 3-1 en el partit de la primera volta gr\u00e0cies a un hat-trick de Morales, aix\u00ed com el partit en El Sadar de la campanya passada es va saldar amb un favorable 0-3. No obstant aix\u00f2, qualsevol resultat, davant un Osasuna que tampoc t\u00e9 res en joc a nivell classificatori, no canviar\u00e0 la finalitzaci\u00f3 de la temporada del Submar\u00ed Groc en l\u2019octava posici\u00f3 a causa de l\u2019actual dist\u00e0ncia de quatre punts tant respecte al s\u00e8ptim classificat, el Reial Betis, com al nov\u00e9, el Val\u00e8ncia CF."},{"type":"paragraph","text":"Designaci\u00f3 arbitral"},{"type":"paragraph","text":"Mario Melero L\u00f3pez (comit\u00e9 andal\u00fas) ser\u00e0 l\u2019\u00e0rbitre principal del partit i estar\u00e0 assistit des de la sala VOR per C\u00e9sar Soto Grado (comit\u00e9 rioj\u00e0)."}]}],"hero":{"id":"section-1","title":"El Villareal afronta l\u2019\u00faltim partit de la temporada havent certificat l\u2019octava pla\u00e7a en el campionat","text":"El Villareal afronta l\u2019\u00faltim partit de la temporada havent certificat l\u2019octava pla\u00e7a en el campionat El Villareal tancar\u00e0 la temporada 2023\/24 contra l\u2019Osasuna, en un partit corresponent a la jornada 38 de LALIGA EA SPORTS que tindr\u00e0 lloc dissabte que ve a les 14.00 hores en l\u2019Estadi El Sadar. L\u2019empat per 4 a 4 en l\u2019\u00faltim partit enfront del Reial Madrid va impossibilitar al Submar\u00ed Groc arribar amb opcions europees a l\u2019\u00faltima jornada, per la qual cosa els \u00fanics al\u00b7licients de cara al partit a Pamplona s\u00f3n el Trofeu Pichichi de Sorloth i acabar la temporada amb una vict\u00f2ria. El davanter noruec \u00e9s un dels noms propis del tram final de la temporada despr\u00e9s d\u2019anotar deu gols en els \u00faltims huit partits, quatre d\u2019ells en l\u2019\u00faltim partit en L\u2019Estadi de la Cer\u00e0mica contra el campi\u00f3 de lliga i finalista de la Champions League. Actualment, \u00e9s el m\u00e0xim golejador de la competici\u00f3 amb 23 punts, dos m\u00e9s que el seu m\u00e0xim perseguidor Dobvyk, el davanter del Girona. El Pichichi de Sorloth, la prioritat dels groguets contra l\u2019Osasuna. Aix\u00ed mateix, Baena, que tornar\u00e0 a la convocat\u00f2ria despr\u00e9s de complir cicle de sanci\u00f3, tamb\u00e9 pot acabar la temporada en el m\u00e9s alt del r\u00e0nking d\u2019assist\u00e8ncies despr\u00e9s d\u2019haver repartit un total de tretze al llarg del campionat. Ho aconseguir\u00e0 si no li supera un Nico Williams que, per part seua, registra onze passes de gol. El conjunt de Marcelino Garc\u00eda Toral va v\u00e9ncer a l\u2019Osasuna per 3-1 en el partit de la primera volta gr\u00e0cies a un hat-trick de Morales, aix\u00ed com el partit en El Sadar de la campanya passada es va saldar amb un favorable 0-3. No obstant aix\u00f2, qualsevol resultat, davant un Osasuna que tampoc t\u00e9 res en joc a nivell classificatori, no canviar\u00e0 la finalitzaci\u00f3 de la temporada del Submar\u00ed Groc en l\u2019octava posici\u00f3 a causa de l\u2019actual dist\u00e0ncia de quatre punts tant respecte al s\u00e8ptim classificat, el Reial Betis, com al nov\u00e9, el Val\u00e8ncia CF. Designaci\u00f3 arbitral Mario Melero L\u00f3pez (comit\u00e9 andal\u00fas) ser\u00e0 l\u2019\u00e0rbitre principal del partit i estar\u00e0 assistit des de la sala VOR per C\u00e9sar Soto Grado (comit\u00e9 rioj\u00e0).","headings":[{"type":"heading","level":2,"text":"El Villareal afronta l\u2019\u00faltim partit de la temporada havent certificat l\u2019octava pla\u00e7a en el campionat"}],"texts":[{"type":"paragraph","text":"El Villareal tancar\u00e0 la temporada 2023\/24 contra l\u2019Osasuna, en un partit corresponent a la jornada 38 de LALIGA EA SPORTS que tindr\u00e0 lloc dissabte que ve a les 14.00 hores en l\u2019Estadi El Sadar. L\u2019empat per 4 a 4 en l\u2019\u00faltim partit enfront del Reial Madrid va impossibilitar al Submar\u00ed Groc arribar amb opcions europees a l\u2019\u00faltima jornada, per la qual cosa els \u00fanics al\u00b7licients de cara al partit a Pamplona s\u00f3n el Trofeu Pichichi de Sorloth i acabar la temporada amb una vict\u00f2ria."},{"type":"paragraph","text":"El davanter noruec \u00e9s un dels noms propis del tram final de la temporada despr\u00e9s d\u2019anotar deu gols en els \u00faltims huit partits, quatre d\u2019ells en l\u2019\u00faltim partit en L\u2019Estadi de la Cer\u00e0mica contra el campi\u00f3 de lliga i finalista de la Champions League. Actualment, \u00e9s el m\u00e0xim golejador de la competici\u00f3 amb 23 punts, dos m\u00e9s que el seu m\u00e0xim perseguidor Dobvyk, el davanter del Girona. El Pichichi de Sorloth, la prioritat dels groguets contra l\u2019Osasuna."},{"type":"paragraph","text":"Aix\u00ed mateix, Baena, que tornar\u00e0 a la convocat\u00f2ria despr\u00e9s de complir cicle de sanci\u00f3, tamb\u00e9 pot acabar la temporada en el m\u00e9s alt del r\u00e0nking d\u2019assist\u00e8ncies despr\u00e9s d\u2019haver repartit un total de tretze al llarg del campionat. Ho aconseguir\u00e0 si no li supera un Nico Williams que, per part seua, registra onze passes de gol."},{"type":"paragraph","text":"El conjunt de Marcelino Garc\u00eda Toral va v\u00e9ncer a l\u2019Osasuna per 3-1 en el partit de la primera volta gr\u00e0cies a un hat-trick de Morales, aix\u00ed com el partit en El Sadar de la campanya passada es va saldar amb un favorable 0-3. No obstant aix\u00f2, qualsevol resultat, davant un Osasuna que tampoc t\u00e9 res en joc a nivell classificatori, no canviar\u00e0 la finalitzaci\u00f3 de la temporada del Submar\u00ed Groc en l\u2019octava posici\u00f3 a causa de l\u2019actual dist\u00e0ncia de quatre punts tant respecte al s\u00e8ptim classificat, el Reial Betis, com al nov\u00e9, el Val\u00e8ncia CF."},{"type":"paragraph","text":"Designaci\u00f3 arbitral"},{"type":"paragraph","text":"Mario Melero L\u00f3pez (comit\u00e9 andal\u00fas) ser\u00e0 l\u2019\u00e0rbitre principal del partit i estar\u00e0 assistit des de la sala VOR per C\u00e9sar Soto Grado (comit\u00e9 rioj\u00e0)."}],"buttons":[],"images":[],"widgets":[],"blocks":[{"type":"heading","level":2,"text":"El Villareal afronta l\u2019\u00faltim partit de la temporada havent certificat l\u2019octava pla\u00e7a en el campionat"},{"type":"paragraph","text":"El Villareal tancar\u00e0 la temporada 2023\/24 contra l\u2019Osasuna, en un partit corresponent a la jornada 38 de LALIGA EA SPORTS que tindr\u00e0 lloc dissabte que ve a les 14.00 hores en l\u2019Estadi El Sadar. L\u2019empat per 4 a 4 en l\u2019\u00faltim partit enfront del Reial Madrid va impossibilitar al Submar\u00ed Groc arribar amb opcions europees a l\u2019\u00faltima jornada, per la qual cosa els \u00fanics al\u00b7licients de cara al partit a Pamplona s\u00f3n el Trofeu Pichichi de Sorloth i acabar la temporada amb una vict\u00f2ria."},{"type":"paragraph","text":"El davanter noruec \u00e9s un dels noms propis del tram final de la temporada despr\u00e9s d\u2019anotar deu gols en els \u00faltims huit partits, quatre d\u2019ells en l\u2019\u00faltim partit en L\u2019Estadi de la Cer\u00e0mica contra el campi\u00f3 de lliga i finalista de la Champions League. Actualment, \u00e9s el m\u00e0xim golejador de la competici\u00f3 amb 23 punts, dos m\u00e9s que el seu m\u00e0xim perseguidor Dobvyk, el davanter del Girona. El Pichichi de Sorloth, la prioritat dels groguets contra l\u2019Osasuna."},{"type":"paragraph","text":"Aix\u00ed mateix, Baena, que tornar\u00e0 a la convocat\u00f2ria despr\u00e9s de complir cicle de sanci\u00f3, tamb\u00e9 pot acabar la temporada en el m\u00e9s alt del r\u00e0nking d\u2019assist\u00e8ncies despr\u00e9s d\u2019haver repartit un total de tretze al llarg del campionat. Ho aconseguir\u00e0 si no li supera un Nico Williams que, per part seua, registra onze passes de gol."},{"type":"paragraph","text":"El conjunt de Marcelino Garc\u00eda Toral va v\u00e9ncer a l\u2019Osasuna per 3-1 en el partit de la primera volta gr\u00e0cies a un hat-trick de Morales, aix\u00ed com el partit en El Sadar de la campanya passada es va saldar amb un favorable 0-3. No obstant aix\u00f2, qualsevol resultat, davant un Osasuna que tampoc t\u00e9 res en joc a nivell classificatori, no canviar\u00e0 la finalitzaci\u00f3 de la temporada del Submar\u00ed Groc en l\u2019octava posici\u00f3 a causa de l\u2019actual dist\u00e0ncia de quatre punts tant respecte al s\u00e8ptim classificat, el Reial Betis, com al nov\u00e9, el Val\u00e8ncia CF."},{"type":"paragraph","text":"Designaci\u00f3 arbitral"},{"type":"paragraph","text":"Mario Melero L\u00f3pez (comit\u00e9 andal\u00fas) ser\u00e0 l\u2019\u00e0rbitre principal del partit i estar\u00e0 assistit des de la sala VOR per C\u00e9sar Soto Grado (comit\u00e9 rioj\u00e0)."}]}},"sections":[{"id":"section-1","title":"El Villareal afronta l\u2019\u00faltim partit de la temporada havent certificat l\u2019octava pla\u00e7a en el campionat","text":"El Villareal afronta l\u2019\u00faltim partit de la temporada havent certificat l\u2019octava pla\u00e7a en el campionat El Villareal tancar\u00e0 la temporada 2023\/24 contra l\u2019Osasuna, en un partit corresponent a la jornada 38 de LALIGA EA SPORTS que tindr\u00e0 lloc dissabte que ve a les 14.00 hores en l\u2019Estadi El Sadar. L\u2019empat per 4 a 4 en l\u2019\u00faltim partit enfront del Reial Madrid va impossibilitar al Submar\u00ed Groc arribar amb opcions europees a l\u2019\u00faltima jornada, per la qual cosa els \u00fanics al\u00b7licients de cara al partit a Pamplona s\u00f3n el Trofeu Pichichi de Sorloth i acabar la temporada amb una vict\u00f2ria. El davanter noruec \u00e9s un dels noms propis del tram final de la temporada despr\u00e9s d\u2019anotar deu gols en els \u00faltims huit partits, quatre d\u2019ells en l\u2019\u00faltim partit en L\u2019Estadi de la Cer\u00e0mica contra el campi\u00f3 de lliga i finalista de la Champions League. Actualment, \u00e9s el m\u00e0xim golejador de la competici\u00f3 amb 23 punts, dos m\u00e9s que el seu m\u00e0xim perseguidor Dobvyk, el davanter del Girona. El Pichichi de Sorloth, la prioritat dels groguets contra l\u2019Osasuna. Aix\u00ed mateix, Baena, que tornar\u00e0 a la convocat\u00f2ria despr\u00e9s de complir cicle de sanci\u00f3, tamb\u00e9 pot acabar la temporada en el m\u00e9s alt del r\u00e0nking d\u2019assist\u00e8ncies despr\u00e9s d\u2019haver repartit un total de tretze al llarg del campionat. Ho aconseguir\u00e0 si no li supera un Nico Williams que, per part seua, registra onze passes de gol. El conjunt de Marcelino Garc\u00eda Toral va v\u00e9ncer a l\u2019Osasuna per 3-1 en el partit de la primera volta gr\u00e0cies a un hat-trick de Morales, aix\u00ed com el partit en El Sadar de la campanya passada es va saldar amb un favorable 0-3. No obstant aix\u00f2, qualsevol resultat, davant un Osasuna que tampoc t\u00e9 res en joc a nivell classificatori, no canviar\u00e0 la finalitzaci\u00f3 de la temporada del Submar\u00ed Groc en l\u2019octava posici\u00f3 a causa de l\u2019actual dist\u00e0ncia de quatre punts tant respecte al s\u00e8ptim classificat, el Reial Betis, com al nov\u00e9, el Val\u00e8ncia CF. Designaci\u00f3 arbitral Mario Melero L\u00f3pez (comit\u00e9 andal\u00fas) ser\u00e0 l\u2019\u00e0rbitre principal del partit i estar\u00e0 assistit des de la sala VOR per C\u00e9sar Soto Grado (comit\u00e9 rioj\u00e0).","url":"","background_image":"","images":[],"videos":[],"links":[]}]},"excerpt":{"rendered":"El Villareal afronta l&#8217;\u00faltim partit de la temporada havent certificat l&#8217;octava pla\u00e7a en el campionat","protected":false},"author":1,"featured_media":308830,"comment_status":"closed","ping_status":"closed","sticky":false,"template":"","format":"standard","meta":{"_acf_changed":false,"footnotes":""},"categories":[13493],"tags":[9304,14277,717,9270,9924,14765,9283,13427,9278,716,9205,9627,9203],"acf":null,"lang":"val","translations":{"es":308369,"val":308429,"en":309400},"essential_grid":{"has_grid":false},"formatted_date":"May 24, 2024","modified_date":"May 24, 2024","permalink":"https:\/\/villarrealcf.es\/val\/a-el-sadar-a-pel-pichichi-de-sorloth\/","reading_time":2,"featured_media_data":{"id":308830,"title":"ALEXANDER SORLOTH","caption":"ALEXANDER SORLOTH","alt_text":"","description":"","mime_type":"image\/jpeg","source_url":"https:\/\/villarrealcf.es\/wp-content\/uploads\/2024\/05\/VillarrealCF-RealMadridCF-229.jpg","sizes":{"thumbnail":{"url":"https:\/\/villarrealcf.es\/wp-content\/uploads\/2024\/05\/VillarrealCF-RealMadridCF-229.jpg","width":1620,"height":1080},"medium":{"url":"https:\/\/villarrealcf.es\/wp-content\/uploads\/2024\/05\/VillarrealCF-RealMadridCF-229.jpg","width":1620,"height":1080},"medium_large":{"url":"https:\/\/villarrealcf.es\/wp-content\/uploads\/2024\/05\/VillarrealCF-RealMadridCF-229-768x512.jpg","width":768,"height":512},"large":{"url":"https:\/\/villarrealcf.es\/wp-content\/uploads\/2024\/05\/VillarrealCF-RealMadridCF-229.jpg","width":788,"height":525},"1536x1536":{"url":"https:\/\/villarrealcf.es\/wp-content\/uploads\/2024\/05\/VillarrealCF-RealMadridCF-229-1536x1024.jpg","width":1536,"height":1024},"2048x2048":{"url":"https:\/\/villarrealcf.es\/wp-content\/uploads\/2024\/05\/VillarrealCF-RealMadridCF-229.jpg","width":1620,"height":1080},"tp-image-grid":{"url":"https:\/\/villarrealcf.es\/wp-content\/uploads\/2024\/05\/VillarrealCF-RealMadridCF-229-700x700.jpg","width":700,"height":700},"size-bunyad-medium":{"url":"https:\/\/villarrealcf.es\/wp-content\/uploads\/2024\/05\/VillarrealCF-RealMadridCF-229.jpg","width":1620,"height":1080},"sportspress-crop-medium":{"url":"https:\/\/villarrealcf.es\/wp-content\/uploads\/2024\/05\/VillarrealCF-RealMadridCF-229-300x300.jpg","width":300,"height":300},"sportspress-fit-medium":{"url":"https:\/\/villarrealcf.es\/wp-content\/uploads\/2024\/05\/VillarrealCF-RealMadridCF-229-300x200.jpg","width":300,"height":200},"sportspress-fit-icon":{"url":"https:\/\/villarrealcf.es\/wp-content\/uploads\/2024\/05\/VillarrealCF-RealMadridCF-229-128x85.jpg","width":128,"height":85},"sportspress-fit-mini":{"url":"https:\/\/villarrealcf.es\/wp-content\/uploads\/2024\/05\/VillarrealCF-RealMadridCF-229-32x21.jpg","width":32,"height":21},"bunyad-small":{"url":"https:\/\/villarrealcf.es\/wp-content\/uploads\/2024\/05\/VillarrealCF-RealMadridCF-229-150x100.jpg","width":150,"height":100},"bunyad-medium":{"url":"https:\/\/villarrealcf.es\/wp-content\/uploads\/2024\/05\/VillarrealCF-RealMadridCF-229-450x300.jpg","width":450,"height":300},"bunyad-full":{"url":"https:\/\/villarrealcf.es\/wp-content\/uploads\/2024\/05\/VillarrealCF-RealMadridCF-229-1200x800.jpg","width":1200,"height":800},"bunyad-viewport":{"url":"https:\/\/villarrealcf.es\/wp-content\/uploads\/2024\/05\/VillarrealCF-RealMadridCF-229.jpg","width":1620,"height":1080},"bunyad-768":{"url":"https:\/\/villarrealcf.es\/wp-content\/uploads\/2024\/05\/VillarrealCF-RealMadridCF-229-768x512.jpg","width":768,"height":512},"full":{"url":"https:\/\/villarrealcf.es\/wp-content\/uploads\/2024\/05\/VillarrealCF-RealMadridCF-229.jpg","width":1620,"height":1080}}},"author_data":{"id":"1","name":"root_envidea","first_name":"Villarreal CF","last_name":"","description":"","avatar_url":"https:\/\/secure.gravatar.com\/avatar\/48f95f42a3ccc324f3a3458e4b9e6fb070b083e99d388e170c1afb061fa99b63?s=96&d=mm&r=g","acf":null},"taxonomies_data":{"category":[{"id":13493,"name":"Primer equip","slug":"primer-equip","acf":null}],"post_tag":[{"id":9304,"name":"CA Osasuna","slug":"ca-osasuna-val","acf":null},{"id":14277,"name":"El Sadar","slug":"el-sadar-2-val","acf":null},{"id":717,"name":"Football","slug":"football-d34","acf":null},{"id":9270,"name":"Futbol","slug":"futbol-val","acf":null},{"id":9924,"name":"Jornada 38","slug":"jornada-38-val","acf":null},{"id":14765,"name":"LaLiga EA Sports","slug":"laliga-ea-sports-val","acf":null},{"id":9283,"name":"previa","slug":"previa-val","acf":null},{"id":13427,"name":"Primer Equipo","slug":"primer-equipo-val","acf":null},{"id":9278,"name":"primera division","slug":"primera-division-val","acf":null},{"id":716,"name":"Soccer","slug":"soccer-d105","acf":null},{"id":9205,"name":"Submarino","slug":"submarino-val","acf":null},{"id":9627,"name":"Submarino Amarillo","slug":"submarino-amarillo-val","acf":null},{"id":9203,"name":"Villarreal CF","slug":"villarreal-cf-val","acf":null}],"translation_priority":[{"id":735,"name":"Optional","slug":"optional-val","acf":null}]},"seo_full":{"native":{"title":"A El Sadar a pel pichichi de Sorloth - Web Oficial del Villarreal CF","description":"El Villareal afronta l'\u00faltim partit de la temporada havent certificat l'octava pla\u00e7a en el campionat","canonical":"https:\/\/villarrealcf.es\/val\/a-el-sadar-a-pel-pichichi-de-sorloth\/"}},"_links":{"self":[{"href":"https:\/\/villarrealcf.es\/val\/wp-json\/wp\/v2\/posts\/308429","targetHints":{"allow":["GET"]}}],"collection":[{"href":"https:\/\/villarrealcf.es\/val\/wp-json\/wp\/v2\/posts"}],"about":[{"href":"https:\/\/villarrealcf.es\/val\/wp-json\/wp\/v2\/types\/post"}],"author":[{"embeddable":true,"href":"https:\/\/villarrealcf.es\/val\/wp-json\/wp\/v2\/users\/1"}],"replies":[{"embeddable":true,"href":"https:\/\/villarrealcf.es\/val\/wp-json\/wp\/v2\/comments?post=308429"}],"version-history":[{"count":0,"href":"https:\/\/villarrealcf.es\/val\/wp-json\/wp\/v2\/posts\/308429\/revisions"}],"wp:featuredmedia":[{"embeddable":true,"href":"https:\/\/villarrealcf.es\/val\/wp-json\/wp\/v2\/media\/308830"}],"wp:attachment":[{"href":"https:\/\/villarrealcf.es\/val\/wp-json\/wp\/v2\/media?parent=308429"}],"wp:term":[{"taxonomy":"category","embeddable":true,"href":"https:\/\/villarrealcf.es\/val\/wp-json\/wp\/v2\/categories?post=308429"},{"taxonomy":"post_tag","embeddable":true,"href":"https:\/\/villarrealcf.es\/val\/wp-json\/wp\/v2\/tags?post=308429"}],"curies":[{"name":"wp","href":"https:\/\/api.w.org\/{rel}","templated":true}]}}