{"id":307104,"date":"2024-05-09T20:44:51","date_gmt":"2024-05-09T18:44:51","guid":{"rendered":"https:\/\/villarrealcf.es\/es-un-partido-vital-y-el-mini-tiene-que-estar-lleno\/"},"modified":"2024-05-09T21:22:07","modified_gmt":"2024-05-09T19:22:07","slug":"es-un-partit-vital-i-el-mini-ha-destar-ple","status":"publish","type":"post","link":"https:\/\/villarrealcf.es\/val\/es-un-partit-vital-i-el-mini-ha-destar-ple\/","title":{"rendered":"&#8220;\u00c9s un partit vital i el Mini ha d&#8217;estar ple&#8221;"},"content":{"protected":false,"blocks":[{"type":"heading","level":2,"text":"Sara Monforte fa crida a l\u2019afici\u00f3 en un partit molt important per al Villarreal Femen\u00ed (divendres, 18.30 hores)"},{"type":"paragraph","text":"L\u2019entrenadora del Villarreal Femen\u00ed, Sara Monforte, va compar\u00e9ixer per als mitjans de comunicaci\u00f3 en la pr\u00e8via al partit contra la SD Eibar (divendres, 18.30 hores) en el Mini Estadi de la Ciutat Esportiva Jos\u00e9 Manuel Llaneza."},{"type":"paragraph","text":"Aquestes van ser les declaracions de l\u2019entrenadora castellonenca:"},{"type":"paragraph","text":"4 partits que s\u00f3n com 4 finals"},{"type":"paragraph","text":"\u201cCrec que el partit de dem\u00e0 \u00e9s una final i aix\u00f2 ho tenim clar\u00edssim i l\u2019equip est\u00e0 s\u00faper conscienciat. No estem, hui dia, en la posici\u00f3 que ens agradaria, per\u00f2 \u00e9s la que hi ha i l\u2019equip est\u00e0 molt preparat. Tinc clar que si aquest equip est\u00e0 una mica \u00e9s preparat, perqu\u00e8 ho hem viscut ja moltes vegades. Per a nosaltres \u00e9s una final i hem d\u2019anar a guanyar el partit\u201d."},{"type":"paragraph","text":"Lluitar fins al final"},{"type":"paragraph","text":"\u201cCrec que guanyant dem\u00e0 tot es veur\u00e0 d\u2019una altra manera. L\u2019equip arriba en molt bon moment. De fet, l\u2019equip ha fet la millor setmana d\u2019entrenaments de tota la temporada. Ha sigut un poc com una redempci\u00f3 de parlar i d\u2019adonar-nos que cal treballar m\u00e9s. L\u2019equip l\u2019est\u00e0 donant tot i aquesta setmana ha sigut incre\u00efble. Al final, considere que en els partits es reflecteix la setmana de entrenos i estic molt tranquil\u00b7la per al partit de dem\u00e0 malgrat l\u2019important i decisiu que \u00e9s\u201d."},{"type":"paragraph","text":"L\u2019afici\u00f3"},{"type":"paragraph","text":"\u201cDem\u00e0 ha de ser el dia que el Mini Estadi m\u00e9s ple estiga, fins i tot m\u00e9s que el dia que ve ac\u00ed el Barcelona, perqu\u00e8 aquest \u00e9s un dels partits m\u00e9s importants de la hist\u00f2ria del Villarreal Femen\u00ed. \u00c9s igual o m\u00e9s important que el de la temporada passada contra l\u2019Athletic en Lezama i aquest \u00e9s a casa. Llavors per a nosaltres dem\u00e0 seria vital que el Mini estiguera ple\u201d."},{"type":"paragraph","text":"El rival: SD Eibar"},{"type":"paragraph","text":"\u201c\u00c9s un equip t\u00e9 les idees molt clares i que porta moltes porteries a zero i aix\u00f2 diu molt del treball defensiu. I, damunt, ofensivament est\u00e0 ficant les poques ocasions que t\u00e9. \u00c9s molt efectiu en les dues \u00e0rees i hem de ser el m\u00e9s ben possibles en eixe aspecte. Dem\u00e0 ha de ser el partit que millor defensem l\u2019\u00e0rea i que millor ataquem, i crec que en aix\u00f2 estar\u00e0 la clau. L\u2019Eibar \u00e9s un equip que ve amb 29 punts, que est\u00e0 salvat virtualment, per\u00f2 que voldr\u00e0 tancar eixa salvaci\u00f3 matem\u00e0ticament. Vindran amb una moral molt alta, per\u00f2 tamb\u00e9 es trobaran a un Villarreal molt diferent\u201d."},{"type":"video","kind":"iframe","url":"https:\/\/www.youtube.com\/embed\/Jm81f0tP_ac?feature=oembed","poster":""}],"structured":{"summary":{"text":"Sara Monforte fa crida a l\u2019afici\u00f3 en un partit molt important per al Villarreal Femen\u00ed (divendres, 18.30 hores) L\u2019entrenadora del Villarreal Femen\u00ed, Sara Monforte, va compar\u00e9ixer per als mitjans de comunicaci\u00f3 en la pr\u00e8via al partit contra la SD Eibar (divendres, 18.30 hores) en el Mini Estadi de la Ciutat Esportiva Jos\u00e9 Manuel Llaneza. Aquestes van ser les declaracions de l\u2019entrenadora castellonenca: 4 partits que s\u00f3n com 4 finals \u201cCrec que el partit de dem\u00e0 \u00e9s una final i aix\u00f2 ho tenim clar\u00edssim i l\u2019equip est\u00e0 s\u00faper conscienciat. No estem, hui dia, en la posici\u00f3 que ens agradaria, per\u00f2 \u00e9s la que hi ha i l\u2019equip est\u00e0 molt preparat. Tinc clar que si aquest equip est\u00e0 una mica \u00e9s preparat, perqu\u00e8 ho hem viscut ja moltes vegades. Per a nosaltres \u00e9s una final i hem d\u2019anar a guanyar el partit\u201d. Lluitar fins al final \u201cCrec que guanyant dem\u00e0 tot es veur\u00e0 d\u2019una altra manera. L\u2019equip arriba en molt bon moment. De fet, l\u2019equip ha fet la millor setmana d\u2019entrenaments de tota la temporada. Ha sigut un poc com una redempci\u00f3 de parlar i d\u2019adonar-nos que cal treballar m\u00e9s. L\u2019equip l\u2019est\u00e0 donant tot i aquesta setmana ha sigut incre\u00efble. Al final, considere que en els partits es reflecteix la setmana de entrenos i estic molt tranquil\u00b7la per al partit de dem\u00e0 malgrat l\u2019important i decisiu que \u00e9s\u201d. L\u2019afici\u00f3 \u201cDem\u00e0 ha de ser el dia que el Mini Estadi m\u00e9s ple estiga, fins i tot m\u00e9s que el dia que ve ac\u00ed el Barcelona, perqu\u00e8 aquest \u00e9s un dels partits m\u00e9s importants de la hist\u00f2ria del Villarreal Femen\u00ed. \u00c9s igual o m\u00e9s important que el de la temporada passada contra l\u2019Athletic en Lezama i aquest \u00e9s a casa. Llavors per a nosaltres dem\u00e0 seria vital que el Mini estiguera ple\u201d. El rival: SD Eibar \u201c\u00c9s un equip t\u00e9 les idees molt clares i que porta moltes porteries a zero i aix\u00f2 diu molt del treball defensiu. I, damunt, ofensivament est\u00e0 ficant les poques ocasions que t\u00e9. \u00c9s molt efectiu en les dues \u00e0rees i hem de ser el m\u00e9s ben possibles en eixe aspecte. Dem\u00e0 ha de ser el partit que millor defensem l\u2019\u00e0rea i que millor ataquem, i crec que en aix\u00f2 estar\u00e0 la clau. L\u2019Eibar \u00e9s un equip que ve amb 29 punts, que est\u00e0 salvat virtualment, per\u00f2 que voldr\u00e0 tancar eixa salvaci\u00f3 matem\u00e0ticament. Vindran amb una moral molt alta, per\u00f2 tamb\u00e9 es trobaran a un Villarreal molt diferent\u201d.","headings":[{"type":"heading","level":2,"text":"Sara Monforte fa crida a l\u2019afici\u00f3 en un partit molt important per al Villarreal Femen\u00ed (divendres, 18.30 hores)"}],"buttons":[],"images":[],"counts":{"blocks":12,"headings":1,"texts":10,"buttons":0,"images":0}},"sections":[{"id":"section-1","title":"Sara Monforte fa crida a l\u2019afici\u00f3 en un partit molt important per al Villarreal Femen\u00ed (divendres, 18.30 hores)","text":"Sara Monforte fa crida a l\u2019afici\u00f3 en un partit molt important per al Villarreal Femen\u00ed (divendres, 18.30 hores) L\u2019entrenadora del Villarreal Femen\u00ed, Sara Monforte, va compar\u00e9ixer per als mitjans de comunicaci\u00f3 en la pr\u00e8via al partit contra la SD Eibar (divendres, 18.30 hores) en el Mini Estadi de la Ciutat Esportiva Jos\u00e9 Manuel Llaneza. Aquestes van ser les declaracions de l\u2019entrenadora castellonenca: 4 partits que s\u00f3n com 4 finals \u201cCrec que el partit de dem\u00e0 \u00e9s una final i aix\u00f2 ho tenim clar\u00edssim i l\u2019equip est\u00e0 s\u00faper conscienciat. No estem, hui dia, en la posici\u00f3 que ens agradaria, per\u00f2 \u00e9s la que hi ha i l\u2019equip est\u00e0 molt preparat. Tinc clar que si aquest equip est\u00e0 una mica \u00e9s preparat, perqu\u00e8 ho hem viscut ja moltes vegades. Per a nosaltres \u00e9s una final i hem d\u2019anar a guanyar el partit\u201d. Lluitar fins al final \u201cCrec que guanyant dem\u00e0 tot es veur\u00e0 d\u2019una altra manera. L\u2019equip arriba en molt bon moment. De fet, l\u2019equip ha fet la millor setmana d\u2019entrenaments de tota la temporada. Ha sigut un poc com una redempci\u00f3 de parlar i d\u2019adonar-nos que cal treballar m\u00e9s. L\u2019equip l\u2019est\u00e0 donant tot i aquesta setmana ha sigut incre\u00efble. Al final, considere que en els partits es reflecteix la setmana de entrenos i estic molt tranquil\u00b7la per al partit de dem\u00e0 malgrat l\u2019important i decisiu que \u00e9s\u201d. L\u2019afici\u00f3 \u201cDem\u00e0 ha de ser el dia que el Mini Estadi m\u00e9s ple estiga, fins i tot m\u00e9s que el dia que ve ac\u00ed el Barcelona, perqu\u00e8 aquest \u00e9s un dels partits m\u00e9s importants de la hist\u00f2ria del Villarreal Femen\u00ed. \u00c9s igual o m\u00e9s important que el de la temporada passada contra l\u2019Athletic en Lezama i aquest \u00e9s a casa. Llavors per a nosaltres dem\u00e0 seria vital que el Mini estiguera ple\u201d. El rival: SD Eibar \u201c\u00c9s un equip t\u00e9 les idees molt clares i que porta moltes porteries a zero i aix\u00f2 diu molt del treball defensiu. I, damunt, ofensivament est\u00e0 ficant les poques ocasions que t\u00e9. \u00c9s molt efectiu en les dues \u00e0rees i hem de ser el m\u00e9s ben possibles en eixe aspecte. Dem\u00e0 ha de ser el partit que millor defensem l\u2019\u00e0rea i que millor ataquem, i crec que en aix\u00f2 estar\u00e0 la clau. L\u2019Eibar \u00e9s un equip que ve amb 29 punts, que est\u00e0 salvat virtualment, per\u00f2 que voldr\u00e0 tancar eixa salvaci\u00f3 matem\u00e0ticament. Vindran amb una moral molt alta, per\u00f2 tamb\u00e9 es trobaran a un Villarreal molt diferent\u201d.","headings":[{"type":"heading","level":2,"text":"Sara Monforte fa crida a l\u2019afici\u00f3 en un partit molt important per al Villarreal Femen\u00ed (divendres, 18.30 hores)"}],"texts":[{"type":"paragraph","text":"L\u2019entrenadora del Villarreal Femen\u00ed, Sara Monforte, va compar\u00e9ixer per als mitjans de comunicaci\u00f3 en la pr\u00e8via al partit contra la SD Eibar (divendres, 18.30 hores) en el Mini Estadi de la Ciutat Esportiva Jos\u00e9 Manuel Llaneza."},{"type":"paragraph","text":"Aquestes van ser les declaracions de l\u2019entrenadora castellonenca:"},{"type":"paragraph","text":"4 partits que s\u00f3n com 4 finals"},{"type":"paragraph","text":"\u201cCrec que el partit de dem\u00e0 \u00e9s una final i aix\u00f2 ho tenim clar\u00edssim i l\u2019equip est\u00e0 s\u00faper conscienciat. No estem, hui dia, en la posici\u00f3 que ens agradaria, per\u00f2 \u00e9s la que hi ha i l\u2019equip est\u00e0 molt preparat. Tinc clar que si aquest equip est\u00e0 una mica \u00e9s preparat, perqu\u00e8 ho hem viscut ja moltes vegades. Per a nosaltres \u00e9s una final i hem d\u2019anar a guanyar el partit\u201d."},{"type":"paragraph","text":"Lluitar fins al final"},{"type":"paragraph","text":"\u201cCrec que guanyant dem\u00e0 tot es veur\u00e0 d\u2019una altra manera. L\u2019equip arriba en molt bon moment. De fet, l\u2019equip ha fet la millor setmana d\u2019entrenaments de tota la temporada. Ha sigut un poc com una redempci\u00f3 de parlar i d\u2019adonar-nos que cal treballar m\u00e9s. L\u2019equip l\u2019est\u00e0 donant tot i aquesta setmana ha sigut incre\u00efble. Al final, considere que en els partits es reflecteix la setmana de entrenos i estic molt tranquil\u00b7la per al partit de dem\u00e0 malgrat l\u2019important i decisiu que \u00e9s\u201d."},{"type":"paragraph","text":"L\u2019afici\u00f3"},{"type":"paragraph","text":"\u201cDem\u00e0 ha de ser el dia que el Mini Estadi m\u00e9s ple estiga, fins i tot m\u00e9s que el dia que ve ac\u00ed el Barcelona, perqu\u00e8 aquest \u00e9s un dels partits m\u00e9s importants de la hist\u00f2ria del Villarreal Femen\u00ed. \u00c9s igual o m\u00e9s important que el de la temporada passada contra l\u2019Athletic en Lezama i aquest \u00e9s a casa. Llavors per a nosaltres dem\u00e0 seria vital que el Mini estiguera ple\u201d."},{"type":"paragraph","text":"El rival: SD Eibar"},{"type":"paragraph","text":"\u201c\u00c9s un equip t\u00e9 les idees molt clares i que porta moltes porteries a zero i aix\u00f2 diu molt del treball defensiu. I, damunt, ofensivament est\u00e0 ficant les poques ocasions que t\u00e9. \u00c9s molt efectiu en les dues \u00e0rees i hem de ser el m\u00e9s ben possibles en eixe aspecte. Dem\u00e0 ha de ser el partit que millor defensem l\u2019\u00e0rea i que millor ataquem, i crec que en aix\u00f2 estar\u00e0 la clau. L\u2019Eibar \u00e9s un equip que ve amb 29 punts, que est\u00e0 salvat virtualment, per\u00f2 que voldr\u00e0 tancar eixa salvaci\u00f3 matem\u00e0ticament. Vindran amb una moral molt alta, per\u00f2 tamb\u00e9 es trobaran a un Villarreal molt diferent\u201d."}],"buttons":[],"images":[],"widgets":[],"blocks":[{"type":"heading","level":2,"text":"Sara Monforte fa crida a l\u2019afici\u00f3 en un partit molt important per al Villarreal Femen\u00ed (divendres, 18.30 hores)"},{"type":"paragraph","text":"L\u2019entrenadora del Villarreal Femen\u00ed, Sara Monforte, va compar\u00e9ixer per als mitjans de comunicaci\u00f3 en la pr\u00e8via al partit contra la SD Eibar (divendres, 18.30 hores) en el Mini Estadi de la Ciutat Esportiva Jos\u00e9 Manuel Llaneza."},{"type":"paragraph","text":"Aquestes van ser les declaracions de l\u2019entrenadora castellonenca:"},{"type":"paragraph","text":"4 partits que s\u00f3n com 4 finals"},{"type":"paragraph","text":"\u201cCrec que el partit de dem\u00e0 \u00e9s una final i aix\u00f2 ho tenim clar\u00edssim i l\u2019equip est\u00e0 s\u00faper conscienciat. No estem, hui dia, en la posici\u00f3 que ens agradaria, per\u00f2 \u00e9s la que hi ha i l\u2019equip est\u00e0 molt preparat. Tinc clar que si aquest equip est\u00e0 una mica \u00e9s preparat, perqu\u00e8 ho hem viscut ja moltes vegades. Per a nosaltres \u00e9s una final i hem d\u2019anar a guanyar el partit\u201d."},{"type":"paragraph","text":"Lluitar fins al final"},{"type":"paragraph","text":"\u201cCrec que guanyant dem\u00e0 tot es veur\u00e0 d\u2019una altra manera. L\u2019equip arriba en molt bon moment. De fet, l\u2019equip ha fet la millor setmana d\u2019entrenaments de tota la temporada. Ha sigut un poc com una redempci\u00f3 de parlar i d\u2019adonar-nos que cal treballar m\u00e9s. L\u2019equip l\u2019est\u00e0 donant tot i aquesta setmana ha sigut incre\u00efble. Al final, considere que en els partits es reflecteix la setmana de entrenos i estic molt tranquil\u00b7la per al partit de dem\u00e0 malgrat l\u2019important i decisiu que \u00e9s\u201d."},{"type":"paragraph","text":"L\u2019afici\u00f3"},{"type":"paragraph","text":"\u201cDem\u00e0 ha de ser el dia que el Mini Estadi m\u00e9s ple estiga, fins i tot m\u00e9s que el dia que ve ac\u00ed el Barcelona, perqu\u00e8 aquest \u00e9s un dels partits m\u00e9s importants de la hist\u00f2ria del Villarreal Femen\u00ed. \u00c9s igual o m\u00e9s important que el de la temporada passada contra l\u2019Athletic en Lezama i aquest \u00e9s a casa. Llavors per a nosaltres dem\u00e0 seria vital que el Mini estiguera ple\u201d."},{"type":"paragraph","text":"El rival: SD Eibar"},{"type":"paragraph","text":"\u201c\u00c9s un equip t\u00e9 les idees molt clares i que porta moltes porteries a zero i aix\u00f2 diu molt del treball defensiu. I, damunt, ofensivament est\u00e0 ficant les poques ocasions que t\u00e9. \u00c9s molt efectiu en les dues \u00e0rees i hem de ser el m\u00e9s ben possibles en eixe aspecte. Dem\u00e0 ha de ser el partit que millor defensem l\u2019\u00e0rea i que millor ataquem, i crec que en aix\u00f2 estar\u00e0 la clau. L\u2019Eibar \u00e9s un equip que ve amb 29 punts, que est\u00e0 salvat virtualment, per\u00f2 que voldr\u00e0 tancar eixa salvaci\u00f3 matem\u00e0ticament. Vindran amb una moral molt alta, per\u00f2 tamb\u00e9 es trobaran a un Villarreal molt diferent\u201d."},{"type":"video","kind":"iframe","url":"https:\/\/www.youtube.com\/embed\/Jm81f0tP_ac?feature=oembed","poster":""}]}],"hero":{"id":"section-1","title":"Sara Monforte fa crida a l\u2019afici\u00f3 en un partit molt important per al Villarreal Femen\u00ed (divendres, 18.30 hores)","text":"Sara Monforte fa crida a l\u2019afici\u00f3 en un partit molt important per al Villarreal Femen\u00ed (divendres, 18.30 hores) L\u2019entrenadora del Villarreal Femen\u00ed, Sara Monforte, va compar\u00e9ixer per als mitjans de comunicaci\u00f3 en la pr\u00e8via al partit contra la SD Eibar (divendres, 18.30 hores) en el Mini Estadi de la Ciutat Esportiva Jos\u00e9 Manuel Llaneza. Aquestes van ser les declaracions de l\u2019entrenadora castellonenca: 4 partits que s\u00f3n com 4 finals \u201cCrec que el partit de dem\u00e0 \u00e9s una final i aix\u00f2 ho tenim clar\u00edssim i l\u2019equip est\u00e0 s\u00faper conscienciat. No estem, hui dia, en la posici\u00f3 que ens agradaria, per\u00f2 \u00e9s la que hi ha i l\u2019equip est\u00e0 molt preparat. Tinc clar que si aquest equip est\u00e0 una mica \u00e9s preparat, perqu\u00e8 ho hem viscut ja moltes vegades. Per a nosaltres \u00e9s una final i hem d\u2019anar a guanyar el partit\u201d. Lluitar fins al final \u201cCrec que guanyant dem\u00e0 tot es veur\u00e0 d\u2019una altra manera. L\u2019equip arriba en molt bon moment. De fet, l\u2019equip ha fet la millor setmana d\u2019entrenaments de tota la temporada. Ha sigut un poc com una redempci\u00f3 de parlar i d\u2019adonar-nos que cal treballar m\u00e9s. L\u2019equip l\u2019est\u00e0 donant tot i aquesta setmana ha sigut incre\u00efble. Al final, considere que en els partits es reflecteix la setmana de entrenos i estic molt tranquil\u00b7la per al partit de dem\u00e0 malgrat l\u2019important i decisiu que \u00e9s\u201d. L\u2019afici\u00f3 \u201cDem\u00e0 ha de ser el dia que el Mini Estadi m\u00e9s ple estiga, fins i tot m\u00e9s que el dia que ve ac\u00ed el Barcelona, perqu\u00e8 aquest \u00e9s un dels partits m\u00e9s importants de la hist\u00f2ria del Villarreal Femen\u00ed. \u00c9s igual o m\u00e9s important que el de la temporada passada contra l\u2019Athletic en Lezama i aquest \u00e9s a casa. Llavors per a nosaltres dem\u00e0 seria vital que el Mini estiguera ple\u201d. El rival: SD Eibar \u201c\u00c9s un equip t\u00e9 les idees molt clares i que porta moltes porteries a zero i aix\u00f2 diu molt del treball defensiu. I, damunt, ofensivament est\u00e0 ficant les poques ocasions que t\u00e9. \u00c9s molt efectiu en les dues \u00e0rees i hem de ser el m\u00e9s ben possibles en eixe aspecte. Dem\u00e0 ha de ser el partit que millor defensem l\u2019\u00e0rea i que millor ataquem, i crec que en aix\u00f2 estar\u00e0 la clau. L\u2019Eibar \u00e9s un equip que ve amb 29 punts, que est\u00e0 salvat virtualment, per\u00f2 que voldr\u00e0 tancar eixa salvaci\u00f3 matem\u00e0ticament. Vindran amb una moral molt alta, per\u00f2 tamb\u00e9 es trobaran a un Villarreal molt diferent\u201d.","headings":[{"type":"heading","level":2,"text":"Sara Monforte fa crida a l\u2019afici\u00f3 en un partit molt important per al Villarreal Femen\u00ed (divendres, 18.30 hores)"}],"texts":[{"type":"paragraph","text":"L\u2019entrenadora del Villarreal Femen\u00ed, Sara Monforte, va compar\u00e9ixer per als mitjans de comunicaci\u00f3 en la pr\u00e8via al partit contra la SD Eibar (divendres, 18.30 hores) en el Mini Estadi de la Ciutat Esportiva Jos\u00e9 Manuel Llaneza."},{"type":"paragraph","text":"Aquestes van ser les declaracions de l\u2019entrenadora castellonenca:"},{"type":"paragraph","text":"4 partits que s\u00f3n com 4 finals"},{"type":"paragraph","text":"\u201cCrec que el partit de dem\u00e0 \u00e9s una final i aix\u00f2 ho tenim clar\u00edssim i l\u2019equip est\u00e0 s\u00faper conscienciat. No estem, hui dia, en la posici\u00f3 que ens agradaria, per\u00f2 \u00e9s la que hi ha i l\u2019equip est\u00e0 molt preparat. Tinc clar que si aquest equip est\u00e0 una mica \u00e9s preparat, perqu\u00e8 ho hem viscut ja moltes vegades. Per a nosaltres \u00e9s una final i hem d\u2019anar a guanyar el partit\u201d."},{"type":"paragraph","text":"Lluitar fins al final"},{"type":"paragraph","text":"\u201cCrec que guanyant dem\u00e0 tot es veur\u00e0 d\u2019una altra manera. L\u2019equip arriba en molt bon moment. De fet, l\u2019equip ha fet la millor setmana d\u2019entrenaments de tota la temporada. Ha sigut un poc com una redempci\u00f3 de parlar i d\u2019adonar-nos que cal treballar m\u00e9s. L\u2019equip l\u2019est\u00e0 donant tot i aquesta setmana ha sigut incre\u00efble. Al final, considere que en els partits es reflecteix la setmana de entrenos i estic molt tranquil\u00b7la per al partit de dem\u00e0 malgrat l\u2019important i decisiu que \u00e9s\u201d."},{"type":"paragraph","text":"L\u2019afici\u00f3"},{"type":"paragraph","text":"\u201cDem\u00e0 ha de ser el dia que el Mini Estadi m\u00e9s ple estiga, fins i tot m\u00e9s que el dia que ve ac\u00ed el Barcelona, perqu\u00e8 aquest \u00e9s un dels partits m\u00e9s importants de la hist\u00f2ria del Villarreal Femen\u00ed. \u00c9s igual o m\u00e9s important que el de la temporada passada contra l\u2019Athletic en Lezama i aquest \u00e9s a casa. Llavors per a nosaltres dem\u00e0 seria vital que el Mini estiguera ple\u201d."},{"type":"paragraph","text":"El rival: SD Eibar"},{"type":"paragraph","text":"\u201c\u00c9s un equip t\u00e9 les idees molt clares i que porta moltes porteries a zero i aix\u00f2 diu molt del treball defensiu. I, damunt, ofensivament est\u00e0 ficant les poques ocasions que t\u00e9. \u00c9s molt efectiu en les dues \u00e0rees i hem de ser el m\u00e9s ben possibles en eixe aspecte. Dem\u00e0 ha de ser el partit que millor defensem l\u2019\u00e0rea i que millor ataquem, i crec que en aix\u00f2 estar\u00e0 la clau. L\u2019Eibar \u00e9s un equip que ve amb 29 punts, que est\u00e0 salvat virtualment, per\u00f2 que voldr\u00e0 tancar eixa salvaci\u00f3 matem\u00e0ticament. Vindran amb una moral molt alta, per\u00f2 tamb\u00e9 es trobaran a un Villarreal molt diferent\u201d."}],"buttons":[],"images":[],"widgets":[],"blocks":[{"type":"heading","level":2,"text":"Sara Monforte fa crida a l\u2019afici\u00f3 en un partit molt important per al Villarreal Femen\u00ed (divendres, 18.30 hores)"},{"type":"paragraph","text":"L\u2019entrenadora del Villarreal Femen\u00ed, Sara Monforte, va compar\u00e9ixer per als mitjans de comunicaci\u00f3 en la pr\u00e8via al partit contra la SD Eibar (divendres, 18.30 hores) en el Mini Estadi de la Ciutat Esportiva Jos\u00e9 Manuel Llaneza."},{"type":"paragraph","text":"Aquestes van ser les declaracions de l\u2019entrenadora castellonenca:"},{"type":"paragraph","text":"4 partits que s\u00f3n com 4 finals"},{"type":"paragraph","text":"\u201cCrec que el partit de dem\u00e0 \u00e9s una final i aix\u00f2 ho tenim clar\u00edssim i l\u2019equip est\u00e0 s\u00faper conscienciat. No estem, hui dia, en la posici\u00f3 que ens agradaria, per\u00f2 \u00e9s la que hi ha i l\u2019equip est\u00e0 molt preparat. Tinc clar que si aquest equip est\u00e0 una mica \u00e9s preparat, perqu\u00e8 ho hem viscut ja moltes vegades. Per a nosaltres \u00e9s una final i hem d\u2019anar a guanyar el partit\u201d."},{"type":"paragraph","text":"Lluitar fins al final"},{"type":"paragraph","text":"\u201cCrec que guanyant dem\u00e0 tot es veur\u00e0 d\u2019una altra manera. L\u2019equip arriba en molt bon moment. De fet, l\u2019equip ha fet la millor setmana d\u2019entrenaments de tota la temporada. Ha sigut un poc com una redempci\u00f3 de parlar i d\u2019adonar-nos que cal treballar m\u00e9s. L\u2019equip l\u2019est\u00e0 donant tot i aquesta setmana ha sigut incre\u00efble. Al final, considere que en els partits es reflecteix la setmana de entrenos i estic molt tranquil\u00b7la per al partit de dem\u00e0 malgrat l\u2019important i decisiu que \u00e9s\u201d."},{"type":"paragraph","text":"L\u2019afici\u00f3"},{"type":"paragraph","text":"\u201cDem\u00e0 ha de ser el dia que el Mini Estadi m\u00e9s ple estiga, fins i tot m\u00e9s que el dia que ve ac\u00ed el Barcelona, perqu\u00e8 aquest \u00e9s un dels partits m\u00e9s importants de la hist\u00f2ria del Villarreal Femen\u00ed. \u00c9s igual o m\u00e9s important que el de la temporada passada contra l\u2019Athletic en Lezama i aquest \u00e9s a casa. Llavors per a nosaltres dem\u00e0 seria vital que el Mini estiguera ple\u201d."},{"type":"paragraph","text":"El rival: SD Eibar"},{"type":"paragraph","text":"\u201c\u00c9s un equip t\u00e9 les idees molt clares i que porta moltes porteries a zero i aix\u00f2 diu molt del treball defensiu. I, damunt, ofensivament est\u00e0 ficant les poques ocasions que t\u00e9. \u00c9s molt efectiu en les dues \u00e0rees i hem de ser el m\u00e9s ben possibles en eixe aspecte. Dem\u00e0 ha de ser el partit que millor defensem l\u2019\u00e0rea i que millor ataquem, i crec que en aix\u00f2 estar\u00e0 la clau. L\u2019Eibar \u00e9s un equip que ve amb 29 punts, que est\u00e0 salvat virtualment, per\u00f2 que voldr\u00e0 tancar eixa salvaci\u00f3 matem\u00e0ticament. Vindran amb una moral molt alta, per\u00f2 tamb\u00e9 es trobaran a un Villarreal molt diferent\u201d."},{"type":"video","kind":"iframe","url":"https:\/\/www.youtube.com\/embed\/Jm81f0tP_ac?feature=oembed","poster":""}]}},"sections":[{"id":"section-1","title":"Sara Monforte fa crida a l\u2019afici\u00f3 en un partit molt important per al Villarreal Femen\u00ed (divendres, 18.30 hores)","text":"Sara Monforte fa crida a l\u2019afici\u00f3 en un partit molt important per al Villarreal Femen\u00ed (divendres, 18.30 hores) L\u2019entrenadora del Villarreal Femen\u00ed, Sara Monforte, va compar\u00e9ixer per als mitjans de comunicaci\u00f3 en la pr\u00e8via al partit contra la SD Eibar (divendres, 18.30 hores) en el Mini Estadi de la Ciutat Esportiva Jos\u00e9 Manuel Llaneza. Aquestes van ser les declaracions de l\u2019entrenadora castellonenca: 4 partits que s\u00f3n com 4 finals \u201cCrec que el partit de dem\u00e0 \u00e9s una final i aix\u00f2 ho tenim clar\u00edssim i l\u2019equip est\u00e0 s\u00faper conscienciat. No estem, hui dia, en la posici\u00f3 que ens agradaria, per\u00f2 \u00e9s la que hi ha i l\u2019equip est\u00e0 molt preparat. Tinc clar que si aquest equip est\u00e0 una mica \u00e9s preparat, perqu\u00e8 ho hem viscut ja moltes vegades. Per a nosaltres \u00e9s una final i hem d\u2019anar a guanyar el partit\u201d. Lluitar fins al final \u201cCrec que guanyant dem\u00e0 tot es veur\u00e0 d\u2019una altra manera. L\u2019equip arriba en molt bon moment. De fet, l\u2019equip ha fet la millor setmana d\u2019entrenaments de tota la temporada. Ha sigut un poc com una redempci\u00f3 de parlar i d\u2019adonar-nos que cal treballar m\u00e9s. L\u2019equip l\u2019est\u00e0 donant tot i aquesta setmana ha sigut incre\u00efble. Al final, considere que en els partits es reflecteix la setmana de entrenos i estic molt tranquil\u00b7la per al partit de dem\u00e0 malgrat l\u2019important i decisiu que \u00e9s\u201d. L\u2019afici\u00f3 \u201cDem\u00e0 ha de ser el dia que el Mini Estadi m\u00e9s ple estiga, fins i tot m\u00e9s que el dia que ve ac\u00ed el Barcelona, perqu\u00e8 aquest \u00e9s un dels partits m\u00e9s importants de la hist\u00f2ria del Villarreal Femen\u00ed. \u00c9s igual o m\u00e9s important que el de la temporada passada contra l\u2019Athletic en Lezama i aquest \u00e9s a casa. Llavors per a nosaltres dem\u00e0 seria vital que el Mini estiguera ple\u201d. El rival: SD Eibar \u201c\u00c9s un equip t\u00e9 les idees molt clares i que porta moltes porteries a zero i aix\u00f2 diu molt del treball defensiu. I, damunt, ofensivament est\u00e0 ficant les poques ocasions que t\u00e9. \u00c9s molt efectiu en les dues \u00e0rees i hem de ser el m\u00e9s ben possibles en eixe aspecte. Dem\u00e0 ha de ser el partit que millor defensem l\u2019\u00e0rea i que millor ataquem, i crec que en aix\u00f2 estar\u00e0 la clau. L\u2019Eibar \u00e9s un equip que ve amb 29 punts, que est\u00e0 salvat virtualment, per\u00f2 que voldr\u00e0 tancar eixa salvaci\u00f3 matem\u00e0ticament. Vindran amb una moral molt alta, per\u00f2 tamb\u00e9 es trobaran a un Villarreal molt diferent\u201d.","url":"","background_image":"","images":[],"videos":[{"type":"video","kind":"iframe","url":"https:\/\/www.youtube.com\/embed\/Jm81f0tP_ac?feature=oembed","poster":""}],"links":[]}]},"excerpt":{"rendered":"Sara Monforte fa crida a l&#8217;afici\u00f3 en un partit molt important per al Villarreal Femen\u00ed (divendres, 18.30 hores)","protected":false},"author":29,"featured_media":307022,"comment_status":"closed","ping_status":"closed","sticky":false,"template":"","format":"standard","meta":{"_acf_changed":false,"footnotes":""},"categories":[13785],"tags":[9270,9684,14375,11768,10185,716,9205,9203,12685],"acf":null,"lang":"val","translations":{"es":307018,"val":307104,"en":307106},"essential_grid":{"has_grid":false},"formatted_date":"May 9, 2024","modified_date":"May 9, 2024","permalink":"https:\/\/villarrealcf.es\/val\/es-un-partit-vital-i-el-mini-ha-destar-ple\/","reading_time":3,"featured_media_data":{"id":307022,"title":"SARA MONFORTE","caption":"SARA MONFORTE","alt_text":"","description":"","mime_type":"image\/jpeg","source_url":"https:\/\/villarrealcf.es\/wp-content\/uploads\/2024\/05\/sara-monforte-scaled.jpg","sizes":{"thumbnail":{"url":"https:\/\/villarrealcf.es\/wp-content\/uploads\/2024\/05\/sara-monforte-1920x1080.jpg","width":1920,"height":1080},"medium":{"url":"https:\/\/villarrealcf.es\/wp-content\/uploads\/2024\/05\/sara-monforte-1920x1080.jpg","width":1920,"height":1080},"medium_large":{"url":"https:\/\/villarrealcf.es\/wp-content\/uploads\/2024\/05\/sara-monforte-768x432.jpg","width":768,"height":432},"large":{"url":"https:\/\/villarrealcf.es\/wp-content\/uploads\/2024\/05\/sara-monforte-1920x1080.jpg","width":788,"height":443},"1536x1536":{"url":"https:\/\/villarrealcf.es\/wp-content\/uploads\/2024\/05\/sara-monforte-1536x864.jpg","width":1536,"height":864},"2048x2048":{"url":"https:\/\/villarrealcf.es\/wp-content\/uploads\/2024\/05\/sara-monforte-2048x1152.jpg","width":2048,"height":1152},"tp-image-grid":{"url":"https:\/\/villarrealcf.es\/wp-content\/uploads\/2024\/05\/sara-monforte-700x700.jpg","width":700,"height":700},"size-bunyad-medium":{"url":"https:\/\/villarrealcf.es\/wp-content\/uploads\/2024\/05\/sara-monforte-1920x1080.jpg","width":1920,"height":1080},"sportspress-crop-medium":{"url":"https:\/\/villarrealcf.es\/wp-content\/uploads\/2024\/05\/sara-monforte-300x300.jpg","width":300,"height":300},"sportspress-fit-medium":{"url":"https:\/\/villarrealcf.es\/wp-content\/uploads\/2024\/05\/sara-monforte-300x169.jpg","width":300,"height":169},"sportspress-fit-icon":{"url":"https:\/\/villarrealcf.es\/wp-content\/uploads\/2024\/05\/sara-monforte-128x72.jpg","width":128,"height":72},"sportspress-fit-mini":{"url":"https:\/\/villarrealcf.es\/wp-content\/uploads\/2024\/05\/sara-monforte-32x18.jpg","width":32,"height":18},"bunyad-small":{"url":"https:\/\/villarrealcf.es\/wp-content\/uploads\/2024\/05\/sara-monforte-150x84.jpg","width":150,"height":84},"bunyad-medium":{"url":"https:\/\/villarrealcf.es\/wp-content\/uploads\/2024\/05\/sara-monforte-450x253.jpg","width":450,"height":253},"bunyad-full":{"url":"https:\/\/villarrealcf.es\/wp-content\/uploads\/2024\/05\/sara-monforte-1200x675.jpg","width":1200,"height":675},"bunyad-viewport":{"url":"https:\/\/villarrealcf.es\/wp-content\/uploads\/2024\/05\/sara-monforte-2048x1152.jpg","width":2048,"height":1152},"bunyad-768":{"url":"https:\/\/villarrealcf.es\/wp-content\/uploads\/2024\/05\/sara-monforte-768x432.jpg","width":768,"height":432},"full":{"url":"https:\/\/villarrealcf.es\/wp-content\/uploads\/2024\/05\/sara-monforte-scaled.jpg","width":2560,"height":1440}}},"author_data":{"id":"29","name":"Azahara Beroy","first_name":"Azahara","last_name":"Beroy","description":"","avatar_url":"https:\/\/secure.gravatar.com\/avatar\/91b979a91a1925e60814719244bbf7824af58ced5a6e2130c2611bde24439aa7?s=96&d=mm&r=g","acf":null},"taxonomies_data":{"category":[{"id":13785,"name":"Futbol Femen\u00ed","slug":"futbol-femenino-val","acf":null}],"post_tag":[{"id":9270,"name":"Futbol","slug":"futbol-val","acf":null},{"id":9684,"name":"F\u00fatbol Femenino","slug":"futbol-femenino-val-2","acf":null},{"id":14375,"name":"Liga F","slug":"liga-f-2-val","acf":null},{"id":11768,"name":"Sara Monforte","slug":"sara-monforte-val","acf":null},{"id":10185,"name":"SD Eibar","slug":"sd-eibar-val","acf":null},{"id":716,"name":"Soccer","slug":"soccer-d105","acf":null},{"id":9205,"name":"Submarino","slug":"submarino-val","acf":null},{"id":9203,"name":"Villarreal CF","slug":"villarreal-cf-val","acf":null},{"id":12685,"name":"Villarreal Femenino","slug":"villarreal-femenino-val","acf":null}],"translation_priority":[{"id":735,"name":"Optional","slug":"optional-val","acf":null}]},"seo_full":{"native":{"title":"&#8220;\u00c9s un partit vital i el Mini ha d&#8217;estar ple&#8221; - Web Oficial del Villarreal CF","description":"Sara Monforte fa crida a l'afici\u00f3 en un partit molt important per al Villarreal Femen\u00ed (divendres, 18.30 hores)","canonical":"https:\/\/villarrealcf.es\/val\/es-un-partit-vital-i-el-mini-ha-destar-ple\/"}},"_links":{"self":[{"href":"https:\/\/villarrealcf.es\/val\/wp-json\/wp\/v2\/posts\/307104","targetHints":{"allow":["GET"]}}],"collection":[{"href":"https:\/\/villarrealcf.es\/val\/wp-json\/wp\/v2\/posts"}],"about":[{"href":"https:\/\/villarrealcf.es\/val\/wp-json\/wp\/v2\/types\/post"}],"author":[{"embeddable":true,"href":"https:\/\/villarrealcf.es\/val\/wp-json\/wp\/v2\/users\/29"}],"replies":[{"embeddable":true,"href":"https:\/\/villarrealcf.es\/val\/wp-json\/wp\/v2\/comments?post=307104"}],"version-history":[{"count":0,"href":"https:\/\/villarrealcf.es\/val\/wp-json\/wp\/v2\/posts\/307104\/revisions"}],"wp:featuredmedia":[{"embeddable":true,"href":"https:\/\/villarrealcf.es\/val\/wp-json\/wp\/v2\/media\/307022"}],"wp:attachment":[{"href":"https:\/\/villarrealcf.es\/val\/wp-json\/wp\/v2\/media?parent=307104"}],"wp:term":[{"taxonomy":"category","embeddable":true,"href":"https:\/\/villarrealcf.es\/val\/wp-json\/wp\/v2\/categories?post=307104"},{"taxonomy":"post_tag","embeddable":true,"href":"https:\/\/villarrealcf.es\/val\/wp-json\/wp\/v2\/tags?post=307104"}],"curies":[{"name":"wp","href":"https:\/\/api.w.org\/{rel}","templated":true}]}}