{"id":306988,"date":"2024-05-13T16:30:00","date_gmt":"2024-05-13T14:30:00","guid":{"rendered":"https:\/\/villarrealcf.es\/centrocampista-e-informatico-en-el-villarreal\/"},"modified":"2024-05-09T13:17:19","modified_gmt":"2024-05-09T11:17:19","slug":"migcampista-i-informatic-en-el-villarreal","status":"publish","type":"post","link":"https:\/\/villarrealcf.es\/val\/migcampista-i-informatic-en-el-villarreal\/","title":{"rendered":"Migcampista i inform\u00e0tic en el Villarreal"},"content":{"protected":false,"blocks":[{"type":"heading","level":2,"text":"Sergi Juan combina la Cantera Grogueta amb les pr\u00e0ctiques en el departament d\u2019inform\u00e0tica"},{"type":"paragraph","text":"La Cantera Grogueta \u00e9s sin\u00f2nim de talent. Milers de joves futbolistes es desenvolupen a Miralcamp amb el somni de poder arribar algun dia al primer equip. No obstant aix\u00f2, nom\u00e9s uns pocs s\u00f3n capa\u00e7os d\u2019aconseguir-ho, i cada vegada s\u00f3n m\u00e9s els futbolistes en etapa de formaci\u00f3, en el Villarreal CF que, gr\u00e0cies al treball dels seus t\u00e8cnics, entrenadors i tutors, desenvolupen un pla B per al futur, conegut com a carrera dual. Sergi Juan Boronat (L\u2019 Alc\u00fadia, 2006), migcampista del Juvenil A Roda, \u00e9s un d\u2019ells. El futbolista valenci\u00e0, en el seu segon any en la Cantera Grogueta, combina la seua vida sobre la gespa amb les pr\u00e0ctiques en el departament d\u2019inform\u00e0tica del Villarreal CF."},{"type":"paragraph","text":"El futbol \u00e9s la vida de Sergi, per\u00f2 en la inform\u00e0tica ha trobat una nova passi\u00f3 que ha pogut lligar amb la seua carrera com a futbolista. \u201cVaig triar el m\u00f2dul d\u2019inform\u00e0tica perqu\u00e8 va ser el que m\u00e9s em va cridar l\u2019atenci\u00f3. Hi ha moltes coses dins d\u2019inform\u00e0tica, a part d\u2019estar davant d\u2019un ordinador, i en classe veia que se\u2019m donava b\u00e9 aix\u00ed que vaig entrar al m\u00f2dul amb moltes ganes d\u2019aprendre\u201d, explica el migcampista valenci\u00e0. A m\u00e9s, afig: \u201cQuan fas moltes classes et toca fer unes pr\u00e0ctiques, i vaig decidir triar al Villarreal perqu\u00e8 \u00e9s el club en el qual estic jugant i m\u2019encantava la idea d\u2019ajudar al club des d\u2019una altra perspectiva\u201d."},{"type":"paragraph","text":"En el seu segon mes de pr\u00e0ctiques, Sergi, assegura que s\u2019est\u00e0 adaptant a esta nova etapa, i est\u00e0 gaudint d\u2019estos mesos en el departament d\u2019inform\u00e0tica. \u201cEstic gaudint de l\u2019experi\u00e8ncia, estic molt a gust amb els meus companys que m\u2019estan ensenyant molt\u00edssim. Estic aprenent m\u00e9s que en l\u2019institut\u201d, explica entre riures. A m\u00e9s, el jove futbolista groc t\u00e9 una gran quantitat de tasques assignades, per la qual cosa no t\u00e9 temps per a avorrir-se en l\u2019oficina, com a compte Alberto Izquierdo Fortea, inform\u00e0tic del club: \u201cSergi \u00e9s molt jove i est\u00e0 adquirint coneixements globals del que suposa gestionar la tecnologia d\u2019un club de primera divisi\u00f3. Encara que ara est\u00e0 fent un mapa de la xarxa de l\u2019Estadi de la Cer\u00e0mica, li expliquem moltes coses del nostre dia a dia. Des de solucionar incid\u00e8ncies m\u00e9s senzilles fins a altres m\u00e9s complexes com a problemes amb les impressores, amb la instal\u00b7laci\u00f3 d\u2019equips, incid\u00e8ncies del Wi-Fi, caigudes generals del sistema, gesti\u00f3 del correu, etc.\u201d."},{"type":"paragraph","text":"Des del mes de mar\u00e7, el dia a dia del jove jugador del Villarreal es desenvolupa en les instal\u00b7lacions del Submar\u00ed. Als matins en les oficines del club, i a les vesprades sobre els terrenys de joc, entrenant amb el seu equip. \u201cM\u2019alce, vinc ac\u00ed a la Ciutat Esportiva i estic tot el mat\u00ed treballant en les oficines. Despr\u00e9s, com i m\u2019entrenar\u00e9 amb l\u2019equip. La veritat \u00e9s que estic tot el dia ac\u00ed, per\u00f2 no se\u2019m fa pesat perqu\u00e8 estic fent el que m\u2019agrada\u201d, explica l\u2019alcudi\u00e0."},{"type":"paragraph","text":"Per a molts, portar un ritme de vida aix\u00ed pot semblar complicat, per\u00f2 Sergi \u00e9s un xic responsable, i explica que la clau per a combinar una carrera dual \u00e9s una bona organitzaci\u00f3: \u201cSi saps combinar les dos coses b\u00e9, no hi ha problema. Al final la clau \u00e9s tindre els teus horaris ben marcats i saber organitzar-te\u201d."},{"type":"paragraph","text":"Esta \u00e9s la hist\u00f2ria de Sergi Juan, el talent\u00f3s migcampista valenci\u00e0 que es forma com a futbolista en la Cantera Grogueta i en les oficines del Villarreal, combinant les seues dos passions, el futbol i la inform\u00e0tica."}],"structured":{"summary":{"text":"Sergi Juan combina la Cantera Grogueta amb les pr\u00e0ctiques en el departament d\u2019inform\u00e0tica La Cantera Grogueta \u00e9s sin\u00f2nim de talent. Milers de joves futbolistes es desenvolupen a Miralcamp amb el somni de poder arribar algun dia al primer equip. No obstant aix\u00f2, nom\u00e9s uns pocs s\u00f3n capa\u00e7os d\u2019aconseguir-ho, i cada vegada s\u00f3n m\u00e9s els futbolistes en etapa de formaci\u00f3, en el Villarreal CF que, gr\u00e0cies al treball dels seus t\u00e8cnics, entrenadors i tutors, desenvolupen un pla B per al futur, conegut com a carrera dual. Sergi Juan Boronat (L\u2019 Alc\u00fadia, 2006), migcampista del Juvenil A Roda, \u00e9s un d\u2019ells. El futbolista valenci\u00e0, en el seu segon any en la Cantera Grogueta, combina la seua vida sobre la gespa amb les pr\u00e0ctiques en el departament d\u2019inform\u00e0tica del Villarreal CF. El futbol \u00e9s la vida de Sergi, per\u00f2 en la inform\u00e0tica ha trobat una nova passi\u00f3 que ha pogut lligar amb la seua carrera com a futbolista. \u201cVaig triar el m\u00f2dul d\u2019inform\u00e0tica perqu\u00e8 va ser el que m\u00e9s em va cridar l\u2019atenci\u00f3. Hi ha moltes coses dins d\u2019inform\u00e0tica, a part d\u2019estar davant d\u2019un ordinador, i en classe veia que se\u2019m donava b\u00e9 aix\u00ed que vaig entrar al m\u00f2dul amb moltes ganes d\u2019aprendre\u201d, explica el migcampista valenci\u00e0. A m\u00e9s, afig: \u201cQuan fas moltes classes et toca fer unes pr\u00e0ctiques, i vaig decidir triar al Villarreal perqu\u00e8 \u00e9s el club en el qual estic jugant i m\u2019encantava la idea d\u2019ajudar al club des d\u2019una altra perspectiva\u201d. En el seu segon mes de pr\u00e0ctiques, Sergi, assegura que s\u2019est\u00e0 adaptant a esta nova etapa, i est\u00e0 gaudint d\u2019estos mesos en el departament d\u2019inform\u00e0tica. \u201cEstic gaudint de l\u2019experi\u00e8ncia, estic molt a gust amb els meus companys que m\u2019estan ensenyant molt\u00edssim. Estic aprenent m\u00e9s que en l\u2019institut\u201d, explica entre riures. A m\u00e9s, el jove futbolista groc t\u00e9 una gran quantitat de tasques assignades, per la qual cosa no t\u00e9 temps per a avorrir-se en l\u2019oficina, com a compte Alberto Izquierdo Fortea, inform\u00e0tic del club: \u201cSergi \u00e9s molt jove i est\u00e0 adquirint coneixements globals del que suposa gestionar la tecnologia d\u2019un club de primera divisi\u00f3. Encara que ara est\u00e0 fent un mapa de la xarxa de l\u2019Estadi de la Cer\u00e0mica, li expliquem moltes coses del nostre dia a dia. Des de solucionar incid\u00e8ncies m\u00e9s senzilles fins a altres m\u00e9s complexes com a problemes amb les impressores, amb la instal\u00b7laci\u00f3 d\u2019equips, incid\u00e8ncies del Wi-Fi, caigudes generals del sistema, gesti\u00f3 del correu, etc.\u201d. Des del mes de mar\u00e7, el dia a dia del jove jugador del Villarreal es desenvolupa en les instal\u00b7lacions del Submar\u00ed. Als matins en les oficines del club, i a les vesprades sobre els terrenys de joc, entrenant amb el seu equip. \u201cM\u2019alce, vinc ac\u00ed a la Ciutat Esportiva i estic tot el mat\u00ed treballant en les oficines. Despr\u00e9s, com i m\u2019entrenar\u00e9 amb l\u2019equip. La veritat \u00e9s que estic tot el dia ac\u00ed, per\u00f2 no se\u2019m fa pesat perqu\u00e8 estic fent el que m\u2019agrada\u201d, explica l\u2019alcudi\u00e0. Per a molts, portar un ritme de vida aix\u00ed pot semblar complicat, per\u00f2 Sergi \u00e9s un xic responsable, i explica que la clau per a combinar una carrera dual \u00e9s una bona organitzaci\u00f3: \u201cSi saps combinar les dos coses b\u00e9, no hi ha problema. Al final la clau \u00e9s tindre els teus horaris ben marcats i saber organitzar-te\u201d. Esta \u00e9s la hist\u00f2ria de Sergi Juan, el talent\u00f3s migcampista valenci\u00e0 que es forma com a futbolista en la Cantera Grogueta i en les oficines del Villarreal, combinant les seues dos passions, el futbol i la inform\u00e0tica.","headings":[{"type":"heading","level":2,"text":"Sergi Juan combina la Cantera Grogueta amb les pr\u00e0ctiques en el departament d\u2019inform\u00e0tica"}],"buttons":[],"images":[],"counts":{"blocks":7,"headings":1,"texts":6,"buttons":0,"images":0}},"sections":[{"id":"section-1","title":"Sergi Juan combina la Cantera Grogueta amb les pr\u00e0ctiques en el departament d\u2019inform\u00e0tica","text":"Sergi Juan combina la Cantera Grogueta amb les pr\u00e0ctiques en el departament d\u2019inform\u00e0tica La Cantera Grogueta \u00e9s sin\u00f2nim de talent. Milers de joves futbolistes es desenvolupen a Miralcamp amb el somni de poder arribar algun dia al primer equip. No obstant aix\u00f2, nom\u00e9s uns pocs s\u00f3n capa\u00e7os d\u2019aconseguir-ho, i cada vegada s\u00f3n m\u00e9s els futbolistes en etapa de formaci\u00f3, en el Villarreal CF que, gr\u00e0cies al treball dels seus t\u00e8cnics, entrenadors i tutors, desenvolupen un pla B per al futur, conegut com a carrera dual. Sergi Juan Boronat (L\u2019 Alc\u00fadia, 2006), migcampista del Juvenil A Roda, \u00e9s un d\u2019ells. El futbolista valenci\u00e0, en el seu segon any en la Cantera Grogueta, combina la seua vida sobre la gespa amb les pr\u00e0ctiques en el departament d\u2019inform\u00e0tica del Villarreal CF. El futbol \u00e9s la vida de Sergi, per\u00f2 en la inform\u00e0tica ha trobat una nova passi\u00f3 que ha pogut lligar amb la seua carrera com a futbolista. \u201cVaig triar el m\u00f2dul d\u2019inform\u00e0tica perqu\u00e8 va ser el que m\u00e9s em va cridar l\u2019atenci\u00f3. Hi ha moltes coses dins d\u2019inform\u00e0tica, a part d\u2019estar davant d\u2019un ordinador, i en classe veia que se\u2019m donava b\u00e9 aix\u00ed que vaig entrar al m\u00f2dul amb moltes ganes d\u2019aprendre\u201d, explica el migcampista valenci\u00e0. A m\u00e9s, afig: \u201cQuan fas moltes classes et toca fer unes pr\u00e0ctiques, i vaig decidir triar al Villarreal perqu\u00e8 \u00e9s el club en el qual estic jugant i m\u2019encantava la idea d\u2019ajudar al club des d\u2019una altra perspectiva\u201d. En el seu segon mes de pr\u00e0ctiques, Sergi, assegura que s\u2019est\u00e0 adaptant a esta nova etapa, i est\u00e0 gaudint d\u2019estos mesos en el departament d\u2019inform\u00e0tica. \u201cEstic gaudint de l\u2019experi\u00e8ncia, estic molt a gust amb els meus companys que m\u2019estan ensenyant molt\u00edssim. Estic aprenent m\u00e9s que en l\u2019institut\u201d, explica entre riures. A m\u00e9s, el jove futbolista groc t\u00e9 una gran quantitat de tasques assignades, per la qual cosa no t\u00e9 temps per a avorrir-se en l\u2019oficina, com a compte Alberto Izquierdo Fortea, inform\u00e0tic del club: \u201cSergi \u00e9s molt jove i est\u00e0 adquirint coneixements globals del que suposa gestionar la tecnologia d\u2019un club de primera divisi\u00f3. Encara que ara est\u00e0 fent un mapa de la xarxa de l\u2019Estadi de la Cer\u00e0mica, li expliquem moltes coses del nostre dia a dia. Des de solucionar incid\u00e8ncies m\u00e9s senzilles fins a altres m\u00e9s complexes com a problemes amb les impressores, amb la instal\u00b7laci\u00f3 d\u2019equips, incid\u00e8ncies del Wi-Fi, caigudes generals del sistema, gesti\u00f3 del correu, etc.\u201d. Des del mes de mar\u00e7, el dia a dia del jove jugador del Villarreal es desenvolupa en les instal\u00b7lacions del Submar\u00ed. Als matins en les oficines del club, i a les vesprades sobre els terrenys de joc, entrenant amb el seu equip. \u201cM\u2019alce, vinc ac\u00ed a la Ciutat Esportiva i estic tot el mat\u00ed treballant en les oficines. Despr\u00e9s, com i m\u2019entrenar\u00e9 amb l\u2019equip. La veritat \u00e9s que estic tot el dia ac\u00ed, per\u00f2 no se\u2019m fa pesat perqu\u00e8 estic fent el que m\u2019agrada\u201d, explica l\u2019alcudi\u00e0. Per a molts, portar un ritme de vida aix\u00ed pot semblar complicat, per\u00f2 Sergi \u00e9s un xic responsable, i explica que la clau per a combinar una carrera dual \u00e9s una bona organitzaci\u00f3: \u201cSi saps combinar les dos coses b\u00e9, no hi ha problema. Al final la clau \u00e9s tindre els teus horaris ben marcats i saber organitzar-te\u201d. Esta \u00e9s la hist\u00f2ria de Sergi Juan, el talent\u00f3s migcampista valenci\u00e0 que es forma com a futbolista en la Cantera Grogueta i en les oficines del Villarreal, combinant les seues dos passions, el futbol i la inform\u00e0tica.","headings":[{"type":"heading","level":2,"text":"Sergi Juan combina la Cantera Grogueta amb les pr\u00e0ctiques en el departament d\u2019inform\u00e0tica"}],"texts":[{"type":"paragraph","text":"La Cantera Grogueta \u00e9s sin\u00f2nim de talent. Milers de joves futbolistes es desenvolupen a Miralcamp amb el somni de poder arribar algun dia al primer equip. No obstant aix\u00f2, nom\u00e9s uns pocs s\u00f3n capa\u00e7os d\u2019aconseguir-ho, i cada vegada s\u00f3n m\u00e9s els futbolistes en etapa de formaci\u00f3, en el Villarreal CF que, gr\u00e0cies al treball dels seus t\u00e8cnics, entrenadors i tutors, desenvolupen un pla B per al futur, conegut com a carrera dual. Sergi Juan Boronat (L\u2019 Alc\u00fadia, 2006), migcampista del Juvenil A Roda, \u00e9s un d\u2019ells. El futbolista valenci\u00e0, en el seu segon any en la Cantera Grogueta, combina la seua vida sobre la gespa amb les pr\u00e0ctiques en el departament d\u2019inform\u00e0tica del Villarreal CF."},{"type":"paragraph","text":"El futbol \u00e9s la vida de Sergi, per\u00f2 en la inform\u00e0tica ha trobat una nova passi\u00f3 que ha pogut lligar amb la seua carrera com a futbolista. \u201cVaig triar el m\u00f2dul d\u2019inform\u00e0tica perqu\u00e8 va ser el que m\u00e9s em va cridar l\u2019atenci\u00f3. Hi ha moltes coses dins d\u2019inform\u00e0tica, a part d\u2019estar davant d\u2019un ordinador, i en classe veia que se\u2019m donava b\u00e9 aix\u00ed que vaig entrar al m\u00f2dul amb moltes ganes d\u2019aprendre\u201d, explica el migcampista valenci\u00e0. A m\u00e9s, afig: \u201cQuan fas moltes classes et toca fer unes pr\u00e0ctiques, i vaig decidir triar al Villarreal perqu\u00e8 \u00e9s el club en el qual estic jugant i m\u2019encantava la idea d\u2019ajudar al club des d\u2019una altra perspectiva\u201d."},{"type":"paragraph","text":"En el seu segon mes de pr\u00e0ctiques, Sergi, assegura que s\u2019est\u00e0 adaptant a esta nova etapa, i est\u00e0 gaudint d\u2019estos mesos en el departament d\u2019inform\u00e0tica. \u201cEstic gaudint de l\u2019experi\u00e8ncia, estic molt a gust amb els meus companys que m\u2019estan ensenyant molt\u00edssim. Estic aprenent m\u00e9s que en l\u2019institut\u201d, explica entre riures. A m\u00e9s, el jove futbolista groc t\u00e9 una gran quantitat de tasques assignades, per la qual cosa no t\u00e9 temps per a avorrir-se en l\u2019oficina, com a compte Alberto Izquierdo Fortea, inform\u00e0tic del club: \u201cSergi \u00e9s molt jove i est\u00e0 adquirint coneixements globals del que suposa gestionar la tecnologia d\u2019un club de primera divisi\u00f3. Encara que ara est\u00e0 fent un mapa de la xarxa de l\u2019Estadi de la Cer\u00e0mica, li expliquem moltes coses del nostre dia a dia. Des de solucionar incid\u00e8ncies m\u00e9s senzilles fins a altres m\u00e9s complexes com a problemes amb les impressores, amb la instal\u00b7laci\u00f3 d\u2019equips, incid\u00e8ncies del Wi-Fi, caigudes generals del sistema, gesti\u00f3 del correu, etc.\u201d."},{"type":"paragraph","text":"Des del mes de mar\u00e7, el dia a dia del jove jugador del Villarreal es desenvolupa en les instal\u00b7lacions del Submar\u00ed. Als matins en les oficines del club, i a les vesprades sobre els terrenys de joc, entrenant amb el seu equip. \u201cM\u2019alce, vinc ac\u00ed a la Ciutat Esportiva i estic tot el mat\u00ed treballant en les oficines. Despr\u00e9s, com i m\u2019entrenar\u00e9 amb l\u2019equip. La veritat \u00e9s que estic tot el dia ac\u00ed, per\u00f2 no se\u2019m fa pesat perqu\u00e8 estic fent el que m\u2019agrada\u201d, explica l\u2019alcudi\u00e0."},{"type":"paragraph","text":"Per a molts, portar un ritme de vida aix\u00ed pot semblar complicat, per\u00f2 Sergi \u00e9s un xic responsable, i explica que la clau per a combinar una carrera dual \u00e9s una bona organitzaci\u00f3: \u201cSi saps combinar les dos coses b\u00e9, no hi ha problema. Al final la clau \u00e9s tindre els teus horaris ben marcats i saber organitzar-te\u201d."},{"type":"paragraph","text":"Esta \u00e9s la hist\u00f2ria de Sergi Juan, el talent\u00f3s migcampista valenci\u00e0 que es forma com a futbolista en la Cantera Grogueta i en les oficines del Villarreal, combinant les seues dos passions, el futbol i la inform\u00e0tica."}],"buttons":[],"images":[],"widgets":[],"blocks":[{"type":"heading","level":2,"text":"Sergi Juan combina la Cantera Grogueta amb les pr\u00e0ctiques en el departament d\u2019inform\u00e0tica"},{"type":"paragraph","text":"La Cantera Grogueta \u00e9s sin\u00f2nim de talent. Milers de joves futbolistes es desenvolupen a Miralcamp amb el somni de poder arribar algun dia al primer equip. No obstant aix\u00f2, nom\u00e9s uns pocs s\u00f3n capa\u00e7os d\u2019aconseguir-ho, i cada vegada s\u00f3n m\u00e9s els futbolistes en etapa de formaci\u00f3, en el Villarreal CF que, gr\u00e0cies al treball dels seus t\u00e8cnics, entrenadors i tutors, desenvolupen un pla B per al futur, conegut com a carrera dual. Sergi Juan Boronat (L\u2019 Alc\u00fadia, 2006), migcampista del Juvenil A Roda, \u00e9s un d\u2019ells. El futbolista valenci\u00e0, en el seu segon any en la Cantera Grogueta, combina la seua vida sobre la gespa amb les pr\u00e0ctiques en el departament d\u2019inform\u00e0tica del Villarreal CF."},{"type":"paragraph","text":"El futbol \u00e9s la vida de Sergi, per\u00f2 en la inform\u00e0tica ha trobat una nova passi\u00f3 que ha pogut lligar amb la seua carrera com a futbolista. \u201cVaig triar el m\u00f2dul d\u2019inform\u00e0tica perqu\u00e8 va ser el que m\u00e9s em va cridar l\u2019atenci\u00f3. Hi ha moltes coses dins d\u2019inform\u00e0tica, a part d\u2019estar davant d\u2019un ordinador, i en classe veia que se\u2019m donava b\u00e9 aix\u00ed que vaig entrar al m\u00f2dul amb moltes ganes d\u2019aprendre\u201d, explica el migcampista valenci\u00e0. A m\u00e9s, afig: \u201cQuan fas moltes classes et toca fer unes pr\u00e0ctiques, i vaig decidir triar al Villarreal perqu\u00e8 \u00e9s el club en el qual estic jugant i m\u2019encantava la idea d\u2019ajudar al club des d\u2019una altra perspectiva\u201d."},{"type":"paragraph","text":"En el seu segon mes de pr\u00e0ctiques, Sergi, assegura que s\u2019est\u00e0 adaptant a esta nova etapa, i est\u00e0 gaudint d\u2019estos mesos en el departament d\u2019inform\u00e0tica. \u201cEstic gaudint de l\u2019experi\u00e8ncia, estic molt a gust amb els meus companys que m\u2019estan ensenyant molt\u00edssim. Estic aprenent m\u00e9s que en l\u2019institut\u201d, explica entre riures. A m\u00e9s, el jove futbolista groc t\u00e9 una gran quantitat de tasques assignades, per la qual cosa no t\u00e9 temps per a avorrir-se en l\u2019oficina, com a compte Alberto Izquierdo Fortea, inform\u00e0tic del club: \u201cSergi \u00e9s molt jove i est\u00e0 adquirint coneixements globals del que suposa gestionar la tecnologia d\u2019un club de primera divisi\u00f3. Encara que ara est\u00e0 fent un mapa de la xarxa de l\u2019Estadi de la Cer\u00e0mica, li expliquem moltes coses del nostre dia a dia. Des de solucionar incid\u00e8ncies m\u00e9s senzilles fins a altres m\u00e9s complexes com a problemes amb les impressores, amb la instal\u00b7laci\u00f3 d\u2019equips, incid\u00e8ncies del Wi-Fi, caigudes generals del sistema, gesti\u00f3 del correu, etc.\u201d."},{"type":"paragraph","text":"Des del mes de mar\u00e7, el dia a dia del jove jugador del Villarreal es desenvolupa en les instal\u00b7lacions del Submar\u00ed. Als matins en les oficines del club, i a les vesprades sobre els terrenys de joc, entrenant amb el seu equip. \u201cM\u2019alce, vinc ac\u00ed a la Ciutat Esportiva i estic tot el mat\u00ed treballant en les oficines. Despr\u00e9s, com i m\u2019entrenar\u00e9 amb l\u2019equip. La veritat \u00e9s que estic tot el dia ac\u00ed, per\u00f2 no se\u2019m fa pesat perqu\u00e8 estic fent el que m\u2019agrada\u201d, explica l\u2019alcudi\u00e0."},{"type":"paragraph","text":"Per a molts, portar un ritme de vida aix\u00ed pot semblar complicat, per\u00f2 Sergi \u00e9s un xic responsable, i explica que la clau per a combinar una carrera dual \u00e9s una bona organitzaci\u00f3: \u201cSi saps combinar les dos coses b\u00e9, no hi ha problema. Al final la clau \u00e9s tindre els teus horaris ben marcats i saber organitzar-te\u201d."},{"type":"paragraph","text":"Esta \u00e9s la hist\u00f2ria de Sergi Juan, el talent\u00f3s migcampista valenci\u00e0 que es forma com a futbolista en la Cantera Grogueta i en les oficines del Villarreal, combinant les seues dos passions, el futbol i la inform\u00e0tica."}]}],"hero":{"id":"section-1","title":"Sergi Juan combina la Cantera Grogueta amb les pr\u00e0ctiques en el departament d\u2019inform\u00e0tica","text":"Sergi Juan combina la Cantera Grogueta amb les pr\u00e0ctiques en el departament d\u2019inform\u00e0tica La Cantera Grogueta \u00e9s sin\u00f2nim de talent. Milers de joves futbolistes es desenvolupen a Miralcamp amb el somni de poder arribar algun dia al primer equip. No obstant aix\u00f2, nom\u00e9s uns pocs s\u00f3n capa\u00e7os d\u2019aconseguir-ho, i cada vegada s\u00f3n m\u00e9s els futbolistes en etapa de formaci\u00f3, en el Villarreal CF que, gr\u00e0cies al treball dels seus t\u00e8cnics, entrenadors i tutors, desenvolupen un pla B per al futur, conegut com a carrera dual. Sergi Juan Boronat (L\u2019 Alc\u00fadia, 2006), migcampista del Juvenil A Roda, \u00e9s un d\u2019ells. El futbolista valenci\u00e0, en el seu segon any en la Cantera Grogueta, combina la seua vida sobre la gespa amb les pr\u00e0ctiques en el departament d\u2019inform\u00e0tica del Villarreal CF. El futbol \u00e9s la vida de Sergi, per\u00f2 en la inform\u00e0tica ha trobat una nova passi\u00f3 que ha pogut lligar amb la seua carrera com a futbolista. \u201cVaig triar el m\u00f2dul d\u2019inform\u00e0tica perqu\u00e8 va ser el que m\u00e9s em va cridar l\u2019atenci\u00f3. Hi ha moltes coses dins d\u2019inform\u00e0tica, a part d\u2019estar davant d\u2019un ordinador, i en classe veia que se\u2019m donava b\u00e9 aix\u00ed que vaig entrar al m\u00f2dul amb moltes ganes d\u2019aprendre\u201d, explica el migcampista valenci\u00e0. A m\u00e9s, afig: \u201cQuan fas moltes classes et toca fer unes pr\u00e0ctiques, i vaig decidir triar al Villarreal perqu\u00e8 \u00e9s el club en el qual estic jugant i m\u2019encantava la idea d\u2019ajudar al club des d\u2019una altra perspectiva\u201d. En el seu segon mes de pr\u00e0ctiques, Sergi, assegura que s\u2019est\u00e0 adaptant a esta nova etapa, i est\u00e0 gaudint d\u2019estos mesos en el departament d\u2019inform\u00e0tica. \u201cEstic gaudint de l\u2019experi\u00e8ncia, estic molt a gust amb els meus companys que m\u2019estan ensenyant molt\u00edssim. Estic aprenent m\u00e9s que en l\u2019institut\u201d, explica entre riures. A m\u00e9s, el jove futbolista groc t\u00e9 una gran quantitat de tasques assignades, per la qual cosa no t\u00e9 temps per a avorrir-se en l\u2019oficina, com a compte Alberto Izquierdo Fortea, inform\u00e0tic del club: \u201cSergi \u00e9s molt jove i est\u00e0 adquirint coneixements globals del que suposa gestionar la tecnologia d\u2019un club de primera divisi\u00f3. Encara que ara est\u00e0 fent un mapa de la xarxa de l\u2019Estadi de la Cer\u00e0mica, li expliquem moltes coses del nostre dia a dia. Des de solucionar incid\u00e8ncies m\u00e9s senzilles fins a altres m\u00e9s complexes com a problemes amb les impressores, amb la instal\u00b7laci\u00f3 d\u2019equips, incid\u00e8ncies del Wi-Fi, caigudes generals del sistema, gesti\u00f3 del correu, etc.\u201d. Des del mes de mar\u00e7, el dia a dia del jove jugador del Villarreal es desenvolupa en les instal\u00b7lacions del Submar\u00ed. Als matins en les oficines del club, i a les vesprades sobre els terrenys de joc, entrenant amb el seu equip. \u201cM\u2019alce, vinc ac\u00ed a la Ciutat Esportiva i estic tot el mat\u00ed treballant en les oficines. Despr\u00e9s, com i m\u2019entrenar\u00e9 amb l\u2019equip. La veritat \u00e9s que estic tot el dia ac\u00ed, per\u00f2 no se\u2019m fa pesat perqu\u00e8 estic fent el que m\u2019agrada\u201d, explica l\u2019alcudi\u00e0. Per a molts, portar un ritme de vida aix\u00ed pot semblar complicat, per\u00f2 Sergi \u00e9s un xic responsable, i explica que la clau per a combinar una carrera dual \u00e9s una bona organitzaci\u00f3: \u201cSi saps combinar les dos coses b\u00e9, no hi ha problema. Al final la clau \u00e9s tindre els teus horaris ben marcats i saber organitzar-te\u201d. Esta \u00e9s la hist\u00f2ria de Sergi Juan, el talent\u00f3s migcampista valenci\u00e0 que es forma com a futbolista en la Cantera Grogueta i en les oficines del Villarreal, combinant les seues dos passions, el futbol i la inform\u00e0tica.","headings":[{"type":"heading","level":2,"text":"Sergi Juan combina la Cantera Grogueta amb les pr\u00e0ctiques en el departament d\u2019inform\u00e0tica"}],"texts":[{"type":"paragraph","text":"La Cantera Grogueta \u00e9s sin\u00f2nim de talent. Milers de joves futbolistes es desenvolupen a Miralcamp amb el somni de poder arribar algun dia al primer equip. No obstant aix\u00f2, nom\u00e9s uns pocs s\u00f3n capa\u00e7os d\u2019aconseguir-ho, i cada vegada s\u00f3n m\u00e9s els futbolistes en etapa de formaci\u00f3, en el Villarreal CF que, gr\u00e0cies al treball dels seus t\u00e8cnics, entrenadors i tutors, desenvolupen un pla B per al futur, conegut com a carrera dual. Sergi Juan Boronat (L\u2019 Alc\u00fadia, 2006), migcampista del Juvenil A Roda, \u00e9s un d\u2019ells. El futbolista valenci\u00e0, en el seu segon any en la Cantera Grogueta, combina la seua vida sobre la gespa amb les pr\u00e0ctiques en el departament d\u2019inform\u00e0tica del Villarreal CF."},{"type":"paragraph","text":"El futbol \u00e9s la vida de Sergi, per\u00f2 en la inform\u00e0tica ha trobat una nova passi\u00f3 que ha pogut lligar amb la seua carrera com a futbolista. \u201cVaig triar el m\u00f2dul d\u2019inform\u00e0tica perqu\u00e8 va ser el que m\u00e9s em va cridar l\u2019atenci\u00f3. Hi ha moltes coses dins d\u2019inform\u00e0tica, a part d\u2019estar davant d\u2019un ordinador, i en classe veia que se\u2019m donava b\u00e9 aix\u00ed que vaig entrar al m\u00f2dul amb moltes ganes d\u2019aprendre\u201d, explica el migcampista valenci\u00e0. A m\u00e9s, afig: \u201cQuan fas moltes classes et toca fer unes pr\u00e0ctiques, i vaig decidir triar al Villarreal perqu\u00e8 \u00e9s el club en el qual estic jugant i m\u2019encantava la idea d\u2019ajudar al club des d\u2019una altra perspectiva\u201d."},{"type":"paragraph","text":"En el seu segon mes de pr\u00e0ctiques, Sergi, assegura que s\u2019est\u00e0 adaptant a esta nova etapa, i est\u00e0 gaudint d\u2019estos mesos en el departament d\u2019inform\u00e0tica. \u201cEstic gaudint de l\u2019experi\u00e8ncia, estic molt a gust amb els meus companys que m\u2019estan ensenyant molt\u00edssim. Estic aprenent m\u00e9s que en l\u2019institut\u201d, explica entre riures. A m\u00e9s, el jove futbolista groc t\u00e9 una gran quantitat de tasques assignades, per la qual cosa no t\u00e9 temps per a avorrir-se en l\u2019oficina, com a compte Alberto Izquierdo Fortea, inform\u00e0tic del club: \u201cSergi \u00e9s molt jove i est\u00e0 adquirint coneixements globals del que suposa gestionar la tecnologia d\u2019un club de primera divisi\u00f3. Encara que ara est\u00e0 fent un mapa de la xarxa de l\u2019Estadi de la Cer\u00e0mica, li expliquem moltes coses del nostre dia a dia. Des de solucionar incid\u00e8ncies m\u00e9s senzilles fins a altres m\u00e9s complexes com a problemes amb les impressores, amb la instal\u00b7laci\u00f3 d\u2019equips, incid\u00e8ncies del Wi-Fi, caigudes generals del sistema, gesti\u00f3 del correu, etc.\u201d."},{"type":"paragraph","text":"Des del mes de mar\u00e7, el dia a dia del jove jugador del Villarreal es desenvolupa en les instal\u00b7lacions del Submar\u00ed. Als matins en les oficines del club, i a les vesprades sobre els terrenys de joc, entrenant amb el seu equip. \u201cM\u2019alce, vinc ac\u00ed a la Ciutat Esportiva i estic tot el mat\u00ed treballant en les oficines. Despr\u00e9s, com i m\u2019entrenar\u00e9 amb l\u2019equip. La veritat \u00e9s que estic tot el dia ac\u00ed, per\u00f2 no se\u2019m fa pesat perqu\u00e8 estic fent el que m\u2019agrada\u201d, explica l\u2019alcudi\u00e0."},{"type":"paragraph","text":"Per a molts, portar un ritme de vida aix\u00ed pot semblar complicat, per\u00f2 Sergi \u00e9s un xic responsable, i explica que la clau per a combinar una carrera dual \u00e9s una bona organitzaci\u00f3: \u201cSi saps combinar les dos coses b\u00e9, no hi ha problema. Al final la clau \u00e9s tindre els teus horaris ben marcats i saber organitzar-te\u201d."},{"type":"paragraph","text":"Esta \u00e9s la hist\u00f2ria de Sergi Juan, el talent\u00f3s migcampista valenci\u00e0 que es forma com a futbolista en la Cantera Grogueta i en les oficines del Villarreal, combinant les seues dos passions, el futbol i la inform\u00e0tica."}],"buttons":[],"images":[],"widgets":[],"blocks":[{"type":"heading","level":2,"text":"Sergi Juan combina la Cantera Grogueta amb les pr\u00e0ctiques en el departament d\u2019inform\u00e0tica"},{"type":"paragraph","text":"La Cantera Grogueta \u00e9s sin\u00f2nim de talent. Milers de joves futbolistes es desenvolupen a Miralcamp amb el somni de poder arribar algun dia al primer equip. No obstant aix\u00f2, nom\u00e9s uns pocs s\u00f3n capa\u00e7os d\u2019aconseguir-ho, i cada vegada s\u00f3n m\u00e9s els futbolistes en etapa de formaci\u00f3, en el Villarreal CF que, gr\u00e0cies al treball dels seus t\u00e8cnics, entrenadors i tutors, desenvolupen un pla B per al futur, conegut com a carrera dual. Sergi Juan Boronat (L\u2019 Alc\u00fadia, 2006), migcampista del Juvenil A Roda, \u00e9s un d\u2019ells. El futbolista valenci\u00e0, en el seu segon any en la Cantera Grogueta, combina la seua vida sobre la gespa amb les pr\u00e0ctiques en el departament d\u2019inform\u00e0tica del Villarreal CF."},{"type":"paragraph","text":"El futbol \u00e9s la vida de Sergi, per\u00f2 en la inform\u00e0tica ha trobat una nova passi\u00f3 que ha pogut lligar amb la seua carrera com a futbolista. \u201cVaig triar el m\u00f2dul d\u2019inform\u00e0tica perqu\u00e8 va ser el que m\u00e9s em va cridar l\u2019atenci\u00f3. Hi ha moltes coses dins d\u2019inform\u00e0tica, a part d\u2019estar davant d\u2019un ordinador, i en classe veia que se\u2019m donava b\u00e9 aix\u00ed que vaig entrar al m\u00f2dul amb moltes ganes d\u2019aprendre\u201d, explica el migcampista valenci\u00e0. A m\u00e9s, afig: \u201cQuan fas moltes classes et toca fer unes pr\u00e0ctiques, i vaig decidir triar al Villarreal perqu\u00e8 \u00e9s el club en el qual estic jugant i m\u2019encantava la idea d\u2019ajudar al club des d\u2019una altra perspectiva\u201d."},{"type":"paragraph","text":"En el seu segon mes de pr\u00e0ctiques, Sergi, assegura que s\u2019est\u00e0 adaptant a esta nova etapa, i est\u00e0 gaudint d\u2019estos mesos en el departament d\u2019inform\u00e0tica. \u201cEstic gaudint de l\u2019experi\u00e8ncia, estic molt a gust amb els meus companys que m\u2019estan ensenyant molt\u00edssim. Estic aprenent m\u00e9s que en l\u2019institut\u201d, explica entre riures. A m\u00e9s, el jove futbolista groc t\u00e9 una gran quantitat de tasques assignades, per la qual cosa no t\u00e9 temps per a avorrir-se en l\u2019oficina, com a compte Alberto Izquierdo Fortea, inform\u00e0tic del club: \u201cSergi \u00e9s molt jove i est\u00e0 adquirint coneixements globals del que suposa gestionar la tecnologia d\u2019un club de primera divisi\u00f3. Encara que ara est\u00e0 fent un mapa de la xarxa de l\u2019Estadi de la Cer\u00e0mica, li expliquem moltes coses del nostre dia a dia. Des de solucionar incid\u00e8ncies m\u00e9s senzilles fins a altres m\u00e9s complexes com a problemes amb les impressores, amb la instal\u00b7laci\u00f3 d\u2019equips, incid\u00e8ncies del Wi-Fi, caigudes generals del sistema, gesti\u00f3 del correu, etc.\u201d."},{"type":"paragraph","text":"Des del mes de mar\u00e7, el dia a dia del jove jugador del Villarreal es desenvolupa en les instal\u00b7lacions del Submar\u00ed. Als matins en les oficines del club, i a les vesprades sobre els terrenys de joc, entrenant amb el seu equip. \u201cM\u2019alce, vinc ac\u00ed a la Ciutat Esportiva i estic tot el mat\u00ed treballant en les oficines. Despr\u00e9s, com i m\u2019entrenar\u00e9 amb l\u2019equip. La veritat \u00e9s que estic tot el dia ac\u00ed, per\u00f2 no se\u2019m fa pesat perqu\u00e8 estic fent el que m\u2019agrada\u201d, explica l\u2019alcudi\u00e0."},{"type":"paragraph","text":"Per a molts, portar un ritme de vida aix\u00ed pot semblar complicat, per\u00f2 Sergi \u00e9s un xic responsable, i explica que la clau per a combinar una carrera dual \u00e9s una bona organitzaci\u00f3: \u201cSi saps combinar les dos coses b\u00e9, no hi ha problema. Al final la clau \u00e9s tindre els teus horaris ben marcats i saber organitzar-te\u201d."},{"type":"paragraph","text":"Esta \u00e9s la hist\u00f2ria de Sergi Juan, el talent\u00f3s migcampista valenci\u00e0 que es forma com a futbolista en la Cantera Grogueta i en les oficines del Villarreal, combinant les seues dos passions, el futbol i la inform\u00e0tica."}]}},"sections":[{"id":"section-1","title":"Sergi Juan combina la Cantera Grogueta amb les pr\u00e0ctiques en el departament d\u2019inform\u00e0tica","text":"Sergi Juan combina la Cantera Grogueta amb les pr\u00e0ctiques en el departament d\u2019inform\u00e0tica La Cantera Grogueta \u00e9s sin\u00f2nim de talent. Milers de joves futbolistes es desenvolupen a Miralcamp amb el somni de poder arribar algun dia al primer equip. No obstant aix\u00f2, nom\u00e9s uns pocs s\u00f3n capa\u00e7os d\u2019aconseguir-ho, i cada vegada s\u00f3n m\u00e9s els futbolistes en etapa de formaci\u00f3, en el Villarreal CF que, gr\u00e0cies al treball dels seus t\u00e8cnics, entrenadors i tutors, desenvolupen un pla B per al futur, conegut com a carrera dual. Sergi Juan Boronat (L\u2019 Alc\u00fadia, 2006), migcampista del Juvenil A Roda, \u00e9s un d\u2019ells. El futbolista valenci\u00e0, en el seu segon any en la Cantera Grogueta, combina la seua vida sobre la gespa amb les pr\u00e0ctiques en el departament d\u2019inform\u00e0tica del Villarreal CF. El futbol \u00e9s la vida de Sergi, per\u00f2 en la inform\u00e0tica ha trobat una nova passi\u00f3 que ha pogut lligar amb la seua carrera com a futbolista. \u201cVaig triar el m\u00f2dul d\u2019inform\u00e0tica perqu\u00e8 va ser el que m\u00e9s em va cridar l\u2019atenci\u00f3. Hi ha moltes coses dins d\u2019inform\u00e0tica, a part d\u2019estar davant d\u2019un ordinador, i en classe veia que se\u2019m donava b\u00e9 aix\u00ed que vaig entrar al m\u00f2dul amb moltes ganes d\u2019aprendre\u201d, explica el migcampista valenci\u00e0. A m\u00e9s, afig: \u201cQuan fas moltes classes et toca fer unes pr\u00e0ctiques, i vaig decidir triar al Villarreal perqu\u00e8 \u00e9s el club en el qual estic jugant i m\u2019encantava la idea d\u2019ajudar al club des d\u2019una altra perspectiva\u201d. En el seu segon mes de pr\u00e0ctiques, Sergi, assegura que s\u2019est\u00e0 adaptant a esta nova etapa, i est\u00e0 gaudint d\u2019estos mesos en el departament d\u2019inform\u00e0tica. \u201cEstic gaudint de l\u2019experi\u00e8ncia, estic molt a gust amb els meus companys que m\u2019estan ensenyant molt\u00edssim. Estic aprenent m\u00e9s que en l\u2019institut\u201d, explica entre riures. A m\u00e9s, el jove futbolista groc t\u00e9 una gran quantitat de tasques assignades, per la qual cosa no t\u00e9 temps per a avorrir-se en l\u2019oficina, com a compte Alberto Izquierdo Fortea, inform\u00e0tic del club: \u201cSergi \u00e9s molt jove i est\u00e0 adquirint coneixements globals del que suposa gestionar la tecnologia d\u2019un club de primera divisi\u00f3. Encara que ara est\u00e0 fent un mapa de la xarxa de l\u2019Estadi de la Cer\u00e0mica, li expliquem moltes coses del nostre dia a dia. Des de solucionar incid\u00e8ncies m\u00e9s senzilles fins a altres m\u00e9s complexes com a problemes amb les impressores, amb la instal\u00b7laci\u00f3 d\u2019equips, incid\u00e8ncies del Wi-Fi, caigudes generals del sistema, gesti\u00f3 del correu, etc.\u201d. Des del mes de mar\u00e7, el dia a dia del jove jugador del Villarreal es desenvolupa en les instal\u00b7lacions del Submar\u00ed. Als matins en les oficines del club, i a les vesprades sobre els terrenys de joc, entrenant amb el seu equip. \u201cM\u2019alce, vinc ac\u00ed a la Ciutat Esportiva i estic tot el mat\u00ed treballant en les oficines. Despr\u00e9s, com i m\u2019entrenar\u00e9 amb l\u2019equip. La veritat \u00e9s que estic tot el dia ac\u00ed, per\u00f2 no se\u2019m fa pesat perqu\u00e8 estic fent el que m\u2019agrada\u201d, explica l\u2019alcudi\u00e0. Per a molts, portar un ritme de vida aix\u00ed pot semblar complicat, per\u00f2 Sergi \u00e9s un xic responsable, i explica que la clau per a combinar una carrera dual \u00e9s una bona organitzaci\u00f3: \u201cSi saps combinar les dos coses b\u00e9, no hi ha problema. Al final la clau \u00e9s tindre els teus horaris ben marcats i saber organitzar-te\u201d. Esta \u00e9s la hist\u00f2ria de Sergi Juan, el talent\u00f3s migcampista valenci\u00e0 que es forma com a futbolista en la Cantera Grogueta i en les oficines del Villarreal, combinant les seues dos passions, el futbol i la inform\u00e0tica.","url":"","background_image":"","images":[],"videos":[],"links":[]}]},"excerpt":{"rendered":"Sergi Juan combina la Cantera Grogueta amb les pr\u00e0ctiques en el departament d&#8217;inform\u00e0tica","protected":false},"author":1,"featured_media":306986,"comment_status":"closed","ping_status":"closed","sticky":false,"template":"","format":"standard","meta":{"_acf_changed":false,"footnotes":""},"categories":[13803],"tags":[10325,13555,15655,716,9205,9627,13557],"acf":null,"lang":"val","translations":{"es":306983,"val":306988,"en":307476},"essential_grid":{"has_grid":false},"formatted_date":"May 13, 2024","modified_date":"May 9, 2024","permalink":"https:\/\/villarrealcf.es\/val\/migcampista-i-informatic-en-el-villarreal\/","reading_time":4,"featured_media_data":{"id":306986,"title":"Sergi Juan Juego","caption":"","alt_text":"","description":"","mime_type":"image\/jpeg","source_url":"https:\/\/villarrealcf.es\/wp-content\/uploads\/2024\/05\/Sergi-Juan-Juego.jpg","sizes":{"thumbnail":{"url":"https:\/\/villarrealcf.es\/wp-content\/uploads\/2024\/05\/Sergi-Juan-Juego-1920x1080.jpg","width":1920,"height":1080},"medium":{"url":"https:\/\/villarrealcf.es\/wp-content\/uploads\/2024\/05\/Sergi-Juan-Juego-1920x1080.jpg","width":1920,"height":1080},"medium_large":{"url":"https:\/\/villarrealcf.es\/wp-content\/uploads\/2024\/05\/Sergi-Juan-Juego-768x432.jpg","width":768,"height":432},"large":{"url":"https:\/\/villarrealcf.es\/wp-content\/uploads\/2024\/05\/Sergi-Juan-Juego-1920x1080.jpg","width":788,"height":443},"1536x1536":{"url":"https:\/\/villarrealcf.es\/wp-content\/uploads\/2024\/05\/Sergi-Juan-Juego-1536x864.jpg","width":1536,"height":864},"2048x2048":{"url":"https:\/\/villarrealcf.es\/wp-content\/uploads\/2024\/05\/Sergi-Juan-Juego-2048x1151.jpg","width":2048,"height":1151},"tp-image-grid":{"url":"https:\/\/villarrealcf.es\/wp-content\/uploads\/2024\/05\/Sergi-Juan-Juego-700x700.jpg","width":700,"height":700},"size-bunyad-medium":{"url":"https:\/\/villarrealcf.es\/wp-content\/uploads\/2024\/05\/Sergi-Juan-Juego-1920x1080.jpg","width":1920,"height":1080},"sportspress-crop-medium":{"url":"https:\/\/villarrealcf.es\/wp-content\/uploads\/2024\/05\/Sergi-Juan-Juego-300x300.jpg","width":300,"height":300},"sportspress-fit-medium":{"url":"https:\/\/villarrealcf.es\/wp-content\/uploads\/2024\/05\/Sergi-Juan-Juego-300x169.jpg","width":300,"height":169},"sportspress-fit-icon":{"url":"https:\/\/villarrealcf.es\/wp-content\/uploads\/2024\/05\/Sergi-Juan-Juego-128x72.jpg","width":128,"height":72},"sportspress-fit-mini":{"url":"https:\/\/villarrealcf.es\/wp-content\/uploads\/2024\/05\/Sergi-Juan-Juego-32x18.jpg","width":32,"height":18},"bunyad-small":{"url":"https:\/\/villarrealcf.es\/wp-content\/uploads\/2024\/05\/Sergi-Juan-Juego-150x84.jpg","width":150,"height":84},"bunyad-medium":{"url":"https:\/\/villarrealcf.es\/wp-content\/uploads\/2024\/05\/Sergi-Juan-Juego-450x253.jpg","width":450,"height":253},"bunyad-full":{"url":"https:\/\/villarrealcf.es\/wp-content\/uploads\/2024\/05\/Sergi-Juan-Juego-1200x675.jpg","width":1200,"height":675},"bunyad-viewport":{"url":"https:\/\/villarrealcf.es\/wp-content\/uploads\/2024\/05\/Sergi-Juan-Juego-2048x1151.jpg","width":2048,"height":1151},"bunyad-768":{"url":"https:\/\/villarrealcf.es\/wp-content\/uploads\/2024\/05\/Sergi-Juan-Juego-768x432.jpg","width":768,"height":432},"full":{"url":"https:\/\/villarrealcf.es\/wp-content\/uploads\/2024\/05\/Sergi-Juan-Juego.jpg","width":2362,"height":1328}}},"author_data":{"id":"1","name":"root_envidea","first_name":"Villarreal CF","last_name":"","description":"","avatar_url":"https:\/\/secure.gravatar.com\/avatar\/48f95f42a3ccc324f3a3458e4b9e6fb070b083e99d388e170c1afb061fa99b63?s=96&d=mm&r=g","acf":null},"taxonomies_data":{"category":[{"id":13803,"name":"Futbol base","slug":"futbol-base-val-2","acf":null}],"post_tag":[{"id":10325,"name":"Cantera Grogueta","slug":"cantera-grogueta-val","acf":null},{"id":13555,"name":"Futbol","slug":"futbol-val-2","acf":null},{"id":15655,"name":"Sergi Juan","slug":"sergi-juan-val","acf":null},{"id":716,"name":"Soccer","slug":"soccer-d105","acf":null},{"id":9205,"name":"Submarino","slug":"submarino-val","acf":null},{"id":9627,"name":"Submarino Amarillo","slug":"submarino-amarillo-val","acf":null},{"id":13557,"name":"Villarreal CF","slug":"villarreal-cf-val-2","acf":null}],"translation_priority":[{"id":735,"name":"Optional","slug":"optional-val","acf":null}]},"seo_full":{"native":{"title":"Migcampista i inform\u00e0tic en el Villarreal - Web Oficial del Villarreal CF","description":"Sergi Juan combina la Cantera Grogueta amb les pr\u00e0ctiques en el departament d'inform\u00e0tica","canonical":"https:\/\/villarrealcf.es\/val\/migcampista-i-informatic-en-el-villarreal\/"}},"_links":{"self":[{"href":"https:\/\/villarrealcf.es\/val\/wp-json\/wp\/v2\/posts\/306988","targetHints":{"allow":["GET"]}}],"collection":[{"href":"https:\/\/villarrealcf.es\/val\/wp-json\/wp\/v2\/posts"}],"about":[{"href":"https:\/\/villarrealcf.es\/val\/wp-json\/wp\/v2\/types\/post"}],"author":[{"embeddable":true,"href":"https:\/\/villarrealcf.es\/val\/wp-json\/wp\/v2\/users\/1"}],"replies":[{"embeddable":true,"href":"https:\/\/villarrealcf.es\/val\/wp-json\/wp\/v2\/comments?post=306988"}],"version-history":[{"count":0,"href":"https:\/\/villarrealcf.es\/val\/wp-json\/wp\/v2\/posts\/306988\/revisions"}],"wp:featuredmedia":[{"embeddable":true,"href":"https:\/\/villarrealcf.es\/val\/wp-json\/wp\/v2\/media\/306986"}],"wp:attachment":[{"href":"https:\/\/villarrealcf.es\/val\/wp-json\/wp\/v2\/media?parent=306988"}],"wp:term":[{"taxonomy":"category","embeddable":true,"href":"https:\/\/villarrealcf.es\/val\/wp-json\/wp\/v2\/categories?post=306988"},{"taxonomy":"post_tag","embeddable":true,"href":"https:\/\/villarrealcf.es\/val\/wp-json\/wp\/v2\/tags?post=306988"}],"curies":[{"name":"wp","href":"https:\/\/api.w.org\/{rel}","templated":true}]}}