{"id":306709,"date":"2024-05-07T17:48:25","date_gmt":"2024-05-07T15:48:25","guid":{"rendered":"https:\/\/villarrealcf.es\/villarreal-real-madrid-domingo-19-a-las-19-00h\/"},"modified":"2024-05-07T17:59:59","modified_gmt":"2024-05-07T15:59:59","slug":"villarreal-real-madrid-domingo-19-a-las-19-00h","status":"publish","type":"post","link":"https:\/\/villarrealcf.es\/val\/villarreal-real-madrid-domingo-19-a-las-19-00h\/","title":{"rendered":"Villarreal-Real Madrid, domingo 19 a las 19.00h"},"content":{"protected":false,"blocks":[{"type":"heading","level":2,"text":"El Submar\u00ed s\u2019acomiadar\u00e0 de la seua afici\u00f3 en l\u2019Estadi de la Cer\u00e0mica en l\u2019horari unificat de la pen\u00faltima jornada"},{"type":"paragraph","text":"LaLiga ja ha fet p\u00fablics els horaris corresponents a la jornada 37 de LaLiga EA Sports, en la qual el Villarreal CF rebr\u00e0 al ja campi\u00f3 de la competici\u00f3, el Real Madrid CF. Els grocs s\u2019enfrontaran al conjunt merengue el proper diumenge 19 de maig, a les 19.00 hores, en l\u2019Estadi de la Cer\u00e0mica."},{"type":"paragraph","text":"Aix\u00ed mateix, el xoc, pen\u00faltim de la temporada 23-24, servir\u00e0 perqu\u00e8 el Submar\u00ed s\u2019acomiade de la seua afici\u00f3 fins la pr\u00f2xima campanya."}],"structured":{"summary":{"text":"El Submar\u00ed s\u2019acomiadar\u00e0 de la seua afici\u00f3 en l\u2019Estadi de la Cer\u00e0mica en l\u2019horari unificat de la pen\u00faltima jornada LaLiga ja ha fet p\u00fablics els horaris corresponents a la jornada 37 de LaLiga EA Sports, en la qual el Villarreal CF rebr\u00e0 al ja campi\u00f3 de la competici\u00f3, el Real Madrid CF. Els grocs s\u2019enfrontaran al conjunt merengue el proper diumenge 19 de maig, a les 19.00 hores, en l\u2019Estadi de la Cer\u00e0mica. Aix\u00ed mateix, el xoc, pen\u00faltim de la temporada 23-24, servir\u00e0 perqu\u00e8 el Submar\u00ed s\u2019acomiade de la seua afici\u00f3 fins la pr\u00f2xima campanya.","headings":[{"type":"heading","level":2,"text":"El Submar\u00ed s\u2019acomiadar\u00e0 de la seua afici\u00f3 en l\u2019Estadi de la Cer\u00e0mica en l\u2019horari unificat de la pen\u00faltima jornada"}],"buttons":[],"images":[],"counts":{"blocks":3,"headings":1,"texts":2,"buttons":0,"images":0}},"sections":[{"id":"section-1","title":"El Submar\u00ed s\u2019acomiadar\u00e0 de la seua afici\u00f3 en l\u2019Estadi de la Cer\u00e0mica en l\u2019horari unificat de la pen\u00faltima jornada","text":"El Submar\u00ed s\u2019acomiadar\u00e0 de la seua afici\u00f3 en l\u2019Estadi de la Cer\u00e0mica en l\u2019horari unificat de la pen\u00faltima jornada LaLiga ja ha fet p\u00fablics els horaris corresponents a la jornada 37 de LaLiga EA Sports, en la qual el Villarreal CF rebr\u00e0 al ja campi\u00f3 de la competici\u00f3, el Real Madrid CF. Els grocs s\u2019enfrontaran al conjunt merengue el proper diumenge 19 de maig, a les 19.00 hores, en l\u2019Estadi de la Cer\u00e0mica. Aix\u00ed mateix, el xoc, pen\u00faltim de la temporada 23-24, servir\u00e0 perqu\u00e8 el Submar\u00ed s\u2019acomiade de la seua afici\u00f3 fins la pr\u00f2xima campanya.","headings":[{"type":"heading","level":2,"text":"El Submar\u00ed s\u2019acomiadar\u00e0 de la seua afici\u00f3 en l\u2019Estadi de la Cer\u00e0mica en l\u2019horari unificat de la pen\u00faltima jornada"}],"texts":[{"type":"paragraph","text":"LaLiga ja ha fet p\u00fablics els horaris corresponents a la jornada 37 de LaLiga EA Sports, en la qual el Villarreal CF rebr\u00e0 al ja campi\u00f3 de la competici\u00f3, el Real Madrid CF. Els grocs s\u2019enfrontaran al conjunt merengue el proper diumenge 19 de maig, a les 19.00 hores, en l\u2019Estadi de la Cer\u00e0mica."},{"type":"paragraph","text":"Aix\u00ed mateix, el xoc, pen\u00faltim de la temporada 23-24, servir\u00e0 perqu\u00e8 el Submar\u00ed s\u2019acomiade de la seua afici\u00f3 fins la pr\u00f2xima campanya."}],"buttons":[],"images":[],"widgets":[],"blocks":[{"type":"heading","level":2,"text":"El Submar\u00ed s\u2019acomiadar\u00e0 de la seua afici\u00f3 en l\u2019Estadi de la Cer\u00e0mica en l\u2019horari unificat de la pen\u00faltima jornada"},{"type":"paragraph","text":"LaLiga ja ha fet p\u00fablics els horaris corresponents a la jornada 37 de LaLiga EA Sports, en la qual el Villarreal CF rebr\u00e0 al ja campi\u00f3 de la competici\u00f3, el Real Madrid CF. Els grocs s\u2019enfrontaran al conjunt merengue el proper diumenge 19 de maig, a les 19.00 hores, en l\u2019Estadi de la Cer\u00e0mica."},{"type":"paragraph","text":"Aix\u00ed mateix, el xoc, pen\u00faltim de la temporada 23-24, servir\u00e0 perqu\u00e8 el Submar\u00ed s\u2019acomiade de la seua afici\u00f3 fins la pr\u00f2xima campanya."}]}],"hero":{"id":"section-1","title":"El Submar\u00ed s\u2019acomiadar\u00e0 de la seua afici\u00f3 en l\u2019Estadi de la Cer\u00e0mica en l\u2019horari unificat de la pen\u00faltima jornada","text":"El Submar\u00ed s\u2019acomiadar\u00e0 de la seua afici\u00f3 en l\u2019Estadi de la Cer\u00e0mica en l\u2019horari unificat de la pen\u00faltima jornada LaLiga ja ha fet p\u00fablics els horaris corresponents a la jornada 37 de LaLiga EA Sports, en la qual el Villarreal CF rebr\u00e0 al ja campi\u00f3 de la competici\u00f3, el Real Madrid CF. Els grocs s\u2019enfrontaran al conjunt merengue el proper diumenge 19 de maig, a les 19.00 hores, en l\u2019Estadi de la Cer\u00e0mica. Aix\u00ed mateix, el xoc, pen\u00faltim de la temporada 23-24, servir\u00e0 perqu\u00e8 el Submar\u00ed s\u2019acomiade de la seua afici\u00f3 fins la pr\u00f2xima campanya.","headings":[{"type":"heading","level":2,"text":"El Submar\u00ed s\u2019acomiadar\u00e0 de la seua afici\u00f3 en l\u2019Estadi de la Cer\u00e0mica en l\u2019horari unificat de la pen\u00faltima jornada"}],"texts":[{"type":"paragraph","text":"LaLiga ja ha fet p\u00fablics els horaris corresponents a la jornada 37 de LaLiga EA Sports, en la qual el Villarreal CF rebr\u00e0 al ja campi\u00f3 de la competici\u00f3, el Real Madrid CF. Els grocs s\u2019enfrontaran al conjunt merengue el proper diumenge 19 de maig, a les 19.00 hores, en l\u2019Estadi de la Cer\u00e0mica."},{"type":"paragraph","text":"Aix\u00ed mateix, el xoc, pen\u00faltim de la temporada 23-24, servir\u00e0 perqu\u00e8 el Submar\u00ed s\u2019acomiade de la seua afici\u00f3 fins la pr\u00f2xima campanya."}],"buttons":[],"images":[],"widgets":[],"blocks":[{"type":"heading","level":2,"text":"El Submar\u00ed s\u2019acomiadar\u00e0 de la seua afici\u00f3 en l\u2019Estadi de la Cer\u00e0mica en l\u2019horari unificat de la pen\u00faltima jornada"},{"type":"paragraph","text":"LaLiga ja ha fet p\u00fablics els horaris corresponents a la jornada 37 de LaLiga EA Sports, en la qual el Villarreal CF rebr\u00e0 al ja campi\u00f3 de la competici\u00f3, el Real Madrid CF. Els grocs s\u2019enfrontaran al conjunt merengue el proper diumenge 19 de maig, a les 19.00 hores, en l\u2019Estadi de la Cer\u00e0mica."},{"type":"paragraph","text":"Aix\u00ed mateix, el xoc, pen\u00faltim de la temporada 23-24, servir\u00e0 perqu\u00e8 el Submar\u00ed s\u2019acomiade de la seua afici\u00f3 fins la pr\u00f2xima campanya."}]}},"sections":[{"id":"section-1","title":"El Submar\u00ed s\u2019acomiadar\u00e0 de la seua afici\u00f3 en l\u2019Estadi de la Cer\u00e0mica en l\u2019horari unificat de la pen\u00faltima jornada","text":"El Submar\u00ed s\u2019acomiadar\u00e0 de la seua afici\u00f3 en l\u2019Estadi de la Cer\u00e0mica en l\u2019horari unificat de la pen\u00faltima jornada LaLiga ja ha fet p\u00fablics els horaris corresponents a la jornada 37 de LaLiga EA Sports, en la qual el Villarreal CF rebr\u00e0 al ja campi\u00f3 de la competici\u00f3, el Real Madrid CF. Els grocs s\u2019enfrontaran al conjunt merengue el proper diumenge 19 de maig, a les 19.00 hores, en l\u2019Estadi de la Cer\u00e0mica. Aix\u00ed mateix, el xoc, pen\u00faltim de la temporada 23-24, servir\u00e0 perqu\u00e8 el Submar\u00ed s\u2019acomiade de la seua afici\u00f3 fins la pr\u00f2xima campanya.","url":"","background_image":"","images":[],"videos":[],"links":[]}]},"excerpt":{"rendered":"El Submar\u00ed s&#8217;acomiadar\u00e0 de la seua afici\u00f3 en l&#8217;Estadi de la Cer\u00e0mica en l&#8217;horari unificat de la pen\u00faltima jornada","protected":false},"author":22,"featured_media":306706,"comment_status":"closed","ping_status":"closed","sticky":false,"template":"","format":"standard","meta":{"_acf_changed":false,"footnotes":""},"categories":[13484],"tags":[717,9270,9298,11042,9278,9459,716,9205,9627,9203],"acf":null,"lang":"val","translations":{"es":306699,"val":306709,"en":306711},"essential_grid":{"has_grid":false},"formatted_date":"May 7, 2024","modified_date":"May 7, 2024","permalink":"https:\/\/villarrealcf.es\/val\/villarreal-real-madrid-domingo-19-a-las-19-00h\/","reading_time":1,"featured_media_data":{"id":306706,"title":"RealMadrid-VillarrealCF-147","caption":"","alt_text":"","description":"","mime_type":"image\/jpeg","source_url":"https:\/\/villarrealcf.es\/wp-content\/uploads\/2024\/05\/RealMadrid-VillarrealCF-147-scaled.jpg","sizes":{"thumbnail":{"url":"https:\/\/villarrealcf.es\/wp-content\/uploads\/2024\/05\/RealMadrid-VillarrealCF-147-1920x1080.jpg","width":1920,"height":1080},"medium":{"url":"https:\/\/villarrealcf.es\/wp-content\/uploads\/2024\/05\/RealMadrid-VillarrealCF-147-1920x1080.jpg","width":1920,"height":1080},"medium_large":{"url":"https:\/\/villarrealcf.es\/wp-content\/uploads\/2024\/05\/RealMadrid-VillarrealCF-147-768x432.jpg","width":768,"height":432},"large":{"url":"https:\/\/villarrealcf.es\/wp-content\/uploads\/2024\/05\/RealMadrid-VillarrealCF-147-1920x1080.jpg","width":788,"height":443},"1536x1536":{"url":"https:\/\/villarrealcf.es\/wp-content\/uploads\/2024\/05\/RealMadrid-VillarrealCF-147-1536x864.jpg","width":1536,"height":864},"2048x2048":{"url":"https:\/\/villarrealcf.es\/wp-content\/uploads\/2024\/05\/RealMadrid-VillarrealCF-147-2048x1152.jpg","width":2048,"height":1152},"tp-image-grid":{"url":"https:\/\/villarrealcf.es\/wp-content\/uploads\/2024\/05\/RealMadrid-VillarrealCF-147-700x700.jpg","width":700,"height":700},"size-bunyad-medium":{"url":"https:\/\/villarrealcf.es\/wp-content\/uploads\/2024\/05\/RealMadrid-VillarrealCF-147-1920x1080.jpg","width":1920,"height":1080},"sportspress-crop-medium":{"url":"https:\/\/villarrealcf.es\/wp-content\/uploads\/2024\/05\/RealMadrid-VillarrealCF-147-300x300.jpg","width":300,"height":300},"sportspress-fit-medium":{"url":"https:\/\/villarrealcf.es\/wp-content\/uploads\/2024\/05\/RealMadrid-VillarrealCF-147-300x169.jpg","width":300,"height":169},"sportspress-fit-icon":{"url":"https:\/\/villarrealcf.es\/wp-content\/uploads\/2024\/05\/RealMadrid-VillarrealCF-147-128x72.jpg","width":128,"height":72},"sportspress-fit-mini":{"url":"https:\/\/villarrealcf.es\/wp-content\/uploads\/2024\/05\/RealMadrid-VillarrealCF-147-32x18.jpg","width":32,"height":18},"bunyad-small":{"url":"https:\/\/villarrealcf.es\/wp-content\/uploads\/2024\/05\/RealMadrid-VillarrealCF-147-150x84.jpg","width":150,"height":84},"bunyad-medium":{"url":"https:\/\/villarrealcf.es\/wp-content\/uploads\/2024\/05\/RealMadrid-VillarrealCF-147-450x253.jpg","width":450,"height":253},"bunyad-full":{"url":"https:\/\/villarrealcf.es\/wp-content\/uploads\/2024\/05\/RealMadrid-VillarrealCF-147-1200x675.jpg","width":1200,"height":675},"bunyad-viewport":{"url":"https:\/\/villarrealcf.es\/wp-content\/uploads\/2024\/05\/RealMadrid-VillarrealCF-147-2048x1152.jpg","width":2048,"height":1152},"bunyad-768":{"url":"https:\/\/villarrealcf.es\/wp-content\/uploads\/2024\/05\/RealMadrid-VillarrealCF-147-768x432.jpg","width":768,"height":432},"full":{"url":"https:\/\/villarrealcf.es\/wp-content\/uploads\/2024\/05\/RealMadrid-VillarrealCF-147-scaled.jpg","width":2560,"height":1440}}},"author_data":{"id":"22","name":"David Calder\u00f3n","first_name":"David","last_name":"Calder\u00f3n","description":"","avatar_url":"https:\/\/secure.gravatar.com\/avatar\/ca3914b05e6ff912415bb0b95a9fd87c2bbaf349c1fcd08d38cd4e6c56646e58?s=96&d=mm&r=g","acf":null},"taxonomies_data":{"category":[{"id":13484,"name":"Club","slug":"club","acf":null}],"post_tag":[{"id":717,"name":"Football","slug":"football-d34","acf":null},{"id":9270,"name":"Futbol","slug":"futbol-val","acf":null},{"id":9298,"name":"Horarios","slug":"horarios-val","acf":null},{"id":11042,"name":"LaLiga","slug":"laliga-val","acf":null},{"id":9278,"name":"primera division","slug":"primera-division-val","acf":null},{"id":9459,"name":"Real Madrid CF","slug":"real-madrid-cf-val","acf":null},{"id":716,"name":"Soccer","slug":"soccer-d105","acf":null},{"id":9205,"name":"Submarino","slug":"submarino-val","acf":null},{"id":9627,"name":"Submarino Amarillo","slug":"submarino-amarillo-val","acf":null},{"id":9203,"name":"Villarreal CF","slug":"villarreal-cf-val","acf":null}],"translation_priority":[{"id":735,"name":"Optional","slug":"optional-val","acf":null}]},"seo_full":{"native":{"title":"Villarreal-Real Madrid, domingo 19 a las 19.00h - Web Oficial del Villarreal CF","description":"El Submar\u00ed s'acomiadar\u00e0 de la seua afici\u00f3 en l'Estadi de la Cer\u00e0mica en l'horari unificat de la pen\u00faltima jornada","canonical":"https:\/\/villarrealcf.es\/val\/villarreal-real-madrid-domingo-19-a-las-19-00h\/"}},"_links":{"self":[{"href":"https:\/\/villarrealcf.es\/val\/wp-json\/wp\/v2\/posts\/306709","targetHints":{"allow":["GET"]}}],"collection":[{"href":"https:\/\/villarrealcf.es\/val\/wp-json\/wp\/v2\/posts"}],"about":[{"href":"https:\/\/villarrealcf.es\/val\/wp-json\/wp\/v2\/types\/post"}],"author":[{"embeddable":true,"href":"https:\/\/villarrealcf.es\/val\/wp-json\/wp\/v2\/users\/22"}],"replies":[{"embeddable":true,"href":"https:\/\/villarrealcf.es\/val\/wp-json\/wp\/v2\/comments?post=306709"}],"version-history":[{"count":0,"href":"https:\/\/villarrealcf.es\/val\/wp-json\/wp\/v2\/posts\/306709\/revisions"}],"wp:featuredmedia":[{"embeddable":true,"href":"https:\/\/villarrealcf.es\/val\/wp-json\/wp\/v2\/media\/306706"}],"wp:attachment":[{"href":"https:\/\/villarrealcf.es\/val\/wp-json\/wp\/v2\/media?parent=306709"}],"wp:term":[{"taxonomy":"category","embeddable":true,"href":"https:\/\/villarrealcf.es\/val\/wp-json\/wp\/v2\/categories?post=306709"},{"taxonomy":"post_tag","embeddable":true,"href":"https:\/\/villarrealcf.es\/val\/wp-json\/wp\/v2\/tags?post=306709"}],"curies":[{"name":"wp","href":"https:\/\/api.w.org\/{rel}","templated":true}]}}