{"id":306577,"date":"2024-05-07T09:38:25","date_gmt":"2024-05-07T07:38:25","guid":{"rendered":"https:\/\/villarrealcf.es\/en-hungria-flipan-con-la-cantera-grogueta\/"},"modified":"2024-05-07T10:05:07","modified_gmt":"2024-05-07T08:05:07","slug":"a-hongria-flipen-amb-la-cantera-grogueta","status":"publish","type":"post","link":"https:\/\/villarrealcf.es\/val\/a-hongria-flipen-amb-la-cantera-grogueta\/","title":{"rendered":"A Hongria \u2018flipen\u2019 amb la Cantera Grogueta"},"content":{"protected":false,"blocks":[{"type":"heading","level":2,"text":"El Debrecen VSC creix amb passes de gegant gr\u00e0cies a la metodologia del Villarreal"},{"type":"paragraph","text":"El Villarreal CF i el Debrecen VSC d\u2019Hongria mantenen un acord de formaci\u00f3 de primer nivell (CVF Pro) pel qual els professionals de l\u2019entitat hongaresa es nodrixen dels coneixements que els transmeten des del Submar\u00ed. Una comissi\u00f3 de t\u00e8cnics i jugadors del Debrecen va estar durant una setmana sencera a Vila-real amb la finalitat d\u2019adquirir noves aptituds d\u2019una manera m\u00e9s intensiva en el seu pla de formaci\u00f3 360\u00e9."},{"type":"video","kind":"iframe","url":"https:\/\/www.youtube.com\/embed\/ELVGQ40ENRk?feature=oembed","poster":""},{"type":"paragraph","text":"\u201cDurant l\u2019\u00faltim any, entrenadors del Villarreal han estat amb nosaltres i hem aconseguit informaci\u00f3 sobre com es treballa ac\u00ed a trav\u00e9s de moltes reunions, no sols sobre t\u00e8cnica o t\u00e0ctica, sin\u00f3 tamb\u00e9 sobre organitzaci\u00f3 perqu\u00e8 la nostra acad\u00e8mia \u00e9s una de les millors d\u2019Hongria i podem fer-ho encara millor\u201d, confessa Andr\u00e1s Herczeg, director de l\u2019acad\u00e8mia, situada en la segona ciutat m\u00e9s poblada del pa\u00eds, tan sols per darrere de Budapest."},{"type":"paragraph","text":"Per al conjunt hongar\u00e9s, \u201c\u00e9s un plaer treballar amb els entrenadors del Villarreal\u201d, segons afirma, Herczeg, que afig que en el conjunt de la Plana \u201cens estan mostrant moltes coses noves, la majoria relacionades amb els programes de metodologia per a entrenadors en Debrecen. Tamb\u00e9 \u00e9s un plaer estar ac\u00ed visitant les instal\u00b7lacions, entrenant i jugant contra els equips de la pedrera. Els entrenadors tamb\u00e9 estem podent gaudir de veure els entrenaments, tindre reunions i marxar-nos amb la nova informaci\u00f3 que ens aporten els t\u00e8cnics de la pedrera\u201d."},{"type":"paragraph","text":"Un creixement global"},{"type":"paragraph","text":"A m\u00e9s de metodologia i conceptes futbol\u00edstics \u2018made in Miralcamp\u2019, en el Debrecen aprenen literalment de tot respecte al funcionament d\u2019una acad\u00e8mia professional per part dels groguets: \u201cUn dels millors exemples, que crec que mostra un dels canvis m\u00e9s importants per al seu club \u00e9s pensar en com han de comportar-se amb els jugadors i donar-los feedback, com liderar-los. Tots els equips han crescut perqu\u00e8 tots els entrenadors es veuen com iguals, no hi ha un entrenador principal. Eixa ha sigut una gran millora, per\u00f2 tamb\u00e9 destacaria el tracte de la resta de departaments cap al jugador. Tots els jugadors pensen que aix\u00f2 ha canviat i confien en nosaltres\u201d, compte \u00c1lex Vi\u00f1a, un dels entrenadors que els acompanya en este proc\u00e9s. Vi\u00f1a explica que tamb\u00e9 els ensenyen \u201ccom treballen la resta de departaments en el nostre club per a poder donar-los m\u00e9s ferramentes i m\u00e9s efectives per als seus joves talents\u201d."},{"type":"paragraph","text":"D\u2019altra banda, Herczeg, tamb\u00e9 destaca el treball dels servicis m\u00e8dics i del departament de psicologia del club, amb els quals tamb\u00e9 van quedar impressionats. Un dels jugadors que va tindre l\u2019oportunitat de viure esta setmana a la Ciutat Esportiva Jos\u00e9 Manuel Llaneza, Szak\u00e1l D\u00e9nes, coincidix amb el seu mentor: \u201cEns ajuden tant als jugadors com als entrenadors a millorar individualment i posen el focus en aix\u00f2 i a cuidar de nosaltres\u201d, per\u00f2 creu que el millor de la seua estada ac\u00ed \u201cs\u00f3n les sessions d\u2019entrenament perqu\u00e8 les sensacions i l\u2019entorn s\u00f3n espectaculars\u201d."},{"type":"paragraph","text":"Els convidats del Debrecen van poder assistir al partit entre el Submar\u00ed i el Rayo Vallecano en l\u2019Estadi de la Cer\u00e0mica per a completar la seua estada a la Plana Baixa i viure, per primera vegada per a alguns d\u2019ells, una trobada de LaLiga, la que ells consideren la millor competici\u00f3 regular del m\u00f3n. \u201c\u00c9s obvi que el futbol espanyol \u00e9s el millor del m\u00f3n i estem molt feli\u00e7os d\u2019aprendre dels xics d\u2019ac\u00ed perqu\u00e8 el nivell \u00e9s molt alt\u201d, subratlla Herczeg."},{"type":"paragraph","text":"El DVSC \u00e9s el primer club estranger que s\u2019unix a la fam\u00edlia grogueta mitjan\u00e7ant este acord que implica una formaci\u00f3 tan completa."}],"structured":{"summary":{"text":"El Debrecen VSC creix amb passes de gegant gr\u00e0cies a la metodologia del Villarreal El Villarreal CF i el Debrecen VSC d\u2019Hongria mantenen un acord de formaci\u00f3 de primer nivell (CVF Pro) pel qual els professionals de l\u2019entitat hongaresa es nodrixen dels coneixements que els transmeten des del Submar\u00ed. Una comissi\u00f3 de t\u00e8cnics i jugadors del Debrecen va estar durant una setmana sencera a Vila-real amb la finalitat d\u2019adquirir noves aptituds d\u2019una manera m\u00e9s intensiva en el seu pla de formaci\u00f3 360\u00e9. \u201cDurant l\u2019\u00faltim any, entrenadors del Villarreal han estat amb nosaltres i hem aconseguit informaci\u00f3 sobre com es treballa ac\u00ed a trav\u00e9s de moltes reunions, no sols sobre t\u00e8cnica o t\u00e0ctica, sin\u00f3 tamb\u00e9 sobre organitzaci\u00f3 perqu\u00e8 la nostra acad\u00e8mia \u00e9s una de les millors d\u2019Hongria i podem fer-ho encara millor\u201d, confessa Andr\u00e1s Herczeg, director de l\u2019acad\u00e8mia, situada en la segona ciutat m\u00e9s poblada del pa\u00eds, tan sols per darrere de Budapest. Per al conjunt hongar\u00e9s, \u201c\u00e9s un plaer treballar amb els entrenadors del Villarreal\u201d, segons afirma, Herczeg, que afig que en el conjunt de la Plana \u201cens estan mostrant moltes coses noves, la majoria relacionades amb els programes de metodologia per a entrenadors en Debrecen. Tamb\u00e9 \u00e9s un plaer estar ac\u00ed visitant les instal\u00b7lacions, entrenant i jugant contra els equips de la pedrera. Els entrenadors tamb\u00e9 estem podent gaudir de veure els entrenaments, tindre reunions i marxar-nos amb la nova informaci\u00f3 que ens aporten els t\u00e8cnics de la pedrera\u201d. Un creixement global A m\u00e9s de metodologia i conceptes futbol\u00edstics \u2018made in Miralcamp\u2019, en el Debrecen aprenen literalment de tot respecte al funcionament d\u2019una acad\u00e8mia professional per part dels groguets: \u201cUn dels millors exemples, que crec que mostra un dels canvis m\u00e9s importants per al seu club \u00e9s pensar en com han de comportar-se amb els jugadors i donar-los feedback, com liderar-los. Tots els equips han crescut perqu\u00e8 tots els entrenadors es veuen com iguals, no hi ha un entrenador principal. Eixa ha sigut una gran millora, per\u00f2 tamb\u00e9 destacaria el tracte de la resta de departaments cap al jugador. Tots els jugadors pensen que aix\u00f2 ha canviat i confien en nosaltres\u201d, compte \u00c1lex Vi\u00f1a, un dels entrenadors que els acompanya en este proc\u00e9s. Vi\u00f1a explica que tamb\u00e9 els ensenyen \u201ccom treballen la resta de departaments en el nostre club per a poder donar-los m\u00e9s ferramentes i m\u00e9s efectives per als seus joves talents\u201d. D\u2019altra banda, Herczeg, tamb\u00e9 destaca el treball dels servicis m\u00e8dics i del departament de psicologia del club, amb els quals tamb\u00e9 van quedar impressionats. Un dels jugadors que va tindre l\u2019oportunitat de viure esta setmana a la Ciutat Esportiva Jos\u00e9 Manuel Llaneza, Szak\u00e1l D\u00e9nes, coincidix amb el seu mentor: \u201cEns ajuden tant als jugadors com als entrenadors a millorar individualment i posen el focus en aix\u00f2 i a cuidar de nosaltres\u201d, per\u00f2 creu que el millor de la seua estada ac\u00ed \u201cs\u00f3n les sessions d\u2019entrenament perqu\u00e8 les sensacions i l\u2019entorn s\u00f3n espectaculars\u201d. Els convidats del Debrecen van poder assistir al partit entre el Submar\u00ed i el Rayo Vallecano en l\u2019Estadi de la Cer\u00e0mica per a completar la seua estada a la Plana Baixa i viure, per primera vegada per a alguns d\u2019ells, una trobada de LaLiga, la que ells consideren la millor competici\u00f3 regular del m\u00f3n. \u201c\u00c9s obvi que el futbol espanyol \u00e9s el millor del m\u00f3n i estem molt feli\u00e7os d\u2019aprendre dels xics d\u2019ac\u00ed perqu\u00e8 el nivell \u00e9s molt alt\u201d, subratlla Herczeg. El DVSC \u00e9s el primer club estranger que s\u2019unix a la fam\u00edlia grogueta mitjan\u00e7ant este acord que implica una formaci\u00f3 tan completa.","headings":[{"type":"heading","level":2,"text":"El Debrecen VSC creix amb passes de gegant gr\u00e0cies a la metodologia del Villarreal"}],"buttons":[],"images":[],"counts":{"blocks":10,"headings":1,"texts":8,"buttons":0,"images":0}},"sections":[{"id":"section-1","title":"El Debrecen VSC creix amb passes de gegant gr\u00e0cies a la metodologia del Villarreal","text":"El Debrecen VSC creix amb passes de gegant gr\u00e0cies a la metodologia del Villarreal El Villarreal CF i el Debrecen VSC d\u2019Hongria mantenen un acord de formaci\u00f3 de primer nivell (CVF Pro) pel qual els professionals de l\u2019entitat hongaresa es nodrixen dels coneixements que els transmeten des del Submar\u00ed. Una comissi\u00f3 de t\u00e8cnics i jugadors del Debrecen va estar durant una setmana sencera a Vila-real amb la finalitat d\u2019adquirir noves aptituds d\u2019una manera m\u00e9s intensiva en el seu pla de formaci\u00f3 360\u00e9. \u201cDurant l\u2019\u00faltim any, entrenadors del Villarreal han estat amb nosaltres i hem aconseguit informaci\u00f3 sobre com es treballa ac\u00ed a trav\u00e9s de moltes reunions, no sols sobre t\u00e8cnica o t\u00e0ctica, sin\u00f3 tamb\u00e9 sobre organitzaci\u00f3 perqu\u00e8 la nostra acad\u00e8mia \u00e9s una de les millors d\u2019Hongria i podem fer-ho encara millor\u201d, confessa Andr\u00e1s Herczeg, director de l\u2019acad\u00e8mia, situada en la segona ciutat m\u00e9s poblada del pa\u00eds, tan sols per darrere de Budapest. Per al conjunt hongar\u00e9s, \u201c\u00e9s un plaer treballar amb els entrenadors del Villarreal\u201d, segons afirma, Herczeg, que afig que en el conjunt de la Plana \u201cens estan mostrant moltes coses noves, la majoria relacionades amb els programes de metodologia per a entrenadors en Debrecen. Tamb\u00e9 \u00e9s un plaer estar ac\u00ed visitant les instal\u00b7lacions, entrenant i jugant contra els equips de la pedrera. Els entrenadors tamb\u00e9 estem podent gaudir de veure els entrenaments, tindre reunions i marxar-nos amb la nova informaci\u00f3 que ens aporten els t\u00e8cnics de la pedrera\u201d. Un creixement global A m\u00e9s de metodologia i conceptes futbol\u00edstics \u2018made in Miralcamp\u2019, en el Debrecen aprenen literalment de tot respecte al funcionament d\u2019una acad\u00e8mia professional per part dels groguets: \u201cUn dels millors exemples, que crec que mostra un dels canvis m\u00e9s importants per al seu club \u00e9s pensar en com han de comportar-se amb els jugadors i donar-los feedback, com liderar-los. Tots els equips han crescut perqu\u00e8 tots els entrenadors es veuen com iguals, no hi ha un entrenador principal. Eixa ha sigut una gran millora, per\u00f2 tamb\u00e9 destacaria el tracte de la resta de departaments cap al jugador. Tots els jugadors pensen que aix\u00f2 ha canviat i confien en nosaltres\u201d, compte \u00c1lex Vi\u00f1a, un dels entrenadors que els acompanya en este proc\u00e9s. Vi\u00f1a explica que tamb\u00e9 els ensenyen \u201ccom treballen la resta de departaments en el nostre club per a poder donar-los m\u00e9s ferramentes i m\u00e9s efectives per als seus joves talents\u201d. D\u2019altra banda, Herczeg, tamb\u00e9 destaca el treball dels servicis m\u00e8dics i del departament de psicologia del club, amb els quals tamb\u00e9 van quedar impressionats. Un dels jugadors que va tindre l\u2019oportunitat de viure esta setmana a la Ciutat Esportiva Jos\u00e9 Manuel Llaneza, Szak\u00e1l D\u00e9nes, coincidix amb el seu mentor: \u201cEns ajuden tant als jugadors com als entrenadors a millorar individualment i posen el focus en aix\u00f2 i a cuidar de nosaltres\u201d, per\u00f2 creu que el millor de la seua estada ac\u00ed \u201cs\u00f3n les sessions d\u2019entrenament perqu\u00e8 les sensacions i l\u2019entorn s\u00f3n espectaculars\u201d. Els convidats del Debrecen van poder assistir al partit entre el Submar\u00ed i el Rayo Vallecano en l\u2019Estadi de la Cer\u00e0mica per a completar la seua estada a la Plana Baixa i viure, per primera vegada per a alguns d\u2019ells, una trobada de LaLiga, la que ells consideren la millor competici\u00f3 regular del m\u00f3n. \u201c\u00c9s obvi que el futbol espanyol \u00e9s el millor del m\u00f3n i estem molt feli\u00e7os d\u2019aprendre dels xics d\u2019ac\u00ed perqu\u00e8 el nivell \u00e9s molt alt\u201d, subratlla Herczeg. El DVSC \u00e9s el primer club estranger que s\u2019unix a la fam\u00edlia grogueta mitjan\u00e7ant este acord que implica una formaci\u00f3 tan completa.","headings":[{"type":"heading","level":2,"text":"El Debrecen VSC creix amb passes de gegant gr\u00e0cies a la metodologia del Villarreal"}],"texts":[{"type":"paragraph","text":"El Villarreal CF i el Debrecen VSC d\u2019Hongria mantenen un acord de formaci\u00f3 de primer nivell (CVF Pro) pel qual els professionals de l\u2019entitat hongaresa es nodrixen dels coneixements que els transmeten des del Submar\u00ed. Una comissi\u00f3 de t\u00e8cnics i jugadors del Debrecen va estar durant una setmana sencera a Vila-real amb la finalitat d\u2019adquirir noves aptituds d\u2019una manera m\u00e9s intensiva en el seu pla de formaci\u00f3 360\u00e9."},{"type":"paragraph","text":"\u201cDurant l\u2019\u00faltim any, entrenadors del Villarreal han estat amb nosaltres i hem aconseguit informaci\u00f3 sobre com es treballa ac\u00ed a trav\u00e9s de moltes reunions, no sols sobre t\u00e8cnica o t\u00e0ctica, sin\u00f3 tamb\u00e9 sobre organitzaci\u00f3 perqu\u00e8 la nostra acad\u00e8mia \u00e9s una de les millors d\u2019Hongria i podem fer-ho encara millor\u201d, confessa Andr\u00e1s Herczeg, director de l\u2019acad\u00e8mia, situada en la segona ciutat m\u00e9s poblada del pa\u00eds, tan sols per darrere de Budapest."},{"type":"paragraph","text":"Per al conjunt hongar\u00e9s, \u201c\u00e9s un plaer treballar amb els entrenadors del Villarreal\u201d, segons afirma, Herczeg, que afig que en el conjunt de la Plana \u201cens estan mostrant moltes coses noves, la majoria relacionades amb els programes de metodologia per a entrenadors en Debrecen. Tamb\u00e9 \u00e9s un plaer estar ac\u00ed visitant les instal\u00b7lacions, entrenant i jugant contra els equips de la pedrera. Els entrenadors tamb\u00e9 estem podent gaudir de veure els entrenaments, tindre reunions i marxar-nos amb la nova informaci\u00f3 que ens aporten els t\u00e8cnics de la pedrera\u201d."},{"type":"paragraph","text":"Un creixement global"},{"type":"paragraph","text":"A m\u00e9s de metodologia i conceptes futbol\u00edstics \u2018made in Miralcamp\u2019, en el Debrecen aprenen literalment de tot respecte al funcionament d\u2019una acad\u00e8mia professional per part dels groguets: \u201cUn dels millors exemples, que crec que mostra un dels canvis m\u00e9s importants per al seu club \u00e9s pensar en com han de comportar-se amb els jugadors i donar-los feedback, com liderar-los. Tots els equips han crescut perqu\u00e8 tots els entrenadors es veuen com iguals, no hi ha un entrenador principal. Eixa ha sigut una gran millora, per\u00f2 tamb\u00e9 destacaria el tracte de la resta de departaments cap al jugador. Tots els jugadors pensen que aix\u00f2 ha canviat i confien en nosaltres\u201d, compte \u00c1lex Vi\u00f1a, un dels entrenadors que els acompanya en este proc\u00e9s. Vi\u00f1a explica que tamb\u00e9 els ensenyen \u201ccom treballen la resta de departaments en el nostre club per a poder donar-los m\u00e9s ferramentes i m\u00e9s efectives per als seus joves talents\u201d."},{"type":"paragraph","text":"D\u2019altra banda, Herczeg, tamb\u00e9 destaca el treball dels servicis m\u00e8dics i del departament de psicologia del club, amb els quals tamb\u00e9 van quedar impressionats. Un dels jugadors que va tindre l\u2019oportunitat de viure esta setmana a la Ciutat Esportiva Jos\u00e9 Manuel Llaneza, Szak\u00e1l D\u00e9nes, coincidix amb el seu mentor: \u201cEns ajuden tant als jugadors com als entrenadors a millorar individualment i posen el focus en aix\u00f2 i a cuidar de nosaltres\u201d, per\u00f2 creu que el millor de la seua estada ac\u00ed \u201cs\u00f3n les sessions d\u2019entrenament perqu\u00e8 les sensacions i l\u2019entorn s\u00f3n espectaculars\u201d."},{"type":"paragraph","text":"Els convidats del Debrecen van poder assistir al partit entre el Submar\u00ed i el Rayo Vallecano en l\u2019Estadi de la Cer\u00e0mica per a completar la seua estada a la Plana Baixa i viure, per primera vegada per a alguns d\u2019ells, una trobada de LaLiga, la que ells consideren la millor competici\u00f3 regular del m\u00f3n. \u201c\u00c9s obvi que el futbol espanyol \u00e9s el millor del m\u00f3n i estem molt feli\u00e7os d\u2019aprendre dels xics d\u2019ac\u00ed perqu\u00e8 el nivell \u00e9s molt alt\u201d, subratlla Herczeg."},{"type":"paragraph","text":"El DVSC \u00e9s el primer club estranger que s\u2019unix a la fam\u00edlia grogueta mitjan\u00e7ant este acord que implica una formaci\u00f3 tan completa."}],"buttons":[],"images":[],"widgets":[],"blocks":[{"type":"heading","level":2,"text":"El Debrecen VSC creix amb passes de gegant gr\u00e0cies a la metodologia del Villarreal"},{"type":"paragraph","text":"El Villarreal CF i el Debrecen VSC d\u2019Hongria mantenen un acord de formaci\u00f3 de primer nivell (CVF Pro) pel qual els professionals de l\u2019entitat hongaresa es nodrixen dels coneixements que els transmeten des del Submar\u00ed. Una comissi\u00f3 de t\u00e8cnics i jugadors del Debrecen va estar durant una setmana sencera a Vila-real amb la finalitat d\u2019adquirir noves aptituds d\u2019una manera m\u00e9s intensiva en el seu pla de formaci\u00f3 360\u00e9."},{"type":"video","kind":"iframe","url":"https:\/\/www.youtube.com\/embed\/ELVGQ40ENRk?feature=oembed","poster":""},{"type":"paragraph","text":"\u201cDurant l\u2019\u00faltim any, entrenadors del Villarreal han estat amb nosaltres i hem aconseguit informaci\u00f3 sobre com es treballa ac\u00ed a trav\u00e9s de moltes reunions, no sols sobre t\u00e8cnica o t\u00e0ctica, sin\u00f3 tamb\u00e9 sobre organitzaci\u00f3 perqu\u00e8 la nostra acad\u00e8mia \u00e9s una de les millors d\u2019Hongria i podem fer-ho encara millor\u201d, confessa Andr\u00e1s Herczeg, director de l\u2019acad\u00e8mia, situada en la segona ciutat m\u00e9s poblada del pa\u00eds, tan sols per darrere de Budapest."},{"type":"paragraph","text":"Per al conjunt hongar\u00e9s, \u201c\u00e9s un plaer treballar amb els entrenadors del Villarreal\u201d, segons afirma, Herczeg, que afig que en el conjunt de la Plana \u201cens estan mostrant moltes coses noves, la majoria relacionades amb els programes de metodologia per a entrenadors en Debrecen. Tamb\u00e9 \u00e9s un plaer estar ac\u00ed visitant les instal\u00b7lacions, entrenant i jugant contra els equips de la pedrera. Els entrenadors tamb\u00e9 estem podent gaudir de veure els entrenaments, tindre reunions i marxar-nos amb la nova informaci\u00f3 que ens aporten els t\u00e8cnics de la pedrera\u201d."},{"type":"paragraph","text":"Un creixement global"},{"type":"paragraph","text":"A m\u00e9s de metodologia i conceptes futbol\u00edstics \u2018made in Miralcamp\u2019, en el Debrecen aprenen literalment de tot respecte al funcionament d\u2019una acad\u00e8mia professional per part dels groguets: \u201cUn dels millors exemples, que crec que mostra un dels canvis m\u00e9s importants per al seu club \u00e9s pensar en com han de comportar-se amb els jugadors i donar-los feedback, com liderar-los. Tots els equips han crescut perqu\u00e8 tots els entrenadors es veuen com iguals, no hi ha un entrenador principal. Eixa ha sigut una gran millora, per\u00f2 tamb\u00e9 destacaria el tracte de la resta de departaments cap al jugador. Tots els jugadors pensen que aix\u00f2 ha canviat i confien en nosaltres\u201d, compte \u00c1lex Vi\u00f1a, un dels entrenadors que els acompanya en este proc\u00e9s. Vi\u00f1a explica que tamb\u00e9 els ensenyen \u201ccom treballen la resta de departaments en el nostre club per a poder donar-los m\u00e9s ferramentes i m\u00e9s efectives per als seus joves talents\u201d."},{"type":"paragraph","text":"D\u2019altra banda, Herczeg, tamb\u00e9 destaca el treball dels servicis m\u00e8dics i del departament de psicologia del club, amb els quals tamb\u00e9 van quedar impressionats. Un dels jugadors que va tindre l\u2019oportunitat de viure esta setmana a la Ciutat Esportiva Jos\u00e9 Manuel Llaneza, Szak\u00e1l D\u00e9nes, coincidix amb el seu mentor: \u201cEns ajuden tant als jugadors com als entrenadors a millorar individualment i posen el focus en aix\u00f2 i a cuidar de nosaltres\u201d, per\u00f2 creu que el millor de la seua estada ac\u00ed \u201cs\u00f3n les sessions d\u2019entrenament perqu\u00e8 les sensacions i l\u2019entorn s\u00f3n espectaculars\u201d."},{"type":"paragraph","text":"Els convidats del Debrecen van poder assistir al partit entre el Submar\u00ed i el Rayo Vallecano en l\u2019Estadi de la Cer\u00e0mica per a completar la seua estada a la Plana Baixa i viure, per primera vegada per a alguns d\u2019ells, una trobada de LaLiga, la que ells consideren la millor competici\u00f3 regular del m\u00f3n. \u201c\u00c9s obvi que el futbol espanyol \u00e9s el millor del m\u00f3n i estem molt feli\u00e7os d\u2019aprendre dels xics d\u2019ac\u00ed perqu\u00e8 el nivell \u00e9s molt alt\u201d, subratlla Herczeg."},{"type":"paragraph","text":"El DVSC \u00e9s el primer club estranger que s\u2019unix a la fam\u00edlia grogueta mitjan\u00e7ant este acord que implica una formaci\u00f3 tan completa."}]}],"hero":{"id":"section-1","title":"El Debrecen VSC creix amb passes de gegant gr\u00e0cies a la metodologia del Villarreal","text":"El Debrecen VSC creix amb passes de gegant gr\u00e0cies a la metodologia del Villarreal El Villarreal CF i el Debrecen VSC d\u2019Hongria mantenen un acord de formaci\u00f3 de primer nivell (CVF Pro) pel qual els professionals de l\u2019entitat hongaresa es nodrixen dels coneixements que els transmeten des del Submar\u00ed. Una comissi\u00f3 de t\u00e8cnics i jugadors del Debrecen va estar durant una setmana sencera a Vila-real amb la finalitat d\u2019adquirir noves aptituds d\u2019una manera m\u00e9s intensiva en el seu pla de formaci\u00f3 360\u00e9. \u201cDurant l\u2019\u00faltim any, entrenadors del Villarreal han estat amb nosaltres i hem aconseguit informaci\u00f3 sobre com es treballa ac\u00ed a trav\u00e9s de moltes reunions, no sols sobre t\u00e8cnica o t\u00e0ctica, sin\u00f3 tamb\u00e9 sobre organitzaci\u00f3 perqu\u00e8 la nostra acad\u00e8mia \u00e9s una de les millors d\u2019Hongria i podem fer-ho encara millor\u201d, confessa Andr\u00e1s Herczeg, director de l\u2019acad\u00e8mia, situada en la segona ciutat m\u00e9s poblada del pa\u00eds, tan sols per darrere de Budapest. Per al conjunt hongar\u00e9s, \u201c\u00e9s un plaer treballar amb els entrenadors del Villarreal\u201d, segons afirma, Herczeg, que afig que en el conjunt de la Plana \u201cens estan mostrant moltes coses noves, la majoria relacionades amb els programes de metodologia per a entrenadors en Debrecen. Tamb\u00e9 \u00e9s un plaer estar ac\u00ed visitant les instal\u00b7lacions, entrenant i jugant contra els equips de la pedrera. Els entrenadors tamb\u00e9 estem podent gaudir de veure els entrenaments, tindre reunions i marxar-nos amb la nova informaci\u00f3 que ens aporten els t\u00e8cnics de la pedrera\u201d. Un creixement global A m\u00e9s de metodologia i conceptes futbol\u00edstics \u2018made in Miralcamp\u2019, en el Debrecen aprenen literalment de tot respecte al funcionament d\u2019una acad\u00e8mia professional per part dels groguets: \u201cUn dels millors exemples, que crec que mostra un dels canvis m\u00e9s importants per al seu club \u00e9s pensar en com han de comportar-se amb els jugadors i donar-los feedback, com liderar-los. Tots els equips han crescut perqu\u00e8 tots els entrenadors es veuen com iguals, no hi ha un entrenador principal. Eixa ha sigut una gran millora, per\u00f2 tamb\u00e9 destacaria el tracte de la resta de departaments cap al jugador. Tots els jugadors pensen que aix\u00f2 ha canviat i confien en nosaltres\u201d, compte \u00c1lex Vi\u00f1a, un dels entrenadors que els acompanya en este proc\u00e9s. Vi\u00f1a explica que tamb\u00e9 els ensenyen \u201ccom treballen la resta de departaments en el nostre club per a poder donar-los m\u00e9s ferramentes i m\u00e9s efectives per als seus joves talents\u201d. D\u2019altra banda, Herczeg, tamb\u00e9 destaca el treball dels servicis m\u00e8dics i del departament de psicologia del club, amb els quals tamb\u00e9 van quedar impressionats. Un dels jugadors que va tindre l\u2019oportunitat de viure esta setmana a la Ciutat Esportiva Jos\u00e9 Manuel Llaneza, Szak\u00e1l D\u00e9nes, coincidix amb el seu mentor: \u201cEns ajuden tant als jugadors com als entrenadors a millorar individualment i posen el focus en aix\u00f2 i a cuidar de nosaltres\u201d, per\u00f2 creu que el millor de la seua estada ac\u00ed \u201cs\u00f3n les sessions d\u2019entrenament perqu\u00e8 les sensacions i l\u2019entorn s\u00f3n espectaculars\u201d. Els convidats del Debrecen van poder assistir al partit entre el Submar\u00ed i el Rayo Vallecano en l\u2019Estadi de la Cer\u00e0mica per a completar la seua estada a la Plana Baixa i viure, per primera vegada per a alguns d\u2019ells, una trobada de LaLiga, la que ells consideren la millor competici\u00f3 regular del m\u00f3n. \u201c\u00c9s obvi que el futbol espanyol \u00e9s el millor del m\u00f3n i estem molt feli\u00e7os d\u2019aprendre dels xics d\u2019ac\u00ed perqu\u00e8 el nivell \u00e9s molt alt\u201d, subratlla Herczeg. El DVSC \u00e9s el primer club estranger que s\u2019unix a la fam\u00edlia grogueta mitjan\u00e7ant este acord que implica una formaci\u00f3 tan completa.","headings":[{"type":"heading","level":2,"text":"El Debrecen VSC creix amb passes de gegant gr\u00e0cies a la metodologia del Villarreal"}],"texts":[{"type":"paragraph","text":"El Villarreal CF i el Debrecen VSC d\u2019Hongria mantenen un acord de formaci\u00f3 de primer nivell (CVF Pro) pel qual els professionals de l\u2019entitat hongaresa es nodrixen dels coneixements que els transmeten des del Submar\u00ed. Una comissi\u00f3 de t\u00e8cnics i jugadors del Debrecen va estar durant una setmana sencera a Vila-real amb la finalitat d\u2019adquirir noves aptituds d\u2019una manera m\u00e9s intensiva en el seu pla de formaci\u00f3 360\u00e9."},{"type":"paragraph","text":"\u201cDurant l\u2019\u00faltim any, entrenadors del Villarreal han estat amb nosaltres i hem aconseguit informaci\u00f3 sobre com es treballa ac\u00ed a trav\u00e9s de moltes reunions, no sols sobre t\u00e8cnica o t\u00e0ctica, sin\u00f3 tamb\u00e9 sobre organitzaci\u00f3 perqu\u00e8 la nostra acad\u00e8mia \u00e9s una de les millors d\u2019Hongria i podem fer-ho encara millor\u201d, confessa Andr\u00e1s Herczeg, director de l\u2019acad\u00e8mia, situada en la segona ciutat m\u00e9s poblada del pa\u00eds, tan sols per darrere de Budapest."},{"type":"paragraph","text":"Per al conjunt hongar\u00e9s, \u201c\u00e9s un plaer treballar amb els entrenadors del Villarreal\u201d, segons afirma, Herczeg, que afig que en el conjunt de la Plana \u201cens estan mostrant moltes coses noves, la majoria relacionades amb els programes de metodologia per a entrenadors en Debrecen. Tamb\u00e9 \u00e9s un plaer estar ac\u00ed visitant les instal\u00b7lacions, entrenant i jugant contra els equips de la pedrera. Els entrenadors tamb\u00e9 estem podent gaudir de veure els entrenaments, tindre reunions i marxar-nos amb la nova informaci\u00f3 que ens aporten els t\u00e8cnics de la pedrera\u201d."},{"type":"paragraph","text":"Un creixement global"},{"type":"paragraph","text":"A m\u00e9s de metodologia i conceptes futbol\u00edstics \u2018made in Miralcamp\u2019, en el Debrecen aprenen literalment de tot respecte al funcionament d\u2019una acad\u00e8mia professional per part dels groguets: \u201cUn dels millors exemples, que crec que mostra un dels canvis m\u00e9s importants per al seu club \u00e9s pensar en com han de comportar-se amb els jugadors i donar-los feedback, com liderar-los. Tots els equips han crescut perqu\u00e8 tots els entrenadors es veuen com iguals, no hi ha un entrenador principal. Eixa ha sigut una gran millora, per\u00f2 tamb\u00e9 destacaria el tracte de la resta de departaments cap al jugador. Tots els jugadors pensen que aix\u00f2 ha canviat i confien en nosaltres\u201d, compte \u00c1lex Vi\u00f1a, un dels entrenadors que els acompanya en este proc\u00e9s. Vi\u00f1a explica que tamb\u00e9 els ensenyen \u201ccom treballen la resta de departaments en el nostre club per a poder donar-los m\u00e9s ferramentes i m\u00e9s efectives per als seus joves talents\u201d."},{"type":"paragraph","text":"D\u2019altra banda, Herczeg, tamb\u00e9 destaca el treball dels servicis m\u00e8dics i del departament de psicologia del club, amb els quals tamb\u00e9 van quedar impressionats. Un dels jugadors que va tindre l\u2019oportunitat de viure esta setmana a la Ciutat Esportiva Jos\u00e9 Manuel Llaneza, Szak\u00e1l D\u00e9nes, coincidix amb el seu mentor: \u201cEns ajuden tant als jugadors com als entrenadors a millorar individualment i posen el focus en aix\u00f2 i a cuidar de nosaltres\u201d, per\u00f2 creu que el millor de la seua estada ac\u00ed \u201cs\u00f3n les sessions d\u2019entrenament perqu\u00e8 les sensacions i l\u2019entorn s\u00f3n espectaculars\u201d."},{"type":"paragraph","text":"Els convidats del Debrecen van poder assistir al partit entre el Submar\u00ed i el Rayo Vallecano en l\u2019Estadi de la Cer\u00e0mica per a completar la seua estada a la Plana Baixa i viure, per primera vegada per a alguns d\u2019ells, una trobada de LaLiga, la que ells consideren la millor competici\u00f3 regular del m\u00f3n. \u201c\u00c9s obvi que el futbol espanyol \u00e9s el millor del m\u00f3n i estem molt feli\u00e7os d\u2019aprendre dels xics d\u2019ac\u00ed perqu\u00e8 el nivell \u00e9s molt alt\u201d, subratlla Herczeg."},{"type":"paragraph","text":"El DVSC \u00e9s el primer club estranger que s\u2019unix a la fam\u00edlia grogueta mitjan\u00e7ant este acord que implica una formaci\u00f3 tan completa."}],"buttons":[],"images":[],"widgets":[],"blocks":[{"type":"heading","level":2,"text":"El Debrecen VSC creix amb passes de gegant gr\u00e0cies a la metodologia del Villarreal"},{"type":"paragraph","text":"El Villarreal CF i el Debrecen VSC d\u2019Hongria mantenen un acord de formaci\u00f3 de primer nivell (CVF Pro) pel qual els professionals de l\u2019entitat hongaresa es nodrixen dels coneixements que els transmeten des del Submar\u00ed. Una comissi\u00f3 de t\u00e8cnics i jugadors del Debrecen va estar durant una setmana sencera a Vila-real amb la finalitat d\u2019adquirir noves aptituds d\u2019una manera m\u00e9s intensiva en el seu pla de formaci\u00f3 360\u00e9."},{"type":"video","kind":"iframe","url":"https:\/\/www.youtube.com\/embed\/ELVGQ40ENRk?feature=oembed","poster":""},{"type":"paragraph","text":"\u201cDurant l\u2019\u00faltim any, entrenadors del Villarreal han estat amb nosaltres i hem aconseguit informaci\u00f3 sobre com es treballa ac\u00ed a trav\u00e9s de moltes reunions, no sols sobre t\u00e8cnica o t\u00e0ctica, sin\u00f3 tamb\u00e9 sobre organitzaci\u00f3 perqu\u00e8 la nostra acad\u00e8mia \u00e9s una de les millors d\u2019Hongria i podem fer-ho encara millor\u201d, confessa Andr\u00e1s Herczeg, director de l\u2019acad\u00e8mia, situada en la segona ciutat m\u00e9s poblada del pa\u00eds, tan sols per darrere de Budapest."},{"type":"paragraph","text":"Per al conjunt hongar\u00e9s, \u201c\u00e9s un plaer treballar amb els entrenadors del Villarreal\u201d, segons afirma, Herczeg, que afig que en el conjunt de la Plana \u201cens estan mostrant moltes coses noves, la majoria relacionades amb els programes de metodologia per a entrenadors en Debrecen. Tamb\u00e9 \u00e9s un plaer estar ac\u00ed visitant les instal\u00b7lacions, entrenant i jugant contra els equips de la pedrera. Els entrenadors tamb\u00e9 estem podent gaudir de veure els entrenaments, tindre reunions i marxar-nos amb la nova informaci\u00f3 que ens aporten els t\u00e8cnics de la pedrera\u201d."},{"type":"paragraph","text":"Un creixement global"},{"type":"paragraph","text":"A m\u00e9s de metodologia i conceptes futbol\u00edstics \u2018made in Miralcamp\u2019, en el Debrecen aprenen literalment de tot respecte al funcionament d\u2019una acad\u00e8mia professional per part dels groguets: \u201cUn dels millors exemples, que crec que mostra un dels canvis m\u00e9s importants per al seu club \u00e9s pensar en com han de comportar-se amb els jugadors i donar-los feedback, com liderar-los. Tots els equips han crescut perqu\u00e8 tots els entrenadors es veuen com iguals, no hi ha un entrenador principal. Eixa ha sigut una gran millora, per\u00f2 tamb\u00e9 destacaria el tracte de la resta de departaments cap al jugador. Tots els jugadors pensen que aix\u00f2 ha canviat i confien en nosaltres\u201d, compte \u00c1lex Vi\u00f1a, un dels entrenadors que els acompanya en este proc\u00e9s. Vi\u00f1a explica que tamb\u00e9 els ensenyen \u201ccom treballen la resta de departaments en el nostre club per a poder donar-los m\u00e9s ferramentes i m\u00e9s efectives per als seus joves talents\u201d."},{"type":"paragraph","text":"D\u2019altra banda, Herczeg, tamb\u00e9 destaca el treball dels servicis m\u00e8dics i del departament de psicologia del club, amb els quals tamb\u00e9 van quedar impressionats. Un dels jugadors que va tindre l\u2019oportunitat de viure esta setmana a la Ciutat Esportiva Jos\u00e9 Manuel Llaneza, Szak\u00e1l D\u00e9nes, coincidix amb el seu mentor: \u201cEns ajuden tant als jugadors com als entrenadors a millorar individualment i posen el focus en aix\u00f2 i a cuidar de nosaltres\u201d, per\u00f2 creu que el millor de la seua estada ac\u00ed \u201cs\u00f3n les sessions d\u2019entrenament perqu\u00e8 les sensacions i l\u2019entorn s\u00f3n espectaculars\u201d."},{"type":"paragraph","text":"Els convidats del Debrecen van poder assistir al partit entre el Submar\u00ed i el Rayo Vallecano en l\u2019Estadi de la Cer\u00e0mica per a completar la seua estada a la Plana Baixa i viure, per primera vegada per a alguns d\u2019ells, una trobada de LaLiga, la que ells consideren la millor competici\u00f3 regular del m\u00f3n. \u201c\u00c9s obvi que el futbol espanyol \u00e9s el millor del m\u00f3n i estem molt feli\u00e7os d\u2019aprendre dels xics d\u2019ac\u00ed perqu\u00e8 el nivell \u00e9s molt alt\u201d, subratlla Herczeg."},{"type":"paragraph","text":"El DVSC \u00e9s el primer club estranger que s\u2019unix a la fam\u00edlia grogueta mitjan\u00e7ant este acord que implica una formaci\u00f3 tan completa."}]}},"sections":[{"id":"section-1","title":"El Debrecen VSC creix amb passes de gegant gr\u00e0cies a la metodologia del Villarreal","text":"El Debrecen VSC creix amb passes de gegant gr\u00e0cies a la metodologia del Villarreal El Villarreal CF i el Debrecen VSC d\u2019Hongria mantenen un acord de formaci\u00f3 de primer nivell (CVF Pro) pel qual els professionals de l\u2019entitat hongaresa es nodrixen dels coneixements que els transmeten des del Submar\u00ed. Una comissi\u00f3 de t\u00e8cnics i jugadors del Debrecen va estar durant una setmana sencera a Vila-real amb la finalitat d\u2019adquirir noves aptituds d\u2019una manera m\u00e9s intensiva en el seu pla de formaci\u00f3 360\u00e9. \u201cDurant l\u2019\u00faltim any, entrenadors del Villarreal han estat amb nosaltres i hem aconseguit informaci\u00f3 sobre com es treballa ac\u00ed a trav\u00e9s de moltes reunions, no sols sobre t\u00e8cnica o t\u00e0ctica, sin\u00f3 tamb\u00e9 sobre organitzaci\u00f3 perqu\u00e8 la nostra acad\u00e8mia \u00e9s una de les millors d\u2019Hongria i podem fer-ho encara millor\u201d, confessa Andr\u00e1s Herczeg, director de l\u2019acad\u00e8mia, situada en la segona ciutat m\u00e9s poblada del pa\u00eds, tan sols per darrere de Budapest. Per al conjunt hongar\u00e9s, \u201c\u00e9s un plaer treballar amb els entrenadors del Villarreal\u201d, segons afirma, Herczeg, que afig que en el conjunt de la Plana \u201cens estan mostrant moltes coses noves, la majoria relacionades amb els programes de metodologia per a entrenadors en Debrecen. Tamb\u00e9 \u00e9s un plaer estar ac\u00ed visitant les instal\u00b7lacions, entrenant i jugant contra els equips de la pedrera. Els entrenadors tamb\u00e9 estem podent gaudir de veure els entrenaments, tindre reunions i marxar-nos amb la nova informaci\u00f3 que ens aporten els t\u00e8cnics de la pedrera\u201d. Un creixement global A m\u00e9s de metodologia i conceptes futbol\u00edstics \u2018made in Miralcamp\u2019, en el Debrecen aprenen literalment de tot respecte al funcionament d\u2019una acad\u00e8mia professional per part dels groguets: \u201cUn dels millors exemples, que crec que mostra un dels canvis m\u00e9s importants per al seu club \u00e9s pensar en com han de comportar-se amb els jugadors i donar-los feedback, com liderar-los. Tots els equips han crescut perqu\u00e8 tots els entrenadors es veuen com iguals, no hi ha un entrenador principal. Eixa ha sigut una gran millora, per\u00f2 tamb\u00e9 destacaria el tracte de la resta de departaments cap al jugador. Tots els jugadors pensen que aix\u00f2 ha canviat i confien en nosaltres\u201d, compte \u00c1lex Vi\u00f1a, un dels entrenadors que els acompanya en este proc\u00e9s. Vi\u00f1a explica que tamb\u00e9 els ensenyen \u201ccom treballen la resta de departaments en el nostre club per a poder donar-los m\u00e9s ferramentes i m\u00e9s efectives per als seus joves talents\u201d. D\u2019altra banda, Herczeg, tamb\u00e9 destaca el treball dels servicis m\u00e8dics i del departament de psicologia del club, amb els quals tamb\u00e9 van quedar impressionats. Un dels jugadors que va tindre l\u2019oportunitat de viure esta setmana a la Ciutat Esportiva Jos\u00e9 Manuel Llaneza, Szak\u00e1l D\u00e9nes, coincidix amb el seu mentor: \u201cEns ajuden tant als jugadors com als entrenadors a millorar individualment i posen el focus en aix\u00f2 i a cuidar de nosaltres\u201d, per\u00f2 creu que el millor de la seua estada ac\u00ed \u201cs\u00f3n les sessions d\u2019entrenament perqu\u00e8 les sensacions i l\u2019entorn s\u00f3n espectaculars\u201d. Els convidats del Debrecen van poder assistir al partit entre el Submar\u00ed i el Rayo Vallecano en l\u2019Estadi de la Cer\u00e0mica per a completar la seua estada a la Plana Baixa i viure, per primera vegada per a alguns d\u2019ells, una trobada de LaLiga, la que ells consideren la millor competici\u00f3 regular del m\u00f3n. \u201c\u00c9s obvi que el futbol espanyol \u00e9s el millor del m\u00f3n i estem molt feli\u00e7os d\u2019aprendre dels xics d\u2019ac\u00ed perqu\u00e8 el nivell \u00e9s molt alt\u201d, subratlla Herczeg. El DVSC \u00e9s el primer club estranger que s\u2019unix a la fam\u00edlia grogueta mitjan\u00e7ant este acord que implica una formaci\u00f3 tan completa.","url":"","background_image":"","images":[],"videos":[{"type":"video","kind":"iframe","url":"https:\/\/www.youtube.com\/embed\/ELVGQ40ENRk?feature=oembed","poster":""}],"links":[]}]},"excerpt":{"rendered":"El Debrecen VSC creix amb passes de gegant gr\u00e0cies a la metodologia del Villarreal","protected":false},"author":1,"featured_media":306574,"comment_status":"closed","ping_status":"closed","sticky":false,"template":"","format":"standard","meta":{"_acf_changed":false,"footnotes":""},"categories":[13484],"tags":[15642,717,9270,716,9205,9627,9203],"acf":null,"lang":"val","translations":{"es":306567,"val":306577,"en":306586},"essential_grid":{"has_grid":false},"formatted_date":"May 7, 2024","modified_date":"May 7, 2024","permalink":"https:\/\/villarrealcf.es\/val\/a-hongria-flipen-amb-la-cantera-grogueta\/","reading_time":4,"featured_media_data":{"id":306574,"title":"hungria","caption":"","alt_text":"","description":"","mime_type":"image\/jpeg","source_url":"https:\/\/villarrealcf.es\/wp-content\/uploads\/2024\/05\/hungria-scaled.jpg","sizes":{"thumbnail":{"url":"https:\/\/villarrealcf.es\/wp-content\/uploads\/2024\/05\/hungria-1920x1080.jpg","width":1920,"height":1080},"medium":{"url":"https:\/\/villarrealcf.es\/wp-content\/uploads\/2024\/05\/hungria-1920x1080.jpg","width":1920,"height":1080},"medium_large":{"url":"https:\/\/villarrealcf.es\/wp-content\/uploads\/2024\/05\/hungria-768x432.jpg","width":768,"height":432},"large":{"url":"https:\/\/villarrealcf.es\/wp-content\/uploads\/2024\/05\/hungria-1920x1080.jpg","width":788,"height":443},"1536x1536":{"url":"https:\/\/villarrealcf.es\/wp-content\/uploads\/2024\/05\/hungria-1536x864.jpg","width":1536,"height":864},"2048x2048":{"url":"https:\/\/villarrealcf.es\/wp-content\/uploads\/2024\/05\/hungria-2048x1152.jpg","width":2048,"height":1152},"tp-image-grid":{"url":"https:\/\/villarrealcf.es\/wp-content\/uploads\/2024\/05\/hungria-700x700.jpg","width":700,"height":700},"size-bunyad-medium":{"url":"https:\/\/villarrealcf.es\/wp-content\/uploads\/2024\/05\/hungria-1920x1080.jpg","width":1920,"height":1080},"sportspress-crop-medium":{"url":"https:\/\/villarrealcf.es\/wp-content\/uploads\/2024\/05\/hungria-300x300.jpg","width":300,"height":300},"sportspress-fit-medium":{"url":"https:\/\/villarrealcf.es\/wp-content\/uploads\/2024\/05\/hungria-300x169.jpg","width":300,"height":169},"sportspress-fit-icon":{"url":"https:\/\/villarrealcf.es\/wp-content\/uploads\/2024\/05\/hungria-128x72.jpg","width":128,"height":72},"sportspress-fit-mini":{"url":"https:\/\/villarrealcf.es\/wp-content\/uploads\/2024\/05\/hungria-32x18.jpg","width":32,"height":18},"bunyad-small":{"url":"https:\/\/villarrealcf.es\/wp-content\/uploads\/2024\/05\/hungria-150x84.jpg","width":150,"height":84},"bunyad-medium":{"url":"https:\/\/villarrealcf.es\/wp-content\/uploads\/2024\/05\/hungria-450x253.jpg","width":450,"height":253},"bunyad-full":{"url":"https:\/\/villarrealcf.es\/wp-content\/uploads\/2024\/05\/hungria-1200x675.jpg","width":1200,"height":675},"bunyad-viewport":{"url":"https:\/\/villarrealcf.es\/wp-content\/uploads\/2024\/05\/hungria-2048x1152.jpg","width":2048,"height":1152},"bunyad-768":{"url":"https:\/\/villarrealcf.es\/wp-content\/uploads\/2024\/05\/hungria-768x432.jpg","width":768,"height":432},"full":{"url":"https:\/\/villarrealcf.es\/wp-content\/uploads\/2024\/05\/hungria-scaled.jpg","width":2560,"height":1439}}},"author_data":{"id":"1","name":"root_envidea","first_name":"Villarreal CF","last_name":"","description":"","avatar_url":"https:\/\/secure.gravatar.com\/avatar\/48f95f42a3ccc324f3a3458e4b9e6fb070b083e99d388e170c1afb061fa99b63?s=96&d=mm&r=g","acf":null},"taxonomies_data":{"category":[{"id":13484,"name":"Club","slug":"club","acf":null}],"post_tag":[{"id":15642,"name":"Debrecen","slug":"debrecen-val","acf":null},{"id":717,"name":"Football","slug":"football-d34","acf":null},{"id":9270,"name":"Futbol","slug":"futbol-val","acf":null},{"id":716,"name":"Soccer","slug":"soccer-d105","acf":null},{"id":9205,"name":"Submarino","slug":"submarino-val","acf":null},{"id":9627,"name":"Submarino Amarillo","slug":"submarino-amarillo-val","acf":null},{"id":9203,"name":"Villarreal CF","slug":"villarreal-cf-val","acf":null}],"translation_priority":[{"id":735,"name":"Optional","slug":"optional-val","acf":null}]},"seo_full":{"native":{"title":"A Hongria \u2018flipen\u2019 amb la Cantera Grogueta - Web Oficial del Villarreal CF","description":"El Debrecen VSC creix amb passes de gegant gr\u00e0cies a la metodologia del Villarreal","canonical":"https:\/\/villarrealcf.es\/val\/a-hongria-flipen-amb-la-cantera-grogueta\/"}},"_links":{"self":[{"href":"https:\/\/villarrealcf.es\/val\/wp-json\/wp\/v2\/posts\/306577","targetHints":{"allow":["GET"]}}],"collection":[{"href":"https:\/\/villarrealcf.es\/val\/wp-json\/wp\/v2\/posts"}],"about":[{"href":"https:\/\/villarrealcf.es\/val\/wp-json\/wp\/v2\/types\/post"}],"author":[{"embeddable":true,"href":"https:\/\/villarrealcf.es\/val\/wp-json\/wp\/v2\/users\/1"}],"replies":[{"embeddable":true,"href":"https:\/\/villarrealcf.es\/val\/wp-json\/wp\/v2\/comments?post=306577"}],"version-history":[{"count":0,"href":"https:\/\/villarrealcf.es\/val\/wp-json\/wp\/v2\/posts\/306577\/revisions"}],"wp:featuredmedia":[{"embeddable":true,"href":"https:\/\/villarrealcf.es\/val\/wp-json\/wp\/v2\/media\/306574"}],"wp:attachment":[{"href":"https:\/\/villarrealcf.es\/val\/wp-json\/wp\/v2\/media?parent=306577"}],"wp:term":[{"taxonomy":"category","embeddable":true,"href":"https:\/\/villarrealcf.es\/val\/wp-json\/wp\/v2\/categories?post=306577"},{"taxonomy":"post_tag","embeddable":true,"href":"https:\/\/villarrealcf.es\/val\/wp-json\/wp\/v2\/tags?post=306577"}],"curies":[{"name":"wp","href":"https:\/\/api.w.org\/{rel}","templated":true}]}}