{"id":305810,"date":"2024-04-30T16:14:29","date_gmt":"2024-04-30T14:14:29","guid":{"rendered":"https:\/\/villarrealcf.es\/las-mejores-fotos-de-los-nuevos-azulejos-del-passeig-groc\/"},"modified":"2024-04-30T16:49:09","modified_gmt":"2024-04-30T14:49:09","slug":"les-millors-fotos-dels-nous-taulells-del-passeig-groc-2","status":"publish","type":"post","link":"https:\/\/villarrealcf.es\/val\/les-millors-fotos-dels-nous-taulells-del-passeig-groc-2\/","title":{"rendered":"Les millors fotos dels nous taulells del Passeig Groc"},"content":{"protected":false,"blocks":[{"type":"text","widget":"text-editor","text":"El Villarreal descobreix dues noves imatges de la hist\u00f2ria grogueta de Jos\u00e9 Manuel Llaneza i el centenari de l\u2019Estadi de la Cer\u00e0mica","paragraphs":[]},{"type":"text","widget":"text-editor","text":"El Villarreal CF ha presentat aquest dimarts les dues noves imatges del Passeig Groc. En un acte liderat per Fernando Roig i l\u2019alcalde de Vila-real Jos\u00e9 Benlloch, el club groc ha incl\u00f2s dos taulells en homenatge a Jos\u00e9 Manuel Llaneza, exvicepresident del Villarreal CF, i el centenari de l\u2019Estadi de la Cer\u00e0mica, que es va complir el passat 17 de juny de 2023.","paragraphs":["El Villarreal CF ha presentat aquest dimarts les dues noves imatges del Passeig Groc. En un acte liderat per Fernando Roig i l\u2019alcalde de Vila-real Jos\u00e9 Benlloch, el club groc ha incl\u00f2s dos taulells en homenatge a Jos\u00e9 Manuel Llaneza, exvicepresident del Villarreal CF, i el centenari de l\u2019Estadi de la Cer\u00e0mica, que es va complir el passat 17 de juny de 2023."]},{"type":"gallery","widget":"gallery","items":[{"url":"https:\/\/villarrealcf.es\/wp-content\/uploads\/2024\/04\/20240430-NuevosAzulejosPasseigGroc-011-scaled.jpg","title":"20240430-NuevosAzulejosPasseigGroc-011","thumbnail":"https:\/\/villarrealcf.es\/wp-content\/uploads\/2024\/04\/20240430-NuevosAzulejosPasseigGroc-011-scaled.jpg","width":2560,"height":1707},{"url":"https:\/\/villarrealcf.es\/wp-content\/uploads\/2024\/04\/20240430-NuevosAzulejosPasseigGroc-016-scaled.jpg","title":"20240430-NuevosAzulejosPasseigGroc-016","thumbnail":"https:\/\/villarrealcf.es\/wp-content\/uploads\/2024\/04\/20240430-NuevosAzulejosPasseigGroc-016-scaled.jpg","width":2560,"height":1707},{"url":"https:\/\/villarrealcf.es\/wp-content\/uploads\/2024\/04\/20240430-NuevosAzulejosPasseigGroc-020-scaled.jpg","title":"20240430-NuevosAzulejosPasseigGroc-020","thumbnail":"https:\/\/villarrealcf.es\/wp-content\/uploads\/2024\/04\/20240430-NuevosAzulejosPasseigGroc-020-scaled.jpg","width":2560,"height":1707},{"url":"https:\/\/villarrealcf.es\/wp-content\/uploads\/2024\/04\/20240430-NuevosAzulejosPasseigGroc-021-scaled.jpg","title":"20240430-NuevosAzulejosPasseigGroc-021","thumbnail":"https:\/\/villarrealcf.es\/wp-content\/uploads\/2024\/04\/20240430-NuevosAzulejosPasseigGroc-021-scaled.jpg","width":2560,"height":1707},{"url":"https:\/\/villarrealcf.es\/wp-content\/uploads\/2024\/04\/20240430-NuevosAzulejosPasseigGroc-022-scaled.jpg","title":"20240430-NuevosAzulejosPasseigGroc-022","thumbnail":"https:\/\/villarrealcf.es\/wp-content\/uploads\/2024\/04\/20240430-NuevosAzulejosPasseigGroc-022-scaled.jpg","width":2560,"height":1707},{"url":"https:\/\/villarrealcf.es\/wp-content\/uploads\/2024\/04\/20240430-NuevosAzulejosPasseigGroc-023-scaled.jpg","title":"20240430-NuevosAzulejosPasseigGroc-023","thumbnail":"https:\/\/villarrealcf.es\/wp-content\/uploads\/2024\/04\/20240430-NuevosAzulejosPasseigGroc-023-scaled.jpg","width":2560,"height":1707},{"url":"https:\/\/villarrealcf.es\/wp-content\/uploads\/2024\/04\/20240430-NuevosAzulejosPasseigGroc-025-1-scaled.jpg","title":"20240430-NuevosAzulejosPasseigGroc-025","thumbnail":"https:\/\/villarrealcf.es\/wp-content\/uploads\/2024\/04\/20240430-NuevosAzulejosPasseigGroc-025-1-scaled.jpg","width":2560,"height":1707},{"url":"https:\/\/villarrealcf.es\/wp-content\/uploads\/2024\/04\/20240430-NuevosAzulejosPasseigGroc-027-scaled.jpg","title":"20240430-NuevosAzulejosPasseigGroc-027","thumbnail":"https:\/\/villarrealcf.es\/wp-content\/uploads\/2024\/04\/20240430-NuevosAzulejosPasseigGroc-027-scaled.jpg","width":2560,"height":1707},{"url":"https:\/\/villarrealcf.es\/wp-content\/uploads\/2024\/04\/20240430-NuevosAzulejosPasseigGroc-033-scaled.jpg","title":"20240430-NuevosAzulejosPasseigGroc-033","thumbnail":"https:\/\/villarrealcf.es\/wp-content\/uploads\/2024\/04\/20240430-NuevosAzulejosPasseigGroc-033-scaled.jpg","width":2560,"height":1707},{"url":"https:\/\/villarrealcf.es\/wp-content\/uploads\/2024\/04\/20240430-NuevosAzulejosPasseigGroc-036-scaled.jpg","title":"20240430-NuevosAzulejosPasseigGroc-036","thumbnail":"https:\/\/villarrealcf.es\/wp-content\/uploads\/2024\/04\/20240430-NuevosAzulejosPasseigGroc-036-scaled.jpg","width":2560,"height":1707},{"url":"https:\/\/villarrealcf.es\/wp-content\/uploads\/2024\/04\/20240430-NuevosAzulejosPasseigGroc-037-scaled.jpg","title":"20240430-NuevosAzulejosPasseigGroc-037","thumbnail":"https:\/\/villarrealcf.es\/wp-content\/uploads\/2024\/04\/20240430-NuevosAzulejosPasseigGroc-037-scaled.jpg","width":2560,"height":1707},{"url":"https:\/\/villarrealcf.es\/wp-content\/uploads\/2024\/04\/20240430-NuevosAzulejosPasseigGroc-010-scaled.jpg","title":"20240430-NuevosAzulejosPasseigGroc-010","thumbnail":"https:\/\/villarrealcf.es\/wp-content\/uploads\/2024\/04\/20240430-NuevosAzulejosPasseigGroc-010-scaled.jpg","width":2560,"height":1707}]}],"structured":{"summary":{"text":"El Villarreal descobreix dues noves imatges de la hist\u00f2ria grogueta de Jos\u00e9 Manuel Llaneza i el centenari de l\u2019Estadi de la Cer\u00e0mica El Villarreal CF ha presentat aquest dimarts les dues noves imatges del Passeig Groc. En un acte liderat per Fernando Roig i l\u2019alcalde de Vila-real Jos\u00e9 Benlloch, el club groc ha incl\u00f2s dos taulells en homenatge a Jos\u00e9 Manuel Llaneza, exvicepresident del Villarreal CF, i el centenari de l\u2019Estadi de la Cer\u00e0mica, que es va complir el passat 17 de juny de 2023.","headings":[],"buttons":[],"images":[],"counts":{"blocks":3,"headings":0,"texts":2,"buttons":0,"images":0},"containers":3},"sections":[{"id":"e45d52f","type":"container","classes":["elementor-section","elementor-top-section","elementor-element","elementor-element-e45d52f","elementor-section-boxed","elementor-section-height-default"],"title":"","text":"El Villarreal descobreix dues noves imatges de la hist\u00f2ria grogueta de Jos\u00e9 Manuel Llaneza i el centenari de l\u2019Estadi de la Cer\u00e0mica","headings":[],"texts":[{"type":"text","widget":"text-editor","text":"El Villarreal descobreix dues noves imatges de la hist\u00f2ria grogueta de Jos\u00e9 Manuel Llaneza i el centenari de l\u2019Estadi de la Cer\u00e0mica","paragraphs":[]}],"buttons":[],"images":[],"widgets":["text-editor"],"blocks":[{"type":"text","widget":"text-editor","text":"El Villarreal descobreix dues noves imatges de la hist\u00f2ria grogueta de Jos\u00e9 Manuel Llaneza i el centenari de l\u2019Estadi de la Cer\u00e0mica","paragraphs":[]}],"children":[]},{"id":"2194e72","type":"container","classes":["has-el-gap","el-gap-default","elementor-section","elementor-top-section","elementor-element","elementor-element-2194e72","elementor-section-boxed","elementor-section-height-default"],"title":"","text":"El Villarreal CF ha presentat aquest dimarts les dues noves imatges del Passeig Groc. En un acte liderat per Fernando Roig i l\u2019alcalde de Vila-real Jos\u00e9 Benlloch, el club groc ha incl\u00f2s dos taulells en homenatge a Jos\u00e9 Manuel Llaneza, exvicepresident del Villarreal CF, i el centenari de l\u2019Estadi de la Cer\u00e0mica, que es va complir el passat 17 de juny de 2023.","headings":[],"texts":[{"type":"text","widget":"text-editor","text":"El Villarreal CF ha presentat aquest dimarts les dues noves imatges del Passeig Groc. En un acte liderat per Fernando Roig i l\u2019alcalde de Vila-real Jos\u00e9 Benlloch, el club groc ha incl\u00f2s dos taulells en homenatge a Jos\u00e9 Manuel Llaneza, exvicepresident del Villarreal CF, i el centenari de l\u2019Estadi de la Cer\u00e0mica, que es va complir el passat 17 de juny de 2023.","paragraphs":["El Villarreal CF ha presentat aquest dimarts les dues noves imatges del Passeig Groc. En un acte liderat per Fernando Roig i l\u2019alcalde de Vila-real Jos\u00e9 Benlloch, el club groc ha incl\u00f2s dos taulells en homenatge a Jos\u00e9 Manuel Llaneza, exvicepresident del Villarreal CF, i el centenari de l\u2019Estadi de la Cer\u00e0mica, que es va complir el passat 17 de juny de 2023."]}],"buttons":[],"images":[],"widgets":["text-editor"],"blocks":[{"type":"text","widget":"text-editor","text":"El Villarreal CF ha presentat aquest dimarts les dues noves imatges del Passeig Groc. En un acte liderat per Fernando Roig i l\u2019alcalde de Vila-real Jos\u00e9 Benlloch, el club groc ha incl\u00f2s dos taulells en homenatge a Jos\u00e9 Manuel Llaneza, exvicepresident del Villarreal CF, i el centenari de l\u2019Estadi de la Cer\u00e0mica, que es va complir el passat 17 de juny de 2023.","paragraphs":["El Villarreal CF ha presentat aquest dimarts les dues noves imatges del Passeig Groc. En un acte liderat per Fernando Roig i l\u2019alcalde de Vila-real Jos\u00e9 Benlloch, el club groc ha incl\u00f2s dos taulells en homenatge a Jos\u00e9 Manuel Llaneza, exvicepresident del Villarreal CF, i el centenari de l\u2019Estadi de la Cer\u00e0mica, que es va complir el passat 17 de juny de 2023."]}],"children":[]},{"id":"77b54b9","type":"container","classes":["elementor-section","elementor-top-section","elementor-element","elementor-element-77b54b9","elementor-section-boxed","elementor-section-height-default"],"title":"","text":"","headings":[],"texts":[],"buttons":[],"images":[],"widgets":["gallery"],"blocks":[{"type":"gallery","widget":"gallery","items":[{"url":"https:\/\/villarrealcf.es\/wp-content\/uploads\/2024\/04\/20240430-NuevosAzulejosPasseigGroc-011-scaled.jpg","title":"20240430-NuevosAzulejosPasseigGroc-011","thumbnail":"https:\/\/villarrealcf.es\/wp-content\/uploads\/2024\/04\/20240430-NuevosAzulejosPasseigGroc-011-scaled.jpg","width":2560,"height":1707},{"url":"https:\/\/villarrealcf.es\/wp-content\/uploads\/2024\/04\/20240430-NuevosAzulejosPasseigGroc-016-scaled.jpg","title":"20240430-NuevosAzulejosPasseigGroc-016","thumbnail":"https:\/\/villarrealcf.es\/wp-content\/uploads\/2024\/04\/20240430-NuevosAzulejosPasseigGroc-016-scaled.jpg","width":2560,"height":1707},{"url":"https:\/\/villarrealcf.es\/wp-content\/uploads\/2024\/04\/20240430-NuevosAzulejosPasseigGroc-020-scaled.jpg","title":"20240430-NuevosAzulejosPasseigGroc-020","thumbnail":"https:\/\/villarrealcf.es\/wp-content\/uploads\/2024\/04\/20240430-NuevosAzulejosPasseigGroc-020-scaled.jpg","width":2560,"height":1707},{"url":"https:\/\/villarrealcf.es\/wp-content\/uploads\/2024\/04\/20240430-NuevosAzulejosPasseigGroc-021-scaled.jpg","title":"20240430-NuevosAzulejosPasseigGroc-021","thumbnail":"https:\/\/villarrealcf.es\/wp-content\/uploads\/2024\/04\/20240430-NuevosAzulejosPasseigGroc-021-scaled.jpg","width":2560,"height":1707},{"url":"https:\/\/villarrealcf.es\/wp-content\/uploads\/2024\/04\/20240430-NuevosAzulejosPasseigGroc-022-scaled.jpg","title":"20240430-NuevosAzulejosPasseigGroc-022","thumbnail":"https:\/\/villarrealcf.es\/wp-content\/uploads\/2024\/04\/20240430-NuevosAzulejosPasseigGroc-022-scaled.jpg","width":2560,"height":1707},{"url":"https:\/\/villarrealcf.es\/wp-content\/uploads\/2024\/04\/20240430-NuevosAzulejosPasseigGroc-023-scaled.jpg","title":"20240430-NuevosAzulejosPasseigGroc-023","thumbnail":"https:\/\/villarrealcf.es\/wp-content\/uploads\/2024\/04\/20240430-NuevosAzulejosPasseigGroc-023-scaled.jpg","width":2560,"height":1707},{"url":"https:\/\/villarrealcf.es\/wp-content\/uploads\/2024\/04\/20240430-NuevosAzulejosPasseigGroc-025-1-scaled.jpg","title":"20240430-NuevosAzulejosPasseigGroc-025","thumbnail":"https:\/\/villarrealcf.es\/wp-content\/uploads\/2024\/04\/20240430-NuevosAzulejosPasseigGroc-025-1-scaled.jpg","width":2560,"height":1707},{"url":"https:\/\/villarrealcf.es\/wp-content\/uploads\/2024\/04\/20240430-NuevosAzulejosPasseigGroc-027-scaled.jpg","title":"20240430-NuevosAzulejosPasseigGroc-027","thumbnail":"https:\/\/villarrealcf.es\/wp-content\/uploads\/2024\/04\/20240430-NuevosAzulejosPasseigGroc-027-scaled.jpg","width":2560,"height":1707},{"url":"https:\/\/villarrealcf.es\/wp-content\/uploads\/2024\/04\/20240430-NuevosAzulejosPasseigGroc-033-scaled.jpg","title":"20240430-NuevosAzulejosPasseigGroc-033","thumbnail":"https:\/\/villarrealcf.es\/wp-content\/uploads\/2024\/04\/20240430-NuevosAzulejosPasseigGroc-033-scaled.jpg","width":2560,"height":1707},{"url":"https:\/\/villarrealcf.es\/wp-content\/uploads\/2024\/04\/20240430-NuevosAzulejosPasseigGroc-036-scaled.jpg","title":"20240430-NuevosAzulejosPasseigGroc-036","thumbnail":"https:\/\/villarrealcf.es\/wp-content\/uploads\/2024\/04\/20240430-NuevosAzulejosPasseigGroc-036-scaled.jpg","width":2560,"height":1707},{"url":"https:\/\/villarrealcf.es\/wp-content\/uploads\/2024\/04\/20240430-NuevosAzulejosPasseigGroc-037-scaled.jpg","title":"20240430-NuevosAzulejosPasseigGroc-037","thumbnail":"https:\/\/villarrealcf.es\/wp-content\/uploads\/2024\/04\/20240430-NuevosAzulejosPasseigGroc-037-scaled.jpg","width":2560,"height":1707},{"url":"https:\/\/villarrealcf.es\/wp-content\/uploads\/2024\/04\/20240430-NuevosAzulejosPasseigGroc-010-scaled.jpg","title":"20240430-NuevosAzulejosPasseigGroc-010","thumbnail":"https:\/\/villarrealcf.es\/wp-content\/uploads\/2024\/04\/20240430-NuevosAzulejosPasseigGroc-010-scaled.jpg","width":2560,"height":1707}]}],"children":[]}],"hero":{"id":"e45d52f","type":"container","classes":["elementor-section","elementor-top-section","elementor-element","elementor-element-e45d52f","elementor-section-boxed","elementor-section-height-default"],"title":"","text":"El Villarreal descobreix dues noves imatges de la hist\u00f2ria grogueta de Jos\u00e9 Manuel Llaneza i el centenari de l\u2019Estadi de la Cer\u00e0mica","headings":[],"texts":[{"type":"text","widget":"text-editor","text":"El Villarreal descobreix dues noves imatges de la hist\u00f2ria grogueta de Jos\u00e9 Manuel Llaneza i el centenari de l\u2019Estadi de la Cer\u00e0mica","paragraphs":[]}],"buttons":[],"images":[],"widgets":["text-editor"],"blocks":[{"type":"text","widget":"text-editor","text":"El Villarreal descobreix dues noves imatges de la hist\u00f2ria grogueta de Jos\u00e9 Manuel Llaneza i el centenari de l\u2019Estadi de la Cer\u00e0mica","paragraphs":[]}],"children":[]}},"sections":[{"id":"e45d52f","title":"El Villarreal descobreix dues noves imatges de la hist\u00f2ria grogueta de Jos\u00e9 Manuel Llaneza i el centenari de l\u2019Estadi de la Cer\u00e0mica","text":"El Villarreal descobreix dues noves imatges de la hist\u00f2ria grogueta de Jos\u00e9 Manuel Llaneza i el centenari de l\u2019Estadi de la Cer\u00e0mica","url":"","background_image":"","images":[],"videos":[],"links":[]},{"id":"2194e72","title":"El Villarreal CF ha presentat aquest dimarts les dues noves imatges del Passeig Groc. En un acte liderat per Fernando Roig i l\u2019alcalde de Vila-real Jos\u00e9 Benlloch, el club groc ha incl\u00f2s dos taulells en homenatge a Jos\u00e9 Manuel Llaneza, exvicepresident del Villarreal CF, i el centenari de l\u2019Estadi de la Cer\u00e0mica, que es va complir el passat 17 de juny de 2023.","text":"El Villarreal CF ha presentat aquest dimarts les dues noves imatges del Passeig Groc. En un acte liderat per Fernando Roig i l\u2019alcalde de Vila-real Jos\u00e9 Benlloch, el club groc ha incl\u00f2s dos taulells en homenatge a Jos\u00e9 Manuel Llaneza, exvicepresident del Villarreal CF, i el centenari de l\u2019Estadi de la Cer\u00e0mica, que es va complir el passat 17 de juny de 2023.","url":"","background_image":"","images":[],"videos":[],"links":[]},{"id":"77b54b9","title":"","text":"","url":"https:\/\/villarrealcf.es\/wp-content\/uploads\/2024\/04\/20240430-NuevosAzulejosPasseigGroc-011-scaled.jpg","background_image":"","images":[],"videos":[],"links":[{"url":"https:\/\/villarrealcf.es\/wp-content\/uploads\/2024\/04\/20240430-NuevosAzulejosPasseigGroc-011-scaled.jpg","text":"","target":""},{"url":"https:\/\/villarrealcf.es\/wp-content\/uploads\/2024\/04\/20240430-NuevosAzulejosPasseigGroc-016-scaled.jpg","text":"","target":""},{"url":"https:\/\/villarrealcf.es\/wp-content\/uploads\/2024\/04\/20240430-NuevosAzulejosPasseigGroc-020-scaled.jpg","text":"","target":""},{"url":"https:\/\/villarrealcf.es\/wp-content\/uploads\/2024\/04\/20240430-NuevosAzulejosPasseigGroc-021-scaled.jpg","text":"","target":""},{"url":"https:\/\/villarrealcf.es\/wp-content\/uploads\/2024\/04\/20240430-NuevosAzulejosPasseigGroc-022-scaled.jpg","text":"","target":""},{"url":"https:\/\/villarrealcf.es\/wp-content\/uploads\/2024\/04\/20240430-NuevosAzulejosPasseigGroc-023-scaled.jpg","text":"","target":""},{"url":"https:\/\/villarrealcf.es\/wp-content\/uploads\/2024\/04\/20240430-NuevosAzulejosPasseigGroc-025-1-scaled.jpg","text":"","target":""},{"url":"https:\/\/villarrealcf.es\/wp-content\/uploads\/2024\/04\/20240430-NuevosAzulejosPasseigGroc-027-scaled.jpg","text":"","target":""},{"url":"https:\/\/villarrealcf.es\/wp-content\/uploads\/2024\/04\/20240430-NuevosAzulejosPasseigGroc-033-scaled.jpg","text":"","target":""},{"url":"https:\/\/villarrealcf.es\/wp-content\/uploads\/2024\/04\/20240430-NuevosAzulejosPasseigGroc-036-scaled.jpg","text":"","target":""},{"url":"https:\/\/villarrealcf.es\/wp-content\/uploads\/2024\/04\/20240430-NuevosAzulejosPasseigGroc-037-scaled.jpg","text":"","target":""},{"url":"https:\/\/villarrealcf.es\/wp-content\/uploads\/2024\/04\/20240430-NuevosAzulejosPasseigGroc-010-scaled.jpg","text":"","target":""}]}]},"excerpt":{"rendered":"El Villarreal descobreix dues noves imatges de la hist\u00f2ria grogueta de Jos\u00e9 Manuel Llaneza i el centenari de l&#8217;Estadi de la Cer\u00e0mica","protected":false},"author":22,"featured_media":305730,"comment_status":"closed","ping_status":"closed","sticky":false,"template":"","format":"standard","meta":{"_acf_changed":false,"footnotes":""},"categories":[13484],"tags":[717,9270,13409,9278,716,9205,9627,9203],"acf":null,"lang":"val","translations":{"es":305678,"val":305810,"en":305894},"essential_grid":{"has_grid":false},"formatted_date":"April 30, 2024","modified_date":"April 30, 2024","permalink":"https:\/\/villarrealcf.es\/val\/les-millors-fotos-dels-nous-taulells-del-passeig-groc-2\/","reading_time":1,"featured_media_data":{"id":305730,"title":"20240430-NuevosAzulejosPasseigGroc-027","caption":"","alt_text":"","description":"","mime_type":"image\/jpeg","source_url":"https:\/\/villarrealcf.es\/wp-content\/uploads\/2024\/04\/20240430-NuevosAzulejosPasseigGroc-027-1.jpg","sizes":{"thumbnail":{"url":"https:\/\/villarrealcf.es\/wp-content\/uploads\/2024\/04\/20240430-NuevosAzulejosPasseigGroc-027-1-1920x1080.jpg","width":1920,"height":1080},"medium":{"url":"https:\/\/villarrealcf.es\/wp-content\/uploads\/2024\/04\/20240430-NuevosAzulejosPasseigGroc-027-1-1920x1080.jpg","width":1920,"height":1080},"medium_large":{"url":"https:\/\/villarrealcf.es\/wp-content\/uploads\/2024\/04\/20240430-NuevosAzulejosPasseigGroc-027-1-768x432.jpg","width":768,"height":432},"large":{"url":"https:\/\/villarrealcf.es\/wp-content\/uploads\/2024\/04\/20240430-NuevosAzulejosPasseigGroc-027-1-1920x1080.jpg","width":788,"height":443},"1536x1536":{"url":"https:\/\/villarrealcf.es\/wp-content\/uploads\/2024\/04\/20240430-NuevosAzulejosPasseigGroc-027-1-1536x864.jpg","width":1536,"height":864},"2048x2048":{"url":"https:\/\/villarrealcf.es\/wp-content\/uploads\/2024\/04\/20240430-NuevosAzulejosPasseigGroc-027-1-2048x1152.jpg","width":2048,"height":1152},"tp-image-grid":{"url":"https:\/\/villarrealcf.es\/wp-content\/uploads\/2024\/04\/20240430-NuevosAzulejosPasseigGroc-027-1-700x700.jpg","width":700,"height":700},"size-bunyad-medium":{"url":"https:\/\/villarrealcf.es\/wp-content\/uploads\/2024\/04\/20240430-NuevosAzulejosPasseigGroc-027-1-1920x1080.jpg","width":1920,"height":1080},"sportspress-crop-medium":{"url":"https:\/\/villarrealcf.es\/wp-content\/uploads\/2024\/04\/20240430-NuevosAzulejosPasseigGroc-027-1-300x300.jpg","width":300,"height":300},"sportspress-fit-medium":{"url":"https:\/\/villarrealcf.es\/wp-content\/uploads\/2024\/04\/20240430-NuevosAzulejosPasseigGroc-027-1-300x169.jpg","width":300,"height":169},"sportspress-fit-icon":{"url":"https:\/\/villarrealcf.es\/wp-content\/uploads\/2024\/04\/20240430-NuevosAzulejosPasseigGroc-027-1-128x72.jpg","width":128,"height":72},"sportspress-fit-mini":{"url":"https:\/\/villarrealcf.es\/wp-content\/uploads\/2024\/04\/20240430-NuevosAzulejosPasseigGroc-027-1-32x18.jpg","width":32,"height":18},"bunyad-small":{"url":"https:\/\/villarrealcf.es\/wp-content\/uploads\/2024\/04\/20240430-NuevosAzulejosPasseigGroc-027-1-150x84.jpg","width":150,"height":84},"bunyad-medium":{"url":"https:\/\/villarrealcf.es\/wp-content\/uploads\/2024\/04\/20240430-NuevosAzulejosPasseigGroc-027-1-450x253.jpg","width":450,"height":253},"bunyad-full":{"url":"https:\/\/villarrealcf.es\/wp-content\/uploads\/2024\/04\/20240430-NuevosAzulejosPasseigGroc-027-1-1200x675.jpg","width":1200,"height":675},"bunyad-viewport":{"url":"https:\/\/villarrealcf.es\/wp-content\/uploads\/2024\/04\/20240430-NuevosAzulejosPasseigGroc-027-1-2048x1152.jpg","width":2048,"height":1152},"bunyad-768":{"url":"https:\/\/villarrealcf.es\/wp-content\/uploads\/2024\/04\/20240430-NuevosAzulejosPasseigGroc-027-1-768x432.jpg","width":768,"height":432},"full":{"url":"https:\/\/villarrealcf.es\/wp-content\/uploads\/2024\/04\/20240430-NuevosAzulejosPasseigGroc-027-1.jpg","width":2507,"height":1410}}},"author_data":{"id":"22","name":"David Calder\u00f3n","first_name":"David","last_name":"Calder\u00f3n","description":"","avatar_url":"https:\/\/secure.gravatar.com\/avatar\/ca3914b05e6ff912415bb0b95a9fd87c2bbaf349c1fcd08d38cd4e6c56646e58?s=96&d=mm&r=g","acf":null},"taxonomies_data":{"category":[{"id":13484,"name":"Club","slug":"club","acf":null}],"post_tag":[{"id":717,"name":"Football","slug":"football-d34","acf":null},{"id":9270,"name":"Futbol","slug":"futbol-val","acf":null},{"id":13409,"name":"Galer\u00eda Club","slug":"galeria-club-val","acf":null},{"id":9278,"name":"primera division","slug":"primera-division-val","acf":null},{"id":716,"name":"Soccer","slug":"soccer-d105","acf":null},{"id":9205,"name":"Submarino","slug":"submarino-val","acf":null},{"id":9627,"name":"Submarino Amarillo","slug":"submarino-amarillo-val","acf":null},{"id":9203,"name":"Villarreal CF","slug":"villarreal-cf-val","acf":null}],"translation_priority":[{"id":735,"name":"Optional","slug":"optional-val","acf":null}]},"seo_full":{"native":{"title":"Les millors fotos dels nous taulells del Passeig Groc - Web Oficial del Villarreal CF","description":"El Villarreal descobreix dues noves imatges de la hist\u00f2ria grogueta de Jos\u00e9 Manuel Llaneza i el centenari de l'Estadi de la Cer\u00e0mica","canonical":"https:\/\/villarrealcf.es\/val\/les-millors-fotos-dels-nous-taulells-del-passeig-groc-2\/"}},"_links":{"self":[{"href":"https:\/\/villarrealcf.es\/val\/wp-json\/wp\/v2\/posts\/305810","targetHints":{"allow":["GET"]}}],"collection":[{"href":"https:\/\/villarrealcf.es\/val\/wp-json\/wp\/v2\/posts"}],"about":[{"href":"https:\/\/villarrealcf.es\/val\/wp-json\/wp\/v2\/types\/post"}],"author":[{"embeddable":true,"href":"https:\/\/villarrealcf.es\/val\/wp-json\/wp\/v2\/users\/22"}],"replies":[{"embeddable":true,"href":"https:\/\/villarrealcf.es\/val\/wp-json\/wp\/v2\/comments?post=305810"}],"version-history":[{"count":0,"href":"https:\/\/villarrealcf.es\/val\/wp-json\/wp\/v2\/posts\/305810\/revisions"}],"wp:featuredmedia":[{"embeddable":true,"href":"https:\/\/villarrealcf.es\/val\/wp-json\/wp\/v2\/media\/305730"}],"wp:attachment":[{"href":"https:\/\/villarrealcf.es\/val\/wp-json\/wp\/v2\/media?parent=305810"}],"wp:term":[{"taxonomy":"category","embeddable":true,"href":"https:\/\/villarrealcf.es\/val\/wp-json\/wp\/v2\/categories?post=305810"},{"taxonomy":"post_tag","embeddable":true,"href":"https:\/\/villarrealcf.es\/val\/wp-json\/wp\/v2\/tags?post=305810"}],"curies":[{"name":"wp","href":"https:\/\/api.w.org\/{rel}","templated":true}]}}