{"id":305593,"date":"2024-04-30T11:55:00","date_gmt":"2024-04-30T09:55:00","guid":{"rendered":"https:\/\/villarrealcf.es\/el-juvenil-a-levante-en-directo\/"},"modified":"2024-05-03T10:19:40","modified_gmt":"2024-05-03T08:19:40","slug":"el-juvenil-a-levante-en-directe","status":"publish","type":"post","link":"https:\/\/villarrealcf.es\/val\/el-juvenil-a-levante-en-directe\/","title":{"rendered":"El Juvenil A-Levante, en directe!"},"content":{"protected":false,"blocks":[{"type":"heading","level":2,"text":"Villarreal TV t\u2019oferix el matx del Villarreal Sub-19 este dissabte a les 11.00 hores"},{"type":"paragraph","text":"Villarreal TV retransmetr\u00e0 este dissabte a les 11.00 hores el partit entre el Juvenil A del Villarreal i el Levante UD, corresponent a la jornada 30 del Grup 7 de la Divisi\u00f3 d\u2019Honor Juvenil, que ser\u00e0 l\u2019\u00faltima del campionat. El partit es disputar\u00e0 en el Mini Estadi de la Ciutat Esportiva Jos\u00e9 Manuel Llaneza."},{"type":"paragraph","text":"Els aficionats groguets podran gaudir des de casa de les joves promeses de la Cantera Grogueta. La retransmissi\u00f3, que comptar\u00e0 amb els comentaris dels reporters de Villarreal TV, comen\u00e7ar\u00e0 deu minuts abans amb la millor pr\u00e8via del partit. El dol es podr\u00e0 seguir en directe a trav\u00e9s de la web oficial del club, aix\u00ed com des dels perfils oficials del Villarreal CF en X, Facebook, Instagram, YouTube i Twitch."},{"type":"paragraph","text":"Tancar la temporada amb una vict\u00f2ria"},{"type":"paragraph","text":"El Juvenil A arriba a l\u2019\u00faltim partit de lliga amb un ple de vict\u00f2ries en els \u00faltims sis partits, i a una jornada d\u2019acabar la competici\u00f3, el conjunt groguet \u00e9s quart en la classificaci\u00f3 amb 58 punts, per la qual cosa buscar\u00e0 tancar la temporada amb fermall d\u2019or, guanyant davant la seua afici\u00f3. No obstant aix\u00f2, el dissabte, els de B\u00e1rcena no tindran un partit senzill, ja que s\u2019enfronten a un Levante que \u00e9s l\u00edder de la categoria i s\u2019ha coronat com a campi\u00f3 de la competici\u00f3 amb 73 punts."}],"structured":{"summary":{"text":"Villarreal TV t\u2019oferix el matx del Villarreal Sub-19 este dissabte a les 11.00 hores Villarreal TV retransmetr\u00e0 este dissabte a les 11.00 hores el partit entre el Juvenil A del Villarreal i el Levante UD, corresponent a la jornada 30 del Grup 7 de la Divisi\u00f3 d\u2019Honor Juvenil, que ser\u00e0 l\u2019\u00faltima del campionat. El partit es disputar\u00e0 en el Mini Estadi de la Ciutat Esportiva Jos\u00e9 Manuel Llaneza. Els aficionats groguets podran gaudir des de casa de les joves promeses de la Cantera Grogueta. La retransmissi\u00f3, que comptar\u00e0 amb els comentaris dels reporters de Villarreal TV, comen\u00e7ar\u00e0 deu minuts abans amb la millor pr\u00e8via del partit. El dol es podr\u00e0 seguir en directe a trav\u00e9s de la web oficial del club, aix\u00ed com des dels perfils oficials del Villarreal CF en X, Facebook, Instagram, YouTube i Twitch. Tancar la temporada amb una vict\u00f2ria El Juvenil A arriba a l\u2019\u00faltim partit de lliga amb un ple de vict\u00f2ries en els \u00faltims sis partits, i a una jornada d\u2019acabar la competici\u00f3, el conjunt groguet \u00e9s quart en la classificaci\u00f3 amb 58 punts, per la qual cosa buscar\u00e0 tancar la temporada amb fermall d\u2019or, guanyant davant la seua afici\u00f3. No obstant aix\u00f2, el dissabte, els de B\u00e1rcena no tindran un partit senzill, ja que s\u2019enfronten a un Levante que \u00e9s l\u00edder de la categoria i s\u2019ha coronat com a campi\u00f3 de la competici\u00f3 amb 73 punts.","headings":[{"type":"heading","level":2,"text":"Villarreal TV t\u2019oferix el matx del Villarreal Sub-19 este dissabte a les 11.00 hores"}],"buttons":[],"images":[],"counts":{"blocks":5,"headings":1,"texts":4,"buttons":0,"images":0}},"sections":[{"id":"section-1","title":"Villarreal TV t\u2019oferix el matx del Villarreal Sub-19 este dissabte a les 11.00 hores","text":"Villarreal TV t\u2019oferix el matx del Villarreal Sub-19 este dissabte a les 11.00 hores Villarreal TV retransmetr\u00e0 este dissabte a les 11.00 hores el partit entre el Juvenil A del Villarreal i el Levante UD, corresponent a la jornada 30 del Grup 7 de la Divisi\u00f3 d\u2019Honor Juvenil, que ser\u00e0 l\u2019\u00faltima del campionat. El partit es disputar\u00e0 en el Mini Estadi de la Ciutat Esportiva Jos\u00e9 Manuel Llaneza. Els aficionats groguets podran gaudir des de casa de les joves promeses de la Cantera Grogueta. La retransmissi\u00f3, que comptar\u00e0 amb els comentaris dels reporters de Villarreal TV, comen\u00e7ar\u00e0 deu minuts abans amb la millor pr\u00e8via del partit. El dol es podr\u00e0 seguir en directe a trav\u00e9s de la web oficial del club, aix\u00ed com des dels perfils oficials del Villarreal CF en X, Facebook, Instagram, YouTube i Twitch. Tancar la temporada amb una vict\u00f2ria El Juvenil A arriba a l\u2019\u00faltim partit de lliga amb un ple de vict\u00f2ries en els \u00faltims sis partits, i a una jornada d\u2019acabar la competici\u00f3, el conjunt groguet \u00e9s quart en la classificaci\u00f3 amb 58 punts, per la qual cosa buscar\u00e0 tancar la temporada amb fermall d\u2019or, guanyant davant la seua afici\u00f3. No obstant aix\u00f2, el dissabte, els de B\u00e1rcena no tindran un partit senzill, ja que s\u2019enfronten a un Levante que \u00e9s l\u00edder de la categoria i s\u2019ha coronat com a campi\u00f3 de la competici\u00f3 amb 73 punts.","headings":[{"type":"heading","level":2,"text":"Villarreal TV t\u2019oferix el matx del Villarreal Sub-19 este dissabte a les 11.00 hores"}],"texts":[{"type":"paragraph","text":"Villarreal TV retransmetr\u00e0 este dissabte a les 11.00 hores el partit entre el Juvenil A del Villarreal i el Levante UD, corresponent a la jornada 30 del Grup 7 de la Divisi\u00f3 d\u2019Honor Juvenil, que ser\u00e0 l\u2019\u00faltima del campionat. El partit es disputar\u00e0 en el Mini Estadi de la Ciutat Esportiva Jos\u00e9 Manuel Llaneza."},{"type":"paragraph","text":"Els aficionats groguets podran gaudir des de casa de les joves promeses de la Cantera Grogueta. La retransmissi\u00f3, que comptar\u00e0 amb els comentaris dels reporters de Villarreal TV, comen\u00e7ar\u00e0 deu minuts abans amb la millor pr\u00e8via del partit. El dol es podr\u00e0 seguir en directe a trav\u00e9s de la web oficial del club, aix\u00ed com des dels perfils oficials del Villarreal CF en X, Facebook, Instagram, YouTube i Twitch."},{"type":"paragraph","text":"Tancar la temporada amb una vict\u00f2ria"},{"type":"paragraph","text":"El Juvenil A arriba a l\u2019\u00faltim partit de lliga amb un ple de vict\u00f2ries en els \u00faltims sis partits, i a una jornada d\u2019acabar la competici\u00f3, el conjunt groguet \u00e9s quart en la classificaci\u00f3 amb 58 punts, per la qual cosa buscar\u00e0 tancar la temporada amb fermall d\u2019or, guanyant davant la seua afici\u00f3. No obstant aix\u00f2, el dissabte, els de B\u00e1rcena no tindran un partit senzill, ja que s\u2019enfronten a un Levante que \u00e9s l\u00edder de la categoria i s\u2019ha coronat com a campi\u00f3 de la competici\u00f3 amb 73 punts."}],"buttons":[],"images":[],"widgets":[],"blocks":[{"type":"heading","level":2,"text":"Villarreal TV t\u2019oferix el matx del Villarreal Sub-19 este dissabte a les 11.00 hores"},{"type":"paragraph","text":"Villarreal TV retransmetr\u00e0 este dissabte a les 11.00 hores el partit entre el Juvenil A del Villarreal i el Levante UD, corresponent a la jornada 30 del Grup 7 de la Divisi\u00f3 d\u2019Honor Juvenil, que ser\u00e0 l\u2019\u00faltima del campionat. El partit es disputar\u00e0 en el Mini Estadi de la Ciutat Esportiva Jos\u00e9 Manuel Llaneza."},{"type":"paragraph","text":"Els aficionats groguets podran gaudir des de casa de les joves promeses de la Cantera Grogueta. La retransmissi\u00f3, que comptar\u00e0 amb els comentaris dels reporters de Villarreal TV, comen\u00e7ar\u00e0 deu minuts abans amb la millor pr\u00e8via del partit. El dol es podr\u00e0 seguir en directe a trav\u00e9s de la web oficial del club, aix\u00ed com des dels perfils oficials del Villarreal CF en X, Facebook, Instagram, YouTube i Twitch."},{"type":"paragraph","text":"Tancar la temporada amb una vict\u00f2ria"},{"type":"paragraph","text":"El Juvenil A arriba a l\u2019\u00faltim partit de lliga amb un ple de vict\u00f2ries en els \u00faltims sis partits, i a una jornada d\u2019acabar la competici\u00f3, el conjunt groguet \u00e9s quart en la classificaci\u00f3 amb 58 punts, per la qual cosa buscar\u00e0 tancar la temporada amb fermall d\u2019or, guanyant davant la seua afici\u00f3. No obstant aix\u00f2, el dissabte, els de B\u00e1rcena no tindran un partit senzill, ja que s\u2019enfronten a un Levante que \u00e9s l\u00edder de la categoria i s\u2019ha coronat com a campi\u00f3 de la competici\u00f3 amb 73 punts."}]}],"hero":{"id":"section-1","title":"Villarreal TV t\u2019oferix el matx del Villarreal Sub-19 este dissabte a les 11.00 hores","text":"Villarreal TV t\u2019oferix el matx del Villarreal Sub-19 este dissabte a les 11.00 hores Villarreal TV retransmetr\u00e0 este dissabte a les 11.00 hores el partit entre el Juvenil A del Villarreal i el Levante UD, corresponent a la jornada 30 del Grup 7 de la Divisi\u00f3 d\u2019Honor Juvenil, que ser\u00e0 l\u2019\u00faltima del campionat. El partit es disputar\u00e0 en el Mini Estadi de la Ciutat Esportiva Jos\u00e9 Manuel Llaneza. Els aficionats groguets podran gaudir des de casa de les joves promeses de la Cantera Grogueta. La retransmissi\u00f3, que comptar\u00e0 amb els comentaris dels reporters de Villarreal TV, comen\u00e7ar\u00e0 deu minuts abans amb la millor pr\u00e8via del partit. El dol es podr\u00e0 seguir en directe a trav\u00e9s de la web oficial del club, aix\u00ed com des dels perfils oficials del Villarreal CF en X, Facebook, Instagram, YouTube i Twitch. Tancar la temporada amb una vict\u00f2ria El Juvenil A arriba a l\u2019\u00faltim partit de lliga amb un ple de vict\u00f2ries en els \u00faltims sis partits, i a una jornada d\u2019acabar la competici\u00f3, el conjunt groguet \u00e9s quart en la classificaci\u00f3 amb 58 punts, per la qual cosa buscar\u00e0 tancar la temporada amb fermall d\u2019or, guanyant davant la seua afici\u00f3. No obstant aix\u00f2, el dissabte, els de B\u00e1rcena no tindran un partit senzill, ja que s\u2019enfronten a un Levante que \u00e9s l\u00edder de la categoria i s\u2019ha coronat com a campi\u00f3 de la competici\u00f3 amb 73 punts.","headings":[{"type":"heading","level":2,"text":"Villarreal TV t\u2019oferix el matx del Villarreal Sub-19 este dissabte a les 11.00 hores"}],"texts":[{"type":"paragraph","text":"Villarreal TV retransmetr\u00e0 este dissabte a les 11.00 hores el partit entre el Juvenil A del Villarreal i el Levante UD, corresponent a la jornada 30 del Grup 7 de la Divisi\u00f3 d\u2019Honor Juvenil, que ser\u00e0 l\u2019\u00faltima del campionat. El partit es disputar\u00e0 en el Mini Estadi de la Ciutat Esportiva Jos\u00e9 Manuel Llaneza."},{"type":"paragraph","text":"Els aficionats groguets podran gaudir des de casa de les joves promeses de la Cantera Grogueta. La retransmissi\u00f3, que comptar\u00e0 amb els comentaris dels reporters de Villarreal TV, comen\u00e7ar\u00e0 deu minuts abans amb la millor pr\u00e8via del partit. El dol es podr\u00e0 seguir en directe a trav\u00e9s de la web oficial del club, aix\u00ed com des dels perfils oficials del Villarreal CF en X, Facebook, Instagram, YouTube i Twitch."},{"type":"paragraph","text":"Tancar la temporada amb una vict\u00f2ria"},{"type":"paragraph","text":"El Juvenil A arriba a l\u2019\u00faltim partit de lliga amb un ple de vict\u00f2ries en els \u00faltims sis partits, i a una jornada d\u2019acabar la competici\u00f3, el conjunt groguet \u00e9s quart en la classificaci\u00f3 amb 58 punts, per la qual cosa buscar\u00e0 tancar la temporada amb fermall d\u2019or, guanyant davant la seua afici\u00f3. No obstant aix\u00f2, el dissabte, els de B\u00e1rcena no tindran un partit senzill, ja que s\u2019enfronten a un Levante que \u00e9s l\u00edder de la categoria i s\u2019ha coronat com a campi\u00f3 de la competici\u00f3 amb 73 punts."}],"buttons":[],"images":[],"widgets":[],"blocks":[{"type":"heading","level":2,"text":"Villarreal TV t\u2019oferix el matx del Villarreal Sub-19 este dissabte a les 11.00 hores"},{"type":"paragraph","text":"Villarreal TV retransmetr\u00e0 este dissabte a les 11.00 hores el partit entre el Juvenil A del Villarreal i el Levante UD, corresponent a la jornada 30 del Grup 7 de la Divisi\u00f3 d\u2019Honor Juvenil, que ser\u00e0 l\u2019\u00faltima del campionat. El partit es disputar\u00e0 en el Mini Estadi de la Ciutat Esportiva Jos\u00e9 Manuel Llaneza."},{"type":"paragraph","text":"Els aficionats groguets podran gaudir des de casa de les joves promeses de la Cantera Grogueta. La retransmissi\u00f3, que comptar\u00e0 amb els comentaris dels reporters de Villarreal TV, comen\u00e7ar\u00e0 deu minuts abans amb la millor pr\u00e8via del partit. El dol es podr\u00e0 seguir en directe a trav\u00e9s de la web oficial del club, aix\u00ed com des dels perfils oficials del Villarreal CF en X, Facebook, Instagram, YouTube i Twitch."},{"type":"paragraph","text":"Tancar la temporada amb una vict\u00f2ria"},{"type":"paragraph","text":"El Juvenil A arriba a l\u2019\u00faltim partit de lliga amb un ple de vict\u00f2ries en els \u00faltims sis partits, i a una jornada d\u2019acabar la competici\u00f3, el conjunt groguet \u00e9s quart en la classificaci\u00f3 amb 58 punts, per la qual cosa buscar\u00e0 tancar la temporada amb fermall d\u2019or, guanyant davant la seua afici\u00f3. No obstant aix\u00f2, el dissabte, els de B\u00e1rcena no tindran un partit senzill, ja que s\u2019enfronten a un Levante que \u00e9s l\u00edder de la categoria i s\u2019ha coronat com a campi\u00f3 de la competici\u00f3 amb 73 punts."}]}},"sections":[{"id":"section-1","title":"Villarreal TV t\u2019oferix el matx del Villarreal Sub-19 este dissabte a les 11.00 hores","text":"Villarreal TV t\u2019oferix el matx del Villarreal Sub-19 este dissabte a les 11.00 hores Villarreal TV retransmetr\u00e0 este dissabte a les 11.00 hores el partit entre el Juvenil A del Villarreal i el Levante UD, corresponent a la jornada 30 del Grup 7 de la Divisi\u00f3 d\u2019Honor Juvenil, que ser\u00e0 l\u2019\u00faltima del campionat. El partit es disputar\u00e0 en el Mini Estadi de la Ciutat Esportiva Jos\u00e9 Manuel Llaneza. Els aficionats groguets podran gaudir des de casa de les joves promeses de la Cantera Grogueta. La retransmissi\u00f3, que comptar\u00e0 amb els comentaris dels reporters de Villarreal TV, comen\u00e7ar\u00e0 deu minuts abans amb la millor pr\u00e8via del partit. El dol es podr\u00e0 seguir en directe a trav\u00e9s de la web oficial del club, aix\u00ed com des dels perfils oficials del Villarreal CF en X, Facebook, Instagram, YouTube i Twitch. Tancar la temporada amb una vict\u00f2ria El Juvenil A arriba a l\u2019\u00faltim partit de lliga amb un ple de vict\u00f2ries en els \u00faltims sis partits, i a una jornada d\u2019acabar la competici\u00f3, el conjunt groguet \u00e9s quart en la classificaci\u00f3 amb 58 punts, per la qual cosa buscar\u00e0 tancar la temporada amb fermall d\u2019or, guanyant davant la seua afici\u00f3. No obstant aix\u00f2, el dissabte, els de B\u00e1rcena no tindran un partit senzill, ja que s\u2019enfronten a un Levante que \u00e9s l\u00edder de la categoria i s\u2019ha coronat com a campi\u00f3 de la competici\u00f3 amb 73 punts.","url":"","background_image":"","images":[],"videos":[],"links":[]}]},"excerpt":{"rendered":"Villarreal TV te ofrece el encuentro del Villarreal Sub-19 este s\u00e1bado a las 11.00 horas","protected":false},"author":25,"featured_media":305591,"comment_status":"closed","ping_status":"closed","sticky":false,"template":"","format":"standard","meta":{"_acf_changed":false,"footnotes":""},"categories":[13803],"tags":[9366,10325,14361,717,9270,9227,9370,14320,9428,716,9205,9627,9203],"acf":null,"lang":"val","translations":{"es":305586,"val":305593,"en":305612},"essential_grid":{"has_grid":false},"formatted_date":"April 30, 2024","modified_date":"May 3, 2024","permalink":"https:\/\/villarrealcf.es\/val\/el-juvenil-a-levante-en-directe\/","reading_time":2,"featured_media_data":{"id":305591,"title":"20240113-VillarrealCFJuvA-EFBMiguelIturra-018","caption":"","alt_text":"","description":"","mime_type":"image\/jpeg","source_url":"https:\/\/villarrealcf.es\/wp-content\/uploads\/2024\/04\/20240113-VillarrealCFJuvA-EFBMiguelIturra-018-scaled.jpg","sizes":{"thumbnail":{"url":"https:\/\/villarrealcf.es\/wp-content\/uploads\/2024\/04\/20240113-VillarrealCFJuvA-EFBMiguelIturra-018-1920x1080.jpg","width":1920,"height":1080},"medium":{"url":"https:\/\/villarrealcf.es\/wp-content\/uploads\/2024\/04\/20240113-VillarrealCFJuvA-EFBMiguelIturra-018-1920x1080.jpg","width":1920,"height":1080},"medium_large":{"url":"https:\/\/villarrealcf.es\/wp-content\/uploads\/2024\/04\/20240113-VillarrealCFJuvA-EFBMiguelIturra-018-768x432.jpg","width":768,"height":432},"large":{"url":"https:\/\/villarrealcf.es\/wp-content\/uploads\/2024\/04\/20240113-VillarrealCFJuvA-EFBMiguelIturra-018-1920x1080.jpg","width":788,"height":443},"1536x1536":{"url":"https:\/\/villarrealcf.es\/wp-content\/uploads\/2024\/04\/20240113-VillarrealCFJuvA-EFBMiguelIturra-018-1536x864.jpg","width":1536,"height":864},"2048x2048":{"url":"https:\/\/villarrealcf.es\/wp-content\/uploads\/2024\/04\/20240113-VillarrealCFJuvA-EFBMiguelIturra-018-2048x1152.jpg","width":2048,"height":1152},"tp-image-grid":{"url":"https:\/\/villarrealcf.es\/wp-content\/uploads\/2024\/04\/20240113-VillarrealCFJuvA-EFBMiguelIturra-018-700x700.jpg","width":700,"height":700},"size-bunyad-medium":{"url":"https:\/\/villarrealcf.es\/wp-content\/uploads\/2024\/04\/20240113-VillarrealCFJuvA-EFBMiguelIturra-018-1920x1080.jpg","width":1920,"height":1080},"sportspress-crop-medium":{"url":"https:\/\/villarrealcf.es\/wp-content\/uploads\/2024\/04\/20240113-VillarrealCFJuvA-EFBMiguelIturra-018-300x300.jpg","width":300,"height":300},"sportspress-fit-medium":{"url":"https:\/\/villarrealcf.es\/wp-content\/uploads\/2024\/04\/20240113-VillarrealCFJuvA-EFBMiguelIturra-018-300x169.jpg","width":300,"height":169},"sportspress-fit-icon":{"url":"https:\/\/villarrealcf.es\/wp-content\/uploads\/2024\/04\/20240113-VillarrealCFJuvA-EFBMiguelIturra-018-128x72.jpg","width":128,"height":72},"sportspress-fit-mini":{"url":"https:\/\/villarrealcf.es\/wp-content\/uploads\/2024\/04\/20240113-VillarrealCFJuvA-EFBMiguelIturra-018-32x18.jpg","width":32,"height":18},"bunyad-small":{"url":"https:\/\/villarrealcf.es\/wp-content\/uploads\/2024\/04\/20240113-VillarrealCFJuvA-EFBMiguelIturra-018-150x84.jpg","width":150,"height":84},"bunyad-medium":{"url":"https:\/\/villarrealcf.es\/wp-content\/uploads\/2024\/04\/20240113-VillarrealCFJuvA-EFBMiguelIturra-018-450x253.jpg","width":450,"height":253},"bunyad-full":{"url":"https:\/\/villarrealcf.es\/wp-content\/uploads\/2024\/04\/20240113-VillarrealCFJuvA-EFBMiguelIturra-018-1200x675.jpg","width":1200,"height":675},"bunyad-viewport":{"url":"https:\/\/villarrealcf.es\/wp-content\/uploads\/2024\/04\/20240113-VillarrealCFJuvA-EFBMiguelIturra-018-2048x1152.jpg","width":2048,"height":1152},"bunyad-768":{"url":"https:\/\/villarrealcf.es\/wp-content\/uploads\/2024\/04\/20240113-VillarrealCFJuvA-EFBMiguelIturra-018-768x432.jpg","width":768,"height":432},"full":{"url":"https:\/\/villarrealcf.es\/wp-content\/uploads\/2024\/04\/20240113-VillarrealCFJuvA-EFBMiguelIturra-018-scaled.jpg","width":2560,"height":1439}}},"author_data":{"id":"25","name":"Javier Ayuso","first_name":"Javier","last_name":"Ayuso","description":"","avatar_url":"https:\/\/secure.gravatar.com\/avatar\/fcf8894be45988fcce5bbff0efe1790d2a7f4ba57e2c7c898f5068154e696495?s=96&d=mm&r=g","acf":null},"taxonomies_data":{"category":[{"id":13803,"name":"Futbol base","slug":"futbol-base-val-2","acf":null}],"post_tag":[{"id":9366,"name":"Cantera","slug":"cantera-val","acf":null},{"id":10325,"name":"Cantera Grogueta","slug":"cantera-grogueta-val","acf":null},{"id":14361,"name":"Ciudad Deportiva Jos\u00e9 Manuel Llaneza","slug":"ciudad-deportiva-jose-manuel-llaneza-2-val","acf":null},{"id":717,"name":"Football","slug":"football-d34","acf":null},{"id":9270,"name":"Futbol","slug":"futbol-val","acf":null},{"id":9227,"name":"F\u00fatbol Base","slug":"futbol-base-val","acf":null},{"id":9370,"name":"Juvenil A","slug":"juvenil-a-val","acf":null},{"id":14320,"name":"Live","slug":"live-2-val","acf":null},{"id":9428,"name":"Mini Estadi","slug":"mini-estadi-val","acf":null},{"id":716,"name":"Soccer","slug":"soccer-d105","acf":null},{"id":9205,"name":"Submarino","slug":"submarino-val","acf":null},{"id":9627,"name":"Submarino Amarillo","slug":"submarino-amarillo-val","acf":null},{"id":9203,"name":"Villarreal CF","slug":"villarreal-cf-val","acf":null}],"translation_priority":[{"id":735,"name":"Optional","slug":"optional-val","acf":null}]},"seo_full":{"native":{"title":"El Juvenil A-Levante, en directe! - Web Oficial del Villarreal CF","description":"Villarreal TV te ofrece el encuentro del Villarreal Sub-19 este s\u00e1bado a las 11.00 horas","canonical":"https:\/\/villarrealcf.es\/val\/el-juvenil-a-levante-en-directe\/"}},"_links":{"self":[{"href":"https:\/\/villarrealcf.es\/val\/wp-json\/wp\/v2\/posts\/305593","targetHints":{"allow":["GET"]}}],"collection":[{"href":"https:\/\/villarrealcf.es\/val\/wp-json\/wp\/v2\/posts"}],"about":[{"href":"https:\/\/villarrealcf.es\/val\/wp-json\/wp\/v2\/types\/post"}],"author":[{"embeddable":true,"href":"https:\/\/villarrealcf.es\/val\/wp-json\/wp\/v2\/users\/25"}],"replies":[{"embeddable":true,"href":"https:\/\/villarrealcf.es\/val\/wp-json\/wp\/v2\/comments?post=305593"}],"version-history":[{"count":0,"href":"https:\/\/villarrealcf.es\/val\/wp-json\/wp\/v2\/posts\/305593\/revisions"}],"wp:featuredmedia":[{"embeddable":true,"href":"https:\/\/villarrealcf.es\/val\/wp-json\/wp\/v2\/media\/305591"}],"wp:attachment":[{"href":"https:\/\/villarrealcf.es\/val\/wp-json\/wp\/v2\/media?parent=305593"}],"wp:term":[{"taxonomy":"category","embeddable":true,"href":"https:\/\/villarrealcf.es\/val\/wp-json\/wp\/v2\/categories?post=305593"},{"taxonomy":"post_tag","embeddable":true,"href":"https:\/\/villarrealcf.es\/val\/wp-json\/wp\/v2\/tags?post=305593"}],"curies":[{"name":"wp","href":"https:\/\/api.w.org\/{rel}","templated":true}]}}