{"id":305095,"date":"2024-04-26T15:58:38","date_gmt":"2024-04-26T13:58:38","guid":{"rendered":"https:\/\/villarrealcf.es\/sara-monforte-tenemos-que-ser-nosotras-e-ir-a-por-todas\/"},"modified":"2024-04-26T16:09:23","modified_gmt":"2024-04-26T14:09:23","slug":"sara-monforte-hem-de-ser-nosaltres-i-anar-per-totes","status":"publish","type":"post","link":"https:\/\/villarrealcf.es\/val\/sara-monforte-hem-de-ser-nosaltres-i-anar-per-totes\/","title":{"rendered":"Sara Monforte: \u201cHem de ser nosaltres i anar per totes\u201d"},"content":{"protected":false,"blocks":[{"type":"heading","level":2,"text":"El Villarreal Femen\u00ed es mesura aquest cap de setmana al Granada CF en un duel vital per a aconseguir l\u2019objectiu de la perman\u00e8ncia (dissabte, 12.00 hores)"},{"type":"paragraph","text":"L\u2019entrenadora del Villarreal Femen\u00ed, Sara Monforte, va compar\u00e9ixer en la roda de premsa pr\u00e8via al partit contra el Granada CF (dissabte, 12.00 hores) en el Mini Estadi."},{"type":"paragraph","text":"Aquestes s\u00f3n les declaracions de la preparadora castellonenca:"},{"type":"paragraph","text":"Sis jornades determinants"},{"type":"paragraph","text":"\u201cEns queden sis jornades que determinaran un poc els objectius de cadascun, comen\u00e7ant per aquest partit. Hem parlat un poc d\u2019aix\u00f2, \u00e9s com si fora una liguilla i cal ser l\u00edders i aconseguir l\u2019objectiu\u201d."},{"type":"paragraph","text":"Una oportunitat d\u2019or"},{"type":"paragraph","text":"\u201cHem recuperat a l\u2019equip. Despr\u00e9s del partit de Sevilla FC ens quedem un poc tocades perqu\u00e8 vam mer\u00e9ixer m\u00e9s. Estem amb moltes ganes de guanyar sabent que el Granada \u00e9s un grand\u00edssim rival. Cal anar per totes\u201d."},{"type":"paragraph","text":"Les claus"},{"type":"paragraph","text":"\u201cNo concedir molt. \u00c9s important la porteria a zero. \u00c9s un equip que t\u00e9 la pilota, encara que en els \u00faltims partits estan transitant m\u00e9s i amb efectivitat en les \u00e0rees. Hem de ser nosaltres. La clau seran els xicotets detalls. Hem de defensar m\u00e9s i atacar millor del que f\u00e9iem fins ara\u201d."},{"type":"video","kind":"iframe","url":"https:\/\/www.youtube.com\/embed\/AXGXbh0Gmr0?feature=oembed","poster":""}],"structured":{"summary":{"text":"El Villarreal Femen\u00ed es mesura aquest cap de setmana al Granada CF en un duel vital per a aconseguir l\u2019objectiu de la perman\u00e8ncia (dissabte, 12.00 hores) L\u2019entrenadora del Villarreal Femen\u00ed, Sara Monforte, va compar\u00e9ixer en la roda de premsa pr\u00e8via al partit contra el Granada CF (dissabte, 12.00 hores) en el Mini Estadi. Aquestes s\u00f3n les declaracions de la preparadora castellonenca: Sis jornades determinants \u201cEns queden sis jornades que determinaran un poc els objectius de cadascun, comen\u00e7ant per aquest partit. Hem parlat un poc d\u2019aix\u00f2, \u00e9s com si fora una liguilla i cal ser l\u00edders i aconseguir l\u2019objectiu\u201d. Una oportunitat d\u2019or \u201cHem recuperat a l\u2019equip. Despr\u00e9s del partit de Sevilla FC ens quedem un poc tocades perqu\u00e8 vam mer\u00e9ixer m\u00e9s. Estem amb moltes ganes de guanyar sabent que el Granada \u00e9s un grand\u00edssim rival. Cal anar per totes\u201d. Les claus \u201cNo concedir molt. \u00c9s important la porteria a zero. \u00c9s un equip que t\u00e9 la pilota, encara que en els \u00faltims partits estan transitant m\u00e9s i amb efectivitat en les \u00e0rees. Hem de ser nosaltres. La clau seran els xicotets detalls. Hem de defensar m\u00e9s i atacar millor del que f\u00e9iem fins ara\u201d.","headings":[{"type":"heading","level":2,"text":"El Villarreal Femen\u00ed es mesura aquest cap de setmana al Granada CF en un duel vital per a aconseguir l\u2019objectiu de la perman\u00e8ncia (dissabte, 12.00 hores)"}],"buttons":[],"images":[],"counts":{"blocks":10,"headings":1,"texts":8,"buttons":0,"images":0}},"sections":[{"id":"section-1","title":"El Villarreal Femen\u00ed es mesura aquest cap de setmana al Granada CF en un duel vital per a aconseguir l\u2019objectiu de la perman\u00e8ncia (dissabte, 12.00 hores)","text":"El Villarreal Femen\u00ed es mesura aquest cap de setmana al Granada CF en un duel vital per a aconseguir l\u2019objectiu de la perman\u00e8ncia (dissabte, 12.00 hores) L\u2019entrenadora del Villarreal Femen\u00ed, Sara Monforte, va compar\u00e9ixer en la roda de premsa pr\u00e8via al partit contra el Granada CF (dissabte, 12.00 hores) en el Mini Estadi. Aquestes s\u00f3n les declaracions de la preparadora castellonenca: Sis jornades determinants \u201cEns queden sis jornades que determinaran un poc els objectius de cadascun, comen\u00e7ant per aquest partit. Hem parlat un poc d\u2019aix\u00f2, \u00e9s com si fora una liguilla i cal ser l\u00edders i aconseguir l\u2019objectiu\u201d. Una oportunitat d\u2019or \u201cHem recuperat a l\u2019equip. Despr\u00e9s del partit de Sevilla FC ens quedem un poc tocades perqu\u00e8 vam mer\u00e9ixer m\u00e9s. Estem amb moltes ganes de guanyar sabent que el Granada \u00e9s un grand\u00edssim rival. Cal anar per totes\u201d. Les claus \u201cNo concedir molt. \u00c9s important la porteria a zero. \u00c9s un equip que t\u00e9 la pilota, encara que en els \u00faltims partits estan transitant m\u00e9s i amb efectivitat en les \u00e0rees. Hem de ser nosaltres. La clau seran els xicotets detalls. Hem de defensar m\u00e9s i atacar millor del que f\u00e9iem fins ara\u201d.","headings":[{"type":"heading","level":2,"text":"El Villarreal Femen\u00ed es mesura aquest cap de setmana al Granada CF en un duel vital per a aconseguir l\u2019objectiu de la perman\u00e8ncia (dissabte, 12.00 hores)"}],"texts":[{"type":"paragraph","text":"L\u2019entrenadora del Villarreal Femen\u00ed, Sara Monforte, va compar\u00e9ixer en la roda de premsa pr\u00e8via al partit contra el Granada CF (dissabte, 12.00 hores) en el Mini Estadi."},{"type":"paragraph","text":"Aquestes s\u00f3n les declaracions de la preparadora castellonenca:"},{"type":"paragraph","text":"Sis jornades determinants"},{"type":"paragraph","text":"\u201cEns queden sis jornades que determinaran un poc els objectius de cadascun, comen\u00e7ant per aquest partit. Hem parlat un poc d\u2019aix\u00f2, \u00e9s com si fora una liguilla i cal ser l\u00edders i aconseguir l\u2019objectiu\u201d."},{"type":"paragraph","text":"Una oportunitat d\u2019or"},{"type":"paragraph","text":"\u201cHem recuperat a l\u2019equip. Despr\u00e9s del partit de Sevilla FC ens quedem un poc tocades perqu\u00e8 vam mer\u00e9ixer m\u00e9s. Estem amb moltes ganes de guanyar sabent que el Granada \u00e9s un grand\u00edssim rival. Cal anar per totes\u201d."},{"type":"paragraph","text":"Les claus"},{"type":"paragraph","text":"\u201cNo concedir molt. \u00c9s important la porteria a zero. \u00c9s un equip que t\u00e9 la pilota, encara que en els \u00faltims partits estan transitant m\u00e9s i amb efectivitat en les \u00e0rees. Hem de ser nosaltres. La clau seran els xicotets detalls. Hem de defensar m\u00e9s i atacar millor del que f\u00e9iem fins ara\u201d."}],"buttons":[],"images":[],"widgets":[],"blocks":[{"type":"heading","level":2,"text":"El Villarreal Femen\u00ed es mesura aquest cap de setmana al Granada CF en un duel vital per a aconseguir l\u2019objectiu de la perman\u00e8ncia (dissabte, 12.00 hores)"},{"type":"paragraph","text":"L\u2019entrenadora del Villarreal Femen\u00ed, Sara Monforte, va compar\u00e9ixer en la roda de premsa pr\u00e8via al partit contra el Granada CF (dissabte, 12.00 hores) en el Mini Estadi."},{"type":"paragraph","text":"Aquestes s\u00f3n les declaracions de la preparadora castellonenca:"},{"type":"paragraph","text":"Sis jornades determinants"},{"type":"paragraph","text":"\u201cEns queden sis jornades que determinaran un poc els objectius de cadascun, comen\u00e7ant per aquest partit. Hem parlat un poc d\u2019aix\u00f2, \u00e9s com si fora una liguilla i cal ser l\u00edders i aconseguir l\u2019objectiu\u201d."},{"type":"paragraph","text":"Una oportunitat d\u2019or"},{"type":"paragraph","text":"\u201cHem recuperat a l\u2019equip. Despr\u00e9s del partit de Sevilla FC ens quedem un poc tocades perqu\u00e8 vam mer\u00e9ixer m\u00e9s. Estem amb moltes ganes de guanyar sabent que el Granada \u00e9s un grand\u00edssim rival. Cal anar per totes\u201d."},{"type":"paragraph","text":"Les claus"},{"type":"paragraph","text":"\u201cNo concedir molt. \u00c9s important la porteria a zero. \u00c9s un equip que t\u00e9 la pilota, encara que en els \u00faltims partits estan transitant m\u00e9s i amb efectivitat en les \u00e0rees. Hem de ser nosaltres. La clau seran els xicotets detalls. Hem de defensar m\u00e9s i atacar millor del que f\u00e9iem fins ara\u201d."},{"type":"video","kind":"iframe","url":"https:\/\/www.youtube.com\/embed\/AXGXbh0Gmr0?feature=oembed","poster":""}]}],"hero":{"id":"section-1","title":"El Villarreal Femen\u00ed es mesura aquest cap de setmana al Granada CF en un duel vital per a aconseguir l\u2019objectiu de la perman\u00e8ncia (dissabte, 12.00 hores)","text":"El Villarreal Femen\u00ed es mesura aquest cap de setmana al Granada CF en un duel vital per a aconseguir l\u2019objectiu de la perman\u00e8ncia (dissabte, 12.00 hores) L\u2019entrenadora del Villarreal Femen\u00ed, Sara Monforte, va compar\u00e9ixer en la roda de premsa pr\u00e8via al partit contra el Granada CF (dissabte, 12.00 hores) en el Mini Estadi. Aquestes s\u00f3n les declaracions de la preparadora castellonenca: Sis jornades determinants \u201cEns queden sis jornades que determinaran un poc els objectius de cadascun, comen\u00e7ant per aquest partit. Hem parlat un poc d\u2019aix\u00f2, \u00e9s com si fora una liguilla i cal ser l\u00edders i aconseguir l\u2019objectiu\u201d. Una oportunitat d\u2019or \u201cHem recuperat a l\u2019equip. Despr\u00e9s del partit de Sevilla FC ens quedem un poc tocades perqu\u00e8 vam mer\u00e9ixer m\u00e9s. Estem amb moltes ganes de guanyar sabent que el Granada \u00e9s un grand\u00edssim rival. Cal anar per totes\u201d. Les claus \u201cNo concedir molt. \u00c9s important la porteria a zero. \u00c9s un equip que t\u00e9 la pilota, encara que en els \u00faltims partits estan transitant m\u00e9s i amb efectivitat en les \u00e0rees. Hem de ser nosaltres. La clau seran els xicotets detalls. Hem de defensar m\u00e9s i atacar millor del que f\u00e9iem fins ara\u201d.","headings":[{"type":"heading","level":2,"text":"El Villarreal Femen\u00ed es mesura aquest cap de setmana al Granada CF en un duel vital per a aconseguir l\u2019objectiu de la perman\u00e8ncia (dissabte, 12.00 hores)"}],"texts":[{"type":"paragraph","text":"L\u2019entrenadora del Villarreal Femen\u00ed, Sara Monforte, va compar\u00e9ixer en la roda de premsa pr\u00e8via al partit contra el Granada CF (dissabte, 12.00 hores) en el Mini Estadi."},{"type":"paragraph","text":"Aquestes s\u00f3n les declaracions de la preparadora castellonenca:"},{"type":"paragraph","text":"Sis jornades determinants"},{"type":"paragraph","text":"\u201cEns queden sis jornades que determinaran un poc els objectius de cadascun, comen\u00e7ant per aquest partit. Hem parlat un poc d\u2019aix\u00f2, \u00e9s com si fora una liguilla i cal ser l\u00edders i aconseguir l\u2019objectiu\u201d."},{"type":"paragraph","text":"Una oportunitat d\u2019or"},{"type":"paragraph","text":"\u201cHem recuperat a l\u2019equip. Despr\u00e9s del partit de Sevilla FC ens quedem un poc tocades perqu\u00e8 vam mer\u00e9ixer m\u00e9s. Estem amb moltes ganes de guanyar sabent que el Granada \u00e9s un grand\u00edssim rival. Cal anar per totes\u201d."},{"type":"paragraph","text":"Les claus"},{"type":"paragraph","text":"\u201cNo concedir molt. \u00c9s important la porteria a zero. \u00c9s un equip que t\u00e9 la pilota, encara que en els \u00faltims partits estan transitant m\u00e9s i amb efectivitat en les \u00e0rees. Hem de ser nosaltres. La clau seran els xicotets detalls. Hem de defensar m\u00e9s i atacar millor del que f\u00e9iem fins ara\u201d."}],"buttons":[],"images":[],"widgets":[],"blocks":[{"type":"heading","level":2,"text":"El Villarreal Femen\u00ed es mesura aquest cap de setmana al Granada CF en un duel vital per a aconseguir l\u2019objectiu de la perman\u00e8ncia (dissabte, 12.00 hores)"},{"type":"paragraph","text":"L\u2019entrenadora del Villarreal Femen\u00ed, Sara Monforte, va compar\u00e9ixer en la roda de premsa pr\u00e8via al partit contra el Granada CF (dissabte, 12.00 hores) en el Mini Estadi."},{"type":"paragraph","text":"Aquestes s\u00f3n les declaracions de la preparadora castellonenca:"},{"type":"paragraph","text":"Sis jornades determinants"},{"type":"paragraph","text":"\u201cEns queden sis jornades que determinaran un poc els objectius de cadascun, comen\u00e7ant per aquest partit. Hem parlat un poc d\u2019aix\u00f2, \u00e9s com si fora una liguilla i cal ser l\u00edders i aconseguir l\u2019objectiu\u201d."},{"type":"paragraph","text":"Una oportunitat d\u2019or"},{"type":"paragraph","text":"\u201cHem recuperat a l\u2019equip. Despr\u00e9s del partit de Sevilla FC ens quedem un poc tocades perqu\u00e8 vam mer\u00e9ixer m\u00e9s. Estem amb moltes ganes de guanyar sabent que el Granada \u00e9s un grand\u00edssim rival. Cal anar per totes\u201d."},{"type":"paragraph","text":"Les claus"},{"type":"paragraph","text":"\u201cNo concedir molt. \u00c9s important la porteria a zero. \u00c9s un equip que t\u00e9 la pilota, encara que en els \u00faltims partits estan transitant m\u00e9s i amb efectivitat en les \u00e0rees. Hem de ser nosaltres. La clau seran els xicotets detalls. Hem de defensar m\u00e9s i atacar millor del que f\u00e9iem fins ara\u201d."},{"type":"video","kind":"iframe","url":"https:\/\/www.youtube.com\/embed\/AXGXbh0Gmr0?feature=oembed","poster":""}]}},"sections":[{"id":"section-1","title":"El Villarreal Femen\u00ed es mesura aquest cap de setmana al Granada CF en un duel vital per a aconseguir l\u2019objectiu de la perman\u00e8ncia (dissabte, 12.00 hores)","text":"El Villarreal Femen\u00ed es mesura aquest cap de setmana al Granada CF en un duel vital per a aconseguir l\u2019objectiu de la perman\u00e8ncia (dissabte, 12.00 hores) L\u2019entrenadora del Villarreal Femen\u00ed, Sara Monforte, va compar\u00e9ixer en la roda de premsa pr\u00e8via al partit contra el Granada CF (dissabte, 12.00 hores) en el Mini Estadi. Aquestes s\u00f3n les declaracions de la preparadora castellonenca: Sis jornades determinants \u201cEns queden sis jornades que determinaran un poc els objectius de cadascun, comen\u00e7ant per aquest partit. Hem parlat un poc d\u2019aix\u00f2, \u00e9s com si fora una liguilla i cal ser l\u00edders i aconseguir l\u2019objectiu\u201d. Una oportunitat d\u2019or \u201cHem recuperat a l\u2019equip. Despr\u00e9s del partit de Sevilla FC ens quedem un poc tocades perqu\u00e8 vam mer\u00e9ixer m\u00e9s. Estem amb moltes ganes de guanyar sabent que el Granada \u00e9s un grand\u00edssim rival. Cal anar per totes\u201d. Les claus \u201cNo concedir molt. \u00c9s important la porteria a zero. \u00c9s un equip que t\u00e9 la pilota, encara que en els \u00faltims partits estan transitant m\u00e9s i amb efectivitat en les \u00e0rees. Hem de ser nosaltres. La clau seran els xicotets detalls. Hem de defensar m\u00e9s i atacar millor del que f\u00e9iem fins ara\u201d.","url":"","background_image":"","images":[],"videos":[{"type":"video","kind":"iframe","url":"https:\/\/www.youtube.com\/embed\/AXGXbh0Gmr0?feature=oembed","poster":""}],"links":[]}]},"excerpt":{"rendered":"El Villarreal Femen\u00ed es mesura aquest cap de setmana al Granada CF en un duel vital per a aconseguir l&#8217;objectiu de la perman\u00e8ncia (dissabte, 12.00 hores)","protected":false},"author":29,"featured_media":305090,"comment_status":"closed","ping_status":"closed","sticky":false,"template":"","format":"standard","meta":{"_acf_changed":false,"footnotes":""},"categories":[13785],"tags":[717,9270,9684,9641,14375,11768,716,9205,9203,12685],"acf":null,"lang":"val","translations":{"es":305087,"val":305095,"en":305098},"essential_grid":{"has_grid":false},"formatted_date":"April 26, 2024","modified_date":"April 26, 2024","permalink":"https:\/\/villarrealcf.es\/val\/sara-monforte-hem-de-ser-nosaltres-i-anar-per-totes\/","reading_time":2,"featured_media_data":{"id":305090,"title":"20240426-RP Sara Monforte-004 ok","caption":"","alt_text":"","description":"","mime_type":"image\/jpeg","source_url":"https:\/\/villarrealcf.es\/wp-content\/uploads\/2024\/04\/20240426-RP-Sara-Monforte-004-ok.jpg","sizes":{"thumbnail":{"url":"https:\/\/villarrealcf.es\/wp-content\/uploads\/2024\/04\/20240426-RP-Sara-Monforte-004-ok-1920x1080.jpg","width":1920,"height":1080},"medium":{"url":"https:\/\/villarrealcf.es\/wp-content\/uploads\/2024\/04\/20240426-RP-Sara-Monforte-004-ok-1920x1080.jpg","width":1920,"height":1080},"medium_large":{"url":"https:\/\/villarrealcf.es\/wp-content\/uploads\/2024\/04\/20240426-RP-Sara-Monforte-004-ok-768x432.jpg","width":768,"height":432},"large":{"url":"https:\/\/villarrealcf.es\/wp-content\/uploads\/2024\/04\/20240426-RP-Sara-Monforte-004-ok-1920x1080.jpg","width":788,"height":443},"1536x1536":{"url":"https:\/\/villarrealcf.es\/wp-content\/uploads\/2024\/04\/20240426-RP-Sara-Monforte-004-ok-1536x864.jpg","width":1536,"height":864},"2048x2048":{"url":"https:\/\/villarrealcf.es\/wp-content\/uploads\/2024\/04\/20240426-RP-Sara-Monforte-004-ok.jpg","width":1920,"height":1080},"tp-image-grid":{"url":"https:\/\/villarrealcf.es\/wp-content\/uploads\/2024\/04\/20240426-RP-Sara-Monforte-004-ok-700x700.jpg","width":700,"height":700},"size-bunyad-medium":{"url":"https:\/\/villarrealcf.es\/wp-content\/uploads\/2024\/04\/20240426-RP-Sara-Monforte-004-ok-1920x1080.jpg","width":1920,"height":1080},"sportspress-crop-medium":{"url":"https:\/\/villarrealcf.es\/wp-content\/uploads\/2024\/04\/20240426-RP-Sara-Monforte-004-ok-300x300.jpg","width":300,"height":300},"sportspress-fit-medium":{"url":"https:\/\/villarrealcf.es\/wp-content\/uploads\/2024\/04\/20240426-RP-Sara-Monforte-004-ok-300x169.jpg","width":300,"height":169},"sportspress-fit-icon":{"url":"https:\/\/villarrealcf.es\/wp-content\/uploads\/2024\/04\/20240426-RP-Sara-Monforte-004-ok-128x72.jpg","width":128,"height":72},"sportspress-fit-mini":{"url":"https:\/\/villarrealcf.es\/wp-content\/uploads\/2024\/04\/20240426-RP-Sara-Monforte-004-ok-32x18.jpg","width":32,"height":18},"bunyad-small":{"url":"https:\/\/villarrealcf.es\/wp-content\/uploads\/2024\/04\/20240426-RP-Sara-Monforte-004-ok-150x84.jpg","width":150,"height":84},"bunyad-medium":{"url":"https:\/\/villarrealcf.es\/wp-content\/uploads\/2024\/04\/20240426-RP-Sara-Monforte-004-ok-450x253.jpg","width":450,"height":253},"bunyad-full":{"url":"https:\/\/villarrealcf.es\/wp-content\/uploads\/2024\/04\/20240426-RP-Sara-Monforte-004-ok-1200x675.jpg","width":1200,"height":675},"bunyad-viewport":{"url":"https:\/\/villarrealcf.es\/wp-content\/uploads\/2024\/04\/20240426-RP-Sara-Monforte-004-ok.jpg","width":1920,"height":1080},"bunyad-768":{"url":"https:\/\/villarrealcf.es\/wp-content\/uploads\/2024\/04\/20240426-RP-Sara-Monforte-004-ok-768x432.jpg","width":768,"height":432},"full":{"url":"https:\/\/villarrealcf.es\/wp-content\/uploads\/2024\/04\/20240426-RP-Sara-Monforte-004-ok.jpg","width":1920,"height":1080}}},"author_data":{"id":"29","name":"Azahara Beroy","first_name":"Azahara","last_name":"Beroy","description":"","avatar_url":"https:\/\/secure.gravatar.com\/avatar\/91b979a91a1925e60814719244bbf7824af58ced5a6e2130c2611bde24439aa7?s=96&d=mm&r=g","acf":null},"taxonomies_data":{"category":[{"id":13785,"name":"Futbol Femen\u00ed","slug":"futbol-femenino-val","acf":null}],"post_tag":[{"id":717,"name":"Football","slug":"football-d34","acf":null},{"id":9270,"name":"Futbol","slug":"futbol-val","acf":null},{"id":9684,"name":"F\u00fatbol Femenino","slug":"futbol-femenino-val-2","acf":null},{"id":9641,"name":"Granada CF","slug":"granada-cf-val","acf":null},{"id":14375,"name":"Liga F","slug":"liga-f-2-val","acf":null},{"id":11768,"name":"Sara Monforte","slug":"sara-monforte-val","acf":null},{"id":716,"name":"Soccer","slug":"soccer-d105","acf":null},{"id":9205,"name":"Submarino","slug":"submarino-val","acf":null},{"id":9203,"name":"Villarreal CF","slug":"villarreal-cf-val","acf":null},{"id":12685,"name":"Villarreal Femenino","slug":"villarreal-femenino-val","acf":null}],"translation_priority":[{"id":735,"name":"Optional","slug":"optional-val","acf":null}]},"seo_full":{"native":{"title":"Sara Monforte: \u201cHem de ser nosaltres i anar per totes\u201d - Web Oficial del Villarreal CF","description":"El Villarreal Femen\u00ed es mesura aquest cap de setmana al Granada CF en un duel vital per a aconseguir l'objectiu de la perman\u00e8ncia (dissabte, 12.00 hores)","canonical":"https:\/\/villarrealcf.es\/val\/sara-monforte-hem-de-ser-nosaltres-i-anar-per-totes\/"}},"_links":{"self":[{"href":"https:\/\/villarrealcf.es\/val\/wp-json\/wp\/v2\/posts\/305095","targetHints":{"allow":["GET"]}}],"collection":[{"href":"https:\/\/villarrealcf.es\/val\/wp-json\/wp\/v2\/posts"}],"about":[{"href":"https:\/\/villarrealcf.es\/val\/wp-json\/wp\/v2\/types\/post"}],"author":[{"embeddable":true,"href":"https:\/\/villarrealcf.es\/val\/wp-json\/wp\/v2\/users\/29"}],"replies":[{"embeddable":true,"href":"https:\/\/villarrealcf.es\/val\/wp-json\/wp\/v2\/comments?post=305095"}],"version-history":[{"count":0,"href":"https:\/\/villarrealcf.es\/val\/wp-json\/wp\/v2\/posts\/305095\/revisions"}],"wp:featuredmedia":[{"embeddable":true,"href":"https:\/\/villarrealcf.es\/val\/wp-json\/wp\/v2\/media\/305090"}],"wp:attachment":[{"href":"https:\/\/villarrealcf.es\/val\/wp-json\/wp\/v2\/media?parent=305095"}],"wp:term":[{"taxonomy":"category","embeddable":true,"href":"https:\/\/villarrealcf.es\/val\/wp-json\/wp\/v2\/categories?post=305095"},{"taxonomy":"post_tag","embeddable":true,"href":"https:\/\/villarrealcf.es\/val\/wp-json\/wp\/v2\/tags?post=305095"}],"curies":[{"name":"wp","href":"https:\/\/api.w.org\/{rel}","templated":true}]}}