{"id":304926,"date":"2024-04-25T15:58:03","date_gmt":"2024-04-25T13:58:03","guid":{"rendered":"https:\/\/villarrealcf.es\/horarios-confirmados-para-los-partidos-contra-sevilla-y-girona\/"},"modified":"2024-04-25T16:00:49","modified_gmt":"2024-04-25T14:00:49","slug":"horaris-per-als-partits-contra-sevilla-i-girona","status":"publish","type":"post","link":"https:\/\/villarrealcf.es\/val\/horaris-per-als-partits-contra-sevilla-i-girona\/","title":{"rendered":"Horaris per als partits contra Sevilla i Girona"},"content":{"protected":false,"blocks":[{"type":"heading","level":2,"text":"LALIGA ha anunciat les dates i horaris de les jornades 35 i 36 de la present campanya 2023\/24"},{"type":"paragraph","text":"LALIGA EA Sports ha anunciat els horaris per als partits de les jornades 35 i 36 del present campionat dom\u00e8stic. El Villarreal CF rebr\u00e0 al Sevilla FC el dissabte 11 de maig, de les 16.15 hores, en l\u2019Estadio de la Cer\u00e1mica. Tres dies m\u00e9s tard, el Submar\u00ed visitar\u00e0 al Girona, el dimarts 14 de maig, a les 22.00 hores, en l\u2019Estadi de Montilivi. Els dos partits es podran veure en directe per televisi\u00f3 a trav\u00e9s de Movistar + LALIGA. I fins i tot, el encontre davant els andalusos s\u2019emetr\u00e0 en obert per GOL."},{"type":"paragraph","text":"Els hashtags de seguiment dels dos partits en xarxes socials s\u00f3n #VillarrealSevillaFC y #GironaVillarreal"}],"structured":{"summary":{"text":"LALIGA ha anunciat les dates i horaris de les jornades 35 i 36 de la present campanya 2023\/24 LALIGA EA Sports ha anunciat els horaris per als partits de les jornades 35 i 36 del present campionat dom\u00e8stic. El Villarreal CF rebr\u00e0 al Sevilla FC el dissabte 11 de maig, de les 16.15 hores, en l\u2019Estadio de la Cer\u00e1mica. Tres dies m\u00e9s tard, el Submar\u00ed visitar\u00e0 al Girona, el dimarts 14 de maig, a les 22.00 hores, en l\u2019Estadi de Montilivi. Els dos partits es podran veure en directe per televisi\u00f3 a trav\u00e9s de Movistar + LALIGA. I fins i tot, el encontre davant els andalusos s\u2019emetr\u00e0 en obert per GOL. Els hashtags de seguiment dels dos partits en xarxes socials s\u00f3n #VillarrealSevillaFC y #GironaVillarreal","headings":[{"type":"heading","level":2,"text":"LALIGA ha anunciat les dates i horaris de les jornades 35 i 36 de la present campanya 2023\/24"}],"buttons":[],"images":[],"counts":{"blocks":3,"headings":1,"texts":2,"buttons":0,"images":0}},"sections":[{"id":"section-1","title":"LALIGA ha anunciat les dates i horaris de les jornades 35 i 36 de la present campanya 2023\/24","text":"LALIGA ha anunciat les dates i horaris de les jornades 35 i 36 de la present campanya 2023\/24 LALIGA EA Sports ha anunciat els horaris per als partits de les jornades 35 i 36 del present campionat dom\u00e8stic. El Villarreal CF rebr\u00e0 al Sevilla FC el dissabte 11 de maig, de les 16.15 hores, en l\u2019Estadio de la Cer\u00e1mica. Tres dies m\u00e9s tard, el Submar\u00ed visitar\u00e0 al Girona, el dimarts 14 de maig, a les 22.00 hores, en l\u2019Estadi de Montilivi. Els dos partits es podran veure en directe per televisi\u00f3 a trav\u00e9s de Movistar + LALIGA. I fins i tot, el encontre davant els andalusos s\u2019emetr\u00e0 en obert per GOL. Els hashtags de seguiment dels dos partits en xarxes socials s\u00f3n #VillarrealSevillaFC y #GironaVillarreal","headings":[{"type":"heading","level":2,"text":"LALIGA ha anunciat les dates i horaris de les jornades 35 i 36 de la present campanya 2023\/24"}],"texts":[{"type":"paragraph","text":"LALIGA EA Sports ha anunciat els horaris per als partits de les jornades 35 i 36 del present campionat dom\u00e8stic. El Villarreal CF rebr\u00e0 al Sevilla FC el dissabte 11 de maig, de les 16.15 hores, en l\u2019Estadio de la Cer\u00e1mica. Tres dies m\u00e9s tard, el Submar\u00ed visitar\u00e0 al Girona, el dimarts 14 de maig, a les 22.00 hores, en l\u2019Estadi de Montilivi. Els dos partits es podran veure en directe per televisi\u00f3 a trav\u00e9s de Movistar + LALIGA. I fins i tot, el encontre davant els andalusos s\u2019emetr\u00e0 en obert per GOL."},{"type":"paragraph","text":"Els hashtags de seguiment dels dos partits en xarxes socials s\u00f3n #VillarrealSevillaFC y #GironaVillarreal"}],"buttons":[],"images":[],"widgets":[],"blocks":[{"type":"heading","level":2,"text":"LALIGA ha anunciat les dates i horaris de les jornades 35 i 36 de la present campanya 2023\/24"},{"type":"paragraph","text":"LALIGA EA Sports ha anunciat els horaris per als partits de les jornades 35 i 36 del present campionat dom\u00e8stic. El Villarreal CF rebr\u00e0 al Sevilla FC el dissabte 11 de maig, de les 16.15 hores, en l\u2019Estadio de la Cer\u00e1mica. Tres dies m\u00e9s tard, el Submar\u00ed visitar\u00e0 al Girona, el dimarts 14 de maig, a les 22.00 hores, en l\u2019Estadi de Montilivi. Els dos partits es podran veure en directe per televisi\u00f3 a trav\u00e9s de Movistar + LALIGA. I fins i tot, el encontre davant els andalusos s\u2019emetr\u00e0 en obert per GOL."},{"type":"paragraph","text":"Els hashtags de seguiment dels dos partits en xarxes socials s\u00f3n #VillarrealSevillaFC y #GironaVillarreal"}]}],"hero":{"id":"section-1","title":"LALIGA ha anunciat les dates i horaris de les jornades 35 i 36 de la present campanya 2023\/24","text":"LALIGA ha anunciat les dates i horaris de les jornades 35 i 36 de la present campanya 2023\/24 LALIGA EA Sports ha anunciat els horaris per als partits de les jornades 35 i 36 del present campionat dom\u00e8stic. El Villarreal CF rebr\u00e0 al Sevilla FC el dissabte 11 de maig, de les 16.15 hores, en l\u2019Estadio de la Cer\u00e1mica. Tres dies m\u00e9s tard, el Submar\u00ed visitar\u00e0 al Girona, el dimarts 14 de maig, a les 22.00 hores, en l\u2019Estadi de Montilivi. Els dos partits es podran veure en directe per televisi\u00f3 a trav\u00e9s de Movistar + LALIGA. I fins i tot, el encontre davant els andalusos s\u2019emetr\u00e0 en obert per GOL. Els hashtags de seguiment dels dos partits en xarxes socials s\u00f3n #VillarrealSevillaFC y #GironaVillarreal","headings":[{"type":"heading","level":2,"text":"LALIGA ha anunciat les dates i horaris de les jornades 35 i 36 de la present campanya 2023\/24"}],"texts":[{"type":"paragraph","text":"LALIGA EA Sports ha anunciat els horaris per als partits de les jornades 35 i 36 del present campionat dom\u00e8stic. El Villarreal CF rebr\u00e0 al Sevilla FC el dissabte 11 de maig, de les 16.15 hores, en l\u2019Estadio de la Cer\u00e1mica. Tres dies m\u00e9s tard, el Submar\u00ed visitar\u00e0 al Girona, el dimarts 14 de maig, a les 22.00 hores, en l\u2019Estadi de Montilivi. Els dos partits es podran veure en directe per televisi\u00f3 a trav\u00e9s de Movistar + LALIGA. I fins i tot, el encontre davant els andalusos s\u2019emetr\u00e0 en obert per GOL."},{"type":"paragraph","text":"Els hashtags de seguiment dels dos partits en xarxes socials s\u00f3n #VillarrealSevillaFC y #GironaVillarreal"}],"buttons":[],"images":[],"widgets":[],"blocks":[{"type":"heading","level":2,"text":"LALIGA ha anunciat les dates i horaris de les jornades 35 i 36 de la present campanya 2023\/24"},{"type":"paragraph","text":"LALIGA EA Sports ha anunciat els horaris per als partits de les jornades 35 i 36 del present campionat dom\u00e8stic. El Villarreal CF rebr\u00e0 al Sevilla FC el dissabte 11 de maig, de les 16.15 hores, en l\u2019Estadio de la Cer\u00e1mica. Tres dies m\u00e9s tard, el Submar\u00ed visitar\u00e0 al Girona, el dimarts 14 de maig, a les 22.00 hores, en l\u2019Estadi de Montilivi. Els dos partits es podran veure en directe per televisi\u00f3 a trav\u00e9s de Movistar + LALIGA. I fins i tot, el encontre davant els andalusos s\u2019emetr\u00e0 en obert per GOL."},{"type":"paragraph","text":"Els hashtags de seguiment dels dos partits en xarxes socials s\u00f3n #VillarrealSevillaFC y #GironaVillarreal"}]}},"sections":[{"id":"section-1","title":"LALIGA ha anunciat les dates i horaris de les jornades 35 i 36 de la present campanya 2023\/24","text":"LALIGA ha anunciat les dates i horaris de les jornades 35 i 36 de la present campanya 2023\/24 LALIGA EA Sports ha anunciat els horaris per als partits de les jornades 35 i 36 del present campionat dom\u00e8stic. El Villarreal CF rebr\u00e0 al Sevilla FC el dissabte 11 de maig, de les 16.15 hores, en l\u2019Estadio de la Cer\u00e1mica. Tres dies m\u00e9s tard, el Submar\u00ed visitar\u00e0 al Girona, el dimarts 14 de maig, a les 22.00 hores, en l\u2019Estadi de Montilivi. Els dos partits es podran veure en directe per televisi\u00f3 a trav\u00e9s de Movistar + LALIGA. I fins i tot, el encontre davant els andalusos s\u2019emetr\u00e0 en obert per GOL. Els hashtags de seguiment dels dos partits en xarxes socials s\u00f3n #VillarrealSevillaFC y #GironaVillarreal","url":"","background_image":"","images":[],"videos":[],"links":[]}]},"excerpt":{"rendered":"LALIGA ha anunciat les dates i horaris de les jornades 35 i 36 de la present campanya 2023\/24","protected":false},"author":25,"featured_media":304923,"comment_status":"closed","ping_status":"closed","sticky":false,"template":"","format":"standard","meta":{"_acf_changed":false,"footnotes":""},"categories":[13493],"tags":[717,9270,11635,11042,9278,9837,716,9205,9627,9203],"acf":null,"lang":"val","translations":{"es":304920,"val":304926,"en":304934},"essential_grid":{"has_grid":false},"formatted_date":"April 25, 2024","modified_date":"April 25, 2024","permalink":"https:\/\/villarrealcf.es\/val\/horaris-per-als-partits-contra-sevilla-i-girona\/","reading_time":1,"featured_media_data":{"id":304923,"title":"PEDRAZA","caption":"PEDRAZA","alt_text":"","description":"","mime_type":"image\/jpeg","source_url":"https:\/\/villarrealcf.es\/wp-content\/uploads\/2024\/04\/pedraza-vs-girona.jpg","sizes":{"thumbnail":{"url":"https:\/\/villarrealcf.es\/wp-content\/uploads\/2024\/04\/pedraza-vs-girona-1920x1080.jpg","width":1920,"height":1080},"medium":{"url":"https:\/\/villarrealcf.es\/wp-content\/uploads\/2024\/04\/pedraza-vs-girona-1920x1080.jpg","width":1920,"height":1080},"medium_large":{"url":"https:\/\/villarrealcf.es\/wp-content\/uploads\/2024\/04\/pedraza-vs-girona-768x432.jpg","width":768,"height":432},"large":{"url":"https:\/\/villarrealcf.es\/wp-content\/uploads\/2024\/04\/pedraza-vs-girona-1920x1080.jpg","width":788,"height":443},"1536x1536":{"url":"https:\/\/villarrealcf.es\/wp-content\/uploads\/2024\/04\/pedraza-vs-girona-1536x864.jpg","width":1536,"height":864},"2048x2048":{"url":"https:\/\/villarrealcf.es\/wp-content\/uploads\/2024\/04\/pedraza-vs-girona.jpg","width":1920,"height":1080},"tp-image-grid":{"url":"https:\/\/villarrealcf.es\/wp-content\/uploads\/2024\/04\/pedraza-vs-girona-700x700.jpg","width":700,"height":700},"size-bunyad-medium":{"url":"https:\/\/villarrealcf.es\/wp-content\/uploads\/2024\/04\/pedraza-vs-girona-1920x1080.jpg","width":1920,"height":1080},"sportspress-crop-medium":{"url":"https:\/\/villarrealcf.es\/wp-content\/uploads\/2024\/04\/pedraza-vs-girona-300x300.jpg","width":300,"height":300},"sportspress-fit-medium":{"url":"https:\/\/villarrealcf.es\/wp-content\/uploads\/2024\/04\/pedraza-vs-girona-300x169.jpg","width":300,"height":169},"sportspress-fit-icon":{"url":"https:\/\/villarrealcf.es\/wp-content\/uploads\/2024\/04\/pedraza-vs-girona-128x72.jpg","width":128,"height":72},"sportspress-fit-mini":{"url":"https:\/\/villarrealcf.es\/wp-content\/uploads\/2024\/04\/pedraza-vs-girona-32x18.jpg","width":32,"height":18},"bunyad-small":{"url":"https:\/\/villarrealcf.es\/wp-content\/uploads\/2024\/04\/pedraza-vs-girona-150x84.jpg","width":150,"height":84},"bunyad-medium":{"url":"https:\/\/villarrealcf.es\/wp-content\/uploads\/2024\/04\/pedraza-vs-girona-450x253.jpg","width":450,"height":253},"bunyad-full":{"url":"https:\/\/villarrealcf.es\/wp-content\/uploads\/2024\/04\/pedraza-vs-girona-1200x675.jpg","width":1200,"height":675},"bunyad-viewport":{"url":"https:\/\/villarrealcf.es\/wp-content\/uploads\/2024\/04\/pedraza-vs-girona.jpg","width":1920,"height":1080},"bunyad-768":{"url":"https:\/\/villarrealcf.es\/wp-content\/uploads\/2024\/04\/pedraza-vs-girona-768x432.jpg","width":768,"height":432},"full":{"url":"https:\/\/villarrealcf.es\/wp-content\/uploads\/2024\/04\/pedraza-vs-girona.jpg","width":1920,"height":1080}}},"author_data":{"id":"25","name":"Javier Ayuso","first_name":"Javier","last_name":"Ayuso","description":"","avatar_url":"https:\/\/secure.gravatar.com\/avatar\/fcf8894be45988fcce5bbff0efe1790d2a7f4ba57e2c7c898f5068154e696495?s=96&d=mm&r=g","acf":null},"taxonomies_data":{"category":[{"id":13493,"name":"Primer equip","slug":"primer-equip","acf":null}],"post_tag":[{"id":717,"name":"Football","slug":"football-d34","acf":null},{"id":9270,"name":"Futbol","slug":"futbol-val","acf":null},{"id":11635,"name":"Girona FC","slug":"girona-fc-val","acf":null},{"id":11042,"name":"LaLiga","slug":"laliga-val","acf":null},{"id":9278,"name":"primera division","slug":"primera-division-val","acf":null},{"id":9837,"name":"Sevilla FC","slug":"sevilla-fc-val","acf":null},{"id":716,"name":"Soccer","slug":"soccer-d105","acf":null},{"id":9205,"name":"Submarino","slug":"submarino-val","acf":null},{"id":9627,"name":"Submarino Amarillo","slug":"submarino-amarillo-val","acf":null},{"id":9203,"name":"Villarreal CF","slug":"villarreal-cf-val","acf":null}],"translation_priority":[{"id":735,"name":"Optional","slug":"optional-val","acf":null}]},"seo_full":{"native":{"title":"Horaris per als partits contra Sevilla i Girona - Web Oficial del Villarreal CF","description":"LALIGA ha anunciat les dates i horaris de les jornades 35 i 36 de la present campanya 2023\/24","canonical":"https:\/\/villarrealcf.es\/val\/horaris-per-als-partits-contra-sevilla-i-girona\/"}},"_links":{"self":[{"href":"https:\/\/villarrealcf.es\/val\/wp-json\/wp\/v2\/posts\/304926","targetHints":{"allow":["GET"]}}],"collection":[{"href":"https:\/\/villarrealcf.es\/val\/wp-json\/wp\/v2\/posts"}],"about":[{"href":"https:\/\/villarrealcf.es\/val\/wp-json\/wp\/v2\/types\/post"}],"author":[{"embeddable":true,"href":"https:\/\/villarrealcf.es\/val\/wp-json\/wp\/v2\/users\/25"}],"replies":[{"embeddable":true,"href":"https:\/\/villarrealcf.es\/val\/wp-json\/wp\/v2\/comments?post=304926"}],"version-history":[{"count":0,"href":"https:\/\/villarrealcf.es\/val\/wp-json\/wp\/v2\/posts\/304926\/revisions"}],"wp:featuredmedia":[{"embeddable":true,"href":"https:\/\/villarrealcf.es\/val\/wp-json\/wp\/v2\/media\/304923"}],"wp:attachment":[{"href":"https:\/\/villarrealcf.es\/val\/wp-json\/wp\/v2\/media?parent=304926"}],"wp:term":[{"taxonomy":"category","embeddable":true,"href":"https:\/\/villarrealcf.es\/val\/wp-json\/wp\/v2\/categories?post=304926"},{"taxonomy":"post_tag","embeddable":true,"href":"https:\/\/villarrealcf.es\/val\/wp-json\/wp\/v2\/tags?post=304926"}],"curies":[{"name":"wp","href":"https:\/\/api.w.org\/{rel}","templated":true}]}}