{"id":304743,"date":"2024-04-30T10:29:51","date_gmt":"2024-04-30T08:29:51","guid":{"rendered":"https:\/\/villarrealcf.es\/dos-generaciones-unidas-gracias-a-endavant-igualtat\/"},"modified":"2024-04-23T13:53:19","modified_gmt":"2024-04-23T11:53:19","slug":"dos-generaciones-unidas-gracias-a-endavant-igualtat","status":"publish","type":"post","link":"https:\/\/villarrealcf.es\/val\/dos-generaciones-unidas-gracias-a-endavant-igualtat\/","title":{"rendered":"Dues generacions unides gr\u00e0cies a Endavant Igualtat"},"content":{"protected":false,"blocks":[{"type":"heading","level":2,"text":"Els cadets groguets recullen als ancians de la resid\u00e8ncia per a ensenyar-los La Cer\u00e1mica"},{"type":"paragraph","text":"Els cadets de segon any groguets conviuen enguany amb els ancians de la Resid\u00e8ncia Mare de D\u00e9u de Gr\u00e0cia de Vila-real gr\u00e0cies al projecte d\u2019Endavant Igualtat. Els futbolistes Sub-16 del Submar\u00ed ja han realitzat diverses activitats en el marc del programa de Responsabilitat Social Corporativa de l\u2019entitat groga, per\u00f2 l\u2019\u00faltima va ser, sens dubte, la m\u00e9s especial. Els de V\u00edctor Herrero van acudir a la resid\u00e8ncia per a arreplegar als seus nous amics d\u2019esta temporada i ensenyar-los per dins la casa de tots els groguets, el renovat Estadi de la Cer\u00e0mica."},{"type":"paragraph","text":"Els residents del centre van poder con\u00e9ixer diferents estades del feu groc, com la sala de premsa, els vestuaris o la zona de banquetes, imaginant dirigir un partit des d\u2019eixa posici\u00f3. \u201cHem vingut a veure com s\u2019ha constru\u00eft l\u2019estadi i tots els seus llocs adjacents, aix\u00ed podem saber com funciona el club\u201d, explicava Pepe Gall\u00e9n, un dels usuaris de la resid\u00e8ncia."},{"type":"image","url":"https:\/\/villarrealcf.es\/wp-content\/uploads\/2024\/04\/20240422-CadeteVisitaEstadioResidenciaAncianos-023-1620x1080.jpg","alt":"","width":1620,"height":1080,"srcset":"https:\/\/villarrealcf.es\/wp-content\/uploads\/2024\/04\/20240422-CadeteVisitaEstadioResidenciaAncianos-023-1620x1080.jpg 1620w, https:\/\/villarrealcf.es\/wp-content\/uploads\/2024\/04\/20240422-CadeteVisitaEstadioResidenciaAncianos-023-1620x1080.jpg 1920w, https:\/\/villarrealcf.es\/wp-content\/uploads\/2024\/04\/20240422-CadeteVisitaEstadioResidenciaAncianos-023-1536x1024.jpg 1536w, https:\/\/villarrealcf.es\/wp-content\/uploads\/2024\/04\/20240422-CadeteVisitaEstadioResidenciaAncianos-023-2048x1365.jpg 2048w, https:\/\/villarrealcf.es\/wp-content\/uploads\/2024\/04\/20240422-CadeteVisitaEstadioResidenciaAncianos-023-1620x1080.jpg 1920w, https:\/\/villarrealcf.es\/wp-content\/uploads\/2024\/04\/20240422-CadeteVisitaEstadioResidenciaAncianos-023-1620x1080.jpg 1920w, https:\/\/villarrealcf.es\/wp-content\/uploads\/2024\/04\/20240422-CadeteVisitaEstadioResidenciaAncianos-023-32x21.jpg 32w, https:\/\/villarrealcf.es\/wp-content\/uploads\/2024\/04\/20240422-CadeteVisitaEstadioResidenciaAncianos-023-150x100.jpg 150w, https:\/\/villarrealcf.es\/wp-content\/uploads\/2024\/04\/20240422-CadeteVisitaEstadioResidenciaAncianos-023-1620x1080.jpg 1920w, https:\/\/villarrealcf.es\/wp-content\/uploads\/2024\/04\/20240422-CadeteVisitaEstadioResidenciaAncianos-023-1200x800.jpg 1200w","sizes":"auto, (max-width: 1620px) 100vw, 1620px"},{"type":"paragraph","text":"Pepe \u00e9s un gran aficionat del Villarreal, que recita de mem\u00f2ria l\u2019onze dels herois de l\u2019ascens a Segona de 1970: \u201cAlapont, Deb\u00f3n, Alcany\u00eds, Marzal, Eusebio, Linares, Mart\u00ednez, Luiche, Palau, Causanilles i Serrano\u201d. Si aquell ascens ja va ser tota una fita per als aficionats del Submar\u00ed, aix\u00f2 de l\u2019Europa League, la generaci\u00f3 de Pepe ni li ho imaginava: \u201cUn afalac molt gran. Este era un club xicotet que, a poc a poc, ha anat a m\u00e9s. La gent est\u00e0 molt agra\u00efda al club\u201d, recorda."},{"type":"image","url":"https:\/\/villarrealcf.es\/wp-content\/uploads\/2024\/04\/20240422-CadeteVisitaEstadioResidenciaAncianos-009-1620x1080.jpg","alt":"","width":1620,"height":1080,"srcset":"https:\/\/villarrealcf.es\/wp-content\/uploads\/2024\/04\/20240422-CadeteVisitaEstadioResidenciaAncianos-009-1620x1080.jpg 1620w, https:\/\/villarrealcf.es\/wp-content\/uploads\/2024\/04\/20240422-CadeteVisitaEstadioResidenciaAncianos-009-1620x1080.jpg 1920w, https:\/\/villarrealcf.es\/wp-content\/uploads\/2024\/04\/20240422-CadeteVisitaEstadioResidenciaAncianos-009-1536x1024.jpg 1536w, https:\/\/villarrealcf.es\/wp-content\/uploads\/2024\/04\/20240422-CadeteVisitaEstadioResidenciaAncianos-009-2048x1365.jpg 2048w, https:\/\/villarrealcf.es\/wp-content\/uploads\/2024\/04\/20240422-CadeteVisitaEstadioResidenciaAncianos-009-1620x1080.jpg 1920w, https:\/\/villarrealcf.es\/wp-content\/uploads\/2024\/04\/20240422-CadeteVisitaEstadioResidenciaAncianos-009-1620x1080.jpg 1920w, https:\/\/villarrealcf.es\/wp-content\/uploads\/2024\/04\/20240422-CadeteVisitaEstadioResidenciaAncianos-009-32x21.jpg 32w, https:\/\/villarrealcf.es\/wp-content\/uploads\/2024\/04\/20240422-CadeteVisitaEstadioResidenciaAncianos-009-150x100.jpg 150w, https:\/\/villarrealcf.es\/wp-content\/uploads\/2024\/04\/20240422-CadeteVisitaEstadioResidenciaAncianos-009-1620x1080.jpg 1920w, https:\/\/villarrealcf.es\/wp-content\/uploads\/2024\/04\/20240422-CadeteVisitaEstadioResidenciaAncianos-009-1200x800.jpg 1200w","sizes":"auto, (max-width: 1620px) 100vw, 1620px"},{"type":"paragraph","text":"Un projecte que continua sorprenent"},{"type":"paragraph","text":"Si alguna cosa tamb\u00e9 sorpr\u00e9n a Pepe \u00e9s la qualitat humana dels jugadors i t\u00e8cnics del Cadet A i la implicaci\u00f3 en Endavant Igualtat, un projecte que els alegra bona part de l\u2019any: \u201cEns aporta un espai en el qual confiem en la gent. Els jugadors que venen a veure\u2019ns ens omplin el cor perqu\u00e8 estem un poc a part del m\u00f3n\u201d, explica un emocionat Pepe, que no \u00e9s l\u2019\u00fanic sorpr\u00e9s pel programa de Responsabilitat Social Corporativa groguet."},{"type":"paragraph","text":"Daniel Lorente, entrenador assistent del Cadet A, viu la seua primera temporada a Miralcamp i no esperava esta implicaci\u00f3 del club amb la prov\u00edncia de Castell\u00f3: \u201cL\u2019impacte va ser gran a l\u2019hora d\u2019entrar en el club i veure com funcionava. Em va sorprendre esta part m\u00e9s humana perqu\u00e8 no est\u00e0 en un altre lloc que conega. Saques als xics de la seua bambolla di\u00e0ria de la zona esportiva i els fas veure les realitats del dia a dia fora del futbol. \u00c9s una iniciativa molt bona per al desenvolupament dels xics\u201d, subratlla."},{"type":"image","url":"https:\/\/villarrealcf.es\/wp-content\/uploads\/2024\/04\/20240422-CadeteVisitaEstadioResidenciaAncianos-018-1620x1080.jpg","alt":"","width":1620,"height":1080,"srcset":"https:\/\/villarrealcf.es\/wp-content\/uploads\/2024\/04\/20240422-CadeteVisitaEstadioResidenciaAncianos-018-1620x1080.jpg 1620w, https:\/\/villarrealcf.es\/wp-content\/uploads\/2024\/04\/20240422-CadeteVisitaEstadioResidenciaAncianos-018-1620x1080.jpg 1920w, https:\/\/villarrealcf.es\/wp-content\/uploads\/2024\/04\/20240422-CadeteVisitaEstadioResidenciaAncianos-018-1536x1024.jpg 1536w, https:\/\/villarrealcf.es\/wp-content\/uploads\/2024\/04\/20240422-CadeteVisitaEstadioResidenciaAncianos-018-2048x1365.jpg 2048w, https:\/\/villarrealcf.es\/wp-content\/uploads\/2024\/04\/20240422-CadeteVisitaEstadioResidenciaAncianos-018-1620x1080.jpg 1920w, https:\/\/villarrealcf.es\/wp-content\/uploads\/2024\/04\/20240422-CadeteVisitaEstadioResidenciaAncianos-018-1620x1080.jpg 1920w, https:\/\/villarrealcf.es\/wp-content\/uploads\/2024\/04\/20240422-CadeteVisitaEstadioResidenciaAncianos-018-32x21.jpg 32w, https:\/\/villarrealcf.es\/wp-content\/uploads\/2024\/04\/20240422-CadeteVisitaEstadioResidenciaAncianos-018-150x100.jpg 150w, https:\/\/villarrealcf.es\/wp-content\/uploads\/2024\/04\/20240422-CadeteVisitaEstadioResidenciaAncianos-018-1620x1080.jpg 1920w, https:\/\/villarrealcf.es\/wp-content\/uploads\/2024\/04\/20240422-CadeteVisitaEstadioResidenciaAncianos-018-1200x800.jpg 1200w","sizes":"auto, (max-width: 1620px) 100vw, 1620px"},{"type":"paragraph","text":"Sobre eixe impacte inicial, tamb\u00e9 parla V\u00edctor G\u00f3mez, portera del Cadet A: \u201cAl principi, el veus amb un poc de dubtes perqu\u00e8 no saps el que et trobar\u00e0s, per\u00f2, una vegada el vius, \u00e9s una sensaci\u00f3 molt bona poder compartir amb diferents persones un dia. \u00c9s un projecte molt bonic i ajuda molt a tothom. Ens emportem coses molt bones\u201d."},{"type":"paragraph","text":"A pesar que V\u00edctor ja porta alguns anys en el club, esta \u00e9s la seua segona edici\u00f3 d\u2019Endavant, que quan va arribar, es va detindre a causa de la pand\u00e8mia del COVID-19. Gr\u00e0cies al projecte, ha pogut conviure amb gent molt diversa i de diferents generacions: \u201cL\u2019any passat vam conviure amb un centre d\u2019acolliment de xiquets de la nostra edat. Convivim amb ells i vam veure que tothom no t\u00e9 la nostra sort i tractem d\u2019ajudar-los. Enguany, amb la resid\u00e8ncia, ells tenen m\u00e9s experi\u00e8ncia que nosaltres i ens poden aconsellar\u201d."},{"type":"image","url":"https:\/\/villarrealcf.es\/wp-content\/uploads\/2024\/04\/20240422-CadeteVisitaEstadioResidenciaAncianos-007-1620x1080.jpg","alt":"","width":1620,"height":1080,"srcset":"https:\/\/villarrealcf.es\/wp-content\/uploads\/2024\/04\/20240422-CadeteVisitaEstadioResidenciaAncianos-007-1620x1080.jpg 1620w, https:\/\/villarrealcf.es\/wp-content\/uploads\/2024\/04\/20240422-CadeteVisitaEstadioResidenciaAncianos-007-1620x1080.jpg 1920w, https:\/\/villarrealcf.es\/wp-content\/uploads\/2024\/04\/20240422-CadeteVisitaEstadioResidenciaAncianos-007-1536x1024.jpg 1536w, https:\/\/villarrealcf.es\/wp-content\/uploads\/2024\/04\/20240422-CadeteVisitaEstadioResidenciaAncianos-007-2048x1365.jpg 2048w, https:\/\/villarrealcf.es\/wp-content\/uploads\/2024\/04\/20240422-CadeteVisitaEstadioResidenciaAncianos-007-1620x1080.jpg 1920w, https:\/\/villarrealcf.es\/wp-content\/uploads\/2024\/04\/20240422-CadeteVisitaEstadioResidenciaAncianos-007-1620x1080.jpg 1920w, https:\/\/villarrealcf.es\/wp-content\/uploads\/2024\/04\/20240422-CadeteVisitaEstadioResidenciaAncianos-007-32x21.jpg 32w, https:\/\/villarrealcf.es\/wp-content\/uploads\/2024\/04\/20240422-CadeteVisitaEstadioResidenciaAncianos-007-150x100.jpg 150w, https:\/\/villarrealcf.es\/wp-content\/uploads\/2024\/04\/20240422-CadeteVisitaEstadioResidenciaAncianos-007-1620x1080.jpg 1920w, https:\/\/villarrealcf.es\/wp-content\/uploads\/2024\/04\/20240422-CadeteVisitaEstadioResidenciaAncianos-007-1200x800.jpg 1200w","sizes":"auto, (max-width: 1620px) 100vw, 1620px"},{"type":"paragraph","text":"Igual que V\u00edctor, els seus companys tracten d\u2019aprendre dels usuaris de la resid\u00e8ncia Verge de Gr\u00e0cia, dels quals molts, com Pepe, s\u00f3n grans aficionats del Villarreal. Gr\u00e0cies a Endavant, compartixen moments \u00fanics i la passi\u00f3 per l\u2019escut."}],"structured":{"summary":{"text":"Els cadets groguets recullen als ancians de la resid\u00e8ncia per a ensenyar-los La Cer\u00e1mica Els cadets de segon any groguets conviuen enguany amb els ancians de la Resid\u00e8ncia Mare de D\u00e9u de Gr\u00e0cia de Vila-real gr\u00e0cies al projecte d\u2019Endavant Igualtat. Els futbolistes Sub-16 del Submar\u00ed ja han realitzat diverses activitats en el marc del programa de Responsabilitat Social Corporativa de l\u2019entitat groga, per\u00f2 l\u2019\u00faltima va ser, sens dubte, la m\u00e9s especial. Els de V\u00edctor Herrero van acudir a la resid\u00e8ncia per a arreplegar als seus nous amics d\u2019esta temporada i ensenyar-los per dins la casa de tots els groguets, el renovat Estadi de la Cer\u00e0mica. Els residents del centre van poder con\u00e9ixer diferents estades del feu groc, com la sala de premsa, els vestuaris o la zona de banquetes, imaginant dirigir un partit des d\u2019eixa posici\u00f3. \u201cHem vingut a veure com s\u2019ha constru\u00eft l\u2019estadi i tots els seus llocs adjacents, aix\u00ed podem saber com funciona el club\u201d, explicava Pepe Gall\u00e9n, un dels usuaris de la resid\u00e8ncia. Pepe \u00e9s un gran aficionat del Villarreal, que recita de mem\u00f2ria l\u2019onze dels herois de l\u2019ascens a Segona de 1970: \u201cAlapont, Deb\u00f3n, Alcany\u00eds, Marzal, Eusebio, Linares, Mart\u00ednez, Luiche, Palau, Causanilles i Serrano\u201d. Si aquell ascens ja va ser tota una fita per als aficionats del Submar\u00ed, aix\u00f2 de l\u2019Europa League, la generaci\u00f3 de Pepe ni li ho imaginava: \u201cUn afalac molt gran. Este era un club xicotet que, a poc a poc, ha anat a m\u00e9s. La gent est\u00e0 molt agra\u00efda al club\u201d, recorda. Un projecte que continua sorprenent Si alguna cosa tamb\u00e9 sorpr\u00e9n a Pepe \u00e9s la qualitat humana dels jugadors i t\u00e8cnics del Cadet A i la implicaci\u00f3 en Endavant Igualtat, un projecte que els alegra bona part de l\u2019any: \u201cEns aporta un espai en el qual confiem en la gent. Els jugadors que venen a veure\u2019ns ens omplin el cor perqu\u00e8 estem un poc a part del m\u00f3n\u201d, explica un emocionat Pepe, que no \u00e9s l\u2019\u00fanic sorpr\u00e9s pel programa de Responsabilitat Social Corporativa groguet. Daniel Lorente, entrenador assistent del Cadet A, viu la seua primera temporada a Miralcamp i no esperava esta implicaci\u00f3 del club amb la prov\u00edncia de Castell\u00f3: \u201cL\u2019impacte va ser gran a l\u2019hora d\u2019entrar en el club i veure com funcionava. Em va sorprendre esta part m\u00e9s humana perqu\u00e8 no est\u00e0 en un altre lloc que conega. Saques als xics de la seua bambolla di\u00e0ria de la zona esportiva i els fas veure les realitats del dia a dia fora del futbol. \u00c9s una iniciativa molt bona per al desenvolupament dels xics\u201d, subratlla. Sobre eixe impacte inicial, tamb\u00e9 parla V\u00edctor G\u00f3mez, portera del Cadet A: \u201cAl principi, el veus amb un poc de dubtes perqu\u00e8 no saps el que et trobar\u00e0s, per\u00f2, una vegada el vius, \u00e9s una sensaci\u00f3 molt bona poder compartir amb diferents persones un dia. \u00c9s un projecte molt bonic i ajuda molt a tothom. Ens emportem coses molt bones\u201d. A pesar que V\u00edctor ja porta alguns anys en el club, esta \u00e9s la seua segona edici\u00f3 d\u2019Endavant, que quan va arribar, es va detindre a causa de la pand\u00e8mia del COVID-19. Gr\u00e0cies al projecte, ha pogut conviure amb gent molt diversa i de diferents generacions: \u201cL\u2019any passat vam conviure amb un centre d\u2019acolliment de xiquets de la nostra edat. Convivim amb ells i vam veure que tothom no t\u00e9 la nostra sort i tractem d\u2019ajudar-los. Enguany, amb la resid\u00e8ncia, ells tenen m\u00e9s experi\u00e8ncia que nosaltres i ens poden aconsellar\u201d. Igual que V\u00edctor, els seus companys tracten d\u2019aprendre dels usuaris de la resid\u00e8ncia Verge de Gr\u00e0cia, dels quals molts, com Pepe, s\u00f3n grans aficionats del Villarreal. Gr\u00e0cies a Endavant, compartixen moments \u00fanics i la passi\u00f3 per l\u2019escut.","headings":[{"type":"heading","level":2,"text":"Els cadets groguets recullen als ancians de la resid\u00e8ncia per a ensenyar-los La Cer\u00e1mica"}],"buttons":[],"images":[{"type":"image","url":"https:\/\/villarrealcf.es\/wp-content\/uploads\/2024\/04\/20240422-CadeteVisitaEstadioResidenciaAncianos-023-1620x1080.jpg","alt":"","width":1620,"height":1080,"srcset":"https:\/\/villarrealcf.es\/wp-content\/uploads\/2024\/04\/20240422-CadeteVisitaEstadioResidenciaAncianos-023-1620x1080.jpg 1620w, https:\/\/villarrealcf.es\/wp-content\/uploads\/2024\/04\/20240422-CadeteVisitaEstadioResidenciaAncianos-023-1620x1080.jpg 1920w, https:\/\/villarrealcf.es\/wp-content\/uploads\/2024\/04\/20240422-CadeteVisitaEstadioResidenciaAncianos-023-1536x1024.jpg 1536w, https:\/\/villarrealcf.es\/wp-content\/uploads\/2024\/04\/20240422-CadeteVisitaEstadioResidenciaAncianos-023-2048x1365.jpg 2048w, https:\/\/villarrealcf.es\/wp-content\/uploads\/2024\/04\/20240422-CadeteVisitaEstadioResidenciaAncianos-023-1620x1080.jpg 1920w, https:\/\/villarrealcf.es\/wp-content\/uploads\/2024\/04\/20240422-CadeteVisitaEstadioResidenciaAncianos-023-1620x1080.jpg 1920w, https:\/\/villarrealcf.es\/wp-content\/uploads\/2024\/04\/20240422-CadeteVisitaEstadioResidenciaAncianos-023-32x21.jpg 32w, https:\/\/villarrealcf.es\/wp-content\/uploads\/2024\/04\/20240422-CadeteVisitaEstadioResidenciaAncianos-023-150x100.jpg 150w, https:\/\/villarrealcf.es\/wp-content\/uploads\/2024\/04\/20240422-CadeteVisitaEstadioResidenciaAncianos-023-1620x1080.jpg 1920w, https:\/\/villarrealcf.es\/wp-content\/uploads\/2024\/04\/20240422-CadeteVisitaEstadioResidenciaAncianos-023-1200x800.jpg 1200w","sizes":"auto, (max-width: 1620px) 100vw, 1620px"},{"type":"image","url":"https:\/\/villarrealcf.es\/wp-content\/uploads\/2024\/04\/20240422-CadeteVisitaEstadioResidenciaAncianos-009-1620x1080.jpg","alt":"","width":1620,"height":1080,"srcset":"https:\/\/villarrealcf.es\/wp-content\/uploads\/2024\/04\/20240422-CadeteVisitaEstadioResidenciaAncianos-009-1620x1080.jpg 1620w, https:\/\/villarrealcf.es\/wp-content\/uploads\/2024\/04\/20240422-CadeteVisitaEstadioResidenciaAncianos-009-1620x1080.jpg 1920w, https:\/\/villarrealcf.es\/wp-content\/uploads\/2024\/04\/20240422-CadeteVisitaEstadioResidenciaAncianos-009-1536x1024.jpg 1536w, https:\/\/villarrealcf.es\/wp-content\/uploads\/2024\/04\/20240422-CadeteVisitaEstadioResidenciaAncianos-009-2048x1365.jpg 2048w, https:\/\/villarrealcf.es\/wp-content\/uploads\/2024\/04\/20240422-CadeteVisitaEstadioResidenciaAncianos-009-1620x1080.jpg 1920w, https:\/\/villarrealcf.es\/wp-content\/uploads\/2024\/04\/20240422-CadeteVisitaEstadioResidenciaAncianos-009-1620x1080.jpg 1920w, https:\/\/villarrealcf.es\/wp-content\/uploads\/2024\/04\/20240422-CadeteVisitaEstadioResidenciaAncianos-009-32x21.jpg 32w, https:\/\/villarrealcf.es\/wp-content\/uploads\/2024\/04\/20240422-CadeteVisitaEstadioResidenciaAncianos-009-150x100.jpg 150w, https:\/\/villarrealcf.es\/wp-content\/uploads\/2024\/04\/20240422-CadeteVisitaEstadioResidenciaAncianos-009-1620x1080.jpg 1920w, https:\/\/villarrealcf.es\/wp-content\/uploads\/2024\/04\/20240422-CadeteVisitaEstadioResidenciaAncianos-009-1200x800.jpg 1200w","sizes":"auto, (max-width: 1620px) 100vw, 1620px"},{"type":"image","url":"https:\/\/villarrealcf.es\/wp-content\/uploads\/2024\/04\/20240422-CadeteVisitaEstadioResidenciaAncianos-018-1620x1080.jpg","alt":"","width":1620,"height":1080,"srcset":"https:\/\/villarrealcf.es\/wp-content\/uploads\/2024\/04\/20240422-CadeteVisitaEstadioResidenciaAncianos-018-1620x1080.jpg 1620w, https:\/\/villarrealcf.es\/wp-content\/uploads\/2024\/04\/20240422-CadeteVisitaEstadioResidenciaAncianos-018-1620x1080.jpg 1920w, https:\/\/villarrealcf.es\/wp-content\/uploads\/2024\/04\/20240422-CadeteVisitaEstadioResidenciaAncianos-018-1536x1024.jpg 1536w, https:\/\/villarrealcf.es\/wp-content\/uploads\/2024\/04\/20240422-CadeteVisitaEstadioResidenciaAncianos-018-2048x1365.jpg 2048w, https:\/\/villarrealcf.es\/wp-content\/uploads\/2024\/04\/20240422-CadeteVisitaEstadioResidenciaAncianos-018-1620x1080.jpg 1920w, https:\/\/villarrealcf.es\/wp-content\/uploads\/2024\/04\/20240422-CadeteVisitaEstadioResidenciaAncianos-018-1620x1080.jpg 1920w, https:\/\/villarrealcf.es\/wp-content\/uploads\/2024\/04\/20240422-CadeteVisitaEstadioResidenciaAncianos-018-32x21.jpg 32w, https:\/\/villarrealcf.es\/wp-content\/uploads\/2024\/04\/20240422-CadeteVisitaEstadioResidenciaAncianos-018-150x100.jpg 150w, https:\/\/villarrealcf.es\/wp-content\/uploads\/2024\/04\/20240422-CadeteVisitaEstadioResidenciaAncianos-018-1620x1080.jpg 1920w, https:\/\/villarrealcf.es\/wp-content\/uploads\/2024\/04\/20240422-CadeteVisitaEstadioResidenciaAncianos-018-1200x800.jpg 1200w","sizes":"auto, (max-width: 1620px) 100vw, 1620px"},{"type":"image","url":"https:\/\/villarrealcf.es\/wp-content\/uploads\/2024\/04\/20240422-CadeteVisitaEstadioResidenciaAncianos-007-1620x1080.jpg","alt":"","width":1620,"height":1080,"srcset":"https:\/\/villarrealcf.es\/wp-content\/uploads\/2024\/04\/20240422-CadeteVisitaEstadioResidenciaAncianos-007-1620x1080.jpg 1620w, https:\/\/villarrealcf.es\/wp-content\/uploads\/2024\/04\/20240422-CadeteVisitaEstadioResidenciaAncianos-007-1620x1080.jpg 1920w, https:\/\/villarrealcf.es\/wp-content\/uploads\/2024\/04\/20240422-CadeteVisitaEstadioResidenciaAncianos-007-1536x1024.jpg 1536w, https:\/\/villarrealcf.es\/wp-content\/uploads\/2024\/04\/20240422-CadeteVisitaEstadioResidenciaAncianos-007-2048x1365.jpg 2048w, https:\/\/villarrealcf.es\/wp-content\/uploads\/2024\/04\/20240422-CadeteVisitaEstadioResidenciaAncianos-007-1620x1080.jpg 1920w, https:\/\/villarrealcf.es\/wp-content\/uploads\/2024\/04\/20240422-CadeteVisitaEstadioResidenciaAncianos-007-1620x1080.jpg 1920w, https:\/\/villarrealcf.es\/wp-content\/uploads\/2024\/04\/20240422-CadeteVisitaEstadioResidenciaAncianos-007-32x21.jpg 32w, https:\/\/villarrealcf.es\/wp-content\/uploads\/2024\/04\/20240422-CadeteVisitaEstadioResidenciaAncianos-007-150x100.jpg 150w, https:\/\/villarrealcf.es\/wp-content\/uploads\/2024\/04\/20240422-CadeteVisitaEstadioResidenciaAncianos-007-1620x1080.jpg 1920w, https:\/\/villarrealcf.es\/wp-content\/uploads\/2024\/04\/20240422-CadeteVisitaEstadioResidenciaAncianos-007-1200x800.jpg 1200w","sizes":"auto, (max-width: 1620px) 100vw, 1620px"}],"counts":{"blocks":14,"headings":1,"texts":9,"buttons":0,"images":4}},"sections":[{"id":"section-1","title":"Els cadets groguets recullen als ancians de la resid\u00e8ncia per a ensenyar-los La Cer\u00e1mica","text":"Els cadets groguets recullen als ancians de la resid\u00e8ncia per a ensenyar-los La Cer\u00e1mica Els cadets de segon any groguets conviuen enguany amb els ancians de la Resid\u00e8ncia Mare de D\u00e9u de Gr\u00e0cia de Vila-real gr\u00e0cies al projecte d\u2019Endavant Igualtat. Els futbolistes Sub-16 del Submar\u00ed ja han realitzat diverses activitats en el marc del programa de Responsabilitat Social Corporativa de l\u2019entitat groga, per\u00f2 l\u2019\u00faltima va ser, sens dubte, la m\u00e9s especial. Els de V\u00edctor Herrero van acudir a la resid\u00e8ncia per a arreplegar als seus nous amics d\u2019esta temporada i ensenyar-los per dins la casa de tots els groguets, el renovat Estadi de la Cer\u00e0mica. Els residents del centre van poder con\u00e9ixer diferents estades del feu groc, com la sala de premsa, els vestuaris o la zona de banquetes, imaginant dirigir un partit des d\u2019eixa posici\u00f3. \u201cHem vingut a veure com s\u2019ha constru\u00eft l\u2019estadi i tots els seus llocs adjacents, aix\u00ed podem saber com funciona el club\u201d, explicava Pepe Gall\u00e9n, un dels usuaris de la resid\u00e8ncia. Pepe \u00e9s un gran aficionat del Villarreal, que recita de mem\u00f2ria l\u2019onze dels herois de l\u2019ascens a Segona de 1970: \u201cAlapont, Deb\u00f3n, Alcany\u00eds, Marzal, Eusebio, Linares, Mart\u00ednez, Luiche, Palau, Causanilles i Serrano\u201d. Si aquell ascens ja va ser tota una fita per als aficionats del Submar\u00ed, aix\u00f2 de l\u2019Europa League, la generaci\u00f3 de Pepe ni li ho imaginava: \u201cUn afalac molt gran. Este era un club xicotet que, a poc a poc, ha anat a m\u00e9s. La gent est\u00e0 molt agra\u00efda al club\u201d, recorda. Un projecte que continua sorprenent Si alguna cosa tamb\u00e9 sorpr\u00e9n a Pepe \u00e9s la qualitat humana dels jugadors i t\u00e8cnics del Cadet A i la implicaci\u00f3 en Endavant Igualtat, un projecte que els alegra bona part de l\u2019any: \u201cEns aporta un espai en el qual confiem en la gent. Els jugadors que venen a veure\u2019ns ens omplin el cor perqu\u00e8 estem un poc a part del m\u00f3n\u201d, explica un emocionat Pepe, que no \u00e9s l\u2019\u00fanic sorpr\u00e9s pel programa de Responsabilitat Social Corporativa groguet. Daniel Lorente, entrenador assistent del Cadet A, viu la seua primera temporada a Miralcamp i no esperava esta implicaci\u00f3 del club amb la prov\u00edncia de Castell\u00f3: \u201cL\u2019impacte va ser gran a l\u2019hora d\u2019entrar en el club i veure com funcionava. Em va sorprendre esta part m\u00e9s humana perqu\u00e8 no est\u00e0 en un altre lloc que conega. Saques als xics de la seua bambolla di\u00e0ria de la zona esportiva i els fas veure les realitats del dia a dia fora del futbol. \u00c9s una iniciativa molt bona per al desenvolupament dels xics\u201d, subratlla. Sobre eixe impacte inicial, tamb\u00e9 parla V\u00edctor G\u00f3mez, portera del Cadet A: \u201cAl principi, el veus amb un poc de dubtes perqu\u00e8 no saps el que et trobar\u00e0s, per\u00f2, una vegada el vius, \u00e9s una sensaci\u00f3 molt bona poder compartir amb diferents persones un dia. \u00c9s un projecte molt bonic i ajuda molt a tothom. Ens emportem coses molt bones\u201d. A pesar que V\u00edctor ja porta alguns anys en el club, esta \u00e9s la seua segona edici\u00f3 d\u2019Endavant, que quan va arribar, es va detindre a causa de la pand\u00e8mia del COVID-19. Gr\u00e0cies al projecte, ha pogut conviure amb gent molt diversa i de diferents generacions: \u201cL\u2019any passat vam conviure amb un centre d\u2019acolliment de xiquets de la nostra edat. Convivim amb ells i vam veure que tothom no t\u00e9 la nostra sort i tractem d\u2019ajudar-los. Enguany, amb la resid\u00e8ncia, ells tenen m\u00e9s experi\u00e8ncia que nosaltres i ens poden aconsellar\u201d. Igual que V\u00edctor, els seus companys tracten d\u2019aprendre dels usuaris de la resid\u00e8ncia Verge de Gr\u00e0cia, dels quals molts, com Pepe, s\u00f3n grans aficionats del Villarreal. Gr\u00e0cies a Endavant, compartixen moments \u00fanics i la passi\u00f3 per l\u2019escut.","headings":[{"type":"heading","level":2,"text":"Els cadets groguets recullen als ancians de la resid\u00e8ncia per a ensenyar-los La Cer\u00e1mica"}],"texts":[{"type":"paragraph","text":"Els cadets de segon any groguets conviuen enguany amb els ancians de la Resid\u00e8ncia Mare de D\u00e9u de Gr\u00e0cia de Vila-real gr\u00e0cies al projecte d\u2019Endavant Igualtat. Els futbolistes Sub-16 del Submar\u00ed ja han realitzat diverses activitats en el marc del programa de Responsabilitat Social Corporativa de l\u2019entitat groga, per\u00f2 l\u2019\u00faltima va ser, sens dubte, la m\u00e9s especial. Els de V\u00edctor Herrero van acudir a la resid\u00e8ncia per a arreplegar als seus nous amics d\u2019esta temporada i ensenyar-los per dins la casa de tots els groguets, el renovat Estadi de la Cer\u00e0mica."},{"type":"paragraph","text":"Els residents del centre van poder con\u00e9ixer diferents estades del feu groc, com la sala de premsa, els vestuaris o la zona de banquetes, imaginant dirigir un partit des d\u2019eixa posici\u00f3. \u201cHem vingut a veure com s\u2019ha constru\u00eft l\u2019estadi i tots els seus llocs adjacents, aix\u00ed podem saber com funciona el club\u201d, explicava Pepe Gall\u00e9n, un dels usuaris de la resid\u00e8ncia."},{"type":"paragraph","text":"Pepe \u00e9s un gran aficionat del Villarreal, que recita de mem\u00f2ria l\u2019onze dels herois de l\u2019ascens a Segona de 1970: \u201cAlapont, Deb\u00f3n, Alcany\u00eds, Marzal, Eusebio, Linares, Mart\u00ednez, Luiche, Palau, Causanilles i Serrano\u201d. Si aquell ascens ja va ser tota una fita per als aficionats del Submar\u00ed, aix\u00f2 de l\u2019Europa League, la generaci\u00f3 de Pepe ni li ho imaginava: \u201cUn afalac molt gran. Este era un club xicotet que, a poc a poc, ha anat a m\u00e9s. La gent est\u00e0 molt agra\u00efda al club\u201d, recorda."},{"type":"paragraph","text":"Un projecte que continua sorprenent"},{"type":"paragraph","text":"Si alguna cosa tamb\u00e9 sorpr\u00e9n a Pepe \u00e9s la qualitat humana dels jugadors i t\u00e8cnics del Cadet A i la implicaci\u00f3 en Endavant Igualtat, un projecte que els alegra bona part de l\u2019any: \u201cEns aporta un espai en el qual confiem en la gent. Els jugadors que venen a veure\u2019ns ens omplin el cor perqu\u00e8 estem un poc a part del m\u00f3n\u201d, explica un emocionat Pepe, que no \u00e9s l\u2019\u00fanic sorpr\u00e9s pel programa de Responsabilitat Social Corporativa groguet."},{"type":"paragraph","text":"Daniel Lorente, entrenador assistent del Cadet A, viu la seua primera temporada a Miralcamp i no esperava esta implicaci\u00f3 del club amb la prov\u00edncia de Castell\u00f3: \u201cL\u2019impacte va ser gran a l\u2019hora d\u2019entrar en el club i veure com funcionava. Em va sorprendre esta part m\u00e9s humana perqu\u00e8 no est\u00e0 en un altre lloc que conega. Saques als xics de la seua bambolla di\u00e0ria de la zona esportiva i els fas veure les realitats del dia a dia fora del futbol. \u00c9s una iniciativa molt bona per al desenvolupament dels xics\u201d, subratlla."},{"type":"paragraph","text":"Sobre eixe impacte inicial, tamb\u00e9 parla V\u00edctor G\u00f3mez, portera del Cadet A: \u201cAl principi, el veus amb un poc de dubtes perqu\u00e8 no saps el que et trobar\u00e0s, per\u00f2, una vegada el vius, \u00e9s una sensaci\u00f3 molt bona poder compartir amb diferents persones un dia. \u00c9s un projecte molt bonic i ajuda molt a tothom. Ens emportem coses molt bones\u201d."},{"type":"paragraph","text":"A pesar que V\u00edctor ja porta alguns anys en el club, esta \u00e9s la seua segona edici\u00f3 d\u2019Endavant, que quan va arribar, es va detindre a causa de la pand\u00e8mia del COVID-19. Gr\u00e0cies al projecte, ha pogut conviure amb gent molt diversa i de diferents generacions: \u201cL\u2019any passat vam conviure amb un centre d\u2019acolliment de xiquets de la nostra edat. Convivim amb ells i vam veure que tothom no t\u00e9 la nostra sort i tractem d\u2019ajudar-los. Enguany, amb la resid\u00e8ncia, ells tenen m\u00e9s experi\u00e8ncia que nosaltres i ens poden aconsellar\u201d."},{"type":"paragraph","text":"Igual que V\u00edctor, els seus companys tracten d\u2019aprendre dels usuaris de la resid\u00e8ncia Verge de Gr\u00e0cia, dels quals molts, com Pepe, s\u00f3n grans aficionats del Villarreal. Gr\u00e0cies a Endavant, compartixen moments \u00fanics i la passi\u00f3 per l\u2019escut."}],"buttons":[],"images":[{"type":"image","url":"https:\/\/villarrealcf.es\/wp-content\/uploads\/2024\/04\/20240422-CadeteVisitaEstadioResidenciaAncianos-023-1620x1080.jpg","alt":"","width":1620,"height":1080,"srcset":"https:\/\/villarrealcf.es\/wp-content\/uploads\/2024\/04\/20240422-CadeteVisitaEstadioResidenciaAncianos-023-1620x1080.jpg 1620w, https:\/\/villarrealcf.es\/wp-content\/uploads\/2024\/04\/20240422-CadeteVisitaEstadioResidenciaAncianos-023-1620x1080.jpg 1920w, https:\/\/villarrealcf.es\/wp-content\/uploads\/2024\/04\/20240422-CadeteVisitaEstadioResidenciaAncianos-023-1536x1024.jpg 1536w, https:\/\/villarrealcf.es\/wp-content\/uploads\/2024\/04\/20240422-CadeteVisitaEstadioResidenciaAncianos-023-2048x1365.jpg 2048w, https:\/\/villarrealcf.es\/wp-content\/uploads\/2024\/04\/20240422-CadeteVisitaEstadioResidenciaAncianos-023-1620x1080.jpg 1920w, https:\/\/villarrealcf.es\/wp-content\/uploads\/2024\/04\/20240422-CadeteVisitaEstadioResidenciaAncianos-023-1620x1080.jpg 1920w, https:\/\/villarrealcf.es\/wp-content\/uploads\/2024\/04\/20240422-CadeteVisitaEstadioResidenciaAncianos-023-32x21.jpg 32w, https:\/\/villarrealcf.es\/wp-content\/uploads\/2024\/04\/20240422-CadeteVisitaEstadioResidenciaAncianos-023-150x100.jpg 150w, https:\/\/villarrealcf.es\/wp-content\/uploads\/2024\/04\/20240422-CadeteVisitaEstadioResidenciaAncianos-023-1620x1080.jpg 1920w, https:\/\/villarrealcf.es\/wp-content\/uploads\/2024\/04\/20240422-CadeteVisitaEstadioResidenciaAncianos-023-1200x800.jpg 1200w","sizes":"auto, (max-width: 1620px) 100vw, 1620px"},{"type":"image","url":"https:\/\/villarrealcf.es\/wp-content\/uploads\/2024\/04\/20240422-CadeteVisitaEstadioResidenciaAncianos-009-1620x1080.jpg","alt":"","width":1620,"height":1080,"srcset":"https:\/\/villarrealcf.es\/wp-content\/uploads\/2024\/04\/20240422-CadeteVisitaEstadioResidenciaAncianos-009-1620x1080.jpg 1620w, https:\/\/villarrealcf.es\/wp-content\/uploads\/2024\/04\/20240422-CadeteVisitaEstadioResidenciaAncianos-009-1620x1080.jpg 1920w, https:\/\/villarrealcf.es\/wp-content\/uploads\/2024\/04\/20240422-CadeteVisitaEstadioResidenciaAncianos-009-1536x1024.jpg 1536w, https:\/\/villarrealcf.es\/wp-content\/uploads\/2024\/04\/20240422-CadeteVisitaEstadioResidenciaAncianos-009-2048x1365.jpg 2048w, https:\/\/villarrealcf.es\/wp-content\/uploads\/2024\/04\/20240422-CadeteVisitaEstadioResidenciaAncianos-009-1620x1080.jpg 1920w, https:\/\/villarrealcf.es\/wp-content\/uploads\/2024\/04\/20240422-CadeteVisitaEstadioResidenciaAncianos-009-1620x1080.jpg 1920w, https:\/\/villarrealcf.es\/wp-content\/uploads\/2024\/04\/20240422-CadeteVisitaEstadioResidenciaAncianos-009-32x21.jpg 32w, https:\/\/villarrealcf.es\/wp-content\/uploads\/2024\/04\/20240422-CadeteVisitaEstadioResidenciaAncianos-009-150x100.jpg 150w, https:\/\/villarrealcf.es\/wp-content\/uploads\/2024\/04\/20240422-CadeteVisitaEstadioResidenciaAncianos-009-1620x1080.jpg 1920w, https:\/\/villarrealcf.es\/wp-content\/uploads\/2024\/04\/20240422-CadeteVisitaEstadioResidenciaAncianos-009-1200x800.jpg 1200w","sizes":"auto, (max-width: 1620px) 100vw, 1620px"},{"type":"image","url":"https:\/\/villarrealcf.es\/wp-content\/uploads\/2024\/04\/20240422-CadeteVisitaEstadioResidenciaAncianos-018-1620x1080.jpg","alt":"","width":1620,"height":1080,"srcset":"https:\/\/villarrealcf.es\/wp-content\/uploads\/2024\/04\/20240422-CadeteVisitaEstadioResidenciaAncianos-018-1620x1080.jpg 1620w, https:\/\/villarrealcf.es\/wp-content\/uploads\/2024\/04\/20240422-CadeteVisitaEstadioResidenciaAncianos-018-1620x1080.jpg 1920w, https:\/\/villarrealcf.es\/wp-content\/uploads\/2024\/04\/20240422-CadeteVisitaEstadioResidenciaAncianos-018-1536x1024.jpg 1536w, https:\/\/villarrealcf.es\/wp-content\/uploads\/2024\/04\/20240422-CadeteVisitaEstadioResidenciaAncianos-018-2048x1365.jpg 2048w, https:\/\/villarrealcf.es\/wp-content\/uploads\/2024\/04\/20240422-CadeteVisitaEstadioResidenciaAncianos-018-1620x1080.jpg 1920w, https:\/\/villarrealcf.es\/wp-content\/uploads\/2024\/04\/20240422-CadeteVisitaEstadioResidenciaAncianos-018-1620x1080.jpg 1920w, https:\/\/villarrealcf.es\/wp-content\/uploads\/2024\/04\/20240422-CadeteVisitaEstadioResidenciaAncianos-018-32x21.jpg 32w, https:\/\/villarrealcf.es\/wp-content\/uploads\/2024\/04\/20240422-CadeteVisitaEstadioResidenciaAncianos-018-150x100.jpg 150w, https:\/\/villarrealcf.es\/wp-content\/uploads\/2024\/04\/20240422-CadeteVisitaEstadioResidenciaAncianos-018-1620x1080.jpg 1920w, https:\/\/villarrealcf.es\/wp-content\/uploads\/2024\/04\/20240422-CadeteVisitaEstadioResidenciaAncianos-018-1200x800.jpg 1200w","sizes":"auto, (max-width: 1620px) 100vw, 1620px"},{"type":"image","url":"https:\/\/villarrealcf.es\/wp-content\/uploads\/2024\/04\/20240422-CadeteVisitaEstadioResidenciaAncianos-007-1620x1080.jpg","alt":"","width":1620,"height":1080,"srcset":"https:\/\/villarrealcf.es\/wp-content\/uploads\/2024\/04\/20240422-CadeteVisitaEstadioResidenciaAncianos-007-1620x1080.jpg 1620w, https:\/\/villarrealcf.es\/wp-content\/uploads\/2024\/04\/20240422-CadeteVisitaEstadioResidenciaAncianos-007-1620x1080.jpg 1920w, https:\/\/villarrealcf.es\/wp-content\/uploads\/2024\/04\/20240422-CadeteVisitaEstadioResidenciaAncianos-007-1536x1024.jpg 1536w, https:\/\/villarrealcf.es\/wp-content\/uploads\/2024\/04\/20240422-CadeteVisitaEstadioResidenciaAncianos-007-2048x1365.jpg 2048w, https:\/\/villarrealcf.es\/wp-content\/uploads\/2024\/04\/20240422-CadeteVisitaEstadioResidenciaAncianos-007-1620x1080.jpg 1920w, https:\/\/villarrealcf.es\/wp-content\/uploads\/2024\/04\/20240422-CadeteVisitaEstadioResidenciaAncianos-007-1620x1080.jpg 1920w, https:\/\/villarrealcf.es\/wp-content\/uploads\/2024\/04\/20240422-CadeteVisitaEstadioResidenciaAncianos-007-32x21.jpg 32w, https:\/\/villarrealcf.es\/wp-content\/uploads\/2024\/04\/20240422-CadeteVisitaEstadioResidenciaAncianos-007-150x100.jpg 150w, https:\/\/villarrealcf.es\/wp-content\/uploads\/2024\/04\/20240422-CadeteVisitaEstadioResidenciaAncianos-007-1620x1080.jpg 1920w, https:\/\/villarrealcf.es\/wp-content\/uploads\/2024\/04\/20240422-CadeteVisitaEstadioResidenciaAncianos-007-1200x800.jpg 1200w","sizes":"auto, (max-width: 1620px) 100vw, 1620px"}],"widgets":[],"blocks":[{"type":"heading","level":2,"text":"Els cadets groguets recullen als ancians de la resid\u00e8ncia per a ensenyar-los La Cer\u00e1mica"},{"type":"paragraph","text":"Els cadets de segon any groguets conviuen enguany amb els ancians de la Resid\u00e8ncia Mare de D\u00e9u de Gr\u00e0cia de Vila-real gr\u00e0cies al projecte d\u2019Endavant Igualtat. Els futbolistes Sub-16 del Submar\u00ed ja han realitzat diverses activitats en el marc del programa de Responsabilitat Social Corporativa de l\u2019entitat groga, per\u00f2 l\u2019\u00faltima va ser, sens dubte, la m\u00e9s especial. Els de V\u00edctor Herrero van acudir a la resid\u00e8ncia per a arreplegar als seus nous amics d\u2019esta temporada i ensenyar-los per dins la casa de tots els groguets, el renovat Estadi de la Cer\u00e0mica."},{"type":"paragraph","text":"Els residents del centre van poder con\u00e9ixer diferents estades del feu groc, com la sala de premsa, els vestuaris o la zona de banquetes, imaginant dirigir un partit des d\u2019eixa posici\u00f3. \u201cHem vingut a veure com s\u2019ha constru\u00eft l\u2019estadi i tots els seus llocs adjacents, aix\u00ed podem saber com funciona el club\u201d, explicava Pepe Gall\u00e9n, un dels usuaris de la resid\u00e8ncia."},{"type":"image","url":"https:\/\/villarrealcf.es\/wp-content\/uploads\/2024\/04\/20240422-CadeteVisitaEstadioResidenciaAncianos-023-1620x1080.jpg","alt":"","width":1620,"height":1080,"srcset":"https:\/\/villarrealcf.es\/wp-content\/uploads\/2024\/04\/20240422-CadeteVisitaEstadioResidenciaAncianos-023-1620x1080.jpg 1620w, https:\/\/villarrealcf.es\/wp-content\/uploads\/2024\/04\/20240422-CadeteVisitaEstadioResidenciaAncianos-023-1620x1080.jpg 1920w, https:\/\/villarrealcf.es\/wp-content\/uploads\/2024\/04\/20240422-CadeteVisitaEstadioResidenciaAncianos-023-1536x1024.jpg 1536w, https:\/\/villarrealcf.es\/wp-content\/uploads\/2024\/04\/20240422-CadeteVisitaEstadioResidenciaAncianos-023-2048x1365.jpg 2048w, https:\/\/villarrealcf.es\/wp-content\/uploads\/2024\/04\/20240422-CadeteVisitaEstadioResidenciaAncianos-023-1620x1080.jpg 1920w, https:\/\/villarrealcf.es\/wp-content\/uploads\/2024\/04\/20240422-CadeteVisitaEstadioResidenciaAncianos-023-1620x1080.jpg 1920w, https:\/\/villarrealcf.es\/wp-content\/uploads\/2024\/04\/20240422-CadeteVisitaEstadioResidenciaAncianos-023-32x21.jpg 32w, https:\/\/villarrealcf.es\/wp-content\/uploads\/2024\/04\/20240422-CadeteVisitaEstadioResidenciaAncianos-023-150x100.jpg 150w, https:\/\/villarrealcf.es\/wp-content\/uploads\/2024\/04\/20240422-CadeteVisitaEstadioResidenciaAncianos-023-1620x1080.jpg 1920w, https:\/\/villarrealcf.es\/wp-content\/uploads\/2024\/04\/20240422-CadeteVisitaEstadioResidenciaAncianos-023-1200x800.jpg 1200w","sizes":"auto, (max-width: 1620px) 100vw, 1620px"},{"type":"paragraph","text":"Pepe \u00e9s un gran aficionat del Villarreal, que recita de mem\u00f2ria l\u2019onze dels herois de l\u2019ascens a Segona de 1970: \u201cAlapont, Deb\u00f3n, Alcany\u00eds, Marzal, Eusebio, Linares, Mart\u00ednez, Luiche, Palau, Causanilles i Serrano\u201d. Si aquell ascens ja va ser tota una fita per als aficionats del Submar\u00ed, aix\u00f2 de l\u2019Europa League, la generaci\u00f3 de Pepe ni li ho imaginava: \u201cUn afalac molt gran. Este era un club xicotet que, a poc a poc, ha anat a m\u00e9s. La gent est\u00e0 molt agra\u00efda al club\u201d, recorda."},{"type":"image","url":"https:\/\/villarrealcf.es\/wp-content\/uploads\/2024\/04\/20240422-CadeteVisitaEstadioResidenciaAncianos-009-1620x1080.jpg","alt":"","width":1620,"height":1080,"srcset":"https:\/\/villarrealcf.es\/wp-content\/uploads\/2024\/04\/20240422-CadeteVisitaEstadioResidenciaAncianos-009-1620x1080.jpg 1620w, https:\/\/villarrealcf.es\/wp-content\/uploads\/2024\/04\/20240422-CadeteVisitaEstadioResidenciaAncianos-009-1620x1080.jpg 1920w, https:\/\/villarrealcf.es\/wp-content\/uploads\/2024\/04\/20240422-CadeteVisitaEstadioResidenciaAncianos-009-1536x1024.jpg 1536w, https:\/\/villarrealcf.es\/wp-content\/uploads\/2024\/04\/20240422-CadeteVisitaEstadioResidenciaAncianos-009-2048x1365.jpg 2048w, https:\/\/villarrealcf.es\/wp-content\/uploads\/2024\/04\/20240422-CadeteVisitaEstadioResidenciaAncianos-009-1620x1080.jpg 1920w, https:\/\/villarrealcf.es\/wp-content\/uploads\/2024\/04\/20240422-CadeteVisitaEstadioResidenciaAncianos-009-1620x1080.jpg 1920w, https:\/\/villarrealcf.es\/wp-content\/uploads\/2024\/04\/20240422-CadeteVisitaEstadioResidenciaAncianos-009-32x21.jpg 32w, https:\/\/villarrealcf.es\/wp-content\/uploads\/2024\/04\/20240422-CadeteVisitaEstadioResidenciaAncianos-009-150x100.jpg 150w, https:\/\/villarrealcf.es\/wp-content\/uploads\/2024\/04\/20240422-CadeteVisitaEstadioResidenciaAncianos-009-1620x1080.jpg 1920w, https:\/\/villarrealcf.es\/wp-content\/uploads\/2024\/04\/20240422-CadeteVisitaEstadioResidenciaAncianos-009-1200x800.jpg 1200w","sizes":"auto, (max-width: 1620px) 100vw, 1620px"},{"type":"paragraph","text":"Un projecte que continua sorprenent"},{"type":"paragraph","text":"Si alguna cosa tamb\u00e9 sorpr\u00e9n a Pepe \u00e9s la qualitat humana dels jugadors i t\u00e8cnics del Cadet A i la implicaci\u00f3 en Endavant Igualtat, un projecte que els alegra bona part de l\u2019any: \u201cEns aporta un espai en el qual confiem en la gent. Els jugadors que venen a veure\u2019ns ens omplin el cor perqu\u00e8 estem un poc a part del m\u00f3n\u201d, explica un emocionat Pepe, que no \u00e9s l\u2019\u00fanic sorpr\u00e9s pel programa de Responsabilitat Social Corporativa groguet."},{"type":"paragraph","text":"Daniel Lorente, entrenador assistent del Cadet A, viu la seua primera temporada a Miralcamp i no esperava esta implicaci\u00f3 del club amb la prov\u00edncia de Castell\u00f3: \u201cL\u2019impacte va ser gran a l\u2019hora d\u2019entrar en el club i veure com funcionava. Em va sorprendre esta part m\u00e9s humana perqu\u00e8 no est\u00e0 en un altre lloc que conega. Saques als xics de la seua bambolla di\u00e0ria de la zona esportiva i els fas veure les realitats del dia a dia fora del futbol. \u00c9s una iniciativa molt bona per al desenvolupament dels xics\u201d, subratlla."},{"type":"image","url":"https:\/\/villarrealcf.es\/wp-content\/uploads\/2024\/04\/20240422-CadeteVisitaEstadioResidenciaAncianos-018-1620x1080.jpg","alt":"","width":1620,"height":1080,"srcset":"https:\/\/villarrealcf.es\/wp-content\/uploads\/2024\/04\/20240422-CadeteVisitaEstadioResidenciaAncianos-018-1620x1080.jpg 1620w, https:\/\/villarrealcf.es\/wp-content\/uploads\/2024\/04\/20240422-CadeteVisitaEstadioResidenciaAncianos-018-1620x1080.jpg 1920w, https:\/\/villarrealcf.es\/wp-content\/uploads\/2024\/04\/20240422-CadeteVisitaEstadioResidenciaAncianos-018-1536x1024.jpg 1536w, https:\/\/villarrealcf.es\/wp-content\/uploads\/2024\/04\/20240422-CadeteVisitaEstadioResidenciaAncianos-018-2048x1365.jpg 2048w, https:\/\/villarrealcf.es\/wp-content\/uploads\/2024\/04\/20240422-CadeteVisitaEstadioResidenciaAncianos-018-1620x1080.jpg 1920w, https:\/\/villarrealcf.es\/wp-content\/uploads\/2024\/04\/20240422-CadeteVisitaEstadioResidenciaAncianos-018-1620x1080.jpg 1920w, https:\/\/villarrealcf.es\/wp-content\/uploads\/2024\/04\/20240422-CadeteVisitaEstadioResidenciaAncianos-018-32x21.jpg 32w, https:\/\/villarrealcf.es\/wp-content\/uploads\/2024\/04\/20240422-CadeteVisitaEstadioResidenciaAncianos-018-150x100.jpg 150w, https:\/\/villarrealcf.es\/wp-content\/uploads\/2024\/04\/20240422-CadeteVisitaEstadioResidenciaAncianos-018-1620x1080.jpg 1920w, https:\/\/villarrealcf.es\/wp-content\/uploads\/2024\/04\/20240422-CadeteVisitaEstadioResidenciaAncianos-018-1200x800.jpg 1200w","sizes":"auto, (max-width: 1620px) 100vw, 1620px"},{"type":"paragraph","text":"Sobre eixe impacte inicial, tamb\u00e9 parla V\u00edctor G\u00f3mez, portera del Cadet A: \u201cAl principi, el veus amb un poc de dubtes perqu\u00e8 no saps el que et trobar\u00e0s, per\u00f2, una vegada el vius, \u00e9s una sensaci\u00f3 molt bona poder compartir amb diferents persones un dia. \u00c9s un projecte molt bonic i ajuda molt a tothom. Ens emportem coses molt bones\u201d."},{"type":"paragraph","text":"A pesar que V\u00edctor ja porta alguns anys en el club, esta \u00e9s la seua segona edici\u00f3 d\u2019Endavant, que quan va arribar, es va detindre a causa de la pand\u00e8mia del COVID-19. Gr\u00e0cies al projecte, ha pogut conviure amb gent molt diversa i de diferents generacions: \u201cL\u2019any passat vam conviure amb un centre d\u2019acolliment de xiquets de la nostra edat. Convivim amb ells i vam veure que tothom no t\u00e9 la nostra sort i tractem d\u2019ajudar-los. Enguany, amb la resid\u00e8ncia, ells tenen m\u00e9s experi\u00e8ncia que nosaltres i ens poden aconsellar\u201d."},{"type":"image","url":"https:\/\/villarrealcf.es\/wp-content\/uploads\/2024\/04\/20240422-CadeteVisitaEstadioResidenciaAncianos-007-1620x1080.jpg","alt":"","width":1620,"height":1080,"srcset":"https:\/\/villarrealcf.es\/wp-content\/uploads\/2024\/04\/20240422-CadeteVisitaEstadioResidenciaAncianos-007-1620x1080.jpg 1620w, https:\/\/villarrealcf.es\/wp-content\/uploads\/2024\/04\/20240422-CadeteVisitaEstadioResidenciaAncianos-007-1620x1080.jpg 1920w, https:\/\/villarrealcf.es\/wp-content\/uploads\/2024\/04\/20240422-CadeteVisitaEstadioResidenciaAncianos-007-1536x1024.jpg 1536w, https:\/\/villarrealcf.es\/wp-content\/uploads\/2024\/04\/20240422-CadeteVisitaEstadioResidenciaAncianos-007-2048x1365.jpg 2048w, https:\/\/villarrealcf.es\/wp-content\/uploads\/2024\/04\/20240422-CadeteVisitaEstadioResidenciaAncianos-007-1620x1080.jpg 1920w, https:\/\/villarrealcf.es\/wp-content\/uploads\/2024\/04\/20240422-CadeteVisitaEstadioResidenciaAncianos-007-1620x1080.jpg 1920w, https:\/\/villarrealcf.es\/wp-content\/uploads\/2024\/04\/20240422-CadeteVisitaEstadioResidenciaAncianos-007-32x21.jpg 32w, https:\/\/villarrealcf.es\/wp-content\/uploads\/2024\/04\/20240422-CadeteVisitaEstadioResidenciaAncianos-007-150x100.jpg 150w, https:\/\/villarrealcf.es\/wp-content\/uploads\/2024\/04\/20240422-CadeteVisitaEstadioResidenciaAncianos-007-1620x1080.jpg 1920w, https:\/\/villarrealcf.es\/wp-content\/uploads\/2024\/04\/20240422-CadeteVisitaEstadioResidenciaAncianos-007-1200x800.jpg 1200w","sizes":"auto, (max-width: 1620px) 100vw, 1620px"},{"type":"paragraph","text":"Igual que V\u00edctor, els seus companys tracten d\u2019aprendre dels usuaris de la resid\u00e8ncia Verge de Gr\u00e0cia, dels quals molts, com Pepe, s\u00f3n grans aficionats del Villarreal. Gr\u00e0cies a Endavant, compartixen moments \u00fanics i la passi\u00f3 per l\u2019escut."}]}],"hero":{"id":"section-1","title":"Els cadets groguets recullen als ancians de la resid\u00e8ncia per a ensenyar-los La Cer\u00e1mica","text":"Els cadets groguets recullen als ancians de la resid\u00e8ncia per a ensenyar-los La Cer\u00e1mica Els cadets de segon any groguets conviuen enguany amb els ancians de la Resid\u00e8ncia Mare de D\u00e9u de Gr\u00e0cia de Vila-real gr\u00e0cies al projecte d\u2019Endavant Igualtat. Els futbolistes Sub-16 del Submar\u00ed ja han realitzat diverses activitats en el marc del programa de Responsabilitat Social Corporativa de l\u2019entitat groga, per\u00f2 l\u2019\u00faltima va ser, sens dubte, la m\u00e9s especial. Els de V\u00edctor Herrero van acudir a la resid\u00e8ncia per a arreplegar als seus nous amics d\u2019esta temporada i ensenyar-los per dins la casa de tots els groguets, el renovat Estadi de la Cer\u00e0mica. Els residents del centre van poder con\u00e9ixer diferents estades del feu groc, com la sala de premsa, els vestuaris o la zona de banquetes, imaginant dirigir un partit des d\u2019eixa posici\u00f3. \u201cHem vingut a veure com s\u2019ha constru\u00eft l\u2019estadi i tots els seus llocs adjacents, aix\u00ed podem saber com funciona el club\u201d, explicava Pepe Gall\u00e9n, un dels usuaris de la resid\u00e8ncia. Pepe \u00e9s un gran aficionat del Villarreal, que recita de mem\u00f2ria l\u2019onze dels herois de l\u2019ascens a Segona de 1970: \u201cAlapont, Deb\u00f3n, Alcany\u00eds, Marzal, Eusebio, Linares, Mart\u00ednez, Luiche, Palau, Causanilles i Serrano\u201d. Si aquell ascens ja va ser tota una fita per als aficionats del Submar\u00ed, aix\u00f2 de l\u2019Europa League, la generaci\u00f3 de Pepe ni li ho imaginava: \u201cUn afalac molt gran. Este era un club xicotet que, a poc a poc, ha anat a m\u00e9s. La gent est\u00e0 molt agra\u00efda al club\u201d, recorda. Un projecte que continua sorprenent Si alguna cosa tamb\u00e9 sorpr\u00e9n a Pepe \u00e9s la qualitat humana dels jugadors i t\u00e8cnics del Cadet A i la implicaci\u00f3 en Endavant Igualtat, un projecte que els alegra bona part de l\u2019any: \u201cEns aporta un espai en el qual confiem en la gent. Els jugadors que venen a veure\u2019ns ens omplin el cor perqu\u00e8 estem un poc a part del m\u00f3n\u201d, explica un emocionat Pepe, que no \u00e9s l\u2019\u00fanic sorpr\u00e9s pel programa de Responsabilitat Social Corporativa groguet. Daniel Lorente, entrenador assistent del Cadet A, viu la seua primera temporada a Miralcamp i no esperava esta implicaci\u00f3 del club amb la prov\u00edncia de Castell\u00f3: \u201cL\u2019impacte va ser gran a l\u2019hora d\u2019entrar en el club i veure com funcionava. Em va sorprendre esta part m\u00e9s humana perqu\u00e8 no est\u00e0 en un altre lloc que conega. Saques als xics de la seua bambolla di\u00e0ria de la zona esportiva i els fas veure les realitats del dia a dia fora del futbol. \u00c9s una iniciativa molt bona per al desenvolupament dels xics\u201d, subratlla. Sobre eixe impacte inicial, tamb\u00e9 parla V\u00edctor G\u00f3mez, portera del Cadet A: \u201cAl principi, el veus amb un poc de dubtes perqu\u00e8 no saps el que et trobar\u00e0s, per\u00f2, una vegada el vius, \u00e9s una sensaci\u00f3 molt bona poder compartir amb diferents persones un dia. \u00c9s un projecte molt bonic i ajuda molt a tothom. Ens emportem coses molt bones\u201d. A pesar que V\u00edctor ja porta alguns anys en el club, esta \u00e9s la seua segona edici\u00f3 d\u2019Endavant, que quan va arribar, es va detindre a causa de la pand\u00e8mia del COVID-19. Gr\u00e0cies al projecte, ha pogut conviure amb gent molt diversa i de diferents generacions: \u201cL\u2019any passat vam conviure amb un centre d\u2019acolliment de xiquets de la nostra edat. Convivim amb ells i vam veure que tothom no t\u00e9 la nostra sort i tractem d\u2019ajudar-los. Enguany, amb la resid\u00e8ncia, ells tenen m\u00e9s experi\u00e8ncia que nosaltres i ens poden aconsellar\u201d. Igual que V\u00edctor, els seus companys tracten d\u2019aprendre dels usuaris de la resid\u00e8ncia Verge de Gr\u00e0cia, dels quals molts, com Pepe, s\u00f3n grans aficionats del Villarreal. Gr\u00e0cies a Endavant, compartixen moments \u00fanics i la passi\u00f3 per l\u2019escut.","headings":[{"type":"heading","level":2,"text":"Els cadets groguets recullen als ancians de la resid\u00e8ncia per a ensenyar-los La Cer\u00e1mica"}],"texts":[{"type":"paragraph","text":"Els cadets de segon any groguets conviuen enguany amb els ancians de la Resid\u00e8ncia Mare de D\u00e9u de Gr\u00e0cia de Vila-real gr\u00e0cies al projecte d\u2019Endavant Igualtat. Els futbolistes Sub-16 del Submar\u00ed ja han realitzat diverses activitats en el marc del programa de Responsabilitat Social Corporativa de l\u2019entitat groga, per\u00f2 l\u2019\u00faltima va ser, sens dubte, la m\u00e9s especial. Els de V\u00edctor Herrero van acudir a la resid\u00e8ncia per a arreplegar als seus nous amics d\u2019esta temporada i ensenyar-los per dins la casa de tots els groguets, el renovat Estadi de la Cer\u00e0mica."},{"type":"paragraph","text":"Els residents del centre van poder con\u00e9ixer diferents estades del feu groc, com la sala de premsa, els vestuaris o la zona de banquetes, imaginant dirigir un partit des d\u2019eixa posici\u00f3. \u201cHem vingut a veure com s\u2019ha constru\u00eft l\u2019estadi i tots els seus llocs adjacents, aix\u00ed podem saber com funciona el club\u201d, explicava Pepe Gall\u00e9n, un dels usuaris de la resid\u00e8ncia."},{"type":"paragraph","text":"Pepe \u00e9s un gran aficionat del Villarreal, que recita de mem\u00f2ria l\u2019onze dels herois de l\u2019ascens a Segona de 1970: \u201cAlapont, Deb\u00f3n, Alcany\u00eds, Marzal, Eusebio, Linares, Mart\u00ednez, Luiche, Palau, Causanilles i Serrano\u201d. Si aquell ascens ja va ser tota una fita per als aficionats del Submar\u00ed, aix\u00f2 de l\u2019Europa League, la generaci\u00f3 de Pepe ni li ho imaginava: \u201cUn afalac molt gran. Este era un club xicotet que, a poc a poc, ha anat a m\u00e9s. La gent est\u00e0 molt agra\u00efda al club\u201d, recorda."},{"type":"paragraph","text":"Un projecte que continua sorprenent"},{"type":"paragraph","text":"Si alguna cosa tamb\u00e9 sorpr\u00e9n a Pepe \u00e9s la qualitat humana dels jugadors i t\u00e8cnics del Cadet A i la implicaci\u00f3 en Endavant Igualtat, un projecte que els alegra bona part de l\u2019any: \u201cEns aporta un espai en el qual confiem en la gent. Els jugadors que venen a veure\u2019ns ens omplin el cor perqu\u00e8 estem un poc a part del m\u00f3n\u201d, explica un emocionat Pepe, que no \u00e9s l\u2019\u00fanic sorpr\u00e9s pel programa de Responsabilitat Social Corporativa groguet."},{"type":"paragraph","text":"Daniel Lorente, entrenador assistent del Cadet A, viu la seua primera temporada a Miralcamp i no esperava esta implicaci\u00f3 del club amb la prov\u00edncia de Castell\u00f3: \u201cL\u2019impacte va ser gran a l\u2019hora d\u2019entrar en el club i veure com funcionava. Em va sorprendre esta part m\u00e9s humana perqu\u00e8 no est\u00e0 en un altre lloc que conega. Saques als xics de la seua bambolla di\u00e0ria de la zona esportiva i els fas veure les realitats del dia a dia fora del futbol. \u00c9s una iniciativa molt bona per al desenvolupament dels xics\u201d, subratlla."},{"type":"paragraph","text":"Sobre eixe impacte inicial, tamb\u00e9 parla V\u00edctor G\u00f3mez, portera del Cadet A: \u201cAl principi, el veus amb un poc de dubtes perqu\u00e8 no saps el que et trobar\u00e0s, per\u00f2, una vegada el vius, \u00e9s una sensaci\u00f3 molt bona poder compartir amb diferents persones un dia. \u00c9s un projecte molt bonic i ajuda molt a tothom. Ens emportem coses molt bones\u201d."},{"type":"paragraph","text":"A pesar que V\u00edctor ja porta alguns anys en el club, esta \u00e9s la seua segona edici\u00f3 d\u2019Endavant, que quan va arribar, es va detindre a causa de la pand\u00e8mia del COVID-19. Gr\u00e0cies al projecte, ha pogut conviure amb gent molt diversa i de diferents generacions: \u201cL\u2019any passat vam conviure amb un centre d\u2019acolliment de xiquets de la nostra edat. Convivim amb ells i vam veure que tothom no t\u00e9 la nostra sort i tractem d\u2019ajudar-los. Enguany, amb la resid\u00e8ncia, ells tenen m\u00e9s experi\u00e8ncia que nosaltres i ens poden aconsellar\u201d."},{"type":"paragraph","text":"Igual que V\u00edctor, els seus companys tracten d\u2019aprendre dels usuaris de la resid\u00e8ncia Verge de Gr\u00e0cia, dels quals molts, com Pepe, s\u00f3n grans aficionats del Villarreal. Gr\u00e0cies a Endavant, compartixen moments \u00fanics i la passi\u00f3 per l\u2019escut."}],"buttons":[],"images":[{"type":"image","url":"https:\/\/villarrealcf.es\/wp-content\/uploads\/2024\/04\/20240422-CadeteVisitaEstadioResidenciaAncianos-023-1620x1080.jpg","alt":"","width":1620,"height":1080,"srcset":"https:\/\/villarrealcf.es\/wp-content\/uploads\/2024\/04\/20240422-CadeteVisitaEstadioResidenciaAncianos-023-1620x1080.jpg 1620w, https:\/\/villarrealcf.es\/wp-content\/uploads\/2024\/04\/20240422-CadeteVisitaEstadioResidenciaAncianos-023-1620x1080.jpg 1920w, https:\/\/villarrealcf.es\/wp-content\/uploads\/2024\/04\/20240422-CadeteVisitaEstadioResidenciaAncianos-023-1536x1024.jpg 1536w, https:\/\/villarrealcf.es\/wp-content\/uploads\/2024\/04\/20240422-CadeteVisitaEstadioResidenciaAncianos-023-2048x1365.jpg 2048w, https:\/\/villarrealcf.es\/wp-content\/uploads\/2024\/04\/20240422-CadeteVisitaEstadioResidenciaAncianos-023-1620x1080.jpg 1920w, https:\/\/villarrealcf.es\/wp-content\/uploads\/2024\/04\/20240422-CadeteVisitaEstadioResidenciaAncianos-023-1620x1080.jpg 1920w, https:\/\/villarrealcf.es\/wp-content\/uploads\/2024\/04\/20240422-CadeteVisitaEstadioResidenciaAncianos-023-32x21.jpg 32w, https:\/\/villarrealcf.es\/wp-content\/uploads\/2024\/04\/20240422-CadeteVisitaEstadioResidenciaAncianos-023-150x100.jpg 150w, https:\/\/villarrealcf.es\/wp-content\/uploads\/2024\/04\/20240422-CadeteVisitaEstadioResidenciaAncianos-023-1620x1080.jpg 1920w, https:\/\/villarrealcf.es\/wp-content\/uploads\/2024\/04\/20240422-CadeteVisitaEstadioResidenciaAncianos-023-1200x800.jpg 1200w","sizes":"auto, (max-width: 1620px) 100vw, 1620px"},{"type":"image","url":"https:\/\/villarrealcf.es\/wp-content\/uploads\/2024\/04\/20240422-CadeteVisitaEstadioResidenciaAncianos-009-1620x1080.jpg","alt":"","width":1620,"height":1080,"srcset":"https:\/\/villarrealcf.es\/wp-content\/uploads\/2024\/04\/20240422-CadeteVisitaEstadioResidenciaAncianos-009-1620x1080.jpg 1620w, https:\/\/villarrealcf.es\/wp-content\/uploads\/2024\/04\/20240422-CadeteVisitaEstadioResidenciaAncianos-009-1620x1080.jpg 1920w, https:\/\/villarrealcf.es\/wp-content\/uploads\/2024\/04\/20240422-CadeteVisitaEstadioResidenciaAncianos-009-1536x1024.jpg 1536w, https:\/\/villarrealcf.es\/wp-content\/uploads\/2024\/04\/20240422-CadeteVisitaEstadioResidenciaAncianos-009-2048x1365.jpg 2048w, https:\/\/villarrealcf.es\/wp-content\/uploads\/2024\/04\/20240422-CadeteVisitaEstadioResidenciaAncianos-009-1620x1080.jpg 1920w, https:\/\/villarrealcf.es\/wp-content\/uploads\/2024\/04\/20240422-CadeteVisitaEstadioResidenciaAncianos-009-1620x1080.jpg 1920w, https:\/\/villarrealcf.es\/wp-content\/uploads\/2024\/04\/20240422-CadeteVisitaEstadioResidenciaAncianos-009-32x21.jpg 32w, https:\/\/villarrealcf.es\/wp-content\/uploads\/2024\/04\/20240422-CadeteVisitaEstadioResidenciaAncianos-009-150x100.jpg 150w, https:\/\/villarrealcf.es\/wp-content\/uploads\/2024\/04\/20240422-CadeteVisitaEstadioResidenciaAncianos-009-1620x1080.jpg 1920w, https:\/\/villarrealcf.es\/wp-content\/uploads\/2024\/04\/20240422-CadeteVisitaEstadioResidenciaAncianos-009-1200x800.jpg 1200w","sizes":"auto, (max-width: 1620px) 100vw, 1620px"},{"type":"image","url":"https:\/\/villarrealcf.es\/wp-content\/uploads\/2024\/04\/20240422-CadeteVisitaEstadioResidenciaAncianos-018-1620x1080.jpg","alt":"","width":1620,"height":1080,"srcset":"https:\/\/villarrealcf.es\/wp-content\/uploads\/2024\/04\/20240422-CadeteVisitaEstadioResidenciaAncianos-018-1620x1080.jpg 1620w, https:\/\/villarrealcf.es\/wp-content\/uploads\/2024\/04\/20240422-CadeteVisitaEstadioResidenciaAncianos-018-1620x1080.jpg 1920w, https:\/\/villarrealcf.es\/wp-content\/uploads\/2024\/04\/20240422-CadeteVisitaEstadioResidenciaAncianos-018-1536x1024.jpg 1536w, https:\/\/villarrealcf.es\/wp-content\/uploads\/2024\/04\/20240422-CadeteVisitaEstadioResidenciaAncianos-018-2048x1365.jpg 2048w, https:\/\/villarrealcf.es\/wp-content\/uploads\/2024\/04\/20240422-CadeteVisitaEstadioResidenciaAncianos-018-1620x1080.jpg 1920w, https:\/\/villarrealcf.es\/wp-content\/uploads\/2024\/04\/20240422-CadeteVisitaEstadioResidenciaAncianos-018-1620x1080.jpg 1920w, https:\/\/villarrealcf.es\/wp-content\/uploads\/2024\/04\/20240422-CadeteVisitaEstadioResidenciaAncianos-018-32x21.jpg 32w, https:\/\/villarrealcf.es\/wp-content\/uploads\/2024\/04\/20240422-CadeteVisitaEstadioResidenciaAncianos-018-150x100.jpg 150w, https:\/\/villarrealcf.es\/wp-content\/uploads\/2024\/04\/20240422-CadeteVisitaEstadioResidenciaAncianos-018-1620x1080.jpg 1920w, https:\/\/villarrealcf.es\/wp-content\/uploads\/2024\/04\/20240422-CadeteVisitaEstadioResidenciaAncianos-018-1200x800.jpg 1200w","sizes":"auto, (max-width: 1620px) 100vw, 1620px"},{"type":"image","url":"https:\/\/villarrealcf.es\/wp-content\/uploads\/2024\/04\/20240422-CadeteVisitaEstadioResidenciaAncianos-007-1620x1080.jpg","alt":"","width":1620,"height":1080,"srcset":"https:\/\/villarrealcf.es\/wp-content\/uploads\/2024\/04\/20240422-CadeteVisitaEstadioResidenciaAncianos-007-1620x1080.jpg 1620w, https:\/\/villarrealcf.es\/wp-content\/uploads\/2024\/04\/20240422-CadeteVisitaEstadioResidenciaAncianos-007-1620x1080.jpg 1920w, https:\/\/villarrealcf.es\/wp-content\/uploads\/2024\/04\/20240422-CadeteVisitaEstadioResidenciaAncianos-007-1536x1024.jpg 1536w, https:\/\/villarrealcf.es\/wp-content\/uploads\/2024\/04\/20240422-CadeteVisitaEstadioResidenciaAncianos-007-2048x1365.jpg 2048w, https:\/\/villarrealcf.es\/wp-content\/uploads\/2024\/04\/20240422-CadeteVisitaEstadioResidenciaAncianos-007-1620x1080.jpg 1920w, https:\/\/villarrealcf.es\/wp-content\/uploads\/2024\/04\/20240422-CadeteVisitaEstadioResidenciaAncianos-007-1620x1080.jpg 1920w, https:\/\/villarrealcf.es\/wp-content\/uploads\/2024\/04\/20240422-CadeteVisitaEstadioResidenciaAncianos-007-32x21.jpg 32w, https:\/\/villarrealcf.es\/wp-content\/uploads\/2024\/04\/20240422-CadeteVisitaEstadioResidenciaAncianos-007-150x100.jpg 150w, https:\/\/villarrealcf.es\/wp-content\/uploads\/2024\/04\/20240422-CadeteVisitaEstadioResidenciaAncianos-007-1620x1080.jpg 1920w, https:\/\/villarrealcf.es\/wp-content\/uploads\/2024\/04\/20240422-CadeteVisitaEstadioResidenciaAncianos-007-1200x800.jpg 1200w","sizes":"auto, (max-width: 1620px) 100vw, 1620px"}],"widgets":[],"blocks":[{"type":"heading","level":2,"text":"Els cadets groguets recullen als ancians de la resid\u00e8ncia per a ensenyar-los La Cer\u00e1mica"},{"type":"paragraph","text":"Els cadets de segon any groguets conviuen enguany amb els ancians de la Resid\u00e8ncia Mare de D\u00e9u de Gr\u00e0cia de Vila-real gr\u00e0cies al projecte d\u2019Endavant Igualtat. Els futbolistes Sub-16 del Submar\u00ed ja han realitzat diverses activitats en el marc del programa de Responsabilitat Social Corporativa de l\u2019entitat groga, per\u00f2 l\u2019\u00faltima va ser, sens dubte, la m\u00e9s especial. Els de V\u00edctor Herrero van acudir a la resid\u00e8ncia per a arreplegar als seus nous amics d\u2019esta temporada i ensenyar-los per dins la casa de tots els groguets, el renovat Estadi de la Cer\u00e0mica."},{"type":"paragraph","text":"Els residents del centre van poder con\u00e9ixer diferents estades del feu groc, com la sala de premsa, els vestuaris o la zona de banquetes, imaginant dirigir un partit des d\u2019eixa posici\u00f3. \u201cHem vingut a veure com s\u2019ha constru\u00eft l\u2019estadi i tots els seus llocs adjacents, aix\u00ed podem saber com funciona el club\u201d, explicava Pepe Gall\u00e9n, un dels usuaris de la resid\u00e8ncia."},{"type":"image","url":"https:\/\/villarrealcf.es\/wp-content\/uploads\/2024\/04\/20240422-CadeteVisitaEstadioResidenciaAncianos-023-1620x1080.jpg","alt":"","width":1620,"height":1080,"srcset":"https:\/\/villarrealcf.es\/wp-content\/uploads\/2024\/04\/20240422-CadeteVisitaEstadioResidenciaAncianos-023-1620x1080.jpg 1620w, https:\/\/villarrealcf.es\/wp-content\/uploads\/2024\/04\/20240422-CadeteVisitaEstadioResidenciaAncianos-023-1620x1080.jpg 1920w, https:\/\/villarrealcf.es\/wp-content\/uploads\/2024\/04\/20240422-CadeteVisitaEstadioResidenciaAncianos-023-1536x1024.jpg 1536w, https:\/\/villarrealcf.es\/wp-content\/uploads\/2024\/04\/20240422-CadeteVisitaEstadioResidenciaAncianos-023-2048x1365.jpg 2048w, https:\/\/villarrealcf.es\/wp-content\/uploads\/2024\/04\/20240422-CadeteVisitaEstadioResidenciaAncianos-023-1620x1080.jpg 1920w, https:\/\/villarrealcf.es\/wp-content\/uploads\/2024\/04\/20240422-CadeteVisitaEstadioResidenciaAncianos-023-1620x1080.jpg 1920w, https:\/\/villarrealcf.es\/wp-content\/uploads\/2024\/04\/20240422-CadeteVisitaEstadioResidenciaAncianos-023-32x21.jpg 32w, https:\/\/villarrealcf.es\/wp-content\/uploads\/2024\/04\/20240422-CadeteVisitaEstadioResidenciaAncianos-023-150x100.jpg 150w, https:\/\/villarrealcf.es\/wp-content\/uploads\/2024\/04\/20240422-CadeteVisitaEstadioResidenciaAncianos-023-1620x1080.jpg 1920w, https:\/\/villarrealcf.es\/wp-content\/uploads\/2024\/04\/20240422-CadeteVisitaEstadioResidenciaAncianos-023-1200x800.jpg 1200w","sizes":"auto, (max-width: 1620px) 100vw, 1620px"},{"type":"paragraph","text":"Pepe \u00e9s un gran aficionat del Villarreal, que recita de mem\u00f2ria l\u2019onze dels herois de l\u2019ascens a Segona de 1970: \u201cAlapont, Deb\u00f3n, Alcany\u00eds, Marzal, Eusebio, Linares, Mart\u00ednez, Luiche, Palau, Causanilles i Serrano\u201d. Si aquell ascens ja va ser tota una fita per als aficionats del Submar\u00ed, aix\u00f2 de l\u2019Europa League, la generaci\u00f3 de Pepe ni li ho imaginava: \u201cUn afalac molt gran. Este era un club xicotet que, a poc a poc, ha anat a m\u00e9s. La gent est\u00e0 molt agra\u00efda al club\u201d, recorda."},{"type":"image","url":"https:\/\/villarrealcf.es\/wp-content\/uploads\/2024\/04\/20240422-CadeteVisitaEstadioResidenciaAncianos-009-1620x1080.jpg","alt":"","width":1620,"height":1080,"srcset":"https:\/\/villarrealcf.es\/wp-content\/uploads\/2024\/04\/20240422-CadeteVisitaEstadioResidenciaAncianos-009-1620x1080.jpg 1620w, https:\/\/villarrealcf.es\/wp-content\/uploads\/2024\/04\/20240422-CadeteVisitaEstadioResidenciaAncianos-009-1620x1080.jpg 1920w, https:\/\/villarrealcf.es\/wp-content\/uploads\/2024\/04\/20240422-CadeteVisitaEstadioResidenciaAncianos-009-1536x1024.jpg 1536w, https:\/\/villarrealcf.es\/wp-content\/uploads\/2024\/04\/20240422-CadeteVisitaEstadioResidenciaAncianos-009-2048x1365.jpg 2048w, https:\/\/villarrealcf.es\/wp-content\/uploads\/2024\/04\/20240422-CadeteVisitaEstadioResidenciaAncianos-009-1620x1080.jpg 1920w, https:\/\/villarrealcf.es\/wp-content\/uploads\/2024\/04\/20240422-CadeteVisitaEstadioResidenciaAncianos-009-1620x1080.jpg 1920w, https:\/\/villarrealcf.es\/wp-content\/uploads\/2024\/04\/20240422-CadeteVisitaEstadioResidenciaAncianos-009-32x21.jpg 32w, https:\/\/villarrealcf.es\/wp-content\/uploads\/2024\/04\/20240422-CadeteVisitaEstadioResidenciaAncianos-009-150x100.jpg 150w, https:\/\/villarrealcf.es\/wp-content\/uploads\/2024\/04\/20240422-CadeteVisitaEstadioResidenciaAncianos-009-1620x1080.jpg 1920w, https:\/\/villarrealcf.es\/wp-content\/uploads\/2024\/04\/20240422-CadeteVisitaEstadioResidenciaAncianos-009-1200x800.jpg 1200w","sizes":"auto, (max-width: 1620px) 100vw, 1620px"},{"type":"paragraph","text":"Un projecte que continua sorprenent"},{"type":"paragraph","text":"Si alguna cosa tamb\u00e9 sorpr\u00e9n a Pepe \u00e9s la qualitat humana dels jugadors i t\u00e8cnics del Cadet A i la implicaci\u00f3 en Endavant Igualtat, un projecte que els alegra bona part de l\u2019any: \u201cEns aporta un espai en el qual confiem en la gent. Els jugadors que venen a veure\u2019ns ens omplin el cor perqu\u00e8 estem un poc a part del m\u00f3n\u201d, explica un emocionat Pepe, que no \u00e9s l\u2019\u00fanic sorpr\u00e9s pel programa de Responsabilitat Social Corporativa groguet."},{"type":"paragraph","text":"Daniel Lorente, entrenador assistent del Cadet A, viu la seua primera temporada a Miralcamp i no esperava esta implicaci\u00f3 del club amb la prov\u00edncia de Castell\u00f3: \u201cL\u2019impacte va ser gran a l\u2019hora d\u2019entrar en el club i veure com funcionava. Em va sorprendre esta part m\u00e9s humana perqu\u00e8 no est\u00e0 en un altre lloc que conega. Saques als xics de la seua bambolla di\u00e0ria de la zona esportiva i els fas veure les realitats del dia a dia fora del futbol. \u00c9s una iniciativa molt bona per al desenvolupament dels xics\u201d, subratlla."},{"type":"image","url":"https:\/\/villarrealcf.es\/wp-content\/uploads\/2024\/04\/20240422-CadeteVisitaEstadioResidenciaAncianos-018-1620x1080.jpg","alt":"","width":1620,"height":1080,"srcset":"https:\/\/villarrealcf.es\/wp-content\/uploads\/2024\/04\/20240422-CadeteVisitaEstadioResidenciaAncianos-018-1620x1080.jpg 1620w, https:\/\/villarrealcf.es\/wp-content\/uploads\/2024\/04\/20240422-CadeteVisitaEstadioResidenciaAncianos-018-1620x1080.jpg 1920w, https:\/\/villarrealcf.es\/wp-content\/uploads\/2024\/04\/20240422-CadeteVisitaEstadioResidenciaAncianos-018-1536x1024.jpg 1536w, https:\/\/villarrealcf.es\/wp-content\/uploads\/2024\/04\/20240422-CadeteVisitaEstadioResidenciaAncianos-018-2048x1365.jpg 2048w, https:\/\/villarrealcf.es\/wp-content\/uploads\/2024\/04\/20240422-CadeteVisitaEstadioResidenciaAncianos-018-1620x1080.jpg 1920w, https:\/\/villarrealcf.es\/wp-content\/uploads\/2024\/04\/20240422-CadeteVisitaEstadioResidenciaAncianos-018-1620x1080.jpg 1920w, https:\/\/villarrealcf.es\/wp-content\/uploads\/2024\/04\/20240422-CadeteVisitaEstadioResidenciaAncianos-018-32x21.jpg 32w, https:\/\/villarrealcf.es\/wp-content\/uploads\/2024\/04\/20240422-CadeteVisitaEstadioResidenciaAncianos-018-150x100.jpg 150w, https:\/\/villarrealcf.es\/wp-content\/uploads\/2024\/04\/20240422-CadeteVisitaEstadioResidenciaAncianos-018-1620x1080.jpg 1920w, https:\/\/villarrealcf.es\/wp-content\/uploads\/2024\/04\/20240422-CadeteVisitaEstadioResidenciaAncianos-018-1200x800.jpg 1200w","sizes":"auto, (max-width: 1620px) 100vw, 1620px"},{"type":"paragraph","text":"Sobre eixe impacte inicial, tamb\u00e9 parla V\u00edctor G\u00f3mez, portera del Cadet A: \u201cAl principi, el veus amb un poc de dubtes perqu\u00e8 no saps el que et trobar\u00e0s, per\u00f2, una vegada el vius, \u00e9s una sensaci\u00f3 molt bona poder compartir amb diferents persones un dia. \u00c9s un projecte molt bonic i ajuda molt a tothom. Ens emportem coses molt bones\u201d."},{"type":"paragraph","text":"A pesar que V\u00edctor ja porta alguns anys en el club, esta \u00e9s la seua segona edici\u00f3 d\u2019Endavant, que quan va arribar, es va detindre a causa de la pand\u00e8mia del COVID-19. Gr\u00e0cies al projecte, ha pogut conviure amb gent molt diversa i de diferents generacions: \u201cL\u2019any passat vam conviure amb un centre d\u2019acolliment de xiquets de la nostra edat. Convivim amb ells i vam veure que tothom no t\u00e9 la nostra sort i tractem d\u2019ajudar-los. Enguany, amb la resid\u00e8ncia, ells tenen m\u00e9s experi\u00e8ncia que nosaltres i ens poden aconsellar\u201d."},{"type":"image","url":"https:\/\/villarrealcf.es\/wp-content\/uploads\/2024\/04\/20240422-CadeteVisitaEstadioResidenciaAncianos-007-1620x1080.jpg","alt":"","width":1620,"height":1080,"srcset":"https:\/\/villarrealcf.es\/wp-content\/uploads\/2024\/04\/20240422-CadeteVisitaEstadioResidenciaAncianos-007-1620x1080.jpg 1620w, https:\/\/villarrealcf.es\/wp-content\/uploads\/2024\/04\/20240422-CadeteVisitaEstadioResidenciaAncianos-007-1620x1080.jpg 1920w, https:\/\/villarrealcf.es\/wp-content\/uploads\/2024\/04\/20240422-CadeteVisitaEstadioResidenciaAncianos-007-1536x1024.jpg 1536w, https:\/\/villarrealcf.es\/wp-content\/uploads\/2024\/04\/20240422-CadeteVisitaEstadioResidenciaAncianos-007-2048x1365.jpg 2048w, https:\/\/villarrealcf.es\/wp-content\/uploads\/2024\/04\/20240422-CadeteVisitaEstadioResidenciaAncianos-007-1620x1080.jpg 1920w, https:\/\/villarrealcf.es\/wp-content\/uploads\/2024\/04\/20240422-CadeteVisitaEstadioResidenciaAncianos-007-1620x1080.jpg 1920w, https:\/\/villarrealcf.es\/wp-content\/uploads\/2024\/04\/20240422-CadeteVisitaEstadioResidenciaAncianos-007-32x21.jpg 32w, https:\/\/villarrealcf.es\/wp-content\/uploads\/2024\/04\/20240422-CadeteVisitaEstadioResidenciaAncianos-007-150x100.jpg 150w, https:\/\/villarrealcf.es\/wp-content\/uploads\/2024\/04\/20240422-CadeteVisitaEstadioResidenciaAncianos-007-1620x1080.jpg 1920w, https:\/\/villarrealcf.es\/wp-content\/uploads\/2024\/04\/20240422-CadeteVisitaEstadioResidenciaAncianos-007-1200x800.jpg 1200w","sizes":"auto, (max-width: 1620px) 100vw, 1620px"},{"type":"paragraph","text":"Igual que V\u00edctor, els seus companys tracten d\u2019aprendre dels usuaris de la resid\u00e8ncia Verge de Gr\u00e0cia, dels quals molts, com Pepe, s\u00f3n grans aficionats del Villarreal. Gr\u00e0cies a Endavant, compartixen moments \u00fanics i la passi\u00f3 per l\u2019escut."}]}},"sections":[{"id":"section-1","title":"Els cadets groguets recullen als ancians de la resid\u00e8ncia per a ensenyar-los La Cer\u00e1mica","text":"Els cadets groguets recullen als ancians de la resid\u00e8ncia per a ensenyar-los La Cer\u00e1mica Els cadets de segon any groguets conviuen enguany amb els ancians de la Resid\u00e8ncia Mare de D\u00e9u de Gr\u00e0cia de Vila-real gr\u00e0cies al projecte d\u2019Endavant Igualtat. Els futbolistes Sub-16 del Submar\u00ed ja han realitzat diverses activitats en el marc del programa de Responsabilitat Social Corporativa de l\u2019entitat groga, per\u00f2 l\u2019\u00faltima va ser, sens dubte, la m\u00e9s especial. Els de V\u00edctor Herrero van acudir a la resid\u00e8ncia per a arreplegar als seus nous amics d\u2019esta temporada i ensenyar-los per dins la casa de tots els groguets, el renovat Estadi de la Cer\u00e0mica. Els residents del centre van poder con\u00e9ixer diferents estades del feu groc, com la sala de premsa, els vestuaris o la zona de banquetes, imaginant dirigir un partit des d\u2019eixa posici\u00f3. \u201cHem vingut a veure com s\u2019ha constru\u00eft l\u2019estadi i tots els seus llocs adjacents, aix\u00ed podem saber com funciona el club\u201d, explicava Pepe Gall\u00e9n, un dels usuaris de la resid\u00e8ncia. Pepe \u00e9s un gran aficionat del Villarreal, que recita de mem\u00f2ria l\u2019onze dels herois de l\u2019ascens a Segona de 1970: \u201cAlapont, Deb\u00f3n, Alcany\u00eds, Marzal, Eusebio, Linares, Mart\u00ednez, Luiche, Palau, Causanilles i Serrano\u201d. Si aquell ascens ja va ser tota una fita per als aficionats del Submar\u00ed, aix\u00f2 de l\u2019Europa League, la generaci\u00f3 de Pepe ni li ho imaginava: \u201cUn afalac molt gran. Este era un club xicotet que, a poc a poc, ha anat a m\u00e9s. La gent est\u00e0 molt agra\u00efda al club\u201d, recorda. Un projecte que continua sorprenent Si alguna cosa tamb\u00e9 sorpr\u00e9n a Pepe \u00e9s la qualitat humana dels jugadors i t\u00e8cnics del Cadet A i la implicaci\u00f3 en Endavant Igualtat, un projecte que els alegra bona part de l\u2019any: \u201cEns aporta un espai en el qual confiem en la gent. Els jugadors que venen a veure\u2019ns ens omplin el cor perqu\u00e8 estem un poc a part del m\u00f3n\u201d, explica un emocionat Pepe, que no \u00e9s l\u2019\u00fanic sorpr\u00e9s pel programa de Responsabilitat Social Corporativa groguet. Daniel Lorente, entrenador assistent del Cadet A, viu la seua primera temporada a Miralcamp i no esperava esta implicaci\u00f3 del club amb la prov\u00edncia de Castell\u00f3: \u201cL\u2019impacte va ser gran a l\u2019hora d\u2019entrar en el club i veure com funcionava. Em va sorprendre esta part m\u00e9s humana perqu\u00e8 no est\u00e0 en un altre lloc que conega. Saques als xics de la seua bambolla di\u00e0ria de la zona esportiva i els fas veure les realitats del dia a dia fora del futbol. \u00c9s una iniciativa molt bona per al desenvolupament dels xics\u201d, subratlla. Sobre eixe impacte inicial, tamb\u00e9 parla V\u00edctor G\u00f3mez, portera del Cadet A: \u201cAl principi, el veus amb un poc de dubtes perqu\u00e8 no saps el que et trobar\u00e0s, per\u00f2, una vegada el vius, \u00e9s una sensaci\u00f3 molt bona poder compartir amb diferents persones un dia. \u00c9s un projecte molt bonic i ajuda molt a tothom. Ens emportem coses molt bones\u201d. A pesar que V\u00edctor ja porta alguns anys en el club, esta \u00e9s la seua segona edici\u00f3 d\u2019Endavant, que quan va arribar, es va detindre a causa de la pand\u00e8mia del COVID-19. Gr\u00e0cies al projecte, ha pogut conviure amb gent molt diversa i de diferents generacions: \u201cL\u2019any passat vam conviure amb un centre d\u2019acolliment de xiquets de la nostra edat. Convivim amb ells i vam veure que tothom no t\u00e9 la nostra sort i tractem d\u2019ajudar-los. Enguany, amb la resid\u00e8ncia, ells tenen m\u00e9s experi\u00e8ncia que nosaltres i ens poden aconsellar\u201d. Igual que V\u00edctor, els seus companys tracten d\u2019aprendre dels usuaris de la resid\u00e8ncia Verge de Gr\u00e0cia, dels quals molts, com Pepe, s\u00f3n grans aficionats del Villarreal. Gr\u00e0cies a Endavant, compartixen moments \u00fanics i la passi\u00f3 per l\u2019escut.","url":"","background_image":"","images":[{"type":"image","url":"https:\/\/villarrealcf.es\/wp-content\/uploads\/2024\/04\/20240422-CadeteVisitaEstadioResidenciaAncianos-023-1620x1080.jpg","alt":"","width":1620,"height":1080,"srcset":"https:\/\/villarrealcf.es\/wp-content\/uploads\/2024\/04\/20240422-CadeteVisitaEstadioResidenciaAncianos-023-1620x1080.jpg 1620w, https:\/\/villarrealcf.es\/wp-content\/uploads\/2024\/04\/20240422-CadeteVisitaEstadioResidenciaAncianos-023-1620x1080.jpg 1920w, https:\/\/villarrealcf.es\/wp-content\/uploads\/2024\/04\/20240422-CadeteVisitaEstadioResidenciaAncianos-023-1536x1024.jpg 1536w, https:\/\/villarrealcf.es\/wp-content\/uploads\/2024\/04\/20240422-CadeteVisitaEstadioResidenciaAncianos-023-2048x1365.jpg 2048w, https:\/\/villarrealcf.es\/wp-content\/uploads\/2024\/04\/20240422-CadeteVisitaEstadioResidenciaAncianos-023-1620x1080.jpg 1920w, https:\/\/villarrealcf.es\/wp-content\/uploads\/2024\/04\/20240422-CadeteVisitaEstadioResidenciaAncianos-023-1620x1080.jpg 1920w, https:\/\/villarrealcf.es\/wp-content\/uploads\/2024\/04\/20240422-CadeteVisitaEstadioResidenciaAncianos-023-32x21.jpg 32w, https:\/\/villarrealcf.es\/wp-content\/uploads\/2024\/04\/20240422-CadeteVisitaEstadioResidenciaAncianos-023-150x100.jpg 150w, https:\/\/villarrealcf.es\/wp-content\/uploads\/2024\/04\/20240422-CadeteVisitaEstadioResidenciaAncianos-023-1620x1080.jpg 1920w, https:\/\/villarrealcf.es\/wp-content\/uploads\/2024\/04\/20240422-CadeteVisitaEstadioResidenciaAncianos-023-1200x800.jpg 1200w","sizes":"auto, (max-width: 1620px) 100vw, 1620px"},{"type":"image","url":"https:\/\/villarrealcf.es\/wp-content\/uploads\/2024\/04\/20240422-CadeteVisitaEstadioResidenciaAncianos-009-1620x1080.jpg","alt":"","width":1620,"height":1080,"srcset":"https:\/\/villarrealcf.es\/wp-content\/uploads\/2024\/04\/20240422-CadeteVisitaEstadioResidenciaAncianos-009-1620x1080.jpg 1620w, https:\/\/villarrealcf.es\/wp-content\/uploads\/2024\/04\/20240422-CadeteVisitaEstadioResidenciaAncianos-009-1620x1080.jpg 1920w, https:\/\/villarrealcf.es\/wp-content\/uploads\/2024\/04\/20240422-CadeteVisitaEstadioResidenciaAncianos-009-1536x1024.jpg 1536w, https:\/\/villarrealcf.es\/wp-content\/uploads\/2024\/04\/20240422-CadeteVisitaEstadioResidenciaAncianos-009-2048x1365.jpg 2048w, https:\/\/villarrealcf.es\/wp-content\/uploads\/2024\/04\/20240422-CadeteVisitaEstadioResidenciaAncianos-009-1620x1080.jpg 1920w, https:\/\/villarrealcf.es\/wp-content\/uploads\/2024\/04\/20240422-CadeteVisitaEstadioResidenciaAncianos-009-1620x1080.jpg 1920w, https:\/\/villarrealcf.es\/wp-content\/uploads\/2024\/04\/20240422-CadeteVisitaEstadioResidenciaAncianos-009-32x21.jpg 32w, https:\/\/villarrealcf.es\/wp-content\/uploads\/2024\/04\/20240422-CadeteVisitaEstadioResidenciaAncianos-009-150x100.jpg 150w, https:\/\/villarrealcf.es\/wp-content\/uploads\/2024\/04\/20240422-CadeteVisitaEstadioResidenciaAncianos-009-1620x1080.jpg 1920w, https:\/\/villarrealcf.es\/wp-content\/uploads\/2024\/04\/20240422-CadeteVisitaEstadioResidenciaAncianos-009-1200x800.jpg 1200w","sizes":"auto, (max-width: 1620px) 100vw, 1620px"},{"type":"image","url":"https:\/\/villarrealcf.es\/wp-content\/uploads\/2024\/04\/20240422-CadeteVisitaEstadioResidenciaAncianos-018-1620x1080.jpg","alt":"","width":1620,"height":1080,"srcset":"https:\/\/villarrealcf.es\/wp-content\/uploads\/2024\/04\/20240422-CadeteVisitaEstadioResidenciaAncianos-018-1620x1080.jpg 1620w, https:\/\/villarrealcf.es\/wp-content\/uploads\/2024\/04\/20240422-CadeteVisitaEstadioResidenciaAncianos-018-1620x1080.jpg 1920w, https:\/\/villarrealcf.es\/wp-content\/uploads\/2024\/04\/20240422-CadeteVisitaEstadioResidenciaAncianos-018-1536x1024.jpg 1536w, https:\/\/villarrealcf.es\/wp-content\/uploads\/2024\/04\/20240422-CadeteVisitaEstadioResidenciaAncianos-018-2048x1365.jpg 2048w, https:\/\/villarrealcf.es\/wp-content\/uploads\/2024\/04\/20240422-CadeteVisitaEstadioResidenciaAncianos-018-1620x1080.jpg 1920w, https:\/\/villarrealcf.es\/wp-content\/uploads\/2024\/04\/20240422-CadeteVisitaEstadioResidenciaAncianos-018-1620x1080.jpg 1920w, https:\/\/villarrealcf.es\/wp-content\/uploads\/2024\/04\/20240422-CadeteVisitaEstadioResidenciaAncianos-018-32x21.jpg 32w, https:\/\/villarrealcf.es\/wp-content\/uploads\/2024\/04\/20240422-CadeteVisitaEstadioResidenciaAncianos-018-150x100.jpg 150w, https:\/\/villarrealcf.es\/wp-content\/uploads\/2024\/04\/20240422-CadeteVisitaEstadioResidenciaAncianos-018-1620x1080.jpg 1920w, https:\/\/villarrealcf.es\/wp-content\/uploads\/2024\/04\/20240422-CadeteVisitaEstadioResidenciaAncianos-018-1200x800.jpg 1200w","sizes":"auto, (max-width: 1620px) 100vw, 1620px"},{"type":"image","url":"https:\/\/villarrealcf.es\/wp-content\/uploads\/2024\/04\/20240422-CadeteVisitaEstadioResidenciaAncianos-007-1620x1080.jpg","alt":"","width":1620,"height":1080,"srcset":"https:\/\/villarrealcf.es\/wp-content\/uploads\/2024\/04\/20240422-CadeteVisitaEstadioResidenciaAncianos-007-1620x1080.jpg 1620w, https:\/\/villarrealcf.es\/wp-content\/uploads\/2024\/04\/20240422-CadeteVisitaEstadioResidenciaAncianos-007-1620x1080.jpg 1920w, https:\/\/villarrealcf.es\/wp-content\/uploads\/2024\/04\/20240422-CadeteVisitaEstadioResidenciaAncianos-007-1536x1024.jpg 1536w, https:\/\/villarrealcf.es\/wp-content\/uploads\/2024\/04\/20240422-CadeteVisitaEstadioResidenciaAncianos-007-2048x1365.jpg 2048w, https:\/\/villarrealcf.es\/wp-content\/uploads\/2024\/04\/20240422-CadeteVisitaEstadioResidenciaAncianos-007-1620x1080.jpg 1920w, https:\/\/villarrealcf.es\/wp-content\/uploads\/2024\/04\/20240422-CadeteVisitaEstadioResidenciaAncianos-007-1620x1080.jpg 1920w, https:\/\/villarrealcf.es\/wp-content\/uploads\/2024\/04\/20240422-CadeteVisitaEstadioResidenciaAncianos-007-32x21.jpg 32w, https:\/\/villarrealcf.es\/wp-content\/uploads\/2024\/04\/20240422-CadeteVisitaEstadioResidenciaAncianos-007-150x100.jpg 150w, https:\/\/villarrealcf.es\/wp-content\/uploads\/2024\/04\/20240422-CadeteVisitaEstadioResidenciaAncianos-007-1620x1080.jpg 1920w, https:\/\/villarrealcf.es\/wp-content\/uploads\/2024\/04\/20240422-CadeteVisitaEstadioResidenciaAncianos-007-1200x800.jpg 1200w","sizes":"auto, (max-width: 1620px) 100vw, 1620px"}],"videos":[],"links":[]}]},"excerpt":{"rendered":"Els cadets groguets recullen als ancians de la resid\u00e8ncia per a ensenyar-los La Cer\u00e1mica","protected":false},"author":1,"featured_media":304728,"comment_status":"closed","ping_status":"closed","sticky":false,"template":"","format":"standard","meta":{"_acf_changed":false,"footnotes":""},"categories":[13509,16370],"tags":[9332,10325,10773,11429,9270,9227,716,9205,9627,9203],"acf":null,"lang":"val","translations":{"es":304724,"val":304743,"en":304828},"essential_grid":{"has_grid":false},"formatted_date":"April 30, 2024","modified_date":"April 23, 2024","permalink":"https:\/\/villarrealcf.es\/val\/dos-generaciones-unidas-gracias-a-endavant-igualtat\/","reading_time":4,"featured_media_data":{"id":304728,"title":"endavant","caption":"","alt_text":"","description":"","mime_type":"image\/jpeg","source_url":"https:\/\/villarrealcf.es\/wp-content\/uploads\/2024\/04\/endavant-1-scaled.jpg","sizes":{"thumbnail":{"url":"https:\/\/villarrealcf.es\/wp-content\/uploads\/2024\/04\/endavant-1-1920x1080.jpg","width":1920,"height":1080},"medium":{"url":"https:\/\/villarrealcf.es\/wp-content\/uploads\/2024\/04\/endavant-1-1920x1080.jpg","width":1920,"height":1080},"medium_large":{"url":"https:\/\/villarrealcf.es\/wp-content\/uploads\/2024\/04\/endavant-1-768x432.jpg","width":768,"height":432},"large":{"url":"https:\/\/villarrealcf.es\/wp-content\/uploads\/2024\/04\/endavant-1-1920x1080.jpg","width":788,"height":443},"1536x1536":{"url":"https:\/\/villarrealcf.es\/wp-content\/uploads\/2024\/04\/endavant-1-1536x864.jpg","width":1536,"height":864},"2048x2048":{"url":"https:\/\/villarrealcf.es\/wp-content\/uploads\/2024\/04\/endavant-1-2048x1151.jpg","width":2048,"height":1151},"tp-image-grid":{"url":"https:\/\/villarrealcf.es\/wp-content\/uploads\/2024\/04\/endavant-1-700x700.jpg","width":700,"height":700},"size-bunyad-medium":{"url":"https:\/\/villarrealcf.es\/wp-content\/uploads\/2024\/04\/endavant-1-1920x1080.jpg","width":1920,"height":1080},"sportspress-crop-medium":{"url":"https:\/\/villarrealcf.es\/wp-content\/uploads\/2024\/04\/endavant-1-300x300.jpg","width":300,"height":300},"sportspress-fit-medium":{"url":"https:\/\/villarrealcf.es\/wp-content\/uploads\/2024\/04\/endavant-1-300x169.jpg","width":300,"height":169},"sportspress-fit-icon":{"url":"https:\/\/villarrealcf.es\/wp-content\/uploads\/2024\/04\/endavant-1-128x72.jpg","width":128,"height":72},"sportspress-fit-mini":{"url":"https:\/\/villarrealcf.es\/wp-content\/uploads\/2024\/04\/endavant-1-32x18.jpg","width":32,"height":18},"bunyad-small":{"url":"https:\/\/villarrealcf.es\/wp-content\/uploads\/2024\/04\/endavant-1-150x84.jpg","width":150,"height":84},"bunyad-medium":{"url":"https:\/\/villarrealcf.es\/wp-content\/uploads\/2024\/04\/endavant-1-450x253.jpg","width":450,"height":253},"bunyad-full":{"url":"https:\/\/villarrealcf.es\/wp-content\/uploads\/2024\/04\/endavant-1-1200x675.jpg","width":1200,"height":675},"bunyad-viewport":{"url":"https:\/\/villarrealcf.es\/wp-content\/uploads\/2024\/04\/endavant-1-2048x1151.jpg","width":2048,"height":1151},"bunyad-768":{"url":"https:\/\/villarrealcf.es\/wp-content\/uploads\/2024\/04\/endavant-1-768x432.jpg","width":768,"height":432},"full":{"url":"https:\/\/villarrealcf.es\/wp-content\/uploads\/2024\/04\/endavant-1-scaled.jpg","width":2560,"height":1439}}},"author_data":{"id":"1","name":"root_envidea","first_name":"Villarreal CF","last_name":"","description":"","avatar_url":"https:\/\/secure.gravatar.com\/avatar\/48f95f42a3ccc324f3a3458e4b9e6fb070b083e99d388e170c1afb061fa99b63?s=96&d=mm&r=g","acf":null},"taxonomies_data":{"category":[{"id":13509,"name":"Endavant","slug":"endavant-val","acf":null},{"id":16370,"name":"Estadio de la Cer\u00e1mica","slug":"estadio-de-la-ceramica-val","acf":null}],"post_tag":[{"id":9332,"name":"Cadete A","slug":"cadete-a-val","acf":null},{"id":10325,"name":"Cantera Grogueta","slug":"cantera-grogueta-val","acf":null},{"id":10773,"name":"Endavant Igualtat","slug":"endavant-igualtat-val-2","acf":null},{"id":11429,"name":"Estadio de la Cer\u00e1mica","slug":"estadio-de-la-ceramica-val","acf":null},{"id":9270,"name":"Futbol","slug":"futbol-val","acf":null},{"id":9227,"name":"F\u00fatbol Base","slug":"futbol-base-val","acf":null},{"id":716,"name":"Soccer","slug":"soccer-d105","acf":null},{"id":9205,"name":"Submarino","slug":"submarino-val","acf":null},{"id":9627,"name":"Submarino Amarillo","slug":"submarino-amarillo-val","acf":null},{"id":9203,"name":"Villarreal CF","slug":"villarreal-cf-val","acf":null}],"translation_priority":[{"id":735,"name":"Optional","slug":"optional-val","acf":null}]},"seo_full":{"native":{"title":"Dues generacions unides gr\u00e0cies a Endavant Igualtat - Web Oficial del Villarreal CF","description":"Els cadets groguets recullen als ancians de la resid\u00e8ncia per a ensenyar-los La Cer\u00e1mica","canonical":"https:\/\/villarrealcf.es\/val\/dos-generaciones-unidas-gracias-a-endavant-igualtat\/"}},"_links":{"self":[{"href":"https:\/\/villarrealcf.es\/val\/wp-json\/wp\/v2\/posts\/304743","targetHints":{"allow":["GET"]}}],"collection":[{"href":"https:\/\/villarrealcf.es\/val\/wp-json\/wp\/v2\/posts"}],"about":[{"href":"https:\/\/villarrealcf.es\/val\/wp-json\/wp\/v2\/types\/post"}],"author":[{"embeddable":true,"href":"https:\/\/villarrealcf.es\/val\/wp-json\/wp\/v2\/users\/1"}],"replies":[{"embeddable":true,"href":"https:\/\/villarrealcf.es\/val\/wp-json\/wp\/v2\/comments?post=304743"}],"version-history":[{"count":0,"href":"https:\/\/villarrealcf.es\/val\/wp-json\/wp\/v2\/posts\/304743\/revisions"}],"wp:featuredmedia":[{"embeddable":true,"href":"https:\/\/villarrealcf.es\/val\/wp-json\/wp\/v2\/media\/304728"}],"wp:attachment":[{"href":"https:\/\/villarrealcf.es\/val\/wp-json\/wp\/v2\/media?parent=304743"}],"wp:term":[{"taxonomy":"category","embeddable":true,"href":"https:\/\/villarrealcf.es\/val\/wp-json\/wp\/v2\/categories?post=304743"},{"taxonomy":"post_tag","embeddable":true,"href":"https:\/\/villarrealcf.es\/val\/wp-json\/wp\/v2\/tags?post=304743"}],"curies":[{"name":"wp","href":"https:\/\/api.w.org\/{rel}","templated":true}]}}