{"id":304390,"date":"2024-04-20T15:52:11","date_gmt":"2024-04-20T13:52:11","guid":{"rendered":"https:\/\/villarrealcf.es\/el-villarreal-b-cree-en-la-salvacion-1-0\/"},"modified":"2024-04-20T18:39:21","modified_gmt":"2024-04-20T16:39:21","slug":"el-villarreal-b-cree-en-la-salvacion-1-0","status":"publish","type":"post","link":"https:\/\/villarrealcf.es\/val\/el-villarreal-b-cree-en-la-salvacion-1-0\/","title":{"rendered":"El Villarreal B creu en la salvaci\u00f3 (1-0)"},"content":{"protected":false,"blocks":[{"type":"heading","level":2,"text":"El filial groc s\u2019imposa al Racing de Ferrol gr\u00e0cies a un gol d\u2019\u00c1lex For\u00e9s i segueix en la lluita per la perman\u00e8ncia"},{"type":"paragraph","text":"El Villarreal B va aconseguir una important\u00edssima vict\u00f2ria davant el Racing de Ferrol i segueix ficat de ple en la lluita per salvar la categoria (1-0). L\u2019\u00fanic gol del partit va ser obra del m\u00e0xim golejador del Mini Submar\u00ed: \u00c1lex For\u00e9s."},{"type":"paragraph","text":"El filial groc es presentava al duel amb l\u2019objectiu de guanyar de nou a casa per a oblidar la derrota patida en l\u2019anterior jornada. Cada punt \u00e9s vital en la lluita per la perman\u00e8ncia en la categoria i els joves jugadors dirigits per Miguel \u00c1lvarez el van tindre clar des del minut un."},{"type":"paragraph","text":"L\u2019entrenador de Ja\u00e9n va tornar a confiar en el mateix onze de les \u00faltimes jornades per a enfrontar-se a un Racing de Ferrol que aspira a ficar-se en la zona de promoci\u00f3 d\u2019ascens, per la qual cosa la tasca dels grocs no es pressuposava gens senzilla."},{"type":"paragraph","text":"Les dues millors ocasions de la primera part van ser per al Villarreal B. No havia transcorregut ni 30 segons de joc quan Ontiveros va ca\u00e7ar una pilota solta en l\u2019\u00e0rea obligant a Cantero a realitzar una magn\u00edfica parada que va evitar el 1-0."},{"type":"paragraph","text":"El filial groc, ben posicionat sobre el terreny de joc, creava perill. Aix\u00ed, corria el minut 20 quan Ontiveros va centrar a l\u2019\u00e0rea, For\u00e9s la va deixar de cara amb el cap i Carlos Romero va fallar davant Cantero, que en aquesta ocasi\u00f3 va rebutjar amb el peu quan ja es cantava el gol en La Cer\u00e0mica. El exporter del Villarreal B va evitar el que semblava inevitable."},{"type":"paragraph","text":"Ja en la segona meitat, el Racing de Ferrol va comen\u00e7ar a estirar-se a la recerca del gol. Als grocs els costava m\u00e9s generar joc i com a conseq\u00fc\u00e8ncia, les ocasions no arribaven. Miguel \u00c1lvarez va moure la banqueta, donant entrada a Jorge Pascual, que reapareixia despr\u00e9s de complir un partit de sanci\u00f3."},{"type":"paragraph","text":"A continuaci\u00f3, va arribar el 1-0. Javi Ontiveros es va inventar un genial passe interior per alt perqu\u00e8 \u00c1lex For\u00e9s anotara amb un xut croat des de fora de l\u2019\u00e0rea (m. 75). No era gens f\u00e0cil. Un gol important\u00edssim en les aspiracions del filial groc."},{"type":"paragraph","text":"Els minuts finals van ser d\u2019aut\u00e8ntic infart, per\u00f2 el Mini Submar\u00ed va saber aguantar les escomeses del Racing de Ferrol."},{"type":"paragraph","text":"El pr\u00f2xim partit del Villarreal B ser\u00e0 fora de casa contra l\u2019Sporting de Gij\u00f3n (diumenge, 28 d\u2019abril)."}],"structured":{"summary":{"text":"El filial groc s\u2019imposa al Racing de Ferrol gr\u00e0cies a un gol d\u2019\u00c1lex For\u00e9s i segueix en la lluita per la perman\u00e8ncia El Villarreal B va aconseguir una important\u00edssima vict\u00f2ria davant el Racing de Ferrol i segueix ficat de ple en la lluita per salvar la categoria (1-0). L\u2019\u00fanic gol del partit va ser obra del m\u00e0xim golejador del Mini Submar\u00ed: \u00c1lex For\u00e9s. El filial groc es presentava al duel amb l\u2019objectiu de guanyar de nou a casa per a oblidar la derrota patida en l\u2019anterior jornada. Cada punt \u00e9s vital en la lluita per la perman\u00e8ncia en la categoria i els joves jugadors dirigits per Miguel \u00c1lvarez el van tindre clar des del minut un. L\u2019entrenador de Ja\u00e9n va tornar a confiar en el mateix onze de les \u00faltimes jornades per a enfrontar-se a un Racing de Ferrol que aspira a ficar-se en la zona de promoci\u00f3 d\u2019ascens, per la qual cosa la tasca dels grocs no es pressuposava gens senzilla. Les dues millors ocasions de la primera part van ser per al Villarreal B. No havia transcorregut ni 30 segons de joc quan Ontiveros va ca\u00e7ar una pilota solta en l\u2019\u00e0rea obligant a Cantero a realitzar una magn\u00edfica parada que va evitar el 1-0. El filial groc, ben posicionat sobre el terreny de joc, creava perill. Aix\u00ed, corria el minut 20 quan Ontiveros va centrar a l\u2019\u00e0rea, For\u00e9s la va deixar de cara amb el cap i Carlos Romero va fallar davant Cantero, que en aquesta ocasi\u00f3 va rebutjar amb el peu quan ja es cantava el gol en La Cer\u00e0mica. El exporter del Villarreal B va evitar el que semblava inevitable. Ja en la segona meitat, el Racing de Ferrol va comen\u00e7ar a estirar-se a la recerca del gol. Als grocs els costava m\u00e9s generar joc i com a conseq\u00fc\u00e8ncia, les ocasions no arribaven. Miguel \u00c1lvarez va moure la banqueta, donant entrada a Jorge Pascual, que reapareixia despr\u00e9s de complir un partit de sanci\u00f3. A continuaci\u00f3, va arribar el 1-0. Javi Ontiveros es va inventar un genial passe interior per alt perqu\u00e8 \u00c1lex For\u00e9s anotara amb un xut croat des de fora de l\u2019\u00e0rea (m. 75). No era gens f\u00e0cil. Un gol important\u00edssim en les aspiracions del filial groc. Els minuts finals van ser d\u2019aut\u00e8ntic infart, per\u00f2 el Mini Submar\u00ed va saber aguantar les escomeses del Racing de Ferrol. El pr\u00f2xim partit del Villarreal B ser\u00e0 fora de casa contra l\u2019Sporting de Gij\u00f3n (diumenge, 28 d\u2019abril).","headings":[{"type":"heading","level":2,"text":"El filial groc s\u2019imposa al Racing de Ferrol gr\u00e0cies a un gol d\u2019\u00c1lex For\u00e9s i segueix en la lluita per la perman\u00e8ncia"}],"buttons":[],"images":[],"counts":{"blocks":10,"headings":1,"texts":9,"buttons":0,"images":0}},"sections":[{"id":"section-1","title":"El filial groc s\u2019imposa al Racing de Ferrol gr\u00e0cies a un gol d\u2019\u00c1lex For\u00e9s i segueix en la lluita per la perman\u00e8ncia","text":"El filial groc s\u2019imposa al Racing de Ferrol gr\u00e0cies a un gol d\u2019\u00c1lex For\u00e9s i segueix en la lluita per la perman\u00e8ncia El Villarreal B va aconseguir una important\u00edssima vict\u00f2ria davant el Racing de Ferrol i segueix ficat de ple en la lluita per salvar la categoria (1-0). L\u2019\u00fanic gol del partit va ser obra del m\u00e0xim golejador del Mini Submar\u00ed: \u00c1lex For\u00e9s. El filial groc es presentava al duel amb l\u2019objectiu de guanyar de nou a casa per a oblidar la derrota patida en l\u2019anterior jornada. Cada punt \u00e9s vital en la lluita per la perman\u00e8ncia en la categoria i els joves jugadors dirigits per Miguel \u00c1lvarez el van tindre clar des del minut un. L\u2019entrenador de Ja\u00e9n va tornar a confiar en el mateix onze de les \u00faltimes jornades per a enfrontar-se a un Racing de Ferrol que aspira a ficar-se en la zona de promoci\u00f3 d\u2019ascens, per la qual cosa la tasca dels grocs no es pressuposava gens senzilla. Les dues millors ocasions de la primera part van ser per al Villarreal B. No havia transcorregut ni 30 segons de joc quan Ontiveros va ca\u00e7ar una pilota solta en l\u2019\u00e0rea obligant a Cantero a realitzar una magn\u00edfica parada que va evitar el 1-0. El filial groc, ben posicionat sobre el terreny de joc, creava perill. Aix\u00ed, corria el minut 20 quan Ontiveros va centrar a l\u2019\u00e0rea, For\u00e9s la va deixar de cara amb el cap i Carlos Romero va fallar davant Cantero, que en aquesta ocasi\u00f3 va rebutjar amb el peu quan ja es cantava el gol en La Cer\u00e0mica. El exporter del Villarreal B va evitar el que semblava inevitable. Ja en la segona meitat, el Racing de Ferrol va comen\u00e7ar a estirar-se a la recerca del gol. Als grocs els costava m\u00e9s generar joc i com a conseq\u00fc\u00e8ncia, les ocasions no arribaven. Miguel \u00c1lvarez va moure la banqueta, donant entrada a Jorge Pascual, que reapareixia despr\u00e9s de complir un partit de sanci\u00f3. A continuaci\u00f3, va arribar el 1-0. Javi Ontiveros es va inventar un genial passe interior per alt perqu\u00e8 \u00c1lex For\u00e9s anotara amb un xut croat des de fora de l\u2019\u00e0rea (m. 75). No era gens f\u00e0cil. Un gol important\u00edssim en les aspiracions del filial groc. Els minuts finals van ser d\u2019aut\u00e8ntic infart, per\u00f2 el Mini Submar\u00ed va saber aguantar les escomeses del Racing de Ferrol. El pr\u00f2xim partit del Villarreal B ser\u00e0 fora de casa contra l\u2019Sporting de Gij\u00f3n (diumenge, 28 d\u2019abril).","headings":[{"type":"heading","level":2,"text":"El filial groc s\u2019imposa al Racing de Ferrol gr\u00e0cies a un gol d\u2019\u00c1lex For\u00e9s i segueix en la lluita per la perman\u00e8ncia"}],"texts":[{"type":"paragraph","text":"El Villarreal B va aconseguir una important\u00edssima vict\u00f2ria davant el Racing de Ferrol i segueix ficat de ple en la lluita per salvar la categoria (1-0). L\u2019\u00fanic gol del partit va ser obra del m\u00e0xim golejador del Mini Submar\u00ed: \u00c1lex For\u00e9s."},{"type":"paragraph","text":"El filial groc es presentava al duel amb l\u2019objectiu de guanyar de nou a casa per a oblidar la derrota patida en l\u2019anterior jornada. Cada punt \u00e9s vital en la lluita per la perman\u00e8ncia en la categoria i els joves jugadors dirigits per Miguel \u00c1lvarez el van tindre clar des del minut un."},{"type":"paragraph","text":"L\u2019entrenador de Ja\u00e9n va tornar a confiar en el mateix onze de les \u00faltimes jornades per a enfrontar-se a un Racing de Ferrol que aspira a ficar-se en la zona de promoci\u00f3 d\u2019ascens, per la qual cosa la tasca dels grocs no es pressuposava gens senzilla."},{"type":"paragraph","text":"Les dues millors ocasions de la primera part van ser per al Villarreal B. No havia transcorregut ni 30 segons de joc quan Ontiveros va ca\u00e7ar una pilota solta en l\u2019\u00e0rea obligant a Cantero a realitzar una magn\u00edfica parada que va evitar el 1-0."},{"type":"paragraph","text":"El filial groc, ben posicionat sobre el terreny de joc, creava perill. Aix\u00ed, corria el minut 20 quan Ontiveros va centrar a l\u2019\u00e0rea, For\u00e9s la va deixar de cara amb el cap i Carlos Romero va fallar davant Cantero, que en aquesta ocasi\u00f3 va rebutjar amb el peu quan ja es cantava el gol en La Cer\u00e0mica. El exporter del Villarreal B va evitar el que semblava inevitable."},{"type":"paragraph","text":"Ja en la segona meitat, el Racing de Ferrol va comen\u00e7ar a estirar-se a la recerca del gol. Als grocs els costava m\u00e9s generar joc i com a conseq\u00fc\u00e8ncia, les ocasions no arribaven. Miguel \u00c1lvarez va moure la banqueta, donant entrada a Jorge Pascual, que reapareixia despr\u00e9s de complir un partit de sanci\u00f3."},{"type":"paragraph","text":"A continuaci\u00f3, va arribar el 1-0. Javi Ontiveros es va inventar un genial passe interior per alt perqu\u00e8 \u00c1lex For\u00e9s anotara amb un xut croat des de fora de l\u2019\u00e0rea (m. 75). No era gens f\u00e0cil. Un gol important\u00edssim en les aspiracions del filial groc."},{"type":"paragraph","text":"Els minuts finals van ser d\u2019aut\u00e8ntic infart, per\u00f2 el Mini Submar\u00ed va saber aguantar les escomeses del Racing de Ferrol."},{"type":"paragraph","text":"El pr\u00f2xim partit del Villarreal B ser\u00e0 fora de casa contra l\u2019Sporting de Gij\u00f3n (diumenge, 28 d\u2019abril)."}],"buttons":[],"images":[],"widgets":[],"blocks":[{"type":"heading","level":2,"text":"El filial groc s\u2019imposa al Racing de Ferrol gr\u00e0cies a un gol d\u2019\u00c1lex For\u00e9s i segueix en la lluita per la perman\u00e8ncia"},{"type":"paragraph","text":"El Villarreal B va aconseguir una important\u00edssima vict\u00f2ria davant el Racing de Ferrol i segueix ficat de ple en la lluita per salvar la categoria (1-0). L\u2019\u00fanic gol del partit va ser obra del m\u00e0xim golejador del Mini Submar\u00ed: \u00c1lex For\u00e9s."},{"type":"paragraph","text":"El filial groc es presentava al duel amb l\u2019objectiu de guanyar de nou a casa per a oblidar la derrota patida en l\u2019anterior jornada. Cada punt \u00e9s vital en la lluita per la perman\u00e8ncia en la categoria i els joves jugadors dirigits per Miguel \u00c1lvarez el van tindre clar des del minut un."},{"type":"paragraph","text":"L\u2019entrenador de Ja\u00e9n va tornar a confiar en el mateix onze de les \u00faltimes jornades per a enfrontar-se a un Racing de Ferrol que aspira a ficar-se en la zona de promoci\u00f3 d\u2019ascens, per la qual cosa la tasca dels grocs no es pressuposava gens senzilla."},{"type":"paragraph","text":"Les dues millors ocasions de la primera part van ser per al Villarreal B. No havia transcorregut ni 30 segons de joc quan Ontiveros va ca\u00e7ar una pilota solta en l\u2019\u00e0rea obligant a Cantero a realitzar una magn\u00edfica parada que va evitar el 1-0."},{"type":"paragraph","text":"El filial groc, ben posicionat sobre el terreny de joc, creava perill. Aix\u00ed, corria el minut 20 quan Ontiveros va centrar a l\u2019\u00e0rea, For\u00e9s la va deixar de cara amb el cap i Carlos Romero va fallar davant Cantero, que en aquesta ocasi\u00f3 va rebutjar amb el peu quan ja es cantava el gol en La Cer\u00e0mica. El exporter del Villarreal B va evitar el que semblava inevitable."},{"type":"paragraph","text":"Ja en la segona meitat, el Racing de Ferrol va comen\u00e7ar a estirar-se a la recerca del gol. Als grocs els costava m\u00e9s generar joc i com a conseq\u00fc\u00e8ncia, les ocasions no arribaven. Miguel \u00c1lvarez va moure la banqueta, donant entrada a Jorge Pascual, que reapareixia despr\u00e9s de complir un partit de sanci\u00f3."},{"type":"paragraph","text":"A continuaci\u00f3, va arribar el 1-0. Javi Ontiveros es va inventar un genial passe interior per alt perqu\u00e8 \u00c1lex For\u00e9s anotara amb un xut croat des de fora de l\u2019\u00e0rea (m. 75). No era gens f\u00e0cil. Un gol important\u00edssim en les aspiracions del filial groc."},{"type":"paragraph","text":"Els minuts finals van ser d\u2019aut\u00e8ntic infart, per\u00f2 el Mini Submar\u00ed va saber aguantar les escomeses del Racing de Ferrol."},{"type":"paragraph","text":"El pr\u00f2xim partit del Villarreal B ser\u00e0 fora de casa contra l\u2019Sporting de Gij\u00f3n (diumenge, 28 d\u2019abril)."}]}],"hero":{"id":"section-1","title":"El filial groc s\u2019imposa al Racing de Ferrol gr\u00e0cies a un gol d\u2019\u00c1lex For\u00e9s i segueix en la lluita per la perman\u00e8ncia","text":"El filial groc s\u2019imposa al Racing de Ferrol gr\u00e0cies a un gol d\u2019\u00c1lex For\u00e9s i segueix en la lluita per la perman\u00e8ncia El Villarreal B va aconseguir una important\u00edssima vict\u00f2ria davant el Racing de Ferrol i segueix ficat de ple en la lluita per salvar la categoria (1-0). L\u2019\u00fanic gol del partit va ser obra del m\u00e0xim golejador del Mini Submar\u00ed: \u00c1lex For\u00e9s. El filial groc es presentava al duel amb l\u2019objectiu de guanyar de nou a casa per a oblidar la derrota patida en l\u2019anterior jornada. Cada punt \u00e9s vital en la lluita per la perman\u00e8ncia en la categoria i els joves jugadors dirigits per Miguel \u00c1lvarez el van tindre clar des del minut un. L\u2019entrenador de Ja\u00e9n va tornar a confiar en el mateix onze de les \u00faltimes jornades per a enfrontar-se a un Racing de Ferrol que aspira a ficar-se en la zona de promoci\u00f3 d\u2019ascens, per la qual cosa la tasca dels grocs no es pressuposava gens senzilla. Les dues millors ocasions de la primera part van ser per al Villarreal B. No havia transcorregut ni 30 segons de joc quan Ontiveros va ca\u00e7ar una pilota solta en l\u2019\u00e0rea obligant a Cantero a realitzar una magn\u00edfica parada que va evitar el 1-0. El filial groc, ben posicionat sobre el terreny de joc, creava perill. Aix\u00ed, corria el minut 20 quan Ontiveros va centrar a l\u2019\u00e0rea, For\u00e9s la va deixar de cara amb el cap i Carlos Romero va fallar davant Cantero, que en aquesta ocasi\u00f3 va rebutjar amb el peu quan ja es cantava el gol en La Cer\u00e0mica. El exporter del Villarreal B va evitar el que semblava inevitable. Ja en la segona meitat, el Racing de Ferrol va comen\u00e7ar a estirar-se a la recerca del gol. Als grocs els costava m\u00e9s generar joc i com a conseq\u00fc\u00e8ncia, les ocasions no arribaven. Miguel \u00c1lvarez va moure la banqueta, donant entrada a Jorge Pascual, que reapareixia despr\u00e9s de complir un partit de sanci\u00f3. A continuaci\u00f3, va arribar el 1-0. Javi Ontiveros es va inventar un genial passe interior per alt perqu\u00e8 \u00c1lex For\u00e9s anotara amb un xut croat des de fora de l\u2019\u00e0rea (m. 75). No era gens f\u00e0cil. Un gol important\u00edssim en les aspiracions del filial groc. Els minuts finals van ser d\u2019aut\u00e8ntic infart, per\u00f2 el Mini Submar\u00ed va saber aguantar les escomeses del Racing de Ferrol. El pr\u00f2xim partit del Villarreal B ser\u00e0 fora de casa contra l\u2019Sporting de Gij\u00f3n (diumenge, 28 d\u2019abril).","headings":[{"type":"heading","level":2,"text":"El filial groc s\u2019imposa al Racing de Ferrol gr\u00e0cies a un gol d\u2019\u00c1lex For\u00e9s i segueix en la lluita per la perman\u00e8ncia"}],"texts":[{"type":"paragraph","text":"El Villarreal B va aconseguir una important\u00edssima vict\u00f2ria davant el Racing de Ferrol i segueix ficat de ple en la lluita per salvar la categoria (1-0). L\u2019\u00fanic gol del partit va ser obra del m\u00e0xim golejador del Mini Submar\u00ed: \u00c1lex For\u00e9s."},{"type":"paragraph","text":"El filial groc es presentava al duel amb l\u2019objectiu de guanyar de nou a casa per a oblidar la derrota patida en l\u2019anterior jornada. Cada punt \u00e9s vital en la lluita per la perman\u00e8ncia en la categoria i els joves jugadors dirigits per Miguel \u00c1lvarez el van tindre clar des del minut un."},{"type":"paragraph","text":"L\u2019entrenador de Ja\u00e9n va tornar a confiar en el mateix onze de les \u00faltimes jornades per a enfrontar-se a un Racing de Ferrol que aspira a ficar-se en la zona de promoci\u00f3 d\u2019ascens, per la qual cosa la tasca dels grocs no es pressuposava gens senzilla."},{"type":"paragraph","text":"Les dues millors ocasions de la primera part van ser per al Villarreal B. No havia transcorregut ni 30 segons de joc quan Ontiveros va ca\u00e7ar una pilota solta en l\u2019\u00e0rea obligant a Cantero a realitzar una magn\u00edfica parada que va evitar el 1-0."},{"type":"paragraph","text":"El filial groc, ben posicionat sobre el terreny de joc, creava perill. Aix\u00ed, corria el minut 20 quan Ontiveros va centrar a l\u2019\u00e0rea, For\u00e9s la va deixar de cara amb el cap i Carlos Romero va fallar davant Cantero, que en aquesta ocasi\u00f3 va rebutjar amb el peu quan ja es cantava el gol en La Cer\u00e0mica. El exporter del Villarreal B va evitar el que semblava inevitable."},{"type":"paragraph","text":"Ja en la segona meitat, el Racing de Ferrol va comen\u00e7ar a estirar-se a la recerca del gol. Als grocs els costava m\u00e9s generar joc i com a conseq\u00fc\u00e8ncia, les ocasions no arribaven. Miguel \u00c1lvarez va moure la banqueta, donant entrada a Jorge Pascual, que reapareixia despr\u00e9s de complir un partit de sanci\u00f3."},{"type":"paragraph","text":"A continuaci\u00f3, va arribar el 1-0. Javi Ontiveros es va inventar un genial passe interior per alt perqu\u00e8 \u00c1lex For\u00e9s anotara amb un xut croat des de fora de l\u2019\u00e0rea (m. 75). No era gens f\u00e0cil. Un gol important\u00edssim en les aspiracions del filial groc."},{"type":"paragraph","text":"Els minuts finals van ser d\u2019aut\u00e8ntic infart, per\u00f2 el Mini Submar\u00ed va saber aguantar les escomeses del Racing de Ferrol."},{"type":"paragraph","text":"El pr\u00f2xim partit del Villarreal B ser\u00e0 fora de casa contra l\u2019Sporting de Gij\u00f3n (diumenge, 28 d\u2019abril)."}],"buttons":[],"images":[],"widgets":[],"blocks":[{"type":"heading","level":2,"text":"El filial groc s\u2019imposa al Racing de Ferrol gr\u00e0cies a un gol d\u2019\u00c1lex For\u00e9s i segueix en la lluita per la perman\u00e8ncia"},{"type":"paragraph","text":"El Villarreal B va aconseguir una important\u00edssima vict\u00f2ria davant el Racing de Ferrol i segueix ficat de ple en la lluita per salvar la categoria (1-0). L\u2019\u00fanic gol del partit va ser obra del m\u00e0xim golejador del Mini Submar\u00ed: \u00c1lex For\u00e9s."},{"type":"paragraph","text":"El filial groc es presentava al duel amb l\u2019objectiu de guanyar de nou a casa per a oblidar la derrota patida en l\u2019anterior jornada. Cada punt \u00e9s vital en la lluita per la perman\u00e8ncia en la categoria i els joves jugadors dirigits per Miguel \u00c1lvarez el van tindre clar des del minut un."},{"type":"paragraph","text":"L\u2019entrenador de Ja\u00e9n va tornar a confiar en el mateix onze de les \u00faltimes jornades per a enfrontar-se a un Racing de Ferrol que aspira a ficar-se en la zona de promoci\u00f3 d\u2019ascens, per la qual cosa la tasca dels grocs no es pressuposava gens senzilla."},{"type":"paragraph","text":"Les dues millors ocasions de la primera part van ser per al Villarreal B. No havia transcorregut ni 30 segons de joc quan Ontiveros va ca\u00e7ar una pilota solta en l\u2019\u00e0rea obligant a Cantero a realitzar una magn\u00edfica parada que va evitar el 1-0."},{"type":"paragraph","text":"El filial groc, ben posicionat sobre el terreny de joc, creava perill. Aix\u00ed, corria el minut 20 quan Ontiveros va centrar a l\u2019\u00e0rea, For\u00e9s la va deixar de cara amb el cap i Carlos Romero va fallar davant Cantero, que en aquesta ocasi\u00f3 va rebutjar amb el peu quan ja es cantava el gol en La Cer\u00e0mica. El exporter del Villarreal B va evitar el que semblava inevitable."},{"type":"paragraph","text":"Ja en la segona meitat, el Racing de Ferrol va comen\u00e7ar a estirar-se a la recerca del gol. Als grocs els costava m\u00e9s generar joc i com a conseq\u00fc\u00e8ncia, les ocasions no arribaven. Miguel \u00c1lvarez va moure la banqueta, donant entrada a Jorge Pascual, que reapareixia despr\u00e9s de complir un partit de sanci\u00f3."},{"type":"paragraph","text":"A continuaci\u00f3, va arribar el 1-0. Javi Ontiveros es va inventar un genial passe interior per alt perqu\u00e8 \u00c1lex For\u00e9s anotara amb un xut croat des de fora de l\u2019\u00e0rea (m. 75). No era gens f\u00e0cil. Un gol important\u00edssim en les aspiracions del filial groc."},{"type":"paragraph","text":"Els minuts finals van ser d\u2019aut\u00e8ntic infart, per\u00f2 el Mini Submar\u00ed va saber aguantar les escomeses del Racing de Ferrol."},{"type":"paragraph","text":"El pr\u00f2xim partit del Villarreal B ser\u00e0 fora de casa contra l\u2019Sporting de Gij\u00f3n (diumenge, 28 d\u2019abril)."}]}},"sections":[{"id":"section-1","title":"El filial groc s\u2019imposa al Racing de Ferrol gr\u00e0cies a un gol d\u2019\u00c1lex For\u00e9s i segueix en la lluita per la perman\u00e8ncia","text":"El filial groc s\u2019imposa al Racing de Ferrol gr\u00e0cies a un gol d\u2019\u00c1lex For\u00e9s i segueix en la lluita per la perman\u00e8ncia El Villarreal B va aconseguir una important\u00edssima vict\u00f2ria davant el Racing de Ferrol i segueix ficat de ple en la lluita per salvar la categoria (1-0). L\u2019\u00fanic gol del partit va ser obra del m\u00e0xim golejador del Mini Submar\u00ed: \u00c1lex For\u00e9s. El filial groc es presentava al duel amb l\u2019objectiu de guanyar de nou a casa per a oblidar la derrota patida en l\u2019anterior jornada. Cada punt \u00e9s vital en la lluita per la perman\u00e8ncia en la categoria i els joves jugadors dirigits per Miguel \u00c1lvarez el van tindre clar des del minut un. L\u2019entrenador de Ja\u00e9n va tornar a confiar en el mateix onze de les \u00faltimes jornades per a enfrontar-se a un Racing de Ferrol que aspira a ficar-se en la zona de promoci\u00f3 d\u2019ascens, per la qual cosa la tasca dels grocs no es pressuposava gens senzilla. Les dues millors ocasions de la primera part van ser per al Villarreal B. No havia transcorregut ni 30 segons de joc quan Ontiveros va ca\u00e7ar una pilota solta en l\u2019\u00e0rea obligant a Cantero a realitzar una magn\u00edfica parada que va evitar el 1-0. El filial groc, ben posicionat sobre el terreny de joc, creava perill. Aix\u00ed, corria el minut 20 quan Ontiveros va centrar a l\u2019\u00e0rea, For\u00e9s la va deixar de cara amb el cap i Carlos Romero va fallar davant Cantero, que en aquesta ocasi\u00f3 va rebutjar amb el peu quan ja es cantava el gol en La Cer\u00e0mica. El exporter del Villarreal B va evitar el que semblava inevitable. Ja en la segona meitat, el Racing de Ferrol va comen\u00e7ar a estirar-se a la recerca del gol. Als grocs els costava m\u00e9s generar joc i com a conseq\u00fc\u00e8ncia, les ocasions no arribaven. Miguel \u00c1lvarez va moure la banqueta, donant entrada a Jorge Pascual, que reapareixia despr\u00e9s de complir un partit de sanci\u00f3. A continuaci\u00f3, va arribar el 1-0. Javi Ontiveros es va inventar un genial passe interior per alt perqu\u00e8 \u00c1lex For\u00e9s anotara amb un xut croat des de fora de l\u2019\u00e0rea (m. 75). No era gens f\u00e0cil. Un gol important\u00edssim en les aspiracions del filial groc. Els minuts finals van ser d\u2019aut\u00e8ntic infart, per\u00f2 el Mini Submar\u00ed va saber aguantar les escomeses del Racing de Ferrol. El pr\u00f2xim partit del Villarreal B ser\u00e0 fora de casa contra l\u2019Sporting de Gij\u00f3n (diumenge, 28 d\u2019abril).","url":"","background_image":"","images":[],"videos":[],"links":[]}]},"excerpt":{"rendered":"El filial groc s&#8217;imposa al Racing de Ferrol gr\u00e0cies a un gol d&#8217;\u00c1lex For\u00e9s i segueix en la lluita per la perman\u00e8ncia","protected":false},"author":23,"featured_media":304387,"comment_status":"closed","ping_status":"closed","sticky":false,"template":"","format":"standard","meta":{"_acf_changed":false,"footnotes":""},"categories":[13803],"tags":[14796,9366,10325,13819,11429,9346,9426,717,9270,9227,9839,14773,11633,15001,716,9205,9627,10634,9203,9229],"acf":null,"lang":"val","translations":{"es":304379,"val":304390,"en":304444},"essential_grid":{"has_grid":false},"formatted_date":"April 20, 2024","modified_date":"April 20, 2024","permalink":"https:\/\/villarrealcf.es\/val\/el-villarreal-b-cree-en-la-salvacion-1-0\/","reading_time":3,"featured_media_data":{"id":304387,"title":"20240420-Villarreal CF B - Racing Club de Ferrol-100 (1)","caption":"","alt_text":"","description":"","mime_type":"image\/jpeg","source_url":"https:\/\/villarrealcf.es\/wp-content\/uploads\/2024\/04\/20240420-Villarreal-CF-B-Racing-Club-de-Ferrol-100-1.jpg","sizes":{"thumbnail":{"url":"https:\/\/villarrealcf.es\/wp-content\/uploads\/2024\/04\/20240420-Villarreal-CF-B-Racing-Club-de-Ferrol-100-1-1920x1080.jpg","width":1920,"height":1080},"medium":{"url":"https:\/\/villarrealcf.es\/wp-content\/uploads\/2024\/04\/20240420-Villarreal-CF-B-Racing-Club-de-Ferrol-100-1-1918x1080.jpg","width":1918,"height":1080},"medium_large":{"url":"https:\/\/villarrealcf.es\/wp-content\/uploads\/2024\/04\/20240420-Villarreal-CF-B-Racing-Club-de-Ferrol-100-1-768x432.jpg","width":768,"height":432},"large":{"url":"https:\/\/villarrealcf.es\/wp-content\/uploads\/2024\/04\/20240420-Villarreal-CF-B-Racing-Club-de-Ferrol-100-1-1918x1080.jpg","width":788,"height":444},"1536x1536":{"url":"https:\/\/villarrealcf.es\/wp-content\/uploads\/2024\/04\/20240420-Villarreal-CF-B-Racing-Club-de-Ferrol-100-1-1536x865.jpg","width":1536,"height":865},"2048x2048":{"url":"https:\/\/villarrealcf.es\/wp-content\/uploads\/2024\/04\/20240420-Villarreal-CF-B-Racing-Club-de-Ferrol-100-1-2048x1153.jpg","width":2048,"height":1153},"tp-image-grid":{"url":"https:\/\/villarrealcf.es\/wp-content\/uploads\/2024\/04\/20240420-Villarreal-CF-B-Racing-Club-de-Ferrol-100-1-700x700.jpg","width":700,"height":700},"size-bunyad-medium":{"url":"https:\/\/villarrealcf.es\/wp-content\/uploads\/2024\/04\/20240420-Villarreal-CF-B-Racing-Club-de-Ferrol-100-1-1918x1080.jpg","width":1918,"height":1080},"sportspress-crop-medium":{"url":"https:\/\/villarrealcf.es\/wp-content\/uploads\/2024\/04\/20240420-Villarreal-CF-B-Racing-Club-de-Ferrol-100-1-300x300.jpg","width":300,"height":300},"sportspress-fit-medium":{"url":"https:\/\/villarrealcf.es\/wp-content\/uploads\/2024\/04\/20240420-Villarreal-CF-B-Racing-Club-de-Ferrol-100-1-300x169.jpg","width":300,"height":169},"sportspress-fit-icon":{"url":"https:\/\/villarrealcf.es\/wp-content\/uploads\/2024\/04\/20240420-Villarreal-CF-B-Racing-Club-de-Ferrol-100-1-128x72.jpg","width":128,"height":72},"sportspress-fit-mini":{"url":"https:\/\/villarrealcf.es\/wp-content\/uploads\/2024\/04\/20240420-Villarreal-CF-B-Racing-Club-de-Ferrol-100-1-32x18.jpg","width":32,"height":18},"bunyad-small":{"url":"https:\/\/villarrealcf.es\/wp-content\/uploads\/2024\/04\/20240420-Villarreal-CF-B-Racing-Club-de-Ferrol-100-1-150x84.jpg","width":150,"height":84},"bunyad-medium":{"url":"https:\/\/villarrealcf.es\/wp-content\/uploads\/2024\/04\/20240420-Villarreal-CF-B-Racing-Club-de-Ferrol-100-1-450x253.jpg","width":450,"height":253},"bunyad-full":{"url":"https:\/\/villarrealcf.es\/wp-content\/uploads\/2024\/04\/20240420-Villarreal-CF-B-Racing-Club-de-Ferrol-100-1-1200x676.jpg","width":1200,"height":676},"bunyad-viewport":{"url":"https:\/\/villarrealcf.es\/wp-content\/uploads\/2024\/04\/20240420-Villarreal-CF-B-Racing-Club-de-Ferrol-100-1-2048x1153.jpg","width":2048,"height":1153},"bunyad-768":{"url":"https:\/\/villarrealcf.es\/wp-content\/uploads\/2024\/04\/20240420-Villarreal-CF-B-Racing-Club-de-Ferrol-100-1-768x432.jpg","width":768,"height":432},"full":{"url":"https:\/\/villarrealcf.es\/wp-content\/uploads\/2024\/04\/20240420-Villarreal-CF-B-Racing-Club-de-Ferrol-100-1.jpg","width":2497,"height":1406}}},"author_data":{"id":"23","name":"Fran Segovia","first_name":"Fran","last_name":"Segovia","description":"","avatar_url":"https:\/\/secure.gravatar.com\/avatar\/9ec849b3b9cb451091f0a96d7943b1c6be26a8d6fd3b94d5b5bfd496b2536c42?s=96&d=mm&r=g","acf":null},"taxonomies_data":{"category":[{"id":13803,"name":"Futbol base","slug":"futbol-base-val-2","acf":null}],"post_tag":[{"id":14796,"name":"\u00c1lex For\u00e9s","slug":"alex-fores-val","acf":null},{"id":9366,"name":"Cantera","slug":"cantera-val","acf":null},{"id":10325,"name":"Cantera Grogueta","slug":"cantera-grogueta-val","acf":null},{"id":13819,"name":"Cr\u00f3nica Villarreal B","slug":"cronica-villarreal-b-val","acf":null},{"id":11429,"name":"Estadio de la Cer\u00e1mica","slug":"estadio-de-la-ceramica-val","acf":null},{"id":9346,"name":"Filial","slug":"filial-val","acf":null},{"id":9426,"name":"Filial amarillo","slug":"filial-amarillo-val","acf":null},{"id":717,"name":"Football","slug":"football-d34","acf":null},{"id":9270,"name":"Futbol","slug":"futbol-val","acf":null},{"id":9227,"name":"F\u00fatbol Base","slug":"futbol-base-val","acf":null},{"id":9839,"name":"Jornada 36","slug":"jornada-36-val","acf":null},{"id":14773,"name":"LALIGA HYPERMOTION","slug":"laliga-hypermotion-val","acf":null},{"id":11633,"name":"Miguel \u00c1lvarez","slug":"miguel-alvarez-val","acf":null},{"id":15001,"name":"Racing Ferrol","slug":"racing-ferrol-val","acf":null},{"id":716,"name":"Soccer","slug":"soccer-d105","acf":null},{"id":9205,"name":"Submarino","slug":"submarino-val","acf":null},{"id":9627,"name":"Submarino Amarillo","slug":"submarino-amarillo-val","acf":null},{"id":10634,"name":"Villarreal B","slug":"villarreal-b-val","acf":null},{"id":9203,"name":"Villarreal CF","slug":"villarreal-cf-val","acf":null},{"id":9229,"name":"Villarreal CF B","slug":"villarreal-cf-b-val","acf":null}],"translation_priority":[{"id":735,"name":"Optional","slug":"optional-val","acf":null}]},"seo_full":{"native":{"title":"El Villarreal B creu en la salvaci\u00f3 (1-0) - Web Oficial del Villarreal CF","description":"El filial groc s'imposa al Racing de Ferrol gr\u00e0cies a un gol d'\u00c1lex For\u00e9s i segueix en la lluita per la perman\u00e8ncia","canonical":"https:\/\/villarrealcf.es\/val\/el-villarreal-b-cree-en-la-salvacion-1-0\/"}},"_links":{"self":[{"href":"https:\/\/villarrealcf.es\/val\/wp-json\/wp\/v2\/posts\/304390","targetHints":{"allow":["GET"]}}],"collection":[{"href":"https:\/\/villarrealcf.es\/val\/wp-json\/wp\/v2\/posts"}],"about":[{"href":"https:\/\/villarrealcf.es\/val\/wp-json\/wp\/v2\/types\/post"}],"author":[{"embeddable":true,"href":"https:\/\/villarrealcf.es\/val\/wp-json\/wp\/v2\/users\/23"}],"replies":[{"embeddable":true,"href":"https:\/\/villarrealcf.es\/val\/wp-json\/wp\/v2\/comments?post=304390"}],"version-history":[{"count":0,"href":"https:\/\/villarrealcf.es\/val\/wp-json\/wp\/v2\/posts\/304390\/revisions"}],"wp:featuredmedia":[{"embeddable":true,"href":"https:\/\/villarrealcf.es\/val\/wp-json\/wp\/v2\/media\/304387"}],"wp:attachment":[{"href":"https:\/\/villarrealcf.es\/val\/wp-json\/wp\/v2\/media?parent=304390"}],"wp:term":[{"taxonomy":"category","embeddable":true,"href":"https:\/\/villarrealcf.es\/val\/wp-json\/wp\/v2\/categories?post=304390"},{"taxonomy":"post_tag","embeddable":true,"href":"https:\/\/villarrealcf.es\/val\/wp-json\/wp\/v2\/tags?post=304390"}],"curies":[{"name":"wp","href":"https:\/\/api.w.org\/{rel}","templated":true}]}}