{"id":304193,"date":"2024-04-18T10:58:18","date_gmt":"2024-04-18T08:58:18","guid":{"rendered":"https:\/\/villarrealcf.es\/el-villarreal-cf-inicia-una-alianza-con-el-rototom-sunsplash\/"},"modified":"2024-04-18T10:26:19","modified_gmt":"2024-04-18T08:26:19","slug":"el-villarreal-cf-inicia-una-alianca-amb-el-rototom-sunsplash","status":"publish","type":"post","link":"https:\/\/villarrealcf.es\/val\/el-villarreal-cf-inicia-una-alianca-amb-el-rototom-sunsplash\/","title":{"rendered":"El Villarreal CF inicia una alian\u00e7a amb el Rototom Sunsplash"},"content":{"protected":false,"blocks":[{"type":"heading","level":2,"text":"La primera acci\u00f3 conjunta ser\u00e0 el cicle \u2018Di\u00e0legs sense fronteres\u2019 en l\u2019Estadio de la Cer\u00e1mica"},{"type":"paragraph","text":"El Villarreal CF i el Rototom Sunsplash unixen els seus camins en el marc d\u2019Endavant Cultura, el projecte de Responsabilitat Social Corporativa mitjan\u00e7ant el qual l\u2019entitat groga dona suport a la cultura de la prov\u00edncia de Castell\u00f3. El conveni s\u2019inicia ara de cara a la pr\u00f2xima edici\u00f3 del festival, que tindr\u00e0 lloc del 16 al 21 d\u2019agost a Benic\u00e0ssim."},{"type":"paragraph","text":"La primera acci\u00f3 conjunta d\u2019esta nova col\u00b7laboraci\u00f3 entre el Submar\u00ed i el festival reggae ser\u00e0 el cicle \u2018Di\u00e0legs sense fronteres\u2019 el pr\u00f2xim 23 d\u2019abril a les 18.30 hores en el Club 1923 de l\u2019Estadio de la Cer\u00e1mica. La casa de tots els groguets acollir\u00e0 les confer\u00e8ncies de la periodista i Premi Reina Sofia de l\u2019Esport Paloma del R\u00edo i de l\u2019exjugadora de la selecci\u00f3 afganesa de b\u00e0squet en cadira de rodes Latifa Sakhizadeh. El cicle \u2018Di\u00e0legs sense fronteres\u2019, impulsat pel festival Rototom Sunsplash i la seua Associaci\u00f3 Cultural Exodus, continua explorant escenaris mimetitzats amb la tem\u00e0tica que aborda en cada debat. \u2018Els valors de l\u2019esport salven vides\u2019 \u00e9s el t\u00edtol de la xarrada, moderada pel director de COPE Castell\u00f3 Ra\u00fal Puchol, que filaran la periodista Paloma del R\u00edo, la veu que ha guiat la transmissi\u00f3 de les competicions de gimn\u00e0stica per a TVE i Premi Reina Sofia en els Premis Nacionals de l\u2019Esport, i l\u2019exjugadora de la selecci\u00f3 afganesa de b\u00e0squet en cadira de rodes, Latifa Sakhizadeh."},{"type":"paragraph","text":"A ambdues els unix, des de perspectives diferents, una hist\u00f2ria de solidaritat vinculada a l\u2019esport, que compartiran amb el p\u00fablic. Paloma del R\u00edo i el corresponsal de guerra Antonio Pampliega, reconegut tamb\u00e9 en els Premis Nacionals de l\u2019Esport per la seua implicaci\u00f3 en la defensa de les dones i l\u2019assist\u00e8ncia a immigrants, \u201cvan aconseguir, en moments dram\u00e0tics despr\u00e9s de la recuperaci\u00f3 del poder talib\u00e0 a l\u2019Afganistan, que va condemnar a la societat a l\u2019ostracisme, ajudar a esportistes com Latifa Sakhizadeh a eixir del pa\u00eds\u201d, expliquen des d\u2019Exodus. \u201cLa meua vida va canviar per complet, com les vides de tots els afganesos, especialment les de les dones\u201d, relata Sakhizadeh."},{"type":"paragraph","text":"Cal destacar que les xarrades no sols compten amb el suport del Villarreal CF, sin\u00f3 tamb\u00e9 amb el de l\u2019Ajuntament de Vila-real i de la Fundaci\u00f3 del club groguet."},{"type":"image","url":"https:\/\/villarrealcf.es\/wp-content\/uploads\/2024\/04\/HORIZ-Dialogos-sin-fronteras-23-abril-1920x1080.jpg","alt":"","width":1920,"height":1080,"srcset":"https:\/\/villarrealcf.es\/wp-content\/uploads\/2024\/04\/HORIZ-Dialogos-sin-fronteras-23-abril.jpg 1920w, https:\/\/villarrealcf.es\/wp-content\/uploads\/2024\/04\/HORIZ-Dialogos-sin-fronteras-23-abril-1920x1080.jpg 1920w, https:\/\/villarrealcf.es\/wp-content\/uploads\/2024\/04\/HORIZ-Dialogos-sin-fronteras-23-abril-1536x864.jpg 1536w, https:\/\/villarrealcf.es\/wp-content\/uploads\/2024\/04\/HORIZ-Dialogos-sin-fronteras-23-abril-1920x1080.jpg 1920w, https:\/\/villarrealcf.es\/wp-content\/uploads\/2024\/04\/HORIZ-Dialogos-sin-fronteras-23-abril-1920x1080.jpg 1920w, https:\/\/villarrealcf.es\/wp-content\/uploads\/2024\/04\/HORIZ-Dialogos-sin-fronteras-23-abril-32x18.jpg 32w, https:\/\/villarrealcf.es\/wp-content\/uploads\/2024\/04\/HORIZ-Dialogos-sin-fronteras-23-abril-150x84.jpg 150w, https:\/\/villarrealcf.es\/wp-content\/uploads\/2024\/04\/HORIZ-Dialogos-sin-fronteras-23-abril-1920x1080.jpg 1920w, https:\/\/villarrealcf.es\/wp-content\/uploads\/2024\/04\/HORIZ-Dialogos-sin-fronteras-23-abril-1200x675.jpg 1200w","sizes":"auto, (max-width: 1920px) 100vw, 1920px"}],"structured":{"summary":{"text":"La primera acci\u00f3 conjunta ser\u00e0 el cicle \u2018Di\u00e0legs sense fronteres\u2019 en l\u2019Estadio de la Cer\u00e1mica El Villarreal CF i el Rototom Sunsplash unixen els seus camins en el marc d\u2019Endavant Cultura, el projecte de Responsabilitat Social Corporativa mitjan\u00e7ant el qual l\u2019entitat groga dona suport a la cultura de la prov\u00edncia de Castell\u00f3. El conveni s\u2019inicia ara de cara a la pr\u00f2xima edici\u00f3 del festival, que tindr\u00e0 lloc del 16 al 21 d\u2019agost a Benic\u00e0ssim. La primera acci\u00f3 conjunta d\u2019esta nova col\u00b7laboraci\u00f3 entre el Submar\u00ed i el festival reggae ser\u00e0 el cicle \u2018Di\u00e0legs sense fronteres\u2019 el pr\u00f2xim 23 d\u2019abril a les 18.30 hores en el Club 1923 de l\u2019Estadio de la Cer\u00e1mica. La casa de tots els groguets acollir\u00e0 les confer\u00e8ncies de la periodista i Premi Reina Sofia de l\u2019Esport Paloma del R\u00edo i de l\u2019exjugadora de la selecci\u00f3 afganesa de b\u00e0squet en cadira de rodes Latifa Sakhizadeh. El cicle \u2018Di\u00e0legs sense fronteres\u2019, impulsat pel festival Rototom Sunsplash i la seua Associaci\u00f3 Cultural Exodus, continua explorant escenaris mimetitzats amb la tem\u00e0tica que aborda en cada debat. \u2018Els valors de l\u2019esport salven vides\u2019 \u00e9s el t\u00edtol de la xarrada, moderada pel director de COPE Castell\u00f3 Ra\u00fal Puchol, que filaran la periodista Paloma del R\u00edo, la veu que ha guiat la transmissi\u00f3 de les competicions de gimn\u00e0stica per a TVE i Premi Reina Sofia en els Premis Nacionals de l\u2019Esport, i l\u2019exjugadora de la selecci\u00f3 afganesa de b\u00e0squet en cadira de rodes, Latifa Sakhizadeh. A ambdues els unix, des de perspectives diferents, una hist\u00f2ria de solidaritat vinculada a l\u2019esport, que compartiran amb el p\u00fablic. Paloma del R\u00edo i el corresponsal de guerra Antonio Pampliega, reconegut tamb\u00e9 en els Premis Nacionals de l\u2019Esport per la seua implicaci\u00f3 en la defensa de les dones i l\u2019assist\u00e8ncia a immigrants, \u201cvan aconseguir, en moments dram\u00e0tics despr\u00e9s de la recuperaci\u00f3 del poder talib\u00e0 a l\u2019Afganistan, que va condemnar a la societat a l\u2019ostracisme, ajudar a esportistes com Latifa Sakhizadeh a eixir del pa\u00eds\u201d, expliquen des d\u2019Exodus. \u201cLa meua vida va canviar per complet, com les vides de tots els afganesos, especialment les de les dones\u201d, relata Sakhizadeh. Cal destacar que les xarrades no sols compten amb el suport del Villarreal CF, sin\u00f3 tamb\u00e9 amb el de l\u2019Ajuntament de Vila-real i de la Fundaci\u00f3 del club groguet.","headings":[{"type":"heading","level":2,"text":"La primera acci\u00f3 conjunta ser\u00e0 el cicle \u2018Di\u00e0legs sense fronteres\u2019 en l\u2019Estadio de la Cer\u00e1mica"}],"buttons":[],"images":[{"type":"image","url":"https:\/\/villarrealcf.es\/wp-content\/uploads\/2024\/04\/HORIZ-Dialogos-sin-fronteras-23-abril-1920x1080.jpg","alt":"","width":1920,"height":1080,"srcset":"https:\/\/villarrealcf.es\/wp-content\/uploads\/2024\/04\/HORIZ-Dialogos-sin-fronteras-23-abril.jpg 1920w, https:\/\/villarrealcf.es\/wp-content\/uploads\/2024\/04\/HORIZ-Dialogos-sin-fronteras-23-abril-1920x1080.jpg 1920w, https:\/\/villarrealcf.es\/wp-content\/uploads\/2024\/04\/HORIZ-Dialogos-sin-fronteras-23-abril-1536x864.jpg 1536w, https:\/\/villarrealcf.es\/wp-content\/uploads\/2024\/04\/HORIZ-Dialogos-sin-fronteras-23-abril-1920x1080.jpg 1920w, https:\/\/villarrealcf.es\/wp-content\/uploads\/2024\/04\/HORIZ-Dialogos-sin-fronteras-23-abril-1920x1080.jpg 1920w, https:\/\/villarrealcf.es\/wp-content\/uploads\/2024\/04\/HORIZ-Dialogos-sin-fronteras-23-abril-32x18.jpg 32w, https:\/\/villarrealcf.es\/wp-content\/uploads\/2024\/04\/HORIZ-Dialogos-sin-fronteras-23-abril-150x84.jpg 150w, https:\/\/villarrealcf.es\/wp-content\/uploads\/2024\/04\/HORIZ-Dialogos-sin-fronteras-23-abril-1920x1080.jpg 1920w, https:\/\/villarrealcf.es\/wp-content\/uploads\/2024\/04\/HORIZ-Dialogos-sin-fronteras-23-abril-1200x675.jpg 1200w","sizes":"auto, (max-width: 1920px) 100vw, 1920px"}],"counts":{"blocks":6,"headings":1,"texts":4,"buttons":0,"images":1}},"sections":[{"id":"section-1","title":"La primera acci\u00f3 conjunta ser\u00e0 el cicle \u2018Di\u00e0legs sense fronteres\u2019 en l\u2019Estadio de la Cer\u00e1mica","text":"La primera acci\u00f3 conjunta ser\u00e0 el cicle \u2018Di\u00e0legs sense fronteres\u2019 en l\u2019Estadio de la Cer\u00e1mica El Villarreal CF i el Rototom Sunsplash unixen els seus camins en el marc d\u2019Endavant Cultura, el projecte de Responsabilitat Social Corporativa mitjan\u00e7ant el qual l\u2019entitat groga dona suport a la cultura de la prov\u00edncia de Castell\u00f3. El conveni s\u2019inicia ara de cara a la pr\u00f2xima edici\u00f3 del festival, que tindr\u00e0 lloc del 16 al 21 d\u2019agost a Benic\u00e0ssim. La primera acci\u00f3 conjunta d\u2019esta nova col\u00b7laboraci\u00f3 entre el Submar\u00ed i el festival reggae ser\u00e0 el cicle \u2018Di\u00e0legs sense fronteres\u2019 el pr\u00f2xim 23 d\u2019abril a les 18.30 hores en el Club 1923 de l\u2019Estadio de la Cer\u00e1mica. La casa de tots els groguets acollir\u00e0 les confer\u00e8ncies de la periodista i Premi Reina Sofia de l\u2019Esport Paloma del R\u00edo i de l\u2019exjugadora de la selecci\u00f3 afganesa de b\u00e0squet en cadira de rodes Latifa Sakhizadeh. El cicle \u2018Di\u00e0legs sense fronteres\u2019, impulsat pel festival Rototom Sunsplash i la seua Associaci\u00f3 Cultural Exodus, continua explorant escenaris mimetitzats amb la tem\u00e0tica que aborda en cada debat. \u2018Els valors de l\u2019esport salven vides\u2019 \u00e9s el t\u00edtol de la xarrada, moderada pel director de COPE Castell\u00f3 Ra\u00fal Puchol, que filaran la periodista Paloma del R\u00edo, la veu que ha guiat la transmissi\u00f3 de les competicions de gimn\u00e0stica per a TVE i Premi Reina Sofia en els Premis Nacionals de l\u2019Esport, i l\u2019exjugadora de la selecci\u00f3 afganesa de b\u00e0squet en cadira de rodes, Latifa Sakhizadeh. A ambdues els unix, des de perspectives diferents, una hist\u00f2ria de solidaritat vinculada a l\u2019esport, que compartiran amb el p\u00fablic. Paloma del R\u00edo i el corresponsal de guerra Antonio Pampliega, reconegut tamb\u00e9 en els Premis Nacionals de l\u2019Esport per la seua implicaci\u00f3 en la defensa de les dones i l\u2019assist\u00e8ncia a immigrants, \u201cvan aconseguir, en moments dram\u00e0tics despr\u00e9s de la recuperaci\u00f3 del poder talib\u00e0 a l\u2019Afganistan, que va condemnar a la societat a l\u2019ostracisme, ajudar a esportistes com Latifa Sakhizadeh a eixir del pa\u00eds\u201d, expliquen des d\u2019Exodus. \u201cLa meua vida va canviar per complet, com les vides de tots els afganesos, especialment les de les dones\u201d, relata Sakhizadeh. Cal destacar que les xarrades no sols compten amb el suport del Villarreal CF, sin\u00f3 tamb\u00e9 amb el de l\u2019Ajuntament de Vila-real i de la Fundaci\u00f3 del club groguet.","headings":[{"type":"heading","level":2,"text":"La primera acci\u00f3 conjunta ser\u00e0 el cicle \u2018Di\u00e0legs sense fronteres\u2019 en l\u2019Estadio de la Cer\u00e1mica"}],"texts":[{"type":"paragraph","text":"El Villarreal CF i el Rototom Sunsplash unixen els seus camins en el marc d\u2019Endavant Cultura, el projecte de Responsabilitat Social Corporativa mitjan\u00e7ant el qual l\u2019entitat groga dona suport a la cultura de la prov\u00edncia de Castell\u00f3. El conveni s\u2019inicia ara de cara a la pr\u00f2xima edici\u00f3 del festival, que tindr\u00e0 lloc del 16 al 21 d\u2019agost a Benic\u00e0ssim."},{"type":"paragraph","text":"La primera acci\u00f3 conjunta d\u2019esta nova col\u00b7laboraci\u00f3 entre el Submar\u00ed i el festival reggae ser\u00e0 el cicle \u2018Di\u00e0legs sense fronteres\u2019 el pr\u00f2xim 23 d\u2019abril a les 18.30 hores en el Club 1923 de l\u2019Estadio de la Cer\u00e1mica. La casa de tots els groguets acollir\u00e0 les confer\u00e8ncies de la periodista i Premi Reina Sofia de l\u2019Esport Paloma del R\u00edo i de l\u2019exjugadora de la selecci\u00f3 afganesa de b\u00e0squet en cadira de rodes Latifa Sakhizadeh. El cicle \u2018Di\u00e0legs sense fronteres\u2019, impulsat pel festival Rototom Sunsplash i la seua Associaci\u00f3 Cultural Exodus, continua explorant escenaris mimetitzats amb la tem\u00e0tica que aborda en cada debat. \u2018Els valors de l\u2019esport salven vides\u2019 \u00e9s el t\u00edtol de la xarrada, moderada pel director de COPE Castell\u00f3 Ra\u00fal Puchol, que filaran la periodista Paloma del R\u00edo, la veu que ha guiat la transmissi\u00f3 de les competicions de gimn\u00e0stica per a TVE i Premi Reina Sofia en els Premis Nacionals de l\u2019Esport, i l\u2019exjugadora de la selecci\u00f3 afganesa de b\u00e0squet en cadira de rodes, Latifa Sakhizadeh."},{"type":"paragraph","text":"A ambdues els unix, des de perspectives diferents, una hist\u00f2ria de solidaritat vinculada a l\u2019esport, que compartiran amb el p\u00fablic. Paloma del R\u00edo i el corresponsal de guerra Antonio Pampliega, reconegut tamb\u00e9 en els Premis Nacionals de l\u2019Esport per la seua implicaci\u00f3 en la defensa de les dones i l\u2019assist\u00e8ncia a immigrants, \u201cvan aconseguir, en moments dram\u00e0tics despr\u00e9s de la recuperaci\u00f3 del poder talib\u00e0 a l\u2019Afganistan, que va condemnar a la societat a l\u2019ostracisme, ajudar a esportistes com Latifa Sakhizadeh a eixir del pa\u00eds\u201d, expliquen des d\u2019Exodus. \u201cLa meua vida va canviar per complet, com les vides de tots els afganesos, especialment les de les dones\u201d, relata Sakhizadeh."},{"type":"paragraph","text":"Cal destacar que les xarrades no sols compten amb el suport del Villarreal CF, sin\u00f3 tamb\u00e9 amb el de l\u2019Ajuntament de Vila-real i de la Fundaci\u00f3 del club groguet."}],"buttons":[],"images":[{"type":"image","url":"https:\/\/villarrealcf.es\/wp-content\/uploads\/2024\/04\/HORIZ-Dialogos-sin-fronteras-23-abril-1920x1080.jpg","alt":"","width":1920,"height":1080,"srcset":"https:\/\/villarrealcf.es\/wp-content\/uploads\/2024\/04\/HORIZ-Dialogos-sin-fronteras-23-abril.jpg 1920w, https:\/\/villarrealcf.es\/wp-content\/uploads\/2024\/04\/HORIZ-Dialogos-sin-fronteras-23-abril-1920x1080.jpg 1920w, https:\/\/villarrealcf.es\/wp-content\/uploads\/2024\/04\/HORIZ-Dialogos-sin-fronteras-23-abril-1536x864.jpg 1536w, https:\/\/villarrealcf.es\/wp-content\/uploads\/2024\/04\/HORIZ-Dialogos-sin-fronteras-23-abril-1920x1080.jpg 1920w, https:\/\/villarrealcf.es\/wp-content\/uploads\/2024\/04\/HORIZ-Dialogos-sin-fronteras-23-abril-1920x1080.jpg 1920w, https:\/\/villarrealcf.es\/wp-content\/uploads\/2024\/04\/HORIZ-Dialogos-sin-fronteras-23-abril-32x18.jpg 32w, https:\/\/villarrealcf.es\/wp-content\/uploads\/2024\/04\/HORIZ-Dialogos-sin-fronteras-23-abril-150x84.jpg 150w, https:\/\/villarrealcf.es\/wp-content\/uploads\/2024\/04\/HORIZ-Dialogos-sin-fronteras-23-abril-1920x1080.jpg 1920w, https:\/\/villarrealcf.es\/wp-content\/uploads\/2024\/04\/HORIZ-Dialogos-sin-fronteras-23-abril-1200x675.jpg 1200w","sizes":"auto, (max-width: 1920px) 100vw, 1920px"}],"widgets":[],"blocks":[{"type":"heading","level":2,"text":"La primera acci\u00f3 conjunta ser\u00e0 el cicle \u2018Di\u00e0legs sense fronteres\u2019 en l\u2019Estadio de la Cer\u00e1mica"},{"type":"paragraph","text":"El Villarreal CF i el Rototom Sunsplash unixen els seus camins en el marc d\u2019Endavant Cultura, el projecte de Responsabilitat Social Corporativa mitjan\u00e7ant el qual l\u2019entitat groga dona suport a la cultura de la prov\u00edncia de Castell\u00f3. El conveni s\u2019inicia ara de cara a la pr\u00f2xima edici\u00f3 del festival, que tindr\u00e0 lloc del 16 al 21 d\u2019agost a Benic\u00e0ssim."},{"type":"paragraph","text":"La primera acci\u00f3 conjunta d\u2019esta nova col\u00b7laboraci\u00f3 entre el Submar\u00ed i el festival reggae ser\u00e0 el cicle \u2018Di\u00e0legs sense fronteres\u2019 el pr\u00f2xim 23 d\u2019abril a les 18.30 hores en el Club 1923 de l\u2019Estadio de la Cer\u00e1mica. La casa de tots els groguets acollir\u00e0 les confer\u00e8ncies de la periodista i Premi Reina Sofia de l\u2019Esport Paloma del R\u00edo i de l\u2019exjugadora de la selecci\u00f3 afganesa de b\u00e0squet en cadira de rodes Latifa Sakhizadeh. El cicle \u2018Di\u00e0legs sense fronteres\u2019, impulsat pel festival Rototom Sunsplash i la seua Associaci\u00f3 Cultural Exodus, continua explorant escenaris mimetitzats amb la tem\u00e0tica que aborda en cada debat. \u2018Els valors de l\u2019esport salven vides\u2019 \u00e9s el t\u00edtol de la xarrada, moderada pel director de COPE Castell\u00f3 Ra\u00fal Puchol, que filaran la periodista Paloma del R\u00edo, la veu que ha guiat la transmissi\u00f3 de les competicions de gimn\u00e0stica per a TVE i Premi Reina Sofia en els Premis Nacionals de l\u2019Esport, i l\u2019exjugadora de la selecci\u00f3 afganesa de b\u00e0squet en cadira de rodes, Latifa Sakhizadeh."},{"type":"paragraph","text":"A ambdues els unix, des de perspectives diferents, una hist\u00f2ria de solidaritat vinculada a l\u2019esport, que compartiran amb el p\u00fablic. Paloma del R\u00edo i el corresponsal de guerra Antonio Pampliega, reconegut tamb\u00e9 en els Premis Nacionals de l\u2019Esport per la seua implicaci\u00f3 en la defensa de les dones i l\u2019assist\u00e8ncia a immigrants, \u201cvan aconseguir, en moments dram\u00e0tics despr\u00e9s de la recuperaci\u00f3 del poder talib\u00e0 a l\u2019Afganistan, que va condemnar a la societat a l\u2019ostracisme, ajudar a esportistes com Latifa Sakhizadeh a eixir del pa\u00eds\u201d, expliquen des d\u2019Exodus. \u201cLa meua vida va canviar per complet, com les vides de tots els afganesos, especialment les de les dones\u201d, relata Sakhizadeh."},{"type":"paragraph","text":"Cal destacar que les xarrades no sols compten amb el suport del Villarreal CF, sin\u00f3 tamb\u00e9 amb el de l\u2019Ajuntament de Vila-real i de la Fundaci\u00f3 del club groguet."},{"type":"image","url":"https:\/\/villarrealcf.es\/wp-content\/uploads\/2024\/04\/HORIZ-Dialogos-sin-fronteras-23-abril-1920x1080.jpg","alt":"","width":1920,"height":1080,"srcset":"https:\/\/villarrealcf.es\/wp-content\/uploads\/2024\/04\/HORIZ-Dialogos-sin-fronteras-23-abril.jpg 1920w, https:\/\/villarrealcf.es\/wp-content\/uploads\/2024\/04\/HORIZ-Dialogos-sin-fronteras-23-abril-1920x1080.jpg 1920w, https:\/\/villarrealcf.es\/wp-content\/uploads\/2024\/04\/HORIZ-Dialogos-sin-fronteras-23-abril-1536x864.jpg 1536w, https:\/\/villarrealcf.es\/wp-content\/uploads\/2024\/04\/HORIZ-Dialogos-sin-fronteras-23-abril-1920x1080.jpg 1920w, https:\/\/villarrealcf.es\/wp-content\/uploads\/2024\/04\/HORIZ-Dialogos-sin-fronteras-23-abril-1920x1080.jpg 1920w, https:\/\/villarrealcf.es\/wp-content\/uploads\/2024\/04\/HORIZ-Dialogos-sin-fronteras-23-abril-32x18.jpg 32w, https:\/\/villarrealcf.es\/wp-content\/uploads\/2024\/04\/HORIZ-Dialogos-sin-fronteras-23-abril-150x84.jpg 150w, https:\/\/villarrealcf.es\/wp-content\/uploads\/2024\/04\/HORIZ-Dialogos-sin-fronteras-23-abril-1920x1080.jpg 1920w, https:\/\/villarrealcf.es\/wp-content\/uploads\/2024\/04\/HORIZ-Dialogos-sin-fronteras-23-abril-1200x675.jpg 1200w","sizes":"auto, (max-width: 1920px) 100vw, 1920px"}]}],"hero":{"id":"section-1","title":"La primera acci\u00f3 conjunta ser\u00e0 el cicle \u2018Di\u00e0legs sense fronteres\u2019 en l\u2019Estadio de la Cer\u00e1mica","text":"La primera acci\u00f3 conjunta ser\u00e0 el cicle \u2018Di\u00e0legs sense fronteres\u2019 en l\u2019Estadio de la Cer\u00e1mica El Villarreal CF i el Rototom Sunsplash unixen els seus camins en el marc d\u2019Endavant Cultura, el projecte de Responsabilitat Social Corporativa mitjan\u00e7ant el qual l\u2019entitat groga dona suport a la cultura de la prov\u00edncia de Castell\u00f3. El conveni s\u2019inicia ara de cara a la pr\u00f2xima edici\u00f3 del festival, que tindr\u00e0 lloc del 16 al 21 d\u2019agost a Benic\u00e0ssim. La primera acci\u00f3 conjunta d\u2019esta nova col\u00b7laboraci\u00f3 entre el Submar\u00ed i el festival reggae ser\u00e0 el cicle \u2018Di\u00e0legs sense fronteres\u2019 el pr\u00f2xim 23 d\u2019abril a les 18.30 hores en el Club 1923 de l\u2019Estadio de la Cer\u00e1mica. La casa de tots els groguets acollir\u00e0 les confer\u00e8ncies de la periodista i Premi Reina Sofia de l\u2019Esport Paloma del R\u00edo i de l\u2019exjugadora de la selecci\u00f3 afganesa de b\u00e0squet en cadira de rodes Latifa Sakhizadeh. El cicle \u2018Di\u00e0legs sense fronteres\u2019, impulsat pel festival Rototom Sunsplash i la seua Associaci\u00f3 Cultural Exodus, continua explorant escenaris mimetitzats amb la tem\u00e0tica que aborda en cada debat. \u2018Els valors de l\u2019esport salven vides\u2019 \u00e9s el t\u00edtol de la xarrada, moderada pel director de COPE Castell\u00f3 Ra\u00fal Puchol, que filaran la periodista Paloma del R\u00edo, la veu que ha guiat la transmissi\u00f3 de les competicions de gimn\u00e0stica per a TVE i Premi Reina Sofia en els Premis Nacionals de l\u2019Esport, i l\u2019exjugadora de la selecci\u00f3 afganesa de b\u00e0squet en cadira de rodes, Latifa Sakhizadeh. A ambdues els unix, des de perspectives diferents, una hist\u00f2ria de solidaritat vinculada a l\u2019esport, que compartiran amb el p\u00fablic. Paloma del R\u00edo i el corresponsal de guerra Antonio Pampliega, reconegut tamb\u00e9 en els Premis Nacionals de l\u2019Esport per la seua implicaci\u00f3 en la defensa de les dones i l\u2019assist\u00e8ncia a immigrants, \u201cvan aconseguir, en moments dram\u00e0tics despr\u00e9s de la recuperaci\u00f3 del poder talib\u00e0 a l\u2019Afganistan, que va condemnar a la societat a l\u2019ostracisme, ajudar a esportistes com Latifa Sakhizadeh a eixir del pa\u00eds\u201d, expliquen des d\u2019Exodus. \u201cLa meua vida va canviar per complet, com les vides de tots els afganesos, especialment les de les dones\u201d, relata Sakhizadeh. Cal destacar que les xarrades no sols compten amb el suport del Villarreal CF, sin\u00f3 tamb\u00e9 amb el de l\u2019Ajuntament de Vila-real i de la Fundaci\u00f3 del club groguet.","headings":[{"type":"heading","level":2,"text":"La primera acci\u00f3 conjunta ser\u00e0 el cicle \u2018Di\u00e0legs sense fronteres\u2019 en l\u2019Estadio de la Cer\u00e1mica"}],"texts":[{"type":"paragraph","text":"El Villarreal CF i el Rototom Sunsplash unixen els seus camins en el marc d\u2019Endavant Cultura, el projecte de Responsabilitat Social Corporativa mitjan\u00e7ant el qual l\u2019entitat groga dona suport a la cultura de la prov\u00edncia de Castell\u00f3. El conveni s\u2019inicia ara de cara a la pr\u00f2xima edici\u00f3 del festival, que tindr\u00e0 lloc del 16 al 21 d\u2019agost a Benic\u00e0ssim."},{"type":"paragraph","text":"La primera acci\u00f3 conjunta d\u2019esta nova col\u00b7laboraci\u00f3 entre el Submar\u00ed i el festival reggae ser\u00e0 el cicle \u2018Di\u00e0legs sense fronteres\u2019 el pr\u00f2xim 23 d\u2019abril a les 18.30 hores en el Club 1923 de l\u2019Estadio de la Cer\u00e1mica. La casa de tots els groguets acollir\u00e0 les confer\u00e8ncies de la periodista i Premi Reina Sofia de l\u2019Esport Paloma del R\u00edo i de l\u2019exjugadora de la selecci\u00f3 afganesa de b\u00e0squet en cadira de rodes Latifa Sakhizadeh. El cicle \u2018Di\u00e0legs sense fronteres\u2019, impulsat pel festival Rototom Sunsplash i la seua Associaci\u00f3 Cultural Exodus, continua explorant escenaris mimetitzats amb la tem\u00e0tica que aborda en cada debat. \u2018Els valors de l\u2019esport salven vides\u2019 \u00e9s el t\u00edtol de la xarrada, moderada pel director de COPE Castell\u00f3 Ra\u00fal Puchol, que filaran la periodista Paloma del R\u00edo, la veu que ha guiat la transmissi\u00f3 de les competicions de gimn\u00e0stica per a TVE i Premi Reina Sofia en els Premis Nacionals de l\u2019Esport, i l\u2019exjugadora de la selecci\u00f3 afganesa de b\u00e0squet en cadira de rodes, Latifa Sakhizadeh."},{"type":"paragraph","text":"A ambdues els unix, des de perspectives diferents, una hist\u00f2ria de solidaritat vinculada a l\u2019esport, que compartiran amb el p\u00fablic. Paloma del R\u00edo i el corresponsal de guerra Antonio Pampliega, reconegut tamb\u00e9 en els Premis Nacionals de l\u2019Esport per la seua implicaci\u00f3 en la defensa de les dones i l\u2019assist\u00e8ncia a immigrants, \u201cvan aconseguir, en moments dram\u00e0tics despr\u00e9s de la recuperaci\u00f3 del poder talib\u00e0 a l\u2019Afganistan, que va condemnar a la societat a l\u2019ostracisme, ajudar a esportistes com Latifa Sakhizadeh a eixir del pa\u00eds\u201d, expliquen des d\u2019Exodus. \u201cLa meua vida va canviar per complet, com les vides de tots els afganesos, especialment les de les dones\u201d, relata Sakhizadeh."},{"type":"paragraph","text":"Cal destacar que les xarrades no sols compten amb el suport del Villarreal CF, sin\u00f3 tamb\u00e9 amb el de l\u2019Ajuntament de Vila-real i de la Fundaci\u00f3 del club groguet."}],"buttons":[],"images":[{"type":"image","url":"https:\/\/villarrealcf.es\/wp-content\/uploads\/2024\/04\/HORIZ-Dialogos-sin-fronteras-23-abril-1920x1080.jpg","alt":"","width":1920,"height":1080,"srcset":"https:\/\/villarrealcf.es\/wp-content\/uploads\/2024\/04\/HORIZ-Dialogos-sin-fronteras-23-abril.jpg 1920w, https:\/\/villarrealcf.es\/wp-content\/uploads\/2024\/04\/HORIZ-Dialogos-sin-fronteras-23-abril-1920x1080.jpg 1920w, https:\/\/villarrealcf.es\/wp-content\/uploads\/2024\/04\/HORIZ-Dialogos-sin-fronteras-23-abril-1536x864.jpg 1536w, https:\/\/villarrealcf.es\/wp-content\/uploads\/2024\/04\/HORIZ-Dialogos-sin-fronteras-23-abril-1920x1080.jpg 1920w, https:\/\/villarrealcf.es\/wp-content\/uploads\/2024\/04\/HORIZ-Dialogos-sin-fronteras-23-abril-1920x1080.jpg 1920w, https:\/\/villarrealcf.es\/wp-content\/uploads\/2024\/04\/HORIZ-Dialogos-sin-fronteras-23-abril-32x18.jpg 32w, https:\/\/villarrealcf.es\/wp-content\/uploads\/2024\/04\/HORIZ-Dialogos-sin-fronteras-23-abril-150x84.jpg 150w, https:\/\/villarrealcf.es\/wp-content\/uploads\/2024\/04\/HORIZ-Dialogos-sin-fronteras-23-abril-1920x1080.jpg 1920w, https:\/\/villarrealcf.es\/wp-content\/uploads\/2024\/04\/HORIZ-Dialogos-sin-fronteras-23-abril-1200x675.jpg 1200w","sizes":"auto, (max-width: 1920px) 100vw, 1920px"}],"widgets":[],"blocks":[{"type":"heading","level":2,"text":"La primera acci\u00f3 conjunta ser\u00e0 el cicle \u2018Di\u00e0legs sense fronteres\u2019 en l\u2019Estadio de la Cer\u00e1mica"},{"type":"paragraph","text":"El Villarreal CF i el Rototom Sunsplash unixen els seus camins en el marc d\u2019Endavant Cultura, el projecte de Responsabilitat Social Corporativa mitjan\u00e7ant el qual l\u2019entitat groga dona suport a la cultura de la prov\u00edncia de Castell\u00f3. El conveni s\u2019inicia ara de cara a la pr\u00f2xima edici\u00f3 del festival, que tindr\u00e0 lloc del 16 al 21 d\u2019agost a Benic\u00e0ssim."},{"type":"paragraph","text":"La primera acci\u00f3 conjunta d\u2019esta nova col\u00b7laboraci\u00f3 entre el Submar\u00ed i el festival reggae ser\u00e0 el cicle \u2018Di\u00e0legs sense fronteres\u2019 el pr\u00f2xim 23 d\u2019abril a les 18.30 hores en el Club 1923 de l\u2019Estadio de la Cer\u00e1mica. La casa de tots els groguets acollir\u00e0 les confer\u00e8ncies de la periodista i Premi Reina Sofia de l\u2019Esport Paloma del R\u00edo i de l\u2019exjugadora de la selecci\u00f3 afganesa de b\u00e0squet en cadira de rodes Latifa Sakhizadeh. El cicle \u2018Di\u00e0legs sense fronteres\u2019, impulsat pel festival Rototom Sunsplash i la seua Associaci\u00f3 Cultural Exodus, continua explorant escenaris mimetitzats amb la tem\u00e0tica que aborda en cada debat. \u2018Els valors de l\u2019esport salven vides\u2019 \u00e9s el t\u00edtol de la xarrada, moderada pel director de COPE Castell\u00f3 Ra\u00fal Puchol, que filaran la periodista Paloma del R\u00edo, la veu que ha guiat la transmissi\u00f3 de les competicions de gimn\u00e0stica per a TVE i Premi Reina Sofia en els Premis Nacionals de l\u2019Esport, i l\u2019exjugadora de la selecci\u00f3 afganesa de b\u00e0squet en cadira de rodes, Latifa Sakhizadeh."},{"type":"paragraph","text":"A ambdues els unix, des de perspectives diferents, una hist\u00f2ria de solidaritat vinculada a l\u2019esport, que compartiran amb el p\u00fablic. Paloma del R\u00edo i el corresponsal de guerra Antonio Pampliega, reconegut tamb\u00e9 en els Premis Nacionals de l\u2019Esport per la seua implicaci\u00f3 en la defensa de les dones i l\u2019assist\u00e8ncia a immigrants, \u201cvan aconseguir, en moments dram\u00e0tics despr\u00e9s de la recuperaci\u00f3 del poder talib\u00e0 a l\u2019Afganistan, que va condemnar a la societat a l\u2019ostracisme, ajudar a esportistes com Latifa Sakhizadeh a eixir del pa\u00eds\u201d, expliquen des d\u2019Exodus. \u201cLa meua vida va canviar per complet, com les vides de tots els afganesos, especialment les de les dones\u201d, relata Sakhizadeh."},{"type":"paragraph","text":"Cal destacar que les xarrades no sols compten amb el suport del Villarreal CF, sin\u00f3 tamb\u00e9 amb el de l\u2019Ajuntament de Vila-real i de la Fundaci\u00f3 del club groguet."},{"type":"image","url":"https:\/\/villarrealcf.es\/wp-content\/uploads\/2024\/04\/HORIZ-Dialogos-sin-fronteras-23-abril-1920x1080.jpg","alt":"","width":1920,"height":1080,"srcset":"https:\/\/villarrealcf.es\/wp-content\/uploads\/2024\/04\/HORIZ-Dialogos-sin-fronteras-23-abril.jpg 1920w, https:\/\/villarrealcf.es\/wp-content\/uploads\/2024\/04\/HORIZ-Dialogos-sin-fronteras-23-abril-1920x1080.jpg 1920w, https:\/\/villarrealcf.es\/wp-content\/uploads\/2024\/04\/HORIZ-Dialogos-sin-fronteras-23-abril-1536x864.jpg 1536w, https:\/\/villarrealcf.es\/wp-content\/uploads\/2024\/04\/HORIZ-Dialogos-sin-fronteras-23-abril-1920x1080.jpg 1920w, https:\/\/villarrealcf.es\/wp-content\/uploads\/2024\/04\/HORIZ-Dialogos-sin-fronteras-23-abril-1920x1080.jpg 1920w, https:\/\/villarrealcf.es\/wp-content\/uploads\/2024\/04\/HORIZ-Dialogos-sin-fronteras-23-abril-32x18.jpg 32w, https:\/\/villarrealcf.es\/wp-content\/uploads\/2024\/04\/HORIZ-Dialogos-sin-fronteras-23-abril-150x84.jpg 150w, https:\/\/villarrealcf.es\/wp-content\/uploads\/2024\/04\/HORIZ-Dialogos-sin-fronteras-23-abril-1920x1080.jpg 1920w, https:\/\/villarrealcf.es\/wp-content\/uploads\/2024\/04\/HORIZ-Dialogos-sin-fronteras-23-abril-1200x675.jpg 1200w","sizes":"auto, (max-width: 1920px) 100vw, 1920px"}]}},"sections":[{"id":"section-1","title":"La primera acci\u00f3 conjunta ser\u00e0 el cicle \u2018Di\u00e0legs sense fronteres\u2019 en l\u2019Estadio de la Cer\u00e1mica","text":"La primera acci\u00f3 conjunta ser\u00e0 el cicle \u2018Di\u00e0legs sense fronteres\u2019 en l\u2019Estadio de la Cer\u00e1mica El Villarreal CF i el Rototom Sunsplash unixen els seus camins en el marc d\u2019Endavant Cultura, el projecte de Responsabilitat Social Corporativa mitjan\u00e7ant el qual l\u2019entitat groga dona suport a la cultura de la prov\u00edncia de Castell\u00f3. El conveni s\u2019inicia ara de cara a la pr\u00f2xima edici\u00f3 del festival, que tindr\u00e0 lloc del 16 al 21 d\u2019agost a Benic\u00e0ssim. La primera acci\u00f3 conjunta d\u2019esta nova col\u00b7laboraci\u00f3 entre el Submar\u00ed i el festival reggae ser\u00e0 el cicle \u2018Di\u00e0legs sense fronteres\u2019 el pr\u00f2xim 23 d\u2019abril a les 18.30 hores en el Club 1923 de l\u2019Estadio de la Cer\u00e1mica. La casa de tots els groguets acollir\u00e0 les confer\u00e8ncies de la periodista i Premi Reina Sofia de l\u2019Esport Paloma del R\u00edo i de l\u2019exjugadora de la selecci\u00f3 afganesa de b\u00e0squet en cadira de rodes Latifa Sakhizadeh. El cicle \u2018Di\u00e0legs sense fronteres\u2019, impulsat pel festival Rototom Sunsplash i la seua Associaci\u00f3 Cultural Exodus, continua explorant escenaris mimetitzats amb la tem\u00e0tica que aborda en cada debat. \u2018Els valors de l\u2019esport salven vides\u2019 \u00e9s el t\u00edtol de la xarrada, moderada pel director de COPE Castell\u00f3 Ra\u00fal Puchol, que filaran la periodista Paloma del R\u00edo, la veu que ha guiat la transmissi\u00f3 de les competicions de gimn\u00e0stica per a TVE i Premi Reina Sofia en els Premis Nacionals de l\u2019Esport, i l\u2019exjugadora de la selecci\u00f3 afganesa de b\u00e0squet en cadira de rodes, Latifa Sakhizadeh. A ambdues els unix, des de perspectives diferents, una hist\u00f2ria de solidaritat vinculada a l\u2019esport, que compartiran amb el p\u00fablic. Paloma del R\u00edo i el corresponsal de guerra Antonio Pampliega, reconegut tamb\u00e9 en els Premis Nacionals de l\u2019Esport per la seua implicaci\u00f3 en la defensa de les dones i l\u2019assist\u00e8ncia a immigrants, \u201cvan aconseguir, en moments dram\u00e0tics despr\u00e9s de la recuperaci\u00f3 del poder talib\u00e0 a l\u2019Afganistan, que va condemnar a la societat a l\u2019ostracisme, ajudar a esportistes com Latifa Sakhizadeh a eixir del pa\u00eds\u201d, expliquen des d\u2019Exodus. \u201cLa meua vida va canviar per complet, com les vides de tots els afganesos, especialment les de les dones\u201d, relata Sakhizadeh. Cal destacar que les xarrades no sols compten amb el suport del Villarreal CF, sin\u00f3 tamb\u00e9 amb el de l\u2019Ajuntament de Vila-real i de la Fundaci\u00f3 del club groguet.","url":"","background_image":"","images":[{"type":"image","url":"https:\/\/villarrealcf.es\/wp-content\/uploads\/2024\/04\/HORIZ-Dialogos-sin-fronteras-23-abril-1920x1080.jpg","alt":"","width":1920,"height":1080,"srcset":"https:\/\/villarrealcf.es\/wp-content\/uploads\/2024\/04\/HORIZ-Dialogos-sin-fronteras-23-abril.jpg 1920w, https:\/\/villarrealcf.es\/wp-content\/uploads\/2024\/04\/HORIZ-Dialogos-sin-fronteras-23-abril-1920x1080.jpg 1920w, https:\/\/villarrealcf.es\/wp-content\/uploads\/2024\/04\/HORIZ-Dialogos-sin-fronteras-23-abril-1536x864.jpg 1536w, https:\/\/villarrealcf.es\/wp-content\/uploads\/2024\/04\/HORIZ-Dialogos-sin-fronteras-23-abril-1920x1080.jpg 1920w, https:\/\/villarrealcf.es\/wp-content\/uploads\/2024\/04\/HORIZ-Dialogos-sin-fronteras-23-abril-1920x1080.jpg 1920w, https:\/\/villarrealcf.es\/wp-content\/uploads\/2024\/04\/HORIZ-Dialogos-sin-fronteras-23-abril-32x18.jpg 32w, https:\/\/villarrealcf.es\/wp-content\/uploads\/2024\/04\/HORIZ-Dialogos-sin-fronteras-23-abril-150x84.jpg 150w, https:\/\/villarrealcf.es\/wp-content\/uploads\/2024\/04\/HORIZ-Dialogos-sin-fronteras-23-abril-1920x1080.jpg 1920w, https:\/\/villarrealcf.es\/wp-content\/uploads\/2024\/04\/HORIZ-Dialogos-sin-fronteras-23-abril-1200x675.jpg 1200w","sizes":"auto, (max-width: 1920px) 100vw, 1920px"}],"videos":[],"links":[]}]},"excerpt":{"rendered":"La primera acci\u00f3n conjunta ser\u00e1 el ciclo \u2018Di\u00e1logos sin fronteras\u2019 en el Estadio de la Cer\u00e1mica","protected":false},"author":33,"featured_media":304227,"comment_status":"closed","ping_status":"closed","sticky":false,"template":"","format":"standard","meta":{"_acf_changed":false,"footnotes":""},"categories":[13509],"tags":[9197,9242,11054,717,9270,15607,716,9205,9627,9203],"acf":null,"lang":"val","translations":{"es":304187,"val":304193,"en":304248},"essential_grid":{"has_grid":false},"formatted_date":"April 18, 2024","modified_date":"April 18, 2024","permalink":"https:\/\/villarrealcf.es\/val\/el-villarreal-cf-inicia-una-alianca-amb-el-rototom-sunsplash\/","reading_time":2,"featured_media_data":{"id":304227,"title":"villarreal roto copia","caption":"","alt_text":"","description":"","mime_type":"image\/jpeg","source_url":"https:\/\/villarrealcf.es\/wp-content\/uploads\/2024\/04\/villarreal-roto-copia.jpg","sizes":{"thumbnail":{"url":"https:\/\/villarrealcf.es\/wp-content\/uploads\/2024\/04\/villarreal-roto-copia-1920x1080.jpg","width":1920,"height":1080},"medium":{"url":"https:\/\/villarrealcf.es\/wp-content\/uploads\/2024\/04\/villarreal-roto-copia-1920x1080.jpg","width":1920,"height":1080},"medium_large":{"url":"https:\/\/villarrealcf.es\/wp-content\/uploads\/2024\/04\/villarreal-roto-copia-768x432.jpg","width":768,"height":432},"large":{"url":"https:\/\/villarrealcf.es\/wp-content\/uploads\/2024\/04\/villarreal-roto-copia-1920x1080.jpg","width":788,"height":443},"1536x1536":{"url":"https:\/\/villarrealcf.es\/wp-content\/uploads\/2024\/04\/villarreal-roto-copia-1536x864.jpg","width":1536,"height":864},"2048x2048":{"url":"https:\/\/villarrealcf.es\/wp-content\/uploads\/2024\/04\/villarreal-roto-copia.jpg","width":1920,"height":1080},"tp-image-grid":{"url":"https:\/\/villarrealcf.es\/wp-content\/uploads\/2024\/04\/villarreal-roto-copia-700x700.jpg","width":700,"height":700},"size-bunyad-medium":{"url":"https:\/\/villarrealcf.es\/wp-content\/uploads\/2024\/04\/villarreal-roto-copia-1920x1080.jpg","width":1920,"height":1080},"sportspress-crop-medium":{"url":"https:\/\/villarrealcf.es\/wp-content\/uploads\/2024\/04\/villarreal-roto-copia-300x300.jpg","width":300,"height":300},"sportspress-fit-medium":{"url":"https:\/\/villarrealcf.es\/wp-content\/uploads\/2024\/04\/villarreal-roto-copia-300x169.jpg","width":300,"height":169},"sportspress-fit-icon":{"url":"https:\/\/villarrealcf.es\/wp-content\/uploads\/2024\/04\/villarreal-roto-copia-128x72.jpg","width":128,"height":72},"sportspress-fit-mini":{"url":"https:\/\/villarrealcf.es\/wp-content\/uploads\/2024\/04\/villarreal-roto-copia-32x18.jpg","width":32,"height":18},"bunyad-small":{"url":"https:\/\/villarrealcf.es\/wp-content\/uploads\/2024\/04\/villarreal-roto-copia-150x84.jpg","width":150,"height":84},"bunyad-medium":{"url":"https:\/\/villarrealcf.es\/wp-content\/uploads\/2024\/04\/villarreal-roto-copia-450x253.jpg","width":450,"height":253},"bunyad-full":{"url":"https:\/\/villarrealcf.es\/wp-content\/uploads\/2024\/04\/villarreal-roto-copia-1200x675.jpg","width":1200,"height":675},"bunyad-viewport":{"url":"https:\/\/villarrealcf.es\/wp-content\/uploads\/2024\/04\/villarreal-roto-copia.jpg","width":1920,"height":1080},"bunyad-768":{"url":"https:\/\/villarrealcf.es\/wp-content\/uploads\/2024\/04\/villarreal-roto-copia-768x432.jpg","width":768,"height":432},"full":{"url":"https:\/\/villarrealcf.es\/wp-content\/uploads\/2024\/04\/villarreal-roto-copia.jpg","width":1920,"height":1080}}},"author_data":{"id":"33","name":"Nacho Tejada","first_name":"Nacho","last_name":"Tejada","description":"","avatar_url":"https:\/\/secure.gravatar.com\/avatar\/b1580534b2fcd93e031504756165758941290488df5c88966a26f84344931fd1?s=96&d=mm&r=g","acf":null},"taxonomies_data":{"category":[{"id":13509,"name":"Endavant","slug":"endavant-val","acf":null}],"post_tag":[{"id":9197,"name":"Acuerdo","slug":"acuerdo-d166-val","acf":null},{"id":9242,"name":"Endavant","slug":"endavant-val-2","acf":null},{"id":11054,"name":"Endavant Cultura","slug":"endavant-cultura-val-2","acf":null},{"id":717,"name":"Football","slug":"football-d34","acf":null},{"id":9270,"name":"Futbol","slug":"futbol-val","acf":null},{"id":15607,"name":"Rototom Sunsplash","slug":"rototom-sunsplash-val","acf":null},{"id":716,"name":"Soccer","slug":"soccer-d105","acf":null},{"id":9205,"name":"Submarino","slug":"submarino-val","acf":null},{"id":9627,"name":"Submarino Amarillo","slug":"submarino-amarillo-val","acf":null},{"id":9203,"name":"Villarreal CF","slug":"villarreal-cf-val","acf":null}],"translation_priority":[{"id":735,"name":"Optional","slug":"optional-val","acf":null}]},"seo_full":{"native":{"title":"El Villarreal CF inicia una alian\u00e7a amb el Rototom Sunsplash - Web Oficial del Villarreal CF","description":"La primera acci\u00f3n conjunta ser\u00e1 el ciclo \u2018Di\u00e1logos sin fronteras\u2019 en el Estadio de la Cer\u00e1mica","canonical":"https:\/\/villarrealcf.es\/val\/el-villarreal-cf-inicia-una-alianca-amb-el-rototom-sunsplash\/"}},"_links":{"self":[{"href":"https:\/\/villarrealcf.es\/val\/wp-json\/wp\/v2\/posts\/304193","targetHints":{"allow":["GET"]}}],"collection":[{"href":"https:\/\/villarrealcf.es\/val\/wp-json\/wp\/v2\/posts"}],"about":[{"href":"https:\/\/villarrealcf.es\/val\/wp-json\/wp\/v2\/types\/post"}],"author":[{"embeddable":true,"href":"https:\/\/villarrealcf.es\/val\/wp-json\/wp\/v2\/users\/33"}],"replies":[{"embeddable":true,"href":"https:\/\/villarrealcf.es\/val\/wp-json\/wp\/v2\/comments?post=304193"}],"version-history":[{"count":0,"href":"https:\/\/villarrealcf.es\/val\/wp-json\/wp\/v2\/posts\/304193\/revisions"}],"wp:featuredmedia":[{"embeddable":true,"href":"https:\/\/villarrealcf.es\/val\/wp-json\/wp\/v2\/media\/304227"}],"wp:attachment":[{"href":"https:\/\/villarrealcf.es\/val\/wp-json\/wp\/v2\/media?parent=304193"}],"wp:term":[{"taxonomy":"category","embeddable":true,"href":"https:\/\/villarrealcf.es\/val\/wp-json\/wp\/v2\/categories?post=304193"},{"taxonomy":"post_tag","embeddable":true,"href":"https:\/\/villarrealcf.es\/val\/wp-json\/wp\/v2\/tags?post=304193"}],"curies":[{"name":"wp","href":"https:\/\/api.w.org\/{rel}","templated":true}]}}