{"id":303923,"date":"2024-04-14T21:20:00","date_gmt":"2024-04-14T19:20:00","guid":{"rendered":"https:\/\/villarrealcf.es\/punto-de-fe-en-san-mames-1-1\/"},"modified":"2024-04-15T11:50:39","modified_gmt":"2024-04-15T09:50:39","slug":"punt-de-fe-en-san-mames-1-1","status":"publish","type":"post","link":"https:\/\/villarrealcf.es\/val\/punt-de-fe-en-san-mames-1-1\/","title":{"rendered":"Punt de fe en San Mam\u00e9s (1-1)"},"content":{"protected":false,"blocks":[{"type":"heading","level":2,"text":"Parejo rescata un punt en el minut 94 d\u2019un partit que el Villarreal va mer\u00e9ixer guanyar"},{"type":"video","kind":"iframe","url":"https:\/\/www.youtube.com\/embed\/giPx-UprlHM?feature=oembed","poster":""},{"type":"paragraph","text":"El Villarreal va sumar un punt de la seua visita al Nou Sant Mam\u00e9s. Els grocs van empatar sobre la botzina un partit que van mer\u00e9ixer guanyar, per\u00f2 que la inefic\u00e0cia durant el primer acte i una dubtosa expulsi\u00f3 de Santi Comesa\u00f1a en l\u2019inici de segon, li va privar a un Submar\u00ed que va ser superior al seu rival en el c\u00f2mput global."},{"type":"paragraph","text":"En els proleg\u00f2mens del partit, el Villarreal CF va homenatgear a la plantilla de l\u2019Athletic Club despr\u00e9s de proclamar-se recentment campi\u00f3 de la Copa del Rey 2023\/24. El conjunt basc va mostrar el llorejat trofeu a un San Mam\u00e9s ple i en el qual tamb\u00e9 hi havia un centenar d\u2019aficionats"},{"type":"paragraph","text":"L\u2019Athletic Club va donar el primer av\u00eds del partit en el minut 5. Yuri, des de la llunyania, s\u2019atrevia amb un potent xut que repel\u00b7lia Filip J\u00f6rgensen sense major dificultat."},{"type":"paragraph","text":"En el minut 11 de partit, \u00c1lex Baena va caure dins de l\u2019\u00e0rea despr\u00e9s de rebre una forta trepitjada d\u2019un defensor de l\u2019Athletic. Quadra Fern\u00e1ndez, \u00e0rbitre principal del partit, assenyalava la pena m\u00e0xima despr\u00e9s de revisar-lo en el VAR, per\u00f2 Gerard Moreno, no obstant aix\u00f2, errava el llan\u00e7ament i el Villarreal perdia aix\u00ed una magn\u00edfica oportunitat d\u2019avan\u00e7ar-se en el partit."},{"type":"paragraph","text":"El Submar\u00ed no es va ensorrar i nom\u00e9s tres minuts despr\u00e9s, Baena, gaudiria d\u2019una nova oportunitat de perill. Despr\u00e9s d\u2019una gran jugada col\u00b7lectiva, Comesa\u00f1a deixava una pilota en el punt de penal al qual arribava el 16 groc des de segona l\u00ednia per a colpejar, per\u00f2 un defensor local treia la pilota de la l\u00ednia quan es colava."},{"type":"paragraph","text":"Al descans, malgrat la clara superioritat dels grocs, es mantenia l\u2019empat inicial."},{"type":"paragraph","text":"La segona part no va comen\u00e7ar b\u00e9 per al Villarreal, que en el primer minut es quedaria amb un jugador menys despr\u00e9s que Santi Comesa\u00f1a vera la segona targeta groga en una jugada totalment fortu\u00efta que, segons Quadra Fern\u00e1ndez, era mereixedora d\u2019una nova cartolina."},{"type":"paragraph","text":"Marcelino es va veure obligat a modificar l\u2019equip despr\u00e9s de l\u2019expulsi\u00f3. Gerard deixava el seu lloc en el terreny de joc a Alfonso Pedraza en el minut 56."},{"type":"paragraph","text":"L\u2019Athletic, arran de l\u2019expulsi\u00f3, va comen\u00e7ar a trepitjar camp i, per tant, \u00e0rea rival. Aix\u00ed arribaria el punt de Sancet en el minut 66 partit que avan\u00e7ava als lleons en el xoc."},{"type":"paragraph","text":"El Vila-real buscava l\u2019empat insistentment, per\u00f2, fruit de la inferioritat num\u00e8rica, li costava generar accions que inquietaren a Unai Sim\u00f3n. No obstant aix\u00f2, en el minut 93 de partit Quadra Fern\u00e1ndez xiularia un nou penal a favor del quadre groga per m\u00e0 de Yuri dins de l\u2019\u00e0rea. Esta vegada, Dani Parejo no fallava per a posar el definitiu empat a un amb el qual el Vila-real suma un punt de fe que reflectix el treball i sacrifici realitzat hui a Bilbao."}],"structured":{"summary":{"text":"Parejo rescata un punt en el minut 94 d\u2019un partit que el Villarreal va mer\u00e9ixer guanyar El Villarreal va sumar un punt de la seua visita al Nou Sant Mam\u00e9s. Els grocs van empatar sobre la botzina un partit que van mer\u00e9ixer guanyar, per\u00f2 que la inefic\u00e0cia durant el primer acte i una dubtosa expulsi\u00f3 de Santi Comesa\u00f1a en l\u2019inici de segon, li va privar a un Submar\u00ed que va ser superior al seu rival en el c\u00f2mput global. En els proleg\u00f2mens del partit, el Villarreal CF va homenatgear a la plantilla de l\u2019Athletic Club despr\u00e9s de proclamar-se recentment campi\u00f3 de la Copa del Rey 2023\/24. El conjunt basc va mostrar el llorejat trofeu a un San Mam\u00e9s ple i en el qual tamb\u00e9 hi havia un centenar d\u2019aficionats L\u2019Athletic Club va donar el primer av\u00eds del partit en el minut 5. Yuri, des de la llunyania, s\u2019atrevia amb un potent xut que repel\u00b7lia Filip J\u00f6rgensen sense major dificultat. En el minut 11 de partit, \u00c1lex Baena va caure dins de l\u2019\u00e0rea despr\u00e9s de rebre una forta trepitjada d\u2019un defensor de l\u2019Athletic. Quadra Fern\u00e1ndez, \u00e0rbitre principal del partit, assenyalava la pena m\u00e0xima despr\u00e9s de revisar-lo en el VAR, per\u00f2 Gerard Moreno, no obstant aix\u00f2, errava el llan\u00e7ament i el Villarreal perdia aix\u00ed una magn\u00edfica oportunitat d\u2019avan\u00e7ar-se en el partit. El Submar\u00ed no es va ensorrar i nom\u00e9s tres minuts despr\u00e9s, Baena, gaudiria d\u2019una nova oportunitat de perill. Despr\u00e9s d\u2019una gran jugada col\u00b7lectiva, Comesa\u00f1a deixava una pilota en el punt de penal al qual arribava el 16 groc des de segona l\u00ednia per a colpejar, per\u00f2 un defensor local treia la pilota de la l\u00ednia quan es colava. Al descans, malgrat la clara superioritat dels grocs, es mantenia l\u2019empat inicial. La segona part no va comen\u00e7ar b\u00e9 per al Villarreal, que en el primer minut es quedaria amb un jugador menys despr\u00e9s que Santi Comesa\u00f1a vera la segona targeta groga en una jugada totalment fortu\u00efta que, segons Quadra Fern\u00e1ndez, era mereixedora d\u2019una nova cartolina. Marcelino es va veure obligat a modificar l\u2019equip despr\u00e9s de l\u2019expulsi\u00f3. Gerard deixava el seu lloc en el terreny de joc a Alfonso Pedraza en el minut 56. L\u2019Athletic, arran de l\u2019expulsi\u00f3, va comen\u00e7ar a trepitjar camp i, per tant, \u00e0rea rival. Aix\u00ed arribaria el punt de Sancet en el minut 66 partit que avan\u00e7ava als lleons en el xoc. El Vila-real buscava l\u2019empat insistentment, per\u00f2, fruit de la inferioritat num\u00e8rica, li costava generar accions que inquietaren a Unai Sim\u00f3n. No obstant aix\u00f2, en el minut 93 de partit Quadra Fern\u00e1ndez xiularia un nou penal a favor del quadre groga per m\u00e0 de Yuri dins de l\u2019\u00e0rea. Esta vegada, Dani Parejo no fallava per a posar el definitiu empat a un amb el qual el Vila-real suma un punt de fe que reflectix el treball i sacrifici realitzat hui a Bilbao.","headings":[{"type":"heading","level":2,"text":"Parejo rescata un punt en el minut 94 d\u2019un partit que el Villarreal va mer\u00e9ixer guanyar"}],"buttons":[],"images":[],"counts":{"blocks":12,"headings":1,"texts":10,"buttons":0,"images":0}},"sections":[{"id":"section-1","title":"Parejo rescata un punt en el minut 94 d\u2019un partit que el Villarreal va mer\u00e9ixer guanyar","text":"Parejo rescata un punt en el minut 94 d\u2019un partit que el Villarreal va mer\u00e9ixer guanyar El Villarreal va sumar un punt de la seua visita al Nou Sant Mam\u00e9s. Els grocs van empatar sobre la botzina un partit que van mer\u00e9ixer guanyar, per\u00f2 que la inefic\u00e0cia durant el primer acte i una dubtosa expulsi\u00f3 de Santi Comesa\u00f1a en l\u2019inici de segon, li va privar a un Submar\u00ed que va ser superior al seu rival en el c\u00f2mput global. En els proleg\u00f2mens del partit, el Villarreal CF va homenatgear a la plantilla de l\u2019Athletic Club despr\u00e9s de proclamar-se recentment campi\u00f3 de la Copa del Rey 2023\/24. El conjunt basc va mostrar el llorejat trofeu a un San Mam\u00e9s ple i en el qual tamb\u00e9 hi havia un centenar d\u2019aficionats L\u2019Athletic Club va donar el primer av\u00eds del partit en el minut 5. Yuri, des de la llunyania, s\u2019atrevia amb un potent xut que repel\u00b7lia Filip J\u00f6rgensen sense major dificultat. En el minut 11 de partit, \u00c1lex Baena va caure dins de l\u2019\u00e0rea despr\u00e9s de rebre una forta trepitjada d\u2019un defensor de l\u2019Athletic. Quadra Fern\u00e1ndez, \u00e0rbitre principal del partit, assenyalava la pena m\u00e0xima despr\u00e9s de revisar-lo en el VAR, per\u00f2 Gerard Moreno, no obstant aix\u00f2, errava el llan\u00e7ament i el Villarreal perdia aix\u00ed una magn\u00edfica oportunitat d\u2019avan\u00e7ar-se en el partit. El Submar\u00ed no es va ensorrar i nom\u00e9s tres minuts despr\u00e9s, Baena, gaudiria d\u2019una nova oportunitat de perill. Despr\u00e9s d\u2019una gran jugada col\u00b7lectiva, Comesa\u00f1a deixava una pilota en el punt de penal al qual arribava el 16 groc des de segona l\u00ednia per a colpejar, per\u00f2 un defensor local treia la pilota de la l\u00ednia quan es colava. Al descans, malgrat la clara superioritat dels grocs, es mantenia l\u2019empat inicial. La segona part no va comen\u00e7ar b\u00e9 per al Villarreal, que en el primer minut es quedaria amb un jugador menys despr\u00e9s que Santi Comesa\u00f1a vera la segona targeta groga en una jugada totalment fortu\u00efta que, segons Quadra Fern\u00e1ndez, era mereixedora d\u2019una nova cartolina. Marcelino es va veure obligat a modificar l\u2019equip despr\u00e9s de l\u2019expulsi\u00f3. Gerard deixava el seu lloc en el terreny de joc a Alfonso Pedraza en el minut 56. L\u2019Athletic, arran de l\u2019expulsi\u00f3, va comen\u00e7ar a trepitjar camp i, per tant, \u00e0rea rival. Aix\u00ed arribaria el punt de Sancet en el minut 66 partit que avan\u00e7ava als lleons en el xoc. El Vila-real buscava l\u2019empat insistentment, per\u00f2, fruit de la inferioritat num\u00e8rica, li costava generar accions que inquietaren a Unai Sim\u00f3n. No obstant aix\u00f2, en el minut 93 de partit Quadra Fern\u00e1ndez xiularia un nou penal a favor del quadre groga per m\u00e0 de Yuri dins de l\u2019\u00e0rea. Esta vegada, Dani Parejo no fallava per a posar el definitiu empat a un amb el qual el Vila-real suma un punt de fe que reflectix el treball i sacrifici realitzat hui a Bilbao.","headings":[{"type":"heading","level":2,"text":"Parejo rescata un punt en el minut 94 d\u2019un partit que el Villarreal va mer\u00e9ixer guanyar"}],"texts":[{"type":"paragraph","text":"El Villarreal va sumar un punt de la seua visita al Nou Sant Mam\u00e9s. Els grocs van empatar sobre la botzina un partit que van mer\u00e9ixer guanyar, per\u00f2 que la inefic\u00e0cia durant el primer acte i una dubtosa expulsi\u00f3 de Santi Comesa\u00f1a en l\u2019inici de segon, li va privar a un Submar\u00ed que va ser superior al seu rival en el c\u00f2mput global."},{"type":"paragraph","text":"En els proleg\u00f2mens del partit, el Villarreal CF va homenatgear a la plantilla de l\u2019Athletic Club despr\u00e9s de proclamar-se recentment campi\u00f3 de la Copa del Rey 2023\/24. El conjunt basc va mostrar el llorejat trofeu a un San Mam\u00e9s ple i en el qual tamb\u00e9 hi havia un centenar d\u2019aficionats"},{"type":"paragraph","text":"L\u2019Athletic Club va donar el primer av\u00eds del partit en el minut 5. Yuri, des de la llunyania, s\u2019atrevia amb un potent xut que repel\u00b7lia Filip J\u00f6rgensen sense major dificultat."},{"type":"paragraph","text":"En el minut 11 de partit, \u00c1lex Baena va caure dins de l\u2019\u00e0rea despr\u00e9s de rebre una forta trepitjada d\u2019un defensor de l\u2019Athletic. Quadra Fern\u00e1ndez, \u00e0rbitre principal del partit, assenyalava la pena m\u00e0xima despr\u00e9s de revisar-lo en el VAR, per\u00f2 Gerard Moreno, no obstant aix\u00f2, errava el llan\u00e7ament i el Villarreal perdia aix\u00ed una magn\u00edfica oportunitat d\u2019avan\u00e7ar-se en el partit."},{"type":"paragraph","text":"El Submar\u00ed no es va ensorrar i nom\u00e9s tres minuts despr\u00e9s, Baena, gaudiria d\u2019una nova oportunitat de perill. Despr\u00e9s d\u2019una gran jugada col\u00b7lectiva, Comesa\u00f1a deixava una pilota en el punt de penal al qual arribava el 16 groc des de segona l\u00ednia per a colpejar, per\u00f2 un defensor local treia la pilota de la l\u00ednia quan es colava."},{"type":"paragraph","text":"Al descans, malgrat la clara superioritat dels grocs, es mantenia l\u2019empat inicial."},{"type":"paragraph","text":"La segona part no va comen\u00e7ar b\u00e9 per al Villarreal, que en el primer minut es quedaria amb un jugador menys despr\u00e9s que Santi Comesa\u00f1a vera la segona targeta groga en una jugada totalment fortu\u00efta que, segons Quadra Fern\u00e1ndez, era mereixedora d\u2019una nova cartolina."},{"type":"paragraph","text":"Marcelino es va veure obligat a modificar l\u2019equip despr\u00e9s de l\u2019expulsi\u00f3. Gerard deixava el seu lloc en el terreny de joc a Alfonso Pedraza en el minut 56."},{"type":"paragraph","text":"L\u2019Athletic, arran de l\u2019expulsi\u00f3, va comen\u00e7ar a trepitjar camp i, per tant, \u00e0rea rival. Aix\u00ed arribaria el punt de Sancet en el minut 66 partit que avan\u00e7ava als lleons en el xoc."},{"type":"paragraph","text":"El Vila-real buscava l\u2019empat insistentment, per\u00f2, fruit de la inferioritat num\u00e8rica, li costava generar accions que inquietaren a Unai Sim\u00f3n. No obstant aix\u00f2, en el minut 93 de partit Quadra Fern\u00e1ndez xiularia un nou penal a favor del quadre groga per m\u00e0 de Yuri dins de l\u2019\u00e0rea. Esta vegada, Dani Parejo no fallava per a posar el definitiu empat a un amb el qual el Vila-real suma un punt de fe que reflectix el treball i sacrifici realitzat hui a Bilbao."}],"buttons":[],"images":[],"widgets":[],"blocks":[{"type":"heading","level":2,"text":"Parejo rescata un punt en el minut 94 d\u2019un partit que el Villarreal va mer\u00e9ixer guanyar"},{"type":"video","kind":"iframe","url":"https:\/\/www.youtube.com\/embed\/giPx-UprlHM?feature=oembed","poster":""},{"type":"paragraph","text":"El Villarreal va sumar un punt de la seua visita al Nou Sant Mam\u00e9s. Els grocs van empatar sobre la botzina un partit que van mer\u00e9ixer guanyar, per\u00f2 que la inefic\u00e0cia durant el primer acte i una dubtosa expulsi\u00f3 de Santi Comesa\u00f1a en l\u2019inici de segon, li va privar a un Submar\u00ed que va ser superior al seu rival en el c\u00f2mput global."},{"type":"paragraph","text":"En els proleg\u00f2mens del partit, el Villarreal CF va homenatgear a la plantilla de l\u2019Athletic Club despr\u00e9s de proclamar-se recentment campi\u00f3 de la Copa del Rey 2023\/24. El conjunt basc va mostrar el llorejat trofeu a un San Mam\u00e9s ple i en el qual tamb\u00e9 hi havia un centenar d\u2019aficionats"},{"type":"paragraph","text":"L\u2019Athletic Club va donar el primer av\u00eds del partit en el minut 5. Yuri, des de la llunyania, s\u2019atrevia amb un potent xut que repel\u00b7lia Filip J\u00f6rgensen sense major dificultat."},{"type":"paragraph","text":"En el minut 11 de partit, \u00c1lex Baena va caure dins de l\u2019\u00e0rea despr\u00e9s de rebre una forta trepitjada d\u2019un defensor de l\u2019Athletic. Quadra Fern\u00e1ndez, \u00e0rbitre principal del partit, assenyalava la pena m\u00e0xima despr\u00e9s de revisar-lo en el VAR, per\u00f2 Gerard Moreno, no obstant aix\u00f2, errava el llan\u00e7ament i el Villarreal perdia aix\u00ed una magn\u00edfica oportunitat d\u2019avan\u00e7ar-se en el partit."},{"type":"paragraph","text":"El Submar\u00ed no es va ensorrar i nom\u00e9s tres minuts despr\u00e9s, Baena, gaudiria d\u2019una nova oportunitat de perill. Despr\u00e9s d\u2019una gran jugada col\u00b7lectiva, Comesa\u00f1a deixava una pilota en el punt de penal al qual arribava el 16 groc des de segona l\u00ednia per a colpejar, per\u00f2 un defensor local treia la pilota de la l\u00ednia quan es colava."},{"type":"paragraph","text":"Al descans, malgrat la clara superioritat dels grocs, es mantenia l\u2019empat inicial."},{"type":"paragraph","text":"La segona part no va comen\u00e7ar b\u00e9 per al Villarreal, que en el primer minut es quedaria amb un jugador menys despr\u00e9s que Santi Comesa\u00f1a vera la segona targeta groga en una jugada totalment fortu\u00efta que, segons Quadra Fern\u00e1ndez, era mereixedora d\u2019una nova cartolina."},{"type":"paragraph","text":"Marcelino es va veure obligat a modificar l\u2019equip despr\u00e9s de l\u2019expulsi\u00f3. Gerard deixava el seu lloc en el terreny de joc a Alfonso Pedraza en el minut 56."},{"type":"paragraph","text":"L\u2019Athletic, arran de l\u2019expulsi\u00f3, va comen\u00e7ar a trepitjar camp i, per tant, \u00e0rea rival. Aix\u00ed arribaria el punt de Sancet en el minut 66 partit que avan\u00e7ava als lleons en el xoc."},{"type":"paragraph","text":"El Vila-real buscava l\u2019empat insistentment, per\u00f2, fruit de la inferioritat num\u00e8rica, li costava generar accions que inquietaren a Unai Sim\u00f3n. No obstant aix\u00f2, en el minut 93 de partit Quadra Fern\u00e1ndez xiularia un nou penal a favor del quadre groga per m\u00e0 de Yuri dins de l\u2019\u00e0rea. Esta vegada, Dani Parejo no fallava per a posar el definitiu empat a un amb el qual el Vila-real suma un punt de fe que reflectix el treball i sacrifici realitzat hui a Bilbao."}]}],"hero":{"id":"section-1","title":"Parejo rescata un punt en el minut 94 d\u2019un partit que el Villarreal va mer\u00e9ixer guanyar","text":"Parejo rescata un punt en el minut 94 d\u2019un partit que el Villarreal va mer\u00e9ixer guanyar El Villarreal va sumar un punt de la seua visita al Nou Sant Mam\u00e9s. Els grocs van empatar sobre la botzina un partit que van mer\u00e9ixer guanyar, per\u00f2 que la inefic\u00e0cia durant el primer acte i una dubtosa expulsi\u00f3 de Santi Comesa\u00f1a en l\u2019inici de segon, li va privar a un Submar\u00ed que va ser superior al seu rival en el c\u00f2mput global. En els proleg\u00f2mens del partit, el Villarreal CF va homenatgear a la plantilla de l\u2019Athletic Club despr\u00e9s de proclamar-se recentment campi\u00f3 de la Copa del Rey 2023\/24. El conjunt basc va mostrar el llorejat trofeu a un San Mam\u00e9s ple i en el qual tamb\u00e9 hi havia un centenar d\u2019aficionats L\u2019Athletic Club va donar el primer av\u00eds del partit en el minut 5. Yuri, des de la llunyania, s\u2019atrevia amb un potent xut que repel\u00b7lia Filip J\u00f6rgensen sense major dificultat. En el minut 11 de partit, \u00c1lex Baena va caure dins de l\u2019\u00e0rea despr\u00e9s de rebre una forta trepitjada d\u2019un defensor de l\u2019Athletic. Quadra Fern\u00e1ndez, \u00e0rbitre principal del partit, assenyalava la pena m\u00e0xima despr\u00e9s de revisar-lo en el VAR, per\u00f2 Gerard Moreno, no obstant aix\u00f2, errava el llan\u00e7ament i el Villarreal perdia aix\u00ed una magn\u00edfica oportunitat d\u2019avan\u00e7ar-se en el partit. El Submar\u00ed no es va ensorrar i nom\u00e9s tres minuts despr\u00e9s, Baena, gaudiria d\u2019una nova oportunitat de perill. Despr\u00e9s d\u2019una gran jugada col\u00b7lectiva, Comesa\u00f1a deixava una pilota en el punt de penal al qual arribava el 16 groc des de segona l\u00ednia per a colpejar, per\u00f2 un defensor local treia la pilota de la l\u00ednia quan es colava. Al descans, malgrat la clara superioritat dels grocs, es mantenia l\u2019empat inicial. La segona part no va comen\u00e7ar b\u00e9 per al Villarreal, que en el primer minut es quedaria amb un jugador menys despr\u00e9s que Santi Comesa\u00f1a vera la segona targeta groga en una jugada totalment fortu\u00efta que, segons Quadra Fern\u00e1ndez, era mereixedora d\u2019una nova cartolina. Marcelino es va veure obligat a modificar l\u2019equip despr\u00e9s de l\u2019expulsi\u00f3. Gerard deixava el seu lloc en el terreny de joc a Alfonso Pedraza en el minut 56. L\u2019Athletic, arran de l\u2019expulsi\u00f3, va comen\u00e7ar a trepitjar camp i, per tant, \u00e0rea rival. Aix\u00ed arribaria el punt de Sancet en el minut 66 partit que avan\u00e7ava als lleons en el xoc. El Vila-real buscava l\u2019empat insistentment, per\u00f2, fruit de la inferioritat num\u00e8rica, li costava generar accions que inquietaren a Unai Sim\u00f3n. No obstant aix\u00f2, en el minut 93 de partit Quadra Fern\u00e1ndez xiularia un nou penal a favor del quadre groga per m\u00e0 de Yuri dins de l\u2019\u00e0rea. Esta vegada, Dani Parejo no fallava per a posar el definitiu empat a un amb el qual el Vila-real suma un punt de fe que reflectix el treball i sacrifici realitzat hui a Bilbao.","headings":[{"type":"heading","level":2,"text":"Parejo rescata un punt en el minut 94 d\u2019un partit que el Villarreal va mer\u00e9ixer guanyar"}],"texts":[{"type":"paragraph","text":"El Villarreal va sumar un punt de la seua visita al Nou Sant Mam\u00e9s. Els grocs van empatar sobre la botzina un partit que van mer\u00e9ixer guanyar, per\u00f2 que la inefic\u00e0cia durant el primer acte i una dubtosa expulsi\u00f3 de Santi Comesa\u00f1a en l\u2019inici de segon, li va privar a un Submar\u00ed que va ser superior al seu rival en el c\u00f2mput global."},{"type":"paragraph","text":"En els proleg\u00f2mens del partit, el Villarreal CF va homenatgear a la plantilla de l\u2019Athletic Club despr\u00e9s de proclamar-se recentment campi\u00f3 de la Copa del Rey 2023\/24. El conjunt basc va mostrar el llorejat trofeu a un San Mam\u00e9s ple i en el qual tamb\u00e9 hi havia un centenar d\u2019aficionats"},{"type":"paragraph","text":"L\u2019Athletic Club va donar el primer av\u00eds del partit en el minut 5. Yuri, des de la llunyania, s\u2019atrevia amb un potent xut que repel\u00b7lia Filip J\u00f6rgensen sense major dificultat."},{"type":"paragraph","text":"En el minut 11 de partit, \u00c1lex Baena va caure dins de l\u2019\u00e0rea despr\u00e9s de rebre una forta trepitjada d\u2019un defensor de l\u2019Athletic. Quadra Fern\u00e1ndez, \u00e0rbitre principal del partit, assenyalava la pena m\u00e0xima despr\u00e9s de revisar-lo en el VAR, per\u00f2 Gerard Moreno, no obstant aix\u00f2, errava el llan\u00e7ament i el Villarreal perdia aix\u00ed una magn\u00edfica oportunitat d\u2019avan\u00e7ar-se en el partit."},{"type":"paragraph","text":"El Submar\u00ed no es va ensorrar i nom\u00e9s tres minuts despr\u00e9s, Baena, gaudiria d\u2019una nova oportunitat de perill. Despr\u00e9s d\u2019una gran jugada col\u00b7lectiva, Comesa\u00f1a deixava una pilota en el punt de penal al qual arribava el 16 groc des de segona l\u00ednia per a colpejar, per\u00f2 un defensor local treia la pilota de la l\u00ednia quan es colava."},{"type":"paragraph","text":"Al descans, malgrat la clara superioritat dels grocs, es mantenia l\u2019empat inicial."},{"type":"paragraph","text":"La segona part no va comen\u00e7ar b\u00e9 per al Villarreal, que en el primer minut es quedaria amb un jugador menys despr\u00e9s que Santi Comesa\u00f1a vera la segona targeta groga en una jugada totalment fortu\u00efta que, segons Quadra Fern\u00e1ndez, era mereixedora d\u2019una nova cartolina."},{"type":"paragraph","text":"Marcelino es va veure obligat a modificar l\u2019equip despr\u00e9s de l\u2019expulsi\u00f3. Gerard deixava el seu lloc en el terreny de joc a Alfonso Pedraza en el minut 56."},{"type":"paragraph","text":"L\u2019Athletic, arran de l\u2019expulsi\u00f3, va comen\u00e7ar a trepitjar camp i, per tant, \u00e0rea rival. Aix\u00ed arribaria el punt de Sancet en el minut 66 partit que avan\u00e7ava als lleons en el xoc."},{"type":"paragraph","text":"El Vila-real buscava l\u2019empat insistentment, per\u00f2, fruit de la inferioritat num\u00e8rica, li costava generar accions que inquietaren a Unai Sim\u00f3n. No obstant aix\u00f2, en el minut 93 de partit Quadra Fern\u00e1ndez xiularia un nou penal a favor del quadre groga per m\u00e0 de Yuri dins de l\u2019\u00e0rea. Esta vegada, Dani Parejo no fallava per a posar el definitiu empat a un amb el qual el Vila-real suma un punt de fe que reflectix el treball i sacrifici realitzat hui a Bilbao."}],"buttons":[],"images":[],"widgets":[],"blocks":[{"type":"heading","level":2,"text":"Parejo rescata un punt en el minut 94 d\u2019un partit que el Villarreal va mer\u00e9ixer guanyar"},{"type":"video","kind":"iframe","url":"https:\/\/www.youtube.com\/embed\/giPx-UprlHM?feature=oembed","poster":""},{"type":"paragraph","text":"El Villarreal va sumar un punt de la seua visita al Nou Sant Mam\u00e9s. Els grocs van empatar sobre la botzina un partit que van mer\u00e9ixer guanyar, per\u00f2 que la inefic\u00e0cia durant el primer acte i una dubtosa expulsi\u00f3 de Santi Comesa\u00f1a en l\u2019inici de segon, li va privar a un Submar\u00ed que va ser superior al seu rival en el c\u00f2mput global."},{"type":"paragraph","text":"En els proleg\u00f2mens del partit, el Villarreal CF va homenatgear a la plantilla de l\u2019Athletic Club despr\u00e9s de proclamar-se recentment campi\u00f3 de la Copa del Rey 2023\/24. El conjunt basc va mostrar el llorejat trofeu a un San Mam\u00e9s ple i en el qual tamb\u00e9 hi havia un centenar d\u2019aficionats"},{"type":"paragraph","text":"L\u2019Athletic Club va donar el primer av\u00eds del partit en el minut 5. Yuri, des de la llunyania, s\u2019atrevia amb un potent xut que repel\u00b7lia Filip J\u00f6rgensen sense major dificultat."},{"type":"paragraph","text":"En el minut 11 de partit, \u00c1lex Baena va caure dins de l\u2019\u00e0rea despr\u00e9s de rebre una forta trepitjada d\u2019un defensor de l\u2019Athletic. Quadra Fern\u00e1ndez, \u00e0rbitre principal del partit, assenyalava la pena m\u00e0xima despr\u00e9s de revisar-lo en el VAR, per\u00f2 Gerard Moreno, no obstant aix\u00f2, errava el llan\u00e7ament i el Villarreal perdia aix\u00ed una magn\u00edfica oportunitat d\u2019avan\u00e7ar-se en el partit."},{"type":"paragraph","text":"El Submar\u00ed no es va ensorrar i nom\u00e9s tres minuts despr\u00e9s, Baena, gaudiria d\u2019una nova oportunitat de perill. Despr\u00e9s d\u2019una gran jugada col\u00b7lectiva, Comesa\u00f1a deixava una pilota en el punt de penal al qual arribava el 16 groc des de segona l\u00ednia per a colpejar, per\u00f2 un defensor local treia la pilota de la l\u00ednia quan es colava."},{"type":"paragraph","text":"Al descans, malgrat la clara superioritat dels grocs, es mantenia l\u2019empat inicial."},{"type":"paragraph","text":"La segona part no va comen\u00e7ar b\u00e9 per al Villarreal, que en el primer minut es quedaria amb un jugador menys despr\u00e9s que Santi Comesa\u00f1a vera la segona targeta groga en una jugada totalment fortu\u00efta que, segons Quadra Fern\u00e1ndez, era mereixedora d\u2019una nova cartolina."},{"type":"paragraph","text":"Marcelino es va veure obligat a modificar l\u2019equip despr\u00e9s de l\u2019expulsi\u00f3. Gerard deixava el seu lloc en el terreny de joc a Alfonso Pedraza en el minut 56."},{"type":"paragraph","text":"L\u2019Athletic, arran de l\u2019expulsi\u00f3, va comen\u00e7ar a trepitjar camp i, per tant, \u00e0rea rival. Aix\u00ed arribaria el punt de Sancet en el minut 66 partit que avan\u00e7ava als lleons en el xoc."},{"type":"paragraph","text":"El Vila-real buscava l\u2019empat insistentment, per\u00f2, fruit de la inferioritat num\u00e8rica, li costava generar accions que inquietaren a Unai Sim\u00f3n. No obstant aix\u00f2, en el minut 93 de partit Quadra Fern\u00e1ndez xiularia un nou penal a favor del quadre groga per m\u00e0 de Yuri dins de l\u2019\u00e0rea. Esta vegada, Dani Parejo no fallava per a posar el definitiu empat a un amb el qual el Vila-real suma un punt de fe que reflectix el treball i sacrifici realitzat hui a Bilbao."}]}},"sections":[{"id":"section-1","title":"Parejo rescata un punt en el minut 94 d\u2019un partit que el Villarreal va mer\u00e9ixer guanyar","text":"Parejo rescata un punt en el minut 94 d\u2019un partit que el Villarreal va mer\u00e9ixer guanyar El Villarreal va sumar un punt de la seua visita al Nou Sant Mam\u00e9s. Els grocs van empatar sobre la botzina un partit que van mer\u00e9ixer guanyar, per\u00f2 que la inefic\u00e0cia durant el primer acte i una dubtosa expulsi\u00f3 de Santi Comesa\u00f1a en l\u2019inici de segon, li va privar a un Submar\u00ed que va ser superior al seu rival en el c\u00f2mput global. En els proleg\u00f2mens del partit, el Villarreal CF va homenatgear a la plantilla de l\u2019Athletic Club despr\u00e9s de proclamar-se recentment campi\u00f3 de la Copa del Rey 2023\/24. El conjunt basc va mostrar el llorejat trofeu a un San Mam\u00e9s ple i en el qual tamb\u00e9 hi havia un centenar d\u2019aficionats L\u2019Athletic Club va donar el primer av\u00eds del partit en el minut 5. Yuri, des de la llunyania, s\u2019atrevia amb un potent xut que repel\u00b7lia Filip J\u00f6rgensen sense major dificultat. En el minut 11 de partit, \u00c1lex Baena va caure dins de l\u2019\u00e0rea despr\u00e9s de rebre una forta trepitjada d\u2019un defensor de l\u2019Athletic. Quadra Fern\u00e1ndez, \u00e0rbitre principal del partit, assenyalava la pena m\u00e0xima despr\u00e9s de revisar-lo en el VAR, per\u00f2 Gerard Moreno, no obstant aix\u00f2, errava el llan\u00e7ament i el Villarreal perdia aix\u00ed una magn\u00edfica oportunitat d\u2019avan\u00e7ar-se en el partit. El Submar\u00ed no es va ensorrar i nom\u00e9s tres minuts despr\u00e9s, Baena, gaudiria d\u2019una nova oportunitat de perill. Despr\u00e9s d\u2019una gran jugada col\u00b7lectiva, Comesa\u00f1a deixava una pilota en el punt de penal al qual arribava el 16 groc des de segona l\u00ednia per a colpejar, per\u00f2 un defensor local treia la pilota de la l\u00ednia quan es colava. Al descans, malgrat la clara superioritat dels grocs, es mantenia l\u2019empat inicial. La segona part no va comen\u00e7ar b\u00e9 per al Villarreal, que en el primer minut es quedaria amb un jugador menys despr\u00e9s que Santi Comesa\u00f1a vera la segona targeta groga en una jugada totalment fortu\u00efta que, segons Quadra Fern\u00e1ndez, era mereixedora d\u2019una nova cartolina. Marcelino es va veure obligat a modificar l\u2019equip despr\u00e9s de l\u2019expulsi\u00f3. Gerard deixava el seu lloc en el terreny de joc a Alfonso Pedraza en el minut 56. L\u2019Athletic, arran de l\u2019expulsi\u00f3, va comen\u00e7ar a trepitjar camp i, per tant, \u00e0rea rival. Aix\u00ed arribaria el punt de Sancet en el minut 66 partit que avan\u00e7ava als lleons en el xoc. El Vila-real buscava l\u2019empat insistentment, per\u00f2, fruit de la inferioritat num\u00e8rica, li costava generar accions que inquietaren a Unai Sim\u00f3n. No obstant aix\u00f2, en el minut 93 de partit Quadra Fern\u00e1ndez xiularia un nou penal a favor del quadre groga per m\u00e0 de Yuri dins de l\u2019\u00e0rea. Esta vegada, Dani Parejo no fallava per a posar el definitiu empat a un amb el qual el Vila-real suma un punt de fe que reflectix el treball i sacrifici realitzat hui a Bilbao.","url":"","background_image":"","images":[],"videos":[{"type":"video","kind":"iframe","url":"https:\/\/www.youtube.com\/embed\/giPx-UprlHM?feature=oembed","poster":""}],"links":[]}]},"excerpt":{"rendered":"Parejo rescata un punt en el minut 94 d&#8217;un partit que el Villarreal va mer\u00e9ixer guanyar","protected":false},"author":33,"featured_media":303920,"comment_status":"closed","ping_status":"closed","sticky":false,"template":"","format":"standard","meta":{"_acf_changed":false,"footnotes":""},"categories":[13493],"tags":[11384,9207,13813,717,9270,5222,14765,9278,10591,716,9205,9627,9203],"acf":null,"lang":"val","translations":{"es":303902,"val":303923,"en":303926},"essential_grid":{"has_grid":false},"formatted_date":"April 14, 2024","modified_date":"April 15, 2024","permalink":"https:\/\/villarrealcf.es\/val\/punt-de-fe-en-san-mames-1-1\/","reading_time":3,"featured_media_data":{"id":303920,"title":"AthleticClub-VillarrealCF-168","caption":"","alt_text":"","description":"","mime_type":"image\/png","source_url":"https:\/\/villarrealcf.es\/wp-content\/uploads\/2024\/04\/AthleticClub-VillarrealCF-168.png","sizes":{"thumbnail":{"url":"https:\/\/villarrealcf.es\/wp-content\/uploads\/2024\/04\/AthleticClub-VillarrealCF-168-1920x1080.png","width":1920,"height":1080},"medium":{"url":"https:\/\/villarrealcf.es\/wp-content\/uploads\/2024\/04\/AthleticClub-VillarrealCF-168-1920x1080.png","width":1920,"height":1080},"medium_large":{"url":"https:\/\/villarrealcf.es\/wp-content\/uploads\/2024\/04\/AthleticClub-VillarrealCF-168-768x432.png","width":768,"height":432},"large":{"url":"https:\/\/villarrealcf.es\/wp-content\/uploads\/2024\/04\/AthleticClub-VillarrealCF-168-1920x1080.png","width":788,"height":443},"1536x1536":{"url":"https:\/\/villarrealcf.es\/wp-content\/uploads\/2024\/04\/AthleticClub-VillarrealCF-168-1536x864.png","width":1536,"height":864},"2048x2048":{"url":"https:\/\/villarrealcf.es\/wp-content\/uploads\/2024\/04\/AthleticClub-VillarrealCF-168-2048x1152.png","width":2048,"height":1152},"tp-image-grid":{"url":"https:\/\/villarrealcf.es\/wp-content\/uploads\/2024\/04\/AthleticClub-VillarrealCF-168-700x700.png","width":700,"height":700},"size-bunyad-medium":{"url":"https:\/\/villarrealcf.es\/wp-content\/uploads\/2024\/04\/AthleticClub-VillarrealCF-168-1920x1080.png","width":1920,"height":1080},"sportspress-crop-medium":{"url":"https:\/\/villarrealcf.es\/wp-content\/uploads\/2024\/04\/AthleticClub-VillarrealCF-168-300x300.png","width":300,"height":300},"sportspress-fit-medium":{"url":"https:\/\/villarrealcf.es\/wp-content\/uploads\/2024\/04\/AthleticClub-VillarrealCF-168-300x169.png","width":300,"height":169},"sportspress-fit-icon":{"url":"https:\/\/villarrealcf.es\/wp-content\/uploads\/2024\/04\/AthleticClub-VillarrealCF-168-128x72.png","width":128,"height":72},"sportspress-fit-mini":{"url":"https:\/\/villarrealcf.es\/wp-content\/uploads\/2024\/04\/AthleticClub-VillarrealCF-168-32x18.png","width":32,"height":18},"bunyad-small":{"url":"https:\/\/villarrealcf.es\/wp-content\/uploads\/2024\/04\/AthleticClub-VillarrealCF-168-150x84.png","width":150,"height":84},"bunyad-medium":{"url":"https:\/\/villarrealcf.es\/wp-content\/uploads\/2024\/04\/AthleticClub-VillarrealCF-168-450x253.png","width":450,"height":253},"bunyad-full":{"url":"https:\/\/villarrealcf.es\/wp-content\/uploads\/2024\/04\/AthleticClub-VillarrealCF-168-1200x675.png","width":1200,"height":675},"bunyad-viewport":{"url":"https:\/\/villarrealcf.es\/wp-content\/uploads\/2024\/04\/AthleticClub-VillarrealCF-168-2048x1152.png","width":2048,"height":1152},"bunyad-768":{"url":"https:\/\/villarrealcf.es\/wp-content\/uploads\/2024\/04\/AthleticClub-VillarrealCF-168-768x432.png","width":768,"height":432},"full":{"url":"https:\/\/villarrealcf.es\/wp-content\/uploads\/2024\/04\/AthleticClub-VillarrealCF-168.png","width":2391,"height":1345}}},"author_data":{"id":"33","name":"Nacho Tejada","first_name":"Nacho","last_name":"Tejada","description":"","avatar_url":"https:\/\/secure.gravatar.com\/avatar\/b1580534b2fcd93e031504756165758941290488df5c88966a26f84344931fd1?s=96&d=mm&r=g","acf":null},"taxonomies_data":{"category":[{"id":13493,"name":"Primer equip","slug":"primer-equip","acf":null}],"post_tag":[{"id":11384,"name":"Athletic Club","slug":"athletic-club-val","acf":null},{"id":9207,"name":"Cr\u00f3nica","slug":"cronica-val","acf":null},{"id":13813,"name":"Cr\u00f3nica Primer Equipo","slug":"cronica-primer-equipo-val","acf":null},{"id":717,"name":"Football","slug":"football-d34","acf":null},{"id":9270,"name":"Futbol","slug":"futbol-val","acf":null},{"id":5222,"name":"Jornada 31","slug":"jornada-31","acf":null},{"id":14765,"name":"LaLiga EA Sports","slug":"laliga-ea-sports-val","acf":null},{"id":9278,"name":"primera division","slug":"primera-division-val","acf":null},{"id":10591,"name":"San Mam\u00e9s","slug":"san-mames-val","acf":null},{"id":716,"name":"Soccer","slug":"soccer-d105","acf":null},{"id":9205,"name":"Submarino","slug":"submarino-val","acf":null},{"id":9627,"name":"Submarino Amarillo","slug":"submarino-amarillo-val","acf":null},{"id":9203,"name":"Villarreal CF","slug":"villarreal-cf-val","acf":null}],"translation_priority":[{"id":735,"name":"Optional","slug":"optional-val","acf":null}]},"seo_full":{"native":{"title":"Punt de fe en San Mam\u00e9s (1-1) - Web Oficial del Villarreal CF","description":"Parejo rescata un punt en el minut 94 d'un partit que el Villarreal va mer\u00e9ixer guanyar","canonical":"https:\/\/villarrealcf.es\/val\/punt-de-fe-en-san-mames-1-1\/"}},"_links":{"self":[{"href":"https:\/\/villarrealcf.es\/val\/wp-json\/wp\/v2\/posts\/303923","targetHints":{"allow":["GET"]}}],"collection":[{"href":"https:\/\/villarrealcf.es\/val\/wp-json\/wp\/v2\/posts"}],"about":[{"href":"https:\/\/villarrealcf.es\/val\/wp-json\/wp\/v2\/types\/post"}],"author":[{"embeddable":true,"href":"https:\/\/villarrealcf.es\/val\/wp-json\/wp\/v2\/users\/33"}],"replies":[{"embeddable":true,"href":"https:\/\/villarrealcf.es\/val\/wp-json\/wp\/v2\/comments?post=303923"}],"version-history":[{"count":0,"href":"https:\/\/villarrealcf.es\/val\/wp-json\/wp\/v2\/posts\/303923\/revisions"}],"wp:featuredmedia":[{"embeddable":true,"href":"https:\/\/villarrealcf.es\/val\/wp-json\/wp\/v2\/media\/303920"}],"wp:attachment":[{"href":"https:\/\/villarrealcf.es\/val\/wp-json\/wp\/v2\/media?parent=303923"}],"wp:term":[{"taxonomy":"category","embeddable":true,"href":"https:\/\/villarrealcf.es\/val\/wp-json\/wp\/v2\/categories?post=303923"},{"taxonomy":"post_tag","embeddable":true,"href":"https:\/\/villarrealcf.es\/val\/wp-json\/wp\/v2\/tags?post=303923"}],"curies":[{"name":"wp","href":"https:\/\/api.w.org\/{rel}","templated":true}]}}