{"id":303351,"date":"2024-04-09T12:17:49","date_gmt":"2024-04-09T10:17:49","guid":{"rendered":"https:\/\/villarrealcf.es\/vive-el-villarreal-c-ontinyent-1931-cf-en-directo\/"},"modified":"2024-04-09T15:41:11","modified_gmt":"2024-04-09T13:41:11","slug":"viu-el-villarreal-c-ontinyent-en-directe","status":"publish","type":"post","link":"https:\/\/villarrealcf.es\/val\/viu-el-villarreal-c-ontinyent-en-directe\/","title":{"rendered":"Viu el Villarreal C- Ontinyent, en directe!"},"content":{"protected":false,"blocks":[{"type":"heading","level":2,"text":"Villarreal TV t\u2019oferix el partit del segon filial este diumenge a les 12.00 hores"},{"type":"paragraph","text":"Villarreal TV retransmetr\u00e0 este diumenge a les 12.00 hores el partit entre el Villarreal C i l\u2019Ontinyent 1931 CF, corresponent a la jornada 29 de la Tercera RFEF. El partit es disputar\u00e0 en el Mini Estadi de la Ciutat Esportiva Jos\u00e9 Manuel Llaneza."},{"type":"paragraph","text":"Els aficionats groguets podran gaudir des de casa de les joves promeses de la Cantera Grogueta. La retransmissi\u00f3, que comptar\u00e0 amb els comentaris dels reporters de Villarreal TV, comen\u00e7ar\u00e0 deu minuts abans amb la millor pr\u00e8via del partit. El encontre es podr\u00e0 seguir en directe a trav\u00e9s de la web oficial del club, aix\u00ed com des dels perfils oficials del Villarreal CF en Twitter, Facebook, Instagram, YouTube i Twitch."},{"type":"paragraph","text":"Reprendre la senda de la vict\u00f2ria"},{"type":"paragraph","text":"El Villarreal C encadena una ratxa negativa de tres partits seguits perdent, i actualment ocupen la 13a pla\u00e7a en la classificaci\u00f3 amb 33 punts, per la qual cosa contra l\u2019Ontinyent 1931 CF, els de David Albelda buscaran per a reprendre la senda de la vict\u00f2ria i acostar-se a la zona d\u2019ascens. D\u2019altra banda, l\u2019Ontinyent 1931 CF no ser\u00e0 un rival senzill, ja que ocupa la tercera pla\u00e7a en la classificaci\u00f3 amb 56 punts. A guanyar, equip!"}],"structured":{"summary":{"text":"Villarreal TV t\u2019oferix el partit del segon filial este diumenge a les 12.00 hores Villarreal TV retransmetr\u00e0 este diumenge a les 12.00 hores el partit entre el Villarreal C i l\u2019Ontinyent 1931 CF, corresponent a la jornada 29 de la Tercera RFEF. El partit es disputar\u00e0 en el Mini Estadi de la Ciutat Esportiva Jos\u00e9 Manuel Llaneza. Els aficionats groguets podran gaudir des de casa de les joves promeses de la Cantera Grogueta. La retransmissi\u00f3, que comptar\u00e0 amb els comentaris dels reporters de Villarreal TV, comen\u00e7ar\u00e0 deu minuts abans amb la millor pr\u00e8via del partit. El encontre es podr\u00e0 seguir en directe a trav\u00e9s de la web oficial del club, aix\u00ed com des dels perfils oficials del Villarreal CF en Twitter, Facebook, Instagram, YouTube i Twitch. Reprendre la senda de la vict\u00f2ria El Villarreal C encadena una ratxa negativa de tres partits seguits perdent, i actualment ocupen la 13a pla\u00e7a en la classificaci\u00f3 amb 33 punts, per la qual cosa contra l\u2019Ontinyent 1931 CF, els de David Albelda buscaran per a reprendre la senda de la vict\u00f2ria i acostar-se a la zona d\u2019ascens. D\u2019altra banda, l\u2019Ontinyent 1931 CF no ser\u00e0 un rival senzill, ja que ocupa la tercera pla\u00e7a en la classificaci\u00f3 amb 56 punts. A guanyar, equip!","headings":[{"type":"heading","level":2,"text":"Villarreal TV t\u2019oferix el partit del segon filial este diumenge a les 12.00 hores"}],"buttons":[],"images":[],"counts":{"blocks":5,"headings":1,"texts":4,"buttons":0,"images":0}},"sections":[{"id":"section-1","title":"Villarreal TV t\u2019oferix el partit del segon filial este diumenge a les 12.00 hores","text":"Villarreal TV t\u2019oferix el partit del segon filial este diumenge a les 12.00 hores Villarreal TV retransmetr\u00e0 este diumenge a les 12.00 hores el partit entre el Villarreal C i l\u2019Ontinyent 1931 CF, corresponent a la jornada 29 de la Tercera RFEF. El partit es disputar\u00e0 en el Mini Estadi de la Ciutat Esportiva Jos\u00e9 Manuel Llaneza. Els aficionats groguets podran gaudir des de casa de les joves promeses de la Cantera Grogueta. La retransmissi\u00f3, que comptar\u00e0 amb els comentaris dels reporters de Villarreal TV, comen\u00e7ar\u00e0 deu minuts abans amb la millor pr\u00e8via del partit. El encontre es podr\u00e0 seguir en directe a trav\u00e9s de la web oficial del club, aix\u00ed com des dels perfils oficials del Villarreal CF en Twitter, Facebook, Instagram, YouTube i Twitch. Reprendre la senda de la vict\u00f2ria El Villarreal C encadena una ratxa negativa de tres partits seguits perdent, i actualment ocupen la 13a pla\u00e7a en la classificaci\u00f3 amb 33 punts, per la qual cosa contra l\u2019Ontinyent 1931 CF, els de David Albelda buscaran per a reprendre la senda de la vict\u00f2ria i acostar-se a la zona d\u2019ascens. D\u2019altra banda, l\u2019Ontinyent 1931 CF no ser\u00e0 un rival senzill, ja que ocupa la tercera pla\u00e7a en la classificaci\u00f3 amb 56 punts. A guanyar, equip!","headings":[{"type":"heading","level":2,"text":"Villarreal TV t\u2019oferix el partit del segon filial este diumenge a les 12.00 hores"}],"texts":[{"type":"paragraph","text":"Villarreal TV retransmetr\u00e0 este diumenge a les 12.00 hores el partit entre el Villarreal C i l\u2019Ontinyent 1931 CF, corresponent a la jornada 29 de la Tercera RFEF. El partit es disputar\u00e0 en el Mini Estadi de la Ciutat Esportiva Jos\u00e9 Manuel Llaneza."},{"type":"paragraph","text":"Els aficionats groguets podran gaudir des de casa de les joves promeses de la Cantera Grogueta. La retransmissi\u00f3, que comptar\u00e0 amb els comentaris dels reporters de Villarreal TV, comen\u00e7ar\u00e0 deu minuts abans amb la millor pr\u00e8via del partit. El encontre es podr\u00e0 seguir en directe a trav\u00e9s de la web oficial del club, aix\u00ed com des dels perfils oficials del Villarreal CF en Twitter, Facebook, Instagram, YouTube i Twitch."},{"type":"paragraph","text":"Reprendre la senda de la vict\u00f2ria"},{"type":"paragraph","text":"El Villarreal C encadena una ratxa negativa de tres partits seguits perdent, i actualment ocupen la 13a pla\u00e7a en la classificaci\u00f3 amb 33 punts, per la qual cosa contra l\u2019Ontinyent 1931 CF, els de David Albelda buscaran per a reprendre la senda de la vict\u00f2ria i acostar-se a la zona d\u2019ascens. D\u2019altra banda, l\u2019Ontinyent 1931 CF no ser\u00e0 un rival senzill, ja que ocupa la tercera pla\u00e7a en la classificaci\u00f3 amb 56 punts. A guanyar, equip!"}],"buttons":[],"images":[],"widgets":[],"blocks":[{"type":"heading","level":2,"text":"Villarreal TV t\u2019oferix el partit del segon filial este diumenge a les 12.00 hores"},{"type":"paragraph","text":"Villarreal TV retransmetr\u00e0 este diumenge a les 12.00 hores el partit entre el Villarreal C i l\u2019Ontinyent 1931 CF, corresponent a la jornada 29 de la Tercera RFEF. El partit es disputar\u00e0 en el Mini Estadi de la Ciutat Esportiva Jos\u00e9 Manuel Llaneza."},{"type":"paragraph","text":"Els aficionats groguets podran gaudir des de casa de les joves promeses de la Cantera Grogueta. La retransmissi\u00f3, que comptar\u00e0 amb els comentaris dels reporters de Villarreal TV, comen\u00e7ar\u00e0 deu minuts abans amb la millor pr\u00e8via del partit. El encontre es podr\u00e0 seguir en directe a trav\u00e9s de la web oficial del club, aix\u00ed com des dels perfils oficials del Villarreal CF en Twitter, Facebook, Instagram, YouTube i Twitch."},{"type":"paragraph","text":"Reprendre la senda de la vict\u00f2ria"},{"type":"paragraph","text":"El Villarreal C encadena una ratxa negativa de tres partits seguits perdent, i actualment ocupen la 13a pla\u00e7a en la classificaci\u00f3 amb 33 punts, per la qual cosa contra l\u2019Ontinyent 1931 CF, els de David Albelda buscaran per a reprendre la senda de la vict\u00f2ria i acostar-se a la zona d\u2019ascens. D\u2019altra banda, l\u2019Ontinyent 1931 CF no ser\u00e0 un rival senzill, ja que ocupa la tercera pla\u00e7a en la classificaci\u00f3 amb 56 punts. A guanyar, equip!"}]}],"hero":{"id":"section-1","title":"Villarreal TV t\u2019oferix el partit del segon filial este diumenge a les 12.00 hores","text":"Villarreal TV t\u2019oferix el partit del segon filial este diumenge a les 12.00 hores Villarreal TV retransmetr\u00e0 este diumenge a les 12.00 hores el partit entre el Villarreal C i l\u2019Ontinyent 1931 CF, corresponent a la jornada 29 de la Tercera RFEF. El partit es disputar\u00e0 en el Mini Estadi de la Ciutat Esportiva Jos\u00e9 Manuel Llaneza. Els aficionats groguets podran gaudir des de casa de les joves promeses de la Cantera Grogueta. La retransmissi\u00f3, que comptar\u00e0 amb els comentaris dels reporters de Villarreal TV, comen\u00e7ar\u00e0 deu minuts abans amb la millor pr\u00e8via del partit. El encontre es podr\u00e0 seguir en directe a trav\u00e9s de la web oficial del club, aix\u00ed com des dels perfils oficials del Villarreal CF en Twitter, Facebook, Instagram, YouTube i Twitch. Reprendre la senda de la vict\u00f2ria El Villarreal C encadena una ratxa negativa de tres partits seguits perdent, i actualment ocupen la 13a pla\u00e7a en la classificaci\u00f3 amb 33 punts, per la qual cosa contra l\u2019Ontinyent 1931 CF, els de David Albelda buscaran per a reprendre la senda de la vict\u00f2ria i acostar-se a la zona d\u2019ascens. D\u2019altra banda, l\u2019Ontinyent 1931 CF no ser\u00e0 un rival senzill, ja que ocupa la tercera pla\u00e7a en la classificaci\u00f3 amb 56 punts. A guanyar, equip!","headings":[{"type":"heading","level":2,"text":"Villarreal TV t\u2019oferix el partit del segon filial este diumenge a les 12.00 hores"}],"texts":[{"type":"paragraph","text":"Villarreal TV retransmetr\u00e0 este diumenge a les 12.00 hores el partit entre el Villarreal C i l\u2019Ontinyent 1931 CF, corresponent a la jornada 29 de la Tercera RFEF. El partit es disputar\u00e0 en el Mini Estadi de la Ciutat Esportiva Jos\u00e9 Manuel Llaneza."},{"type":"paragraph","text":"Els aficionats groguets podran gaudir des de casa de les joves promeses de la Cantera Grogueta. La retransmissi\u00f3, que comptar\u00e0 amb els comentaris dels reporters de Villarreal TV, comen\u00e7ar\u00e0 deu minuts abans amb la millor pr\u00e8via del partit. El encontre es podr\u00e0 seguir en directe a trav\u00e9s de la web oficial del club, aix\u00ed com des dels perfils oficials del Villarreal CF en Twitter, Facebook, Instagram, YouTube i Twitch."},{"type":"paragraph","text":"Reprendre la senda de la vict\u00f2ria"},{"type":"paragraph","text":"El Villarreal C encadena una ratxa negativa de tres partits seguits perdent, i actualment ocupen la 13a pla\u00e7a en la classificaci\u00f3 amb 33 punts, per la qual cosa contra l\u2019Ontinyent 1931 CF, els de David Albelda buscaran per a reprendre la senda de la vict\u00f2ria i acostar-se a la zona d\u2019ascens. D\u2019altra banda, l\u2019Ontinyent 1931 CF no ser\u00e0 un rival senzill, ja que ocupa la tercera pla\u00e7a en la classificaci\u00f3 amb 56 punts. A guanyar, equip!"}],"buttons":[],"images":[],"widgets":[],"blocks":[{"type":"heading","level":2,"text":"Villarreal TV t\u2019oferix el partit del segon filial este diumenge a les 12.00 hores"},{"type":"paragraph","text":"Villarreal TV retransmetr\u00e0 este diumenge a les 12.00 hores el partit entre el Villarreal C i l\u2019Ontinyent 1931 CF, corresponent a la jornada 29 de la Tercera RFEF. El partit es disputar\u00e0 en el Mini Estadi de la Ciutat Esportiva Jos\u00e9 Manuel Llaneza."},{"type":"paragraph","text":"Els aficionats groguets podran gaudir des de casa de les joves promeses de la Cantera Grogueta. La retransmissi\u00f3, que comptar\u00e0 amb els comentaris dels reporters de Villarreal TV, comen\u00e7ar\u00e0 deu minuts abans amb la millor pr\u00e8via del partit. El encontre es podr\u00e0 seguir en directe a trav\u00e9s de la web oficial del club, aix\u00ed com des dels perfils oficials del Villarreal CF en Twitter, Facebook, Instagram, YouTube i Twitch."},{"type":"paragraph","text":"Reprendre la senda de la vict\u00f2ria"},{"type":"paragraph","text":"El Villarreal C encadena una ratxa negativa de tres partits seguits perdent, i actualment ocupen la 13a pla\u00e7a en la classificaci\u00f3 amb 33 punts, per la qual cosa contra l\u2019Ontinyent 1931 CF, els de David Albelda buscaran per a reprendre la senda de la vict\u00f2ria i acostar-se a la zona d\u2019ascens. D\u2019altra banda, l\u2019Ontinyent 1931 CF no ser\u00e0 un rival senzill, ja que ocupa la tercera pla\u00e7a en la classificaci\u00f3 amb 56 punts. A guanyar, equip!"}]}},"sections":[{"id":"section-1","title":"Villarreal TV t\u2019oferix el partit del segon filial este diumenge a les 12.00 hores","text":"Villarreal TV t\u2019oferix el partit del segon filial este diumenge a les 12.00 hores Villarreal TV retransmetr\u00e0 este diumenge a les 12.00 hores el partit entre el Villarreal C i l\u2019Ontinyent 1931 CF, corresponent a la jornada 29 de la Tercera RFEF. El partit es disputar\u00e0 en el Mini Estadi de la Ciutat Esportiva Jos\u00e9 Manuel Llaneza. Els aficionats groguets podran gaudir des de casa de les joves promeses de la Cantera Grogueta. La retransmissi\u00f3, que comptar\u00e0 amb els comentaris dels reporters de Villarreal TV, comen\u00e7ar\u00e0 deu minuts abans amb la millor pr\u00e8via del partit. El encontre es podr\u00e0 seguir en directe a trav\u00e9s de la web oficial del club, aix\u00ed com des dels perfils oficials del Villarreal CF en Twitter, Facebook, Instagram, YouTube i Twitch. Reprendre la senda de la vict\u00f2ria El Villarreal C encadena una ratxa negativa de tres partits seguits perdent, i actualment ocupen la 13a pla\u00e7a en la classificaci\u00f3 amb 33 punts, per la qual cosa contra l\u2019Ontinyent 1931 CF, els de David Albelda buscaran per a reprendre la senda de la vict\u00f2ria i acostar-se a la zona d\u2019ascens. D\u2019altra banda, l\u2019Ontinyent 1931 CF no ser\u00e0 un rival senzill, ja que ocupa la tercera pla\u00e7a en la classificaci\u00f3 amb 56 punts. A guanyar, equip!","url":"","background_image":"","images":[],"videos":[],"links":[]}]},"excerpt":{"rendered":"Villarreal TV t&#8217;oferix el partit del segon filial este diumenge a les 12.00 hores","protected":false},"author":25,"featured_media":303346,"comment_status":"closed","ping_status":"closed","sticky":false,"template":"","format":"standard","meta":{"_acf_changed":false,"footnotes":""},"categories":[13803],"tags":[9366,10325,717,9270,9227,9428,716,9205,9627,14003,9203,9233,9424],"acf":null,"lang":"val","translations":{"es":303323,"val":303351,"en":303934},"essential_grid":{"has_grid":false},"formatted_date":"April 9, 2024","modified_date":"April 9, 2024","permalink":"https:\/\/villarrealcf.es\/val\/viu-el-villarreal-c-ontinyent-en-directe\/","reading_time":2,"featured_media_data":{"id":303346,"title":"Villarreal CF C-UD Castellonense-006","caption":"","alt_text":"","description":"","mime_type":"image\/jpeg","source_url":"https:\/\/villarrealcf.es\/wp-content\/uploads\/2024\/04\/Villarreal-CF-C-UD-Castellonense-006.jpg","sizes":{"thumbnail":{"url":"https:\/\/villarrealcf.es\/wp-content\/uploads\/2024\/04\/Villarreal-CF-C-UD-Castellonense-006.jpg","width":1620,"height":1080},"medium":{"url":"https:\/\/villarrealcf.es\/wp-content\/uploads\/2024\/04\/Villarreal-CF-C-UD-Castellonense-006.jpg","width":1620,"height":1080},"medium_large":{"url":"https:\/\/villarrealcf.es\/wp-content\/uploads\/2024\/04\/Villarreal-CF-C-UD-Castellonense-006-768x512.jpg","width":768,"height":512},"large":{"url":"https:\/\/villarrealcf.es\/wp-content\/uploads\/2024\/04\/Villarreal-CF-C-UD-Castellonense-006.jpg","width":788,"height":525},"1536x1536":{"url":"https:\/\/villarrealcf.es\/wp-content\/uploads\/2024\/04\/Villarreal-CF-C-UD-Castellonense-006-1536x1024.jpg","width":1536,"height":1024},"2048x2048":{"url":"https:\/\/villarrealcf.es\/wp-content\/uploads\/2024\/04\/Villarreal-CF-C-UD-Castellonense-006.jpg","width":1620,"height":1080},"tp-image-grid":{"url":"https:\/\/villarrealcf.es\/wp-content\/uploads\/2024\/04\/Villarreal-CF-C-UD-Castellonense-006-700x700.jpg","width":700,"height":700},"size-bunyad-medium":{"url":"https:\/\/villarrealcf.es\/wp-content\/uploads\/2024\/04\/Villarreal-CF-C-UD-Castellonense-006.jpg","width":1620,"height":1080},"sportspress-crop-medium":{"url":"https:\/\/villarrealcf.es\/wp-content\/uploads\/2024\/04\/Villarreal-CF-C-UD-Castellonense-006-300x300.jpg","width":300,"height":300},"sportspress-fit-medium":{"url":"https:\/\/villarrealcf.es\/wp-content\/uploads\/2024\/04\/Villarreal-CF-C-UD-Castellonense-006-300x200.jpg","width":300,"height":200},"sportspress-fit-icon":{"url":"https:\/\/villarrealcf.es\/wp-content\/uploads\/2024\/04\/Villarreal-CF-C-UD-Castellonense-006-128x85.jpg","width":128,"height":85},"sportspress-fit-mini":{"url":"https:\/\/villarrealcf.es\/wp-content\/uploads\/2024\/04\/Villarreal-CF-C-UD-Castellonense-006-32x21.jpg","width":32,"height":21},"bunyad-small":{"url":"https:\/\/villarrealcf.es\/wp-content\/uploads\/2024\/04\/Villarreal-CF-C-UD-Castellonense-006-150x100.jpg","width":150,"height":100},"bunyad-medium":{"url":"https:\/\/villarrealcf.es\/wp-content\/uploads\/2024\/04\/Villarreal-CF-C-UD-Castellonense-006-450x300.jpg","width":450,"height":300},"bunyad-full":{"url":"https:\/\/villarrealcf.es\/wp-content\/uploads\/2024\/04\/Villarreal-CF-C-UD-Castellonense-006-1200x800.jpg","width":1200,"height":800},"bunyad-viewport":{"url":"https:\/\/villarrealcf.es\/wp-content\/uploads\/2024\/04\/Villarreal-CF-C-UD-Castellonense-006.jpg","width":1620,"height":1080},"bunyad-768":{"url":"https:\/\/villarrealcf.es\/wp-content\/uploads\/2024\/04\/Villarreal-CF-C-UD-Castellonense-006-768x512.jpg","width":768,"height":512},"full":{"url":"https:\/\/villarrealcf.es\/wp-content\/uploads\/2024\/04\/Villarreal-CF-C-UD-Castellonense-006.jpg","width":1620,"height":1080}}},"author_data":{"id":"25","name":"Javier Ayuso","first_name":"Javier","last_name":"Ayuso","description":"","avatar_url":"https:\/\/secure.gravatar.com\/avatar\/fcf8894be45988fcce5bbff0efe1790d2a7f4ba57e2c7c898f5068154e696495?s=96&d=mm&r=g","acf":null},"taxonomies_data":{"category":[{"id":13803,"name":"Futbol base","slug":"futbol-base-val-2","acf":null}],"post_tag":[{"id":9366,"name":"Cantera","slug":"cantera-val","acf":null},{"id":10325,"name":"Cantera Grogueta","slug":"cantera-grogueta-val","acf":null},{"id":717,"name":"Football","slug":"football-d34","acf":null},{"id":9270,"name":"Futbol","slug":"futbol-val","acf":null},{"id":9227,"name":"F\u00fatbol Base","slug":"futbol-base-val","acf":null},{"id":9428,"name":"Mini Estadi","slug":"mini-estadi-val","acf":null},{"id":716,"name":"Soccer","slug":"soccer-d105","acf":null},{"id":9205,"name":"Submarino","slug":"submarino-val","acf":null},{"id":9627,"name":"Submarino Amarillo","slug":"submarino-amarillo-val","acf":null},{"id":14003,"name":"Tercera RFEF","slug":"tercera-rfef-2-val","acf":null},{"id":9203,"name":"Villarreal CF","slug":"villarreal-cf-val","acf":null},{"id":9233,"name":"Villarreal CF C","slug":"villarreal-cf-c-val","acf":null},{"id":9424,"name":"Villarreal CF Live","slug":"villarreal-cf-live-val","acf":null}],"translation_priority":[{"id":735,"name":"Optional","slug":"optional-val","acf":null}]},"seo_full":{"native":{"title":"Viu el Villarreal C- Ontinyent, en directe! - Web Oficial del Villarreal CF","description":"Villarreal TV t'oferix el partit del segon filial este diumenge a les 12.00 hores","canonical":"https:\/\/villarrealcf.es\/val\/viu-el-villarreal-c-ontinyent-en-directe\/"}},"_links":{"self":[{"href":"https:\/\/villarrealcf.es\/val\/wp-json\/wp\/v2\/posts\/303351","targetHints":{"allow":["GET"]}}],"collection":[{"href":"https:\/\/villarrealcf.es\/val\/wp-json\/wp\/v2\/posts"}],"about":[{"href":"https:\/\/villarrealcf.es\/val\/wp-json\/wp\/v2\/types\/post"}],"author":[{"embeddable":true,"href":"https:\/\/villarrealcf.es\/val\/wp-json\/wp\/v2\/users\/25"}],"replies":[{"embeddable":true,"href":"https:\/\/villarrealcf.es\/val\/wp-json\/wp\/v2\/comments?post=303351"}],"version-history":[{"count":0,"href":"https:\/\/villarrealcf.es\/val\/wp-json\/wp\/v2\/posts\/303351\/revisions"}],"wp:featuredmedia":[{"embeddable":true,"href":"https:\/\/villarrealcf.es\/val\/wp-json\/wp\/v2\/media\/303346"}],"wp:attachment":[{"href":"https:\/\/villarrealcf.es\/val\/wp-json\/wp\/v2\/media?parent=303351"}],"wp:term":[{"taxonomy":"category","embeddable":true,"href":"https:\/\/villarrealcf.es\/val\/wp-json\/wp\/v2\/categories?post=303351"},{"taxonomy":"post_tag","embeddable":true,"href":"https:\/\/villarrealcf.es\/val\/wp-json\/wp\/v2\/tags?post=303351"}],"curies":[{"name":"wp","href":"https:\/\/api.w.org\/{rel}","templated":true}]}}