{"id":301581,"date":"2024-03-31T12:07:13","date_gmt":"2024-03-31T10:07:13","guid":{"rendered":"https:\/\/villarrealcf.es\/marcelino-rueda-de-prensa-previa-atleti\/"},"modified":"2024-03-31T15:50:15","modified_gmt":"2024-03-31T13:50:15","slug":"marcelino-rueda-de-prensa-previa-atleti","status":"publish","type":"post","link":"https:\/\/villarrealcf.es\/val\/marcelino-rueda-de-prensa-previa-atleti\/","title":{"rendered":"Un repte maj\u00fascul"},"content":{"protected":false,"blocks":[{"type":"heading","level":2,"text":"Marcelino Garc\u00eda Toral marca el cam\u00ed a seguir amb la condici\u00f3 de buscar la vict\u00f2ria davant l\u2019Atl\u00e9tico de Madrid (dilluns, 21.00 hores)"},{"type":"paragraph","text":"L\u2019entrenador del Villarreal CF, Marcelino Garc\u00eda Toral, ha afirmat aquest migdia que el seu equip est\u00e0 preparat per a buscar la vict\u00f2ria aquest dilluns davant l\u2019Atl\u00e9tico de Madrid a l\u2019Estadi de la Cer\u00e0mica (21.00 hores). Aix\u00f2 s\u00ed, el t\u00e8cnic asturi\u00e0 va destacar el potencial rival i espera que la resposta de l\u2019afici\u00f3 siga magn\u00edfica."},{"type":"paragraph","text":"Competir despr\u00e9s de l\u2019aturada"},{"type":"paragraph","text":"\u201cPense que el calendari ja es coneix des del principi, no crec que una aturada siga un indicador de canviar la din\u00e0mica. Serveix per a recuperar efectius, per\u00f2 a nivell de joc, quan est\u00e0s en bona din\u00e0mica \u00e9s per unes bases s\u00f2lides, per un treball, no per l\u2019atzar. Els jugadors estan amb bon \u00e0nim i bona actitud, venim d\u2019una alegria a casa i volem continuar igual\u201d."},{"type":"paragraph","text":"An\u00e0lisi de l\u2019Atl\u00e9tico"},{"type":"paragraph","text":"\u201c\u00c9s un equip molt complicat, amb Simeone 13 anys al capdavant, la qual cosa indica la seua gran capacitat. \u00c9s una refer\u00e8ncia en aquest salt de qualitat i manteniment de nivell. Un equip gran de Champions, que disputa t\u00edtols. T\u00e9 un extraordinari entrenador i \u00e9s un gran club. Ser\u00e0 molt dif\u00edcil, per\u00f2 amb els nostres aficionats, en un el nostre camp on ens hem mostrat m\u00e9s s\u00f2lids, creiem que podem guanyar. \u00c9s la nostra actitud i el comprom\u00eds amb el qual iniciarem aquest partit\u201d."},{"type":"paragraph","text":"Missatge a l\u2019afici\u00f3"},{"type":"paragraph","text":"\u201cVenim de dos grans partits a casa en poc temps. Un ho vam guanyar al Val\u00e8ncia en el derbi i en l\u2019altre, davant el Marsella, vam estar a punt d\u2019una gran hombrada. A veure si ara ens ajuden igual, esperem que estiga ple perqu\u00e8 \u00e9s un gran partit i molt atractiu. A veure si som capa\u00e7os de conjuminar l\u2019esfor\u00e7\u201d."},{"type":"paragraph","text":"Exigent calendari en la lluita per Europa"},{"type":"paragraph","text":"\u201cEl futbol t\u00e9 eixes coses. An\u00e0vem a Barcelona amb la necessitat de traure un resultat per a escapar de baix, que era el que ens pertorbava i generava inquietud a tots. I despr\u00e9s vam jugar amb la Real, Betis, Val\u00e8ncia\u2026 i pensaves tamb\u00e9 a guanyar per a obrir dist\u00e0ncia amb la zona baixa. I el futbol et porta a acumular bons resultats i ara vols guanyar per a estar a dalt. Per aix\u00f2 ens queda pensar nom\u00e9s en dem\u00e0, a centrar la nostra atenci\u00f3 en el m\u00e9s immediat. Els resultats diran al final, per\u00f2 est\u00e0 molt dif\u00edcil. Falten 27 punts i estem a dos i tres partits dels llocs europeus i arriben dos partits molt dif\u00edcils\u201d."},{"type":"paragraph","text":"Potencial atacant del rival"},{"type":"paragraph","text":"\u201cL\u2019Atl\u00e9tico \u00e9s un equip molt poder\u00f3s, amb grans jugadors i amb una idea molt consolidada. Cal jugar a un gran nivell i que els seus millors jugadors no tinguen el dia. Cal ser precisos en les \u00e0rees davant un equip amb facilitat per al gol ara que recuperara Griezmann. Aquesta aturada li haur\u00e0 servit per a recuperar el nivell f\u00edsic i \u00e9s determinant. Per\u00f2 t\u00e9 un elenc ofensiu per a triar que \u00e9s letal. \u00c9s un equip solidari i guanyador que sap jugar aquest tipus de partits on t\u00e9 molt en joc. Nosaltres estem b\u00e9 i hem aconseguit minimitzar les opcions del rival, i ofensivament som dels millors de la lliga. Hem sigut guanyadors dels partits davant els equips que ens precedeixen en la taula\u201d."},{"type":"paragraph","text":"Premi a l\u2019entrenador del mes en LaLiga"},{"type":"paragraph","text":"\u201cEstic satisfet, diguem que \u00e9s una distinci\u00f3 individual per\u00f2 que realment no ho \u00e9s. \u00c9s un treball de tots i dels jugadors que aconsegueixen les vict\u00f2ries. Si no guanyes, al t\u00e8cnic no li cau cap distinci\u00f3. Estic molt content, per\u00f2 faig part\u00edcip al cos t\u00e8cnic, al club i especialment als jugadors que s\u00f3n els que ens donen les alegries\u201d."},{"type":"video","kind":"iframe","url":"https:\/\/www.youtube.com\/embed\/d0-Zr8yxnHU?feature=oembed","poster":""}],"structured":{"summary":{"text":"Marcelino Garc\u00eda Toral marca el cam\u00ed a seguir amb la condici\u00f3 de buscar la vict\u00f2ria davant l\u2019Atl\u00e9tico de Madrid (dilluns, 21.00 hores) L\u2019entrenador del Villarreal CF, Marcelino Garc\u00eda Toral, ha afirmat aquest migdia que el seu equip est\u00e0 preparat per a buscar la vict\u00f2ria aquest dilluns davant l\u2019Atl\u00e9tico de Madrid a l\u2019Estadi de la Cer\u00e0mica (21.00 hores). Aix\u00f2 s\u00ed, el t\u00e8cnic asturi\u00e0 va destacar el potencial rival i espera que la resposta de l\u2019afici\u00f3 siga magn\u00edfica. Competir despr\u00e9s de l\u2019aturada \u201cPense que el calendari ja es coneix des del principi, no crec que una aturada siga un indicador de canviar la din\u00e0mica. Serveix per a recuperar efectius, per\u00f2 a nivell de joc, quan est\u00e0s en bona din\u00e0mica \u00e9s per unes bases s\u00f2lides, per un treball, no per l\u2019atzar. Els jugadors estan amb bon \u00e0nim i bona actitud, venim d\u2019una alegria a casa i volem continuar igual\u201d. An\u00e0lisi de l\u2019Atl\u00e9tico \u201c\u00c9s un equip molt complicat, amb Simeone 13 anys al capdavant, la qual cosa indica la seua gran capacitat. \u00c9s una refer\u00e8ncia en aquest salt de qualitat i manteniment de nivell. Un equip gran de Champions, que disputa t\u00edtols. T\u00e9 un extraordinari entrenador i \u00e9s un gran club. Ser\u00e0 molt dif\u00edcil, per\u00f2 amb els nostres aficionats, en un el nostre camp on ens hem mostrat m\u00e9s s\u00f2lids, creiem que podem guanyar. \u00c9s la nostra actitud i el comprom\u00eds amb el qual iniciarem aquest partit\u201d. Missatge a l\u2019afici\u00f3 \u201cVenim de dos grans partits a casa en poc temps. Un ho vam guanyar al Val\u00e8ncia en el derbi i en l\u2019altre, davant el Marsella, vam estar a punt d\u2019una gran hombrada. A veure si ara ens ajuden igual, esperem que estiga ple perqu\u00e8 \u00e9s un gran partit i molt atractiu. A veure si som capa\u00e7os de conjuminar l\u2019esfor\u00e7\u201d. Exigent calendari en la lluita per Europa \u201cEl futbol t\u00e9 eixes coses. An\u00e0vem a Barcelona amb la necessitat de traure un resultat per a escapar de baix, que era el que ens pertorbava i generava inquietud a tots. I despr\u00e9s vam jugar amb la Real, Betis, Val\u00e8ncia\u2026 i pensaves tamb\u00e9 a guanyar per a obrir dist\u00e0ncia amb la zona baixa. I el futbol et porta a acumular bons resultats i ara vols guanyar per a estar a dalt. Per aix\u00f2 ens queda pensar nom\u00e9s en dem\u00e0, a centrar la nostra atenci\u00f3 en el m\u00e9s immediat. Els resultats diran al final, per\u00f2 est\u00e0 molt dif\u00edcil. Falten 27 punts i estem a dos i tres partits dels llocs europeus i arriben dos partits molt dif\u00edcils\u201d. Potencial atacant del rival \u201cL\u2019Atl\u00e9tico \u00e9s un equip molt poder\u00f3s, amb grans jugadors i amb una idea molt consolidada. Cal jugar a un gran nivell i que els seus millors jugadors no tinguen el dia. Cal ser precisos en les \u00e0rees davant un equip amb facilitat per al gol ara que recuperara Griezmann. Aquesta aturada li haur\u00e0 servit per a recuperar el nivell f\u00edsic i \u00e9s determinant. Per\u00f2 t\u00e9 un elenc ofensiu per a triar que \u00e9s letal. \u00c9s un equip solidari i guanyador que sap jugar aquest tipus de partits on t\u00e9 molt en joc. Nosaltres estem b\u00e9 i hem aconseguit minimitzar les opcions del rival, i ofensivament som dels millors de la lliga. Hem sigut guanyadors dels partits davant els equips que ens precedeixen en la taula\u201d. Premi a l\u2019entrenador del mes en LaLiga \u201cEstic satisfet, diguem que \u00e9s una distinci\u00f3 individual per\u00f2 que realment no ho \u00e9s. \u00c9s un treball de tots i dels jugadors que aconsegueixen les vict\u00f2ries. Si no guanyes, al t\u00e8cnic no li cau cap distinci\u00f3. Estic molt content, per\u00f2 faig part\u00edcip al cos t\u00e8cnic, al club i especialment als jugadors que s\u00f3n els que ens donen les alegries\u201d.","headings":[{"type":"heading","level":2,"text":"Marcelino Garc\u00eda Toral marca el cam\u00ed a seguir amb la condici\u00f3 de buscar la vict\u00f2ria davant l\u2019Atl\u00e9tico de Madrid (dilluns, 21.00 hores)"}],"buttons":[],"images":[],"counts":{"blocks":15,"headings":1,"texts":13,"buttons":0,"images":0}},"sections":[{"id":"section-1","title":"Marcelino Garc\u00eda Toral marca el cam\u00ed a seguir amb la condici\u00f3 de buscar la vict\u00f2ria davant l\u2019Atl\u00e9tico de Madrid (dilluns, 21.00 hores)","text":"Marcelino Garc\u00eda Toral marca el cam\u00ed a seguir amb la condici\u00f3 de buscar la vict\u00f2ria davant l\u2019Atl\u00e9tico de Madrid (dilluns, 21.00 hores) L\u2019entrenador del Villarreal CF, Marcelino Garc\u00eda Toral, ha afirmat aquest migdia que el seu equip est\u00e0 preparat per a buscar la vict\u00f2ria aquest dilluns davant l\u2019Atl\u00e9tico de Madrid a l\u2019Estadi de la Cer\u00e0mica (21.00 hores). Aix\u00f2 s\u00ed, el t\u00e8cnic asturi\u00e0 va destacar el potencial rival i espera que la resposta de l\u2019afici\u00f3 siga magn\u00edfica. Competir despr\u00e9s de l\u2019aturada \u201cPense que el calendari ja es coneix des del principi, no crec que una aturada siga un indicador de canviar la din\u00e0mica. Serveix per a recuperar efectius, per\u00f2 a nivell de joc, quan est\u00e0s en bona din\u00e0mica \u00e9s per unes bases s\u00f2lides, per un treball, no per l\u2019atzar. Els jugadors estan amb bon \u00e0nim i bona actitud, venim d\u2019una alegria a casa i volem continuar igual\u201d. An\u00e0lisi de l\u2019Atl\u00e9tico \u201c\u00c9s un equip molt complicat, amb Simeone 13 anys al capdavant, la qual cosa indica la seua gran capacitat. \u00c9s una refer\u00e8ncia en aquest salt de qualitat i manteniment de nivell. Un equip gran de Champions, que disputa t\u00edtols. T\u00e9 un extraordinari entrenador i \u00e9s un gran club. Ser\u00e0 molt dif\u00edcil, per\u00f2 amb els nostres aficionats, en un el nostre camp on ens hem mostrat m\u00e9s s\u00f2lids, creiem que podem guanyar. \u00c9s la nostra actitud i el comprom\u00eds amb el qual iniciarem aquest partit\u201d. Missatge a l\u2019afici\u00f3 \u201cVenim de dos grans partits a casa en poc temps. Un ho vam guanyar al Val\u00e8ncia en el derbi i en l\u2019altre, davant el Marsella, vam estar a punt d\u2019una gran hombrada. A veure si ara ens ajuden igual, esperem que estiga ple perqu\u00e8 \u00e9s un gran partit i molt atractiu. A veure si som capa\u00e7os de conjuminar l\u2019esfor\u00e7\u201d. Exigent calendari en la lluita per Europa \u201cEl futbol t\u00e9 eixes coses. An\u00e0vem a Barcelona amb la necessitat de traure un resultat per a escapar de baix, que era el que ens pertorbava i generava inquietud a tots. I despr\u00e9s vam jugar amb la Real, Betis, Val\u00e8ncia\u2026 i pensaves tamb\u00e9 a guanyar per a obrir dist\u00e0ncia amb la zona baixa. I el futbol et porta a acumular bons resultats i ara vols guanyar per a estar a dalt. Per aix\u00f2 ens queda pensar nom\u00e9s en dem\u00e0, a centrar la nostra atenci\u00f3 en el m\u00e9s immediat. Els resultats diran al final, per\u00f2 est\u00e0 molt dif\u00edcil. Falten 27 punts i estem a dos i tres partits dels llocs europeus i arriben dos partits molt dif\u00edcils\u201d. Potencial atacant del rival \u201cL\u2019Atl\u00e9tico \u00e9s un equip molt poder\u00f3s, amb grans jugadors i amb una idea molt consolidada. Cal jugar a un gran nivell i que els seus millors jugadors no tinguen el dia. Cal ser precisos en les \u00e0rees davant un equip amb facilitat per al gol ara que recuperara Griezmann. Aquesta aturada li haur\u00e0 servit per a recuperar el nivell f\u00edsic i \u00e9s determinant. Per\u00f2 t\u00e9 un elenc ofensiu per a triar que \u00e9s letal. \u00c9s un equip solidari i guanyador que sap jugar aquest tipus de partits on t\u00e9 molt en joc. Nosaltres estem b\u00e9 i hem aconseguit minimitzar les opcions del rival, i ofensivament som dels millors de la lliga. Hem sigut guanyadors dels partits davant els equips que ens precedeixen en la taula\u201d. Premi a l\u2019entrenador del mes en LaLiga \u201cEstic satisfet, diguem que \u00e9s una distinci\u00f3 individual per\u00f2 que realment no ho \u00e9s. \u00c9s un treball de tots i dels jugadors que aconsegueixen les vict\u00f2ries. Si no guanyes, al t\u00e8cnic no li cau cap distinci\u00f3. Estic molt content, per\u00f2 faig part\u00edcip al cos t\u00e8cnic, al club i especialment als jugadors que s\u00f3n els que ens donen les alegries\u201d.","headings":[{"type":"heading","level":2,"text":"Marcelino Garc\u00eda Toral marca el cam\u00ed a seguir amb la condici\u00f3 de buscar la vict\u00f2ria davant l\u2019Atl\u00e9tico de Madrid (dilluns, 21.00 hores)"}],"texts":[{"type":"paragraph","text":"L\u2019entrenador del Villarreal CF, Marcelino Garc\u00eda Toral, ha afirmat aquest migdia que el seu equip est\u00e0 preparat per a buscar la vict\u00f2ria aquest dilluns davant l\u2019Atl\u00e9tico de Madrid a l\u2019Estadi de la Cer\u00e0mica (21.00 hores). Aix\u00f2 s\u00ed, el t\u00e8cnic asturi\u00e0 va destacar el potencial rival i espera que la resposta de l\u2019afici\u00f3 siga magn\u00edfica."},{"type":"paragraph","text":"Competir despr\u00e9s de l\u2019aturada"},{"type":"paragraph","text":"\u201cPense que el calendari ja es coneix des del principi, no crec que una aturada siga un indicador de canviar la din\u00e0mica. Serveix per a recuperar efectius, per\u00f2 a nivell de joc, quan est\u00e0s en bona din\u00e0mica \u00e9s per unes bases s\u00f2lides, per un treball, no per l\u2019atzar. Els jugadors estan amb bon \u00e0nim i bona actitud, venim d\u2019una alegria a casa i volem continuar igual\u201d."},{"type":"paragraph","text":"An\u00e0lisi de l\u2019Atl\u00e9tico"},{"type":"paragraph","text":"\u201c\u00c9s un equip molt complicat, amb Simeone 13 anys al capdavant, la qual cosa indica la seua gran capacitat. \u00c9s una refer\u00e8ncia en aquest salt de qualitat i manteniment de nivell. Un equip gran de Champions, que disputa t\u00edtols. T\u00e9 un extraordinari entrenador i \u00e9s un gran club. Ser\u00e0 molt dif\u00edcil, per\u00f2 amb els nostres aficionats, en un el nostre camp on ens hem mostrat m\u00e9s s\u00f2lids, creiem que podem guanyar. \u00c9s la nostra actitud i el comprom\u00eds amb el qual iniciarem aquest partit\u201d."},{"type":"paragraph","text":"Missatge a l\u2019afici\u00f3"},{"type":"paragraph","text":"\u201cVenim de dos grans partits a casa en poc temps. Un ho vam guanyar al Val\u00e8ncia en el derbi i en l\u2019altre, davant el Marsella, vam estar a punt d\u2019una gran hombrada. A veure si ara ens ajuden igual, esperem que estiga ple perqu\u00e8 \u00e9s un gran partit i molt atractiu. A veure si som capa\u00e7os de conjuminar l\u2019esfor\u00e7\u201d."},{"type":"paragraph","text":"Exigent calendari en la lluita per Europa"},{"type":"paragraph","text":"\u201cEl futbol t\u00e9 eixes coses. An\u00e0vem a Barcelona amb la necessitat de traure un resultat per a escapar de baix, que era el que ens pertorbava i generava inquietud a tots. I despr\u00e9s vam jugar amb la Real, Betis, Val\u00e8ncia\u2026 i pensaves tamb\u00e9 a guanyar per a obrir dist\u00e0ncia amb la zona baixa. I el futbol et porta a acumular bons resultats i ara vols guanyar per a estar a dalt. Per aix\u00f2 ens queda pensar nom\u00e9s en dem\u00e0, a centrar la nostra atenci\u00f3 en el m\u00e9s immediat. Els resultats diran al final, per\u00f2 est\u00e0 molt dif\u00edcil. Falten 27 punts i estem a dos i tres partits dels llocs europeus i arriben dos partits molt dif\u00edcils\u201d."},{"type":"paragraph","text":"Potencial atacant del rival"},{"type":"paragraph","text":"\u201cL\u2019Atl\u00e9tico \u00e9s un equip molt poder\u00f3s, amb grans jugadors i amb una idea molt consolidada. Cal jugar a un gran nivell i que els seus millors jugadors no tinguen el dia. Cal ser precisos en les \u00e0rees davant un equip amb facilitat per al gol ara que recuperara Griezmann. Aquesta aturada li haur\u00e0 servit per a recuperar el nivell f\u00edsic i \u00e9s determinant. Per\u00f2 t\u00e9 un elenc ofensiu per a triar que \u00e9s letal. \u00c9s un equip solidari i guanyador que sap jugar aquest tipus de partits on t\u00e9 molt en joc. Nosaltres estem b\u00e9 i hem aconseguit minimitzar les opcions del rival, i ofensivament som dels millors de la lliga. Hem sigut guanyadors dels partits davant els equips que ens precedeixen en la taula\u201d."},{"type":"paragraph","text":"Premi a l\u2019entrenador del mes en LaLiga"},{"type":"paragraph","text":"\u201cEstic satisfet, diguem que \u00e9s una distinci\u00f3 individual per\u00f2 que realment no ho \u00e9s. \u00c9s un treball de tots i dels jugadors que aconsegueixen les vict\u00f2ries. Si no guanyes, al t\u00e8cnic no li cau cap distinci\u00f3. Estic molt content, per\u00f2 faig part\u00edcip al cos t\u00e8cnic, al club i especialment als jugadors que s\u00f3n els que ens donen les alegries\u201d."}],"buttons":[],"images":[],"widgets":[],"blocks":[{"type":"heading","level":2,"text":"Marcelino Garc\u00eda Toral marca el cam\u00ed a seguir amb la condici\u00f3 de buscar la vict\u00f2ria davant l\u2019Atl\u00e9tico de Madrid (dilluns, 21.00 hores)"},{"type":"paragraph","text":"L\u2019entrenador del Villarreal CF, Marcelino Garc\u00eda Toral, ha afirmat aquest migdia que el seu equip est\u00e0 preparat per a buscar la vict\u00f2ria aquest dilluns davant l\u2019Atl\u00e9tico de Madrid a l\u2019Estadi de la Cer\u00e0mica (21.00 hores). Aix\u00f2 s\u00ed, el t\u00e8cnic asturi\u00e0 va destacar el potencial rival i espera que la resposta de l\u2019afici\u00f3 siga magn\u00edfica."},{"type":"paragraph","text":"Competir despr\u00e9s de l\u2019aturada"},{"type":"paragraph","text":"\u201cPense que el calendari ja es coneix des del principi, no crec que una aturada siga un indicador de canviar la din\u00e0mica. Serveix per a recuperar efectius, per\u00f2 a nivell de joc, quan est\u00e0s en bona din\u00e0mica \u00e9s per unes bases s\u00f2lides, per un treball, no per l\u2019atzar. Els jugadors estan amb bon \u00e0nim i bona actitud, venim d\u2019una alegria a casa i volem continuar igual\u201d."},{"type":"paragraph","text":"An\u00e0lisi de l\u2019Atl\u00e9tico"},{"type":"paragraph","text":"\u201c\u00c9s un equip molt complicat, amb Simeone 13 anys al capdavant, la qual cosa indica la seua gran capacitat. \u00c9s una refer\u00e8ncia en aquest salt de qualitat i manteniment de nivell. Un equip gran de Champions, que disputa t\u00edtols. T\u00e9 un extraordinari entrenador i \u00e9s un gran club. Ser\u00e0 molt dif\u00edcil, per\u00f2 amb els nostres aficionats, en un el nostre camp on ens hem mostrat m\u00e9s s\u00f2lids, creiem que podem guanyar. \u00c9s la nostra actitud i el comprom\u00eds amb el qual iniciarem aquest partit\u201d."},{"type":"paragraph","text":"Missatge a l\u2019afici\u00f3"},{"type":"paragraph","text":"\u201cVenim de dos grans partits a casa en poc temps. Un ho vam guanyar al Val\u00e8ncia en el derbi i en l\u2019altre, davant el Marsella, vam estar a punt d\u2019una gran hombrada. A veure si ara ens ajuden igual, esperem que estiga ple perqu\u00e8 \u00e9s un gran partit i molt atractiu. A veure si som capa\u00e7os de conjuminar l\u2019esfor\u00e7\u201d."},{"type":"paragraph","text":"Exigent calendari en la lluita per Europa"},{"type":"paragraph","text":"\u201cEl futbol t\u00e9 eixes coses. An\u00e0vem a Barcelona amb la necessitat de traure un resultat per a escapar de baix, que era el que ens pertorbava i generava inquietud a tots. I despr\u00e9s vam jugar amb la Real, Betis, Val\u00e8ncia\u2026 i pensaves tamb\u00e9 a guanyar per a obrir dist\u00e0ncia amb la zona baixa. I el futbol et porta a acumular bons resultats i ara vols guanyar per a estar a dalt. Per aix\u00f2 ens queda pensar nom\u00e9s en dem\u00e0, a centrar la nostra atenci\u00f3 en el m\u00e9s immediat. Els resultats diran al final, per\u00f2 est\u00e0 molt dif\u00edcil. Falten 27 punts i estem a dos i tres partits dels llocs europeus i arriben dos partits molt dif\u00edcils\u201d."},{"type":"paragraph","text":"Potencial atacant del rival"},{"type":"paragraph","text":"\u201cL\u2019Atl\u00e9tico \u00e9s un equip molt poder\u00f3s, amb grans jugadors i amb una idea molt consolidada. Cal jugar a un gran nivell i que els seus millors jugadors no tinguen el dia. Cal ser precisos en les \u00e0rees davant un equip amb facilitat per al gol ara que recuperara Griezmann. Aquesta aturada li haur\u00e0 servit per a recuperar el nivell f\u00edsic i \u00e9s determinant. Per\u00f2 t\u00e9 un elenc ofensiu per a triar que \u00e9s letal. \u00c9s un equip solidari i guanyador que sap jugar aquest tipus de partits on t\u00e9 molt en joc. Nosaltres estem b\u00e9 i hem aconseguit minimitzar les opcions del rival, i ofensivament som dels millors de la lliga. Hem sigut guanyadors dels partits davant els equips que ens precedeixen en la taula\u201d."},{"type":"paragraph","text":"Premi a l\u2019entrenador del mes en LaLiga"},{"type":"paragraph","text":"\u201cEstic satisfet, diguem que \u00e9s una distinci\u00f3 individual per\u00f2 que realment no ho \u00e9s. \u00c9s un treball de tots i dels jugadors que aconsegueixen les vict\u00f2ries. Si no guanyes, al t\u00e8cnic no li cau cap distinci\u00f3. Estic molt content, per\u00f2 faig part\u00edcip al cos t\u00e8cnic, al club i especialment als jugadors que s\u00f3n els que ens donen les alegries\u201d."},{"type":"video","kind":"iframe","url":"https:\/\/www.youtube.com\/embed\/d0-Zr8yxnHU?feature=oembed","poster":""}]}],"hero":{"id":"section-1","title":"Marcelino Garc\u00eda Toral marca el cam\u00ed a seguir amb la condici\u00f3 de buscar la vict\u00f2ria davant l\u2019Atl\u00e9tico de Madrid (dilluns, 21.00 hores)","text":"Marcelino Garc\u00eda Toral marca el cam\u00ed a seguir amb la condici\u00f3 de buscar la vict\u00f2ria davant l\u2019Atl\u00e9tico de Madrid (dilluns, 21.00 hores) L\u2019entrenador del Villarreal CF, Marcelino Garc\u00eda Toral, ha afirmat aquest migdia que el seu equip est\u00e0 preparat per a buscar la vict\u00f2ria aquest dilluns davant l\u2019Atl\u00e9tico de Madrid a l\u2019Estadi de la Cer\u00e0mica (21.00 hores). Aix\u00f2 s\u00ed, el t\u00e8cnic asturi\u00e0 va destacar el potencial rival i espera que la resposta de l\u2019afici\u00f3 siga magn\u00edfica. Competir despr\u00e9s de l\u2019aturada \u201cPense que el calendari ja es coneix des del principi, no crec que una aturada siga un indicador de canviar la din\u00e0mica. Serveix per a recuperar efectius, per\u00f2 a nivell de joc, quan est\u00e0s en bona din\u00e0mica \u00e9s per unes bases s\u00f2lides, per un treball, no per l\u2019atzar. Els jugadors estan amb bon \u00e0nim i bona actitud, venim d\u2019una alegria a casa i volem continuar igual\u201d. An\u00e0lisi de l\u2019Atl\u00e9tico \u201c\u00c9s un equip molt complicat, amb Simeone 13 anys al capdavant, la qual cosa indica la seua gran capacitat. \u00c9s una refer\u00e8ncia en aquest salt de qualitat i manteniment de nivell. Un equip gran de Champions, que disputa t\u00edtols. T\u00e9 un extraordinari entrenador i \u00e9s un gran club. Ser\u00e0 molt dif\u00edcil, per\u00f2 amb els nostres aficionats, en un el nostre camp on ens hem mostrat m\u00e9s s\u00f2lids, creiem que podem guanyar. \u00c9s la nostra actitud i el comprom\u00eds amb el qual iniciarem aquest partit\u201d. Missatge a l\u2019afici\u00f3 \u201cVenim de dos grans partits a casa en poc temps. Un ho vam guanyar al Val\u00e8ncia en el derbi i en l\u2019altre, davant el Marsella, vam estar a punt d\u2019una gran hombrada. A veure si ara ens ajuden igual, esperem que estiga ple perqu\u00e8 \u00e9s un gran partit i molt atractiu. A veure si som capa\u00e7os de conjuminar l\u2019esfor\u00e7\u201d. Exigent calendari en la lluita per Europa \u201cEl futbol t\u00e9 eixes coses. An\u00e0vem a Barcelona amb la necessitat de traure un resultat per a escapar de baix, que era el que ens pertorbava i generava inquietud a tots. I despr\u00e9s vam jugar amb la Real, Betis, Val\u00e8ncia\u2026 i pensaves tamb\u00e9 a guanyar per a obrir dist\u00e0ncia amb la zona baixa. I el futbol et porta a acumular bons resultats i ara vols guanyar per a estar a dalt. Per aix\u00f2 ens queda pensar nom\u00e9s en dem\u00e0, a centrar la nostra atenci\u00f3 en el m\u00e9s immediat. Els resultats diran al final, per\u00f2 est\u00e0 molt dif\u00edcil. Falten 27 punts i estem a dos i tres partits dels llocs europeus i arriben dos partits molt dif\u00edcils\u201d. Potencial atacant del rival \u201cL\u2019Atl\u00e9tico \u00e9s un equip molt poder\u00f3s, amb grans jugadors i amb una idea molt consolidada. Cal jugar a un gran nivell i que els seus millors jugadors no tinguen el dia. Cal ser precisos en les \u00e0rees davant un equip amb facilitat per al gol ara que recuperara Griezmann. Aquesta aturada li haur\u00e0 servit per a recuperar el nivell f\u00edsic i \u00e9s determinant. Per\u00f2 t\u00e9 un elenc ofensiu per a triar que \u00e9s letal. \u00c9s un equip solidari i guanyador que sap jugar aquest tipus de partits on t\u00e9 molt en joc. Nosaltres estem b\u00e9 i hem aconseguit minimitzar les opcions del rival, i ofensivament som dels millors de la lliga. Hem sigut guanyadors dels partits davant els equips que ens precedeixen en la taula\u201d. Premi a l\u2019entrenador del mes en LaLiga \u201cEstic satisfet, diguem que \u00e9s una distinci\u00f3 individual per\u00f2 que realment no ho \u00e9s. \u00c9s un treball de tots i dels jugadors que aconsegueixen les vict\u00f2ries. Si no guanyes, al t\u00e8cnic no li cau cap distinci\u00f3. Estic molt content, per\u00f2 faig part\u00edcip al cos t\u00e8cnic, al club i especialment als jugadors que s\u00f3n els que ens donen les alegries\u201d.","headings":[{"type":"heading","level":2,"text":"Marcelino Garc\u00eda Toral marca el cam\u00ed a seguir amb la condici\u00f3 de buscar la vict\u00f2ria davant l\u2019Atl\u00e9tico de Madrid (dilluns, 21.00 hores)"}],"texts":[{"type":"paragraph","text":"L\u2019entrenador del Villarreal CF, Marcelino Garc\u00eda Toral, ha afirmat aquest migdia que el seu equip est\u00e0 preparat per a buscar la vict\u00f2ria aquest dilluns davant l\u2019Atl\u00e9tico de Madrid a l\u2019Estadi de la Cer\u00e0mica (21.00 hores). Aix\u00f2 s\u00ed, el t\u00e8cnic asturi\u00e0 va destacar el potencial rival i espera que la resposta de l\u2019afici\u00f3 siga magn\u00edfica."},{"type":"paragraph","text":"Competir despr\u00e9s de l\u2019aturada"},{"type":"paragraph","text":"\u201cPense que el calendari ja es coneix des del principi, no crec que una aturada siga un indicador de canviar la din\u00e0mica. Serveix per a recuperar efectius, per\u00f2 a nivell de joc, quan est\u00e0s en bona din\u00e0mica \u00e9s per unes bases s\u00f2lides, per un treball, no per l\u2019atzar. Els jugadors estan amb bon \u00e0nim i bona actitud, venim d\u2019una alegria a casa i volem continuar igual\u201d."},{"type":"paragraph","text":"An\u00e0lisi de l\u2019Atl\u00e9tico"},{"type":"paragraph","text":"\u201c\u00c9s un equip molt complicat, amb Simeone 13 anys al capdavant, la qual cosa indica la seua gran capacitat. \u00c9s una refer\u00e8ncia en aquest salt de qualitat i manteniment de nivell. Un equip gran de Champions, que disputa t\u00edtols. T\u00e9 un extraordinari entrenador i \u00e9s un gran club. Ser\u00e0 molt dif\u00edcil, per\u00f2 amb els nostres aficionats, en un el nostre camp on ens hem mostrat m\u00e9s s\u00f2lids, creiem que podem guanyar. \u00c9s la nostra actitud i el comprom\u00eds amb el qual iniciarem aquest partit\u201d."},{"type":"paragraph","text":"Missatge a l\u2019afici\u00f3"},{"type":"paragraph","text":"\u201cVenim de dos grans partits a casa en poc temps. Un ho vam guanyar al Val\u00e8ncia en el derbi i en l\u2019altre, davant el Marsella, vam estar a punt d\u2019una gran hombrada. A veure si ara ens ajuden igual, esperem que estiga ple perqu\u00e8 \u00e9s un gran partit i molt atractiu. A veure si som capa\u00e7os de conjuminar l\u2019esfor\u00e7\u201d."},{"type":"paragraph","text":"Exigent calendari en la lluita per Europa"},{"type":"paragraph","text":"\u201cEl futbol t\u00e9 eixes coses. An\u00e0vem a Barcelona amb la necessitat de traure un resultat per a escapar de baix, que era el que ens pertorbava i generava inquietud a tots. I despr\u00e9s vam jugar amb la Real, Betis, Val\u00e8ncia\u2026 i pensaves tamb\u00e9 a guanyar per a obrir dist\u00e0ncia amb la zona baixa. I el futbol et porta a acumular bons resultats i ara vols guanyar per a estar a dalt. Per aix\u00f2 ens queda pensar nom\u00e9s en dem\u00e0, a centrar la nostra atenci\u00f3 en el m\u00e9s immediat. Els resultats diran al final, per\u00f2 est\u00e0 molt dif\u00edcil. Falten 27 punts i estem a dos i tres partits dels llocs europeus i arriben dos partits molt dif\u00edcils\u201d."},{"type":"paragraph","text":"Potencial atacant del rival"},{"type":"paragraph","text":"\u201cL\u2019Atl\u00e9tico \u00e9s un equip molt poder\u00f3s, amb grans jugadors i amb una idea molt consolidada. Cal jugar a un gran nivell i que els seus millors jugadors no tinguen el dia. Cal ser precisos en les \u00e0rees davant un equip amb facilitat per al gol ara que recuperara Griezmann. Aquesta aturada li haur\u00e0 servit per a recuperar el nivell f\u00edsic i \u00e9s determinant. Per\u00f2 t\u00e9 un elenc ofensiu per a triar que \u00e9s letal. \u00c9s un equip solidari i guanyador que sap jugar aquest tipus de partits on t\u00e9 molt en joc. Nosaltres estem b\u00e9 i hem aconseguit minimitzar les opcions del rival, i ofensivament som dels millors de la lliga. Hem sigut guanyadors dels partits davant els equips que ens precedeixen en la taula\u201d."},{"type":"paragraph","text":"Premi a l\u2019entrenador del mes en LaLiga"},{"type":"paragraph","text":"\u201cEstic satisfet, diguem que \u00e9s una distinci\u00f3 individual per\u00f2 que realment no ho \u00e9s. \u00c9s un treball de tots i dels jugadors que aconsegueixen les vict\u00f2ries. Si no guanyes, al t\u00e8cnic no li cau cap distinci\u00f3. Estic molt content, per\u00f2 faig part\u00edcip al cos t\u00e8cnic, al club i especialment als jugadors que s\u00f3n els que ens donen les alegries\u201d."}],"buttons":[],"images":[],"widgets":[],"blocks":[{"type":"heading","level":2,"text":"Marcelino Garc\u00eda Toral marca el cam\u00ed a seguir amb la condici\u00f3 de buscar la vict\u00f2ria davant l\u2019Atl\u00e9tico de Madrid (dilluns, 21.00 hores)"},{"type":"paragraph","text":"L\u2019entrenador del Villarreal CF, Marcelino Garc\u00eda Toral, ha afirmat aquest migdia que el seu equip est\u00e0 preparat per a buscar la vict\u00f2ria aquest dilluns davant l\u2019Atl\u00e9tico de Madrid a l\u2019Estadi de la Cer\u00e0mica (21.00 hores). Aix\u00f2 s\u00ed, el t\u00e8cnic asturi\u00e0 va destacar el potencial rival i espera que la resposta de l\u2019afici\u00f3 siga magn\u00edfica."},{"type":"paragraph","text":"Competir despr\u00e9s de l\u2019aturada"},{"type":"paragraph","text":"\u201cPense que el calendari ja es coneix des del principi, no crec que una aturada siga un indicador de canviar la din\u00e0mica. Serveix per a recuperar efectius, per\u00f2 a nivell de joc, quan est\u00e0s en bona din\u00e0mica \u00e9s per unes bases s\u00f2lides, per un treball, no per l\u2019atzar. Els jugadors estan amb bon \u00e0nim i bona actitud, venim d\u2019una alegria a casa i volem continuar igual\u201d."},{"type":"paragraph","text":"An\u00e0lisi de l\u2019Atl\u00e9tico"},{"type":"paragraph","text":"\u201c\u00c9s un equip molt complicat, amb Simeone 13 anys al capdavant, la qual cosa indica la seua gran capacitat. \u00c9s una refer\u00e8ncia en aquest salt de qualitat i manteniment de nivell. Un equip gran de Champions, que disputa t\u00edtols. T\u00e9 un extraordinari entrenador i \u00e9s un gran club. Ser\u00e0 molt dif\u00edcil, per\u00f2 amb els nostres aficionats, en un el nostre camp on ens hem mostrat m\u00e9s s\u00f2lids, creiem que podem guanyar. \u00c9s la nostra actitud i el comprom\u00eds amb el qual iniciarem aquest partit\u201d."},{"type":"paragraph","text":"Missatge a l\u2019afici\u00f3"},{"type":"paragraph","text":"\u201cVenim de dos grans partits a casa en poc temps. Un ho vam guanyar al Val\u00e8ncia en el derbi i en l\u2019altre, davant el Marsella, vam estar a punt d\u2019una gran hombrada. A veure si ara ens ajuden igual, esperem que estiga ple perqu\u00e8 \u00e9s un gran partit i molt atractiu. A veure si som capa\u00e7os de conjuminar l\u2019esfor\u00e7\u201d."},{"type":"paragraph","text":"Exigent calendari en la lluita per Europa"},{"type":"paragraph","text":"\u201cEl futbol t\u00e9 eixes coses. An\u00e0vem a Barcelona amb la necessitat de traure un resultat per a escapar de baix, que era el que ens pertorbava i generava inquietud a tots. I despr\u00e9s vam jugar amb la Real, Betis, Val\u00e8ncia\u2026 i pensaves tamb\u00e9 a guanyar per a obrir dist\u00e0ncia amb la zona baixa. I el futbol et porta a acumular bons resultats i ara vols guanyar per a estar a dalt. Per aix\u00f2 ens queda pensar nom\u00e9s en dem\u00e0, a centrar la nostra atenci\u00f3 en el m\u00e9s immediat. Els resultats diran al final, per\u00f2 est\u00e0 molt dif\u00edcil. Falten 27 punts i estem a dos i tres partits dels llocs europeus i arriben dos partits molt dif\u00edcils\u201d."},{"type":"paragraph","text":"Potencial atacant del rival"},{"type":"paragraph","text":"\u201cL\u2019Atl\u00e9tico \u00e9s un equip molt poder\u00f3s, amb grans jugadors i amb una idea molt consolidada. Cal jugar a un gran nivell i que els seus millors jugadors no tinguen el dia. Cal ser precisos en les \u00e0rees davant un equip amb facilitat per al gol ara que recuperara Griezmann. Aquesta aturada li haur\u00e0 servit per a recuperar el nivell f\u00edsic i \u00e9s determinant. Per\u00f2 t\u00e9 un elenc ofensiu per a triar que \u00e9s letal. \u00c9s un equip solidari i guanyador que sap jugar aquest tipus de partits on t\u00e9 molt en joc. Nosaltres estem b\u00e9 i hem aconseguit minimitzar les opcions del rival, i ofensivament som dels millors de la lliga. Hem sigut guanyadors dels partits davant els equips que ens precedeixen en la taula\u201d."},{"type":"paragraph","text":"Premi a l\u2019entrenador del mes en LaLiga"},{"type":"paragraph","text":"\u201cEstic satisfet, diguem que \u00e9s una distinci\u00f3 individual per\u00f2 que realment no ho \u00e9s. \u00c9s un treball de tots i dels jugadors que aconsegueixen les vict\u00f2ries. Si no guanyes, al t\u00e8cnic no li cau cap distinci\u00f3. Estic molt content, per\u00f2 faig part\u00edcip al cos t\u00e8cnic, al club i especialment als jugadors que s\u00f3n els que ens donen les alegries\u201d."},{"type":"video","kind":"iframe","url":"https:\/\/www.youtube.com\/embed\/d0-Zr8yxnHU?feature=oembed","poster":""}]}},"sections":[{"id":"section-1","title":"Marcelino Garc\u00eda Toral marca el cam\u00ed a seguir amb la condici\u00f3 de buscar la vict\u00f2ria davant l\u2019Atl\u00e9tico de Madrid (dilluns, 21.00 hores)","text":"Marcelino Garc\u00eda Toral marca el cam\u00ed a seguir amb la condici\u00f3 de buscar la vict\u00f2ria davant l\u2019Atl\u00e9tico de Madrid (dilluns, 21.00 hores) L\u2019entrenador del Villarreal CF, Marcelino Garc\u00eda Toral, ha afirmat aquest migdia que el seu equip est\u00e0 preparat per a buscar la vict\u00f2ria aquest dilluns davant l\u2019Atl\u00e9tico de Madrid a l\u2019Estadi de la Cer\u00e0mica (21.00 hores). Aix\u00f2 s\u00ed, el t\u00e8cnic asturi\u00e0 va destacar el potencial rival i espera que la resposta de l\u2019afici\u00f3 siga magn\u00edfica. Competir despr\u00e9s de l\u2019aturada \u201cPense que el calendari ja es coneix des del principi, no crec que una aturada siga un indicador de canviar la din\u00e0mica. Serveix per a recuperar efectius, per\u00f2 a nivell de joc, quan est\u00e0s en bona din\u00e0mica \u00e9s per unes bases s\u00f2lides, per un treball, no per l\u2019atzar. Els jugadors estan amb bon \u00e0nim i bona actitud, venim d\u2019una alegria a casa i volem continuar igual\u201d. An\u00e0lisi de l\u2019Atl\u00e9tico \u201c\u00c9s un equip molt complicat, amb Simeone 13 anys al capdavant, la qual cosa indica la seua gran capacitat. \u00c9s una refer\u00e8ncia en aquest salt de qualitat i manteniment de nivell. Un equip gran de Champions, que disputa t\u00edtols. T\u00e9 un extraordinari entrenador i \u00e9s un gran club. Ser\u00e0 molt dif\u00edcil, per\u00f2 amb els nostres aficionats, en un el nostre camp on ens hem mostrat m\u00e9s s\u00f2lids, creiem que podem guanyar. \u00c9s la nostra actitud i el comprom\u00eds amb el qual iniciarem aquest partit\u201d. Missatge a l\u2019afici\u00f3 \u201cVenim de dos grans partits a casa en poc temps. Un ho vam guanyar al Val\u00e8ncia en el derbi i en l\u2019altre, davant el Marsella, vam estar a punt d\u2019una gran hombrada. A veure si ara ens ajuden igual, esperem que estiga ple perqu\u00e8 \u00e9s un gran partit i molt atractiu. A veure si som capa\u00e7os de conjuminar l\u2019esfor\u00e7\u201d. Exigent calendari en la lluita per Europa \u201cEl futbol t\u00e9 eixes coses. An\u00e0vem a Barcelona amb la necessitat de traure un resultat per a escapar de baix, que era el que ens pertorbava i generava inquietud a tots. I despr\u00e9s vam jugar amb la Real, Betis, Val\u00e8ncia\u2026 i pensaves tamb\u00e9 a guanyar per a obrir dist\u00e0ncia amb la zona baixa. I el futbol et porta a acumular bons resultats i ara vols guanyar per a estar a dalt. Per aix\u00f2 ens queda pensar nom\u00e9s en dem\u00e0, a centrar la nostra atenci\u00f3 en el m\u00e9s immediat. Els resultats diran al final, per\u00f2 est\u00e0 molt dif\u00edcil. Falten 27 punts i estem a dos i tres partits dels llocs europeus i arriben dos partits molt dif\u00edcils\u201d. Potencial atacant del rival \u201cL\u2019Atl\u00e9tico \u00e9s un equip molt poder\u00f3s, amb grans jugadors i amb una idea molt consolidada. Cal jugar a un gran nivell i que els seus millors jugadors no tinguen el dia. Cal ser precisos en les \u00e0rees davant un equip amb facilitat per al gol ara que recuperara Griezmann. Aquesta aturada li haur\u00e0 servit per a recuperar el nivell f\u00edsic i \u00e9s determinant. Per\u00f2 t\u00e9 un elenc ofensiu per a triar que \u00e9s letal. \u00c9s un equip solidari i guanyador que sap jugar aquest tipus de partits on t\u00e9 molt en joc. Nosaltres estem b\u00e9 i hem aconseguit minimitzar les opcions del rival, i ofensivament som dels millors de la lliga. Hem sigut guanyadors dels partits davant els equips que ens precedeixen en la taula\u201d. Premi a l\u2019entrenador del mes en LaLiga \u201cEstic satisfet, diguem que \u00e9s una distinci\u00f3 individual per\u00f2 que realment no ho \u00e9s. \u00c9s un treball de tots i dels jugadors que aconsegueixen les vict\u00f2ries. Si no guanyes, al t\u00e8cnic no li cau cap distinci\u00f3. Estic molt content, per\u00f2 faig part\u00edcip al cos t\u00e8cnic, al club i especialment als jugadors que s\u00f3n els que ens donen les alegries\u201d.","url":"","background_image":"","images":[],"videos":[{"type":"video","kind":"iframe","url":"https:\/\/www.youtube.com\/embed\/d0-Zr8yxnHU?feature=oembed","poster":""}],"links":[]}]},"excerpt":{"rendered":"Marcelino Garc\u00eda Toral marca el cam\u00ed a seguir amb la condici\u00f3 de buscar la vict\u00f2ria davant l&#8217;Atl\u00e9tico de Madrid (dilluns, 21.00 hores)","protected":false},"author":23,"featured_media":301578,"comment_status":"closed","ping_status":"closed","sticky":false,"template":"","format":"standard","meta":{"_acf_changed":false,"footnotes":""},"categories":[13493],"tags":[9529,14361,717,9270,9721,9219,9283,9278,9680,716,9205,9627,9203],"acf":null,"lang":"val","translations":{"es":301561,"val":301581,"en":301588},"essential_grid":{"has_grid":false},"formatted_date":"March 31, 2024","modified_date":"March 31, 2024","permalink":"https:\/\/villarrealcf.es\/val\/marcelino-rueda-de-prensa-previa-atleti\/","reading_time":4,"featured_media_data":{"id":301578,"title":"2024-03-16 RP Marcelino 002 (1)","caption":"","alt_text":"","description":"","mime_type":"image\/jpeg","source_url":"https:\/\/villarrealcf.es\/wp-content\/uploads\/2024\/03\/2024-03-16-RP-Marcelino-002-1-scaled.jpg","sizes":{"thumbnail":{"url":"https:\/\/villarrealcf.es\/wp-content\/uploads\/2024\/03\/2024-03-16-RP-Marcelino-002-1-1920x1080.jpg","width":1920,"height":1080},"medium":{"url":"https:\/\/villarrealcf.es\/wp-content\/uploads\/2024\/03\/2024-03-16-RP-Marcelino-002-1-1920x1080.jpg","width":1920,"height":1080},"medium_large":{"url":"https:\/\/villarrealcf.es\/wp-content\/uploads\/2024\/03\/2024-03-16-RP-Marcelino-002-1-768x432.jpg","width":768,"height":432},"large":{"url":"https:\/\/villarrealcf.es\/wp-content\/uploads\/2024\/03\/2024-03-16-RP-Marcelino-002-1-1920x1080.jpg","width":788,"height":443},"1536x1536":{"url":"https:\/\/villarrealcf.es\/wp-content\/uploads\/2024\/03\/2024-03-16-RP-Marcelino-002-1-1536x864.jpg","width":1536,"height":864},"2048x2048":{"url":"https:\/\/villarrealcf.es\/wp-content\/uploads\/2024\/03\/2024-03-16-RP-Marcelino-002-1-2048x1152.jpg","width":2048,"height":1152},"tp-image-grid":{"url":"https:\/\/villarrealcf.es\/wp-content\/uploads\/2024\/03\/2024-03-16-RP-Marcelino-002-1-700x700.jpg","width":700,"height":700},"size-bunyad-medium":{"url":"https:\/\/villarrealcf.es\/wp-content\/uploads\/2024\/03\/2024-03-16-RP-Marcelino-002-1-1920x1080.jpg","width":1920,"height":1080},"sportspress-crop-medium":{"url":"https:\/\/villarrealcf.es\/wp-content\/uploads\/2024\/03\/2024-03-16-RP-Marcelino-002-1-300x300.jpg","width":300,"height":300},"sportspress-fit-medium":{"url":"https:\/\/villarrealcf.es\/wp-content\/uploads\/2024\/03\/2024-03-16-RP-Marcelino-002-1-300x169.jpg","width":300,"height":169},"sportspress-fit-icon":{"url":"https:\/\/villarrealcf.es\/wp-content\/uploads\/2024\/03\/2024-03-16-RP-Marcelino-002-1-128x72.jpg","width":128,"height":72},"sportspress-fit-mini":{"url":"https:\/\/villarrealcf.es\/wp-content\/uploads\/2024\/03\/2024-03-16-RP-Marcelino-002-1-32x18.jpg","width":32,"height":18},"bunyad-small":{"url":"https:\/\/villarrealcf.es\/wp-content\/uploads\/2024\/03\/2024-03-16-RP-Marcelino-002-1-150x84.jpg","width":150,"height":84},"bunyad-medium":{"url":"https:\/\/villarrealcf.es\/wp-content\/uploads\/2024\/03\/2024-03-16-RP-Marcelino-002-1-450x253.jpg","width":450,"height":253},"bunyad-full":{"url":"https:\/\/villarrealcf.es\/wp-content\/uploads\/2024\/03\/2024-03-16-RP-Marcelino-002-1-1200x675.jpg","width":1200,"height":675},"bunyad-viewport":{"url":"https:\/\/villarrealcf.es\/wp-content\/uploads\/2024\/03\/2024-03-16-RP-Marcelino-002-1-2048x1152.jpg","width":2048,"height":1152},"bunyad-768":{"url":"https:\/\/villarrealcf.es\/wp-content\/uploads\/2024\/03\/2024-03-16-RP-Marcelino-002-1-768x432.jpg","width":768,"height":432},"full":{"url":"https:\/\/villarrealcf.es\/wp-content\/uploads\/2024\/03\/2024-03-16-RP-Marcelino-002-1-scaled.jpg","width":2560,"height":1440}}},"author_data":{"id":"23","name":"Fran Segovia","first_name":"Fran","last_name":"Segovia","description":"","avatar_url":"https:\/\/secure.gravatar.com\/avatar\/9ec849b3b9cb451091f0a96d7943b1c6be26a8d6fd3b94d5b5bfd496b2536c42?s=96&d=mm&r=g","acf":null},"taxonomies_data":{"category":[{"id":13493,"name":"Primer equip","slug":"primer-equip","acf":null}],"post_tag":[{"id":9529,"name":"Atl\u00e9tico de Madrid","slug":"atletico-de-madrid-val","acf":null},{"id":14361,"name":"Ciudad Deportiva Jos\u00e9 Manuel Llaneza","slug":"ciudad-deportiva-jose-manuel-llaneza-2-val","acf":null},{"id":717,"name":"Football","slug":"football-d34","acf":null},{"id":9270,"name":"Futbol","slug":"futbol-val","acf":null},{"id":9721,"name":"Jornada 30","slug":"jornada-30-val","acf":null},{"id":9219,"name":"Marcelino Garc\u00eda Toral","slug":"marcelino-garcia-toral-val","acf":null},{"id":9283,"name":"previa","slug":"previa-val","acf":null},{"id":9278,"name":"primera division","slug":"primera-division-val","acf":null},{"id":9680,"name":"Rueda de prensa","slug":"rueda-de-prensa-val","acf":null},{"id":716,"name":"Soccer","slug":"soccer-d105","acf":null},{"id":9205,"name":"Submarino","slug":"submarino-val","acf":null},{"id":9627,"name":"Submarino Amarillo","slug":"submarino-amarillo-val","acf":null},{"id":9203,"name":"Villarreal CF","slug":"villarreal-cf-val","acf":null}],"translation_priority":[{"id":735,"name":"Optional","slug":"optional-val","acf":null}]},"seo_full":{"native":{"title":"Un repte maj\u00fascul - Web Oficial del Villarreal CF","description":"Marcelino Garc\u00eda Toral marca el cam\u00ed a seguir amb la condici\u00f3 de buscar la vict\u00f2ria davant l'Atl\u00e9tico de Madrid (dilluns, 21.00 hores)","canonical":"https:\/\/villarrealcf.es\/val\/marcelino-rueda-de-prensa-previa-atleti\/"}},"_links":{"self":[{"href":"https:\/\/villarrealcf.es\/val\/wp-json\/wp\/v2\/posts\/301581","targetHints":{"allow":["GET"]}}],"collection":[{"href":"https:\/\/villarrealcf.es\/val\/wp-json\/wp\/v2\/posts"}],"about":[{"href":"https:\/\/villarrealcf.es\/val\/wp-json\/wp\/v2\/types\/post"}],"author":[{"embeddable":true,"href":"https:\/\/villarrealcf.es\/val\/wp-json\/wp\/v2\/users\/23"}],"replies":[{"embeddable":true,"href":"https:\/\/villarrealcf.es\/val\/wp-json\/wp\/v2\/comments?post=301581"}],"version-history":[{"count":0,"href":"https:\/\/villarrealcf.es\/val\/wp-json\/wp\/v2\/posts\/301581\/revisions"}],"wp:featuredmedia":[{"embeddable":true,"href":"https:\/\/villarrealcf.es\/val\/wp-json\/wp\/v2\/media\/301578"}],"wp:attachment":[{"href":"https:\/\/villarrealcf.es\/val\/wp-json\/wp\/v2\/media?parent=301581"}],"wp:term":[{"taxonomy":"category","embeddable":true,"href":"https:\/\/villarrealcf.es\/val\/wp-json\/wp\/v2\/categories?post=301581"},{"taxonomy":"post_tag","embeddable":true,"href":"https:\/\/villarrealcf.es\/val\/wp-json\/wp\/v2\/tags?post=301581"}],"curies":[{"name":"wp","href":"https:\/\/api.w.org\/{rel}","templated":true}]}}