{"id":300532,"date":"2024-03-21T10:15:00","date_gmt":"2024-03-21T09:15:00","guid":{"rendered":"https:\/\/villarrealcf.es\/300517\/"},"modified":"2024-03-18T17:19:16","modified_gmt":"2024-03-18T16:19:16","slug":"300517","status":"publish","type":"post","link":"https:\/\/villarrealcf.es\/val\/300517\/","title":{"rendered":"\u00daltimes places per al Campus de Pasqua!"},"content":{"protected":false,"blocks":[{"type":"heading","level":2,"text":"L\u2019activitat tindr\u00e0 lloc del 2 al 5 d\u2019abril a la Ciutat Esportiva Jos\u00e9 Manuel Llaneza"},{"type":"paragraph","text":"El Villarreal CF oferix les \u00faltimes places per a inscriure\u2019s al Campus de Pasqua, que tindr\u00e0 lloc del 2 al 5 d\u2019abril a la Ciutat Esportiva Jos\u00e9 Manuel Llaneza. Els joves talents que tinguen entre 4 i 17 anys podran gaudir del futbol de la m\u00e0 del Submar\u00ed Groc en unes instal\u00b7lacions d\u2019excepci\u00f3 gr\u00e0cies a este esdeveniment."},{"type":"paragraph","text":"Les joves estreles tindran l\u2019oportunitat de millorar la seua destresa futbol\u00edstica i entrenar sota les directrius dels t\u00e8cnics de la Cantera Grogueta. Tot aix\u00f2 en unes instal\u00b7lacions esportives d\u2019alt rendiment."},{"type":"paragraph","text":"Les jornades del Campus de Pasqua, que tindran lloc de 9.00 a 14.00 hores, comptaran amb dos sessions d\u2019entrenament que incidiran en aspectes formatius, el desenvolupament motriu i coordinatiu, exercicis de psicomotricitat, treball espec\u00edfic per a porters, i activitats d\u2019estimulaci\u00f3 de treball en equip i cooperaci\u00f3. I com no pot ser d\u2019una altra forma, la part m\u00e9s divertida i favorita dels participants: competici\u00f3 de mini partits."},{"type":"paragraph","text":"Per nom\u00e9s 200 euros per al p\u00fablic general i 190 per als jugadors i jugadores que formen part del futbol base del club, el Campus de Pasqua del Villarreal CF proporcionar\u00e0 a tots els participants un equipament del Campus Villarreal CF (samarreta i pantalons), una botella d\u2019aigua personalitzada, realitzaran una visita a l\u2019Estadi de la Cer\u00e0mica i rebran un diploma personalitzat. A m\u00e9s comptaran amb cobertura m\u00e8dica privada durant l\u2019activitat."},{"type":"link","url":"https:\/\/campusytorneos.villarrealcf.es\/es\/campus-villarreal-cf\/campus-c-deportiva\/inscripcion","text":"AP\u00danta\u2019t aC\u00ed","target":""}],"structured":{"summary":{"text":"L\u2019activitat tindr\u00e0 lloc del 2 al 5 d\u2019abril a la Ciutat Esportiva Jos\u00e9 Manuel Llaneza El Villarreal CF oferix les \u00faltimes places per a inscriure\u2019s al Campus de Pasqua, que tindr\u00e0 lloc del 2 al 5 d\u2019abril a la Ciutat Esportiva Jos\u00e9 Manuel Llaneza. Els joves talents que tinguen entre 4 i 17 anys podran gaudir del futbol de la m\u00e0 del Submar\u00ed Groc en unes instal\u00b7lacions d\u2019excepci\u00f3 gr\u00e0cies a este esdeveniment. Les joves estreles tindran l\u2019oportunitat de millorar la seua destresa futbol\u00edstica i entrenar sota les directrius dels t\u00e8cnics de la Cantera Grogueta. Tot aix\u00f2 en unes instal\u00b7lacions esportives d\u2019alt rendiment. Les jornades del Campus de Pasqua, que tindran lloc de 9.00 a 14.00 hores, comptaran amb dos sessions d\u2019entrenament que incidiran en aspectes formatius, el desenvolupament motriu i coordinatiu, exercicis de psicomotricitat, treball espec\u00edfic per a porters, i activitats d\u2019estimulaci\u00f3 de treball en equip i cooperaci\u00f3. I com no pot ser d\u2019una altra forma, la part m\u00e9s divertida i favorita dels participants: competici\u00f3 de mini partits. Per nom\u00e9s 200 euros per al p\u00fablic general i 190 per als jugadors i jugadores que formen part del futbol base del club, el Campus de Pasqua del Villarreal CF proporcionar\u00e0 a tots els participants un equipament del Campus Villarreal CF (samarreta i pantalons), una botella d\u2019aigua personalitzada, realitzaran una visita a l\u2019Estadi de la Cer\u00e0mica i rebran un diploma personalitzat. A m\u00e9s comptaran amb cobertura m\u00e8dica privada durant l\u2019activitat. AP\u00danta\u2019t aC\u00ed","headings":[{"type":"heading","level":2,"text":"L\u2019activitat tindr\u00e0 lloc del 2 al 5 d\u2019abril a la Ciutat Esportiva Jos\u00e9 Manuel Llaneza"}],"buttons":[],"images":[],"counts":{"blocks":6,"headings":1,"texts":4,"buttons":0,"images":0}},"sections":[{"id":"section-1","title":"L\u2019activitat tindr\u00e0 lloc del 2 al 5 d\u2019abril a la Ciutat Esportiva Jos\u00e9 Manuel Llaneza","text":"L\u2019activitat tindr\u00e0 lloc del 2 al 5 d\u2019abril a la Ciutat Esportiva Jos\u00e9 Manuel Llaneza El Villarreal CF oferix les \u00faltimes places per a inscriure\u2019s al Campus de Pasqua, que tindr\u00e0 lloc del 2 al 5 d\u2019abril a la Ciutat Esportiva Jos\u00e9 Manuel Llaneza. Els joves talents que tinguen entre 4 i 17 anys podran gaudir del futbol de la m\u00e0 del Submar\u00ed Groc en unes instal\u00b7lacions d\u2019excepci\u00f3 gr\u00e0cies a este esdeveniment. Les joves estreles tindran l\u2019oportunitat de millorar la seua destresa futbol\u00edstica i entrenar sota les directrius dels t\u00e8cnics de la Cantera Grogueta. Tot aix\u00f2 en unes instal\u00b7lacions esportives d\u2019alt rendiment. Les jornades del Campus de Pasqua, que tindran lloc de 9.00 a 14.00 hores, comptaran amb dos sessions d\u2019entrenament que incidiran en aspectes formatius, el desenvolupament motriu i coordinatiu, exercicis de psicomotricitat, treball espec\u00edfic per a porters, i activitats d\u2019estimulaci\u00f3 de treball en equip i cooperaci\u00f3. I com no pot ser d\u2019una altra forma, la part m\u00e9s divertida i favorita dels participants: competici\u00f3 de mini partits. Per nom\u00e9s 200 euros per al p\u00fablic general i 190 per als jugadors i jugadores que formen part del futbol base del club, el Campus de Pasqua del Villarreal CF proporcionar\u00e0 a tots els participants un equipament del Campus Villarreal CF (samarreta i pantalons), una botella d\u2019aigua personalitzada, realitzaran una visita a l\u2019Estadi de la Cer\u00e0mica i rebran un diploma personalitzat. A m\u00e9s comptaran amb cobertura m\u00e8dica privada durant l\u2019activitat.","headings":[{"type":"heading","level":2,"text":"L\u2019activitat tindr\u00e0 lloc del 2 al 5 d\u2019abril a la Ciutat Esportiva Jos\u00e9 Manuel Llaneza"}],"texts":[{"type":"paragraph","text":"El Villarreal CF oferix les \u00faltimes places per a inscriure\u2019s al Campus de Pasqua, que tindr\u00e0 lloc del 2 al 5 d\u2019abril a la Ciutat Esportiva Jos\u00e9 Manuel Llaneza. Els joves talents que tinguen entre 4 i 17 anys podran gaudir del futbol de la m\u00e0 del Submar\u00ed Groc en unes instal\u00b7lacions d\u2019excepci\u00f3 gr\u00e0cies a este esdeveniment."},{"type":"paragraph","text":"Les joves estreles tindran l\u2019oportunitat de millorar la seua destresa futbol\u00edstica i entrenar sota les directrius dels t\u00e8cnics de la Cantera Grogueta. Tot aix\u00f2 en unes instal\u00b7lacions esportives d\u2019alt rendiment."},{"type":"paragraph","text":"Les jornades del Campus de Pasqua, que tindran lloc de 9.00 a 14.00 hores, comptaran amb dos sessions d\u2019entrenament que incidiran en aspectes formatius, el desenvolupament motriu i coordinatiu, exercicis de psicomotricitat, treball espec\u00edfic per a porters, i activitats d\u2019estimulaci\u00f3 de treball en equip i cooperaci\u00f3. I com no pot ser d\u2019una altra forma, la part m\u00e9s divertida i favorita dels participants: competici\u00f3 de mini partits."},{"type":"paragraph","text":"Per nom\u00e9s 200 euros per al p\u00fablic general i 190 per als jugadors i jugadores que formen part del futbol base del club, el Campus de Pasqua del Villarreal CF proporcionar\u00e0 a tots els participants un equipament del Campus Villarreal CF (samarreta i pantalons), una botella d\u2019aigua personalitzada, realitzaran una visita a l\u2019Estadi de la Cer\u00e0mica i rebran un diploma personalitzat. A m\u00e9s comptaran amb cobertura m\u00e8dica privada durant l\u2019activitat."}],"buttons":[],"images":[],"widgets":[],"blocks":[{"type":"heading","level":2,"text":"L\u2019activitat tindr\u00e0 lloc del 2 al 5 d\u2019abril a la Ciutat Esportiva Jos\u00e9 Manuel Llaneza"},{"type":"paragraph","text":"El Villarreal CF oferix les \u00faltimes places per a inscriure\u2019s al Campus de Pasqua, que tindr\u00e0 lloc del 2 al 5 d\u2019abril a la Ciutat Esportiva Jos\u00e9 Manuel Llaneza. Els joves talents que tinguen entre 4 i 17 anys podran gaudir del futbol de la m\u00e0 del Submar\u00ed Groc en unes instal\u00b7lacions d\u2019excepci\u00f3 gr\u00e0cies a este esdeveniment."},{"type":"paragraph","text":"Les joves estreles tindran l\u2019oportunitat de millorar la seua destresa futbol\u00edstica i entrenar sota les directrius dels t\u00e8cnics de la Cantera Grogueta. Tot aix\u00f2 en unes instal\u00b7lacions esportives d\u2019alt rendiment."},{"type":"paragraph","text":"Les jornades del Campus de Pasqua, que tindran lloc de 9.00 a 14.00 hores, comptaran amb dos sessions d\u2019entrenament que incidiran en aspectes formatius, el desenvolupament motriu i coordinatiu, exercicis de psicomotricitat, treball espec\u00edfic per a porters, i activitats d\u2019estimulaci\u00f3 de treball en equip i cooperaci\u00f3. I com no pot ser d\u2019una altra forma, la part m\u00e9s divertida i favorita dels participants: competici\u00f3 de mini partits."},{"type":"paragraph","text":"Per nom\u00e9s 200 euros per al p\u00fablic general i 190 per als jugadors i jugadores que formen part del futbol base del club, el Campus de Pasqua del Villarreal CF proporcionar\u00e0 a tots els participants un equipament del Campus Villarreal CF (samarreta i pantalons), una botella d\u2019aigua personalitzada, realitzaran una visita a l\u2019Estadi de la Cer\u00e0mica i rebran un diploma personalitzat. A m\u00e9s comptaran amb cobertura m\u00e8dica privada durant l\u2019activitat."},{"type":"link","url":"https:\/\/campusytorneos.villarrealcf.es\/es\/campus-villarreal-cf\/campus-c-deportiva\/inscripcion","text":"AP\u00danta\u2019t aC\u00ed","target":""}]}],"hero":{"id":"section-1","title":"L\u2019activitat tindr\u00e0 lloc del 2 al 5 d\u2019abril a la Ciutat Esportiva Jos\u00e9 Manuel Llaneza","text":"L\u2019activitat tindr\u00e0 lloc del 2 al 5 d\u2019abril a la Ciutat Esportiva Jos\u00e9 Manuel Llaneza El Villarreal CF oferix les \u00faltimes places per a inscriure\u2019s al Campus de Pasqua, que tindr\u00e0 lloc del 2 al 5 d\u2019abril a la Ciutat Esportiva Jos\u00e9 Manuel Llaneza. Els joves talents que tinguen entre 4 i 17 anys podran gaudir del futbol de la m\u00e0 del Submar\u00ed Groc en unes instal\u00b7lacions d\u2019excepci\u00f3 gr\u00e0cies a este esdeveniment. Les joves estreles tindran l\u2019oportunitat de millorar la seua destresa futbol\u00edstica i entrenar sota les directrius dels t\u00e8cnics de la Cantera Grogueta. Tot aix\u00f2 en unes instal\u00b7lacions esportives d\u2019alt rendiment. Les jornades del Campus de Pasqua, que tindran lloc de 9.00 a 14.00 hores, comptaran amb dos sessions d\u2019entrenament que incidiran en aspectes formatius, el desenvolupament motriu i coordinatiu, exercicis de psicomotricitat, treball espec\u00edfic per a porters, i activitats d\u2019estimulaci\u00f3 de treball en equip i cooperaci\u00f3. I com no pot ser d\u2019una altra forma, la part m\u00e9s divertida i favorita dels participants: competici\u00f3 de mini partits. Per nom\u00e9s 200 euros per al p\u00fablic general i 190 per als jugadors i jugadores que formen part del futbol base del club, el Campus de Pasqua del Villarreal CF proporcionar\u00e0 a tots els participants un equipament del Campus Villarreal CF (samarreta i pantalons), una botella d\u2019aigua personalitzada, realitzaran una visita a l\u2019Estadi de la Cer\u00e0mica i rebran un diploma personalitzat. A m\u00e9s comptaran amb cobertura m\u00e8dica privada durant l\u2019activitat.","headings":[{"type":"heading","level":2,"text":"L\u2019activitat tindr\u00e0 lloc del 2 al 5 d\u2019abril a la Ciutat Esportiva Jos\u00e9 Manuel Llaneza"}],"texts":[{"type":"paragraph","text":"El Villarreal CF oferix les \u00faltimes places per a inscriure\u2019s al Campus de Pasqua, que tindr\u00e0 lloc del 2 al 5 d\u2019abril a la Ciutat Esportiva Jos\u00e9 Manuel Llaneza. Els joves talents que tinguen entre 4 i 17 anys podran gaudir del futbol de la m\u00e0 del Submar\u00ed Groc en unes instal\u00b7lacions d\u2019excepci\u00f3 gr\u00e0cies a este esdeveniment."},{"type":"paragraph","text":"Les joves estreles tindran l\u2019oportunitat de millorar la seua destresa futbol\u00edstica i entrenar sota les directrius dels t\u00e8cnics de la Cantera Grogueta. Tot aix\u00f2 en unes instal\u00b7lacions esportives d\u2019alt rendiment."},{"type":"paragraph","text":"Les jornades del Campus de Pasqua, que tindran lloc de 9.00 a 14.00 hores, comptaran amb dos sessions d\u2019entrenament que incidiran en aspectes formatius, el desenvolupament motriu i coordinatiu, exercicis de psicomotricitat, treball espec\u00edfic per a porters, i activitats d\u2019estimulaci\u00f3 de treball en equip i cooperaci\u00f3. I com no pot ser d\u2019una altra forma, la part m\u00e9s divertida i favorita dels participants: competici\u00f3 de mini partits."},{"type":"paragraph","text":"Per nom\u00e9s 200 euros per al p\u00fablic general i 190 per als jugadors i jugadores que formen part del futbol base del club, el Campus de Pasqua del Villarreal CF proporcionar\u00e0 a tots els participants un equipament del Campus Villarreal CF (samarreta i pantalons), una botella d\u2019aigua personalitzada, realitzaran una visita a l\u2019Estadi de la Cer\u00e0mica i rebran un diploma personalitzat. A m\u00e9s comptaran amb cobertura m\u00e8dica privada durant l\u2019activitat."}],"buttons":[],"images":[],"widgets":[],"blocks":[{"type":"heading","level":2,"text":"L\u2019activitat tindr\u00e0 lloc del 2 al 5 d\u2019abril a la Ciutat Esportiva Jos\u00e9 Manuel Llaneza"},{"type":"paragraph","text":"El Villarreal CF oferix les \u00faltimes places per a inscriure\u2019s al Campus de Pasqua, que tindr\u00e0 lloc del 2 al 5 d\u2019abril a la Ciutat Esportiva Jos\u00e9 Manuel Llaneza. Els joves talents que tinguen entre 4 i 17 anys podran gaudir del futbol de la m\u00e0 del Submar\u00ed Groc en unes instal\u00b7lacions d\u2019excepci\u00f3 gr\u00e0cies a este esdeveniment."},{"type":"paragraph","text":"Les joves estreles tindran l\u2019oportunitat de millorar la seua destresa futbol\u00edstica i entrenar sota les directrius dels t\u00e8cnics de la Cantera Grogueta. Tot aix\u00f2 en unes instal\u00b7lacions esportives d\u2019alt rendiment."},{"type":"paragraph","text":"Les jornades del Campus de Pasqua, que tindran lloc de 9.00 a 14.00 hores, comptaran amb dos sessions d\u2019entrenament que incidiran en aspectes formatius, el desenvolupament motriu i coordinatiu, exercicis de psicomotricitat, treball espec\u00edfic per a porters, i activitats d\u2019estimulaci\u00f3 de treball en equip i cooperaci\u00f3. I com no pot ser d\u2019una altra forma, la part m\u00e9s divertida i favorita dels participants: competici\u00f3 de mini partits."},{"type":"paragraph","text":"Per nom\u00e9s 200 euros per al p\u00fablic general i 190 per als jugadors i jugadores que formen part del futbol base del club, el Campus de Pasqua del Villarreal CF proporcionar\u00e0 a tots els participants un equipament del Campus Villarreal CF (samarreta i pantalons), una botella d\u2019aigua personalitzada, realitzaran una visita a l\u2019Estadi de la Cer\u00e0mica i rebran un diploma personalitzat. A m\u00e9s comptaran amb cobertura m\u00e8dica privada durant l\u2019activitat."},{"type":"link","url":"https:\/\/campusytorneos.villarrealcf.es\/es\/campus-villarreal-cf\/campus-c-deportiva\/inscripcion","text":"AP\u00danta\u2019t aC\u00ed","target":""}]}},"sections":[{"id":"section-1","title":"L\u2019activitat tindr\u00e0 lloc del 2 al 5 d\u2019abril a la Ciutat Esportiva Jos\u00e9 Manuel Llaneza","text":"L\u2019activitat tindr\u00e0 lloc del 2 al 5 d\u2019abril a la Ciutat Esportiva Jos\u00e9 Manuel Llaneza El Villarreal CF oferix les \u00faltimes places per a inscriure\u2019s al Campus de Pasqua, que tindr\u00e0 lloc del 2 al 5 d\u2019abril a la Ciutat Esportiva Jos\u00e9 Manuel Llaneza. Els joves talents que tinguen entre 4 i 17 anys podran gaudir del futbol de la m\u00e0 del Submar\u00ed Groc en unes instal\u00b7lacions d\u2019excepci\u00f3 gr\u00e0cies a este esdeveniment. Les joves estreles tindran l\u2019oportunitat de millorar la seua destresa futbol\u00edstica i entrenar sota les directrius dels t\u00e8cnics de la Cantera Grogueta. Tot aix\u00f2 en unes instal\u00b7lacions esportives d\u2019alt rendiment. Les jornades del Campus de Pasqua, que tindran lloc de 9.00 a 14.00 hores, comptaran amb dos sessions d\u2019entrenament que incidiran en aspectes formatius, el desenvolupament motriu i coordinatiu, exercicis de psicomotricitat, treball espec\u00edfic per a porters, i activitats d\u2019estimulaci\u00f3 de treball en equip i cooperaci\u00f3. I com no pot ser d\u2019una altra forma, la part m\u00e9s divertida i favorita dels participants: competici\u00f3 de mini partits. Per nom\u00e9s 200 euros per al p\u00fablic general i 190 per als jugadors i jugadores que formen part del futbol base del club, el Campus de Pasqua del Villarreal CF proporcionar\u00e0 a tots els participants un equipament del Campus Villarreal CF (samarreta i pantalons), una botella d\u2019aigua personalitzada, realitzaran una visita a l\u2019Estadi de la Cer\u00e0mica i rebran un diploma personalitzat. A m\u00e9s comptaran amb cobertura m\u00e8dica privada durant l\u2019activitat.","url":"https:\/\/campusytorneos.villarrealcf.es\/es\/campus-villarreal-cf\/campus-c-deportiva\/inscripcion","background_image":"","images":[],"videos":[],"links":[{"type":"link","url":"https:\/\/campusytorneos.villarrealcf.es\/es\/campus-villarreal-cf\/campus-c-deportiva\/inscripcion","text":"AP\u00danta\u2019t aC\u00ed","target":""}]}]},"excerpt":{"rendered":"L&#8217;activitat tindr\u00e0 lloc del 2 al 5 d&#8217;abril a la Ciutat Esportiva Jos\u00e9 Manuel Llaneza","protected":false},"author":25,"featured_media":300526,"comment_status":"closed","ping_status":"closed","sticky":false,"template":"","format":"standard","meta":{"_acf_changed":false,"footnotes":""},"categories":[13803],"tags":[5259,9366,10325,14361,717,9270,9227,716,9205,9627,9203],"acf":null,"lang":"val","translations":{"es":300517,"val":300532,"en":300758},"essential_grid":{"has_grid":false},"formatted_date":"March 21, 2024","modified_date":"March 18, 2024","permalink":"https:\/\/villarrealcf.es\/val\/300517\/","reading_time":2,"featured_media_data":{"id":300526,"title":"2023-12-29 Campus Navidad 027","caption":"","alt_text":"","description":"","mime_type":"image\/jpeg","source_url":"https:\/\/villarrealcf.es\/wp-content\/uploads\/2024\/03\/2023-12-29-Campus-Navidad-027.jpg","sizes":{"thumbnail":{"url":"https:\/\/villarrealcf.es\/wp-content\/uploads\/2024\/03\/2023-12-29-Campus-Navidad-027.jpg","width":1620,"height":1080},"medium":{"url":"https:\/\/villarrealcf.es\/wp-content\/uploads\/2024\/03\/2023-12-29-Campus-Navidad-027.jpg","width":1620,"height":1080},"medium_large":{"url":"https:\/\/villarrealcf.es\/wp-content\/uploads\/2024\/03\/2023-12-29-Campus-Navidad-027-768x512.jpg","width":768,"height":512},"large":{"url":"https:\/\/villarrealcf.es\/wp-content\/uploads\/2024\/03\/2023-12-29-Campus-Navidad-027.jpg","width":788,"height":525},"1536x1536":{"url":"https:\/\/villarrealcf.es\/wp-content\/uploads\/2024\/03\/2023-12-29-Campus-Navidad-027-1536x1024.jpg","width":1536,"height":1024},"2048x2048":{"url":"https:\/\/villarrealcf.es\/wp-content\/uploads\/2024\/03\/2023-12-29-Campus-Navidad-027.jpg","width":1620,"height":1080},"tp-image-grid":{"url":"https:\/\/villarrealcf.es\/wp-content\/uploads\/2024\/03\/2023-12-29-Campus-Navidad-027-700x700.jpg","width":700,"height":700},"size-bunyad-medium":{"url":"https:\/\/villarrealcf.es\/wp-content\/uploads\/2024\/03\/2023-12-29-Campus-Navidad-027.jpg","width":1620,"height":1080},"sportspress-crop-medium":{"url":"https:\/\/villarrealcf.es\/wp-content\/uploads\/2024\/03\/2023-12-29-Campus-Navidad-027-300x300.jpg","width":300,"height":300},"sportspress-fit-medium":{"url":"https:\/\/villarrealcf.es\/wp-content\/uploads\/2024\/03\/2023-12-29-Campus-Navidad-027-300x200.jpg","width":300,"height":200},"sportspress-fit-icon":{"url":"https:\/\/villarrealcf.es\/wp-content\/uploads\/2024\/03\/2023-12-29-Campus-Navidad-027-128x85.jpg","width":128,"height":85},"sportspress-fit-mini":{"url":"https:\/\/villarrealcf.es\/wp-content\/uploads\/2024\/03\/2023-12-29-Campus-Navidad-027-32x21.jpg","width":32,"height":21},"bunyad-small":{"url":"https:\/\/villarrealcf.es\/wp-content\/uploads\/2024\/03\/2023-12-29-Campus-Navidad-027-150x100.jpg","width":150,"height":100},"bunyad-medium":{"url":"https:\/\/villarrealcf.es\/wp-content\/uploads\/2024\/03\/2023-12-29-Campus-Navidad-027-450x300.jpg","width":450,"height":300},"bunyad-full":{"url":"https:\/\/villarrealcf.es\/wp-content\/uploads\/2024\/03\/2023-12-29-Campus-Navidad-027-1200x800.jpg","width":1200,"height":800},"bunyad-viewport":{"url":"https:\/\/villarrealcf.es\/wp-content\/uploads\/2024\/03\/2023-12-29-Campus-Navidad-027.jpg","width":1620,"height":1080},"bunyad-768":{"url":"https:\/\/villarrealcf.es\/wp-content\/uploads\/2024\/03\/2023-12-29-Campus-Navidad-027-768x512.jpg","width":768,"height":512},"full":{"url":"https:\/\/villarrealcf.es\/wp-content\/uploads\/2024\/03\/2023-12-29-Campus-Navidad-027.jpg","width":1620,"height":1080}}},"author_data":{"id":"25","name":"Javier Ayuso","first_name":"Javier","last_name":"Ayuso","description":"","avatar_url":"https:\/\/secure.gravatar.com\/avatar\/fcf8894be45988fcce5bbff0efe1790d2a7f4ba57e2c7c898f5068154e696495?s=96&d=mm&r=g","acf":null},"taxonomies_data":{"category":[{"id":13803,"name":"Futbol base","slug":"futbol-base-val-2","acf":null}],"post_tag":[{"id":5259,"name":"Campus de Pascua","slug":"campus-de-pascua","acf":null},{"id":9366,"name":"Cantera","slug":"cantera-val","acf":null},{"id":10325,"name":"Cantera Grogueta","slug":"cantera-grogueta-val","acf":null},{"id":14361,"name":"Ciudad Deportiva Jos\u00e9 Manuel Llaneza","slug":"ciudad-deportiva-jose-manuel-llaneza-2-val","acf":null},{"id":717,"name":"Football","slug":"football-d34","acf":null},{"id":9270,"name":"Futbol","slug":"futbol-val","acf":null},{"id":9227,"name":"F\u00fatbol Base","slug":"futbol-base-val","acf":null},{"id":716,"name":"Soccer","slug":"soccer-d105","acf":null},{"id":9205,"name":"Submarino","slug":"submarino-val","acf":null},{"id":9627,"name":"Submarino Amarillo","slug":"submarino-amarillo-val","acf":null},{"id":9203,"name":"Villarreal CF","slug":"villarreal-cf-val","acf":null}],"translation_priority":[{"id":735,"name":"Optional","slug":"optional-val","acf":null}]},"seo_full":{"native":{"title":"\u00daltimes places per al Campus de Pasqua! - Web Oficial del Villarreal CF","description":"L'activitat tindr\u00e0 lloc del 2 al 5 d'abril a la Ciutat Esportiva Jos\u00e9 Manuel Llaneza","canonical":"https:\/\/villarrealcf.es\/val\/300517\/"}},"_links":{"self":[{"href":"https:\/\/villarrealcf.es\/val\/wp-json\/wp\/v2\/posts\/300532","targetHints":{"allow":["GET"]}}],"collection":[{"href":"https:\/\/villarrealcf.es\/val\/wp-json\/wp\/v2\/posts"}],"about":[{"href":"https:\/\/villarrealcf.es\/val\/wp-json\/wp\/v2\/types\/post"}],"author":[{"embeddable":true,"href":"https:\/\/villarrealcf.es\/val\/wp-json\/wp\/v2\/users\/25"}],"replies":[{"embeddable":true,"href":"https:\/\/villarrealcf.es\/val\/wp-json\/wp\/v2\/comments?post=300532"}],"version-history":[{"count":0,"href":"https:\/\/villarrealcf.es\/val\/wp-json\/wp\/v2\/posts\/300532\/revisions"}],"wp:featuredmedia":[{"embeddable":true,"href":"https:\/\/villarrealcf.es\/val\/wp-json\/wp\/v2\/media\/300526"}],"wp:attachment":[{"href":"https:\/\/villarrealcf.es\/val\/wp-json\/wp\/v2\/media?parent=300532"}],"wp:term":[{"taxonomy":"category","embeddable":true,"href":"https:\/\/villarrealcf.es\/val\/wp-json\/wp\/v2\/categories?post=300532"},{"taxonomy":"post_tag","embeddable":true,"href":"https:\/\/villarrealcf.es\/val\/wp-json\/wp\/v2\/tags?post=300532"}],"curies":[{"name":"wp","href":"https:\/\/api.w.org\/{rel}","templated":true}]}}