{"id":299989,"date":"2024-03-13T13:36:52","date_gmt":"2024-03-13T12:36:52","guid":{"rendered":"https:\/\/villarrealcf.es\/el-villarreal-c-cd-utiel-en-directo\/"},"modified":"2024-03-11T17:31:00","modified_gmt":"2024-03-11T16:31:00","slug":"el-villarreal-c-cd-utiel-en-directo","status":"publish","type":"post","link":"https:\/\/villarrealcf.es\/val\/el-villarreal-c-cd-utiel-en-directo\/","title":{"rendered":"El Villarreal C- CD Utiel, en directe!"},"content":{"protected":false,"blocks":[{"type":"heading","level":2,"text":"Villarreal TV t\u2019oferix el partit d\u2019aquest diumenge a les 12.00 hores"},{"type":"paragraph","text":"Villarreal TV retransmetr\u00e0 aquest diumenge a les 12.00 hores el partit entre el Villarreal C i el CD Utiel, corresponent a la jornada 25 de la Tercera RFEF . El partit es disputar\u00e0 en el Mini Estadi de la Ciutat Esportiva Jos\u00e9 Manuel Llaneza."},{"type":"paragraph","text":"Els aficionats groguets podran gaudir des de casa de les joves promeses de la Cantera Grogueta. La retransmissi\u00f3, que comptar\u00e0 amb els comentaris dels reporters de Villarreal TV, comen\u00e7ar\u00e0 deu minuts abans amb la millor pr\u00e8via del partit. El duel es podr\u00e0 seguir en directe a trav\u00e9s de la web oficial del club, aix\u00ed com des dels perfils oficials del Villarreal CF en Twitter, Facebook, Instagram, YouTube i Twitch."},{"type":"paragraph","text":"Acostar-nos a la zona Playoff"},{"type":"paragraph","text":"Despr\u00e9s d\u2019una ratxa de quatre partits sense perdre, el Villarreal C, actualment 13\u00e9 en la classificaci\u00f3 amb 30 punts, dista 3 punts del CD Utiel que \u00e9s sext, i una vict\u00f2ria permetria als d\u2019Albelda acostar-se a llocs d\u2019ascens."}],"structured":{"summary":{"text":"Villarreal TV t\u2019oferix el partit d\u2019aquest diumenge a les 12.00 hores Villarreal TV retransmetr\u00e0 aquest diumenge a les 12.00 hores el partit entre el Villarreal C i el CD Utiel, corresponent a la jornada 25 de la Tercera RFEF . El partit es disputar\u00e0 en el Mini Estadi de la Ciutat Esportiva Jos\u00e9 Manuel Llaneza. Els aficionats groguets podran gaudir des de casa de les joves promeses de la Cantera Grogueta. La retransmissi\u00f3, que comptar\u00e0 amb els comentaris dels reporters de Villarreal TV, comen\u00e7ar\u00e0 deu minuts abans amb la millor pr\u00e8via del partit. El duel es podr\u00e0 seguir en directe a trav\u00e9s de la web oficial del club, aix\u00ed com des dels perfils oficials del Villarreal CF en Twitter, Facebook, Instagram, YouTube i Twitch. Acostar-nos a la zona Playoff Despr\u00e9s d\u2019una ratxa de quatre partits sense perdre, el Villarreal C, actualment 13\u00e9 en la classificaci\u00f3 amb 30 punts, dista 3 punts del CD Utiel que \u00e9s sext, i una vict\u00f2ria permetria als d\u2019Albelda acostar-se a llocs d\u2019ascens.","headings":[{"type":"heading","level":2,"text":"Villarreal TV t\u2019oferix el partit d\u2019aquest diumenge a les 12.00 hores"}],"buttons":[],"images":[],"counts":{"blocks":5,"headings":1,"texts":4,"buttons":0,"images":0}},"sections":[{"id":"section-1","title":"Villarreal TV t\u2019oferix el partit d\u2019aquest diumenge a les 12.00 hores","text":"Villarreal TV t\u2019oferix el partit d\u2019aquest diumenge a les 12.00 hores Villarreal TV retransmetr\u00e0 aquest diumenge a les 12.00 hores el partit entre el Villarreal C i el CD Utiel, corresponent a la jornada 25 de la Tercera RFEF . El partit es disputar\u00e0 en el Mini Estadi de la Ciutat Esportiva Jos\u00e9 Manuel Llaneza. Els aficionats groguets podran gaudir des de casa de les joves promeses de la Cantera Grogueta. La retransmissi\u00f3, que comptar\u00e0 amb els comentaris dels reporters de Villarreal TV, comen\u00e7ar\u00e0 deu minuts abans amb la millor pr\u00e8via del partit. El duel es podr\u00e0 seguir en directe a trav\u00e9s de la web oficial del club, aix\u00ed com des dels perfils oficials del Villarreal CF en Twitter, Facebook, Instagram, YouTube i Twitch. Acostar-nos a la zona Playoff Despr\u00e9s d\u2019una ratxa de quatre partits sense perdre, el Villarreal C, actualment 13\u00e9 en la classificaci\u00f3 amb 30 punts, dista 3 punts del CD Utiel que \u00e9s sext, i una vict\u00f2ria permetria als d\u2019Albelda acostar-se a llocs d\u2019ascens.","headings":[{"type":"heading","level":2,"text":"Villarreal TV t\u2019oferix el partit d\u2019aquest diumenge a les 12.00 hores"}],"texts":[{"type":"paragraph","text":"Villarreal TV retransmetr\u00e0 aquest diumenge a les 12.00 hores el partit entre el Villarreal C i el CD Utiel, corresponent a la jornada 25 de la Tercera RFEF . El partit es disputar\u00e0 en el Mini Estadi de la Ciutat Esportiva Jos\u00e9 Manuel Llaneza."},{"type":"paragraph","text":"Els aficionats groguets podran gaudir des de casa de les joves promeses de la Cantera Grogueta. La retransmissi\u00f3, que comptar\u00e0 amb els comentaris dels reporters de Villarreal TV, comen\u00e7ar\u00e0 deu minuts abans amb la millor pr\u00e8via del partit. El duel es podr\u00e0 seguir en directe a trav\u00e9s de la web oficial del club, aix\u00ed com des dels perfils oficials del Villarreal CF en Twitter, Facebook, Instagram, YouTube i Twitch."},{"type":"paragraph","text":"Acostar-nos a la zona Playoff"},{"type":"paragraph","text":"Despr\u00e9s d\u2019una ratxa de quatre partits sense perdre, el Villarreal C, actualment 13\u00e9 en la classificaci\u00f3 amb 30 punts, dista 3 punts del CD Utiel que \u00e9s sext, i una vict\u00f2ria permetria als d\u2019Albelda acostar-se a llocs d\u2019ascens."}],"buttons":[],"images":[],"widgets":[],"blocks":[{"type":"heading","level":2,"text":"Villarreal TV t\u2019oferix el partit d\u2019aquest diumenge a les 12.00 hores"},{"type":"paragraph","text":"Villarreal TV retransmetr\u00e0 aquest diumenge a les 12.00 hores el partit entre el Villarreal C i el CD Utiel, corresponent a la jornada 25 de la Tercera RFEF . El partit es disputar\u00e0 en el Mini Estadi de la Ciutat Esportiva Jos\u00e9 Manuel Llaneza."},{"type":"paragraph","text":"Els aficionats groguets podran gaudir des de casa de les joves promeses de la Cantera Grogueta. La retransmissi\u00f3, que comptar\u00e0 amb els comentaris dels reporters de Villarreal TV, comen\u00e7ar\u00e0 deu minuts abans amb la millor pr\u00e8via del partit. El duel es podr\u00e0 seguir en directe a trav\u00e9s de la web oficial del club, aix\u00ed com des dels perfils oficials del Villarreal CF en Twitter, Facebook, Instagram, YouTube i Twitch."},{"type":"paragraph","text":"Acostar-nos a la zona Playoff"},{"type":"paragraph","text":"Despr\u00e9s d\u2019una ratxa de quatre partits sense perdre, el Villarreal C, actualment 13\u00e9 en la classificaci\u00f3 amb 30 punts, dista 3 punts del CD Utiel que \u00e9s sext, i una vict\u00f2ria permetria als d\u2019Albelda acostar-se a llocs d\u2019ascens."}]}],"hero":{"id":"section-1","title":"Villarreal TV t\u2019oferix el partit d\u2019aquest diumenge a les 12.00 hores","text":"Villarreal TV t\u2019oferix el partit d\u2019aquest diumenge a les 12.00 hores Villarreal TV retransmetr\u00e0 aquest diumenge a les 12.00 hores el partit entre el Villarreal C i el CD Utiel, corresponent a la jornada 25 de la Tercera RFEF . El partit es disputar\u00e0 en el Mini Estadi de la Ciutat Esportiva Jos\u00e9 Manuel Llaneza. Els aficionats groguets podran gaudir des de casa de les joves promeses de la Cantera Grogueta. La retransmissi\u00f3, que comptar\u00e0 amb els comentaris dels reporters de Villarreal TV, comen\u00e7ar\u00e0 deu minuts abans amb la millor pr\u00e8via del partit. El duel es podr\u00e0 seguir en directe a trav\u00e9s de la web oficial del club, aix\u00ed com des dels perfils oficials del Villarreal CF en Twitter, Facebook, Instagram, YouTube i Twitch. Acostar-nos a la zona Playoff Despr\u00e9s d\u2019una ratxa de quatre partits sense perdre, el Villarreal C, actualment 13\u00e9 en la classificaci\u00f3 amb 30 punts, dista 3 punts del CD Utiel que \u00e9s sext, i una vict\u00f2ria permetria als d\u2019Albelda acostar-se a llocs d\u2019ascens.","headings":[{"type":"heading","level":2,"text":"Villarreal TV t\u2019oferix el partit d\u2019aquest diumenge a les 12.00 hores"}],"texts":[{"type":"paragraph","text":"Villarreal TV retransmetr\u00e0 aquest diumenge a les 12.00 hores el partit entre el Villarreal C i el CD Utiel, corresponent a la jornada 25 de la Tercera RFEF . El partit es disputar\u00e0 en el Mini Estadi de la Ciutat Esportiva Jos\u00e9 Manuel Llaneza."},{"type":"paragraph","text":"Els aficionats groguets podran gaudir des de casa de les joves promeses de la Cantera Grogueta. La retransmissi\u00f3, que comptar\u00e0 amb els comentaris dels reporters de Villarreal TV, comen\u00e7ar\u00e0 deu minuts abans amb la millor pr\u00e8via del partit. El duel es podr\u00e0 seguir en directe a trav\u00e9s de la web oficial del club, aix\u00ed com des dels perfils oficials del Villarreal CF en Twitter, Facebook, Instagram, YouTube i Twitch."},{"type":"paragraph","text":"Acostar-nos a la zona Playoff"},{"type":"paragraph","text":"Despr\u00e9s d\u2019una ratxa de quatre partits sense perdre, el Villarreal C, actualment 13\u00e9 en la classificaci\u00f3 amb 30 punts, dista 3 punts del CD Utiel que \u00e9s sext, i una vict\u00f2ria permetria als d\u2019Albelda acostar-se a llocs d\u2019ascens."}],"buttons":[],"images":[],"widgets":[],"blocks":[{"type":"heading","level":2,"text":"Villarreal TV t\u2019oferix el partit d\u2019aquest diumenge a les 12.00 hores"},{"type":"paragraph","text":"Villarreal TV retransmetr\u00e0 aquest diumenge a les 12.00 hores el partit entre el Villarreal C i el CD Utiel, corresponent a la jornada 25 de la Tercera RFEF . El partit es disputar\u00e0 en el Mini Estadi de la Ciutat Esportiva Jos\u00e9 Manuel Llaneza."},{"type":"paragraph","text":"Els aficionats groguets podran gaudir des de casa de les joves promeses de la Cantera Grogueta. La retransmissi\u00f3, que comptar\u00e0 amb els comentaris dels reporters de Villarreal TV, comen\u00e7ar\u00e0 deu minuts abans amb la millor pr\u00e8via del partit. El duel es podr\u00e0 seguir en directe a trav\u00e9s de la web oficial del club, aix\u00ed com des dels perfils oficials del Villarreal CF en Twitter, Facebook, Instagram, YouTube i Twitch."},{"type":"paragraph","text":"Acostar-nos a la zona Playoff"},{"type":"paragraph","text":"Despr\u00e9s d\u2019una ratxa de quatre partits sense perdre, el Villarreal C, actualment 13\u00e9 en la classificaci\u00f3 amb 30 punts, dista 3 punts del CD Utiel que \u00e9s sext, i una vict\u00f2ria permetria als d\u2019Albelda acostar-se a llocs d\u2019ascens."}]}},"sections":[{"id":"section-1","title":"Villarreal TV t\u2019oferix el partit d\u2019aquest diumenge a les 12.00 hores","text":"Villarreal TV t\u2019oferix el partit d\u2019aquest diumenge a les 12.00 hores Villarreal TV retransmetr\u00e0 aquest diumenge a les 12.00 hores el partit entre el Villarreal C i el CD Utiel, corresponent a la jornada 25 de la Tercera RFEF . El partit es disputar\u00e0 en el Mini Estadi de la Ciutat Esportiva Jos\u00e9 Manuel Llaneza. Els aficionats groguets podran gaudir des de casa de les joves promeses de la Cantera Grogueta. La retransmissi\u00f3, que comptar\u00e0 amb els comentaris dels reporters de Villarreal TV, comen\u00e7ar\u00e0 deu minuts abans amb la millor pr\u00e8via del partit. El duel es podr\u00e0 seguir en directe a trav\u00e9s de la web oficial del club, aix\u00ed com des dels perfils oficials del Villarreal CF en Twitter, Facebook, Instagram, YouTube i Twitch. Acostar-nos a la zona Playoff Despr\u00e9s d\u2019una ratxa de quatre partits sense perdre, el Villarreal C, actualment 13\u00e9 en la classificaci\u00f3 amb 30 punts, dista 3 punts del CD Utiel que \u00e9s sext, i una vict\u00f2ria permetria als d\u2019Albelda acostar-se a llocs d\u2019ascens.","url":"","background_image":"","images":[],"videos":[],"links":[]}]},"excerpt":{"rendered":"Villarreal TV te ofrece el encuentro de este domingo a las 12.00 horas","protected":false},"author":25,"featured_media":299988,"comment_status":"closed","ping_status":"closed","sticky":false,"template":"","format":"standard","meta":{"_acf_changed":false,"footnotes":""},"categories":[13803],"tags":[9366,717,9270,9227,716,9205,9627,9203,9424,12273],"acf":null,"lang":"val","translations":{"es":299983,"val":299989,"en":300127},"essential_grid":{"has_grid":false},"formatted_date":"March 13, 2024","modified_date":"March 11, 2024","permalink":"https:\/\/villarrealcf.es\/val\/el-villarreal-c-cd-utiel-en-directo\/","reading_time":1,"featured_media_data":{"id":299988,"title":"20240303-Villarreal CF C - Atletico Levante -039","caption":"","alt_text":"","description":"","mime_type":"image\/jpeg","source_url":"https:\/\/villarrealcf.es\/wp-content\/uploads\/2024\/03\/20240303-Villarreal-CF-C-Atletico-Levante-039.jpg","sizes":{"thumbnail":{"url":"https:\/\/villarrealcf.es\/wp-content\/uploads\/2024\/03\/20240303-Villarreal-CF-C-Atletico-Levante-039.jpg","width":1853,"height":1080},"medium":{"url":"https:\/\/villarrealcf.es\/wp-content\/uploads\/2024\/03\/20240303-Villarreal-CF-C-Atletico-Levante-039.jpg","width":1853,"height":1080},"medium_large":{"url":"https:\/\/villarrealcf.es\/wp-content\/uploads\/2024\/03\/20240303-Villarreal-CF-C-Atletico-Levante-039-768x448.jpg","width":768,"height":448},"large":{"url":"https:\/\/villarrealcf.es\/wp-content\/uploads\/2024\/03\/20240303-Villarreal-CF-C-Atletico-Levante-039.jpg","width":788,"height":459},"1536x1536":{"url":"https:\/\/villarrealcf.es\/wp-content\/uploads\/2024\/03\/20240303-Villarreal-CF-C-Atletico-Levante-039-1536x895.jpg","width":1536,"height":895},"2048x2048":{"url":"https:\/\/villarrealcf.es\/wp-content\/uploads\/2024\/03\/20240303-Villarreal-CF-C-Atletico-Levante-039.jpg","width":1853,"height":1080},"tp-image-grid":{"url":"https:\/\/villarrealcf.es\/wp-content\/uploads\/2024\/03\/20240303-Villarreal-CF-C-Atletico-Levante-039-700x700.jpg","width":700,"height":700},"size-bunyad-medium":{"url":"https:\/\/villarrealcf.es\/wp-content\/uploads\/2024\/03\/20240303-Villarreal-CF-C-Atletico-Levante-039.jpg","width":1853,"height":1080},"sportspress-crop-medium":{"url":"https:\/\/villarrealcf.es\/wp-content\/uploads\/2024\/03\/20240303-Villarreal-CF-C-Atletico-Levante-039-300x300.jpg","width":300,"height":300},"sportspress-fit-medium":{"url":"https:\/\/villarrealcf.es\/wp-content\/uploads\/2024\/03\/20240303-Villarreal-CF-C-Atletico-Levante-039-300x175.jpg","width":300,"height":175},"sportspress-fit-icon":{"url":"https:\/\/villarrealcf.es\/wp-content\/uploads\/2024\/03\/20240303-Villarreal-CF-C-Atletico-Levante-039-128x75.jpg","width":128,"height":75},"sportspress-fit-mini":{"url":"https:\/\/villarrealcf.es\/wp-content\/uploads\/2024\/03\/20240303-Villarreal-CF-C-Atletico-Levante-039-32x19.jpg","width":32,"height":19},"bunyad-small":{"url":"https:\/\/villarrealcf.es\/wp-content\/uploads\/2024\/03\/20240303-Villarreal-CF-C-Atletico-Levante-039-150x87.jpg","width":150,"height":87},"bunyad-medium":{"url":"https:\/\/villarrealcf.es\/wp-content\/uploads\/2024\/03\/20240303-Villarreal-CF-C-Atletico-Levante-039-450x262.jpg","width":450,"height":262},"bunyad-full":{"url":"https:\/\/villarrealcf.es\/wp-content\/uploads\/2024\/03\/20240303-Villarreal-CF-C-Atletico-Levante-039-1200x699.jpg","width":1200,"height":699},"bunyad-viewport":{"url":"https:\/\/villarrealcf.es\/wp-content\/uploads\/2024\/03\/20240303-Villarreal-CF-C-Atletico-Levante-039.jpg","width":1853,"height":1080},"bunyad-768":{"url":"https:\/\/villarrealcf.es\/wp-content\/uploads\/2024\/03\/20240303-Villarreal-CF-C-Atletico-Levante-039-768x448.jpg","width":768,"height":448},"full":{"url":"https:\/\/villarrealcf.es\/wp-content\/uploads\/2024\/03\/20240303-Villarreal-CF-C-Atletico-Levante-039.jpg","width":1853,"height":1080}}},"author_data":{"id":"25","name":"Javier Ayuso","first_name":"Javier","last_name":"Ayuso","description":"","avatar_url":"https:\/\/secure.gravatar.com\/avatar\/fcf8894be45988fcce5bbff0efe1790d2a7f4ba57e2c7c898f5068154e696495?s=96&d=mm&r=g","acf":null},"taxonomies_data":{"category":[{"id":13803,"name":"Futbol base","slug":"futbol-base-val-2","acf":null}],"post_tag":[{"id":9366,"name":"Cantera","slug":"cantera-val","acf":null},{"id":717,"name":"Football","slug":"football-d34","acf":null},{"id":9270,"name":"Futbol","slug":"futbol-val","acf":null},{"id":9227,"name":"F\u00fatbol Base","slug":"futbol-base-val","acf":null},{"id":716,"name":"Soccer","slug":"soccer-d105","acf":null},{"id":9205,"name":"Submarino","slug":"submarino-val","acf":null},{"id":9627,"name":"Submarino Amarillo","slug":"submarino-amarillo-val","acf":null},{"id":9203,"name":"Villarreal CF","slug":"villarreal-cf-val","acf":null},{"id":9424,"name":"Villarreal CF Live","slug":"villarreal-cf-live-val","acf":null},{"id":12273,"name":"Villarreal TV","slug":"villarreal-tv-val","acf":null}],"translation_priority":[{"id":735,"name":"Optional","slug":"optional-val","acf":null}]},"seo_full":{"native":{"title":"El Villarreal C- CD Utiel, en directe! - Web Oficial del Villarreal CF","description":"Villarreal TV te ofrece el encuentro de este domingo a las 12.00 horas","canonical":"https:\/\/villarrealcf.es\/val\/el-villarreal-c-cd-utiel-en-directo\/"}},"_links":{"self":[{"href":"https:\/\/villarrealcf.es\/val\/wp-json\/wp\/v2\/posts\/299989","targetHints":{"allow":["GET"]}}],"collection":[{"href":"https:\/\/villarrealcf.es\/val\/wp-json\/wp\/v2\/posts"}],"about":[{"href":"https:\/\/villarrealcf.es\/val\/wp-json\/wp\/v2\/types\/post"}],"author":[{"embeddable":true,"href":"https:\/\/villarrealcf.es\/val\/wp-json\/wp\/v2\/users\/25"}],"replies":[{"embeddable":true,"href":"https:\/\/villarrealcf.es\/val\/wp-json\/wp\/v2\/comments?post=299989"}],"version-history":[{"count":0,"href":"https:\/\/villarrealcf.es\/val\/wp-json\/wp\/v2\/posts\/299989\/revisions"}],"wp:featuredmedia":[{"embeddable":true,"href":"https:\/\/villarrealcf.es\/val\/wp-json\/wp\/v2\/media\/299988"}],"wp:attachment":[{"href":"https:\/\/villarrealcf.es\/val\/wp-json\/wp\/v2\/media?parent=299989"}],"wp:term":[{"taxonomy":"category","embeddable":true,"href":"https:\/\/villarrealcf.es\/val\/wp-json\/wp\/v2\/categories?post=299989"},{"taxonomy":"post_tag","embeddable":true,"href":"https:\/\/villarrealcf.es\/val\/wp-json\/wp\/v2\/tags?post=299989"}],"curies":[{"name":"wp","href":"https:\/\/api.w.org\/{rel}","templated":true}]}}