{"id":299782,"date":"2024-03-07T23:34:29","date_gmt":"2024-03-07T22:34:29","guid":{"rendered":"https:\/\/villarrealcf.es\/marcelino-no-hemos-estado-a-la-altura\/"},"modified":"2024-03-07T23:36:08","modified_gmt":"2024-03-07T22:36:08","slug":"marcelino-no-hem-estat-a-laltura","status":"publish","type":"post","link":"https:\/\/villarrealcf.es\/val\/marcelino-no-hem-estat-a-laltura\/","title":{"rendered":"Marcelino: &#8220;No hem estat a l&#8217;altura&#8221;"},"content":{"protected":false,"blocks":[{"type":"heading","level":2,"text":"L\u2019entrenador del Villarreal ha lamentat la derrota davant l\u2019Olympique de Marsella (4-0)"},{"type":"paragraph","text":"L\u2019entrenador del Villarreal CF, Marcelino Garc\u00eda, ha comparegut davant els mitjans de comunicaci\u00f3 a la sala de premsa del Stade V\u00e9lodrome despr\u00e9s de la derrota davant l\u2019Olympique de Marsella en la trobada d\u2019anada dels octaus de final de la UEFA Europa League."},{"type":"paragraph","text":"El preparador groguet ha lamentat profundament la derrota davant l\u2019Olympique de Marsella, al qual considera just vencedor del partit. \u201cHem trencat amb la bona din\u00e0mica de joc i competitivitat que ven\u00edem demostrant. Hem estat molt per davall d\u2019eixe nivell. Jug\u00e0vem contra un bon equip, que va demostrar una gran efic\u00e0cia i hem de felicitar-los perqu\u00e8 van ser millors i juguem millor. Nosaltres no vam estar a la nostra altura i el responsable soc jo. No vaig prendre les decisions correctes i assumisc la culpabilitat d\u2019este resultat\u201d."}],"structured":{"summary":{"text":"L\u2019entrenador del Villarreal ha lamentat la derrota davant l\u2019Olympique de Marsella (4-0) L\u2019entrenador del Villarreal CF, Marcelino Garc\u00eda, ha comparegut davant els mitjans de comunicaci\u00f3 a la sala de premsa del Stade V\u00e9lodrome despr\u00e9s de la derrota davant l\u2019Olympique de Marsella en la trobada d\u2019anada dels octaus de final de la UEFA Europa League. El preparador groguet ha lamentat profundament la derrota davant l\u2019Olympique de Marsella, al qual considera just vencedor del partit. \u201cHem trencat amb la bona din\u00e0mica de joc i competitivitat que ven\u00edem demostrant. Hem estat molt per davall d\u2019eixe nivell. Jug\u00e0vem contra un bon equip, que va demostrar una gran efic\u00e0cia i hem de felicitar-los perqu\u00e8 van ser millors i juguem millor. Nosaltres no vam estar a la nostra altura i el responsable soc jo. No vaig prendre les decisions correctes i assumisc la culpabilitat d\u2019este resultat\u201d.","headings":[{"type":"heading","level":2,"text":"L\u2019entrenador del Villarreal ha lamentat la derrota davant l\u2019Olympique de Marsella (4-0)"}],"buttons":[],"images":[],"counts":{"blocks":3,"headings":1,"texts":2,"buttons":0,"images":0}},"sections":[{"id":"section-1","title":"L\u2019entrenador del Villarreal ha lamentat la derrota davant l\u2019Olympique de Marsella (4-0)","text":"L\u2019entrenador del Villarreal ha lamentat la derrota davant l\u2019Olympique de Marsella (4-0) L\u2019entrenador del Villarreal CF, Marcelino Garc\u00eda, ha comparegut davant els mitjans de comunicaci\u00f3 a la sala de premsa del Stade V\u00e9lodrome despr\u00e9s de la derrota davant l\u2019Olympique de Marsella en la trobada d\u2019anada dels octaus de final de la UEFA Europa League. El preparador groguet ha lamentat profundament la derrota davant l\u2019Olympique de Marsella, al qual considera just vencedor del partit. \u201cHem trencat amb la bona din\u00e0mica de joc i competitivitat que ven\u00edem demostrant. Hem estat molt per davall d\u2019eixe nivell. Jug\u00e0vem contra un bon equip, que va demostrar una gran efic\u00e0cia i hem de felicitar-los perqu\u00e8 van ser millors i juguem millor. Nosaltres no vam estar a la nostra altura i el responsable soc jo. No vaig prendre les decisions correctes i assumisc la culpabilitat d\u2019este resultat\u201d.","headings":[{"type":"heading","level":2,"text":"L\u2019entrenador del Villarreal ha lamentat la derrota davant l\u2019Olympique de Marsella (4-0)"}],"texts":[{"type":"paragraph","text":"L\u2019entrenador del Villarreal CF, Marcelino Garc\u00eda, ha comparegut davant els mitjans de comunicaci\u00f3 a la sala de premsa del Stade V\u00e9lodrome despr\u00e9s de la derrota davant l\u2019Olympique de Marsella en la trobada d\u2019anada dels octaus de final de la UEFA Europa League."},{"type":"paragraph","text":"El preparador groguet ha lamentat profundament la derrota davant l\u2019Olympique de Marsella, al qual considera just vencedor del partit. \u201cHem trencat amb la bona din\u00e0mica de joc i competitivitat que ven\u00edem demostrant. Hem estat molt per davall d\u2019eixe nivell. Jug\u00e0vem contra un bon equip, que va demostrar una gran efic\u00e0cia i hem de felicitar-los perqu\u00e8 van ser millors i juguem millor. Nosaltres no vam estar a la nostra altura i el responsable soc jo. No vaig prendre les decisions correctes i assumisc la culpabilitat d\u2019este resultat\u201d."}],"buttons":[],"images":[],"widgets":[],"blocks":[{"type":"heading","level":2,"text":"L\u2019entrenador del Villarreal ha lamentat la derrota davant l\u2019Olympique de Marsella (4-0)"},{"type":"paragraph","text":"L\u2019entrenador del Villarreal CF, Marcelino Garc\u00eda, ha comparegut davant els mitjans de comunicaci\u00f3 a la sala de premsa del Stade V\u00e9lodrome despr\u00e9s de la derrota davant l\u2019Olympique de Marsella en la trobada d\u2019anada dels octaus de final de la UEFA Europa League."},{"type":"paragraph","text":"El preparador groguet ha lamentat profundament la derrota davant l\u2019Olympique de Marsella, al qual considera just vencedor del partit. \u201cHem trencat amb la bona din\u00e0mica de joc i competitivitat que ven\u00edem demostrant. Hem estat molt per davall d\u2019eixe nivell. Jug\u00e0vem contra un bon equip, que va demostrar una gran efic\u00e0cia i hem de felicitar-los perqu\u00e8 van ser millors i juguem millor. Nosaltres no vam estar a la nostra altura i el responsable soc jo. No vaig prendre les decisions correctes i assumisc la culpabilitat d\u2019este resultat\u201d."}]}],"hero":{"id":"section-1","title":"L\u2019entrenador del Villarreal ha lamentat la derrota davant l\u2019Olympique de Marsella (4-0)","text":"L\u2019entrenador del Villarreal ha lamentat la derrota davant l\u2019Olympique de Marsella (4-0) L\u2019entrenador del Villarreal CF, Marcelino Garc\u00eda, ha comparegut davant els mitjans de comunicaci\u00f3 a la sala de premsa del Stade V\u00e9lodrome despr\u00e9s de la derrota davant l\u2019Olympique de Marsella en la trobada d\u2019anada dels octaus de final de la UEFA Europa League. El preparador groguet ha lamentat profundament la derrota davant l\u2019Olympique de Marsella, al qual considera just vencedor del partit. \u201cHem trencat amb la bona din\u00e0mica de joc i competitivitat que ven\u00edem demostrant. Hem estat molt per davall d\u2019eixe nivell. Jug\u00e0vem contra un bon equip, que va demostrar una gran efic\u00e0cia i hem de felicitar-los perqu\u00e8 van ser millors i juguem millor. Nosaltres no vam estar a la nostra altura i el responsable soc jo. No vaig prendre les decisions correctes i assumisc la culpabilitat d\u2019este resultat\u201d.","headings":[{"type":"heading","level":2,"text":"L\u2019entrenador del Villarreal ha lamentat la derrota davant l\u2019Olympique de Marsella (4-0)"}],"texts":[{"type":"paragraph","text":"L\u2019entrenador del Villarreal CF, Marcelino Garc\u00eda, ha comparegut davant els mitjans de comunicaci\u00f3 a la sala de premsa del Stade V\u00e9lodrome despr\u00e9s de la derrota davant l\u2019Olympique de Marsella en la trobada d\u2019anada dels octaus de final de la UEFA Europa League."},{"type":"paragraph","text":"El preparador groguet ha lamentat profundament la derrota davant l\u2019Olympique de Marsella, al qual considera just vencedor del partit. \u201cHem trencat amb la bona din\u00e0mica de joc i competitivitat que ven\u00edem demostrant. Hem estat molt per davall d\u2019eixe nivell. Jug\u00e0vem contra un bon equip, que va demostrar una gran efic\u00e0cia i hem de felicitar-los perqu\u00e8 van ser millors i juguem millor. Nosaltres no vam estar a la nostra altura i el responsable soc jo. No vaig prendre les decisions correctes i assumisc la culpabilitat d\u2019este resultat\u201d."}],"buttons":[],"images":[],"widgets":[],"blocks":[{"type":"heading","level":2,"text":"L\u2019entrenador del Villarreal ha lamentat la derrota davant l\u2019Olympique de Marsella (4-0)"},{"type":"paragraph","text":"L\u2019entrenador del Villarreal CF, Marcelino Garc\u00eda, ha comparegut davant els mitjans de comunicaci\u00f3 a la sala de premsa del Stade V\u00e9lodrome despr\u00e9s de la derrota davant l\u2019Olympique de Marsella en la trobada d\u2019anada dels octaus de final de la UEFA Europa League."},{"type":"paragraph","text":"El preparador groguet ha lamentat profundament la derrota davant l\u2019Olympique de Marsella, al qual considera just vencedor del partit. \u201cHem trencat amb la bona din\u00e0mica de joc i competitivitat que ven\u00edem demostrant. Hem estat molt per davall d\u2019eixe nivell. Jug\u00e0vem contra un bon equip, que va demostrar una gran efic\u00e0cia i hem de felicitar-los perqu\u00e8 van ser millors i juguem millor. Nosaltres no vam estar a la nostra altura i el responsable soc jo. No vaig prendre les decisions correctes i assumisc la culpabilitat d\u2019este resultat\u201d."}]}},"sections":[{"id":"section-1","title":"L\u2019entrenador del Villarreal ha lamentat la derrota davant l\u2019Olympique de Marsella (4-0)","text":"L\u2019entrenador del Villarreal ha lamentat la derrota davant l\u2019Olympique de Marsella (4-0) L\u2019entrenador del Villarreal CF, Marcelino Garc\u00eda, ha comparegut davant els mitjans de comunicaci\u00f3 a la sala de premsa del Stade V\u00e9lodrome despr\u00e9s de la derrota davant l\u2019Olympique de Marsella en la trobada d\u2019anada dels octaus de final de la UEFA Europa League. El preparador groguet ha lamentat profundament la derrota davant l\u2019Olympique de Marsella, al qual considera just vencedor del partit. \u201cHem trencat amb la bona din\u00e0mica de joc i competitivitat que ven\u00edem demostrant. Hem estat molt per davall d\u2019eixe nivell. Jug\u00e0vem contra un bon equip, que va demostrar una gran efic\u00e0cia i hem de felicitar-los perqu\u00e8 van ser millors i juguem millor. Nosaltres no vam estar a la nostra altura i el responsable soc jo. No vaig prendre les decisions correctes i assumisc la culpabilitat d\u2019este resultat\u201d.","url":"","background_image":"","images":[],"videos":[],"links":[]}]},"excerpt":{"rendered":"L&#8217;entrenador del Villarreal ha lamentat la derrota davant l&#8217;Olympique de Marsella (4-0)","protected":false},"author":33,"featured_media":299764,"comment_status":"closed","ping_status":"closed","sticky":false,"template":"","format":"standard","meta":{"_acf_changed":false,"footnotes":""},"categories":[13493],"tags":[717,9270,10917,9252,15508,9323,9680,716,15545,9205,9627,9914,9203],"acf":null,"lang":"val","translations":{"es":299751,"val":299782,"en":299783},"essential_grid":{"has_grid":false},"formatted_date":"March 7, 2024","modified_date":"March 7, 2024","permalink":"https:\/\/villarrealcf.es\/val\/marcelino-no-hem-estat-a-laltura\/","reading_time":1,"featured_media_data":{"id":299764,"title":"OlympiqueMarsella-VillarrealCF-048","caption":"","alt_text":"","description":"","mime_type":"image\/png","source_url":"https:\/\/villarrealcf.es\/wp-content\/uploads\/2024\/03\/OlympiqueMarsella-VillarrealCF-048.png","sizes":{"thumbnail":{"url":"https:\/\/villarrealcf.es\/wp-content\/uploads\/2024\/03\/OlympiqueMarsella-VillarrealCF-048-1920x1080.png","width":1920,"height":1080},"medium":{"url":"https:\/\/villarrealcf.es\/wp-content\/uploads\/2024\/03\/OlympiqueMarsella-VillarrealCF-048-1920x1080.png","width":1920,"height":1080},"medium_large":{"url":"https:\/\/villarrealcf.es\/wp-content\/uploads\/2024\/03\/OlympiqueMarsella-VillarrealCF-048-768x432.png","width":768,"height":432},"large":{"url":"https:\/\/villarrealcf.es\/wp-content\/uploads\/2024\/03\/OlympiqueMarsella-VillarrealCF-048-1920x1080.png","width":788,"height":443},"1536x1536":{"url":"https:\/\/villarrealcf.es\/wp-content\/uploads\/2024\/03\/OlympiqueMarsella-VillarrealCF-048-1536x864.png","width":1536,"height":864},"2048x2048":{"url":"https:\/\/villarrealcf.es\/wp-content\/uploads\/2024\/03\/OlympiqueMarsella-VillarrealCF-048-2048x1152.png","width":2048,"height":1152},"tp-image-grid":{"url":"https:\/\/villarrealcf.es\/wp-content\/uploads\/2024\/03\/OlympiqueMarsella-VillarrealCF-048-700x700.png","width":700,"height":700},"size-bunyad-medium":{"url":"https:\/\/villarrealcf.es\/wp-content\/uploads\/2024\/03\/OlympiqueMarsella-VillarrealCF-048-1920x1080.png","width":1920,"height":1080},"sportspress-crop-medium":{"url":"https:\/\/villarrealcf.es\/wp-content\/uploads\/2024\/03\/OlympiqueMarsella-VillarrealCF-048-300x300.png","width":300,"height":300},"sportspress-fit-medium":{"url":"https:\/\/villarrealcf.es\/wp-content\/uploads\/2024\/03\/OlympiqueMarsella-VillarrealCF-048-300x169.png","width":300,"height":169},"sportspress-fit-icon":{"url":"https:\/\/villarrealcf.es\/wp-content\/uploads\/2024\/03\/OlympiqueMarsella-VillarrealCF-048-128x72.png","width":128,"height":72},"sportspress-fit-mini":{"url":"https:\/\/villarrealcf.es\/wp-content\/uploads\/2024\/03\/OlympiqueMarsella-VillarrealCF-048-32x18.png","width":32,"height":18},"bunyad-small":{"url":"https:\/\/villarrealcf.es\/wp-content\/uploads\/2024\/03\/OlympiqueMarsella-VillarrealCF-048-150x84.png","width":150,"height":84},"bunyad-medium":{"url":"https:\/\/villarrealcf.es\/wp-content\/uploads\/2024\/03\/OlympiqueMarsella-VillarrealCF-048-450x253.png","width":450,"height":253},"bunyad-full":{"url":"https:\/\/villarrealcf.es\/wp-content\/uploads\/2024\/03\/OlympiqueMarsella-VillarrealCF-048-1200x675.png","width":1200,"height":675},"bunyad-viewport":{"url":"https:\/\/villarrealcf.es\/wp-content\/uploads\/2024\/03\/OlympiqueMarsella-VillarrealCF-048-2048x1152.png","width":2048,"height":1152},"bunyad-768":{"url":"https:\/\/villarrealcf.es\/wp-content\/uploads\/2024\/03\/OlympiqueMarsella-VillarrealCF-048-768x432.png","width":768,"height":432},"full":{"url":"https:\/\/villarrealcf.es\/wp-content\/uploads\/2024\/03\/OlympiqueMarsella-VillarrealCF-048.png","width":2835,"height":1595}}},"author_data":{"id":"33","name":"Nacho Tejada","first_name":"Nacho","last_name":"Tejada","description":"","avatar_url":"https:\/\/secure.gravatar.com\/avatar\/b1580534b2fcd93e031504756165758941290488df5c88966a26f84344931fd1?s=96&d=mm&r=g","acf":null},"taxonomies_data":{"category":[{"id":13493,"name":"Primer equip","slug":"primer-equip","acf":null}],"post_tag":[{"id":717,"name":"Football","slug":"football-d34","acf":null},{"id":9270,"name":"Futbol","slug":"futbol-val","acf":null},{"id":10917,"name":"Marcelino","slug":"marcelino-val","acf":null},{"id":9252,"name":"Octavos de final","slug":"octavos-de-final-val","acf":null},{"id":15508,"name":"Olympique de Marsella","slug":"olympique-de-marsella-2-val","acf":null},{"id":9323,"name":"Partido de Ida","slug":"partido-de-ida-val","acf":null},{"id":9680,"name":"Rueda de prensa","slug":"rueda-de-prensa-val","acf":null},{"id":716,"name":"Soccer","slug":"soccer-d105","acf":null},{"id":15545,"name":"Stade de Marseille","slug":"stade-de-marseille-val","acf":null},{"id":9205,"name":"Submarino","slug":"submarino-val","acf":null},{"id":9627,"name":"Submarino Amarillo","slug":"submarino-amarillo-val","acf":null},{"id":9914,"name":"UEFA Europa League","slug":"uefa-europa-league-val","acf":null},{"id":9203,"name":"Villarreal CF","slug":"villarreal-cf-val","acf":null}],"translation_priority":[{"id":735,"name":"Optional","slug":"optional-val","acf":null}]},"seo_full":{"native":{"title":"Marcelino: &#8220;No hem estat a l&#8217;altura&#8221; - Web Oficial del Villarreal CF","description":"L'entrenador del Villarreal ha lamentat la derrota davant l'Olympique de Marsella (4-0)","canonical":"https:\/\/villarrealcf.es\/val\/marcelino-no-hem-estat-a-laltura\/"}},"_links":{"self":[{"href":"https:\/\/villarrealcf.es\/val\/wp-json\/wp\/v2\/posts\/299782","targetHints":{"allow":["GET"]}}],"collection":[{"href":"https:\/\/villarrealcf.es\/val\/wp-json\/wp\/v2\/posts"}],"about":[{"href":"https:\/\/villarrealcf.es\/val\/wp-json\/wp\/v2\/types\/post"}],"author":[{"embeddable":true,"href":"https:\/\/villarrealcf.es\/val\/wp-json\/wp\/v2\/users\/33"}],"replies":[{"embeddable":true,"href":"https:\/\/villarrealcf.es\/val\/wp-json\/wp\/v2\/comments?post=299782"}],"version-history":[{"count":0,"href":"https:\/\/villarrealcf.es\/val\/wp-json\/wp\/v2\/posts\/299782\/revisions"}],"wp:featuredmedia":[{"embeddable":true,"href":"https:\/\/villarrealcf.es\/val\/wp-json\/wp\/v2\/media\/299764"}],"wp:attachment":[{"href":"https:\/\/villarrealcf.es\/val\/wp-json\/wp\/v2\/media?parent=299782"}],"wp:term":[{"taxonomy":"category","embeddable":true,"href":"https:\/\/villarrealcf.es\/val\/wp-json\/wp\/v2\/categories?post=299782"},{"taxonomy":"post_tag","embeddable":true,"href":"https:\/\/villarrealcf.es\/val\/wp-json\/wp\/v2\/tags?post=299782"}],"curies":[{"name":"wp","href":"https:\/\/api.w.org\/{rel}","templated":true}]}}