{"id":299729,"date":"2024-03-06T20:35:20","date_gmt":"2024-03-06T19:35:20","guid":{"rendered":"https:\/\/villarrealcf.es\/la-europa-league-llega-en-un-buen-momento-para-nosotros\/"},"modified":"2024-03-06T20:41:34","modified_gmt":"2024-03-06T19:41:34","slug":"leuropa-league-arriba-en-un-bon-moment-per-a-nosaltres","status":"publish","type":"post","link":"https:\/\/villarrealcf.es\/val\/leuropa-league-arriba-en-un-bon-moment-per-a-nosaltres\/","title":{"rendered":"\u201cL&#8217;Europa League arriba en un bon moment per a nosaltres\u201d"},"content":{"protected":false,"blocks":[{"type":"heading","level":2,"text":"El t\u00e8cnic asturi\u00e0 ha augurat una eliminat\u00f2ria atractiva i molt competida davant l\u2019Olympique de Marsella"},{"type":"paragraph","text":"L\u2019entrenador del Villarreal CF, Marcelino Garc\u00eda Toral, ha comparegut este dimecres davant els mitjans de comunicaci\u00f3 en l\u2019Estadi V\u00e9lodrome de l\u2019Olympique de Marsella. Acompanyat per Gerard Moreno, el t\u00e8cnic asturi\u00e0 ha analitzat la pr\u00e8via del partit d\u2019anada dels huitens de final de la UEFA Europa League, que enfrontar\u00e0 al seu equip davant el conjunt gal."},{"type":"paragraph","text":"\u201cL\u2019equip arriba b\u00e9. Portem ja diverses setmanes competint b\u00e9 i fent bons partits. Ara, a m\u00e9s, estem traient bons resultats\u201d, ha recordat Marcelino en al\u00b7lusi\u00f3 a la bona din\u00e0mica del Submar\u00ed en el campionat de lliga."},{"type":"paragraph","text":"De la mateixa manera, l\u2019entrenador groc ha manifestat la seua satisfacci\u00f3 per disputar amb el Villarreal este tipus d\u2019eliminat\u00f2ries continentals: \u201cDamunt ara venim a este gran escenari a afrontar una bonica eliminat\u00f2ria davant un gran rival. Estem concents d\u2019estar en esta situaci\u00f3 en la qual estem d\u2019afrontar un duel tan bonic i alhora important\u201d."},{"type":"paragraph","text":"Per a Marcelino, l\u2019Olympique de Marsella \u00e9s un \u2018vell\u2019 conegut. Circumst\u00e0ncia que creu que no afectar\u00e0 en l\u2019eliminat\u00f2ria: \u201cNo condicionar\u00e0 que haja entrenat al Marsella esta temporada. Han passat ja altres entrenadors i l\u2019actual porta molt poc. No crec que el fet que conega a l\u2019equip vaja a ser molt important. El que s\u00ed que tenim \u00e9s molta il\u00b7lusi\u00f3 i guanyar d\u2019afrontar el partit. Ens enfrontem a un gran club i crec que l\u2019eliminat\u00f2ria ser\u00e0 molt atractiva\u201d."},{"type":"paragraph","text":"En la mateixa l\u00ednia, el t\u00e8cnic groguet apunta que ser\u00e0 un duel molt competitiu: \u201cQuan vaig veure el sorteig vaig pensar que seria una bonica eliminat\u00f2ria, entre dos equips de molt bon nivell, competitius i que ser\u00e0 tot molt bonic. Quan vaig arribar ac\u00ed m\u2019haguera agradat complir el contracte que firmem, diferents circumst\u00e0ncies ho van impedir i ara nom\u00e9s cal pensar el present. El passat s\u00f3n experi\u00e8ncies viscudes i de les quals hem d\u2019aprendre. Ara toca centrar-se en gaudir del duel davant un gran equip i gaudir de l\u2019escenari on ens enfrontarem\u201d."}],"structured":{"summary":{"text":"El t\u00e8cnic asturi\u00e0 ha augurat una eliminat\u00f2ria atractiva i molt competida davant l\u2019Olympique de Marsella L\u2019entrenador del Villarreal CF, Marcelino Garc\u00eda Toral, ha comparegut este dimecres davant els mitjans de comunicaci\u00f3 en l\u2019Estadi V\u00e9lodrome de l\u2019Olympique de Marsella. Acompanyat per Gerard Moreno, el t\u00e8cnic asturi\u00e0 ha analitzat la pr\u00e8via del partit d\u2019anada dels huitens de final de la UEFA Europa League, que enfrontar\u00e0 al seu equip davant el conjunt gal. \u201cL\u2019equip arriba b\u00e9. Portem ja diverses setmanes competint b\u00e9 i fent bons partits. Ara, a m\u00e9s, estem traient bons resultats\u201d, ha recordat Marcelino en al\u00b7lusi\u00f3 a la bona din\u00e0mica del Submar\u00ed en el campionat de lliga. De la mateixa manera, l\u2019entrenador groc ha manifestat la seua satisfacci\u00f3 per disputar amb el Villarreal este tipus d\u2019eliminat\u00f2ries continentals: \u201cDamunt ara venim a este gran escenari a afrontar una bonica eliminat\u00f2ria davant un gran rival. Estem concents d\u2019estar en esta situaci\u00f3 en la qual estem d\u2019afrontar un duel tan bonic i alhora important\u201d. Per a Marcelino, l\u2019Olympique de Marsella \u00e9s un \u2018vell\u2019 conegut. Circumst\u00e0ncia que creu que no afectar\u00e0 en l\u2019eliminat\u00f2ria: \u201cNo condicionar\u00e0 que haja entrenat al Marsella esta temporada. Han passat ja altres entrenadors i l\u2019actual porta molt poc. No crec que el fet que conega a l\u2019equip vaja a ser molt important. El que s\u00ed que tenim \u00e9s molta il\u00b7lusi\u00f3 i guanyar d\u2019afrontar el partit. Ens enfrontem a un gran club i crec que l\u2019eliminat\u00f2ria ser\u00e0 molt atractiva\u201d. En la mateixa l\u00ednia, el t\u00e8cnic groguet apunta que ser\u00e0 un duel molt competitiu: \u201cQuan vaig veure el sorteig vaig pensar que seria una bonica eliminat\u00f2ria, entre dos equips de molt bon nivell, competitius i que ser\u00e0 tot molt bonic. Quan vaig arribar ac\u00ed m\u2019haguera agradat complir el contracte que firmem, diferents circumst\u00e0ncies ho van impedir i ara nom\u00e9s cal pensar el present. El passat s\u00f3n experi\u00e8ncies viscudes i de les quals hem d\u2019aprendre. Ara toca centrar-se en gaudir del duel davant un gran equip i gaudir de l\u2019escenari on ens enfrontarem\u201d.","headings":[{"type":"heading","level":2,"text":"El t\u00e8cnic asturi\u00e0 ha augurat una eliminat\u00f2ria atractiva i molt competida davant l\u2019Olympique de Marsella"}],"buttons":[],"images":[],"counts":{"blocks":6,"headings":1,"texts":5,"buttons":0,"images":0}},"sections":[{"id":"section-1","title":"El t\u00e8cnic asturi\u00e0 ha augurat una eliminat\u00f2ria atractiva i molt competida davant l\u2019Olympique de Marsella","text":"El t\u00e8cnic asturi\u00e0 ha augurat una eliminat\u00f2ria atractiva i molt competida davant l\u2019Olympique de Marsella L\u2019entrenador del Villarreal CF, Marcelino Garc\u00eda Toral, ha comparegut este dimecres davant els mitjans de comunicaci\u00f3 en l\u2019Estadi V\u00e9lodrome de l\u2019Olympique de Marsella. Acompanyat per Gerard Moreno, el t\u00e8cnic asturi\u00e0 ha analitzat la pr\u00e8via del partit d\u2019anada dels huitens de final de la UEFA Europa League, que enfrontar\u00e0 al seu equip davant el conjunt gal. \u201cL\u2019equip arriba b\u00e9. Portem ja diverses setmanes competint b\u00e9 i fent bons partits. Ara, a m\u00e9s, estem traient bons resultats\u201d, ha recordat Marcelino en al\u00b7lusi\u00f3 a la bona din\u00e0mica del Submar\u00ed en el campionat de lliga. De la mateixa manera, l\u2019entrenador groc ha manifestat la seua satisfacci\u00f3 per disputar amb el Villarreal este tipus d\u2019eliminat\u00f2ries continentals: \u201cDamunt ara venim a este gran escenari a afrontar una bonica eliminat\u00f2ria davant un gran rival. Estem concents d\u2019estar en esta situaci\u00f3 en la qual estem d\u2019afrontar un duel tan bonic i alhora important\u201d. Per a Marcelino, l\u2019Olympique de Marsella \u00e9s un \u2018vell\u2019 conegut. Circumst\u00e0ncia que creu que no afectar\u00e0 en l\u2019eliminat\u00f2ria: \u201cNo condicionar\u00e0 que haja entrenat al Marsella esta temporada. Han passat ja altres entrenadors i l\u2019actual porta molt poc. No crec que el fet que conega a l\u2019equip vaja a ser molt important. El que s\u00ed que tenim \u00e9s molta il\u00b7lusi\u00f3 i guanyar d\u2019afrontar el partit. Ens enfrontem a un gran club i crec que l\u2019eliminat\u00f2ria ser\u00e0 molt atractiva\u201d. En la mateixa l\u00ednia, el t\u00e8cnic groguet apunta que ser\u00e0 un duel molt competitiu: \u201cQuan vaig veure el sorteig vaig pensar que seria una bonica eliminat\u00f2ria, entre dos equips de molt bon nivell, competitius i que ser\u00e0 tot molt bonic. Quan vaig arribar ac\u00ed m\u2019haguera agradat complir el contracte que firmem, diferents circumst\u00e0ncies ho van impedir i ara nom\u00e9s cal pensar el present. El passat s\u00f3n experi\u00e8ncies viscudes i de les quals hem d\u2019aprendre. Ara toca centrar-se en gaudir del duel davant un gran equip i gaudir de l\u2019escenari on ens enfrontarem\u201d.","headings":[{"type":"heading","level":2,"text":"El t\u00e8cnic asturi\u00e0 ha augurat una eliminat\u00f2ria atractiva i molt competida davant l\u2019Olympique de Marsella"}],"texts":[{"type":"paragraph","text":"L\u2019entrenador del Villarreal CF, Marcelino Garc\u00eda Toral, ha comparegut este dimecres davant els mitjans de comunicaci\u00f3 en l\u2019Estadi V\u00e9lodrome de l\u2019Olympique de Marsella. Acompanyat per Gerard Moreno, el t\u00e8cnic asturi\u00e0 ha analitzat la pr\u00e8via del partit d\u2019anada dels huitens de final de la UEFA Europa League, que enfrontar\u00e0 al seu equip davant el conjunt gal."},{"type":"paragraph","text":"\u201cL\u2019equip arriba b\u00e9. Portem ja diverses setmanes competint b\u00e9 i fent bons partits. Ara, a m\u00e9s, estem traient bons resultats\u201d, ha recordat Marcelino en al\u00b7lusi\u00f3 a la bona din\u00e0mica del Submar\u00ed en el campionat de lliga."},{"type":"paragraph","text":"De la mateixa manera, l\u2019entrenador groc ha manifestat la seua satisfacci\u00f3 per disputar amb el Villarreal este tipus d\u2019eliminat\u00f2ries continentals: \u201cDamunt ara venim a este gran escenari a afrontar una bonica eliminat\u00f2ria davant un gran rival. Estem concents d\u2019estar en esta situaci\u00f3 en la qual estem d\u2019afrontar un duel tan bonic i alhora important\u201d."},{"type":"paragraph","text":"Per a Marcelino, l\u2019Olympique de Marsella \u00e9s un \u2018vell\u2019 conegut. Circumst\u00e0ncia que creu que no afectar\u00e0 en l\u2019eliminat\u00f2ria: \u201cNo condicionar\u00e0 que haja entrenat al Marsella esta temporada. Han passat ja altres entrenadors i l\u2019actual porta molt poc. No crec que el fet que conega a l\u2019equip vaja a ser molt important. El que s\u00ed que tenim \u00e9s molta il\u00b7lusi\u00f3 i guanyar d\u2019afrontar el partit. Ens enfrontem a un gran club i crec que l\u2019eliminat\u00f2ria ser\u00e0 molt atractiva\u201d."},{"type":"paragraph","text":"En la mateixa l\u00ednia, el t\u00e8cnic groguet apunta que ser\u00e0 un duel molt competitiu: \u201cQuan vaig veure el sorteig vaig pensar que seria una bonica eliminat\u00f2ria, entre dos equips de molt bon nivell, competitius i que ser\u00e0 tot molt bonic. Quan vaig arribar ac\u00ed m\u2019haguera agradat complir el contracte que firmem, diferents circumst\u00e0ncies ho van impedir i ara nom\u00e9s cal pensar el present. El passat s\u00f3n experi\u00e8ncies viscudes i de les quals hem d\u2019aprendre. Ara toca centrar-se en gaudir del duel davant un gran equip i gaudir de l\u2019escenari on ens enfrontarem\u201d."}],"buttons":[],"images":[],"widgets":[],"blocks":[{"type":"heading","level":2,"text":"El t\u00e8cnic asturi\u00e0 ha augurat una eliminat\u00f2ria atractiva i molt competida davant l\u2019Olympique de Marsella"},{"type":"paragraph","text":"L\u2019entrenador del Villarreal CF, Marcelino Garc\u00eda Toral, ha comparegut este dimecres davant els mitjans de comunicaci\u00f3 en l\u2019Estadi V\u00e9lodrome de l\u2019Olympique de Marsella. Acompanyat per Gerard Moreno, el t\u00e8cnic asturi\u00e0 ha analitzat la pr\u00e8via del partit d\u2019anada dels huitens de final de la UEFA Europa League, que enfrontar\u00e0 al seu equip davant el conjunt gal."},{"type":"paragraph","text":"\u201cL\u2019equip arriba b\u00e9. Portem ja diverses setmanes competint b\u00e9 i fent bons partits. Ara, a m\u00e9s, estem traient bons resultats\u201d, ha recordat Marcelino en al\u00b7lusi\u00f3 a la bona din\u00e0mica del Submar\u00ed en el campionat de lliga."},{"type":"paragraph","text":"De la mateixa manera, l\u2019entrenador groc ha manifestat la seua satisfacci\u00f3 per disputar amb el Villarreal este tipus d\u2019eliminat\u00f2ries continentals: \u201cDamunt ara venim a este gran escenari a afrontar una bonica eliminat\u00f2ria davant un gran rival. Estem concents d\u2019estar en esta situaci\u00f3 en la qual estem d\u2019afrontar un duel tan bonic i alhora important\u201d."},{"type":"paragraph","text":"Per a Marcelino, l\u2019Olympique de Marsella \u00e9s un \u2018vell\u2019 conegut. Circumst\u00e0ncia que creu que no afectar\u00e0 en l\u2019eliminat\u00f2ria: \u201cNo condicionar\u00e0 que haja entrenat al Marsella esta temporada. Han passat ja altres entrenadors i l\u2019actual porta molt poc. No crec que el fet que conega a l\u2019equip vaja a ser molt important. El que s\u00ed que tenim \u00e9s molta il\u00b7lusi\u00f3 i guanyar d\u2019afrontar el partit. Ens enfrontem a un gran club i crec que l\u2019eliminat\u00f2ria ser\u00e0 molt atractiva\u201d."},{"type":"paragraph","text":"En la mateixa l\u00ednia, el t\u00e8cnic groguet apunta que ser\u00e0 un duel molt competitiu: \u201cQuan vaig veure el sorteig vaig pensar que seria una bonica eliminat\u00f2ria, entre dos equips de molt bon nivell, competitius i que ser\u00e0 tot molt bonic. Quan vaig arribar ac\u00ed m\u2019haguera agradat complir el contracte que firmem, diferents circumst\u00e0ncies ho van impedir i ara nom\u00e9s cal pensar el present. El passat s\u00f3n experi\u00e8ncies viscudes i de les quals hem d\u2019aprendre. Ara toca centrar-se en gaudir del duel davant un gran equip i gaudir de l\u2019escenari on ens enfrontarem\u201d."}]}],"hero":{"id":"section-1","title":"El t\u00e8cnic asturi\u00e0 ha augurat una eliminat\u00f2ria atractiva i molt competida davant l\u2019Olympique de Marsella","text":"El t\u00e8cnic asturi\u00e0 ha augurat una eliminat\u00f2ria atractiva i molt competida davant l\u2019Olympique de Marsella L\u2019entrenador del Villarreal CF, Marcelino Garc\u00eda Toral, ha comparegut este dimecres davant els mitjans de comunicaci\u00f3 en l\u2019Estadi V\u00e9lodrome de l\u2019Olympique de Marsella. Acompanyat per Gerard Moreno, el t\u00e8cnic asturi\u00e0 ha analitzat la pr\u00e8via del partit d\u2019anada dels huitens de final de la UEFA Europa League, que enfrontar\u00e0 al seu equip davant el conjunt gal. \u201cL\u2019equip arriba b\u00e9. Portem ja diverses setmanes competint b\u00e9 i fent bons partits. Ara, a m\u00e9s, estem traient bons resultats\u201d, ha recordat Marcelino en al\u00b7lusi\u00f3 a la bona din\u00e0mica del Submar\u00ed en el campionat de lliga. De la mateixa manera, l\u2019entrenador groc ha manifestat la seua satisfacci\u00f3 per disputar amb el Villarreal este tipus d\u2019eliminat\u00f2ries continentals: \u201cDamunt ara venim a este gran escenari a afrontar una bonica eliminat\u00f2ria davant un gran rival. Estem concents d\u2019estar en esta situaci\u00f3 en la qual estem d\u2019afrontar un duel tan bonic i alhora important\u201d. Per a Marcelino, l\u2019Olympique de Marsella \u00e9s un \u2018vell\u2019 conegut. Circumst\u00e0ncia que creu que no afectar\u00e0 en l\u2019eliminat\u00f2ria: \u201cNo condicionar\u00e0 que haja entrenat al Marsella esta temporada. Han passat ja altres entrenadors i l\u2019actual porta molt poc. No crec que el fet que conega a l\u2019equip vaja a ser molt important. El que s\u00ed que tenim \u00e9s molta il\u00b7lusi\u00f3 i guanyar d\u2019afrontar el partit. Ens enfrontem a un gran club i crec que l\u2019eliminat\u00f2ria ser\u00e0 molt atractiva\u201d. En la mateixa l\u00ednia, el t\u00e8cnic groguet apunta que ser\u00e0 un duel molt competitiu: \u201cQuan vaig veure el sorteig vaig pensar que seria una bonica eliminat\u00f2ria, entre dos equips de molt bon nivell, competitius i que ser\u00e0 tot molt bonic. Quan vaig arribar ac\u00ed m\u2019haguera agradat complir el contracte que firmem, diferents circumst\u00e0ncies ho van impedir i ara nom\u00e9s cal pensar el present. El passat s\u00f3n experi\u00e8ncies viscudes i de les quals hem d\u2019aprendre. Ara toca centrar-se en gaudir del duel davant un gran equip i gaudir de l\u2019escenari on ens enfrontarem\u201d.","headings":[{"type":"heading","level":2,"text":"El t\u00e8cnic asturi\u00e0 ha augurat una eliminat\u00f2ria atractiva i molt competida davant l\u2019Olympique de Marsella"}],"texts":[{"type":"paragraph","text":"L\u2019entrenador del Villarreal CF, Marcelino Garc\u00eda Toral, ha comparegut este dimecres davant els mitjans de comunicaci\u00f3 en l\u2019Estadi V\u00e9lodrome de l\u2019Olympique de Marsella. Acompanyat per Gerard Moreno, el t\u00e8cnic asturi\u00e0 ha analitzat la pr\u00e8via del partit d\u2019anada dels huitens de final de la UEFA Europa League, que enfrontar\u00e0 al seu equip davant el conjunt gal."},{"type":"paragraph","text":"\u201cL\u2019equip arriba b\u00e9. Portem ja diverses setmanes competint b\u00e9 i fent bons partits. Ara, a m\u00e9s, estem traient bons resultats\u201d, ha recordat Marcelino en al\u00b7lusi\u00f3 a la bona din\u00e0mica del Submar\u00ed en el campionat de lliga."},{"type":"paragraph","text":"De la mateixa manera, l\u2019entrenador groc ha manifestat la seua satisfacci\u00f3 per disputar amb el Villarreal este tipus d\u2019eliminat\u00f2ries continentals: \u201cDamunt ara venim a este gran escenari a afrontar una bonica eliminat\u00f2ria davant un gran rival. Estem concents d\u2019estar en esta situaci\u00f3 en la qual estem d\u2019afrontar un duel tan bonic i alhora important\u201d."},{"type":"paragraph","text":"Per a Marcelino, l\u2019Olympique de Marsella \u00e9s un \u2018vell\u2019 conegut. Circumst\u00e0ncia que creu que no afectar\u00e0 en l\u2019eliminat\u00f2ria: \u201cNo condicionar\u00e0 que haja entrenat al Marsella esta temporada. Han passat ja altres entrenadors i l\u2019actual porta molt poc. No crec que el fet que conega a l\u2019equip vaja a ser molt important. El que s\u00ed que tenim \u00e9s molta il\u00b7lusi\u00f3 i guanyar d\u2019afrontar el partit. Ens enfrontem a un gran club i crec que l\u2019eliminat\u00f2ria ser\u00e0 molt atractiva\u201d."},{"type":"paragraph","text":"En la mateixa l\u00ednia, el t\u00e8cnic groguet apunta que ser\u00e0 un duel molt competitiu: \u201cQuan vaig veure el sorteig vaig pensar que seria una bonica eliminat\u00f2ria, entre dos equips de molt bon nivell, competitius i que ser\u00e0 tot molt bonic. Quan vaig arribar ac\u00ed m\u2019haguera agradat complir el contracte que firmem, diferents circumst\u00e0ncies ho van impedir i ara nom\u00e9s cal pensar el present. El passat s\u00f3n experi\u00e8ncies viscudes i de les quals hem d\u2019aprendre. Ara toca centrar-se en gaudir del duel davant un gran equip i gaudir de l\u2019escenari on ens enfrontarem\u201d."}],"buttons":[],"images":[],"widgets":[],"blocks":[{"type":"heading","level":2,"text":"El t\u00e8cnic asturi\u00e0 ha augurat una eliminat\u00f2ria atractiva i molt competida davant l\u2019Olympique de Marsella"},{"type":"paragraph","text":"L\u2019entrenador del Villarreal CF, Marcelino Garc\u00eda Toral, ha comparegut este dimecres davant els mitjans de comunicaci\u00f3 en l\u2019Estadi V\u00e9lodrome de l\u2019Olympique de Marsella. Acompanyat per Gerard Moreno, el t\u00e8cnic asturi\u00e0 ha analitzat la pr\u00e8via del partit d\u2019anada dels huitens de final de la UEFA Europa League, que enfrontar\u00e0 al seu equip davant el conjunt gal."},{"type":"paragraph","text":"\u201cL\u2019equip arriba b\u00e9. Portem ja diverses setmanes competint b\u00e9 i fent bons partits. Ara, a m\u00e9s, estem traient bons resultats\u201d, ha recordat Marcelino en al\u00b7lusi\u00f3 a la bona din\u00e0mica del Submar\u00ed en el campionat de lliga."},{"type":"paragraph","text":"De la mateixa manera, l\u2019entrenador groc ha manifestat la seua satisfacci\u00f3 per disputar amb el Villarreal este tipus d\u2019eliminat\u00f2ries continentals: \u201cDamunt ara venim a este gran escenari a afrontar una bonica eliminat\u00f2ria davant un gran rival. Estem concents d\u2019estar en esta situaci\u00f3 en la qual estem d\u2019afrontar un duel tan bonic i alhora important\u201d."},{"type":"paragraph","text":"Per a Marcelino, l\u2019Olympique de Marsella \u00e9s un \u2018vell\u2019 conegut. Circumst\u00e0ncia que creu que no afectar\u00e0 en l\u2019eliminat\u00f2ria: \u201cNo condicionar\u00e0 que haja entrenat al Marsella esta temporada. Han passat ja altres entrenadors i l\u2019actual porta molt poc. No crec que el fet que conega a l\u2019equip vaja a ser molt important. El que s\u00ed que tenim \u00e9s molta il\u00b7lusi\u00f3 i guanyar d\u2019afrontar el partit. Ens enfrontem a un gran club i crec que l\u2019eliminat\u00f2ria ser\u00e0 molt atractiva\u201d."},{"type":"paragraph","text":"En la mateixa l\u00ednia, el t\u00e8cnic groguet apunta que ser\u00e0 un duel molt competitiu: \u201cQuan vaig veure el sorteig vaig pensar que seria una bonica eliminat\u00f2ria, entre dos equips de molt bon nivell, competitius i que ser\u00e0 tot molt bonic. Quan vaig arribar ac\u00ed m\u2019haguera agradat complir el contracte que firmem, diferents circumst\u00e0ncies ho van impedir i ara nom\u00e9s cal pensar el present. El passat s\u00f3n experi\u00e8ncies viscudes i de les quals hem d\u2019aprendre. Ara toca centrar-se en gaudir del duel davant un gran equip i gaudir de l\u2019escenari on ens enfrontarem\u201d."}]}},"sections":[{"id":"section-1","title":"El t\u00e8cnic asturi\u00e0 ha augurat una eliminat\u00f2ria atractiva i molt competida davant l\u2019Olympique de Marsella","text":"El t\u00e8cnic asturi\u00e0 ha augurat una eliminat\u00f2ria atractiva i molt competida davant l\u2019Olympique de Marsella L\u2019entrenador del Villarreal CF, Marcelino Garc\u00eda Toral, ha comparegut este dimecres davant els mitjans de comunicaci\u00f3 en l\u2019Estadi V\u00e9lodrome de l\u2019Olympique de Marsella. Acompanyat per Gerard Moreno, el t\u00e8cnic asturi\u00e0 ha analitzat la pr\u00e8via del partit d\u2019anada dels huitens de final de la UEFA Europa League, que enfrontar\u00e0 al seu equip davant el conjunt gal. \u201cL\u2019equip arriba b\u00e9. Portem ja diverses setmanes competint b\u00e9 i fent bons partits. Ara, a m\u00e9s, estem traient bons resultats\u201d, ha recordat Marcelino en al\u00b7lusi\u00f3 a la bona din\u00e0mica del Submar\u00ed en el campionat de lliga. De la mateixa manera, l\u2019entrenador groc ha manifestat la seua satisfacci\u00f3 per disputar amb el Villarreal este tipus d\u2019eliminat\u00f2ries continentals: \u201cDamunt ara venim a este gran escenari a afrontar una bonica eliminat\u00f2ria davant un gran rival. Estem concents d\u2019estar en esta situaci\u00f3 en la qual estem d\u2019afrontar un duel tan bonic i alhora important\u201d. Per a Marcelino, l\u2019Olympique de Marsella \u00e9s un \u2018vell\u2019 conegut. Circumst\u00e0ncia que creu que no afectar\u00e0 en l\u2019eliminat\u00f2ria: \u201cNo condicionar\u00e0 que haja entrenat al Marsella esta temporada. Han passat ja altres entrenadors i l\u2019actual porta molt poc. No crec que el fet que conega a l\u2019equip vaja a ser molt important. El que s\u00ed que tenim \u00e9s molta il\u00b7lusi\u00f3 i guanyar d\u2019afrontar el partit. Ens enfrontem a un gran club i crec que l\u2019eliminat\u00f2ria ser\u00e0 molt atractiva\u201d. En la mateixa l\u00ednia, el t\u00e8cnic groguet apunta que ser\u00e0 un duel molt competitiu: \u201cQuan vaig veure el sorteig vaig pensar que seria una bonica eliminat\u00f2ria, entre dos equips de molt bon nivell, competitius i que ser\u00e0 tot molt bonic. Quan vaig arribar ac\u00ed m\u2019haguera agradat complir el contracte que firmem, diferents circumst\u00e0ncies ho van impedir i ara nom\u00e9s cal pensar el present. El passat s\u00f3n experi\u00e8ncies viscudes i de les quals hem d\u2019aprendre. Ara toca centrar-se en gaudir del duel davant un gran equip i gaudir de l\u2019escenari on ens enfrontarem\u201d.","url":"","background_image":"","images":[],"videos":[],"links":[]}]},"excerpt":{"rendered":"El t\u00e8cnic asturi\u00e0 ha augurat una eliminat\u00f2ria atractiva i molt competida davant l&#8217;Olympique de Marsella","protected":false},"author":25,"featured_media":299726,"comment_status":"closed","ping_status":"closed","sticky":false,"template":"","format":"standard","meta":{"_acf_changed":false,"footnotes":""},"categories":[13493],"tags":[717,9270,9219,9252,15508,13427,9680,716,9205,9627,9914,9203],"acf":null,"lang":"val","translations":{"es":299714,"val":299729,"en":299737},"essential_grid":{"has_grid":false},"formatted_date":"March 6, 2024","modified_date":"March 6, 2024","permalink":"https:\/\/villarrealcf.es\/val\/leuropa-league-arriba-en-un-bon-moment-per-a-nosaltres\/","reading_time":2,"featured_media_data":{"id":299726,"title":"marcelinopreviamarsella","caption":"","alt_text":"","description":"","mime_type":"image\/jpeg","source_url":"https:\/\/villarrealcf.es\/wp-content\/uploads\/2024\/03\/marcelinopreviamarsella.jpg","sizes":{"thumbnail":{"url":"https:\/\/villarrealcf.es\/wp-content\/uploads\/2024\/03\/marcelinopreviamarsella-1920x1080.jpg","width":1920,"height":1080},"medium":{"url":"https:\/\/villarrealcf.es\/wp-content\/uploads\/2024\/03\/marcelinopreviamarsella-1920x1080.jpg","width":1920,"height":1080},"medium_large":{"url":"https:\/\/villarrealcf.es\/wp-content\/uploads\/2024\/03\/marcelinopreviamarsella-768x432.jpg","width":768,"height":432},"large":{"url":"https:\/\/villarrealcf.es\/wp-content\/uploads\/2024\/03\/marcelinopreviamarsella-1920x1080.jpg","width":788,"height":443},"1536x1536":{"url":"https:\/\/villarrealcf.es\/wp-content\/uploads\/2024\/03\/marcelinopreviamarsella-1536x864.jpg","width":1536,"height":864},"2048x2048":{"url":"https:\/\/villarrealcf.es\/wp-content\/uploads\/2024\/03\/marcelinopreviamarsella.jpg","width":1920,"height":1080},"tp-image-grid":{"url":"https:\/\/villarrealcf.es\/wp-content\/uploads\/2024\/03\/marcelinopreviamarsella-700x700.jpg","width":700,"height":700},"size-bunyad-medium":{"url":"https:\/\/villarrealcf.es\/wp-content\/uploads\/2024\/03\/marcelinopreviamarsella-1920x1080.jpg","width":1920,"height":1080},"sportspress-crop-medium":{"url":"https:\/\/villarrealcf.es\/wp-content\/uploads\/2024\/03\/marcelinopreviamarsella-300x300.jpg","width":300,"height":300},"sportspress-fit-medium":{"url":"https:\/\/villarrealcf.es\/wp-content\/uploads\/2024\/03\/marcelinopreviamarsella-300x169.jpg","width":300,"height":169},"sportspress-fit-icon":{"url":"https:\/\/villarrealcf.es\/wp-content\/uploads\/2024\/03\/marcelinopreviamarsella-128x72.jpg","width":128,"height":72},"sportspress-fit-mini":{"url":"https:\/\/villarrealcf.es\/wp-content\/uploads\/2024\/03\/marcelinopreviamarsella-32x18.jpg","width":32,"height":18},"bunyad-small":{"url":"https:\/\/villarrealcf.es\/wp-content\/uploads\/2024\/03\/marcelinopreviamarsella-150x84.jpg","width":150,"height":84},"bunyad-medium":{"url":"https:\/\/villarrealcf.es\/wp-content\/uploads\/2024\/03\/marcelinopreviamarsella-450x253.jpg","width":450,"height":253},"bunyad-full":{"url":"https:\/\/villarrealcf.es\/wp-content\/uploads\/2024\/03\/marcelinopreviamarsella-1200x675.jpg","width":1200,"height":675},"bunyad-viewport":{"url":"https:\/\/villarrealcf.es\/wp-content\/uploads\/2024\/03\/marcelinopreviamarsella.jpg","width":1920,"height":1080},"bunyad-768":{"url":"https:\/\/villarrealcf.es\/wp-content\/uploads\/2024\/03\/marcelinopreviamarsella-768x432.jpg","width":768,"height":432},"full":{"url":"https:\/\/villarrealcf.es\/wp-content\/uploads\/2024\/03\/marcelinopreviamarsella.jpg","width":1920,"height":1080}}},"author_data":{"id":"25","name":"Javier Ayuso","first_name":"Javier","last_name":"Ayuso","description":"","avatar_url":"https:\/\/secure.gravatar.com\/avatar\/fcf8894be45988fcce5bbff0efe1790d2a7f4ba57e2c7c898f5068154e696495?s=96&d=mm&r=g","acf":null},"taxonomies_data":{"category":[{"id":13493,"name":"Primer equip","slug":"primer-equip","acf":null}],"post_tag":[{"id":717,"name":"Football","slug":"football-d34","acf":null},{"id":9270,"name":"Futbol","slug":"futbol-val","acf":null},{"id":9219,"name":"Marcelino Garc\u00eda Toral","slug":"marcelino-garcia-toral-val","acf":null},{"id":9252,"name":"Octavos de final","slug":"octavos-de-final-val","acf":null},{"id":15508,"name":"Olympique de Marsella","slug":"olympique-de-marsella-2-val","acf":null},{"id":13427,"name":"Primer Equipo","slug":"primer-equipo-val","acf":null},{"id":9680,"name":"Rueda de prensa","slug":"rueda-de-prensa-val","acf":null},{"id":716,"name":"Soccer","slug":"soccer-d105","acf":null},{"id":9205,"name":"Submarino","slug":"submarino-val","acf":null},{"id":9627,"name":"Submarino Amarillo","slug":"submarino-amarillo-val","acf":null},{"id":9914,"name":"UEFA Europa League","slug":"uefa-europa-league-val","acf":null},{"id":9203,"name":"Villarreal CF","slug":"villarreal-cf-val","acf":null}],"translation_priority":[{"id":735,"name":"Optional","slug":"optional-val","acf":null}]},"seo_full":{"native":{"title":"\u201cL&#8217;Europa League arriba en un bon moment per a nosaltres\u201d - Web Oficial del Villarreal CF","description":"El t\u00e8cnic asturi\u00e0 ha augurat una eliminat\u00f2ria atractiva i molt competida davant l'Olympique de Marsella","canonical":"https:\/\/villarrealcf.es\/val\/leuropa-league-arriba-en-un-bon-moment-per-a-nosaltres\/"}},"_links":{"self":[{"href":"https:\/\/villarrealcf.es\/val\/wp-json\/wp\/v2\/posts\/299729","targetHints":{"allow":["GET"]}}],"collection":[{"href":"https:\/\/villarrealcf.es\/val\/wp-json\/wp\/v2\/posts"}],"about":[{"href":"https:\/\/villarrealcf.es\/val\/wp-json\/wp\/v2\/types\/post"}],"author":[{"embeddable":true,"href":"https:\/\/villarrealcf.es\/val\/wp-json\/wp\/v2\/users\/25"}],"replies":[{"embeddable":true,"href":"https:\/\/villarrealcf.es\/val\/wp-json\/wp\/v2\/comments?post=299729"}],"version-history":[{"count":0,"href":"https:\/\/villarrealcf.es\/val\/wp-json\/wp\/v2\/posts\/299729\/revisions"}],"wp:featuredmedia":[{"embeddable":true,"href":"https:\/\/villarrealcf.es\/val\/wp-json\/wp\/v2\/media\/299726"}],"wp:attachment":[{"href":"https:\/\/villarrealcf.es\/val\/wp-json\/wp\/v2\/media?parent=299729"}],"wp:term":[{"taxonomy":"category","embeddable":true,"href":"https:\/\/villarrealcf.es\/val\/wp-json\/wp\/v2\/categories?post=299729"},{"taxonomy":"post_tag","embeddable":true,"href":"https:\/\/villarrealcf.es\/val\/wp-json\/wp\/v2\/tags?post=299729"}],"curies":[{"name":"wp","href":"https:\/\/api.w.org\/{rel}","templated":true}]}}