{"id":299390,"date":"2024-03-04T17:36:02","date_gmt":"2024-03-04T16:36:02","guid":{"rendered":"https:\/\/villarrealcf.es\/el-triunfo-del-infantil-a-en-arabia-en-fotos\/"},"modified":"2024-03-04T17:54:30","modified_gmt":"2024-03-04T16:54:30","slug":"el-triomf-de-linfantil-a-a-arabia-en-fotos","status":"publish","type":"post","link":"https:\/\/villarrealcf.es\/val\/el-triomf-de-linfantil-a-a-arabia-en-fotos\/","title":{"rendered":"El triomf de l&#8217;Infantil A a Ar\u00e0bia en fotos"},"content":{"protected":false,"blocks":[{"type":"text","widget":"text-editor","text":"Les millors fotografies de la vict\u00f2ria grogueta en LALIGA FC Futures","paragraphs":[]},{"type":"gallery","widget":"gallery","items":[{"url":"https:\/\/villarrealcf.es\/wp-content\/uploads\/2024\/03\/65e35b02d4f17634925383-e1709570557863.jpg","title":"","thumbnail":"https:\/\/villarrealcf.es\/wp-content\/uploads\/2024\/03\/65e35b02d4f17634925383-e1709570557863-1620x1080.jpg","width":1620,"height":1080},{"url":"https:\/\/villarrealcf.es\/wp-content\/uploads\/2024\/03\/65e35b350b82f736883479-e1709570578938.jpg","title":"65e35b350b82f736883479","thumbnail":"https:\/\/villarrealcf.es\/wp-content\/uploads\/2024\/03\/65e35b350b82f736883479-e1709570578938-1620x1080.jpg","width":1620,"height":1080},{"url":"https:\/\/villarrealcf.es\/wp-content\/uploads\/2024\/03\/65e35b260f6d5163799336-e1709570622858.jpg","title":"","thumbnail":"https:\/\/villarrealcf.es\/wp-content\/uploads\/2024\/03\/65e35b260f6d5163799336-e1709570622858-1620x1080.jpg","width":1620,"height":1080},{"url":"https:\/\/villarrealcf.es\/wp-content\/uploads\/2024\/03\/65e35a2c4e7a3086912868-e1709570642917.jpg","title":"65e35a2c4e7a3086912868","thumbnail":"https:\/\/villarrealcf.es\/wp-content\/uploads\/2024\/03\/65e35a2c4e7a3086912868-e1709570642917-1620x1080.jpg","width":1620,"height":1080},{"url":"https:\/\/villarrealcf.es\/wp-content\/uploads\/2024\/03\/65e35ebd8d450360709630-1-scaled-e1709570661939.jpg","title":"65e35ebd8d450360709630","thumbnail":"https:\/\/villarrealcf.es\/wp-content\/uploads\/2024\/03\/65e35ebd8d450360709630-1-scaled-e1709570661939-1619x1080.jpg","width":1619,"height":1080},{"url":"https:\/\/villarrealcf.es\/wp-content\/uploads\/2024\/03\/65e35e8157b9a484776496-1-scaled.jpg","title":"65e35e8157b9a484776496","thumbnail":"https:\/\/villarrealcf.es\/wp-content\/uploads\/2024\/03\/65e35e8157b9a484776496-1-1620x1080.jpg","width":1620,"height":1080},{"url":"https:\/\/villarrealcf.es\/wp-content\/uploads\/2024\/03\/65e34ff04c99a197490462-1-scaled.jpg","title":"65e34ff04c99a197490462","thumbnail":"https:\/\/villarrealcf.es\/wp-content\/uploads\/2024\/03\/65e34ff04c99a197490462-1-1620x1080.jpg","width":1620,"height":1080},{"url":"https:\/\/villarrealcf.es\/wp-content\/uploads\/2024\/03\/65e49fc712fb0148197845-e1709570685543.jpg","title":"65e49fc712fb0148197845","thumbnail":"https:\/\/villarrealcf.es\/wp-content\/uploads\/2024\/03\/65e49fc712fb0148197845-e1709570685543-1620x1080.jpg","width":1620,"height":1080},{"url":"https:\/\/villarrealcf.es\/wp-content\/uploads\/2024\/03\/65e49fa3d1027498551416-e1709570705666.jpg","title":"65e49fa3d1027498551416","thumbnail":"https:\/\/villarrealcf.es\/wp-content\/uploads\/2024\/03\/65e49fa3d1027498551416-e1709570705666-1620x1080.jpg","width":1620,"height":1080},{"url":"https:\/\/villarrealcf.es\/wp-content\/uploads\/2024\/03\/65e4a3238a2cc671162840-1-scaled.jpg","title":"65e4a3238a2cc671162840","thumbnail":"https:\/\/villarrealcf.es\/wp-content\/uploads\/2024\/03\/65e4a3238a2cc671162840-1-1620x1080.jpg","width":1620,"height":1080},{"url":"https:\/\/villarrealcf.es\/wp-content\/uploads\/2024\/03\/65e4a2737d475215037698-1-e1709570767326.jpg","title":"65e4a2737d475215037698","thumbnail":"https:\/\/villarrealcf.es\/wp-content\/uploads\/2024\/03\/65e4a2737d475215037698-1-e1709570767326-1620x1080.jpg","width":1620,"height":1080},{"url":"https:\/\/villarrealcf.es\/wp-content\/uploads\/2024\/03\/65e4a1cf172e7077827649-1-e1709570803925.jpg","title":"","thumbnail":"https:\/\/villarrealcf.es\/wp-content\/uploads\/2024\/03\/65e4a1cf172e7077827649-1-e1709570803925-1620x1080.jpg","width":1620,"height":1080},{"url":"https:\/\/villarrealcf.es\/wp-content\/uploads\/2024\/03\/65e4a512a41e5191229740-e1709570821374.jpg","title":"65e4a512a41e5191229740","thumbnail":"https:\/\/villarrealcf.es\/wp-content\/uploads\/2024\/03\/65e4a512a41e5191229740-e1709570821374-1620x1080.jpg","width":1620,"height":1080},{"url":"https:\/\/villarrealcf.es\/wp-content\/uploads\/2024\/03\/65e4a50d0a91b196415392-1-scaled.jpg","title":"65e4a50d0a91b196415392","thumbnail":"https:\/\/villarrealcf.es\/wp-content\/uploads\/2024\/03\/65e4a50d0a91b196415392-1-1620x1080.jpg","width":1620,"height":1080},{"url":"https:\/\/villarrealcf.es\/wp-content\/uploads\/2024\/03\/65e4a4f90ad6b057650292-1-scaled.jpg","title":"65e4a4f90ad6b057650292","thumbnail":"https:\/\/villarrealcf.es\/wp-content\/uploads\/2024\/03\/65e4a4f90ad6b057650292-1-1620x1080.jpg","width":1620,"height":1080}]}],"structured":{"summary":{"text":"Les millors fotografies de la vict\u00f2ria grogueta en LALIGA FC Futures","headings":[],"buttons":[],"images":[],"counts":{"blocks":2,"headings":0,"texts":1,"buttons":0,"images":0},"containers":2},"sections":[{"id":"157b765a","type":"container","classes":["elementor-section","elementor-top-section","elementor-element","elementor-element-157b765a","elementor-section-boxed","elementor-section-height-default"],"title":"","text":"Les millors fotografies de la vict\u00f2ria grogueta en LALIGA FC Futures","headings":[],"texts":[{"type":"text","widget":"text-editor","text":"Les millors fotografies de la vict\u00f2ria grogueta en LALIGA FC Futures","paragraphs":[]}],"buttons":[],"images":[],"widgets":["text-editor"],"blocks":[{"type":"text","widget":"text-editor","text":"Les millors fotografies de la vict\u00f2ria grogueta en LALIGA FC Futures","paragraphs":[]}],"children":[]},{"id":"bc05542","type":"container","classes":["has-el-gap","el-gap-default","elementor-section","elementor-top-section","elementor-element","elementor-element-bc05542","elementor-section-boxed","elementor-section-height-default"],"title":"","text":"","headings":[],"texts":[],"buttons":[],"images":[],"widgets":["gallery"],"blocks":[{"type":"gallery","widget":"gallery","items":[{"url":"https:\/\/villarrealcf.es\/wp-content\/uploads\/2024\/03\/65e35b02d4f17634925383-e1709570557863.jpg","title":"","thumbnail":"https:\/\/villarrealcf.es\/wp-content\/uploads\/2024\/03\/65e35b02d4f17634925383-e1709570557863-1620x1080.jpg","width":1620,"height":1080},{"url":"https:\/\/villarrealcf.es\/wp-content\/uploads\/2024\/03\/65e35b350b82f736883479-e1709570578938.jpg","title":"65e35b350b82f736883479","thumbnail":"https:\/\/villarrealcf.es\/wp-content\/uploads\/2024\/03\/65e35b350b82f736883479-e1709570578938-1620x1080.jpg","width":1620,"height":1080},{"url":"https:\/\/villarrealcf.es\/wp-content\/uploads\/2024\/03\/65e35b260f6d5163799336-e1709570622858.jpg","title":"","thumbnail":"https:\/\/villarrealcf.es\/wp-content\/uploads\/2024\/03\/65e35b260f6d5163799336-e1709570622858-1620x1080.jpg","width":1620,"height":1080},{"url":"https:\/\/villarrealcf.es\/wp-content\/uploads\/2024\/03\/65e35a2c4e7a3086912868-e1709570642917.jpg","title":"65e35a2c4e7a3086912868","thumbnail":"https:\/\/villarrealcf.es\/wp-content\/uploads\/2024\/03\/65e35a2c4e7a3086912868-e1709570642917-1620x1080.jpg","width":1620,"height":1080},{"url":"https:\/\/villarrealcf.es\/wp-content\/uploads\/2024\/03\/65e35ebd8d450360709630-1-scaled-e1709570661939.jpg","title":"65e35ebd8d450360709630","thumbnail":"https:\/\/villarrealcf.es\/wp-content\/uploads\/2024\/03\/65e35ebd8d450360709630-1-scaled-e1709570661939-1619x1080.jpg","width":1619,"height":1080},{"url":"https:\/\/villarrealcf.es\/wp-content\/uploads\/2024\/03\/65e35e8157b9a484776496-1-scaled.jpg","title":"65e35e8157b9a484776496","thumbnail":"https:\/\/villarrealcf.es\/wp-content\/uploads\/2024\/03\/65e35e8157b9a484776496-1-1620x1080.jpg","width":1620,"height":1080},{"url":"https:\/\/villarrealcf.es\/wp-content\/uploads\/2024\/03\/65e34ff04c99a197490462-1-scaled.jpg","title":"65e34ff04c99a197490462","thumbnail":"https:\/\/villarrealcf.es\/wp-content\/uploads\/2024\/03\/65e34ff04c99a197490462-1-1620x1080.jpg","width":1620,"height":1080},{"url":"https:\/\/villarrealcf.es\/wp-content\/uploads\/2024\/03\/65e49fc712fb0148197845-e1709570685543.jpg","title":"65e49fc712fb0148197845","thumbnail":"https:\/\/villarrealcf.es\/wp-content\/uploads\/2024\/03\/65e49fc712fb0148197845-e1709570685543-1620x1080.jpg","width":1620,"height":1080},{"url":"https:\/\/villarrealcf.es\/wp-content\/uploads\/2024\/03\/65e49fa3d1027498551416-e1709570705666.jpg","title":"65e49fa3d1027498551416","thumbnail":"https:\/\/villarrealcf.es\/wp-content\/uploads\/2024\/03\/65e49fa3d1027498551416-e1709570705666-1620x1080.jpg","width":1620,"height":1080},{"url":"https:\/\/villarrealcf.es\/wp-content\/uploads\/2024\/03\/65e4a3238a2cc671162840-1-scaled.jpg","title":"65e4a3238a2cc671162840","thumbnail":"https:\/\/villarrealcf.es\/wp-content\/uploads\/2024\/03\/65e4a3238a2cc671162840-1-1620x1080.jpg","width":1620,"height":1080},{"url":"https:\/\/villarrealcf.es\/wp-content\/uploads\/2024\/03\/65e4a2737d475215037698-1-e1709570767326.jpg","title":"65e4a2737d475215037698","thumbnail":"https:\/\/villarrealcf.es\/wp-content\/uploads\/2024\/03\/65e4a2737d475215037698-1-e1709570767326-1620x1080.jpg","width":1620,"height":1080},{"url":"https:\/\/villarrealcf.es\/wp-content\/uploads\/2024\/03\/65e4a1cf172e7077827649-1-e1709570803925.jpg","title":"","thumbnail":"https:\/\/villarrealcf.es\/wp-content\/uploads\/2024\/03\/65e4a1cf172e7077827649-1-e1709570803925-1620x1080.jpg","width":1620,"height":1080},{"url":"https:\/\/villarrealcf.es\/wp-content\/uploads\/2024\/03\/65e4a512a41e5191229740-e1709570821374.jpg","title":"65e4a512a41e5191229740","thumbnail":"https:\/\/villarrealcf.es\/wp-content\/uploads\/2024\/03\/65e4a512a41e5191229740-e1709570821374-1620x1080.jpg","width":1620,"height":1080},{"url":"https:\/\/villarrealcf.es\/wp-content\/uploads\/2024\/03\/65e4a50d0a91b196415392-1-scaled.jpg","title":"65e4a50d0a91b196415392","thumbnail":"https:\/\/villarrealcf.es\/wp-content\/uploads\/2024\/03\/65e4a50d0a91b196415392-1-1620x1080.jpg","width":1620,"height":1080},{"url":"https:\/\/villarrealcf.es\/wp-content\/uploads\/2024\/03\/65e4a4f90ad6b057650292-1-scaled.jpg","title":"65e4a4f90ad6b057650292","thumbnail":"https:\/\/villarrealcf.es\/wp-content\/uploads\/2024\/03\/65e4a4f90ad6b057650292-1-1620x1080.jpg","width":1620,"height":1080}]}],"children":[]}],"hero":{"id":"157b765a","type":"container","classes":["elementor-section","elementor-top-section","elementor-element","elementor-element-157b765a","elementor-section-boxed","elementor-section-height-default"],"title":"","text":"Les millors fotografies de la vict\u00f2ria grogueta en LALIGA FC Futures","headings":[],"texts":[{"type":"text","widget":"text-editor","text":"Les millors fotografies de la vict\u00f2ria grogueta en LALIGA FC Futures","paragraphs":[]}],"buttons":[],"images":[],"widgets":["text-editor"],"blocks":[{"type":"text","widget":"text-editor","text":"Les millors fotografies de la vict\u00f2ria grogueta en LALIGA FC Futures","paragraphs":[]}],"children":[]}},"sections":[{"id":"157b765a","title":"Les millors fotografies de la vict\u00f2ria grogueta en LALIGA FC Futures","text":"Les millors fotografies de la vict\u00f2ria grogueta en LALIGA FC Futures","url":"","background_image":"","images":[],"videos":[],"links":[]},{"id":"bc05542","title":"","text":"","url":"https:\/\/villarrealcf.es\/wp-content\/uploads\/2024\/03\/65e35b02d4f17634925383-e1709570557863.jpg","background_image":"","images":[],"videos":[],"links":[{"url":"https:\/\/villarrealcf.es\/wp-content\/uploads\/2024\/03\/65e35b02d4f17634925383-e1709570557863.jpg","text":"","target":""},{"url":"https:\/\/villarrealcf.es\/wp-content\/uploads\/2024\/03\/65e35b350b82f736883479-e1709570578938.jpg","text":"","target":""},{"url":"https:\/\/villarrealcf.es\/wp-content\/uploads\/2024\/03\/65e35b260f6d5163799336-e1709570622858.jpg","text":"","target":""},{"url":"https:\/\/villarrealcf.es\/wp-content\/uploads\/2024\/03\/65e35a2c4e7a3086912868-e1709570642917.jpg","text":"","target":""},{"url":"https:\/\/villarrealcf.es\/wp-content\/uploads\/2024\/03\/65e35ebd8d450360709630-1-scaled-e1709570661939.jpg","text":"","target":""},{"url":"https:\/\/villarrealcf.es\/wp-content\/uploads\/2024\/03\/65e35e8157b9a484776496-1-scaled.jpg","text":"","target":""},{"url":"https:\/\/villarrealcf.es\/wp-content\/uploads\/2024\/03\/65e34ff04c99a197490462-1-scaled.jpg","text":"","target":""},{"url":"https:\/\/villarrealcf.es\/wp-content\/uploads\/2024\/03\/65e49fc712fb0148197845-e1709570685543.jpg","text":"","target":""},{"url":"https:\/\/villarrealcf.es\/wp-content\/uploads\/2024\/03\/65e49fa3d1027498551416-e1709570705666.jpg","text":"","target":""},{"url":"https:\/\/villarrealcf.es\/wp-content\/uploads\/2024\/03\/65e4a3238a2cc671162840-1-scaled.jpg","text":"","target":""},{"url":"https:\/\/villarrealcf.es\/wp-content\/uploads\/2024\/03\/65e4a2737d475215037698-1-e1709570767326.jpg","text":"","target":""},{"url":"https:\/\/villarrealcf.es\/wp-content\/uploads\/2024\/03\/65e4a1cf172e7077827649-1-e1709570803925.jpg","text":"","target":""},{"url":"https:\/\/villarrealcf.es\/wp-content\/uploads\/2024\/03\/65e4a512a41e5191229740-e1709570821374.jpg","text":"","target":""},{"url":"https:\/\/villarrealcf.es\/wp-content\/uploads\/2024\/03\/65e4a50d0a91b196415392-1-scaled.jpg","text":"","target":""},{"url":"https:\/\/villarrealcf.es\/wp-content\/uploads\/2024\/03\/65e4a4f90ad6b057650292-1-scaled.jpg","text":"","target":""}]}]},"excerpt":{"rendered":"Les millors fotografies de la vict\u00f2ria grogueta en LALIGA FC Futures","protected":false},"author":25,"featured_media":299388,"comment_status":"closed","ping_status":"closed","sticky":false,"template":"","format":"standard","meta":{"_acf_changed":false,"footnotes":""},"categories":[13493],"tags":[9366,10325,717,9270,9227,13416,9330,15304,716,9205,9627,9203],"acf":null,"lang":"val","translations":{"es":299304,"val":299390,"en":299400},"essential_grid":{"has_grid":false},"formatted_date":"March 4, 2024","modified_date":"March 4, 2024","permalink":"https:\/\/villarrealcf.es\/val\/el-triomf-de-linfantil-a-a-arabia-en-fotos\/","reading_time":1,"featured_media_data":{"id":299388,"title":"canteranosarabia","caption":"","alt_text":"","description":"","mime_type":"image\/jpeg","source_url":"https:\/\/villarrealcf.es\/wp-content\/uploads\/2024\/03\/canteranosarabia.jpg","sizes":{"thumbnail":{"url":"https:\/\/villarrealcf.es\/wp-content\/uploads\/2024\/03\/canteranosarabia-1920x1080.jpg","width":1920,"height":1080},"medium":{"url":"https:\/\/villarrealcf.es\/wp-content\/uploads\/2024\/03\/canteranosarabia-1920x1080.jpg","width":1920,"height":1080},"medium_large":{"url":"https:\/\/villarrealcf.es\/wp-content\/uploads\/2024\/03\/canteranosarabia-768x432.jpg","width":768,"height":432},"large":{"url":"https:\/\/villarrealcf.es\/wp-content\/uploads\/2024\/03\/canteranosarabia-1920x1080.jpg","width":788,"height":443},"1536x1536":{"url":"https:\/\/villarrealcf.es\/wp-content\/uploads\/2024\/03\/canteranosarabia-1536x864.jpg","width":1536,"height":864},"2048x2048":{"url":"https:\/\/villarrealcf.es\/wp-content\/uploads\/2024\/03\/canteranosarabia.jpg","width":1920,"height":1080},"tp-image-grid":{"url":"https:\/\/villarrealcf.es\/wp-content\/uploads\/2024\/03\/canteranosarabia-700x700.jpg","width":700,"height":700},"size-bunyad-medium":{"url":"https:\/\/villarrealcf.es\/wp-content\/uploads\/2024\/03\/canteranosarabia-1920x1080.jpg","width":1920,"height":1080},"sportspress-crop-medium":{"url":"https:\/\/villarrealcf.es\/wp-content\/uploads\/2024\/03\/canteranosarabia-300x300.jpg","width":300,"height":300},"sportspress-fit-medium":{"url":"https:\/\/villarrealcf.es\/wp-content\/uploads\/2024\/03\/canteranosarabia-300x169.jpg","width":300,"height":169},"sportspress-fit-icon":{"url":"https:\/\/villarrealcf.es\/wp-content\/uploads\/2024\/03\/canteranosarabia-128x72.jpg","width":128,"height":72},"sportspress-fit-mini":{"url":"https:\/\/villarrealcf.es\/wp-content\/uploads\/2024\/03\/canteranosarabia-32x18.jpg","width":32,"height":18},"bunyad-small":{"url":"https:\/\/villarrealcf.es\/wp-content\/uploads\/2024\/03\/canteranosarabia-150x84.jpg","width":150,"height":84},"bunyad-medium":{"url":"https:\/\/villarrealcf.es\/wp-content\/uploads\/2024\/03\/canteranosarabia-450x253.jpg","width":450,"height":253},"bunyad-full":{"url":"https:\/\/villarrealcf.es\/wp-content\/uploads\/2024\/03\/canteranosarabia-1200x675.jpg","width":1200,"height":675},"bunyad-viewport":{"url":"https:\/\/villarrealcf.es\/wp-content\/uploads\/2024\/03\/canteranosarabia.jpg","width":1920,"height":1080},"bunyad-768":{"url":"https:\/\/villarrealcf.es\/wp-content\/uploads\/2024\/03\/canteranosarabia-768x432.jpg","width":768,"height":432},"full":{"url":"https:\/\/villarrealcf.es\/wp-content\/uploads\/2024\/03\/canteranosarabia.jpg","width":1920,"height":1080}}},"author_data":{"id":"25","name":"Javier Ayuso","first_name":"Javier","last_name":"Ayuso","description":"","avatar_url":"https:\/\/secure.gravatar.com\/avatar\/fcf8894be45988fcce5bbff0efe1790d2a7f4ba57e2c7c898f5068154e696495?s=96&d=mm&r=g","acf":null},"taxonomies_data":{"category":[{"id":13493,"name":"Primer equip","slug":"primer-equip","acf":null}],"post_tag":[{"id":9366,"name":"Cantera","slug":"cantera-val","acf":null},{"id":10325,"name":"Cantera Grogueta","slug":"cantera-grogueta-val","acf":null},{"id":717,"name":"Football","slug":"football-d34","acf":null},{"id":9270,"name":"Futbol","slug":"futbol-val","acf":null},{"id":9227,"name":"F\u00fatbol Base","slug":"futbol-base-val","acf":null},{"id":13416,"name":"Galer\u00eda F\u00fatbol Base","slug":"galeria-futbol-base-val","acf":null},{"id":9330,"name":"Infantil A","slug":"infantil-a-val","acf":null},{"id":15304,"name":"LALIGA FC Futures","slug":"laliga-fc-futures-val","acf":null},{"id":716,"name":"Soccer","slug":"soccer-d105","acf":null},{"id":9205,"name":"Submarino","slug":"submarino-val","acf":null},{"id":9627,"name":"Submarino Amarillo","slug":"submarino-amarillo-val","acf":null},{"id":9203,"name":"Villarreal CF","slug":"villarreal-cf-val","acf":null}],"translation_priority":[{"id":735,"name":"Optional","slug":"optional-val","acf":null}]},"seo_full":{"native":{"title":"El triomf de l&#8217;Infantil A a Ar\u00e0bia en fotos - Web Oficial del Villarreal CF","description":"Les millors fotografies de la vict\u00f2ria grogueta en LALIGA FC Futures","canonical":"https:\/\/villarrealcf.es\/val\/el-triomf-de-linfantil-a-a-arabia-en-fotos\/"}},"_links":{"self":[{"href":"https:\/\/villarrealcf.es\/val\/wp-json\/wp\/v2\/posts\/299390","targetHints":{"allow":["GET"]}}],"collection":[{"href":"https:\/\/villarrealcf.es\/val\/wp-json\/wp\/v2\/posts"}],"about":[{"href":"https:\/\/villarrealcf.es\/val\/wp-json\/wp\/v2\/types\/post"}],"author":[{"embeddable":true,"href":"https:\/\/villarrealcf.es\/val\/wp-json\/wp\/v2\/users\/25"}],"replies":[{"embeddable":true,"href":"https:\/\/villarrealcf.es\/val\/wp-json\/wp\/v2\/comments?post=299390"}],"version-history":[{"count":0,"href":"https:\/\/villarrealcf.es\/val\/wp-json\/wp\/v2\/posts\/299390\/revisions"}],"wp:featuredmedia":[{"embeddable":true,"href":"https:\/\/villarrealcf.es\/val\/wp-json\/wp\/v2\/media\/299388"}],"wp:attachment":[{"href":"https:\/\/villarrealcf.es\/val\/wp-json\/wp\/v2\/media?parent=299390"}],"wp:term":[{"taxonomy":"category","embeddable":true,"href":"https:\/\/villarrealcf.es\/val\/wp-json\/wp\/v2\/categories?post=299390"},{"taxonomy":"post_tag","embeddable":true,"href":"https:\/\/villarrealcf.es\/val\/wp-json\/wp\/v2\/tags?post=299390"}],"curies":[{"name":"wp","href":"https:\/\/api.w.org\/{rel}","templated":true}]}}