{"id":298182,"date":"2024-02-21T17:37:19","date_gmt":"2024-02-21T16:37:19","guid":{"rendered":"https:\/\/villarrealcf.es\/los-alumnos-del-pascual-nacher-visitan-la-ciudad-deportiva\/"},"modified":"2024-02-21T18:18:29","modified_gmt":"2024-02-21T17:18:29","slug":"els-alumnes-del-pasqual-nacher-visiten-la-ciutat-esportiva","status":"publish","type":"post","link":"https:\/\/villarrealcf.es\/val\/els-alumnes-del-pasqual-nacher-visiten-la-ciutat-esportiva\/","title":{"rendered":"Els alumnes del Pasqual Nacher visiten la Ciutat Esportiva"},"content":{"protected":false,"blocks":[{"type":"heading","level":2,"text":"Els joves estudiants tamb\u00e9 han presenciat la sessi\u00f3 d\u2019entrenament a la Ciutat Esportiva"},{"type":"paragraph","text":"Els alumnes del CEIP Pascual Nacher de Vila-real han viscut un mat\u00ed inoblidable despr\u00e9s de visitar les instal\u00b7lacions de la Ciutat Esportiva Jos\u00e9 Manuel Llaneza, on, a m\u00e9s, han pogut presenciar la sessi\u00f3 d\u2019entrenament del primer equip."},{"type":"paragraph","text":"Gr\u00e0cies a esta activitat emmarcada dins del programa Endavant Club Groguet han pogut veure com treballen els seus \u00eddols, dels quals a m\u00e9s han aconseguit aut\u00f2grafs i fotos per al record una vegada finalitzat l\u2019entrenament."},{"type":"video","kind":"video","url":"https:\/\/villarrealcf.es\/wp-content\/uploads\/2024\/02\/Colegio-en-el-entrenamiento-HORIZONTAL.mp4","poster":""}],"structured":{"summary":{"text":"Els joves estudiants tamb\u00e9 han presenciat la sessi\u00f3 d\u2019entrenament a la Ciutat Esportiva Els alumnes del CEIP Pascual Nacher de Vila-real han viscut un mat\u00ed inoblidable despr\u00e9s de visitar les instal\u00b7lacions de la Ciutat Esportiva Jos\u00e9 Manuel Llaneza, on, a m\u00e9s, han pogut presenciar la sessi\u00f3 d\u2019entrenament del primer equip. Gr\u00e0cies a esta activitat emmarcada dins del programa Endavant Club Groguet han pogut veure com treballen els seus \u00eddols, dels quals a m\u00e9s han aconseguit aut\u00f2grafs i fotos per al record una vegada finalitzat l\u2019entrenament.","headings":[{"type":"heading","level":2,"text":"Els joves estudiants tamb\u00e9 han presenciat la sessi\u00f3 d\u2019entrenament a la Ciutat Esportiva"}],"buttons":[],"images":[],"counts":{"blocks":4,"headings":1,"texts":2,"buttons":0,"images":0}},"sections":[{"id":"section-1","title":"Els joves estudiants tamb\u00e9 han presenciat la sessi\u00f3 d\u2019entrenament a la Ciutat Esportiva","text":"Els joves estudiants tamb\u00e9 han presenciat la sessi\u00f3 d\u2019entrenament a la Ciutat Esportiva Els alumnes del CEIP Pascual Nacher de Vila-real han viscut un mat\u00ed inoblidable despr\u00e9s de visitar les instal\u00b7lacions de la Ciutat Esportiva Jos\u00e9 Manuel Llaneza, on, a m\u00e9s, han pogut presenciar la sessi\u00f3 d\u2019entrenament del primer equip. Gr\u00e0cies a esta activitat emmarcada dins del programa Endavant Club Groguet han pogut veure com treballen els seus \u00eddols, dels quals a m\u00e9s han aconseguit aut\u00f2grafs i fotos per al record una vegada finalitzat l\u2019entrenament.","headings":[{"type":"heading","level":2,"text":"Els joves estudiants tamb\u00e9 han presenciat la sessi\u00f3 d\u2019entrenament a la Ciutat Esportiva"}],"texts":[{"type":"paragraph","text":"Els alumnes del CEIP Pascual Nacher de Vila-real han viscut un mat\u00ed inoblidable despr\u00e9s de visitar les instal\u00b7lacions de la Ciutat Esportiva Jos\u00e9 Manuel Llaneza, on, a m\u00e9s, han pogut presenciar la sessi\u00f3 d\u2019entrenament del primer equip."},{"type":"paragraph","text":"Gr\u00e0cies a esta activitat emmarcada dins del programa Endavant Club Groguet han pogut veure com treballen els seus \u00eddols, dels quals a m\u00e9s han aconseguit aut\u00f2grafs i fotos per al record una vegada finalitzat l\u2019entrenament."}],"buttons":[],"images":[],"widgets":[],"blocks":[{"type":"heading","level":2,"text":"Els joves estudiants tamb\u00e9 han presenciat la sessi\u00f3 d\u2019entrenament a la Ciutat Esportiva"},{"type":"paragraph","text":"Els alumnes del CEIP Pascual Nacher de Vila-real han viscut un mat\u00ed inoblidable despr\u00e9s de visitar les instal\u00b7lacions de la Ciutat Esportiva Jos\u00e9 Manuel Llaneza, on, a m\u00e9s, han pogut presenciar la sessi\u00f3 d\u2019entrenament del primer equip."},{"type":"paragraph","text":"Gr\u00e0cies a esta activitat emmarcada dins del programa Endavant Club Groguet han pogut veure com treballen els seus \u00eddols, dels quals a m\u00e9s han aconseguit aut\u00f2grafs i fotos per al record una vegada finalitzat l\u2019entrenament."},{"type":"video","kind":"video","url":"https:\/\/villarrealcf.es\/wp-content\/uploads\/2024\/02\/Colegio-en-el-entrenamiento-HORIZONTAL.mp4","poster":""}]}],"hero":{"id":"section-1","title":"Els joves estudiants tamb\u00e9 han presenciat la sessi\u00f3 d\u2019entrenament a la Ciutat Esportiva","text":"Els joves estudiants tamb\u00e9 han presenciat la sessi\u00f3 d\u2019entrenament a la Ciutat Esportiva Els alumnes del CEIP Pascual Nacher de Vila-real han viscut un mat\u00ed inoblidable despr\u00e9s de visitar les instal\u00b7lacions de la Ciutat Esportiva Jos\u00e9 Manuel Llaneza, on, a m\u00e9s, han pogut presenciar la sessi\u00f3 d\u2019entrenament del primer equip. Gr\u00e0cies a esta activitat emmarcada dins del programa Endavant Club Groguet han pogut veure com treballen els seus \u00eddols, dels quals a m\u00e9s han aconseguit aut\u00f2grafs i fotos per al record una vegada finalitzat l\u2019entrenament.","headings":[{"type":"heading","level":2,"text":"Els joves estudiants tamb\u00e9 han presenciat la sessi\u00f3 d\u2019entrenament a la Ciutat Esportiva"}],"texts":[{"type":"paragraph","text":"Els alumnes del CEIP Pascual Nacher de Vila-real han viscut un mat\u00ed inoblidable despr\u00e9s de visitar les instal\u00b7lacions de la Ciutat Esportiva Jos\u00e9 Manuel Llaneza, on, a m\u00e9s, han pogut presenciar la sessi\u00f3 d\u2019entrenament del primer equip."},{"type":"paragraph","text":"Gr\u00e0cies a esta activitat emmarcada dins del programa Endavant Club Groguet han pogut veure com treballen els seus \u00eddols, dels quals a m\u00e9s han aconseguit aut\u00f2grafs i fotos per al record una vegada finalitzat l\u2019entrenament."}],"buttons":[],"images":[],"widgets":[],"blocks":[{"type":"heading","level":2,"text":"Els joves estudiants tamb\u00e9 han presenciat la sessi\u00f3 d\u2019entrenament a la Ciutat Esportiva"},{"type":"paragraph","text":"Els alumnes del CEIP Pascual Nacher de Vila-real han viscut un mat\u00ed inoblidable despr\u00e9s de visitar les instal\u00b7lacions de la Ciutat Esportiva Jos\u00e9 Manuel Llaneza, on, a m\u00e9s, han pogut presenciar la sessi\u00f3 d\u2019entrenament del primer equip."},{"type":"paragraph","text":"Gr\u00e0cies a esta activitat emmarcada dins del programa Endavant Club Groguet han pogut veure com treballen els seus \u00eddols, dels quals a m\u00e9s han aconseguit aut\u00f2grafs i fotos per al record una vegada finalitzat l\u2019entrenament."},{"type":"video","kind":"video","url":"https:\/\/villarrealcf.es\/wp-content\/uploads\/2024\/02\/Colegio-en-el-entrenamiento-HORIZONTAL.mp4","poster":""}]}},"sections":[{"id":"section-1","title":"Els joves estudiants tamb\u00e9 han presenciat la sessi\u00f3 d\u2019entrenament a la Ciutat Esportiva","text":"Els joves estudiants tamb\u00e9 han presenciat la sessi\u00f3 d\u2019entrenament a la Ciutat Esportiva Els alumnes del CEIP Pascual Nacher de Vila-real han viscut un mat\u00ed inoblidable despr\u00e9s de visitar les instal\u00b7lacions de la Ciutat Esportiva Jos\u00e9 Manuel Llaneza, on, a m\u00e9s, han pogut presenciar la sessi\u00f3 d\u2019entrenament del primer equip. Gr\u00e0cies a esta activitat emmarcada dins del programa Endavant Club Groguet han pogut veure com treballen els seus \u00eddols, dels quals a m\u00e9s han aconseguit aut\u00f2grafs i fotos per al record una vegada finalitzat l\u2019entrenament.","url":"","background_image":"","images":[],"videos":[{"type":"video","kind":"video","url":"https:\/\/villarrealcf.es\/wp-content\/uploads\/2024\/02\/Colegio-en-el-entrenamiento-HORIZONTAL.mp4","poster":""}],"links":[]}]},"excerpt":{"rendered":"Els joves estudiants tamb\u00e9 han presenciat la sessi\u00f3 d&#8217;entrenament a la Ciutat Esportiva","protected":false},"author":33,"featured_media":298165,"comment_status":"closed","ping_status":"closed","sticky":false,"template":"","format":"standard","meta":{"_acf_changed":false,"footnotes":""},"categories":[13509],"tags":[14361,9242,9287,11486,717,9270,716,9205,9627,9203],"acf":null,"lang":"val","translations":{"es":298161,"en":298176,"val":298182},"essential_grid":{"has_grid":false},"formatted_date":"February 21, 2024","modified_date":"February 21, 2024","permalink":"https:\/\/villarrealcf.es\/val\/els-alumnes-del-pasqual-nacher-visiten-la-ciutat-esportiva\/","reading_time":1,"featured_media_data":{"id":298165,"title":"220240221-Visita CEIP Pasqual Nacher CD LLaneza-002 (1)","caption":"","alt_text":"","description":"","mime_type":"image\/png","source_url":"https:\/\/villarrealcf.es\/wp-content\/uploads\/2024\/02\/220240221-Visita-CEIP-Pasqual-Nacher-CD-LLaneza-002-1.png","sizes":{"thumbnail":{"url":"https:\/\/villarrealcf.es\/wp-content\/uploads\/2024\/02\/220240221-Visita-CEIP-Pasqual-Nacher-CD-LLaneza-002-1-1920x1080.png","width":1920,"height":1080},"medium":{"url":"https:\/\/villarrealcf.es\/wp-content\/uploads\/2024\/02\/220240221-Visita-CEIP-Pasqual-Nacher-CD-LLaneza-002-1-1920x1080.png","width":1920,"height":1080},"medium_large":{"url":"https:\/\/villarrealcf.es\/wp-content\/uploads\/2024\/02\/220240221-Visita-CEIP-Pasqual-Nacher-CD-LLaneza-002-1-768x432.png","width":768,"height":432},"large":{"url":"https:\/\/villarrealcf.es\/wp-content\/uploads\/2024\/02\/220240221-Visita-CEIP-Pasqual-Nacher-CD-LLaneza-002-1-1920x1080.png","width":788,"height":443},"1536x1536":{"url":"https:\/\/villarrealcf.es\/wp-content\/uploads\/2024\/02\/220240221-Visita-CEIP-Pasqual-Nacher-CD-LLaneza-002-1-1536x864.png","width":1536,"height":864},"2048x2048":{"url":"https:\/\/villarrealcf.es\/wp-content\/uploads\/2024\/02\/220240221-Visita-CEIP-Pasqual-Nacher-CD-LLaneza-002-1-2048x1152.png","width":2048,"height":1152},"tp-image-grid":{"url":"https:\/\/villarrealcf.es\/wp-content\/uploads\/2024\/02\/220240221-Visita-CEIP-Pasqual-Nacher-CD-LLaneza-002-1-700x700.png","width":700,"height":700},"size-bunyad-medium":{"url":"https:\/\/villarrealcf.es\/wp-content\/uploads\/2024\/02\/220240221-Visita-CEIP-Pasqual-Nacher-CD-LLaneza-002-1-1920x1080.png","width":1920,"height":1080},"sportspress-crop-medium":{"url":"https:\/\/villarrealcf.es\/wp-content\/uploads\/2024\/02\/220240221-Visita-CEIP-Pasqual-Nacher-CD-LLaneza-002-1-300x300.png","width":300,"height":300},"sportspress-fit-medium":{"url":"https:\/\/villarrealcf.es\/wp-content\/uploads\/2024\/02\/220240221-Visita-CEIP-Pasqual-Nacher-CD-LLaneza-002-1-300x169.png","width":300,"height":169},"sportspress-fit-icon":{"url":"https:\/\/villarrealcf.es\/wp-content\/uploads\/2024\/02\/220240221-Visita-CEIP-Pasqual-Nacher-CD-LLaneza-002-1-128x72.png","width":128,"height":72},"sportspress-fit-mini":{"url":"https:\/\/villarrealcf.es\/wp-content\/uploads\/2024\/02\/220240221-Visita-CEIP-Pasqual-Nacher-CD-LLaneza-002-1-32x18.png","width":32,"height":18},"bunyad-small":{"url":"https:\/\/villarrealcf.es\/wp-content\/uploads\/2024\/02\/220240221-Visita-CEIP-Pasqual-Nacher-CD-LLaneza-002-1-150x84.png","width":150,"height":84},"bunyad-medium":{"url":"https:\/\/villarrealcf.es\/wp-content\/uploads\/2024\/02\/220240221-Visita-CEIP-Pasqual-Nacher-CD-LLaneza-002-1-450x253.png","width":450,"height":253},"bunyad-full":{"url":"https:\/\/villarrealcf.es\/wp-content\/uploads\/2024\/02\/220240221-Visita-CEIP-Pasqual-Nacher-CD-LLaneza-002-1-1200x675.png","width":1200,"height":675},"bunyad-viewport":{"url":"https:\/\/villarrealcf.es\/wp-content\/uploads\/2024\/02\/220240221-Visita-CEIP-Pasqual-Nacher-CD-LLaneza-002-1-2048x1152.png","width":2048,"height":1152},"bunyad-768":{"url":"https:\/\/villarrealcf.es\/wp-content\/uploads\/2024\/02\/220240221-Visita-CEIP-Pasqual-Nacher-CD-LLaneza-002-1-768x432.png","width":768,"height":432},"full":{"url":"https:\/\/villarrealcf.es\/wp-content\/uploads\/2024\/02\/220240221-Visita-CEIP-Pasqual-Nacher-CD-LLaneza-002-1.png","width":2835,"height":1595}}},"author_data":{"id":"33","name":"Nacho Tejada","first_name":"Nacho","last_name":"Tejada","description":"","avatar_url":"https:\/\/secure.gravatar.com\/avatar\/b1580534b2fcd93e031504756165758941290488df5c88966a26f84344931fd1?s=96&d=mm&r=g","acf":null},"taxonomies_data":{"category":[{"id":13509,"name":"Endavant","slug":"endavant-val","acf":null}],"post_tag":[{"id":14361,"name":"Ciudad Deportiva Jos\u00e9 Manuel Llaneza","slug":"ciudad-deportiva-jose-manuel-llaneza-2-val","acf":null},{"id":9242,"name":"Endavant","slug":"endavant-val-2","acf":null},{"id":9287,"name":"Endavant Club Groguet","slug":"endavant-club-groguet-val-2","acf":null},{"id":11486,"name":"Entrenamiento","slug":"entrenamiento-val","acf":null},{"id":717,"name":"Football","slug":"football-d34","acf":null},{"id":9270,"name":"Futbol","slug":"futbol-val","acf":null},{"id":716,"name":"Soccer","slug":"soccer-d105","acf":null},{"id":9205,"name":"Submarino","slug":"submarino-val","acf":null},{"id":9627,"name":"Submarino Amarillo","slug":"submarino-amarillo-val","acf":null},{"id":9203,"name":"Villarreal CF","slug":"villarreal-cf-val","acf":null}],"translation_priority":[{"id":735,"name":"Optional","slug":"optional-val","acf":null}]},"seo_full":{"native":{"title":"Els alumnes del Pasqual Nacher visiten la Ciutat Esportiva - Web Oficial del Villarreal CF","description":"Els joves estudiants tamb\u00e9 han presenciat la sessi\u00f3 d'entrenament a la Ciutat Esportiva","canonical":"https:\/\/villarrealcf.es\/val\/els-alumnes-del-pasqual-nacher-visiten-la-ciutat-esportiva\/"}},"_links":{"self":[{"href":"https:\/\/villarrealcf.es\/val\/wp-json\/wp\/v2\/posts\/298182","targetHints":{"allow":["GET"]}}],"collection":[{"href":"https:\/\/villarrealcf.es\/val\/wp-json\/wp\/v2\/posts"}],"about":[{"href":"https:\/\/villarrealcf.es\/val\/wp-json\/wp\/v2\/types\/post"}],"author":[{"embeddable":true,"href":"https:\/\/villarrealcf.es\/val\/wp-json\/wp\/v2\/users\/33"}],"replies":[{"embeddable":true,"href":"https:\/\/villarrealcf.es\/val\/wp-json\/wp\/v2\/comments?post=298182"}],"version-history":[{"count":0,"href":"https:\/\/villarrealcf.es\/val\/wp-json\/wp\/v2\/posts\/298182\/revisions"}],"wp:featuredmedia":[{"embeddable":true,"href":"https:\/\/villarrealcf.es\/val\/wp-json\/wp\/v2\/media\/298165"}],"wp:attachment":[{"href":"https:\/\/villarrealcf.es\/val\/wp-json\/wp\/v2\/media?parent=298182"}],"wp:term":[{"taxonomy":"category","embeddable":true,"href":"https:\/\/villarrealcf.es\/val\/wp-json\/wp\/v2\/categories?post=298182"},{"taxonomy":"post_tag","embeddable":true,"href":"https:\/\/villarrealcf.es\/val\/wp-json\/wp\/v2\/tags?post=298182"}],"curies":[{"name":"wp","href":"https:\/\/api.w.org\/{rel}","templated":true}]}}