{"id":298143,"date":"2024-02-22T12:09:00","date_gmt":"2024-02-22T11:09:00","guid":{"rendered":"https:\/\/villarrealcf.es\/reencontrar-la-victoria-en-san-sebastian\/"},"modified":"2024-02-21T17:37:36","modified_gmt":"2024-02-21T16:37:36","slug":"retrobar-la-victoria-a-san-sebastian","status":"publish","type":"post","link":"https:\/\/villarrealcf.es\/val\/retrobar-la-victoria-a-san-sebastian\/","title":{"rendered":"Retrobar la vict\u00f2ria a San Sebasti\u00e1n"},"content":{"protected":false,"blocks":[{"type":"heading","level":2,"text":"El Villarreal busca aconseguir un triomf davant la Real Sociedad despr\u00e9s d\u2019encadenar tres empats en els quals va mer\u00e9ixer m\u00e9s."},{"type":"paragraph","text":"Els groguets s\u2019han retrobat a nivell de joc, per\u00f2 despr\u00e9s d\u2019una vict\u00f2ria de prestigi contra el FC Barcelona (3-5), no han aconseguit passar de l\u2019empat davant Cadiz (0-0), Alav\u00e9s (1-1) i Getafe (1-1). Enfront de la Reial Societat en el Reale Arena (divendres 21.00h) buscar\u00e1n mantindre la in\u00e8rcia positiva i retrobar-se amb la vict\u00f2ria."},{"type":"paragraph","text":"No ser\u00e0 un partit f\u00e0cil, el conjunt dirigit per Imanol Alguacil \u00e9s un equip molt s\u00f2lid i capa\u00e7 de competir amb qualsevol, com ha demostrat a Europa. No obstant aix\u00f2, la Real Sociedad no passa pel seu millor moment en lliga. Malgrat la victoria contra el Mallorca en la passada jornada (1-2), el conjunt txuri-urdin no guanya a casa des del passat 26 de novembre davant el Sevilla (2-1), i el Villarreal CF buscar\u00e0 aprofitar eixa mala din\u00e0mica i emportar-se els tres punts."},{"type":"paragraph","text":"En els \u00faltims cinc partits en el Reale Arena, els groguets han aconseguit tres vict\u00f2ries, un empat i una derrota, confirmant que el feu donostiarra se li ha donat b\u00e9 al Villarreal CF en els \u00faltims anys. L\u2019\u00faltima vict\u00f2ria a San Sebasti\u00e0n va ser en la temporada 2021\/2022 (1-3), amb una gran actuaci\u00f3 de Gerard Moreno."}],"structured":{"summary":{"text":"El Villarreal busca aconseguir un triomf davant la Real Sociedad despr\u00e9s d\u2019encadenar tres empats en els quals va mer\u00e9ixer m\u00e9s. Els groguets s\u2019han retrobat a nivell de joc, per\u00f2 despr\u00e9s d\u2019una vict\u00f2ria de prestigi contra el FC Barcelona (3-5), no han aconseguit passar de l\u2019empat davant Cadiz (0-0), Alav\u00e9s (1-1) i Getafe (1-1). Enfront de la Reial Societat en el Reale Arena (divendres 21.00h) buscar\u00e1n mantindre la in\u00e8rcia positiva i retrobar-se amb la vict\u00f2ria. No ser\u00e0 un partit f\u00e0cil, el conjunt dirigit per Imanol Alguacil \u00e9s un equip molt s\u00f2lid i capa\u00e7 de competir amb qualsevol, com ha demostrat a Europa. No obstant aix\u00f2, la Real Sociedad no passa pel seu millor moment en lliga. Malgrat la victoria contra el Mallorca en la passada jornada (1-2), el conjunt txuri-urdin no guanya a casa des del passat 26 de novembre davant el Sevilla (2-1), i el Villarreal CF buscar\u00e0 aprofitar eixa mala din\u00e0mica i emportar-se els tres punts. En els \u00faltims cinc partits en el Reale Arena, els groguets han aconseguit tres vict\u00f2ries, un empat i una derrota, confirmant que el feu donostiarra se li ha donat b\u00e9 al Villarreal CF en els \u00faltims anys. L\u2019\u00faltima vict\u00f2ria a San Sebasti\u00e0n va ser en la temporada 2021\/2022 (1-3), amb una gran actuaci\u00f3 de Gerard Moreno.","headings":[{"type":"heading","level":2,"text":"El Villarreal busca aconseguir un triomf davant la Real Sociedad despr\u00e9s d\u2019encadenar tres empats en els quals va mer\u00e9ixer m\u00e9s."}],"buttons":[],"images":[],"counts":{"blocks":4,"headings":1,"texts":3,"buttons":0,"images":0}},"sections":[{"id":"section-1","title":"El Villarreal busca aconseguir un triomf davant la Real Sociedad despr\u00e9s d\u2019encadenar tres empats en els quals va mer\u00e9ixer m\u00e9s.","text":"El Villarreal busca aconseguir un triomf davant la Real Sociedad despr\u00e9s d\u2019encadenar tres empats en els quals va mer\u00e9ixer m\u00e9s. Els groguets s\u2019han retrobat a nivell de joc, per\u00f2 despr\u00e9s d\u2019una vict\u00f2ria de prestigi contra el FC Barcelona (3-5), no han aconseguit passar de l\u2019empat davant Cadiz (0-0), Alav\u00e9s (1-1) i Getafe (1-1). Enfront de la Reial Societat en el Reale Arena (divendres 21.00h) buscar\u00e1n mantindre la in\u00e8rcia positiva i retrobar-se amb la vict\u00f2ria. No ser\u00e0 un partit f\u00e0cil, el conjunt dirigit per Imanol Alguacil \u00e9s un equip molt s\u00f2lid i capa\u00e7 de competir amb qualsevol, com ha demostrat a Europa. No obstant aix\u00f2, la Real Sociedad no passa pel seu millor moment en lliga. Malgrat la victoria contra el Mallorca en la passada jornada (1-2), el conjunt txuri-urdin no guanya a casa des del passat 26 de novembre davant el Sevilla (2-1), i el Villarreal CF buscar\u00e0 aprofitar eixa mala din\u00e0mica i emportar-se els tres punts. En els \u00faltims cinc partits en el Reale Arena, els groguets han aconseguit tres vict\u00f2ries, un empat i una derrota, confirmant que el feu donostiarra se li ha donat b\u00e9 al Villarreal CF en els \u00faltims anys. L\u2019\u00faltima vict\u00f2ria a San Sebasti\u00e0n va ser en la temporada 2021\/2022 (1-3), amb una gran actuaci\u00f3 de Gerard Moreno.","headings":[{"type":"heading","level":2,"text":"El Villarreal busca aconseguir un triomf davant la Real Sociedad despr\u00e9s d\u2019encadenar tres empats en els quals va mer\u00e9ixer m\u00e9s."}],"texts":[{"type":"paragraph","text":"Els groguets s\u2019han retrobat a nivell de joc, per\u00f2 despr\u00e9s d\u2019una vict\u00f2ria de prestigi contra el FC Barcelona (3-5), no han aconseguit passar de l\u2019empat davant Cadiz (0-0), Alav\u00e9s (1-1) i Getafe (1-1). Enfront de la Reial Societat en el Reale Arena (divendres 21.00h) buscar\u00e1n mantindre la in\u00e8rcia positiva i retrobar-se amb la vict\u00f2ria."},{"type":"paragraph","text":"No ser\u00e0 un partit f\u00e0cil, el conjunt dirigit per Imanol Alguacil \u00e9s un equip molt s\u00f2lid i capa\u00e7 de competir amb qualsevol, com ha demostrat a Europa. No obstant aix\u00f2, la Real Sociedad no passa pel seu millor moment en lliga. Malgrat la victoria contra el Mallorca en la passada jornada (1-2), el conjunt txuri-urdin no guanya a casa des del passat 26 de novembre davant el Sevilla (2-1), i el Villarreal CF buscar\u00e0 aprofitar eixa mala din\u00e0mica i emportar-se els tres punts."},{"type":"paragraph","text":"En els \u00faltims cinc partits en el Reale Arena, els groguets han aconseguit tres vict\u00f2ries, un empat i una derrota, confirmant que el feu donostiarra se li ha donat b\u00e9 al Villarreal CF en els \u00faltims anys. L\u2019\u00faltima vict\u00f2ria a San Sebasti\u00e0n va ser en la temporada 2021\/2022 (1-3), amb una gran actuaci\u00f3 de Gerard Moreno."}],"buttons":[],"images":[],"widgets":[],"blocks":[{"type":"heading","level":2,"text":"El Villarreal busca aconseguir un triomf davant la Real Sociedad despr\u00e9s d\u2019encadenar tres empats en els quals va mer\u00e9ixer m\u00e9s."},{"type":"paragraph","text":"Els groguets s\u2019han retrobat a nivell de joc, per\u00f2 despr\u00e9s d\u2019una vict\u00f2ria de prestigi contra el FC Barcelona (3-5), no han aconseguit passar de l\u2019empat davant Cadiz (0-0), Alav\u00e9s (1-1) i Getafe (1-1). Enfront de la Reial Societat en el Reale Arena (divendres 21.00h) buscar\u00e1n mantindre la in\u00e8rcia positiva i retrobar-se amb la vict\u00f2ria."},{"type":"paragraph","text":"No ser\u00e0 un partit f\u00e0cil, el conjunt dirigit per Imanol Alguacil \u00e9s un equip molt s\u00f2lid i capa\u00e7 de competir amb qualsevol, com ha demostrat a Europa. No obstant aix\u00f2, la Real Sociedad no passa pel seu millor moment en lliga. Malgrat la victoria contra el Mallorca en la passada jornada (1-2), el conjunt txuri-urdin no guanya a casa des del passat 26 de novembre davant el Sevilla (2-1), i el Villarreal CF buscar\u00e0 aprofitar eixa mala din\u00e0mica i emportar-se els tres punts."},{"type":"paragraph","text":"En els \u00faltims cinc partits en el Reale Arena, els groguets han aconseguit tres vict\u00f2ries, un empat i una derrota, confirmant que el feu donostiarra se li ha donat b\u00e9 al Villarreal CF en els \u00faltims anys. L\u2019\u00faltima vict\u00f2ria a San Sebasti\u00e0n va ser en la temporada 2021\/2022 (1-3), amb una gran actuaci\u00f3 de Gerard Moreno."}]}],"hero":{"id":"section-1","title":"El Villarreal busca aconseguir un triomf davant la Real Sociedad despr\u00e9s d\u2019encadenar tres empats en els quals va mer\u00e9ixer m\u00e9s.","text":"El Villarreal busca aconseguir un triomf davant la Real Sociedad despr\u00e9s d\u2019encadenar tres empats en els quals va mer\u00e9ixer m\u00e9s. Els groguets s\u2019han retrobat a nivell de joc, per\u00f2 despr\u00e9s d\u2019una vict\u00f2ria de prestigi contra el FC Barcelona (3-5), no han aconseguit passar de l\u2019empat davant Cadiz (0-0), Alav\u00e9s (1-1) i Getafe (1-1). Enfront de la Reial Societat en el Reale Arena (divendres 21.00h) buscar\u00e1n mantindre la in\u00e8rcia positiva i retrobar-se amb la vict\u00f2ria. No ser\u00e0 un partit f\u00e0cil, el conjunt dirigit per Imanol Alguacil \u00e9s un equip molt s\u00f2lid i capa\u00e7 de competir amb qualsevol, com ha demostrat a Europa. No obstant aix\u00f2, la Real Sociedad no passa pel seu millor moment en lliga. Malgrat la victoria contra el Mallorca en la passada jornada (1-2), el conjunt txuri-urdin no guanya a casa des del passat 26 de novembre davant el Sevilla (2-1), i el Villarreal CF buscar\u00e0 aprofitar eixa mala din\u00e0mica i emportar-se els tres punts. En els \u00faltims cinc partits en el Reale Arena, els groguets han aconseguit tres vict\u00f2ries, un empat i una derrota, confirmant que el feu donostiarra se li ha donat b\u00e9 al Villarreal CF en els \u00faltims anys. L\u2019\u00faltima vict\u00f2ria a San Sebasti\u00e0n va ser en la temporada 2021\/2022 (1-3), amb una gran actuaci\u00f3 de Gerard Moreno.","headings":[{"type":"heading","level":2,"text":"El Villarreal busca aconseguir un triomf davant la Real Sociedad despr\u00e9s d\u2019encadenar tres empats en els quals va mer\u00e9ixer m\u00e9s."}],"texts":[{"type":"paragraph","text":"Els groguets s\u2019han retrobat a nivell de joc, per\u00f2 despr\u00e9s d\u2019una vict\u00f2ria de prestigi contra el FC Barcelona (3-5), no han aconseguit passar de l\u2019empat davant Cadiz (0-0), Alav\u00e9s (1-1) i Getafe (1-1). Enfront de la Reial Societat en el Reale Arena (divendres 21.00h) buscar\u00e1n mantindre la in\u00e8rcia positiva i retrobar-se amb la vict\u00f2ria."},{"type":"paragraph","text":"No ser\u00e0 un partit f\u00e0cil, el conjunt dirigit per Imanol Alguacil \u00e9s un equip molt s\u00f2lid i capa\u00e7 de competir amb qualsevol, com ha demostrat a Europa. No obstant aix\u00f2, la Real Sociedad no passa pel seu millor moment en lliga. Malgrat la victoria contra el Mallorca en la passada jornada (1-2), el conjunt txuri-urdin no guanya a casa des del passat 26 de novembre davant el Sevilla (2-1), i el Villarreal CF buscar\u00e0 aprofitar eixa mala din\u00e0mica i emportar-se els tres punts."},{"type":"paragraph","text":"En els \u00faltims cinc partits en el Reale Arena, els groguets han aconseguit tres vict\u00f2ries, un empat i una derrota, confirmant que el feu donostiarra se li ha donat b\u00e9 al Villarreal CF en els \u00faltims anys. L\u2019\u00faltima vict\u00f2ria a San Sebasti\u00e0n va ser en la temporada 2021\/2022 (1-3), amb una gran actuaci\u00f3 de Gerard Moreno."}],"buttons":[],"images":[],"widgets":[],"blocks":[{"type":"heading","level":2,"text":"El Villarreal busca aconseguir un triomf davant la Real Sociedad despr\u00e9s d\u2019encadenar tres empats en els quals va mer\u00e9ixer m\u00e9s."},{"type":"paragraph","text":"Els groguets s\u2019han retrobat a nivell de joc, per\u00f2 despr\u00e9s d\u2019una vict\u00f2ria de prestigi contra el FC Barcelona (3-5), no han aconseguit passar de l\u2019empat davant Cadiz (0-0), Alav\u00e9s (1-1) i Getafe (1-1). Enfront de la Reial Societat en el Reale Arena (divendres 21.00h) buscar\u00e1n mantindre la in\u00e8rcia positiva i retrobar-se amb la vict\u00f2ria."},{"type":"paragraph","text":"No ser\u00e0 un partit f\u00e0cil, el conjunt dirigit per Imanol Alguacil \u00e9s un equip molt s\u00f2lid i capa\u00e7 de competir amb qualsevol, com ha demostrat a Europa. No obstant aix\u00f2, la Real Sociedad no passa pel seu millor moment en lliga. Malgrat la victoria contra el Mallorca en la passada jornada (1-2), el conjunt txuri-urdin no guanya a casa des del passat 26 de novembre davant el Sevilla (2-1), i el Villarreal CF buscar\u00e0 aprofitar eixa mala din\u00e0mica i emportar-se els tres punts."},{"type":"paragraph","text":"En els \u00faltims cinc partits en el Reale Arena, els groguets han aconseguit tres vict\u00f2ries, un empat i una derrota, confirmant que el feu donostiarra se li ha donat b\u00e9 al Villarreal CF en els \u00faltims anys. L\u2019\u00faltima vict\u00f2ria a San Sebasti\u00e0n va ser en la temporada 2021\/2022 (1-3), amb una gran actuaci\u00f3 de Gerard Moreno."}]}},"sections":[{"id":"section-1","title":"El Villarreal busca aconseguir un triomf davant la Real Sociedad despr\u00e9s d\u2019encadenar tres empats en els quals va mer\u00e9ixer m\u00e9s.","text":"El Villarreal busca aconseguir un triomf davant la Real Sociedad despr\u00e9s d\u2019encadenar tres empats en els quals va mer\u00e9ixer m\u00e9s. Els groguets s\u2019han retrobat a nivell de joc, per\u00f2 despr\u00e9s d\u2019una vict\u00f2ria de prestigi contra el FC Barcelona (3-5), no han aconseguit passar de l\u2019empat davant Cadiz (0-0), Alav\u00e9s (1-1) i Getafe (1-1). Enfront de la Reial Societat en el Reale Arena (divendres 21.00h) buscar\u00e1n mantindre la in\u00e8rcia positiva i retrobar-se amb la vict\u00f2ria. No ser\u00e0 un partit f\u00e0cil, el conjunt dirigit per Imanol Alguacil \u00e9s un equip molt s\u00f2lid i capa\u00e7 de competir amb qualsevol, com ha demostrat a Europa. No obstant aix\u00f2, la Real Sociedad no passa pel seu millor moment en lliga. Malgrat la victoria contra el Mallorca en la passada jornada (1-2), el conjunt txuri-urdin no guanya a casa des del passat 26 de novembre davant el Sevilla (2-1), i el Villarreal CF buscar\u00e0 aprofitar eixa mala din\u00e0mica i emportar-se els tres punts. En els \u00faltims cinc partits en el Reale Arena, els groguets han aconseguit tres vict\u00f2ries, un empat i una derrota, confirmant que el feu donostiarra se li ha donat b\u00e9 al Villarreal CF en els \u00faltims anys. L\u2019\u00faltima vict\u00f2ria a San Sebasti\u00e0n va ser en la temporada 2021\/2022 (1-3), amb una gran actuaci\u00f3 de Gerard Moreno.","url":"","background_image":"","images":[],"videos":[],"links":[]}]},"excerpt":{"rendered":"El Villarreal busca aconseguir un triomf davant la Real Sociedad despr\u00e9s d&#8217;encadenar tres empats en els quals va mer\u00e9ixer m\u00e9s. Els groguets s&#8217;han retrobat a nivell de joc, per\u00f2 despr\u00e9s d\u2019una vict\u00f2ria de prestigi contra el FC Barcelona (3-5), no han aconseguit passar de l&#8217;empat davant Cadiz (0-0), Alav\u00e9s (1-1) i Getafe (1-1). Enfront de","protected":false},"author":25,"featured_media":298188,"comment_status":"closed","ping_status":"closed","sticky":false,"template":"","format":"standard","meta":{"_acf_changed":false,"footnotes":""},"categories":[13493],"tags":[717,9270,11042,14765,9283,9278,9240,716,9205,9627,9203],"acf":null,"lang":"val","translations":{"es":298141,"val":298143,"en":298189},"essential_grid":{"has_grid":false},"formatted_date":"February 22, 2024","modified_date":"February 21, 2024","permalink":"https:\/\/villarrealcf.es\/val\/retrobar-la-victoria-a-san-sebastian\/","reading_time":2,"featured_media_data":{"id":298188,"title":"ILIAS AKHOMACH","caption":"ILIAS AKHOMACH","alt_text":"","description":"","mime_type":"image\/jpeg","source_url":"https:\/\/villarrealcf.es\/wp-content\/uploads\/2024\/02\/iliasakhomach.jpg","sizes":{"thumbnail":{"url":"https:\/\/villarrealcf.es\/wp-content\/uploads\/2024\/02\/iliasakhomach-1920x1080.jpg","width":1920,"height":1080},"medium":{"url":"https:\/\/villarrealcf.es\/wp-content\/uploads\/2024\/02\/iliasakhomach-1920x1080.jpg","width":1920,"height":1080},"medium_large":{"url":"https:\/\/villarrealcf.es\/wp-content\/uploads\/2024\/02\/iliasakhomach-768x432.jpg","width":768,"height":432},"large":{"url":"https:\/\/villarrealcf.es\/wp-content\/uploads\/2024\/02\/iliasakhomach-1920x1080.jpg","width":788,"height":443},"1536x1536":{"url":"https:\/\/villarrealcf.es\/wp-content\/uploads\/2024\/02\/iliasakhomach-1536x864.jpg","width":1536,"height":864},"2048x2048":{"url":"https:\/\/villarrealcf.es\/wp-content\/uploads\/2024\/02\/iliasakhomach.jpg","width":1920,"height":1080},"tp-image-grid":{"url":"https:\/\/villarrealcf.es\/wp-content\/uploads\/2024\/02\/iliasakhomach-700x700.jpg","width":700,"height":700},"size-bunyad-medium":{"url":"https:\/\/villarrealcf.es\/wp-content\/uploads\/2024\/02\/iliasakhomach-1920x1080.jpg","width":1920,"height":1080},"sportspress-crop-medium":{"url":"https:\/\/villarrealcf.es\/wp-content\/uploads\/2024\/02\/iliasakhomach-300x300.jpg","width":300,"height":300},"sportspress-fit-medium":{"url":"https:\/\/villarrealcf.es\/wp-content\/uploads\/2024\/02\/iliasakhomach-300x169.jpg","width":300,"height":169},"sportspress-fit-icon":{"url":"https:\/\/villarrealcf.es\/wp-content\/uploads\/2024\/02\/iliasakhomach-128x72.jpg","width":128,"height":72},"sportspress-fit-mini":{"url":"https:\/\/villarrealcf.es\/wp-content\/uploads\/2024\/02\/iliasakhomach-32x18.jpg","width":32,"height":18},"bunyad-small":{"url":"https:\/\/villarrealcf.es\/wp-content\/uploads\/2024\/02\/iliasakhomach-150x84.jpg","width":150,"height":84},"bunyad-medium":{"url":"https:\/\/villarrealcf.es\/wp-content\/uploads\/2024\/02\/iliasakhomach-450x253.jpg","width":450,"height":253},"bunyad-full":{"url":"https:\/\/villarrealcf.es\/wp-content\/uploads\/2024\/02\/iliasakhomach-1200x675.jpg","width":1200,"height":675},"bunyad-viewport":{"url":"https:\/\/villarrealcf.es\/wp-content\/uploads\/2024\/02\/iliasakhomach.jpg","width":1920,"height":1080},"bunyad-768":{"url":"https:\/\/villarrealcf.es\/wp-content\/uploads\/2024\/02\/iliasakhomach-768x432.jpg","width":768,"height":432},"full":{"url":"https:\/\/villarrealcf.es\/wp-content\/uploads\/2024\/02\/iliasakhomach.jpg","width":1920,"height":1080}}},"author_data":{"id":"25","name":"Javier Ayuso","first_name":"Javier","last_name":"Ayuso","description":"","avatar_url":"https:\/\/secure.gravatar.com\/avatar\/fcf8894be45988fcce5bbff0efe1790d2a7f4ba57e2c7c898f5068154e696495?s=96&d=mm&r=g","acf":null},"taxonomies_data":{"category":[{"id":13493,"name":"Primer equip","slug":"primer-equip","acf":null}],"post_tag":[{"id":717,"name":"Football","slug":"football-d34","acf":null},{"id":9270,"name":"Futbol","slug":"futbol-val","acf":null},{"id":11042,"name":"LaLiga","slug":"laliga-val","acf":null},{"id":14765,"name":"LaLiga EA Sports","slug":"laliga-ea-sports-val","acf":null},{"id":9283,"name":"previa","slug":"previa-val","acf":null},{"id":9278,"name":"primera division","slug":"primera-division-val","acf":null},{"id":9240,"name":"Real Sociedad","slug":"real-sociedad-val","acf":null},{"id":716,"name":"Soccer","slug":"soccer-d105","acf":null},{"id":9205,"name":"Submarino","slug":"submarino-val","acf":null},{"id":9627,"name":"Submarino Amarillo","slug":"submarino-amarillo-val","acf":null},{"id":9203,"name":"Villarreal CF","slug":"villarreal-cf-val","acf":null}],"translation_priority":[{"id":735,"name":"Optional","slug":"optional-val","acf":null}]},"seo_full":{"native":{"title":"Retrobar la vict\u00f2ria a San Sebasti\u00e1n - Web Oficial del Villarreal CF","description":"El Villarreal busca aconseguir un triomf davant la Real Sociedad despr\u00e9s d'encadenar tres empats en els quals va mer\u00e9ixer m\u00e9s.&hellip;","canonical":"https:\/\/villarrealcf.es\/val\/retrobar-la-victoria-a-san-sebastian\/"}},"_links":{"self":[{"href":"https:\/\/villarrealcf.es\/val\/wp-json\/wp\/v2\/posts\/298143","targetHints":{"allow":["GET"]}}],"collection":[{"href":"https:\/\/villarrealcf.es\/val\/wp-json\/wp\/v2\/posts"}],"about":[{"href":"https:\/\/villarrealcf.es\/val\/wp-json\/wp\/v2\/types\/post"}],"author":[{"embeddable":true,"href":"https:\/\/villarrealcf.es\/val\/wp-json\/wp\/v2\/users\/25"}],"replies":[{"embeddable":true,"href":"https:\/\/villarrealcf.es\/val\/wp-json\/wp\/v2\/comments?post=298143"}],"version-history":[{"count":0,"href":"https:\/\/villarrealcf.es\/val\/wp-json\/wp\/v2\/posts\/298143\/revisions"}],"wp:featuredmedia":[{"embeddable":true,"href":"https:\/\/villarrealcf.es\/val\/wp-json\/wp\/v2\/media\/298188"}],"wp:attachment":[{"href":"https:\/\/villarrealcf.es\/val\/wp-json\/wp\/v2\/media?parent=298143"}],"wp:term":[{"taxonomy":"category","embeddable":true,"href":"https:\/\/villarrealcf.es\/val\/wp-json\/wp\/v2\/categories?post=298143"},{"taxonomy":"post_tag","embeddable":true,"href":"https:\/\/villarrealcf.es\/val\/wp-json\/wp\/v2\/tags?post=298143"}],"curies":[{"name":"wp","href":"https:\/\/api.w.org\/{rel}","templated":true}]}}