{"id":296441,"date":"2024-02-05T12:10:32","date_gmt":"2024-02-05T11:10:32","guid":{"rendered":"https:\/\/villarrealcf.es\/vota-a-generacion-z-en-groc-talent\/"},"modified":"2024-02-05T12:10:58","modified_gmt":"2024-02-05T11:10:58","slug":"vota-a-generacion-z-en-groc-talent","status":"publish","type":"post","link":"https:\/\/villarrealcf.es\/val\/vota-a-generacion-z-en-groc-talent\/","title":{"rendered":"Vota a Generaci\u00f3n Z en Groc Talent!"},"content":{"protected":false,"blocks":[{"type":"heading","level":2,"text":"El grup provincial va actuar durant la pr\u00e8via del partit davant el C\u00e1diz"},{"type":"paragraph","text":"Els aficionats del Villarreal ja poden valorar l\u2019actuaci\u00f3 de Generaci\u00f3n Z, que va actuar un any m\u00e9s en el Groc Talent dissabte passat en la Fan Zone de l\u2019Estadio de la Cer\u00e1mica durant la pr\u00e8via del Villarreal-C\u00e1diz."},{"type":"paragraph","text":"La votaci\u00f3 ja est\u00e0 oberta i durar\u00e0 fins dilluns que ve 12 de febrer a les 12.00 hores. En esta votaci\u00f3 es poden assignar d\u2019una a cinc estreles, sent esta \u00faltima la major puntuaci\u00f3."},{"type":"link","url":"https:\/\/villarrealcf.es\/groc-talent\/","text":"vota a\u00e7\u00ed","target":""}],"structured":{"summary":{"text":"El grup provincial va actuar durant la pr\u00e8via del partit davant el C\u00e1diz Els aficionats del Villarreal ja poden valorar l\u2019actuaci\u00f3 de Generaci\u00f3n Z, que va actuar un any m\u00e9s en el Groc Talent dissabte passat en la Fan Zone de l\u2019Estadio de la Cer\u00e1mica durant la pr\u00e8via del Villarreal-C\u00e1diz. La votaci\u00f3 ja est\u00e0 oberta i durar\u00e0 fins dilluns que ve 12 de febrer a les 12.00 hores. En esta votaci\u00f3 es poden assignar d\u2019una a cinc estreles, sent esta \u00faltima la major puntuaci\u00f3. vota a\u00e7\u00ed","headings":[{"type":"heading","level":2,"text":"El grup provincial va actuar durant la pr\u00e8via del partit davant el C\u00e1diz"}],"buttons":[],"images":[],"counts":{"blocks":4,"headings":1,"texts":2,"buttons":0,"images":0}},"sections":[{"id":"section-1","title":"El grup provincial va actuar durant la pr\u00e8via del partit davant el C\u00e1diz","text":"El grup provincial va actuar durant la pr\u00e8via del partit davant el C\u00e1diz Els aficionats del Villarreal ja poden valorar l\u2019actuaci\u00f3 de Generaci\u00f3n Z, que va actuar un any m\u00e9s en el Groc Talent dissabte passat en la Fan Zone de l\u2019Estadio de la Cer\u00e1mica durant la pr\u00e8via del Villarreal-C\u00e1diz. La votaci\u00f3 ja est\u00e0 oberta i durar\u00e0 fins dilluns que ve 12 de febrer a les 12.00 hores. En esta votaci\u00f3 es poden assignar d\u2019una a cinc estreles, sent esta \u00faltima la major puntuaci\u00f3.","headings":[{"type":"heading","level":2,"text":"El grup provincial va actuar durant la pr\u00e8via del partit davant el C\u00e1diz"}],"texts":[{"type":"paragraph","text":"Els aficionats del Villarreal ja poden valorar l\u2019actuaci\u00f3 de Generaci\u00f3n Z, que va actuar un any m\u00e9s en el Groc Talent dissabte passat en la Fan Zone de l\u2019Estadio de la Cer\u00e1mica durant la pr\u00e8via del Villarreal-C\u00e1diz."},{"type":"paragraph","text":"La votaci\u00f3 ja est\u00e0 oberta i durar\u00e0 fins dilluns que ve 12 de febrer a les 12.00 hores. En esta votaci\u00f3 es poden assignar d\u2019una a cinc estreles, sent esta \u00faltima la major puntuaci\u00f3."}],"buttons":[],"images":[],"widgets":[],"blocks":[{"type":"heading","level":2,"text":"El grup provincial va actuar durant la pr\u00e8via del partit davant el C\u00e1diz"},{"type":"paragraph","text":"Els aficionats del Villarreal ja poden valorar l\u2019actuaci\u00f3 de Generaci\u00f3n Z, que va actuar un any m\u00e9s en el Groc Talent dissabte passat en la Fan Zone de l\u2019Estadio de la Cer\u00e1mica durant la pr\u00e8via del Villarreal-C\u00e1diz."},{"type":"paragraph","text":"La votaci\u00f3 ja est\u00e0 oberta i durar\u00e0 fins dilluns que ve 12 de febrer a les 12.00 hores. En esta votaci\u00f3 es poden assignar d\u2019una a cinc estreles, sent esta \u00faltima la major puntuaci\u00f3."},{"type":"link","url":"https:\/\/villarrealcf.es\/groc-talent\/","text":"vota a\u00e7\u00ed","target":""}]}],"hero":{"id":"section-1","title":"El grup provincial va actuar durant la pr\u00e8via del partit davant el C\u00e1diz","text":"El grup provincial va actuar durant la pr\u00e8via del partit davant el C\u00e1diz Els aficionats del Villarreal ja poden valorar l\u2019actuaci\u00f3 de Generaci\u00f3n Z, que va actuar un any m\u00e9s en el Groc Talent dissabte passat en la Fan Zone de l\u2019Estadio de la Cer\u00e1mica durant la pr\u00e8via del Villarreal-C\u00e1diz. La votaci\u00f3 ja est\u00e0 oberta i durar\u00e0 fins dilluns que ve 12 de febrer a les 12.00 hores. En esta votaci\u00f3 es poden assignar d\u2019una a cinc estreles, sent esta \u00faltima la major puntuaci\u00f3.","headings":[{"type":"heading","level":2,"text":"El grup provincial va actuar durant la pr\u00e8via del partit davant el C\u00e1diz"}],"texts":[{"type":"paragraph","text":"Els aficionats del Villarreal ja poden valorar l\u2019actuaci\u00f3 de Generaci\u00f3n Z, que va actuar un any m\u00e9s en el Groc Talent dissabte passat en la Fan Zone de l\u2019Estadio de la Cer\u00e1mica durant la pr\u00e8via del Villarreal-C\u00e1diz."},{"type":"paragraph","text":"La votaci\u00f3 ja est\u00e0 oberta i durar\u00e0 fins dilluns que ve 12 de febrer a les 12.00 hores. En esta votaci\u00f3 es poden assignar d\u2019una a cinc estreles, sent esta \u00faltima la major puntuaci\u00f3."}],"buttons":[],"images":[],"widgets":[],"blocks":[{"type":"heading","level":2,"text":"El grup provincial va actuar durant la pr\u00e8via del partit davant el C\u00e1diz"},{"type":"paragraph","text":"Els aficionats del Villarreal ja poden valorar l\u2019actuaci\u00f3 de Generaci\u00f3n Z, que va actuar un any m\u00e9s en el Groc Talent dissabte passat en la Fan Zone de l\u2019Estadio de la Cer\u00e1mica durant la pr\u00e8via del Villarreal-C\u00e1diz."},{"type":"paragraph","text":"La votaci\u00f3 ja est\u00e0 oberta i durar\u00e0 fins dilluns que ve 12 de febrer a les 12.00 hores. En esta votaci\u00f3 es poden assignar d\u2019una a cinc estreles, sent esta \u00faltima la major puntuaci\u00f3."},{"type":"link","url":"https:\/\/villarrealcf.es\/groc-talent\/","text":"vota a\u00e7\u00ed","target":""}]}},"sections":[{"id":"section-1","title":"El grup provincial va actuar durant la pr\u00e8via del partit davant el C\u00e1diz","text":"El grup provincial va actuar durant la pr\u00e8via del partit davant el C\u00e1diz Els aficionats del Villarreal ja poden valorar l\u2019actuaci\u00f3 de Generaci\u00f3n Z, que va actuar un any m\u00e9s en el Groc Talent dissabte passat en la Fan Zone de l\u2019Estadio de la Cer\u00e1mica durant la pr\u00e8via del Villarreal-C\u00e1diz. La votaci\u00f3 ja est\u00e0 oberta i durar\u00e0 fins dilluns que ve 12 de febrer a les 12.00 hores. En esta votaci\u00f3 es poden assignar d\u2019una a cinc estreles, sent esta \u00faltima la major puntuaci\u00f3.","url":"https:\/\/villarrealcf.es\/groc-talent\/","background_image":"","images":[],"videos":[],"links":[{"type":"link","url":"https:\/\/villarrealcf.es\/groc-talent\/","text":"vota a\u00e7\u00ed","target":""}]}]},"excerpt":{"rendered":"El grup provincial va actuar durant la pr\u00e8via del partit davant el C\u00e1diz","protected":false},"author":33,"featured_media":296439,"comment_status":"closed","ping_status":"closed","sticky":false,"template":"","format":"standard","meta":{"_acf_changed":false,"footnotes":""},"categories":[13509],"tags":[9242,11054,717,9270,15432,14145,716,9205,9627,9203],"acf":null,"lang":"val","translations":{"es":296434,"val":296441,"en":296509},"essential_grid":{"has_grid":false},"formatted_date":"February 5, 2024","modified_date":"February 5, 2024","permalink":"https:\/\/villarrealcf.es\/val\/vota-a-generacion-z-en-groc-talent\/","reading_time":1,"featured_media_data":{"id":296439,"title":"VillarrealCF-CadizCF-039","caption":"","alt_text":"","description":"","mime_type":"image\/jpeg","source_url":"https:\/\/villarrealcf.es\/wp-content\/uploads\/2024\/02\/VillarrealCF-CadizCF-039-scaled.jpg","sizes":{"thumbnail":{"url":"https:\/\/villarrealcf.es\/wp-content\/uploads\/2024\/02\/VillarrealCF-CadizCF-039-1920x1080.jpg","width":1920,"height":1080},"medium":{"url":"https:\/\/villarrealcf.es\/wp-content\/uploads\/2024\/02\/VillarrealCF-CadizCF-039-1920x1080.jpg","width":1920,"height":1080},"medium_large":{"url":"https:\/\/villarrealcf.es\/wp-content\/uploads\/2024\/02\/VillarrealCF-CadizCF-039-768x432.jpg","width":768,"height":432},"large":{"url":"https:\/\/villarrealcf.es\/wp-content\/uploads\/2024\/02\/VillarrealCF-CadizCF-039-1920x1080.jpg","width":788,"height":443},"1536x1536":{"url":"https:\/\/villarrealcf.es\/wp-content\/uploads\/2024\/02\/VillarrealCF-CadizCF-039-1536x864.jpg","width":1536,"height":864},"2048x2048":{"url":"https:\/\/villarrealcf.es\/wp-content\/uploads\/2024\/02\/VillarrealCF-CadizCF-039-2048x1152.jpg","width":2048,"height":1152},"tp-image-grid":{"url":"https:\/\/villarrealcf.es\/wp-content\/uploads\/2024\/02\/VillarrealCF-CadizCF-039-700x700.jpg","width":700,"height":700},"size-bunyad-medium":{"url":"https:\/\/villarrealcf.es\/wp-content\/uploads\/2024\/02\/VillarrealCF-CadizCF-039-1920x1080.jpg","width":1920,"height":1080},"sportspress-crop-medium":{"url":"https:\/\/villarrealcf.es\/wp-content\/uploads\/2024\/02\/VillarrealCF-CadizCF-039-300x300.jpg","width":300,"height":300},"sportspress-fit-medium":{"url":"https:\/\/villarrealcf.es\/wp-content\/uploads\/2024\/02\/VillarrealCF-CadizCF-039-300x169.jpg","width":300,"height":169},"sportspress-fit-icon":{"url":"https:\/\/villarrealcf.es\/wp-content\/uploads\/2024\/02\/VillarrealCF-CadizCF-039-128x72.jpg","width":128,"height":72},"sportspress-fit-mini":{"url":"https:\/\/villarrealcf.es\/wp-content\/uploads\/2024\/02\/VillarrealCF-CadizCF-039-32x18.jpg","width":32,"height":18},"bunyad-small":{"url":"https:\/\/villarrealcf.es\/wp-content\/uploads\/2024\/02\/VillarrealCF-CadizCF-039-150x84.jpg","width":150,"height":84},"bunyad-medium":{"url":"https:\/\/villarrealcf.es\/wp-content\/uploads\/2024\/02\/VillarrealCF-CadizCF-039-450x253.jpg","width":450,"height":253},"bunyad-full":{"url":"https:\/\/villarrealcf.es\/wp-content\/uploads\/2024\/02\/VillarrealCF-CadizCF-039-1200x675.jpg","width":1200,"height":675},"bunyad-viewport":{"url":"https:\/\/villarrealcf.es\/wp-content\/uploads\/2024\/02\/VillarrealCF-CadizCF-039-2048x1152.jpg","width":2048,"height":1152},"bunyad-768":{"url":"https:\/\/villarrealcf.es\/wp-content\/uploads\/2024\/02\/VillarrealCF-CadizCF-039-768x432.jpg","width":768,"height":432},"full":{"url":"https:\/\/villarrealcf.es\/wp-content\/uploads\/2024\/02\/VillarrealCF-CadizCF-039-scaled.jpg","width":2560,"height":1440}}},"author_data":{"id":"33","name":"Nacho Tejada","first_name":"Nacho","last_name":"Tejada","description":"","avatar_url":"https:\/\/secure.gravatar.com\/avatar\/b1580534b2fcd93e031504756165758941290488df5c88966a26f84344931fd1?s=96&d=mm&r=g","acf":null},"taxonomies_data":{"category":[{"id":13509,"name":"Endavant","slug":"endavant-val","acf":null}],"post_tag":[{"id":9242,"name":"Endavant","slug":"endavant-val-2","acf":null},{"id":11054,"name":"Endavant Cultura","slug":"endavant-cultura-val-2","acf":null},{"id":717,"name":"Football","slug":"football-d34","acf":null},{"id":9270,"name":"Futbol","slug":"futbol-val","acf":null},{"id":15432,"name":"Generaci\u00f3n Z","slug":"generacion-z-2-val","acf":null},{"id":14145,"name":"Sin categorizar","slug":"sin-categorizar-val-5","acf":null},{"id":716,"name":"Soccer","slug":"soccer-d105","acf":null},{"id":9205,"name":"Submarino","slug":"submarino-val","acf":null},{"id":9627,"name":"Submarino Amarillo","slug":"submarino-amarillo-val","acf":null},{"id":9203,"name":"Villarreal CF","slug":"villarreal-cf-val","acf":null}],"translation_priority":[{"id":735,"name":"Optional","slug":"optional-val","acf":null}]},"seo_full":{"native":{"title":"Vota a Generaci\u00f3n Z en Groc Talent! - Web Oficial del Villarreal CF","description":"El grup provincial va actuar durant la pr\u00e8via del partit davant el C\u00e1diz","canonical":"https:\/\/villarrealcf.es\/val\/vota-a-generacion-z-en-groc-talent\/"}},"_links":{"self":[{"href":"https:\/\/villarrealcf.es\/val\/wp-json\/wp\/v2\/posts\/296441","targetHints":{"allow":["GET"]}}],"collection":[{"href":"https:\/\/villarrealcf.es\/val\/wp-json\/wp\/v2\/posts"}],"about":[{"href":"https:\/\/villarrealcf.es\/val\/wp-json\/wp\/v2\/types\/post"}],"author":[{"embeddable":true,"href":"https:\/\/villarrealcf.es\/val\/wp-json\/wp\/v2\/users\/33"}],"replies":[{"embeddable":true,"href":"https:\/\/villarrealcf.es\/val\/wp-json\/wp\/v2\/comments?post=296441"}],"version-history":[{"count":0,"href":"https:\/\/villarrealcf.es\/val\/wp-json\/wp\/v2\/posts\/296441\/revisions"}],"wp:featuredmedia":[{"embeddable":true,"href":"https:\/\/villarrealcf.es\/val\/wp-json\/wp\/v2\/media\/296439"}],"wp:attachment":[{"href":"https:\/\/villarrealcf.es\/val\/wp-json\/wp\/v2\/media?parent=296441"}],"wp:term":[{"taxonomy":"category","embeddable":true,"href":"https:\/\/villarrealcf.es\/val\/wp-json\/wp\/v2\/categories?post=296441"},{"taxonomy":"post_tag","embeddable":true,"href":"https:\/\/villarrealcf.es\/val\/wp-json\/wp\/v2\/tags?post=296441"}],"curies":[{"name":"wp","href":"https:\/\/api.w.org\/{rel}","templated":true}]}}