{"id":296189,"date":"2024-02-01T10:37:03","date_gmt":"2024-02-01T09:37:03","guid":{"rendered":"https:\/\/villarrealcf.es\/un-cafe-con-yerson-mosquera\/"},"modified":"2024-02-01T11:43:21","modified_gmt":"2024-02-01T10:43:21","slug":"un-cafe-con-yerson-mosquera","status":"publish","type":"post","link":"https:\/\/villarrealcf.es\/val\/un-cafe-con-yerson-mosquera\/","title":{"rendered":"Un caf\u00e9 amb Yerson Mosquera"},"content":{"protected":false,"blocks":[{"type":"heading","level":2,"text":"El defensa colombi\u00e0 recorda la seua inf\u00e0ncia, repassa la seua carrera i comenta les seues sensacions a Vila-real"},{"type":"paragraph","text":"El defensa colombi\u00e0 del Villarreal CF, Yerson Mosquera, ha at\u00e9s la televisi\u00f3 del club en una entrevista tranquil\u00b7la, amb un caf\u00e9 sobre la taula."},{"type":"paragraph","text":"En ella, el nou futbolista del Submar\u00ed recorda els seus inicis en el m\u00f3n del futbol, la seua traject\u00f2ria professional i les seues sensacions durant els seus primers dies a Vila-real."},{"type":"paragraph","text":"Gaudeix de l\u2019entrevista completa ac\u00ed:"},{"type":"video","kind":"iframe","url":"https:\/\/www.youtube.com\/embed\/mRsTydrCM-U?feature=oembed","poster":""}],"structured":{"summary":{"text":"El defensa colombi\u00e0 recorda la seua inf\u00e0ncia, repassa la seua carrera i comenta les seues sensacions a Vila-real El defensa colombi\u00e0 del Villarreal CF, Yerson Mosquera, ha at\u00e9s la televisi\u00f3 del club en una entrevista tranquil\u00b7la, amb un caf\u00e9 sobre la taula. En ella, el nou futbolista del Submar\u00ed recorda els seus inicis en el m\u00f3n del futbol, la seua traject\u00f2ria professional i les seues sensacions durant els seus primers dies a Vila-real. Gaudeix de l\u2019entrevista completa ac\u00ed:","headings":[{"type":"heading","level":2,"text":"El defensa colombi\u00e0 recorda la seua inf\u00e0ncia, repassa la seua carrera i comenta les seues sensacions a Vila-real"}],"buttons":[],"images":[],"counts":{"blocks":5,"headings":1,"texts":3,"buttons":0,"images":0}},"sections":[{"id":"section-1","title":"El defensa colombi\u00e0 recorda la seua inf\u00e0ncia, repassa la seua carrera i comenta les seues sensacions a Vila-real","text":"El defensa colombi\u00e0 recorda la seua inf\u00e0ncia, repassa la seua carrera i comenta les seues sensacions a Vila-real El defensa colombi\u00e0 del Villarreal CF, Yerson Mosquera, ha at\u00e9s la televisi\u00f3 del club en una entrevista tranquil\u00b7la, amb un caf\u00e9 sobre la taula. En ella, el nou futbolista del Submar\u00ed recorda els seus inicis en el m\u00f3n del futbol, la seua traject\u00f2ria professional i les seues sensacions durant els seus primers dies a Vila-real. Gaudeix de l\u2019entrevista completa ac\u00ed:","headings":[{"type":"heading","level":2,"text":"El defensa colombi\u00e0 recorda la seua inf\u00e0ncia, repassa la seua carrera i comenta les seues sensacions a Vila-real"}],"texts":[{"type":"paragraph","text":"El defensa colombi\u00e0 del Villarreal CF, Yerson Mosquera, ha at\u00e9s la televisi\u00f3 del club en una entrevista tranquil\u00b7la, amb un caf\u00e9 sobre la taula."},{"type":"paragraph","text":"En ella, el nou futbolista del Submar\u00ed recorda els seus inicis en el m\u00f3n del futbol, la seua traject\u00f2ria professional i les seues sensacions durant els seus primers dies a Vila-real."},{"type":"paragraph","text":"Gaudeix de l\u2019entrevista completa ac\u00ed:"}],"buttons":[],"images":[],"widgets":[],"blocks":[{"type":"heading","level":2,"text":"El defensa colombi\u00e0 recorda la seua inf\u00e0ncia, repassa la seua carrera i comenta les seues sensacions a Vila-real"},{"type":"paragraph","text":"El defensa colombi\u00e0 del Villarreal CF, Yerson Mosquera, ha at\u00e9s la televisi\u00f3 del club en una entrevista tranquil\u00b7la, amb un caf\u00e9 sobre la taula."},{"type":"paragraph","text":"En ella, el nou futbolista del Submar\u00ed recorda els seus inicis en el m\u00f3n del futbol, la seua traject\u00f2ria professional i les seues sensacions durant els seus primers dies a Vila-real."},{"type":"paragraph","text":"Gaudeix de l\u2019entrevista completa ac\u00ed:"},{"type":"video","kind":"iframe","url":"https:\/\/www.youtube.com\/embed\/mRsTydrCM-U?feature=oembed","poster":""}]}],"hero":{"id":"section-1","title":"El defensa colombi\u00e0 recorda la seua inf\u00e0ncia, repassa la seua carrera i comenta les seues sensacions a Vila-real","text":"El defensa colombi\u00e0 recorda la seua inf\u00e0ncia, repassa la seua carrera i comenta les seues sensacions a Vila-real El defensa colombi\u00e0 del Villarreal CF, Yerson Mosquera, ha at\u00e9s la televisi\u00f3 del club en una entrevista tranquil\u00b7la, amb un caf\u00e9 sobre la taula. En ella, el nou futbolista del Submar\u00ed recorda els seus inicis en el m\u00f3n del futbol, la seua traject\u00f2ria professional i les seues sensacions durant els seus primers dies a Vila-real. Gaudeix de l\u2019entrevista completa ac\u00ed:","headings":[{"type":"heading","level":2,"text":"El defensa colombi\u00e0 recorda la seua inf\u00e0ncia, repassa la seua carrera i comenta les seues sensacions a Vila-real"}],"texts":[{"type":"paragraph","text":"El defensa colombi\u00e0 del Villarreal CF, Yerson Mosquera, ha at\u00e9s la televisi\u00f3 del club en una entrevista tranquil\u00b7la, amb un caf\u00e9 sobre la taula."},{"type":"paragraph","text":"En ella, el nou futbolista del Submar\u00ed recorda els seus inicis en el m\u00f3n del futbol, la seua traject\u00f2ria professional i les seues sensacions durant els seus primers dies a Vila-real."},{"type":"paragraph","text":"Gaudeix de l\u2019entrevista completa ac\u00ed:"}],"buttons":[],"images":[],"widgets":[],"blocks":[{"type":"heading","level":2,"text":"El defensa colombi\u00e0 recorda la seua inf\u00e0ncia, repassa la seua carrera i comenta les seues sensacions a Vila-real"},{"type":"paragraph","text":"El defensa colombi\u00e0 del Villarreal CF, Yerson Mosquera, ha at\u00e9s la televisi\u00f3 del club en una entrevista tranquil\u00b7la, amb un caf\u00e9 sobre la taula."},{"type":"paragraph","text":"En ella, el nou futbolista del Submar\u00ed recorda els seus inicis en el m\u00f3n del futbol, la seua traject\u00f2ria professional i les seues sensacions durant els seus primers dies a Vila-real."},{"type":"paragraph","text":"Gaudeix de l\u2019entrevista completa ac\u00ed:"},{"type":"video","kind":"iframe","url":"https:\/\/www.youtube.com\/embed\/mRsTydrCM-U?feature=oembed","poster":""}]}},"sections":[{"id":"section-1","title":"El defensa colombi\u00e0 recorda la seua inf\u00e0ncia, repassa la seua carrera i comenta les seues sensacions a Vila-real","text":"El defensa colombi\u00e0 recorda la seua inf\u00e0ncia, repassa la seua carrera i comenta les seues sensacions a Vila-real El defensa colombi\u00e0 del Villarreal CF, Yerson Mosquera, ha at\u00e9s la televisi\u00f3 del club en una entrevista tranquil\u00b7la, amb un caf\u00e9 sobre la taula. En ella, el nou futbolista del Submar\u00ed recorda els seus inicis en el m\u00f3n del futbol, la seua traject\u00f2ria professional i les seues sensacions durant els seus primers dies a Vila-real. Gaudeix de l\u2019entrevista completa ac\u00ed:","url":"","background_image":"","images":[],"videos":[{"type":"video","kind":"iframe","url":"https:\/\/www.youtube.com\/embed\/mRsTydrCM-U?feature=oembed","poster":""}],"links":[]}]},"excerpt":{"rendered":"El defensa colombi\u00e0 recorda la seua inf\u00e0ncia, repassa la seua carrera i comenta les seues sensacions a Vila-real","protected":false},"author":23,"featured_media":296186,"comment_status":"closed","ping_status":"closed","sticky":false,"template":"","format":"standard","meta":{"_acf_changed":false,"footnotes":""},"categories":[13493],"tags":[14856,10059,717,9270,9278,716,9205,9627,9203,15402],"acf":null,"lang":"val","translations":{"es":296181,"val":296189,"en":296196},"essential_grid":{"has_grid":false},"formatted_date":"February 1, 2024","modified_date":"February 1, 2024","permalink":"https:\/\/villarrealcf.es\/val\/un-cafe-con-yerson-mosquera\/","reading_time":1,"featured_media_data":{"id":296186,"title":"20240131-EntrevistaYersonMosquera-017","caption":"","alt_text":"","description":"","mime_type":"image\/jpeg","source_url":"https:\/\/villarrealcf.es\/wp-content\/uploads\/2024\/02\/20240131-EntrevistaYersonMosquera-017-scaled.jpg","sizes":{"thumbnail":{"url":"https:\/\/villarrealcf.es\/wp-content\/uploads\/2024\/02\/20240131-EntrevistaYersonMosquera-017-1920x1080.jpg","width":1920,"height":1080},"medium":{"url":"https:\/\/villarrealcf.es\/wp-content\/uploads\/2024\/02\/20240131-EntrevistaYersonMosquera-017-1920x1080.jpg","width":1920,"height":1080},"medium_large":{"url":"https:\/\/villarrealcf.es\/wp-content\/uploads\/2024\/02\/20240131-EntrevistaYersonMosquera-017-768x432.jpg","width":768,"height":432},"large":{"url":"https:\/\/villarrealcf.es\/wp-content\/uploads\/2024\/02\/20240131-EntrevistaYersonMosquera-017-1920x1080.jpg","width":788,"height":443},"1536x1536":{"url":"https:\/\/villarrealcf.es\/wp-content\/uploads\/2024\/02\/20240131-EntrevistaYersonMosquera-017-1536x864.jpg","width":1536,"height":864},"2048x2048":{"url":"https:\/\/villarrealcf.es\/wp-content\/uploads\/2024\/02\/20240131-EntrevistaYersonMosquera-017-2048x1152.jpg","width":2048,"height":1152},"tp-image-grid":{"url":"https:\/\/villarrealcf.es\/wp-content\/uploads\/2024\/02\/20240131-EntrevistaYersonMosquera-017-700x700.jpg","width":700,"height":700},"size-bunyad-medium":{"url":"https:\/\/villarrealcf.es\/wp-content\/uploads\/2024\/02\/20240131-EntrevistaYersonMosquera-017-1920x1080.jpg","width":1920,"height":1080},"sportspress-crop-medium":{"url":"https:\/\/villarrealcf.es\/wp-content\/uploads\/2024\/02\/20240131-EntrevistaYersonMosquera-017-300x300.jpg","width":300,"height":300},"sportspress-fit-medium":{"url":"https:\/\/villarrealcf.es\/wp-content\/uploads\/2024\/02\/20240131-EntrevistaYersonMosquera-017-300x169.jpg","width":300,"height":169},"sportspress-fit-icon":{"url":"https:\/\/villarrealcf.es\/wp-content\/uploads\/2024\/02\/20240131-EntrevistaYersonMosquera-017-128x72.jpg","width":128,"height":72},"sportspress-fit-mini":{"url":"https:\/\/villarrealcf.es\/wp-content\/uploads\/2024\/02\/20240131-EntrevistaYersonMosquera-017-32x18.jpg","width":32,"height":18},"bunyad-small":{"url":"https:\/\/villarrealcf.es\/wp-content\/uploads\/2024\/02\/20240131-EntrevistaYersonMosquera-017-150x84.jpg","width":150,"height":84},"bunyad-medium":{"url":"https:\/\/villarrealcf.es\/wp-content\/uploads\/2024\/02\/20240131-EntrevistaYersonMosquera-017-450x253.jpg","width":450,"height":253},"bunyad-full":{"url":"https:\/\/villarrealcf.es\/wp-content\/uploads\/2024\/02\/20240131-EntrevistaYersonMosquera-017-1200x675.jpg","width":1200,"height":675},"bunyad-viewport":{"url":"https:\/\/villarrealcf.es\/wp-content\/uploads\/2024\/02\/20240131-EntrevistaYersonMosquera-017-2048x1152.jpg","width":2048,"height":1152},"bunyad-768":{"url":"https:\/\/villarrealcf.es\/wp-content\/uploads\/2024\/02\/20240131-EntrevistaYersonMosquera-017-768x432.jpg","width":768,"height":432},"full":{"url":"https:\/\/villarrealcf.es\/wp-content\/uploads\/2024\/02\/20240131-EntrevistaYersonMosquera-017-scaled.jpg","width":2560,"height":1440}}},"author_data":{"id":"23","name":"Fran Segovia","first_name":"Fran","last_name":"Segovia","description":"","avatar_url":"https:\/\/secure.gravatar.com\/avatar\/9ec849b3b9cb451091f0a96d7943b1c6be26a8d6fd3b94d5b5bfd496b2536c42?s=96&d=mm&r=g","acf":null},"taxonomies_data":{"category":[{"id":13493,"name":"Primer equip","slug":"primer-equip","acf":null}],"post_tag":[{"id":14856,"name":"Entrevista","slug":"entrevista-2-val","acf":null},{"id":10059,"name":"Fichaje","slug":"fichaje-val","acf":null},{"id":717,"name":"Football","slug":"football-d34","acf":null},{"id":9270,"name":"Futbol","slug":"futbol-val","acf":null},{"id":9278,"name":"primera division","slug":"primera-division-val","acf":null},{"id":716,"name":"Soccer","slug":"soccer-d105","acf":null},{"id":9205,"name":"Submarino","slug":"submarino-val","acf":null},{"id":9627,"name":"Submarino Amarillo","slug":"submarino-amarillo-val","acf":null},{"id":9203,"name":"Villarreal CF","slug":"villarreal-cf-val","acf":null},{"id":15402,"name":"Yerson Mosquera","slug":"yerson-mosquera-val","acf":null}],"translation_priority":[{"id":735,"name":"Optional","slug":"optional-val","acf":null}]},"seo_full":{"native":{"title":"Un caf\u00e9 amb Yerson Mosquera - Web Oficial del Villarreal CF","description":"El defensa colombi\u00e0 recorda la seua inf\u00e0ncia, repassa la seua carrera i comenta les seues sensacions a Vila-real","canonical":"https:\/\/villarrealcf.es\/val\/un-cafe-con-yerson-mosquera\/"}},"_links":{"self":[{"href":"https:\/\/villarrealcf.es\/val\/wp-json\/wp\/v2\/posts\/296189","targetHints":{"allow":["GET"]}}],"collection":[{"href":"https:\/\/villarrealcf.es\/val\/wp-json\/wp\/v2\/posts"}],"about":[{"href":"https:\/\/villarrealcf.es\/val\/wp-json\/wp\/v2\/types\/post"}],"author":[{"embeddable":true,"href":"https:\/\/villarrealcf.es\/val\/wp-json\/wp\/v2\/users\/23"}],"replies":[{"embeddable":true,"href":"https:\/\/villarrealcf.es\/val\/wp-json\/wp\/v2\/comments?post=296189"}],"version-history":[{"count":0,"href":"https:\/\/villarrealcf.es\/val\/wp-json\/wp\/v2\/posts\/296189\/revisions"}],"wp:featuredmedia":[{"embeddable":true,"href":"https:\/\/villarrealcf.es\/val\/wp-json\/wp\/v2\/media\/296186"}],"wp:attachment":[{"href":"https:\/\/villarrealcf.es\/val\/wp-json\/wp\/v2\/media?parent=296189"}],"wp:term":[{"taxonomy":"category","embeddable":true,"href":"https:\/\/villarrealcf.es\/val\/wp-json\/wp\/v2\/categories?post=296189"},{"taxonomy":"post_tag","embeddable":true,"href":"https:\/\/villarrealcf.es\/val\/wp-json\/wp\/v2\/tags?post=296189"}],"curies":[{"name":"wp","href":"https:\/\/api.w.org\/{rel}","templated":true}]}}