{"id":295216,"date":"2024-01-23T18:24:30","date_gmt":"2024-01-23T17:24:30","guid":{"rendered":"https:\/\/villarrealcf.es\/xxxx-2\/"},"modified":"2024-01-23T18:26:40","modified_gmt":"2024-01-23T17:26:40","slug":"xxxx-2","status":"publish","type":"post","link":"https:\/\/villarrealcf.es\/val\/xxxx-2\/","title":{"rendered":"\u00a0Yerson Mosquera supera la revisi\u00f3 m\u00e8dica"},"content":{"protected":false,"blocks":[{"type":"heading","level":2,"text":"El defensa colombi\u00e0 ha passat l\u2019examen m\u00e8dic sota la supervisi\u00f3 d\u2019ASISA"},{"type":"paragraph","text":"La recent incorporaci\u00f3 del Villarreal CF, Yerson Mosquera, ha superat les pertinents proves m\u00e8diques sota la supervisi\u00f3 d\u2019ASISA, prove\u00efdor m\u00e8dic oficial del club."},{"type":"paragraph","text":"Comprom\u00eds amb la salut i l\u2019esport"},{"type":"paragraph","text":"ASISA mant\u00e9 com una dels seus senyals d\u2019identitat m\u00e9s recognoscibles un comprom\u00eds s\u00f2lid amb el mecenatge i el patrocini de multitud d\u2019activitats socials, culturals i esportives. Per aix\u00f2, l\u2019asseguradora mant\u00e9 un fort vincle amb el foment de l\u2019educaci\u00f3 i els h\u00e0bits de vida saludables. Este comprom\u00eds es materialitza a trav\u00e9s del suport i el patrocini a diferents organitzacions i clubs esportius, amb l\u2019objectiu de la promoci\u00f3 de l\u2019esport des de la base i el suport a joves esportistes."},{"type":"image","url":"https:\/\/villarrealcf.es\/wp-content\/uploads\/2024\/01\/image-2.png","alt":"","width":760,"height":84,"srcset":"https:\/\/villarrealcf.es\/wp-content\/uploads\/2024\/01\/image-2.png 760w, https:\/\/villarrealcf.es\/wp-content\/uploads\/2024\/01\/image-2.png 1920w, https:\/\/villarrealcf.es\/wp-content\/uploads\/2024\/01\/image-2.png 1920w, https:\/\/villarrealcf.es\/wp-content\/uploads\/2024\/01\/image-2-32x4.png 32w, https:\/\/villarrealcf.es\/wp-content\/uploads\/2024\/01\/image-2-150x17.png 150w, https:\/\/villarrealcf.es\/wp-content\/uploads\/2024\/01\/image-2.png 1920w, https:\/\/villarrealcf.es\/wp-content\/uploads\/2024\/01\/image-2.png 1920w","sizes":"auto, (max-width: 760px) 100vw, 760px"}],"structured":{"summary":{"text":"El defensa colombi\u00e0 ha passat l\u2019examen m\u00e8dic sota la supervisi\u00f3 d\u2019ASISA La recent incorporaci\u00f3 del Villarreal CF, Yerson Mosquera, ha superat les pertinents proves m\u00e8diques sota la supervisi\u00f3 d\u2019ASISA, prove\u00efdor m\u00e8dic oficial del club. Comprom\u00eds amb la salut i l\u2019esport ASISA mant\u00e9 com una dels seus senyals d\u2019identitat m\u00e9s recognoscibles un comprom\u00eds s\u00f2lid amb el mecenatge i el patrocini de multitud d\u2019activitats socials, culturals i esportives. Per aix\u00f2, l\u2019asseguradora mant\u00e9 un fort vincle amb el foment de l\u2019educaci\u00f3 i els h\u00e0bits de vida saludables. Este comprom\u00eds es materialitza a trav\u00e9s del suport i el patrocini a diferents organitzacions i clubs esportius, amb l\u2019objectiu de la promoci\u00f3 de l\u2019esport des de la base i el suport a joves esportistes.","headings":[{"type":"heading","level":2,"text":"El defensa colombi\u00e0 ha passat l\u2019examen m\u00e8dic sota la supervisi\u00f3 d\u2019ASISA"}],"buttons":[],"images":[{"type":"image","url":"https:\/\/villarrealcf.es\/wp-content\/uploads\/2024\/01\/image-2.png","alt":"","width":760,"height":84,"srcset":"https:\/\/villarrealcf.es\/wp-content\/uploads\/2024\/01\/image-2.png 760w, https:\/\/villarrealcf.es\/wp-content\/uploads\/2024\/01\/image-2.png 1920w, https:\/\/villarrealcf.es\/wp-content\/uploads\/2024\/01\/image-2.png 1920w, https:\/\/villarrealcf.es\/wp-content\/uploads\/2024\/01\/image-2-32x4.png 32w, https:\/\/villarrealcf.es\/wp-content\/uploads\/2024\/01\/image-2-150x17.png 150w, https:\/\/villarrealcf.es\/wp-content\/uploads\/2024\/01\/image-2.png 1920w, https:\/\/villarrealcf.es\/wp-content\/uploads\/2024\/01\/image-2.png 1920w","sizes":"auto, (max-width: 760px) 100vw, 760px"}],"counts":{"blocks":5,"headings":1,"texts":3,"buttons":0,"images":1}},"sections":[{"id":"section-1","title":"El defensa colombi\u00e0 ha passat l\u2019examen m\u00e8dic sota la supervisi\u00f3 d\u2019ASISA","text":"El defensa colombi\u00e0 ha passat l\u2019examen m\u00e8dic sota la supervisi\u00f3 d\u2019ASISA La recent incorporaci\u00f3 del Villarreal CF, Yerson Mosquera, ha superat les pertinents proves m\u00e8diques sota la supervisi\u00f3 d\u2019ASISA, prove\u00efdor m\u00e8dic oficial del club. Comprom\u00eds amb la salut i l\u2019esport ASISA mant\u00e9 com una dels seus senyals d\u2019identitat m\u00e9s recognoscibles un comprom\u00eds s\u00f2lid amb el mecenatge i el patrocini de multitud d\u2019activitats socials, culturals i esportives. Per aix\u00f2, l\u2019asseguradora mant\u00e9 un fort vincle amb el foment de l\u2019educaci\u00f3 i els h\u00e0bits de vida saludables. Este comprom\u00eds es materialitza a trav\u00e9s del suport i el patrocini a diferents organitzacions i clubs esportius, amb l\u2019objectiu de la promoci\u00f3 de l\u2019esport des de la base i el suport a joves esportistes.","headings":[{"type":"heading","level":2,"text":"El defensa colombi\u00e0 ha passat l\u2019examen m\u00e8dic sota la supervisi\u00f3 d\u2019ASISA"}],"texts":[{"type":"paragraph","text":"La recent incorporaci\u00f3 del Villarreal CF, Yerson Mosquera, ha superat les pertinents proves m\u00e8diques sota la supervisi\u00f3 d\u2019ASISA, prove\u00efdor m\u00e8dic oficial del club."},{"type":"paragraph","text":"Comprom\u00eds amb la salut i l\u2019esport"},{"type":"paragraph","text":"ASISA mant\u00e9 com una dels seus senyals d\u2019identitat m\u00e9s recognoscibles un comprom\u00eds s\u00f2lid amb el mecenatge i el patrocini de multitud d\u2019activitats socials, culturals i esportives. Per aix\u00f2, l\u2019asseguradora mant\u00e9 un fort vincle amb el foment de l\u2019educaci\u00f3 i els h\u00e0bits de vida saludables. Este comprom\u00eds es materialitza a trav\u00e9s del suport i el patrocini a diferents organitzacions i clubs esportius, amb l\u2019objectiu de la promoci\u00f3 de l\u2019esport des de la base i el suport a joves esportistes."}],"buttons":[],"images":[{"type":"image","url":"https:\/\/villarrealcf.es\/wp-content\/uploads\/2024\/01\/image-2.png","alt":"","width":760,"height":84,"srcset":"https:\/\/villarrealcf.es\/wp-content\/uploads\/2024\/01\/image-2.png 760w, https:\/\/villarrealcf.es\/wp-content\/uploads\/2024\/01\/image-2.png 1920w, https:\/\/villarrealcf.es\/wp-content\/uploads\/2024\/01\/image-2.png 1920w, https:\/\/villarrealcf.es\/wp-content\/uploads\/2024\/01\/image-2-32x4.png 32w, https:\/\/villarrealcf.es\/wp-content\/uploads\/2024\/01\/image-2-150x17.png 150w, https:\/\/villarrealcf.es\/wp-content\/uploads\/2024\/01\/image-2.png 1920w, https:\/\/villarrealcf.es\/wp-content\/uploads\/2024\/01\/image-2.png 1920w","sizes":"auto, (max-width: 760px) 100vw, 760px"}],"widgets":[],"blocks":[{"type":"heading","level":2,"text":"El defensa colombi\u00e0 ha passat l\u2019examen m\u00e8dic sota la supervisi\u00f3 d\u2019ASISA"},{"type":"paragraph","text":"La recent incorporaci\u00f3 del Villarreal CF, Yerson Mosquera, ha superat les pertinents proves m\u00e8diques sota la supervisi\u00f3 d\u2019ASISA, prove\u00efdor m\u00e8dic oficial del club."},{"type":"paragraph","text":"Comprom\u00eds amb la salut i l\u2019esport"},{"type":"paragraph","text":"ASISA mant\u00e9 com una dels seus senyals d\u2019identitat m\u00e9s recognoscibles un comprom\u00eds s\u00f2lid amb el mecenatge i el patrocini de multitud d\u2019activitats socials, culturals i esportives. Per aix\u00f2, l\u2019asseguradora mant\u00e9 un fort vincle amb el foment de l\u2019educaci\u00f3 i els h\u00e0bits de vida saludables. Este comprom\u00eds es materialitza a trav\u00e9s del suport i el patrocini a diferents organitzacions i clubs esportius, amb l\u2019objectiu de la promoci\u00f3 de l\u2019esport des de la base i el suport a joves esportistes."},{"type":"image","url":"https:\/\/villarrealcf.es\/wp-content\/uploads\/2024\/01\/image-2.png","alt":"","width":760,"height":84,"srcset":"https:\/\/villarrealcf.es\/wp-content\/uploads\/2024\/01\/image-2.png 760w, https:\/\/villarrealcf.es\/wp-content\/uploads\/2024\/01\/image-2.png 1920w, https:\/\/villarrealcf.es\/wp-content\/uploads\/2024\/01\/image-2.png 1920w, https:\/\/villarrealcf.es\/wp-content\/uploads\/2024\/01\/image-2-32x4.png 32w, https:\/\/villarrealcf.es\/wp-content\/uploads\/2024\/01\/image-2-150x17.png 150w, https:\/\/villarrealcf.es\/wp-content\/uploads\/2024\/01\/image-2.png 1920w, https:\/\/villarrealcf.es\/wp-content\/uploads\/2024\/01\/image-2.png 1920w","sizes":"auto, (max-width: 760px) 100vw, 760px"}]}],"hero":{"id":"section-1","title":"El defensa colombi\u00e0 ha passat l\u2019examen m\u00e8dic sota la supervisi\u00f3 d\u2019ASISA","text":"El defensa colombi\u00e0 ha passat l\u2019examen m\u00e8dic sota la supervisi\u00f3 d\u2019ASISA La recent incorporaci\u00f3 del Villarreal CF, Yerson Mosquera, ha superat les pertinents proves m\u00e8diques sota la supervisi\u00f3 d\u2019ASISA, prove\u00efdor m\u00e8dic oficial del club. Comprom\u00eds amb la salut i l\u2019esport ASISA mant\u00e9 com una dels seus senyals d\u2019identitat m\u00e9s recognoscibles un comprom\u00eds s\u00f2lid amb el mecenatge i el patrocini de multitud d\u2019activitats socials, culturals i esportives. Per aix\u00f2, l\u2019asseguradora mant\u00e9 un fort vincle amb el foment de l\u2019educaci\u00f3 i els h\u00e0bits de vida saludables. Este comprom\u00eds es materialitza a trav\u00e9s del suport i el patrocini a diferents organitzacions i clubs esportius, amb l\u2019objectiu de la promoci\u00f3 de l\u2019esport des de la base i el suport a joves esportistes.","headings":[{"type":"heading","level":2,"text":"El defensa colombi\u00e0 ha passat l\u2019examen m\u00e8dic sota la supervisi\u00f3 d\u2019ASISA"}],"texts":[{"type":"paragraph","text":"La recent incorporaci\u00f3 del Villarreal CF, Yerson Mosquera, ha superat les pertinents proves m\u00e8diques sota la supervisi\u00f3 d\u2019ASISA, prove\u00efdor m\u00e8dic oficial del club."},{"type":"paragraph","text":"Comprom\u00eds amb la salut i l\u2019esport"},{"type":"paragraph","text":"ASISA mant\u00e9 com una dels seus senyals d\u2019identitat m\u00e9s recognoscibles un comprom\u00eds s\u00f2lid amb el mecenatge i el patrocini de multitud d\u2019activitats socials, culturals i esportives. Per aix\u00f2, l\u2019asseguradora mant\u00e9 un fort vincle amb el foment de l\u2019educaci\u00f3 i els h\u00e0bits de vida saludables. Este comprom\u00eds es materialitza a trav\u00e9s del suport i el patrocini a diferents organitzacions i clubs esportius, amb l\u2019objectiu de la promoci\u00f3 de l\u2019esport des de la base i el suport a joves esportistes."}],"buttons":[],"images":[{"type":"image","url":"https:\/\/villarrealcf.es\/wp-content\/uploads\/2024\/01\/image-2.png","alt":"","width":760,"height":84,"srcset":"https:\/\/villarrealcf.es\/wp-content\/uploads\/2024\/01\/image-2.png 760w, https:\/\/villarrealcf.es\/wp-content\/uploads\/2024\/01\/image-2.png 1920w, https:\/\/villarrealcf.es\/wp-content\/uploads\/2024\/01\/image-2.png 1920w, https:\/\/villarrealcf.es\/wp-content\/uploads\/2024\/01\/image-2-32x4.png 32w, https:\/\/villarrealcf.es\/wp-content\/uploads\/2024\/01\/image-2-150x17.png 150w, https:\/\/villarrealcf.es\/wp-content\/uploads\/2024\/01\/image-2.png 1920w, https:\/\/villarrealcf.es\/wp-content\/uploads\/2024\/01\/image-2.png 1920w","sizes":"auto, (max-width: 760px) 100vw, 760px"}],"widgets":[],"blocks":[{"type":"heading","level":2,"text":"El defensa colombi\u00e0 ha passat l\u2019examen m\u00e8dic sota la supervisi\u00f3 d\u2019ASISA"},{"type":"paragraph","text":"La recent incorporaci\u00f3 del Villarreal CF, Yerson Mosquera, ha superat les pertinents proves m\u00e8diques sota la supervisi\u00f3 d\u2019ASISA, prove\u00efdor m\u00e8dic oficial del club."},{"type":"paragraph","text":"Comprom\u00eds amb la salut i l\u2019esport"},{"type":"paragraph","text":"ASISA mant\u00e9 com una dels seus senyals d\u2019identitat m\u00e9s recognoscibles un comprom\u00eds s\u00f2lid amb el mecenatge i el patrocini de multitud d\u2019activitats socials, culturals i esportives. Per aix\u00f2, l\u2019asseguradora mant\u00e9 un fort vincle amb el foment de l\u2019educaci\u00f3 i els h\u00e0bits de vida saludables. Este comprom\u00eds es materialitza a trav\u00e9s del suport i el patrocini a diferents organitzacions i clubs esportius, amb l\u2019objectiu de la promoci\u00f3 de l\u2019esport des de la base i el suport a joves esportistes."},{"type":"image","url":"https:\/\/villarrealcf.es\/wp-content\/uploads\/2024\/01\/image-2.png","alt":"","width":760,"height":84,"srcset":"https:\/\/villarrealcf.es\/wp-content\/uploads\/2024\/01\/image-2.png 760w, https:\/\/villarrealcf.es\/wp-content\/uploads\/2024\/01\/image-2.png 1920w, https:\/\/villarrealcf.es\/wp-content\/uploads\/2024\/01\/image-2.png 1920w, https:\/\/villarrealcf.es\/wp-content\/uploads\/2024\/01\/image-2-32x4.png 32w, https:\/\/villarrealcf.es\/wp-content\/uploads\/2024\/01\/image-2-150x17.png 150w, https:\/\/villarrealcf.es\/wp-content\/uploads\/2024\/01\/image-2.png 1920w, https:\/\/villarrealcf.es\/wp-content\/uploads\/2024\/01\/image-2.png 1920w","sizes":"auto, (max-width: 760px) 100vw, 760px"}]}},"sections":[{"id":"section-1","title":"El defensa colombi\u00e0 ha passat l\u2019examen m\u00e8dic sota la supervisi\u00f3 d\u2019ASISA","text":"El defensa colombi\u00e0 ha passat l\u2019examen m\u00e8dic sota la supervisi\u00f3 d\u2019ASISA La recent incorporaci\u00f3 del Villarreal CF, Yerson Mosquera, ha superat les pertinents proves m\u00e8diques sota la supervisi\u00f3 d\u2019ASISA, prove\u00efdor m\u00e8dic oficial del club. Comprom\u00eds amb la salut i l\u2019esport ASISA mant\u00e9 com una dels seus senyals d\u2019identitat m\u00e9s recognoscibles un comprom\u00eds s\u00f2lid amb el mecenatge i el patrocini de multitud d\u2019activitats socials, culturals i esportives. Per aix\u00f2, l\u2019asseguradora mant\u00e9 un fort vincle amb el foment de l\u2019educaci\u00f3 i els h\u00e0bits de vida saludables. Este comprom\u00eds es materialitza a trav\u00e9s del suport i el patrocini a diferents organitzacions i clubs esportius, amb l\u2019objectiu de la promoci\u00f3 de l\u2019esport des de la base i el suport a joves esportistes.","url":"","background_image":"","images":[{"type":"image","url":"https:\/\/villarrealcf.es\/wp-content\/uploads\/2024\/01\/image-2.png","alt":"","width":760,"height":84,"srcset":"https:\/\/villarrealcf.es\/wp-content\/uploads\/2024\/01\/image-2.png 760w, https:\/\/villarrealcf.es\/wp-content\/uploads\/2024\/01\/image-2.png 1920w, https:\/\/villarrealcf.es\/wp-content\/uploads\/2024\/01\/image-2.png 1920w, https:\/\/villarrealcf.es\/wp-content\/uploads\/2024\/01\/image-2-32x4.png 32w, https:\/\/villarrealcf.es\/wp-content\/uploads\/2024\/01\/image-2-150x17.png 150w, https:\/\/villarrealcf.es\/wp-content\/uploads\/2024\/01\/image-2.png 1920w, https:\/\/villarrealcf.es\/wp-content\/uploads\/2024\/01\/image-2.png 1920w","sizes":"auto, (max-width: 760px) 100vw, 760px"}],"videos":[],"links":[]}]},"excerpt":{"rendered":"El defensa colombi\u00e0 ha passat l&#8217;examen m\u00e8dic sota la supervisi\u00f3 d&#8217;ASISA","protected":false},"author":33,"featured_media":295227,"comment_status":"closed","ping_status":"closed","sticky":false,"template":"","format":"standard","meta":{"_acf_changed":false,"footnotes":""},"categories":[13493],"tags":[10899,10059,717,9270,9278,10089,716,9205,9627,9203,15402],"acf":null,"lang":"val","translations":{"es":295210,"val":295216,"en":295220},"essential_grid":{"has_grid":false},"formatted_date":"January 23, 2024","modified_date":"January 23, 2024","permalink":"https:\/\/villarrealcf.es\/val\/xxxx-2\/","reading_time":1,"featured_media_data":{"id":295227,"title":"20240123-YersonMosqueraLlegada-029","caption":"","alt_text":"","description":"","mime_type":"image\/jpeg","source_url":"https:\/\/villarrealcf.es\/wp-content\/uploads\/2024\/01\/20240123-YersonMosqueraLlegada-029-scaled.jpg","sizes":{"thumbnail":{"url":"https:\/\/villarrealcf.es\/wp-content\/uploads\/2024\/01\/20240123-YersonMosqueraLlegada-029-1920x1080.jpg","width":1920,"height":1080},"medium":{"url":"https:\/\/villarrealcf.es\/wp-content\/uploads\/2024\/01\/20240123-YersonMosqueraLlegada-029-1920x1080.jpg","width":1920,"height":1080},"medium_large":{"url":"https:\/\/villarrealcf.es\/wp-content\/uploads\/2024\/01\/20240123-YersonMosqueraLlegada-029-768x432.jpg","width":768,"height":432},"large":{"url":"https:\/\/villarrealcf.es\/wp-content\/uploads\/2024\/01\/20240123-YersonMosqueraLlegada-029-1920x1080.jpg","width":788,"height":443},"1536x1536":{"url":"https:\/\/villarrealcf.es\/wp-content\/uploads\/2024\/01\/20240123-YersonMosqueraLlegada-029-1536x864.jpg","width":1536,"height":864},"2048x2048":{"url":"https:\/\/villarrealcf.es\/wp-content\/uploads\/2024\/01\/20240123-YersonMosqueraLlegada-029-2048x1152.jpg","width":2048,"height":1152},"tp-image-grid":{"url":"https:\/\/villarrealcf.es\/wp-content\/uploads\/2024\/01\/20240123-YersonMosqueraLlegada-029-700x700.jpg","width":700,"height":700},"size-bunyad-medium":{"url":"https:\/\/villarrealcf.es\/wp-content\/uploads\/2024\/01\/20240123-YersonMosqueraLlegada-029-1920x1080.jpg","width":1920,"height":1080},"sportspress-crop-medium":{"url":"https:\/\/villarrealcf.es\/wp-content\/uploads\/2024\/01\/20240123-YersonMosqueraLlegada-029-300x300.jpg","width":300,"height":300},"sportspress-fit-medium":{"url":"https:\/\/villarrealcf.es\/wp-content\/uploads\/2024\/01\/20240123-YersonMosqueraLlegada-029-300x169.jpg","width":300,"height":169},"sportspress-fit-icon":{"url":"https:\/\/villarrealcf.es\/wp-content\/uploads\/2024\/01\/20240123-YersonMosqueraLlegada-029-128x72.jpg","width":128,"height":72},"sportspress-fit-mini":{"url":"https:\/\/villarrealcf.es\/wp-content\/uploads\/2024\/01\/20240123-YersonMosqueraLlegada-029-32x18.jpg","width":32,"height":18},"bunyad-small":{"url":"https:\/\/villarrealcf.es\/wp-content\/uploads\/2024\/01\/20240123-YersonMosqueraLlegada-029-150x84.jpg","width":150,"height":84},"bunyad-medium":{"url":"https:\/\/villarrealcf.es\/wp-content\/uploads\/2024\/01\/20240123-YersonMosqueraLlegada-029-450x253.jpg","width":450,"height":253},"bunyad-full":{"url":"https:\/\/villarrealcf.es\/wp-content\/uploads\/2024\/01\/20240123-YersonMosqueraLlegada-029-1200x675.jpg","width":1200,"height":675},"bunyad-viewport":{"url":"https:\/\/villarrealcf.es\/wp-content\/uploads\/2024\/01\/20240123-YersonMosqueraLlegada-029-2048x1152.jpg","width":2048,"height":1152},"bunyad-768":{"url":"https:\/\/villarrealcf.es\/wp-content\/uploads\/2024\/01\/20240123-YersonMosqueraLlegada-029-768x432.jpg","width":768,"height":432},"full":{"url":"https:\/\/villarrealcf.es\/wp-content\/uploads\/2024\/01\/20240123-YersonMosqueraLlegada-029-scaled.jpg","width":2560,"height":1440}}},"author_data":{"id":"33","name":"Nacho Tejada","first_name":"Nacho","last_name":"Tejada","description":"","avatar_url":"https:\/\/secure.gravatar.com\/avatar\/b1580534b2fcd93e031504756165758941290488df5c88966a26f84344931fd1?s=96&d=mm&r=g","acf":null},"taxonomies_data":{"category":[{"id":13493,"name":"Primer equip","slug":"primer-equip","acf":null}],"post_tag":[{"id":10899,"name":"Asisa","slug":"asisa-val","acf":null},{"id":10059,"name":"Fichaje","slug":"fichaje-val","acf":null},{"id":717,"name":"Football","slug":"football-d34","acf":null},{"id":9270,"name":"Futbol","slug":"futbol-val","acf":null},{"id":9278,"name":"primera division","slug":"primera-division-val","acf":null},{"id":10089,"name":"Revisi\u00f3n M\u00e9dica","slug":"revision-medica-val","acf":null},{"id":716,"name":"Soccer","slug":"soccer-d105","acf":null},{"id":9205,"name":"Submarino","slug":"submarino-val","acf":null},{"id":9627,"name":"Submarino Amarillo","slug":"submarino-amarillo-val","acf":null},{"id":9203,"name":"Villarreal CF","slug":"villarreal-cf-val","acf":null},{"id":15402,"name":"Yerson Mosquera","slug":"yerson-mosquera-val","acf":null}],"translation_priority":[{"id":735,"name":"Optional","slug":"optional-val","acf":null}]},"seo_full":{"native":{"title":"\u00a0Yerson Mosquera supera la revisi\u00f3 m\u00e8dica - Web Oficial del Villarreal CF","description":"El defensa colombi\u00e0 ha passat l'examen m\u00e8dic sota la supervisi\u00f3 d'ASISA","canonical":"https:\/\/villarrealcf.es\/val\/xxxx-2\/"}},"_links":{"self":[{"href":"https:\/\/villarrealcf.es\/val\/wp-json\/wp\/v2\/posts\/295216","targetHints":{"allow":["GET"]}}],"collection":[{"href":"https:\/\/villarrealcf.es\/val\/wp-json\/wp\/v2\/posts"}],"about":[{"href":"https:\/\/villarrealcf.es\/val\/wp-json\/wp\/v2\/types\/post"}],"author":[{"embeddable":true,"href":"https:\/\/villarrealcf.es\/val\/wp-json\/wp\/v2\/users\/33"}],"replies":[{"embeddable":true,"href":"https:\/\/villarrealcf.es\/val\/wp-json\/wp\/v2\/comments?post=295216"}],"version-history":[{"count":0,"href":"https:\/\/villarrealcf.es\/val\/wp-json\/wp\/v2\/posts\/295216\/revisions"}],"wp:featuredmedia":[{"embeddable":true,"href":"https:\/\/villarrealcf.es\/val\/wp-json\/wp\/v2\/media\/295227"}],"wp:attachment":[{"href":"https:\/\/villarrealcf.es\/val\/wp-json\/wp\/v2\/media?parent=295216"}],"wp:term":[{"taxonomy":"category","embeddable":true,"href":"https:\/\/villarrealcf.es\/val\/wp-json\/wp\/v2\/categories?post=295216"},{"taxonomy":"post_tag","embeddable":true,"href":"https:\/\/villarrealcf.es\/val\/wp-json\/wp\/v2\/tags?post=295216"}],"curies":[{"name":"wp","href":"https:\/\/api.w.org\/{rel}","templated":true}]}}