{"id":294321,"date":"2024-01-12T15:46:50","date_gmt":"2024-01-12T14:46:50","guid":{"rendered":"https:\/\/villarrealcf.es\/comunicado-oficial-vera-rico\/"},"modified":"2024-01-12T20:09:42","modified_gmt":"2024-01-12T19:09:42","slug":"comunicat-oficial-vera-rico","status":"publish","type":"post","link":"https:\/\/villarrealcf.es\/val\/comunicat-oficial-vera-rico\/","title":{"rendered":"Comunicat oficial: Vera Rico"},"content":{"protected":false,"blocks":[{"type":"heading","level":2,"text":"L\u2019atacant benicense es desvincula del Villarreal CF despr\u00e9s de huit temporades com grogueta"},{"type":"paragraph","text":"Vera Rico no continuar\u00e0 en la disciplina groga. L\u2019atacant benicense es desvincula del Villarreal CF despr\u00e9s d\u2019haver defensat els interessos del club groguet durant huit temporades."},{"type":"paragraph","text":"Un creixement exponencial"},{"type":"paragraph","text":"Vera Rico va aterrar en la Cantera Grogueta en la temporada 2016\/17, sent en eixe moment jugadora de l\u2019Infantil Femen\u00ed. Des de llavors, la benicense ha demostrat posseir un talent innat amb la pilota, permetent-li arribar a jugar fins a tres ocasions amb el primer equip femen\u00ed en la temporada 2019\/20, que en eixe moment lluitava en segona divisi\u00f3."},{"type":"paragraph","text":"Amb l\u2019ascens del Villarreal Femen\u00ed a la m\u00e0xima categoria nacional, Rico va tindre l\u2019oportunitat de debutar en Primera. Des d\u2019eixe moment i fins ara, l\u2019atacant ha pogut jugar fins a 21 ocasions en primera divisi\u00f3, arribant a marcar un gol, i suma altres 4 participacions en Copa de la Reina."},{"type":"paragraph","text":"Ara, el Villarreal li agraeix el seu comprom\u00eds amb l\u2019entitat durant els anys que ha vestit l\u2019el\u00e0stica groga, aix\u00ed com li desitja molta sort i \u00e8xits en la seua nova etapa professional."},{"type":"paragraph","text":"Gr\u00e0cies per tot, Vera!"}],"structured":{"summary":{"text":"L\u2019atacant benicense es desvincula del Villarreal CF despr\u00e9s de huit temporades com grogueta Vera Rico no continuar\u00e0 en la disciplina groga. L\u2019atacant benicense es desvincula del Villarreal CF despr\u00e9s d\u2019haver defensat els interessos del club groguet durant huit temporades. Un creixement exponencial Vera Rico va aterrar en la Cantera Grogueta en la temporada 2016\/17, sent en eixe moment jugadora de l\u2019Infantil Femen\u00ed. Des de llavors, la benicense ha demostrat posseir un talent innat amb la pilota, permetent-li arribar a jugar fins a tres ocasions amb el primer equip femen\u00ed en la temporada 2019\/20, que en eixe moment lluitava en segona divisi\u00f3. Amb l\u2019ascens del Villarreal Femen\u00ed a la m\u00e0xima categoria nacional, Rico va tindre l\u2019oportunitat de debutar en Primera. Des d\u2019eixe moment i fins ara, l\u2019atacant ha pogut jugar fins a 21 ocasions en primera divisi\u00f3, arribant a marcar un gol, i suma altres 4 participacions en Copa de la Reina. Ara, el Villarreal li agraeix el seu comprom\u00eds amb l\u2019entitat durant els anys que ha vestit l\u2019el\u00e0stica groga, aix\u00ed com li desitja molta sort i \u00e8xits en la seua nova etapa professional. Gr\u00e0cies per tot, Vera!","headings":[{"type":"heading","level":2,"text":"L\u2019atacant benicense es desvincula del Villarreal CF despr\u00e9s de huit temporades com grogueta"}],"buttons":[],"images":[],"counts":{"blocks":7,"headings":1,"texts":6,"buttons":0,"images":0}},"sections":[{"id":"section-1","title":"L\u2019atacant benicense es desvincula del Villarreal CF despr\u00e9s de huit temporades com grogueta","text":"L\u2019atacant benicense es desvincula del Villarreal CF despr\u00e9s de huit temporades com grogueta Vera Rico no continuar\u00e0 en la disciplina groga. L\u2019atacant benicense es desvincula del Villarreal CF despr\u00e9s d\u2019haver defensat els interessos del club groguet durant huit temporades. Un creixement exponencial Vera Rico va aterrar en la Cantera Grogueta en la temporada 2016\/17, sent en eixe moment jugadora de l\u2019Infantil Femen\u00ed. Des de llavors, la benicense ha demostrat posseir un talent innat amb la pilota, permetent-li arribar a jugar fins a tres ocasions amb el primer equip femen\u00ed en la temporada 2019\/20, que en eixe moment lluitava en segona divisi\u00f3. Amb l\u2019ascens del Villarreal Femen\u00ed a la m\u00e0xima categoria nacional, Rico va tindre l\u2019oportunitat de debutar en Primera. Des d\u2019eixe moment i fins ara, l\u2019atacant ha pogut jugar fins a 21 ocasions en primera divisi\u00f3, arribant a marcar un gol, i suma altres 4 participacions en Copa de la Reina. Ara, el Villarreal li agraeix el seu comprom\u00eds amb l\u2019entitat durant els anys que ha vestit l\u2019el\u00e0stica groga, aix\u00ed com li desitja molta sort i \u00e8xits en la seua nova etapa professional. Gr\u00e0cies per tot, Vera!","headings":[{"type":"heading","level":2,"text":"L\u2019atacant benicense es desvincula del Villarreal CF despr\u00e9s de huit temporades com grogueta"}],"texts":[{"type":"paragraph","text":"Vera Rico no continuar\u00e0 en la disciplina groga. L\u2019atacant benicense es desvincula del Villarreal CF despr\u00e9s d\u2019haver defensat els interessos del club groguet durant huit temporades."},{"type":"paragraph","text":"Un creixement exponencial"},{"type":"paragraph","text":"Vera Rico va aterrar en la Cantera Grogueta en la temporada 2016\/17, sent en eixe moment jugadora de l\u2019Infantil Femen\u00ed. Des de llavors, la benicense ha demostrat posseir un talent innat amb la pilota, permetent-li arribar a jugar fins a tres ocasions amb el primer equip femen\u00ed en la temporada 2019\/20, que en eixe moment lluitava en segona divisi\u00f3."},{"type":"paragraph","text":"Amb l\u2019ascens del Villarreal Femen\u00ed a la m\u00e0xima categoria nacional, Rico va tindre l\u2019oportunitat de debutar en Primera. Des d\u2019eixe moment i fins ara, l\u2019atacant ha pogut jugar fins a 21 ocasions en primera divisi\u00f3, arribant a marcar un gol, i suma altres 4 participacions en Copa de la Reina."},{"type":"paragraph","text":"Ara, el Villarreal li agraeix el seu comprom\u00eds amb l\u2019entitat durant els anys que ha vestit l\u2019el\u00e0stica groga, aix\u00ed com li desitja molta sort i \u00e8xits en la seua nova etapa professional."},{"type":"paragraph","text":"Gr\u00e0cies per tot, Vera!"}],"buttons":[],"images":[],"widgets":[],"blocks":[{"type":"heading","level":2,"text":"L\u2019atacant benicense es desvincula del Villarreal CF despr\u00e9s de huit temporades com grogueta"},{"type":"paragraph","text":"Vera Rico no continuar\u00e0 en la disciplina groga. L\u2019atacant benicense es desvincula del Villarreal CF despr\u00e9s d\u2019haver defensat els interessos del club groguet durant huit temporades."},{"type":"paragraph","text":"Un creixement exponencial"},{"type":"paragraph","text":"Vera Rico va aterrar en la Cantera Grogueta en la temporada 2016\/17, sent en eixe moment jugadora de l\u2019Infantil Femen\u00ed. Des de llavors, la benicense ha demostrat posseir un talent innat amb la pilota, permetent-li arribar a jugar fins a tres ocasions amb el primer equip femen\u00ed en la temporada 2019\/20, que en eixe moment lluitava en segona divisi\u00f3."},{"type":"paragraph","text":"Amb l\u2019ascens del Villarreal Femen\u00ed a la m\u00e0xima categoria nacional, Rico va tindre l\u2019oportunitat de debutar en Primera. Des d\u2019eixe moment i fins ara, l\u2019atacant ha pogut jugar fins a 21 ocasions en primera divisi\u00f3, arribant a marcar un gol, i suma altres 4 participacions en Copa de la Reina."},{"type":"paragraph","text":"Ara, el Villarreal li agraeix el seu comprom\u00eds amb l\u2019entitat durant els anys que ha vestit l\u2019el\u00e0stica groga, aix\u00ed com li desitja molta sort i \u00e8xits en la seua nova etapa professional."},{"type":"paragraph","text":"Gr\u00e0cies per tot, Vera!"}]}],"hero":{"id":"section-1","title":"L\u2019atacant benicense es desvincula del Villarreal CF despr\u00e9s de huit temporades com grogueta","text":"L\u2019atacant benicense es desvincula del Villarreal CF despr\u00e9s de huit temporades com grogueta Vera Rico no continuar\u00e0 en la disciplina groga. L\u2019atacant benicense es desvincula del Villarreal CF despr\u00e9s d\u2019haver defensat els interessos del club groguet durant huit temporades. Un creixement exponencial Vera Rico va aterrar en la Cantera Grogueta en la temporada 2016\/17, sent en eixe moment jugadora de l\u2019Infantil Femen\u00ed. Des de llavors, la benicense ha demostrat posseir un talent innat amb la pilota, permetent-li arribar a jugar fins a tres ocasions amb el primer equip femen\u00ed en la temporada 2019\/20, que en eixe moment lluitava en segona divisi\u00f3. Amb l\u2019ascens del Villarreal Femen\u00ed a la m\u00e0xima categoria nacional, Rico va tindre l\u2019oportunitat de debutar en Primera. Des d\u2019eixe moment i fins ara, l\u2019atacant ha pogut jugar fins a 21 ocasions en primera divisi\u00f3, arribant a marcar un gol, i suma altres 4 participacions en Copa de la Reina. Ara, el Villarreal li agraeix el seu comprom\u00eds amb l\u2019entitat durant els anys que ha vestit l\u2019el\u00e0stica groga, aix\u00ed com li desitja molta sort i \u00e8xits en la seua nova etapa professional. Gr\u00e0cies per tot, Vera!","headings":[{"type":"heading","level":2,"text":"L\u2019atacant benicense es desvincula del Villarreal CF despr\u00e9s de huit temporades com grogueta"}],"texts":[{"type":"paragraph","text":"Vera Rico no continuar\u00e0 en la disciplina groga. L\u2019atacant benicense es desvincula del Villarreal CF despr\u00e9s d\u2019haver defensat els interessos del club groguet durant huit temporades."},{"type":"paragraph","text":"Un creixement exponencial"},{"type":"paragraph","text":"Vera Rico va aterrar en la Cantera Grogueta en la temporada 2016\/17, sent en eixe moment jugadora de l\u2019Infantil Femen\u00ed. Des de llavors, la benicense ha demostrat posseir un talent innat amb la pilota, permetent-li arribar a jugar fins a tres ocasions amb el primer equip femen\u00ed en la temporada 2019\/20, que en eixe moment lluitava en segona divisi\u00f3."},{"type":"paragraph","text":"Amb l\u2019ascens del Villarreal Femen\u00ed a la m\u00e0xima categoria nacional, Rico va tindre l\u2019oportunitat de debutar en Primera. Des d\u2019eixe moment i fins ara, l\u2019atacant ha pogut jugar fins a 21 ocasions en primera divisi\u00f3, arribant a marcar un gol, i suma altres 4 participacions en Copa de la Reina."},{"type":"paragraph","text":"Ara, el Villarreal li agraeix el seu comprom\u00eds amb l\u2019entitat durant els anys que ha vestit l\u2019el\u00e0stica groga, aix\u00ed com li desitja molta sort i \u00e8xits en la seua nova etapa professional."},{"type":"paragraph","text":"Gr\u00e0cies per tot, Vera!"}],"buttons":[],"images":[],"widgets":[],"blocks":[{"type":"heading","level":2,"text":"L\u2019atacant benicense es desvincula del Villarreal CF despr\u00e9s de huit temporades com grogueta"},{"type":"paragraph","text":"Vera Rico no continuar\u00e0 en la disciplina groga. L\u2019atacant benicense es desvincula del Villarreal CF despr\u00e9s d\u2019haver defensat els interessos del club groguet durant huit temporades."},{"type":"paragraph","text":"Un creixement exponencial"},{"type":"paragraph","text":"Vera Rico va aterrar en la Cantera Grogueta en la temporada 2016\/17, sent en eixe moment jugadora de l\u2019Infantil Femen\u00ed. Des de llavors, la benicense ha demostrat posseir un talent innat amb la pilota, permetent-li arribar a jugar fins a tres ocasions amb el primer equip femen\u00ed en la temporada 2019\/20, que en eixe moment lluitava en segona divisi\u00f3."},{"type":"paragraph","text":"Amb l\u2019ascens del Villarreal Femen\u00ed a la m\u00e0xima categoria nacional, Rico va tindre l\u2019oportunitat de debutar en Primera. Des d\u2019eixe moment i fins ara, l\u2019atacant ha pogut jugar fins a 21 ocasions en primera divisi\u00f3, arribant a marcar un gol, i suma altres 4 participacions en Copa de la Reina."},{"type":"paragraph","text":"Ara, el Villarreal li agraeix el seu comprom\u00eds amb l\u2019entitat durant els anys que ha vestit l\u2019el\u00e0stica groga, aix\u00ed com li desitja molta sort i \u00e8xits en la seua nova etapa professional."},{"type":"paragraph","text":"Gr\u00e0cies per tot, Vera!"}]}},"sections":[{"id":"section-1","title":"L\u2019atacant benicense es desvincula del Villarreal CF despr\u00e9s de huit temporades com grogueta","text":"L\u2019atacant benicense es desvincula del Villarreal CF despr\u00e9s de huit temporades com grogueta Vera Rico no continuar\u00e0 en la disciplina groga. L\u2019atacant benicense es desvincula del Villarreal CF despr\u00e9s d\u2019haver defensat els interessos del club groguet durant huit temporades. Un creixement exponencial Vera Rico va aterrar en la Cantera Grogueta en la temporada 2016\/17, sent en eixe moment jugadora de l\u2019Infantil Femen\u00ed. Des de llavors, la benicense ha demostrat posseir un talent innat amb la pilota, permetent-li arribar a jugar fins a tres ocasions amb el primer equip femen\u00ed en la temporada 2019\/20, que en eixe moment lluitava en segona divisi\u00f3. Amb l\u2019ascens del Villarreal Femen\u00ed a la m\u00e0xima categoria nacional, Rico va tindre l\u2019oportunitat de debutar en Primera. Des d\u2019eixe moment i fins ara, l\u2019atacant ha pogut jugar fins a 21 ocasions en primera divisi\u00f3, arribant a marcar un gol, i suma altres 4 participacions en Copa de la Reina. Ara, el Villarreal li agraeix el seu comprom\u00eds amb l\u2019entitat durant els anys que ha vestit l\u2019el\u00e0stica groga, aix\u00ed com li desitja molta sort i \u00e8xits en la seua nova etapa professional. Gr\u00e0cies per tot, Vera!","url":"","background_image":"","images":[],"videos":[],"links":[]}]},"excerpt":{"rendered":"L&#8217;atacant benicense es desvincula del Villarreal CF despr\u00e9s de huit temporades com grogueta","protected":false},"author":29,"featured_media":294315,"comment_status":"closed","ping_status":"closed","sticky":false,"template":"","format":"standard","meta":{"_acf_changed":false,"footnotes":""},"categories":[13785],"tags":[717,9270,9684,716,9205,14297,9203,12685],"acf":null,"lang":"val","translations":{"es":294312,"val":294321,"en":294326},"essential_grid":{"has_grid":false},"formatted_date":"January 12, 2024","modified_date":"January 12, 2024","permalink":"https:\/\/villarrealcf.es\/val\/comunicat-oficial-vera-rico\/","reading_time":1,"featured_media_data":{"id":294315,"title":"VERA RICO","caption":"VERA RICO","alt_text":"","description":"","mime_type":"image\/jpeg","source_url":"https:\/\/villarrealcf.es\/wp-content\/uploads\/2024\/01\/20231014-Villarreal-CF-Femenino-Athletic-Club-112-ok.jpg","sizes":{"thumbnail":{"url":"https:\/\/villarrealcf.es\/wp-content\/uploads\/2024\/01\/20231014-Villarreal-CF-Femenino-Athletic-Club-112-ok-1920x1080.jpg","width":1920,"height":1080},"medium":{"url":"https:\/\/villarrealcf.es\/wp-content\/uploads\/2024\/01\/20231014-Villarreal-CF-Femenino-Athletic-Club-112-ok-1920x1080.jpg","width":1920,"height":1080},"medium_large":{"url":"https:\/\/villarrealcf.es\/wp-content\/uploads\/2024\/01\/20231014-Villarreal-CF-Femenino-Athletic-Club-112-ok-768x432.jpg","width":768,"height":432},"large":{"url":"https:\/\/villarrealcf.es\/wp-content\/uploads\/2024\/01\/20231014-Villarreal-CF-Femenino-Athletic-Club-112-ok-1920x1080.jpg","width":788,"height":443},"1536x1536":{"url":"https:\/\/villarrealcf.es\/wp-content\/uploads\/2024\/01\/20231014-Villarreal-CF-Femenino-Athletic-Club-112-ok-1536x864.jpg","width":1536,"height":864},"2048x2048":{"url":"https:\/\/villarrealcf.es\/wp-content\/uploads\/2024\/01\/20231014-Villarreal-CF-Femenino-Athletic-Club-112-ok.jpg","width":1920,"height":1080},"tp-image-grid":{"url":"https:\/\/villarrealcf.es\/wp-content\/uploads\/2024\/01\/20231014-Villarreal-CF-Femenino-Athletic-Club-112-ok-700x700.jpg","width":700,"height":700},"size-bunyad-medium":{"url":"https:\/\/villarrealcf.es\/wp-content\/uploads\/2024\/01\/20231014-Villarreal-CF-Femenino-Athletic-Club-112-ok-1920x1080.jpg","width":1920,"height":1080},"sportspress-crop-medium":{"url":"https:\/\/villarrealcf.es\/wp-content\/uploads\/2024\/01\/20231014-Villarreal-CF-Femenino-Athletic-Club-112-ok-300x300.jpg","width":300,"height":300},"sportspress-fit-medium":{"url":"https:\/\/villarrealcf.es\/wp-content\/uploads\/2024\/01\/20231014-Villarreal-CF-Femenino-Athletic-Club-112-ok-300x169.jpg","width":300,"height":169},"sportspress-fit-icon":{"url":"https:\/\/villarrealcf.es\/wp-content\/uploads\/2024\/01\/20231014-Villarreal-CF-Femenino-Athletic-Club-112-ok-128x72.jpg","width":128,"height":72},"sportspress-fit-mini":{"url":"https:\/\/villarrealcf.es\/wp-content\/uploads\/2024\/01\/20231014-Villarreal-CF-Femenino-Athletic-Club-112-ok-32x18.jpg","width":32,"height":18},"bunyad-small":{"url":"https:\/\/villarrealcf.es\/wp-content\/uploads\/2024\/01\/20231014-Villarreal-CF-Femenino-Athletic-Club-112-ok-150x84.jpg","width":150,"height":84},"bunyad-medium":{"url":"https:\/\/villarrealcf.es\/wp-content\/uploads\/2024\/01\/20231014-Villarreal-CF-Femenino-Athletic-Club-112-ok-450x253.jpg","width":450,"height":253},"bunyad-full":{"url":"https:\/\/villarrealcf.es\/wp-content\/uploads\/2024\/01\/20231014-Villarreal-CF-Femenino-Athletic-Club-112-ok-1200x675.jpg","width":1200,"height":675},"bunyad-viewport":{"url":"https:\/\/villarrealcf.es\/wp-content\/uploads\/2024\/01\/20231014-Villarreal-CF-Femenino-Athletic-Club-112-ok.jpg","width":1920,"height":1080},"bunyad-768":{"url":"https:\/\/villarrealcf.es\/wp-content\/uploads\/2024\/01\/20231014-Villarreal-CF-Femenino-Athletic-Club-112-ok-768x432.jpg","width":768,"height":432},"full":{"url":"https:\/\/villarrealcf.es\/wp-content\/uploads\/2024\/01\/20231014-Villarreal-CF-Femenino-Athletic-Club-112-ok.jpg","width":1920,"height":1080}}},"author_data":{"id":"29","name":"Azahara Beroy","first_name":"Azahara","last_name":"Beroy","description":"","avatar_url":"https:\/\/secure.gravatar.com\/avatar\/91b979a91a1925e60814719244bbf7824af58ced5a6e2130c2611bde24439aa7?s=96&d=mm&r=g","acf":null},"taxonomies_data":{"category":[{"id":13785,"name":"Futbol Femen\u00ed","slug":"futbol-femenino-val","acf":null}],"post_tag":[{"id":717,"name":"Football","slug":"football-d34","acf":null},{"id":9270,"name":"Futbol","slug":"futbol-val","acf":null},{"id":9684,"name":"F\u00fatbol Femenino","slug":"futbol-femenino-val-2","acf":null},{"id":716,"name":"Soccer","slug":"soccer-d105","acf":null},{"id":9205,"name":"Submarino","slug":"submarino-val","acf":null},{"id":14297,"name":"Vera Rico","slug":"vera-rico-2-val","acf":null},{"id":9203,"name":"Villarreal CF","slug":"villarreal-cf-val","acf":null},{"id":12685,"name":"Villarreal Femenino","slug":"villarreal-femenino-val","acf":null}],"translation_priority":[{"id":735,"name":"Optional","slug":"optional-val","acf":null}]},"seo_full":{"native":{"title":"Comunicat oficial: Vera Rico - Web Oficial del Villarreal CF","description":"L'atacant benicense es desvincula del Villarreal CF despr\u00e9s de huit temporades com grogueta","canonical":"https:\/\/villarrealcf.es\/val\/comunicat-oficial-vera-rico\/"}},"_links":{"self":[{"href":"https:\/\/villarrealcf.es\/val\/wp-json\/wp\/v2\/posts\/294321","targetHints":{"allow":["GET"]}}],"collection":[{"href":"https:\/\/villarrealcf.es\/val\/wp-json\/wp\/v2\/posts"}],"about":[{"href":"https:\/\/villarrealcf.es\/val\/wp-json\/wp\/v2\/types\/post"}],"author":[{"embeddable":true,"href":"https:\/\/villarrealcf.es\/val\/wp-json\/wp\/v2\/users\/29"}],"replies":[{"embeddable":true,"href":"https:\/\/villarrealcf.es\/val\/wp-json\/wp\/v2\/comments?post=294321"}],"version-history":[{"count":0,"href":"https:\/\/villarrealcf.es\/val\/wp-json\/wp\/v2\/posts\/294321\/revisions"}],"wp:featuredmedia":[{"embeddable":true,"href":"https:\/\/villarrealcf.es\/val\/wp-json\/wp\/v2\/media\/294315"}],"wp:attachment":[{"href":"https:\/\/villarrealcf.es\/val\/wp-json\/wp\/v2\/media?parent=294321"}],"wp:term":[{"taxonomy":"category","embeddable":true,"href":"https:\/\/villarrealcf.es\/val\/wp-json\/wp\/v2\/categories?post=294321"},{"taxonomy":"post_tag","embeddable":true,"href":"https:\/\/villarrealcf.es\/val\/wp-json\/wp\/v2\/tags?post=294321"}],"curies":[{"name":"wp","href":"https:\/\/api.w.org\/{rel}","templated":true}]}}