{"id":294278,"date":"2024-01-12T13:37:12","date_gmt":"2024-01-12T12:37:12","guid":{"rendered":"https:\/\/villarrealcf.es\/marcelino-hay-que-ser-intensos-para-recuperar-el-balon\/"},"modified":"2024-01-12T15:04:34","modified_gmt":"2024-01-12T14:04:34","slug":"marcelino-sha-de-ser-intensos-per-a-recuperar-la-pilota","status":"publish","type":"post","link":"https:\/\/villarrealcf.es\/val\/marcelino-sha-de-ser-intensos-per-a-recuperar-la-pilota\/","title":{"rendered":"Marcelino: &#8220;S&#8217;ha de ser intensos per a recuperar la pilota&#8221;"},"content":{"protected":false,"blocks":[{"type":"heading","level":2,"text":"El Villarreal s\u2019enfronta a Las Palmas este dissabte a les 14.00h en Gran Can\u00e0ria"},{"type":"paragraph","text":"L\u2019entrenador del Villarreal CF, Marcelino Garc\u00eda Toral, va atendre els mitjans de comunicaci\u00f3 en la pr\u00e8via del partit davant la UD Las Palmas, que tindr\u00e0 lloc este dissabte a les 14.00 hores en l\u2019Estadi de Gran Can\u00e0ria, feu del conjunt piule piule. El t\u00e8cnic groguet va destacar la necessitat de mantindre el rendiment ja aconseguit puntualment en uns certs moments durant els 90 minuts per a poder v\u00e9ncer a l\u2019equip illenc."},{"type":"paragraph","text":"Estes s\u00f3n les declaracions del preparador asturi\u00e0:"},{"type":"paragraph","text":"Estil de joc del rival"},{"type":"paragraph","text":"\u201cMai saps el que et pot vindre b\u00e9. Per a sentir-nos b\u00e9 hem de mirar-nos m\u00e9s a nosaltres. Sabem que Las Palmas \u00e9s un gran equip que est\u00e0 fent una gran temporada, per\u00f2 hem d\u2019augmentar el nostre nivell i arribar a punts de rendiment que hem aconseguit, per\u00f2 que ens ha faltat continu\u00eftat i a partir d\u2019ac\u00ed intentar guanyar. Tenim la segona volta per a reivindicar-nos i millorar els n\u00fameros negatius que tenim. Hi ha 57 punts per davant i dem\u00e0 s\u00f3n els tres primers. Cal jugar un partit complet, 90 minuts\u201d."},{"type":"paragraph","text":"Plaga de lesions"},{"type":"paragraph","text":"\u201cHem tingut moltes lesions i dos jugadors molt importants de llarga duraci\u00f3, per\u00f2 aix\u00f2 \u00e9s el futbol, \u00e9s la competici\u00f3, \u00e9s la vida. Cal v\u00e9ncer a les dificultats que se\u2019t presenten i no excusar-se en elles. Creiem en els jugadors que tenim, tenen capacitat i aix\u00ed ho han demostrat. Han d\u2019intentar recuperar el seu nivell. Ells s\u00f3n els primers que volen. Si alhora tenim menys lesions, tamb\u00e9 \u00e9s una dada favorable perqu\u00e8 resulta menys complicat buscar eixe rendiment\u201d."},{"type":"paragraph","text":"Pla psicol\u00f2gic"},{"type":"paragraph","text":"\u201cSom uns privilegiats. Tenim la gran fortuna de treballar en el que ens agrada des de xiquets, estem ben remunerats, estem en un gran club, una entitat mod\u00e8lica quant a gesti\u00f3\u2026 No em servix el pla psicol\u00f2gic, aix\u00f2 \u00e9s una excusa. Treballem menys que la resta de mortals, tenim el treball que volem, el que hem de fer \u00e9s posar-li solucions a les situacions adverses. No hem de recuperar res en l\u2019an\u00edmic, hem de demostrar. Hem de tindre m\u00e9s exig\u00e8ncia si cap i no escudar-nos en les lesions, en el mental, en el que no estic b\u00e9 si perd\u2026 Hem de trobar la manera de gaudir\u201d."},{"type":"paragraph","text":"Claus"},{"type":"paragraph","text":"\u201cConsidere important la nostra fiabilitat i el nostre sentit competitiu durant 90 minuts. Las Palmas aposta per un estil combinativo, dels quals m\u00e9s percentatge de possessi\u00f3 t\u00e9 en joc contrari i tamb\u00e9 s\u00f3n poderosos en la pressi\u00f3 a la p\u00e8rdua. Hem de ser molt intensos, estar molt junts. T\u00e9 un percentatge de gols encaixats bon\u00edssim, segon equip menys golejat de la categoria. Cal ser intensos per a recuperar la pilota, veure zones predominants per a fer-lo i quan el tinguem, tindre energia i capacitat d\u2019arribada. Et conviden a atacar els espais i hem de ser prou agressius per a fer-ho\u201d."},{"type":"paragraph","text":"Per a veure la roda de premsa completa, punxa en el v\u00eddeo:"},{"type":"video","kind":"iframe","url":"https:\/\/www.youtube.com\/embed\/ukd_IRqi2Ro?feature=oembed","poster":""}],"structured":{"summary":{"text":"El Villarreal s\u2019enfronta a Las Palmas este dissabte a les 14.00h en Gran Can\u00e0ria L\u2019entrenador del Villarreal CF, Marcelino Garc\u00eda Toral, va atendre els mitjans de comunicaci\u00f3 en la pr\u00e8via del partit davant la UD Las Palmas, que tindr\u00e0 lloc este dissabte a les 14.00 hores en l\u2019Estadi de Gran Can\u00e0ria, feu del conjunt piule piule. El t\u00e8cnic groguet va destacar la necessitat de mantindre el rendiment ja aconseguit puntualment en uns certs moments durant els 90 minuts per a poder v\u00e9ncer a l\u2019equip illenc. Estes s\u00f3n les declaracions del preparador asturi\u00e0: Estil de joc del rival \u201cMai saps el que et pot vindre b\u00e9. Per a sentir-nos b\u00e9 hem de mirar-nos m\u00e9s a nosaltres. Sabem que Las Palmas \u00e9s un gran equip que est\u00e0 fent una gran temporada, per\u00f2 hem d\u2019augmentar el nostre nivell i arribar a punts de rendiment que hem aconseguit, per\u00f2 que ens ha faltat continu\u00eftat i a partir d\u2019ac\u00ed intentar guanyar. Tenim la segona volta per a reivindicar-nos i millorar els n\u00fameros negatius que tenim. Hi ha 57 punts per davant i dem\u00e0 s\u00f3n els tres primers. Cal jugar un partit complet, 90 minuts\u201d. Plaga de lesions \u201cHem tingut moltes lesions i dos jugadors molt importants de llarga duraci\u00f3, per\u00f2 aix\u00f2 \u00e9s el futbol, \u00e9s la competici\u00f3, \u00e9s la vida. Cal v\u00e9ncer a les dificultats que se\u2019t presenten i no excusar-se en elles. Creiem en els jugadors que tenim, tenen capacitat i aix\u00ed ho han demostrat. Han d\u2019intentar recuperar el seu nivell. Ells s\u00f3n els primers que volen. Si alhora tenim menys lesions, tamb\u00e9 \u00e9s una dada favorable perqu\u00e8 resulta menys complicat buscar eixe rendiment\u201d. Pla psicol\u00f2gic \u201cSom uns privilegiats. Tenim la gran fortuna de treballar en el que ens agrada des de xiquets, estem ben remunerats, estem en un gran club, una entitat mod\u00e8lica quant a gesti\u00f3\u2026 No em servix el pla psicol\u00f2gic, aix\u00f2 \u00e9s una excusa. Treballem menys que la resta de mortals, tenim el treball que volem, el que hem de fer \u00e9s posar-li solucions a les situacions adverses. No hem de recuperar res en l\u2019an\u00edmic, hem de demostrar. Hem de tindre m\u00e9s exig\u00e8ncia si cap i no escudar-nos en les lesions, en el mental, en el que no estic b\u00e9 si perd\u2026 Hem de trobar la manera de gaudir\u201d. Claus \u201cConsidere important la nostra fiabilitat i el nostre sentit competitiu durant 90 minuts. Las Palmas aposta per un estil combinativo, dels quals m\u00e9s percentatge de possessi\u00f3 t\u00e9 en joc contrari i tamb\u00e9 s\u00f3n poderosos en la pressi\u00f3 a la p\u00e8rdua. Hem de ser molt intensos, estar molt junts. T\u00e9 un percentatge de gols encaixats bon\u00edssim, segon equip menys golejat de la categoria. Cal ser intensos per a recuperar la pilota, veure zones predominants per a fer-lo i quan el tinguem, tindre energia i capacitat d\u2019arribada. Et conviden a atacar els espais i hem de ser prou agressius per a fer-ho\u201d. Per a veure la roda de premsa completa, punxa en el v\u00eddeo:","headings":[{"type":"heading","level":2,"text":"El Villarreal s\u2019enfronta a Las Palmas este dissabte a les 14.00h en Gran Can\u00e0ria"}],"buttons":[],"images":[],"counts":{"blocks":13,"headings":1,"texts":11,"buttons":0,"images":0}},"sections":[{"id":"section-1","title":"El Villarreal s\u2019enfronta a Las Palmas este dissabte a les 14.00h en Gran Can\u00e0ria","text":"El Villarreal s\u2019enfronta a Las Palmas este dissabte a les 14.00h en Gran Can\u00e0ria L\u2019entrenador del Villarreal CF, Marcelino Garc\u00eda Toral, va atendre els mitjans de comunicaci\u00f3 en la pr\u00e8via del partit davant la UD Las Palmas, que tindr\u00e0 lloc este dissabte a les 14.00 hores en l\u2019Estadi de Gran Can\u00e0ria, feu del conjunt piule piule. El t\u00e8cnic groguet va destacar la necessitat de mantindre el rendiment ja aconseguit puntualment en uns certs moments durant els 90 minuts per a poder v\u00e9ncer a l\u2019equip illenc. Estes s\u00f3n les declaracions del preparador asturi\u00e0: Estil de joc del rival \u201cMai saps el que et pot vindre b\u00e9. Per a sentir-nos b\u00e9 hem de mirar-nos m\u00e9s a nosaltres. Sabem que Las Palmas \u00e9s un gran equip que est\u00e0 fent una gran temporada, per\u00f2 hem d\u2019augmentar el nostre nivell i arribar a punts de rendiment que hem aconseguit, per\u00f2 que ens ha faltat continu\u00eftat i a partir d\u2019ac\u00ed intentar guanyar. Tenim la segona volta per a reivindicar-nos i millorar els n\u00fameros negatius que tenim. Hi ha 57 punts per davant i dem\u00e0 s\u00f3n els tres primers. Cal jugar un partit complet, 90 minuts\u201d. Plaga de lesions \u201cHem tingut moltes lesions i dos jugadors molt importants de llarga duraci\u00f3, per\u00f2 aix\u00f2 \u00e9s el futbol, \u00e9s la competici\u00f3, \u00e9s la vida. Cal v\u00e9ncer a les dificultats que se\u2019t presenten i no excusar-se en elles. Creiem en els jugadors que tenim, tenen capacitat i aix\u00ed ho han demostrat. Han d\u2019intentar recuperar el seu nivell. Ells s\u00f3n els primers que volen. Si alhora tenim menys lesions, tamb\u00e9 \u00e9s una dada favorable perqu\u00e8 resulta menys complicat buscar eixe rendiment\u201d. Pla psicol\u00f2gic \u201cSom uns privilegiats. Tenim la gran fortuna de treballar en el que ens agrada des de xiquets, estem ben remunerats, estem en un gran club, una entitat mod\u00e8lica quant a gesti\u00f3\u2026 No em servix el pla psicol\u00f2gic, aix\u00f2 \u00e9s una excusa. Treballem menys que la resta de mortals, tenim el treball que volem, el que hem de fer \u00e9s posar-li solucions a les situacions adverses. No hem de recuperar res en l\u2019an\u00edmic, hem de demostrar. Hem de tindre m\u00e9s exig\u00e8ncia si cap i no escudar-nos en les lesions, en el mental, en el que no estic b\u00e9 si perd\u2026 Hem de trobar la manera de gaudir\u201d. Claus \u201cConsidere important la nostra fiabilitat i el nostre sentit competitiu durant 90 minuts. Las Palmas aposta per un estil combinativo, dels quals m\u00e9s percentatge de possessi\u00f3 t\u00e9 en joc contrari i tamb\u00e9 s\u00f3n poderosos en la pressi\u00f3 a la p\u00e8rdua. Hem de ser molt intensos, estar molt junts. T\u00e9 un percentatge de gols encaixats bon\u00edssim, segon equip menys golejat de la categoria. Cal ser intensos per a recuperar la pilota, veure zones predominants per a fer-lo i quan el tinguem, tindre energia i capacitat d\u2019arribada. Et conviden a atacar els espais i hem de ser prou agressius per a fer-ho\u201d. Per a veure la roda de premsa completa, punxa en el v\u00eddeo:","headings":[{"type":"heading","level":2,"text":"El Villarreal s\u2019enfronta a Las Palmas este dissabte a les 14.00h en Gran Can\u00e0ria"}],"texts":[{"type":"paragraph","text":"L\u2019entrenador del Villarreal CF, Marcelino Garc\u00eda Toral, va atendre els mitjans de comunicaci\u00f3 en la pr\u00e8via del partit davant la UD Las Palmas, que tindr\u00e0 lloc este dissabte a les 14.00 hores en l\u2019Estadi de Gran Can\u00e0ria, feu del conjunt piule piule. El t\u00e8cnic groguet va destacar la necessitat de mantindre el rendiment ja aconseguit puntualment en uns certs moments durant els 90 minuts per a poder v\u00e9ncer a l\u2019equip illenc."},{"type":"paragraph","text":"Estes s\u00f3n les declaracions del preparador asturi\u00e0:"},{"type":"paragraph","text":"Estil de joc del rival"},{"type":"paragraph","text":"\u201cMai saps el que et pot vindre b\u00e9. Per a sentir-nos b\u00e9 hem de mirar-nos m\u00e9s a nosaltres. Sabem que Las Palmas \u00e9s un gran equip que est\u00e0 fent una gran temporada, per\u00f2 hem d\u2019augmentar el nostre nivell i arribar a punts de rendiment que hem aconseguit, per\u00f2 que ens ha faltat continu\u00eftat i a partir d\u2019ac\u00ed intentar guanyar. Tenim la segona volta per a reivindicar-nos i millorar els n\u00fameros negatius que tenim. Hi ha 57 punts per davant i dem\u00e0 s\u00f3n els tres primers. Cal jugar un partit complet, 90 minuts\u201d."},{"type":"paragraph","text":"Plaga de lesions"},{"type":"paragraph","text":"\u201cHem tingut moltes lesions i dos jugadors molt importants de llarga duraci\u00f3, per\u00f2 aix\u00f2 \u00e9s el futbol, \u00e9s la competici\u00f3, \u00e9s la vida. Cal v\u00e9ncer a les dificultats que se\u2019t presenten i no excusar-se en elles. Creiem en els jugadors que tenim, tenen capacitat i aix\u00ed ho han demostrat. Han d\u2019intentar recuperar el seu nivell. Ells s\u00f3n els primers que volen. Si alhora tenim menys lesions, tamb\u00e9 \u00e9s una dada favorable perqu\u00e8 resulta menys complicat buscar eixe rendiment\u201d."},{"type":"paragraph","text":"Pla psicol\u00f2gic"},{"type":"paragraph","text":"\u201cSom uns privilegiats. Tenim la gran fortuna de treballar en el que ens agrada des de xiquets, estem ben remunerats, estem en un gran club, una entitat mod\u00e8lica quant a gesti\u00f3\u2026 No em servix el pla psicol\u00f2gic, aix\u00f2 \u00e9s una excusa. Treballem menys que la resta de mortals, tenim el treball que volem, el que hem de fer \u00e9s posar-li solucions a les situacions adverses. No hem de recuperar res en l\u2019an\u00edmic, hem de demostrar. Hem de tindre m\u00e9s exig\u00e8ncia si cap i no escudar-nos en les lesions, en el mental, en el que no estic b\u00e9 si perd\u2026 Hem de trobar la manera de gaudir\u201d."},{"type":"paragraph","text":"Claus"},{"type":"paragraph","text":"\u201cConsidere important la nostra fiabilitat i el nostre sentit competitiu durant 90 minuts. Las Palmas aposta per un estil combinativo, dels quals m\u00e9s percentatge de possessi\u00f3 t\u00e9 en joc contrari i tamb\u00e9 s\u00f3n poderosos en la pressi\u00f3 a la p\u00e8rdua. Hem de ser molt intensos, estar molt junts. T\u00e9 un percentatge de gols encaixats bon\u00edssim, segon equip menys golejat de la categoria. Cal ser intensos per a recuperar la pilota, veure zones predominants per a fer-lo i quan el tinguem, tindre energia i capacitat d\u2019arribada. Et conviden a atacar els espais i hem de ser prou agressius per a fer-ho\u201d."},{"type":"paragraph","text":"Per a veure la roda de premsa completa, punxa en el v\u00eddeo:"}],"buttons":[],"images":[],"widgets":[],"blocks":[{"type":"heading","level":2,"text":"El Villarreal s\u2019enfronta a Las Palmas este dissabte a les 14.00h en Gran Can\u00e0ria"},{"type":"paragraph","text":"L\u2019entrenador del Villarreal CF, Marcelino Garc\u00eda Toral, va atendre els mitjans de comunicaci\u00f3 en la pr\u00e8via del partit davant la UD Las Palmas, que tindr\u00e0 lloc este dissabte a les 14.00 hores en l\u2019Estadi de Gran Can\u00e0ria, feu del conjunt piule piule. El t\u00e8cnic groguet va destacar la necessitat de mantindre el rendiment ja aconseguit puntualment en uns certs moments durant els 90 minuts per a poder v\u00e9ncer a l\u2019equip illenc."},{"type":"paragraph","text":"Estes s\u00f3n les declaracions del preparador asturi\u00e0:"},{"type":"paragraph","text":"Estil de joc del rival"},{"type":"paragraph","text":"\u201cMai saps el que et pot vindre b\u00e9. Per a sentir-nos b\u00e9 hem de mirar-nos m\u00e9s a nosaltres. Sabem que Las Palmas \u00e9s un gran equip que est\u00e0 fent una gran temporada, per\u00f2 hem d\u2019augmentar el nostre nivell i arribar a punts de rendiment que hem aconseguit, per\u00f2 que ens ha faltat continu\u00eftat i a partir d\u2019ac\u00ed intentar guanyar. Tenim la segona volta per a reivindicar-nos i millorar els n\u00fameros negatius que tenim. Hi ha 57 punts per davant i dem\u00e0 s\u00f3n els tres primers. Cal jugar un partit complet, 90 minuts\u201d."},{"type":"paragraph","text":"Plaga de lesions"},{"type":"paragraph","text":"\u201cHem tingut moltes lesions i dos jugadors molt importants de llarga duraci\u00f3, per\u00f2 aix\u00f2 \u00e9s el futbol, \u00e9s la competici\u00f3, \u00e9s la vida. Cal v\u00e9ncer a les dificultats que se\u2019t presenten i no excusar-se en elles. Creiem en els jugadors que tenim, tenen capacitat i aix\u00ed ho han demostrat. Han d\u2019intentar recuperar el seu nivell. Ells s\u00f3n els primers que volen. Si alhora tenim menys lesions, tamb\u00e9 \u00e9s una dada favorable perqu\u00e8 resulta menys complicat buscar eixe rendiment\u201d."},{"type":"paragraph","text":"Pla psicol\u00f2gic"},{"type":"paragraph","text":"\u201cSom uns privilegiats. Tenim la gran fortuna de treballar en el que ens agrada des de xiquets, estem ben remunerats, estem en un gran club, una entitat mod\u00e8lica quant a gesti\u00f3\u2026 No em servix el pla psicol\u00f2gic, aix\u00f2 \u00e9s una excusa. Treballem menys que la resta de mortals, tenim el treball que volem, el que hem de fer \u00e9s posar-li solucions a les situacions adverses. No hem de recuperar res en l\u2019an\u00edmic, hem de demostrar. Hem de tindre m\u00e9s exig\u00e8ncia si cap i no escudar-nos en les lesions, en el mental, en el que no estic b\u00e9 si perd\u2026 Hem de trobar la manera de gaudir\u201d."},{"type":"paragraph","text":"Claus"},{"type":"paragraph","text":"\u201cConsidere important la nostra fiabilitat i el nostre sentit competitiu durant 90 minuts. Las Palmas aposta per un estil combinativo, dels quals m\u00e9s percentatge de possessi\u00f3 t\u00e9 en joc contrari i tamb\u00e9 s\u00f3n poderosos en la pressi\u00f3 a la p\u00e8rdua. Hem de ser molt intensos, estar molt junts. T\u00e9 un percentatge de gols encaixats bon\u00edssim, segon equip menys golejat de la categoria. Cal ser intensos per a recuperar la pilota, veure zones predominants per a fer-lo i quan el tinguem, tindre energia i capacitat d\u2019arribada. Et conviden a atacar els espais i hem de ser prou agressius per a fer-ho\u201d."},{"type":"paragraph","text":"Per a veure la roda de premsa completa, punxa en el v\u00eddeo:"},{"type":"video","kind":"iframe","url":"https:\/\/www.youtube.com\/embed\/ukd_IRqi2Ro?feature=oembed","poster":""}]}],"hero":{"id":"section-1","title":"El Villarreal s\u2019enfronta a Las Palmas este dissabte a les 14.00h en Gran Can\u00e0ria","text":"El Villarreal s\u2019enfronta a Las Palmas este dissabte a les 14.00h en Gran Can\u00e0ria L\u2019entrenador del Villarreal CF, Marcelino Garc\u00eda Toral, va atendre els mitjans de comunicaci\u00f3 en la pr\u00e8via del partit davant la UD Las Palmas, que tindr\u00e0 lloc este dissabte a les 14.00 hores en l\u2019Estadi de Gran Can\u00e0ria, feu del conjunt piule piule. El t\u00e8cnic groguet va destacar la necessitat de mantindre el rendiment ja aconseguit puntualment en uns certs moments durant els 90 minuts per a poder v\u00e9ncer a l\u2019equip illenc. Estes s\u00f3n les declaracions del preparador asturi\u00e0: Estil de joc del rival \u201cMai saps el que et pot vindre b\u00e9. Per a sentir-nos b\u00e9 hem de mirar-nos m\u00e9s a nosaltres. Sabem que Las Palmas \u00e9s un gran equip que est\u00e0 fent una gran temporada, per\u00f2 hem d\u2019augmentar el nostre nivell i arribar a punts de rendiment que hem aconseguit, per\u00f2 que ens ha faltat continu\u00eftat i a partir d\u2019ac\u00ed intentar guanyar. Tenim la segona volta per a reivindicar-nos i millorar els n\u00fameros negatius que tenim. Hi ha 57 punts per davant i dem\u00e0 s\u00f3n els tres primers. Cal jugar un partit complet, 90 minuts\u201d. Plaga de lesions \u201cHem tingut moltes lesions i dos jugadors molt importants de llarga duraci\u00f3, per\u00f2 aix\u00f2 \u00e9s el futbol, \u00e9s la competici\u00f3, \u00e9s la vida. Cal v\u00e9ncer a les dificultats que se\u2019t presenten i no excusar-se en elles. Creiem en els jugadors que tenim, tenen capacitat i aix\u00ed ho han demostrat. Han d\u2019intentar recuperar el seu nivell. Ells s\u00f3n els primers que volen. Si alhora tenim menys lesions, tamb\u00e9 \u00e9s una dada favorable perqu\u00e8 resulta menys complicat buscar eixe rendiment\u201d. Pla psicol\u00f2gic \u201cSom uns privilegiats. Tenim la gran fortuna de treballar en el que ens agrada des de xiquets, estem ben remunerats, estem en un gran club, una entitat mod\u00e8lica quant a gesti\u00f3\u2026 No em servix el pla psicol\u00f2gic, aix\u00f2 \u00e9s una excusa. Treballem menys que la resta de mortals, tenim el treball que volem, el que hem de fer \u00e9s posar-li solucions a les situacions adverses. No hem de recuperar res en l\u2019an\u00edmic, hem de demostrar. Hem de tindre m\u00e9s exig\u00e8ncia si cap i no escudar-nos en les lesions, en el mental, en el que no estic b\u00e9 si perd\u2026 Hem de trobar la manera de gaudir\u201d. Claus \u201cConsidere important la nostra fiabilitat i el nostre sentit competitiu durant 90 minuts. Las Palmas aposta per un estil combinativo, dels quals m\u00e9s percentatge de possessi\u00f3 t\u00e9 en joc contrari i tamb\u00e9 s\u00f3n poderosos en la pressi\u00f3 a la p\u00e8rdua. Hem de ser molt intensos, estar molt junts. T\u00e9 un percentatge de gols encaixats bon\u00edssim, segon equip menys golejat de la categoria. Cal ser intensos per a recuperar la pilota, veure zones predominants per a fer-lo i quan el tinguem, tindre energia i capacitat d\u2019arribada. Et conviden a atacar els espais i hem de ser prou agressius per a fer-ho\u201d. Per a veure la roda de premsa completa, punxa en el v\u00eddeo:","headings":[{"type":"heading","level":2,"text":"El Villarreal s\u2019enfronta a Las Palmas este dissabte a les 14.00h en Gran Can\u00e0ria"}],"texts":[{"type":"paragraph","text":"L\u2019entrenador del Villarreal CF, Marcelino Garc\u00eda Toral, va atendre els mitjans de comunicaci\u00f3 en la pr\u00e8via del partit davant la UD Las Palmas, que tindr\u00e0 lloc este dissabte a les 14.00 hores en l\u2019Estadi de Gran Can\u00e0ria, feu del conjunt piule piule. El t\u00e8cnic groguet va destacar la necessitat de mantindre el rendiment ja aconseguit puntualment en uns certs moments durant els 90 minuts per a poder v\u00e9ncer a l\u2019equip illenc."},{"type":"paragraph","text":"Estes s\u00f3n les declaracions del preparador asturi\u00e0:"},{"type":"paragraph","text":"Estil de joc del rival"},{"type":"paragraph","text":"\u201cMai saps el que et pot vindre b\u00e9. Per a sentir-nos b\u00e9 hem de mirar-nos m\u00e9s a nosaltres. Sabem que Las Palmas \u00e9s un gran equip que est\u00e0 fent una gran temporada, per\u00f2 hem d\u2019augmentar el nostre nivell i arribar a punts de rendiment que hem aconseguit, per\u00f2 que ens ha faltat continu\u00eftat i a partir d\u2019ac\u00ed intentar guanyar. Tenim la segona volta per a reivindicar-nos i millorar els n\u00fameros negatius que tenim. Hi ha 57 punts per davant i dem\u00e0 s\u00f3n els tres primers. Cal jugar un partit complet, 90 minuts\u201d."},{"type":"paragraph","text":"Plaga de lesions"},{"type":"paragraph","text":"\u201cHem tingut moltes lesions i dos jugadors molt importants de llarga duraci\u00f3, per\u00f2 aix\u00f2 \u00e9s el futbol, \u00e9s la competici\u00f3, \u00e9s la vida. Cal v\u00e9ncer a les dificultats que se\u2019t presenten i no excusar-se en elles. Creiem en els jugadors que tenim, tenen capacitat i aix\u00ed ho han demostrat. Han d\u2019intentar recuperar el seu nivell. Ells s\u00f3n els primers que volen. Si alhora tenim menys lesions, tamb\u00e9 \u00e9s una dada favorable perqu\u00e8 resulta menys complicat buscar eixe rendiment\u201d."},{"type":"paragraph","text":"Pla psicol\u00f2gic"},{"type":"paragraph","text":"\u201cSom uns privilegiats. Tenim la gran fortuna de treballar en el que ens agrada des de xiquets, estem ben remunerats, estem en un gran club, una entitat mod\u00e8lica quant a gesti\u00f3\u2026 No em servix el pla psicol\u00f2gic, aix\u00f2 \u00e9s una excusa. Treballem menys que la resta de mortals, tenim el treball que volem, el que hem de fer \u00e9s posar-li solucions a les situacions adverses. No hem de recuperar res en l\u2019an\u00edmic, hem de demostrar. Hem de tindre m\u00e9s exig\u00e8ncia si cap i no escudar-nos en les lesions, en el mental, en el que no estic b\u00e9 si perd\u2026 Hem de trobar la manera de gaudir\u201d."},{"type":"paragraph","text":"Claus"},{"type":"paragraph","text":"\u201cConsidere important la nostra fiabilitat i el nostre sentit competitiu durant 90 minuts. Las Palmas aposta per un estil combinativo, dels quals m\u00e9s percentatge de possessi\u00f3 t\u00e9 en joc contrari i tamb\u00e9 s\u00f3n poderosos en la pressi\u00f3 a la p\u00e8rdua. Hem de ser molt intensos, estar molt junts. T\u00e9 un percentatge de gols encaixats bon\u00edssim, segon equip menys golejat de la categoria. Cal ser intensos per a recuperar la pilota, veure zones predominants per a fer-lo i quan el tinguem, tindre energia i capacitat d\u2019arribada. Et conviden a atacar els espais i hem de ser prou agressius per a fer-ho\u201d."},{"type":"paragraph","text":"Per a veure la roda de premsa completa, punxa en el v\u00eddeo:"}],"buttons":[],"images":[],"widgets":[],"blocks":[{"type":"heading","level":2,"text":"El Villarreal s\u2019enfronta a Las Palmas este dissabte a les 14.00h en Gran Can\u00e0ria"},{"type":"paragraph","text":"L\u2019entrenador del Villarreal CF, Marcelino Garc\u00eda Toral, va atendre els mitjans de comunicaci\u00f3 en la pr\u00e8via del partit davant la UD Las Palmas, que tindr\u00e0 lloc este dissabte a les 14.00 hores en l\u2019Estadi de Gran Can\u00e0ria, feu del conjunt piule piule. El t\u00e8cnic groguet va destacar la necessitat de mantindre el rendiment ja aconseguit puntualment en uns certs moments durant els 90 minuts per a poder v\u00e9ncer a l\u2019equip illenc."},{"type":"paragraph","text":"Estes s\u00f3n les declaracions del preparador asturi\u00e0:"},{"type":"paragraph","text":"Estil de joc del rival"},{"type":"paragraph","text":"\u201cMai saps el que et pot vindre b\u00e9. Per a sentir-nos b\u00e9 hem de mirar-nos m\u00e9s a nosaltres. Sabem que Las Palmas \u00e9s un gran equip que est\u00e0 fent una gran temporada, per\u00f2 hem d\u2019augmentar el nostre nivell i arribar a punts de rendiment que hem aconseguit, per\u00f2 que ens ha faltat continu\u00eftat i a partir d\u2019ac\u00ed intentar guanyar. Tenim la segona volta per a reivindicar-nos i millorar els n\u00fameros negatius que tenim. Hi ha 57 punts per davant i dem\u00e0 s\u00f3n els tres primers. Cal jugar un partit complet, 90 minuts\u201d."},{"type":"paragraph","text":"Plaga de lesions"},{"type":"paragraph","text":"\u201cHem tingut moltes lesions i dos jugadors molt importants de llarga duraci\u00f3, per\u00f2 aix\u00f2 \u00e9s el futbol, \u00e9s la competici\u00f3, \u00e9s la vida. Cal v\u00e9ncer a les dificultats que se\u2019t presenten i no excusar-se en elles. Creiem en els jugadors que tenim, tenen capacitat i aix\u00ed ho han demostrat. Han d\u2019intentar recuperar el seu nivell. Ells s\u00f3n els primers que volen. Si alhora tenim menys lesions, tamb\u00e9 \u00e9s una dada favorable perqu\u00e8 resulta menys complicat buscar eixe rendiment\u201d."},{"type":"paragraph","text":"Pla psicol\u00f2gic"},{"type":"paragraph","text":"\u201cSom uns privilegiats. Tenim la gran fortuna de treballar en el que ens agrada des de xiquets, estem ben remunerats, estem en un gran club, una entitat mod\u00e8lica quant a gesti\u00f3\u2026 No em servix el pla psicol\u00f2gic, aix\u00f2 \u00e9s una excusa. Treballem menys que la resta de mortals, tenim el treball que volem, el que hem de fer \u00e9s posar-li solucions a les situacions adverses. No hem de recuperar res en l\u2019an\u00edmic, hem de demostrar. Hem de tindre m\u00e9s exig\u00e8ncia si cap i no escudar-nos en les lesions, en el mental, en el que no estic b\u00e9 si perd\u2026 Hem de trobar la manera de gaudir\u201d."},{"type":"paragraph","text":"Claus"},{"type":"paragraph","text":"\u201cConsidere important la nostra fiabilitat i el nostre sentit competitiu durant 90 minuts. Las Palmas aposta per un estil combinativo, dels quals m\u00e9s percentatge de possessi\u00f3 t\u00e9 en joc contrari i tamb\u00e9 s\u00f3n poderosos en la pressi\u00f3 a la p\u00e8rdua. Hem de ser molt intensos, estar molt junts. T\u00e9 un percentatge de gols encaixats bon\u00edssim, segon equip menys golejat de la categoria. Cal ser intensos per a recuperar la pilota, veure zones predominants per a fer-lo i quan el tinguem, tindre energia i capacitat d\u2019arribada. Et conviden a atacar els espais i hem de ser prou agressius per a fer-ho\u201d."},{"type":"paragraph","text":"Per a veure la roda de premsa completa, punxa en el v\u00eddeo:"},{"type":"video","kind":"iframe","url":"https:\/\/www.youtube.com\/embed\/ukd_IRqi2Ro?feature=oembed","poster":""}]}},"sections":[{"id":"section-1","title":"El Villarreal s\u2019enfronta a Las Palmas este dissabte a les 14.00h en Gran Can\u00e0ria","text":"El Villarreal s\u2019enfronta a Las Palmas este dissabte a les 14.00h en Gran Can\u00e0ria L\u2019entrenador del Villarreal CF, Marcelino Garc\u00eda Toral, va atendre els mitjans de comunicaci\u00f3 en la pr\u00e8via del partit davant la UD Las Palmas, que tindr\u00e0 lloc este dissabte a les 14.00 hores en l\u2019Estadi de Gran Can\u00e0ria, feu del conjunt piule piule. El t\u00e8cnic groguet va destacar la necessitat de mantindre el rendiment ja aconseguit puntualment en uns certs moments durant els 90 minuts per a poder v\u00e9ncer a l\u2019equip illenc. Estes s\u00f3n les declaracions del preparador asturi\u00e0: Estil de joc del rival \u201cMai saps el que et pot vindre b\u00e9. Per a sentir-nos b\u00e9 hem de mirar-nos m\u00e9s a nosaltres. Sabem que Las Palmas \u00e9s un gran equip que est\u00e0 fent una gran temporada, per\u00f2 hem d\u2019augmentar el nostre nivell i arribar a punts de rendiment que hem aconseguit, per\u00f2 que ens ha faltat continu\u00eftat i a partir d\u2019ac\u00ed intentar guanyar. Tenim la segona volta per a reivindicar-nos i millorar els n\u00fameros negatius que tenim. Hi ha 57 punts per davant i dem\u00e0 s\u00f3n els tres primers. Cal jugar un partit complet, 90 minuts\u201d. Plaga de lesions \u201cHem tingut moltes lesions i dos jugadors molt importants de llarga duraci\u00f3, per\u00f2 aix\u00f2 \u00e9s el futbol, \u00e9s la competici\u00f3, \u00e9s la vida. Cal v\u00e9ncer a les dificultats que se\u2019t presenten i no excusar-se en elles. Creiem en els jugadors que tenim, tenen capacitat i aix\u00ed ho han demostrat. Han d\u2019intentar recuperar el seu nivell. Ells s\u00f3n els primers que volen. Si alhora tenim menys lesions, tamb\u00e9 \u00e9s una dada favorable perqu\u00e8 resulta menys complicat buscar eixe rendiment\u201d. Pla psicol\u00f2gic \u201cSom uns privilegiats. Tenim la gran fortuna de treballar en el que ens agrada des de xiquets, estem ben remunerats, estem en un gran club, una entitat mod\u00e8lica quant a gesti\u00f3\u2026 No em servix el pla psicol\u00f2gic, aix\u00f2 \u00e9s una excusa. Treballem menys que la resta de mortals, tenim el treball que volem, el que hem de fer \u00e9s posar-li solucions a les situacions adverses. No hem de recuperar res en l\u2019an\u00edmic, hem de demostrar. Hem de tindre m\u00e9s exig\u00e8ncia si cap i no escudar-nos en les lesions, en el mental, en el que no estic b\u00e9 si perd\u2026 Hem de trobar la manera de gaudir\u201d. Claus \u201cConsidere important la nostra fiabilitat i el nostre sentit competitiu durant 90 minuts. Las Palmas aposta per un estil combinativo, dels quals m\u00e9s percentatge de possessi\u00f3 t\u00e9 en joc contrari i tamb\u00e9 s\u00f3n poderosos en la pressi\u00f3 a la p\u00e8rdua. Hem de ser molt intensos, estar molt junts. T\u00e9 un percentatge de gols encaixats bon\u00edssim, segon equip menys golejat de la categoria. Cal ser intensos per a recuperar la pilota, veure zones predominants per a fer-lo i quan el tinguem, tindre energia i capacitat d\u2019arribada. Et conviden a atacar els espais i hem de ser prou agressius per a fer-ho\u201d. Per a veure la roda de premsa completa, punxa en el v\u00eddeo:","url":"","background_image":"","images":[],"videos":[{"type":"video","kind":"iframe","url":"https:\/\/www.youtube.com\/embed\/ukd_IRqi2Ro?feature=oembed","poster":""}],"links":[]}]},"excerpt":{"rendered":"El Villarreal s&#8217;enfronta a Las Palmas este dissabte a les 14.00h en Gran Can\u00e0ria","protected":false},"author":1,"featured_media":294274,"comment_status":"closed","ping_status":"closed","sticky":false,"template":"","format":"standard","meta":{"_acf_changed":false,"footnotes":""},"categories":[13493],"tags":[717,9270,9219,9278,9680,716,9205,9627,10756,9203],"acf":null,"lang":"val","translations":{"es":294249,"val":294278,"en":294288},"essential_grid":{"has_grid":false},"formatted_date":"January 12, 2024","modified_date":"January 12, 2024","permalink":"https:\/\/villarrealcf.es\/val\/marcelino-sha-de-ser-intensos-per-a-recuperar-la-pilota\/","reading_time":3,"featured_media_data":{"id":294274,"title":"marce","caption":"","alt_text":"","description":"","mime_type":"image\/jpeg","source_url":"https:\/\/villarrealcf.es\/wp-content\/uploads\/2024\/01\/marce-scaled.jpg","sizes":{"thumbnail":{"url":"https:\/\/villarrealcf.es\/wp-content\/uploads\/2024\/01\/marce-1920x1080.jpg","width":1920,"height":1080},"medium":{"url":"https:\/\/villarrealcf.es\/wp-content\/uploads\/2024\/01\/marce-1920x1080.jpg","width":1920,"height":1080},"medium_large":{"url":"https:\/\/villarrealcf.es\/wp-content\/uploads\/2024\/01\/marce-768x432.jpg","width":768,"height":432},"large":{"url":"https:\/\/villarrealcf.es\/wp-content\/uploads\/2024\/01\/marce-1920x1080.jpg","width":788,"height":443},"1536x1536":{"url":"https:\/\/villarrealcf.es\/wp-content\/uploads\/2024\/01\/marce-1536x864.jpg","width":1536,"height":864},"2048x2048":{"url":"https:\/\/villarrealcf.es\/wp-content\/uploads\/2024\/01\/marce-2048x1152.jpg","width":2048,"height":1152},"tp-image-grid":{"url":"https:\/\/villarrealcf.es\/wp-content\/uploads\/2024\/01\/marce-700x700.jpg","width":700,"height":700},"size-bunyad-medium":{"url":"https:\/\/villarrealcf.es\/wp-content\/uploads\/2024\/01\/marce-1920x1080.jpg","width":1920,"height":1080},"sportspress-crop-medium":{"url":"https:\/\/villarrealcf.es\/wp-content\/uploads\/2024\/01\/marce-300x300.jpg","width":300,"height":300},"sportspress-fit-medium":{"url":"https:\/\/villarrealcf.es\/wp-content\/uploads\/2024\/01\/marce-300x169.jpg","width":300,"height":169},"sportspress-fit-icon":{"url":"https:\/\/villarrealcf.es\/wp-content\/uploads\/2024\/01\/marce-128x72.jpg","width":128,"height":72},"sportspress-fit-mini":{"url":"https:\/\/villarrealcf.es\/wp-content\/uploads\/2024\/01\/marce-32x18.jpg","width":32,"height":18},"bunyad-small":{"url":"https:\/\/villarrealcf.es\/wp-content\/uploads\/2024\/01\/marce-150x84.jpg","width":150,"height":84},"bunyad-medium":{"url":"https:\/\/villarrealcf.es\/wp-content\/uploads\/2024\/01\/marce-450x253.jpg","width":450,"height":253},"bunyad-full":{"url":"https:\/\/villarrealcf.es\/wp-content\/uploads\/2024\/01\/marce-1200x675.jpg","width":1200,"height":675},"bunyad-viewport":{"url":"https:\/\/villarrealcf.es\/wp-content\/uploads\/2024\/01\/marce-2048x1152.jpg","width":2048,"height":1152},"bunyad-768":{"url":"https:\/\/villarrealcf.es\/wp-content\/uploads\/2024\/01\/marce-768x432.jpg","width":768,"height":432},"full":{"url":"https:\/\/villarrealcf.es\/wp-content\/uploads\/2024\/01\/marce-scaled.jpg","width":2560,"height":1439}}},"author_data":{"id":"1","name":"root_envidea","first_name":"Villarreal CF","last_name":"","description":"","avatar_url":"https:\/\/secure.gravatar.com\/avatar\/48f95f42a3ccc324f3a3458e4b9e6fb070b083e99d388e170c1afb061fa99b63?s=96&d=mm&r=g","acf":null},"taxonomies_data":{"category":[{"id":13493,"name":"Primer equip","slug":"primer-equip","acf":null}],"post_tag":[{"id":717,"name":"Football","slug":"football-d34","acf":null},{"id":9270,"name":"Futbol","slug":"futbol-val","acf":null},{"id":9219,"name":"Marcelino Garc\u00eda Toral","slug":"marcelino-garcia-toral-val","acf":null},{"id":9278,"name":"primera division","slug":"primera-division-val","acf":null},{"id":9680,"name":"Rueda de prensa","slug":"rueda-de-prensa-val","acf":null},{"id":716,"name":"Soccer","slug":"soccer-d105","acf":null},{"id":9205,"name":"Submarino","slug":"submarino-val","acf":null},{"id":9627,"name":"Submarino Amarillo","slug":"submarino-amarillo-val","acf":null},{"id":10756,"name":"UD Las Palmas","slug":"ud-las-palmas-val","acf":null},{"id":9203,"name":"Villarreal CF","slug":"villarreal-cf-val","acf":null}],"translation_priority":[{"id":735,"name":"Optional","slug":"optional-val","acf":null}]},"seo_full":{"native":{"title":"Marcelino: &#8220;S&#8217;ha de ser intensos per a recuperar la pilota&#8221; - Web Oficial del Villarreal CF","description":"El Villarreal s'enfronta a Las Palmas este dissabte a les 14.00h en Gran Can\u00e0ria","canonical":"https:\/\/villarrealcf.es\/val\/marcelino-sha-de-ser-intensos-per-a-recuperar-la-pilota\/"}},"_links":{"self":[{"href":"https:\/\/villarrealcf.es\/val\/wp-json\/wp\/v2\/posts\/294278","targetHints":{"allow":["GET"]}}],"collection":[{"href":"https:\/\/villarrealcf.es\/val\/wp-json\/wp\/v2\/posts"}],"about":[{"href":"https:\/\/villarrealcf.es\/val\/wp-json\/wp\/v2\/types\/post"}],"author":[{"embeddable":true,"href":"https:\/\/villarrealcf.es\/val\/wp-json\/wp\/v2\/users\/1"}],"replies":[{"embeddable":true,"href":"https:\/\/villarrealcf.es\/val\/wp-json\/wp\/v2\/comments?post=294278"}],"version-history":[{"count":0,"href":"https:\/\/villarrealcf.es\/val\/wp-json\/wp\/v2\/posts\/294278\/revisions"}],"wp:featuredmedia":[{"embeddable":true,"href":"https:\/\/villarrealcf.es\/val\/wp-json\/wp\/v2\/media\/294274"}],"wp:attachment":[{"href":"https:\/\/villarrealcf.es\/val\/wp-json\/wp\/v2\/media?parent=294278"}],"wp:term":[{"taxonomy":"category","embeddable":true,"href":"https:\/\/villarrealcf.es\/val\/wp-json\/wp\/v2\/categories?post=294278"},{"taxonomy":"post_tag","embeddable":true,"href":"https:\/\/villarrealcf.es\/val\/wp-json\/wp\/v2\/tags?post=294278"}],"curies":[{"name":"wp","href":"https:\/\/api.w.org\/{rel}","templated":true}]}}