{"id":294262,"date":"2024-01-12T13:47:07","date_gmt":"2024-01-12T12:47:07","guid":{"rendered":"https:\/\/villarrealcf.es\/parte-medico-ramon-terrats\/"},"modified":"2024-01-12T14:16:16","modified_gmt":"2024-01-12T13:16:16","slug":"parte-medico-ramon-terrats","status":"publish","type":"post","link":"https:\/\/villarrealcf.es\/val\/parte-medico-ramon-terrats\/","title":{"rendered":"Comunicat m\u00e8dic: Ram\u00f3n Terrats"},"content":{"protected":false,"blocks":[{"type":"heading","level":2,"text":"El futbolista catal\u00e0 pateix un trencament de menisc extern del genoll esquerre i haur\u00e0 de passar pel quir\u00f2fan"},{"type":"paragraph","text":"Despr\u00e9s de les pertinents proves m\u00e8diques realitzades, es confirma que el futbolista Ramon Terrats va patir en l\u2019entrenament d\u2019ahir dijous un trencament de menisc extern del genoll esquerre i haur\u00e0 de passar pel quir\u00f2fan. El club anunciar\u00e0 pr\u00f2ximament la data de la intervenci\u00f3."},{"type":"paragraph","text":"Molt \u00e0nim, Ramon!"},{"type":"image","url":"https:\/\/villarrealcf.es\/wp-content\/uploads\/2023\/12\/image.png","alt":"","width":760,"height":84,"srcset":"https:\/\/villarrealcf.es\/wp-content\/uploads\/2023\/12\/image.png 760w, https:\/\/villarrealcf.es\/wp-content\/uploads\/2023\/12\/image.png 1920w, https:\/\/villarrealcf.es\/wp-content\/uploads\/2023\/12\/image.png 1920w, https:\/\/villarrealcf.es\/wp-content\/uploads\/2023\/12\/image-32x4.png 32w, https:\/\/villarrealcf.es\/wp-content\/uploads\/2023\/12\/image-150x17.png 150w, https:\/\/villarrealcf.es\/wp-content\/uploads\/2023\/12\/image.png 1920w, https:\/\/villarrealcf.es\/wp-content\/uploads\/2023\/12\/image.png 1920w","sizes":"auto, (max-width: 760px) 100vw, 760px"}],"structured":{"summary":{"text":"El futbolista catal\u00e0 pateix un trencament de menisc extern del genoll esquerre i haur\u00e0 de passar pel quir\u00f2fan Despr\u00e9s de les pertinents proves m\u00e8diques realitzades, es confirma que el futbolista Ramon Terrats va patir en l\u2019entrenament d\u2019ahir dijous un trencament de menisc extern del genoll esquerre i haur\u00e0 de passar pel quir\u00f2fan. El club anunciar\u00e0 pr\u00f2ximament la data de la intervenci\u00f3. Molt \u00e0nim, Ramon!","headings":[{"type":"heading","level":2,"text":"El futbolista catal\u00e0 pateix un trencament de menisc extern del genoll esquerre i haur\u00e0 de passar pel quir\u00f2fan"}],"buttons":[],"images":[{"type":"image","url":"https:\/\/villarrealcf.es\/wp-content\/uploads\/2023\/12\/image.png","alt":"","width":760,"height":84,"srcset":"https:\/\/villarrealcf.es\/wp-content\/uploads\/2023\/12\/image.png 760w, https:\/\/villarrealcf.es\/wp-content\/uploads\/2023\/12\/image.png 1920w, https:\/\/villarrealcf.es\/wp-content\/uploads\/2023\/12\/image.png 1920w, https:\/\/villarrealcf.es\/wp-content\/uploads\/2023\/12\/image-32x4.png 32w, https:\/\/villarrealcf.es\/wp-content\/uploads\/2023\/12\/image-150x17.png 150w, https:\/\/villarrealcf.es\/wp-content\/uploads\/2023\/12\/image.png 1920w, https:\/\/villarrealcf.es\/wp-content\/uploads\/2023\/12\/image.png 1920w","sizes":"auto, (max-width: 760px) 100vw, 760px"}],"counts":{"blocks":4,"headings":1,"texts":2,"buttons":0,"images":1}},"sections":[{"id":"section-1","title":"El futbolista catal\u00e0 pateix un trencament de menisc extern del genoll esquerre i haur\u00e0 de passar pel quir\u00f2fan","text":"El futbolista catal\u00e0 pateix un trencament de menisc extern del genoll esquerre i haur\u00e0 de passar pel quir\u00f2fan Despr\u00e9s de les pertinents proves m\u00e8diques realitzades, es confirma que el futbolista Ramon Terrats va patir en l\u2019entrenament d\u2019ahir dijous un trencament de menisc extern del genoll esquerre i haur\u00e0 de passar pel quir\u00f2fan. El club anunciar\u00e0 pr\u00f2ximament la data de la intervenci\u00f3. Molt \u00e0nim, Ramon!","headings":[{"type":"heading","level":2,"text":"El futbolista catal\u00e0 pateix un trencament de menisc extern del genoll esquerre i haur\u00e0 de passar pel quir\u00f2fan"}],"texts":[{"type":"paragraph","text":"Despr\u00e9s de les pertinents proves m\u00e8diques realitzades, es confirma que el futbolista Ramon Terrats va patir en l\u2019entrenament d\u2019ahir dijous un trencament de menisc extern del genoll esquerre i haur\u00e0 de passar pel quir\u00f2fan. El club anunciar\u00e0 pr\u00f2ximament la data de la intervenci\u00f3."},{"type":"paragraph","text":"Molt \u00e0nim, Ramon!"}],"buttons":[],"images":[{"type":"image","url":"https:\/\/villarrealcf.es\/wp-content\/uploads\/2023\/12\/image.png","alt":"","width":760,"height":84,"srcset":"https:\/\/villarrealcf.es\/wp-content\/uploads\/2023\/12\/image.png 760w, https:\/\/villarrealcf.es\/wp-content\/uploads\/2023\/12\/image.png 1920w, https:\/\/villarrealcf.es\/wp-content\/uploads\/2023\/12\/image.png 1920w, https:\/\/villarrealcf.es\/wp-content\/uploads\/2023\/12\/image-32x4.png 32w, https:\/\/villarrealcf.es\/wp-content\/uploads\/2023\/12\/image-150x17.png 150w, https:\/\/villarrealcf.es\/wp-content\/uploads\/2023\/12\/image.png 1920w, https:\/\/villarrealcf.es\/wp-content\/uploads\/2023\/12\/image.png 1920w","sizes":"auto, (max-width: 760px) 100vw, 760px"}],"widgets":[],"blocks":[{"type":"heading","level":2,"text":"El futbolista catal\u00e0 pateix un trencament de menisc extern del genoll esquerre i haur\u00e0 de passar pel quir\u00f2fan"},{"type":"paragraph","text":"Despr\u00e9s de les pertinents proves m\u00e8diques realitzades, es confirma que el futbolista Ramon Terrats va patir en l\u2019entrenament d\u2019ahir dijous un trencament de menisc extern del genoll esquerre i haur\u00e0 de passar pel quir\u00f2fan. El club anunciar\u00e0 pr\u00f2ximament la data de la intervenci\u00f3."},{"type":"paragraph","text":"Molt \u00e0nim, Ramon!"},{"type":"image","url":"https:\/\/villarrealcf.es\/wp-content\/uploads\/2023\/12\/image.png","alt":"","width":760,"height":84,"srcset":"https:\/\/villarrealcf.es\/wp-content\/uploads\/2023\/12\/image.png 760w, https:\/\/villarrealcf.es\/wp-content\/uploads\/2023\/12\/image.png 1920w, https:\/\/villarrealcf.es\/wp-content\/uploads\/2023\/12\/image.png 1920w, https:\/\/villarrealcf.es\/wp-content\/uploads\/2023\/12\/image-32x4.png 32w, https:\/\/villarrealcf.es\/wp-content\/uploads\/2023\/12\/image-150x17.png 150w, https:\/\/villarrealcf.es\/wp-content\/uploads\/2023\/12\/image.png 1920w, https:\/\/villarrealcf.es\/wp-content\/uploads\/2023\/12\/image.png 1920w","sizes":"auto, (max-width: 760px) 100vw, 760px"}]}],"hero":{"id":"section-1","title":"El futbolista catal\u00e0 pateix un trencament de menisc extern del genoll esquerre i haur\u00e0 de passar pel quir\u00f2fan","text":"El futbolista catal\u00e0 pateix un trencament de menisc extern del genoll esquerre i haur\u00e0 de passar pel quir\u00f2fan Despr\u00e9s de les pertinents proves m\u00e8diques realitzades, es confirma que el futbolista Ramon Terrats va patir en l\u2019entrenament d\u2019ahir dijous un trencament de menisc extern del genoll esquerre i haur\u00e0 de passar pel quir\u00f2fan. El club anunciar\u00e0 pr\u00f2ximament la data de la intervenci\u00f3. Molt \u00e0nim, Ramon!","headings":[{"type":"heading","level":2,"text":"El futbolista catal\u00e0 pateix un trencament de menisc extern del genoll esquerre i haur\u00e0 de passar pel quir\u00f2fan"}],"texts":[{"type":"paragraph","text":"Despr\u00e9s de les pertinents proves m\u00e8diques realitzades, es confirma que el futbolista Ramon Terrats va patir en l\u2019entrenament d\u2019ahir dijous un trencament de menisc extern del genoll esquerre i haur\u00e0 de passar pel quir\u00f2fan. El club anunciar\u00e0 pr\u00f2ximament la data de la intervenci\u00f3."},{"type":"paragraph","text":"Molt \u00e0nim, Ramon!"}],"buttons":[],"images":[{"type":"image","url":"https:\/\/villarrealcf.es\/wp-content\/uploads\/2023\/12\/image.png","alt":"","width":760,"height":84,"srcset":"https:\/\/villarrealcf.es\/wp-content\/uploads\/2023\/12\/image.png 760w, https:\/\/villarrealcf.es\/wp-content\/uploads\/2023\/12\/image.png 1920w, https:\/\/villarrealcf.es\/wp-content\/uploads\/2023\/12\/image.png 1920w, https:\/\/villarrealcf.es\/wp-content\/uploads\/2023\/12\/image-32x4.png 32w, https:\/\/villarrealcf.es\/wp-content\/uploads\/2023\/12\/image-150x17.png 150w, https:\/\/villarrealcf.es\/wp-content\/uploads\/2023\/12\/image.png 1920w, https:\/\/villarrealcf.es\/wp-content\/uploads\/2023\/12\/image.png 1920w","sizes":"auto, (max-width: 760px) 100vw, 760px"}],"widgets":[],"blocks":[{"type":"heading","level":2,"text":"El futbolista catal\u00e0 pateix un trencament de menisc extern del genoll esquerre i haur\u00e0 de passar pel quir\u00f2fan"},{"type":"paragraph","text":"Despr\u00e9s de les pertinents proves m\u00e8diques realitzades, es confirma que el futbolista Ramon Terrats va patir en l\u2019entrenament d\u2019ahir dijous un trencament de menisc extern del genoll esquerre i haur\u00e0 de passar pel quir\u00f2fan. El club anunciar\u00e0 pr\u00f2ximament la data de la intervenci\u00f3."},{"type":"paragraph","text":"Molt \u00e0nim, Ramon!"},{"type":"image","url":"https:\/\/villarrealcf.es\/wp-content\/uploads\/2023\/12\/image.png","alt":"","width":760,"height":84,"srcset":"https:\/\/villarrealcf.es\/wp-content\/uploads\/2023\/12\/image.png 760w, https:\/\/villarrealcf.es\/wp-content\/uploads\/2023\/12\/image.png 1920w, https:\/\/villarrealcf.es\/wp-content\/uploads\/2023\/12\/image.png 1920w, https:\/\/villarrealcf.es\/wp-content\/uploads\/2023\/12\/image-32x4.png 32w, https:\/\/villarrealcf.es\/wp-content\/uploads\/2023\/12\/image-150x17.png 150w, https:\/\/villarrealcf.es\/wp-content\/uploads\/2023\/12\/image.png 1920w, https:\/\/villarrealcf.es\/wp-content\/uploads\/2023\/12\/image.png 1920w","sizes":"auto, (max-width: 760px) 100vw, 760px"}]}},"sections":[{"id":"section-1","title":"El futbolista catal\u00e0 pateix un trencament de menisc extern del genoll esquerre i haur\u00e0 de passar pel quir\u00f2fan","text":"El futbolista catal\u00e0 pateix un trencament de menisc extern del genoll esquerre i haur\u00e0 de passar pel quir\u00f2fan Despr\u00e9s de les pertinents proves m\u00e8diques realitzades, es confirma que el futbolista Ramon Terrats va patir en l\u2019entrenament d\u2019ahir dijous un trencament de menisc extern del genoll esquerre i haur\u00e0 de passar pel quir\u00f2fan. El club anunciar\u00e0 pr\u00f2ximament la data de la intervenci\u00f3. Molt \u00e0nim, Ramon!","url":"","background_image":"","images":[{"type":"image","url":"https:\/\/villarrealcf.es\/wp-content\/uploads\/2023\/12\/image.png","alt":"","width":760,"height":84,"srcset":"https:\/\/villarrealcf.es\/wp-content\/uploads\/2023\/12\/image.png 760w, https:\/\/villarrealcf.es\/wp-content\/uploads\/2023\/12\/image.png 1920w, https:\/\/villarrealcf.es\/wp-content\/uploads\/2023\/12\/image.png 1920w, https:\/\/villarrealcf.es\/wp-content\/uploads\/2023\/12\/image-32x4.png 32w, https:\/\/villarrealcf.es\/wp-content\/uploads\/2023\/12\/image-150x17.png 150w, https:\/\/villarrealcf.es\/wp-content\/uploads\/2023\/12\/image.png 1920w, https:\/\/villarrealcf.es\/wp-content\/uploads\/2023\/12\/image.png 1920w","sizes":"auto, (max-width: 760px) 100vw, 760px"}],"videos":[],"links":[]}]},"excerpt":{"rendered":"El futbolista catal\u00e0 pateix un trencament de menisc extern del genoll esquerre i haur\u00e0 de passar pel quir\u00f2fan","protected":false},"author":23,"featured_media":294259,"comment_status":"closed","ping_status":"closed","sticky":false,"template":"","format":"standard","meta":{"_acf_changed":false,"footnotes":""},"categories":[13952],"tags":[10899,717,9270,9278,14841,716,9205,9627,9203],"acf":null,"lang":"val","translations":{"es":294252,"val":294262,"en":294264},"essential_grid":{"has_grid":false},"formatted_date":"January 12, 2024","modified_date":"January 12, 2024","permalink":"https:\/\/villarrealcf.es\/val\/parte-medico-ramon-terrats\/","reading_time":1,"featured_media_data":{"id":294259,"title":"VillarrealCF-RealBetis-142","caption":"","alt_text":"","description":"","mime_type":"image\/jpeg","source_url":"https:\/\/villarrealcf.es\/wp-content\/uploads\/2024\/01\/VillarrealCF-RealBetis-142-scaled.jpg","sizes":{"thumbnail":{"url":"https:\/\/villarrealcf.es\/wp-content\/uploads\/2024\/01\/VillarrealCF-RealBetis-142-1920x1080.jpg","width":1920,"height":1080},"medium":{"url":"https:\/\/villarrealcf.es\/wp-content\/uploads\/2024\/01\/VillarrealCF-RealBetis-142-1920x1080.jpg","width":1920,"height":1080},"medium_large":{"url":"https:\/\/villarrealcf.es\/wp-content\/uploads\/2024\/01\/VillarrealCF-RealBetis-142-768x432.jpg","width":768,"height":432},"large":{"url":"https:\/\/villarrealcf.es\/wp-content\/uploads\/2024\/01\/VillarrealCF-RealBetis-142-1920x1080.jpg","width":788,"height":443},"1536x1536":{"url":"https:\/\/villarrealcf.es\/wp-content\/uploads\/2024\/01\/VillarrealCF-RealBetis-142-1536x864.jpg","width":1536,"height":864},"2048x2048":{"url":"https:\/\/villarrealcf.es\/wp-content\/uploads\/2024\/01\/VillarrealCF-RealBetis-142-2048x1152.jpg","width":2048,"height":1152},"tp-image-grid":{"url":"https:\/\/villarrealcf.es\/wp-content\/uploads\/2024\/01\/VillarrealCF-RealBetis-142-700x700.jpg","width":700,"height":700},"size-bunyad-medium":{"url":"https:\/\/villarrealcf.es\/wp-content\/uploads\/2024\/01\/VillarrealCF-RealBetis-142-1920x1080.jpg","width":1920,"height":1080},"sportspress-crop-medium":{"url":"https:\/\/villarrealcf.es\/wp-content\/uploads\/2024\/01\/VillarrealCF-RealBetis-142-300x300.jpg","width":300,"height":300},"sportspress-fit-medium":{"url":"https:\/\/villarrealcf.es\/wp-content\/uploads\/2024\/01\/VillarrealCF-RealBetis-142-300x169.jpg","width":300,"height":169},"sportspress-fit-icon":{"url":"https:\/\/villarrealcf.es\/wp-content\/uploads\/2024\/01\/VillarrealCF-RealBetis-142-128x72.jpg","width":128,"height":72},"sportspress-fit-mini":{"url":"https:\/\/villarrealcf.es\/wp-content\/uploads\/2024\/01\/VillarrealCF-RealBetis-142-32x18.jpg","width":32,"height":18},"bunyad-small":{"url":"https:\/\/villarrealcf.es\/wp-content\/uploads\/2024\/01\/VillarrealCF-RealBetis-142-150x84.jpg","width":150,"height":84},"bunyad-medium":{"url":"https:\/\/villarrealcf.es\/wp-content\/uploads\/2024\/01\/VillarrealCF-RealBetis-142-450x253.jpg","width":450,"height":253},"bunyad-full":{"url":"https:\/\/villarrealcf.es\/wp-content\/uploads\/2024\/01\/VillarrealCF-RealBetis-142-1200x675.jpg","width":1200,"height":675},"bunyad-viewport":{"url":"https:\/\/villarrealcf.es\/wp-content\/uploads\/2024\/01\/VillarrealCF-RealBetis-142-2048x1152.jpg","width":2048,"height":1152},"bunyad-768":{"url":"https:\/\/villarrealcf.es\/wp-content\/uploads\/2024\/01\/VillarrealCF-RealBetis-142-768x432.jpg","width":768,"height":432},"full":{"url":"https:\/\/villarrealcf.es\/wp-content\/uploads\/2024\/01\/VillarrealCF-RealBetis-142-scaled.jpg","width":2560,"height":1441}}},"author_data":{"id":"23","name":"Fran Segovia","first_name":"Fran","last_name":"Segovia","description":"","avatar_url":"https:\/\/secure.gravatar.com\/avatar\/9ec849b3b9cb451091f0a96d7943b1c6be26a8d6fd3b94d5b5bfd496b2536c42?s=96&d=mm&r=g","acf":null},"taxonomies_data":{"category":[{"id":13952,"name":"Comunicat m\u00e8dic","slug":"parte-medico-val","acf":null}],"post_tag":[{"id":10899,"name":"Asisa","slug":"asisa-val","acf":null},{"id":717,"name":"Football","slug":"football-d34","acf":null},{"id":9270,"name":"Futbol","slug":"futbol-val","acf":null},{"id":9278,"name":"primera division","slug":"primera-division-val","acf":null},{"id":14841,"name":"Ramon Terrats","slug":"ramon-terrats-2-val","acf":null},{"id":716,"name":"Soccer","slug":"soccer-d105","acf":null},{"id":9205,"name":"Submarino","slug":"submarino-val","acf":null},{"id":9627,"name":"Submarino Amarillo","slug":"submarino-amarillo-val","acf":null},{"id":9203,"name":"Villarreal CF","slug":"villarreal-cf-val","acf":null}],"translation_priority":[{"id":735,"name":"Optional","slug":"optional-val","acf":null}]},"seo_full":{"native":{"title":"Comunicat m\u00e8dic: Ram\u00f3n Terrats - Web Oficial del Villarreal CF","description":"El futbolista catal\u00e0 pateix un trencament de menisc extern del genoll esquerre i haur\u00e0 de passar pel quir\u00f2fan","canonical":"https:\/\/villarrealcf.es\/val\/parte-medico-ramon-terrats\/"}},"_links":{"self":[{"href":"https:\/\/villarrealcf.es\/val\/wp-json\/wp\/v2\/posts\/294262","targetHints":{"allow":["GET"]}}],"collection":[{"href":"https:\/\/villarrealcf.es\/val\/wp-json\/wp\/v2\/posts"}],"about":[{"href":"https:\/\/villarrealcf.es\/val\/wp-json\/wp\/v2\/types\/post"}],"author":[{"embeddable":true,"href":"https:\/\/villarrealcf.es\/val\/wp-json\/wp\/v2\/users\/23"}],"replies":[{"embeddable":true,"href":"https:\/\/villarrealcf.es\/val\/wp-json\/wp\/v2\/comments?post=294262"}],"version-history":[{"count":0,"href":"https:\/\/villarrealcf.es\/val\/wp-json\/wp\/v2\/posts\/294262\/revisions"}],"wp:featuredmedia":[{"embeddable":true,"href":"https:\/\/villarrealcf.es\/val\/wp-json\/wp\/v2\/media\/294259"}],"wp:attachment":[{"href":"https:\/\/villarrealcf.es\/val\/wp-json\/wp\/v2\/media?parent=294262"}],"wp:term":[{"taxonomy":"category","embeddable":true,"href":"https:\/\/villarrealcf.es\/val\/wp-json\/wp\/v2\/categories?post=294262"},{"taxonomy":"post_tag","embeddable":true,"href":"https:\/\/villarrealcf.es\/val\/wp-json\/wp\/v2\/tags?post=294262"}],"curies":[{"name":"wp","href":"https:\/\/api.w.org\/{rel}","templated":true}]}}