{"id":293913,"date":"2024-01-18T17:18:58","date_gmt":"2024-01-18T16:18:58","guid":{"rendered":"https:\/\/villarrealcf.es\/anima-al-villarreal-en-montjuic\/"},"modified":"2024-01-18T16:42:59","modified_gmt":"2024-01-18T15:42:59","slug":"anima-al-villarreal-en-montjuic","status":"publish","type":"post","link":"https:\/\/villarrealcf.es\/val\/anima-al-villarreal-en-montjuic\/","title":{"rendered":"Anima al Villarreal en Montjuic!"},"content":{"protected":false,"blocks":[{"type":"heading","level":2,"text":"L\u2019APV ha organitzat un viatge per a encoratjar al Submar\u00ed davant el FC Barcelona (dissabte 27, 18.30h)"},{"type":"paragraph","text":"L\u2019Agrupaci\u00f3 de Penyes del Villarreal CF ha anunciat un viatge per a animar al Submar\u00ed en el seu comprom\u00eds davant l\u2019FC Barcelona corresponent a la jornada 22 de LALIGA que se celebrar\u00e0 el dissabte 27 de gener, a partir de les 18.30 hores, en l\u2019Estadi Ol\u00edmpic Llu\u00eds Companys de Montju\u00efc."},{"type":"paragraph","text":"El viatge, que inclou l\u2019entrada al partit i el despla\u00e7ament de Vila-real al Llu\u00eds Companys, t\u00e9 un preu de 65\u20ac per a pe\u00f1istas i 100\u20ac per a la resta dels aficionats."},{"type":"paragraph","text":"Els interessats es poden apuntar des de hui dimecres fins dimarts que ve 23 de gener a les 14.00 hores a trav\u00e9s de la web oficial de l\u2019APV."},{"type":"paragraph","text":"Hora i lloc d\u2019eixida"},{"type":"paragraph","text":"Els autobusos eixiran de l\u2019IES Broch i Llop (Av. Europa, Vila-real) el dissabte 27 de gener a les 7.00 hores i el retorn es realitzar\u00e0 despr\u00e9s de la finalitzaci\u00f3 del partit."},{"type":"link","url":"https:\/\/t.co\/xMu99RIFfT","text":"INSCRIU-TE AC\u00cd","target":""}],"structured":{"summary":{"text":"L\u2019APV ha organitzat un viatge per a encoratjar al Submar\u00ed davant el FC Barcelona (dissabte 27, 18.30h) L\u2019Agrupaci\u00f3 de Penyes del Villarreal CF ha anunciat un viatge per a animar al Submar\u00ed en el seu comprom\u00eds davant l\u2019FC Barcelona corresponent a la jornada 22 de LALIGA que se celebrar\u00e0 el dissabte 27 de gener, a partir de les 18.30 hores, en l\u2019Estadi Ol\u00edmpic Llu\u00eds Companys de Montju\u00efc. El viatge, que inclou l\u2019entrada al partit i el despla\u00e7ament de Vila-real al Llu\u00eds Companys, t\u00e9 un preu de 65\u20ac per a pe\u00f1istas i 100\u20ac per a la resta dels aficionats. Els interessats es poden apuntar des de hui dimecres fins dimarts que ve 23 de gener a les 14.00 hores a trav\u00e9s de la web oficial de l\u2019APV. Hora i lloc d\u2019eixida Els autobusos eixiran de l\u2019IES Broch i Llop (Av. Europa, Vila-real) el dissabte 27 de gener a les 7.00 hores i el retorn es realitzar\u00e0 despr\u00e9s de la finalitzaci\u00f3 del partit. INSCRIU-TE AC\u00cd","headings":[{"type":"heading","level":2,"text":"L\u2019APV ha organitzat un viatge per a encoratjar al Submar\u00ed davant el FC Barcelona (dissabte 27, 18.30h)"}],"buttons":[],"images":[],"counts":{"blocks":7,"headings":1,"texts":5,"buttons":0,"images":0}},"sections":[{"id":"section-1","title":"L\u2019APV ha organitzat un viatge per a encoratjar al Submar\u00ed davant el FC Barcelona (dissabte 27, 18.30h)","text":"L\u2019APV ha organitzat un viatge per a encoratjar al Submar\u00ed davant el FC Barcelona (dissabte 27, 18.30h) L\u2019Agrupaci\u00f3 de Penyes del Villarreal CF ha anunciat un viatge per a animar al Submar\u00ed en el seu comprom\u00eds davant l\u2019FC Barcelona corresponent a la jornada 22 de LALIGA que se celebrar\u00e0 el dissabte 27 de gener, a partir de les 18.30 hores, en l\u2019Estadi Ol\u00edmpic Llu\u00eds Companys de Montju\u00efc. El viatge, que inclou l\u2019entrada al partit i el despla\u00e7ament de Vila-real al Llu\u00eds Companys, t\u00e9 un preu de 65\u20ac per a pe\u00f1istas i 100\u20ac per a la resta dels aficionats. Els interessats es poden apuntar des de hui dimecres fins dimarts que ve 23 de gener a les 14.00 hores a trav\u00e9s de la web oficial de l\u2019APV. Hora i lloc d\u2019eixida Els autobusos eixiran de l\u2019IES Broch i Llop (Av. Europa, Vila-real) el dissabte 27 de gener a les 7.00 hores i el retorn es realitzar\u00e0 despr\u00e9s de la finalitzaci\u00f3 del partit.","headings":[{"type":"heading","level":2,"text":"L\u2019APV ha organitzat un viatge per a encoratjar al Submar\u00ed davant el FC Barcelona (dissabte 27, 18.30h)"}],"texts":[{"type":"paragraph","text":"L\u2019Agrupaci\u00f3 de Penyes del Villarreal CF ha anunciat un viatge per a animar al Submar\u00ed en el seu comprom\u00eds davant l\u2019FC Barcelona corresponent a la jornada 22 de LALIGA que se celebrar\u00e0 el dissabte 27 de gener, a partir de les 18.30 hores, en l\u2019Estadi Ol\u00edmpic Llu\u00eds Companys de Montju\u00efc."},{"type":"paragraph","text":"El viatge, que inclou l\u2019entrada al partit i el despla\u00e7ament de Vila-real al Llu\u00eds Companys, t\u00e9 un preu de 65\u20ac per a pe\u00f1istas i 100\u20ac per a la resta dels aficionats."},{"type":"paragraph","text":"Els interessats es poden apuntar des de hui dimecres fins dimarts que ve 23 de gener a les 14.00 hores a trav\u00e9s de la web oficial de l\u2019APV."},{"type":"paragraph","text":"Hora i lloc d\u2019eixida"},{"type":"paragraph","text":"Els autobusos eixiran de l\u2019IES Broch i Llop (Av. Europa, Vila-real) el dissabte 27 de gener a les 7.00 hores i el retorn es realitzar\u00e0 despr\u00e9s de la finalitzaci\u00f3 del partit."}],"buttons":[],"images":[],"widgets":[],"blocks":[{"type":"heading","level":2,"text":"L\u2019APV ha organitzat un viatge per a encoratjar al Submar\u00ed davant el FC Barcelona (dissabte 27, 18.30h)"},{"type":"paragraph","text":"L\u2019Agrupaci\u00f3 de Penyes del Villarreal CF ha anunciat un viatge per a animar al Submar\u00ed en el seu comprom\u00eds davant l\u2019FC Barcelona corresponent a la jornada 22 de LALIGA que se celebrar\u00e0 el dissabte 27 de gener, a partir de les 18.30 hores, en l\u2019Estadi Ol\u00edmpic Llu\u00eds Companys de Montju\u00efc."},{"type":"paragraph","text":"El viatge, que inclou l\u2019entrada al partit i el despla\u00e7ament de Vila-real al Llu\u00eds Companys, t\u00e9 un preu de 65\u20ac per a pe\u00f1istas i 100\u20ac per a la resta dels aficionats."},{"type":"paragraph","text":"Els interessats es poden apuntar des de hui dimecres fins dimarts que ve 23 de gener a les 14.00 hores a trav\u00e9s de la web oficial de l\u2019APV."},{"type":"paragraph","text":"Hora i lloc d\u2019eixida"},{"type":"paragraph","text":"Els autobusos eixiran de l\u2019IES Broch i Llop (Av. Europa, Vila-real) el dissabte 27 de gener a les 7.00 hores i el retorn es realitzar\u00e0 despr\u00e9s de la finalitzaci\u00f3 del partit."},{"type":"link","url":"https:\/\/t.co\/xMu99RIFfT","text":"INSCRIU-TE AC\u00cd","target":""}]}],"hero":{"id":"section-1","title":"L\u2019APV ha organitzat un viatge per a encoratjar al Submar\u00ed davant el FC Barcelona (dissabte 27, 18.30h)","text":"L\u2019APV ha organitzat un viatge per a encoratjar al Submar\u00ed davant el FC Barcelona (dissabte 27, 18.30h) L\u2019Agrupaci\u00f3 de Penyes del Villarreal CF ha anunciat un viatge per a animar al Submar\u00ed en el seu comprom\u00eds davant l\u2019FC Barcelona corresponent a la jornada 22 de LALIGA que se celebrar\u00e0 el dissabte 27 de gener, a partir de les 18.30 hores, en l\u2019Estadi Ol\u00edmpic Llu\u00eds Companys de Montju\u00efc. El viatge, que inclou l\u2019entrada al partit i el despla\u00e7ament de Vila-real al Llu\u00eds Companys, t\u00e9 un preu de 65\u20ac per a pe\u00f1istas i 100\u20ac per a la resta dels aficionats. Els interessats es poden apuntar des de hui dimecres fins dimarts que ve 23 de gener a les 14.00 hores a trav\u00e9s de la web oficial de l\u2019APV. Hora i lloc d\u2019eixida Els autobusos eixiran de l\u2019IES Broch i Llop (Av. Europa, Vila-real) el dissabte 27 de gener a les 7.00 hores i el retorn es realitzar\u00e0 despr\u00e9s de la finalitzaci\u00f3 del partit.","headings":[{"type":"heading","level":2,"text":"L\u2019APV ha organitzat un viatge per a encoratjar al Submar\u00ed davant el FC Barcelona (dissabte 27, 18.30h)"}],"texts":[{"type":"paragraph","text":"L\u2019Agrupaci\u00f3 de Penyes del Villarreal CF ha anunciat un viatge per a animar al Submar\u00ed en el seu comprom\u00eds davant l\u2019FC Barcelona corresponent a la jornada 22 de LALIGA que se celebrar\u00e0 el dissabte 27 de gener, a partir de les 18.30 hores, en l\u2019Estadi Ol\u00edmpic Llu\u00eds Companys de Montju\u00efc."},{"type":"paragraph","text":"El viatge, que inclou l\u2019entrada al partit i el despla\u00e7ament de Vila-real al Llu\u00eds Companys, t\u00e9 un preu de 65\u20ac per a pe\u00f1istas i 100\u20ac per a la resta dels aficionats."},{"type":"paragraph","text":"Els interessats es poden apuntar des de hui dimecres fins dimarts que ve 23 de gener a les 14.00 hores a trav\u00e9s de la web oficial de l\u2019APV."},{"type":"paragraph","text":"Hora i lloc d\u2019eixida"},{"type":"paragraph","text":"Els autobusos eixiran de l\u2019IES Broch i Llop (Av. Europa, Vila-real) el dissabte 27 de gener a les 7.00 hores i el retorn es realitzar\u00e0 despr\u00e9s de la finalitzaci\u00f3 del partit."}],"buttons":[],"images":[],"widgets":[],"blocks":[{"type":"heading","level":2,"text":"L\u2019APV ha organitzat un viatge per a encoratjar al Submar\u00ed davant el FC Barcelona (dissabte 27, 18.30h)"},{"type":"paragraph","text":"L\u2019Agrupaci\u00f3 de Penyes del Villarreal CF ha anunciat un viatge per a animar al Submar\u00ed en el seu comprom\u00eds davant l\u2019FC Barcelona corresponent a la jornada 22 de LALIGA que se celebrar\u00e0 el dissabte 27 de gener, a partir de les 18.30 hores, en l\u2019Estadi Ol\u00edmpic Llu\u00eds Companys de Montju\u00efc."},{"type":"paragraph","text":"El viatge, que inclou l\u2019entrada al partit i el despla\u00e7ament de Vila-real al Llu\u00eds Companys, t\u00e9 un preu de 65\u20ac per a pe\u00f1istas i 100\u20ac per a la resta dels aficionats."},{"type":"paragraph","text":"Els interessats es poden apuntar des de hui dimecres fins dimarts que ve 23 de gener a les 14.00 hores a trav\u00e9s de la web oficial de l\u2019APV."},{"type":"paragraph","text":"Hora i lloc d\u2019eixida"},{"type":"paragraph","text":"Els autobusos eixiran de l\u2019IES Broch i Llop (Av. Europa, Vila-real) el dissabte 27 de gener a les 7.00 hores i el retorn es realitzar\u00e0 despr\u00e9s de la finalitzaci\u00f3 del partit."},{"type":"link","url":"https:\/\/t.co\/xMu99RIFfT","text":"INSCRIU-TE AC\u00cd","target":""}]}},"sections":[{"id":"section-1","title":"L\u2019APV ha organitzat un viatge per a encoratjar al Submar\u00ed davant el FC Barcelona (dissabte 27, 18.30h)","text":"L\u2019APV ha organitzat un viatge per a encoratjar al Submar\u00ed davant el FC Barcelona (dissabte 27, 18.30h) L\u2019Agrupaci\u00f3 de Penyes del Villarreal CF ha anunciat un viatge per a animar al Submar\u00ed en el seu comprom\u00eds davant l\u2019FC Barcelona corresponent a la jornada 22 de LALIGA que se celebrar\u00e0 el dissabte 27 de gener, a partir de les 18.30 hores, en l\u2019Estadi Ol\u00edmpic Llu\u00eds Companys de Montju\u00efc. El viatge, que inclou l\u2019entrada al partit i el despla\u00e7ament de Vila-real al Llu\u00eds Companys, t\u00e9 un preu de 65\u20ac per a pe\u00f1istas i 100\u20ac per a la resta dels aficionats. Els interessats es poden apuntar des de hui dimecres fins dimarts que ve 23 de gener a les 14.00 hores a trav\u00e9s de la web oficial de l\u2019APV. Hora i lloc d\u2019eixida Els autobusos eixiran de l\u2019IES Broch i Llop (Av. Europa, Vila-real) el dissabte 27 de gener a les 7.00 hores i el retorn es realitzar\u00e0 despr\u00e9s de la finalitzaci\u00f3 del partit.","url":"https:\/\/t.co\/xMu99RIFfT","background_image":"","images":[],"videos":[],"links":[{"type":"link","url":"https:\/\/t.co\/xMu99RIFfT","text":"INSCRIU-TE AC\u00cd","target":""}]}]},"excerpt":{"rendered":"L&#8217;APV ha organitzat un viatge per a encoratjar al Submar\u00ed davant el FC Barcelona (dissabte 27, 18.30h)","protected":false},"author":33,"featured_media":293912,"comment_status":"closed","ping_status":"closed","sticky":false,"template":"","format":"standard","meta":{"_acf_changed":false,"footnotes":""},"categories":[13493],"tags":[9487,5014,15342,9525,717,9270,14027,716,9205,9627,9446,9203],"acf":null,"lang":"val","translations":{"es":293907,"val":293913,"en":293915},"essential_grid":{"has_grid":false},"formatted_date":"January 18, 2024","modified_date":"January 18, 2024","permalink":"https:\/\/villarrealcf.es\/val\/anima-al-villarreal-en-montjuic\/","reading_time":1,"featured_media_data":{"id":293912,"title":"ValenciaCF-VillarrealCF-037","caption":"","alt_text":"","description":"","mime_type":"image\/jpeg","source_url":"https:\/\/villarrealcf.es\/wp-content\/uploads\/2024\/01\/ValenciaCF-VillarrealCF-037-scaled.jpg","sizes":{"thumbnail":{"url":"https:\/\/villarrealcf.es\/wp-content\/uploads\/2024\/01\/ValenciaCF-VillarrealCF-037-1920x1080.jpg","width":1920,"height":1080},"medium":{"url":"https:\/\/villarrealcf.es\/wp-content\/uploads\/2024\/01\/ValenciaCF-VillarrealCF-037-1920x1080.jpg","width":1920,"height":1080},"medium_large":{"url":"https:\/\/villarrealcf.es\/wp-content\/uploads\/2024\/01\/ValenciaCF-VillarrealCF-037-768x432.jpg","width":768,"height":432},"large":{"url":"https:\/\/villarrealcf.es\/wp-content\/uploads\/2024\/01\/ValenciaCF-VillarrealCF-037-1920x1080.jpg","width":788,"height":443},"1536x1536":{"url":"https:\/\/villarrealcf.es\/wp-content\/uploads\/2024\/01\/ValenciaCF-VillarrealCF-037-1536x864.jpg","width":1536,"height":864},"2048x2048":{"url":"https:\/\/villarrealcf.es\/wp-content\/uploads\/2024\/01\/ValenciaCF-VillarrealCF-037-2048x1152.jpg","width":2048,"height":1152},"tp-image-grid":{"url":"https:\/\/villarrealcf.es\/wp-content\/uploads\/2024\/01\/ValenciaCF-VillarrealCF-037-700x700.jpg","width":700,"height":700},"size-bunyad-medium":{"url":"https:\/\/villarrealcf.es\/wp-content\/uploads\/2024\/01\/ValenciaCF-VillarrealCF-037-1920x1080.jpg","width":1920,"height":1080},"sportspress-crop-medium":{"url":"https:\/\/villarrealcf.es\/wp-content\/uploads\/2024\/01\/ValenciaCF-VillarrealCF-037-300x300.jpg","width":300,"height":300},"sportspress-fit-medium":{"url":"https:\/\/villarrealcf.es\/wp-content\/uploads\/2024\/01\/ValenciaCF-VillarrealCF-037-300x169.jpg","width":300,"height":169},"sportspress-fit-icon":{"url":"https:\/\/villarrealcf.es\/wp-content\/uploads\/2024\/01\/ValenciaCF-VillarrealCF-037-128x72.jpg","width":128,"height":72},"sportspress-fit-mini":{"url":"https:\/\/villarrealcf.es\/wp-content\/uploads\/2024\/01\/ValenciaCF-VillarrealCF-037-32x18.jpg","width":32,"height":18},"bunyad-small":{"url":"https:\/\/villarrealcf.es\/wp-content\/uploads\/2024\/01\/ValenciaCF-VillarrealCF-037-150x84.jpg","width":150,"height":84},"bunyad-medium":{"url":"https:\/\/villarrealcf.es\/wp-content\/uploads\/2024\/01\/ValenciaCF-VillarrealCF-037-450x253.jpg","width":450,"height":253},"bunyad-full":{"url":"https:\/\/villarrealcf.es\/wp-content\/uploads\/2024\/01\/ValenciaCF-VillarrealCF-037-1200x675.jpg","width":1200,"height":675},"bunyad-viewport":{"url":"https:\/\/villarrealcf.es\/wp-content\/uploads\/2024\/01\/ValenciaCF-VillarrealCF-037-2048x1152.jpg","width":2048,"height":1152},"bunyad-768":{"url":"https:\/\/villarrealcf.es\/wp-content\/uploads\/2024\/01\/ValenciaCF-VillarrealCF-037-768x432.jpg","width":768,"height":432},"full":{"url":"https:\/\/villarrealcf.es\/wp-content\/uploads\/2024\/01\/ValenciaCF-VillarrealCF-037-scaled.jpg","width":2560,"height":1440}}},"author_data":{"id":"33","name":"Nacho Tejada","first_name":"Nacho","last_name":"Tejada","description":"","avatar_url":"https:\/\/secure.gravatar.com\/avatar\/b1580534b2fcd93e031504756165758941290488df5c88966a26f84344931fd1?s=96&d=mm&r=g","acf":null},"taxonomies_data":{"category":[{"id":13493,"name":"Primer equip","slug":"primer-equip","acf":null}],"post_tag":[{"id":9487,"name":"Afici\u00f3n","slug":"aficion-val","acf":null},{"id":5014,"name":"Desplazamiento","slug":"desplazamiento","acf":null},{"id":15342,"name":"Estadi Ol\u00edmpic Llu\u00eds Companys","slug":"estadi-olimpic-lluis-companys-val","acf":null},{"id":9525,"name":"FC Barcelona","slug":"fc-barcelona-val","acf":null},{"id":717,"name":"Football","slug":"football-d34","acf":null},{"id":9270,"name":"Futbol","slug":"futbol-val","acf":null},{"id":14027,"name":"Sin categorizar","slug":"sin-categorizar-val-3","acf":null},{"id":716,"name":"Soccer","slug":"soccer-d105","acf":null},{"id":9205,"name":"Submarino","slug":"submarino-val","acf":null},{"id":9627,"name":"Submarino Amarillo","slug":"submarino-amarillo-val","acf":null},{"id":9446,"name":"Viaje","slug":"viaje-val","acf":null},{"id":9203,"name":"Villarreal CF","slug":"villarreal-cf-val","acf":null}],"translation_priority":[{"id":735,"name":"Optional","slug":"optional-val","acf":null}]},"seo_full":{"native":{"title":"Anima al Villarreal en Montjuic! - Web Oficial del Villarreal CF","description":"L'APV ha organitzat un viatge per a encoratjar al Submar\u00ed davant el FC Barcelona (dissabte 27, 18.30h)","canonical":"https:\/\/villarrealcf.es\/val\/anima-al-villarreal-en-montjuic\/"}},"_links":{"self":[{"href":"https:\/\/villarrealcf.es\/val\/wp-json\/wp\/v2\/posts\/293913","targetHints":{"allow":["GET"]}}],"collection":[{"href":"https:\/\/villarrealcf.es\/val\/wp-json\/wp\/v2\/posts"}],"about":[{"href":"https:\/\/villarrealcf.es\/val\/wp-json\/wp\/v2\/types\/post"}],"author":[{"embeddable":true,"href":"https:\/\/villarrealcf.es\/val\/wp-json\/wp\/v2\/users\/33"}],"replies":[{"embeddable":true,"href":"https:\/\/villarrealcf.es\/val\/wp-json\/wp\/v2\/comments?post=293913"}],"version-history":[{"count":0,"href":"https:\/\/villarrealcf.es\/val\/wp-json\/wp\/v2\/posts\/293913\/revisions"}],"wp:featuredmedia":[{"embeddable":true,"href":"https:\/\/villarrealcf.es\/val\/wp-json\/wp\/v2\/media\/293912"}],"wp:attachment":[{"href":"https:\/\/villarrealcf.es\/val\/wp-json\/wp\/v2\/media?parent=293913"}],"wp:term":[{"taxonomy":"category","embeddable":true,"href":"https:\/\/villarrealcf.es\/val\/wp-json\/wp\/v2\/categories?post=293913"},{"taxonomy":"post_tag","embeddable":true,"href":"https:\/\/villarrealcf.es\/val\/wp-json\/wp\/v2\/tags?post=293913"}],"curies":[{"name":"wp","href":"https:\/\/api.w.org\/{rel}","templated":true}]}}