{"id":292868,"date":"2023-12-21T11:22:43","date_gmt":"2023-12-21T10:22:43","guid":{"rendered":"https:\/\/villarrealcf.es\/la-sentencia-del-tjue-no-avala-la-superliga-europea\/"},"modified":"2023-12-21T11:33:15","modified_gmt":"2023-12-21T10:33:15","slug":"la-sentencia-del-tjue-no-avala-la-superliga-europea","status":"publish","type":"post","link":"https:\/\/villarrealcf.es\/val\/la-sentencia-del-tjue-no-avala-la-superliga-europea\/","title":{"rendered":"La sent\u00e8ncia del TJUE no avala la Superliga Europea"},"content":{"protected":false,"blocks":[{"type":"heading","level":2,"text":"Les conclusions del TJUE asseguren que \u201cuna competici\u00f3 com la del projecte de la Superliga no ha de ser necess\u00e0riament autoritzada\u201d"},{"type":"paragraph","text":"LALIGA destaca que la sent\u00e8ncia del Tribunal de Just\u00edcia de la Uni\u00f3 Europea (TJUE) no avala la Superliga Europea i que la UEFA ja va recollir en 2022 una modificaci\u00f3 de la seua normativa per a l\u2019autoritzaci\u00f3 de noves competicions, que s\u2019adapta al que ara est\u00e0 dictaminant el TJUE."},{"type":"paragraph","text":"Encara que els promotors de la Superliga asseguren que esta sent\u00e8ncia els dona la ra\u00f3, la realitat \u00e9s que el TJUE ha sigut clar en afirmar que \u201cuna competici\u00f3 com la del projecte de la Superliga no ha de ser necess\u00e0riament autoritzada. En haver-se-li plantejat q\u00fcestions de car\u00e0cter general sobre les normes de la FIFA i de la UEFA, el Tribunal de Just\u00edcia no es pronuncia, en la seua sent\u00e8ncia, sobre este projecte espec\u00edfic\u201d."},{"type":"paragraph","text":"LALIGA, \u00fanica lliga personada en el procediment, celebra estes paraules que coincidixen amb la posici\u00f3 formal expressada per 23 governs nacionals de la UE i de l\u2019EEE, una xifra sense precedents, que es van unir a la comunitat futbol\u00edstica i esportiva en general per a defensar la pir\u00e0mide del futbol enfront de models secessionistes com el que representa l\u2019anomenada Superliga Europea."},{"type":"paragraph","text":"L\u2019ess\u00e8ncia d\u2019esta sent\u00e8ncia coincidix a m\u00e9s amb les conclusions de l\u2019Advocat General del TJUE de desembre de 2022, que ja deia que \u201csi b\u00e9 l\u2019European Super League Company t\u00e9 llibertat per a crear la seua pr\u00f2pia competici\u00f3 de futbol independent, fora de l\u2019ecosistema d\u2019UEFA o FIFA, no pot, a m\u00e9s de crear eixa competici\u00f3, continuar participant en les competicions de futbol organitzades per la FIFA i la UEFA sense l\u2019autoritzaci\u00f3 pr\u00e8via d\u2019eixes federacions\u201d."},{"type":"paragraph","text":"\u201cLa sent\u00e8ncia ve a confirmar el que sempre hem dit: qualsevol pot organitzar competicions fora de l\u2019entorn UEFA i FIFA, aix\u00f2 no es pot prohibir, i ning\u00fa ho ha posat en dubte. La q\u00fcesti\u00f3 judicial s\u00f3n les condicions d\u2019estes competicions per a estar sota l\u2019ecosistema d\u2019UEFA i FIFA, \u00e9s a dir, que ha d\u2019haver-hi una normativa transparent, clara i objectiva per a l\u2019aprovaci\u00f3 de noves competicions. Ja en 2022 UEFA va establir un procediment per a autoritzar noves competicions a les quals pot acudir la Superliga Europea o qualsevol altra competici\u00f3\u201d, va detallar Javier Tebas, president de LALIGA."},{"type":"paragraph","text":"Al marge d\u2019esta sent\u00e8ncia, ja tot l\u2019ecosistema del futbol, incloent-hi aficionats, jugadors, entrenadors, lligues, federacions o clubs han parlat alt i clar per a dir que no desitgen un model que perp\u00e8tua la participaci\u00f3 d\u2019uns pocs privilegiats, restringint el cim del futbol europeu a una elit, en lloc d\u2019un esport obert per a tots."},{"type":"paragraph","text":"La creaci\u00f3 d\u2019una lliga dissenyada per a enriquir als clubs m\u00e9s rics i concentrar el poder en un xicotet nom d\u2019equips privilegiats, tamb\u00e9 provocaria la p\u00e8rdua de desenes de milers de llocs de treball i reduiria dr\u00e0sticament els ingressos fiscals dels arqueges p\u00fabliques de tot el continent."},{"type":"paragraph","text":"En este sentit, segons l\u2019informe pericial elaborat per KPMG, nom\u00e9s a Espanya un projecte com la Superliga Europea provocaria la p\u00e8rdua d\u2019un 55% dels ingressos globals de LALIGA i els Clubs i posaria en risc una ind\u00fastria que genera m\u00e9s de 194.000 ocupacions i 8.390M\u20ac en impostos a l\u2019any, la qual cosa suposa un 1,44% del PIB."},{"type":"paragraph","text":"El propi Parlament Europeu va aprovar un informe que advocava \u201cper un model europeu de l\u2019esport que reconega la necessitat d\u2019un comprom\u00eds s\u00f2lid amb la integraci\u00f3 dels principis de solidaritat, sostenibilitat, inclusi\u00f3, compet\u00e8ncia oberta, m\u00e8rit esportiu i equitat, i, en conseq\u00fc\u00e8ncia, s\u2019oposa fermament a les competicions escindides que soscaven estos principis i posen en perill l\u2019estabilitat de l\u2019ecosistema esportiu en general\u201d."},{"type":"paragraph","text":"Per tot aix\u00f2, fins i tot havent quedat clara la posici\u00f3 d\u2019aficionats, clubs, lligues, jugadors, federacions, el Parlament Europeu, els Governs de la UE i ara el TJUE, per a refor\u00e7ar i garantir la defensa de l\u2019ecosistema del futbol europeu, els seus llocs de treball, la seua aportaci\u00f3 a l\u2019economia, etc., demanem a la Comissi\u00f3 Europea que active els mecanismes necessaris per a introduir mesures legislatives que protegisquen el futbol europeu de futurs atacs similars."},{"type":"paragraph","text":"\u00c9s fonamental continuar col\u00b7laborant estretament amb les federacions nacionals, les lligues, els clubs, els aficionats, els jugadors, entrenadors, institucions de la UE, els governs i altres parts interessades per a nodrir el desenvolupament del futbol, fomentar el creixement i preservar els valors fonamentals que han fet del futbol europeu la hist\u00f2ria d\u2019\u00e8xit rotund que \u00e9s hui."}],"structured":{"summary":{"text":"Les conclusions del TJUE asseguren que \u201cuna competici\u00f3 com la del projecte de la Superliga no ha de ser necess\u00e0riament autoritzada\u201d LALIGA destaca que la sent\u00e8ncia del Tribunal de Just\u00edcia de la Uni\u00f3 Europea (TJUE) no avala la Superliga Europea i que la UEFA ja va recollir en 2022 una modificaci\u00f3 de la seua normativa per a l\u2019autoritzaci\u00f3 de noves competicions, que s\u2019adapta al que ara est\u00e0 dictaminant el TJUE. Encara que els promotors de la Superliga asseguren que esta sent\u00e8ncia els dona la ra\u00f3, la realitat \u00e9s que el TJUE ha sigut clar en afirmar que \u201cuna competici\u00f3 com la del projecte de la Superliga no ha de ser necess\u00e0riament autoritzada. En haver-se-li plantejat q\u00fcestions de car\u00e0cter general sobre les normes de la FIFA i de la UEFA, el Tribunal de Just\u00edcia no es pronuncia, en la seua sent\u00e8ncia, sobre este projecte espec\u00edfic\u201d. LALIGA, \u00fanica lliga personada en el procediment, celebra estes paraules que coincidixen amb la posici\u00f3 formal expressada per 23 governs nacionals de la UE i de l\u2019EEE, una xifra sense precedents, que es van unir a la comunitat futbol\u00edstica i esportiva en general per a defensar la pir\u00e0mide del futbol enfront de models secessionistes com el que representa l\u2019anomenada Superliga Europea. L\u2019ess\u00e8ncia d\u2019esta sent\u00e8ncia coincidix a m\u00e9s amb les conclusions de l\u2019Advocat General del TJUE de desembre de 2022, que ja deia que \u201csi b\u00e9 l\u2019European Super League Company t\u00e9 llibertat per a crear la seua pr\u00f2pia competici\u00f3 de futbol independent, fora de l\u2019ecosistema d\u2019UEFA o FIFA, no pot, a m\u00e9s de crear eixa competici\u00f3, continuar participant en les competicions de futbol organitzades per la FIFA i la UEFA sense l\u2019autoritzaci\u00f3 pr\u00e8via d\u2019eixes federacions\u201d. \u201cLa sent\u00e8ncia ve a confirmar el que sempre hem dit: qualsevol pot organitzar competicions fora de l\u2019entorn UEFA i FIFA, aix\u00f2 no es pot prohibir, i ning\u00fa ho ha posat en dubte. La q\u00fcesti\u00f3 judicial s\u00f3n les condicions d\u2019estes competicions per a estar sota l\u2019ecosistema d\u2019UEFA i FIFA, \u00e9s a dir, que ha d\u2019haver-hi una normativa transparent, clara i objectiva per a l\u2019aprovaci\u00f3 de noves competicions. Ja en 2022 UEFA va establir un procediment per a autoritzar noves competicions a les quals pot acudir la Superliga Europea o qualsevol altra competici\u00f3\u201d, va detallar Javier Tebas, president de LALIGA. Al marge d\u2019esta sent\u00e8ncia, ja tot l\u2019ecosistema del futbol, incloent-hi aficionats, jugadors, entrenadors, lligues, federacions o clubs han parlat alt i clar per a dir que no desitgen un model que perp\u00e8tua la participaci\u00f3 d\u2019uns pocs privilegiats, restringint el cim del futbol europeu a una elit, en lloc d\u2019un esport obert per a tots. La creaci\u00f3 d\u2019una lliga dissenyada per a enriquir als clubs m\u00e9s rics i concentrar el poder en un xicotet nom d\u2019equips privilegiats, tamb\u00e9 provocaria la p\u00e8rdua de desenes de milers de llocs de treball i reduiria dr\u00e0sticament els ingressos fiscals dels arqueges p\u00fabliques de tot el continent. En este sentit, segons l\u2019informe pericial elaborat per KPMG, nom\u00e9s a Espanya un projecte com la Superliga Europea provocaria la p\u00e8rdua d\u2019un 55% dels ingressos globals de LALIGA i els Clubs i posaria en risc una ind\u00fastria que genera m\u00e9s de 194.000 ocupacions i 8.390M\u20ac en impostos a l\u2019any, la qual cosa suposa un 1,44% del PIB. El propi Parlament Europeu va aprovar un informe que advocava \u201cper un model europeu de l\u2019esport que reconega la necessitat d\u2019un comprom\u00eds s\u00f2lid amb la integraci\u00f3 dels principis de solidaritat, sostenibilitat, inclusi\u00f3, compet\u00e8ncia oberta, m\u00e8rit esportiu i equitat, i, en conseq\u00fc\u00e8ncia, s\u2019oposa fermament a les competicions escindides que soscaven estos principis i posen en perill l\u2019estabilitat de l\u2019ecosistema esportiu en general\u201d. Per tot aix\u00f2, fins i tot havent quedat clara la posici\u00f3 d\u2019aficionats, clubs, lligues, jugadors, federacions, el Parlament Europeu, els Governs de la UE i ara el TJUE, per a refor\u00e7ar i garantir la defensa de l\u2019ecosistema del futbol europeu, els seus llocs de treball, la seua aportaci\u00f3 a l\u2019economia, etc., demanem a la Comissi\u00f3 Europea que active els mecanismes necessaris per a introduir mesures legislatives que protegisquen el futbol europeu de futurs atacs similars. \u00c9s fonamental continuar col\u00b7laborant estretament amb les federacions nacionals, les lligues, els clubs, els aficionats, els jugadors, entrenadors, institucions de la UE, els governs i altres parts interessades per a nodrir el desenvolupament del futbol, fomentar el creixement i preservar els valors fonamentals que han fet del futbol europeu la hist\u00f2ria d\u2019\u00e8xit rotund que \u00e9s hui.","headings":[{"type":"heading","level":2,"text":"Les conclusions del TJUE asseguren que \u201cuna competici\u00f3 com la del projecte de la Superliga no ha de ser necess\u00e0riament autoritzada\u201d"}],"buttons":[],"images":[],"counts":{"blocks":12,"headings":1,"texts":11,"buttons":0,"images":0}},"sections":[{"id":"section-1","title":"Les conclusions del TJUE asseguren que \u201cuna competici\u00f3 com la del projecte de la Superliga no ha de ser necess\u00e0riament autoritzada\u201d","text":"Les conclusions del TJUE asseguren que \u201cuna competici\u00f3 com la del projecte de la Superliga no ha de ser necess\u00e0riament autoritzada\u201d LALIGA destaca que la sent\u00e8ncia del Tribunal de Just\u00edcia de la Uni\u00f3 Europea (TJUE) no avala la Superliga Europea i que la UEFA ja va recollir en 2022 una modificaci\u00f3 de la seua normativa per a l\u2019autoritzaci\u00f3 de noves competicions, que s\u2019adapta al que ara est\u00e0 dictaminant el TJUE. Encara que els promotors de la Superliga asseguren que esta sent\u00e8ncia els dona la ra\u00f3, la realitat \u00e9s que el TJUE ha sigut clar en afirmar que \u201cuna competici\u00f3 com la del projecte de la Superliga no ha de ser necess\u00e0riament autoritzada. En haver-se-li plantejat q\u00fcestions de car\u00e0cter general sobre les normes de la FIFA i de la UEFA, el Tribunal de Just\u00edcia no es pronuncia, en la seua sent\u00e8ncia, sobre este projecte espec\u00edfic\u201d. LALIGA, \u00fanica lliga personada en el procediment, celebra estes paraules que coincidixen amb la posici\u00f3 formal expressada per 23 governs nacionals de la UE i de l\u2019EEE, una xifra sense precedents, que es van unir a la comunitat futbol\u00edstica i esportiva en general per a defensar la pir\u00e0mide del futbol enfront de models secessionistes com el que representa l\u2019anomenada Superliga Europea. L\u2019ess\u00e8ncia d\u2019esta sent\u00e8ncia coincidix a m\u00e9s amb les conclusions de l\u2019Advocat General del TJUE de desembre de 2022, que ja deia que \u201csi b\u00e9 l\u2019European Super League Company t\u00e9 llibertat per a crear la seua pr\u00f2pia competici\u00f3 de futbol independent, fora de l\u2019ecosistema d\u2019UEFA o FIFA, no pot, a m\u00e9s de crear eixa competici\u00f3, continuar participant en les competicions de futbol organitzades per la FIFA i la UEFA sense l\u2019autoritzaci\u00f3 pr\u00e8via d\u2019eixes federacions\u201d. \u201cLa sent\u00e8ncia ve a confirmar el que sempre hem dit: qualsevol pot organitzar competicions fora de l\u2019entorn UEFA i FIFA, aix\u00f2 no es pot prohibir, i ning\u00fa ho ha posat en dubte. La q\u00fcesti\u00f3 judicial s\u00f3n les condicions d\u2019estes competicions per a estar sota l\u2019ecosistema d\u2019UEFA i FIFA, \u00e9s a dir, que ha d\u2019haver-hi una normativa transparent, clara i objectiva per a l\u2019aprovaci\u00f3 de noves competicions. Ja en 2022 UEFA va establir un procediment per a autoritzar noves competicions a les quals pot acudir la Superliga Europea o qualsevol altra competici\u00f3\u201d, va detallar Javier Tebas, president de LALIGA. Al marge d\u2019esta sent\u00e8ncia, ja tot l\u2019ecosistema del futbol, incloent-hi aficionats, jugadors, entrenadors, lligues, federacions o clubs han parlat alt i clar per a dir que no desitgen un model que perp\u00e8tua la participaci\u00f3 d\u2019uns pocs privilegiats, restringint el cim del futbol europeu a una elit, en lloc d\u2019un esport obert per a tots. La creaci\u00f3 d\u2019una lliga dissenyada per a enriquir als clubs m\u00e9s rics i concentrar el poder en un xicotet nom d\u2019equips privilegiats, tamb\u00e9 provocaria la p\u00e8rdua de desenes de milers de llocs de treball i reduiria dr\u00e0sticament els ingressos fiscals dels arqueges p\u00fabliques de tot el continent. En este sentit, segons l\u2019informe pericial elaborat per KPMG, nom\u00e9s a Espanya un projecte com la Superliga Europea provocaria la p\u00e8rdua d\u2019un 55% dels ingressos globals de LALIGA i els Clubs i posaria en risc una ind\u00fastria que genera m\u00e9s de 194.000 ocupacions i 8.390M\u20ac en impostos a l\u2019any, la qual cosa suposa un 1,44% del PIB. El propi Parlament Europeu va aprovar un informe que advocava \u201cper un model europeu de l\u2019esport que reconega la necessitat d\u2019un comprom\u00eds s\u00f2lid amb la integraci\u00f3 dels principis de solidaritat, sostenibilitat, inclusi\u00f3, compet\u00e8ncia oberta, m\u00e8rit esportiu i equitat, i, en conseq\u00fc\u00e8ncia, s\u2019oposa fermament a les competicions escindides que soscaven estos principis i posen en perill l\u2019estabilitat de l\u2019ecosistema esportiu en general\u201d. Per tot aix\u00f2, fins i tot havent quedat clara la posici\u00f3 d\u2019aficionats, clubs, lligues, jugadors, federacions, el Parlament Europeu, els Governs de la UE i ara el TJUE, per a refor\u00e7ar i garantir la defensa de l\u2019ecosistema del futbol europeu, els seus llocs de treball, la seua aportaci\u00f3 a l\u2019economia, etc., demanem a la Comissi\u00f3 Europea que active els mecanismes necessaris per a introduir mesures legislatives que protegisquen el futbol europeu de futurs atacs similars. \u00c9s fonamental continuar col\u00b7laborant estretament amb les federacions nacionals, les lligues, els clubs, els aficionats, els jugadors, entrenadors, institucions de la UE, els governs i altres parts interessades per a nodrir el desenvolupament del futbol, fomentar el creixement i preservar els valors fonamentals que han fet del futbol europeu la hist\u00f2ria d\u2019\u00e8xit rotund que \u00e9s hui.","headings":[{"type":"heading","level":2,"text":"Les conclusions del TJUE asseguren que \u201cuna competici\u00f3 com la del projecte de la Superliga no ha de ser necess\u00e0riament autoritzada\u201d"}],"texts":[{"type":"paragraph","text":"LALIGA destaca que la sent\u00e8ncia del Tribunal de Just\u00edcia de la Uni\u00f3 Europea (TJUE) no avala la Superliga Europea i que la UEFA ja va recollir en 2022 una modificaci\u00f3 de la seua normativa per a l\u2019autoritzaci\u00f3 de noves competicions, que s\u2019adapta al que ara est\u00e0 dictaminant el TJUE."},{"type":"paragraph","text":"Encara que els promotors de la Superliga asseguren que esta sent\u00e8ncia els dona la ra\u00f3, la realitat \u00e9s que el TJUE ha sigut clar en afirmar que \u201cuna competici\u00f3 com la del projecte de la Superliga no ha de ser necess\u00e0riament autoritzada. En haver-se-li plantejat q\u00fcestions de car\u00e0cter general sobre les normes de la FIFA i de la UEFA, el Tribunal de Just\u00edcia no es pronuncia, en la seua sent\u00e8ncia, sobre este projecte espec\u00edfic\u201d."},{"type":"paragraph","text":"LALIGA, \u00fanica lliga personada en el procediment, celebra estes paraules que coincidixen amb la posici\u00f3 formal expressada per 23 governs nacionals de la UE i de l\u2019EEE, una xifra sense precedents, que es van unir a la comunitat futbol\u00edstica i esportiva en general per a defensar la pir\u00e0mide del futbol enfront de models secessionistes com el que representa l\u2019anomenada Superliga Europea."},{"type":"paragraph","text":"L\u2019ess\u00e8ncia d\u2019esta sent\u00e8ncia coincidix a m\u00e9s amb les conclusions de l\u2019Advocat General del TJUE de desembre de 2022, que ja deia que \u201csi b\u00e9 l\u2019European Super League Company t\u00e9 llibertat per a crear la seua pr\u00f2pia competici\u00f3 de futbol independent, fora de l\u2019ecosistema d\u2019UEFA o FIFA, no pot, a m\u00e9s de crear eixa competici\u00f3, continuar participant en les competicions de futbol organitzades per la FIFA i la UEFA sense l\u2019autoritzaci\u00f3 pr\u00e8via d\u2019eixes federacions\u201d."},{"type":"paragraph","text":"\u201cLa sent\u00e8ncia ve a confirmar el que sempre hem dit: qualsevol pot organitzar competicions fora de l\u2019entorn UEFA i FIFA, aix\u00f2 no es pot prohibir, i ning\u00fa ho ha posat en dubte. La q\u00fcesti\u00f3 judicial s\u00f3n les condicions d\u2019estes competicions per a estar sota l\u2019ecosistema d\u2019UEFA i FIFA, \u00e9s a dir, que ha d\u2019haver-hi una normativa transparent, clara i objectiva per a l\u2019aprovaci\u00f3 de noves competicions. Ja en 2022 UEFA va establir un procediment per a autoritzar noves competicions a les quals pot acudir la Superliga Europea o qualsevol altra competici\u00f3\u201d, va detallar Javier Tebas, president de LALIGA."},{"type":"paragraph","text":"Al marge d\u2019esta sent\u00e8ncia, ja tot l\u2019ecosistema del futbol, incloent-hi aficionats, jugadors, entrenadors, lligues, federacions o clubs han parlat alt i clar per a dir que no desitgen un model que perp\u00e8tua la participaci\u00f3 d\u2019uns pocs privilegiats, restringint el cim del futbol europeu a una elit, en lloc d\u2019un esport obert per a tots."},{"type":"paragraph","text":"La creaci\u00f3 d\u2019una lliga dissenyada per a enriquir als clubs m\u00e9s rics i concentrar el poder en un xicotet nom d\u2019equips privilegiats, tamb\u00e9 provocaria la p\u00e8rdua de desenes de milers de llocs de treball i reduiria dr\u00e0sticament els ingressos fiscals dels arqueges p\u00fabliques de tot el continent."},{"type":"paragraph","text":"En este sentit, segons l\u2019informe pericial elaborat per KPMG, nom\u00e9s a Espanya un projecte com la Superliga Europea provocaria la p\u00e8rdua d\u2019un 55% dels ingressos globals de LALIGA i els Clubs i posaria en risc una ind\u00fastria que genera m\u00e9s de 194.000 ocupacions i 8.390M\u20ac en impostos a l\u2019any, la qual cosa suposa un 1,44% del PIB."},{"type":"paragraph","text":"El propi Parlament Europeu va aprovar un informe que advocava \u201cper un model europeu de l\u2019esport que reconega la necessitat d\u2019un comprom\u00eds s\u00f2lid amb la integraci\u00f3 dels principis de solidaritat, sostenibilitat, inclusi\u00f3, compet\u00e8ncia oberta, m\u00e8rit esportiu i equitat, i, en conseq\u00fc\u00e8ncia, s\u2019oposa fermament a les competicions escindides que soscaven estos principis i posen en perill l\u2019estabilitat de l\u2019ecosistema esportiu en general\u201d."},{"type":"paragraph","text":"Per tot aix\u00f2, fins i tot havent quedat clara la posici\u00f3 d\u2019aficionats, clubs, lligues, jugadors, federacions, el Parlament Europeu, els Governs de la UE i ara el TJUE, per a refor\u00e7ar i garantir la defensa de l\u2019ecosistema del futbol europeu, els seus llocs de treball, la seua aportaci\u00f3 a l\u2019economia, etc., demanem a la Comissi\u00f3 Europea que active els mecanismes necessaris per a introduir mesures legislatives que protegisquen el futbol europeu de futurs atacs similars."},{"type":"paragraph","text":"\u00c9s fonamental continuar col\u00b7laborant estretament amb les federacions nacionals, les lligues, els clubs, els aficionats, els jugadors, entrenadors, institucions de la UE, els governs i altres parts interessades per a nodrir el desenvolupament del futbol, fomentar el creixement i preservar els valors fonamentals que han fet del futbol europeu la hist\u00f2ria d\u2019\u00e8xit rotund que \u00e9s hui."}],"buttons":[],"images":[],"widgets":[],"blocks":[{"type":"heading","level":2,"text":"Les conclusions del TJUE asseguren que \u201cuna competici\u00f3 com la del projecte de la Superliga no ha de ser necess\u00e0riament autoritzada\u201d"},{"type":"paragraph","text":"LALIGA destaca que la sent\u00e8ncia del Tribunal de Just\u00edcia de la Uni\u00f3 Europea (TJUE) no avala la Superliga Europea i que la UEFA ja va recollir en 2022 una modificaci\u00f3 de la seua normativa per a l\u2019autoritzaci\u00f3 de noves competicions, que s\u2019adapta al que ara est\u00e0 dictaminant el TJUE."},{"type":"paragraph","text":"Encara que els promotors de la Superliga asseguren que esta sent\u00e8ncia els dona la ra\u00f3, la realitat \u00e9s que el TJUE ha sigut clar en afirmar que \u201cuna competici\u00f3 com la del projecte de la Superliga no ha de ser necess\u00e0riament autoritzada. En haver-se-li plantejat q\u00fcestions de car\u00e0cter general sobre les normes de la FIFA i de la UEFA, el Tribunal de Just\u00edcia no es pronuncia, en la seua sent\u00e8ncia, sobre este projecte espec\u00edfic\u201d."},{"type":"paragraph","text":"LALIGA, \u00fanica lliga personada en el procediment, celebra estes paraules que coincidixen amb la posici\u00f3 formal expressada per 23 governs nacionals de la UE i de l\u2019EEE, una xifra sense precedents, que es van unir a la comunitat futbol\u00edstica i esportiva en general per a defensar la pir\u00e0mide del futbol enfront de models secessionistes com el que representa l\u2019anomenada Superliga Europea."},{"type":"paragraph","text":"L\u2019ess\u00e8ncia d\u2019esta sent\u00e8ncia coincidix a m\u00e9s amb les conclusions de l\u2019Advocat General del TJUE de desembre de 2022, que ja deia que \u201csi b\u00e9 l\u2019European Super League Company t\u00e9 llibertat per a crear la seua pr\u00f2pia competici\u00f3 de futbol independent, fora de l\u2019ecosistema d\u2019UEFA o FIFA, no pot, a m\u00e9s de crear eixa competici\u00f3, continuar participant en les competicions de futbol organitzades per la FIFA i la UEFA sense l\u2019autoritzaci\u00f3 pr\u00e8via d\u2019eixes federacions\u201d."},{"type":"paragraph","text":"\u201cLa sent\u00e8ncia ve a confirmar el que sempre hem dit: qualsevol pot organitzar competicions fora de l\u2019entorn UEFA i FIFA, aix\u00f2 no es pot prohibir, i ning\u00fa ho ha posat en dubte. La q\u00fcesti\u00f3 judicial s\u00f3n les condicions d\u2019estes competicions per a estar sota l\u2019ecosistema d\u2019UEFA i FIFA, \u00e9s a dir, que ha d\u2019haver-hi una normativa transparent, clara i objectiva per a l\u2019aprovaci\u00f3 de noves competicions. Ja en 2022 UEFA va establir un procediment per a autoritzar noves competicions a les quals pot acudir la Superliga Europea o qualsevol altra competici\u00f3\u201d, va detallar Javier Tebas, president de LALIGA."},{"type":"paragraph","text":"Al marge d\u2019esta sent\u00e8ncia, ja tot l\u2019ecosistema del futbol, incloent-hi aficionats, jugadors, entrenadors, lligues, federacions o clubs han parlat alt i clar per a dir que no desitgen un model que perp\u00e8tua la participaci\u00f3 d\u2019uns pocs privilegiats, restringint el cim del futbol europeu a una elit, en lloc d\u2019un esport obert per a tots."},{"type":"paragraph","text":"La creaci\u00f3 d\u2019una lliga dissenyada per a enriquir als clubs m\u00e9s rics i concentrar el poder en un xicotet nom d\u2019equips privilegiats, tamb\u00e9 provocaria la p\u00e8rdua de desenes de milers de llocs de treball i reduiria dr\u00e0sticament els ingressos fiscals dels arqueges p\u00fabliques de tot el continent."},{"type":"paragraph","text":"En este sentit, segons l\u2019informe pericial elaborat per KPMG, nom\u00e9s a Espanya un projecte com la Superliga Europea provocaria la p\u00e8rdua d\u2019un 55% dels ingressos globals de LALIGA i els Clubs i posaria en risc una ind\u00fastria que genera m\u00e9s de 194.000 ocupacions i 8.390M\u20ac en impostos a l\u2019any, la qual cosa suposa un 1,44% del PIB."},{"type":"paragraph","text":"El propi Parlament Europeu va aprovar un informe que advocava \u201cper un model europeu de l\u2019esport que reconega la necessitat d\u2019un comprom\u00eds s\u00f2lid amb la integraci\u00f3 dels principis de solidaritat, sostenibilitat, inclusi\u00f3, compet\u00e8ncia oberta, m\u00e8rit esportiu i equitat, i, en conseq\u00fc\u00e8ncia, s\u2019oposa fermament a les competicions escindides que soscaven estos principis i posen en perill l\u2019estabilitat de l\u2019ecosistema esportiu en general\u201d."},{"type":"paragraph","text":"Per tot aix\u00f2, fins i tot havent quedat clara la posici\u00f3 d\u2019aficionats, clubs, lligues, jugadors, federacions, el Parlament Europeu, els Governs de la UE i ara el TJUE, per a refor\u00e7ar i garantir la defensa de l\u2019ecosistema del futbol europeu, els seus llocs de treball, la seua aportaci\u00f3 a l\u2019economia, etc., demanem a la Comissi\u00f3 Europea que active els mecanismes necessaris per a introduir mesures legislatives que protegisquen el futbol europeu de futurs atacs similars."},{"type":"paragraph","text":"\u00c9s fonamental continuar col\u00b7laborant estretament amb les federacions nacionals, les lligues, els clubs, els aficionats, els jugadors, entrenadors, institucions de la UE, els governs i altres parts interessades per a nodrir el desenvolupament del futbol, fomentar el creixement i preservar els valors fonamentals que han fet del futbol europeu la hist\u00f2ria d\u2019\u00e8xit rotund que \u00e9s hui."}]}],"hero":{"id":"section-1","title":"Les conclusions del TJUE asseguren que \u201cuna competici\u00f3 com la del projecte de la Superliga no ha de ser necess\u00e0riament autoritzada\u201d","text":"Les conclusions del TJUE asseguren que \u201cuna competici\u00f3 com la del projecte de la Superliga no ha de ser necess\u00e0riament autoritzada\u201d LALIGA destaca que la sent\u00e8ncia del Tribunal de Just\u00edcia de la Uni\u00f3 Europea (TJUE) no avala la Superliga Europea i que la UEFA ja va recollir en 2022 una modificaci\u00f3 de la seua normativa per a l\u2019autoritzaci\u00f3 de noves competicions, que s\u2019adapta al que ara est\u00e0 dictaminant el TJUE. Encara que els promotors de la Superliga asseguren que esta sent\u00e8ncia els dona la ra\u00f3, la realitat \u00e9s que el TJUE ha sigut clar en afirmar que \u201cuna competici\u00f3 com la del projecte de la Superliga no ha de ser necess\u00e0riament autoritzada. En haver-se-li plantejat q\u00fcestions de car\u00e0cter general sobre les normes de la FIFA i de la UEFA, el Tribunal de Just\u00edcia no es pronuncia, en la seua sent\u00e8ncia, sobre este projecte espec\u00edfic\u201d. LALIGA, \u00fanica lliga personada en el procediment, celebra estes paraules que coincidixen amb la posici\u00f3 formal expressada per 23 governs nacionals de la UE i de l\u2019EEE, una xifra sense precedents, que es van unir a la comunitat futbol\u00edstica i esportiva en general per a defensar la pir\u00e0mide del futbol enfront de models secessionistes com el que representa l\u2019anomenada Superliga Europea. L\u2019ess\u00e8ncia d\u2019esta sent\u00e8ncia coincidix a m\u00e9s amb les conclusions de l\u2019Advocat General del TJUE de desembre de 2022, que ja deia que \u201csi b\u00e9 l\u2019European Super League Company t\u00e9 llibertat per a crear la seua pr\u00f2pia competici\u00f3 de futbol independent, fora de l\u2019ecosistema d\u2019UEFA o FIFA, no pot, a m\u00e9s de crear eixa competici\u00f3, continuar participant en les competicions de futbol organitzades per la FIFA i la UEFA sense l\u2019autoritzaci\u00f3 pr\u00e8via d\u2019eixes federacions\u201d. \u201cLa sent\u00e8ncia ve a confirmar el que sempre hem dit: qualsevol pot organitzar competicions fora de l\u2019entorn UEFA i FIFA, aix\u00f2 no es pot prohibir, i ning\u00fa ho ha posat en dubte. La q\u00fcesti\u00f3 judicial s\u00f3n les condicions d\u2019estes competicions per a estar sota l\u2019ecosistema d\u2019UEFA i FIFA, \u00e9s a dir, que ha d\u2019haver-hi una normativa transparent, clara i objectiva per a l\u2019aprovaci\u00f3 de noves competicions. Ja en 2022 UEFA va establir un procediment per a autoritzar noves competicions a les quals pot acudir la Superliga Europea o qualsevol altra competici\u00f3\u201d, va detallar Javier Tebas, president de LALIGA. Al marge d\u2019esta sent\u00e8ncia, ja tot l\u2019ecosistema del futbol, incloent-hi aficionats, jugadors, entrenadors, lligues, federacions o clubs han parlat alt i clar per a dir que no desitgen un model que perp\u00e8tua la participaci\u00f3 d\u2019uns pocs privilegiats, restringint el cim del futbol europeu a una elit, en lloc d\u2019un esport obert per a tots. La creaci\u00f3 d\u2019una lliga dissenyada per a enriquir als clubs m\u00e9s rics i concentrar el poder en un xicotet nom d\u2019equips privilegiats, tamb\u00e9 provocaria la p\u00e8rdua de desenes de milers de llocs de treball i reduiria dr\u00e0sticament els ingressos fiscals dels arqueges p\u00fabliques de tot el continent. En este sentit, segons l\u2019informe pericial elaborat per KPMG, nom\u00e9s a Espanya un projecte com la Superliga Europea provocaria la p\u00e8rdua d\u2019un 55% dels ingressos globals de LALIGA i els Clubs i posaria en risc una ind\u00fastria que genera m\u00e9s de 194.000 ocupacions i 8.390M\u20ac en impostos a l\u2019any, la qual cosa suposa un 1,44% del PIB. El propi Parlament Europeu va aprovar un informe que advocava \u201cper un model europeu de l\u2019esport que reconega la necessitat d\u2019un comprom\u00eds s\u00f2lid amb la integraci\u00f3 dels principis de solidaritat, sostenibilitat, inclusi\u00f3, compet\u00e8ncia oberta, m\u00e8rit esportiu i equitat, i, en conseq\u00fc\u00e8ncia, s\u2019oposa fermament a les competicions escindides que soscaven estos principis i posen en perill l\u2019estabilitat de l\u2019ecosistema esportiu en general\u201d. Per tot aix\u00f2, fins i tot havent quedat clara la posici\u00f3 d\u2019aficionats, clubs, lligues, jugadors, federacions, el Parlament Europeu, els Governs de la UE i ara el TJUE, per a refor\u00e7ar i garantir la defensa de l\u2019ecosistema del futbol europeu, els seus llocs de treball, la seua aportaci\u00f3 a l\u2019economia, etc., demanem a la Comissi\u00f3 Europea que active els mecanismes necessaris per a introduir mesures legislatives que protegisquen el futbol europeu de futurs atacs similars. \u00c9s fonamental continuar col\u00b7laborant estretament amb les federacions nacionals, les lligues, els clubs, els aficionats, els jugadors, entrenadors, institucions de la UE, els governs i altres parts interessades per a nodrir el desenvolupament del futbol, fomentar el creixement i preservar els valors fonamentals que han fet del futbol europeu la hist\u00f2ria d\u2019\u00e8xit rotund que \u00e9s hui.","headings":[{"type":"heading","level":2,"text":"Les conclusions del TJUE asseguren que \u201cuna competici\u00f3 com la del projecte de la Superliga no ha de ser necess\u00e0riament autoritzada\u201d"}],"texts":[{"type":"paragraph","text":"LALIGA destaca que la sent\u00e8ncia del Tribunal de Just\u00edcia de la Uni\u00f3 Europea (TJUE) no avala la Superliga Europea i que la UEFA ja va recollir en 2022 una modificaci\u00f3 de la seua normativa per a l\u2019autoritzaci\u00f3 de noves competicions, que s\u2019adapta al que ara est\u00e0 dictaminant el TJUE."},{"type":"paragraph","text":"Encara que els promotors de la Superliga asseguren que esta sent\u00e8ncia els dona la ra\u00f3, la realitat \u00e9s que el TJUE ha sigut clar en afirmar que \u201cuna competici\u00f3 com la del projecte de la Superliga no ha de ser necess\u00e0riament autoritzada. En haver-se-li plantejat q\u00fcestions de car\u00e0cter general sobre les normes de la FIFA i de la UEFA, el Tribunal de Just\u00edcia no es pronuncia, en la seua sent\u00e8ncia, sobre este projecte espec\u00edfic\u201d."},{"type":"paragraph","text":"LALIGA, \u00fanica lliga personada en el procediment, celebra estes paraules que coincidixen amb la posici\u00f3 formal expressada per 23 governs nacionals de la UE i de l\u2019EEE, una xifra sense precedents, que es van unir a la comunitat futbol\u00edstica i esportiva en general per a defensar la pir\u00e0mide del futbol enfront de models secessionistes com el que representa l\u2019anomenada Superliga Europea."},{"type":"paragraph","text":"L\u2019ess\u00e8ncia d\u2019esta sent\u00e8ncia coincidix a m\u00e9s amb les conclusions de l\u2019Advocat General del TJUE de desembre de 2022, que ja deia que \u201csi b\u00e9 l\u2019European Super League Company t\u00e9 llibertat per a crear la seua pr\u00f2pia competici\u00f3 de futbol independent, fora de l\u2019ecosistema d\u2019UEFA o FIFA, no pot, a m\u00e9s de crear eixa competici\u00f3, continuar participant en les competicions de futbol organitzades per la FIFA i la UEFA sense l\u2019autoritzaci\u00f3 pr\u00e8via d\u2019eixes federacions\u201d."},{"type":"paragraph","text":"\u201cLa sent\u00e8ncia ve a confirmar el que sempre hem dit: qualsevol pot organitzar competicions fora de l\u2019entorn UEFA i FIFA, aix\u00f2 no es pot prohibir, i ning\u00fa ho ha posat en dubte. La q\u00fcesti\u00f3 judicial s\u00f3n les condicions d\u2019estes competicions per a estar sota l\u2019ecosistema d\u2019UEFA i FIFA, \u00e9s a dir, que ha d\u2019haver-hi una normativa transparent, clara i objectiva per a l\u2019aprovaci\u00f3 de noves competicions. Ja en 2022 UEFA va establir un procediment per a autoritzar noves competicions a les quals pot acudir la Superliga Europea o qualsevol altra competici\u00f3\u201d, va detallar Javier Tebas, president de LALIGA."},{"type":"paragraph","text":"Al marge d\u2019esta sent\u00e8ncia, ja tot l\u2019ecosistema del futbol, incloent-hi aficionats, jugadors, entrenadors, lligues, federacions o clubs han parlat alt i clar per a dir que no desitgen un model que perp\u00e8tua la participaci\u00f3 d\u2019uns pocs privilegiats, restringint el cim del futbol europeu a una elit, en lloc d\u2019un esport obert per a tots."},{"type":"paragraph","text":"La creaci\u00f3 d\u2019una lliga dissenyada per a enriquir als clubs m\u00e9s rics i concentrar el poder en un xicotet nom d\u2019equips privilegiats, tamb\u00e9 provocaria la p\u00e8rdua de desenes de milers de llocs de treball i reduiria dr\u00e0sticament els ingressos fiscals dels arqueges p\u00fabliques de tot el continent."},{"type":"paragraph","text":"En este sentit, segons l\u2019informe pericial elaborat per KPMG, nom\u00e9s a Espanya un projecte com la Superliga Europea provocaria la p\u00e8rdua d\u2019un 55% dels ingressos globals de LALIGA i els Clubs i posaria en risc una ind\u00fastria que genera m\u00e9s de 194.000 ocupacions i 8.390M\u20ac en impostos a l\u2019any, la qual cosa suposa un 1,44% del PIB."},{"type":"paragraph","text":"El propi Parlament Europeu va aprovar un informe que advocava \u201cper un model europeu de l\u2019esport que reconega la necessitat d\u2019un comprom\u00eds s\u00f2lid amb la integraci\u00f3 dels principis de solidaritat, sostenibilitat, inclusi\u00f3, compet\u00e8ncia oberta, m\u00e8rit esportiu i equitat, i, en conseq\u00fc\u00e8ncia, s\u2019oposa fermament a les competicions escindides que soscaven estos principis i posen en perill l\u2019estabilitat de l\u2019ecosistema esportiu en general\u201d."},{"type":"paragraph","text":"Per tot aix\u00f2, fins i tot havent quedat clara la posici\u00f3 d\u2019aficionats, clubs, lligues, jugadors, federacions, el Parlament Europeu, els Governs de la UE i ara el TJUE, per a refor\u00e7ar i garantir la defensa de l\u2019ecosistema del futbol europeu, els seus llocs de treball, la seua aportaci\u00f3 a l\u2019economia, etc., demanem a la Comissi\u00f3 Europea que active els mecanismes necessaris per a introduir mesures legislatives que protegisquen el futbol europeu de futurs atacs similars."},{"type":"paragraph","text":"\u00c9s fonamental continuar col\u00b7laborant estretament amb les federacions nacionals, les lligues, els clubs, els aficionats, els jugadors, entrenadors, institucions de la UE, els governs i altres parts interessades per a nodrir el desenvolupament del futbol, fomentar el creixement i preservar els valors fonamentals que han fet del futbol europeu la hist\u00f2ria d\u2019\u00e8xit rotund que \u00e9s hui."}],"buttons":[],"images":[],"widgets":[],"blocks":[{"type":"heading","level":2,"text":"Les conclusions del TJUE asseguren que \u201cuna competici\u00f3 com la del projecte de la Superliga no ha de ser necess\u00e0riament autoritzada\u201d"},{"type":"paragraph","text":"LALIGA destaca que la sent\u00e8ncia del Tribunal de Just\u00edcia de la Uni\u00f3 Europea (TJUE) no avala la Superliga Europea i que la UEFA ja va recollir en 2022 una modificaci\u00f3 de la seua normativa per a l\u2019autoritzaci\u00f3 de noves competicions, que s\u2019adapta al que ara est\u00e0 dictaminant el TJUE."},{"type":"paragraph","text":"Encara que els promotors de la Superliga asseguren que esta sent\u00e8ncia els dona la ra\u00f3, la realitat \u00e9s que el TJUE ha sigut clar en afirmar que \u201cuna competici\u00f3 com la del projecte de la Superliga no ha de ser necess\u00e0riament autoritzada. En haver-se-li plantejat q\u00fcestions de car\u00e0cter general sobre les normes de la FIFA i de la UEFA, el Tribunal de Just\u00edcia no es pronuncia, en la seua sent\u00e8ncia, sobre este projecte espec\u00edfic\u201d."},{"type":"paragraph","text":"LALIGA, \u00fanica lliga personada en el procediment, celebra estes paraules que coincidixen amb la posici\u00f3 formal expressada per 23 governs nacionals de la UE i de l\u2019EEE, una xifra sense precedents, que es van unir a la comunitat futbol\u00edstica i esportiva en general per a defensar la pir\u00e0mide del futbol enfront de models secessionistes com el que representa l\u2019anomenada Superliga Europea."},{"type":"paragraph","text":"L\u2019ess\u00e8ncia d\u2019esta sent\u00e8ncia coincidix a m\u00e9s amb les conclusions de l\u2019Advocat General del TJUE de desembre de 2022, que ja deia que \u201csi b\u00e9 l\u2019European Super League Company t\u00e9 llibertat per a crear la seua pr\u00f2pia competici\u00f3 de futbol independent, fora de l\u2019ecosistema d\u2019UEFA o FIFA, no pot, a m\u00e9s de crear eixa competici\u00f3, continuar participant en les competicions de futbol organitzades per la FIFA i la UEFA sense l\u2019autoritzaci\u00f3 pr\u00e8via d\u2019eixes federacions\u201d."},{"type":"paragraph","text":"\u201cLa sent\u00e8ncia ve a confirmar el que sempre hem dit: qualsevol pot organitzar competicions fora de l\u2019entorn UEFA i FIFA, aix\u00f2 no es pot prohibir, i ning\u00fa ho ha posat en dubte. La q\u00fcesti\u00f3 judicial s\u00f3n les condicions d\u2019estes competicions per a estar sota l\u2019ecosistema d\u2019UEFA i FIFA, \u00e9s a dir, que ha d\u2019haver-hi una normativa transparent, clara i objectiva per a l\u2019aprovaci\u00f3 de noves competicions. Ja en 2022 UEFA va establir un procediment per a autoritzar noves competicions a les quals pot acudir la Superliga Europea o qualsevol altra competici\u00f3\u201d, va detallar Javier Tebas, president de LALIGA."},{"type":"paragraph","text":"Al marge d\u2019esta sent\u00e8ncia, ja tot l\u2019ecosistema del futbol, incloent-hi aficionats, jugadors, entrenadors, lligues, federacions o clubs han parlat alt i clar per a dir que no desitgen un model que perp\u00e8tua la participaci\u00f3 d\u2019uns pocs privilegiats, restringint el cim del futbol europeu a una elit, en lloc d\u2019un esport obert per a tots."},{"type":"paragraph","text":"La creaci\u00f3 d\u2019una lliga dissenyada per a enriquir als clubs m\u00e9s rics i concentrar el poder en un xicotet nom d\u2019equips privilegiats, tamb\u00e9 provocaria la p\u00e8rdua de desenes de milers de llocs de treball i reduiria dr\u00e0sticament els ingressos fiscals dels arqueges p\u00fabliques de tot el continent."},{"type":"paragraph","text":"En este sentit, segons l\u2019informe pericial elaborat per KPMG, nom\u00e9s a Espanya un projecte com la Superliga Europea provocaria la p\u00e8rdua d\u2019un 55% dels ingressos globals de LALIGA i els Clubs i posaria en risc una ind\u00fastria que genera m\u00e9s de 194.000 ocupacions i 8.390M\u20ac en impostos a l\u2019any, la qual cosa suposa un 1,44% del PIB."},{"type":"paragraph","text":"El propi Parlament Europeu va aprovar un informe que advocava \u201cper un model europeu de l\u2019esport que reconega la necessitat d\u2019un comprom\u00eds s\u00f2lid amb la integraci\u00f3 dels principis de solidaritat, sostenibilitat, inclusi\u00f3, compet\u00e8ncia oberta, m\u00e8rit esportiu i equitat, i, en conseq\u00fc\u00e8ncia, s\u2019oposa fermament a les competicions escindides que soscaven estos principis i posen en perill l\u2019estabilitat de l\u2019ecosistema esportiu en general\u201d."},{"type":"paragraph","text":"Per tot aix\u00f2, fins i tot havent quedat clara la posici\u00f3 d\u2019aficionats, clubs, lligues, jugadors, federacions, el Parlament Europeu, els Governs de la UE i ara el TJUE, per a refor\u00e7ar i garantir la defensa de l\u2019ecosistema del futbol europeu, els seus llocs de treball, la seua aportaci\u00f3 a l\u2019economia, etc., demanem a la Comissi\u00f3 Europea que active els mecanismes necessaris per a introduir mesures legislatives que protegisquen el futbol europeu de futurs atacs similars."},{"type":"paragraph","text":"\u00c9s fonamental continuar col\u00b7laborant estretament amb les federacions nacionals, les lligues, els clubs, els aficionats, els jugadors, entrenadors, institucions de la UE, els governs i altres parts interessades per a nodrir el desenvolupament del futbol, fomentar el creixement i preservar els valors fonamentals que han fet del futbol europeu la hist\u00f2ria d\u2019\u00e8xit rotund que \u00e9s hui."}]}},"sections":[{"id":"section-1","title":"Les conclusions del TJUE asseguren que \u201cuna competici\u00f3 com la del projecte de la Superliga no ha de ser necess\u00e0riament autoritzada\u201d","text":"Les conclusions del TJUE asseguren que \u201cuna competici\u00f3 com la del projecte de la Superliga no ha de ser necess\u00e0riament autoritzada\u201d LALIGA destaca que la sent\u00e8ncia del Tribunal de Just\u00edcia de la Uni\u00f3 Europea (TJUE) no avala la Superliga Europea i que la UEFA ja va recollir en 2022 una modificaci\u00f3 de la seua normativa per a l\u2019autoritzaci\u00f3 de noves competicions, que s\u2019adapta al que ara est\u00e0 dictaminant el TJUE. Encara que els promotors de la Superliga asseguren que esta sent\u00e8ncia els dona la ra\u00f3, la realitat \u00e9s que el TJUE ha sigut clar en afirmar que \u201cuna competici\u00f3 com la del projecte de la Superliga no ha de ser necess\u00e0riament autoritzada. En haver-se-li plantejat q\u00fcestions de car\u00e0cter general sobre les normes de la FIFA i de la UEFA, el Tribunal de Just\u00edcia no es pronuncia, en la seua sent\u00e8ncia, sobre este projecte espec\u00edfic\u201d. LALIGA, \u00fanica lliga personada en el procediment, celebra estes paraules que coincidixen amb la posici\u00f3 formal expressada per 23 governs nacionals de la UE i de l\u2019EEE, una xifra sense precedents, que es van unir a la comunitat futbol\u00edstica i esportiva en general per a defensar la pir\u00e0mide del futbol enfront de models secessionistes com el que representa l\u2019anomenada Superliga Europea. L\u2019ess\u00e8ncia d\u2019esta sent\u00e8ncia coincidix a m\u00e9s amb les conclusions de l\u2019Advocat General del TJUE de desembre de 2022, que ja deia que \u201csi b\u00e9 l\u2019European Super League Company t\u00e9 llibertat per a crear la seua pr\u00f2pia competici\u00f3 de futbol independent, fora de l\u2019ecosistema d\u2019UEFA o FIFA, no pot, a m\u00e9s de crear eixa competici\u00f3, continuar participant en les competicions de futbol organitzades per la FIFA i la UEFA sense l\u2019autoritzaci\u00f3 pr\u00e8via d\u2019eixes federacions\u201d. \u201cLa sent\u00e8ncia ve a confirmar el que sempre hem dit: qualsevol pot organitzar competicions fora de l\u2019entorn UEFA i FIFA, aix\u00f2 no es pot prohibir, i ning\u00fa ho ha posat en dubte. La q\u00fcesti\u00f3 judicial s\u00f3n les condicions d\u2019estes competicions per a estar sota l\u2019ecosistema d\u2019UEFA i FIFA, \u00e9s a dir, que ha d\u2019haver-hi una normativa transparent, clara i objectiva per a l\u2019aprovaci\u00f3 de noves competicions. Ja en 2022 UEFA va establir un procediment per a autoritzar noves competicions a les quals pot acudir la Superliga Europea o qualsevol altra competici\u00f3\u201d, va detallar Javier Tebas, president de LALIGA. Al marge d\u2019esta sent\u00e8ncia, ja tot l\u2019ecosistema del futbol, incloent-hi aficionats, jugadors, entrenadors, lligues, federacions o clubs han parlat alt i clar per a dir que no desitgen un model que perp\u00e8tua la participaci\u00f3 d\u2019uns pocs privilegiats, restringint el cim del futbol europeu a una elit, en lloc d\u2019un esport obert per a tots. La creaci\u00f3 d\u2019una lliga dissenyada per a enriquir als clubs m\u00e9s rics i concentrar el poder en un xicotet nom d\u2019equips privilegiats, tamb\u00e9 provocaria la p\u00e8rdua de desenes de milers de llocs de treball i reduiria dr\u00e0sticament els ingressos fiscals dels arqueges p\u00fabliques de tot el continent. En este sentit, segons l\u2019informe pericial elaborat per KPMG, nom\u00e9s a Espanya un projecte com la Superliga Europea provocaria la p\u00e8rdua d\u2019un 55% dels ingressos globals de LALIGA i els Clubs i posaria en risc una ind\u00fastria que genera m\u00e9s de 194.000 ocupacions i 8.390M\u20ac en impostos a l\u2019any, la qual cosa suposa un 1,44% del PIB. El propi Parlament Europeu va aprovar un informe que advocava \u201cper un model europeu de l\u2019esport que reconega la necessitat d\u2019un comprom\u00eds s\u00f2lid amb la integraci\u00f3 dels principis de solidaritat, sostenibilitat, inclusi\u00f3, compet\u00e8ncia oberta, m\u00e8rit esportiu i equitat, i, en conseq\u00fc\u00e8ncia, s\u2019oposa fermament a les competicions escindides que soscaven estos principis i posen en perill l\u2019estabilitat de l\u2019ecosistema esportiu en general\u201d. Per tot aix\u00f2, fins i tot havent quedat clara la posici\u00f3 d\u2019aficionats, clubs, lligues, jugadors, federacions, el Parlament Europeu, els Governs de la UE i ara el TJUE, per a refor\u00e7ar i garantir la defensa de l\u2019ecosistema del futbol europeu, els seus llocs de treball, la seua aportaci\u00f3 a l\u2019economia, etc., demanem a la Comissi\u00f3 Europea que active els mecanismes necessaris per a introduir mesures legislatives que protegisquen el futbol europeu de futurs atacs similars. \u00c9s fonamental continuar col\u00b7laborant estretament amb les federacions nacionals, les lligues, els clubs, els aficionats, els jugadors, entrenadors, institucions de la UE, els governs i altres parts interessades per a nodrir el desenvolupament del futbol, fomentar el creixement i preservar els valors fonamentals que han fet del futbol europeu la hist\u00f2ria d\u2019\u00e8xit rotund que \u00e9s hui.","url":"","background_image":"","images":[],"videos":[],"links":[]}]},"excerpt":{"rendered":"Les conclusions del TJUE asseguren que \u201cuna competici\u00f3 com la del projecte de la Superliga no ha de ser necess\u00e0riament autoritzada\u201d","protected":false},"author":25,"featured_media":292866,"comment_status":"closed","ping_status":"closed","sticky":false,"template":"","format":"standard","meta":{"_acf_changed":false,"footnotes":""},"categories":[13484],"tags":[15298,717,9270,11042,716,9205,9627,9203],"acf":null,"lang":"val","translations":{"es":292863,"val":292868,"en":292871},"essential_grid":{"has_grid":false},"formatted_date":"December 21, 2023","modified_date":"December 21, 2023","permalink":"https:\/\/villarrealcf.es\/val\/la-sentencia-del-tjue-no-avala-la-superliga-europea\/","reading_time":4,"featured_media_data":{"id":292866,"title":"Redes sociales_ESP_1920x1080","caption":"","alt_text":"","description":"","mime_type":"image\/jpeg","source_url":"https:\/\/villarrealcf.es\/wp-content\/uploads\/2023\/12\/Redes-sociales_ESP_1920x1080-scaled.jpg","sizes":{"thumbnail":{"url":"https:\/\/villarrealcf.es\/wp-content\/uploads\/2023\/12\/Redes-sociales_ESP_1920x1080-1920x1080.jpg","width":1920,"height":1080},"medium":{"url":"https:\/\/villarrealcf.es\/wp-content\/uploads\/2023\/12\/Redes-sociales_ESP_1920x1080-1920x1080.jpg","width":1920,"height":1080},"medium_large":{"url":"https:\/\/villarrealcf.es\/wp-content\/uploads\/2023\/12\/Redes-sociales_ESP_1920x1080-768x432.jpg","width":768,"height":432},"large":{"url":"https:\/\/villarrealcf.es\/wp-content\/uploads\/2023\/12\/Redes-sociales_ESP_1920x1080-1920x1080.jpg","width":788,"height":443},"1536x1536":{"url":"https:\/\/villarrealcf.es\/wp-content\/uploads\/2023\/12\/Redes-sociales_ESP_1920x1080-1536x864.jpg","width":1536,"height":864},"2048x2048":{"url":"https:\/\/villarrealcf.es\/wp-content\/uploads\/2023\/12\/Redes-sociales_ESP_1920x1080-2048x1152.jpg","width":2048,"height":1152},"tp-image-grid":{"url":"https:\/\/villarrealcf.es\/wp-content\/uploads\/2023\/12\/Redes-sociales_ESP_1920x1080-700x700.jpg","width":700,"height":700},"size-bunyad-medium":{"url":"https:\/\/villarrealcf.es\/wp-content\/uploads\/2023\/12\/Redes-sociales_ESP_1920x1080-1920x1080.jpg","width":1920,"height":1080},"sportspress-crop-medium":{"url":"https:\/\/villarrealcf.es\/wp-content\/uploads\/2023\/12\/Redes-sociales_ESP_1920x1080-300x300.jpg","width":300,"height":300},"sportspress-fit-medium":{"url":"https:\/\/villarrealcf.es\/wp-content\/uploads\/2023\/12\/Redes-sociales_ESP_1920x1080-300x169.jpg","width":300,"height":169},"sportspress-fit-icon":{"url":"https:\/\/villarrealcf.es\/wp-content\/uploads\/2023\/12\/Redes-sociales_ESP_1920x1080-128x72.jpg","width":128,"height":72},"sportspress-fit-mini":{"url":"https:\/\/villarrealcf.es\/wp-content\/uploads\/2023\/12\/Redes-sociales_ESP_1920x1080-32x18.jpg","width":32,"height":18},"bunyad-small":{"url":"https:\/\/villarrealcf.es\/wp-content\/uploads\/2023\/12\/Redes-sociales_ESP_1920x1080-150x84.jpg","width":150,"height":84},"bunyad-medium":{"url":"https:\/\/villarrealcf.es\/wp-content\/uploads\/2023\/12\/Redes-sociales_ESP_1920x1080-450x253.jpg","width":450,"height":253},"bunyad-full":{"url":"https:\/\/villarrealcf.es\/wp-content\/uploads\/2023\/12\/Redes-sociales_ESP_1920x1080-1200x675.jpg","width":1200,"height":675},"bunyad-viewport":{"url":"https:\/\/villarrealcf.es\/wp-content\/uploads\/2023\/12\/Redes-sociales_ESP_1920x1080-2048x1152.jpg","width":2048,"height":1152},"bunyad-768":{"url":"https:\/\/villarrealcf.es\/wp-content\/uploads\/2023\/12\/Redes-sociales_ESP_1920x1080-768x432.jpg","width":768,"height":432},"full":{"url":"https:\/\/villarrealcf.es\/wp-content\/uploads\/2023\/12\/Redes-sociales_ESP_1920x1080-scaled.jpg","width":2560,"height":1440}}},"author_data":{"id":"25","name":"Javier Ayuso","first_name":"Javier","last_name":"Ayuso","description":"","avatar_url":"https:\/\/secure.gravatar.com\/avatar\/fcf8894be45988fcce5bbff0efe1790d2a7f4ba57e2c7c898f5068154e696495?s=96&d=mm&r=g","acf":null},"taxonomies_data":{"category":[{"id":13484,"name":"Club","slug":"club","acf":null}],"post_tag":[{"id":15298,"name":"Comunicado","slug":"comunicado-val","acf":null},{"id":717,"name":"Football","slug":"football-d34","acf":null},{"id":9270,"name":"Futbol","slug":"futbol-val","acf":null},{"id":11042,"name":"LaLiga","slug":"laliga-val","acf":null},{"id":716,"name":"Soccer","slug":"soccer-d105","acf":null},{"id":9205,"name":"Submarino","slug":"submarino-val","acf":null},{"id":9627,"name":"Submarino Amarillo","slug":"submarino-amarillo-val","acf":null},{"id":9203,"name":"Villarreal CF","slug":"villarreal-cf-val","acf":null}],"translation_priority":[{"id":735,"name":"Optional","slug":"optional-val","acf":null}]},"seo_full":{"native":{"title":"La sent\u00e8ncia del TJUE no avala la Superliga Europea - Web Oficial del Villarreal CF","description":"Les conclusions del TJUE asseguren que \u201cuna competici\u00f3 com la del projecte de la Superliga no ha de ser necess\u00e0riament autoritzada\u201d","canonical":"https:\/\/villarrealcf.es\/val\/la-sentencia-del-tjue-no-avala-la-superliga-europea\/"}},"_links":{"self":[{"href":"https:\/\/villarrealcf.es\/val\/wp-json\/wp\/v2\/posts\/292868","targetHints":{"allow":["GET"]}}],"collection":[{"href":"https:\/\/villarrealcf.es\/val\/wp-json\/wp\/v2\/posts"}],"about":[{"href":"https:\/\/villarrealcf.es\/val\/wp-json\/wp\/v2\/types\/post"}],"author":[{"embeddable":true,"href":"https:\/\/villarrealcf.es\/val\/wp-json\/wp\/v2\/users\/25"}],"replies":[{"embeddable":true,"href":"https:\/\/villarrealcf.es\/val\/wp-json\/wp\/v2\/comments?post=292868"}],"version-history":[{"count":0,"href":"https:\/\/villarrealcf.es\/val\/wp-json\/wp\/v2\/posts\/292868\/revisions"}],"wp:featuredmedia":[{"embeddable":true,"href":"https:\/\/villarrealcf.es\/val\/wp-json\/wp\/v2\/media\/292866"}],"wp:attachment":[{"href":"https:\/\/villarrealcf.es\/val\/wp-json\/wp\/v2\/media?parent=292868"}],"wp:term":[{"taxonomy":"category","embeddable":true,"href":"https:\/\/villarrealcf.es\/val\/wp-json\/wp\/v2\/categories?post=292868"},{"taxonomy":"post_tag","embeddable":true,"href":"https:\/\/villarrealcf.es\/val\/wp-json\/wp\/v2\/tags?post=292868"}],"curies":[{"name":"wp","href":"https:\/\/api.w.org\/{rel}","templated":true}]}}