{"id":292857,"date":"2023-12-20T22:00:00","date_gmt":"2023-12-20T21:00:00","guid":{"rendered":"https:\/\/villarrealcf.es\/hemos-jugado-bien-pero-debemos-mejorar-defensivamente\/"},"modified":"2023-12-21T00:32:41","modified_gmt":"2023-12-20T23:32:41","slug":"hem-jugat-be-pero-hem-de-millorar-defensivament","status":"publish","type":"post","link":"https:\/\/villarrealcf.es\/val\/hem-jugat-be-pero-hem-de-millorar-defensivament\/","title":{"rendered":"\u201cHem jugat b\u00e9, per\u00f2 hem de millorar defensivament\u201d"},"content":{"protected":false,"blocks":[{"type":"heading","level":2,"text":"Marcelino ha elogiat l\u2019esfor\u00e7 dels seus futbolistes despr\u00e9s de l\u2019exigent triomf davant el RC Celta"},{"type":"paragraph","text":"L\u2019entrenador del Villarreal CF, Marcelino Garc\u00eda Toral, ha comparegut davant els mitjans de comunicaci\u00f3 per a analitzar el patit triomf de lliga davant el RC Celta (3-2): \u201cEra un partit molt important. Ara podrem gaudir de la vict\u00f2ria amb els nostres sers estimats durant el Nadal. Vull subratllar la bona faena dels futbolistes. Se\u2019ns va posar el partit de cara, amb 3-0 en el marcador, per\u00f2 vam tornar a encaixar dos gols. El primer d\u2019estrat\u00e8gia\u201d."},{"type":"video","kind":"iframe","url":"https:\/\/www.youtube.com\/embed\/ZVMQicKz26U?feature=oembed","poster":""},{"type":"paragraph","text":"Quant a la parcel\u00b7la defensiva, el t\u00e8cnic asturi\u00e0 ha reconegut que cal canviar el xip i fer-se forts arrere: \u201cA veure si acaba l\u2019any i en 2024 som capa\u00e7os de millorar arrere. Durant molts minuts hem fet un gran joc, creant oportunitats de gol i despr\u00e9s la debilitat defensiva novament ens castiga. \u00c9s una pena el que ha ocorregut perqu\u00e8 si no hagu\u00e9rem encaixat els dos gols estar\u00edem parlant ara del canvi que ha donat l\u2019equip\u201d."},{"type":"paragraph","text":"Aix\u00ed mateix, malgrat els problemes defensius, Marcelino s\u2019ha mostrat satisfet despr\u00e9s d\u2019haver sumat tres punts de gan valor: \u201cHem de defensar i no donar opcions als equips contraris. Si no ho fem, ens costa molt guanyar. Els \u00faltims partits que hem guanyat ha sigut 3-2. Aix\u00f2 no \u00e9s freq\u00fcent. Hem de canviar-ho, per\u00f2 estarem contents perqu\u00e8 hem guanyat i perqu\u00e8 la realitat \u00e9s que estic satisfet amb els futbolistes\u201d."},{"type":"paragraph","text":"Finalment, l\u2019entrenador del Villarreal ha assenyalat el cam\u00ed cap a les vict\u00f2ries: \u201cPer a guanyar, hem de fer les coses com hem fet fins al segon gol. Eixe \u00e9s el cam\u00ed que hem de seguir\u201d."}],"structured":{"summary":{"text":"Marcelino ha elogiat l\u2019esfor\u00e7 dels seus futbolistes despr\u00e9s de l\u2019exigent triomf davant el RC Celta L\u2019entrenador del Villarreal CF, Marcelino Garc\u00eda Toral, ha comparegut davant els mitjans de comunicaci\u00f3 per a analitzar el patit triomf de lliga davant el RC Celta (3-2): \u201cEra un partit molt important. Ara podrem gaudir de la vict\u00f2ria amb els nostres sers estimats durant el Nadal. Vull subratllar la bona faena dels futbolistes. Se\u2019ns va posar el partit de cara, amb 3-0 en el marcador, per\u00f2 vam tornar a encaixar dos gols. El primer d\u2019estrat\u00e8gia\u201d. Quant a la parcel\u00b7la defensiva, el t\u00e8cnic asturi\u00e0 ha reconegut que cal canviar el xip i fer-se forts arrere: \u201cA veure si acaba l\u2019any i en 2024 som capa\u00e7os de millorar arrere. Durant molts minuts hem fet un gran joc, creant oportunitats de gol i despr\u00e9s la debilitat defensiva novament ens castiga. \u00c9s una pena el que ha ocorregut perqu\u00e8 si no hagu\u00e9rem encaixat els dos gols estar\u00edem parlant ara del canvi que ha donat l\u2019equip\u201d. Aix\u00ed mateix, malgrat els problemes defensius, Marcelino s\u2019ha mostrat satisfet despr\u00e9s d\u2019haver sumat tres punts de gan valor: \u201cHem de defensar i no donar opcions als equips contraris. Si no ho fem, ens costa molt guanyar. Els \u00faltims partits que hem guanyat ha sigut 3-2. Aix\u00f2 no \u00e9s freq\u00fcent. Hem de canviar-ho, per\u00f2 estarem contents perqu\u00e8 hem guanyat i perqu\u00e8 la realitat \u00e9s que estic satisfet amb els futbolistes\u201d. Finalment, l\u2019entrenador del Villarreal ha assenyalat el cam\u00ed cap a les vict\u00f2ries: \u201cPer a guanyar, hem de fer les coses com hem fet fins al segon gol. Eixe \u00e9s el cam\u00ed que hem de seguir\u201d.","headings":[{"type":"heading","level":2,"text":"Marcelino ha elogiat l\u2019esfor\u00e7 dels seus futbolistes despr\u00e9s de l\u2019exigent triomf davant el RC Celta"}],"buttons":[],"images":[],"counts":{"blocks":6,"headings":1,"texts":4,"buttons":0,"images":0}},"sections":[{"id":"section-1","title":"Marcelino ha elogiat l\u2019esfor\u00e7 dels seus futbolistes despr\u00e9s de l\u2019exigent triomf davant el RC Celta","text":"Marcelino ha elogiat l\u2019esfor\u00e7 dels seus futbolistes despr\u00e9s de l\u2019exigent triomf davant el RC Celta L\u2019entrenador del Villarreal CF, Marcelino Garc\u00eda Toral, ha comparegut davant els mitjans de comunicaci\u00f3 per a analitzar el patit triomf de lliga davant el RC Celta (3-2): \u201cEra un partit molt important. Ara podrem gaudir de la vict\u00f2ria amb els nostres sers estimats durant el Nadal. Vull subratllar la bona faena dels futbolistes. Se\u2019ns va posar el partit de cara, amb 3-0 en el marcador, per\u00f2 vam tornar a encaixar dos gols. El primer d\u2019estrat\u00e8gia\u201d. Quant a la parcel\u00b7la defensiva, el t\u00e8cnic asturi\u00e0 ha reconegut que cal canviar el xip i fer-se forts arrere: \u201cA veure si acaba l\u2019any i en 2024 som capa\u00e7os de millorar arrere. Durant molts minuts hem fet un gran joc, creant oportunitats de gol i despr\u00e9s la debilitat defensiva novament ens castiga. \u00c9s una pena el que ha ocorregut perqu\u00e8 si no hagu\u00e9rem encaixat els dos gols estar\u00edem parlant ara del canvi que ha donat l\u2019equip\u201d. Aix\u00ed mateix, malgrat els problemes defensius, Marcelino s\u2019ha mostrat satisfet despr\u00e9s d\u2019haver sumat tres punts de gan valor: \u201cHem de defensar i no donar opcions als equips contraris. Si no ho fem, ens costa molt guanyar. Els \u00faltims partits que hem guanyat ha sigut 3-2. Aix\u00f2 no \u00e9s freq\u00fcent. Hem de canviar-ho, per\u00f2 estarem contents perqu\u00e8 hem guanyat i perqu\u00e8 la realitat \u00e9s que estic satisfet amb els futbolistes\u201d. Finalment, l\u2019entrenador del Villarreal ha assenyalat el cam\u00ed cap a les vict\u00f2ries: \u201cPer a guanyar, hem de fer les coses com hem fet fins al segon gol. Eixe \u00e9s el cam\u00ed que hem de seguir\u201d.","headings":[{"type":"heading","level":2,"text":"Marcelino ha elogiat l\u2019esfor\u00e7 dels seus futbolistes despr\u00e9s de l\u2019exigent triomf davant el RC Celta"}],"texts":[{"type":"paragraph","text":"L\u2019entrenador del Villarreal CF, Marcelino Garc\u00eda Toral, ha comparegut davant els mitjans de comunicaci\u00f3 per a analitzar el patit triomf de lliga davant el RC Celta (3-2): \u201cEra un partit molt important. Ara podrem gaudir de la vict\u00f2ria amb els nostres sers estimats durant el Nadal. Vull subratllar la bona faena dels futbolistes. Se\u2019ns va posar el partit de cara, amb 3-0 en el marcador, per\u00f2 vam tornar a encaixar dos gols. El primer d\u2019estrat\u00e8gia\u201d."},{"type":"paragraph","text":"Quant a la parcel\u00b7la defensiva, el t\u00e8cnic asturi\u00e0 ha reconegut que cal canviar el xip i fer-se forts arrere: \u201cA veure si acaba l\u2019any i en 2024 som capa\u00e7os de millorar arrere. Durant molts minuts hem fet un gran joc, creant oportunitats de gol i despr\u00e9s la debilitat defensiva novament ens castiga. \u00c9s una pena el que ha ocorregut perqu\u00e8 si no hagu\u00e9rem encaixat els dos gols estar\u00edem parlant ara del canvi que ha donat l\u2019equip\u201d."},{"type":"paragraph","text":"Aix\u00ed mateix, malgrat els problemes defensius, Marcelino s\u2019ha mostrat satisfet despr\u00e9s d\u2019haver sumat tres punts de gan valor: \u201cHem de defensar i no donar opcions als equips contraris. Si no ho fem, ens costa molt guanyar. Els \u00faltims partits que hem guanyat ha sigut 3-2. Aix\u00f2 no \u00e9s freq\u00fcent. Hem de canviar-ho, per\u00f2 estarem contents perqu\u00e8 hem guanyat i perqu\u00e8 la realitat \u00e9s que estic satisfet amb els futbolistes\u201d."},{"type":"paragraph","text":"Finalment, l\u2019entrenador del Villarreal ha assenyalat el cam\u00ed cap a les vict\u00f2ries: \u201cPer a guanyar, hem de fer les coses com hem fet fins al segon gol. Eixe \u00e9s el cam\u00ed que hem de seguir\u201d."}],"buttons":[],"images":[],"widgets":[],"blocks":[{"type":"heading","level":2,"text":"Marcelino ha elogiat l\u2019esfor\u00e7 dels seus futbolistes despr\u00e9s de l\u2019exigent triomf davant el RC Celta"},{"type":"paragraph","text":"L\u2019entrenador del Villarreal CF, Marcelino Garc\u00eda Toral, ha comparegut davant els mitjans de comunicaci\u00f3 per a analitzar el patit triomf de lliga davant el RC Celta (3-2): \u201cEra un partit molt important. Ara podrem gaudir de la vict\u00f2ria amb els nostres sers estimats durant el Nadal. Vull subratllar la bona faena dels futbolistes. Se\u2019ns va posar el partit de cara, amb 3-0 en el marcador, per\u00f2 vam tornar a encaixar dos gols. El primer d\u2019estrat\u00e8gia\u201d."},{"type":"video","kind":"iframe","url":"https:\/\/www.youtube.com\/embed\/ZVMQicKz26U?feature=oembed","poster":""},{"type":"paragraph","text":"Quant a la parcel\u00b7la defensiva, el t\u00e8cnic asturi\u00e0 ha reconegut que cal canviar el xip i fer-se forts arrere: \u201cA veure si acaba l\u2019any i en 2024 som capa\u00e7os de millorar arrere. Durant molts minuts hem fet un gran joc, creant oportunitats de gol i despr\u00e9s la debilitat defensiva novament ens castiga. \u00c9s una pena el que ha ocorregut perqu\u00e8 si no hagu\u00e9rem encaixat els dos gols estar\u00edem parlant ara del canvi que ha donat l\u2019equip\u201d."},{"type":"paragraph","text":"Aix\u00ed mateix, malgrat els problemes defensius, Marcelino s\u2019ha mostrat satisfet despr\u00e9s d\u2019haver sumat tres punts de gan valor: \u201cHem de defensar i no donar opcions als equips contraris. Si no ho fem, ens costa molt guanyar. Els \u00faltims partits que hem guanyat ha sigut 3-2. Aix\u00f2 no \u00e9s freq\u00fcent. Hem de canviar-ho, per\u00f2 estarem contents perqu\u00e8 hem guanyat i perqu\u00e8 la realitat \u00e9s que estic satisfet amb els futbolistes\u201d."},{"type":"paragraph","text":"Finalment, l\u2019entrenador del Villarreal ha assenyalat el cam\u00ed cap a les vict\u00f2ries: \u201cPer a guanyar, hem de fer les coses com hem fet fins al segon gol. Eixe \u00e9s el cam\u00ed que hem de seguir\u201d."}]}],"hero":{"id":"section-1","title":"Marcelino ha elogiat l\u2019esfor\u00e7 dels seus futbolistes despr\u00e9s de l\u2019exigent triomf davant el RC Celta","text":"Marcelino ha elogiat l\u2019esfor\u00e7 dels seus futbolistes despr\u00e9s de l\u2019exigent triomf davant el RC Celta L\u2019entrenador del Villarreal CF, Marcelino Garc\u00eda Toral, ha comparegut davant els mitjans de comunicaci\u00f3 per a analitzar el patit triomf de lliga davant el RC Celta (3-2): \u201cEra un partit molt important. Ara podrem gaudir de la vict\u00f2ria amb els nostres sers estimats durant el Nadal. Vull subratllar la bona faena dels futbolistes. Se\u2019ns va posar el partit de cara, amb 3-0 en el marcador, per\u00f2 vam tornar a encaixar dos gols. El primer d\u2019estrat\u00e8gia\u201d. Quant a la parcel\u00b7la defensiva, el t\u00e8cnic asturi\u00e0 ha reconegut que cal canviar el xip i fer-se forts arrere: \u201cA veure si acaba l\u2019any i en 2024 som capa\u00e7os de millorar arrere. Durant molts minuts hem fet un gran joc, creant oportunitats de gol i despr\u00e9s la debilitat defensiva novament ens castiga. \u00c9s una pena el que ha ocorregut perqu\u00e8 si no hagu\u00e9rem encaixat els dos gols estar\u00edem parlant ara del canvi que ha donat l\u2019equip\u201d. Aix\u00ed mateix, malgrat els problemes defensius, Marcelino s\u2019ha mostrat satisfet despr\u00e9s d\u2019haver sumat tres punts de gan valor: \u201cHem de defensar i no donar opcions als equips contraris. Si no ho fem, ens costa molt guanyar. Els \u00faltims partits que hem guanyat ha sigut 3-2. Aix\u00f2 no \u00e9s freq\u00fcent. Hem de canviar-ho, per\u00f2 estarem contents perqu\u00e8 hem guanyat i perqu\u00e8 la realitat \u00e9s que estic satisfet amb els futbolistes\u201d. Finalment, l\u2019entrenador del Villarreal ha assenyalat el cam\u00ed cap a les vict\u00f2ries: \u201cPer a guanyar, hem de fer les coses com hem fet fins al segon gol. Eixe \u00e9s el cam\u00ed que hem de seguir\u201d.","headings":[{"type":"heading","level":2,"text":"Marcelino ha elogiat l\u2019esfor\u00e7 dels seus futbolistes despr\u00e9s de l\u2019exigent triomf davant el RC Celta"}],"texts":[{"type":"paragraph","text":"L\u2019entrenador del Villarreal CF, Marcelino Garc\u00eda Toral, ha comparegut davant els mitjans de comunicaci\u00f3 per a analitzar el patit triomf de lliga davant el RC Celta (3-2): \u201cEra un partit molt important. Ara podrem gaudir de la vict\u00f2ria amb els nostres sers estimats durant el Nadal. Vull subratllar la bona faena dels futbolistes. Se\u2019ns va posar el partit de cara, amb 3-0 en el marcador, per\u00f2 vam tornar a encaixar dos gols. El primer d\u2019estrat\u00e8gia\u201d."},{"type":"paragraph","text":"Quant a la parcel\u00b7la defensiva, el t\u00e8cnic asturi\u00e0 ha reconegut que cal canviar el xip i fer-se forts arrere: \u201cA veure si acaba l\u2019any i en 2024 som capa\u00e7os de millorar arrere. Durant molts minuts hem fet un gran joc, creant oportunitats de gol i despr\u00e9s la debilitat defensiva novament ens castiga. \u00c9s una pena el que ha ocorregut perqu\u00e8 si no hagu\u00e9rem encaixat els dos gols estar\u00edem parlant ara del canvi que ha donat l\u2019equip\u201d."},{"type":"paragraph","text":"Aix\u00ed mateix, malgrat els problemes defensius, Marcelino s\u2019ha mostrat satisfet despr\u00e9s d\u2019haver sumat tres punts de gan valor: \u201cHem de defensar i no donar opcions als equips contraris. Si no ho fem, ens costa molt guanyar. Els \u00faltims partits que hem guanyat ha sigut 3-2. Aix\u00f2 no \u00e9s freq\u00fcent. Hem de canviar-ho, per\u00f2 estarem contents perqu\u00e8 hem guanyat i perqu\u00e8 la realitat \u00e9s que estic satisfet amb els futbolistes\u201d."},{"type":"paragraph","text":"Finalment, l\u2019entrenador del Villarreal ha assenyalat el cam\u00ed cap a les vict\u00f2ries: \u201cPer a guanyar, hem de fer les coses com hem fet fins al segon gol. Eixe \u00e9s el cam\u00ed que hem de seguir\u201d."}],"buttons":[],"images":[],"widgets":[],"blocks":[{"type":"heading","level":2,"text":"Marcelino ha elogiat l\u2019esfor\u00e7 dels seus futbolistes despr\u00e9s de l\u2019exigent triomf davant el RC Celta"},{"type":"paragraph","text":"L\u2019entrenador del Villarreal CF, Marcelino Garc\u00eda Toral, ha comparegut davant els mitjans de comunicaci\u00f3 per a analitzar el patit triomf de lliga davant el RC Celta (3-2): \u201cEra un partit molt important. Ara podrem gaudir de la vict\u00f2ria amb els nostres sers estimats durant el Nadal. Vull subratllar la bona faena dels futbolistes. Se\u2019ns va posar el partit de cara, amb 3-0 en el marcador, per\u00f2 vam tornar a encaixar dos gols. El primer d\u2019estrat\u00e8gia\u201d."},{"type":"video","kind":"iframe","url":"https:\/\/www.youtube.com\/embed\/ZVMQicKz26U?feature=oembed","poster":""},{"type":"paragraph","text":"Quant a la parcel\u00b7la defensiva, el t\u00e8cnic asturi\u00e0 ha reconegut que cal canviar el xip i fer-se forts arrere: \u201cA veure si acaba l\u2019any i en 2024 som capa\u00e7os de millorar arrere. Durant molts minuts hem fet un gran joc, creant oportunitats de gol i despr\u00e9s la debilitat defensiva novament ens castiga. \u00c9s una pena el que ha ocorregut perqu\u00e8 si no hagu\u00e9rem encaixat els dos gols estar\u00edem parlant ara del canvi que ha donat l\u2019equip\u201d."},{"type":"paragraph","text":"Aix\u00ed mateix, malgrat els problemes defensius, Marcelino s\u2019ha mostrat satisfet despr\u00e9s d\u2019haver sumat tres punts de gan valor: \u201cHem de defensar i no donar opcions als equips contraris. Si no ho fem, ens costa molt guanyar. Els \u00faltims partits que hem guanyat ha sigut 3-2. Aix\u00f2 no \u00e9s freq\u00fcent. Hem de canviar-ho, per\u00f2 estarem contents perqu\u00e8 hem guanyat i perqu\u00e8 la realitat \u00e9s que estic satisfet amb els futbolistes\u201d."},{"type":"paragraph","text":"Finalment, l\u2019entrenador del Villarreal ha assenyalat el cam\u00ed cap a les vict\u00f2ries: \u201cPer a guanyar, hem de fer les coses com hem fet fins al segon gol. Eixe \u00e9s el cam\u00ed que hem de seguir\u201d."}]}},"sections":[{"id":"section-1","title":"Marcelino ha elogiat l\u2019esfor\u00e7 dels seus futbolistes despr\u00e9s de l\u2019exigent triomf davant el RC Celta","text":"Marcelino ha elogiat l\u2019esfor\u00e7 dels seus futbolistes despr\u00e9s de l\u2019exigent triomf davant el RC Celta L\u2019entrenador del Villarreal CF, Marcelino Garc\u00eda Toral, ha comparegut davant els mitjans de comunicaci\u00f3 per a analitzar el patit triomf de lliga davant el RC Celta (3-2): \u201cEra un partit molt important. Ara podrem gaudir de la vict\u00f2ria amb els nostres sers estimats durant el Nadal. Vull subratllar la bona faena dels futbolistes. Se\u2019ns va posar el partit de cara, amb 3-0 en el marcador, per\u00f2 vam tornar a encaixar dos gols. El primer d\u2019estrat\u00e8gia\u201d. Quant a la parcel\u00b7la defensiva, el t\u00e8cnic asturi\u00e0 ha reconegut que cal canviar el xip i fer-se forts arrere: \u201cA veure si acaba l\u2019any i en 2024 som capa\u00e7os de millorar arrere. Durant molts minuts hem fet un gran joc, creant oportunitats de gol i despr\u00e9s la debilitat defensiva novament ens castiga. \u00c9s una pena el que ha ocorregut perqu\u00e8 si no hagu\u00e9rem encaixat els dos gols estar\u00edem parlant ara del canvi que ha donat l\u2019equip\u201d. Aix\u00ed mateix, malgrat els problemes defensius, Marcelino s\u2019ha mostrat satisfet despr\u00e9s d\u2019haver sumat tres punts de gan valor: \u201cHem de defensar i no donar opcions als equips contraris. Si no ho fem, ens costa molt guanyar. Els \u00faltims partits que hem guanyat ha sigut 3-2. Aix\u00f2 no \u00e9s freq\u00fcent. Hem de canviar-ho, per\u00f2 estarem contents perqu\u00e8 hem guanyat i perqu\u00e8 la realitat \u00e9s que estic satisfet amb els futbolistes\u201d. Finalment, l\u2019entrenador del Villarreal ha assenyalat el cam\u00ed cap a les vict\u00f2ries: \u201cPer a guanyar, hem de fer les coses com hem fet fins al segon gol. Eixe \u00e9s el cam\u00ed que hem de seguir\u201d.","url":"","background_image":"","images":[],"videos":[{"type":"video","kind":"iframe","url":"https:\/\/www.youtube.com\/embed\/ZVMQicKz26U?feature=oembed","poster":""}],"links":[]}]},"excerpt":{"rendered":"Marcelino ha elogiat l&#8217;esfor\u00e7 dels seus futbolistes despr\u00e9s de l&#8217;exigent triomf davant el RC Celta","protected":false},"author":25,"featured_media":292853,"comment_status":"closed","ping_status":"closed","sticky":false,"template":"","format":"standard","meta":{"_acf_changed":false,"footnotes":""},"categories":[13493],"tags":[717,9270,11042,10917,9219,9278,13971,9471,716,9205,9627,9203],"acf":null,"lang":"val","translations":{"es":292850,"val":292857,"en":292860},"essential_grid":{"has_grid":false},"formatted_date":"December 20, 2023","modified_date":"December 21, 2023","permalink":"https:\/\/villarrealcf.es\/val\/hem-jugat-be-pero-hem-de-millorar-defensivament\/","reading_time":2,"featured_media_data":{"id":292853,"title":"marcelinovscelta","caption":"","alt_text":"","description":"","mime_type":"image\/jpeg","source_url":"https:\/\/villarrealcf.es\/wp-content\/uploads\/2023\/12\/marcelinovscelta.jpg","sizes":{"thumbnail":{"url":"https:\/\/villarrealcf.es\/wp-content\/uploads\/2023\/12\/marcelinovscelta-1920x1080.jpg","width":1920,"height":1080},"medium":{"url":"https:\/\/villarrealcf.es\/wp-content\/uploads\/2023\/12\/marcelinovscelta-1920x1080.jpg","width":1920,"height":1080},"medium_large":{"url":"https:\/\/villarrealcf.es\/wp-content\/uploads\/2023\/12\/marcelinovscelta-768x432.jpg","width":768,"height":432},"large":{"url":"https:\/\/villarrealcf.es\/wp-content\/uploads\/2023\/12\/marcelinovscelta-1920x1080.jpg","width":788,"height":443},"1536x1536":{"url":"https:\/\/villarrealcf.es\/wp-content\/uploads\/2023\/12\/marcelinovscelta-1536x864.jpg","width":1536,"height":864},"2048x2048":{"url":"https:\/\/villarrealcf.es\/wp-content\/uploads\/2023\/12\/marcelinovscelta.jpg","width":1920,"height":1080},"tp-image-grid":{"url":"https:\/\/villarrealcf.es\/wp-content\/uploads\/2023\/12\/marcelinovscelta-700x700.jpg","width":700,"height":700},"size-bunyad-medium":{"url":"https:\/\/villarrealcf.es\/wp-content\/uploads\/2023\/12\/marcelinovscelta-1920x1080.jpg","width":1920,"height":1080},"sportspress-crop-medium":{"url":"https:\/\/villarrealcf.es\/wp-content\/uploads\/2023\/12\/marcelinovscelta-300x300.jpg","width":300,"height":300},"sportspress-fit-medium":{"url":"https:\/\/villarrealcf.es\/wp-content\/uploads\/2023\/12\/marcelinovscelta-300x169.jpg","width":300,"height":169},"sportspress-fit-icon":{"url":"https:\/\/villarrealcf.es\/wp-content\/uploads\/2023\/12\/marcelinovscelta-128x72.jpg","width":128,"height":72},"sportspress-fit-mini":{"url":"https:\/\/villarrealcf.es\/wp-content\/uploads\/2023\/12\/marcelinovscelta-32x18.jpg","width":32,"height":18},"bunyad-small":{"url":"https:\/\/villarrealcf.es\/wp-content\/uploads\/2023\/12\/marcelinovscelta-150x84.jpg","width":150,"height":84},"bunyad-medium":{"url":"https:\/\/villarrealcf.es\/wp-content\/uploads\/2023\/12\/marcelinovscelta-450x253.jpg","width":450,"height":253},"bunyad-full":{"url":"https:\/\/villarrealcf.es\/wp-content\/uploads\/2023\/12\/marcelinovscelta-1200x675.jpg","width":1200,"height":675},"bunyad-viewport":{"url":"https:\/\/villarrealcf.es\/wp-content\/uploads\/2023\/12\/marcelinovscelta.jpg","width":1920,"height":1080},"bunyad-768":{"url":"https:\/\/villarrealcf.es\/wp-content\/uploads\/2023\/12\/marcelinovscelta-768x432.jpg","width":768,"height":432},"full":{"url":"https:\/\/villarrealcf.es\/wp-content\/uploads\/2023\/12\/marcelinovscelta.jpg","width":1920,"height":1080}}},"author_data":{"id":"25","name":"Javier Ayuso","first_name":"Javier","last_name":"Ayuso","description":"","avatar_url":"https:\/\/secure.gravatar.com\/avatar\/fcf8894be45988fcce5bbff0efe1790d2a7f4ba57e2c7c898f5068154e696495?s=96&d=mm&r=g","acf":null},"taxonomies_data":{"category":[{"id":13493,"name":"Primer equip","slug":"primer-equip","acf":null}],"post_tag":[{"id":717,"name":"Football","slug":"football-d34","acf":null},{"id":9270,"name":"Futbol","slug":"futbol-val","acf":null},{"id":11042,"name":"LaLiga","slug":"laliga-val","acf":null},{"id":10917,"name":"Marcelino","slug":"marcelino-val","acf":null},{"id":9219,"name":"Marcelino Garc\u00eda Toral","slug":"marcelino-garcia-toral-val","acf":null},{"id":9278,"name":"primera division","slug":"primera-division-val","acf":null},{"id":13971,"name":"RC Celta","slug":"rc-celta-val","acf":null},{"id":9471,"name":"RC Celta de Vigo","slug":"rc-celta-de-vigo-val","acf":null},{"id":716,"name":"Soccer","slug":"soccer-d105","acf":null},{"id":9205,"name":"Submarino","slug":"submarino-val","acf":null},{"id":9627,"name":"Submarino Amarillo","slug":"submarino-amarillo-val","acf":null},{"id":9203,"name":"Villarreal CF","slug":"villarreal-cf-val","acf":null}],"translation_priority":[{"id":735,"name":"Optional","slug":"optional-val","acf":null}]},"seo_full":{"native":{"title":"\u201cHem jugat b\u00e9, per\u00f2 hem de millorar defensivament\u201d - Web Oficial del Villarreal CF","description":"Marcelino ha elogiat l'esfor\u00e7 dels seus futbolistes despr\u00e9s de l'exigent triomf davant el RC Celta","canonical":"https:\/\/villarrealcf.es\/val\/hem-jugat-be-pero-hem-de-millorar-defensivament\/"}},"_links":{"self":[{"href":"https:\/\/villarrealcf.es\/val\/wp-json\/wp\/v2\/posts\/292857","targetHints":{"allow":["GET"]}}],"collection":[{"href":"https:\/\/villarrealcf.es\/val\/wp-json\/wp\/v2\/posts"}],"about":[{"href":"https:\/\/villarrealcf.es\/val\/wp-json\/wp\/v2\/types\/post"}],"author":[{"embeddable":true,"href":"https:\/\/villarrealcf.es\/val\/wp-json\/wp\/v2\/users\/25"}],"replies":[{"embeddable":true,"href":"https:\/\/villarrealcf.es\/val\/wp-json\/wp\/v2\/comments?post=292857"}],"version-history":[{"count":0,"href":"https:\/\/villarrealcf.es\/val\/wp-json\/wp\/v2\/posts\/292857\/revisions"}],"wp:featuredmedia":[{"embeddable":true,"href":"https:\/\/villarrealcf.es\/val\/wp-json\/wp\/v2\/media\/292853"}],"wp:attachment":[{"href":"https:\/\/villarrealcf.es\/val\/wp-json\/wp\/v2\/media?parent=292857"}],"wp:term":[{"taxonomy":"category","embeddable":true,"href":"https:\/\/villarrealcf.es\/val\/wp-json\/wp\/v2\/categories?post=292857"},{"taxonomy":"post_tag","embeddable":true,"href":"https:\/\/villarrealcf.es\/val\/wp-json\/wp\/v2\/tags?post=292857"}],"curies":[{"name":"wp","href":"https:\/\/api.w.org\/{rel}","templated":true}]}}