{"id":292114,"date":"2023-12-13T19:56:56","date_gmt":"2023-12-13T18:56:56","guid":{"rendered":"https:\/\/villarrealcf.es\/ilusion-y-conviccion-de-ser-lideres-de-grupos\/"},"modified":"2023-12-13T19:51:36","modified_gmt":"2023-12-13T18:51:36","slug":"illusio-i-conviccio-de-ser-liders-de-grups","status":"publish","type":"post","link":"https:\/\/villarrealcf.es\/val\/illusio-i-conviccio-de-ser-liders-de-grups\/","title":{"rendered":"Il\u00b7lusi\u00f3 i convicci\u00f3 de ser l\u00edders de grups"},"content":{"protected":false,"blocks":[{"type":"heading","level":2,"text":"Marcelino espera un partit complicat i intens davant l\u2019Stade Rennais (dijous, 18.45h)"},{"type":"paragraph","text":"L\u2019entrenador del Villarreal CF, Marcelino Garc\u00eda Toral, ha comparegut davant els mitjans de comunicaci\u00f3 al costat del seu futbolista \u00c9tienne Capoue en la roda de premsa pr\u00e8via al partit davant l\u2019Stade Rennais, que es disputar\u00e0 dem\u00e0 dijous, a partir de les 18.45 hores, en el Rhoazon Park."},{"type":"paragraph","text":"Estes han sigut les declaracions m\u00e9s destacades del t\u00e8cnic de Gij\u00f3n:"},{"type":"paragraph","text":"Sobre l\u2019Stade Rennais"},{"type":"paragraph","text":"\u201cEl seu nivell f\u00edsic \u00e9s alt, una cosa comuna en els equips francesos. \u00c9s un equip al qual ens va costar molt guanyar a casa. Dem\u00e0 hem de tornar a guanyar i aix\u00ed intentarem que siga. Sabem que ens exigiran un alt ritme, per\u00f2 intentarem imposar en el camp les nostres armes\u201d."},{"type":"paragraph","text":"Sensacions i import\u00e0ncia del partit"},{"type":"paragraph","text":"\u201cHem de guanyar. Ser primers de grups suposa saltar una eliminat\u00f2ria, que \u00e9s un premi important. Guanyar tamb\u00e9 demostraria que l\u2019equip est\u00e0 b\u00e9, malgrat els deu minuts finals de la primera part contra la Real Sociedad. Este \u00e9s el cam\u00ed. Tenim la il\u00b7lusi\u00f3 i el convenciment que podem guanyar este partit\u201d."},{"type":"paragraph","text":"Quin partit esperes"},{"type":"paragraph","text":"\u201cHem de tindre paci\u00e8ncia. Tractarem d\u2019igualar el seu ritme i intensitat, per\u00f2 amb paci\u00e8ncia perqu\u00e8 el partit ser\u00e0 llarg i igualat. Sabem que guanyar fora de casa \u00e9s dif\u00edcil i m\u00e9s a Europa, per\u00f2 som capaces de competir contra qualsevol rival. Tenim la il\u00b7lusi\u00f3 i ambici\u00f3 de jugar un gran partit\u201d."},{"type":"paragraph","text":"Nivell f\u00edsic de l\u2019equip"},{"type":"paragraph","text":"\u201cJuguem l\u2019\u00faltim partit fa cinc dies, un temps suficient per a recuperar-nos. Sabem que este mes tindr\u00edem molts partits i hem d\u2019afrontar-lo amb la il\u00b7lusi\u00f3 de guanyar els m\u00e0xims possibles."},{"type":"paragraph","text":"Pots tornar a veure la roda de premsa al complet de Marcelino Garc\u00eda i \u00c9tienne Capoue en el seg\u00fcent v\u00eddeo:"}],"structured":{"summary":{"text":"Marcelino espera un partit complicat i intens davant l\u2019Stade Rennais (dijous, 18.45h) L\u2019entrenador del Villarreal CF, Marcelino Garc\u00eda Toral, ha comparegut davant els mitjans de comunicaci\u00f3 al costat del seu futbolista \u00c9tienne Capoue en la roda de premsa pr\u00e8via al partit davant l\u2019Stade Rennais, que es disputar\u00e0 dem\u00e0 dijous, a partir de les 18.45 hores, en el Rhoazon Park. Estes han sigut les declaracions m\u00e9s destacades del t\u00e8cnic de Gij\u00f3n: Sobre l\u2019Stade Rennais \u201cEl seu nivell f\u00edsic \u00e9s alt, una cosa comuna en els equips francesos. \u00c9s un equip al qual ens va costar molt guanyar a casa. Dem\u00e0 hem de tornar a guanyar i aix\u00ed intentarem que siga. Sabem que ens exigiran un alt ritme, per\u00f2 intentarem imposar en el camp les nostres armes\u201d. Sensacions i import\u00e0ncia del partit \u201cHem de guanyar. Ser primers de grups suposa saltar una eliminat\u00f2ria, que \u00e9s un premi important. Guanyar tamb\u00e9 demostraria que l\u2019equip est\u00e0 b\u00e9, malgrat els deu minuts finals de la primera part contra la Real Sociedad. Este \u00e9s el cam\u00ed. Tenim la il\u00b7lusi\u00f3 i el convenciment que podem guanyar este partit\u201d. Quin partit esperes \u201cHem de tindre paci\u00e8ncia. Tractarem d\u2019igualar el seu ritme i intensitat, per\u00f2 amb paci\u00e8ncia perqu\u00e8 el partit ser\u00e0 llarg i igualat. Sabem que guanyar fora de casa \u00e9s dif\u00edcil i m\u00e9s a Europa, per\u00f2 som capaces de competir contra qualsevol rival. Tenim la il\u00b7lusi\u00f3 i ambici\u00f3 de jugar un gran partit\u201d. Nivell f\u00edsic de l\u2019equip \u201cJuguem l\u2019\u00faltim partit fa cinc dies, un temps suficient per a recuperar-nos. Sabem que este mes tindr\u00edem molts partits i hem d\u2019afrontar-lo amb la il\u00b7lusi\u00f3 de guanyar els m\u00e0xims possibles. Pots tornar a veure la roda de premsa al complet de Marcelino Garc\u00eda i \u00c9tienne Capoue en el seg\u00fcent v\u00eddeo:","headings":[{"type":"heading","level":2,"text":"Marcelino espera un partit complicat i intens davant l\u2019Stade Rennais (dijous, 18.45h)"}],"buttons":[],"images":[],"counts":{"blocks":12,"headings":1,"texts":11,"buttons":0,"images":0}},"sections":[{"id":"section-1","title":"Marcelino espera un partit complicat i intens davant l\u2019Stade Rennais (dijous, 18.45h)","text":"Marcelino espera un partit complicat i intens davant l\u2019Stade Rennais (dijous, 18.45h) L\u2019entrenador del Villarreal CF, Marcelino Garc\u00eda Toral, ha comparegut davant els mitjans de comunicaci\u00f3 al costat del seu futbolista \u00c9tienne Capoue en la roda de premsa pr\u00e8via al partit davant l\u2019Stade Rennais, que es disputar\u00e0 dem\u00e0 dijous, a partir de les 18.45 hores, en el Rhoazon Park. Estes han sigut les declaracions m\u00e9s destacades del t\u00e8cnic de Gij\u00f3n: Sobre l\u2019Stade Rennais \u201cEl seu nivell f\u00edsic \u00e9s alt, una cosa comuna en els equips francesos. \u00c9s un equip al qual ens va costar molt guanyar a casa. Dem\u00e0 hem de tornar a guanyar i aix\u00ed intentarem que siga. Sabem que ens exigiran un alt ritme, per\u00f2 intentarem imposar en el camp les nostres armes\u201d. Sensacions i import\u00e0ncia del partit \u201cHem de guanyar. Ser primers de grups suposa saltar una eliminat\u00f2ria, que \u00e9s un premi important. Guanyar tamb\u00e9 demostraria que l\u2019equip est\u00e0 b\u00e9, malgrat els deu minuts finals de la primera part contra la Real Sociedad. Este \u00e9s el cam\u00ed. Tenim la il\u00b7lusi\u00f3 i el convenciment que podem guanyar este partit\u201d. Quin partit esperes \u201cHem de tindre paci\u00e8ncia. Tractarem d\u2019igualar el seu ritme i intensitat, per\u00f2 amb paci\u00e8ncia perqu\u00e8 el partit ser\u00e0 llarg i igualat. Sabem que guanyar fora de casa \u00e9s dif\u00edcil i m\u00e9s a Europa, per\u00f2 som capaces de competir contra qualsevol rival. Tenim la il\u00b7lusi\u00f3 i ambici\u00f3 de jugar un gran partit\u201d. Nivell f\u00edsic de l\u2019equip \u201cJuguem l\u2019\u00faltim partit fa cinc dies, un temps suficient per a recuperar-nos. Sabem que este mes tindr\u00edem molts partits i hem d\u2019afrontar-lo amb la il\u00b7lusi\u00f3 de guanyar els m\u00e0xims possibles. Pots tornar a veure la roda de premsa al complet de Marcelino Garc\u00eda i \u00c9tienne Capoue en el seg\u00fcent v\u00eddeo:","headings":[{"type":"heading","level":2,"text":"Marcelino espera un partit complicat i intens davant l\u2019Stade Rennais (dijous, 18.45h)"}],"texts":[{"type":"paragraph","text":"L\u2019entrenador del Villarreal CF, Marcelino Garc\u00eda Toral, ha comparegut davant els mitjans de comunicaci\u00f3 al costat del seu futbolista \u00c9tienne Capoue en la roda de premsa pr\u00e8via al partit davant l\u2019Stade Rennais, que es disputar\u00e0 dem\u00e0 dijous, a partir de les 18.45 hores, en el Rhoazon Park."},{"type":"paragraph","text":"Estes han sigut les declaracions m\u00e9s destacades del t\u00e8cnic de Gij\u00f3n:"},{"type":"paragraph","text":"Sobre l\u2019Stade Rennais"},{"type":"paragraph","text":"\u201cEl seu nivell f\u00edsic \u00e9s alt, una cosa comuna en els equips francesos. \u00c9s un equip al qual ens va costar molt guanyar a casa. Dem\u00e0 hem de tornar a guanyar i aix\u00ed intentarem que siga. Sabem que ens exigiran un alt ritme, per\u00f2 intentarem imposar en el camp les nostres armes\u201d."},{"type":"paragraph","text":"Sensacions i import\u00e0ncia del partit"},{"type":"paragraph","text":"\u201cHem de guanyar. Ser primers de grups suposa saltar una eliminat\u00f2ria, que \u00e9s un premi important. Guanyar tamb\u00e9 demostraria que l\u2019equip est\u00e0 b\u00e9, malgrat els deu minuts finals de la primera part contra la Real Sociedad. Este \u00e9s el cam\u00ed. Tenim la il\u00b7lusi\u00f3 i el convenciment que podem guanyar este partit\u201d."},{"type":"paragraph","text":"Quin partit esperes"},{"type":"paragraph","text":"\u201cHem de tindre paci\u00e8ncia. Tractarem d\u2019igualar el seu ritme i intensitat, per\u00f2 amb paci\u00e8ncia perqu\u00e8 el partit ser\u00e0 llarg i igualat. Sabem que guanyar fora de casa \u00e9s dif\u00edcil i m\u00e9s a Europa, per\u00f2 som capaces de competir contra qualsevol rival. Tenim la il\u00b7lusi\u00f3 i ambici\u00f3 de jugar un gran partit\u201d."},{"type":"paragraph","text":"Nivell f\u00edsic de l\u2019equip"},{"type":"paragraph","text":"\u201cJuguem l\u2019\u00faltim partit fa cinc dies, un temps suficient per a recuperar-nos. Sabem que este mes tindr\u00edem molts partits i hem d\u2019afrontar-lo amb la il\u00b7lusi\u00f3 de guanyar els m\u00e0xims possibles."},{"type":"paragraph","text":"Pots tornar a veure la roda de premsa al complet de Marcelino Garc\u00eda i \u00c9tienne Capoue en el seg\u00fcent v\u00eddeo:"}],"buttons":[],"images":[],"widgets":[],"blocks":[{"type":"heading","level":2,"text":"Marcelino espera un partit complicat i intens davant l\u2019Stade Rennais (dijous, 18.45h)"},{"type":"paragraph","text":"L\u2019entrenador del Villarreal CF, Marcelino Garc\u00eda Toral, ha comparegut davant els mitjans de comunicaci\u00f3 al costat del seu futbolista \u00c9tienne Capoue en la roda de premsa pr\u00e8via al partit davant l\u2019Stade Rennais, que es disputar\u00e0 dem\u00e0 dijous, a partir de les 18.45 hores, en el Rhoazon Park."},{"type":"paragraph","text":"Estes han sigut les declaracions m\u00e9s destacades del t\u00e8cnic de Gij\u00f3n:"},{"type":"paragraph","text":"Sobre l\u2019Stade Rennais"},{"type":"paragraph","text":"\u201cEl seu nivell f\u00edsic \u00e9s alt, una cosa comuna en els equips francesos. \u00c9s un equip al qual ens va costar molt guanyar a casa. Dem\u00e0 hem de tornar a guanyar i aix\u00ed intentarem que siga. Sabem que ens exigiran un alt ritme, per\u00f2 intentarem imposar en el camp les nostres armes\u201d."},{"type":"paragraph","text":"Sensacions i import\u00e0ncia del partit"},{"type":"paragraph","text":"\u201cHem de guanyar. Ser primers de grups suposa saltar una eliminat\u00f2ria, que \u00e9s un premi important. Guanyar tamb\u00e9 demostraria que l\u2019equip est\u00e0 b\u00e9, malgrat els deu minuts finals de la primera part contra la Real Sociedad. Este \u00e9s el cam\u00ed. Tenim la il\u00b7lusi\u00f3 i el convenciment que podem guanyar este partit\u201d."},{"type":"paragraph","text":"Quin partit esperes"},{"type":"paragraph","text":"\u201cHem de tindre paci\u00e8ncia. Tractarem d\u2019igualar el seu ritme i intensitat, per\u00f2 amb paci\u00e8ncia perqu\u00e8 el partit ser\u00e0 llarg i igualat. Sabem que guanyar fora de casa \u00e9s dif\u00edcil i m\u00e9s a Europa, per\u00f2 som capaces de competir contra qualsevol rival. Tenim la il\u00b7lusi\u00f3 i ambici\u00f3 de jugar un gran partit\u201d."},{"type":"paragraph","text":"Nivell f\u00edsic de l\u2019equip"},{"type":"paragraph","text":"\u201cJuguem l\u2019\u00faltim partit fa cinc dies, un temps suficient per a recuperar-nos. Sabem que este mes tindr\u00edem molts partits i hem d\u2019afrontar-lo amb la il\u00b7lusi\u00f3 de guanyar els m\u00e0xims possibles."},{"type":"paragraph","text":"Pots tornar a veure la roda de premsa al complet de Marcelino Garc\u00eda i \u00c9tienne Capoue en el seg\u00fcent v\u00eddeo:"}]}],"hero":{"id":"section-1","title":"Marcelino espera un partit complicat i intens davant l\u2019Stade Rennais (dijous, 18.45h)","text":"Marcelino espera un partit complicat i intens davant l\u2019Stade Rennais (dijous, 18.45h) L\u2019entrenador del Villarreal CF, Marcelino Garc\u00eda Toral, ha comparegut davant els mitjans de comunicaci\u00f3 al costat del seu futbolista \u00c9tienne Capoue en la roda de premsa pr\u00e8via al partit davant l\u2019Stade Rennais, que es disputar\u00e0 dem\u00e0 dijous, a partir de les 18.45 hores, en el Rhoazon Park. Estes han sigut les declaracions m\u00e9s destacades del t\u00e8cnic de Gij\u00f3n: Sobre l\u2019Stade Rennais \u201cEl seu nivell f\u00edsic \u00e9s alt, una cosa comuna en els equips francesos. \u00c9s un equip al qual ens va costar molt guanyar a casa. Dem\u00e0 hem de tornar a guanyar i aix\u00ed intentarem que siga. Sabem que ens exigiran un alt ritme, per\u00f2 intentarem imposar en el camp les nostres armes\u201d. Sensacions i import\u00e0ncia del partit \u201cHem de guanyar. Ser primers de grups suposa saltar una eliminat\u00f2ria, que \u00e9s un premi important. Guanyar tamb\u00e9 demostraria que l\u2019equip est\u00e0 b\u00e9, malgrat els deu minuts finals de la primera part contra la Real Sociedad. Este \u00e9s el cam\u00ed. Tenim la il\u00b7lusi\u00f3 i el convenciment que podem guanyar este partit\u201d. Quin partit esperes \u201cHem de tindre paci\u00e8ncia. Tractarem d\u2019igualar el seu ritme i intensitat, per\u00f2 amb paci\u00e8ncia perqu\u00e8 el partit ser\u00e0 llarg i igualat. Sabem que guanyar fora de casa \u00e9s dif\u00edcil i m\u00e9s a Europa, per\u00f2 som capaces de competir contra qualsevol rival. Tenim la il\u00b7lusi\u00f3 i ambici\u00f3 de jugar un gran partit\u201d. Nivell f\u00edsic de l\u2019equip \u201cJuguem l\u2019\u00faltim partit fa cinc dies, un temps suficient per a recuperar-nos. Sabem que este mes tindr\u00edem molts partits i hem d\u2019afrontar-lo amb la il\u00b7lusi\u00f3 de guanyar els m\u00e0xims possibles. Pots tornar a veure la roda de premsa al complet de Marcelino Garc\u00eda i \u00c9tienne Capoue en el seg\u00fcent v\u00eddeo:","headings":[{"type":"heading","level":2,"text":"Marcelino espera un partit complicat i intens davant l\u2019Stade Rennais (dijous, 18.45h)"}],"texts":[{"type":"paragraph","text":"L\u2019entrenador del Villarreal CF, Marcelino Garc\u00eda Toral, ha comparegut davant els mitjans de comunicaci\u00f3 al costat del seu futbolista \u00c9tienne Capoue en la roda de premsa pr\u00e8via al partit davant l\u2019Stade Rennais, que es disputar\u00e0 dem\u00e0 dijous, a partir de les 18.45 hores, en el Rhoazon Park."},{"type":"paragraph","text":"Estes han sigut les declaracions m\u00e9s destacades del t\u00e8cnic de Gij\u00f3n:"},{"type":"paragraph","text":"Sobre l\u2019Stade Rennais"},{"type":"paragraph","text":"\u201cEl seu nivell f\u00edsic \u00e9s alt, una cosa comuna en els equips francesos. \u00c9s un equip al qual ens va costar molt guanyar a casa. Dem\u00e0 hem de tornar a guanyar i aix\u00ed intentarem que siga. Sabem que ens exigiran un alt ritme, per\u00f2 intentarem imposar en el camp les nostres armes\u201d."},{"type":"paragraph","text":"Sensacions i import\u00e0ncia del partit"},{"type":"paragraph","text":"\u201cHem de guanyar. Ser primers de grups suposa saltar una eliminat\u00f2ria, que \u00e9s un premi important. Guanyar tamb\u00e9 demostraria que l\u2019equip est\u00e0 b\u00e9, malgrat els deu minuts finals de la primera part contra la Real Sociedad. Este \u00e9s el cam\u00ed. Tenim la il\u00b7lusi\u00f3 i el convenciment que podem guanyar este partit\u201d."},{"type":"paragraph","text":"Quin partit esperes"},{"type":"paragraph","text":"\u201cHem de tindre paci\u00e8ncia. Tractarem d\u2019igualar el seu ritme i intensitat, per\u00f2 amb paci\u00e8ncia perqu\u00e8 el partit ser\u00e0 llarg i igualat. Sabem que guanyar fora de casa \u00e9s dif\u00edcil i m\u00e9s a Europa, per\u00f2 som capaces de competir contra qualsevol rival. Tenim la il\u00b7lusi\u00f3 i ambici\u00f3 de jugar un gran partit\u201d."},{"type":"paragraph","text":"Nivell f\u00edsic de l\u2019equip"},{"type":"paragraph","text":"\u201cJuguem l\u2019\u00faltim partit fa cinc dies, un temps suficient per a recuperar-nos. Sabem que este mes tindr\u00edem molts partits i hem d\u2019afrontar-lo amb la il\u00b7lusi\u00f3 de guanyar els m\u00e0xims possibles."},{"type":"paragraph","text":"Pots tornar a veure la roda de premsa al complet de Marcelino Garc\u00eda i \u00c9tienne Capoue en el seg\u00fcent v\u00eddeo:"}],"buttons":[],"images":[],"widgets":[],"blocks":[{"type":"heading","level":2,"text":"Marcelino espera un partit complicat i intens davant l\u2019Stade Rennais (dijous, 18.45h)"},{"type":"paragraph","text":"L\u2019entrenador del Villarreal CF, Marcelino Garc\u00eda Toral, ha comparegut davant els mitjans de comunicaci\u00f3 al costat del seu futbolista \u00c9tienne Capoue en la roda de premsa pr\u00e8via al partit davant l\u2019Stade Rennais, que es disputar\u00e0 dem\u00e0 dijous, a partir de les 18.45 hores, en el Rhoazon Park."},{"type":"paragraph","text":"Estes han sigut les declaracions m\u00e9s destacades del t\u00e8cnic de Gij\u00f3n:"},{"type":"paragraph","text":"Sobre l\u2019Stade Rennais"},{"type":"paragraph","text":"\u201cEl seu nivell f\u00edsic \u00e9s alt, una cosa comuna en els equips francesos. \u00c9s un equip al qual ens va costar molt guanyar a casa. Dem\u00e0 hem de tornar a guanyar i aix\u00ed intentarem que siga. Sabem que ens exigiran un alt ritme, per\u00f2 intentarem imposar en el camp les nostres armes\u201d."},{"type":"paragraph","text":"Sensacions i import\u00e0ncia del partit"},{"type":"paragraph","text":"\u201cHem de guanyar. Ser primers de grups suposa saltar una eliminat\u00f2ria, que \u00e9s un premi important. Guanyar tamb\u00e9 demostraria que l\u2019equip est\u00e0 b\u00e9, malgrat els deu minuts finals de la primera part contra la Real Sociedad. Este \u00e9s el cam\u00ed. Tenim la il\u00b7lusi\u00f3 i el convenciment que podem guanyar este partit\u201d."},{"type":"paragraph","text":"Quin partit esperes"},{"type":"paragraph","text":"\u201cHem de tindre paci\u00e8ncia. Tractarem d\u2019igualar el seu ritme i intensitat, per\u00f2 amb paci\u00e8ncia perqu\u00e8 el partit ser\u00e0 llarg i igualat. Sabem que guanyar fora de casa \u00e9s dif\u00edcil i m\u00e9s a Europa, per\u00f2 som capaces de competir contra qualsevol rival. Tenim la il\u00b7lusi\u00f3 i ambici\u00f3 de jugar un gran partit\u201d."},{"type":"paragraph","text":"Nivell f\u00edsic de l\u2019equip"},{"type":"paragraph","text":"\u201cJuguem l\u2019\u00faltim partit fa cinc dies, un temps suficient per a recuperar-nos. Sabem que este mes tindr\u00edem molts partits i hem d\u2019afrontar-lo amb la il\u00b7lusi\u00f3 de guanyar els m\u00e0xims possibles."},{"type":"paragraph","text":"Pots tornar a veure la roda de premsa al complet de Marcelino Garc\u00eda i \u00c9tienne Capoue en el seg\u00fcent v\u00eddeo:"}]}},"sections":[{"id":"section-1","title":"Marcelino espera un partit complicat i intens davant l\u2019Stade Rennais (dijous, 18.45h)","text":"Marcelino espera un partit complicat i intens davant l\u2019Stade Rennais (dijous, 18.45h) L\u2019entrenador del Villarreal CF, Marcelino Garc\u00eda Toral, ha comparegut davant els mitjans de comunicaci\u00f3 al costat del seu futbolista \u00c9tienne Capoue en la roda de premsa pr\u00e8via al partit davant l\u2019Stade Rennais, que es disputar\u00e0 dem\u00e0 dijous, a partir de les 18.45 hores, en el Rhoazon Park. Estes han sigut les declaracions m\u00e9s destacades del t\u00e8cnic de Gij\u00f3n: Sobre l\u2019Stade Rennais \u201cEl seu nivell f\u00edsic \u00e9s alt, una cosa comuna en els equips francesos. \u00c9s un equip al qual ens va costar molt guanyar a casa. Dem\u00e0 hem de tornar a guanyar i aix\u00ed intentarem que siga. Sabem que ens exigiran un alt ritme, per\u00f2 intentarem imposar en el camp les nostres armes\u201d. Sensacions i import\u00e0ncia del partit \u201cHem de guanyar. Ser primers de grups suposa saltar una eliminat\u00f2ria, que \u00e9s un premi important. Guanyar tamb\u00e9 demostraria que l\u2019equip est\u00e0 b\u00e9, malgrat els deu minuts finals de la primera part contra la Real Sociedad. Este \u00e9s el cam\u00ed. Tenim la il\u00b7lusi\u00f3 i el convenciment que podem guanyar este partit\u201d. Quin partit esperes \u201cHem de tindre paci\u00e8ncia. Tractarem d\u2019igualar el seu ritme i intensitat, per\u00f2 amb paci\u00e8ncia perqu\u00e8 el partit ser\u00e0 llarg i igualat. Sabem que guanyar fora de casa \u00e9s dif\u00edcil i m\u00e9s a Europa, per\u00f2 som capaces de competir contra qualsevol rival. Tenim la il\u00b7lusi\u00f3 i ambici\u00f3 de jugar un gran partit\u201d. Nivell f\u00edsic de l\u2019equip \u201cJuguem l\u2019\u00faltim partit fa cinc dies, un temps suficient per a recuperar-nos. Sabem que este mes tindr\u00edem molts partits i hem d\u2019afrontar-lo amb la il\u00b7lusi\u00f3 de guanyar els m\u00e0xims possibles. Pots tornar a veure la roda de premsa al complet de Marcelino Garc\u00eda i \u00c9tienne Capoue en el seg\u00fcent v\u00eddeo:","url":"","background_image":"","images":[],"videos":[],"links":[]}]},"excerpt":{"rendered":"Marcelino espera un partit complicat i intens davant l&#8217;Stade Rennais (dijous, 18.45h)","protected":false},"author":33,"featured_media":292123,"comment_status":"closed","ping_status":"closed","sticky":false,"template":"","format":"standard","meta":{"_acf_changed":false,"footnotes":""},"categories":[13493],"tags":[10227,717,9270,10229,9219,9680,716,14988,9205,9627,9914,9203],"acf":null,"lang":"val","translations":{"es":292068,"val":292114,"en":292130},"essential_grid":{"has_grid":false},"formatted_date":"December 13, 2023","modified_date":"December 13, 2023","permalink":"https:\/\/villarrealcf.es\/val\/illusio-i-conviccio-de-ser-liders-de-grups\/","reading_time":2,"featured_media_data":{"id":292123,"title":"2023-12-13 RP Marcelino+Capoue 023","caption":"","alt_text":"","description":"","mime_type":"image\/jpeg","source_url":"https:\/\/villarrealcf.es\/wp-content\/uploads\/2023\/12\/2023-12-13-RP-MarcelinoCapoue-023.jpg","sizes":{"thumbnail":{"url":"https:\/\/villarrealcf.es\/wp-content\/uploads\/2023\/12\/2023-12-13-RP-MarcelinoCapoue-023-1920x1080.jpg","width":1920,"height":1080},"medium":{"url":"https:\/\/villarrealcf.es\/wp-content\/uploads\/2023\/12\/2023-12-13-RP-MarcelinoCapoue-023-1920x1080.jpg","width":1920,"height":1080},"medium_large":{"url":"https:\/\/villarrealcf.es\/wp-content\/uploads\/2023\/12\/2023-12-13-RP-MarcelinoCapoue-023-768x432.jpg","width":768,"height":432},"large":{"url":"https:\/\/villarrealcf.es\/wp-content\/uploads\/2023\/12\/2023-12-13-RP-MarcelinoCapoue-023-1920x1080.jpg","width":788,"height":443},"1536x1536":{"url":"https:\/\/villarrealcf.es\/wp-content\/uploads\/2023\/12\/2023-12-13-RP-MarcelinoCapoue-023-1536x864.jpg","width":1536,"height":864},"2048x2048":{"url":"https:\/\/villarrealcf.es\/wp-content\/uploads\/2023\/12\/2023-12-13-RP-MarcelinoCapoue-023-2048x1152.jpg","width":2048,"height":1152},"tp-image-grid":{"url":"https:\/\/villarrealcf.es\/wp-content\/uploads\/2023\/12\/2023-12-13-RP-MarcelinoCapoue-023-700x700.jpg","width":700,"height":700},"size-bunyad-medium":{"url":"https:\/\/villarrealcf.es\/wp-content\/uploads\/2023\/12\/2023-12-13-RP-MarcelinoCapoue-023-1920x1080.jpg","width":1920,"height":1080},"sportspress-crop-medium":{"url":"https:\/\/villarrealcf.es\/wp-content\/uploads\/2023\/12\/2023-12-13-RP-MarcelinoCapoue-023-300x300.jpg","width":300,"height":300},"sportspress-fit-medium":{"url":"https:\/\/villarrealcf.es\/wp-content\/uploads\/2023\/12\/2023-12-13-RP-MarcelinoCapoue-023-300x169.jpg","width":300,"height":169},"sportspress-fit-icon":{"url":"https:\/\/villarrealcf.es\/wp-content\/uploads\/2023\/12\/2023-12-13-RP-MarcelinoCapoue-023-128x72.jpg","width":128,"height":72},"sportspress-fit-mini":{"url":"https:\/\/villarrealcf.es\/wp-content\/uploads\/2023\/12\/2023-12-13-RP-MarcelinoCapoue-023-32x18.jpg","width":32,"height":18},"bunyad-small":{"url":"https:\/\/villarrealcf.es\/wp-content\/uploads\/2023\/12\/2023-12-13-RP-MarcelinoCapoue-023-150x84.jpg","width":150,"height":84},"bunyad-medium":{"url":"https:\/\/villarrealcf.es\/wp-content\/uploads\/2023\/12\/2023-12-13-RP-MarcelinoCapoue-023-450x253.jpg","width":450,"height":253},"bunyad-full":{"url":"https:\/\/villarrealcf.es\/wp-content\/uploads\/2023\/12\/2023-12-13-RP-MarcelinoCapoue-023-1200x675.jpg","width":1200,"height":675},"bunyad-viewport":{"url":"https:\/\/villarrealcf.es\/wp-content\/uploads\/2023\/12\/2023-12-13-RP-MarcelinoCapoue-023-2048x1152.jpg","width":2048,"height":1152},"bunyad-768":{"url":"https:\/\/villarrealcf.es\/wp-content\/uploads\/2023\/12\/2023-12-13-RP-MarcelinoCapoue-023-768x432.jpg","width":768,"height":432},"full":{"url":"https:\/\/villarrealcf.es\/wp-content\/uploads\/2023\/12\/2023-12-13-RP-MarcelinoCapoue-023.jpg","width":2259,"height":1271}}},"author_data":{"id":"33","name":"Nacho Tejada","first_name":"Nacho","last_name":"Tejada","description":"","avatar_url":"https:\/\/secure.gravatar.com\/avatar\/b1580534b2fcd93e031504756165758941290488df5c88966a26f84344931fd1?s=96&d=mm&r=g","acf":null},"taxonomies_data":{"category":[{"id":13493,"name":"Primer equip","slug":"primer-equip","acf":null}],"post_tag":[{"id":10227,"name":"Fase de Grupos","slug":"fase-de-grupos-val","acf":null},{"id":717,"name":"Football","slug":"football-d34","acf":null},{"id":9270,"name":"Futbol","slug":"futbol-val","acf":null},{"id":10229,"name":"Jornada 6","slug":"jornada-6-val","acf":null},{"id":9219,"name":"Marcelino Garc\u00eda Toral","slug":"marcelino-garcia-toral-val","acf":null},{"id":9680,"name":"Rueda de prensa","slug":"rueda-de-prensa-val","acf":null},{"id":716,"name":"Soccer","slug":"soccer-d105","acf":null},{"id":14988,"name":"Stade Rennais","slug":"stade-rennais-val","acf":null},{"id":9205,"name":"Submarino","slug":"submarino-val","acf":null},{"id":9627,"name":"Submarino Amarillo","slug":"submarino-amarillo-val","acf":null},{"id":9914,"name":"UEFA Europa League","slug":"uefa-europa-league-val","acf":null},{"id":9203,"name":"Villarreal CF","slug":"villarreal-cf-val","acf":null}],"translation_priority":[{"id":735,"name":"Optional","slug":"optional-val","acf":null}]},"seo_full":{"native":{"title":"Il\u00b7lusi\u00f3 i convicci\u00f3 de ser l\u00edders de grups - Web Oficial del Villarreal CF","description":"Marcelino espera un partit complicat i intens davant l'Stade Rennais (dijous, 18.45h)","canonical":"https:\/\/villarrealcf.es\/val\/illusio-i-conviccio-de-ser-liders-de-grups\/"}},"_links":{"self":[{"href":"https:\/\/villarrealcf.es\/val\/wp-json\/wp\/v2\/posts\/292114","targetHints":{"allow":["GET"]}}],"collection":[{"href":"https:\/\/villarrealcf.es\/val\/wp-json\/wp\/v2\/posts"}],"about":[{"href":"https:\/\/villarrealcf.es\/val\/wp-json\/wp\/v2\/types\/post"}],"author":[{"embeddable":true,"href":"https:\/\/villarrealcf.es\/val\/wp-json\/wp\/v2\/users\/33"}],"replies":[{"embeddable":true,"href":"https:\/\/villarrealcf.es\/val\/wp-json\/wp\/v2\/comments?post=292114"}],"version-history":[{"count":0,"href":"https:\/\/villarrealcf.es\/val\/wp-json\/wp\/v2\/posts\/292114\/revisions"}],"wp:featuredmedia":[{"embeddable":true,"href":"https:\/\/villarrealcf.es\/val\/wp-json\/wp\/v2\/media\/292123"}],"wp:attachment":[{"href":"https:\/\/villarrealcf.es\/val\/wp-json\/wp\/v2\/media?parent=292114"}],"wp:term":[{"taxonomy":"category","embeddable":true,"href":"https:\/\/villarrealcf.es\/val\/wp-json\/wp\/v2\/categories?post=292114"},{"taxonomy":"post_tag","embeddable":true,"href":"https:\/\/villarrealcf.es\/val\/wp-json\/wp\/v2\/tags?post=292114"}],"curies":[{"name":"wp","href":"https:\/\/api.w.org\/{rel}","templated":true}]}}