{"id":291448,"date":"2023-12-05T10:28:21","date_gmt":"2023-12-05T09:28:21","guid":{"rendered":"https:\/\/villarrealcf.es\/el-juvenil-a-y-aspropace-conocen-la-ceramica\/"},"modified":"2023-12-05T16:04:34","modified_gmt":"2023-12-05T15:04:34","slug":"el-juvenil-a-i-aspropace-coneixen-la-ceramica","status":"publish","type":"post","link":"https:\/\/villarrealcf.es\/val\/el-juvenil-a-i-aspropace-coneixen-la-ceramica\/","title":{"rendered":"El Juvenil A i Aspropace coneixen La Cer\u00e1mica"},"content":{"protected":false,"blocks":[{"type":"heading","level":2,"text":"La plantilla de l\u2019equip Sub-19 del Submar\u00ed i els usuaris de la fundaci\u00f3 visiten junts l\u2019estadi groguet"},{"type":"video","kind":"iframe","url":"https:\/\/www.youtube.com\/embed\/CCj6g4qbMc0?feature=oembed","poster":""},{"type":"paragraph","text":"El Juvenil A del Villarreal ja ha comen\u00e7at el seu particular projecte Endavant Igualtat 23\/24. Durant la present temporada, els talents del conjunt Sub-19 del Submar\u00ed conviuran amb els usuaris de la Fundaci\u00f3 Aspropace, que pateixen par\u00e0lisi cerebral."},{"type":"paragraph","text":"I en el dia en qu\u00e8 els membres de totes dues parts es presentaven i iniciaven junts este cam\u00ed, qu\u00e8 millor que fer-ho a la casa de tots els groguets. \u201cHa sigut una primera presa de contacte amb l\u2019equip amb el qual farem enguany el projecte Endavant. Hem fet un tour per l\u2019estadi i hem vist les diferents zones i ens hem anat coneixent amb els jugadors\u201d, explica un dels monitors d\u2019oci de la Fundaci\u00f3 Aspropace, Humberto Gonz\u00e1lez, al que l\u2019entrenador del Juvenil A de la Cantera Grogueta, Mario B\u00e1rcena afig que \u201cdecidim que fora un tour per l\u2019estadi perqu\u00e8 calia transportar a moltes persones i ac\u00ed tenim la facilitat de moure\u2019ns b\u00e9\u201d."},{"type":"paragraph","text":"A pesar que la primera trobada oficial va ser este, B\u00e1rcena admet una reuni\u00f3 pr\u00e8via en la qual els membres del Submar\u00ed es van informar sobre el tipus de fundaci\u00f3 que \u00e9s Aspropace i la seua casu\u00edstica: \u201c\u00c9s la primera presa de contacte a nivell social. Ja vam tindre una pr\u00e8via a la Ciutat Esportiva perqu\u00e8 era la primera vegada que gran part de la plantilla i el cos t\u00e8cnic ten\u00edem contacte amb persones amb par\u00e0lisi cerebral. Van vindre tres treballadors i dos usuaris a ensenyar-nos com relacionar-nos i interactuar amb ells\u201d."},{"type":"paragraph","text":"Les diferents activitats en les quals conviuran el Villarreal i Aspropace tenen un efecte molt positiu per a totes dues parts. El responsable de la fundaci\u00f3 el qualifica com \u201cmolt enriquidor\u201d i al\u00b7lega les relacions personals que es creen com un gran avantatge: \u201cA part que s\u00f3n persones joves, que van amb una altra energia, coneixem a persones diferents i ens relacionem de manera diferent. Intentem, des de la nostra experi\u00e8ncia, donar a con\u00e9ixer altres realitats i altres maneres de veure la vida\u201d."},{"type":"paragraph","text":"D\u2019esta mateixa manera, ho veuen els futbolistes del combinat groguet. \u201cPorte ac\u00ed sis anys i tots, excepte el del COVID, he estat en el projecte Endavant. Ens aporta eixir de la resid\u00e8ncia, con\u00e9ixer la realitat d\u2019este m\u00f3n, que no \u00e9s tot meravell\u00f3s. Ens enriqueix molt\u201d, confessa Unai Rodr\u00edguez. El seu company Celso Bermejo coincideix en este aspecte: \u201cSom uns privilegiats perqu\u00e8 pel simple fet de poder dependre de nosaltres mateixos. Ens fa veure la realitat de la vida. El futbol et fa tindre molts valors i veure que no \u00e9s tot de color de rosa\u201d."},{"type":"paragraph","text":"I \u00e9s que les joves promeses de l\u2019entitat groga solen destacar, a m\u00e9s de per les seues qualitats futbol\u00edstiques, per la seua maduresa fora dels terrenys de joc, tal com deixa entreveure el t\u00e8cnic c\u00e0ntabre del Juvenil A sobre la implicaci\u00f3 dels xics en el projecte Endavant: \u201cQuan veus l\u2019edat que tenen els xics i com de dif\u00edcil pot ser per a ells, necessitem una primera explicaci\u00f3 per a establir unes bases i que prengueren consci\u00e8ncia de com tractar amb ells, per\u00f2 et sorprenen per a b\u00e9, independentment de l\u2019associaci\u00f3 amb la qual treballes. Este \u00e9s el meu cinqu\u00e9 any en Endavant amb gent de diferents edats, infantils, cadets i juvenils i els xics sempre han estat de 10 a nivell de com s\u2019involucren i com els transmetem la import\u00e0ncia d\u2019este projecte per al club\u201d."},{"type":"paragraph","text":"Endavant Igualtat: una altra manera de veure la vida"},{"type":"paragraph","text":"Els jugadors i entrenadors de la Cantera Grogueta sempre parlen que esta branca d\u2019Endavant \u00e9s molt beneficiosa perqu\u00e8 els obliga a veure altres realitats. I aix\u00f2 mateix creu Gonz\u00e1lez que aporta, en concret, Aspropace: \u201cPortem molts anys col\u00b7laborant en el projecte. Aportem la nostra experi\u00e8ncia i que coneguen que, dins de la mateixa ciutat, perqu\u00e8 estem a Castell\u00f3, per\u00f2 venim molt a Vila-real, hi ha persones amb moltes realitats, per\u00f2 trobem punts d\u2019uni\u00f3 i coses que ens puguen agradar a tots. L\u2019esport \u00e9s un element que cohesiona molt a les persones\u201d. \u201cEl projecte Endavant busca eixa relaci\u00f3 amb l\u2019entorn, veure eixes realitats fora de la bambolla del futbol i relacionar-nos amb la comunitat del Villarreal, que \u00e9s la que el mant\u00e9 viu\u201d, afig B\u00e1rcena."},{"type":"paragraph","text":"Per al preparador groguet, natural de Santander, Endavant Igualtat \u00e9s essencial per a la Cantera Grogueta i creu que esta pr\u00e0ctica hauria d\u2019estendre\u2019s a la resta de clubs mitjan\u00e7ant programes similars: \u201cConeixia l\u2019exist\u00e8ncia del projecte abans d\u2019estar al Villarreal i de portes per a fora aix\u00f2 genera enveja sana. Tots els clubs haurien de tindre una relaci\u00f3 amb l\u2019entorn i una obra de responsabilitat social aix\u00ed\u201d. A m\u00e9s, confessa que per a aquells que arriben des d\u2019altres regions per a treballar en un club d\u2019elit com el Submar\u00ed, \u00e9s una de les millors maneres d\u2019entendre la idiosincr\u00e0sia del Villarreal: \u201cPer a la gent que som de fora, la part del club que m\u00e9s sentit de pertinen\u00e7a genera \u00e9s el projecte Endavant, sense cap dubte. \u00c9s una responsabilitat molt bonica. En totes les associacions ens diuen l\u2019agra\u00efts que estan, per\u00f2 els m\u00e9s agra\u00efts som nosaltres\u201d."}],"structured":{"summary":{"text":"La plantilla de l\u2019equip Sub-19 del Submar\u00ed i els usuaris de la fundaci\u00f3 visiten junts l\u2019estadi groguet El Juvenil A del Villarreal ja ha comen\u00e7at el seu particular projecte Endavant Igualtat 23\/24. Durant la present temporada, els talents del conjunt Sub-19 del Submar\u00ed conviuran amb els usuaris de la Fundaci\u00f3 Aspropace, que pateixen par\u00e0lisi cerebral. I en el dia en qu\u00e8 els membres de totes dues parts es presentaven i iniciaven junts este cam\u00ed, qu\u00e8 millor que fer-ho a la casa de tots els groguets. \u201cHa sigut una primera presa de contacte amb l\u2019equip amb el qual farem enguany el projecte Endavant. Hem fet un tour per l\u2019estadi i hem vist les diferents zones i ens hem anat coneixent amb els jugadors\u201d, explica un dels monitors d\u2019oci de la Fundaci\u00f3 Aspropace, Humberto Gonz\u00e1lez, al que l\u2019entrenador del Juvenil A de la Cantera Grogueta, Mario B\u00e1rcena afig que \u201cdecidim que fora un tour per l\u2019estadi perqu\u00e8 calia transportar a moltes persones i ac\u00ed tenim la facilitat de moure\u2019ns b\u00e9\u201d. A pesar que la primera trobada oficial va ser este, B\u00e1rcena admet una reuni\u00f3 pr\u00e8via en la qual els membres del Submar\u00ed es van informar sobre el tipus de fundaci\u00f3 que \u00e9s Aspropace i la seua casu\u00edstica: \u201c\u00c9s la primera presa de contacte a nivell social. Ja vam tindre una pr\u00e8via a la Ciutat Esportiva perqu\u00e8 era la primera vegada que gran part de la plantilla i el cos t\u00e8cnic ten\u00edem contacte amb persones amb par\u00e0lisi cerebral. Van vindre tres treballadors i dos usuaris a ensenyar-nos com relacionar-nos i interactuar amb ells\u201d. Les diferents activitats en les quals conviuran el Villarreal i Aspropace tenen un efecte molt positiu per a totes dues parts. El responsable de la fundaci\u00f3 el qualifica com \u201cmolt enriquidor\u201d i al\u00b7lega les relacions personals que es creen com un gran avantatge: \u201cA part que s\u00f3n persones joves, que van amb una altra energia, coneixem a persones diferents i ens relacionem de manera diferent. Intentem, des de la nostra experi\u00e8ncia, donar a con\u00e9ixer altres realitats i altres maneres de veure la vida\u201d. D\u2019esta mateixa manera, ho veuen els futbolistes del combinat groguet. \u201cPorte ac\u00ed sis anys i tots, excepte el del COVID, he estat en el projecte Endavant. Ens aporta eixir de la resid\u00e8ncia, con\u00e9ixer la realitat d\u2019este m\u00f3n, que no \u00e9s tot meravell\u00f3s. Ens enriqueix molt\u201d, confessa Unai Rodr\u00edguez. El seu company Celso Bermejo coincideix en este aspecte: \u201cSom uns privilegiats perqu\u00e8 pel simple fet de poder dependre de nosaltres mateixos. Ens fa veure la realitat de la vida. El futbol et fa tindre molts valors i veure que no \u00e9s tot de color de rosa\u201d. I \u00e9s que les joves promeses de l\u2019entitat groga solen destacar, a m\u00e9s de per les seues qualitats futbol\u00edstiques, per la seua maduresa fora dels terrenys de joc, tal com deixa entreveure el t\u00e8cnic c\u00e0ntabre del Juvenil A sobre la implicaci\u00f3 dels xics en el projecte Endavant: \u201cQuan veus l\u2019edat que tenen els xics i com de dif\u00edcil pot ser per a ells, necessitem una primera explicaci\u00f3 per a establir unes bases i que prengueren consci\u00e8ncia de com tractar amb ells, per\u00f2 et sorprenen per a b\u00e9, independentment de l\u2019associaci\u00f3 amb la qual treballes. Este \u00e9s el meu cinqu\u00e9 any en Endavant amb gent de diferents edats, infantils, cadets i juvenils i els xics sempre han estat de 10 a nivell de com s\u2019involucren i com els transmetem la import\u00e0ncia d\u2019este projecte per al club\u201d. Endavant Igualtat: una altra manera de veure la vida Els jugadors i entrenadors de la Cantera Grogueta sempre parlen que esta branca d\u2019Endavant \u00e9s molt beneficiosa perqu\u00e8 els obliga a veure altres realitats. I aix\u00f2 mateix creu Gonz\u00e1lez que aporta, en concret, Aspropace: \u201cPortem molts anys col\u00b7laborant en el projecte. Aportem la nostra experi\u00e8ncia i que coneguen que, dins de la mateixa ciutat, perqu\u00e8 estem a Castell\u00f3, per\u00f2 venim molt a Vila-real, hi ha persones amb moltes realitats, per\u00f2 trobem punts d\u2019uni\u00f3 i coses que ens puguen agradar a tots. L\u2019esport \u00e9s un element que cohesiona molt a les persones\u201d. \u201cEl projecte Endavant busca eixa relaci\u00f3 amb l\u2019entorn, veure eixes realitats fora de la bambolla del futbol i relacionar-nos amb la comunitat del Villarreal, que \u00e9s la que el mant\u00e9 viu\u201d, afig B\u00e1rcena. Per al preparador groguet, natural de Santander, Endavant Igualtat \u00e9s essencial per a la Cantera Grogueta i creu que esta pr\u00e0ctica hauria d\u2019estendre\u2019s a la resta de clubs mitjan\u00e7ant programes similars: \u201cConeixia l\u2019exist\u00e8ncia del projecte abans d\u2019estar al Villarreal i de portes per a fora aix\u00f2 genera enveja sana. Tots els clubs haurien de tindre una relaci\u00f3 amb l\u2019entorn i una obra de responsabilitat social aix\u00ed\u201d. A m\u00e9s, confessa que per a aquells que arriben des d\u2019altres regions per a treballar en un club d\u2019elit com el Submar\u00ed, \u00e9s una de les millors maneres d\u2019entendre la idiosincr\u00e0sia del Villarreal: \u201cPer a la gent que som de fora, la part del club que m\u00e9s sentit de pertinen\u00e7a genera \u00e9s el projecte Endavant, sense cap dubte. \u00c9s una responsabilitat molt bonica. En totes les associacions ens diuen l\u2019agra\u00efts que estan, per\u00f2 els m\u00e9s agra\u00efts som nosaltres\u201d.","headings":[{"type":"heading","level":2,"text":"La plantilla de l\u2019equip Sub-19 del Submar\u00ed i els usuaris de la fundaci\u00f3 visiten junts l\u2019estadi groguet"}],"buttons":[],"images":[],"counts":{"blocks":11,"headings":1,"texts":9,"buttons":0,"images":0}},"sections":[{"id":"section-1","title":"La plantilla de l\u2019equip Sub-19 del Submar\u00ed i els usuaris de la fundaci\u00f3 visiten junts l\u2019estadi groguet","text":"La plantilla de l\u2019equip Sub-19 del Submar\u00ed i els usuaris de la fundaci\u00f3 visiten junts l\u2019estadi groguet El Juvenil A del Villarreal ja ha comen\u00e7at el seu particular projecte Endavant Igualtat 23\/24. Durant la present temporada, els talents del conjunt Sub-19 del Submar\u00ed conviuran amb els usuaris de la Fundaci\u00f3 Aspropace, que pateixen par\u00e0lisi cerebral. I en el dia en qu\u00e8 els membres de totes dues parts es presentaven i iniciaven junts este cam\u00ed, qu\u00e8 millor que fer-ho a la casa de tots els groguets. \u201cHa sigut una primera presa de contacte amb l\u2019equip amb el qual farem enguany el projecte Endavant. Hem fet un tour per l\u2019estadi i hem vist les diferents zones i ens hem anat coneixent amb els jugadors\u201d, explica un dels monitors d\u2019oci de la Fundaci\u00f3 Aspropace, Humberto Gonz\u00e1lez, al que l\u2019entrenador del Juvenil A de la Cantera Grogueta, Mario B\u00e1rcena afig que \u201cdecidim que fora un tour per l\u2019estadi perqu\u00e8 calia transportar a moltes persones i ac\u00ed tenim la facilitat de moure\u2019ns b\u00e9\u201d. A pesar que la primera trobada oficial va ser este, B\u00e1rcena admet una reuni\u00f3 pr\u00e8via en la qual els membres del Submar\u00ed es van informar sobre el tipus de fundaci\u00f3 que \u00e9s Aspropace i la seua casu\u00edstica: \u201c\u00c9s la primera presa de contacte a nivell social. Ja vam tindre una pr\u00e8via a la Ciutat Esportiva perqu\u00e8 era la primera vegada que gran part de la plantilla i el cos t\u00e8cnic ten\u00edem contacte amb persones amb par\u00e0lisi cerebral. Van vindre tres treballadors i dos usuaris a ensenyar-nos com relacionar-nos i interactuar amb ells\u201d. Les diferents activitats en les quals conviuran el Villarreal i Aspropace tenen un efecte molt positiu per a totes dues parts. El responsable de la fundaci\u00f3 el qualifica com \u201cmolt enriquidor\u201d i al\u00b7lega les relacions personals que es creen com un gran avantatge: \u201cA part que s\u00f3n persones joves, que van amb una altra energia, coneixem a persones diferents i ens relacionem de manera diferent. Intentem, des de la nostra experi\u00e8ncia, donar a con\u00e9ixer altres realitats i altres maneres de veure la vida\u201d. D\u2019esta mateixa manera, ho veuen els futbolistes del combinat groguet. \u201cPorte ac\u00ed sis anys i tots, excepte el del COVID, he estat en el projecte Endavant. Ens aporta eixir de la resid\u00e8ncia, con\u00e9ixer la realitat d\u2019este m\u00f3n, que no \u00e9s tot meravell\u00f3s. Ens enriqueix molt\u201d, confessa Unai Rodr\u00edguez. El seu company Celso Bermejo coincideix en este aspecte: \u201cSom uns privilegiats perqu\u00e8 pel simple fet de poder dependre de nosaltres mateixos. Ens fa veure la realitat de la vida. El futbol et fa tindre molts valors i veure que no \u00e9s tot de color de rosa\u201d. I \u00e9s que les joves promeses de l\u2019entitat groga solen destacar, a m\u00e9s de per les seues qualitats futbol\u00edstiques, per la seua maduresa fora dels terrenys de joc, tal com deixa entreveure el t\u00e8cnic c\u00e0ntabre del Juvenil A sobre la implicaci\u00f3 dels xics en el projecte Endavant: \u201cQuan veus l\u2019edat que tenen els xics i com de dif\u00edcil pot ser per a ells, necessitem una primera explicaci\u00f3 per a establir unes bases i que prengueren consci\u00e8ncia de com tractar amb ells, per\u00f2 et sorprenen per a b\u00e9, independentment de l\u2019associaci\u00f3 amb la qual treballes. Este \u00e9s el meu cinqu\u00e9 any en Endavant amb gent de diferents edats, infantils, cadets i juvenils i els xics sempre han estat de 10 a nivell de com s\u2019involucren i com els transmetem la import\u00e0ncia d\u2019este projecte per al club\u201d. Endavant Igualtat: una altra manera de veure la vida Els jugadors i entrenadors de la Cantera Grogueta sempre parlen que esta branca d\u2019Endavant \u00e9s molt beneficiosa perqu\u00e8 els obliga a veure altres realitats. I aix\u00f2 mateix creu Gonz\u00e1lez que aporta, en concret, Aspropace: \u201cPortem molts anys col\u00b7laborant en el projecte. Aportem la nostra experi\u00e8ncia i que coneguen que, dins de la mateixa ciutat, perqu\u00e8 estem a Castell\u00f3, per\u00f2 venim molt a Vila-real, hi ha persones amb moltes realitats, per\u00f2 trobem punts d\u2019uni\u00f3 i coses que ens puguen agradar a tots. L\u2019esport \u00e9s un element que cohesiona molt a les persones\u201d. \u201cEl projecte Endavant busca eixa relaci\u00f3 amb l\u2019entorn, veure eixes realitats fora de la bambolla del futbol i relacionar-nos amb la comunitat del Villarreal, que \u00e9s la que el mant\u00e9 viu\u201d, afig B\u00e1rcena. Per al preparador groguet, natural de Santander, Endavant Igualtat \u00e9s essencial per a la Cantera Grogueta i creu que esta pr\u00e0ctica hauria d\u2019estendre\u2019s a la resta de clubs mitjan\u00e7ant programes similars: \u201cConeixia l\u2019exist\u00e8ncia del projecte abans d\u2019estar al Villarreal i de portes per a fora aix\u00f2 genera enveja sana. Tots els clubs haurien de tindre una relaci\u00f3 amb l\u2019entorn i una obra de responsabilitat social aix\u00ed\u201d. A m\u00e9s, confessa que per a aquells que arriben des d\u2019altres regions per a treballar en un club d\u2019elit com el Submar\u00ed, \u00e9s una de les millors maneres d\u2019entendre la idiosincr\u00e0sia del Villarreal: \u201cPer a la gent que som de fora, la part del club que m\u00e9s sentit de pertinen\u00e7a genera \u00e9s el projecte Endavant, sense cap dubte. \u00c9s una responsabilitat molt bonica. En totes les associacions ens diuen l\u2019agra\u00efts que estan, per\u00f2 els m\u00e9s agra\u00efts som nosaltres\u201d.","headings":[{"type":"heading","level":2,"text":"La plantilla de l\u2019equip Sub-19 del Submar\u00ed i els usuaris de la fundaci\u00f3 visiten junts l\u2019estadi groguet"}],"texts":[{"type":"paragraph","text":"El Juvenil A del Villarreal ja ha comen\u00e7at el seu particular projecte Endavant Igualtat 23\/24. Durant la present temporada, els talents del conjunt Sub-19 del Submar\u00ed conviuran amb els usuaris de la Fundaci\u00f3 Aspropace, que pateixen par\u00e0lisi cerebral."},{"type":"paragraph","text":"I en el dia en qu\u00e8 els membres de totes dues parts es presentaven i iniciaven junts este cam\u00ed, qu\u00e8 millor que fer-ho a la casa de tots els groguets. \u201cHa sigut una primera presa de contacte amb l\u2019equip amb el qual farem enguany el projecte Endavant. Hem fet un tour per l\u2019estadi i hem vist les diferents zones i ens hem anat coneixent amb els jugadors\u201d, explica un dels monitors d\u2019oci de la Fundaci\u00f3 Aspropace, Humberto Gonz\u00e1lez, al que l\u2019entrenador del Juvenil A de la Cantera Grogueta, Mario B\u00e1rcena afig que \u201cdecidim que fora un tour per l\u2019estadi perqu\u00e8 calia transportar a moltes persones i ac\u00ed tenim la facilitat de moure\u2019ns b\u00e9\u201d."},{"type":"paragraph","text":"A pesar que la primera trobada oficial va ser este, B\u00e1rcena admet una reuni\u00f3 pr\u00e8via en la qual els membres del Submar\u00ed es van informar sobre el tipus de fundaci\u00f3 que \u00e9s Aspropace i la seua casu\u00edstica: \u201c\u00c9s la primera presa de contacte a nivell social. Ja vam tindre una pr\u00e8via a la Ciutat Esportiva perqu\u00e8 era la primera vegada que gran part de la plantilla i el cos t\u00e8cnic ten\u00edem contacte amb persones amb par\u00e0lisi cerebral. Van vindre tres treballadors i dos usuaris a ensenyar-nos com relacionar-nos i interactuar amb ells\u201d."},{"type":"paragraph","text":"Les diferents activitats en les quals conviuran el Villarreal i Aspropace tenen un efecte molt positiu per a totes dues parts. El responsable de la fundaci\u00f3 el qualifica com \u201cmolt enriquidor\u201d i al\u00b7lega les relacions personals que es creen com un gran avantatge: \u201cA part que s\u00f3n persones joves, que van amb una altra energia, coneixem a persones diferents i ens relacionem de manera diferent. Intentem, des de la nostra experi\u00e8ncia, donar a con\u00e9ixer altres realitats i altres maneres de veure la vida\u201d."},{"type":"paragraph","text":"D\u2019esta mateixa manera, ho veuen els futbolistes del combinat groguet. \u201cPorte ac\u00ed sis anys i tots, excepte el del COVID, he estat en el projecte Endavant. Ens aporta eixir de la resid\u00e8ncia, con\u00e9ixer la realitat d\u2019este m\u00f3n, que no \u00e9s tot meravell\u00f3s. Ens enriqueix molt\u201d, confessa Unai Rodr\u00edguez. El seu company Celso Bermejo coincideix en este aspecte: \u201cSom uns privilegiats perqu\u00e8 pel simple fet de poder dependre de nosaltres mateixos. Ens fa veure la realitat de la vida. El futbol et fa tindre molts valors i veure que no \u00e9s tot de color de rosa\u201d."},{"type":"paragraph","text":"I \u00e9s que les joves promeses de l\u2019entitat groga solen destacar, a m\u00e9s de per les seues qualitats futbol\u00edstiques, per la seua maduresa fora dels terrenys de joc, tal com deixa entreveure el t\u00e8cnic c\u00e0ntabre del Juvenil A sobre la implicaci\u00f3 dels xics en el projecte Endavant: \u201cQuan veus l\u2019edat que tenen els xics i com de dif\u00edcil pot ser per a ells, necessitem una primera explicaci\u00f3 per a establir unes bases i que prengueren consci\u00e8ncia de com tractar amb ells, per\u00f2 et sorprenen per a b\u00e9, independentment de l\u2019associaci\u00f3 amb la qual treballes. Este \u00e9s el meu cinqu\u00e9 any en Endavant amb gent de diferents edats, infantils, cadets i juvenils i els xics sempre han estat de 10 a nivell de com s\u2019involucren i com els transmetem la import\u00e0ncia d\u2019este projecte per al club\u201d."},{"type":"paragraph","text":"Endavant Igualtat: una altra manera de veure la vida"},{"type":"paragraph","text":"Els jugadors i entrenadors de la Cantera Grogueta sempre parlen que esta branca d\u2019Endavant \u00e9s molt beneficiosa perqu\u00e8 els obliga a veure altres realitats. I aix\u00f2 mateix creu Gonz\u00e1lez que aporta, en concret, Aspropace: \u201cPortem molts anys col\u00b7laborant en el projecte. Aportem la nostra experi\u00e8ncia i que coneguen que, dins de la mateixa ciutat, perqu\u00e8 estem a Castell\u00f3, per\u00f2 venim molt a Vila-real, hi ha persones amb moltes realitats, per\u00f2 trobem punts d\u2019uni\u00f3 i coses que ens puguen agradar a tots. L\u2019esport \u00e9s un element que cohesiona molt a les persones\u201d. \u201cEl projecte Endavant busca eixa relaci\u00f3 amb l\u2019entorn, veure eixes realitats fora de la bambolla del futbol i relacionar-nos amb la comunitat del Villarreal, que \u00e9s la que el mant\u00e9 viu\u201d, afig B\u00e1rcena."},{"type":"paragraph","text":"Per al preparador groguet, natural de Santander, Endavant Igualtat \u00e9s essencial per a la Cantera Grogueta i creu que esta pr\u00e0ctica hauria d\u2019estendre\u2019s a la resta de clubs mitjan\u00e7ant programes similars: \u201cConeixia l\u2019exist\u00e8ncia del projecte abans d\u2019estar al Villarreal i de portes per a fora aix\u00f2 genera enveja sana. Tots els clubs haurien de tindre una relaci\u00f3 amb l\u2019entorn i una obra de responsabilitat social aix\u00ed\u201d. A m\u00e9s, confessa que per a aquells que arriben des d\u2019altres regions per a treballar en un club d\u2019elit com el Submar\u00ed, \u00e9s una de les millors maneres d\u2019entendre la idiosincr\u00e0sia del Villarreal: \u201cPer a la gent que som de fora, la part del club que m\u00e9s sentit de pertinen\u00e7a genera \u00e9s el projecte Endavant, sense cap dubte. \u00c9s una responsabilitat molt bonica. En totes les associacions ens diuen l\u2019agra\u00efts que estan, per\u00f2 els m\u00e9s agra\u00efts som nosaltres\u201d."}],"buttons":[],"images":[],"widgets":[],"blocks":[{"type":"heading","level":2,"text":"La plantilla de l\u2019equip Sub-19 del Submar\u00ed i els usuaris de la fundaci\u00f3 visiten junts l\u2019estadi groguet"},{"type":"video","kind":"iframe","url":"https:\/\/www.youtube.com\/embed\/CCj6g4qbMc0?feature=oembed","poster":""},{"type":"paragraph","text":"El Juvenil A del Villarreal ja ha comen\u00e7at el seu particular projecte Endavant Igualtat 23\/24. Durant la present temporada, els talents del conjunt Sub-19 del Submar\u00ed conviuran amb els usuaris de la Fundaci\u00f3 Aspropace, que pateixen par\u00e0lisi cerebral."},{"type":"paragraph","text":"I en el dia en qu\u00e8 els membres de totes dues parts es presentaven i iniciaven junts este cam\u00ed, qu\u00e8 millor que fer-ho a la casa de tots els groguets. \u201cHa sigut una primera presa de contacte amb l\u2019equip amb el qual farem enguany el projecte Endavant. Hem fet un tour per l\u2019estadi i hem vist les diferents zones i ens hem anat coneixent amb els jugadors\u201d, explica un dels monitors d\u2019oci de la Fundaci\u00f3 Aspropace, Humberto Gonz\u00e1lez, al que l\u2019entrenador del Juvenil A de la Cantera Grogueta, Mario B\u00e1rcena afig que \u201cdecidim que fora un tour per l\u2019estadi perqu\u00e8 calia transportar a moltes persones i ac\u00ed tenim la facilitat de moure\u2019ns b\u00e9\u201d."},{"type":"paragraph","text":"A pesar que la primera trobada oficial va ser este, B\u00e1rcena admet una reuni\u00f3 pr\u00e8via en la qual els membres del Submar\u00ed es van informar sobre el tipus de fundaci\u00f3 que \u00e9s Aspropace i la seua casu\u00edstica: \u201c\u00c9s la primera presa de contacte a nivell social. Ja vam tindre una pr\u00e8via a la Ciutat Esportiva perqu\u00e8 era la primera vegada que gran part de la plantilla i el cos t\u00e8cnic ten\u00edem contacte amb persones amb par\u00e0lisi cerebral. Van vindre tres treballadors i dos usuaris a ensenyar-nos com relacionar-nos i interactuar amb ells\u201d."},{"type":"paragraph","text":"Les diferents activitats en les quals conviuran el Villarreal i Aspropace tenen un efecte molt positiu per a totes dues parts. El responsable de la fundaci\u00f3 el qualifica com \u201cmolt enriquidor\u201d i al\u00b7lega les relacions personals que es creen com un gran avantatge: \u201cA part que s\u00f3n persones joves, que van amb una altra energia, coneixem a persones diferents i ens relacionem de manera diferent. Intentem, des de la nostra experi\u00e8ncia, donar a con\u00e9ixer altres realitats i altres maneres de veure la vida\u201d."},{"type":"paragraph","text":"D\u2019esta mateixa manera, ho veuen els futbolistes del combinat groguet. \u201cPorte ac\u00ed sis anys i tots, excepte el del COVID, he estat en el projecte Endavant. Ens aporta eixir de la resid\u00e8ncia, con\u00e9ixer la realitat d\u2019este m\u00f3n, que no \u00e9s tot meravell\u00f3s. Ens enriqueix molt\u201d, confessa Unai Rodr\u00edguez. El seu company Celso Bermejo coincideix en este aspecte: \u201cSom uns privilegiats perqu\u00e8 pel simple fet de poder dependre de nosaltres mateixos. Ens fa veure la realitat de la vida. El futbol et fa tindre molts valors i veure que no \u00e9s tot de color de rosa\u201d."},{"type":"paragraph","text":"I \u00e9s que les joves promeses de l\u2019entitat groga solen destacar, a m\u00e9s de per les seues qualitats futbol\u00edstiques, per la seua maduresa fora dels terrenys de joc, tal com deixa entreveure el t\u00e8cnic c\u00e0ntabre del Juvenil A sobre la implicaci\u00f3 dels xics en el projecte Endavant: \u201cQuan veus l\u2019edat que tenen els xics i com de dif\u00edcil pot ser per a ells, necessitem una primera explicaci\u00f3 per a establir unes bases i que prengueren consci\u00e8ncia de com tractar amb ells, per\u00f2 et sorprenen per a b\u00e9, independentment de l\u2019associaci\u00f3 amb la qual treballes. Este \u00e9s el meu cinqu\u00e9 any en Endavant amb gent de diferents edats, infantils, cadets i juvenils i els xics sempre han estat de 10 a nivell de com s\u2019involucren i com els transmetem la import\u00e0ncia d\u2019este projecte per al club\u201d."},{"type":"paragraph","text":"Endavant Igualtat: una altra manera de veure la vida"},{"type":"paragraph","text":"Els jugadors i entrenadors de la Cantera Grogueta sempre parlen que esta branca d\u2019Endavant \u00e9s molt beneficiosa perqu\u00e8 els obliga a veure altres realitats. I aix\u00f2 mateix creu Gonz\u00e1lez que aporta, en concret, Aspropace: \u201cPortem molts anys col\u00b7laborant en el projecte. Aportem la nostra experi\u00e8ncia i que coneguen que, dins de la mateixa ciutat, perqu\u00e8 estem a Castell\u00f3, per\u00f2 venim molt a Vila-real, hi ha persones amb moltes realitats, per\u00f2 trobem punts d\u2019uni\u00f3 i coses que ens puguen agradar a tots. L\u2019esport \u00e9s un element que cohesiona molt a les persones\u201d. \u201cEl projecte Endavant busca eixa relaci\u00f3 amb l\u2019entorn, veure eixes realitats fora de la bambolla del futbol i relacionar-nos amb la comunitat del Villarreal, que \u00e9s la que el mant\u00e9 viu\u201d, afig B\u00e1rcena."},{"type":"paragraph","text":"Per al preparador groguet, natural de Santander, Endavant Igualtat \u00e9s essencial per a la Cantera Grogueta i creu que esta pr\u00e0ctica hauria d\u2019estendre\u2019s a la resta de clubs mitjan\u00e7ant programes similars: \u201cConeixia l\u2019exist\u00e8ncia del projecte abans d\u2019estar al Villarreal i de portes per a fora aix\u00f2 genera enveja sana. Tots els clubs haurien de tindre una relaci\u00f3 amb l\u2019entorn i una obra de responsabilitat social aix\u00ed\u201d. A m\u00e9s, confessa que per a aquells que arriben des d\u2019altres regions per a treballar en un club d\u2019elit com el Submar\u00ed, \u00e9s una de les millors maneres d\u2019entendre la idiosincr\u00e0sia del Villarreal: \u201cPer a la gent que som de fora, la part del club que m\u00e9s sentit de pertinen\u00e7a genera \u00e9s el projecte Endavant, sense cap dubte. \u00c9s una responsabilitat molt bonica. En totes les associacions ens diuen l\u2019agra\u00efts que estan, per\u00f2 els m\u00e9s agra\u00efts som nosaltres\u201d."}]}],"hero":{"id":"section-1","title":"La plantilla de l\u2019equip Sub-19 del Submar\u00ed i els usuaris de la fundaci\u00f3 visiten junts l\u2019estadi groguet","text":"La plantilla de l\u2019equip Sub-19 del Submar\u00ed i els usuaris de la fundaci\u00f3 visiten junts l\u2019estadi groguet El Juvenil A del Villarreal ja ha comen\u00e7at el seu particular projecte Endavant Igualtat 23\/24. Durant la present temporada, els talents del conjunt Sub-19 del Submar\u00ed conviuran amb els usuaris de la Fundaci\u00f3 Aspropace, que pateixen par\u00e0lisi cerebral. I en el dia en qu\u00e8 els membres de totes dues parts es presentaven i iniciaven junts este cam\u00ed, qu\u00e8 millor que fer-ho a la casa de tots els groguets. \u201cHa sigut una primera presa de contacte amb l\u2019equip amb el qual farem enguany el projecte Endavant. Hem fet un tour per l\u2019estadi i hem vist les diferents zones i ens hem anat coneixent amb els jugadors\u201d, explica un dels monitors d\u2019oci de la Fundaci\u00f3 Aspropace, Humberto Gonz\u00e1lez, al que l\u2019entrenador del Juvenil A de la Cantera Grogueta, Mario B\u00e1rcena afig que \u201cdecidim que fora un tour per l\u2019estadi perqu\u00e8 calia transportar a moltes persones i ac\u00ed tenim la facilitat de moure\u2019ns b\u00e9\u201d. A pesar que la primera trobada oficial va ser este, B\u00e1rcena admet una reuni\u00f3 pr\u00e8via en la qual els membres del Submar\u00ed es van informar sobre el tipus de fundaci\u00f3 que \u00e9s Aspropace i la seua casu\u00edstica: \u201c\u00c9s la primera presa de contacte a nivell social. Ja vam tindre una pr\u00e8via a la Ciutat Esportiva perqu\u00e8 era la primera vegada que gran part de la plantilla i el cos t\u00e8cnic ten\u00edem contacte amb persones amb par\u00e0lisi cerebral. Van vindre tres treballadors i dos usuaris a ensenyar-nos com relacionar-nos i interactuar amb ells\u201d. Les diferents activitats en les quals conviuran el Villarreal i Aspropace tenen un efecte molt positiu per a totes dues parts. El responsable de la fundaci\u00f3 el qualifica com \u201cmolt enriquidor\u201d i al\u00b7lega les relacions personals que es creen com un gran avantatge: \u201cA part que s\u00f3n persones joves, que van amb una altra energia, coneixem a persones diferents i ens relacionem de manera diferent. Intentem, des de la nostra experi\u00e8ncia, donar a con\u00e9ixer altres realitats i altres maneres de veure la vida\u201d. D\u2019esta mateixa manera, ho veuen els futbolistes del combinat groguet. \u201cPorte ac\u00ed sis anys i tots, excepte el del COVID, he estat en el projecte Endavant. Ens aporta eixir de la resid\u00e8ncia, con\u00e9ixer la realitat d\u2019este m\u00f3n, que no \u00e9s tot meravell\u00f3s. Ens enriqueix molt\u201d, confessa Unai Rodr\u00edguez. El seu company Celso Bermejo coincideix en este aspecte: \u201cSom uns privilegiats perqu\u00e8 pel simple fet de poder dependre de nosaltres mateixos. Ens fa veure la realitat de la vida. El futbol et fa tindre molts valors i veure que no \u00e9s tot de color de rosa\u201d. I \u00e9s que les joves promeses de l\u2019entitat groga solen destacar, a m\u00e9s de per les seues qualitats futbol\u00edstiques, per la seua maduresa fora dels terrenys de joc, tal com deixa entreveure el t\u00e8cnic c\u00e0ntabre del Juvenil A sobre la implicaci\u00f3 dels xics en el projecte Endavant: \u201cQuan veus l\u2019edat que tenen els xics i com de dif\u00edcil pot ser per a ells, necessitem una primera explicaci\u00f3 per a establir unes bases i que prengueren consci\u00e8ncia de com tractar amb ells, per\u00f2 et sorprenen per a b\u00e9, independentment de l\u2019associaci\u00f3 amb la qual treballes. Este \u00e9s el meu cinqu\u00e9 any en Endavant amb gent de diferents edats, infantils, cadets i juvenils i els xics sempre han estat de 10 a nivell de com s\u2019involucren i com els transmetem la import\u00e0ncia d\u2019este projecte per al club\u201d. Endavant Igualtat: una altra manera de veure la vida Els jugadors i entrenadors de la Cantera Grogueta sempre parlen que esta branca d\u2019Endavant \u00e9s molt beneficiosa perqu\u00e8 els obliga a veure altres realitats. I aix\u00f2 mateix creu Gonz\u00e1lez que aporta, en concret, Aspropace: \u201cPortem molts anys col\u00b7laborant en el projecte. Aportem la nostra experi\u00e8ncia i que coneguen que, dins de la mateixa ciutat, perqu\u00e8 estem a Castell\u00f3, per\u00f2 venim molt a Vila-real, hi ha persones amb moltes realitats, per\u00f2 trobem punts d\u2019uni\u00f3 i coses que ens puguen agradar a tots. L\u2019esport \u00e9s un element que cohesiona molt a les persones\u201d. \u201cEl projecte Endavant busca eixa relaci\u00f3 amb l\u2019entorn, veure eixes realitats fora de la bambolla del futbol i relacionar-nos amb la comunitat del Villarreal, que \u00e9s la que el mant\u00e9 viu\u201d, afig B\u00e1rcena. Per al preparador groguet, natural de Santander, Endavant Igualtat \u00e9s essencial per a la Cantera Grogueta i creu que esta pr\u00e0ctica hauria d\u2019estendre\u2019s a la resta de clubs mitjan\u00e7ant programes similars: \u201cConeixia l\u2019exist\u00e8ncia del projecte abans d\u2019estar al Villarreal i de portes per a fora aix\u00f2 genera enveja sana. Tots els clubs haurien de tindre una relaci\u00f3 amb l\u2019entorn i una obra de responsabilitat social aix\u00ed\u201d. A m\u00e9s, confessa que per a aquells que arriben des d\u2019altres regions per a treballar en un club d\u2019elit com el Submar\u00ed, \u00e9s una de les millors maneres d\u2019entendre la idiosincr\u00e0sia del Villarreal: \u201cPer a la gent que som de fora, la part del club que m\u00e9s sentit de pertinen\u00e7a genera \u00e9s el projecte Endavant, sense cap dubte. \u00c9s una responsabilitat molt bonica. En totes les associacions ens diuen l\u2019agra\u00efts que estan, per\u00f2 els m\u00e9s agra\u00efts som nosaltres\u201d.","headings":[{"type":"heading","level":2,"text":"La plantilla de l\u2019equip Sub-19 del Submar\u00ed i els usuaris de la fundaci\u00f3 visiten junts l\u2019estadi groguet"}],"texts":[{"type":"paragraph","text":"El Juvenil A del Villarreal ja ha comen\u00e7at el seu particular projecte Endavant Igualtat 23\/24. Durant la present temporada, els talents del conjunt Sub-19 del Submar\u00ed conviuran amb els usuaris de la Fundaci\u00f3 Aspropace, que pateixen par\u00e0lisi cerebral."},{"type":"paragraph","text":"I en el dia en qu\u00e8 els membres de totes dues parts es presentaven i iniciaven junts este cam\u00ed, qu\u00e8 millor que fer-ho a la casa de tots els groguets. \u201cHa sigut una primera presa de contacte amb l\u2019equip amb el qual farem enguany el projecte Endavant. Hem fet un tour per l\u2019estadi i hem vist les diferents zones i ens hem anat coneixent amb els jugadors\u201d, explica un dels monitors d\u2019oci de la Fundaci\u00f3 Aspropace, Humberto Gonz\u00e1lez, al que l\u2019entrenador del Juvenil A de la Cantera Grogueta, Mario B\u00e1rcena afig que \u201cdecidim que fora un tour per l\u2019estadi perqu\u00e8 calia transportar a moltes persones i ac\u00ed tenim la facilitat de moure\u2019ns b\u00e9\u201d."},{"type":"paragraph","text":"A pesar que la primera trobada oficial va ser este, B\u00e1rcena admet una reuni\u00f3 pr\u00e8via en la qual els membres del Submar\u00ed es van informar sobre el tipus de fundaci\u00f3 que \u00e9s Aspropace i la seua casu\u00edstica: \u201c\u00c9s la primera presa de contacte a nivell social. Ja vam tindre una pr\u00e8via a la Ciutat Esportiva perqu\u00e8 era la primera vegada que gran part de la plantilla i el cos t\u00e8cnic ten\u00edem contacte amb persones amb par\u00e0lisi cerebral. Van vindre tres treballadors i dos usuaris a ensenyar-nos com relacionar-nos i interactuar amb ells\u201d."},{"type":"paragraph","text":"Les diferents activitats en les quals conviuran el Villarreal i Aspropace tenen un efecte molt positiu per a totes dues parts. El responsable de la fundaci\u00f3 el qualifica com \u201cmolt enriquidor\u201d i al\u00b7lega les relacions personals que es creen com un gran avantatge: \u201cA part que s\u00f3n persones joves, que van amb una altra energia, coneixem a persones diferents i ens relacionem de manera diferent. Intentem, des de la nostra experi\u00e8ncia, donar a con\u00e9ixer altres realitats i altres maneres de veure la vida\u201d."},{"type":"paragraph","text":"D\u2019esta mateixa manera, ho veuen els futbolistes del combinat groguet. \u201cPorte ac\u00ed sis anys i tots, excepte el del COVID, he estat en el projecte Endavant. Ens aporta eixir de la resid\u00e8ncia, con\u00e9ixer la realitat d\u2019este m\u00f3n, que no \u00e9s tot meravell\u00f3s. Ens enriqueix molt\u201d, confessa Unai Rodr\u00edguez. El seu company Celso Bermejo coincideix en este aspecte: \u201cSom uns privilegiats perqu\u00e8 pel simple fet de poder dependre de nosaltres mateixos. Ens fa veure la realitat de la vida. El futbol et fa tindre molts valors i veure que no \u00e9s tot de color de rosa\u201d."},{"type":"paragraph","text":"I \u00e9s que les joves promeses de l\u2019entitat groga solen destacar, a m\u00e9s de per les seues qualitats futbol\u00edstiques, per la seua maduresa fora dels terrenys de joc, tal com deixa entreveure el t\u00e8cnic c\u00e0ntabre del Juvenil A sobre la implicaci\u00f3 dels xics en el projecte Endavant: \u201cQuan veus l\u2019edat que tenen els xics i com de dif\u00edcil pot ser per a ells, necessitem una primera explicaci\u00f3 per a establir unes bases i que prengueren consci\u00e8ncia de com tractar amb ells, per\u00f2 et sorprenen per a b\u00e9, independentment de l\u2019associaci\u00f3 amb la qual treballes. Este \u00e9s el meu cinqu\u00e9 any en Endavant amb gent de diferents edats, infantils, cadets i juvenils i els xics sempre han estat de 10 a nivell de com s\u2019involucren i com els transmetem la import\u00e0ncia d\u2019este projecte per al club\u201d."},{"type":"paragraph","text":"Endavant Igualtat: una altra manera de veure la vida"},{"type":"paragraph","text":"Els jugadors i entrenadors de la Cantera Grogueta sempre parlen que esta branca d\u2019Endavant \u00e9s molt beneficiosa perqu\u00e8 els obliga a veure altres realitats. I aix\u00f2 mateix creu Gonz\u00e1lez que aporta, en concret, Aspropace: \u201cPortem molts anys col\u00b7laborant en el projecte. Aportem la nostra experi\u00e8ncia i que coneguen que, dins de la mateixa ciutat, perqu\u00e8 estem a Castell\u00f3, per\u00f2 venim molt a Vila-real, hi ha persones amb moltes realitats, per\u00f2 trobem punts d\u2019uni\u00f3 i coses que ens puguen agradar a tots. L\u2019esport \u00e9s un element que cohesiona molt a les persones\u201d. \u201cEl projecte Endavant busca eixa relaci\u00f3 amb l\u2019entorn, veure eixes realitats fora de la bambolla del futbol i relacionar-nos amb la comunitat del Villarreal, que \u00e9s la que el mant\u00e9 viu\u201d, afig B\u00e1rcena."},{"type":"paragraph","text":"Per al preparador groguet, natural de Santander, Endavant Igualtat \u00e9s essencial per a la Cantera Grogueta i creu que esta pr\u00e0ctica hauria d\u2019estendre\u2019s a la resta de clubs mitjan\u00e7ant programes similars: \u201cConeixia l\u2019exist\u00e8ncia del projecte abans d\u2019estar al Villarreal i de portes per a fora aix\u00f2 genera enveja sana. Tots els clubs haurien de tindre una relaci\u00f3 amb l\u2019entorn i una obra de responsabilitat social aix\u00ed\u201d. A m\u00e9s, confessa que per a aquells que arriben des d\u2019altres regions per a treballar en un club d\u2019elit com el Submar\u00ed, \u00e9s una de les millors maneres d\u2019entendre la idiosincr\u00e0sia del Villarreal: \u201cPer a la gent que som de fora, la part del club que m\u00e9s sentit de pertinen\u00e7a genera \u00e9s el projecte Endavant, sense cap dubte. \u00c9s una responsabilitat molt bonica. En totes les associacions ens diuen l\u2019agra\u00efts que estan, per\u00f2 els m\u00e9s agra\u00efts som nosaltres\u201d."}],"buttons":[],"images":[],"widgets":[],"blocks":[{"type":"heading","level":2,"text":"La plantilla de l\u2019equip Sub-19 del Submar\u00ed i els usuaris de la fundaci\u00f3 visiten junts l\u2019estadi groguet"},{"type":"video","kind":"iframe","url":"https:\/\/www.youtube.com\/embed\/CCj6g4qbMc0?feature=oembed","poster":""},{"type":"paragraph","text":"El Juvenil A del Villarreal ja ha comen\u00e7at el seu particular projecte Endavant Igualtat 23\/24. Durant la present temporada, els talents del conjunt Sub-19 del Submar\u00ed conviuran amb els usuaris de la Fundaci\u00f3 Aspropace, que pateixen par\u00e0lisi cerebral."},{"type":"paragraph","text":"I en el dia en qu\u00e8 els membres de totes dues parts es presentaven i iniciaven junts este cam\u00ed, qu\u00e8 millor que fer-ho a la casa de tots els groguets. \u201cHa sigut una primera presa de contacte amb l\u2019equip amb el qual farem enguany el projecte Endavant. Hem fet un tour per l\u2019estadi i hem vist les diferents zones i ens hem anat coneixent amb els jugadors\u201d, explica un dels monitors d\u2019oci de la Fundaci\u00f3 Aspropace, Humberto Gonz\u00e1lez, al que l\u2019entrenador del Juvenil A de la Cantera Grogueta, Mario B\u00e1rcena afig que \u201cdecidim que fora un tour per l\u2019estadi perqu\u00e8 calia transportar a moltes persones i ac\u00ed tenim la facilitat de moure\u2019ns b\u00e9\u201d."},{"type":"paragraph","text":"A pesar que la primera trobada oficial va ser este, B\u00e1rcena admet una reuni\u00f3 pr\u00e8via en la qual els membres del Submar\u00ed es van informar sobre el tipus de fundaci\u00f3 que \u00e9s Aspropace i la seua casu\u00edstica: \u201c\u00c9s la primera presa de contacte a nivell social. Ja vam tindre una pr\u00e8via a la Ciutat Esportiva perqu\u00e8 era la primera vegada que gran part de la plantilla i el cos t\u00e8cnic ten\u00edem contacte amb persones amb par\u00e0lisi cerebral. Van vindre tres treballadors i dos usuaris a ensenyar-nos com relacionar-nos i interactuar amb ells\u201d."},{"type":"paragraph","text":"Les diferents activitats en les quals conviuran el Villarreal i Aspropace tenen un efecte molt positiu per a totes dues parts. El responsable de la fundaci\u00f3 el qualifica com \u201cmolt enriquidor\u201d i al\u00b7lega les relacions personals que es creen com un gran avantatge: \u201cA part que s\u00f3n persones joves, que van amb una altra energia, coneixem a persones diferents i ens relacionem de manera diferent. Intentem, des de la nostra experi\u00e8ncia, donar a con\u00e9ixer altres realitats i altres maneres de veure la vida\u201d."},{"type":"paragraph","text":"D\u2019esta mateixa manera, ho veuen els futbolistes del combinat groguet. \u201cPorte ac\u00ed sis anys i tots, excepte el del COVID, he estat en el projecte Endavant. Ens aporta eixir de la resid\u00e8ncia, con\u00e9ixer la realitat d\u2019este m\u00f3n, que no \u00e9s tot meravell\u00f3s. Ens enriqueix molt\u201d, confessa Unai Rodr\u00edguez. El seu company Celso Bermejo coincideix en este aspecte: \u201cSom uns privilegiats perqu\u00e8 pel simple fet de poder dependre de nosaltres mateixos. Ens fa veure la realitat de la vida. El futbol et fa tindre molts valors i veure que no \u00e9s tot de color de rosa\u201d."},{"type":"paragraph","text":"I \u00e9s que les joves promeses de l\u2019entitat groga solen destacar, a m\u00e9s de per les seues qualitats futbol\u00edstiques, per la seua maduresa fora dels terrenys de joc, tal com deixa entreveure el t\u00e8cnic c\u00e0ntabre del Juvenil A sobre la implicaci\u00f3 dels xics en el projecte Endavant: \u201cQuan veus l\u2019edat que tenen els xics i com de dif\u00edcil pot ser per a ells, necessitem una primera explicaci\u00f3 per a establir unes bases i que prengueren consci\u00e8ncia de com tractar amb ells, per\u00f2 et sorprenen per a b\u00e9, independentment de l\u2019associaci\u00f3 amb la qual treballes. Este \u00e9s el meu cinqu\u00e9 any en Endavant amb gent de diferents edats, infantils, cadets i juvenils i els xics sempre han estat de 10 a nivell de com s\u2019involucren i com els transmetem la import\u00e0ncia d\u2019este projecte per al club\u201d."},{"type":"paragraph","text":"Endavant Igualtat: una altra manera de veure la vida"},{"type":"paragraph","text":"Els jugadors i entrenadors de la Cantera Grogueta sempre parlen que esta branca d\u2019Endavant \u00e9s molt beneficiosa perqu\u00e8 els obliga a veure altres realitats. I aix\u00f2 mateix creu Gonz\u00e1lez que aporta, en concret, Aspropace: \u201cPortem molts anys col\u00b7laborant en el projecte. Aportem la nostra experi\u00e8ncia i que coneguen que, dins de la mateixa ciutat, perqu\u00e8 estem a Castell\u00f3, per\u00f2 venim molt a Vila-real, hi ha persones amb moltes realitats, per\u00f2 trobem punts d\u2019uni\u00f3 i coses que ens puguen agradar a tots. L\u2019esport \u00e9s un element que cohesiona molt a les persones\u201d. \u201cEl projecte Endavant busca eixa relaci\u00f3 amb l\u2019entorn, veure eixes realitats fora de la bambolla del futbol i relacionar-nos amb la comunitat del Villarreal, que \u00e9s la que el mant\u00e9 viu\u201d, afig B\u00e1rcena."},{"type":"paragraph","text":"Per al preparador groguet, natural de Santander, Endavant Igualtat \u00e9s essencial per a la Cantera Grogueta i creu que esta pr\u00e0ctica hauria d\u2019estendre\u2019s a la resta de clubs mitjan\u00e7ant programes similars: \u201cConeixia l\u2019exist\u00e8ncia del projecte abans d\u2019estar al Villarreal i de portes per a fora aix\u00f2 genera enveja sana. Tots els clubs haurien de tindre una relaci\u00f3 amb l\u2019entorn i una obra de responsabilitat social aix\u00ed\u201d. A m\u00e9s, confessa que per a aquells que arriben des d\u2019altres regions per a treballar en un club d\u2019elit com el Submar\u00ed, \u00e9s una de les millors maneres d\u2019entendre la idiosincr\u00e0sia del Villarreal: \u201cPer a la gent que som de fora, la part del club que m\u00e9s sentit de pertinen\u00e7a genera \u00e9s el projecte Endavant, sense cap dubte. \u00c9s una responsabilitat molt bonica. En totes les associacions ens diuen l\u2019agra\u00efts que estan, per\u00f2 els m\u00e9s agra\u00efts som nosaltres\u201d."}]}},"sections":[{"id":"section-1","title":"La plantilla de l\u2019equip Sub-19 del Submar\u00ed i els usuaris de la fundaci\u00f3 visiten junts l\u2019estadi groguet","text":"La plantilla de l\u2019equip Sub-19 del Submar\u00ed i els usuaris de la fundaci\u00f3 visiten junts l\u2019estadi groguet El Juvenil A del Villarreal ja ha comen\u00e7at el seu particular projecte Endavant Igualtat 23\/24. Durant la present temporada, els talents del conjunt Sub-19 del Submar\u00ed conviuran amb els usuaris de la Fundaci\u00f3 Aspropace, que pateixen par\u00e0lisi cerebral. I en el dia en qu\u00e8 els membres de totes dues parts es presentaven i iniciaven junts este cam\u00ed, qu\u00e8 millor que fer-ho a la casa de tots els groguets. \u201cHa sigut una primera presa de contacte amb l\u2019equip amb el qual farem enguany el projecte Endavant. Hem fet un tour per l\u2019estadi i hem vist les diferents zones i ens hem anat coneixent amb els jugadors\u201d, explica un dels monitors d\u2019oci de la Fundaci\u00f3 Aspropace, Humberto Gonz\u00e1lez, al que l\u2019entrenador del Juvenil A de la Cantera Grogueta, Mario B\u00e1rcena afig que \u201cdecidim que fora un tour per l\u2019estadi perqu\u00e8 calia transportar a moltes persones i ac\u00ed tenim la facilitat de moure\u2019ns b\u00e9\u201d. A pesar que la primera trobada oficial va ser este, B\u00e1rcena admet una reuni\u00f3 pr\u00e8via en la qual els membres del Submar\u00ed es van informar sobre el tipus de fundaci\u00f3 que \u00e9s Aspropace i la seua casu\u00edstica: \u201c\u00c9s la primera presa de contacte a nivell social. Ja vam tindre una pr\u00e8via a la Ciutat Esportiva perqu\u00e8 era la primera vegada que gran part de la plantilla i el cos t\u00e8cnic ten\u00edem contacte amb persones amb par\u00e0lisi cerebral. Van vindre tres treballadors i dos usuaris a ensenyar-nos com relacionar-nos i interactuar amb ells\u201d. Les diferents activitats en les quals conviuran el Villarreal i Aspropace tenen un efecte molt positiu per a totes dues parts. El responsable de la fundaci\u00f3 el qualifica com \u201cmolt enriquidor\u201d i al\u00b7lega les relacions personals que es creen com un gran avantatge: \u201cA part que s\u00f3n persones joves, que van amb una altra energia, coneixem a persones diferents i ens relacionem de manera diferent. Intentem, des de la nostra experi\u00e8ncia, donar a con\u00e9ixer altres realitats i altres maneres de veure la vida\u201d. D\u2019esta mateixa manera, ho veuen els futbolistes del combinat groguet. \u201cPorte ac\u00ed sis anys i tots, excepte el del COVID, he estat en el projecte Endavant. Ens aporta eixir de la resid\u00e8ncia, con\u00e9ixer la realitat d\u2019este m\u00f3n, que no \u00e9s tot meravell\u00f3s. Ens enriqueix molt\u201d, confessa Unai Rodr\u00edguez. El seu company Celso Bermejo coincideix en este aspecte: \u201cSom uns privilegiats perqu\u00e8 pel simple fet de poder dependre de nosaltres mateixos. Ens fa veure la realitat de la vida. El futbol et fa tindre molts valors i veure que no \u00e9s tot de color de rosa\u201d. I \u00e9s que les joves promeses de l\u2019entitat groga solen destacar, a m\u00e9s de per les seues qualitats futbol\u00edstiques, per la seua maduresa fora dels terrenys de joc, tal com deixa entreveure el t\u00e8cnic c\u00e0ntabre del Juvenil A sobre la implicaci\u00f3 dels xics en el projecte Endavant: \u201cQuan veus l\u2019edat que tenen els xics i com de dif\u00edcil pot ser per a ells, necessitem una primera explicaci\u00f3 per a establir unes bases i que prengueren consci\u00e8ncia de com tractar amb ells, per\u00f2 et sorprenen per a b\u00e9, independentment de l\u2019associaci\u00f3 amb la qual treballes. Este \u00e9s el meu cinqu\u00e9 any en Endavant amb gent de diferents edats, infantils, cadets i juvenils i els xics sempre han estat de 10 a nivell de com s\u2019involucren i com els transmetem la import\u00e0ncia d\u2019este projecte per al club\u201d. Endavant Igualtat: una altra manera de veure la vida Els jugadors i entrenadors de la Cantera Grogueta sempre parlen que esta branca d\u2019Endavant \u00e9s molt beneficiosa perqu\u00e8 els obliga a veure altres realitats. I aix\u00f2 mateix creu Gonz\u00e1lez que aporta, en concret, Aspropace: \u201cPortem molts anys col\u00b7laborant en el projecte. Aportem la nostra experi\u00e8ncia i que coneguen que, dins de la mateixa ciutat, perqu\u00e8 estem a Castell\u00f3, per\u00f2 venim molt a Vila-real, hi ha persones amb moltes realitats, per\u00f2 trobem punts d\u2019uni\u00f3 i coses que ens puguen agradar a tots. L\u2019esport \u00e9s un element que cohesiona molt a les persones\u201d. \u201cEl projecte Endavant busca eixa relaci\u00f3 amb l\u2019entorn, veure eixes realitats fora de la bambolla del futbol i relacionar-nos amb la comunitat del Villarreal, que \u00e9s la que el mant\u00e9 viu\u201d, afig B\u00e1rcena. Per al preparador groguet, natural de Santander, Endavant Igualtat \u00e9s essencial per a la Cantera Grogueta i creu que esta pr\u00e0ctica hauria d\u2019estendre\u2019s a la resta de clubs mitjan\u00e7ant programes similars: \u201cConeixia l\u2019exist\u00e8ncia del projecte abans d\u2019estar al Villarreal i de portes per a fora aix\u00f2 genera enveja sana. Tots els clubs haurien de tindre una relaci\u00f3 amb l\u2019entorn i una obra de responsabilitat social aix\u00ed\u201d. A m\u00e9s, confessa que per a aquells que arriben des d\u2019altres regions per a treballar en un club d\u2019elit com el Submar\u00ed, \u00e9s una de les millors maneres d\u2019entendre la idiosincr\u00e0sia del Villarreal: \u201cPer a la gent que som de fora, la part del club que m\u00e9s sentit de pertinen\u00e7a genera \u00e9s el projecte Endavant, sense cap dubte. \u00c9s una responsabilitat molt bonica. En totes les associacions ens diuen l\u2019agra\u00efts que estan, per\u00f2 els m\u00e9s agra\u00efts som nosaltres\u201d.","url":"","background_image":"","images":[],"videos":[{"type":"video","kind":"iframe","url":"https:\/\/www.youtube.com\/embed\/CCj6g4qbMc0?feature=oembed","poster":""}],"links":[]}]},"excerpt":{"rendered":"La plantilla de l&#8217;equip Sub-19 del Submar\u00ed i els usuaris de la fundaci\u00f3 visiten junts l&#8217;estadi groguet","protected":false},"author":33,"featured_media":291440,"comment_status":"closed","ping_status":"closed","sticky":false,"template":"","format":"standard","meta":{"_acf_changed":false,"footnotes":""},"categories":[13509],"tags":[14551,9366,10325,9242,10773,717,9270,9227,9370,716,9205,9627,9203],"acf":null,"lang":"val","translations":{"es":291433,"val":291448,"en":291451},"essential_grid":{"has_grid":false},"formatted_date":"December 5, 2023","modified_date":"December 5, 2023","permalink":"https:\/\/villarrealcf.es\/val\/el-juvenil-a-i-aspropace-coneixen-la-ceramica\/","reading_time":5,"featured_media_data":{"id":291440,"title":"20231123-VisitaEstadioASPROPACEJuvA-028","caption":"","alt_text":"","description":"","mime_type":"image\/jpeg","source_url":"https:\/\/villarrealcf.es\/wp-content\/uploads\/2023\/12\/20231123-VisitaEstadioASPROPACEJuvA-028-scaled.jpg","sizes":{"thumbnail":{"url":"https:\/\/villarrealcf.es\/wp-content\/uploads\/2023\/12\/20231123-VisitaEstadioASPROPACEJuvA-028-1920x1080.jpg","width":1920,"height":1080},"medium":{"url":"https:\/\/villarrealcf.es\/wp-content\/uploads\/2023\/12\/20231123-VisitaEstadioASPROPACEJuvA-028-1920x1080.jpg","width":1920,"height":1080},"medium_large":{"url":"https:\/\/villarrealcf.es\/wp-content\/uploads\/2023\/12\/20231123-VisitaEstadioASPROPACEJuvA-028-768x432.jpg","width":768,"height":432},"large":{"url":"https:\/\/villarrealcf.es\/wp-content\/uploads\/2023\/12\/20231123-VisitaEstadioASPROPACEJuvA-028-1920x1080.jpg","width":788,"height":443},"1536x1536":{"url":"https:\/\/villarrealcf.es\/wp-content\/uploads\/2023\/12\/20231123-VisitaEstadioASPROPACEJuvA-028-1536x864.jpg","width":1536,"height":864},"2048x2048":{"url":"https:\/\/villarrealcf.es\/wp-content\/uploads\/2023\/12\/20231123-VisitaEstadioASPROPACEJuvA-028-2048x1152.jpg","width":2048,"height":1152},"tp-image-grid":{"url":"https:\/\/villarrealcf.es\/wp-content\/uploads\/2023\/12\/20231123-VisitaEstadioASPROPACEJuvA-028-700x700.jpg","width":700,"height":700},"size-bunyad-medium":{"url":"https:\/\/villarrealcf.es\/wp-content\/uploads\/2023\/12\/20231123-VisitaEstadioASPROPACEJuvA-028-1920x1080.jpg","width":1920,"height":1080},"sportspress-crop-medium":{"url":"https:\/\/villarrealcf.es\/wp-content\/uploads\/2023\/12\/20231123-VisitaEstadioASPROPACEJuvA-028-300x300.jpg","width":300,"height":300},"sportspress-fit-medium":{"url":"https:\/\/villarrealcf.es\/wp-content\/uploads\/2023\/12\/20231123-VisitaEstadioASPROPACEJuvA-028-300x169.jpg","width":300,"height":169},"sportspress-fit-icon":{"url":"https:\/\/villarrealcf.es\/wp-content\/uploads\/2023\/12\/20231123-VisitaEstadioASPROPACEJuvA-028-128x72.jpg","width":128,"height":72},"sportspress-fit-mini":{"url":"https:\/\/villarrealcf.es\/wp-content\/uploads\/2023\/12\/20231123-VisitaEstadioASPROPACEJuvA-028-32x18.jpg","width":32,"height":18},"bunyad-small":{"url":"https:\/\/villarrealcf.es\/wp-content\/uploads\/2023\/12\/20231123-VisitaEstadioASPROPACEJuvA-028-150x84.jpg","width":150,"height":84},"bunyad-medium":{"url":"https:\/\/villarrealcf.es\/wp-content\/uploads\/2023\/12\/20231123-VisitaEstadioASPROPACEJuvA-028-450x253.jpg","width":450,"height":253},"bunyad-full":{"url":"https:\/\/villarrealcf.es\/wp-content\/uploads\/2023\/12\/20231123-VisitaEstadioASPROPACEJuvA-028-1200x675.jpg","width":1200,"height":675},"bunyad-viewport":{"url":"https:\/\/villarrealcf.es\/wp-content\/uploads\/2023\/12\/20231123-VisitaEstadioASPROPACEJuvA-028-2048x1152.jpg","width":2048,"height":1152},"bunyad-768":{"url":"https:\/\/villarrealcf.es\/wp-content\/uploads\/2023\/12\/20231123-VisitaEstadioASPROPACEJuvA-028-768x432.jpg","width":768,"height":432},"full":{"url":"https:\/\/villarrealcf.es\/wp-content\/uploads\/2023\/12\/20231123-VisitaEstadioASPROPACEJuvA-028-scaled.jpg","width":2560,"height":1440}}},"author_data":{"id":"33","name":"Nacho Tejada","first_name":"Nacho","last_name":"Tejada","description":"","avatar_url":"https:\/\/secure.gravatar.com\/avatar\/b1580534b2fcd93e031504756165758941290488df5c88966a26f84344931fd1?s=96&d=mm&r=g","acf":null},"taxonomies_data":{"category":[{"id":13509,"name":"Endavant","slug":"endavant-val","acf":null}],"post_tag":[{"id":14551,"name":"Aspropace","slug":"aspropace-2-val","acf":null},{"id":9366,"name":"Cantera","slug":"cantera-val","acf":null},{"id":10325,"name":"Cantera Grogueta","slug":"cantera-grogueta-val","acf":null},{"id":9242,"name":"Endavant","slug":"endavant-val-2","acf":null},{"id":10773,"name":"Endavant Igualtat","slug":"endavant-igualtat-val-2","acf":null},{"id":717,"name":"Football","slug":"football-d34","acf":null},{"id":9270,"name":"Futbol","slug":"futbol-val","acf":null},{"id":9227,"name":"F\u00fatbol Base","slug":"futbol-base-val","acf":null},{"id":9370,"name":"Juvenil A","slug":"juvenil-a-val","acf":null},{"id":716,"name":"Soccer","slug":"soccer-d105","acf":null},{"id":9205,"name":"Submarino","slug":"submarino-val","acf":null},{"id":9627,"name":"Submarino Amarillo","slug":"submarino-amarillo-val","acf":null},{"id":9203,"name":"Villarreal CF","slug":"villarreal-cf-val","acf":null}],"translation_priority":[{"id":735,"name":"Optional","slug":"optional-val","acf":null}]},"seo_full":{"native":{"title":"El Juvenil A i Aspropace coneixen La Cer\u00e1mica - Web Oficial del Villarreal CF","description":"La plantilla de l'equip Sub-19 del Submar\u00ed i els usuaris de la fundaci\u00f3 visiten junts l'estadi groguet","canonical":"https:\/\/villarrealcf.es\/val\/el-juvenil-a-i-aspropace-coneixen-la-ceramica\/"}},"_links":{"self":[{"href":"https:\/\/villarrealcf.es\/val\/wp-json\/wp\/v2\/posts\/291448","targetHints":{"allow":["GET"]}}],"collection":[{"href":"https:\/\/villarrealcf.es\/val\/wp-json\/wp\/v2\/posts"}],"about":[{"href":"https:\/\/villarrealcf.es\/val\/wp-json\/wp\/v2\/types\/post"}],"author":[{"embeddable":true,"href":"https:\/\/villarrealcf.es\/val\/wp-json\/wp\/v2\/users\/33"}],"replies":[{"embeddable":true,"href":"https:\/\/villarrealcf.es\/val\/wp-json\/wp\/v2\/comments?post=291448"}],"version-history":[{"count":0,"href":"https:\/\/villarrealcf.es\/val\/wp-json\/wp\/v2\/posts\/291448\/revisions"}],"wp:featuredmedia":[{"embeddable":true,"href":"https:\/\/villarrealcf.es\/val\/wp-json\/wp\/v2\/media\/291440"}],"wp:attachment":[{"href":"https:\/\/villarrealcf.es\/val\/wp-json\/wp\/v2\/media?parent=291448"}],"wp:term":[{"taxonomy":"category","embeddable":true,"href":"https:\/\/villarrealcf.es\/val\/wp-json\/wp\/v2\/categories?post=291448"},{"taxonomy":"post_tag","embeddable":true,"href":"https:\/\/villarrealcf.es\/val\/wp-json\/wp\/v2\/tags?post=291448"}],"curies":[{"name":"wp","href":"https:\/\/api.w.org\/{rel}","templated":true}]}}