{"id":290831,"date":"2023-11-29T16:18:27","date_gmt":"2023-11-29T15:18:27","guid":{"rendered":"https:\/\/villarrealcf.es\/solo-pensamos-en-ganar-y-clasificarnos\/"},"modified":"2023-11-29T17:56:23","modified_gmt":"2023-11-29T16:56:23","slug":"nomes-pensem-a-guanyar-i-classificar-nos","status":"publish","type":"post","link":"https:\/\/villarrealcf.es\/val\/nomes-pensem-a-guanyar-i-classificar-nos\/","title":{"rendered":"\u201cNom\u00e9s pensem a guanyar i classificar-nos\u201d"},"content":{"protected":false,"blocks":[{"type":"heading","level":2,"text":"Marcelino aposta per refor\u00e7ar la confian\u00e7a amb un nou triomf davant un Panathinaikos \u201cacostumat a guanyar\u201d"},{"type":"paragraph","text":"L\u2019entrenador del Vila-real CF, Marcelino Garc\u00eda Toral, ha comparegut davant els mitjans de comunicaci\u00f3 per a analitzar la pr\u00e8via del partit davant el Panathinaikos, corresponent a la jornada 5 de la UEFA Europa League."},{"type":"paragraph","text":"El t\u00e8cnic asturi\u00e0 ha analitzat amb detall al conjunt grec: \u201cEspere un partit complicat. \u00c9s un equip acostumat a guanyar. \u00c9s competitiu i juga amb jugadors experts. T\u00e9 una idea clara de com juga i mai es dona per ven\u00e7ut\u201d."},{"type":"paragraph","text":"En la mateixa l\u00ednia, l\u2019entrenador de Villaviciosa ha marcat el rumb per a tractar d\u2019aconseguir el triomf: \u201cHem d\u2019afrontar el partit amb l\u2019objectiu de guanyar en ment. Juguem a casa, hem de crear oportunitats i ser solvents arrere. Venim encaixant molt i volem parar eixos n\u00fameros negatius que ens estan llastrant i despr\u00e9s recuperar la determinaci\u00f3 per a aconseguir flu\u00efdesa en el joc i estar m\u00e9s prop de guanyar\u201d."},{"type":"video","kind":"iframe","url":"https:\/\/www.youtube.com\/embed\/2y85BgUqzI4?feature=oembed","poster":""},{"type":"paragraph","text":"Aix\u00ed mateix, Marcelino ha reconegut que no hi haur\u00e0 una revoluci\u00f3 en l\u2019onze inicial davant el combinat grec: \u201cHem tingut temps fins ara per a treballar. A partir de dem\u00e0 ja no ho tindrem. Venim del descans de l\u2019aturada i no tanta c\u00e0rrega. No farem moltes rotacions. Guanyar suposa quasi classificar-nos matem\u00e0ticament. El que pugues fer hui no ho deixes per a dem\u00e0. No vull dir que anem a guanyar, per\u00f2 \u00e9s un equip que \u00e9s complicat de derrotar i no podem girar. Juguem en el nostre camp i volem guanyar i sumar els tres punts que pr\u00e0cticament ens classificarien\u201d."},{"type":"paragraph","text":"Finalment, el preparador groguet ha subratllat la necessitat de tindre mentalitat guanyadora: \u201cLi donem la m\u00e0xima import\u00e0ncia sempre al pr\u00f2xim partit. Aix\u00f2 ens fa acostar-nos a la vict\u00f2ria independentment del rival i la competici\u00f3. Hem de ser guanyadors i tindre eixa mentalitat per a estar prop de guanyar. Vinc a un club amb tres entrenadors. No \u00e9s l\u2019habitual i ara hem de recuperar la normalitat i refer-nos al m\u00e9s prompte possible\u201d."},{"type":"paragraph","text":"La convocat\u00f2ria del partit contra el Panathinaikos:"},{"type":"quote","text":"Convocatoria para el Villarreal-Panathinaikos (jueves, 21.00h, Estadio de la Cer\u00e1mica) pic.twitter.com\/KUVwNW1dTD\u2014 Villarreal CF (@VillarrealCF) November 29, 2023"}],"structured":{"summary":{"text":"Marcelino aposta per refor\u00e7ar la confian\u00e7a amb un nou triomf davant un Panathinaikos \u201cacostumat a guanyar\u201d L\u2019entrenador del Vila-real CF, Marcelino Garc\u00eda Toral, ha comparegut davant els mitjans de comunicaci\u00f3 per a analitzar la pr\u00e8via del partit davant el Panathinaikos, corresponent a la jornada 5 de la UEFA Europa League. El t\u00e8cnic asturi\u00e0 ha analitzat amb detall al conjunt grec: \u201cEspere un partit complicat. \u00c9s un equip acostumat a guanyar. \u00c9s competitiu i juga amb jugadors experts. T\u00e9 una idea clara de com juga i mai es dona per ven\u00e7ut\u201d. En la mateixa l\u00ednia, l\u2019entrenador de Villaviciosa ha marcat el rumb per a tractar d\u2019aconseguir el triomf: \u201cHem d\u2019afrontar el partit amb l\u2019objectiu de guanyar en ment. Juguem a casa, hem de crear oportunitats i ser solvents arrere. Venim encaixant molt i volem parar eixos n\u00fameros negatius que ens estan llastrant i despr\u00e9s recuperar la determinaci\u00f3 per a aconseguir flu\u00efdesa en el joc i estar m\u00e9s prop de guanyar\u201d. Aix\u00ed mateix, Marcelino ha reconegut que no hi haur\u00e0 una revoluci\u00f3 en l\u2019onze inicial davant el combinat grec: \u201cHem tingut temps fins ara per a treballar. A partir de dem\u00e0 ja no ho tindrem. Venim del descans de l\u2019aturada i no tanta c\u00e0rrega. No farem moltes rotacions. Guanyar suposa quasi classificar-nos matem\u00e0ticament. El que pugues fer hui no ho deixes per a dem\u00e0. No vull dir que anem a guanyar, per\u00f2 \u00e9s un equip que \u00e9s complicat de derrotar i no podem girar. Juguem en el nostre camp i volem guanyar i sumar els tres punts que pr\u00e0cticament ens classificarien\u201d. Finalment, el preparador groguet ha subratllat la necessitat de tindre mentalitat guanyadora: \u201cLi donem la m\u00e0xima import\u00e0ncia sempre al pr\u00f2xim partit. Aix\u00f2 ens fa acostar-nos a la vict\u00f2ria independentment del rival i la competici\u00f3. Hem de ser guanyadors i tindre eixa mentalitat per a estar prop de guanyar. Vinc a un club amb tres entrenadors. No \u00e9s l\u2019habitual i ara hem de recuperar la normalitat i refer-nos al m\u00e9s prompte possible\u201d. La convocat\u00f2ria del partit contra el Panathinaikos: Convocatoria para el Villarreal-Panathinaikos (jueves, 21.00h, Estadio de la Cer\u00e1mica) pic.twitter.com\/KUVwNW1dTD\u2014 Villarreal CF (@VillarrealCF) November 29, 2023","headings":[{"type":"heading","level":2,"text":"Marcelino aposta per refor\u00e7ar la confian\u00e7a amb un nou triomf davant un Panathinaikos \u201cacostumat a guanyar\u201d"}],"buttons":[],"images":[],"counts":{"blocks":9,"headings":1,"texts":7,"buttons":0,"images":0}},"sections":[{"id":"section-1","title":"Marcelino aposta per refor\u00e7ar la confian\u00e7a amb un nou triomf davant un Panathinaikos \u201cacostumat a guanyar\u201d","text":"Marcelino aposta per refor\u00e7ar la confian\u00e7a amb un nou triomf davant un Panathinaikos \u201cacostumat a guanyar\u201d L\u2019entrenador del Vila-real CF, Marcelino Garc\u00eda Toral, ha comparegut davant els mitjans de comunicaci\u00f3 per a analitzar la pr\u00e8via del partit davant el Panathinaikos, corresponent a la jornada 5 de la UEFA Europa League. El t\u00e8cnic asturi\u00e0 ha analitzat amb detall al conjunt grec: \u201cEspere un partit complicat. \u00c9s un equip acostumat a guanyar. \u00c9s competitiu i juga amb jugadors experts. T\u00e9 una idea clara de com juga i mai es dona per ven\u00e7ut\u201d. En la mateixa l\u00ednia, l\u2019entrenador de Villaviciosa ha marcat el rumb per a tractar d\u2019aconseguir el triomf: \u201cHem d\u2019afrontar el partit amb l\u2019objectiu de guanyar en ment. Juguem a casa, hem de crear oportunitats i ser solvents arrere. Venim encaixant molt i volem parar eixos n\u00fameros negatius que ens estan llastrant i despr\u00e9s recuperar la determinaci\u00f3 per a aconseguir flu\u00efdesa en el joc i estar m\u00e9s prop de guanyar\u201d. Aix\u00ed mateix, Marcelino ha reconegut que no hi haur\u00e0 una revoluci\u00f3 en l\u2019onze inicial davant el combinat grec: \u201cHem tingut temps fins ara per a treballar. A partir de dem\u00e0 ja no ho tindrem. Venim del descans de l\u2019aturada i no tanta c\u00e0rrega. No farem moltes rotacions. Guanyar suposa quasi classificar-nos matem\u00e0ticament. El que pugues fer hui no ho deixes per a dem\u00e0. No vull dir que anem a guanyar, per\u00f2 \u00e9s un equip que \u00e9s complicat de derrotar i no podem girar. Juguem en el nostre camp i volem guanyar i sumar els tres punts que pr\u00e0cticament ens classificarien\u201d. Finalment, el preparador groguet ha subratllat la necessitat de tindre mentalitat guanyadora: \u201cLi donem la m\u00e0xima import\u00e0ncia sempre al pr\u00f2xim partit. Aix\u00f2 ens fa acostar-nos a la vict\u00f2ria independentment del rival i la competici\u00f3. Hem de ser guanyadors i tindre eixa mentalitat per a estar prop de guanyar. Vinc a un club amb tres entrenadors. No \u00e9s l\u2019habitual i ara hem de recuperar la normalitat i refer-nos al m\u00e9s prompte possible\u201d. La convocat\u00f2ria del partit contra el Panathinaikos: Convocatoria para el Villarreal-Panathinaikos (jueves, 21.00h, Estadio de la Cer\u00e1mica) pic.twitter.com\/KUVwNW1dTD\u2014 Villarreal CF (@VillarrealCF) November 29, 2023","headings":[{"type":"heading","level":2,"text":"Marcelino aposta per refor\u00e7ar la confian\u00e7a amb un nou triomf davant un Panathinaikos \u201cacostumat a guanyar\u201d"}],"texts":[{"type":"paragraph","text":"L\u2019entrenador del Vila-real CF, Marcelino Garc\u00eda Toral, ha comparegut davant els mitjans de comunicaci\u00f3 per a analitzar la pr\u00e8via del partit davant el Panathinaikos, corresponent a la jornada 5 de la UEFA Europa League."},{"type":"paragraph","text":"El t\u00e8cnic asturi\u00e0 ha analitzat amb detall al conjunt grec: \u201cEspere un partit complicat. \u00c9s un equip acostumat a guanyar. \u00c9s competitiu i juga amb jugadors experts. T\u00e9 una idea clara de com juga i mai es dona per ven\u00e7ut\u201d."},{"type":"paragraph","text":"En la mateixa l\u00ednia, l\u2019entrenador de Villaviciosa ha marcat el rumb per a tractar d\u2019aconseguir el triomf: \u201cHem d\u2019afrontar el partit amb l\u2019objectiu de guanyar en ment. Juguem a casa, hem de crear oportunitats i ser solvents arrere. Venim encaixant molt i volem parar eixos n\u00fameros negatius que ens estan llastrant i despr\u00e9s recuperar la determinaci\u00f3 per a aconseguir flu\u00efdesa en el joc i estar m\u00e9s prop de guanyar\u201d."},{"type":"paragraph","text":"Aix\u00ed mateix, Marcelino ha reconegut que no hi haur\u00e0 una revoluci\u00f3 en l\u2019onze inicial davant el combinat grec: \u201cHem tingut temps fins ara per a treballar. A partir de dem\u00e0 ja no ho tindrem. Venim del descans de l\u2019aturada i no tanta c\u00e0rrega. No farem moltes rotacions. Guanyar suposa quasi classificar-nos matem\u00e0ticament. El que pugues fer hui no ho deixes per a dem\u00e0. No vull dir que anem a guanyar, per\u00f2 \u00e9s un equip que \u00e9s complicat de derrotar i no podem girar. Juguem en el nostre camp i volem guanyar i sumar els tres punts que pr\u00e0cticament ens classificarien\u201d."},{"type":"paragraph","text":"Finalment, el preparador groguet ha subratllat la necessitat de tindre mentalitat guanyadora: \u201cLi donem la m\u00e0xima import\u00e0ncia sempre al pr\u00f2xim partit. Aix\u00f2 ens fa acostar-nos a la vict\u00f2ria independentment del rival i la competici\u00f3. Hem de ser guanyadors i tindre eixa mentalitat per a estar prop de guanyar. Vinc a un club amb tres entrenadors. No \u00e9s l\u2019habitual i ara hem de recuperar la normalitat i refer-nos al m\u00e9s prompte possible\u201d."},{"type":"paragraph","text":"La convocat\u00f2ria del partit contra el Panathinaikos:"},{"type":"quote","text":"Convocatoria para el Villarreal-Panathinaikos (jueves, 21.00h, Estadio de la Cer\u00e1mica) pic.twitter.com\/KUVwNW1dTD\u2014 Villarreal CF (@VillarrealCF) November 29, 2023"}],"buttons":[],"images":[],"widgets":[],"blocks":[{"type":"heading","level":2,"text":"Marcelino aposta per refor\u00e7ar la confian\u00e7a amb un nou triomf davant un Panathinaikos \u201cacostumat a guanyar\u201d"},{"type":"paragraph","text":"L\u2019entrenador del Vila-real CF, Marcelino Garc\u00eda Toral, ha comparegut davant els mitjans de comunicaci\u00f3 per a analitzar la pr\u00e8via del partit davant el Panathinaikos, corresponent a la jornada 5 de la UEFA Europa League."},{"type":"paragraph","text":"El t\u00e8cnic asturi\u00e0 ha analitzat amb detall al conjunt grec: \u201cEspere un partit complicat. \u00c9s un equip acostumat a guanyar. \u00c9s competitiu i juga amb jugadors experts. T\u00e9 una idea clara de com juga i mai es dona per ven\u00e7ut\u201d."},{"type":"paragraph","text":"En la mateixa l\u00ednia, l\u2019entrenador de Villaviciosa ha marcat el rumb per a tractar d\u2019aconseguir el triomf: \u201cHem d\u2019afrontar el partit amb l\u2019objectiu de guanyar en ment. Juguem a casa, hem de crear oportunitats i ser solvents arrere. Venim encaixant molt i volem parar eixos n\u00fameros negatius que ens estan llastrant i despr\u00e9s recuperar la determinaci\u00f3 per a aconseguir flu\u00efdesa en el joc i estar m\u00e9s prop de guanyar\u201d."},{"type":"video","kind":"iframe","url":"https:\/\/www.youtube.com\/embed\/2y85BgUqzI4?feature=oembed","poster":""},{"type":"paragraph","text":"Aix\u00ed mateix, Marcelino ha reconegut que no hi haur\u00e0 una revoluci\u00f3 en l\u2019onze inicial davant el combinat grec: \u201cHem tingut temps fins ara per a treballar. A partir de dem\u00e0 ja no ho tindrem. Venim del descans de l\u2019aturada i no tanta c\u00e0rrega. No farem moltes rotacions. Guanyar suposa quasi classificar-nos matem\u00e0ticament. El que pugues fer hui no ho deixes per a dem\u00e0. No vull dir que anem a guanyar, per\u00f2 \u00e9s un equip que \u00e9s complicat de derrotar i no podem girar. Juguem en el nostre camp i volem guanyar i sumar els tres punts que pr\u00e0cticament ens classificarien\u201d."},{"type":"paragraph","text":"Finalment, el preparador groguet ha subratllat la necessitat de tindre mentalitat guanyadora: \u201cLi donem la m\u00e0xima import\u00e0ncia sempre al pr\u00f2xim partit. Aix\u00f2 ens fa acostar-nos a la vict\u00f2ria independentment del rival i la competici\u00f3. Hem de ser guanyadors i tindre eixa mentalitat per a estar prop de guanyar. Vinc a un club amb tres entrenadors. No \u00e9s l\u2019habitual i ara hem de recuperar la normalitat i refer-nos al m\u00e9s prompte possible\u201d."},{"type":"paragraph","text":"La convocat\u00f2ria del partit contra el Panathinaikos:"},{"type":"quote","text":"Convocatoria para el Villarreal-Panathinaikos (jueves, 21.00h, Estadio de la Cer\u00e1mica) pic.twitter.com\/KUVwNW1dTD\u2014 Villarreal CF (@VillarrealCF) November 29, 2023"}]}],"hero":{"id":"section-1","title":"Marcelino aposta per refor\u00e7ar la confian\u00e7a amb un nou triomf davant un Panathinaikos \u201cacostumat a guanyar\u201d","text":"Marcelino aposta per refor\u00e7ar la confian\u00e7a amb un nou triomf davant un Panathinaikos \u201cacostumat a guanyar\u201d L\u2019entrenador del Vila-real CF, Marcelino Garc\u00eda Toral, ha comparegut davant els mitjans de comunicaci\u00f3 per a analitzar la pr\u00e8via del partit davant el Panathinaikos, corresponent a la jornada 5 de la UEFA Europa League. El t\u00e8cnic asturi\u00e0 ha analitzat amb detall al conjunt grec: \u201cEspere un partit complicat. \u00c9s un equip acostumat a guanyar. \u00c9s competitiu i juga amb jugadors experts. T\u00e9 una idea clara de com juga i mai es dona per ven\u00e7ut\u201d. En la mateixa l\u00ednia, l\u2019entrenador de Villaviciosa ha marcat el rumb per a tractar d\u2019aconseguir el triomf: \u201cHem d\u2019afrontar el partit amb l\u2019objectiu de guanyar en ment. Juguem a casa, hem de crear oportunitats i ser solvents arrere. Venim encaixant molt i volem parar eixos n\u00fameros negatius que ens estan llastrant i despr\u00e9s recuperar la determinaci\u00f3 per a aconseguir flu\u00efdesa en el joc i estar m\u00e9s prop de guanyar\u201d. Aix\u00ed mateix, Marcelino ha reconegut que no hi haur\u00e0 una revoluci\u00f3 en l\u2019onze inicial davant el combinat grec: \u201cHem tingut temps fins ara per a treballar. A partir de dem\u00e0 ja no ho tindrem. Venim del descans de l\u2019aturada i no tanta c\u00e0rrega. No farem moltes rotacions. Guanyar suposa quasi classificar-nos matem\u00e0ticament. El que pugues fer hui no ho deixes per a dem\u00e0. No vull dir que anem a guanyar, per\u00f2 \u00e9s un equip que \u00e9s complicat de derrotar i no podem girar. Juguem en el nostre camp i volem guanyar i sumar els tres punts que pr\u00e0cticament ens classificarien\u201d. Finalment, el preparador groguet ha subratllat la necessitat de tindre mentalitat guanyadora: \u201cLi donem la m\u00e0xima import\u00e0ncia sempre al pr\u00f2xim partit. Aix\u00f2 ens fa acostar-nos a la vict\u00f2ria independentment del rival i la competici\u00f3. Hem de ser guanyadors i tindre eixa mentalitat per a estar prop de guanyar. Vinc a un club amb tres entrenadors. No \u00e9s l\u2019habitual i ara hem de recuperar la normalitat i refer-nos al m\u00e9s prompte possible\u201d. La convocat\u00f2ria del partit contra el Panathinaikos: Convocatoria para el Villarreal-Panathinaikos (jueves, 21.00h, Estadio de la Cer\u00e1mica) pic.twitter.com\/KUVwNW1dTD\u2014 Villarreal CF (@VillarrealCF) November 29, 2023","headings":[{"type":"heading","level":2,"text":"Marcelino aposta per refor\u00e7ar la confian\u00e7a amb un nou triomf davant un Panathinaikos \u201cacostumat a guanyar\u201d"}],"texts":[{"type":"paragraph","text":"L\u2019entrenador del Vila-real CF, Marcelino Garc\u00eda Toral, ha comparegut davant els mitjans de comunicaci\u00f3 per a analitzar la pr\u00e8via del partit davant el Panathinaikos, corresponent a la jornada 5 de la UEFA Europa League."},{"type":"paragraph","text":"El t\u00e8cnic asturi\u00e0 ha analitzat amb detall al conjunt grec: \u201cEspere un partit complicat. \u00c9s un equip acostumat a guanyar. \u00c9s competitiu i juga amb jugadors experts. T\u00e9 una idea clara de com juga i mai es dona per ven\u00e7ut\u201d."},{"type":"paragraph","text":"En la mateixa l\u00ednia, l\u2019entrenador de Villaviciosa ha marcat el rumb per a tractar d\u2019aconseguir el triomf: \u201cHem d\u2019afrontar el partit amb l\u2019objectiu de guanyar en ment. Juguem a casa, hem de crear oportunitats i ser solvents arrere. Venim encaixant molt i volem parar eixos n\u00fameros negatius que ens estan llastrant i despr\u00e9s recuperar la determinaci\u00f3 per a aconseguir flu\u00efdesa en el joc i estar m\u00e9s prop de guanyar\u201d."},{"type":"paragraph","text":"Aix\u00ed mateix, Marcelino ha reconegut que no hi haur\u00e0 una revoluci\u00f3 en l\u2019onze inicial davant el combinat grec: \u201cHem tingut temps fins ara per a treballar. A partir de dem\u00e0 ja no ho tindrem. Venim del descans de l\u2019aturada i no tanta c\u00e0rrega. No farem moltes rotacions. Guanyar suposa quasi classificar-nos matem\u00e0ticament. El que pugues fer hui no ho deixes per a dem\u00e0. No vull dir que anem a guanyar, per\u00f2 \u00e9s un equip que \u00e9s complicat de derrotar i no podem girar. Juguem en el nostre camp i volem guanyar i sumar els tres punts que pr\u00e0cticament ens classificarien\u201d."},{"type":"paragraph","text":"Finalment, el preparador groguet ha subratllat la necessitat de tindre mentalitat guanyadora: \u201cLi donem la m\u00e0xima import\u00e0ncia sempre al pr\u00f2xim partit. Aix\u00f2 ens fa acostar-nos a la vict\u00f2ria independentment del rival i la competici\u00f3. Hem de ser guanyadors i tindre eixa mentalitat per a estar prop de guanyar. Vinc a un club amb tres entrenadors. No \u00e9s l\u2019habitual i ara hem de recuperar la normalitat i refer-nos al m\u00e9s prompte possible\u201d."},{"type":"paragraph","text":"La convocat\u00f2ria del partit contra el Panathinaikos:"},{"type":"quote","text":"Convocatoria para el Villarreal-Panathinaikos (jueves, 21.00h, Estadio de la Cer\u00e1mica) pic.twitter.com\/KUVwNW1dTD\u2014 Villarreal CF (@VillarrealCF) November 29, 2023"}],"buttons":[],"images":[],"widgets":[],"blocks":[{"type":"heading","level":2,"text":"Marcelino aposta per refor\u00e7ar la confian\u00e7a amb un nou triomf davant un Panathinaikos \u201cacostumat a guanyar\u201d"},{"type":"paragraph","text":"L\u2019entrenador del Vila-real CF, Marcelino Garc\u00eda Toral, ha comparegut davant els mitjans de comunicaci\u00f3 per a analitzar la pr\u00e8via del partit davant el Panathinaikos, corresponent a la jornada 5 de la UEFA Europa League."},{"type":"paragraph","text":"El t\u00e8cnic asturi\u00e0 ha analitzat amb detall al conjunt grec: \u201cEspere un partit complicat. \u00c9s un equip acostumat a guanyar. \u00c9s competitiu i juga amb jugadors experts. T\u00e9 una idea clara de com juga i mai es dona per ven\u00e7ut\u201d."},{"type":"paragraph","text":"En la mateixa l\u00ednia, l\u2019entrenador de Villaviciosa ha marcat el rumb per a tractar d\u2019aconseguir el triomf: \u201cHem d\u2019afrontar el partit amb l\u2019objectiu de guanyar en ment. Juguem a casa, hem de crear oportunitats i ser solvents arrere. Venim encaixant molt i volem parar eixos n\u00fameros negatius que ens estan llastrant i despr\u00e9s recuperar la determinaci\u00f3 per a aconseguir flu\u00efdesa en el joc i estar m\u00e9s prop de guanyar\u201d."},{"type":"video","kind":"iframe","url":"https:\/\/www.youtube.com\/embed\/2y85BgUqzI4?feature=oembed","poster":""},{"type":"paragraph","text":"Aix\u00ed mateix, Marcelino ha reconegut que no hi haur\u00e0 una revoluci\u00f3 en l\u2019onze inicial davant el combinat grec: \u201cHem tingut temps fins ara per a treballar. A partir de dem\u00e0 ja no ho tindrem. Venim del descans de l\u2019aturada i no tanta c\u00e0rrega. No farem moltes rotacions. Guanyar suposa quasi classificar-nos matem\u00e0ticament. El que pugues fer hui no ho deixes per a dem\u00e0. No vull dir que anem a guanyar, per\u00f2 \u00e9s un equip que \u00e9s complicat de derrotar i no podem girar. Juguem en el nostre camp i volem guanyar i sumar els tres punts que pr\u00e0cticament ens classificarien\u201d."},{"type":"paragraph","text":"Finalment, el preparador groguet ha subratllat la necessitat de tindre mentalitat guanyadora: \u201cLi donem la m\u00e0xima import\u00e0ncia sempre al pr\u00f2xim partit. Aix\u00f2 ens fa acostar-nos a la vict\u00f2ria independentment del rival i la competici\u00f3. Hem de ser guanyadors i tindre eixa mentalitat per a estar prop de guanyar. Vinc a un club amb tres entrenadors. No \u00e9s l\u2019habitual i ara hem de recuperar la normalitat i refer-nos al m\u00e9s prompte possible\u201d."},{"type":"paragraph","text":"La convocat\u00f2ria del partit contra el Panathinaikos:"},{"type":"quote","text":"Convocatoria para el Villarreal-Panathinaikos (jueves, 21.00h, Estadio de la Cer\u00e1mica) pic.twitter.com\/KUVwNW1dTD\u2014 Villarreal CF (@VillarrealCF) November 29, 2023"}]}},"sections":[{"id":"section-1","title":"Marcelino aposta per refor\u00e7ar la confian\u00e7a amb un nou triomf davant un Panathinaikos \u201cacostumat a guanyar\u201d","text":"Marcelino aposta per refor\u00e7ar la confian\u00e7a amb un nou triomf davant un Panathinaikos \u201cacostumat a guanyar\u201d L\u2019entrenador del Vila-real CF, Marcelino Garc\u00eda Toral, ha comparegut davant els mitjans de comunicaci\u00f3 per a analitzar la pr\u00e8via del partit davant el Panathinaikos, corresponent a la jornada 5 de la UEFA Europa League. El t\u00e8cnic asturi\u00e0 ha analitzat amb detall al conjunt grec: \u201cEspere un partit complicat. \u00c9s un equip acostumat a guanyar. \u00c9s competitiu i juga amb jugadors experts. T\u00e9 una idea clara de com juga i mai es dona per ven\u00e7ut\u201d. En la mateixa l\u00ednia, l\u2019entrenador de Villaviciosa ha marcat el rumb per a tractar d\u2019aconseguir el triomf: \u201cHem d\u2019afrontar el partit amb l\u2019objectiu de guanyar en ment. Juguem a casa, hem de crear oportunitats i ser solvents arrere. Venim encaixant molt i volem parar eixos n\u00fameros negatius que ens estan llastrant i despr\u00e9s recuperar la determinaci\u00f3 per a aconseguir flu\u00efdesa en el joc i estar m\u00e9s prop de guanyar\u201d. Aix\u00ed mateix, Marcelino ha reconegut que no hi haur\u00e0 una revoluci\u00f3 en l\u2019onze inicial davant el combinat grec: \u201cHem tingut temps fins ara per a treballar. A partir de dem\u00e0 ja no ho tindrem. Venim del descans de l\u2019aturada i no tanta c\u00e0rrega. No farem moltes rotacions. Guanyar suposa quasi classificar-nos matem\u00e0ticament. El que pugues fer hui no ho deixes per a dem\u00e0. No vull dir que anem a guanyar, per\u00f2 \u00e9s un equip que \u00e9s complicat de derrotar i no podem girar. Juguem en el nostre camp i volem guanyar i sumar els tres punts que pr\u00e0cticament ens classificarien\u201d. Finalment, el preparador groguet ha subratllat la necessitat de tindre mentalitat guanyadora: \u201cLi donem la m\u00e0xima import\u00e0ncia sempre al pr\u00f2xim partit. Aix\u00f2 ens fa acostar-nos a la vict\u00f2ria independentment del rival i la competici\u00f3. Hem de ser guanyadors i tindre eixa mentalitat per a estar prop de guanyar. Vinc a un club amb tres entrenadors. No \u00e9s l\u2019habitual i ara hem de recuperar la normalitat i refer-nos al m\u00e9s prompte possible\u201d. La convocat\u00f2ria del partit contra el Panathinaikos: Convocatoria para el Villarreal-Panathinaikos (jueves, 21.00h, Estadio de la Cer\u00e1mica) pic.twitter.com\/KUVwNW1dTD\u2014 Villarreal CF (@VillarrealCF) November 29, 2023","url":"","background_image":"","images":[],"videos":[{"type":"video","kind":"iframe","url":"https:\/\/www.youtube.com\/embed\/2y85BgUqzI4?feature=oembed","poster":""}],"links":[]}]},"excerpt":{"rendered":"Marcelino aposta per refor\u00e7ar la confian\u00e7a amb un nou triomf davant un Panathinaikos \u201cacostumat a guanyar\u201d","protected":false},"author":25,"featured_media":290829,"comment_status":"closed","ping_status":"closed","sticky":false,"template":"","format":"standard","meta":{"_acf_changed":false,"footnotes":""},"categories":[13493],"tags":[717,9270,10917,9219,14987,716,9205,9627,9914,9203],"acf":null,"lang":"val","translations":{"es":290826,"val":290831,"en":290835},"essential_grid":{"has_grid":false},"formatted_date":"November 29, 2023","modified_date":"November 29, 2023","permalink":"https:\/\/villarrealcf.es\/val\/nomes-pensem-a-guanyar-i-classificar-nos\/","reading_time":2,"featured_media_data":{"id":290829,"title":"marcelinordpuel","caption":"","alt_text":"","description":"","mime_type":"image\/jpeg","source_url":"https:\/\/villarrealcf.es\/wp-content\/uploads\/2023\/11\/marcelinordpuel.jpg","sizes":{"thumbnail":{"url":"https:\/\/villarrealcf.es\/wp-content\/uploads\/2023\/11\/marcelinordpuel-1920x1080.jpg","width":1920,"height":1080},"medium":{"url":"https:\/\/villarrealcf.es\/wp-content\/uploads\/2023\/11\/marcelinordpuel-1920x1080.jpg","width":1920,"height":1080},"medium_large":{"url":"https:\/\/villarrealcf.es\/wp-content\/uploads\/2023\/11\/marcelinordpuel-768x432.jpg","width":768,"height":432},"large":{"url":"https:\/\/villarrealcf.es\/wp-content\/uploads\/2023\/11\/marcelinordpuel-1920x1080.jpg","width":788,"height":443},"1536x1536":{"url":"https:\/\/villarrealcf.es\/wp-content\/uploads\/2023\/11\/marcelinordpuel-1536x864.jpg","width":1536,"height":864},"2048x2048":{"url":"https:\/\/villarrealcf.es\/wp-content\/uploads\/2023\/11\/marcelinordpuel.jpg","width":1920,"height":1080},"tp-image-grid":{"url":"https:\/\/villarrealcf.es\/wp-content\/uploads\/2023\/11\/marcelinordpuel-700x700.jpg","width":700,"height":700},"size-bunyad-medium":{"url":"https:\/\/villarrealcf.es\/wp-content\/uploads\/2023\/11\/marcelinordpuel-1920x1080.jpg","width":1920,"height":1080},"sportspress-crop-medium":{"url":"https:\/\/villarrealcf.es\/wp-content\/uploads\/2023\/11\/marcelinordpuel-300x300.jpg","width":300,"height":300},"sportspress-fit-medium":{"url":"https:\/\/villarrealcf.es\/wp-content\/uploads\/2023\/11\/marcelinordpuel-300x169.jpg","width":300,"height":169},"sportspress-fit-icon":{"url":"https:\/\/villarrealcf.es\/wp-content\/uploads\/2023\/11\/marcelinordpuel-128x72.jpg","width":128,"height":72},"sportspress-fit-mini":{"url":"https:\/\/villarrealcf.es\/wp-content\/uploads\/2023\/11\/marcelinordpuel-32x18.jpg","width":32,"height":18},"bunyad-small":{"url":"https:\/\/villarrealcf.es\/wp-content\/uploads\/2023\/11\/marcelinordpuel-150x84.jpg","width":150,"height":84},"bunyad-medium":{"url":"https:\/\/villarrealcf.es\/wp-content\/uploads\/2023\/11\/marcelinordpuel-450x253.jpg","width":450,"height":253},"bunyad-full":{"url":"https:\/\/villarrealcf.es\/wp-content\/uploads\/2023\/11\/marcelinordpuel-1200x675.jpg","width":1200,"height":675},"bunyad-viewport":{"url":"https:\/\/villarrealcf.es\/wp-content\/uploads\/2023\/11\/marcelinordpuel.jpg","width":1920,"height":1080},"bunyad-768":{"url":"https:\/\/villarrealcf.es\/wp-content\/uploads\/2023\/11\/marcelinordpuel-768x432.jpg","width":768,"height":432},"full":{"url":"https:\/\/villarrealcf.es\/wp-content\/uploads\/2023\/11\/marcelinordpuel.jpg","width":1920,"height":1080}}},"author_data":{"id":"25","name":"Javier Ayuso","first_name":"Javier","last_name":"Ayuso","description":"","avatar_url":"https:\/\/secure.gravatar.com\/avatar\/fcf8894be45988fcce5bbff0efe1790d2a7f4ba57e2c7c898f5068154e696495?s=96&d=mm&r=g","acf":null},"taxonomies_data":{"category":[{"id":13493,"name":"Primer equip","slug":"primer-equip","acf":null}],"post_tag":[{"id":717,"name":"Football","slug":"football-d34","acf":null},{"id":9270,"name":"Futbol","slug":"futbol-val","acf":null},{"id":10917,"name":"Marcelino","slug":"marcelino-val","acf":null},{"id":9219,"name":"Marcelino Garc\u00eda Toral","slug":"marcelino-garcia-toral-val","acf":null},{"id":14987,"name":"Panathinaikos","slug":"panathinaikos-val","acf":null},{"id":716,"name":"Soccer","slug":"soccer-d105","acf":null},{"id":9205,"name":"Submarino","slug":"submarino-val","acf":null},{"id":9627,"name":"Submarino Amarillo","slug":"submarino-amarillo-val","acf":null},{"id":9914,"name":"UEFA Europa League","slug":"uefa-europa-league-val","acf":null},{"id":9203,"name":"Villarreal CF","slug":"villarreal-cf-val","acf":null}],"translation_priority":[{"id":735,"name":"Optional","slug":"optional-val","acf":null}]},"seo_full":{"native":{"title":"\u201cNom\u00e9s pensem a guanyar i classificar-nos\u201d - Web Oficial del Villarreal CF","description":"Marcelino aposta per refor\u00e7ar la confian\u00e7a amb un nou triomf davant un Panathinaikos \u201cacostumat a guanyar\u201d","canonical":"https:\/\/villarrealcf.es\/val\/nomes-pensem-a-guanyar-i-classificar-nos\/"}},"_links":{"self":[{"href":"https:\/\/villarrealcf.es\/val\/wp-json\/wp\/v2\/posts\/290831","targetHints":{"allow":["GET"]}}],"collection":[{"href":"https:\/\/villarrealcf.es\/val\/wp-json\/wp\/v2\/posts"}],"about":[{"href":"https:\/\/villarrealcf.es\/val\/wp-json\/wp\/v2\/types\/post"}],"author":[{"embeddable":true,"href":"https:\/\/villarrealcf.es\/val\/wp-json\/wp\/v2\/users\/25"}],"replies":[{"embeddable":true,"href":"https:\/\/villarrealcf.es\/val\/wp-json\/wp\/v2\/comments?post=290831"}],"version-history":[{"count":0,"href":"https:\/\/villarrealcf.es\/val\/wp-json\/wp\/v2\/posts\/290831\/revisions"}],"wp:featuredmedia":[{"embeddable":true,"href":"https:\/\/villarrealcf.es\/val\/wp-json\/wp\/v2\/media\/290829"}],"wp:attachment":[{"href":"https:\/\/villarrealcf.es\/val\/wp-json\/wp\/v2\/media?parent=290831"}],"wp:term":[{"taxonomy":"category","embeddable":true,"href":"https:\/\/villarrealcf.es\/val\/wp-json\/wp\/v2\/categories?post=290831"},{"taxonomy":"post_tag","embeddable":true,"href":"https:\/\/villarrealcf.es\/val\/wp-json\/wp\/v2\/tags?post=290831"}],"curies":[{"name":"wp","href":"https:\/\/api.w.org\/{rel}","templated":true}]}}