{"id":290559,"date":"2023-11-28T10:30:12","date_gmt":"2023-11-28T09:30:12","guid":{"rendered":"https:\/\/villarrealcf.es\/carlos-romero-sera-groguet-hasta-2027\/"},"modified":"2023-11-29T10:09:47","modified_gmt":"2023-11-29T09:09:47","slug":"carlos-romero-sera-groguet-fins-a-2027","status":"publish","type":"post","link":"https:\/\/villarrealcf.es\/val\/carlos-romero-sera-groguet-fins-a-2027\/","title":{"rendered":"Carlos Romero ser\u00e0 groguet fins a 2027"},"content":{"protected":false,"blocks":[{"type":"heading","level":2,"text":"El defensa valenci\u00e0 ha prolongat la seua vinculaci\u00f3 amb el Villarreal despr\u00e9s de debutar amb el primer equip"},{"type":"paragraph","text":"El Villarreal CF ha aconseguit un acord de renovaci\u00f3 amb Carlos Romero, que seguir\u00e0 vinculat a l\u2019equip groguet fins a juny de 2027. El defensa valenci\u00e0, que va iniciar el curs militant al Villarreal B, ha est\u00e9s el seu contracte amb el club groc en un moment molt dol\u00e7 a nivell personal despr\u00e9s d\u2019haver complit el seu somni de debutar en Primera Divisi\u00f3."},{"type":"paragraph","text":"Carlos Romero Serrano (Torrent, 29 d\u2019octubre de 2001) \u00e9s un lateral esquerre de gran recorregut i excel\u00b7lent per a sumar-se a l\u2019atac. Va arribar a la Cantera Grogueta en etapa juvenil procedent del CF Torre Levante en 2019. Des de llavors, ha jugat tres campanyes al Villarreal C i afronta el seu segon curs al Villarreal B competint en Segona Divisi\u00f3."},{"type":"paragraph","text":"El futbolista valenci\u00e0 va debutar amb el primer equip el passat 17 de setembre en la vict\u00f2ria del Vila-real davant la UD Almer\u00eda (2-1) en l\u2019Estadio de la Cer\u00e1mica. Des de llavors, ha participat en quatre duels m\u00e9s de LALIGA EA Sports i un altre m\u00e9s de Copa del Rey."},{"type":"video","kind":"iframe","url":"https:\/\/www.youtube.com\/embed\/gZQIaSdmM2Q?feature=oembed","poster":""}],"structured":{"summary":{"text":"El defensa valenci\u00e0 ha prolongat la seua vinculaci\u00f3 amb el Villarreal despr\u00e9s de debutar amb el primer equip El Villarreal CF ha aconseguit un acord de renovaci\u00f3 amb Carlos Romero, que seguir\u00e0 vinculat a l\u2019equip groguet fins a juny de 2027. El defensa valenci\u00e0, que va iniciar el curs militant al Villarreal B, ha est\u00e9s el seu contracte amb el club groc en un moment molt dol\u00e7 a nivell personal despr\u00e9s d\u2019haver complit el seu somni de debutar en Primera Divisi\u00f3. Carlos Romero Serrano (Torrent, 29 d\u2019octubre de 2001) \u00e9s un lateral esquerre de gran recorregut i excel\u00b7lent per a sumar-se a l\u2019atac. Va arribar a la Cantera Grogueta en etapa juvenil procedent del CF Torre Levante en 2019. Des de llavors, ha jugat tres campanyes al Villarreal C i afronta el seu segon curs al Villarreal B competint en Segona Divisi\u00f3. El futbolista valenci\u00e0 va debutar amb el primer equip el passat 17 de setembre en la vict\u00f2ria del Vila-real davant la UD Almer\u00eda (2-1) en l\u2019Estadio de la Cer\u00e1mica. Des de llavors, ha participat en quatre duels m\u00e9s de LALIGA EA Sports i un altre m\u00e9s de Copa del Rey.","headings":[{"type":"heading","level":2,"text":"El defensa valenci\u00e0 ha prolongat la seua vinculaci\u00f3 amb el Villarreal despr\u00e9s de debutar amb el primer equip"}],"buttons":[],"images":[],"counts":{"blocks":5,"headings":1,"texts":3,"buttons":0,"images":0}},"sections":[{"id":"section-1","title":"El defensa valenci\u00e0 ha prolongat la seua vinculaci\u00f3 amb el Villarreal despr\u00e9s de debutar amb el primer equip","text":"El defensa valenci\u00e0 ha prolongat la seua vinculaci\u00f3 amb el Villarreal despr\u00e9s de debutar amb el primer equip El Villarreal CF ha aconseguit un acord de renovaci\u00f3 amb Carlos Romero, que seguir\u00e0 vinculat a l\u2019equip groguet fins a juny de 2027. El defensa valenci\u00e0, que va iniciar el curs militant al Villarreal B, ha est\u00e9s el seu contracte amb el club groc en un moment molt dol\u00e7 a nivell personal despr\u00e9s d\u2019haver complit el seu somni de debutar en Primera Divisi\u00f3. Carlos Romero Serrano (Torrent, 29 d\u2019octubre de 2001) \u00e9s un lateral esquerre de gran recorregut i excel\u00b7lent per a sumar-se a l\u2019atac. Va arribar a la Cantera Grogueta en etapa juvenil procedent del CF Torre Levante en 2019. Des de llavors, ha jugat tres campanyes al Villarreal C i afronta el seu segon curs al Villarreal B competint en Segona Divisi\u00f3. El futbolista valenci\u00e0 va debutar amb el primer equip el passat 17 de setembre en la vict\u00f2ria del Vila-real davant la UD Almer\u00eda (2-1) en l\u2019Estadio de la Cer\u00e1mica. Des de llavors, ha participat en quatre duels m\u00e9s de LALIGA EA Sports i un altre m\u00e9s de Copa del Rey.","headings":[{"type":"heading","level":2,"text":"El defensa valenci\u00e0 ha prolongat la seua vinculaci\u00f3 amb el Villarreal despr\u00e9s de debutar amb el primer equip"}],"texts":[{"type":"paragraph","text":"El Villarreal CF ha aconseguit un acord de renovaci\u00f3 amb Carlos Romero, que seguir\u00e0 vinculat a l\u2019equip groguet fins a juny de 2027. El defensa valenci\u00e0, que va iniciar el curs militant al Villarreal B, ha est\u00e9s el seu contracte amb el club groc en un moment molt dol\u00e7 a nivell personal despr\u00e9s d\u2019haver complit el seu somni de debutar en Primera Divisi\u00f3."},{"type":"paragraph","text":"Carlos Romero Serrano (Torrent, 29 d\u2019octubre de 2001) \u00e9s un lateral esquerre de gran recorregut i excel\u00b7lent per a sumar-se a l\u2019atac. Va arribar a la Cantera Grogueta en etapa juvenil procedent del CF Torre Levante en 2019. Des de llavors, ha jugat tres campanyes al Villarreal C i afronta el seu segon curs al Villarreal B competint en Segona Divisi\u00f3."},{"type":"paragraph","text":"El futbolista valenci\u00e0 va debutar amb el primer equip el passat 17 de setembre en la vict\u00f2ria del Vila-real davant la UD Almer\u00eda (2-1) en l\u2019Estadio de la Cer\u00e1mica. Des de llavors, ha participat en quatre duels m\u00e9s de LALIGA EA Sports i un altre m\u00e9s de Copa del Rey."}],"buttons":[],"images":[],"widgets":[],"blocks":[{"type":"heading","level":2,"text":"El defensa valenci\u00e0 ha prolongat la seua vinculaci\u00f3 amb el Villarreal despr\u00e9s de debutar amb el primer equip"},{"type":"paragraph","text":"El Villarreal CF ha aconseguit un acord de renovaci\u00f3 amb Carlos Romero, que seguir\u00e0 vinculat a l\u2019equip groguet fins a juny de 2027. El defensa valenci\u00e0, que va iniciar el curs militant al Villarreal B, ha est\u00e9s el seu contracte amb el club groc en un moment molt dol\u00e7 a nivell personal despr\u00e9s d\u2019haver complit el seu somni de debutar en Primera Divisi\u00f3."},{"type":"paragraph","text":"Carlos Romero Serrano (Torrent, 29 d\u2019octubre de 2001) \u00e9s un lateral esquerre de gran recorregut i excel\u00b7lent per a sumar-se a l\u2019atac. Va arribar a la Cantera Grogueta en etapa juvenil procedent del CF Torre Levante en 2019. Des de llavors, ha jugat tres campanyes al Villarreal C i afronta el seu segon curs al Villarreal B competint en Segona Divisi\u00f3."},{"type":"paragraph","text":"El futbolista valenci\u00e0 va debutar amb el primer equip el passat 17 de setembre en la vict\u00f2ria del Vila-real davant la UD Almer\u00eda (2-1) en l\u2019Estadio de la Cer\u00e1mica. Des de llavors, ha participat en quatre duels m\u00e9s de LALIGA EA Sports i un altre m\u00e9s de Copa del Rey."},{"type":"video","kind":"iframe","url":"https:\/\/www.youtube.com\/embed\/gZQIaSdmM2Q?feature=oembed","poster":""}]}],"hero":{"id":"section-1","title":"El defensa valenci\u00e0 ha prolongat la seua vinculaci\u00f3 amb el Villarreal despr\u00e9s de debutar amb el primer equip","text":"El defensa valenci\u00e0 ha prolongat la seua vinculaci\u00f3 amb el Villarreal despr\u00e9s de debutar amb el primer equip El Villarreal CF ha aconseguit un acord de renovaci\u00f3 amb Carlos Romero, que seguir\u00e0 vinculat a l\u2019equip groguet fins a juny de 2027. El defensa valenci\u00e0, que va iniciar el curs militant al Villarreal B, ha est\u00e9s el seu contracte amb el club groc en un moment molt dol\u00e7 a nivell personal despr\u00e9s d\u2019haver complit el seu somni de debutar en Primera Divisi\u00f3. Carlos Romero Serrano (Torrent, 29 d\u2019octubre de 2001) \u00e9s un lateral esquerre de gran recorregut i excel\u00b7lent per a sumar-se a l\u2019atac. Va arribar a la Cantera Grogueta en etapa juvenil procedent del CF Torre Levante en 2019. Des de llavors, ha jugat tres campanyes al Villarreal C i afronta el seu segon curs al Villarreal B competint en Segona Divisi\u00f3. El futbolista valenci\u00e0 va debutar amb el primer equip el passat 17 de setembre en la vict\u00f2ria del Vila-real davant la UD Almer\u00eda (2-1) en l\u2019Estadio de la Cer\u00e1mica. Des de llavors, ha participat en quatre duels m\u00e9s de LALIGA EA Sports i un altre m\u00e9s de Copa del Rey.","headings":[{"type":"heading","level":2,"text":"El defensa valenci\u00e0 ha prolongat la seua vinculaci\u00f3 amb el Villarreal despr\u00e9s de debutar amb el primer equip"}],"texts":[{"type":"paragraph","text":"El Villarreal CF ha aconseguit un acord de renovaci\u00f3 amb Carlos Romero, que seguir\u00e0 vinculat a l\u2019equip groguet fins a juny de 2027. El defensa valenci\u00e0, que va iniciar el curs militant al Villarreal B, ha est\u00e9s el seu contracte amb el club groc en un moment molt dol\u00e7 a nivell personal despr\u00e9s d\u2019haver complit el seu somni de debutar en Primera Divisi\u00f3."},{"type":"paragraph","text":"Carlos Romero Serrano (Torrent, 29 d\u2019octubre de 2001) \u00e9s un lateral esquerre de gran recorregut i excel\u00b7lent per a sumar-se a l\u2019atac. Va arribar a la Cantera Grogueta en etapa juvenil procedent del CF Torre Levante en 2019. Des de llavors, ha jugat tres campanyes al Villarreal C i afronta el seu segon curs al Villarreal B competint en Segona Divisi\u00f3."},{"type":"paragraph","text":"El futbolista valenci\u00e0 va debutar amb el primer equip el passat 17 de setembre en la vict\u00f2ria del Vila-real davant la UD Almer\u00eda (2-1) en l\u2019Estadio de la Cer\u00e1mica. Des de llavors, ha participat en quatre duels m\u00e9s de LALIGA EA Sports i un altre m\u00e9s de Copa del Rey."}],"buttons":[],"images":[],"widgets":[],"blocks":[{"type":"heading","level":2,"text":"El defensa valenci\u00e0 ha prolongat la seua vinculaci\u00f3 amb el Villarreal despr\u00e9s de debutar amb el primer equip"},{"type":"paragraph","text":"El Villarreal CF ha aconseguit un acord de renovaci\u00f3 amb Carlos Romero, que seguir\u00e0 vinculat a l\u2019equip groguet fins a juny de 2027. El defensa valenci\u00e0, que va iniciar el curs militant al Villarreal B, ha est\u00e9s el seu contracte amb el club groc en un moment molt dol\u00e7 a nivell personal despr\u00e9s d\u2019haver complit el seu somni de debutar en Primera Divisi\u00f3."},{"type":"paragraph","text":"Carlos Romero Serrano (Torrent, 29 d\u2019octubre de 2001) \u00e9s un lateral esquerre de gran recorregut i excel\u00b7lent per a sumar-se a l\u2019atac. Va arribar a la Cantera Grogueta en etapa juvenil procedent del CF Torre Levante en 2019. Des de llavors, ha jugat tres campanyes al Villarreal C i afronta el seu segon curs al Villarreal B competint en Segona Divisi\u00f3."},{"type":"paragraph","text":"El futbolista valenci\u00e0 va debutar amb el primer equip el passat 17 de setembre en la vict\u00f2ria del Vila-real davant la UD Almer\u00eda (2-1) en l\u2019Estadio de la Cer\u00e1mica. Des de llavors, ha participat en quatre duels m\u00e9s de LALIGA EA Sports i un altre m\u00e9s de Copa del Rey."},{"type":"video","kind":"iframe","url":"https:\/\/www.youtube.com\/embed\/gZQIaSdmM2Q?feature=oembed","poster":""}]}},"sections":[{"id":"section-1","title":"El defensa valenci\u00e0 ha prolongat la seua vinculaci\u00f3 amb el Villarreal despr\u00e9s de debutar amb el primer equip","text":"El defensa valenci\u00e0 ha prolongat la seua vinculaci\u00f3 amb el Villarreal despr\u00e9s de debutar amb el primer equip El Villarreal CF ha aconseguit un acord de renovaci\u00f3 amb Carlos Romero, que seguir\u00e0 vinculat a l\u2019equip groguet fins a juny de 2027. El defensa valenci\u00e0, que va iniciar el curs militant al Villarreal B, ha est\u00e9s el seu contracte amb el club groc en un moment molt dol\u00e7 a nivell personal despr\u00e9s d\u2019haver complit el seu somni de debutar en Primera Divisi\u00f3. Carlos Romero Serrano (Torrent, 29 d\u2019octubre de 2001) \u00e9s un lateral esquerre de gran recorregut i excel\u00b7lent per a sumar-se a l\u2019atac. Va arribar a la Cantera Grogueta en etapa juvenil procedent del CF Torre Levante en 2019. Des de llavors, ha jugat tres campanyes al Villarreal C i afronta el seu segon curs al Villarreal B competint en Segona Divisi\u00f3. El futbolista valenci\u00e0 va debutar amb el primer equip el passat 17 de setembre en la vict\u00f2ria del Vila-real davant la UD Almer\u00eda (2-1) en l\u2019Estadio de la Cer\u00e1mica. Des de llavors, ha participat en quatre duels m\u00e9s de LALIGA EA Sports i un altre m\u00e9s de Copa del Rey.","url":"","background_image":"","images":[],"videos":[{"type":"video","kind":"iframe","url":"https:\/\/www.youtube.com\/embed\/gZQIaSdmM2Q?feature=oembed","poster":""}],"links":[]}]},"excerpt":{"rendered":"El defensa valenci\u00e0 ha prolongat la seua vinculaci\u00f3 amb el Villarreal despr\u00e9s de debutar amb el primer equip","protected":false},"author":1,"featured_media":290557,"comment_status":"closed","ping_status":"closed","sticky":false,"template":"","format":"standard","meta":{"_acf_changed":false,"footnotes":""},"categories":[13493],"tags":[10325,15011,717,9270,10042,9205,9627,9203],"acf":null,"lang":"val","translations":{"es":290554,"val":290559,"en":290563},"essential_grid":{"has_grid":false},"formatted_date":"November 28, 2023","modified_date":"November 29, 2023","permalink":"https:\/\/villarrealcf.es\/val\/carlos-romero-sera-groguet-fins-a-2027\/","reading_time":2,"featured_media_data":{"id":290557,"title":"FIRMA CARLOS WEB","caption":"","alt_text":"","description":"","mime_type":"image\/jpeg","source_url":"https:\/\/villarrealcf.es\/wp-content\/uploads\/2023\/11\/FIRMA-CARLOS-WEB-scaled.jpg","sizes":{"thumbnail":{"url":"https:\/\/villarrealcf.es\/wp-content\/uploads\/2023\/11\/FIRMA-CARLOS-WEB-1920x1080.jpg","width":1920,"height":1080},"medium":{"url":"https:\/\/villarrealcf.es\/wp-content\/uploads\/2023\/11\/FIRMA-CARLOS-WEB-1920x1080.jpg","width":1920,"height":1080},"medium_large":{"url":"https:\/\/villarrealcf.es\/wp-content\/uploads\/2023\/11\/FIRMA-CARLOS-WEB-768x432.jpg","width":768,"height":432},"large":{"url":"https:\/\/villarrealcf.es\/wp-content\/uploads\/2023\/11\/FIRMA-CARLOS-WEB-1920x1080.jpg","width":788,"height":443},"1536x1536":{"url":"https:\/\/villarrealcf.es\/wp-content\/uploads\/2023\/11\/FIRMA-CARLOS-WEB-1536x864.jpg","width":1536,"height":864},"2048x2048":{"url":"https:\/\/villarrealcf.es\/wp-content\/uploads\/2023\/11\/FIRMA-CARLOS-WEB-2048x1152.jpg","width":2048,"height":1152},"tp-image-grid":{"url":"https:\/\/villarrealcf.es\/wp-content\/uploads\/2023\/11\/FIRMA-CARLOS-WEB-700x700.jpg","width":700,"height":700},"size-bunyad-medium":{"url":"https:\/\/villarrealcf.es\/wp-content\/uploads\/2023\/11\/FIRMA-CARLOS-WEB-1920x1080.jpg","width":1920,"height":1080},"sportspress-crop-medium":{"url":"https:\/\/villarrealcf.es\/wp-content\/uploads\/2023\/11\/FIRMA-CARLOS-WEB-300x300.jpg","width":300,"height":300},"sportspress-fit-medium":{"url":"https:\/\/villarrealcf.es\/wp-content\/uploads\/2023\/11\/FIRMA-CARLOS-WEB-300x169.jpg","width":300,"height":169},"sportspress-fit-icon":{"url":"https:\/\/villarrealcf.es\/wp-content\/uploads\/2023\/11\/FIRMA-CARLOS-WEB-128x72.jpg","width":128,"height":72},"sportspress-fit-mini":{"url":"https:\/\/villarrealcf.es\/wp-content\/uploads\/2023\/11\/FIRMA-CARLOS-WEB-32x18.jpg","width":32,"height":18},"bunyad-small":{"url":"https:\/\/villarrealcf.es\/wp-content\/uploads\/2023\/11\/FIRMA-CARLOS-WEB-150x84.jpg","width":150,"height":84},"bunyad-medium":{"url":"https:\/\/villarrealcf.es\/wp-content\/uploads\/2023\/11\/FIRMA-CARLOS-WEB-450x253.jpg","width":450,"height":253},"bunyad-full":{"url":"https:\/\/villarrealcf.es\/wp-content\/uploads\/2023\/11\/FIRMA-CARLOS-WEB-1200x675.jpg","width":1200,"height":675},"bunyad-viewport":{"url":"https:\/\/villarrealcf.es\/wp-content\/uploads\/2023\/11\/FIRMA-CARLOS-WEB-2048x1152.jpg","width":2048,"height":1152},"bunyad-768":{"url":"https:\/\/villarrealcf.es\/wp-content\/uploads\/2023\/11\/FIRMA-CARLOS-WEB-768x432.jpg","width":768,"height":432},"full":{"url":"https:\/\/villarrealcf.es\/wp-content\/uploads\/2023\/11\/FIRMA-CARLOS-WEB-scaled.jpg","width":2560,"height":1440}}},"author_data":{"id":"1","name":"root_envidea","first_name":"Villarreal CF","last_name":"","description":"","avatar_url":"https:\/\/secure.gravatar.com\/avatar\/48f95f42a3ccc324f3a3458e4b9e6fb070b083e99d388e170c1afb061fa99b63?s=96&d=mm&r=g","acf":null},"taxonomies_data":{"category":[{"id":13493,"name":"Primer equip","slug":"primer-equip","acf":null}],"post_tag":[{"id":10325,"name":"Cantera Grogueta","slug":"cantera-grogueta-val","acf":null},{"id":15011,"name":"Carlos Romero","slug":"carlos-romero-val","acf":null},{"id":717,"name":"Football","slug":"football-d34","acf":null},{"id":9270,"name":"Futbol","slug":"futbol-val","acf":null},{"id":10042,"name":"Renovaci\u00f3n","slug":"renovacion-val","acf":null},{"id":9205,"name":"Submarino","slug":"submarino-val","acf":null},{"id":9627,"name":"Submarino Amarillo","slug":"submarino-amarillo-val","acf":null},{"id":9203,"name":"Villarreal CF","slug":"villarreal-cf-val","acf":null}],"translation_priority":[{"id":735,"name":"Optional","slug":"optional-val","acf":null}]},"seo_full":{"native":{"title":"Carlos Romero ser\u00e0 groguet fins a 2027 - Web Oficial del Villarreal CF","description":"El defensa valenci\u00e0 ha prolongat la seua vinculaci\u00f3 amb el Villarreal despr\u00e9s de debutar amb el primer equip","canonical":"https:\/\/villarrealcf.es\/val\/carlos-romero-sera-groguet-fins-a-2027\/"}},"_links":{"self":[{"href":"https:\/\/villarrealcf.es\/val\/wp-json\/wp\/v2\/posts\/290559","targetHints":{"allow":["GET"]}}],"collection":[{"href":"https:\/\/villarrealcf.es\/val\/wp-json\/wp\/v2\/posts"}],"about":[{"href":"https:\/\/villarrealcf.es\/val\/wp-json\/wp\/v2\/types\/post"}],"author":[{"embeddable":true,"href":"https:\/\/villarrealcf.es\/val\/wp-json\/wp\/v2\/users\/1"}],"replies":[{"embeddable":true,"href":"https:\/\/villarrealcf.es\/val\/wp-json\/wp\/v2\/comments?post=290559"}],"version-history":[{"count":0,"href":"https:\/\/villarrealcf.es\/val\/wp-json\/wp\/v2\/posts\/290559\/revisions"}],"wp:featuredmedia":[{"embeddable":true,"href":"https:\/\/villarrealcf.es\/val\/wp-json\/wp\/v2\/media\/290557"}],"wp:attachment":[{"href":"https:\/\/villarrealcf.es\/val\/wp-json\/wp\/v2\/media?parent=290559"}],"wp:term":[{"taxonomy":"category","embeddable":true,"href":"https:\/\/villarrealcf.es\/val\/wp-json\/wp\/v2\/categories?post=290559"},{"taxonomy":"post_tag","embeddable":true,"href":"https:\/\/villarrealcf.es\/val\/wp-json\/wp\/v2\/tags?post=290559"}],"curies":[{"name":"wp","href":"https:\/\/api.w.org\/{rel}","templated":true}]}}