{"id":290356,"date":"2023-11-27T11:09:53","date_gmt":"2023-11-27T10:09:53","guid":{"rendered":"https:\/\/villarrealcf.es\/el-regreso-del-mejor-morales\/"},"modified":"2023-11-27T12:25:31","modified_gmt":"2023-11-27T11:25:31","slug":"el-retorn-del-millor-morales","status":"publish","type":"post","link":"https:\/\/villarrealcf.es\/val\/el-retorn-del-millor-morales\/","title":{"rendered":"El retorn del millor Morales"},"content":{"protected":false,"blocks":[{"type":"heading","level":2,"text":"El davanter madrileny ha marcat cinc gols en els dos primers partits de Marcelino"},{"type":"paragraph","text":"Una setmana fant\u00e0stica per a Jos\u00e9 Morales. El \u2018comandant\u2019 va liderar el triomf del Submar\u00ed davant Osasuna amb un \u2018hat-trick\u2019. El primer que aconsegueix el davanter madrileny en LALIGA EA Sports i el seu segon com groguet, ja que el curs passat va descobrir la sensaci\u00f3 de marcar tres gols en un partit davant l\u2019\u00c0ustria de Viena (5-0)."},{"type":"video","kind":"iframe","url":"https:\/\/www.youtube.com\/embed\/Otc4LGRvjXc?feature=oembed","poster":""},{"type":"paragraph","text":"Este ressorgir de Morales va comen\u00e7ar ja dimecres passat en el partit de Copa del Rey, corresponent a la Segona Eliminat\u00f2ria, davant el Zamora CF. El \u201815\u2019 groc va anotar els dos punts de la remuntada copera en el redebut de Marcelino Garc\u00eda Toral com a t\u00e8cnic del Villarreal CF."},{"type":"paragraph","text":"El t\u00e8cnic asturi\u00e0 li ha donat confian\u00e7a a Morales, concedint-li dues titularitats en els seus dos primers matxs en la banqueta groguet. I el madrileny est\u00e0 responent amb gols. Ni m\u00e9s ni menys que cinc en dos partits. Registres fant\u00e0stics que li han valgut al Submar\u00ed per a collir dues valuoses vict\u00f2ries."},{"type":"video","kind":"iframe","url":"https:\/\/widgets.besoccerapps.com\/scripts\/widgets?type=player_info&id=36180&season=2024&team=6583651&style=villarreal","poster":""}],"structured":{"summary":{"text":"El davanter madrileny ha marcat cinc gols en els dos primers partits de Marcelino Una setmana fant\u00e0stica per a Jos\u00e9 Morales. El \u2018comandant\u2019 va liderar el triomf del Submar\u00ed davant Osasuna amb un \u2018hat-trick\u2019. El primer que aconsegueix el davanter madrileny en LALIGA EA Sports i el seu segon com groguet, ja que el curs passat va descobrir la sensaci\u00f3 de marcar tres gols en un partit davant l\u2019\u00c0ustria de Viena (5-0). Este ressorgir de Morales va comen\u00e7ar ja dimecres passat en el partit de Copa del Rey, corresponent a la Segona Eliminat\u00f2ria, davant el Zamora CF. El \u201815\u2019 groc va anotar els dos punts de la remuntada copera en el redebut de Marcelino Garc\u00eda Toral com a t\u00e8cnic del Villarreal CF. El t\u00e8cnic asturi\u00e0 li ha donat confian\u00e7a a Morales, concedint-li dues titularitats en els seus dos primers matxs en la banqueta groguet. I el madrileny est\u00e0 responent amb gols. Ni m\u00e9s ni menys que cinc en dos partits. Registres fant\u00e0stics que li han valgut al Submar\u00ed per a collir dues valuoses vict\u00f2ries.","headings":[{"type":"heading","level":2,"text":"El davanter madrileny ha marcat cinc gols en els dos primers partits de Marcelino"}],"buttons":[],"images":[],"counts":{"blocks":6,"headings":1,"texts":3,"buttons":0,"images":0}},"sections":[{"id":"section-1","title":"El davanter madrileny ha marcat cinc gols en els dos primers partits de Marcelino","text":"El davanter madrileny ha marcat cinc gols en els dos primers partits de Marcelino Una setmana fant\u00e0stica per a Jos\u00e9 Morales. El \u2018comandant\u2019 va liderar el triomf del Submar\u00ed davant Osasuna amb un \u2018hat-trick\u2019. El primer que aconsegueix el davanter madrileny en LALIGA EA Sports i el seu segon com groguet, ja que el curs passat va descobrir la sensaci\u00f3 de marcar tres gols en un partit davant l\u2019\u00c0ustria de Viena (5-0). Este ressorgir de Morales va comen\u00e7ar ja dimecres passat en el partit de Copa del Rey, corresponent a la Segona Eliminat\u00f2ria, davant el Zamora CF. El \u201815\u2019 groc va anotar els dos punts de la remuntada copera en el redebut de Marcelino Garc\u00eda Toral com a t\u00e8cnic del Villarreal CF. El t\u00e8cnic asturi\u00e0 li ha donat confian\u00e7a a Morales, concedint-li dues titularitats en els seus dos primers matxs en la banqueta groguet. I el madrileny est\u00e0 responent amb gols. Ni m\u00e9s ni menys que cinc en dos partits. Registres fant\u00e0stics que li han valgut al Submar\u00ed per a collir dues valuoses vict\u00f2ries.","headings":[{"type":"heading","level":2,"text":"El davanter madrileny ha marcat cinc gols en els dos primers partits de Marcelino"}],"texts":[{"type":"paragraph","text":"Una setmana fant\u00e0stica per a Jos\u00e9 Morales. El \u2018comandant\u2019 va liderar el triomf del Submar\u00ed davant Osasuna amb un \u2018hat-trick\u2019. El primer que aconsegueix el davanter madrileny en LALIGA EA Sports i el seu segon com groguet, ja que el curs passat va descobrir la sensaci\u00f3 de marcar tres gols en un partit davant l\u2019\u00c0ustria de Viena (5-0)."},{"type":"paragraph","text":"Este ressorgir de Morales va comen\u00e7ar ja dimecres passat en el partit de Copa del Rey, corresponent a la Segona Eliminat\u00f2ria, davant el Zamora CF. El \u201815\u2019 groc va anotar els dos punts de la remuntada copera en el redebut de Marcelino Garc\u00eda Toral com a t\u00e8cnic del Villarreal CF."},{"type":"paragraph","text":"El t\u00e8cnic asturi\u00e0 li ha donat confian\u00e7a a Morales, concedint-li dues titularitats en els seus dos primers matxs en la banqueta groguet. I el madrileny est\u00e0 responent amb gols. Ni m\u00e9s ni menys que cinc en dos partits. Registres fant\u00e0stics que li han valgut al Submar\u00ed per a collir dues valuoses vict\u00f2ries."}],"buttons":[],"images":[],"widgets":[],"blocks":[{"type":"heading","level":2,"text":"El davanter madrileny ha marcat cinc gols en els dos primers partits de Marcelino"},{"type":"paragraph","text":"Una setmana fant\u00e0stica per a Jos\u00e9 Morales. El \u2018comandant\u2019 va liderar el triomf del Submar\u00ed davant Osasuna amb un \u2018hat-trick\u2019. El primer que aconsegueix el davanter madrileny en LALIGA EA Sports i el seu segon com groguet, ja que el curs passat va descobrir la sensaci\u00f3 de marcar tres gols en un partit davant l\u2019\u00c0ustria de Viena (5-0)."},{"type":"video","kind":"iframe","url":"https:\/\/www.youtube.com\/embed\/Otc4LGRvjXc?feature=oembed","poster":""},{"type":"paragraph","text":"Este ressorgir de Morales va comen\u00e7ar ja dimecres passat en el partit de Copa del Rey, corresponent a la Segona Eliminat\u00f2ria, davant el Zamora CF. El \u201815\u2019 groc va anotar els dos punts de la remuntada copera en el redebut de Marcelino Garc\u00eda Toral com a t\u00e8cnic del Villarreal CF."},{"type":"paragraph","text":"El t\u00e8cnic asturi\u00e0 li ha donat confian\u00e7a a Morales, concedint-li dues titularitats en els seus dos primers matxs en la banqueta groguet. I el madrileny est\u00e0 responent amb gols. Ni m\u00e9s ni menys que cinc en dos partits. Registres fant\u00e0stics que li han valgut al Submar\u00ed per a collir dues valuoses vict\u00f2ries."},{"type":"video","kind":"iframe","url":"https:\/\/widgets.besoccerapps.com\/scripts\/widgets?type=player_info&id=36180&season=2024&team=6583651&style=villarreal","poster":""}]}],"hero":{"id":"section-1","title":"El davanter madrileny ha marcat cinc gols en els dos primers partits de Marcelino","text":"El davanter madrileny ha marcat cinc gols en els dos primers partits de Marcelino Una setmana fant\u00e0stica per a Jos\u00e9 Morales. El \u2018comandant\u2019 va liderar el triomf del Submar\u00ed davant Osasuna amb un \u2018hat-trick\u2019. El primer que aconsegueix el davanter madrileny en LALIGA EA Sports i el seu segon com groguet, ja que el curs passat va descobrir la sensaci\u00f3 de marcar tres gols en un partit davant l\u2019\u00c0ustria de Viena (5-0). Este ressorgir de Morales va comen\u00e7ar ja dimecres passat en el partit de Copa del Rey, corresponent a la Segona Eliminat\u00f2ria, davant el Zamora CF. El \u201815\u2019 groc va anotar els dos punts de la remuntada copera en el redebut de Marcelino Garc\u00eda Toral com a t\u00e8cnic del Villarreal CF. El t\u00e8cnic asturi\u00e0 li ha donat confian\u00e7a a Morales, concedint-li dues titularitats en els seus dos primers matxs en la banqueta groguet. I el madrileny est\u00e0 responent amb gols. Ni m\u00e9s ni menys que cinc en dos partits. Registres fant\u00e0stics que li han valgut al Submar\u00ed per a collir dues valuoses vict\u00f2ries.","headings":[{"type":"heading","level":2,"text":"El davanter madrileny ha marcat cinc gols en els dos primers partits de Marcelino"}],"texts":[{"type":"paragraph","text":"Una setmana fant\u00e0stica per a Jos\u00e9 Morales. El \u2018comandant\u2019 va liderar el triomf del Submar\u00ed davant Osasuna amb un \u2018hat-trick\u2019. El primer que aconsegueix el davanter madrileny en LALIGA EA Sports i el seu segon com groguet, ja que el curs passat va descobrir la sensaci\u00f3 de marcar tres gols en un partit davant l\u2019\u00c0ustria de Viena (5-0)."},{"type":"paragraph","text":"Este ressorgir de Morales va comen\u00e7ar ja dimecres passat en el partit de Copa del Rey, corresponent a la Segona Eliminat\u00f2ria, davant el Zamora CF. El \u201815\u2019 groc va anotar els dos punts de la remuntada copera en el redebut de Marcelino Garc\u00eda Toral com a t\u00e8cnic del Villarreal CF."},{"type":"paragraph","text":"El t\u00e8cnic asturi\u00e0 li ha donat confian\u00e7a a Morales, concedint-li dues titularitats en els seus dos primers matxs en la banqueta groguet. I el madrileny est\u00e0 responent amb gols. Ni m\u00e9s ni menys que cinc en dos partits. Registres fant\u00e0stics que li han valgut al Submar\u00ed per a collir dues valuoses vict\u00f2ries."}],"buttons":[],"images":[],"widgets":[],"blocks":[{"type":"heading","level":2,"text":"El davanter madrileny ha marcat cinc gols en els dos primers partits de Marcelino"},{"type":"paragraph","text":"Una setmana fant\u00e0stica per a Jos\u00e9 Morales. El \u2018comandant\u2019 va liderar el triomf del Submar\u00ed davant Osasuna amb un \u2018hat-trick\u2019. El primer que aconsegueix el davanter madrileny en LALIGA EA Sports i el seu segon com groguet, ja que el curs passat va descobrir la sensaci\u00f3 de marcar tres gols en un partit davant l\u2019\u00c0ustria de Viena (5-0)."},{"type":"video","kind":"iframe","url":"https:\/\/www.youtube.com\/embed\/Otc4LGRvjXc?feature=oembed","poster":""},{"type":"paragraph","text":"Este ressorgir de Morales va comen\u00e7ar ja dimecres passat en el partit de Copa del Rey, corresponent a la Segona Eliminat\u00f2ria, davant el Zamora CF. El \u201815\u2019 groc va anotar els dos punts de la remuntada copera en el redebut de Marcelino Garc\u00eda Toral com a t\u00e8cnic del Villarreal CF."},{"type":"paragraph","text":"El t\u00e8cnic asturi\u00e0 li ha donat confian\u00e7a a Morales, concedint-li dues titularitats en els seus dos primers matxs en la banqueta groguet. I el madrileny est\u00e0 responent amb gols. Ni m\u00e9s ni menys que cinc en dos partits. Registres fant\u00e0stics que li han valgut al Submar\u00ed per a collir dues valuoses vict\u00f2ries."},{"type":"video","kind":"iframe","url":"https:\/\/widgets.besoccerapps.com\/scripts\/widgets?type=player_info&id=36180&season=2024&team=6583651&style=villarreal","poster":""}]}},"sections":[{"id":"section-1","title":"El davanter madrileny ha marcat cinc gols en els dos primers partits de Marcelino","text":"El davanter madrileny ha marcat cinc gols en els dos primers partits de Marcelino Una setmana fant\u00e0stica per a Jos\u00e9 Morales. El \u2018comandant\u2019 va liderar el triomf del Submar\u00ed davant Osasuna amb un \u2018hat-trick\u2019. El primer que aconsegueix el davanter madrileny en LALIGA EA Sports i el seu segon com groguet, ja que el curs passat va descobrir la sensaci\u00f3 de marcar tres gols en un partit davant l\u2019\u00c0ustria de Viena (5-0). Este ressorgir de Morales va comen\u00e7ar ja dimecres passat en el partit de Copa del Rey, corresponent a la Segona Eliminat\u00f2ria, davant el Zamora CF. El \u201815\u2019 groc va anotar els dos punts de la remuntada copera en el redebut de Marcelino Garc\u00eda Toral com a t\u00e8cnic del Villarreal CF. El t\u00e8cnic asturi\u00e0 li ha donat confian\u00e7a a Morales, concedint-li dues titularitats en els seus dos primers matxs en la banqueta groguet. I el madrileny est\u00e0 responent amb gols. Ni m\u00e9s ni menys que cinc en dos partits. Registres fant\u00e0stics que li han valgut al Submar\u00ed per a collir dues valuoses vict\u00f2ries.","url":"","background_image":"","images":[],"videos":[{"type":"video","kind":"iframe","url":"https:\/\/www.youtube.com\/embed\/Otc4LGRvjXc?feature=oembed","poster":""},{"type":"video","kind":"iframe","url":"https:\/\/widgets.besoccerapps.com\/scripts\/widgets?type=player_info&id=36180&season=2024&team=6583651&style=villarreal","poster":""}],"links":[]}]},"excerpt":{"rendered":"El davanter madrileny ha marcat cinc gols en els dos primers partits de Marcelino","protected":false},"author":25,"featured_media":290337,"comment_status":"closed","ping_status":"closed","sticky":false,"template":"","format":"standard","meta":{"_acf_changed":false,"footnotes":""},"categories":[13493],"tags":[717,9270,14765,9219,14310,9278,716,9205,9627,9203],"acf":null,"lang":"val","translations":{"es":290334,"val":290356,"en":290378},"essential_grid":{"has_grid":false},"formatted_date":"November 27, 2023","modified_date":"November 27, 2023","permalink":"https:\/\/villarrealcf.es\/val\/el-retorn-del-millor-morales\/","reading_time":1,"featured_media_data":{"id":290337,"title":"moralesjose","caption":"","alt_text":"","description":"","mime_type":"image\/jpeg","source_url":"https:\/\/villarrealcf.es\/wp-content\/uploads\/2023\/11\/moralesjose.jpg","sizes":{"thumbnail":{"url":"https:\/\/villarrealcf.es\/wp-content\/uploads\/2023\/11\/moralesjose-1920x1080.jpg","width":1920,"height":1080},"medium":{"url":"https:\/\/villarrealcf.es\/wp-content\/uploads\/2023\/11\/moralesjose-1920x1080.jpg","width":1920,"height":1080},"medium_large":{"url":"https:\/\/villarrealcf.es\/wp-content\/uploads\/2023\/11\/moralesjose-768x432.jpg","width":768,"height":432},"large":{"url":"https:\/\/villarrealcf.es\/wp-content\/uploads\/2023\/11\/moralesjose-1920x1080.jpg","width":788,"height":443},"1536x1536":{"url":"https:\/\/villarrealcf.es\/wp-content\/uploads\/2023\/11\/moralesjose-1536x864.jpg","width":1536,"height":864},"2048x2048":{"url":"https:\/\/villarrealcf.es\/wp-content\/uploads\/2023\/11\/moralesjose.jpg","width":1920,"height":1080},"tp-image-grid":{"url":"https:\/\/villarrealcf.es\/wp-content\/uploads\/2023\/11\/moralesjose-700x700.jpg","width":700,"height":700},"size-bunyad-medium":{"url":"https:\/\/villarrealcf.es\/wp-content\/uploads\/2023\/11\/moralesjose-1920x1080.jpg","width":1920,"height":1080},"sportspress-crop-medium":{"url":"https:\/\/villarrealcf.es\/wp-content\/uploads\/2023\/11\/moralesjose-300x300.jpg","width":300,"height":300},"sportspress-fit-medium":{"url":"https:\/\/villarrealcf.es\/wp-content\/uploads\/2023\/11\/moralesjose-300x169.jpg","width":300,"height":169},"sportspress-fit-icon":{"url":"https:\/\/villarrealcf.es\/wp-content\/uploads\/2023\/11\/moralesjose-128x72.jpg","width":128,"height":72},"sportspress-fit-mini":{"url":"https:\/\/villarrealcf.es\/wp-content\/uploads\/2023\/11\/moralesjose-32x18.jpg","width":32,"height":18},"bunyad-small":{"url":"https:\/\/villarrealcf.es\/wp-content\/uploads\/2023\/11\/moralesjose-150x84.jpg","width":150,"height":84},"bunyad-medium":{"url":"https:\/\/villarrealcf.es\/wp-content\/uploads\/2023\/11\/moralesjose-450x253.jpg","width":450,"height":253},"bunyad-full":{"url":"https:\/\/villarrealcf.es\/wp-content\/uploads\/2023\/11\/moralesjose-1200x675.jpg","width":1200,"height":675},"bunyad-viewport":{"url":"https:\/\/villarrealcf.es\/wp-content\/uploads\/2023\/11\/moralesjose.jpg","width":1920,"height":1080},"bunyad-768":{"url":"https:\/\/villarrealcf.es\/wp-content\/uploads\/2023\/11\/moralesjose-768x432.jpg","width":768,"height":432},"full":{"url":"https:\/\/villarrealcf.es\/wp-content\/uploads\/2023\/11\/moralesjose.jpg","width":1920,"height":1080}}},"author_data":{"id":"25","name":"Javier Ayuso","first_name":"Javier","last_name":"Ayuso","description":"","avatar_url":"https:\/\/secure.gravatar.com\/avatar\/fcf8894be45988fcce5bbff0efe1790d2a7f4ba57e2c7c898f5068154e696495?s=96&d=mm&r=g","acf":null},"taxonomies_data":{"category":[{"id":13493,"name":"Primer equip","slug":"primer-equip","acf":null}],"post_tag":[{"id":717,"name":"Football","slug":"football-d34","acf":null},{"id":9270,"name":"Futbol","slug":"futbol-val","acf":null},{"id":14765,"name":"LaLiga EA Sports","slug":"laliga-ea-sports-val","acf":null},{"id":9219,"name":"Marcelino Garc\u00eda Toral","slug":"marcelino-garcia-toral-val","acf":null},{"id":14310,"name":"Morales","slug":"morales-val","acf":null},{"id":9278,"name":"primera division","slug":"primera-division-val","acf":null},{"id":716,"name":"Soccer","slug":"soccer-d105","acf":null},{"id":9205,"name":"Submarino","slug":"submarino-val","acf":null},{"id":9627,"name":"Submarino Amarillo","slug":"submarino-amarillo-val","acf":null},{"id":9203,"name":"Villarreal CF","slug":"villarreal-cf-val","acf":null}],"translation_priority":[{"id":735,"name":"Optional","slug":"optional-val","acf":null}]},"seo_full":{"native":{"title":"El retorn del millor Morales - Web Oficial del Villarreal CF","description":"El davanter madrileny ha marcat cinc gols en els dos primers partits de Marcelino","canonical":"https:\/\/villarrealcf.es\/val\/el-retorn-del-millor-morales\/"}},"_links":{"self":[{"href":"https:\/\/villarrealcf.es\/val\/wp-json\/wp\/v2\/posts\/290356","targetHints":{"allow":["GET"]}}],"collection":[{"href":"https:\/\/villarrealcf.es\/val\/wp-json\/wp\/v2\/posts"}],"about":[{"href":"https:\/\/villarrealcf.es\/val\/wp-json\/wp\/v2\/types\/post"}],"author":[{"embeddable":true,"href":"https:\/\/villarrealcf.es\/val\/wp-json\/wp\/v2\/users\/25"}],"replies":[{"embeddable":true,"href":"https:\/\/villarrealcf.es\/val\/wp-json\/wp\/v2\/comments?post=290356"}],"version-history":[{"count":0,"href":"https:\/\/villarrealcf.es\/val\/wp-json\/wp\/v2\/posts\/290356\/revisions"}],"wp:featuredmedia":[{"embeddable":true,"href":"https:\/\/villarrealcf.es\/val\/wp-json\/wp\/v2\/media\/290337"}],"wp:attachment":[{"href":"https:\/\/villarrealcf.es\/val\/wp-json\/wp\/v2\/media?parent=290356"}],"wp:term":[{"taxonomy":"category","embeddable":true,"href":"https:\/\/villarrealcf.es\/val\/wp-json\/wp\/v2\/categories?post=290356"},{"taxonomy":"post_tag","embeddable":true,"href":"https:\/\/villarrealcf.es\/val\/wp-json\/wp\/v2\/tags?post=290356"}],"curies":[{"name":"wp","href":"https:\/\/api.w.org\/{rel}","templated":true}]}}