{"id":290293,"date":"2023-11-26T14:55:00","date_gmt":"2023-11-26T13:55:00","guid":{"rendered":"https:\/\/villarrealcf.es\/declaraciones-de-marcelino\/"},"modified":"2023-11-26T16:55:11","modified_gmt":"2023-11-26T15:55:11","slug":"necessitavem-molt-esta-victoria","status":"publish","type":"post","link":"https:\/\/villarrealcf.es\/val\/necessitavem-molt-esta-victoria\/","title":{"rendered":"\u201cNecessit\u00e0vem molt esta vict\u00f2ria\u201d"},"content":{"protected":false,"blocks":[{"type":"heading","level":2,"text":"Marcelino ha destacado que el equipo ha sabido sufrir y ha tenido acierto para vencer a Osasuna"},{"type":"paragraph","text":"L\u2019entrenador del Villarreal, Marcelino Garc\u00eda Toral, ha comparegut davant els mitjans de comunicaci\u00f3 per a analitzar la vict\u00f2ria enfront d\u2019Osasuna (3-1). \u201cNecessit\u00e0vem molt esta vict\u00f2ria. Ho pensava abans del partit i, despr\u00e9s d\u2019ell, em reafirme en la idea. Vam comen\u00e7ar malament el primer temps. No vam tindre bones sensacions i Filip ens ha mantingut en el partit gr\u00e0cies a les seues parades. Despr\u00e9s del descans hem millorat molt. Hem trobat flu\u00efdesa en el joc i encert en el gol\u201d, ha analitzat el t\u00e8cnic asturi\u00e0."},{"type":"paragraph","text":"Malgrat el triomf, Marcelino ha reconegut el bon partit del seu rival i afegit que ha merescut m\u00e9s en La Cer\u00e0mica: \u201cOsasuna ha sigut millor en moltes fases i ha tingut clares ocasions per a avan\u00e7ar-se en el marcador. Sab\u00edem que per a guanyar calia patir i aix\u00ed ha sigut. Hem estat encertats en les \u00e0rees i aix\u00f2 en el futbol \u00e9s definitori. Agra\u00efsc molt als xics el gran esfor\u00e7 que han fet per a aconseguir esta vict\u00f2ria, que \u00e9s molt important\u201d."},{"type":"paragraph","text":"En la mateixa l\u00ednia, el preparador groguet ha subratllat la import\u00e0ncia del triomf: \u201cEls resultats a casa han sigut dolents fins ara i eixa motxilla ens pesava molt hui. Guanyar a casa era el punt de partida que necessit\u00e0vem. Hem guanyat amb dificultat i per aix\u00f2 ara no est\u00e0 tot fet. No canviarem la din\u00e0mica amb este triomf. Per\u00f2 hem guanyat, que \u00e9s important per a continuar amb el cam\u00ed\u201d."},{"type":"paragraph","text":"Aix\u00ed mateix, Marcelino admet que l\u2019equip t\u00e9 treball per davant per a aconseguir el seu millor nivell: \u201cHem de millorar en molts sentits. En defensa s\u00ed que crec que hem estat s\u00f2lids en atacs laterals a un equip com Osasuna, que \u00e9s molt perill\u00f3s en este sentit\u201d."},{"type":"paragraph","text":"Finalment, l\u2019entrenador de Villaviciosa ha valorat el partit de Morales, que va anotar el seu primer \u2018hat-trick\u2019 en LALIGA: \u201cAmb Morales no hem fet gens especial. Nom\u00e9s li hem donat confian\u00e7a. Venia de pocs minuts i sense marcar gols. L\u2019altre dia va ficar dos gols i hui va obrir la llanda amb un gol senzill gr\u00e0cies a Gerard i despr\u00e9s es va deslligar i va marcar dos vertaders golassos. Els gols de l\u2019altre dia li han donat confian\u00e7a. Estem contents i tant de bo continue marcant tants, que els necessitem\u201d."},{"type":"video","kind":"iframe","url":"https:\/\/www.youtube.com\/embed\/dPL-VxUJ2hM?feature=oembed","poster":""}],"structured":{"summary":{"text":"Marcelino ha destacado que el equipo ha sabido sufrir y ha tenido acierto para vencer a Osasuna L\u2019entrenador del Villarreal, Marcelino Garc\u00eda Toral, ha comparegut davant els mitjans de comunicaci\u00f3 per a analitzar la vict\u00f2ria enfront d\u2019Osasuna (3-1). \u201cNecessit\u00e0vem molt esta vict\u00f2ria. Ho pensava abans del partit i, despr\u00e9s d\u2019ell, em reafirme en la idea. Vam comen\u00e7ar malament el primer temps. No vam tindre bones sensacions i Filip ens ha mantingut en el partit gr\u00e0cies a les seues parades. Despr\u00e9s del descans hem millorat molt. Hem trobat flu\u00efdesa en el joc i encert en el gol\u201d, ha analitzat el t\u00e8cnic asturi\u00e0. Malgrat el triomf, Marcelino ha reconegut el bon partit del seu rival i afegit que ha merescut m\u00e9s en La Cer\u00e0mica: \u201cOsasuna ha sigut millor en moltes fases i ha tingut clares ocasions per a avan\u00e7ar-se en el marcador. Sab\u00edem que per a guanyar calia patir i aix\u00ed ha sigut. Hem estat encertats en les \u00e0rees i aix\u00f2 en el futbol \u00e9s definitori. Agra\u00efsc molt als xics el gran esfor\u00e7 que han fet per a aconseguir esta vict\u00f2ria, que \u00e9s molt important\u201d. En la mateixa l\u00ednia, el preparador groguet ha subratllat la import\u00e0ncia del triomf: \u201cEls resultats a casa han sigut dolents fins ara i eixa motxilla ens pesava molt hui. Guanyar a casa era el punt de partida que necessit\u00e0vem. Hem guanyat amb dificultat i per aix\u00f2 ara no est\u00e0 tot fet. No canviarem la din\u00e0mica amb este triomf. Per\u00f2 hem guanyat, que \u00e9s important per a continuar amb el cam\u00ed\u201d. Aix\u00ed mateix, Marcelino admet que l\u2019equip t\u00e9 treball per davant per a aconseguir el seu millor nivell: \u201cHem de millorar en molts sentits. En defensa s\u00ed que crec que hem estat s\u00f2lids en atacs laterals a un equip com Osasuna, que \u00e9s molt perill\u00f3s en este sentit\u201d. Finalment, l\u2019entrenador de Villaviciosa ha valorat el partit de Morales, que va anotar el seu primer \u2018hat-trick\u2019 en LALIGA: \u201cAmb Morales no hem fet gens especial. Nom\u00e9s li hem donat confian\u00e7a. Venia de pocs minuts i sense marcar gols. L\u2019altre dia va ficar dos gols i hui va obrir la llanda amb un gol senzill gr\u00e0cies a Gerard i despr\u00e9s es va deslligar i va marcar dos vertaders golassos. Els gols de l\u2019altre dia li han donat confian\u00e7a. Estem contents i tant de bo continue marcant tants, que els necessitem\u201d. Rueda de prensa completa de Marcelino Garc\u00eda Toral","headings":[{"type":"heading","level":2,"text":"Marcelino ha destacado que el equipo ha sabido sufrir y ha tenido acierto para vencer a Osasuna"}],"buttons":[],"images":[],"counts":{"blocks":7,"headings":1,"texts":5,"buttons":0,"images":0}},"sections":[{"id":"section-1","title":"Marcelino ha destacado que el equipo ha sabido sufrir y ha tenido acierto para vencer a Osasuna","text":"Marcelino ha destacado que el equipo ha sabido sufrir y ha tenido acierto para vencer a Osasuna L\u2019entrenador del Villarreal, Marcelino Garc\u00eda Toral, ha comparegut davant els mitjans de comunicaci\u00f3 per a analitzar la vict\u00f2ria enfront d\u2019Osasuna (3-1). \u201cNecessit\u00e0vem molt esta vict\u00f2ria. Ho pensava abans del partit i, despr\u00e9s d\u2019ell, em reafirme en la idea. Vam comen\u00e7ar malament el primer temps. No vam tindre bones sensacions i Filip ens ha mantingut en el partit gr\u00e0cies a les seues parades. Despr\u00e9s del descans hem millorat molt. Hem trobat flu\u00efdesa en el joc i encert en el gol\u201d, ha analitzat el t\u00e8cnic asturi\u00e0. Malgrat el triomf, Marcelino ha reconegut el bon partit del seu rival i afegit que ha merescut m\u00e9s en La Cer\u00e0mica: \u201cOsasuna ha sigut millor en moltes fases i ha tingut clares ocasions per a avan\u00e7ar-se en el marcador. Sab\u00edem que per a guanyar calia patir i aix\u00ed ha sigut. Hem estat encertats en les \u00e0rees i aix\u00f2 en el futbol \u00e9s definitori. Agra\u00efsc molt als xics el gran esfor\u00e7 que han fet per a aconseguir esta vict\u00f2ria, que \u00e9s molt important\u201d. En la mateixa l\u00ednia, el preparador groguet ha subratllat la import\u00e0ncia del triomf: \u201cEls resultats a casa han sigut dolents fins ara i eixa motxilla ens pesava molt hui. Guanyar a casa era el punt de partida que necessit\u00e0vem. Hem guanyat amb dificultat i per aix\u00f2 ara no est\u00e0 tot fet. No canviarem la din\u00e0mica amb este triomf. Per\u00f2 hem guanyat, que \u00e9s important per a continuar amb el cam\u00ed\u201d. Aix\u00ed mateix, Marcelino admet que l\u2019equip t\u00e9 treball per davant per a aconseguir el seu millor nivell: \u201cHem de millorar en molts sentits. En defensa s\u00ed que crec que hem estat s\u00f2lids en atacs laterals a un equip com Osasuna, que \u00e9s molt perill\u00f3s en este sentit\u201d. Finalment, l\u2019entrenador de Villaviciosa ha valorat el partit de Morales, que va anotar el seu primer \u2018hat-trick\u2019 en LALIGA: \u201cAmb Morales no hem fet gens especial. Nom\u00e9s li hem donat confian\u00e7a. Venia de pocs minuts i sense marcar gols. L\u2019altre dia va ficar dos gols i hui va obrir la llanda amb un gol senzill gr\u00e0cies a Gerard i despr\u00e9s es va deslligar i va marcar dos vertaders golassos. Els gols de l\u2019altre dia li han donat confian\u00e7a. Estem contents i tant de bo continue marcant tants, que els necessitem\u201d.","headings":[{"type":"heading","level":2,"text":"Marcelino ha destacado que el equipo ha sabido sufrir y ha tenido acierto para vencer a Osasuna"}],"texts":[{"type":"paragraph","text":"L\u2019entrenador del Villarreal, Marcelino Garc\u00eda Toral, ha comparegut davant els mitjans de comunicaci\u00f3 per a analitzar la vict\u00f2ria enfront d\u2019Osasuna (3-1). \u201cNecessit\u00e0vem molt esta vict\u00f2ria. Ho pensava abans del partit i, despr\u00e9s d\u2019ell, em reafirme en la idea. Vam comen\u00e7ar malament el primer temps. No vam tindre bones sensacions i Filip ens ha mantingut en el partit gr\u00e0cies a les seues parades. Despr\u00e9s del descans hem millorat molt. Hem trobat flu\u00efdesa en el joc i encert en el gol\u201d, ha analitzat el t\u00e8cnic asturi\u00e0."},{"type":"paragraph","text":"Malgrat el triomf, Marcelino ha reconegut el bon partit del seu rival i afegit que ha merescut m\u00e9s en La Cer\u00e0mica: \u201cOsasuna ha sigut millor en moltes fases i ha tingut clares ocasions per a avan\u00e7ar-se en el marcador. Sab\u00edem que per a guanyar calia patir i aix\u00ed ha sigut. Hem estat encertats en les \u00e0rees i aix\u00f2 en el futbol \u00e9s definitori. Agra\u00efsc molt als xics el gran esfor\u00e7 que han fet per a aconseguir esta vict\u00f2ria, que \u00e9s molt important\u201d."},{"type":"paragraph","text":"En la mateixa l\u00ednia, el preparador groguet ha subratllat la import\u00e0ncia del triomf: \u201cEls resultats a casa han sigut dolents fins ara i eixa motxilla ens pesava molt hui. Guanyar a casa era el punt de partida que necessit\u00e0vem. Hem guanyat amb dificultat i per aix\u00f2 ara no est\u00e0 tot fet. No canviarem la din\u00e0mica amb este triomf. Per\u00f2 hem guanyat, que \u00e9s important per a continuar amb el cam\u00ed\u201d."},{"type":"paragraph","text":"Aix\u00ed mateix, Marcelino admet que l\u2019equip t\u00e9 treball per davant per a aconseguir el seu millor nivell: \u201cHem de millorar en molts sentits. En defensa s\u00ed que crec que hem estat s\u00f2lids en atacs laterals a un equip com Osasuna, que \u00e9s molt perill\u00f3s en este sentit\u201d."},{"type":"paragraph","text":"Finalment, l\u2019entrenador de Villaviciosa ha valorat el partit de Morales, que va anotar el seu primer \u2018hat-trick\u2019 en LALIGA: \u201cAmb Morales no hem fet gens especial. Nom\u00e9s li hem donat confian\u00e7a. Venia de pocs minuts i sense marcar gols. L\u2019altre dia va ficar dos gols i hui va obrir la llanda amb un gol senzill gr\u00e0cies a Gerard i despr\u00e9s es va deslligar i va marcar dos vertaders golassos. Els gols de l\u2019altre dia li han donat confian\u00e7a. Estem contents i tant de bo continue marcant tants, que els necessitem\u201d."}],"buttons":[],"images":[],"widgets":[],"blocks":[{"type":"heading","level":2,"text":"Marcelino ha destacado que el equipo ha sabido sufrir y ha tenido acierto para vencer a Osasuna"},{"type":"paragraph","text":"L\u2019entrenador del Villarreal, Marcelino Garc\u00eda Toral, ha comparegut davant els mitjans de comunicaci\u00f3 per a analitzar la vict\u00f2ria enfront d\u2019Osasuna (3-1). \u201cNecessit\u00e0vem molt esta vict\u00f2ria. Ho pensava abans del partit i, despr\u00e9s d\u2019ell, em reafirme en la idea. Vam comen\u00e7ar malament el primer temps. No vam tindre bones sensacions i Filip ens ha mantingut en el partit gr\u00e0cies a les seues parades. Despr\u00e9s del descans hem millorat molt. Hem trobat flu\u00efdesa en el joc i encert en el gol\u201d, ha analitzat el t\u00e8cnic asturi\u00e0."},{"type":"paragraph","text":"Malgrat el triomf, Marcelino ha reconegut el bon partit del seu rival i afegit que ha merescut m\u00e9s en La Cer\u00e0mica: \u201cOsasuna ha sigut millor en moltes fases i ha tingut clares ocasions per a avan\u00e7ar-se en el marcador. Sab\u00edem que per a guanyar calia patir i aix\u00ed ha sigut. Hem estat encertats en les \u00e0rees i aix\u00f2 en el futbol \u00e9s definitori. Agra\u00efsc molt als xics el gran esfor\u00e7 que han fet per a aconseguir esta vict\u00f2ria, que \u00e9s molt important\u201d."},{"type":"paragraph","text":"En la mateixa l\u00ednia, el preparador groguet ha subratllat la import\u00e0ncia del triomf: \u201cEls resultats a casa han sigut dolents fins ara i eixa motxilla ens pesava molt hui. Guanyar a casa era el punt de partida que necessit\u00e0vem. Hem guanyat amb dificultat i per aix\u00f2 ara no est\u00e0 tot fet. No canviarem la din\u00e0mica amb este triomf. Per\u00f2 hem guanyat, que \u00e9s important per a continuar amb el cam\u00ed\u201d."},{"type":"paragraph","text":"Aix\u00ed mateix, Marcelino admet que l\u2019equip t\u00e9 treball per davant per a aconseguir el seu millor nivell: \u201cHem de millorar en molts sentits. En defensa s\u00ed que crec que hem estat s\u00f2lids en atacs laterals a un equip com Osasuna, que \u00e9s molt perill\u00f3s en este sentit\u201d."},{"type":"paragraph","text":"Finalment, l\u2019entrenador de Villaviciosa ha valorat el partit de Morales, que va anotar el seu primer \u2018hat-trick\u2019 en LALIGA: \u201cAmb Morales no hem fet gens especial. Nom\u00e9s li hem donat confian\u00e7a. Venia de pocs minuts i sense marcar gols. L\u2019altre dia va ficar dos gols i hui va obrir la llanda amb un gol senzill gr\u00e0cies a Gerard i despr\u00e9s es va deslligar i va marcar dos vertaders golassos. Els gols de l\u2019altre dia li han donat confian\u00e7a. Estem contents i tant de bo continue marcant tants, que els necessitem\u201d."},{"type":"video","kind":"iframe","url":"https:\/\/www.youtube.com\/embed\/dPL-VxUJ2hM?feature=oembed","poster":""}]}],"hero":{"id":"section-1","title":"Marcelino ha destacado que el equipo ha sabido sufrir y ha tenido acierto para vencer a Osasuna","text":"Marcelino ha destacado que el equipo ha sabido sufrir y ha tenido acierto para vencer a Osasuna L\u2019entrenador del Villarreal, Marcelino Garc\u00eda Toral, ha comparegut davant els mitjans de comunicaci\u00f3 per a analitzar la vict\u00f2ria enfront d\u2019Osasuna (3-1). \u201cNecessit\u00e0vem molt esta vict\u00f2ria. Ho pensava abans del partit i, despr\u00e9s d\u2019ell, em reafirme en la idea. Vam comen\u00e7ar malament el primer temps. No vam tindre bones sensacions i Filip ens ha mantingut en el partit gr\u00e0cies a les seues parades. Despr\u00e9s del descans hem millorat molt. Hem trobat flu\u00efdesa en el joc i encert en el gol\u201d, ha analitzat el t\u00e8cnic asturi\u00e0. Malgrat el triomf, Marcelino ha reconegut el bon partit del seu rival i afegit que ha merescut m\u00e9s en La Cer\u00e0mica: \u201cOsasuna ha sigut millor en moltes fases i ha tingut clares ocasions per a avan\u00e7ar-se en el marcador. Sab\u00edem que per a guanyar calia patir i aix\u00ed ha sigut. Hem estat encertats en les \u00e0rees i aix\u00f2 en el futbol \u00e9s definitori. Agra\u00efsc molt als xics el gran esfor\u00e7 que han fet per a aconseguir esta vict\u00f2ria, que \u00e9s molt important\u201d. En la mateixa l\u00ednia, el preparador groguet ha subratllat la import\u00e0ncia del triomf: \u201cEls resultats a casa han sigut dolents fins ara i eixa motxilla ens pesava molt hui. Guanyar a casa era el punt de partida que necessit\u00e0vem. Hem guanyat amb dificultat i per aix\u00f2 ara no est\u00e0 tot fet. No canviarem la din\u00e0mica amb este triomf. Per\u00f2 hem guanyat, que \u00e9s important per a continuar amb el cam\u00ed\u201d. Aix\u00ed mateix, Marcelino admet que l\u2019equip t\u00e9 treball per davant per a aconseguir el seu millor nivell: \u201cHem de millorar en molts sentits. En defensa s\u00ed que crec que hem estat s\u00f2lids en atacs laterals a un equip com Osasuna, que \u00e9s molt perill\u00f3s en este sentit\u201d. Finalment, l\u2019entrenador de Villaviciosa ha valorat el partit de Morales, que va anotar el seu primer \u2018hat-trick\u2019 en LALIGA: \u201cAmb Morales no hem fet gens especial. Nom\u00e9s li hem donat confian\u00e7a. Venia de pocs minuts i sense marcar gols. L\u2019altre dia va ficar dos gols i hui va obrir la llanda amb un gol senzill gr\u00e0cies a Gerard i despr\u00e9s es va deslligar i va marcar dos vertaders golassos. Els gols de l\u2019altre dia li han donat confian\u00e7a. Estem contents i tant de bo continue marcant tants, que els necessitem\u201d.","headings":[{"type":"heading","level":2,"text":"Marcelino ha destacado que el equipo ha sabido sufrir y ha tenido acierto para vencer a Osasuna"}],"texts":[{"type":"paragraph","text":"L\u2019entrenador del Villarreal, Marcelino Garc\u00eda Toral, ha comparegut davant els mitjans de comunicaci\u00f3 per a analitzar la vict\u00f2ria enfront d\u2019Osasuna (3-1). \u201cNecessit\u00e0vem molt esta vict\u00f2ria. Ho pensava abans del partit i, despr\u00e9s d\u2019ell, em reafirme en la idea. Vam comen\u00e7ar malament el primer temps. No vam tindre bones sensacions i Filip ens ha mantingut en el partit gr\u00e0cies a les seues parades. Despr\u00e9s del descans hem millorat molt. Hem trobat flu\u00efdesa en el joc i encert en el gol\u201d, ha analitzat el t\u00e8cnic asturi\u00e0."},{"type":"paragraph","text":"Malgrat el triomf, Marcelino ha reconegut el bon partit del seu rival i afegit que ha merescut m\u00e9s en La Cer\u00e0mica: \u201cOsasuna ha sigut millor en moltes fases i ha tingut clares ocasions per a avan\u00e7ar-se en el marcador. Sab\u00edem que per a guanyar calia patir i aix\u00ed ha sigut. Hem estat encertats en les \u00e0rees i aix\u00f2 en el futbol \u00e9s definitori. Agra\u00efsc molt als xics el gran esfor\u00e7 que han fet per a aconseguir esta vict\u00f2ria, que \u00e9s molt important\u201d."},{"type":"paragraph","text":"En la mateixa l\u00ednia, el preparador groguet ha subratllat la import\u00e0ncia del triomf: \u201cEls resultats a casa han sigut dolents fins ara i eixa motxilla ens pesava molt hui. Guanyar a casa era el punt de partida que necessit\u00e0vem. Hem guanyat amb dificultat i per aix\u00f2 ara no est\u00e0 tot fet. No canviarem la din\u00e0mica amb este triomf. Per\u00f2 hem guanyat, que \u00e9s important per a continuar amb el cam\u00ed\u201d."},{"type":"paragraph","text":"Aix\u00ed mateix, Marcelino admet que l\u2019equip t\u00e9 treball per davant per a aconseguir el seu millor nivell: \u201cHem de millorar en molts sentits. En defensa s\u00ed que crec que hem estat s\u00f2lids en atacs laterals a un equip com Osasuna, que \u00e9s molt perill\u00f3s en este sentit\u201d."},{"type":"paragraph","text":"Finalment, l\u2019entrenador de Villaviciosa ha valorat el partit de Morales, que va anotar el seu primer \u2018hat-trick\u2019 en LALIGA: \u201cAmb Morales no hem fet gens especial. Nom\u00e9s li hem donat confian\u00e7a. Venia de pocs minuts i sense marcar gols. L\u2019altre dia va ficar dos gols i hui va obrir la llanda amb un gol senzill gr\u00e0cies a Gerard i despr\u00e9s es va deslligar i va marcar dos vertaders golassos. Els gols de l\u2019altre dia li han donat confian\u00e7a. Estem contents i tant de bo continue marcant tants, que els necessitem\u201d."}],"buttons":[],"images":[],"widgets":[],"blocks":[{"type":"heading","level":2,"text":"Marcelino ha destacado que el equipo ha sabido sufrir y ha tenido acierto para vencer a Osasuna"},{"type":"paragraph","text":"L\u2019entrenador del Villarreal, Marcelino Garc\u00eda Toral, ha comparegut davant els mitjans de comunicaci\u00f3 per a analitzar la vict\u00f2ria enfront d\u2019Osasuna (3-1). \u201cNecessit\u00e0vem molt esta vict\u00f2ria. Ho pensava abans del partit i, despr\u00e9s d\u2019ell, em reafirme en la idea. Vam comen\u00e7ar malament el primer temps. No vam tindre bones sensacions i Filip ens ha mantingut en el partit gr\u00e0cies a les seues parades. Despr\u00e9s del descans hem millorat molt. Hem trobat flu\u00efdesa en el joc i encert en el gol\u201d, ha analitzat el t\u00e8cnic asturi\u00e0."},{"type":"paragraph","text":"Malgrat el triomf, Marcelino ha reconegut el bon partit del seu rival i afegit que ha merescut m\u00e9s en La Cer\u00e0mica: \u201cOsasuna ha sigut millor en moltes fases i ha tingut clares ocasions per a avan\u00e7ar-se en el marcador. Sab\u00edem que per a guanyar calia patir i aix\u00ed ha sigut. Hem estat encertats en les \u00e0rees i aix\u00f2 en el futbol \u00e9s definitori. Agra\u00efsc molt als xics el gran esfor\u00e7 que han fet per a aconseguir esta vict\u00f2ria, que \u00e9s molt important\u201d."},{"type":"paragraph","text":"En la mateixa l\u00ednia, el preparador groguet ha subratllat la import\u00e0ncia del triomf: \u201cEls resultats a casa han sigut dolents fins ara i eixa motxilla ens pesava molt hui. Guanyar a casa era el punt de partida que necessit\u00e0vem. Hem guanyat amb dificultat i per aix\u00f2 ara no est\u00e0 tot fet. No canviarem la din\u00e0mica amb este triomf. Per\u00f2 hem guanyat, que \u00e9s important per a continuar amb el cam\u00ed\u201d."},{"type":"paragraph","text":"Aix\u00ed mateix, Marcelino admet que l\u2019equip t\u00e9 treball per davant per a aconseguir el seu millor nivell: \u201cHem de millorar en molts sentits. En defensa s\u00ed que crec que hem estat s\u00f2lids en atacs laterals a un equip com Osasuna, que \u00e9s molt perill\u00f3s en este sentit\u201d."},{"type":"paragraph","text":"Finalment, l\u2019entrenador de Villaviciosa ha valorat el partit de Morales, que va anotar el seu primer \u2018hat-trick\u2019 en LALIGA: \u201cAmb Morales no hem fet gens especial. Nom\u00e9s li hem donat confian\u00e7a. Venia de pocs minuts i sense marcar gols. L\u2019altre dia va ficar dos gols i hui va obrir la llanda amb un gol senzill gr\u00e0cies a Gerard i despr\u00e9s es va deslligar i va marcar dos vertaders golassos. Els gols de l\u2019altre dia li han donat confian\u00e7a. Estem contents i tant de bo continue marcant tants, que els necessitem\u201d."},{"type":"video","kind":"iframe","url":"https:\/\/www.youtube.com\/embed\/dPL-VxUJ2hM?feature=oembed","poster":""}]}},"sections":[{"id":"section-1","title":"Marcelino ha destacado que el equipo ha sabido sufrir y ha tenido acierto para vencer a Osasuna","text":"Marcelino ha destacado que el equipo ha sabido sufrir y ha tenido acierto para vencer a Osasuna L\u2019entrenador del Villarreal, Marcelino Garc\u00eda Toral, ha comparegut davant els mitjans de comunicaci\u00f3 per a analitzar la vict\u00f2ria enfront d\u2019Osasuna (3-1). \u201cNecessit\u00e0vem molt esta vict\u00f2ria. Ho pensava abans del partit i, despr\u00e9s d\u2019ell, em reafirme en la idea. Vam comen\u00e7ar malament el primer temps. No vam tindre bones sensacions i Filip ens ha mantingut en el partit gr\u00e0cies a les seues parades. Despr\u00e9s del descans hem millorat molt. Hem trobat flu\u00efdesa en el joc i encert en el gol\u201d, ha analitzat el t\u00e8cnic asturi\u00e0. Malgrat el triomf, Marcelino ha reconegut el bon partit del seu rival i afegit que ha merescut m\u00e9s en La Cer\u00e0mica: \u201cOsasuna ha sigut millor en moltes fases i ha tingut clares ocasions per a avan\u00e7ar-se en el marcador. Sab\u00edem que per a guanyar calia patir i aix\u00ed ha sigut. Hem estat encertats en les \u00e0rees i aix\u00f2 en el futbol \u00e9s definitori. Agra\u00efsc molt als xics el gran esfor\u00e7 que han fet per a aconseguir esta vict\u00f2ria, que \u00e9s molt important\u201d. En la mateixa l\u00ednia, el preparador groguet ha subratllat la import\u00e0ncia del triomf: \u201cEls resultats a casa han sigut dolents fins ara i eixa motxilla ens pesava molt hui. Guanyar a casa era el punt de partida que necessit\u00e0vem. Hem guanyat amb dificultat i per aix\u00f2 ara no est\u00e0 tot fet. No canviarem la din\u00e0mica amb este triomf. Per\u00f2 hem guanyat, que \u00e9s important per a continuar amb el cam\u00ed\u201d. Aix\u00ed mateix, Marcelino admet que l\u2019equip t\u00e9 treball per davant per a aconseguir el seu millor nivell: \u201cHem de millorar en molts sentits. En defensa s\u00ed que crec que hem estat s\u00f2lids en atacs laterals a un equip com Osasuna, que \u00e9s molt perill\u00f3s en este sentit\u201d. Finalment, l\u2019entrenador de Villaviciosa ha valorat el partit de Morales, que va anotar el seu primer \u2018hat-trick\u2019 en LALIGA: \u201cAmb Morales no hem fet gens especial. Nom\u00e9s li hem donat confian\u00e7a. Venia de pocs minuts i sense marcar gols. L\u2019altre dia va ficar dos gols i hui va obrir la llanda amb un gol senzill gr\u00e0cies a Gerard i despr\u00e9s es va deslligar i va marcar dos vertaders golassos. Els gols de l\u2019altre dia li han donat confian\u00e7a. Estem contents i tant de bo continue marcant tants, que els necessitem\u201d.","url":"","background_image":"","images":[],"videos":[{"type":"video","kind":"iframe","url":"https:\/\/www.youtube.com\/embed\/dPL-VxUJ2hM?feature=oembed","poster":""}],"links":[]}]},"excerpt":{"rendered":"Marcelino ha destacat que l&#8217;equip ha sabut patir i ha tingut encert per a v\u00e9ncer a Osasuna","protected":false},"author":25,"featured_media":290290,"comment_status":"closed","ping_status":"closed","sticky":false,"template":"","format":"standard","meta":{"_acf_changed":false,"footnotes":""},"categories":[13493],"tags":[9304,9280,9270,11042,9219,9278,9680,716,9205,9627,9203],"acf":null,"lang":"val","translations":{"es":290250,"val":290293,"en":290295},"essential_grid":{"has_grid":false},"formatted_date":"November 26, 2023","modified_date":"November 26, 2023","permalink":"https:\/\/villarrealcf.es\/val\/necessitavem-molt-esta-victoria\/","reading_time":3,"featured_media_data":{"id":290290,"title":"marcelino-osasuna","caption":"","alt_text":"","description":"","mime_type":"image\/jpeg","source_url":"https:\/\/villarrealcf.es\/wp-content\/uploads\/2023\/11\/marcelino-osasuna-1.jpg","sizes":{"thumbnail":{"url":"https:\/\/villarrealcf.es\/wp-content\/uploads\/2023\/11\/marcelino-osasuna-1-1920x1080.jpg","width":1920,"height":1080},"medium":{"url":"https:\/\/villarrealcf.es\/wp-content\/uploads\/2023\/11\/marcelino-osasuna-1-1920x1080.jpg","width":1920,"height":1080},"medium_large":{"url":"https:\/\/villarrealcf.es\/wp-content\/uploads\/2023\/11\/marcelino-osasuna-1-768x432.jpg","width":768,"height":432},"large":{"url":"https:\/\/villarrealcf.es\/wp-content\/uploads\/2023\/11\/marcelino-osasuna-1-1920x1080.jpg","width":788,"height":443},"1536x1536":{"url":"https:\/\/villarrealcf.es\/wp-content\/uploads\/2023\/11\/marcelino-osasuna-1-1536x864.jpg","width":1536,"height":864},"2048x2048":{"url":"https:\/\/villarrealcf.es\/wp-content\/uploads\/2023\/11\/marcelino-osasuna-1.jpg","width":1920,"height":1080},"tp-image-grid":{"url":"https:\/\/villarrealcf.es\/wp-content\/uploads\/2023\/11\/marcelino-osasuna-1-700x700.jpg","width":700,"height":700},"size-bunyad-medium":{"url":"https:\/\/villarrealcf.es\/wp-content\/uploads\/2023\/11\/marcelino-osasuna-1-1920x1080.jpg","width":1920,"height":1080},"sportspress-crop-medium":{"url":"https:\/\/villarrealcf.es\/wp-content\/uploads\/2023\/11\/marcelino-osasuna-1-300x300.jpg","width":300,"height":300},"sportspress-fit-medium":{"url":"https:\/\/villarrealcf.es\/wp-content\/uploads\/2023\/11\/marcelino-osasuna-1-300x169.jpg","width":300,"height":169},"sportspress-fit-icon":{"url":"https:\/\/villarrealcf.es\/wp-content\/uploads\/2023\/11\/marcelino-osasuna-1-128x72.jpg","width":128,"height":72},"sportspress-fit-mini":{"url":"https:\/\/villarrealcf.es\/wp-content\/uploads\/2023\/11\/marcelino-osasuna-1-32x18.jpg","width":32,"height":18},"bunyad-small":{"url":"https:\/\/villarrealcf.es\/wp-content\/uploads\/2023\/11\/marcelino-osasuna-1-150x84.jpg","width":150,"height":84},"bunyad-medium":{"url":"https:\/\/villarrealcf.es\/wp-content\/uploads\/2023\/11\/marcelino-osasuna-1-450x253.jpg","width":450,"height":253},"bunyad-full":{"url":"https:\/\/villarrealcf.es\/wp-content\/uploads\/2023\/11\/marcelino-osasuna-1-1200x675.jpg","width":1200,"height":675},"bunyad-viewport":{"url":"https:\/\/villarrealcf.es\/wp-content\/uploads\/2023\/11\/marcelino-osasuna-1.jpg","width":1920,"height":1080},"bunyad-768":{"url":"https:\/\/villarrealcf.es\/wp-content\/uploads\/2023\/11\/marcelino-osasuna-1-768x432.jpg","width":768,"height":432},"full":{"url":"https:\/\/villarrealcf.es\/wp-content\/uploads\/2023\/11\/marcelino-osasuna-1.jpg","width":1920,"height":1080}}},"author_data":{"id":"25","name":"Javier Ayuso","first_name":"Javier","last_name":"Ayuso","description":"","avatar_url":"https:\/\/secure.gravatar.com\/avatar\/fcf8894be45988fcce5bbff0efe1790d2a7f4ba57e2c7c898f5068154e696495?s=96&d=mm&r=g","acf":null},"taxonomies_data":{"category":[{"id":13493,"name":"Primer equip","slug":"primer-equip","acf":null}],"post_tag":[{"id":9304,"name":"CA Osasuna","slug":"ca-osasuna-val","acf":null},{"id":9280,"name":"declaraciones","slug":"declaraciones-val","acf":null},{"id":9270,"name":"Futbol","slug":"futbol-val","acf":null},{"id":11042,"name":"LaLiga","slug":"laliga-val","acf":null},{"id":9219,"name":"Marcelino Garc\u00eda Toral","slug":"marcelino-garcia-toral-val","acf":null},{"id":9278,"name":"primera division","slug":"primera-division-val","acf":null},{"id":9680,"name":"Rueda de prensa","slug":"rueda-de-prensa-val","acf":null},{"id":716,"name":"Soccer","slug":"soccer-d105","acf":null},{"id":9205,"name":"Submarino","slug":"submarino-val","acf":null},{"id":9627,"name":"Submarino Amarillo","slug":"submarino-amarillo-val","acf":null},{"id":9203,"name":"Villarreal CF","slug":"villarreal-cf-val","acf":null}],"translation_priority":[{"id":735,"name":"Optional","slug":"optional-val","acf":null}]},"seo_full":{"native":{"title":"\u201cNecessit\u00e0vem molt esta vict\u00f2ria\u201d - Web Oficial del Villarreal CF","description":"Marcelino ha destacat que l'equip ha sabut patir i ha tingut encert per a v\u00e9ncer a Osasuna","canonical":"https:\/\/villarrealcf.es\/val\/necessitavem-molt-esta-victoria\/"}},"_links":{"self":[{"href":"https:\/\/villarrealcf.es\/val\/wp-json\/wp\/v2\/posts\/290293","targetHints":{"allow":["GET"]}}],"collection":[{"href":"https:\/\/villarrealcf.es\/val\/wp-json\/wp\/v2\/posts"}],"about":[{"href":"https:\/\/villarrealcf.es\/val\/wp-json\/wp\/v2\/types\/post"}],"author":[{"embeddable":true,"href":"https:\/\/villarrealcf.es\/val\/wp-json\/wp\/v2\/users\/25"}],"replies":[{"embeddable":true,"href":"https:\/\/villarrealcf.es\/val\/wp-json\/wp\/v2\/comments?post=290293"}],"version-history":[{"count":0,"href":"https:\/\/villarrealcf.es\/val\/wp-json\/wp\/v2\/posts\/290293\/revisions"}],"wp:featuredmedia":[{"embeddable":true,"href":"https:\/\/villarrealcf.es\/val\/wp-json\/wp\/v2\/media\/290290"}],"wp:attachment":[{"href":"https:\/\/villarrealcf.es\/val\/wp-json\/wp\/v2\/media?parent=290293"}],"wp:term":[{"taxonomy":"category","embeddable":true,"href":"https:\/\/villarrealcf.es\/val\/wp-json\/wp\/v2\/categories?post=290293"},{"taxonomy":"post_tag","embeddable":true,"href":"https:\/\/villarrealcf.es\/val\/wp-json\/wp\/v2\/tags?post=290293"}],"curies":[{"name":"wp","href":"https:\/\/api.w.org\/{rel}","templated":true}]}}