{"id":290101,"date":"2023-11-24T11:09:20","date_gmt":"2023-11-24T10:09:20","guid":{"rendered":"https:\/\/villarrealcf.es\/comienza-groc-talent\/"},"modified":"2023-11-24T11:12:39","modified_gmt":"2023-11-24T10:12:39","slug":"comenca-groc-talent","status":"publish","type":"post","link":"https:\/\/villarrealcf.es\/val\/comenca-groc-talent\/","title":{"rendered":"Comen\u00e7a Groc Talent!"},"content":{"protected":false,"blocks":[{"type":"heading","level":2,"text":"La quarta edici\u00f3 comen\u00e7ar\u00e0 amb l\u2019actuaci\u00f3 de Diversos Sevas en la pr\u00e8via del Villarreal-Osasuna"},{"type":"paragraph","text":"Torna Groc Talent. El reeixit concurs musical del Villarreal CF, organitzat en col\u00b7laboraci\u00f3 amb el SanSan Festival, inicia este diumenge la seua quarta edici\u00f3 amb l\u2019actuaci\u00f3 de Diversos Sevas."},{"type":"paragraph","text":"El grup provincial amenitzar\u00e0 la pr\u00e8via del partit enfront de CA Osasuna, a partir de les 12.30 hores, en la Fan Zone de l\u2019Estadio de la Cer\u00e1mica. Els aficionats podran gaudir del millor repertori d\u2019esta banda i puntuar la seua actuaci\u00f3 a trav\u00e9s de la web del Villarreal CF."},{"type":"paragraph","text":"La votaci\u00f3 comen\u00e7ar\u00e0 el dilluns 27 de novembre, a les 12.00 hores, i estar\u00e0 activa exactament una setmana. Els seguidors poden assignar des d\u2019una a cinc estreles, sent esta \u00faltima la major puntuaci\u00f3."},{"type":"paragraph","text":"Coneix millor a Diversos Sevas"},{"type":"paragraph","text":"Diversos Sevas \u00e9s una banda de rock amb influ\u00e8ncies del millor rock dels 90 i 2000, que t\u00e9 com a referents a ACDC, MClan, Els Zigarros o Second."},{"type":"paragraph","text":"La banda est\u00e0 composta per cinc integrants: veu, dues guitarres el\u00e8ctriques, una ac\u00fastica i un baix de bateria. Esta combinaci\u00f3 li atorga una potent energia i una fant\u00e0stica posada en escena que aconsegueix la connexi\u00f3 amb el p\u00fablic a trav\u00e9s de les seues guitarres i amb un fort missatge en les seues lletres, totes en castell\u00e0."},{"type":"image","url":"https:\/\/villarrealcf.es\/wp-content\/uploads\/2023\/11\/image-3-1-1920x1080.jpg","alt":"","width":480,"height":270,"srcset":"https:\/\/villarrealcf.es\/wp-content\/uploads\/2023\/11\/image-3-1.jpg 1920w, https:\/\/villarrealcf.es\/wp-content\/uploads\/2023\/11\/image-3-1-1920x1080.jpg 1920w, https:\/\/villarrealcf.es\/wp-content\/uploads\/2023\/11\/image-3-1-1536x864.jpg 1536w, https:\/\/villarrealcf.es\/wp-content\/uploads\/2023\/11\/image-3-1-1920x1080.jpg 1920w, https:\/\/villarrealcf.es\/wp-content\/uploads\/2023\/11\/image-3-1-1920x1080.jpg 1920w, https:\/\/villarrealcf.es\/wp-content\/uploads\/2023\/11\/image-3-1-32x18.jpg 32w, https:\/\/villarrealcf.es\/wp-content\/uploads\/2023\/11\/image-3-1-150x84.jpg 150w, https:\/\/villarrealcf.es\/wp-content\/uploads\/2023\/11\/image-3-1-1920x1080.jpg 1920w, https:\/\/villarrealcf.es\/wp-content\/uploads\/2023\/11\/image-3-1-1200x675.jpg 1200w","sizes":"auto, (max-width: 480px) 100vw, 480px"},{"type":"paragraph","text":"Este grup provincial va estrenar el seu primer single Sonrisas en 2020 i el seu primer Ep Per primera vegada en 2022. Des de llavors, ja han aconseguit m\u00e9s de 110.000 reproduccions en totes les plataformes."},{"type":"paragraph","text":"Durant la seua aventura en el m\u00f3n de la m\u00fasica, han actuat en les millors sales valencianes, per\u00f2 tamb\u00e9 en altres ciutats com Madrid, Castell\u00f3 o M\u00farcia."},{"type":"paragraph","text":"Para que vayas preparados a la actuaci\u00f3n te dejamos tambi\u00e9n un resumen de uno de sus conciertos:"},{"type":"video","kind":"iframe","url":"https:\/\/www.youtube.com\/embed\/HDDNjNtg-4c?feature=oembed","poster":""}],"structured":{"summary":{"text":"La quarta edici\u00f3 comen\u00e7ar\u00e0 amb l\u2019actuaci\u00f3 de Diversos Sevas en la pr\u00e8via del Villarreal-Osasuna Torna Groc Talent. El reeixit concurs musical del Villarreal CF, organitzat en col\u00b7laboraci\u00f3 amb el SanSan Festival, inicia este diumenge la seua quarta edici\u00f3 amb l\u2019actuaci\u00f3 de Diversos Sevas. El grup provincial amenitzar\u00e0 la pr\u00e8via del partit enfront de CA Osasuna, a partir de les 12.30 hores, en la Fan Zone de l\u2019Estadio de la Cer\u00e1mica. Els aficionats podran gaudir del millor repertori d\u2019esta banda i puntuar la seua actuaci\u00f3 a trav\u00e9s de la web del Villarreal CF. La votaci\u00f3 comen\u00e7ar\u00e0 el dilluns 27 de novembre, a les 12.00 hores, i estar\u00e0 activa exactament una setmana. Els seguidors poden assignar des d\u2019una a cinc estreles, sent esta \u00faltima la major puntuaci\u00f3. Coneix millor a Diversos Sevas Diversos Sevas \u00e9s una banda de rock amb influ\u00e8ncies del millor rock dels 90 i 2000, que t\u00e9 com a referents a ACDC, MClan, Els Zigarros o Second. La banda est\u00e0 composta per cinc integrants: veu, dues guitarres el\u00e8ctriques, una ac\u00fastica i un baix de bateria. Esta combinaci\u00f3 li atorga una potent energia i una fant\u00e0stica posada en escena que aconsegueix la connexi\u00f3 amb el p\u00fablic a trav\u00e9s de les seues guitarres i amb un fort missatge en les seues lletres, totes en castell\u00e0. Este grup provincial va estrenar el seu primer single Sonrisas en 2020 i el seu primer Ep Per primera vegada en 2022. Des de llavors, ja han aconseguit m\u00e9s de 110.000 reproduccions en totes les plataformes. Durant la seua aventura en el m\u00f3n de la m\u00fasica, han actuat en les millors sales valencianes, per\u00f2 tamb\u00e9 en altres ciutats com Madrid, Castell\u00f3 o M\u00farcia. Para que vayas preparados a la actuaci\u00f3n te dejamos tambi\u00e9n un resumen de uno de sus conciertos:","headings":[{"type":"heading","level":2,"text":"La quarta edici\u00f3 comen\u00e7ar\u00e0 amb l\u2019actuaci\u00f3 de Diversos Sevas en la pr\u00e8via del Villarreal-Osasuna"}],"buttons":[],"images":[{"type":"image","url":"https:\/\/villarrealcf.es\/wp-content\/uploads\/2023\/11\/image-3-1-1920x1080.jpg","alt":"","width":480,"height":270,"srcset":"https:\/\/villarrealcf.es\/wp-content\/uploads\/2023\/11\/image-3-1.jpg 1920w, https:\/\/villarrealcf.es\/wp-content\/uploads\/2023\/11\/image-3-1-1920x1080.jpg 1920w, https:\/\/villarrealcf.es\/wp-content\/uploads\/2023\/11\/image-3-1-1536x864.jpg 1536w, https:\/\/villarrealcf.es\/wp-content\/uploads\/2023\/11\/image-3-1-1920x1080.jpg 1920w, https:\/\/villarrealcf.es\/wp-content\/uploads\/2023\/11\/image-3-1-1920x1080.jpg 1920w, https:\/\/villarrealcf.es\/wp-content\/uploads\/2023\/11\/image-3-1-32x18.jpg 32w, https:\/\/villarrealcf.es\/wp-content\/uploads\/2023\/11\/image-3-1-150x84.jpg 150w, https:\/\/villarrealcf.es\/wp-content\/uploads\/2023\/11\/image-3-1-1920x1080.jpg 1920w, https:\/\/villarrealcf.es\/wp-content\/uploads\/2023\/11\/image-3-1-1200x675.jpg 1200w","sizes":"auto, (max-width: 480px) 100vw, 480px"}],"counts":{"blocks":12,"headings":1,"texts":9,"buttons":0,"images":1}},"sections":[{"id":"section-1","title":"La quarta edici\u00f3 comen\u00e7ar\u00e0 amb l\u2019actuaci\u00f3 de Diversos Sevas en la pr\u00e8via del Villarreal-Osasuna","text":"La quarta edici\u00f3 comen\u00e7ar\u00e0 amb l\u2019actuaci\u00f3 de Diversos Sevas en la pr\u00e8via del Villarreal-Osasuna Torna Groc Talent. El reeixit concurs musical del Villarreal CF, organitzat en col\u00b7laboraci\u00f3 amb el SanSan Festival, inicia este diumenge la seua quarta edici\u00f3 amb l\u2019actuaci\u00f3 de Diversos Sevas. El grup provincial amenitzar\u00e0 la pr\u00e8via del partit enfront de CA Osasuna, a partir de les 12.30 hores, en la Fan Zone de l\u2019Estadio de la Cer\u00e1mica. Els aficionats podran gaudir del millor repertori d\u2019esta banda i puntuar la seua actuaci\u00f3 a trav\u00e9s de la web del Villarreal CF. La votaci\u00f3 comen\u00e7ar\u00e0 el dilluns 27 de novembre, a les 12.00 hores, i estar\u00e0 activa exactament una setmana. Els seguidors poden assignar des d\u2019una a cinc estreles, sent esta \u00faltima la major puntuaci\u00f3. Coneix millor a Diversos Sevas Diversos Sevas \u00e9s una banda de rock amb influ\u00e8ncies del millor rock dels 90 i 2000, que t\u00e9 com a referents a ACDC, MClan, Els Zigarros o Second. La banda est\u00e0 composta per cinc integrants: veu, dues guitarres el\u00e8ctriques, una ac\u00fastica i un baix de bateria. Esta combinaci\u00f3 li atorga una potent energia i una fant\u00e0stica posada en escena que aconsegueix la connexi\u00f3 amb el p\u00fablic a trav\u00e9s de les seues guitarres i amb un fort missatge en les seues lletres, totes en castell\u00e0. Este grup provincial va estrenar el seu primer single Sonrisas en 2020 i el seu primer Ep Per primera vegada en 2022. Des de llavors, ja han aconseguit m\u00e9s de 110.000 reproduccions en totes les plataformes. Durant la seua aventura en el m\u00f3n de la m\u00fasica, han actuat en les millors sales valencianes, per\u00f2 tamb\u00e9 en altres ciutats com Madrid, Castell\u00f3 o M\u00farcia. Para que vayas preparados a la actuaci\u00f3n te dejamos tambi\u00e9n un resumen de uno de sus conciertos:","headings":[{"type":"heading","level":2,"text":"La quarta edici\u00f3 comen\u00e7ar\u00e0 amb l\u2019actuaci\u00f3 de Diversos Sevas en la pr\u00e8via del Villarreal-Osasuna"}],"texts":[{"type":"paragraph","text":"Torna Groc Talent. El reeixit concurs musical del Villarreal CF, organitzat en col\u00b7laboraci\u00f3 amb el SanSan Festival, inicia este diumenge la seua quarta edici\u00f3 amb l\u2019actuaci\u00f3 de Diversos Sevas."},{"type":"paragraph","text":"El grup provincial amenitzar\u00e0 la pr\u00e8via del partit enfront de CA Osasuna, a partir de les 12.30 hores, en la Fan Zone de l\u2019Estadio de la Cer\u00e1mica. Els aficionats podran gaudir del millor repertori d\u2019esta banda i puntuar la seua actuaci\u00f3 a trav\u00e9s de la web del Villarreal CF."},{"type":"paragraph","text":"La votaci\u00f3 comen\u00e7ar\u00e0 el dilluns 27 de novembre, a les 12.00 hores, i estar\u00e0 activa exactament una setmana. Els seguidors poden assignar des d\u2019una a cinc estreles, sent esta \u00faltima la major puntuaci\u00f3."},{"type":"paragraph","text":"Coneix millor a Diversos Sevas"},{"type":"paragraph","text":"Diversos Sevas \u00e9s una banda de rock amb influ\u00e8ncies del millor rock dels 90 i 2000, que t\u00e9 com a referents a ACDC, MClan, Els Zigarros o Second."},{"type":"paragraph","text":"La banda est\u00e0 composta per cinc integrants: veu, dues guitarres el\u00e8ctriques, una ac\u00fastica i un baix de bateria. Esta combinaci\u00f3 li atorga una potent energia i una fant\u00e0stica posada en escena que aconsegueix la connexi\u00f3 amb el p\u00fablic a trav\u00e9s de les seues guitarres i amb un fort missatge en les seues lletres, totes en castell\u00e0."},{"type":"paragraph","text":"Este grup provincial va estrenar el seu primer single Sonrisas en 2020 i el seu primer Ep Per primera vegada en 2022. Des de llavors, ja han aconseguit m\u00e9s de 110.000 reproduccions en totes les plataformes."},{"type":"paragraph","text":"Durant la seua aventura en el m\u00f3n de la m\u00fasica, han actuat en les millors sales valencianes, per\u00f2 tamb\u00e9 en altres ciutats com Madrid, Castell\u00f3 o M\u00farcia."},{"type":"paragraph","text":"Para que vayas preparados a la actuaci\u00f3n te dejamos tambi\u00e9n un resumen de uno de sus conciertos:"}],"buttons":[],"images":[{"type":"image","url":"https:\/\/villarrealcf.es\/wp-content\/uploads\/2023\/11\/image-3-1-1920x1080.jpg","alt":"","width":480,"height":270,"srcset":"https:\/\/villarrealcf.es\/wp-content\/uploads\/2023\/11\/image-3-1.jpg 1920w, https:\/\/villarrealcf.es\/wp-content\/uploads\/2023\/11\/image-3-1-1920x1080.jpg 1920w, https:\/\/villarrealcf.es\/wp-content\/uploads\/2023\/11\/image-3-1-1536x864.jpg 1536w, https:\/\/villarrealcf.es\/wp-content\/uploads\/2023\/11\/image-3-1-1920x1080.jpg 1920w, https:\/\/villarrealcf.es\/wp-content\/uploads\/2023\/11\/image-3-1-1920x1080.jpg 1920w, https:\/\/villarrealcf.es\/wp-content\/uploads\/2023\/11\/image-3-1-32x18.jpg 32w, https:\/\/villarrealcf.es\/wp-content\/uploads\/2023\/11\/image-3-1-150x84.jpg 150w, https:\/\/villarrealcf.es\/wp-content\/uploads\/2023\/11\/image-3-1-1920x1080.jpg 1920w, https:\/\/villarrealcf.es\/wp-content\/uploads\/2023\/11\/image-3-1-1200x675.jpg 1200w","sizes":"auto, (max-width: 480px) 100vw, 480px"}],"widgets":[],"blocks":[{"type":"heading","level":2,"text":"La quarta edici\u00f3 comen\u00e7ar\u00e0 amb l\u2019actuaci\u00f3 de Diversos Sevas en la pr\u00e8via del Villarreal-Osasuna"},{"type":"paragraph","text":"Torna Groc Talent. El reeixit concurs musical del Villarreal CF, organitzat en col\u00b7laboraci\u00f3 amb el SanSan Festival, inicia este diumenge la seua quarta edici\u00f3 amb l\u2019actuaci\u00f3 de Diversos Sevas."},{"type":"paragraph","text":"El grup provincial amenitzar\u00e0 la pr\u00e8via del partit enfront de CA Osasuna, a partir de les 12.30 hores, en la Fan Zone de l\u2019Estadio de la Cer\u00e1mica. Els aficionats podran gaudir del millor repertori d\u2019esta banda i puntuar la seua actuaci\u00f3 a trav\u00e9s de la web del Villarreal CF."},{"type":"paragraph","text":"La votaci\u00f3 comen\u00e7ar\u00e0 el dilluns 27 de novembre, a les 12.00 hores, i estar\u00e0 activa exactament una setmana. Els seguidors poden assignar des d\u2019una a cinc estreles, sent esta \u00faltima la major puntuaci\u00f3."},{"type":"paragraph","text":"Coneix millor a Diversos Sevas"},{"type":"paragraph","text":"Diversos Sevas \u00e9s una banda de rock amb influ\u00e8ncies del millor rock dels 90 i 2000, que t\u00e9 com a referents a ACDC, MClan, Els Zigarros o Second."},{"type":"paragraph","text":"La banda est\u00e0 composta per cinc integrants: veu, dues guitarres el\u00e8ctriques, una ac\u00fastica i un baix de bateria. Esta combinaci\u00f3 li atorga una potent energia i una fant\u00e0stica posada en escena que aconsegueix la connexi\u00f3 amb el p\u00fablic a trav\u00e9s de les seues guitarres i amb un fort missatge en les seues lletres, totes en castell\u00e0."},{"type":"image","url":"https:\/\/villarrealcf.es\/wp-content\/uploads\/2023\/11\/image-3-1-1920x1080.jpg","alt":"","width":480,"height":270,"srcset":"https:\/\/villarrealcf.es\/wp-content\/uploads\/2023\/11\/image-3-1.jpg 1920w, https:\/\/villarrealcf.es\/wp-content\/uploads\/2023\/11\/image-3-1-1920x1080.jpg 1920w, https:\/\/villarrealcf.es\/wp-content\/uploads\/2023\/11\/image-3-1-1536x864.jpg 1536w, https:\/\/villarrealcf.es\/wp-content\/uploads\/2023\/11\/image-3-1-1920x1080.jpg 1920w, https:\/\/villarrealcf.es\/wp-content\/uploads\/2023\/11\/image-3-1-1920x1080.jpg 1920w, https:\/\/villarrealcf.es\/wp-content\/uploads\/2023\/11\/image-3-1-32x18.jpg 32w, https:\/\/villarrealcf.es\/wp-content\/uploads\/2023\/11\/image-3-1-150x84.jpg 150w, https:\/\/villarrealcf.es\/wp-content\/uploads\/2023\/11\/image-3-1-1920x1080.jpg 1920w, https:\/\/villarrealcf.es\/wp-content\/uploads\/2023\/11\/image-3-1-1200x675.jpg 1200w","sizes":"auto, (max-width: 480px) 100vw, 480px"},{"type":"paragraph","text":"Este grup provincial va estrenar el seu primer single Sonrisas en 2020 i el seu primer Ep Per primera vegada en 2022. Des de llavors, ja han aconseguit m\u00e9s de 110.000 reproduccions en totes les plataformes."},{"type":"paragraph","text":"Durant la seua aventura en el m\u00f3n de la m\u00fasica, han actuat en les millors sales valencianes, per\u00f2 tamb\u00e9 en altres ciutats com Madrid, Castell\u00f3 o M\u00farcia."},{"type":"paragraph","text":"Para que vayas preparados a la actuaci\u00f3n te dejamos tambi\u00e9n un resumen de uno de sus conciertos:"},{"type":"video","kind":"iframe","url":"https:\/\/www.youtube.com\/embed\/HDDNjNtg-4c?feature=oembed","poster":""}]}],"hero":{"id":"section-1","title":"La quarta edici\u00f3 comen\u00e7ar\u00e0 amb l\u2019actuaci\u00f3 de Diversos Sevas en la pr\u00e8via del Villarreal-Osasuna","text":"La quarta edici\u00f3 comen\u00e7ar\u00e0 amb l\u2019actuaci\u00f3 de Diversos Sevas en la pr\u00e8via del Villarreal-Osasuna Torna Groc Talent. El reeixit concurs musical del Villarreal CF, organitzat en col\u00b7laboraci\u00f3 amb el SanSan Festival, inicia este diumenge la seua quarta edici\u00f3 amb l\u2019actuaci\u00f3 de Diversos Sevas. El grup provincial amenitzar\u00e0 la pr\u00e8via del partit enfront de CA Osasuna, a partir de les 12.30 hores, en la Fan Zone de l\u2019Estadio de la Cer\u00e1mica. Els aficionats podran gaudir del millor repertori d\u2019esta banda i puntuar la seua actuaci\u00f3 a trav\u00e9s de la web del Villarreal CF. La votaci\u00f3 comen\u00e7ar\u00e0 el dilluns 27 de novembre, a les 12.00 hores, i estar\u00e0 activa exactament una setmana. Els seguidors poden assignar des d\u2019una a cinc estreles, sent esta \u00faltima la major puntuaci\u00f3. Coneix millor a Diversos Sevas Diversos Sevas \u00e9s una banda de rock amb influ\u00e8ncies del millor rock dels 90 i 2000, que t\u00e9 com a referents a ACDC, MClan, Els Zigarros o Second. La banda est\u00e0 composta per cinc integrants: veu, dues guitarres el\u00e8ctriques, una ac\u00fastica i un baix de bateria. Esta combinaci\u00f3 li atorga una potent energia i una fant\u00e0stica posada en escena que aconsegueix la connexi\u00f3 amb el p\u00fablic a trav\u00e9s de les seues guitarres i amb un fort missatge en les seues lletres, totes en castell\u00e0. Este grup provincial va estrenar el seu primer single Sonrisas en 2020 i el seu primer Ep Per primera vegada en 2022. Des de llavors, ja han aconseguit m\u00e9s de 110.000 reproduccions en totes les plataformes. Durant la seua aventura en el m\u00f3n de la m\u00fasica, han actuat en les millors sales valencianes, per\u00f2 tamb\u00e9 en altres ciutats com Madrid, Castell\u00f3 o M\u00farcia. Para que vayas preparados a la actuaci\u00f3n te dejamos tambi\u00e9n un resumen de uno de sus conciertos:","headings":[{"type":"heading","level":2,"text":"La quarta edici\u00f3 comen\u00e7ar\u00e0 amb l\u2019actuaci\u00f3 de Diversos Sevas en la pr\u00e8via del Villarreal-Osasuna"}],"texts":[{"type":"paragraph","text":"Torna Groc Talent. El reeixit concurs musical del Villarreal CF, organitzat en col\u00b7laboraci\u00f3 amb el SanSan Festival, inicia este diumenge la seua quarta edici\u00f3 amb l\u2019actuaci\u00f3 de Diversos Sevas."},{"type":"paragraph","text":"El grup provincial amenitzar\u00e0 la pr\u00e8via del partit enfront de CA Osasuna, a partir de les 12.30 hores, en la Fan Zone de l\u2019Estadio de la Cer\u00e1mica. Els aficionats podran gaudir del millor repertori d\u2019esta banda i puntuar la seua actuaci\u00f3 a trav\u00e9s de la web del Villarreal CF."},{"type":"paragraph","text":"La votaci\u00f3 comen\u00e7ar\u00e0 el dilluns 27 de novembre, a les 12.00 hores, i estar\u00e0 activa exactament una setmana. Els seguidors poden assignar des d\u2019una a cinc estreles, sent esta \u00faltima la major puntuaci\u00f3."},{"type":"paragraph","text":"Coneix millor a Diversos Sevas"},{"type":"paragraph","text":"Diversos Sevas \u00e9s una banda de rock amb influ\u00e8ncies del millor rock dels 90 i 2000, que t\u00e9 com a referents a ACDC, MClan, Els Zigarros o Second."},{"type":"paragraph","text":"La banda est\u00e0 composta per cinc integrants: veu, dues guitarres el\u00e8ctriques, una ac\u00fastica i un baix de bateria. Esta combinaci\u00f3 li atorga una potent energia i una fant\u00e0stica posada en escena que aconsegueix la connexi\u00f3 amb el p\u00fablic a trav\u00e9s de les seues guitarres i amb un fort missatge en les seues lletres, totes en castell\u00e0."},{"type":"paragraph","text":"Este grup provincial va estrenar el seu primer single Sonrisas en 2020 i el seu primer Ep Per primera vegada en 2022. Des de llavors, ja han aconseguit m\u00e9s de 110.000 reproduccions en totes les plataformes."},{"type":"paragraph","text":"Durant la seua aventura en el m\u00f3n de la m\u00fasica, han actuat en les millors sales valencianes, per\u00f2 tamb\u00e9 en altres ciutats com Madrid, Castell\u00f3 o M\u00farcia."},{"type":"paragraph","text":"Para que vayas preparados a la actuaci\u00f3n te dejamos tambi\u00e9n un resumen de uno de sus conciertos:"}],"buttons":[],"images":[{"type":"image","url":"https:\/\/villarrealcf.es\/wp-content\/uploads\/2023\/11\/image-3-1-1920x1080.jpg","alt":"","width":480,"height":270,"srcset":"https:\/\/villarrealcf.es\/wp-content\/uploads\/2023\/11\/image-3-1.jpg 1920w, https:\/\/villarrealcf.es\/wp-content\/uploads\/2023\/11\/image-3-1-1920x1080.jpg 1920w, https:\/\/villarrealcf.es\/wp-content\/uploads\/2023\/11\/image-3-1-1536x864.jpg 1536w, https:\/\/villarrealcf.es\/wp-content\/uploads\/2023\/11\/image-3-1-1920x1080.jpg 1920w, https:\/\/villarrealcf.es\/wp-content\/uploads\/2023\/11\/image-3-1-1920x1080.jpg 1920w, https:\/\/villarrealcf.es\/wp-content\/uploads\/2023\/11\/image-3-1-32x18.jpg 32w, https:\/\/villarrealcf.es\/wp-content\/uploads\/2023\/11\/image-3-1-150x84.jpg 150w, https:\/\/villarrealcf.es\/wp-content\/uploads\/2023\/11\/image-3-1-1920x1080.jpg 1920w, https:\/\/villarrealcf.es\/wp-content\/uploads\/2023\/11\/image-3-1-1200x675.jpg 1200w","sizes":"auto, (max-width: 480px) 100vw, 480px"}],"widgets":[],"blocks":[{"type":"heading","level":2,"text":"La quarta edici\u00f3 comen\u00e7ar\u00e0 amb l\u2019actuaci\u00f3 de Diversos Sevas en la pr\u00e8via del Villarreal-Osasuna"},{"type":"paragraph","text":"Torna Groc Talent. El reeixit concurs musical del Villarreal CF, organitzat en col\u00b7laboraci\u00f3 amb el SanSan Festival, inicia este diumenge la seua quarta edici\u00f3 amb l\u2019actuaci\u00f3 de Diversos Sevas."},{"type":"paragraph","text":"El grup provincial amenitzar\u00e0 la pr\u00e8via del partit enfront de CA Osasuna, a partir de les 12.30 hores, en la Fan Zone de l\u2019Estadio de la Cer\u00e1mica. Els aficionats podran gaudir del millor repertori d\u2019esta banda i puntuar la seua actuaci\u00f3 a trav\u00e9s de la web del Villarreal CF."},{"type":"paragraph","text":"La votaci\u00f3 comen\u00e7ar\u00e0 el dilluns 27 de novembre, a les 12.00 hores, i estar\u00e0 activa exactament una setmana. Els seguidors poden assignar des d\u2019una a cinc estreles, sent esta \u00faltima la major puntuaci\u00f3."},{"type":"paragraph","text":"Coneix millor a Diversos Sevas"},{"type":"paragraph","text":"Diversos Sevas \u00e9s una banda de rock amb influ\u00e8ncies del millor rock dels 90 i 2000, que t\u00e9 com a referents a ACDC, MClan, Els Zigarros o Second."},{"type":"paragraph","text":"La banda est\u00e0 composta per cinc integrants: veu, dues guitarres el\u00e8ctriques, una ac\u00fastica i un baix de bateria. Esta combinaci\u00f3 li atorga una potent energia i una fant\u00e0stica posada en escena que aconsegueix la connexi\u00f3 amb el p\u00fablic a trav\u00e9s de les seues guitarres i amb un fort missatge en les seues lletres, totes en castell\u00e0."},{"type":"image","url":"https:\/\/villarrealcf.es\/wp-content\/uploads\/2023\/11\/image-3-1-1920x1080.jpg","alt":"","width":480,"height":270,"srcset":"https:\/\/villarrealcf.es\/wp-content\/uploads\/2023\/11\/image-3-1.jpg 1920w, https:\/\/villarrealcf.es\/wp-content\/uploads\/2023\/11\/image-3-1-1920x1080.jpg 1920w, https:\/\/villarrealcf.es\/wp-content\/uploads\/2023\/11\/image-3-1-1536x864.jpg 1536w, https:\/\/villarrealcf.es\/wp-content\/uploads\/2023\/11\/image-3-1-1920x1080.jpg 1920w, https:\/\/villarrealcf.es\/wp-content\/uploads\/2023\/11\/image-3-1-1920x1080.jpg 1920w, https:\/\/villarrealcf.es\/wp-content\/uploads\/2023\/11\/image-3-1-32x18.jpg 32w, https:\/\/villarrealcf.es\/wp-content\/uploads\/2023\/11\/image-3-1-150x84.jpg 150w, https:\/\/villarrealcf.es\/wp-content\/uploads\/2023\/11\/image-3-1-1920x1080.jpg 1920w, https:\/\/villarrealcf.es\/wp-content\/uploads\/2023\/11\/image-3-1-1200x675.jpg 1200w","sizes":"auto, (max-width: 480px) 100vw, 480px"},{"type":"paragraph","text":"Este grup provincial va estrenar el seu primer single Sonrisas en 2020 i el seu primer Ep Per primera vegada en 2022. Des de llavors, ja han aconseguit m\u00e9s de 110.000 reproduccions en totes les plataformes."},{"type":"paragraph","text":"Durant la seua aventura en el m\u00f3n de la m\u00fasica, han actuat en les millors sales valencianes, per\u00f2 tamb\u00e9 en altres ciutats com Madrid, Castell\u00f3 o M\u00farcia."},{"type":"paragraph","text":"Para que vayas preparados a la actuaci\u00f3n te dejamos tambi\u00e9n un resumen de uno de sus conciertos:"},{"type":"video","kind":"iframe","url":"https:\/\/www.youtube.com\/embed\/HDDNjNtg-4c?feature=oembed","poster":""}]}},"sections":[{"id":"section-1","title":"La quarta edici\u00f3 comen\u00e7ar\u00e0 amb l\u2019actuaci\u00f3 de Diversos Sevas en la pr\u00e8via del Villarreal-Osasuna","text":"La quarta edici\u00f3 comen\u00e7ar\u00e0 amb l\u2019actuaci\u00f3 de Diversos Sevas en la pr\u00e8via del Villarreal-Osasuna Torna Groc Talent. El reeixit concurs musical del Villarreal CF, organitzat en col\u00b7laboraci\u00f3 amb el SanSan Festival, inicia este diumenge la seua quarta edici\u00f3 amb l\u2019actuaci\u00f3 de Diversos Sevas. El grup provincial amenitzar\u00e0 la pr\u00e8via del partit enfront de CA Osasuna, a partir de les 12.30 hores, en la Fan Zone de l\u2019Estadio de la Cer\u00e1mica. Els aficionats podran gaudir del millor repertori d\u2019esta banda i puntuar la seua actuaci\u00f3 a trav\u00e9s de la web del Villarreal CF. La votaci\u00f3 comen\u00e7ar\u00e0 el dilluns 27 de novembre, a les 12.00 hores, i estar\u00e0 activa exactament una setmana. Els seguidors poden assignar des d\u2019una a cinc estreles, sent esta \u00faltima la major puntuaci\u00f3. Coneix millor a Diversos Sevas Diversos Sevas \u00e9s una banda de rock amb influ\u00e8ncies del millor rock dels 90 i 2000, que t\u00e9 com a referents a ACDC, MClan, Els Zigarros o Second. La banda est\u00e0 composta per cinc integrants: veu, dues guitarres el\u00e8ctriques, una ac\u00fastica i un baix de bateria. Esta combinaci\u00f3 li atorga una potent energia i una fant\u00e0stica posada en escena que aconsegueix la connexi\u00f3 amb el p\u00fablic a trav\u00e9s de les seues guitarres i amb un fort missatge en les seues lletres, totes en castell\u00e0. Este grup provincial va estrenar el seu primer single Sonrisas en 2020 i el seu primer Ep Per primera vegada en 2022. Des de llavors, ja han aconseguit m\u00e9s de 110.000 reproduccions en totes les plataformes. Durant la seua aventura en el m\u00f3n de la m\u00fasica, han actuat en les millors sales valencianes, per\u00f2 tamb\u00e9 en altres ciutats com Madrid, Castell\u00f3 o M\u00farcia. Para que vayas preparados a la actuaci\u00f3n te dejamos tambi\u00e9n un resumen de uno de sus conciertos:","url":"","background_image":"","images":[{"type":"image","url":"https:\/\/villarrealcf.es\/wp-content\/uploads\/2023\/11\/image-3-1-1920x1080.jpg","alt":"","width":480,"height":270,"srcset":"https:\/\/villarrealcf.es\/wp-content\/uploads\/2023\/11\/image-3-1.jpg 1920w, https:\/\/villarrealcf.es\/wp-content\/uploads\/2023\/11\/image-3-1-1920x1080.jpg 1920w, https:\/\/villarrealcf.es\/wp-content\/uploads\/2023\/11\/image-3-1-1536x864.jpg 1536w, https:\/\/villarrealcf.es\/wp-content\/uploads\/2023\/11\/image-3-1-1920x1080.jpg 1920w, https:\/\/villarrealcf.es\/wp-content\/uploads\/2023\/11\/image-3-1-1920x1080.jpg 1920w, https:\/\/villarrealcf.es\/wp-content\/uploads\/2023\/11\/image-3-1-32x18.jpg 32w, https:\/\/villarrealcf.es\/wp-content\/uploads\/2023\/11\/image-3-1-150x84.jpg 150w, https:\/\/villarrealcf.es\/wp-content\/uploads\/2023\/11\/image-3-1-1920x1080.jpg 1920w, https:\/\/villarrealcf.es\/wp-content\/uploads\/2023\/11\/image-3-1-1200x675.jpg 1200w","sizes":"auto, (max-width: 480px) 100vw, 480px"}],"videos":[{"type":"video","kind":"iframe","url":"https:\/\/www.youtube.com\/embed\/HDDNjNtg-4c?feature=oembed","poster":""}],"links":[]}]},"excerpt":{"rendered":"La quarta edici\u00f3 comen\u00e7ar\u00e0 amb l&#8217;actuaci\u00f3 de Diversos Sevas en la pr\u00e8via del Villarreal-Osasuna","protected":false},"author":25,"featured_media":290082,"comment_status":"closed","ping_status":"closed","sticky":false,"template":"","format":"standard","meta":{"_acf_changed":false,"footnotes":""},"categories":[13509],"tags":[9242,11054,717,9270,14145,716,9205,9627,9203],"acf":null,"lang":"val","translations":{"es":290078,"val":290101,"en":290315},"essential_grid":{"has_grid":false},"formatted_date":"November 24, 2023","modified_date":"November 24, 2023","permalink":"https:\/\/villarrealcf.es\/val\/comenca-groc-talent\/","reading_time":2,"featured_media_data":{"id":290082,"title":"groctalent","caption":"","alt_text":"","description":"","mime_type":"image\/jpeg","source_url":"https:\/\/villarrealcf.es\/wp-content\/uploads\/2023\/11\/groctalent-1.jpg","sizes":{"thumbnail":{"url":"https:\/\/villarrealcf.es\/wp-content\/uploads\/2023\/11\/groctalent-1-1920x1080.jpg","width":1920,"height":1080},"medium":{"url":"https:\/\/villarrealcf.es\/wp-content\/uploads\/2023\/11\/groctalent-1-1920x1080.jpg","width":1920,"height":1080},"medium_large":{"url":"https:\/\/villarrealcf.es\/wp-content\/uploads\/2023\/11\/groctalent-1-768x432.jpg","width":768,"height":432},"large":{"url":"https:\/\/villarrealcf.es\/wp-content\/uploads\/2023\/11\/groctalent-1-1920x1080.jpg","width":788,"height":443},"1536x1536":{"url":"https:\/\/villarrealcf.es\/wp-content\/uploads\/2023\/11\/groctalent-1-1536x864.jpg","width":1536,"height":864},"2048x2048":{"url":"https:\/\/villarrealcf.es\/wp-content\/uploads\/2023\/11\/groctalent-1.jpg","width":1920,"height":1080},"tp-image-grid":{"url":"https:\/\/villarrealcf.es\/wp-content\/uploads\/2023\/11\/groctalent-1-700x700.jpg","width":700,"height":700},"size-bunyad-medium":{"url":"https:\/\/villarrealcf.es\/wp-content\/uploads\/2023\/11\/groctalent-1-1920x1080.jpg","width":1920,"height":1080},"sportspress-crop-medium":{"url":"https:\/\/villarrealcf.es\/wp-content\/uploads\/2023\/11\/groctalent-1-300x300.jpg","width":300,"height":300},"sportspress-fit-medium":{"url":"https:\/\/villarrealcf.es\/wp-content\/uploads\/2023\/11\/groctalent-1-300x169.jpg","width":300,"height":169},"sportspress-fit-icon":{"url":"https:\/\/villarrealcf.es\/wp-content\/uploads\/2023\/11\/groctalent-1-128x72.jpg","width":128,"height":72},"sportspress-fit-mini":{"url":"https:\/\/villarrealcf.es\/wp-content\/uploads\/2023\/11\/groctalent-1-32x18.jpg","width":32,"height":18},"bunyad-small":{"url":"https:\/\/villarrealcf.es\/wp-content\/uploads\/2023\/11\/groctalent-1-150x84.jpg","width":150,"height":84},"bunyad-medium":{"url":"https:\/\/villarrealcf.es\/wp-content\/uploads\/2023\/11\/groctalent-1-450x253.jpg","width":450,"height":253},"bunyad-full":{"url":"https:\/\/villarrealcf.es\/wp-content\/uploads\/2023\/11\/groctalent-1-1200x675.jpg","width":1200,"height":675},"bunyad-viewport":{"url":"https:\/\/villarrealcf.es\/wp-content\/uploads\/2023\/11\/groctalent-1.jpg","width":1920,"height":1080},"bunyad-768":{"url":"https:\/\/villarrealcf.es\/wp-content\/uploads\/2023\/11\/groctalent-1-768x432.jpg","width":768,"height":432},"full":{"url":"https:\/\/villarrealcf.es\/wp-content\/uploads\/2023\/11\/groctalent-1.jpg","width":1920,"height":1080}}},"author_data":{"id":"25","name":"Javier Ayuso","first_name":"Javier","last_name":"Ayuso","description":"","avatar_url":"https:\/\/secure.gravatar.com\/avatar\/fcf8894be45988fcce5bbff0efe1790d2a7f4ba57e2c7c898f5068154e696495?s=96&d=mm&r=g","acf":null},"taxonomies_data":{"category":[{"id":13509,"name":"Endavant","slug":"endavant-val","acf":null}],"post_tag":[{"id":9242,"name":"Endavant","slug":"endavant-val-2","acf":null},{"id":11054,"name":"Endavant Cultura","slug":"endavant-cultura-val-2","acf":null},{"id":717,"name":"Football","slug":"football-d34","acf":null},{"id":9270,"name":"Futbol","slug":"futbol-val","acf":null},{"id":14145,"name":"Sin categorizar","slug":"sin-categorizar-val-5","acf":null},{"id":716,"name":"Soccer","slug":"soccer-d105","acf":null},{"id":9205,"name":"Submarino","slug":"submarino-val","acf":null},{"id":9627,"name":"Submarino Amarillo","slug":"submarino-amarillo-val","acf":null},{"id":9203,"name":"Villarreal CF","slug":"villarreal-cf-val","acf":null}],"translation_priority":[{"id":735,"name":"Optional","slug":"optional-val","acf":null}]},"seo_full":{"native":{"title":"Comen\u00e7a Groc Talent! - Web Oficial del Villarreal CF","description":"La quarta edici\u00f3 comen\u00e7ar\u00e0 amb l'actuaci\u00f3 de Diversos Sevas en la pr\u00e8via del Villarreal-Osasuna","canonical":"https:\/\/villarrealcf.es\/val\/comenca-groc-talent\/"}},"_links":{"self":[{"href":"https:\/\/villarrealcf.es\/val\/wp-json\/wp\/v2\/posts\/290101","targetHints":{"allow":["GET"]}}],"collection":[{"href":"https:\/\/villarrealcf.es\/val\/wp-json\/wp\/v2\/posts"}],"about":[{"href":"https:\/\/villarrealcf.es\/val\/wp-json\/wp\/v2\/types\/post"}],"author":[{"embeddable":true,"href":"https:\/\/villarrealcf.es\/val\/wp-json\/wp\/v2\/users\/25"}],"replies":[{"embeddable":true,"href":"https:\/\/villarrealcf.es\/val\/wp-json\/wp\/v2\/comments?post=290101"}],"version-history":[{"count":0,"href":"https:\/\/villarrealcf.es\/val\/wp-json\/wp\/v2\/posts\/290101\/revisions"}],"wp:featuredmedia":[{"embeddable":true,"href":"https:\/\/villarrealcf.es\/val\/wp-json\/wp\/v2\/media\/290082"}],"wp:attachment":[{"href":"https:\/\/villarrealcf.es\/val\/wp-json\/wp\/v2\/media?parent=290101"}],"wp:term":[{"taxonomy":"category","embeddable":true,"href":"https:\/\/villarrealcf.es\/val\/wp-json\/wp\/v2\/categories?post=290101"},{"taxonomy":"post_tag","embeddable":true,"href":"https:\/\/villarrealcf.es\/val\/wp-json\/wp\/v2\/tags?post=290101"}],"curies":[{"name":"wp","href":"https:\/\/api.w.org\/{rel}","templated":true}]}}