{"id":289714,"date":"2023-11-21T14:13:53","date_gmt":"2023-11-21T13:13:53","guid":{"rendered":"https:\/\/villarrealcf.es\/apoyo-al-torneo-de-golf-sindrome-de-down-de-castellon\/"},"modified":"2023-11-21T14:18:21","modified_gmt":"2023-11-21T13:18:21","slug":"apoyo-al-torneo-de-golf-sindrome-de-down-de-castellon","status":"publish","type":"post","link":"https:\/\/villarrealcf.es\/val\/apoyo-al-torneo-de-golf-sindrome-de-down-de-castellon\/","title":{"rendered":"Suport al Torneig de Golf S\u00edndrome de Down de Castell\u00f3"},"content":{"protected":false,"blocks":[{"type":"heading","level":2,"text":"El Villarreal CF recolza de nou l\u2019esdeveniment solidari en el qual van participar 50 esportistes"},{"type":"paragraph","text":"El Villarreal CF ha recolzat un any m\u00e9s el Torneig de Golf S\u00edndrome de Down de Castell\u00f3 en les instal\u00b7lacions de Mediterrani Golf."},{"type":"paragraph","text":"Durant el mat\u00ed del passat dissabte, entorn de 50 esportistes van participar en el torneig que va comptar amb la col\u00b7laboraci\u00f3 de m\u00e9s de 30 empreses a trav\u00e9s del programa \u201cComptem Amb tu\u201d de S\u00edndrome de Down Castell\u00f3, per al desenvolupament d\u2019accions de responsabilitat social."},{"type":"paragraph","text":"L\u2019objectiu d\u2019aquest esdeveniment solidari va ser recaptar fons per al desenvolupament d\u2019accions formatives i d\u2019orientaci\u00f3 laboral que es realitzen en el servei d\u2019Ocupaci\u00f3 Amb Suport (ECA) i del qual es beneficien entorn de 60 persones amb S\u00edndrome de Down i altres discapacitats intel\u00b7lectuals que es troben en proc\u00e9s de cerca activa d\u2019ocupaci\u00f3."},{"type":"paragraph","text":"Carolina Ballester, presidenta de la Fundaci\u00f3 S\u00edndrome de Down Castell\u00f3, va manifestar que \u201cels fons recaptats serviran per a poder continuar desenvolupant accions formatives a trav\u00e9s del servei d\u2019Ocupaci\u00f3 amb Suport per a aconseguir que les persones amb s\u00edndrome de Down i altres discapacitats intel\u00b7lectuals aconseguisquen una ocupaci\u00f3\u201d."},{"type":"paragraph","text":"Actualment, s\u00f3n m\u00e9s de 50 les persones amb discapacitat intel\u00b7lectual que han aconseguit una ocupaci\u00f3, \u201cl\u2019acc\u00e9s a l\u2019ocupaci\u00f3 \u00e9s un dels nostres objectius ja que \u00e9s clau per a aconseguir la plena inclusi\u00f3 i afavorir la seua qualitat de vida\u201d, va comentar Ballester."},{"type":"paragraph","text":"El torneig de golf \u00e9s una de les activitats principals que organitza S\u00edndrome de Down Castell\u00f3 al llarg de l\u2019any. \u201cComptem amb un gran nombre d\u2019empreses que ens donen suport i col\u00b7laboren en el torneig, a m\u00e9s de les persones s\u00f2cies del club que gaudeixen d\u2019una jornada d\u2019esport i solidaritat\u201d, ha destacat Ballester."}],"structured":{"summary":{"text":"El Villarreal CF recolza de nou l\u2019esdeveniment solidari en el qual van participar 50 esportistes El Villarreal CF ha recolzat un any m\u00e9s el Torneig de Golf S\u00edndrome de Down de Castell\u00f3 en les instal\u00b7lacions de Mediterrani Golf. Durant el mat\u00ed del passat dissabte, entorn de 50 esportistes van participar en el torneig que va comptar amb la col\u00b7laboraci\u00f3 de m\u00e9s de 30 empreses a trav\u00e9s del programa \u201cComptem Amb tu\u201d de S\u00edndrome de Down Castell\u00f3, per al desenvolupament d\u2019accions de responsabilitat social. L\u2019objectiu d\u2019aquest esdeveniment solidari va ser recaptar fons per al desenvolupament d\u2019accions formatives i d\u2019orientaci\u00f3 laboral que es realitzen en el servei d\u2019Ocupaci\u00f3 Amb Suport (ECA) i del qual es beneficien entorn de 60 persones amb S\u00edndrome de Down i altres discapacitats intel\u00b7lectuals que es troben en proc\u00e9s de cerca activa d\u2019ocupaci\u00f3. Carolina Ballester, presidenta de la Fundaci\u00f3 S\u00edndrome de Down Castell\u00f3, va manifestar que \u201cels fons recaptats serviran per a poder continuar desenvolupant accions formatives a trav\u00e9s del servei d\u2019Ocupaci\u00f3 amb Suport per a aconseguir que les persones amb s\u00edndrome de Down i altres discapacitats intel\u00b7lectuals aconseguisquen una ocupaci\u00f3\u201d. Actualment, s\u00f3n m\u00e9s de 50 les persones amb discapacitat intel\u00b7lectual que han aconseguit una ocupaci\u00f3, \u201cl\u2019acc\u00e9s a l\u2019ocupaci\u00f3 \u00e9s un dels nostres objectius ja que \u00e9s clau per a aconseguir la plena inclusi\u00f3 i afavorir la seua qualitat de vida\u201d, va comentar Ballester. El torneig de golf \u00e9s una de les activitats principals que organitza S\u00edndrome de Down Castell\u00f3 al llarg de l\u2019any. \u201cComptem amb un gran nombre d\u2019empreses que ens donen suport i col\u00b7laboren en el torneig, a m\u00e9s de les persones s\u00f2cies del club que gaudeixen d\u2019una jornada d\u2019esport i solidaritat\u201d, ha destacat Ballester.","headings":[{"type":"heading","level":2,"text":"El Villarreal CF recolza de nou l\u2019esdeveniment solidari en el qual van participar 50 esportistes"}],"buttons":[],"images":[],"counts":{"blocks":7,"headings":1,"texts":6,"buttons":0,"images":0}},"sections":[{"id":"section-1","title":"El Villarreal CF recolza de nou l\u2019esdeveniment solidari en el qual van participar 50 esportistes","text":"El Villarreal CF recolza de nou l\u2019esdeveniment solidari en el qual van participar 50 esportistes El Villarreal CF ha recolzat un any m\u00e9s el Torneig de Golf S\u00edndrome de Down de Castell\u00f3 en les instal\u00b7lacions de Mediterrani Golf. Durant el mat\u00ed del passat dissabte, entorn de 50 esportistes van participar en el torneig que va comptar amb la col\u00b7laboraci\u00f3 de m\u00e9s de 30 empreses a trav\u00e9s del programa \u201cComptem Amb tu\u201d de S\u00edndrome de Down Castell\u00f3, per al desenvolupament d\u2019accions de responsabilitat social. L\u2019objectiu d\u2019aquest esdeveniment solidari va ser recaptar fons per al desenvolupament d\u2019accions formatives i d\u2019orientaci\u00f3 laboral que es realitzen en el servei d\u2019Ocupaci\u00f3 Amb Suport (ECA) i del qual es beneficien entorn de 60 persones amb S\u00edndrome de Down i altres discapacitats intel\u00b7lectuals que es troben en proc\u00e9s de cerca activa d\u2019ocupaci\u00f3. Carolina Ballester, presidenta de la Fundaci\u00f3 S\u00edndrome de Down Castell\u00f3, va manifestar que \u201cels fons recaptats serviran per a poder continuar desenvolupant accions formatives a trav\u00e9s del servei d\u2019Ocupaci\u00f3 amb Suport per a aconseguir que les persones amb s\u00edndrome de Down i altres discapacitats intel\u00b7lectuals aconseguisquen una ocupaci\u00f3\u201d. Actualment, s\u00f3n m\u00e9s de 50 les persones amb discapacitat intel\u00b7lectual que han aconseguit una ocupaci\u00f3, \u201cl\u2019acc\u00e9s a l\u2019ocupaci\u00f3 \u00e9s un dels nostres objectius ja que \u00e9s clau per a aconseguir la plena inclusi\u00f3 i afavorir la seua qualitat de vida\u201d, va comentar Ballester. El torneig de golf \u00e9s una de les activitats principals que organitza S\u00edndrome de Down Castell\u00f3 al llarg de l\u2019any. \u201cComptem amb un gran nombre d\u2019empreses que ens donen suport i col\u00b7laboren en el torneig, a m\u00e9s de les persones s\u00f2cies del club que gaudeixen d\u2019una jornada d\u2019esport i solidaritat\u201d, ha destacat Ballester.","headings":[{"type":"heading","level":2,"text":"El Villarreal CF recolza de nou l\u2019esdeveniment solidari en el qual van participar 50 esportistes"}],"texts":[{"type":"paragraph","text":"El Villarreal CF ha recolzat un any m\u00e9s el Torneig de Golf S\u00edndrome de Down de Castell\u00f3 en les instal\u00b7lacions de Mediterrani Golf."},{"type":"paragraph","text":"Durant el mat\u00ed del passat dissabte, entorn de 50 esportistes van participar en el torneig que va comptar amb la col\u00b7laboraci\u00f3 de m\u00e9s de 30 empreses a trav\u00e9s del programa \u201cComptem Amb tu\u201d de S\u00edndrome de Down Castell\u00f3, per al desenvolupament d\u2019accions de responsabilitat social."},{"type":"paragraph","text":"L\u2019objectiu d\u2019aquest esdeveniment solidari va ser recaptar fons per al desenvolupament d\u2019accions formatives i d\u2019orientaci\u00f3 laboral que es realitzen en el servei d\u2019Ocupaci\u00f3 Amb Suport (ECA) i del qual es beneficien entorn de 60 persones amb S\u00edndrome de Down i altres discapacitats intel\u00b7lectuals que es troben en proc\u00e9s de cerca activa d\u2019ocupaci\u00f3."},{"type":"paragraph","text":"Carolina Ballester, presidenta de la Fundaci\u00f3 S\u00edndrome de Down Castell\u00f3, va manifestar que \u201cels fons recaptats serviran per a poder continuar desenvolupant accions formatives a trav\u00e9s del servei d\u2019Ocupaci\u00f3 amb Suport per a aconseguir que les persones amb s\u00edndrome de Down i altres discapacitats intel\u00b7lectuals aconseguisquen una ocupaci\u00f3\u201d."},{"type":"paragraph","text":"Actualment, s\u00f3n m\u00e9s de 50 les persones amb discapacitat intel\u00b7lectual que han aconseguit una ocupaci\u00f3, \u201cl\u2019acc\u00e9s a l\u2019ocupaci\u00f3 \u00e9s un dels nostres objectius ja que \u00e9s clau per a aconseguir la plena inclusi\u00f3 i afavorir la seua qualitat de vida\u201d, va comentar Ballester."},{"type":"paragraph","text":"El torneig de golf \u00e9s una de les activitats principals que organitza S\u00edndrome de Down Castell\u00f3 al llarg de l\u2019any. \u201cComptem amb un gran nombre d\u2019empreses que ens donen suport i col\u00b7laboren en el torneig, a m\u00e9s de les persones s\u00f2cies del club que gaudeixen d\u2019una jornada d\u2019esport i solidaritat\u201d, ha destacat Ballester."}],"buttons":[],"images":[],"widgets":[],"blocks":[{"type":"heading","level":2,"text":"El Villarreal CF recolza de nou l\u2019esdeveniment solidari en el qual van participar 50 esportistes"},{"type":"paragraph","text":"El Villarreal CF ha recolzat un any m\u00e9s el Torneig de Golf S\u00edndrome de Down de Castell\u00f3 en les instal\u00b7lacions de Mediterrani Golf."},{"type":"paragraph","text":"Durant el mat\u00ed del passat dissabte, entorn de 50 esportistes van participar en el torneig que va comptar amb la col\u00b7laboraci\u00f3 de m\u00e9s de 30 empreses a trav\u00e9s del programa \u201cComptem Amb tu\u201d de S\u00edndrome de Down Castell\u00f3, per al desenvolupament d\u2019accions de responsabilitat social."},{"type":"paragraph","text":"L\u2019objectiu d\u2019aquest esdeveniment solidari va ser recaptar fons per al desenvolupament d\u2019accions formatives i d\u2019orientaci\u00f3 laboral que es realitzen en el servei d\u2019Ocupaci\u00f3 Amb Suport (ECA) i del qual es beneficien entorn de 60 persones amb S\u00edndrome de Down i altres discapacitats intel\u00b7lectuals que es troben en proc\u00e9s de cerca activa d\u2019ocupaci\u00f3."},{"type":"paragraph","text":"Carolina Ballester, presidenta de la Fundaci\u00f3 S\u00edndrome de Down Castell\u00f3, va manifestar que \u201cels fons recaptats serviran per a poder continuar desenvolupant accions formatives a trav\u00e9s del servei d\u2019Ocupaci\u00f3 amb Suport per a aconseguir que les persones amb s\u00edndrome de Down i altres discapacitats intel\u00b7lectuals aconseguisquen una ocupaci\u00f3\u201d."},{"type":"paragraph","text":"Actualment, s\u00f3n m\u00e9s de 50 les persones amb discapacitat intel\u00b7lectual que han aconseguit una ocupaci\u00f3, \u201cl\u2019acc\u00e9s a l\u2019ocupaci\u00f3 \u00e9s un dels nostres objectius ja que \u00e9s clau per a aconseguir la plena inclusi\u00f3 i afavorir la seua qualitat de vida\u201d, va comentar Ballester."},{"type":"paragraph","text":"El torneig de golf \u00e9s una de les activitats principals que organitza S\u00edndrome de Down Castell\u00f3 al llarg de l\u2019any. \u201cComptem amb un gran nombre d\u2019empreses que ens donen suport i col\u00b7laboren en el torneig, a m\u00e9s de les persones s\u00f2cies del club que gaudeixen d\u2019una jornada d\u2019esport i solidaritat\u201d, ha destacat Ballester."}]}],"hero":{"id":"section-1","title":"El Villarreal CF recolza de nou l\u2019esdeveniment solidari en el qual van participar 50 esportistes","text":"El Villarreal CF recolza de nou l\u2019esdeveniment solidari en el qual van participar 50 esportistes El Villarreal CF ha recolzat un any m\u00e9s el Torneig de Golf S\u00edndrome de Down de Castell\u00f3 en les instal\u00b7lacions de Mediterrani Golf. Durant el mat\u00ed del passat dissabte, entorn de 50 esportistes van participar en el torneig que va comptar amb la col\u00b7laboraci\u00f3 de m\u00e9s de 30 empreses a trav\u00e9s del programa \u201cComptem Amb tu\u201d de S\u00edndrome de Down Castell\u00f3, per al desenvolupament d\u2019accions de responsabilitat social. L\u2019objectiu d\u2019aquest esdeveniment solidari va ser recaptar fons per al desenvolupament d\u2019accions formatives i d\u2019orientaci\u00f3 laboral que es realitzen en el servei d\u2019Ocupaci\u00f3 Amb Suport (ECA) i del qual es beneficien entorn de 60 persones amb S\u00edndrome de Down i altres discapacitats intel\u00b7lectuals que es troben en proc\u00e9s de cerca activa d\u2019ocupaci\u00f3. Carolina Ballester, presidenta de la Fundaci\u00f3 S\u00edndrome de Down Castell\u00f3, va manifestar que \u201cels fons recaptats serviran per a poder continuar desenvolupant accions formatives a trav\u00e9s del servei d\u2019Ocupaci\u00f3 amb Suport per a aconseguir que les persones amb s\u00edndrome de Down i altres discapacitats intel\u00b7lectuals aconseguisquen una ocupaci\u00f3\u201d. Actualment, s\u00f3n m\u00e9s de 50 les persones amb discapacitat intel\u00b7lectual que han aconseguit una ocupaci\u00f3, \u201cl\u2019acc\u00e9s a l\u2019ocupaci\u00f3 \u00e9s un dels nostres objectius ja que \u00e9s clau per a aconseguir la plena inclusi\u00f3 i afavorir la seua qualitat de vida\u201d, va comentar Ballester. El torneig de golf \u00e9s una de les activitats principals que organitza S\u00edndrome de Down Castell\u00f3 al llarg de l\u2019any. \u201cComptem amb un gran nombre d\u2019empreses que ens donen suport i col\u00b7laboren en el torneig, a m\u00e9s de les persones s\u00f2cies del club que gaudeixen d\u2019una jornada d\u2019esport i solidaritat\u201d, ha destacat Ballester.","headings":[{"type":"heading","level":2,"text":"El Villarreal CF recolza de nou l\u2019esdeveniment solidari en el qual van participar 50 esportistes"}],"texts":[{"type":"paragraph","text":"El Villarreal CF ha recolzat un any m\u00e9s el Torneig de Golf S\u00edndrome de Down de Castell\u00f3 en les instal\u00b7lacions de Mediterrani Golf."},{"type":"paragraph","text":"Durant el mat\u00ed del passat dissabte, entorn de 50 esportistes van participar en el torneig que va comptar amb la col\u00b7laboraci\u00f3 de m\u00e9s de 30 empreses a trav\u00e9s del programa \u201cComptem Amb tu\u201d de S\u00edndrome de Down Castell\u00f3, per al desenvolupament d\u2019accions de responsabilitat social."},{"type":"paragraph","text":"L\u2019objectiu d\u2019aquest esdeveniment solidari va ser recaptar fons per al desenvolupament d\u2019accions formatives i d\u2019orientaci\u00f3 laboral que es realitzen en el servei d\u2019Ocupaci\u00f3 Amb Suport (ECA) i del qual es beneficien entorn de 60 persones amb S\u00edndrome de Down i altres discapacitats intel\u00b7lectuals que es troben en proc\u00e9s de cerca activa d\u2019ocupaci\u00f3."},{"type":"paragraph","text":"Carolina Ballester, presidenta de la Fundaci\u00f3 S\u00edndrome de Down Castell\u00f3, va manifestar que \u201cels fons recaptats serviran per a poder continuar desenvolupant accions formatives a trav\u00e9s del servei d\u2019Ocupaci\u00f3 amb Suport per a aconseguir que les persones amb s\u00edndrome de Down i altres discapacitats intel\u00b7lectuals aconseguisquen una ocupaci\u00f3\u201d."},{"type":"paragraph","text":"Actualment, s\u00f3n m\u00e9s de 50 les persones amb discapacitat intel\u00b7lectual que han aconseguit una ocupaci\u00f3, \u201cl\u2019acc\u00e9s a l\u2019ocupaci\u00f3 \u00e9s un dels nostres objectius ja que \u00e9s clau per a aconseguir la plena inclusi\u00f3 i afavorir la seua qualitat de vida\u201d, va comentar Ballester."},{"type":"paragraph","text":"El torneig de golf \u00e9s una de les activitats principals que organitza S\u00edndrome de Down Castell\u00f3 al llarg de l\u2019any. \u201cComptem amb un gran nombre d\u2019empreses que ens donen suport i col\u00b7laboren en el torneig, a m\u00e9s de les persones s\u00f2cies del club que gaudeixen d\u2019una jornada d\u2019esport i solidaritat\u201d, ha destacat Ballester."}],"buttons":[],"images":[],"widgets":[],"blocks":[{"type":"heading","level":2,"text":"El Villarreal CF recolza de nou l\u2019esdeveniment solidari en el qual van participar 50 esportistes"},{"type":"paragraph","text":"El Villarreal CF ha recolzat un any m\u00e9s el Torneig de Golf S\u00edndrome de Down de Castell\u00f3 en les instal\u00b7lacions de Mediterrani Golf."},{"type":"paragraph","text":"Durant el mat\u00ed del passat dissabte, entorn de 50 esportistes van participar en el torneig que va comptar amb la col\u00b7laboraci\u00f3 de m\u00e9s de 30 empreses a trav\u00e9s del programa \u201cComptem Amb tu\u201d de S\u00edndrome de Down Castell\u00f3, per al desenvolupament d\u2019accions de responsabilitat social."},{"type":"paragraph","text":"L\u2019objectiu d\u2019aquest esdeveniment solidari va ser recaptar fons per al desenvolupament d\u2019accions formatives i d\u2019orientaci\u00f3 laboral que es realitzen en el servei d\u2019Ocupaci\u00f3 Amb Suport (ECA) i del qual es beneficien entorn de 60 persones amb S\u00edndrome de Down i altres discapacitats intel\u00b7lectuals que es troben en proc\u00e9s de cerca activa d\u2019ocupaci\u00f3."},{"type":"paragraph","text":"Carolina Ballester, presidenta de la Fundaci\u00f3 S\u00edndrome de Down Castell\u00f3, va manifestar que \u201cels fons recaptats serviran per a poder continuar desenvolupant accions formatives a trav\u00e9s del servei d\u2019Ocupaci\u00f3 amb Suport per a aconseguir que les persones amb s\u00edndrome de Down i altres discapacitats intel\u00b7lectuals aconseguisquen una ocupaci\u00f3\u201d."},{"type":"paragraph","text":"Actualment, s\u00f3n m\u00e9s de 50 les persones amb discapacitat intel\u00b7lectual que han aconseguit una ocupaci\u00f3, \u201cl\u2019acc\u00e9s a l\u2019ocupaci\u00f3 \u00e9s un dels nostres objectius ja que \u00e9s clau per a aconseguir la plena inclusi\u00f3 i afavorir la seua qualitat de vida\u201d, va comentar Ballester."},{"type":"paragraph","text":"El torneig de golf \u00e9s una de les activitats principals que organitza S\u00edndrome de Down Castell\u00f3 al llarg de l\u2019any. \u201cComptem amb un gran nombre d\u2019empreses que ens donen suport i col\u00b7laboren en el torneig, a m\u00e9s de les persones s\u00f2cies del club que gaudeixen d\u2019una jornada d\u2019esport i solidaritat\u201d, ha destacat Ballester."}]}},"sections":[{"id":"section-1","title":"El Villarreal CF recolza de nou l\u2019esdeveniment solidari en el qual van participar 50 esportistes","text":"El Villarreal CF recolza de nou l\u2019esdeveniment solidari en el qual van participar 50 esportistes El Villarreal CF ha recolzat un any m\u00e9s el Torneig de Golf S\u00edndrome de Down de Castell\u00f3 en les instal\u00b7lacions de Mediterrani Golf. Durant el mat\u00ed del passat dissabte, entorn de 50 esportistes van participar en el torneig que va comptar amb la col\u00b7laboraci\u00f3 de m\u00e9s de 30 empreses a trav\u00e9s del programa \u201cComptem Amb tu\u201d de S\u00edndrome de Down Castell\u00f3, per al desenvolupament d\u2019accions de responsabilitat social. L\u2019objectiu d\u2019aquest esdeveniment solidari va ser recaptar fons per al desenvolupament d\u2019accions formatives i d\u2019orientaci\u00f3 laboral que es realitzen en el servei d\u2019Ocupaci\u00f3 Amb Suport (ECA) i del qual es beneficien entorn de 60 persones amb S\u00edndrome de Down i altres discapacitats intel\u00b7lectuals que es troben en proc\u00e9s de cerca activa d\u2019ocupaci\u00f3. Carolina Ballester, presidenta de la Fundaci\u00f3 S\u00edndrome de Down Castell\u00f3, va manifestar que \u201cels fons recaptats serviran per a poder continuar desenvolupant accions formatives a trav\u00e9s del servei d\u2019Ocupaci\u00f3 amb Suport per a aconseguir que les persones amb s\u00edndrome de Down i altres discapacitats intel\u00b7lectuals aconseguisquen una ocupaci\u00f3\u201d. Actualment, s\u00f3n m\u00e9s de 50 les persones amb discapacitat intel\u00b7lectual que han aconseguit una ocupaci\u00f3, \u201cl\u2019acc\u00e9s a l\u2019ocupaci\u00f3 \u00e9s un dels nostres objectius ja que \u00e9s clau per a aconseguir la plena inclusi\u00f3 i afavorir la seua qualitat de vida\u201d, va comentar Ballester. El torneig de golf \u00e9s una de les activitats principals que organitza S\u00edndrome de Down Castell\u00f3 al llarg de l\u2019any. \u201cComptem amb un gran nombre d\u2019empreses que ens donen suport i col\u00b7laboren en el torneig, a m\u00e9s de les persones s\u00f2cies del club que gaudeixen d\u2019una jornada d\u2019esport i solidaritat\u201d, ha destacat Ballester.","url":"","background_image":"","images":[],"videos":[],"links":[]}]},"excerpt":{"rendered":"El Villarreal CF recolza de nou l&#8217;esdeveniment solidari en el qual van participar 50 esportistes","protected":false},"author":23,"featured_media":289712,"comment_status":"closed","ping_status":"closed","sticky":false,"template":"","format":"standard","meta":{"_acf_changed":false,"footnotes":""},"categories":[13509],"tags":[9242,9244,717,9270,9278,716,9205,9627,9203],"acf":null,"lang":"val","translations":{"es":289706,"val":289714,"en":289730},"essential_grid":{"has_grid":false},"formatted_date":"November 21, 2023","modified_date":"November 21, 2023","permalink":"https:\/\/villarrealcf.es\/val\/apoyo-al-torneo-de-golf-sindrome-de-down-de-castellon\/","reading_time":2,"featured_media_data":{"id":289712,"title":"DOWN","caption":"","alt_text":"","description":"","mime_type":"image\/jpeg","source_url":"https:\/\/villarrealcf.es\/wp-content\/uploads\/2023\/11\/DOWN.jpg","sizes":{"thumbnail":{"url":"https:\/\/villarrealcf.es\/wp-content\/uploads\/2023\/11\/DOWN-1920x1080.jpg","width":1920,"height":1080},"medium":{"url":"https:\/\/villarrealcf.es\/wp-content\/uploads\/2023\/11\/DOWN-1920x1080.jpg","width":1920,"height":1080},"medium_large":{"url":"https:\/\/villarrealcf.es\/wp-content\/uploads\/2023\/11\/DOWN-768x432.jpg","width":768,"height":432},"large":{"url":"https:\/\/villarrealcf.es\/wp-content\/uploads\/2023\/11\/DOWN-1920x1080.jpg","width":788,"height":443},"1536x1536":{"url":"https:\/\/villarrealcf.es\/wp-content\/uploads\/2023\/11\/DOWN-1536x864.jpg","width":1536,"height":864},"2048x2048":{"url":"https:\/\/villarrealcf.es\/wp-content\/uploads\/2023\/11\/DOWN.jpg","width":1920,"height":1080},"tp-image-grid":{"url":"https:\/\/villarrealcf.es\/wp-content\/uploads\/2023\/11\/DOWN-700x700.jpg","width":700,"height":700},"size-bunyad-medium":{"url":"https:\/\/villarrealcf.es\/wp-content\/uploads\/2023\/11\/DOWN-1920x1080.jpg","width":1920,"height":1080},"sportspress-crop-medium":{"url":"https:\/\/villarrealcf.es\/wp-content\/uploads\/2023\/11\/DOWN-300x300.jpg","width":300,"height":300},"sportspress-fit-medium":{"url":"https:\/\/villarrealcf.es\/wp-content\/uploads\/2023\/11\/DOWN-300x169.jpg","width":300,"height":169},"sportspress-fit-icon":{"url":"https:\/\/villarrealcf.es\/wp-content\/uploads\/2023\/11\/DOWN-128x72.jpg","width":128,"height":72},"sportspress-fit-mini":{"url":"https:\/\/villarrealcf.es\/wp-content\/uploads\/2023\/11\/DOWN-32x18.jpg","width":32,"height":18},"bunyad-small":{"url":"https:\/\/villarrealcf.es\/wp-content\/uploads\/2023\/11\/DOWN-150x84.jpg","width":150,"height":84},"bunyad-medium":{"url":"https:\/\/villarrealcf.es\/wp-content\/uploads\/2023\/11\/DOWN-450x253.jpg","width":450,"height":253},"bunyad-full":{"url":"https:\/\/villarrealcf.es\/wp-content\/uploads\/2023\/11\/DOWN-1200x675.jpg","width":1200,"height":675},"bunyad-viewport":{"url":"https:\/\/villarrealcf.es\/wp-content\/uploads\/2023\/11\/DOWN.jpg","width":1920,"height":1080},"bunyad-768":{"url":"https:\/\/villarrealcf.es\/wp-content\/uploads\/2023\/11\/DOWN-768x432.jpg","width":768,"height":432},"full":{"url":"https:\/\/villarrealcf.es\/wp-content\/uploads\/2023\/11\/DOWN.jpg","width":1920,"height":1080}}},"author_data":{"id":"23","name":"Fran Segovia","first_name":"Fran","last_name":"Segovia","description":"","avatar_url":"https:\/\/secure.gravatar.com\/avatar\/9ec849b3b9cb451091f0a96d7943b1c6be26a8d6fd3b94d5b5bfd496b2536c42?s=96&d=mm&r=g","acf":null},"taxonomies_data":{"category":[{"id":13509,"name":"Endavant","slug":"endavant-val","acf":null}],"post_tag":[{"id":9242,"name":"Endavant","slug":"endavant-val-2","acf":null},{"id":9244,"name":"Endavant Solidaritat","slug":"endavant-solidaritat-val-2","acf":null},{"id":717,"name":"Football","slug":"football-d34","acf":null},{"id":9270,"name":"Futbol","slug":"futbol-val","acf":null},{"id":9278,"name":"primera division","slug":"primera-division-val","acf":null},{"id":716,"name":"Soccer","slug":"soccer-d105","acf":null},{"id":9205,"name":"Submarino","slug":"submarino-val","acf":null},{"id":9627,"name":"Submarino Amarillo","slug":"submarino-amarillo-val","acf":null},{"id":9203,"name":"Villarreal CF","slug":"villarreal-cf-val","acf":null}],"translation_priority":[{"id":735,"name":"Optional","slug":"optional-val","acf":null}]},"seo_full":{"native":{"title":"Suport al Torneig de Golf S\u00edndrome de Down de Castell\u00f3 - Web Oficial del Villarreal CF","description":"El Villarreal CF recolza de nou l'esdeveniment solidari en el qual van participar 50 esportistes","canonical":"https:\/\/villarrealcf.es\/val\/apoyo-al-torneo-de-golf-sindrome-de-down-de-castellon\/"}},"_links":{"self":[{"href":"https:\/\/villarrealcf.es\/val\/wp-json\/wp\/v2\/posts\/289714","targetHints":{"allow":["GET"]}}],"collection":[{"href":"https:\/\/villarrealcf.es\/val\/wp-json\/wp\/v2\/posts"}],"about":[{"href":"https:\/\/villarrealcf.es\/val\/wp-json\/wp\/v2\/types\/post"}],"author":[{"embeddable":true,"href":"https:\/\/villarrealcf.es\/val\/wp-json\/wp\/v2\/users\/23"}],"replies":[{"embeddable":true,"href":"https:\/\/villarrealcf.es\/val\/wp-json\/wp\/v2\/comments?post=289714"}],"version-history":[{"count":0,"href":"https:\/\/villarrealcf.es\/val\/wp-json\/wp\/v2\/posts\/289714\/revisions"}],"wp:featuredmedia":[{"embeddable":true,"href":"https:\/\/villarrealcf.es\/val\/wp-json\/wp\/v2\/media\/289712"}],"wp:attachment":[{"href":"https:\/\/villarrealcf.es\/val\/wp-json\/wp\/v2\/media?parent=289714"}],"wp:term":[{"taxonomy":"category","embeddable":true,"href":"https:\/\/villarrealcf.es\/val\/wp-json\/wp\/v2\/categories?post=289714"},{"taxonomy":"post_tag","embeddable":true,"href":"https:\/\/villarrealcf.es\/val\/wp-json\/wp\/v2\/tags?post=289714"}],"curies":[{"name":"wp","href":"https:\/\/api.w.org\/{rel}","templated":true}]}}