{"id":289429,"date":"2023-11-17T16:35:53","date_gmt":"2023-11-17T15:35:53","guid":{"rendered":"https:\/\/villarrealcf.es\/horarios-de-las-jornadas-17-y-18-de-laliga\/"},"modified":"2023-11-17T16:52:22","modified_gmt":"2023-11-17T15:52:22","slug":"horaris-de-les-jornades-17-i-18-de-laliga","status":"publish","type":"post","link":"https:\/\/villarrealcf.es\/val\/horaris-de-les-jornades-17-i-18-de-laliga\/","title":{"rendered":"Horaris de les jornades 17 i 18 de LALIGA"},"content":{"protected":false,"blocks":[{"type":"heading","level":2,"text":"El Villarreal s\u2019enfrontar\u00e0 a Real Madrid al Bernab\u00e9u i RC Celta en La Cer\u00e1mica respectivament"},{"type":"paragraph","text":"LALIGA ha anunciat els horaris de les jornades 17 i 18 de la competici\u00f3 dom\u00e8stica. En la dessetena data del campionat de lliga el Villarreal CF viatjar\u00e0 a Madrid per a mesurar-se al Real Madrid en el Santiago Bernab\u00e9u el diumenge 17 de desembre a partir de les 21.00 hores. El partit es podr\u00e0 seguir en directe a trav\u00e9s de Movistar+."},{"type":"paragraph","text":"D\u2019altra banda, el Villarreal rebr\u00e0 al RC Celta el dimecres 20 de desembre, a partir de les 21.30 hores, en l\u2019Estadio de la Cer\u00e1mica en el partit corresponent a la jornada 18 de LALIGA. El partit podr\u00e0 es podr\u00e0 seguir en directe a trav\u00e9s de DAZN."}],"structured":{"summary":{"text":"El Villarreal s\u2019enfrontar\u00e0 a Real Madrid al Bernab\u00e9u i RC Celta en La Cer\u00e1mica respectivament LALIGA ha anunciat els horaris de les jornades 17 i 18 de la competici\u00f3 dom\u00e8stica. En la dessetena data del campionat de lliga el Villarreal CF viatjar\u00e0 a Madrid per a mesurar-se al Real Madrid en el Santiago Bernab\u00e9u el diumenge 17 de desembre a partir de les 21.00 hores. El partit es podr\u00e0 seguir en directe a trav\u00e9s de Movistar+. D\u2019altra banda, el Villarreal rebr\u00e0 al RC Celta el dimecres 20 de desembre, a partir de les 21.30 hores, en l\u2019Estadio de la Cer\u00e1mica en el partit corresponent a la jornada 18 de LALIGA. El partit podr\u00e0 es podr\u00e0 seguir en directe a trav\u00e9s de DAZN.","headings":[{"type":"heading","level":2,"text":"El Villarreal s\u2019enfrontar\u00e0 a Real Madrid al Bernab\u00e9u i RC Celta en La Cer\u00e1mica respectivament"}],"buttons":[],"images":[],"counts":{"blocks":3,"headings":1,"texts":2,"buttons":0,"images":0}},"sections":[{"id":"section-1","title":"El Villarreal s\u2019enfrontar\u00e0 a Real Madrid al Bernab\u00e9u i RC Celta en La Cer\u00e1mica respectivament","text":"El Villarreal s\u2019enfrontar\u00e0 a Real Madrid al Bernab\u00e9u i RC Celta en La Cer\u00e1mica respectivament LALIGA ha anunciat els horaris de les jornades 17 i 18 de la competici\u00f3 dom\u00e8stica. En la dessetena data del campionat de lliga el Villarreal CF viatjar\u00e0 a Madrid per a mesurar-se al Real Madrid en el Santiago Bernab\u00e9u el diumenge 17 de desembre a partir de les 21.00 hores. El partit es podr\u00e0 seguir en directe a trav\u00e9s de Movistar+. D\u2019altra banda, el Villarreal rebr\u00e0 al RC Celta el dimecres 20 de desembre, a partir de les 21.30 hores, en l\u2019Estadio de la Cer\u00e1mica en el partit corresponent a la jornada 18 de LALIGA. El partit podr\u00e0 es podr\u00e0 seguir en directe a trav\u00e9s de DAZN.","headings":[{"type":"heading","level":2,"text":"El Villarreal s\u2019enfrontar\u00e0 a Real Madrid al Bernab\u00e9u i RC Celta en La Cer\u00e1mica respectivament"}],"texts":[{"type":"paragraph","text":"LALIGA ha anunciat els horaris de les jornades 17 i 18 de la competici\u00f3 dom\u00e8stica. En la dessetena data del campionat de lliga el Villarreal CF viatjar\u00e0 a Madrid per a mesurar-se al Real Madrid en el Santiago Bernab\u00e9u el diumenge 17 de desembre a partir de les 21.00 hores. El partit es podr\u00e0 seguir en directe a trav\u00e9s de Movistar+."},{"type":"paragraph","text":"D\u2019altra banda, el Villarreal rebr\u00e0 al RC Celta el dimecres 20 de desembre, a partir de les 21.30 hores, en l\u2019Estadio de la Cer\u00e1mica en el partit corresponent a la jornada 18 de LALIGA. El partit podr\u00e0 es podr\u00e0 seguir en directe a trav\u00e9s de DAZN."}],"buttons":[],"images":[],"widgets":[],"blocks":[{"type":"heading","level":2,"text":"El Villarreal s\u2019enfrontar\u00e0 a Real Madrid al Bernab\u00e9u i RC Celta en La Cer\u00e1mica respectivament"},{"type":"paragraph","text":"LALIGA ha anunciat els horaris de les jornades 17 i 18 de la competici\u00f3 dom\u00e8stica. En la dessetena data del campionat de lliga el Villarreal CF viatjar\u00e0 a Madrid per a mesurar-se al Real Madrid en el Santiago Bernab\u00e9u el diumenge 17 de desembre a partir de les 21.00 hores. El partit es podr\u00e0 seguir en directe a trav\u00e9s de Movistar+."},{"type":"paragraph","text":"D\u2019altra banda, el Villarreal rebr\u00e0 al RC Celta el dimecres 20 de desembre, a partir de les 21.30 hores, en l\u2019Estadio de la Cer\u00e1mica en el partit corresponent a la jornada 18 de LALIGA. El partit podr\u00e0 es podr\u00e0 seguir en directe a trav\u00e9s de DAZN."}]}],"hero":{"id":"section-1","title":"El Villarreal s\u2019enfrontar\u00e0 a Real Madrid al Bernab\u00e9u i RC Celta en La Cer\u00e1mica respectivament","text":"El Villarreal s\u2019enfrontar\u00e0 a Real Madrid al Bernab\u00e9u i RC Celta en La Cer\u00e1mica respectivament LALIGA ha anunciat els horaris de les jornades 17 i 18 de la competici\u00f3 dom\u00e8stica. En la dessetena data del campionat de lliga el Villarreal CF viatjar\u00e0 a Madrid per a mesurar-se al Real Madrid en el Santiago Bernab\u00e9u el diumenge 17 de desembre a partir de les 21.00 hores. El partit es podr\u00e0 seguir en directe a trav\u00e9s de Movistar+. D\u2019altra banda, el Villarreal rebr\u00e0 al RC Celta el dimecres 20 de desembre, a partir de les 21.30 hores, en l\u2019Estadio de la Cer\u00e1mica en el partit corresponent a la jornada 18 de LALIGA. El partit podr\u00e0 es podr\u00e0 seguir en directe a trav\u00e9s de DAZN.","headings":[{"type":"heading","level":2,"text":"El Villarreal s\u2019enfrontar\u00e0 a Real Madrid al Bernab\u00e9u i RC Celta en La Cer\u00e1mica respectivament"}],"texts":[{"type":"paragraph","text":"LALIGA ha anunciat els horaris de les jornades 17 i 18 de la competici\u00f3 dom\u00e8stica. En la dessetena data del campionat de lliga el Villarreal CF viatjar\u00e0 a Madrid per a mesurar-se al Real Madrid en el Santiago Bernab\u00e9u el diumenge 17 de desembre a partir de les 21.00 hores. El partit es podr\u00e0 seguir en directe a trav\u00e9s de Movistar+."},{"type":"paragraph","text":"D\u2019altra banda, el Villarreal rebr\u00e0 al RC Celta el dimecres 20 de desembre, a partir de les 21.30 hores, en l\u2019Estadio de la Cer\u00e1mica en el partit corresponent a la jornada 18 de LALIGA. El partit podr\u00e0 es podr\u00e0 seguir en directe a trav\u00e9s de DAZN."}],"buttons":[],"images":[],"widgets":[],"blocks":[{"type":"heading","level":2,"text":"El Villarreal s\u2019enfrontar\u00e0 a Real Madrid al Bernab\u00e9u i RC Celta en La Cer\u00e1mica respectivament"},{"type":"paragraph","text":"LALIGA ha anunciat els horaris de les jornades 17 i 18 de la competici\u00f3 dom\u00e8stica. En la dessetena data del campionat de lliga el Villarreal CF viatjar\u00e0 a Madrid per a mesurar-se al Real Madrid en el Santiago Bernab\u00e9u el diumenge 17 de desembre a partir de les 21.00 hores. El partit es podr\u00e0 seguir en directe a trav\u00e9s de Movistar+."},{"type":"paragraph","text":"D\u2019altra banda, el Villarreal rebr\u00e0 al RC Celta el dimecres 20 de desembre, a partir de les 21.30 hores, en l\u2019Estadio de la Cer\u00e1mica en el partit corresponent a la jornada 18 de LALIGA. El partit podr\u00e0 es podr\u00e0 seguir en directe a trav\u00e9s de DAZN."}]}},"sections":[{"id":"section-1","title":"El Villarreal s\u2019enfrontar\u00e0 a Real Madrid al Bernab\u00e9u i RC Celta en La Cer\u00e1mica respectivament","text":"El Villarreal s\u2019enfrontar\u00e0 a Real Madrid al Bernab\u00e9u i RC Celta en La Cer\u00e1mica respectivament LALIGA ha anunciat els horaris de les jornades 17 i 18 de la competici\u00f3 dom\u00e8stica. En la dessetena data del campionat de lliga el Villarreal CF viatjar\u00e0 a Madrid per a mesurar-se al Real Madrid en el Santiago Bernab\u00e9u el diumenge 17 de desembre a partir de les 21.00 hores. El partit es podr\u00e0 seguir en directe a trav\u00e9s de Movistar+. D\u2019altra banda, el Villarreal rebr\u00e0 al RC Celta el dimecres 20 de desembre, a partir de les 21.30 hores, en l\u2019Estadio de la Cer\u00e1mica en el partit corresponent a la jornada 18 de LALIGA. El partit podr\u00e0 es podr\u00e0 seguir en directe a trav\u00e9s de DAZN.","url":"","background_image":"","images":[],"videos":[],"links":[]}]},"excerpt":{"rendered":"El Villarreal s&#8217;enfrontar\u00e0 a Real Madrid al Bernab\u00e9u i RC Celta en La Cer\u00e1mica respectivament","protected":false},"author":33,"featured_media":289426,"comment_status":"closed","ping_status":"closed","sticky":false,"template":"","format":"standard","meta":{"_acf_changed":false,"footnotes":""},"categories":[13493],"tags":[717,9270,9298,10381,9211,9278,13971,14000,716,9205,9627,9203],"acf":null,"lang":"val","translations":{"es":289410,"val":289429,"en":289434},"essential_grid":{"has_grid":false},"formatted_date":"November 17, 2023","modified_date":"November 17, 2023","permalink":"https:\/\/villarrealcf.es\/val\/horaris-de-les-jornades-17-i-18-de-laliga\/","reading_time":1,"featured_media_data":{"id":289426,"title":"VillarrealCF-DeportivoAlaves-127","caption":"","alt_text":"","description":"","mime_type":"image\/png","source_url":"https:\/\/villarrealcf.es\/wp-content\/uploads\/2023\/11\/VillarrealCF-DeportivoAlaves-127.png","sizes":{"thumbnail":{"url":"https:\/\/villarrealcf.es\/wp-content\/uploads\/2023\/11\/VillarrealCF-DeportivoAlaves-127-1920x1080.png","width":1920,"height":1080},"medium":{"url":"https:\/\/villarrealcf.es\/wp-content\/uploads\/2023\/11\/VillarrealCF-DeportivoAlaves-127-1920x1080.png","width":1920,"height":1080},"medium_large":{"url":"https:\/\/villarrealcf.es\/wp-content\/uploads\/2023\/11\/VillarrealCF-DeportivoAlaves-127-768x432.png","width":768,"height":432},"large":{"url":"https:\/\/villarrealcf.es\/wp-content\/uploads\/2023\/11\/VillarrealCF-DeportivoAlaves-127-1920x1080.png","width":788,"height":443},"1536x1536":{"url":"https:\/\/villarrealcf.es\/wp-content\/uploads\/2023\/11\/VillarrealCF-DeportivoAlaves-127-1536x864.png","width":1536,"height":864},"2048x2048":{"url":"https:\/\/villarrealcf.es\/wp-content\/uploads\/2023\/11\/VillarrealCF-DeportivoAlaves-127-2048x1152.png","width":2048,"height":1152},"tp-image-grid":{"url":"https:\/\/villarrealcf.es\/wp-content\/uploads\/2023\/11\/VillarrealCF-DeportivoAlaves-127-700x700.png","width":700,"height":700},"size-bunyad-medium":{"url":"https:\/\/villarrealcf.es\/wp-content\/uploads\/2023\/11\/VillarrealCF-DeportivoAlaves-127-1920x1080.png","width":1920,"height":1080},"sportspress-crop-medium":{"url":"https:\/\/villarrealcf.es\/wp-content\/uploads\/2023\/11\/VillarrealCF-DeportivoAlaves-127-300x300.png","width":300,"height":300},"sportspress-fit-medium":{"url":"https:\/\/villarrealcf.es\/wp-content\/uploads\/2023\/11\/VillarrealCF-DeportivoAlaves-127-300x169.png","width":300,"height":169},"sportspress-fit-icon":{"url":"https:\/\/villarrealcf.es\/wp-content\/uploads\/2023\/11\/VillarrealCF-DeportivoAlaves-127-128x72.png","width":128,"height":72},"sportspress-fit-mini":{"url":"https:\/\/villarrealcf.es\/wp-content\/uploads\/2023\/11\/VillarrealCF-DeportivoAlaves-127-32x18.png","width":32,"height":18},"bunyad-small":{"url":"https:\/\/villarrealcf.es\/wp-content\/uploads\/2023\/11\/VillarrealCF-DeportivoAlaves-127-150x84.png","width":150,"height":84},"bunyad-medium":{"url":"https:\/\/villarrealcf.es\/wp-content\/uploads\/2023\/11\/VillarrealCF-DeportivoAlaves-127-450x253.png","width":450,"height":253},"bunyad-full":{"url":"https:\/\/villarrealcf.es\/wp-content\/uploads\/2023\/11\/VillarrealCF-DeportivoAlaves-127-1200x675.png","width":1200,"height":675},"bunyad-viewport":{"url":"https:\/\/villarrealcf.es\/wp-content\/uploads\/2023\/11\/VillarrealCF-DeportivoAlaves-127-2048x1152.png","width":2048,"height":1152},"bunyad-768":{"url":"https:\/\/villarrealcf.es\/wp-content\/uploads\/2023\/11\/VillarrealCF-DeportivoAlaves-127-768x432.png","width":768,"height":432},"full":{"url":"https:\/\/villarrealcf.es\/wp-content\/uploads\/2023\/11\/VillarrealCF-DeportivoAlaves-127.png","width":2835,"height":1595}}},"author_data":{"id":"33","name":"Nacho Tejada","first_name":"Nacho","last_name":"Tejada","description":"","avatar_url":"https:\/\/secure.gravatar.com\/avatar\/b1580534b2fcd93e031504756165758941290488df5c88966a26f84344931fd1?s=96&d=mm&r=g","acf":null},"taxonomies_data":{"category":[{"id":13493,"name":"Primer equip","slug":"primer-equip","acf":null}],"post_tag":[{"id":717,"name":"Football","slug":"football-d34","acf":null},{"id":9270,"name":"Futbol","slug":"futbol-val","acf":null},{"id":9298,"name":"Horarios","slug":"horarios-val","acf":null},{"id":10381,"name":"Jornada 17","slug":"jornada-17-val","acf":null},{"id":9211,"name":"Jornada 18","slug":"jornada-18-val","acf":null},{"id":9278,"name":"primera division","slug":"primera-division-val","acf":null},{"id":13971,"name":"RC Celta","slug":"rc-celta-val","acf":null},{"id":14000,"name":"Real Madrid","slug":"real-madrid-2-val","acf":null},{"id":716,"name":"Soccer","slug":"soccer-d105","acf":null},{"id":9205,"name":"Submarino","slug":"submarino-val","acf":null},{"id":9627,"name":"Submarino Amarillo","slug":"submarino-amarillo-val","acf":null},{"id":9203,"name":"Villarreal CF","slug":"villarreal-cf-val","acf":null}],"translation_priority":[{"id":735,"name":"Optional","slug":"optional-val","acf":null}]},"seo_full":{"native":{"title":"Horaris de les jornades 17 i 18 de LALIGA - Web Oficial del Villarreal CF","description":"El Villarreal s'enfrontar\u00e0 a Real Madrid al Bernab\u00e9u i RC Celta en La Cer\u00e1mica respectivament","canonical":"https:\/\/villarrealcf.es\/val\/horaris-de-les-jornades-17-i-18-de-laliga\/"}},"_links":{"self":[{"href":"https:\/\/villarrealcf.es\/val\/wp-json\/wp\/v2\/posts\/289429","targetHints":{"allow":["GET"]}}],"collection":[{"href":"https:\/\/villarrealcf.es\/val\/wp-json\/wp\/v2\/posts"}],"about":[{"href":"https:\/\/villarrealcf.es\/val\/wp-json\/wp\/v2\/types\/post"}],"author":[{"embeddable":true,"href":"https:\/\/villarrealcf.es\/val\/wp-json\/wp\/v2\/users\/33"}],"replies":[{"embeddable":true,"href":"https:\/\/villarrealcf.es\/val\/wp-json\/wp\/v2\/comments?post=289429"}],"version-history":[{"count":0,"href":"https:\/\/villarrealcf.es\/val\/wp-json\/wp\/v2\/posts\/289429\/revisions"}],"wp:featuredmedia":[{"embeddable":true,"href":"https:\/\/villarrealcf.es\/val\/wp-json\/wp\/v2\/media\/289426"}],"wp:attachment":[{"href":"https:\/\/villarrealcf.es\/val\/wp-json\/wp\/v2\/media?parent=289429"}],"wp:term":[{"taxonomy":"category","embeddable":true,"href":"https:\/\/villarrealcf.es\/val\/wp-json\/wp\/v2\/categories?post=289429"},{"taxonomy":"post_tag","embeddable":true,"href":"https:\/\/villarrealcf.es\/val\/wp-json\/wp\/v2\/tags?post=289429"}],"curies":[{"name":"wp","href":"https:\/\/api.w.org\/{rel}","templated":true}]}}