{"id":288466,"date":"2023-11-12T20:29:55","date_gmt":"2023-11-12T19:29:55","guid":{"rendered":"https:\/\/villarrealcf.es\/tena-hemos-tenido-mucha-personalidad-y-estamos-orgullosos\/"},"modified":"2023-11-12T23:39:54","modified_gmt":"2023-11-12T22:39:54","slug":"tena-hem-tingut-molta-personalitat-i-estem-orgullosos","status":"publish","type":"post","link":"https:\/\/villarrealcf.es\/val\/tena-hem-tingut-molta-personalitat-i-estem-orgullosos\/","title":{"rendered":"Tena: \u201cHem tingut molta personalitat i estem orgullosos\u201d"},"content":{"protected":false,"blocks":[{"type":"heading","level":2,"text":"El t\u00e8cnic ha felicitat l\u2019equip pel seu esfor\u00e7 malgrat la derrota davant l\u2019Atl\u00e9tico de Madrid"},{"type":"paragraph","text":"Miguel \u00c1ngel Tena, entrenador inter\u00ed i actual director de futbol del Villarreal CF, ha comparegut davant els mitjans de comunicaci\u00f3 per a analitzar la derrota davant l\u2019Atl\u00e9tico de Madrid (3-1): \u201cEstem orgullosos del partit que hem fet. He felicitat els jugadors pel gran esfor\u00e7 que han fet. \u00c9s una pena que no h\u00e0gem pogut traure res positiu\u201d."},{"type":"paragraph","text":"Aix\u00ed mateix, Tena ha assenyalat que el Submar\u00ed ha mostrat personalitat en un dur escenari: \u201cHem tingut personalitat, mostrant la identitat del club i sent valents. Hem competit millor del que f\u00e9iem\u201d."},{"type":"paragraph","text":"En la mateixa l\u00ednia, el t\u00e8cnic ha lamentat les substitucions obligades de Sorloth i Yeremy: \u201cEren dos jugadors que reunien les condicions necess\u00e0ries per a fer-li mal a l\u2019Atl\u00e9tico de Madrid. Ens donaven eixa velocitat per a poder associar-nos i c\u00f3rrer a l\u2019espai. Quan hem fet els canvis, hem perdut eixa amena\u00e7a i l\u2019Atl\u00e9tico de Madrid ha pogut defensar m\u00e9s tranquil i, a poc a poc, anar guanyant-nos metres en el nostre propi camp\u201d."},{"type":"paragraph","text":"Pots tornar a veure la roda de premsa de Miguel \u00c1ngel Tena al complet en el seg\u00fcent v\u00eddeo:"},{"type":"video","kind":"iframe","url":"https:\/\/www.youtube.com\/embed\/oV_hjZlDmjk?feature=oembed","poster":""}],"structured":{"summary":{"text":"El t\u00e8cnic ha felicitat l\u2019equip pel seu esfor\u00e7 malgrat la derrota davant l\u2019Atl\u00e9tico de Madrid Miguel \u00c1ngel Tena, entrenador inter\u00ed i actual director de futbol del Villarreal CF, ha comparegut davant els mitjans de comunicaci\u00f3 per a analitzar la derrota davant l\u2019Atl\u00e9tico de Madrid (3-1): \u201cEstem orgullosos del partit que hem fet. He felicitat els jugadors pel gran esfor\u00e7 que han fet. \u00c9s una pena que no h\u00e0gem pogut traure res positiu\u201d. Aix\u00ed mateix, Tena ha assenyalat que el Submar\u00ed ha mostrat personalitat en un dur escenari: \u201cHem tingut personalitat, mostrant la identitat del club i sent valents. Hem competit millor del que f\u00e9iem\u201d. En la mateixa l\u00ednia, el t\u00e8cnic ha lamentat les substitucions obligades de Sorloth i Yeremy: \u201cEren dos jugadors que reunien les condicions necess\u00e0ries per a fer-li mal a l\u2019Atl\u00e9tico de Madrid. Ens donaven eixa velocitat per a poder associar-nos i c\u00f3rrer a l\u2019espai. Quan hem fet els canvis, hem perdut eixa amena\u00e7a i l\u2019Atl\u00e9tico de Madrid ha pogut defensar m\u00e9s tranquil i, a poc a poc, anar guanyant-nos metres en el nostre propi camp\u201d. Pots tornar a veure la roda de premsa de Miguel \u00c1ngel Tena al complet en el seg\u00fcent v\u00eddeo:","headings":[{"type":"heading","level":2,"text":"El t\u00e8cnic ha felicitat l\u2019equip pel seu esfor\u00e7 malgrat la derrota davant l\u2019Atl\u00e9tico de Madrid"}],"buttons":[],"images":[],"counts":{"blocks":6,"headings":1,"texts":4,"buttons":0,"images":0}},"sections":[{"id":"section-1","title":"El t\u00e8cnic ha felicitat l\u2019equip pel seu esfor\u00e7 malgrat la derrota davant l\u2019Atl\u00e9tico de Madrid","text":"El t\u00e8cnic ha felicitat l\u2019equip pel seu esfor\u00e7 malgrat la derrota davant l\u2019Atl\u00e9tico de Madrid Miguel \u00c1ngel Tena, entrenador inter\u00ed i actual director de futbol del Villarreal CF, ha comparegut davant els mitjans de comunicaci\u00f3 per a analitzar la derrota davant l\u2019Atl\u00e9tico de Madrid (3-1): \u201cEstem orgullosos del partit que hem fet. He felicitat els jugadors pel gran esfor\u00e7 que han fet. \u00c9s una pena que no h\u00e0gem pogut traure res positiu\u201d. Aix\u00ed mateix, Tena ha assenyalat que el Submar\u00ed ha mostrat personalitat en un dur escenari: \u201cHem tingut personalitat, mostrant la identitat del club i sent valents. Hem competit millor del que f\u00e9iem\u201d. En la mateixa l\u00ednia, el t\u00e8cnic ha lamentat les substitucions obligades de Sorloth i Yeremy: \u201cEren dos jugadors que reunien les condicions necess\u00e0ries per a fer-li mal a l\u2019Atl\u00e9tico de Madrid. Ens donaven eixa velocitat per a poder associar-nos i c\u00f3rrer a l\u2019espai. Quan hem fet els canvis, hem perdut eixa amena\u00e7a i l\u2019Atl\u00e9tico de Madrid ha pogut defensar m\u00e9s tranquil i, a poc a poc, anar guanyant-nos metres en el nostre propi camp\u201d. Pots tornar a veure la roda de premsa de Miguel \u00c1ngel Tena al complet en el seg\u00fcent v\u00eddeo:","headings":[{"type":"heading","level":2,"text":"El t\u00e8cnic ha felicitat l\u2019equip pel seu esfor\u00e7 malgrat la derrota davant l\u2019Atl\u00e9tico de Madrid"}],"texts":[{"type":"paragraph","text":"Miguel \u00c1ngel Tena, entrenador inter\u00ed i actual director de futbol del Villarreal CF, ha comparegut davant els mitjans de comunicaci\u00f3 per a analitzar la derrota davant l\u2019Atl\u00e9tico de Madrid (3-1): \u201cEstem orgullosos del partit que hem fet. He felicitat els jugadors pel gran esfor\u00e7 que han fet. \u00c9s una pena que no h\u00e0gem pogut traure res positiu\u201d."},{"type":"paragraph","text":"Aix\u00ed mateix, Tena ha assenyalat que el Submar\u00ed ha mostrat personalitat en un dur escenari: \u201cHem tingut personalitat, mostrant la identitat del club i sent valents. Hem competit millor del que f\u00e9iem\u201d."},{"type":"paragraph","text":"En la mateixa l\u00ednia, el t\u00e8cnic ha lamentat les substitucions obligades de Sorloth i Yeremy: \u201cEren dos jugadors que reunien les condicions necess\u00e0ries per a fer-li mal a l\u2019Atl\u00e9tico de Madrid. Ens donaven eixa velocitat per a poder associar-nos i c\u00f3rrer a l\u2019espai. Quan hem fet els canvis, hem perdut eixa amena\u00e7a i l\u2019Atl\u00e9tico de Madrid ha pogut defensar m\u00e9s tranquil i, a poc a poc, anar guanyant-nos metres en el nostre propi camp\u201d."},{"type":"paragraph","text":"Pots tornar a veure la roda de premsa de Miguel \u00c1ngel Tena al complet en el seg\u00fcent v\u00eddeo:"}],"buttons":[],"images":[],"widgets":[],"blocks":[{"type":"heading","level":2,"text":"El t\u00e8cnic ha felicitat l\u2019equip pel seu esfor\u00e7 malgrat la derrota davant l\u2019Atl\u00e9tico de Madrid"},{"type":"paragraph","text":"Miguel \u00c1ngel Tena, entrenador inter\u00ed i actual director de futbol del Villarreal CF, ha comparegut davant els mitjans de comunicaci\u00f3 per a analitzar la derrota davant l\u2019Atl\u00e9tico de Madrid (3-1): \u201cEstem orgullosos del partit que hem fet. He felicitat els jugadors pel gran esfor\u00e7 que han fet. \u00c9s una pena que no h\u00e0gem pogut traure res positiu\u201d."},{"type":"paragraph","text":"Aix\u00ed mateix, Tena ha assenyalat que el Submar\u00ed ha mostrat personalitat en un dur escenari: \u201cHem tingut personalitat, mostrant la identitat del club i sent valents. Hem competit millor del que f\u00e9iem\u201d."},{"type":"paragraph","text":"En la mateixa l\u00ednia, el t\u00e8cnic ha lamentat les substitucions obligades de Sorloth i Yeremy: \u201cEren dos jugadors que reunien les condicions necess\u00e0ries per a fer-li mal a l\u2019Atl\u00e9tico de Madrid. Ens donaven eixa velocitat per a poder associar-nos i c\u00f3rrer a l\u2019espai. Quan hem fet els canvis, hem perdut eixa amena\u00e7a i l\u2019Atl\u00e9tico de Madrid ha pogut defensar m\u00e9s tranquil i, a poc a poc, anar guanyant-nos metres en el nostre propi camp\u201d."},{"type":"paragraph","text":"Pots tornar a veure la roda de premsa de Miguel \u00c1ngel Tena al complet en el seg\u00fcent v\u00eddeo:"},{"type":"video","kind":"iframe","url":"https:\/\/www.youtube.com\/embed\/oV_hjZlDmjk?feature=oembed","poster":""}]}],"hero":{"id":"section-1","title":"El t\u00e8cnic ha felicitat l\u2019equip pel seu esfor\u00e7 malgrat la derrota davant l\u2019Atl\u00e9tico de Madrid","text":"El t\u00e8cnic ha felicitat l\u2019equip pel seu esfor\u00e7 malgrat la derrota davant l\u2019Atl\u00e9tico de Madrid Miguel \u00c1ngel Tena, entrenador inter\u00ed i actual director de futbol del Villarreal CF, ha comparegut davant els mitjans de comunicaci\u00f3 per a analitzar la derrota davant l\u2019Atl\u00e9tico de Madrid (3-1): \u201cEstem orgullosos del partit que hem fet. He felicitat els jugadors pel gran esfor\u00e7 que han fet. \u00c9s una pena que no h\u00e0gem pogut traure res positiu\u201d. Aix\u00ed mateix, Tena ha assenyalat que el Submar\u00ed ha mostrat personalitat en un dur escenari: \u201cHem tingut personalitat, mostrant la identitat del club i sent valents. Hem competit millor del que f\u00e9iem\u201d. En la mateixa l\u00ednia, el t\u00e8cnic ha lamentat les substitucions obligades de Sorloth i Yeremy: \u201cEren dos jugadors que reunien les condicions necess\u00e0ries per a fer-li mal a l\u2019Atl\u00e9tico de Madrid. Ens donaven eixa velocitat per a poder associar-nos i c\u00f3rrer a l\u2019espai. Quan hem fet els canvis, hem perdut eixa amena\u00e7a i l\u2019Atl\u00e9tico de Madrid ha pogut defensar m\u00e9s tranquil i, a poc a poc, anar guanyant-nos metres en el nostre propi camp\u201d. Pots tornar a veure la roda de premsa de Miguel \u00c1ngel Tena al complet en el seg\u00fcent v\u00eddeo:","headings":[{"type":"heading","level":2,"text":"El t\u00e8cnic ha felicitat l\u2019equip pel seu esfor\u00e7 malgrat la derrota davant l\u2019Atl\u00e9tico de Madrid"}],"texts":[{"type":"paragraph","text":"Miguel \u00c1ngel Tena, entrenador inter\u00ed i actual director de futbol del Villarreal CF, ha comparegut davant els mitjans de comunicaci\u00f3 per a analitzar la derrota davant l\u2019Atl\u00e9tico de Madrid (3-1): \u201cEstem orgullosos del partit que hem fet. He felicitat els jugadors pel gran esfor\u00e7 que han fet. \u00c9s una pena que no h\u00e0gem pogut traure res positiu\u201d."},{"type":"paragraph","text":"Aix\u00ed mateix, Tena ha assenyalat que el Submar\u00ed ha mostrat personalitat en un dur escenari: \u201cHem tingut personalitat, mostrant la identitat del club i sent valents. Hem competit millor del que f\u00e9iem\u201d."},{"type":"paragraph","text":"En la mateixa l\u00ednia, el t\u00e8cnic ha lamentat les substitucions obligades de Sorloth i Yeremy: \u201cEren dos jugadors que reunien les condicions necess\u00e0ries per a fer-li mal a l\u2019Atl\u00e9tico de Madrid. Ens donaven eixa velocitat per a poder associar-nos i c\u00f3rrer a l\u2019espai. Quan hem fet els canvis, hem perdut eixa amena\u00e7a i l\u2019Atl\u00e9tico de Madrid ha pogut defensar m\u00e9s tranquil i, a poc a poc, anar guanyant-nos metres en el nostre propi camp\u201d."},{"type":"paragraph","text":"Pots tornar a veure la roda de premsa de Miguel \u00c1ngel Tena al complet en el seg\u00fcent v\u00eddeo:"}],"buttons":[],"images":[],"widgets":[],"blocks":[{"type":"heading","level":2,"text":"El t\u00e8cnic ha felicitat l\u2019equip pel seu esfor\u00e7 malgrat la derrota davant l\u2019Atl\u00e9tico de Madrid"},{"type":"paragraph","text":"Miguel \u00c1ngel Tena, entrenador inter\u00ed i actual director de futbol del Villarreal CF, ha comparegut davant els mitjans de comunicaci\u00f3 per a analitzar la derrota davant l\u2019Atl\u00e9tico de Madrid (3-1): \u201cEstem orgullosos del partit que hem fet. He felicitat els jugadors pel gran esfor\u00e7 que han fet. \u00c9s una pena que no h\u00e0gem pogut traure res positiu\u201d."},{"type":"paragraph","text":"Aix\u00ed mateix, Tena ha assenyalat que el Submar\u00ed ha mostrat personalitat en un dur escenari: \u201cHem tingut personalitat, mostrant la identitat del club i sent valents. Hem competit millor del que f\u00e9iem\u201d."},{"type":"paragraph","text":"En la mateixa l\u00ednia, el t\u00e8cnic ha lamentat les substitucions obligades de Sorloth i Yeremy: \u201cEren dos jugadors que reunien les condicions necess\u00e0ries per a fer-li mal a l\u2019Atl\u00e9tico de Madrid. Ens donaven eixa velocitat per a poder associar-nos i c\u00f3rrer a l\u2019espai. Quan hem fet els canvis, hem perdut eixa amena\u00e7a i l\u2019Atl\u00e9tico de Madrid ha pogut defensar m\u00e9s tranquil i, a poc a poc, anar guanyant-nos metres en el nostre propi camp\u201d."},{"type":"paragraph","text":"Pots tornar a veure la roda de premsa de Miguel \u00c1ngel Tena al complet en el seg\u00fcent v\u00eddeo:"},{"type":"video","kind":"iframe","url":"https:\/\/www.youtube.com\/embed\/oV_hjZlDmjk?feature=oembed","poster":""}]}},"sections":[{"id":"section-1","title":"El t\u00e8cnic ha felicitat l\u2019equip pel seu esfor\u00e7 malgrat la derrota davant l\u2019Atl\u00e9tico de Madrid","text":"El t\u00e8cnic ha felicitat l\u2019equip pel seu esfor\u00e7 malgrat la derrota davant l\u2019Atl\u00e9tico de Madrid Miguel \u00c1ngel Tena, entrenador inter\u00ed i actual director de futbol del Villarreal CF, ha comparegut davant els mitjans de comunicaci\u00f3 per a analitzar la derrota davant l\u2019Atl\u00e9tico de Madrid (3-1): \u201cEstem orgullosos del partit que hem fet. He felicitat els jugadors pel gran esfor\u00e7 que han fet. \u00c9s una pena que no h\u00e0gem pogut traure res positiu\u201d. Aix\u00ed mateix, Tena ha assenyalat que el Submar\u00ed ha mostrat personalitat en un dur escenari: \u201cHem tingut personalitat, mostrant la identitat del club i sent valents. Hem competit millor del que f\u00e9iem\u201d. En la mateixa l\u00ednia, el t\u00e8cnic ha lamentat les substitucions obligades de Sorloth i Yeremy: \u201cEren dos jugadors que reunien les condicions necess\u00e0ries per a fer-li mal a l\u2019Atl\u00e9tico de Madrid. Ens donaven eixa velocitat per a poder associar-nos i c\u00f3rrer a l\u2019espai. Quan hem fet els canvis, hem perdut eixa amena\u00e7a i l\u2019Atl\u00e9tico de Madrid ha pogut defensar m\u00e9s tranquil i, a poc a poc, anar guanyant-nos metres en el nostre propi camp\u201d. Pots tornar a veure la roda de premsa de Miguel \u00c1ngel Tena al complet en el seg\u00fcent v\u00eddeo:","url":"","background_image":"","images":[],"videos":[{"type":"video","kind":"iframe","url":"https:\/\/www.youtube.com\/embed\/oV_hjZlDmjk?feature=oembed","poster":""}],"links":[]}]},"excerpt":{"rendered":"El t\u00e8cnic ha felicitat l&#8217;equip pel seu esfor\u00e7 malgrat la derrota davant l&#8217;Atl\u00e9tico de Madrid","protected":false},"author":25,"featured_media":288460,"comment_status":"closed","ping_status":"closed","sticky":false,"template":"","format":"standard","meta":{"_acf_changed":false,"footnotes":""},"categories":[13493],"tags":[9529,15130,717,9270,10366,11042,15184,9278,9680,716,9205,9627,9203],"acf":null,"lang":"val","translations":{"es":288434,"val":288466,"en":288469},"essential_grid":{"has_grid":false},"formatted_date":"November 12, 2023","modified_date":"November 12, 2023","permalink":"https:\/\/villarrealcf.es\/val\/tena-hem-tingut-molta-personalitat-i-estem-orgullosos\/","reading_time":2,"featured_media_data":{"id":288460,"title":"AtleticoMadrid-VillarrealCF-057","caption":"","alt_text":"","description":"","mime_type":"image\/jpeg","source_url":"https:\/\/villarrealcf.es\/wp-content\/uploads\/2023\/11\/AtleticoMadrid-VillarrealCF-057.jpg","sizes":{"thumbnail":{"url":"https:\/\/villarrealcf.es\/wp-content\/uploads\/2023\/11\/AtleticoMadrid-VillarrealCF-057-1920x1080.jpg","width":1920,"height":1080},"medium":{"url":"https:\/\/villarrealcf.es\/wp-content\/uploads\/2023\/11\/AtleticoMadrid-VillarrealCF-057-1920x1080.jpg","width":1920,"height":1080},"medium_large":{"url":"https:\/\/villarrealcf.es\/wp-content\/uploads\/2023\/11\/AtleticoMadrid-VillarrealCF-057-768x432.jpg","width":768,"height":432},"large":{"url":"https:\/\/villarrealcf.es\/wp-content\/uploads\/2023\/11\/AtleticoMadrid-VillarrealCF-057-1920x1080.jpg","width":788,"height":443},"1536x1536":{"url":"https:\/\/villarrealcf.es\/wp-content\/uploads\/2023\/11\/AtleticoMadrid-VillarrealCF-057-1536x864.jpg","width":1536,"height":864},"2048x2048":{"url":"https:\/\/villarrealcf.es\/wp-content\/uploads\/2023\/11\/AtleticoMadrid-VillarrealCF-057-2048x1152.jpg","width":2048,"height":1152},"tp-image-grid":{"url":"https:\/\/villarrealcf.es\/wp-content\/uploads\/2023\/11\/AtleticoMadrid-VillarrealCF-057-700x700.jpg","width":700,"height":700},"size-bunyad-medium":{"url":"https:\/\/villarrealcf.es\/wp-content\/uploads\/2023\/11\/AtleticoMadrid-VillarrealCF-057-1920x1080.jpg","width":1920,"height":1080},"sportspress-crop-medium":{"url":"https:\/\/villarrealcf.es\/wp-content\/uploads\/2023\/11\/AtleticoMadrid-VillarrealCF-057-300x300.jpg","width":300,"height":300},"sportspress-fit-medium":{"url":"https:\/\/villarrealcf.es\/wp-content\/uploads\/2023\/11\/AtleticoMadrid-VillarrealCF-057-300x169.jpg","width":300,"height":169},"sportspress-fit-icon":{"url":"https:\/\/villarrealcf.es\/wp-content\/uploads\/2023\/11\/AtleticoMadrid-VillarrealCF-057-128x72.jpg","width":128,"height":72},"sportspress-fit-mini":{"url":"https:\/\/villarrealcf.es\/wp-content\/uploads\/2023\/11\/AtleticoMadrid-VillarrealCF-057-32x18.jpg","width":32,"height":18},"bunyad-small":{"url":"https:\/\/villarrealcf.es\/wp-content\/uploads\/2023\/11\/AtleticoMadrid-VillarrealCF-057-150x84.jpg","width":150,"height":84},"bunyad-medium":{"url":"https:\/\/villarrealcf.es\/wp-content\/uploads\/2023\/11\/AtleticoMadrid-VillarrealCF-057-450x253.jpg","width":450,"height":253},"bunyad-full":{"url":"https:\/\/villarrealcf.es\/wp-content\/uploads\/2023\/11\/AtleticoMadrid-VillarrealCF-057-1200x675.jpg","width":1200,"height":675},"bunyad-viewport":{"url":"https:\/\/villarrealcf.es\/wp-content\/uploads\/2023\/11\/AtleticoMadrid-VillarrealCF-057-2048x1152.jpg","width":2048,"height":1152},"bunyad-768":{"url":"https:\/\/villarrealcf.es\/wp-content\/uploads\/2023\/11\/AtleticoMadrid-VillarrealCF-057-768x432.jpg","width":768,"height":432},"full":{"url":"https:\/\/villarrealcf.es\/wp-content\/uploads\/2023\/11\/AtleticoMadrid-VillarrealCF-057.jpg","width":2249,"height":1265}}},"author_data":{"id":"25","name":"Javier Ayuso","first_name":"Javier","last_name":"Ayuso","description":"","avatar_url":"https:\/\/secure.gravatar.com\/avatar\/fcf8894be45988fcce5bbff0efe1790d2a7f4ba57e2c7c898f5068154e696495?s=96&d=mm&r=g","acf":null},"taxonomies_data":{"category":[{"id":13493,"name":"Primer equip","slug":"primer-equip","acf":null}],"post_tag":[{"id":9529,"name":"Atl\u00e9tico de Madrid","slug":"atletico-de-madrid-val","acf":null},{"id":15130,"name":"C\u00edvitas Metropolitano","slug":"civitas-metropolitano-2-val","acf":null},{"id":717,"name":"Football","slug":"football-d34","acf":null},{"id":9270,"name":"Futbol","slug":"futbol-val","acf":null},{"id":10366,"name":"Jornada 14","slug":"jornada-14-val","acf":null},{"id":11042,"name":"LaLiga","slug":"laliga-val","acf":null},{"id":15184,"name":"Miguel \u00c1ngel Tena","slug":"miguel-angel-tena-2-val","acf":null},{"id":9278,"name":"primera division","slug":"primera-division-val","acf":null},{"id":9680,"name":"Rueda de prensa","slug":"rueda-de-prensa-val","acf":null},{"id":716,"name":"Soccer","slug":"soccer-d105","acf":null},{"id":9205,"name":"Submarino","slug":"submarino-val","acf":null},{"id":9627,"name":"Submarino Amarillo","slug":"submarino-amarillo-val","acf":null},{"id":9203,"name":"Villarreal CF","slug":"villarreal-cf-val","acf":null}],"translation_priority":[{"id":735,"name":"Optional","slug":"optional-val","acf":null}]},"seo_full":{"native":{"title":"Tena: \u201cHem tingut molta personalitat i estem orgullosos\u201d - Web Oficial del Villarreal CF","description":"El t\u00e8cnic ha felicitat l'equip pel seu esfor\u00e7 malgrat la derrota davant l'Atl\u00e9tico de Madrid","canonical":"https:\/\/villarrealcf.es\/val\/tena-hem-tingut-molta-personalitat-i-estem-orgullosos\/"}},"_links":{"self":[{"href":"https:\/\/villarrealcf.es\/val\/wp-json\/wp\/v2\/posts\/288466","targetHints":{"allow":["GET"]}}],"collection":[{"href":"https:\/\/villarrealcf.es\/val\/wp-json\/wp\/v2\/posts"}],"about":[{"href":"https:\/\/villarrealcf.es\/val\/wp-json\/wp\/v2\/types\/post"}],"author":[{"embeddable":true,"href":"https:\/\/villarrealcf.es\/val\/wp-json\/wp\/v2\/users\/25"}],"replies":[{"embeddable":true,"href":"https:\/\/villarrealcf.es\/val\/wp-json\/wp\/v2\/comments?post=288466"}],"version-history":[{"count":0,"href":"https:\/\/villarrealcf.es\/val\/wp-json\/wp\/v2\/posts\/288466\/revisions"}],"wp:featuredmedia":[{"embeddable":true,"href":"https:\/\/villarrealcf.es\/val\/wp-json\/wp\/v2\/media\/288460"}],"wp:attachment":[{"href":"https:\/\/villarrealcf.es\/val\/wp-json\/wp\/v2\/media?parent=288466"}],"wp:term":[{"taxonomy":"category","embeddable":true,"href":"https:\/\/villarrealcf.es\/val\/wp-json\/wp\/v2\/categories?post=288466"},{"taxonomy":"post_tag","embeddable":true,"href":"https:\/\/villarrealcf.es\/val\/wp-json\/wp\/v2\/tags?post=288466"}],"curies":[{"name":"wp","href":"https:\/\/api.w.org\/{rel}","templated":true}]}}