{"id":288015,"date":"2023-11-07T16:54:22","date_gmt":"2023-11-07T15:54:22","guid":{"rendered":"https:\/\/villarrealcf.es\/el-villarreal-b-comienza-una-nueva-andadura-con-endavant-igualtat\/"},"modified":"2023-11-08T17:47:56","modified_gmt":"2023-11-08T16:47:56","slug":"el-villarreal-b-comenca-una-nova-marxa-amb-endavant-igualtat","status":"publish","type":"post","link":"https:\/\/villarrealcf.es\/val\/el-villarreal-b-comenca-una-nova-marxa-amb-endavant-igualtat\/","title":{"rendered":"El Villarreal B comen\u00e7a una nova marxa amb Endavant Igualtat"},"content":{"protected":false,"blocks":[{"type":"heading","level":2,"text":"El filial groguet va compartir la seua primera jornada de la temporada amb la Fundaci\u00f3 S\u00edndrome de Down"},{"type":"paragraph","text":"El Villarreal B ha sigut un dels primers equips del Submar\u00ed a inaugurar la temporada d\u2019Endavant Igualtat 2023\/24! El conjunt dirigit per Miguel \u00c1lvarez, igual que durant la campanya passada, segueix involucrat en esta particular branca del programa de Responsabilitat Social Corporativa de l\u2019entitat groga com un equip m\u00e9s de la base malgrat haver ascendit al futbol professional."},{"type":"paragraph","text":"Els companys de viatge del Mini Submar\u00ed durant tota la temporada seran els usuaris de la Fundaci\u00f3 S\u00edndrome de Down de Castell\u00f3, que l\u2019any passat van conviure amb les futbolistes del Femen\u00ed i que van compartir una primera jornada amb els seus \u00eddols en l\u2019Ermita de Vila-real. \u201cEls meus jugadors favorits del B s\u00f3n Jorge Pascual, que ja va marcar gol amb el primer equip, i Ontiveros. M\u2019agraden els jugadors que fan molts gols\u201d, compte Paco Navarro, usuari de la Fundaci\u00f3 i jugador del Villarreal EDI."},{"type":"paragraph","text":"Tal com explica el mateix Paco, emocionat per con\u00e9ixer a Ontiveros, ja coneixia a alguns dels talents del filial groguet: \u201c\u00c9s la primera vegada que estic amb Ontiveros, per\u00f2 havia coincidit amb molts, com Rodri, de quan estaven en el Juvenil\u201d. El migcampista castellonenc Rodri Alonso ho corrobora: \u201cJa coincidim la temporada de Juvenil A, conec a molts d\u2019ells i ja sabem el b\u00e9 que ho passarem\u201d."},{"type":"paragraph","text":"I \u00e9s que alguns dels jugadors del Villarreal B porten molts anys participant en la meravellosa iniciativa del projecte Endavant, com el davanter granad\u00ed Diego Collado, des dels 13 anys en la resid\u00e8ncia de Miralcamp. \u201cPorte 11 anys fent aix\u00f2 i hui hem vingut per a con\u00e9ixer-nos i reunir-nos en grups per a con\u00e9ixer-nos i saber a qu\u00e8 ens dediquem. Ha sigut una presa de contacte per al que ve durant tot l\u2019any\u201d, dona a con\u00e9ixer Collado."},{"type":"paragraph","text":"L\u2019ariet del Mini Submar\u00ed, que ja ha tingut els seus minuts amb el primer equip en diversos partits, coincideix amb el seu company Rodri: \u201cA molts els conec d\u2019anys arrere que ja vaig treballar amb ells. S\u00f3n molt extravertits. S\u00f3n grans persones, parlen un munt i estic content per ells\u201d. S\u00f3n molts els jugadors dels diferents equips de la Cantera Grogueta que creuen que estes trobades s\u00f3n molt profitosos per a veure altres realitats, com comentava la temporada passada Iker \u00c1lvarez en una jornada amb els usuaris de CRIS La Vall, un centre de rehabilitaci\u00f3 i integraci\u00f3 social. Alguna cosa que tamb\u00e9 comparteix Rodri Alonso: \u201cCom cada any, aix\u00f2 \u00e9s un proc\u00e9s que ens fa cr\u00e9ixer molt com a persones, ens enriqueix i estem molt agra\u00efts perqu\u00e8 ho passem molt b\u00e9\u201d."},{"type":"paragraph","text":"I per descomptat, tamb\u00e9 ajuden, i molt, als membres de les diferents fundacions i associacions d\u2019Endavant Igualtat, que gaudeixen de les seues trobades amb els joves esportistes i i fins i tot solen anar a veure els partits de l\u2019equip amb el qual conviuen cada temporada. \u201cHan vingut a veure\u2019ns molt. Molts s\u00f3n seguidors del Villarreal\u201d, recorda Collado. El fet d\u2019interactuar amb ells de manera natural els il\u00b7lusiona. \u201cHem estat parlant amb ells i m\u2019han preguntat en quina posici\u00f3 jugue, per\u00f2 els meus entrenadors em posen de diverses\u201d, diu Paco Navarro."},{"type":"paragraph","text":"El projecte Endavant Igualtat 23\/24 va donar la benvinguda a les associacions en una jornada d\u2019inauguraci\u00f3 en l\u2019Estadio de la Cer\u00e0mica el passat 28 de setembre. L\u2019esdeveniment va comen\u00e7ar amb un xicotet aperitiu en el Restaurant El Ceramista, on es van retrobar vells amics d\u2019equips i associacions. M\u00e9s tard, el nodrit grup de jugadors i usuaris es van despla\u00e7ar fins a la remodelada sala de premsa, on el director de futbol del Villarreal, Miguel \u00c1ngel Tena, el porter del filial, Iker \u00c1lvarez, la responsable de la iniciativa, Paloma Mas\u00f3, i el mateix Paco Navarro, usuari de Down Castell\u00f3 i jugador de l\u2019EDI, van presentar les novetats del projecte. Una d\u2019elles \u00e9s la inclusi\u00f3 del Femen\u00ed B i de dos alevins de segon any, entrant per primera vegada equips de Futbol 8 en el projecte."},{"type":"video","kind":"iframe","url":"https:\/\/www.youtube.com\/embed\/dGMMnZRuM94?feature=oembed","poster":""}],"structured":{"summary":{"text":"El filial groguet va compartir la seua primera jornada de la temporada amb la Fundaci\u00f3 S\u00edndrome de Down El Villarreal B ha sigut un dels primers equips del Submar\u00ed a inaugurar la temporada d\u2019Endavant Igualtat 2023\/24! El conjunt dirigit per Miguel \u00c1lvarez, igual que durant la campanya passada, segueix involucrat en esta particular branca del programa de Responsabilitat Social Corporativa de l\u2019entitat groga com un equip m\u00e9s de la base malgrat haver ascendit al futbol professional. Els companys de viatge del Mini Submar\u00ed durant tota la temporada seran els usuaris de la Fundaci\u00f3 S\u00edndrome de Down de Castell\u00f3, que l\u2019any passat van conviure amb les futbolistes del Femen\u00ed i que van compartir una primera jornada amb els seus \u00eddols en l\u2019Ermita de Vila-real. \u201cEls meus jugadors favorits del B s\u00f3n Jorge Pascual, que ja va marcar gol amb el primer equip, i Ontiveros. M\u2019agraden els jugadors que fan molts gols\u201d, compte Paco Navarro, usuari de la Fundaci\u00f3 i jugador del Villarreal EDI. Tal com explica el mateix Paco, emocionat per con\u00e9ixer a Ontiveros, ja coneixia a alguns dels talents del filial groguet: \u201c\u00c9s la primera vegada que estic amb Ontiveros, per\u00f2 havia coincidit amb molts, com Rodri, de quan estaven en el Juvenil\u201d. El migcampista castellonenc Rodri Alonso ho corrobora: \u201cJa coincidim la temporada de Juvenil A, conec a molts d\u2019ells i ja sabem el b\u00e9 que ho passarem\u201d. I \u00e9s que alguns dels jugadors del Villarreal B porten molts anys participant en la meravellosa iniciativa del projecte Endavant, com el davanter granad\u00ed Diego Collado, des dels 13 anys en la resid\u00e8ncia de Miralcamp. \u201cPorte 11 anys fent aix\u00f2 i hui hem vingut per a con\u00e9ixer-nos i reunir-nos en grups per a con\u00e9ixer-nos i saber a qu\u00e8 ens dediquem. Ha sigut una presa de contacte per al que ve durant tot l\u2019any\u201d, dona a con\u00e9ixer Collado. L\u2019ariet del Mini Submar\u00ed, que ja ha tingut els seus minuts amb el primer equip en diversos partits, coincideix amb el seu company Rodri: \u201cA molts els conec d\u2019anys arrere que ja vaig treballar amb ells. S\u00f3n molt extravertits. S\u00f3n grans persones, parlen un munt i estic content per ells\u201d. S\u00f3n molts els jugadors dels diferents equips de la Cantera Grogueta que creuen que estes trobades s\u00f3n molt profitosos per a veure altres realitats, com comentava la temporada passada Iker \u00c1lvarez en una jornada amb els usuaris de CRIS La Vall, un centre de rehabilitaci\u00f3 i integraci\u00f3 social. Alguna cosa que tamb\u00e9 comparteix Rodri Alonso: \u201cCom cada any, aix\u00f2 \u00e9s un proc\u00e9s que ens fa cr\u00e9ixer molt com a persones, ens enriqueix i estem molt agra\u00efts perqu\u00e8 ho passem molt b\u00e9\u201d. I per descomptat, tamb\u00e9 ajuden, i molt, als membres de les diferents fundacions i associacions d\u2019Endavant Igualtat, que gaudeixen de les seues trobades amb els joves esportistes i i fins i tot solen anar a veure els partits de l\u2019equip amb el qual conviuen cada temporada. \u201cHan vingut a veure\u2019ns molt. Molts s\u00f3n seguidors del Villarreal\u201d, recorda Collado. El fet d\u2019interactuar amb ells de manera natural els il\u00b7lusiona. \u201cHem estat parlant amb ells i m\u2019han preguntat en quina posici\u00f3 jugue, per\u00f2 els meus entrenadors em posen de diverses\u201d, diu Paco Navarro. El projecte Endavant Igualtat 23\/24 va donar la benvinguda a les associacions en una jornada d\u2019inauguraci\u00f3 en l\u2019Estadio de la Cer\u00e0mica el passat 28 de setembre. L\u2019esdeveniment va comen\u00e7ar amb un xicotet aperitiu en el Restaurant El Ceramista, on es van retrobar vells amics d\u2019equips i associacions. M\u00e9s tard, el nodrit grup de jugadors i usuaris es van despla\u00e7ar fins a la remodelada sala de premsa, on el director de futbol del Villarreal, Miguel \u00c1ngel Tena, el porter del filial, Iker \u00c1lvarez, la responsable de la iniciativa, Paloma Mas\u00f3, i el mateix Paco Navarro, usuari de Down Castell\u00f3 i jugador de l\u2019EDI, van presentar les novetats del projecte. Una d\u2019elles \u00e9s la inclusi\u00f3 del Femen\u00ed B i de dos alevins de segon any, entrant per primera vegada equips de Futbol 8 en el projecte.","headings":[{"type":"heading","level":2,"text":"El filial groguet va compartir la seua primera jornada de la temporada amb la Fundaci\u00f3 S\u00edndrome de Down"}],"buttons":[],"images":[],"counts":{"blocks":9,"headings":1,"texts":7,"buttons":0,"images":0}},"sections":[{"id":"section-1","title":"El filial groguet va compartir la seua primera jornada de la temporada amb la Fundaci\u00f3 S\u00edndrome de Down","text":"El filial groguet va compartir la seua primera jornada de la temporada amb la Fundaci\u00f3 S\u00edndrome de Down El Villarreal B ha sigut un dels primers equips del Submar\u00ed a inaugurar la temporada d\u2019Endavant Igualtat 2023\/24! El conjunt dirigit per Miguel \u00c1lvarez, igual que durant la campanya passada, segueix involucrat en esta particular branca del programa de Responsabilitat Social Corporativa de l\u2019entitat groga com un equip m\u00e9s de la base malgrat haver ascendit al futbol professional. Els companys de viatge del Mini Submar\u00ed durant tota la temporada seran els usuaris de la Fundaci\u00f3 S\u00edndrome de Down de Castell\u00f3, que l\u2019any passat van conviure amb les futbolistes del Femen\u00ed i que van compartir una primera jornada amb els seus \u00eddols en l\u2019Ermita de Vila-real. \u201cEls meus jugadors favorits del B s\u00f3n Jorge Pascual, que ja va marcar gol amb el primer equip, i Ontiveros. M\u2019agraden els jugadors que fan molts gols\u201d, compte Paco Navarro, usuari de la Fundaci\u00f3 i jugador del Villarreal EDI. Tal com explica el mateix Paco, emocionat per con\u00e9ixer a Ontiveros, ja coneixia a alguns dels talents del filial groguet: \u201c\u00c9s la primera vegada que estic amb Ontiveros, per\u00f2 havia coincidit amb molts, com Rodri, de quan estaven en el Juvenil\u201d. El migcampista castellonenc Rodri Alonso ho corrobora: \u201cJa coincidim la temporada de Juvenil A, conec a molts d\u2019ells i ja sabem el b\u00e9 que ho passarem\u201d. I \u00e9s que alguns dels jugadors del Villarreal B porten molts anys participant en la meravellosa iniciativa del projecte Endavant, com el davanter granad\u00ed Diego Collado, des dels 13 anys en la resid\u00e8ncia de Miralcamp. \u201cPorte 11 anys fent aix\u00f2 i hui hem vingut per a con\u00e9ixer-nos i reunir-nos en grups per a con\u00e9ixer-nos i saber a qu\u00e8 ens dediquem. Ha sigut una presa de contacte per al que ve durant tot l\u2019any\u201d, dona a con\u00e9ixer Collado. L\u2019ariet del Mini Submar\u00ed, que ja ha tingut els seus minuts amb el primer equip en diversos partits, coincideix amb el seu company Rodri: \u201cA molts els conec d\u2019anys arrere que ja vaig treballar amb ells. S\u00f3n molt extravertits. S\u00f3n grans persones, parlen un munt i estic content per ells\u201d. S\u00f3n molts els jugadors dels diferents equips de la Cantera Grogueta que creuen que estes trobades s\u00f3n molt profitosos per a veure altres realitats, com comentava la temporada passada Iker \u00c1lvarez en una jornada amb els usuaris de CRIS La Vall, un centre de rehabilitaci\u00f3 i integraci\u00f3 social. Alguna cosa que tamb\u00e9 comparteix Rodri Alonso: \u201cCom cada any, aix\u00f2 \u00e9s un proc\u00e9s que ens fa cr\u00e9ixer molt com a persones, ens enriqueix i estem molt agra\u00efts perqu\u00e8 ho passem molt b\u00e9\u201d. I per descomptat, tamb\u00e9 ajuden, i molt, als membres de les diferents fundacions i associacions d\u2019Endavant Igualtat, que gaudeixen de les seues trobades amb els joves esportistes i i fins i tot solen anar a veure els partits de l\u2019equip amb el qual conviuen cada temporada. \u201cHan vingut a veure\u2019ns molt. Molts s\u00f3n seguidors del Villarreal\u201d, recorda Collado. El fet d\u2019interactuar amb ells de manera natural els il\u00b7lusiona. \u201cHem estat parlant amb ells i m\u2019han preguntat en quina posici\u00f3 jugue, per\u00f2 els meus entrenadors em posen de diverses\u201d, diu Paco Navarro. El projecte Endavant Igualtat 23\/24 va donar la benvinguda a les associacions en una jornada d\u2019inauguraci\u00f3 en l\u2019Estadio de la Cer\u00e0mica el passat 28 de setembre. L\u2019esdeveniment va comen\u00e7ar amb un xicotet aperitiu en el Restaurant El Ceramista, on es van retrobar vells amics d\u2019equips i associacions. M\u00e9s tard, el nodrit grup de jugadors i usuaris es van despla\u00e7ar fins a la remodelada sala de premsa, on el director de futbol del Villarreal, Miguel \u00c1ngel Tena, el porter del filial, Iker \u00c1lvarez, la responsable de la iniciativa, Paloma Mas\u00f3, i el mateix Paco Navarro, usuari de Down Castell\u00f3 i jugador de l\u2019EDI, van presentar les novetats del projecte. Una d\u2019elles \u00e9s la inclusi\u00f3 del Femen\u00ed B i de dos alevins de segon any, entrant per primera vegada equips de Futbol 8 en el projecte.","headings":[{"type":"heading","level":2,"text":"El filial groguet va compartir la seua primera jornada de la temporada amb la Fundaci\u00f3 S\u00edndrome de Down"}],"texts":[{"type":"paragraph","text":"El Villarreal B ha sigut un dels primers equips del Submar\u00ed a inaugurar la temporada d\u2019Endavant Igualtat 2023\/24! El conjunt dirigit per Miguel \u00c1lvarez, igual que durant la campanya passada, segueix involucrat en esta particular branca del programa de Responsabilitat Social Corporativa de l\u2019entitat groga com un equip m\u00e9s de la base malgrat haver ascendit al futbol professional."},{"type":"paragraph","text":"Els companys de viatge del Mini Submar\u00ed durant tota la temporada seran els usuaris de la Fundaci\u00f3 S\u00edndrome de Down de Castell\u00f3, que l\u2019any passat van conviure amb les futbolistes del Femen\u00ed i que van compartir una primera jornada amb els seus \u00eddols en l\u2019Ermita de Vila-real. \u201cEls meus jugadors favorits del B s\u00f3n Jorge Pascual, que ja va marcar gol amb el primer equip, i Ontiveros. M\u2019agraden els jugadors que fan molts gols\u201d, compte Paco Navarro, usuari de la Fundaci\u00f3 i jugador del Villarreal EDI."},{"type":"paragraph","text":"Tal com explica el mateix Paco, emocionat per con\u00e9ixer a Ontiveros, ja coneixia a alguns dels talents del filial groguet: \u201c\u00c9s la primera vegada que estic amb Ontiveros, per\u00f2 havia coincidit amb molts, com Rodri, de quan estaven en el Juvenil\u201d. El migcampista castellonenc Rodri Alonso ho corrobora: \u201cJa coincidim la temporada de Juvenil A, conec a molts d\u2019ells i ja sabem el b\u00e9 que ho passarem\u201d."},{"type":"paragraph","text":"I \u00e9s que alguns dels jugadors del Villarreal B porten molts anys participant en la meravellosa iniciativa del projecte Endavant, com el davanter granad\u00ed Diego Collado, des dels 13 anys en la resid\u00e8ncia de Miralcamp. \u201cPorte 11 anys fent aix\u00f2 i hui hem vingut per a con\u00e9ixer-nos i reunir-nos en grups per a con\u00e9ixer-nos i saber a qu\u00e8 ens dediquem. Ha sigut una presa de contacte per al que ve durant tot l\u2019any\u201d, dona a con\u00e9ixer Collado."},{"type":"paragraph","text":"L\u2019ariet del Mini Submar\u00ed, que ja ha tingut els seus minuts amb el primer equip en diversos partits, coincideix amb el seu company Rodri: \u201cA molts els conec d\u2019anys arrere que ja vaig treballar amb ells. S\u00f3n molt extravertits. S\u00f3n grans persones, parlen un munt i estic content per ells\u201d. S\u00f3n molts els jugadors dels diferents equips de la Cantera Grogueta que creuen que estes trobades s\u00f3n molt profitosos per a veure altres realitats, com comentava la temporada passada Iker \u00c1lvarez en una jornada amb els usuaris de CRIS La Vall, un centre de rehabilitaci\u00f3 i integraci\u00f3 social. Alguna cosa que tamb\u00e9 comparteix Rodri Alonso: \u201cCom cada any, aix\u00f2 \u00e9s un proc\u00e9s que ens fa cr\u00e9ixer molt com a persones, ens enriqueix i estem molt agra\u00efts perqu\u00e8 ho passem molt b\u00e9\u201d."},{"type":"paragraph","text":"I per descomptat, tamb\u00e9 ajuden, i molt, als membres de les diferents fundacions i associacions d\u2019Endavant Igualtat, que gaudeixen de les seues trobades amb els joves esportistes i i fins i tot solen anar a veure els partits de l\u2019equip amb el qual conviuen cada temporada. \u201cHan vingut a veure\u2019ns molt. Molts s\u00f3n seguidors del Villarreal\u201d, recorda Collado. El fet d\u2019interactuar amb ells de manera natural els il\u00b7lusiona. \u201cHem estat parlant amb ells i m\u2019han preguntat en quina posici\u00f3 jugue, per\u00f2 els meus entrenadors em posen de diverses\u201d, diu Paco Navarro."},{"type":"paragraph","text":"El projecte Endavant Igualtat 23\/24 va donar la benvinguda a les associacions en una jornada d\u2019inauguraci\u00f3 en l\u2019Estadio de la Cer\u00e0mica el passat 28 de setembre. L\u2019esdeveniment va comen\u00e7ar amb un xicotet aperitiu en el Restaurant El Ceramista, on es van retrobar vells amics d\u2019equips i associacions. M\u00e9s tard, el nodrit grup de jugadors i usuaris es van despla\u00e7ar fins a la remodelada sala de premsa, on el director de futbol del Villarreal, Miguel \u00c1ngel Tena, el porter del filial, Iker \u00c1lvarez, la responsable de la iniciativa, Paloma Mas\u00f3, i el mateix Paco Navarro, usuari de Down Castell\u00f3 i jugador de l\u2019EDI, van presentar les novetats del projecte. Una d\u2019elles \u00e9s la inclusi\u00f3 del Femen\u00ed B i de dos alevins de segon any, entrant per primera vegada equips de Futbol 8 en el projecte."}],"buttons":[],"images":[],"widgets":[],"blocks":[{"type":"heading","level":2,"text":"El filial groguet va compartir la seua primera jornada de la temporada amb la Fundaci\u00f3 S\u00edndrome de Down"},{"type":"paragraph","text":"El Villarreal B ha sigut un dels primers equips del Submar\u00ed a inaugurar la temporada d\u2019Endavant Igualtat 2023\/24! El conjunt dirigit per Miguel \u00c1lvarez, igual que durant la campanya passada, segueix involucrat en esta particular branca del programa de Responsabilitat Social Corporativa de l\u2019entitat groga com un equip m\u00e9s de la base malgrat haver ascendit al futbol professional."},{"type":"paragraph","text":"Els companys de viatge del Mini Submar\u00ed durant tota la temporada seran els usuaris de la Fundaci\u00f3 S\u00edndrome de Down de Castell\u00f3, que l\u2019any passat van conviure amb les futbolistes del Femen\u00ed i que van compartir una primera jornada amb els seus \u00eddols en l\u2019Ermita de Vila-real. \u201cEls meus jugadors favorits del B s\u00f3n Jorge Pascual, que ja va marcar gol amb el primer equip, i Ontiveros. M\u2019agraden els jugadors que fan molts gols\u201d, compte Paco Navarro, usuari de la Fundaci\u00f3 i jugador del Villarreal EDI."},{"type":"paragraph","text":"Tal com explica el mateix Paco, emocionat per con\u00e9ixer a Ontiveros, ja coneixia a alguns dels talents del filial groguet: \u201c\u00c9s la primera vegada que estic amb Ontiveros, per\u00f2 havia coincidit amb molts, com Rodri, de quan estaven en el Juvenil\u201d. El migcampista castellonenc Rodri Alonso ho corrobora: \u201cJa coincidim la temporada de Juvenil A, conec a molts d\u2019ells i ja sabem el b\u00e9 que ho passarem\u201d."},{"type":"paragraph","text":"I \u00e9s que alguns dels jugadors del Villarreal B porten molts anys participant en la meravellosa iniciativa del projecte Endavant, com el davanter granad\u00ed Diego Collado, des dels 13 anys en la resid\u00e8ncia de Miralcamp. \u201cPorte 11 anys fent aix\u00f2 i hui hem vingut per a con\u00e9ixer-nos i reunir-nos en grups per a con\u00e9ixer-nos i saber a qu\u00e8 ens dediquem. Ha sigut una presa de contacte per al que ve durant tot l\u2019any\u201d, dona a con\u00e9ixer Collado."},{"type":"paragraph","text":"L\u2019ariet del Mini Submar\u00ed, que ja ha tingut els seus minuts amb el primer equip en diversos partits, coincideix amb el seu company Rodri: \u201cA molts els conec d\u2019anys arrere que ja vaig treballar amb ells. S\u00f3n molt extravertits. S\u00f3n grans persones, parlen un munt i estic content per ells\u201d. S\u00f3n molts els jugadors dels diferents equips de la Cantera Grogueta que creuen que estes trobades s\u00f3n molt profitosos per a veure altres realitats, com comentava la temporada passada Iker \u00c1lvarez en una jornada amb els usuaris de CRIS La Vall, un centre de rehabilitaci\u00f3 i integraci\u00f3 social. Alguna cosa que tamb\u00e9 comparteix Rodri Alonso: \u201cCom cada any, aix\u00f2 \u00e9s un proc\u00e9s que ens fa cr\u00e9ixer molt com a persones, ens enriqueix i estem molt agra\u00efts perqu\u00e8 ho passem molt b\u00e9\u201d."},{"type":"paragraph","text":"I per descomptat, tamb\u00e9 ajuden, i molt, als membres de les diferents fundacions i associacions d\u2019Endavant Igualtat, que gaudeixen de les seues trobades amb els joves esportistes i i fins i tot solen anar a veure els partits de l\u2019equip amb el qual conviuen cada temporada. \u201cHan vingut a veure\u2019ns molt. Molts s\u00f3n seguidors del Villarreal\u201d, recorda Collado. El fet d\u2019interactuar amb ells de manera natural els il\u00b7lusiona. \u201cHem estat parlant amb ells i m\u2019han preguntat en quina posici\u00f3 jugue, per\u00f2 els meus entrenadors em posen de diverses\u201d, diu Paco Navarro."},{"type":"paragraph","text":"El projecte Endavant Igualtat 23\/24 va donar la benvinguda a les associacions en una jornada d\u2019inauguraci\u00f3 en l\u2019Estadio de la Cer\u00e0mica el passat 28 de setembre. L\u2019esdeveniment va comen\u00e7ar amb un xicotet aperitiu en el Restaurant El Ceramista, on es van retrobar vells amics d\u2019equips i associacions. M\u00e9s tard, el nodrit grup de jugadors i usuaris es van despla\u00e7ar fins a la remodelada sala de premsa, on el director de futbol del Villarreal, Miguel \u00c1ngel Tena, el porter del filial, Iker \u00c1lvarez, la responsable de la iniciativa, Paloma Mas\u00f3, i el mateix Paco Navarro, usuari de Down Castell\u00f3 i jugador de l\u2019EDI, van presentar les novetats del projecte. Una d\u2019elles \u00e9s la inclusi\u00f3 del Femen\u00ed B i de dos alevins de segon any, entrant per primera vegada equips de Futbol 8 en el projecte."},{"type":"video","kind":"iframe","url":"https:\/\/www.youtube.com\/embed\/dGMMnZRuM94?feature=oembed","poster":""}]}],"hero":{"id":"section-1","title":"El filial groguet va compartir la seua primera jornada de la temporada amb la Fundaci\u00f3 S\u00edndrome de Down","text":"El filial groguet va compartir la seua primera jornada de la temporada amb la Fundaci\u00f3 S\u00edndrome de Down El Villarreal B ha sigut un dels primers equips del Submar\u00ed a inaugurar la temporada d\u2019Endavant Igualtat 2023\/24! El conjunt dirigit per Miguel \u00c1lvarez, igual que durant la campanya passada, segueix involucrat en esta particular branca del programa de Responsabilitat Social Corporativa de l\u2019entitat groga com un equip m\u00e9s de la base malgrat haver ascendit al futbol professional. Els companys de viatge del Mini Submar\u00ed durant tota la temporada seran els usuaris de la Fundaci\u00f3 S\u00edndrome de Down de Castell\u00f3, que l\u2019any passat van conviure amb les futbolistes del Femen\u00ed i que van compartir una primera jornada amb els seus \u00eddols en l\u2019Ermita de Vila-real. \u201cEls meus jugadors favorits del B s\u00f3n Jorge Pascual, que ja va marcar gol amb el primer equip, i Ontiveros. M\u2019agraden els jugadors que fan molts gols\u201d, compte Paco Navarro, usuari de la Fundaci\u00f3 i jugador del Villarreal EDI. Tal com explica el mateix Paco, emocionat per con\u00e9ixer a Ontiveros, ja coneixia a alguns dels talents del filial groguet: \u201c\u00c9s la primera vegada que estic amb Ontiveros, per\u00f2 havia coincidit amb molts, com Rodri, de quan estaven en el Juvenil\u201d. El migcampista castellonenc Rodri Alonso ho corrobora: \u201cJa coincidim la temporada de Juvenil A, conec a molts d\u2019ells i ja sabem el b\u00e9 que ho passarem\u201d. I \u00e9s que alguns dels jugadors del Villarreal B porten molts anys participant en la meravellosa iniciativa del projecte Endavant, com el davanter granad\u00ed Diego Collado, des dels 13 anys en la resid\u00e8ncia de Miralcamp. \u201cPorte 11 anys fent aix\u00f2 i hui hem vingut per a con\u00e9ixer-nos i reunir-nos en grups per a con\u00e9ixer-nos i saber a qu\u00e8 ens dediquem. Ha sigut una presa de contacte per al que ve durant tot l\u2019any\u201d, dona a con\u00e9ixer Collado. L\u2019ariet del Mini Submar\u00ed, que ja ha tingut els seus minuts amb el primer equip en diversos partits, coincideix amb el seu company Rodri: \u201cA molts els conec d\u2019anys arrere que ja vaig treballar amb ells. S\u00f3n molt extravertits. S\u00f3n grans persones, parlen un munt i estic content per ells\u201d. S\u00f3n molts els jugadors dels diferents equips de la Cantera Grogueta que creuen que estes trobades s\u00f3n molt profitosos per a veure altres realitats, com comentava la temporada passada Iker \u00c1lvarez en una jornada amb els usuaris de CRIS La Vall, un centre de rehabilitaci\u00f3 i integraci\u00f3 social. Alguna cosa que tamb\u00e9 comparteix Rodri Alonso: \u201cCom cada any, aix\u00f2 \u00e9s un proc\u00e9s que ens fa cr\u00e9ixer molt com a persones, ens enriqueix i estem molt agra\u00efts perqu\u00e8 ho passem molt b\u00e9\u201d. I per descomptat, tamb\u00e9 ajuden, i molt, als membres de les diferents fundacions i associacions d\u2019Endavant Igualtat, que gaudeixen de les seues trobades amb els joves esportistes i i fins i tot solen anar a veure els partits de l\u2019equip amb el qual conviuen cada temporada. \u201cHan vingut a veure\u2019ns molt. Molts s\u00f3n seguidors del Villarreal\u201d, recorda Collado. El fet d\u2019interactuar amb ells de manera natural els il\u00b7lusiona. \u201cHem estat parlant amb ells i m\u2019han preguntat en quina posici\u00f3 jugue, per\u00f2 els meus entrenadors em posen de diverses\u201d, diu Paco Navarro. El projecte Endavant Igualtat 23\/24 va donar la benvinguda a les associacions en una jornada d\u2019inauguraci\u00f3 en l\u2019Estadio de la Cer\u00e0mica el passat 28 de setembre. L\u2019esdeveniment va comen\u00e7ar amb un xicotet aperitiu en el Restaurant El Ceramista, on es van retrobar vells amics d\u2019equips i associacions. M\u00e9s tard, el nodrit grup de jugadors i usuaris es van despla\u00e7ar fins a la remodelada sala de premsa, on el director de futbol del Villarreal, Miguel \u00c1ngel Tena, el porter del filial, Iker \u00c1lvarez, la responsable de la iniciativa, Paloma Mas\u00f3, i el mateix Paco Navarro, usuari de Down Castell\u00f3 i jugador de l\u2019EDI, van presentar les novetats del projecte. Una d\u2019elles \u00e9s la inclusi\u00f3 del Femen\u00ed B i de dos alevins de segon any, entrant per primera vegada equips de Futbol 8 en el projecte.","headings":[{"type":"heading","level":2,"text":"El filial groguet va compartir la seua primera jornada de la temporada amb la Fundaci\u00f3 S\u00edndrome de Down"}],"texts":[{"type":"paragraph","text":"El Villarreal B ha sigut un dels primers equips del Submar\u00ed a inaugurar la temporada d\u2019Endavant Igualtat 2023\/24! El conjunt dirigit per Miguel \u00c1lvarez, igual que durant la campanya passada, segueix involucrat en esta particular branca del programa de Responsabilitat Social Corporativa de l\u2019entitat groga com un equip m\u00e9s de la base malgrat haver ascendit al futbol professional."},{"type":"paragraph","text":"Els companys de viatge del Mini Submar\u00ed durant tota la temporada seran els usuaris de la Fundaci\u00f3 S\u00edndrome de Down de Castell\u00f3, que l\u2019any passat van conviure amb les futbolistes del Femen\u00ed i que van compartir una primera jornada amb els seus \u00eddols en l\u2019Ermita de Vila-real. \u201cEls meus jugadors favorits del B s\u00f3n Jorge Pascual, que ja va marcar gol amb el primer equip, i Ontiveros. M\u2019agraden els jugadors que fan molts gols\u201d, compte Paco Navarro, usuari de la Fundaci\u00f3 i jugador del Villarreal EDI."},{"type":"paragraph","text":"Tal com explica el mateix Paco, emocionat per con\u00e9ixer a Ontiveros, ja coneixia a alguns dels talents del filial groguet: \u201c\u00c9s la primera vegada que estic amb Ontiveros, per\u00f2 havia coincidit amb molts, com Rodri, de quan estaven en el Juvenil\u201d. El migcampista castellonenc Rodri Alonso ho corrobora: \u201cJa coincidim la temporada de Juvenil A, conec a molts d\u2019ells i ja sabem el b\u00e9 que ho passarem\u201d."},{"type":"paragraph","text":"I \u00e9s que alguns dels jugadors del Villarreal B porten molts anys participant en la meravellosa iniciativa del projecte Endavant, com el davanter granad\u00ed Diego Collado, des dels 13 anys en la resid\u00e8ncia de Miralcamp. \u201cPorte 11 anys fent aix\u00f2 i hui hem vingut per a con\u00e9ixer-nos i reunir-nos en grups per a con\u00e9ixer-nos i saber a qu\u00e8 ens dediquem. Ha sigut una presa de contacte per al que ve durant tot l\u2019any\u201d, dona a con\u00e9ixer Collado."},{"type":"paragraph","text":"L\u2019ariet del Mini Submar\u00ed, que ja ha tingut els seus minuts amb el primer equip en diversos partits, coincideix amb el seu company Rodri: \u201cA molts els conec d\u2019anys arrere que ja vaig treballar amb ells. S\u00f3n molt extravertits. S\u00f3n grans persones, parlen un munt i estic content per ells\u201d. S\u00f3n molts els jugadors dels diferents equips de la Cantera Grogueta que creuen que estes trobades s\u00f3n molt profitosos per a veure altres realitats, com comentava la temporada passada Iker \u00c1lvarez en una jornada amb els usuaris de CRIS La Vall, un centre de rehabilitaci\u00f3 i integraci\u00f3 social. Alguna cosa que tamb\u00e9 comparteix Rodri Alonso: \u201cCom cada any, aix\u00f2 \u00e9s un proc\u00e9s que ens fa cr\u00e9ixer molt com a persones, ens enriqueix i estem molt agra\u00efts perqu\u00e8 ho passem molt b\u00e9\u201d."},{"type":"paragraph","text":"I per descomptat, tamb\u00e9 ajuden, i molt, als membres de les diferents fundacions i associacions d\u2019Endavant Igualtat, que gaudeixen de les seues trobades amb els joves esportistes i i fins i tot solen anar a veure els partits de l\u2019equip amb el qual conviuen cada temporada. \u201cHan vingut a veure\u2019ns molt. Molts s\u00f3n seguidors del Villarreal\u201d, recorda Collado. El fet d\u2019interactuar amb ells de manera natural els il\u00b7lusiona. \u201cHem estat parlant amb ells i m\u2019han preguntat en quina posici\u00f3 jugue, per\u00f2 els meus entrenadors em posen de diverses\u201d, diu Paco Navarro."},{"type":"paragraph","text":"El projecte Endavant Igualtat 23\/24 va donar la benvinguda a les associacions en una jornada d\u2019inauguraci\u00f3 en l\u2019Estadio de la Cer\u00e0mica el passat 28 de setembre. L\u2019esdeveniment va comen\u00e7ar amb un xicotet aperitiu en el Restaurant El Ceramista, on es van retrobar vells amics d\u2019equips i associacions. M\u00e9s tard, el nodrit grup de jugadors i usuaris es van despla\u00e7ar fins a la remodelada sala de premsa, on el director de futbol del Villarreal, Miguel \u00c1ngel Tena, el porter del filial, Iker \u00c1lvarez, la responsable de la iniciativa, Paloma Mas\u00f3, i el mateix Paco Navarro, usuari de Down Castell\u00f3 i jugador de l\u2019EDI, van presentar les novetats del projecte. Una d\u2019elles \u00e9s la inclusi\u00f3 del Femen\u00ed B i de dos alevins de segon any, entrant per primera vegada equips de Futbol 8 en el projecte."}],"buttons":[],"images":[],"widgets":[],"blocks":[{"type":"heading","level":2,"text":"El filial groguet va compartir la seua primera jornada de la temporada amb la Fundaci\u00f3 S\u00edndrome de Down"},{"type":"paragraph","text":"El Villarreal B ha sigut un dels primers equips del Submar\u00ed a inaugurar la temporada d\u2019Endavant Igualtat 2023\/24! El conjunt dirigit per Miguel \u00c1lvarez, igual que durant la campanya passada, segueix involucrat en esta particular branca del programa de Responsabilitat Social Corporativa de l\u2019entitat groga com un equip m\u00e9s de la base malgrat haver ascendit al futbol professional."},{"type":"paragraph","text":"Els companys de viatge del Mini Submar\u00ed durant tota la temporada seran els usuaris de la Fundaci\u00f3 S\u00edndrome de Down de Castell\u00f3, que l\u2019any passat van conviure amb les futbolistes del Femen\u00ed i que van compartir una primera jornada amb els seus \u00eddols en l\u2019Ermita de Vila-real. \u201cEls meus jugadors favorits del B s\u00f3n Jorge Pascual, que ja va marcar gol amb el primer equip, i Ontiveros. M\u2019agraden els jugadors que fan molts gols\u201d, compte Paco Navarro, usuari de la Fundaci\u00f3 i jugador del Villarreal EDI."},{"type":"paragraph","text":"Tal com explica el mateix Paco, emocionat per con\u00e9ixer a Ontiveros, ja coneixia a alguns dels talents del filial groguet: \u201c\u00c9s la primera vegada que estic amb Ontiveros, per\u00f2 havia coincidit amb molts, com Rodri, de quan estaven en el Juvenil\u201d. El migcampista castellonenc Rodri Alonso ho corrobora: \u201cJa coincidim la temporada de Juvenil A, conec a molts d\u2019ells i ja sabem el b\u00e9 que ho passarem\u201d."},{"type":"paragraph","text":"I \u00e9s que alguns dels jugadors del Villarreal B porten molts anys participant en la meravellosa iniciativa del projecte Endavant, com el davanter granad\u00ed Diego Collado, des dels 13 anys en la resid\u00e8ncia de Miralcamp. \u201cPorte 11 anys fent aix\u00f2 i hui hem vingut per a con\u00e9ixer-nos i reunir-nos en grups per a con\u00e9ixer-nos i saber a qu\u00e8 ens dediquem. Ha sigut una presa de contacte per al que ve durant tot l\u2019any\u201d, dona a con\u00e9ixer Collado."},{"type":"paragraph","text":"L\u2019ariet del Mini Submar\u00ed, que ja ha tingut els seus minuts amb el primer equip en diversos partits, coincideix amb el seu company Rodri: \u201cA molts els conec d\u2019anys arrere que ja vaig treballar amb ells. S\u00f3n molt extravertits. S\u00f3n grans persones, parlen un munt i estic content per ells\u201d. S\u00f3n molts els jugadors dels diferents equips de la Cantera Grogueta que creuen que estes trobades s\u00f3n molt profitosos per a veure altres realitats, com comentava la temporada passada Iker \u00c1lvarez en una jornada amb els usuaris de CRIS La Vall, un centre de rehabilitaci\u00f3 i integraci\u00f3 social. Alguna cosa que tamb\u00e9 comparteix Rodri Alonso: \u201cCom cada any, aix\u00f2 \u00e9s un proc\u00e9s que ens fa cr\u00e9ixer molt com a persones, ens enriqueix i estem molt agra\u00efts perqu\u00e8 ho passem molt b\u00e9\u201d."},{"type":"paragraph","text":"I per descomptat, tamb\u00e9 ajuden, i molt, als membres de les diferents fundacions i associacions d\u2019Endavant Igualtat, que gaudeixen de les seues trobades amb els joves esportistes i i fins i tot solen anar a veure els partits de l\u2019equip amb el qual conviuen cada temporada. \u201cHan vingut a veure\u2019ns molt. Molts s\u00f3n seguidors del Villarreal\u201d, recorda Collado. El fet d\u2019interactuar amb ells de manera natural els il\u00b7lusiona. \u201cHem estat parlant amb ells i m\u2019han preguntat en quina posici\u00f3 jugue, per\u00f2 els meus entrenadors em posen de diverses\u201d, diu Paco Navarro."},{"type":"paragraph","text":"El projecte Endavant Igualtat 23\/24 va donar la benvinguda a les associacions en una jornada d\u2019inauguraci\u00f3 en l\u2019Estadio de la Cer\u00e0mica el passat 28 de setembre. L\u2019esdeveniment va comen\u00e7ar amb un xicotet aperitiu en el Restaurant El Ceramista, on es van retrobar vells amics d\u2019equips i associacions. M\u00e9s tard, el nodrit grup de jugadors i usuaris es van despla\u00e7ar fins a la remodelada sala de premsa, on el director de futbol del Villarreal, Miguel \u00c1ngel Tena, el porter del filial, Iker \u00c1lvarez, la responsable de la iniciativa, Paloma Mas\u00f3, i el mateix Paco Navarro, usuari de Down Castell\u00f3 i jugador de l\u2019EDI, van presentar les novetats del projecte. Una d\u2019elles \u00e9s la inclusi\u00f3 del Femen\u00ed B i de dos alevins de segon any, entrant per primera vegada equips de Futbol 8 en el projecte."},{"type":"video","kind":"iframe","url":"https:\/\/www.youtube.com\/embed\/dGMMnZRuM94?feature=oembed","poster":""}]}},"sections":[{"id":"section-1","title":"El filial groguet va compartir la seua primera jornada de la temporada amb la Fundaci\u00f3 S\u00edndrome de Down","text":"El filial groguet va compartir la seua primera jornada de la temporada amb la Fundaci\u00f3 S\u00edndrome de Down El Villarreal B ha sigut un dels primers equips del Submar\u00ed a inaugurar la temporada d\u2019Endavant Igualtat 2023\/24! El conjunt dirigit per Miguel \u00c1lvarez, igual que durant la campanya passada, segueix involucrat en esta particular branca del programa de Responsabilitat Social Corporativa de l\u2019entitat groga com un equip m\u00e9s de la base malgrat haver ascendit al futbol professional. Els companys de viatge del Mini Submar\u00ed durant tota la temporada seran els usuaris de la Fundaci\u00f3 S\u00edndrome de Down de Castell\u00f3, que l\u2019any passat van conviure amb les futbolistes del Femen\u00ed i que van compartir una primera jornada amb els seus \u00eddols en l\u2019Ermita de Vila-real. \u201cEls meus jugadors favorits del B s\u00f3n Jorge Pascual, que ja va marcar gol amb el primer equip, i Ontiveros. M\u2019agraden els jugadors que fan molts gols\u201d, compte Paco Navarro, usuari de la Fundaci\u00f3 i jugador del Villarreal EDI. Tal com explica el mateix Paco, emocionat per con\u00e9ixer a Ontiveros, ja coneixia a alguns dels talents del filial groguet: \u201c\u00c9s la primera vegada que estic amb Ontiveros, per\u00f2 havia coincidit amb molts, com Rodri, de quan estaven en el Juvenil\u201d. El migcampista castellonenc Rodri Alonso ho corrobora: \u201cJa coincidim la temporada de Juvenil A, conec a molts d\u2019ells i ja sabem el b\u00e9 que ho passarem\u201d. I \u00e9s que alguns dels jugadors del Villarreal B porten molts anys participant en la meravellosa iniciativa del projecte Endavant, com el davanter granad\u00ed Diego Collado, des dels 13 anys en la resid\u00e8ncia de Miralcamp. \u201cPorte 11 anys fent aix\u00f2 i hui hem vingut per a con\u00e9ixer-nos i reunir-nos en grups per a con\u00e9ixer-nos i saber a qu\u00e8 ens dediquem. Ha sigut una presa de contacte per al que ve durant tot l\u2019any\u201d, dona a con\u00e9ixer Collado. L\u2019ariet del Mini Submar\u00ed, que ja ha tingut els seus minuts amb el primer equip en diversos partits, coincideix amb el seu company Rodri: \u201cA molts els conec d\u2019anys arrere que ja vaig treballar amb ells. S\u00f3n molt extravertits. S\u00f3n grans persones, parlen un munt i estic content per ells\u201d. S\u00f3n molts els jugadors dels diferents equips de la Cantera Grogueta que creuen que estes trobades s\u00f3n molt profitosos per a veure altres realitats, com comentava la temporada passada Iker \u00c1lvarez en una jornada amb els usuaris de CRIS La Vall, un centre de rehabilitaci\u00f3 i integraci\u00f3 social. Alguna cosa que tamb\u00e9 comparteix Rodri Alonso: \u201cCom cada any, aix\u00f2 \u00e9s un proc\u00e9s que ens fa cr\u00e9ixer molt com a persones, ens enriqueix i estem molt agra\u00efts perqu\u00e8 ho passem molt b\u00e9\u201d. I per descomptat, tamb\u00e9 ajuden, i molt, als membres de les diferents fundacions i associacions d\u2019Endavant Igualtat, que gaudeixen de les seues trobades amb els joves esportistes i i fins i tot solen anar a veure els partits de l\u2019equip amb el qual conviuen cada temporada. \u201cHan vingut a veure\u2019ns molt. Molts s\u00f3n seguidors del Villarreal\u201d, recorda Collado. El fet d\u2019interactuar amb ells de manera natural els il\u00b7lusiona. \u201cHem estat parlant amb ells i m\u2019han preguntat en quina posici\u00f3 jugue, per\u00f2 els meus entrenadors em posen de diverses\u201d, diu Paco Navarro. El projecte Endavant Igualtat 23\/24 va donar la benvinguda a les associacions en una jornada d\u2019inauguraci\u00f3 en l\u2019Estadio de la Cer\u00e0mica el passat 28 de setembre. L\u2019esdeveniment va comen\u00e7ar amb un xicotet aperitiu en el Restaurant El Ceramista, on es van retrobar vells amics d\u2019equips i associacions. M\u00e9s tard, el nodrit grup de jugadors i usuaris es van despla\u00e7ar fins a la remodelada sala de premsa, on el director de futbol del Villarreal, Miguel \u00c1ngel Tena, el porter del filial, Iker \u00c1lvarez, la responsable de la iniciativa, Paloma Mas\u00f3, i el mateix Paco Navarro, usuari de Down Castell\u00f3 i jugador de l\u2019EDI, van presentar les novetats del projecte. Una d\u2019elles \u00e9s la inclusi\u00f3 del Femen\u00ed B i de dos alevins de segon any, entrant per primera vegada equips de Futbol 8 en el projecte.","url":"","background_image":"","images":[],"videos":[{"type":"video","kind":"iframe","url":"https:\/\/www.youtube.com\/embed\/dGMMnZRuM94?feature=oembed","poster":""}],"links":[]}]},"excerpt":{"rendered":"El filial groguet va compartir la seua primera jornada de la temporada amb la Fundaci\u00f3 S\u00edndrome de Down","protected":false},"author":33,"featured_media":288009,"comment_status":"closed","ping_status":"closed","sticky":false,"template":"","format":"standard","meta":{"_acf_changed":false,"footnotes":""},"categories":[13509],"tags":[9366,10325,9242,10773,717,15178,9270,9227,716,9205,9627,10634,9203],"acf":null,"lang":"val","translations":{"es":288006,"val":288015,"en":288018},"essential_grid":{"has_grid":false},"formatted_date":"November 7, 2023","modified_date":"November 8, 2023","permalink":"https:\/\/villarrealcf.es\/val\/el-villarreal-b-comenca-una-nova-marxa-amb-endavant-igualtat\/","reading_time":4,"featured_media_data":{"id":288009,"title":"Iker, Collado y Pablo Godoy","caption":"","alt_text":"","description":"","mime_type":"image\/jpeg","source_url":"https:\/\/villarrealcf.es\/wp-content\/uploads\/2023\/11\/Iker-Collado-y-Pablo-Godoy-scaled.jpg","sizes":{"thumbnail":{"url":"https:\/\/villarrealcf.es\/wp-content\/uploads\/2023\/11\/Iker-Collado-y-Pablo-Godoy-1920x1080.jpg","width":1920,"height":1080},"medium":{"url":"https:\/\/villarrealcf.es\/wp-content\/uploads\/2023\/11\/Iker-Collado-y-Pablo-Godoy-1920x1080.jpg","width":1920,"height":1080},"medium_large":{"url":"https:\/\/villarrealcf.es\/wp-content\/uploads\/2023\/11\/Iker-Collado-y-Pablo-Godoy-768x432.jpg","width":768,"height":432},"large":{"url":"https:\/\/villarrealcf.es\/wp-content\/uploads\/2023\/11\/Iker-Collado-y-Pablo-Godoy-1920x1080.jpg","width":788,"height":443},"1536x1536":{"url":"https:\/\/villarrealcf.es\/wp-content\/uploads\/2023\/11\/Iker-Collado-y-Pablo-Godoy-1536x864.jpg","width":1536,"height":864},"2048x2048":{"url":"https:\/\/villarrealcf.es\/wp-content\/uploads\/2023\/11\/Iker-Collado-y-Pablo-Godoy-2048x1152.jpg","width":2048,"height":1152},"tp-image-grid":{"url":"https:\/\/villarrealcf.es\/wp-content\/uploads\/2023\/11\/Iker-Collado-y-Pablo-Godoy-700x700.jpg","width":700,"height":700},"size-bunyad-medium":{"url":"https:\/\/villarrealcf.es\/wp-content\/uploads\/2023\/11\/Iker-Collado-y-Pablo-Godoy-1920x1080.jpg","width":1920,"height":1080},"sportspress-crop-medium":{"url":"https:\/\/villarrealcf.es\/wp-content\/uploads\/2023\/11\/Iker-Collado-y-Pablo-Godoy-300x300.jpg","width":300,"height":300},"sportspress-fit-medium":{"url":"https:\/\/villarrealcf.es\/wp-content\/uploads\/2023\/11\/Iker-Collado-y-Pablo-Godoy-300x169.jpg","width":300,"height":169},"sportspress-fit-icon":{"url":"https:\/\/villarrealcf.es\/wp-content\/uploads\/2023\/11\/Iker-Collado-y-Pablo-Godoy-128x72.jpg","width":128,"height":72},"sportspress-fit-mini":{"url":"https:\/\/villarrealcf.es\/wp-content\/uploads\/2023\/11\/Iker-Collado-y-Pablo-Godoy-32x18.jpg","width":32,"height":18},"bunyad-small":{"url":"https:\/\/villarrealcf.es\/wp-content\/uploads\/2023\/11\/Iker-Collado-y-Pablo-Godoy-150x84.jpg","width":150,"height":84},"bunyad-medium":{"url":"https:\/\/villarrealcf.es\/wp-content\/uploads\/2023\/11\/Iker-Collado-y-Pablo-Godoy-450x253.jpg","width":450,"height":253},"bunyad-full":{"url":"https:\/\/villarrealcf.es\/wp-content\/uploads\/2023\/11\/Iker-Collado-y-Pablo-Godoy-1200x675.jpg","width":1200,"height":675},"bunyad-viewport":{"url":"https:\/\/villarrealcf.es\/wp-content\/uploads\/2023\/11\/Iker-Collado-y-Pablo-Godoy-2048x1152.jpg","width":2048,"height":1152},"bunyad-768":{"url":"https:\/\/villarrealcf.es\/wp-content\/uploads\/2023\/11\/Iker-Collado-y-Pablo-Godoy-768x432.jpg","width":768,"height":432},"full":{"url":"https:\/\/villarrealcf.es\/wp-content\/uploads\/2023\/11\/Iker-Collado-y-Pablo-Godoy-scaled.jpg","width":2560,"height":1440}}},"author_data":{"id":"33","name":"Nacho Tejada","first_name":"Nacho","last_name":"Tejada","description":"","avatar_url":"https:\/\/secure.gravatar.com\/avatar\/b1580534b2fcd93e031504756165758941290488df5c88966a26f84344931fd1?s=96&d=mm&r=g","acf":null},"taxonomies_data":{"category":[{"id":13509,"name":"Endavant","slug":"endavant-val","acf":null}],"post_tag":[{"id":9366,"name":"Cantera","slug":"cantera-val","acf":null},{"id":10325,"name":"Cantera Grogueta","slug":"cantera-grogueta-val","acf":null},{"id":9242,"name":"Endavant","slug":"endavant-val-2","acf":null},{"id":10773,"name":"Endavant Igualtat","slug":"endavant-igualtat-val-2","acf":null},{"id":717,"name":"Football","slug":"football-d34","acf":null},{"id":15178,"name":"Fundaci\u00f3n S\u00edndrome de Down Castell\u00f3n","slug":"fundacion-sindrome-de-down-castellon-val","acf":null},{"id":9270,"name":"Futbol","slug":"futbol-val","acf":null},{"id":9227,"name":"F\u00fatbol Base","slug":"futbol-base-val","acf":null},{"id":716,"name":"Soccer","slug":"soccer-d105","acf":null},{"id":9205,"name":"Submarino","slug":"submarino-val","acf":null},{"id":9627,"name":"Submarino Amarillo","slug":"submarino-amarillo-val","acf":null},{"id":10634,"name":"Villarreal B","slug":"villarreal-b-val","acf":null},{"id":9203,"name":"Villarreal CF","slug":"villarreal-cf-val","acf":null}],"translation_priority":[{"id":735,"name":"Optional","slug":"optional-val","acf":null}]},"seo_full":{"native":{"title":"El Villarreal B comen\u00e7a una nova marxa amb Endavant Igualtat - Web Oficial del Villarreal CF","description":"El filial groguet va compartir la seua primera jornada de la temporada amb la Fundaci\u00f3 S\u00edndrome de Down","canonical":"https:\/\/villarrealcf.es\/val\/el-villarreal-b-comenca-una-nova-marxa-amb-endavant-igualtat\/"}},"_links":{"self":[{"href":"https:\/\/villarrealcf.es\/val\/wp-json\/wp\/v2\/posts\/288015","targetHints":{"allow":["GET"]}}],"collection":[{"href":"https:\/\/villarrealcf.es\/val\/wp-json\/wp\/v2\/posts"}],"about":[{"href":"https:\/\/villarrealcf.es\/val\/wp-json\/wp\/v2\/types\/post"}],"author":[{"embeddable":true,"href":"https:\/\/villarrealcf.es\/val\/wp-json\/wp\/v2\/users\/33"}],"replies":[{"embeddable":true,"href":"https:\/\/villarrealcf.es\/val\/wp-json\/wp\/v2\/comments?post=288015"}],"version-history":[{"count":0,"href":"https:\/\/villarrealcf.es\/val\/wp-json\/wp\/v2\/posts\/288015\/revisions"}],"wp:featuredmedia":[{"embeddable":true,"href":"https:\/\/villarrealcf.es\/val\/wp-json\/wp\/v2\/media\/288009"}],"wp:attachment":[{"href":"https:\/\/villarrealcf.es\/val\/wp-json\/wp\/v2\/media?parent=288015"}],"wp:term":[{"taxonomy":"category","embeddable":true,"href":"https:\/\/villarrealcf.es\/val\/wp-json\/wp\/v2\/categories?post=288015"},{"taxonomy":"post_tag","embeddable":true,"href":"https:\/\/villarrealcf.es\/val\/wp-json\/wp\/v2\/tags?post=288015"}],"curies":[{"name":"wp","href":"https:\/\/api.w.org\/{rel}","templated":true}]}}