{"id":284291,"date":"2023-10-07T11:33:00","date_gmt":"2023-10-07T09:33:00","guid":{"rendered":"https:\/\/villarrealcf.es\/asentarse-en-la-senda-del-triunfo-ante-las-palmas\/"},"modified":"2023-10-06T17:52:54","modified_gmt":"2023-10-06T15:52:54","slug":"assentar-se-en-la-senda-del-triomf-davant-las-palmas","status":"publish","type":"post","link":"https:\/\/villarrealcf.es\/val\/assentar-se-en-la-senda-del-triomf-davant-las-palmas\/","title":{"rendered":"Assentar-se en la senda del triomf davant Las Palmas"},"content":{"protected":false,"blocks":[{"type":"heading","level":2,"text":"El Villarreal rep al conjunt canari amb l\u2019objectiu de consolidar el treball i tornar a guanyar en LALIGA (diumenge, 14.00h)"},{"type":"paragraph","text":"El Villarreal CF rep a la UD Las Palmas aquest diumenge, a partir de les 14.00 hores, en l\u2019Estadio de la Cer\u00e1mica. Nom\u00e9s tres dies despr\u00e9s d\u2019aconseguir un valu\u00f3s i meritori triomf europeu davant un rival dur, f\u00edsic i vertical com l\u2019Stade Rennais (1-0)."},{"type":"paragraph","text":"Els groguets tractaran de donar-li continu\u00eftat al bon fer exhibit durant uns certs trams del partit enfront del Girona -en fase ofensiva- i Getafe -en pla defensiu-, per a aix\u00ed mantindre la l\u00ednia ascendent que va confirmar dijous passat en competici\u00f3 continental. Un objectiu ambici\u00f3s, que aborda l\u2019equip a escassos dies de complir-se un mes des de l\u2019arribada de Jos\u00e9 Rojo \u2018Pacheta\u2019 a la banqueta del Submar\u00ed."},{"type":"paragraph","text":"Amb un balan\u00e7 d\u2019un triomf, dos empats i una derrota en LALIGA en l\u2019era Pacheta, el Villarreal anhela ara obtindre una nova vict\u00f2ria en el campionat dom\u00e8stic que permeta als groguets guanyar en confian\u00e7a i iniciar una apassionant escalada a la recerca dels sempre exigents llocs europeus."},{"type":"paragraph","text":"Per a fer el primer pas, els grocs hauran de doblegar a la UD Las Palmas. Un rival recentment ascendit que s\u2019ha mostrat molt solvent en territori insular (dues vict\u00f2ries i dos empats), per\u00f2 que encara espera la seua oportunitat per a estrenar el seu caseller de punts lluny de Gran Can\u00e0ria."},{"type":"paragraph","text":"No per aix\u00f2, el conjunt illenc -que per a l\u2019ocasi\u00f3 haur\u00e0 de renunciar al seu llu\u00eft color groc- arriba amb menys opcions de pugnar pel triomf. Les dos esquadres arriben a la cita en La Cer\u00e1mica igualats a huit punts, en 13a i 14a posici\u00f3 respectivament."},{"type":"video","kind":"iframe","url":"https:\/\/widgets.besoccerapps.com\/scripts\/widgets?type=streak&teams=2716,2563&flag=escudo&season=2024&match=30341&style=villarreal","poster":""}],"structured":{"summary":{"text":"El Villarreal rep al conjunt canari amb l\u2019objectiu de consolidar el treball i tornar a guanyar en LALIGA (diumenge, 14.00h) El Villarreal CF rep a la UD Las Palmas aquest diumenge, a partir de les 14.00 hores, en l\u2019Estadio de la Cer\u00e1mica. Nom\u00e9s tres dies despr\u00e9s d\u2019aconseguir un valu\u00f3s i meritori triomf europeu davant un rival dur, f\u00edsic i vertical com l\u2019Stade Rennais (1-0). Els groguets tractaran de donar-li continu\u00eftat al bon fer exhibit durant uns certs trams del partit enfront del Girona -en fase ofensiva- i Getafe -en pla defensiu-, per a aix\u00ed mantindre la l\u00ednia ascendent que va confirmar dijous passat en competici\u00f3 continental. Un objectiu ambici\u00f3s, que aborda l\u2019equip a escassos dies de complir-se un mes des de l\u2019arribada de Jos\u00e9 Rojo \u2018Pacheta\u2019 a la banqueta del Submar\u00ed. Amb un balan\u00e7 d\u2019un triomf, dos empats i una derrota en LALIGA en l\u2019era Pacheta, el Villarreal anhela ara obtindre una nova vict\u00f2ria en el campionat dom\u00e8stic que permeta als groguets guanyar en confian\u00e7a i iniciar una apassionant escalada a la recerca dels sempre exigents llocs europeus. Per a fer el primer pas, els grocs hauran de doblegar a la UD Las Palmas. Un rival recentment ascendit que s\u2019ha mostrat molt solvent en territori insular (dues vict\u00f2ries i dos empats), per\u00f2 que encara espera la seua oportunitat per a estrenar el seu caseller de punts lluny de Gran Can\u00e0ria. No per aix\u00f2, el conjunt illenc -que per a l\u2019ocasi\u00f3 haur\u00e0 de renunciar al seu llu\u00eft color groc- arriba amb menys opcions de pugnar pel triomf. Les dos esquadres arriben a la cita en La Cer\u00e1mica igualats a huit punts, en 13a i 14a posici\u00f3 respectivament.","headings":[{"type":"heading","level":2,"text":"El Villarreal rep al conjunt canari amb l\u2019objectiu de consolidar el treball i tornar a guanyar en LALIGA (diumenge, 14.00h)"}],"buttons":[],"images":[],"counts":{"blocks":7,"headings":1,"texts":5,"buttons":0,"images":0}},"sections":[{"id":"section-1","title":"El Villarreal rep al conjunt canari amb l\u2019objectiu de consolidar el treball i tornar a guanyar en LALIGA (diumenge, 14.00h)","text":"El Villarreal rep al conjunt canari amb l\u2019objectiu de consolidar el treball i tornar a guanyar en LALIGA (diumenge, 14.00h) El Villarreal CF rep a la UD Las Palmas aquest diumenge, a partir de les 14.00 hores, en l\u2019Estadio de la Cer\u00e1mica. Nom\u00e9s tres dies despr\u00e9s d\u2019aconseguir un valu\u00f3s i meritori triomf europeu davant un rival dur, f\u00edsic i vertical com l\u2019Stade Rennais (1-0). Els groguets tractaran de donar-li continu\u00eftat al bon fer exhibit durant uns certs trams del partit enfront del Girona -en fase ofensiva- i Getafe -en pla defensiu-, per a aix\u00ed mantindre la l\u00ednia ascendent que va confirmar dijous passat en competici\u00f3 continental. Un objectiu ambici\u00f3s, que aborda l\u2019equip a escassos dies de complir-se un mes des de l\u2019arribada de Jos\u00e9 Rojo \u2018Pacheta\u2019 a la banqueta del Submar\u00ed. Amb un balan\u00e7 d\u2019un triomf, dos empats i una derrota en LALIGA en l\u2019era Pacheta, el Villarreal anhela ara obtindre una nova vict\u00f2ria en el campionat dom\u00e8stic que permeta als groguets guanyar en confian\u00e7a i iniciar una apassionant escalada a la recerca dels sempre exigents llocs europeus. Per a fer el primer pas, els grocs hauran de doblegar a la UD Las Palmas. Un rival recentment ascendit que s\u2019ha mostrat molt solvent en territori insular (dues vict\u00f2ries i dos empats), per\u00f2 que encara espera la seua oportunitat per a estrenar el seu caseller de punts lluny de Gran Can\u00e0ria. No per aix\u00f2, el conjunt illenc -que per a l\u2019ocasi\u00f3 haur\u00e0 de renunciar al seu llu\u00eft color groc- arriba amb menys opcions de pugnar pel triomf. Les dos esquadres arriben a la cita en La Cer\u00e1mica igualats a huit punts, en 13a i 14a posici\u00f3 respectivament.","headings":[{"type":"heading","level":2,"text":"El Villarreal rep al conjunt canari amb l\u2019objectiu de consolidar el treball i tornar a guanyar en LALIGA (diumenge, 14.00h)"}],"texts":[{"type":"paragraph","text":"El Villarreal CF rep a la UD Las Palmas aquest diumenge, a partir de les 14.00 hores, en l\u2019Estadio de la Cer\u00e1mica. Nom\u00e9s tres dies despr\u00e9s d\u2019aconseguir un valu\u00f3s i meritori triomf europeu davant un rival dur, f\u00edsic i vertical com l\u2019Stade Rennais (1-0)."},{"type":"paragraph","text":"Els groguets tractaran de donar-li continu\u00eftat al bon fer exhibit durant uns certs trams del partit enfront del Girona -en fase ofensiva- i Getafe -en pla defensiu-, per a aix\u00ed mantindre la l\u00ednia ascendent que va confirmar dijous passat en competici\u00f3 continental. Un objectiu ambici\u00f3s, que aborda l\u2019equip a escassos dies de complir-se un mes des de l\u2019arribada de Jos\u00e9 Rojo \u2018Pacheta\u2019 a la banqueta del Submar\u00ed."},{"type":"paragraph","text":"Amb un balan\u00e7 d\u2019un triomf, dos empats i una derrota en LALIGA en l\u2019era Pacheta, el Villarreal anhela ara obtindre una nova vict\u00f2ria en el campionat dom\u00e8stic que permeta als groguets guanyar en confian\u00e7a i iniciar una apassionant escalada a la recerca dels sempre exigents llocs europeus."},{"type":"paragraph","text":"Per a fer el primer pas, els grocs hauran de doblegar a la UD Las Palmas. Un rival recentment ascendit que s\u2019ha mostrat molt solvent en territori insular (dues vict\u00f2ries i dos empats), per\u00f2 que encara espera la seua oportunitat per a estrenar el seu caseller de punts lluny de Gran Can\u00e0ria."},{"type":"paragraph","text":"No per aix\u00f2, el conjunt illenc -que per a l\u2019ocasi\u00f3 haur\u00e0 de renunciar al seu llu\u00eft color groc- arriba amb menys opcions de pugnar pel triomf. Les dos esquadres arriben a la cita en La Cer\u00e1mica igualats a huit punts, en 13a i 14a posici\u00f3 respectivament."}],"buttons":[],"images":[],"widgets":[],"blocks":[{"type":"heading","level":2,"text":"El Villarreal rep al conjunt canari amb l\u2019objectiu de consolidar el treball i tornar a guanyar en LALIGA (diumenge, 14.00h)"},{"type":"paragraph","text":"El Villarreal CF rep a la UD Las Palmas aquest diumenge, a partir de les 14.00 hores, en l\u2019Estadio de la Cer\u00e1mica. Nom\u00e9s tres dies despr\u00e9s d\u2019aconseguir un valu\u00f3s i meritori triomf europeu davant un rival dur, f\u00edsic i vertical com l\u2019Stade Rennais (1-0)."},{"type":"paragraph","text":"Els groguets tractaran de donar-li continu\u00eftat al bon fer exhibit durant uns certs trams del partit enfront del Girona -en fase ofensiva- i Getafe -en pla defensiu-, per a aix\u00ed mantindre la l\u00ednia ascendent que va confirmar dijous passat en competici\u00f3 continental. Un objectiu ambici\u00f3s, que aborda l\u2019equip a escassos dies de complir-se un mes des de l\u2019arribada de Jos\u00e9 Rojo \u2018Pacheta\u2019 a la banqueta del Submar\u00ed."},{"type":"paragraph","text":"Amb un balan\u00e7 d\u2019un triomf, dos empats i una derrota en LALIGA en l\u2019era Pacheta, el Villarreal anhela ara obtindre una nova vict\u00f2ria en el campionat dom\u00e8stic que permeta als groguets guanyar en confian\u00e7a i iniciar una apassionant escalada a la recerca dels sempre exigents llocs europeus."},{"type":"paragraph","text":"Per a fer el primer pas, els grocs hauran de doblegar a la UD Las Palmas. Un rival recentment ascendit que s\u2019ha mostrat molt solvent en territori insular (dues vict\u00f2ries i dos empats), per\u00f2 que encara espera la seua oportunitat per a estrenar el seu caseller de punts lluny de Gran Can\u00e0ria."},{"type":"paragraph","text":"No per aix\u00f2, el conjunt illenc -que per a l\u2019ocasi\u00f3 haur\u00e0 de renunciar al seu llu\u00eft color groc- arriba amb menys opcions de pugnar pel triomf. Les dos esquadres arriben a la cita en La Cer\u00e1mica igualats a huit punts, en 13a i 14a posici\u00f3 respectivament."},{"type":"video","kind":"iframe","url":"https:\/\/widgets.besoccerapps.com\/scripts\/widgets?type=streak&teams=2716,2563&flag=escudo&season=2024&match=30341&style=villarreal","poster":""}]}],"hero":{"id":"section-1","title":"El Villarreal rep al conjunt canari amb l\u2019objectiu de consolidar el treball i tornar a guanyar en LALIGA (diumenge, 14.00h)","text":"El Villarreal rep al conjunt canari amb l\u2019objectiu de consolidar el treball i tornar a guanyar en LALIGA (diumenge, 14.00h) El Villarreal CF rep a la UD Las Palmas aquest diumenge, a partir de les 14.00 hores, en l\u2019Estadio de la Cer\u00e1mica. Nom\u00e9s tres dies despr\u00e9s d\u2019aconseguir un valu\u00f3s i meritori triomf europeu davant un rival dur, f\u00edsic i vertical com l\u2019Stade Rennais (1-0). Els groguets tractaran de donar-li continu\u00eftat al bon fer exhibit durant uns certs trams del partit enfront del Girona -en fase ofensiva- i Getafe -en pla defensiu-, per a aix\u00ed mantindre la l\u00ednia ascendent que va confirmar dijous passat en competici\u00f3 continental. Un objectiu ambici\u00f3s, que aborda l\u2019equip a escassos dies de complir-se un mes des de l\u2019arribada de Jos\u00e9 Rojo \u2018Pacheta\u2019 a la banqueta del Submar\u00ed. Amb un balan\u00e7 d\u2019un triomf, dos empats i una derrota en LALIGA en l\u2019era Pacheta, el Villarreal anhela ara obtindre una nova vict\u00f2ria en el campionat dom\u00e8stic que permeta als groguets guanyar en confian\u00e7a i iniciar una apassionant escalada a la recerca dels sempre exigents llocs europeus. Per a fer el primer pas, els grocs hauran de doblegar a la UD Las Palmas. Un rival recentment ascendit que s\u2019ha mostrat molt solvent en territori insular (dues vict\u00f2ries i dos empats), per\u00f2 que encara espera la seua oportunitat per a estrenar el seu caseller de punts lluny de Gran Can\u00e0ria. No per aix\u00f2, el conjunt illenc -que per a l\u2019ocasi\u00f3 haur\u00e0 de renunciar al seu llu\u00eft color groc- arriba amb menys opcions de pugnar pel triomf. Les dos esquadres arriben a la cita en La Cer\u00e1mica igualats a huit punts, en 13a i 14a posici\u00f3 respectivament.","headings":[{"type":"heading","level":2,"text":"El Villarreal rep al conjunt canari amb l\u2019objectiu de consolidar el treball i tornar a guanyar en LALIGA (diumenge, 14.00h)"}],"texts":[{"type":"paragraph","text":"El Villarreal CF rep a la UD Las Palmas aquest diumenge, a partir de les 14.00 hores, en l\u2019Estadio de la Cer\u00e1mica. Nom\u00e9s tres dies despr\u00e9s d\u2019aconseguir un valu\u00f3s i meritori triomf europeu davant un rival dur, f\u00edsic i vertical com l\u2019Stade Rennais (1-0)."},{"type":"paragraph","text":"Els groguets tractaran de donar-li continu\u00eftat al bon fer exhibit durant uns certs trams del partit enfront del Girona -en fase ofensiva- i Getafe -en pla defensiu-, per a aix\u00ed mantindre la l\u00ednia ascendent que va confirmar dijous passat en competici\u00f3 continental. Un objectiu ambici\u00f3s, que aborda l\u2019equip a escassos dies de complir-se un mes des de l\u2019arribada de Jos\u00e9 Rojo \u2018Pacheta\u2019 a la banqueta del Submar\u00ed."},{"type":"paragraph","text":"Amb un balan\u00e7 d\u2019un triomf, dos empats i una derrota en LALIGA en l\u2019era Pacheta, el Villarreal anhela ara obtindre una nova vict\u00f2ria en el campionat dom\u00e8stic que permeta als groguets guanyar en confian\u00e7a i iniciar una apassionant escalada a la recerca dels sempre exigents llocs europeus."},{"type":"paragraph","text":"Per a fer el primer pas, els grocs hauran de doblegar a la UD Las Palmas. Un rival recentment ascendit que s\u2019ha mostrat molt solvent en territori insular (dues vict\u00f2ries i dos empats), per\u00f2 que encara espera la seua oportunitat per a estrenar el seu caseller de punts lluny de Gran Can\u00e0ria."},{"type":"paragraph","text":"No per aix\u00f2, el conjunt illenc -que per a l\u2019ocasi\u00f3 haur\u00e0 de renunciar al seu llu\u00eft color groc- arriba amb menys opcions de pugnar pel triomf. Les dos esquadres arriben a la cita en La Cer\u00e1mica igualats a huit punts, en 13a i 14a posici\u00f3 respectivament."}],"buttons":[],"images":[],"widgets":[],"blocks":[{"type":"heading","level":2,"text":"El Villarreal rep al conjunt canari amb l\u2019objectiu de consolidar el treball i tornar a guanyar en LALIGA (diumenge, 14.00h)"},{"type":"paragraph","text":"El Villarreal CF rep a la UD Las Palmas aquest diumenge, a partir de les 14.00 hores, en l\u2019Estadio de la Cer\u00e1mica. Nom\u00e9s tres dies despr\u00e9s d\u2019aconseguir un valu\u00f3s i meritori triomf europeu davant un rival dur, f\u00edsic i vertical com l\u2019Stade Rennais (1-0)."},{"type":"paragraph","text":"Els groguets tractaran de donar-li continu\u00eftat al bon fer exhibit durant uns certs trams del partit enfront del Girona -en fase ofensiva- i Getafe -en pla defensiu-, per a aix\u00ed mantindre la l\u00ednia ascendent que va confirmar dijous passat en competici\u00f3 continental. Un objectiu ambici\u00f3s, que aborda l\u2019equip a escassos dies de complir-se un mes des de l\u2019arribada de Jos\u00e9 Rojo \u2018Pacheta\u2019 a la banqueta del Submar\u00ed."},{"type":"paragraph","text":"Amb un balan\u00e7 d\u2019un triomf, dos empats i una derrota en LALIGA en l\u2019era Pacheta, el Villarreal anhela ara obtindre una nova vict\u00f2ria en el campionat dom\u00e8stic que permeta als groguets guanyar en confian\u00e7a i iniciar una apassionant escalada a la recerca dels sempre exigents llocs europeus."},{"type":"paragraph","text":"Per a fer el primer pas, els grocs hauran de doblegar a la UD Las Palmas. Un rival recentment ascendit que s\u2019ha mostrat molt solvent en territori insular (dues vict\u00f2ries i dos empats), per\u00f2 que encara espera la seua oportunitat per a estrenar el seu caseller de punts lluny de Gran Can\u00e0ria."},{"type":"paragraph","text":"No per aix\u00f2, el conjunt illenc -que per a l\u2019ocasi\u00f3 haur\u00e0 de renunciar al seu llu\u00eft color groc- arriba amb menys opcions de pugnar pel triomf. Les dos esquadres arriben a la cita en La Cer\u00e1mica igualats a huit punts, en 13a i 14a posici\u00f3 respectivament."},{"type":"video","kind":"iframe","url":"https:\/\/widgets.besoccerapps.com\/scripts\/widgets?type=streak&teams=2716,2563&flag=escudo&season=2024&match=30341&style=villarreal","poster":""}]}},"sections":[{"id":"section-1","title":"El Villarreal rep al conjunt canari amb l\u2019objectiu de consolidar el treball i tornar a guanyar en LALIGA (diumenge, 14.00h)","text":"El Villarreal rep al conjunt canari amb l\u2019objectiu de consolidar el treball i tornar a guanyar en LALIGA (diumenge, 14.00h) El Villarreal CF rep a la UD Las Palmas aquest diumenge, a partir de les 14.00 hores, en l\u2019Estadio de la Cer\u00e1mica. Nom\u00e9s tres dies despr\u00e9s d\u2019aconseguir un valu\u00f3s i meritori triomf europeu davant un rival dur, f\u00edsic i vertical com l\u2019Stade Rennais (1-0). Els groguets tractaran de donar-li continu\u00eftat al bon fer exhibit durant uns certs trams del partit enfront del Girona -en fase ofensiva- i Getafe -en pla defensiu-, per a aix\u00ed mantindre la l\u00ednia ascendent que va confirmar dijous passat en competici\u00f3 continental. Un objectiu ambici\u00f3s, que aborda l\u2019equip a escassos dies de complir-se un mes des de l\u2019arribada de Jos\u00e9 Rojo \u2018Pacheta\u2019 a la banqueta del Submar\u00ed. Amb un balan\u00e7 d\u2019un triomf, dos empats i una derrota en LALIGA en l\u2019era Pacheta, el Villarreal anhela ara obtindre una nova vict\u00f2ria en el campionat dom\u00e8stic que permeta als groguets guanyar en confian\u00e7a i iniciar una apassionant escalada a la recerca dels sempre exigents llocs europeus. Per a fer el primer pas, els grocs hauran de doblegar a la UD Las Palmas. Un rival recentment ascendit que s\u2019ha mostrat molt solvent en territori insular (dues vict\u00f2ries i dos empats), per\u00f2 que encara espera la seua oportunitat per a estrenar el seu caseller de punts lluny de Gran Can\u00e0ria. No per aix\u00f2, el conjunt illenc -que per a l\u2019ocasi\u00f3 haur\u00e0 de renunciar al seu llu\u00eft color groc- arriba amb menys opcions de pugnar pel triomf. Les dos esquadres arriben a la cita en La Cer\u00e1mica igualats a huit punts, en 13a i 14a posici\u00f3 respectivament.","url":"","background_image":"","images":[],"videos":[{"type":"video","kind":"iframe","url":"https:\/\/widgets.besoccerapps.com\/scripts\/widgets?type=streak&teams=2716,2563&flag=escudo&season=2024&match=30341&style=villarreal","poster":""}],"links":[]}]},"excerpt":{"rendered":"El Villarreal rep al conjunt canari amb l&#8217;objectiu de consolidar el treball i tornar a guanyar en LALIGA (diumenge, 14.00h)","protected":false},"author":25,"featured_media":284288,"comment_status":"closed","ping_status":"closed","sticky":false,"template":"","format":"standard","meta":{"_acf_changed":false,"footnotes":""},"categories":[13493],"tags":[11429,717,9270,11042,9283,9278,716,9205,9627,10756,9203],"acf":null,"lang":"val","translations":{"es":284283,"val":284291,"en":284322},"essential_grid":{"has_grid":false},"formatted_date":"October 7, 2023","modified_date":"October 6, 2023","permalink":"https:\/\/villarrealcf.es\/val\/assentar-se-en-la-senda-del-triomf-davant-las-palmas\/","reading_time":2,"featured_media_data":{"id":284288,"title":"sorlothgoludalmeria","caption":"","alt_text":"","description":"","mime_type":"image\/jpeg","source_url":"https:\/\/villarrealcf.es\/wp-content\/uploads\/2023\/10\/sorlothgoludalmeria.jpg","sizes":{"thumbnail":{"url":"https:\/\/villarrealcf.es\/wp-content\/uploads\/2023\/10\/sorlothgoludalmeria-1920x1080.jpg","width":1920,"height":1080},"medium":{"url":"https:\/\/villarrealcf.es\/wp-content\/uploads\/2023\/10\/sorlothgoludalmeria-1920x1080.jpg","width":1920,"height":1080},"medium_large":{"url":"https:\/\/villarrealcf.es\/wp-content\/uploads\/2023\/10\/sorlothgoludalmeria-768x432.jpg","width":768,"height":432},"large":{"url":"https:\/\/villarrealcf.es\/wp-content\/uploads\/2023\/10\/sorlothgoludalmeria-1920x1080.jpg","width":788,"height":443},"1536x1536":{"url":"https:\/\/villarrealcf.es\/wp-content\/uploads\/2023\/10\/sorlothgoludalmeria-1536x864.jpg","width":1536,"height":864},"2048x2048":{"url":"https:\/\/villarrealcf.es\/wp-content\/uploads\/2023\/10\/sorlothgoludalmeria.jpg","width":1920,"height":1080},"tp-image-grid":{"url":"https:\/\/villarrealcf.es\/wp-content\/uploads\/2023\/10\/sorlothgoludalmeria-700x700.jpg","width":700,"height":700},"size-bunyad-medium":{"url":"https:\/\/villarrealcf.es\/wp-content\/uploads\/2023\/10\/sorlothgoludalmeria-1920x1080.jpg","width":1920,"height":1080},"sportspress-crop-medium":{"url":"https:\/\/villarrealcf.es\/wp-content\/uploads\/2023\/10\/sorlothgoludalmeria-300x300.jpg","width":300,"height":300},"sportspress-fit-medium":{"url":"https:\/\/villarrealcf.es\/wp-content\/uploads\/2023\/10\/sorlothgoludalmeria-300x169.jpg","width":300,"height":169},"sportspress-fit-icon":{"url":"https:\/\/villarrealcf.es\/wp-content\/uploads\/2023\/10\/sorlothgoludalmeria-128x72.jpg","width":128,"height":72},"sportspress-fit-mini":{"url":"https:\/\/villarrealcf.es\/wp-content\/uploads\/2023\/10\/sorlothgoludalmeria-32x18.jpg","width":32,"height":18},"bunyad-small":{"url":"https:\/\/villarrealcf.es\/wp-content\/uploads\/2023\/10\/sorlothgoludalmeria-150x84.jpg","width":150,"height":84},"bunyad-medium":{"url":"https:\/\/villarrealcf.es\/wp-content\/uploads\/2023\/10\/sorlothgoludalmeria-450x253.jpg","width":450,"height":253},"bunyad-full":{"url":"https:\/\/villarrealcf.es\/wp-content\/uploads\/2023\/10\/sorlothgoludalmeria-1200x675.jpg","width":1200,"height":675},"bunyad-viewport":{"url":"https:\/\/villarrealcf.es\/wp-content\/uploads\/2023\/10\/sorlothgoludalmeria.jpg","width":1920,"height":1080},"bunyad-768":{"url":"https:\/\/villarrealcf.es\/wp-content\/uploads\/2023\/10\/sorlothgoludalmeria-768x432.jpg","width":768,"height":432},"full":{"url":"https:\/\/villarrealcf.es\/wp-content\/uploads\/2023\/10\/sorlothgoludalmeria.jpg","width":1920,"height":1080}}},"author_data":{"id":"25","name":"Javier Ayuso","first_name":"Javier","last_name":"Ayuso","description":"","avatar_url":"https:\/\/secure.gravatar.com\/avatar\/fcf8894be45988fcce5bbff0efe1790d2a7f4ba57e2c7c898f5068154e696495?s=96&d=mm&r=g","acf":null},"taxonomies_data":{"category":[{"id":13493,"name":"Primer equip","slug":"primer-equip","acf":null}],"post_tag":[{"id":11429,"name":"Estadio de la Cer\u00e1mica","slug":"estadio-de-la-ceramica-val","acf":null},{"id":717,"name":"Football","slug":"football-d34","acf":null},{"id":9270,"name":"Futbol","slug":"futbol-val","acf":null},{"id":11042,"name":"LaLiga","slug":"laliga-val","acf":null},{"id":9283,"name":"previa","slug":"previa-val","acf":null},{"id":9278,"name":"primera division","slug":"primera-division-val","acf":null},{"id":716,"name":"Soccer","slug":"soccer-d105","acf":null},{"id":9205,"name":"Submarino","slug":"submarino-val","acf":null},{"id":9627,"name":"Submarino Amarillo","slug":"submarino-amarillo-val","acf":null},{"id":10756,"name":"UD Las Palmas","slug":"ud-las-palmas-val","acf":null},{"id":9203,"name":"Villarreal CF","slug":"villarreal-cf-val","acf":null}],"translation_priority":[{"id":735,"name":"Optional","slug":"optional-val","acf":null}]},"seo_full":{"native":{"title":"Assentar-se en la senda del triomf davant Las Palmas - Web Oficial del Villarreal CF","description":"El Villarreal rep al conjunt canari amb l'objectiu de consolidar el treball i tornar a guanyar en LALIGA (diumenge, 14.00h)","canonical":"https:\/\/villarrealcf.es\/val\/assentar-se-en-la-senda-del-triomf-davant-las-palmas\/"}},"_links":{"self":[{"href":"https:\/\/villarrealcf.es\/val\/wp-json\/wp\/v2\/posts\/284291","targetHints":{"allow":["GET"]}}],"collection":[{"href":"https:\/\/villarrealcf.es\/val\/wp-json\/wp\/v2\/posts"}],"about":[{"href":"https:\/\/villarrealcf.es\/val\/wp-json\/wp\/v2\/types\/post"}],"author":[{"embeddable":true,"href":"https:\/\/villarrealcf.es\/val\/wp-json\/wp\/v2\/users\/25"}],"replies":[{"embeddable":true,"href":"https:\/\/villarrealcf.es\/val\/wp-json\/wp\/v2\/comments?post=284291"}],"version-history":[{"count":0,"href":"https:\/\/villarrealcf.es\/val\/wp-json\/wp\/v2\/posts\/284291\/revisions"}],"wp:featuredmedia":[{"embeddable":true,"href":"https:\/\/villarrealcf.es\/val\/wp-json\/wp\/v2\/media\/284288"}],"wp:attachment":[{"href":"https:\/\/villarrealcf.es\/val\/wp-json\/wp\/v2\/media?parent=284291"}],"wp:term":[{"taxonomy":"category","embeddable":true,"href":"https:\/\/villarrealcf.es\/val\/wp-json\/wp\/v2\/categories?post=284291"},{"taxonomy":"post_tag","embeddable":true,"href":"https:\/\/villarrealcf.es\/val\/wp-json\/wp\/v2\/tags?post=284291"}],"curies":[{"name":"wp","href":"https:\/\/api.w.org\/{rel}","templated":true}]}}