{"id":282448,"date":"2023-09-20T18:29:46","date_gmt":"2023-09-20T16:29:46","guid":{"rendered":"https:\/\/villarrealcf.es\/\/queremos-pasear-el-nombre-del-villarreal-por-europa-con-orgullo\/"},"modified":"2023-09-20T17:43:31","modified_gmt":"2023-09-20T15:43:31","slug":"volem-passejar-el-nom-del-villarreal-per-europa-amb-orgull","status":"publish","type":"post","link":"https:\/\/villarrealcf.es\/val\/volem-passejar-el-nom-del-villarreal-per-europa-amb-orgull\/","title":{"rendered":"&#8220;Volem passejar el nom del Villarreal per Europa amb orgull&#8221;"},"content":{"protected":false,"blocks":[{"type":"heading","level":2,"text":"Reina assegura un partit complicat davant el Panathinaikos (dijous, 18.45h)"},{"type":"paragraph","text":"El futbolista del Villarreal CF, Pepe Reina, ha comparegut davant els mitjans de comunicaci\u00f3 en la roda de premsa pr\u00e8via al debut de l\u2019equip en una nova edici\u00f3 de la UEFA Europa League que tindr\u00e0 lloc dem\u00e0 dijous, a partir de les 18.45 hores, davant el Panathinaikos en l\u2019Estadi Ol\u00edmpic d\u2019Atenes."},{"type":"paragraph","text":"Aquestes han sigut les declaracions m\u00e9s destacades del porter groguet:"},{"type":"paragraph","text":"A per una nova Europa League"},{"type":"paragraph","text":"\u201cAquesta competici\u00f3 \u00e9s un repte. Tenim moltes esperances i il\u00b7lusions posades a aspirar a un t\u00edtol que el club ja ha guanyat. Volem passejar el nom del Villarreal per Europa amb total orgull i satisfacci\u00f3 que les coses isquen b\u00e9\u201d."},{"type":"paragraph","text":"El Panathinaikos"},{"type":"paragraph","text":"\u201cEns posaran les coses dif\u00edcils i m\u00e9s encara jugant en el seu camp. \u00c9s un vell conegut en aquesta mena de competicions i, aquesta temporada, porta tres vict\u00f2ries de tres en la seua lliga amb porteria a zero. A m\u00e9s, t\u00e9 molt bons futbolistes ofensius\u201d."},{"type":"paragraph","text":"Important comen\u00e7ar el cam\u00ed a Europa guanyant"},{"type":"paragraph","text":"\u201cEls primers partits d\u2019una fase de grups s\u00f3n importants, m\u00e9s del que sembla. Comen\u00e7ar fora de casa no \u00e9s bo, per\u00f2 hem de saber adaptar-nos\u201d"},{"type":"paragraph","text":"El sistema de Pacheta"},{"type":"paragraph","text":"\u201cPortem poc temps, per\u00f2 estem aprenent els seus conceptes i cada vegada tenim m\u00e9s clares les seues idees. Estem preparats per a fer coses importants i el primer pas \u00e9s aquest partit\u201d."},{"type":"paragraph","text":"Un partit per a igualar a Casillas com a jugador espanyol amb m\u00e9s partits europeus jugats"},{"type":"paragraph","text":"\u201cAix\u00f2 m\u2019han comentat. Tant de bo puga continuar jugant molts partits m\u00e9s, alguna cosa que \u00e9s un privilegi per a mi i, despr\u00e9s, per Cristiano Ronaldo, que \u00e9s el que t\u00e9 el r\u00e8cord\u201d."}],"structured":{"summary":{"text":"Reina assegura un partit complicat davant el Panathinaikos (dijous, 18.45h) El futbolista del Villarreal CF, Pepe Reina, ha comparegut davant els mitjans de comunicaci\u00f3 en la roda de premsa pr\u00e8via al debut de l\u2019equip en una nova edici\u00f3 de la UEFA Europa League que tindr\u00e0 lloc dem\u00e0 dijous, a partir de les 18.45 hores, davant el Panathinaikos en l\u2019Estadi Ol\u00edmpic d\u2019Atenes. Aquestes han sigut les declaracions m\u00e9s destacades del porter groguet: A per una nova Europa League \u201cAquesta competici\u00f3 \u00e9s un repte. Tenim moltes esperances i il\u00b7lusions posades a aspirar a un t\u00edtol que el club ja ha guanyat. Volem passejar el nom del Villarreal per Europa amb total orgull i satisfacci\u00f3 que les coses isquen b\u00e9\u201d. El Panathinaikos \u201cEns posaran les coses dif\u00edcils i m\u00e9s encara jugant en el seu camp. \u00c9s un vell conegut en aquesta mena de competicions i, aquesta temporada, porta tres vict\u00f2ries de tres en la seua lliga amb porteria a zero. A m\u00e9s, t\u00e9 molt bons futbolistes ofensius\u201d. Important comen\u00e7ar el cam\u00ed a Europa guanyant \u201cEls primers partits d\u2019una fase de grups s\u00f3n importants, m\u00e9s del que sembla. Comen\u00e7ar fora de casa no \u00e9s bo, per\u00f2 hem de saber adaptar-nos\u201d El sistema de Pacheta \u201cPortem poc temps, per\u00f2 estem aprenent els seus conceptes i cada vegada tenim m\u00e9s clares les seues idees. Estem preparats per a fer coses importants i el primer pas \u00e9s aquest partit\u201d. Un partit per a igualar a Casillas com a jugador espanyol amb m\u00e9s partits europeus jugats \u201cAix\u00f2 m\u2019han comentat. Tant de bo puga continuar jugant molts partits m\u00e9s, alguna cosa que \u00e9s un privilegi per a mi i, despr\u00e9s, per Cristiano Ronaldo, que \u00e9s el que t\u00e9 el r\u00e8cord\u201d.","headings":[{"type":"heading","level":2,"text":"Reina assegura un partit complicat davant el Panathinaikos (dijous, 18.45h)"}],"buttons":[],"images":[],"counts":{"blocks":13,"headings":1,"texts":12,"buttons":0,"images":0}},"sections":[{"id":"section-1","title":"Reina assegura un partit complicat davant el Panathinaikos (dijous, 18.45h)","text":"Reina assegura un partit complicat davant el Panathinaikos (dijous, 18.45h) El futbolista del Villarreal CF, Pepe Reina, ha comparegut davant els mitjans de comunicaci\u00f3 en la roda de premsa pr\u00e8via al debut de l\u2019equip en una nova edici\u00f3 de la UEFA Europa League que tindr\u00e0 lloc dem\u00e0 dijous, a partir de les 18.45 hores, davant el Panathinaikos en l\u2019Estadi Ol\u00edmpic d\u2019Atenes. Aquestes han sigut les declaracions m\u00e9s destacades del porter groguet: A per una nova Europa League \u201cAquesta competici\u00f3 \u00e9s un repte. Tenim moltes esperances i il\u00b7lusions posades a aspirar a un t\u00edtol que el club ja ha guanyat. Volem passejar el nom del Villarreal per Europa amb total orgull i satisfacci\u00f3 que les coses isquen b\u00e9\u201d. El Panathinaikos \u201cEns posaran les coses dif\u00edcils i m\u00e9s encara jugant en el seu camp. \u00c9s un vell conegut en aquesta mena de competicions i, aquesta temporada, porta tres vict\u00f2ries de tres en la seua lliga amb porteria a zero. A m\u00e9s, t\u00e9 molt bons futbolistes ofensius\u201d. Important comen\u00e7ar el cam\u00ed a Europa guanyant \u201cEls primers partits d\u2019una fase de grups s\u00f3n importants, m\u00e9s del que sembla. Comen\u00e7ar fora de casa no \u00e9s bo, per\u00f2 hem de saber adaptar-nos\u201d El sistema de Pacheta \u201cPortem poc temps, per\u00f2 estem aprenent els seus conceptes i cada vegada tenim m\u00e9s clares les seues idees. Estem preparats per a fer coses importants i el primer pas \u00e9s aquest partit\u201d. Un partit per a igualar a Casillas com a jugador espanyol amb m\u00e9s partits europeus jugats \u201cAix\u00f2 m\u2019han comentat. Tant de bo puga continuar jugant molts partits m\u00e9s, alguna cosa que \u00e9s un privilegi per a mi i, despr\u00e9s, per Cristiano Ronaldo, que \u00e9s el que t\u00e9 el r\u00e8cord\u201d.","headings":[{"type":"heading","level":2,"text":"Reina assegura un partit complicat davant el Panathinaikos (dijous, 18.45h)"}],"texts":[{"type":"paragraph","text":"El futbolista del Villarreal CF, Pepe Reina, ha comparegut davant els mitjans de comunicaci\u00f3 en la roda de premsa pr\u00e8via al debut de l\u2019equip en una nova edici\u00f3 de la UEFA Europa League que tindr\u00e0 lloc dem\u00e0 dijous, a partir de les 18.45 hores, davant el Panathinaikos en l\u2019Estadi Ol\u00edmpic d\u2019Atenes."},{"type":"paragraph","text":"Aquestes han sigut les declaracions m\u00e9s destacades del porter groguet:"},{"type":"paragraph","text":"A per una nova Europa League"},{"type":"paragraph","text":"\u201cAquesta competici\u00f3 \u00e9s un repte. Tenim moltes esperances i il\u00b7lusions posades a aspirar a un t\u00edtol que el club ja ha guanyat. Volem passejar el nom del Villarreal per Europa amb total orgull i satisfacci\u00f3 que les coses isquen b\u00e9\u201d."},{"type":"paragraph","text":"El Panathinaikos"},{"type":"paragraph","text":"\u201cEns posaran les coses dif\u00edcils i m\u00e9s encara jugant en el seu camp. \u00c9s un vell conegut en aquesta mena de competicions i, aquesta temporada, porta tres vict\u00f2ries de tres en la seua lliga amb porteria a zero. A m\u00e9s, t\u00e9 molt bons futbolistes ofensius\u201d."},{"type":"paragraph","text":"Important comen\u00e7ar el cam\u00ed a Europa guanyant"},{"type":"paragraph","text":"\u201cEls primers partits d\u2019una fase de grups s\u00f3n importants, m\u00e9s del que sembla. Comen\u00e7ar fora de casa no \u00e9s bo, per\u00f2 hem de saber adaptar-nos\u201d"},{"type":"paragraph","text":"El sistema de Pacheta"},{"type":"paragraph","text":"\u201cPortem poc temps, per\u00f2 estem aprenent els seus conceptes i cada vegada tenim m\u00e9s clares les seues idees. Estem preparats per a fer coses importants i el primer pas \u00e9s aquest partit\u201d."},{"type":"paragraph","text":"Un partit per a igualar a Casillas com a jugador espanyol amb m\u00e9s partits europeus jugats"},{"type":"paragraph","text":"\u201cAix\u00f2 m\u2019han comentat. Tant de bo puga continuar jugant molts partits m\u00e9s, alguna cosa que \u00e9s un privilegi per a mi i, despr\u00e9s, per Cristiano Ronaldo, que \u00e9s el que t\u00e9 el r\u00e8cord\u201d."}],"buttons":[],"images":[],"widgets":[],"blocks":[{"type":"heading","level":2,"text":"Reina assegura un partit complicat davant el Panathinaikos (dijous, 18.45h)"},{"type":"paragraph","text":"El futbolista del Villarreal CF, Pepe Reina, ha comparegut davant els mitjans de comunicaci\u00f3 en la roda de premsa pr\u00e8via al debut de l\u2019equip en una nova edici\u00f3 de la UEFA Europa League que tindr\u00e0 lloc dem\u00e0 dijous, a partir de les 18.45 hores, davant el Panathinaikos en l\u2019Estadi Ol\u00edmpic d\u2019Atenes."},{"type":"paragraph","text":"Aquestes han sigut les declaracions m\u00e9s destacades del porter groguet:"},{"type":"paragraph","text":"A per una nova Europa League"},{"type":"paragraph","text":"\u201cAquesta competici\u00f3 \u00e9s un repte. Tenim moltes esperances i il\u00b7lusions posades a aspirar a un t\u00edtol que el club ja ha guanyat. Volem passejar el nom del Villarreal per Europa amb total orgull i satisfacci\u00f3 que les coses isquen b\u00e9\u201d."},{"type":"paragraph","text":"El Panathinaikos"},{"type":"paragraph","text":"\u201cEns posaran les coses dif\u00edcils i m\u00e9s encara jugant en el seu camp. \u00c9s un vell conegut en aquesta mena de competicions i, aquesta temporada, porta tres vict\u00f2ries de tres en la seua lliga amb porteria a zero. A m\u00e9s, t\u00e9 molt bons futbolistes ofensius\u201d."},{"type":"paragraph","text":"Important comen\u00e7ar el cam\u00ed a Europa guanyant"},{"type":"paragraph","text":"\u201cEls primers partits d\u2019una fase de grups s\u00f3n importants, m\u00e9s del que sembla. Comen\u00e7ar fora de casa no \u00e9s bo, per\u00f2 hem de saber adaptar-nos\u201d"},{"type":"paragraph","text":"El sistema de Pacheta"},{"type":"paragraph","text":"\u201cPortem poc temps, per\u00f2 estem aprenent els seus conceptes i cada vegada tenim m\u00e9s clares les seues idees. Estem preparats per a fer coses importants i el primer pas \u00e9s aquest partit\u201d."},{"type":"paragraph","text":"Un partit per a igualar a Casillas com a jugador espanyol amb m\u00e9s partits europeus jugats"},{"type":"paragraph","text":"\u201cAix\u00f2 m\u2019han comentat. Tant de bo puga continuar jugant molts partits m\u00e9s, alguna cosa que \u00e9s un privilegi per a mi i, despr\u00e9s, per Cristiano Ronaldo, que \u00e9s el que t\u00e9 el r\u00e8cord\u201d."}]}],"hero":{"id":"section-1","title":"Reina assegura un partit complicat davant el Panathinaikos (dijous, 18.45h)","text":"Reina assegura un partit complicat davant el Panathinaikos (dijous, 18.45h) El futbolista del Villarreal CF, Pepe Reina, ha comparegut davant els mitjans de comunicaci\u00f3 en la roda de premsa pr\u00e8via al debut de l\u2019equip en una nova edici\u00f3 de la UEFA Europa League que tindr\u00e0 lloc dem\u00e0 dijous, a partir de les 18.45 hores, davant el Panathinaikos en l\u2019Estadi Ol\u00edmpic d\u2019Atenes. Aquestes han sigut les declaracions m\u00e9s destacades del porter groguet: A per una nova Europa League \u201cAquesta competici\u00f3 \u00e9s un repte. Tenim moltes esperances i il\u00b7lusions posades a aspirar a un t\u00edtol que el club ja ha guanyat. Volem passejar el nom del Villarreal per Europa amb total orgull i satisfacci\u00f3 que les coses isquen b\u00e9\u201d. El Panathinaikos \u201cEns posaran les coses dif\u00edcils i m\u00e9s encara jugant en el seu camp. \u00c9s un vell conegut en aquesta mena de competicions i, aquesta temporada, porta tres vict\u00f2ries de tres en la seua lliga amb porteria a zero. A m\u00e9s, t\u00e9 molt bons futbolistes ofensius\u201d. Important comen\u00e7ar el cam\u00ed a Europa guanyant \u201cEls primers partits d\u2019una fase de grups s\u00f3n importants, m\u00e9s del que sembla. Comen\u00e7ar fora de casa no \u00e9s bo, per\u00f2 hem de saber adaptar-nos\u201d El sistema de Pacheta \u201cPortem poc temps, per\u00f2 estem aprenent els seus conceptes i cada vegada tenim m\u00e9s clares les seues idees. Estem preparats per a fer coses importants i el primer pas \u00e9s aquest partit\u201d. Un partit per a igualar a Casillas com a jugador espanyol amb m\u00e9s partits europeus jugats \u201cAix\u00f2 m\u2019han comentat. Tant de bo puga continuar jugant molts partits m\u00e9s, alguna cosa que \u00e9s un privilegi per a mi i, despr\u00e9s, per Cristiano Ronaldo, que \u00e9s el que t\u00e9 el r\u00e8cord\u201d.","headings":[{"type":"heading","level":2,"text":"Reina assegura un partit complicat davant el Panathinaikos (dijous, 18.45h)"}],"texts":[{"type":"paragraph","text":"El futbolista del Villarreal CF, Pepe Reina, ha comparegut davant els mitjans de comunicaci\u00f3 en la roda de premsa pr\u00e8via al debut de l\u2019equip en una nova edici\u00f3 de la UEFA Europa League que tindr\u00e0 lloc dem\u00e0 dijous, a partir de les 18.45 hores, davant el Panathinaikos en l\u2019Estadi Ol\u00edmpic d\u2019Atenes."},{"type":"paragraph","text":"Aquestes han sigut les declaracions m\u00e9s destacades del porter groguet:"},{"type":"paragraph","text":"A per una nova Europa League"},{"type":"paragraph","text":"\u201cAquesta competici\u00f3 \u00e9s un repte. Tenim moltes esperances i il\u00b7lusions posades a aspirar a un t\u00edtol que el club ja ha guanyat. Volem passejar el nom del Villarreal per Europa amb total orgull i satisfacci\u00f3 que les coses isquen b\u00e9\u201d."},{"type":"paragraph","text":"El Panathinaikos"},{"type":"paragraph","text":"\u201cEns posaran les coses dif\u00edcils i m\u00e9s encara jugant en el seu camp. \u00c9s un vell conegut en aquesta mena de competicions i, aquesta temporada, porta tres vict\u00f2ries de tres en la seua lliga amb porteria a zero. A m\u00e9s, t\u00e9 molt bons futbolistes ofensius\u201d."},{"type":"paragraph","text":"Important comen\u00e7ar el cam\u00ed a Europa guanyant"},{"type":"paragraph","text":"\u201cEls primers partits d\u2019una fase de grups s\u00f3n importants, m\u00e9s del que sembla. Comen\u00e7ar fora de casa no \u00e9s bo, per\u00f2 hem de saber adaptar-nos\u201d"},{"type":"paragraph","text":"El sistema de Pacheta"},{"type":"paragraph","text":"\u201cPortem poc temps, per\u00f2 estem aprenent els seus conceptes i cada vegada tenim m\u00e9s clares les seues idees. Estem preparats per a fer coses importants i el primer pas \u00e9s aquest partit\u201d."},{"type":"paragraph","text":"Un partit per a igualar a Casillas com a jugador espanyol amb m\u00e9s partits europeus jugats"},{"type":"paragraph","text":"\u201cAix\u00f2 m\u2019han comentat. Tant de bo puga continuar jugant molts partits m\u00e9s, alguna cosa que \u00e9s un privilegi per a mi i, despr\u00e9s, per Cristiano Ronaldo, que \u00e9s el que t\u00e9 el r\u00e8cord\u201d."}],"buttons":[],"images":[],"widgets":[],"blocks":[{"type":"heading","level":2,"text":"Reina assegura un partit complicat davant el Panathinaikos (dijous, 18.45h)"},{"type":"paragraph","text":"El futbolista del Villarreal CF, Pepe Reina, ha comparegut davant els mitjans de comunicaci\u00f3 en la roda de premsa pr\u00e8via al debut de l\u2019equip en una nova edici\u00f3 de la UEFA Europa League que tindr\u00e0 lloc dem\u00e0 dijous, a partir de les 18.45 hores, davant el Panathinaikos en l\u2019Estadi Ol\u00edmpic d\u2019Atenes."},{"type":"paragraph","text":"Aquestes han sigut les declaracions m\u00e9s destacades del porter groguet:"},{"type":"paragraph","text":"A per una nova Europa League"},{"type":"paragraph","text":"\u201cAquesta competici\u00f3 \u00e9s un repte. Tenim moltes esperances i il\u00b7lusions posades a aspirar a un t\u00edtol que el club ja ha guanyat. Volem passejar el nom del Villarreal per Europa amb total orgull i satisfacci\u00f3 que les coses isquen b\u00e9\u201d."},{"type":"paragraph","text":"El Panathinaikos"},{"type":"paragraph","text":"\u201cEns posaran les coses dif\u00edcils i m\u00e9s encara jugant en el seu camp. \u00c9s un vell conegut en aquesta mena de competicions i, aquesta temporada, porta tres vict\u00f2ries de tres en la seua lliga amb porteria a zero. A m\u00e9s, t\u00e9 molt bons futbolistes ofensius\u201d."},{"type":"paragraph","text":"Important comen\u00e7ar el cam\u00ed a Europa guanyant"},{"type":"paragraph","text":"\u201cEls primers partits d\u2019una fase de grups s\u00f3n importants, m\u00e9s del que sembla. Comen\u00e7ar fora de casa no \u00e9s bo, per\u00f2 hem de saber adaptar-nos\u201d"},{"type":"paragraph","text":"El sistema de Pacheta"},{"type":"paragraph","text":"\u201cPortem poc temps, per\u00f2 estem aprenent els seus conceptes i cada vegada tenim m\u00e9s clares les seues idees. Estem preparats per a fer coses importants i el primer pas \u00e9s aquest partit\u201d."},{"type":"paragraph","text":"Un partit per a igualar a Casillas com a jugador espanyol amb m\u00e9s partits europeus jugats"},{"type":"paragraph","text":"\u201cAix\u00f2 m\u2019han comentat. Tant de bo puga continuar jugant molts partits m\u00e9s, alguna cosa que \u00e9s un privilegi per a mi i, despr\u00e9s, per Cristiano Ronaldo, que \u00e9s el que t\u00e9 el r\u00e8cord\u201d."}]}},"sections":[{"id":"section-1","title":"Reina assegura un partit complicat davant el Panathinaikos (dijous, 18.45h)","text":"Reina assegura un partit complicat davant el Panathinaikos (dijous, 18.45h) El futbolista del Villarreal CF, Pepe Reina, ha comparegut davant els mitjans de comunicaci\u00f3 en la roda de premsa pr\u00e8via al debut de l\u2019equip en una nova edici\u00f3 de la UEFA Europa League que tindr\u00e0 lloc dem\u00e0 dijous, a partir de les 18.45 hores, davant el Panathinaikos en l\u2019Estadi Ol\u00edmpic d\u2019Atenes. Aquestes han sigut les declaracions m\u00e9s destacades del porter groguet: A per una nova Europa League \u201cAquesta competici\u00f3 \u00e9s un repte. Tenim moltes esperances i il\u00b7lusions posades a aspirar a un t\u00edtol que el club ja ha guanyat. Volem passejar el nom del Villarreal per Europa amb total orgull i satisfacci\u00f3 que les coses isquen b\u00e9\u201d. El Panathinaikos \u201cEns posaran les coses dif\u00edcils i m\u00e9s encara jugant en el seu camp. \u00c9s un vell conegut en aquesta mena de competicions i, aquesta temporada, porta tres vict\u00f2ries de tres en la seua lliga amb porteria a zero. A m\u00e9s, t\u00e9 molt bons futbolistes ofensius\u201d. Important comen\u00e7ar el cam\u00ed a Europa guanyant \u201cEls primers partits d\u2019una fase de grups s\u00f3n importants, m\u00e9s del que sembla. Comen\u00e7ar fora de casa no \u00e9s bo, per\u00f2 hem de saber adaptar-nos\u201d El sistema de Pacheta \u201cPortem poc temps, per\u00f2 estem aprenent els seus conceptes i cada vegada tenim m\u00e9s clares les seues idees. Estem preparats per a fer coses importants i el primer pas \u00e9s aquest partit\u201d. Un partit per a igualar a Casillas com a jugador espanyol amb m\u00e9s partits europeus jugats \u201cAix\u00f2 m\u2019han comentat. Tant de bo puga continuar jugant molts partits m\u00e9s, alguna cosa que \u00e9s un privilegi per a mi i, despr\u00e9s, per Cristiano Ronaldo, que \u00e9s el que t\u00e9 el r\u00e8cord\u201d.","url":"","background_image":"","images":[],"videos":[],"links":[]}]},"excerpt":{"rendered":"Reina assegura un partit complicat davant el Panathinaikos (dijous, 18.45h)","protected":false},"author":33,"featured_media":282465,"comment_status":"closed","ping_status":"closed","sticky":false,"template":"","format":"standard","meta":{"_acf_changed":false,"footnotes":""},"categories":[13493],"tags":[717,9270,14987,13901,9680,716,9205,9627,9203],"acf":null,"lang":"val","translations":{"es":282440,"val":282448,"en":282484},"essential_grid":{"has_grid":false},"formatted_date":"September 20, 2023","modified_date":"September 20, 2023","permalink":"https:\/\/villarrealcf.es\/val\/volem-passejar-el-nom-del-villarreal-per-europa-amb-orgull\/","reading_time":2,"featured_media_data":{"id":282465,"title":"rdp reina","caption":"","alt_text":"","description":"","mime_type":"image\/jpeg","source_url":"https:\/\/villarrealcf.es\/wp-content\/uploads\/2023\/09\/rdp-reina-jpg.webp","sizes":{"thumbnail":{"url":"https:\/\/villarrealcf.es\/wp-content\/uploads\/2023\/09\/rdp-reina-1920x1080.webp","width":1920,"height":1080},"medium":{"url":"https:\/\/villarrealcf.es\/wp-content\/uploads\/2023\/09\/rdp-reina-1920x1080.webp","width":1920,"height":1080},"medium_large":{"url":"https:\/\/villarrealcf.es\/wp-content\/uploads\/2023\/09\/rdp-reina-768x432.webp","width":768,"height":432},"large":{"url":"https:\/\/villarrealcf.es\/wp-content\/uploads\/2023\/09\/rdp-reina-1920x1080.webp","width":788,"height":443},"1536x1536":{"url":"https:\/\/villarrealcf.es\/wp-content\/uploads\/2023\/09\/rdp-reina-1536x864.webp","width":1536,"height":864},"2048x2048":{"url":"https:\/\/villarrealcf.es\/wp-content\/uploads\/2023\/09\/rdp-reina-2048x1152.webp","width":2048,"height":1152},"tp-image-grid":{"url":"https:\/\/villarrealcf.es\/wp-content\/uploads\/2023\/09\/rdp-reina-700x700.webp","width":700,"height":700},"size-bunyad-medium":{"url":"https:\/\/villarrealcf.es\/wp-content\/uploads\/2023\/09\/rdp-reina-1920x1080.webp","width":1920,"height":1080},"sportspress-crop-medium":{"url":"https:\/\/villarrealcf.es\/wp-content\/uploads\/2023\/09\/rdp-reina-300x300.webp","width":300,"height":300},"sportspress-fit-medium":{"url":"https:\/\/villarrealcf.es\/wp-content\/uploads\/2023\/09\/rdp-reina-300x169.webp","width":300,"height":169},"sportspress-fit-icon":{"url":"https:\/\/villarrealcf.es\/wp-content\/uploads\/2023\/09\/rdp-reina-128x72.webp","width":128,"height":72},"sportspress-fit-mini":{"url":"https:\/\/villarrealcf.es\/wp-content\/uploads\/2023\/09\/rdp-reina-32x18.webp","width":32,"height":18},"bunyad-small":{"url":"https:\/\/villarrealcf.es\/wp-content\/uploads\/2023\/09\/rdp-reina-150x84.webp","width":150,"height":84},"bunyad-medium":{"url":"https:\/\/villarrealcf.es\/wp-content\/uploads\/2023\/09\/rdp-reina-450x253.webp","width":450,"height":253},"bunyad-full":{"url":"https:\/\/villarrealcf.es\/wp-content\/uploads\/2023\/09\/rdp-reina-1200x675.webp","width":1200,"height":675},"bunyad-viewport":{"url":"https:\/\/villarrealcf.es\/wp-content\/uploads\/2023\/09\/rdp-reina-2048x1152.webp","width":2048,"height":1152},"bunyad-768":{"url":"https:\/\/villarrealcf.es\/wp-content\/uploads\/2023\/09\/rdp-reina-768x432.webp","width":768,"height":432},"full":{"url":"https:\/\/villarrealcf.es\/wp-content\/uploads\/2023\/09\/rdp-reina-jpg.webp","width":2525,"height":1420}}},"author_data":{"id":"33","name":"Nacho Tejada","first_name":"Nacho","last_name":"Tejada","description":"","avatar_url":"https:\/\/secure.gravatar.com\/avatar\/b1580534b2fcd93e031504756165758941290488df5c88966a26f84344931fd1?s=96&d=mm&r=g","acf":null},"taxonomies_data":{"category":[{"id":13493,"name":"Primer equip","slug":"primer-equip","acf":null}],"post_tag":[{"id":717,"name":"Football","slug":"football-d34","acf":null},{"id":9270,"name":"Futbol","slug":"futbol-val","acf":null},{"id":14987,"name":"Panathinaikos","slug":"panathinaikos-val","acf":null},{"id":13901,"name":"Pepe Reina","slug":"pepe-reina-2-val","acf":null},{"id":9680,"name":"Rueda de prensa","slug":"rueda-de-prensa-val","acf":null},{"id":716,"name":"Soccer","slug":"soccer-d105","acf":null},{"id":9205,"name":"Submarino","slug":"submarino-val","acf":null},{"id":9627,"name":"Submarino Amarillo","slug":"submarino-amarillo-val","acf":null},{"id":9203,"name":"Villarreal CF","slug":"villarreal-cf-val","acf":null}],"translation_priority":[{"id":735,"name":"Optional","slug":"optional-val","acf":null}]},"seo_full":{"native":{"title":"&#8220;Volem passejar el nom del Villarreal per Europa amb orgull&#8221; - Web Oficial del Villarreal CF","description":"Reina assegura un partit complicat davant el Panathinaikos (dijous, 18.45h)","canonical":"https:\/\/villarrealcf.es\/val\/volem-passejar-el-nom-del-villarreal-per-europa-amb-orgull\/"}},"_links":{"self":[{"href":"https:\/\/villarrealcf.es\/val\/wp-json\/wp\/v2\/posts\/282448","targetHints":{"allow":["GET"]}}],"collection":[{"href":"https:\/\/villarrealcf.es\/val\/wp-json\/wp\/v2\/posts"}],"about":[{"href":"https:\/\/villarrealcf.es\/val\/wp-json\/wp\/v2\/types\/post"}],"author":[{"embeddable":true,"href":"https:\/\/villarrealcf.es\/val\/wp-json\/wp\/v2\/users\/33"}],"replies":[{"embeddable":true,"href":"https:\/\/villarrealcf.es\/val\/wp-json\/wp\/v2\/comments?post=282448"}],"version-history":[{"count":0,"href":"https:\/\/villarrealcf.es\/val\/wp-json\/wp\/v2\/posts\/282448\/revisions"}],"wp:featuredmedia":[{"embeddable":true,"href":"https:\/\/villarrealcf.es\/val\/wp-json\/wp\/v2\/media\/282465"}],"wp:attachment":[{"href":"https:\/\/villarrealcf.es\/val\/wp-json\/wp\/v2\/media?parent=282448"}],"wp:term":[{"taxonomy":"category","embeddable":true,"href":"https:\/\/villarrealcf.es\/val\/wp-json\/wp\/v2\/categories?post=282448"},{"taxonomy":"post_tag","embeddable":true,"href":"https:\/\/villarrealcf.es\/val\/wp-json\/wp\/v2\/tags?post=282448"}],"curies":[{"name":"wp","href":"https:\/\/api.w.org\/{rel}","templated":true}]}}