{"id":281009,"date":"2023-09-09T16:30:02","date_gmt":"2023-09-09T14:30:02","guid":{"rendered":"https:\/\/villarrealcf.es\/\/bienvenido-pacheta\/"},"modified":"2023-09-09T16:33:59","modified_gmt":"2023-09-09T14:33:59","slug":"benvingut-pacheta","status":"publish","type":"post","link":"https:\/\/villarrealcf.es\/val\/benvingut-pacheta\/","title":{"rendered":"Benvingut, Pacheta!"},"content":{"protected":false,"blocks":[{"type":"heading","level":2,"text":"El Villarreal CF i l\u2019entrenador burgal\u00e9s han arribat a un acord perqu\u00e8 dirigisca a l\u2019equip groc aquesta temporada"},{"type":"paragraph","text":"El Villarreal CF i Jos\u00e9 Rojo Mart\u00edn \u2018Pacheta\u2019 han arribat a un acord perqu\u00e8 el burgal\u00e9s siga l\u2019entrenador del Submar\u00ed durant aquesta temporada. Al costat de Pacheta, han signat amb el club Chema Monz\u00f3n (segon entrenador), Jorge Trigueros (preparador f\u00edsic) i Guillem Galmes (analista)."},{"type":"paragraph","text":"La roda de premsa de presentaci\u00f3 oficial ser\u00e0 dilluns que ve a les 12.30 hores a la Ciutat Esportiva Jos\u00e9 Manuel Llaneza en un acte dirigit exclusivament als mitjans de comunicaci\u00f3. Aquest esdeveniment podr\u00e0 veure\u2019s en directe a trav\u00e9s de VILLARREAL LIVE."},{"type":"paragraph","text":"Primer entrenament a portes obertes"},{"type":"paragraph","text":"Ja a la vesprada, Pacheta dirigir\u00e0 el seu primer entrenament tamb\u00e9 a la Ciutat Esportiva Jos\u00e9 Manuel Llaneza (horari per confirmar). Aquesta sessi\u00f3 ser\u00e0 de portes obertes per a tots aquells aficionats que vulguen brindar-li la benvinguda al nou t\u00e8cnic i a m\u00e9s veure de prop als seus \u00eddols."},{"type":"paragraph","text":"Jos\u00e9 Rojo Mart\u00edn \u2018Pacheta\u2019 (Salas de los Infantes, Burgos, 23 de mar\u00e7 de 1968) va tindre una llarga traject\u00f2ria com a futbolista professional, defensant els interessos d\u2019equips com el Numancia, Espanyol, M\u00e9rida, Real Burgos, Atl\u00e9tico Marbella i Racing Lerme\u00f1o."},{"type":"paragraph","text":"La seua carrera com a entrenador professional va comen\u00e7ar en la banqueta del Num\u00e0ncia, per a m\u00e9s tard dirigir a Real Oviedo, Cartagena, Korona Kielce de Pol\u00f2nia, H\u00e8rcules, Ratchaburi Mitr Phol de Tail\u00e0ndia, Elche, Huesca i Valladolid. Entre els seus \u00e8xits com a entrenador destaquen els dos ascensos a Primera Divisi\u00f3 aconseguits amb l\u2019Elche i el Valladolid. De fet, cal destacar que amb el conjunt il\u00b7licit\u00e0 va aconseguir dos ascensos, un a Segona Divisi\u00f3 A i un altre a Primera."},{"type":"paragraph","text":"El Villarreal CF i Pacheta uneixen els seus camins. El pr\u00f2xim comprom\u00eds del Submar\u00ed ser\u00e0 el diumenge 17 de setembre a l\u2019Estadi de la Cer\u00e0mica contra la UD Almeria (16.15 hores). Sempre Endavant!"}],"structured":{"summary":{"text":"El Villarreal CF i l\u2019entrenador burgal\u00e9s han arribat a un acord perqu\u00e8 dirigisca a l\u2019equip groc aquesta temporada El Villarreal CF i Jos\u00e9 Rojo Mart\u00edn \u2018Pacheta\u2019 han arribat a un acord perqu\u00e8 el burgal\u00e9s siga l\u2019entrenador del Submar\u00ed durant aquesta temporada. Al costat de Pacheta, han signat amb el club Chema Monz\u00f3n (segon entrenador), Jorge Trigueros (preparador f\u00edsic) i Guillem Galmes (analista). La roda de premsa de presentaci\u00f3 oficial ser\u00e0 dilluns que ve a les 12.30 hores a la Ciutat Esportiva Jos\u00e9 Manuel Llaneza en un acte dirigit exclusivament als mitjans de comunicaci\u00f3. Aquest esdeveniment podr\u00e0 veure\u2019s en directe a trav\u00e9s de VILLARREAL LIVE. Primer entrenament a portes obertes Ja a la vesprada, Pacheta dirigir\u00e0 el seu primer entrenament tamb\u00e9 a la Ciutat Esportiva Jos\u00e9 Manuel Llaneza (horari per confirmar). Aquesta sessi\u00f3 ser\u00e0 de portes obertes per a tots aquells aficionats que vulguen brindar-li la benvinguda al nou t\u00e8cnic i a m\u00e9s veure de prop als seus \u00eddols. Jos\u00e9 Rojo Mart\u00edn \u2018Pacheta\u2019 (Salas de los Infantes, Burgos, 23 de mar\u00e7 de 1968) va tindre una llarga traject\u00f2ria com a futbolista professional, defensant els interessos d\u2019equips com el Numancia, Espanyol, M\u00e9rida, Real Burgos, Atl\u00e9tico Marbella i Racing Lerme\u00f1o. La seua carrera com a entrenador professional va comen\u00e7ar en la banqueta del Num\u00e0ncia, per a m\u00e9s tard dirigir a Real Oviedo, Cartagena, Korona Kielce de Pol\u00f2nia, H\u00e8rcules, Ratchaburi Mitr Phol de Tail\u00e0ndia, Elche, Huesca i Valladolid. Entre els seus \u00e8xits com a entrenador destaquen els dos ascensos a Primera Divisi\u00f3 aconseguits amb l\u2019Elche i el Valladolid. De fet, cal destacar que amb el conjunt il\u00b7licit\u00e0 va aconseguir dos ascensos, un a Segona Divisi\u00f3 A i un altre a Primera. El Villarreal CF i Pacheta uneixen els seus camins. El pr\u00f2xim comprom\u00eds del Submar\u00ed ser\u00e0 el diumenge 17 de setembre a l\u2019Estadi de la Cer\u00e0mica contra la UD Almeria (16.15 hores). Sempre Endavant!","headings":[{"type":"heading","level":2,"text":"El Villarreal CF i l\u2019entrenador burgal\u00e9s han arribat a un acord perqu\u00e8 dirigisca a l\u2019equip groc aquesta temporada"}],"buttons":[],"images":[],"counts":{"blocks":8,"headings":1,"texts":7,"buttons":0,"images":0}},"sections":[{"id":"section-1","title":"El Villarreal CF i l\u2019entrenador burgal\u00e9s han arribat a un acord perqu\u00e8 dirigisca a l\u2019equip groc aquesta temporada","text":"El Villarreal CF i l\u2019entrenador burgal\u00e9s han arribat a un acord perqu\u00e8 dirigisca a l\u2019equip groc aquesta temporada El Villarreal CF i Jos\u00e9 Rojo Mart\u00edn \u2018Pacheta\u2019 han arribat a un acord perqu\u00e8 el burgal\u00e9s siga l\u2019entrenador del Submar\u00ed durant aquesta temporada. Al costat de Pacheta, han signat amb el club Chema Monz\u00f3n (segon entrenador), Jorge Trigueros (preparador f\u00edsic) i Guillem Galmes (analista). La roda de premsa de presentaci\u00f3 oficial ser\u00e0 dilluns que ve a les 12.30 hores a la Ciutat Esportiva Jos\u00e9 Manuel Llaneza en un acte dirigit exclusivament als mitjans de comunicaci\u00f3. Aquest esdeveniment podr\u00e0 veure\u2019s en directe a trav\u00e9s de VILLARREAL LIVE. Primer entrenament a portes obertes Ja a la vesprada, Pacheta dirigir\u00e0 el seu primer entrenament tamb\u00e9 a la Ciutat Esportiva Jos\u00e9 Manuel Llaneza (horari per confirmar). Aquesta sessi\u00f3 ser\u00e0 de portes obertes per a tots aquells aficionats que vulguen brindar-li la benvinguda al nou t\u00e8cnic i a m\u00e9s veure de prop als seus \u00eddols. Jos\u00e9 Rojo Mart\u00edn \u2018Pacheta\u2019 (Salas de los Infantes, Burgos, 23 de mar\u00e7 de 1968) va tindre una llarga traject\u00f2ria com a futbolista professional, defensant els interessos d\u2019equips com el Numancia, Espanyol, M\u00e9rida, Real Burgos, Atl\u00e9tico Marbella i Racing Lerme\u00f1o. La seua carrera com a entrenador professional va comen\u00e7ar en la banqueta del Num\u00e0ncia, per a m\u00e9s tard dirigir a Real Oviedo, Cartagena, Korona Kielce de Pol\u00f2nia, H\u00e8rcules, Ratchaburi Mitr Phol de Tail\u00e0ndia, Elche, Huesca i Valladolid. Entre els seus \u00e8xits com a entrenador destaquen els dos ascensos a Primera Divisi\u00f3 aconseguits amb l\u2019Elche i el Valladolid. De fet, cal destacar que amb el conjunt il\u00b7licit\u00e0 va aconseguir dos ascensos, un a Segona Divisi\u00f3 A i un altre a Primera. El Villarreal CF i Pacheta uneixen els seus camins. El pr\u00f2xim comprom\u00eds del Submar\u00ed ser\u00e0 el diumenge 17 de setembre a l\u2019Estadi de la Cer\u00e0mica contra la UD Almeria (16.15 hores). Sempre Endavant!","headings":[{"type":"heading","level":2,"text":"El Villarreal CF i l\u2019entrenador burgal\u00e9s han arribat a un acord perqu\u00e8 dirigisca a l\u2019equip groc aquesta temporada"}],"texts":[{"type":"paragraph","text":"El Villarreal CF i Jos\u00e9 Rojo Mart\u00edn \u2018Pacheta\u2019 han arribat a un acord perqu\u00e8 el burgal\u00e9s siga l\u2019entrenador del Submar\u00ed durant aquesta temporada. Al costat de Pacheta, han signat amb el club Chema Monz\u00f3n (segon entrenador), Jorge Trigueros (preparador f\u00edsic) i Guillem Galmes (analista)."},{"type":"paragraph","text":"La roda de premsa de presentaci\u00f3 oficial ser\u00e0 dilluns que ve a les 12.30 hores a la Ciutat Esportiva Jos\u00e9 Manuel Llaneza en un acte dirigit exclusivament als mitjans de comunicaci\u00f3. Aquest esdeveniment podr\u00e0 veure\u2019s en directe a trav\u00e9s de VILLARREAL LIVE."},{"type":"paragraph","text":"Primer entrenament a portes obertes"},{"type":"paragraph","text":"Ja a la vesprada, Pacheta dirigir\u00e0 el seu primer entrenament tamb\u00e9 a la Ciutat Esportiva Jos\u00e9 Manuel Llaneza (horari per confirmar). Aquesta sessi\u00f3 ser\u00e0 de portes obertes per a tots aquells aficionats que vulguen brindar-li la benvinguda al nou t\u00e8cnic i a m\u00e9s veure de prop als seus \u00eddols."},{"type":"paragraph","text":"Jos\u00e9 Rojo Mart\u00edn \u2018Pacheta\u2019 (Salas de los Infantes, Burgos, 23 de mar\u00e7 de 1968) va tindre una llarga traject\u00f2ria com a futbolista professional, defensant els interessos d\u2019equips com el Numancia, Espanyol, M\u00e9rida, Real Burgos, Atl\u00e9tico Marbella i Racing Lerme\u00f1o."},{"type":"paragraph","text":"La seua carrera com a entrenador professional va comen\u00e7ar en la banqueta del Num\u00e0ncia, per a m\u00e9s tard dirigir a Real Oviedo, Cartagena, Korona Kielce de Pol\u00f2nia, H\u00e8rcules, Ratchaburi Mitr Phol de Tail\u00e0ndia, Elche, Huesca i Valladolid. Entre els seus \u00e8xits com a entrenador destaquen els dos ascensos a Primera Divisi\u00f3 aconseguits amb l\u2019Elche i el Valladolid. De fet, cal destacar que amb el conjunt il\u00b7licit\u00e0 va aconseguir dos ascensos, un a Segona Divisi\u00f3 A i un altre a Primera."},{"type":"paragraph","text":"El Villarreal CF i Pacheta uneixen els seus camins. El pr\u00f2xim comprom\u00eds del Submar\u00ed ser\u00e0 el diumenge 17 de setembre a l\u2019Estadi de la Cer\u00e0mica contra la UD Almeria (16.15 hores). Sempre Endavant!"}],"buttons":[],"images":[],"widgets":[],"blocks":[{"type":"heading","level":2,"text":"El Villarreal CF i l\u2019entrenador burgal\u00e9s han arribat a un acord perqu\u00e8 dirigisca a l\u2019equip groc aquesta temporada"},{"type":"paragraph","text":"El Villarreal CF i Jos\u00e9 Rojo Mart\u00edn \u2018Pacheta\u2019 han arribat a un acord perqu\u00e8 el burgal\u00e9s siga l\u2019entrenador del Submar\u00ed durant aquesta temporada. Al costat de Pacheta, han signat amb el club Chema Monz\u00f3n (segon entrenador), Jorge Trigueros (preparador f\u00edsic) i Guillem Galmes (analista)."},{"type":"paragraph","text":"La roda de premsa de presentaci\u00f3 oficial ser\u00e0 dilluns que ve a les 12.30 hores a la Ciutat Esportiva Jos\u00e9 Manuel Llaneza en un acte dirigit exclusivament als mitjans de comunicaci\u00f3. Aquest esdeveniment podr\u00e0 veure\u2019s en directe a trav\u00e9s de VILLARREAL LIVE."},{"type":"paragraph","text":"Primer entrenament a portes obertes"},{"type":"paragraph","text":"Ja a la vesprada, Pacheta dirigir\u00e0 el seu primer entrenament tamb\u00e9 a la Ciutat Esportiva Jos\u00e9 Manuel Llaneza (horari per confirmar). Aquesta sessi\u00f3 ser\u00e0 de portes obertes per a tots aquells aficionats que vulguen brindar-li la benvinguda al nou t\u00e8cnic i a m\u00e9s veure de prop als seus \u00eddols."},{"type":"paragraph","text":"Jos\u00e9 Rojo Mart\u00edn \u2018Pacheta\u2019 (Salas de los Infantes, Burgos, 23 de mar\u00e7 de 1968) va tindre una llarga traject\u00f2ria com a futbolista professional, defensant els interessos d\u2019equips com el Numancia, Espanyol, M\u00e9rida, Real Burgos, Atl\u00e9tico Marbella i Racing Lerme\u00f1o."},{"type":"paragraph","text":"La seua carrera com a entrenador professional va comen\u00e7ar en la banqueta del Num\u00e0ncia, per a m\u00e9s tard dirigir a Real Oviedo, Cartagena, Korona Kielce de Pol\u00f2nia, H\u00e8rcules, Ratchaburi Mitr Phol de Tail\u00e0ndia, Elche, Huesca i Valladolid. Entre els seus \u00e8xits com a entrenador destaquen els dos ascensos a Primera Divisi\u00f3 aconseguits amb l\u2019Elche i el Valladolid. De fet, cal destacar que amb el conjunt il\u00b7licit\u00e0 va aconseguir dos ascensos, un a Segona Divisi\u00f3 A i un altre a Primera."},{"type":"paragraph","text":"El Villarreal CF i Pacheta uneixen els seus camins. El pr\u00f2xim comprom\u00eds del Submar\u00ed ser\u00e0 el diumenge 17 de setembre a l\u2019Estadi de la Cer\u00e0mica contra la UD Almeria (16.15 hores). Sempre Endavant!"}]}],"hero":{"id":"section-1","title":"El Villarreal CF i l\u2019entrenador burgal\u00e9s han arribat a un acord perqu\u00e8 dirigisca a l\u2019equip groc aquesta temporada","text":"El Villarreal CF i l\u2019entrenador burgal\u00e9s han arribat a un acord perqu\u00e8 dirigisca a l\u2019equip groc aquesta temporada El Villarreal CF i Jos\u00e9 Rojo Mart\u00edn \u2018Pacheta\u2019 han arribat a un acord perqu\u00e8 el burgal\u00e9s siga l\u2019entrenador del Submar\u00ed durant aquesta temporada. Al costat de Pacheta, han signat amb el club Chema Monz\u00f3n (segon entrenador), Jorge Trigueros (preparador f\u00edsic) i Guillem Galmes (analista). La roda de premsa de presentaci\u00f3 oficial ser\u00e0 dilluns que ve a les 12.30 hores a la Ciutat Esportiva Jos\u00e9 Manuel Llaneza en un acte dirigit exclusivament als mitjans de comunicaci\u00f3. Aquest esdeveniment podr\u00e0 veure\u2019s en directe a trav\u00e9s de VILLARREAL LIVE. Primer entrenament a portes obertes Ja a la vesprada, Pacheta dirigir\u00e0 el seu primer entrenament tamb\u00e9 a la Ciutat Esportiva Jos\u00e9 Manuel Llaneza (horari per confirmar). Aquesta sessi\u00f3 ser\u00e0 de portes obertes per a tots aquells aficionats que vulguen brindar-li la benvinguda al nou t\u00e8cnic i a m\u00e9s veure de prop als seus \u00eddols. Jos\u00e9 Rojo Mart\u00edn \u2018Pacheta\u2019 (Salas de los Infantes, Burgos, 23 de mar\u00e7 de 1968) va tindre una llarga traject\u00f2ria com a futbolista professional, defensant els interessos d\u2019equips com el Numancia, Espanyol, M\u00e9rida, Real Burgos, Atl\u00e9tico Marbella i Racing Lerme\u00f1o. La seua carrera com a entrenador professional va comen\u00e7ar en la banqueta del Num\u00e0ncia, per a m\u00e9s tard dirigir a Real Oviedo, Cartagena, Korona Kielce de Pol\u00f2nia, H\u00e8rcules, Ratchaburi Mitr Phol de Tail\u00e0ndia, Elche, Huesca i Valladolid. Entre els seus \u00e8xits com a entrenador destaquen els dos ascensos a Primera Divisi\u00f3 aconseguits amb l\u2019Elche i el Valladolid. De fet, cal destacar que amb el conjunt il\u00b7licit\u00e0 va aconseguir dos ascensos, un a Segona Divisi\u00f3 A i un altre a Primera. El Villarreal CF i Pacheta uneixen els seus camins. El pr\u00f2xim comprom\u00eds del Submar\u00ed ser\u00e0 el diumenge 17 de setembre a l\u2019Estadi de la Cer\u00e0mica contra la UD Almeria (16.15 hores). Sempre Endavant!","headings":[{"type":"heading","level":2,"text":"El Villarreal CF i l\u2019entrenador burgal\u00e9s han arribat a un acord perqu\u00e8 dirigisca a l\u2019equip groc aquesta temporada"}],"texts":[{"type":"paragraph","text":"El Villarreal CF i Jos\u00e9 Rojo Mart\u00edn \u2018Pacheta\u2019 han arribat a un acord perqu\u00e8 el burgal\u00e9s siga l\u2019entrenador del Submar\u00ed durant aquesta temporada. Al costat de Pacheta, han signat amb el club Chema Monz\u00f3n (segon entrenador), Jorge Trigueros (preparador f\u00edsic) i Guillem Galmes (analista)."},{"type":"paragraph","text":"La roda de premsa de presentaci\u00f3 oficial ser\u00e0 dilluns que ve a les 12.30 hores a la Ciutat Esportiva Jos\u00e9 Manuel Llaneza en un acte dirigit exclusivament als mitjans de comunicaci\u00f3. Aquest esdeveniment podr\u00e0 veure\u2019s en directe a trav\u00e9s de VILLARREAL LIVE."},{"type":"paragraph","text":"Primer entrenament a portes obertes"},{"type":"paragraph","text":"Ja a la vesprada, Pacheta dirigir\u00e0 el seu primer entrenament tamb\u00e9 a la Ciutat Esportiva Jos\u00e9 Manuel Llaneza (horari per confirmar). Aquesta sessi\u00f3 ser\u00e0 de portes obertes per a tots aquells aficionats que vulguen brindar-li la benvinguda al nou t\u00e8cnic i a m\u00e9s veure de prop als seus \u00eddols."},{"type":"paragraph","text":"Jos\u00e9 Rojo Mart\u00edn \u2018Pacheta\u2019 (Salas de los Infantes, Burgos, 23 de mar\u00e7 de 1968) va tindre una llarga traject\u00f2ria com a futbolista professional, defensant els interessos d\u2019equips com el Numancia, Espanyol, M\u00e9rida, Real Burgos, Atl\u00e9tico Marbella i Racing Lerme\u00f1o."},{"type":"paragraph","text":"La seua carrera com a entrenador professional va comen\u00e7ar en la banqueta del Num\u00e0ncia, per a m\u00e9s tard dirigir a Real Oviedo, Cartagena, Korona Kielce de Pol\u00f2nia, H\u00e8rcules, Ratchaburi Mitr Phol de Tail\u00e0ndia, Elche, Huesca i Valladolid. Entre els seus \u00e8xits com a entrenador destaquen els dos ascensos a Primera Divisi\u00f3 aconseguits amb l\u2019Elche i el Valladolid. De fet, cal destacar que amb el conjunt il\u00b7licit\u00e0 va aconseguir dos ascensos, un a Segona Divisi\u00f3 A i un altre a Primera."},{"type":"paragraph","text":"El Villarreal CF i Pacheta uneixen els seus camins. El pr\u00f2xim comprom\u00eds del Submar\u00ed ser\u00e0 el diumenge 17 de setembre a l\u2019Estadi de la Cer\u00e0mica contra la UD Almeria (16.15 hores). Sempre Endavant!"}],"buttons":[],"images":[],"widgets":[],"blocks":[{"type":"heading","level":2,"text":"El Villarreal CF i l\u2019entrenador burgal\u00e9s han arribat a un acord perqu\u00e8 dirigisca a l\u2019equip groc aquesta temporada"},{"type":"paragraph","text":"El Villarreal CF i Jos\u00e9 Rojo Mart\u00edn \u2018Pacheta\u2019 han arribat a un acord perqu\u00e8 el burgal\u00e9s siga l\u2019entrenador del Submar\u00ed durant aquesta temporada. Al costat de Pacheta, han signat amb el club Chema Monz\u00f3n (segon entrenador), Jorge Trigueros (preparador f\u00edsic) i Guillem Galmes (analista)."},{"type":"paragraph","text":"La roda de premsa de presentaci\u00f3 oficial ser\u00e0 dilluns que ve a les 12.30 hores a la Ciutat Esportiva Jos\u00e9 Manuel Llaneza en un acte dirigit exclusivament als mitjans de comunicaci\u00f3. Aquest esdeveniment podr\u00e0 veure\u2019s en directe a trav\u00e9s de VILLARREAL LIVE."},{"type":"paragraph","text":"Primer entrenament a portes obertes"},{"type":"paragraph","text":"Ja a la vesprada, Pacheta dirigir\u00e0 el seu primer entrenament tamb\u00e9 a la Ciutat Esportiva Jos\u00e9 Manuel Llaneza (horari per confirmar). Aquesta sessi\u00f3 ser\u00e0 de portes obertes per a tots aquells aficionats que vulguen brindar-li la benvinguda al nou t\u00e8cnic i a m\u00e9s veure de prop als seus \u00eddols."},{"type":"paragraph","text":"Jos\u00e9 Rojo Mart\u00edn \u2018Pacheta\u2019 (Salas de los Infantes, Burgos, 23 de mar\u00e7 de 1968) va tindre una llarga traject\u00f2ria com a futbolista professional, defensant els interessos d\u2019equips com el Numancia, Espanyol, M\u00e9rida, Real Burgos, Atl\u00e9tico Marbella i Racing Lerme\u00f1o."},{"type":"paragraph","text":"La seua carrera com a entrenador professional va comen\u00e7ar en la banqueta del Num\u00e0ncia, per a m\u00e9s tard dirigir a Real Oviedo, Cartagena, Korona Kielce de Pol\u00f2nia, H\u00e8rcules, Ratchaburi Mitr Phol de Tail\u00e0ndia, Elche, Huesca i Valladolid. Entre els seus \u00e8xits com a entrenador destaquen els dos ascensos a Primera Divisi\u00f3 aconseguits amb l\u2019Elche i el Valladolid. De fet, cal destacar que amb el conjunt il\u00b7licit\u00e0 va aconseguir dos ascensos, un a Segona Divisi\u00f3 A i un altre a Primera."},{"type":"paragraph","text":"El Villarreal CF i Pacheta uneixen els seus camins. El pr\u00f2xim comprom\u00eds del Submar\u00ed ser\u00e0 el diumenge 17 de setembre a l\u2019Estadi de la Cer\u00e0mica contra la UD Almeria (16.15 hores). Sempre Endavant!"}]}},"sections":[{"id":"section-1","title":"El Villarreal CF i l\u2019entrenador burgal\u00e9s han arribat a un acord perqu\u00e8 dirigisca a l\u2019equip groc aquesta temporada","text":"El Villarreal CF i l\u2019entrenador burgal\u00e9s han arribat a un acord perqu\u00e8 dirigisca a l\u2019equip groc aquesta temporada El Villarreal CF i Jos\u00e9 Rojo Mart\u00edn \u2018Pacheta\u2019 han arribat a un acord perqu\u00e8 el burgal\u00e9s siga l\u2019entrenador del Submar\u00ed durant aquesta temporada. Al costat de Pacheta, han signat amb el club Chema Monz\u00f3n (segon entrenador), Jorge Trigueros (preparador f\u00edsic) i Guillem Galmes (analista). La roda de premsa de presentaci\u00f3 oficial ser\u00e0 dilluns que ve a les 12.30 hores a la Ciutat Esportiva Jos\u00e9 Manuel Llaneza en un acte dirigit exclusivament als mitjans de comunicaci\u00f3. Aquest esdeveniment podr\u00e0 veure\u2019s en directe a trav\u00e9s de VILLARREAL LIVE. Primer entrenament a portes obertes Ja a la vesprada, Pacheta dirigir\u00e0 el seu primer entrenament tamb\u00e9 a la Ciutat Esportiva Jos\u00e9 Manuel Llaneza (horari per confirmar). Aquesta sessi\u00f3 ser\u00e0 de portes obertes per a tots aquells aficionats que vulguen brindar-li la benvinguda al nou t\u00e8cnic i a m\u00e9s veure de prop als seus \u00eddols. Jos\u00e9 Rojo Mart\u00edn \u2018Pacheta\u2019 (Salas de los Infantes, Burgos, 23 de mar\u00e7 de 1968) va tindre una llarga traject\u00f2ria com a futbolista professional, defensant els interessos d\u2019equips com el Numancia, Espanyol, M\u00e9rida, Real Burgos, Atl\u00e9tico Marbella i Racing Lerme\u00f1o. La seua carrera com a entrenador professional va comen\u00e7ar en la banqueta del Num\u00e0ncia, per a m\u00e9s tard dirigir a Real Oviedo, Cartagena, Korona Kielce de Pol\u00f2nia, H\u00e8rcules, Ratchaburi Mitr Phol de Tail\u00e0ndia, Elche, Huesca i Valladolid. Entre els seus \u00e8xits com a entrenador destaquen els dos ascensos a Primera Divisi\u00f3 aconseguits amb l\u2019Elche i el Valladolid. De fet, cal destacar que amb el conjunt il\u00b7licit\u00e0 va aconseguir dos ascensos, un a Segona Divisi\u00f3 A i un altre a Primera. El Villarreal CF i Pacheta uneixen els seus camins. El pr\u00f2xim comprom\u00eds del Submar\u00ed ser\u00e0 el diumenge 17 de setembre a l\u2019Estadi de la Cer\u00e0mica contra la UD Almeria (16.15 hores). Sempre Endavant!","url":"","background_image":"","images":[],"videos":[],"links":[]}]},"excerpt":{"rendered":"El Villarreal CF i l&#8217;entrenador burgal\u00e9s han arribat a un acord perqu\u00e8 dirigisca a l&#8217;equip groc aquesta temporada","protected":false},"author":23,"featured_media":281033,"comment_status":"closed","ping_status":"closed","sticky":false,"template":"","format":"standard","meta":{"_acf_changed":false,"footnotes":""},"categories":[13493],"tags":[10059,717,9270,15004,9278,716,9205,9627,9203],"acf":null,"lang":"val","translations":{"es":281006,"val":281009,"en":281017},"essential_grid":{"has_grid":false},"formatted_date":"September 9, 2023","modified_date":"September 9, 2023","permalink":"https:\/\/villarrealcf.es\/val\/benvingut-pacheta\/","reading_time":2,"featured_media_data":{"id":281033,"title":"web","caption":"","alt_text":"","description":"","mime_type":"image\/jpeg","source_url":"https:\/\/villarrealcf.es\/wp-content\/uploads\/2023\/09\/web-jpg.webp","sizes":{"thumbnail":{"url":"https:\/\/villarrealcf.es\/wp-content\/uploads\/2023\/09\/web-1920x1080.webp","width":1920,"height":1080},"medium":{"url":"https:\/\/villarrealcf.es\/wp-content\/uploads\/2023\/09\/web-1920x1080.webp","width":1920,"height":1080},"medium_large":{"url":"https:\/\/villarrealcf.es\/wp-content\/uploads\/2023\/09\/web-768x432.webp","width":768,"height":432},"large":{"url":"https:\/\/villarrealcf.es\/wp-content\/uploads\/2023\/09\/web-1920x1080.webp","width":788,"height":443},"1536x1536":{"url":"https:\/\/villarrealcf.es\/wp-content\/uploads\/2023\/09\/web-1536x864.webp","width":1536,"height":864},"2048x2048":{"url":"https:\/\/villarrealcf.es\/wp-content\/uploads\/2023\/09\/web-jpg.webp","width":1920,"height":1080},"tp-image-grid":{"url":"https:\/\/villarrealcf.es\/wp-content\/uploads\/2023\/09\/web-700x700.webp","width":700,"height":700},"size-bunyad-medium":{"url":"https:\/\/villarrealcf.es\/wp-content\/uploads\/2023\/09\/web-1920x1080.webp","width":1920,"height":1080},"sportspress-crop-medium":{"url":"https:\/\/villarrealcf.es\/wp-content\/uploads\/2023\/09\/web-300x300.webp","width":300,"height":300},"sportspress-fit-medium":{"url":"https:\/\/villarrealcf.es\/wp-content\/uploads\/2023\/09\/web-300x169.webp","width":300,"height":169},"sportspress-fit-icon":{"url":"https:\/\/villarrealcf.es\/wp-content\/uploads\/2023\/09\/web-128x72.webp","width":128,"height":72},"sportspress-fit-mini":{"url":"https:\/\/villarrealcf.es\/wp-content\/uploads\/2023\/09\/web-32x18.webp","width":32,"height":18},"bunyad-small":{"url":"https:\/\/villarrealcf.es\/wp-content\/uploads\/2023\/09\/web-150x84.webp","width":150,"height":84},"bunyad-medium":{"url":"https:\/\/villarrealcf.es\/wp-content\/uploads\/2023\/09\/web-450x253.webp","width":450,"height":253},"bunyad-full":{"url":"https:\/\/villarrealcf.es\/wp-content\/uploads\/2023\/09\/web-1200x675.webp","width":1200,"height":675},"bunyad-viewport":{"url":"https:\/\/villarrealcf.es\/wp-content\/uploads\/2023\/09\/web-jpg.webp","width":1920,"height":1080},"bunyad-768":{"url":"https:\/\/villarrealcf.es\/wp-content\/uploads\/2023\/09\/web-768x432.webp","width":768,"height":432},"full":{"url":"https:\/\/villarrealcf.es\/wp-content\/uploads\/2023\/09\/web-jpg.webp","width":1920,"height":1080}}},"author_data":{"id":"23","name":"Fran Segovia","first_name":"Fran","last_name":"Segovia","description":"","avatar_url":"https:\/\/secure.gravatar.com\/avatar\/9ec849b3b9cb451091f0a96d7943b1c6be26a8d6fd3b94d5b5bfd496b2536c42?s=96&d=mm&r=g","acf":null},"taxonomies_data":{"category":[{"id":13493,"name":"Primer equip","slug":"primer-equip","acf":null}],"post_tag":[{"id":10059,"name":"Fichaje","slug":"fichaje-val","acf":null},{"id":717,"name":"Football","slug":"football-d34","acf":null},{"id":9270,"name":"Futbol","slug":"futbol-val","acf":null},{"id":15004,"name":"Pacheta","slug":"pacheta-val","acf":null},{"id":9278,"name":"primera division","slug":"primera-division-val","acf":null},{"id":716,"name":"Soccer","slug":"soccer-d105","acf":null},{"id":9205,"name":"Submarino","slug":"submarino-val","acf":null},{"id":9627,"name":"Submarino Amarillo","slug":"submarino-amarillo-val","acf":null},{"id":9203,"name":"Villarreal CF","slug":"villarreal-cf-val","acf":null}],"translation_priority":[{"id":735,"name":"Optional","slug":"optional-val","acf":null}]},"seo_full":{"native":{"title":"Benvingut, Pacheta! - Web Oficial del Villarreal CF","description":"El Villarreal CF i l'entrenador burgal\u00e9s han arribat a un acord perqu\u00e8 dirigisca a l'equip groc aquesta temporada","canonical":"https:\/\/villarrealcf.es\/val\/benvingut-pacheta\/"}},"_links":{"self":[{"href":"https:\/\/villarrealcf.es\/val\/wp-json\/wp\/v2\/posts\/281009","targetHints":{"allow":["GET"]}}],"collection":[{"href":"https:\/\/villarrealcf.es\/val\/wp-json\/wp\/v2\/posts"}],"about":[{"href":"https:\/\/villarrealcf.es\/val\/wp-json\/wp\/v2\/types\/post"}],"author":[{"embeddable":true,"href":"https:\/\/villarrealcf.es\/val\/wp-json\/wp\/v2\/users\/23"}],"replies":[{"embeddable":true,"href":"https:\/\/villarrealcf.es\/val\/wp-json\/wp\/v2\/comments?post=281009"}],"version-history":[{"count":0,"href":"https:\/\/villarrealcf.es\/val\/wp-json\/wp\/v2\/posts\/281009\/revisions"}],"wp:featuredmedia":[{"embeddable":true,"href":"https:\/\/villarrealcf.es\/val\/wp-json\/wp\/v2\/media\/281033"}],"wp:attachment":[{"href":"https:\/\/villarrealcf.es\/val\/wp-json\/wp\/v2\/media?parent=281009"}],"wp:term":[{"taxonomy":"category","embeddable":true,"href":"https:\/\/villarrealcf.es\/val\/wp-json\/wp\/v2\/categories?post=281009"},{"taxonomy":"post_tag","embeddable":true,"href":"https:\/\/villarrealcf.es\/val\/wp-json\/wp\/v2\/tags?post=281009"}],"curies":[{"name":"wp","href":"https:\/\/api.w.org\/{rel}","templated":true}]}}