{"id":279924,"date":"2023-08-30T15:27:53","date_gmt":"2023-08-30T13:27:53","guid":{"rendered":"https:\/\/villarrealcf.es\/\/revive-el-villarreal-barca-desde-dentro\/"},"modified":"2023-08-30T15:42:21","modified_gmt":"2023-08-30T13:42:21","slug":"revive-el-villarreal-barca-desde-dentro","status":"publish","type":"post","link":"https:\/\/villarrealcf.es\/val\/revive-el-villarreal-barca-desde-dentro\/","title":{"rendered":"Reviu el Villarreal-Bar\u00e7a des de dins!"},"content":{"protected":false,"blocks":[{"type":"heading","level":2,"text":"Villarreal TV ha elaborat un complet v\u00eddeo \u2018inside\u2019 recopilant les millors imatges al llarg del dia de partit"},{"type":"paragraph","text":"Una manera diferent de reviure el partit. Villarreal TV ha realitzat un complet v\u00eddeo \u2018inside\u2019 de tot el dia de partit contra el FC Barcelona del passat diumenge a l\u2019Estadi de la Cer\u00e0mica."},{"type":"paragraph","text":"Des de l\u2019arribada dels jugadors a la concentraci\u00f3 a la Ciutat Esportiva, xarra prepartit, dinar, descans a les habitacions, menjar de directives en el Restaurant El Ceramista, estrena del Club 1923\u2026 a m\u00e9s del millor seguiment a l\u2019afici\u00f3 abans, durant i despr\u00e9s del xoc."},{"type":"paragraph","text":"Vols reviure el Villarreal-Bar\u00e7a des de dins? Play!"}],"structured":{"summary":{"text":"Villarreal TV ha elaborat un complet v\u00eddeo \u2018inside\u2019 recopilant les millors imatges al llarg del dia de partit Una manera diferent de reviure el partit. Villarreal TV ha realitzat un complet v\u00eddeo \u2018inside\u2019 de tot el dia de partit contra el FC Barcelona del passat diumenge a l\u2019Estadi de la Cer\u00e0mica. Des de l\u2019arribada dels jugadors a la concentraci\u00f3 a la Ciutat Esportiva, xarra prepartit, dinar, descans a les habitacions, menjar de directives en el Restaurant El Ceramista, estrena del Club 1923\u2026 a m\u00e9s del millor seguiment a l\u2019afici\u00f3 abans, durant i despr\u00e9s del xoc. Vols reviure el Villarreal-Bar\u00e7a des de dins? Play!","headings":[{"type":"heading","level":2,"text":"Villarreal TV ha elaborat un complet v\u00eddeo \u2018inside\u2019 recopilant les millors imatges al llarg del dia de partit"}],"buttons":[],"images":[],"counts":{"blocks":4,"headings":1,"texts":3,"buttons":0,"images":0}},"sections":[{"id":"section-1","title":"Villarreal TV ha elaborat un complet v\u00eddeo \u2018inside\u2019 recopilant les millors imatges al llarg del dia de partit","text":"Villarreal TV ha elaborat un complet v\u00eddeo \u2018inside\u2019 recopilant les millors imatges al llarg del dia de partit Una manera diferent de reviure el partit. Villarreal TV ha realitzat un complet v\u00eddeo \u2018inside\u2019 de tot el dia de partit contra el FC Barcelona del passat diumenge a l\u2019Estadi de la Cer\u00e0mica. Des de l\u2019arribada dels jugadors a la concentraci\u00f3 a la Ciutat Esportiva, xarra prepartit, dinar, descans a les habitacions, menjar de directives en el Restaurant El Ceramista, estrena del Club 1923\u2026 a m\u00e9s del millor seguiment a l\u2019afici\u00f3 abans, durant i despr\u00e9s del xoc. Vols reviure el Villarreal-Bar\u00e7a des de dins? Play!","headings":[{"type":"heading","level":2,"text":"Villarreal TV ha elaborat un complet v\u00eddeo \u2018inside\u2019 recopilant les millors imatges al llarg del dia de partit"}],"texts":[{"type":"paragraph","text":"Una manera diferent de reviure el partit. Villarreal TV ha realitzat un complet v\u00eddeo \u2018inside\u2019 de tot el dia de partit contra el FC Barcelona del passat diumenge a l\u2019Estadi de la Cer\u00e0mica."},{"type":"paragraph","text":"Des de l\u2019arribada dels jugadors a la concentraci\u00f3 a la Ciutat Esportiva, xarra prepartit, dinar, descans a les habitacions, menjar de directives en el Restaurant El Ceramista, estrena del Club 1923\u2026 a m\u00e9s del millor seguiment a l\u2019afici\u00f3 abans, durant i despr\u00e9s del xoc."},{"type":"paragraph","text":"Vols reviure el Villarreal-Bar\u00e7a des de dins? Play!"}],"buttons":[],"images":[],"widgets":[],"blocks":[{"type":"heading","level":2,"text":"Villarreal TV ha elaborat un complet v\u00eddeo \u2018inside\u2019 recopilant les millors imatges al llarg del dia de partit"},{"type":"paragraph","text":"Una manera diferent de reviure el partit. Villarreal TV ha realitzat un complet v\u00eddeo \u2018inside\u2019 de tot el dia de partit contra el FC Barcelona del passat diumenge a l\u2019Estadi de la Cer\u00e0mica."},{"type":"paragraph","text":"Des de l\u2019arribada dels jugadors a la concentraci\u00f3 a la Ciutat Esportiva, xarra prepartit, dinar, descans a les habitacions, menjar de directives en el Restaurant El Ceramista, estrena del Club 1923\u2026 a m\u00e9s del millor seguiment a l\u2019afici\u00f3 abans, durant i despr\u00e9s del xoc."},{"type":"paragraph","text":"Vols reviure el Villarreal-Bar\u00e7a des de dins? Play!"}]}],"hero":{"id":"section-1","title":"Villarreal TV ha elaborat un complet v\u00eddeo \u2018inside\u2019 recopilant les millors imatges al llarg del dia de partit","text":"Villarreal TV ha elaborat un complet v\u00eddeo \u2018inside\u2019 recopilant les millors imatges al llarg del dia de partit Una manera diferent de reviure el partit. Villarreal TV ha realitzat un complet v\u00eddeo \u2018inside\u2019 de tot el dia de partit contra el FC Barcelona del passat diumenge a l\u2019Estadi de la Cer\u00e0mica. Des de l\u2019arribada dels jugadors a la concentraci\u00f3 a la Ciutat Esportiva, xarra prepartit, dinar, descans a les habitacions, menjar de directives en el Restaurant El Ceramista, estrena del Club 1923\u2026 a m\u00e9s del millor seguiment a l\u2019afici\u00f3 abans, durant i despr\u00e9s del xoc. Vols reviure el Villarreal-Bar\u00e7a des de dins? Play!","headings":[{"type":"heading","level":2,"text":"Villarreal TV ha elaborat un complet v\u00eddeo \u2018inside\u2019 recopilant les millors imatges al llarg del dia de partit"}],"texts":[{"type":"paragraph","text":"Una manera diferent de reviure el partit. Villarreal TV ha realitzat un complet v\u00eddeo \u2018inside\u2019 de tot el dia de partit contra el FC Barcelona del passat diumenge a l\u2019Estadi de la Cer\u00e0mica."},{"type":"paragraph","text":"Des de l\u2019arribada dels jugadors a la concentraci\u00f3 a la Ciutat Esportiva, xarra prepartit, dinar, descans a les habitacions, menjar de directives en el Restaurant El Ceramista, estrena del Club 1923\u2026 a m\u00e9s del millor seguiment a l\u2019afici\u00f3 abans, durant i despr\u00e9s del xoc."},{"type":"paragraph","text":"Vols reviure el Villarreal-Bar\u00e7a des de dins? Play!"}],"buttons":[],"images":[],"widgets":[],"blocks":[{"type":"heading","level":2,"text":"Villarreal TV ha elaborat un complet v\u00eddeo \u2018inside\u2019 recopilant les millors imatges al llarg del dia de partit"},{"type":"paragraph","text":"Una manera diferent de reviure el partit. Villarreal TV ha realitzat un complet v\u00eddeo \u2018inside\u2019 de tot el dia de partit contra el FC Barcelona del passat diumenge a l\u2019Estadi de la Cer\u00e0mica."},{"type":"paragraph","text":"Des de l\u2019arribada dels jugadors a la concentraci\u00f3 a la Ciutat Esportiva, xarra prepartit, dinar, descans a les habitacions, menjar de directives en el Restaurant El Ceramista, estrena del Club 1923\u2026 a m\u00e9s del millor seguiment a l\u2019afici\u00f3 abans, durant i despr\u00e9s del xoc."},{"type":"paragraph","text":"Vols reviure el Villarreal-Bar\u00e7a des de dins? Play!"}]}},"sections":[{"id":"section-1","title":"Villarreal TV ha elaborat un complet v\u00eddeo \u2018inside\u2019 recopilant les millors imatges al llarg del dia de partit","text":"Villarreal TV ha elaborat un complet v\u00eddeo \u2018inside\u2019 recopilant les millors imatges al llarg del dia de partit Una manera diferent de reviure el partit. Villarreal TV ha realitzat un complet v\u00eddeo \u2018inside\u2019 de tot el dia de partit contra el FC Barcelona del passat diumenge a l\u2019Estadi de la Cer\u00e0mica. Des de l\u2019arribada dels jugadors a la concentraci\u00f3 a la Ciutat Esportiva, xarra prepartit, dinar, descans a les habitacions, menjar de directives en el Restaurant El Ceramista, estrena del Club 1923\u2026 a m\u00e9s del millor seguiment a l\u2019afici\u00f3 abans, durant i despr\u00e9s del xoc. Vols reviure el Villarreal-Bar\u00e7a des de dins? Play!","url":"","background_image":"","images":[],"videos":[],"links":[]}]},"excerpt":{"rendered":"Villarreal TV ha elaborado un completo v\u00eddeo \u2018inside\u2019 recopilando las mejores im\u00e1genes a lo largo del d\u00eda de partido","protected":false},"author":23,"featured_media":279922,"comment_status":"closed","ping_status":"closed","sticky":false,"template":"","format":"standard","meta":{"_acf_changed":false,"footnotes":""},"categories":[13493],"tags":[11429,9525,717,9270,14967,10172,14765,9278,716,9205,9627,9203],"acf":null,"lang":"val","translations":{"es":279914,"val":279924,"en":279938},"essential_grid":{"has_grid":false},"formatted_date":"August 30, 2023","modified_date":"August 30, 2023","permalink":"https:\/\/villarrealcf.es\/val\/revive-el-villarreal-barca-desde-dentro\/","reading_time":1,"featured_media_data":{"id":279922,"title":"alex","caption":"","alt_text":"","description":"","mime_type":"image\/jpeg","source_url":"https:\/\/villarrealcf.es\/wp-content\/uploads\/2023\/08\/alex-jpg.webp","sizes":{"thumbnail":{"url":"https:\/\/villarrealcf.es\/wp-content\/uploads\/2023\/08\/alex-1920x1080.webp","width":1920,"height":1080},"medium":{"url":"https:\/\/villarrealcf.es\/wp-content\/uploads\/2023\/08\/alex-1920x1080.webp","width":1920,"height":1080},"medium_large":{"url":"https:\/\/villarrealcf.es\/wp-content\/uploads\/2023\/08\/alex-768x432.webp","width":768,"height":432},"large":{"url":"https:\/\/villarrealcf.es\/wp-content\/uploads\/2023\/08\/alex-1920x1080.webp","width":788,"height":443},"1536x1536":{"url":"https:\/\/villarrealcf.es\/wp-content\/uploads\/2023\/08\/alex-1536x864.webp","width":1536,"height":864},"2048x2048":{"url":"https:\/\/villarrealcf.es\/wp-content\/uploads\/2023\/08\/alex-jpg.webp","width":1920,"height":1080},"tp-image-grid":{"url":"https:\/\/villarrealcf.es\/wp-content\/uploads\/2023\/08\/alex-700x700.webp","width":700,"height":700},"size-bunyad-medium":{"url":"https:\/\/villarrealcf.es\/wp-content\/uploads\/2023\/08\/alex-1920x1080.webp","width":1920,"height":1080},"sportspress-crop-medium":{"url":"https:\/\/villarrealcf.es\/wp-content\/uploads\/2023\/08\/alex-300x300.webp","width":300,"height":300},"sportspress-fit-medium":{"url":"https:\/\/villarrealcf.es\/wp-content\/uploads\/2023\/08\/alex-300x169.webp","width":300,"height":169},"sportspress-fit-icon":{"url":"https:\/\/villarrealcf.es\/wp-content\/uploads\/2023\/08\/alex-128x72.webp","width":128,"height":72},"sportspress-fit-mini":{"url":"https:\/\/villarrealcf.es\/wp-content\/uploads\/2023\/08\/alex-32x18.webp","width":32,"height":18},"bunyad-small":{"url":"https:\/\/villarrealcf.es\/wp-content\/uploads\/2023\/08\/alex-150x84.webp","width":150,"height":84},"bunyad-medium":{"url":"https:\/\/villarrealcf.es\/wp-content\/uploads\/2023\/08\/alex-450x253.webp","width":450,"height":253},"bunyad-full":{"url":"https:\/\/villarrealcf.es\/wp-content\/uploads\/2023\/08\/alex-1200x675.webp","width":1200,"height":675},"bunyad-viewport":{"url":"https:\/\/villarrealcf.es\/wp-content\/uploads\/2023\/08\/alex-jpg.webp","width":1920,"height":1080},"bunyad-768":{"url":"https:\/\/villarrealcf.es\/wp-content\/uploads\/2023\/08\/alex-768x432.webp","width":768,"height":432},"full":{"url":"https:\/\/villarrealcf.es\/wp-content\/uploads\/2023\/08\/alex-jpg.webp","width":1920,"height":1080}}},"author_data":{"id":"23","name":"Fran Segovia","first_name":"Fran","last_name":"Segovia","description":"","avatar_url":"https:\/\/secure.gravatar.com\/avatar\/9ec849b3b9cb451091f0a96d7943b1c6be26a8d6fd3b94d5b5bfd496b2536c42?s=96&d=mm&r=g","acf":null},"taxonomies_data":{"category":[{"id":13493,"name":"Primer equip","slug":"primer-equip","acf":null}],"post_tag":[{"id":11429,"name":"Estadio de la Cer\u00e1mica","slug":"estadio-de-la-ceramica-val","acf":null},{"id":9525,"name":"FC Barcelona","slug":"fc-barcelona-val","acf":null},{"id":717,"name":"Football","slug":"football-d34","acf":null},{"id":9270,"name":"Futbol","slug":"futbol-val","acf":null},{"id":14967,"name":"Inside","slug":"inside-val","acf":null},{"id":10172,"name":"Jornada 3","slug":"jornada-3-val","acf":null},{"id":14765,"name":"LaLiga EA Sports","slug":"laliga-ea-sports-val","acf":null},{"id":9278,"name":"primera division","slug":"primera-division-val","acf":null},{"id":716,"name":"Soccer","slug":"soccer-d105","acf":null},{"id":9205,"name":"Submarino","slug":"submarino-val","acf":null},{"id":9627,"name":"Submarino Amarillo","slug":"submarino-amarillo-val","acf":null},{"id":9203,"name":"Villarreal CF","slug":"villarreal-cf-val","acf":null}],"translation_priority":[{"id":735,"name":"Optional","slug":"optional-val","acf":null}]},"seo_full":{"native":{"title":"Reviu el Villarreal-Bar\u00e7a des de dins! - Web Oficial del Villarreal CF","description":"Villarreal TV ha elaborado un completo v\u00eddeo \u2018inside\u2019 recopilando las mejores im\u00e1genes a lo largo del d\u00eda de partido","canonical":"https:\/\/villarrealcf.es\/val\/revive-el-villarreal-barca-desde-dentro\/"}},"_links":{"self":[{"href":"https:\/\/villarrealcf.es\/val\/wp-json\/wp\/v2\/posts\/279924","targetHints":{"allow":["GET"]}}],"collection":[{"href":"https:\/\/villarrealcf.es\/val\/wp-json\/wp\/v2\/posts"}],"about":[{"href":"https:\/\/villarrealcf.es\/val\/wp-json\/wp\/v2\/types\/post"}],"author":[{"embeddable":true,"href":"https:\/\/villarrealcf.es\/val\/wp-json\/wp\/v2\/users\/23"}],"replies":[{"embeddable":true,"href":"https:\/\/villarrealcf.es\/val\/wp-json\/wp\/v2\/comments?post=279924"}],"version-history":[{"count":0,"href":"https:\/\/villarrealcf.es\/val\/wp-json\/wp\/v2\/posts\/279924\/revisions"}],"wp:featuredmedia":[{"embeddable":true,"href":"https:\/\/villarrealcf.es\/val\/wp-json\/wp\/v2\/media\/279922"}],"wp:attachment":[{"href":"https:\/\/villarrealcf.es\/val\/wp-json\/wp\/v2\/media?parent=279924"}],"wp:term":[{"taxonomy":"category","embeddable":true,"href":"https:\/\/villarrealcf.es\/val\/wp-json\/wp\/v2\/categories?post=279924"},{"taxonomy":"post_tag","embeddable":true,"href":"https:\/\/villarrealcf.es\/val\/wp-json\/wp\/v2\/tags?post=279924"}],"curies":[{"name":"wp","href":"https:\/\/api.w.org\/{rel}","templated":true}]}}