{"id":276506,"date":"2023-08-09T16:46:46","date_gmt":"2023-08-09T14:46:46","guid":{"rendered":"https:\/\/villarrealcf.es\/\/el-villarreal-prepara-el-debut-liguero\/"},"modified":"2023-08-09T17:06:20","modified_gmt":"2023-08-09T15:06:20","slug":"el-villarreal-prepara-el-debut-liguero","status":"publish","type":"post","link":"https:\/\/villarrealcf.es\/val\/el-villarreal-prepara-el-debut-liguero\/","title":{"rendered":"El Villarreal prepara el debut de lliga"},"content":{"protected":false,"blocks":[{"type":"heading","widget":"heading","level":2,"text":""},{"type":"text","widget":"text-editor","text":"El Villarreal ultima els preparatius per al primer partit de LaLiga davant el Real Betis (diumenge, 19.30 hores). Els grocs buscaran iniciar el campionat dom\u00e8stic amb bon peu davant la seua afici\u00f3 en el remodelat Estadio de la Cer\u00e1mica.","paragraphs":["El Villarreal ultima els preparatius per al primer partit de LaLiga davant el Real Betis (diumenge, 19.30 hores). Els grocs buscaran iniciar el campionat dom\u00e8stic amb bon peu davant la seua afici\u00f3 en el remodelat Estadio de la Cer\u00e1mica."]},{"type":"gallery","widget":"gallery","items":[{"url":"https:\/\/villarrealcf.es\/wp-content\/uploads\/2023\/08\/2022-08-09-Entrenamiento-004-scaled.jpg","title":"2022-08-09 Entrenamiento 004","thumbnail":"https:\/\/villarrealcf.es\/wp-content\/uploads\/2023\/08\/2022-08-09-Entrenamiento-004-scaled.jpg","width":2560,"height":1707},{"url":"https:\/\/villarrealcf.es\/wp-content\/uploads\/2023\/08\/2022-08-09-Entrenamiento-011-scaled.jpg","title":"2022-08-09 Entrenamiento 011","thumbnail":"https:\/\/villarrealcf.es\/wp-content\/uploads\/2023\/08\/2022-08-09-Entrenamiento-011-scaled.jpg","width":2560,"height":1707},{"url":"https:\/\/villarrealcf.es\/wp-content\/uploads\/2023\/08\/2022-08-09-Entrenamiento-010-scaled.jpg","title":"2022-08-09 Entrenamiento 010","thumbnail":"https:\/\/villarrealcf.es\/wp-content\/uploads\/2023\/08\/2022-08-09-Entrenamiento-010-scaled.jpg","width":2560,"height":1707},{"url":"https:\/\/villarrealcf.es\/wp-content\/uploads\/2023\/08\/2022-08-09-Entrenamiento-009-scaled.jpg","title":"2022-08-09 Entrenamiento 009","thumbnail":"https:\/\/villarrealcf.es\/wp-content\/uploads\/2023\/08\/2022-08-09-Entrenamiento-009-scaled.jpg","width":2560,"height":1707},{"url":"https:\/\/villarrealcf.es\/wp-content\/uploads\/2023\/08\/2022-08-09-Entrenamiento-008-scaled.jpg","title":"2022-08-09 Entrenamiento 008","thumbnail":"https:\/\/villarrealcf.es\/wp-content\/uploads\/2023\/08\/2022-08-09-Entrenamiento-008-scaled.jpg","width":2560,"height":1707},{"url":"https:\/\/villarrealcf.es\/wp-content\/uploads\/2023\/08\/2022-08-09-Entrenamiento-001-scaled.jpg","title":"2022-08-09 Entrenamiento 001","thumbnail":"https:\/\/villarrealcf.es\/wp-content\/uploads\/2023\/08\/2022-08-09-Entrenamiento-001-scaled.jpg","width":2560,"height":1707}]}],"structured":{"summary":{"text":"L'equip de Seti\u00e9n s'enfronta al Real Betis en la primera jornada (diumenge, 19.30h)< El Villarreal ultima els preparatius per al primer partit de LaLiga davant el Real Betis (diumenge, 19.30 hores). Els grocs buscaran iniciar el campionat dom\u00e8stic amb bon peu davant la seua afici\u00f3 en el remodelat Estadio de la Cer\u00e1mica.","headings":[{"type":"heading","widget":"heading","level":2,"text":""}],"buttons":[],"images":[],"counts":{"blocks":3,"headings":1,"texts":1,"buttons":0,"images":0},"containers":3},"sections":[{"id":"d7da13f","type":"container","classes":["has-el-gap","el-gap-default","elementor-section","elementor-top-section","elementor-element","elementor-element-d7da13f","elementor-section-boxed","elementor-section-height-default"],"title":"","text":"","headings":[{"type":"heading","widget":"heading","level":2,"text":""}],"texts":[],"buttons":[],"images":[],"widgets":["heading"],"blocks":[{"type":"heading","widget":"heading","level":2,"text":""}],"children":[]},{"id":"ca25e07","type":"container","classes":["has-el-gap","el-gap-default","elementor-section","elementor-top-section","elementor-element","elementor-element-ca25e07","elementor-section-boxed","elementor-section-height-default"],"title":"","text":"El Villarreal ultima els preparatius per al primer partit de LaLiga davant el Real Betis (diumenge, 19.30 hores). Els grocs buscaran iniciar el campionat dom\u00e8stic amb bon peu davant la seua afici\u00f3 en el remodelat Estadio de la Cer\u00e1mica.","headings":[],"texts":[{"type":"text","widget":"text-editor","text":"El Villarreal ultima els preparatius per al primer partit de LaLiga davant el Real Betis (diumenge, 19.30 hores). Els grocs buscaran iniciar el campionat dom\u00e8stic amb bon peu davant la seua afici\u00f3 en el remodelat Estadio de la Cer\u00e1mica.","paragraphs":["El Villarreal ultima els preparatius per al primer partit de LaLiga davant el Real Betis (diumenge, 19.30 hores). Els grocs buscaran iniciar el campionat dom\u00e8stic amb bon peu davant la seua afici\u00f3 en el remodelat Estadio de la Cer\u00e1mica."]}],"buttons":[],"images":[],"widgets":["text-editor"],"blocks":[{"type":"text","widget":"text-editor","text":"El Villarreal ultima els preparatius per al primer partit de LaLiga davant el Real Betis (diumenge, 19.30 hores). Els grocs buscaran iniciar el campionat dom\u00e8stic amb bon peu davant la seua afici\u00f3 en el remodelat Estadio de la Cer\u00e1mica.","paragraphs":["El Villarreal ultima els preparatius per al primer partit de LaLiga davant el Real Betis (diumenge, 19.30 hores). Els grocs buscaran iniciar el campionat dom\u00e8stic amb bon peu davant la seua afici\u00f3 en el remodelat Estadio de la Cer\u00e1mica."]}],"children":[]},{"id":"aab9721","type":"container","classes":["has-el-gap","el-gap-default","elementor-section","elementor-top-section","elementor-element","elementor-element-aab9721","elementor-section-boxed","elementor-section-height-default"],"title":"","text":"","headings":[],"texts":[],"buttons":[],"images":[],"widgets":["gallery"],"blocks":[{"type":"gallery","widget":"gallery","items":[{"url":"https:\/\/villarrealcf.es\/wp-content\/uploads\/2023\/08\/2022-08-09-Entrenamiento-004-scaled.jpg","title":"2022-08-09 Entrenamiento 004","thumbnail":"https:\/\/villarrealcf.es\/wp-content\/uploads\/2023\/08\/2022-08-09-Entrenamiento-004-scaled.jpg","width":2560,"height":1707},{"url":"https:\/\/villarrealcf.es\/wp-content\/uploads\/2023\/08\/2022-08-09-Entrenamiento-011-scaled.jpg","title":"2022-08-09 Entrenamiento 011","thumbnail":"https:\/\/villarrealcf.es\/wp-content\/uploads\/2023\/08\/2022-08-09-Entrenamiento-011-scaled.jpg","width":2560,"height":1707},{"url":"https:\/\/villarrealcf.es\/wp-content\/uploads\/2023\/08\/2022-08-09-Entrenamiento-010-scaled.jpg","title":"2022-08-09 Entrenamiento 010","thumbnail":"https:\/\/villarrealcf.es\/wp-content\/uploads\/2023\/08\/2022-08-09-Entrenamiento-010-scaled.jpg","width":2560,"height":1707},{"url":"https:\/\/villarrealcf.es\/wp-content\/uploads\/2023\/08\/2022-08-09-Entrenamiento-009-scaled.jpg","title":"2022-08-09 Entrenamiento 009","thumbnail":"https:\/\/villarrealcf.es\/wp-content\/uploads\/2023\/08\/2022-08-09-Entrenamiento-009-scaled.jpg","width":2560,"height":1707},{"url":"https:\/\/villarrealcf.es\/wp-content\/uploads\/2023\/08\/2022-08-09-Entrenamiento-008-scaled.jpg","title":"2022-08-09 Entrenamiento 008","thumbnail":"https:\/\/villarrealcf.es\/wp-content\/uploads\/2023\/08\/2022-08-09-Entrenamiento-008-scaled.jpg","width":2560,"height":1707},{"url":"https:\/\/villarrealcf.es\/wp-content\/uploads\/2023\/08\/2022-08-09-Entrenamiento-001-scaled.jpg","title":"2022-08-09 Entrenamiento 001","thumbnail":"https:\/\/villarrealcf.es\/wp-content\/uploads\/2023\/08\/2022-08-09-Entrenamiento-001-scaled.jpg","width":2560,"height":1707}]}],"children":[]}],"hero":{"id":"d7da13f","type":"container","classes":["has-el-gap","el-gap-default","elementor-section","elementor-top-section","elementor-element","elementor-element-d7da13f","elementor-section-boxed","elementor-section-height-default"],"title":"","text":"","headings":[{"type":"heading","widget":"heading","level":2,"text":""}],"texts":[],"buttons":[],"images":[],"widgets":["heading"],"blocks":[{"type":"heading","widget":"heading","level":2,"text":""}],"children":[]}},"sections":[{"id":"ca25e07","title":"El Villarreal ultima els preparatius per al primer partit de LaLiga davant el Real Betis (diumenge, 19.30 hores). Els grocs buscaran iniciar el campionat dom\u00e8stic amb bon peu davant la seua afici\u00f3 en el remodelat Estadio de la Cer\u00e1mica.","text":"El Villarreal ultima els preparatius per al primer partit de LaLiga davant el Real Betis (diumenge, 19.30 hores). Els grocs buscaran iniciar el campionat dom\u00e8stic amb bon peu davant la seua afici\u00f3 en el remodelat Estadio de la Cer\u00e1mica.","url":"","background_image":"","images":[],"videos":[],"links":[]},{"id":"aab9721","title":"","text":"","url":"https:\/\/villarrealcf.es\/wp-content\/uploads\/2023\/08\/2022-08-09-Entrenamiento-004-scaled.jpg","background_image":"","images":[],"videos":[],"links":[{"url":"https:\/\/villarrealcf.es\/wp-content\/uploads\/2023\/08\/2022-08-09-Entrenamiento-004-scaled.jpg","text":"","target":""},{"url":"https:\/\/villarrealcf.es\/wp-content\/uploads\/2023\/08\/2022-08-09-Entrenamiento-011-scaled.jpg","text":"","target":""},{"url":"https:\/\/villarrealcf.es\/wp-content\/uploads\/2023\/08\/2022-08-09-Entrenamiento-010-scaled.jpg","text":"","target":""},{"url":"https:\/\/villarrealcf.es\/wp-content\/uploads\/2023\/08\/2022-08-09-Entrenamiento-009-scaled.jpg","text":"","target":""},{"url":"https:\/\/villarrealcf.es\/wp-content\/uploads\/2023\/08\/2022-08-09-Entrenamiento-008-scaled.jpg","text":"","target":""},{"url":"https:\/\/villarrealcf.es\/wp-content\/uploads\/2023\/08\/2022-08-09-Entrenamiento-001-scaled.jpg","text":"","target":""}]}]},"excerpt":{"rendered":"L&#8217;equip de Seti\u00e9n s&#8217;enfronta al Real Betis en la primera jornada (diumenge, 19.30h)","protected":false},"author":25,"featured_media":276503,"comment_status":"closed","ping_status":"closed","sticky":false,"template":"","format":"standard","meta":{"_acf_changed":false,"footnotes":""},"categories":[13493],"tags":[11486,717,9270,13411,11042,9278,716,9205,9627,9203],"acf":null,"lang":"val","translations":{"es":276473,"val":276506,"en":276563},"essential_grid":{"has_grid":false},"formatted_date":"August 9, 2023","modified_date":"August 9, 2023","permalink":"https:\/\/villarrealcf.es\/val\/el-villarreal-prepara-el-debut-liguero\/","reading_time":1,"featured_media_data":{"id":276503,"title":"entrenamiento","caption":"","alt_text":"","description":"","mime_type":"image\/jpeg","source_url":"https:\/\/villarrealcf.es\/wp-content\/uploads\/2023\/08\/entrenamiento.jpg","sizes":{"thumbnail":{"url":"https:\/\/villarrealcf.es\/wp-content\/uploads\/2023\/08\/entrenamiento-1920x1080.jpg","width":1920,"height":1080},"medium":{"url":"https:\/\/villarrealcf.es\/wp-content\/uploads\/2023\/08\/entrenamiento-1920x1080.jpg","width":1920,"height":1080},"medium_large":{"url":"https:\/\/villarrealcf.es\/wp-content\/uploads\/2023\/08\/entrenamiento-768x432.jpg","width":768,"height":432},"large":{"url":"https:\/\/villarrealcf.es\/wp-content\/uploads\/2023\/08\/entrenamiento-1920x1080.jpg","width":788,"height":443},"1536x1536":{"url":"https:\/\/villarrealcf.es\/wp-content\/uploads\/2023\/08\/entrenamiento-1536x864.jpg","width":1536,"height":864},"2048x2048":{"url":"https:\/\/villarrealcf.es\/wp-content\/uploads\/2023\/08\/entrenamiento.jpg","width":1920,"height":1080},"tp-image-grid":{"url":"https:\/\/villarrealcf.es\/wp-content\/uploads\/2023\/08\/entrenamiento-700x700.jpg","width":700,"height":700},"size-bunyad-medium":{"url":"https:\/\/villarrealcf.es\/wp-content\/uploads\/2023\/08\/entrenamiento-1920x1080.jpg","width":1920,"height":1080},"sportspress-crop-medium":{"url":"https:\/\/villarrealcf.es\/wp-content\/uploads\/2023\/08\/entrenamiento-300x300.jpg","width":300,"height":300},"sportspress-fit-medium":{"url":"https:\/\/villarrealcf.es\/wp-content\/uploads\/2023\/08\/entrenamiento-300x169.jpg","width":300,"height":169},"sportspress-fit-icon":{"url":"https:\/\/villarrealcf.es\/wp-content\/uploads\/2023\/08\/entrenamiento-128x72.jpg","width":128,"height":72},"sportspress-fit-mini":{"url":"https:\/\/villarrealcf.es\/wp-content\/uploads\/2023\/08\/entrenamiento-32x18.jpg","width":32,"height":18},"bunyad-small":{"url":"https:\/\/villarrealcf.es\/wp-content\/uploads\/2023\/08\/entrenamiento-150x84.jpg","width":150,"height":84},"bunyad-medium":{"url":"https:\/\/villarrealcf.es\/wp-content\/uploads\/2023\/08\/entrenamiento-450x253.jpg","width":450,"height":253},"bunyad-full":{"url":"https:\/\/villarrealcf.es\/wp-content\/uploads\/2023\/08\/entrenamiento-1200x675.jpg","width":1200,"height":675},"bunyad-viewport":{"url":"https:\/\/villarrealcf.es\/wp-content\/uploads\/2023\/08\/entrenamiento.jpg","width":1920,"height":1080},"bunyad-768":{"url":"https:\/\/villarrealcf.es\/wp-content\/uploads\/2023\/08\/entrenamiento-768x432.jpg","width":768,"height":432},"full":{"url":"https:\/\/villarrealcf.es\/wp-content\/uploads\/2023\/08\/entrenamiento.jpg","width":1920,"height":1080}}},"author_data":{"id":"25","name":"Javier Ayuso","first_name":"Javier","last_name":"Ayuso","description":"","avatar_url":"https:\/\/secure.gravatar.com\/avatar\/fcf8894be45988fcce5bbff0efe1790d2a7f4ba57e2c7c898f5068154e696495?s=96&d=mm&r=g","acf":null},"taxonomies_data":{"category":[{"id":13493,"name":"Primer equip","slug":"primer-equip","acf":null}],"post_tag":[{"id":11486,"name":"Entrenamiento","slug":"entrenamiento-val","acf":null},{"id":717,"name":"Football","slug":"football-d34","acf":null},{"id":9270,"name":"Futbol","slug":"futbol-val","acf":null},{"id":13411,"name":"Galer\u00eda Primer Equipo","slug":"galeria-primer-equipo-val","acf":null},{"id":11042,"name":"LaLiga","slug":"laliga-val","acf":null},{"id":9278,"name":"primera division","slug":"primera-division-val","acf":null},{"id":716,"name":"Soccer","slug":"soccer-d105","acf":null},{"id":9205,"name":"Submarino","slug":"submarino-val","acf":null},{"id":9627,"name":"Submarino Amarillo","slug":"submarino-amarillo-val","acf":null},{"id":9203,"name":"Villarreal CF","slug":"villarreal-cf-val","acf":null}],"translation_priority":[{"id":735,"name":"Optional","slug":"optional-val","acf":null}]},"seo_full":{"native":{"title":"El Villarreal prepara el debut de lliga - Web Oficial del Villarreal CF","description":"L'equip de Seti\u00e9n s'enfronta al Real Betis en la primera jornada (diumenge, 19.30h)","canonical":"https:\/\/villarrealcf.es\/val\/el-villarreal-prepara-el-debut-liguero\/"}},"_links":{"self":[{"href":"https:\/\/villarrealcf.es\/val\/wp-json\/wp\/v2\/posts\/276506","targetHints":{"allow":["GET"]}}],"collection":[{"href":"https:\/\/villarrealcf.es\/val\/wp-json\/wp\/v2\/posts"}],"about":[{"href":"https:\/\/villarrealcf.es\/val\/wp-json\/wp\/v2\/types\/post"}],"author":[{"embeddable":true,"href":"https:\/\/villarrealcf.es\/val\/wp-json\/wp\/v2\/users\/25"}],"replies":[{"embeddable":true,"href":"https:\/\/villarrealcf.es\/val\/wp-json\/wp\/v2\/comments?post=276506"}],"version-history":[{"count":0,"href":"https:\/\/villarrealcf.es\/val\/wp-json\/wp\/v2\/posts\/276506\/revisions"}],"wp:featuredmedia":[{"embeddable":true,"href":"https:\/\/villarrealcf.es\/val\/wp-json\/wp\/v2\/media\/276503"}],"wp:attachment":[{"href":"https:\/\/villarrealcf.es\/val\/wp-json\/wp\/v2\/media?parent=276506"}],"wp:term":[{"taxonomy":"category","embeddable":true,"href":"https:\/\/villarrealcf.es\/val\/wp-json\/wp\/v2\/categories?post=276506"},{"taxonomy":"post_tag","embeddable":true,"href":"https:\/\/villarrealcf.es\/val\/wp-json\/wp\/v2\/tags?post=276506"}],"curies":[{"name":"wp","href":"https:\/\/api.w.org\/{rel}","templated":true}]}}