{"id":275932,"date":"2023-08-03T16:32:51","date_gmt":"2023-08-03T14:32:51","guid":{"rendered":"https:\/\/villarrealcf.es\/\/objetivo-comun-triunfar-vestidos-de-amarillo\/"},"modified":"2023-08-03T16:40:06","modified_gmt":"2023-08-03T14:40:06","slug":"objetivo-comun-triunfar-vestidos-de-amarillo","status":"publish","type":"post","link":"https:\/\/villarrealcf.es\/val\/objetivo-comun-triunfar-vestidos-de-amarillo\/","title":{"rendered":"Objectiu com\u00fa: triomfar vestits de groc"},"content":{"protected":false,"blocks":[{"type":"heading","level":2,"text":"Alexander Sorloth, Matteo Gabbia i Ilias Akhomach han estat presentats oficialment com a jugadors del Villarreal CF"},{"type":"paragraph","text":"El president del Villarreal CF, Fernando Roig, ha estat l\u2019encarregat de donar-li la benvinguda a Alexander Sorloth, Matteo Gabbia i Ilias Akhomach com a nous jugadors del Submar\u00ed en un acte que s\u2019ha celebrat en les instal\u00b7lacions de PAMESA CER\u00c1MICA, principal patrocinador del club."},{"type":"paragraph","text":"Fernando Roig sobre els tres fitxatges:"},{"type":"paragraph","text":"Per al m\u00e0xim mandatari del Villarreal CF, els tres jugadors poden aportar molt a l\u2019equip: \u201cSorloth \u00e9s un davanter potent, coneix LaLiga perqu\u00e8 ha jugat en la Real i ha marcat 24 gols. Gabbia \u00e9s un defensa itali\u00e0 que arriba cedit des del Milan. Pot jugar com a central i tamb\u00e9 en els laterals. Est\u00e0 molt il\u00b7lusionat per vindre i poder fer una gran temporada. I Ilias \u00e9s un jugador molt jove, internacional amb Selecci\u00f3 Espanyola. Hisp\u00e0-marroqu\u00ed i amb molta qualitat i personalitat. T\u00e9 fitxa del filial i un gran futur per davant\u201d."},{"type":"paragraph","text":"Ilias: \u201cAnir\u00e9 a mort per aquest club\u201d"},{"type":"paragraph","text":"Per part seua, el jove atacant Ilias Akhomach va deixar clar el seu entusiasme de triomfar vestit de groc: \u201cEstic molt agra\u00eft de ser aqu\u00ed. Agraeixo la confian\u00e7a que ha dipositat el Villarreal en mi. Donar\u00e9 el 100% en cada oportunitat que tinga de jugar tant en el filial com en el primer equip. Anir\u00e9 a mort per aquest club. \u00c9s una fant\u00e0stica oportunitat per a mi. \u00c9s molt bona. Vull demostrar que soc aqu\u00ed per com soc com a jugador i poder ajudar a l\u2019equip el m\u00e0xim possible."},{"type":"paragraph","text":"Ilias es mostra ambici\u00f3s de cara al futur: \u201cCrec que tinc un gran potencial. Haig de refor\u00e7ar-ho secundant-me dels meus companys, que tenen molta experi\u00e8ncia i s\u00f3n tots uns grand\u00edssims professionals. Soc polivalent. Puc jugar d\u2019interior, com a extrem o fals nou. Amb la meua habilitat, soc un jugador desequilibrant i amb visi\u00f3 en \u00faltim passe i puc ajudar a l\u2019equip amb les meues qualitats en els metres finals\u201d."},{"type":"paragraph","text":"Aix\u00f2 s\u00ed, el \u201827\u2019 groc sap que haur\u00e0 d\u2019anar pas a pas: \u201cIntentar\u00e9 ajudar a l\u2019equip de la millor forma possible. Aprendre dels grans jugadors que hi ha aqu\u00ed. Soc aqu\u00ed per alguna cosa i vull demostrar que tinc el potencial per a formar part del Villarreal CF. Jugar en Primera no \u00e9s f\u00e0cil. Cal curr\u00e1rselo en cada entrenament i en cada oportunitat que ens donen en els partits. Cada entrenament ser\u00e0 un aprenentatge\u201d."},{"type":"paragraph","text":"Gabbia: \u201cEl Villarreal \u00e9s un club important i ambici\u00f3s\u201d"},{"type":"paragraph","text":"El jove defensa itali\u00e0, Matteo Gabbia, arriba cedit des del Milan. \u201cEstic content i agraeixo al club la confian\u00e7a. \u00c9s un club molt important i ambici\u00f3s. M\u2019ha animat a vindre aqu\u00ed. \u00c9s un club competitiu i amb molts jugadors de m\u00e0xim nivell. Intentar\u00e9 fer-ho tan b\u00e9 com siga possible, donar el millor de mi tant en els partits com en els entrenaments\u201d, va comentar."},{"type":"paragraph","text":"El nou \u20182\u2019 groc va rebre els consells de l\u2019exjugador del Villarreal, Daniele Bonera: \u201cHe parlat amb Bonera. M\u2019ha aconsellat molt b\u00e9. Coneix molt b\u00e9 el Villarreal i el seu entorn. Jo em vaig assabentar que el Villarreal tenia inter\u00e8s en mi i li vaig preguntar sobre el club. M\u2019ha parlat genial del club. Ha estat un gran jugador aqu\u00ed i ara em toca a mi fer les coses b\u00e9 al Villarreal\u201d."},{"type":"paragraph","text":"Pel que respecta a la manera de jugar, Gabbia creu que s\u2019adaptar\u00e0 b\u00e9 als conceptes de Quique Seti\u00e9n: \u201cLaLiga i la S\u00e8rie A s\u00f3n dos campionats diferents, per\u00f2 el joc \u00e9s el mateix i la seua filosofia tamb\u00e9. Volem guanyar partits. Estic agra\u00eft a entrenador perqu\u00e8 m\u2019est\u00e0 ajudant molt. Estem intentant millorar aspectes que ell considera importants i a It\u00e0lia no es treballen tant. Estic molt content amb els m\u00e8todes d\u2019entrenament que es fan aqu\u00ed a Espanya\u201d."},{"type":"paragraph","text":"Gabbia \u00e9s un polivalent defensa que pot ocupar les quatre posicions de la saga. \u201cEm sent c\u00f2mode en les dues posicions de centrals. Soc destre i la de central \u00e9s la meua posici\u00f3 ideal, per\u00f2 tamb\u00e9 he jugat com a central esquerre. No tinc problemes. Em sent b\u00e9 en totes dues posicions. Haig de treballar una mica m\u00e9s en altres posicions en les quals no em sent tan a gust, per\u00f2 tinc confian\u00e7a\u201d, va asseverar."},{"type":"paragraph","text":"Sorloth: \u201cEstic en el meu millor moment i vull aprofitar-lo\u201d"},{"type":"paragraph","text":"Alexander Sorloth arriba al Villarreal disposat a ser un referent en l\u2019atac groc. \u201cVull agrair al club i al president la seua confian\u00e7a en mi. Ha estat una elecci\u00f3 important per a mi. Volia seguretat i aqu\u00ed la trobar\u00e9. Va ser una gran alegria arribar al Villarreal CF. \u00c9s un equip que juga b\u00e9, \u00e9s ofensiu i vol marcar molts gols. \u00c9s un equip perfecte per a un davanter. Estic en el millor moment de la meua carrera. Volia vindre a un club en el qual pogu\u00e9s donar el meu millor nivell i fos un bon lloc per a viure\u201d."},{"type":"paragraph","text":"El \u201811\u2019 veu clau associar-se a la perfecci\u00f3 amb els seus nous companys: \u201cSoc un davanter alt, gran i r\u00e0pid. Puc ajudar a l\u2019equip si em donen la pilota, puc aguantar-la. M\u2019agrada c\u00f3rrer a l\u2019espai i causar perill. Puc atacar de diverses maneres. El m\u00e9s important per a mi \u00e9s marcar gols. Aquest \u00e9s el meu objectiu aquesta temporada. He jugat en molts clubs. S\u00e9 el que ha de fer un davanter i \u00e9s marcar molts gols. Quan el Villarreal va contactar amb mi, vaig tindre moltes ganes de vindre. \u00c9s un lloc per a estar molts anys. Vull marcar m\u00e9s gols que la temporada passada. Vull fer-ho millor i marcar m\u00e9s gols, encara que el m\u00e9s important \u00e9s ajudar a l\u2019equip. Hi ha altres maneres d\u2019ajudar: amb treball i assist\u00e8ncies. Intentar\u00e9 fer-ho de totes les formes possibles\u201d."},{"type":"paragraph","text":"Finalment, Sorloth va marcar el cam\u00ed a seguir aquesta temporada: \u201cTenim tres competicions i ambici\u00f3. Tenim bon equip i m\u2019agradaria poder entrar en Champions. A Europa League, tamb\u00e9 volem fer un gran any i arribar lluny en aquesta competici\u00f3\u201d."},{"type":"video","kind":"iframe","url":"https:\/\/www.youtube.com\/embed\/YZK8X74rg2U?feature=oembed","poster":""}],"structured":{"summary":{"text":"Alexander Sorloth, Matteo Gabbia i Ilias Akhomach han estat presentats oficialment com a jugadors del Villarreal CF El president del Villarreal CF, Fernando Roig, ha estat l\u2019encarregat de donar-li la benvinguda a Alexander Sorloth, Matteo Gabbia i Ilias Akhomach com a nous jugadors del Submar\u00ed en un acte que s\u2019ha celebrat en les instal\u00b7lacions de PAMESA CER\u00c1MICA, principal patrocinador del club. Fernando Roig sobre els tres fitxatges: Per al m\u00e0xim mandatari del Villarreal CF, els tres jugadors poden aportar molt a l\u2019equip: \u201cSorloth \u00e9s un davanter potent, coneix LaLiga perqu\u00e8 ha jugat en la Real i ha marcat 24 gols. Gabbia \u00e9s un defensa itali\u00e0 que arriba cedit des del Milan. Pot jugar com a central i tamb\u00e9 en els laterals. Est\u00e0 molt il\u00b7lusionat per vindre i poder fer una gran temporada. I Ilias \u00e9s un jugador molt jove, internacional amb Selecci\u00f3 Espanyola. Hisp\u00e0-marroqu\u00ed i amb molta qualitat i personalitat. T\u00e9 fitxa del filial i un gran futur per davant\u201d. Ilias: \u201cAnir\u00e9 a mort per aquest club\u201d Per part seua, el jove atacant Ilias Akhomach va deixar clar el seu entusiasme de triomfar vestit de groc: \u201cEstic molt agra\u00eft de ser aqu\u00ed. Agraeixo la confian\u00e7a que ha dipositat el Villarreal en mi. Donar\u00e9 el 100% en cada oportunitat que tinga de jugar tant en el filial com en el primer equip. Anir\u00e9 a mort per aquest club. \u00c9s una fant\u00e0stica oportunitat per a mi. \u00c9s molt bona. Vull demostrar que soc aqu\u00ed per com soc com a jugador i poder ajudar a l\u2019equip el m\u00e0xim possible. Ilias es mostra ambici\u00f3s de cara al futur: \u201cCrec que tinc un gran potencial. Haig de refor\u00e7ar-ho secundant-me dels meus companys, que tenen molta experi\u00e8ncia i s\u00f3n tots uns grand\u00edssims professionals. Soc polivalent. Puc jugar d\u2019interior, com a extrem o fals nou. Amb la meua habilitat, soc un jugador desequilibrant i amb visi\u00f3 en \u00faltim passe i puc ajudar a l\u2019equip amb les meues qualitats en els metres finals\u201d. Aix\u00f2 s\u00ed, el \u201827\u2019 groc sap que haur\u00e0 d\u2019anar pas a pas: \u201cIntentar\u00e9 ajudar a l\u2019equip de la millor forma possible. Aprendre dels grans jugadors que hi ha aqu\u00ed. Soc aqu\u00ed per alguna cosa i vull demostrar que tinc el potencial per a formar part del Villarreal CF. Jugar en Primera no \u00e9s f\u00e0cil. Cal curr\u00e1rselo en cada entrenament i en cada oportunitat que ens donen en els partits. Cada entrenament ser\u00e0 un aprenentatge\u201d. Gabbia: \u201cEl Villarreal \u00e9s un club important i ambici\u00f3s\u201d El jove defensa itali\u00e0, Matteo Gabbia, arriba cedit des del Milan. \u201cEstic content i agraeixo al club la confian\u00e7a. \u00c9s un club molt important i ambici\u00f3s. M\u2019ha animat a vindre aqu\u00ed. \u00c9s un club competitiu i amb molts jugadors de m\u00e0xim nivell. Intentar\u00e9 fer-ho tan b\u00e9 com siga possible, donar el millor de mi tant en els partits com en els entrenaments\u201d, va comentar. El nou \u20182\u2019 groc va rebre els consells de l\u2019exjugador del Villarreal, Daniele Bonera: \u201cHe parlat amb Bonera. M\u2019ha aconsellat molt b\u00e9. Coneix molt b\u00e9 el Villarreal i el seu entorn. Jo em vaig assabentar que el Villarreal tenia inter\u00e8s en mi i li vaig preguntar sobre el club. M\u2019ha parlat genial del club. Ha estat un gran jugador aqu\u00ed i ara em toca a mi fer les coses b\u00e9 al Villarreal\u201d. Pel que respecta a la manera de jugar, Gabbia creu que s\u2019adaptar\u00e0 b\u00e9 als conceptes de Quique Seti\u00e9n: \u201cLaLiga i la S\u00e8rie A s\u00f3n dos campionats diferents, per\u00f2 el joc \u00e9s el mateix i la seua filosofia tamb\u00e9. Volem guanyar partits. Estic agra\u00eft a entrenador perqu\u00e8 m\u2019est\u00e0 ajudant molt. Estem intentant millorar aspectes que ell considera importants i a It\u00e0lia no es treballen tant. Estic molt content amb els m\u00e8todes d\u2019entrenament que es fan aqu\u00ed a Espanya\u201d. Gabbia \u00e9s un polivalent defensa que pot ocupar les quatre posicions de la saga. \u201cEm sent c\u00f2mode en les dues posicions de centrals. Soc destre i la de central \u00e9s la meua posici\u00f3 ideal, per\u00f2 tamb\u00e9 he jugat com a central esquerre. No tinc problemes. Em sent b\u00e9 en totes dues posicions. Haig de treballar una mica m\u00e9s en altres posicions en les quals no em sent tan a gust, per\u00f2 tinc confian\u00e7a\u201d, va asseverar. Sorloth: \u201cEstic en el meu millor moment i vull aprofitar-lo\u201d Alexander Sorloth arriba al Villarreal disposat a ser un referent en l\u2019atac groc. \u201cVull agrair al club i al president la seua confian\u00e7a en mi. Ha estat una elecci\u00f3 important per a mi. Volia seguretat i aqu\u00ed la trobar\u00e9. Va ser una gran alegria arribar al Villarreal CF. \u00c9s un equip que juga b\u00e9, \u00e9s ofensiu i vol marcar molts gols. \u00c9s un equip perfecte per a un davanter. Estic en el millor moment de la meua carrera. Volia vindre a un club en el qual pogu\u00e9s donar el meu millor nivell i fos un bon lloc per a viure\u201d. El \u201811\u2019 veu clau associar-se a la perfecci\u00f3 amb els seus nous companys: \u201cSoc un davanter alt, gran i r\u00e0pid. Puc ajudar a l\u2019equip si em donen la pilota, puc aguantar-la. M\u2019agrada c\u00f3rrer a l\u2019espai i causar perill. Puc atacar de diverses maneres. El m\u00e9s important per a mi \u00e9s marcar gols. Aquest \u00e9s el meu objectiu aquesta temporada. He jugat en molts clubs. S\u00e9 el que ha de fer un davanter i \u00e9s marcar molts gols. Quan el Villarreal va contactar amb mi, vaig tindre moltes ganes de vindre. \u00c9s un lloc per a estar molts anys. Vull marcar m\u00e9s gols que la temporada passada. Vull fer-ho millor i marcar m\u00e9s gols, encara que el m\u00e9s important \u00e9s ajudar a l\u2019equip. Hi ha altres maneres d\u2019ajudar: amb treball i assist\u00e8ncies. Intentar\u00e9 fer-ho de totes les formes possibles\u201d. Finalment, Sorloth va marcar el cam\u00ed a seguir aquesta temporada: \u201cTenim tres competicions i ambici\u00f3. Tenim bon equip i m\u2019agradaria poder entrar en Champions. A Europa League, tamb\u00e9 volem fer un gran any i arribar lluny en aquesta competici\u00f3\u201d.","headings":[{"type":"heading","level":2,"text":"Alexander Sorloth, Matteo Gabbia i Ilias Akhomach han estat presentats oficialment com a jugadors del Villarreal CF"}],"buttons":[],"images":[],"counts":{"blocks":18,"headings":1,"texts":16,"buttons":0,"images":0}},"sections":[{"id":"section-1","title":"Alexander Sorloth, Matteo Gabbia i Ilias Akhomach han estat presentats oficialment com a jugadors del Villarreal CF","text":"Alexander Sorloth, Matteo Gabbia i Ilias Akhomach han estat presentats oficialment com a jugadors del Villarreal CF El president del Villarreal CF, Fernando Roig, ha estat l\u2019encarregat de donar-li la benvinguda a Alexander Sorloth, Matteo Gabbia i Ilias Akhomach com a nous jugadors del Submar\u00ed en un acte que s\u2019ha celebrat en les instal\u00b7lacions de PAMESA CER\u00c1MICA, principal patrocinador del club. Fernando Roig sobre els tres fitxatges: Per al m\u00e0xim mandatari del Villarreal CF, els tres jugadors poden aportar molt a l\u2019equip: \u201cSorloth \u00e9s un davanter potent, coneix LaLiga perqu\u00e8 ha jugat en la Real i ha marcat 24 gols. Gabbia \u00e9s un defensa itali\u00e0 que arriba cedit des del Milan. Pot jugar com a central i tamb\u00e9 en els laterals. Est\u00e0 molt il\u00b7lusionat per vindre i poder fer una gran temporada. I Ilias \u00e9s un jugador molt jove, internacional amb Selecci\u00f3 Espanyola. Hisp\u00e0-marroqu\u00ed i amb molta qualitat i personalitat. T\u00e9 fitxa del filial i un gran futur per davant\u201d. Ilias: \u201cAnir\u00e9 a mort per aquest club\u201d Per part seua, el jove atacant Ilias Akhomach va deixar clar el seu entusiasme de triomfar vestit de groc: \u201cEstic molt agra\u00eft de ser aqu\u00ed. Agraeixo la confian\u00e7a que ha dipositat el Villarreal en mi. Donar\u00e9 el 100% en cada oportunitat que tinga de jugar tant en el filial com en el primer equip. Anir\u00e9 a mort per aquest club. \u00c9s una fant\u00e0stica oportunitat per a mi. \u00c9s molt bona. Vull demostrar que soc aqu\u00ed per com soc com a jugador i poder ajudar a l\u2019equip el m\u00e0xim possible. Ilias es mostra ambici\u00f3s de cara al futur: \u201cCrec que tinc un gran potencial. Haig de refor\u00e7ar-ho secundant-me dels meus companys, que tenen molta experi\u00e8ncia i s\u00f3n tots uns grand\u00edssims professionals. Soc polivalent. Puc jugar d\u2019interior, com a extrem o fals nou. Amb la meua habilitat, soc un jugador desequilibrant i amb visi\u00f3 en \u00faltim passe i puc ajudar a l\u2019equip amb les meues qualitats en els metres finals\u201d. Aix\u00f2 s\u00ed, el \u201827\u2019 groc sap que haur\u00e0 d\u2019anar pas a pas: \u201cIntentar\u00e9 ajudar a l\u2019equip de la millor forma possible. Aprendre dels grans jugadors que hi ha aqu\u00ed. Soc aqu\u00ed per alguna cosa i vull demostrar que tinc el potencial per a formar part del Villarreal CF. Jugar en Primera no \u00e9s f\u00e0cil. Cal curr\u00e1rselo en cada entrenament i en cada oportunitat que ens donen en els partits. Cada entrenament ser\u00e0 un aprenentatge\u201d. Gabbia: \u201cEl Villarreal \u00e9s un club important i ambici\u00f3s\u201d El jove defensa itali\u00e0, Matteo Gabbia, arriba cedit des del Milan. \u201cEstic content i agraeixo al club la confian\u00e7a. \u00c9s un club molt important i ambici\u00f3s. M\u2019ha animat a vindre aqu\u00ed. \u00c9s un club competitiu i amb molts jugadors de m\u00e0xim nivell. Intentar\u00e9 fer-ho tan b\u00e9 com siga possible, donar el millor de mi tant en els partits com en els entrenaments\u201d, va comentar. El nou \u20182\u2019 groc va rebre els consells de l\u2019exjugador del Villarreal, Daniele Bonera: \u201cHe parlat amb Bonera. M\u2019ha aconsellat molt b\u00e9. Coneix molt b\u00e9 el Villarreal i el seu entorn. Jo em vaig assabentar que el Villarreal tenia inter\u00e8s en mi i li vaig preguntar sobre el club. M\u2019ha parlat genial del club. Ha estat un gran jugador aqu\u00ed i ara em toca a mi fer les coses b\u00e9 al Villarreal\u201d. Pel que respecta a la manera de jugar, Gabbia creu que s\u2019adaptar\u00e0 b\u00e9 als conceptes de Quique Seti\u00e9n: \u201cLaLiga i la S\u00e8rie A s\u00f3n dos campionats diferents, per\u00f2 el joc \u00e9s el mateix i la seua filosofia tamb\u00e9. Volem guanyar partits. Estic agra\u00eft a entrenador perqu\u00e8 m\u2019est\u00e0 ajudant molt. Estem intentant millorar aspectes que ell considera importants i a It\u00e0lia no es treballen tant. Estic molt content amb els m\u00e8todes d\u2019entrenament que es fan aqu\u00ed a Espanya\u201d. Gabbia \u00e9s un polivalent defensa que pot ocupar les quatre posicions de la saga. \u201cEm sent c\u00f2mode en les dues posicions de centrals. Soc destre i la de central \u00e9s la meua posici\u00f3 ideal, per\u00f2 tamb\u00e9 he jugat com a central esquerre. No tinc problemes. Em sent b\u00e9 en totes dues posicions. Haig de treballar una mica m\u00e9s en altres posicions en les quals no em sent tan a gust, per\u00f2 tinc confian\u00e7a\u201d, va asseverar. Sorloth: \u201cEstic en el meu millor moment i vull aprofitar-lo\u201d Alexander Sorloth arriba al Villarreal disposat a ser un referent en l\u2019atac groc. \u201cVull agrair al club i al president la seua confian\u00e7a en mi. Ha estat una elecci\u00f3 important per a mi. Volia seguretat i aqu\u00ed la trobar\u00e9. Va ser una gran alegria arribar al Villarreal CF. \u00c9s un equip que juga b\u00e9, \u00e9s ofensiu i vol marcar molts gols. \u00c9s un equip perfecte per a un davanter. Estic en el millor moment de la meua carrera. Volia vindre a un club en el qual pogu\u00e9s donar el meu millor nivell i fos un bon lloc per a viure\u201d. El \u201811\u2019 veu clau associar-se a la perfecci\u00f3 amb els seus nous companys: \u201cSoc un davanter alt, gran i r\u00e0pid. Puc ajudar a l\u2019equip si em donen la pilota, puc aguantar-la. M\u2019agrada c\u00f3rrer a l\u2019espai i causar perill. Puc atacar de diverses maneres. El m\u00e9s important per a mi \u00e9s marcar gols. Aquest \u00e9s el meu objectiu aquesta temporada. He jugat en molts clubs. S\u00e9 el que ha de fer un davanter i \u00e9s marcar molts gols. Quan el Villarreal va contactar amb mi, vaig tindre moltes ganes de vindre. \u00c9s un lloc per a estar molts anys. Vull marcar m\u00e9s gols que la temporada passada. Vull fer-ho millor i marcar m\u00e9s gols, encara que el m\u00e9s important \u00e9s ajudar a l\u2019equip. Hi ha altres maneres d\u2019ajudar: amb treball i assist\u00e8ncies. Intentar\u00e9 fer-ho de totes les formes possibles\u201d. Finalment, Sorloth va marcar el cam\u00ed a seguir aquesta temporada: \u201cTenim tres competicions i ambici\u00f3. Tenim bon equip i m\u2019agradaria poder entrar en Champions. A Europa League, tamb\u00e9 volem fer un gran any i arribar lluny en aquesta competici\u00f3\u201d.","headings":[{"type":"heading","level":2,"text":"Alexander Sorloth, Matteo Gabbia i Ilias Akhomach han estat presentats oficialment com a jugadors del Villarreal CF"}],"texts":[{"type":"paragraph","text":"El president del Villarreal CF, Fernando Roig, ha estat l\u2019encarregat de donar-li la benvinguda a Alexander Sorloth, Matteo Gabbia i Ilias Akhomach com a nous jugadors del Submar\u00ed en un acte que s\u2019ha celebrat en les instal\u00b7lacions de PAMESA CER\u00c1MICA, principal patrocinador del club."},{"type":"paragraph","text":"Fernando Roig sobre els tres fitxatges:"},{"type":"paragraph","text":"Per al m\u00e0xim mandatari del Villarreal CF, els tres jugadors poden aportar molt a l\u2019equip: \u201cSorloth \u00e9s un davanter potent, coneix LaLiga perqu\u00e8 ha jugat en la Real i ha marcat 24 gols. Gabbia \u00e9s un defensa itali\u00e0 que arriba cedit des del Milan. Pot jugar com a central i tamb\u00e9 en els laterals. Est\u00e0 molt il\u00b7lusionat per vindre i poder fer una gran temporada. I Ilias \u00e9s un jugador molt jove, internacional amb Selecci\u00f3 Espanyola. Hisp\u00e0-marroqu\u00ed i amb molta qualitat i personalitat. T\u00e9 fitxa del filial i un gran futur per davant\u201d."},{"type":"paragraph","text":"Ilias: \u201cAnir\u00e9 a mort per aquest club\u201d"},{"type":"paragraph","text":"Per part seua, el jove atacant Ilias Akhomach va deixar clar el seu entusiasme de triomfar vestit de groc: \u201cEstic molt agra\u00eft de ser aqu\u00ed. Agraeixo la confian\u00e7a que ha dipositat el Villarreal en mi. Donar\u00e9 el 100% en cada oportunitat que tinga de jugar tant en el filial com en el primer equip. Anir\u00e9 a mort per aquest club. \u00c9s una fant\u00e0stica oportunitat per a mi. \u00c9s molt bona. Vull demostrar que soc aqu\u00ed per com soc com a jugador i poder ajudar a l\u2019equip el m\u00e0xim possible."},{"type":"paragraph","text":"Ilias es mostra ambici\u00f3s de cara al futur: \u201cCrec que tinc un gran potencial. Haig de refor\u00e7ar-ho secundant-me dels meus companys, que tenen molta experi\u00e8ncia i s\u00f3n tots uns grand\u00edssims professionals. Soc polivalent. Puc jugar d\u2019interior, com a extrem o fals nou. Amb la meua habilitat, soc un jugador desequilibrant i amb visi\u00f3 en \u00faltim passe i puc ajudar a l\u2019equip amb les meues qualitats en els metres finals\u201d."},{"type":"paragraph","text":"Aix\u00f2 s\u00ed, el \u201827\u2019 groc sap que haur\u00e0 d\u2019anar pas a pas: \u201cIntentar\u00e9 ajudar a l\u2019equip de la millor forma possible. Aprendre dels grans jugadors que hi ha aqu\u00ed. Soc aqu\u00ed per alguna cosa i vull demostrar que tinc el potencial per a formar part del Villarreal CF. Jugar en Primera no \u00e9s f\u00e0cil. Cal curr\u00e1rselo en cada entrenament i en cada oportunitat que ens donen en els partits. Cada entrenament ser\u00e0 un aprenentatge\u201d."},{"type":"paragraph","text":"Gabbia: \u201cEl Villarreal \u00e9s un club important i ambici\u00f3s\u201d"},{"type":"paragraph","text":"El jove defensa itali\u00e0, Matteo Gabbia, arriba cedit des del Milan. \u201cEstic content i agraeixo al club la confian\u00e7a. \u00c9s un club molt important i ambici\u00f3s. M\u2019ha animat a vindre aqu\u00ed. \u00c9s un club competitiu i amb molts jugadors de m\u00e0xim nivell. Intentar\u00e9 fer-ho tan b\u00e9 com siga possible, donar el millor de mi tant en els partits com en els entrenaments\u201d, va comentar."},{"type":"paragraph","text":"El nou \u20182\u2019 groc va rebre els consells de l\u2019exjugador del Villarreal, Daniele Bonera: \u201cHe parlat amb Bonera. M\u2019ha aconsellat molt b\u00e9. Coneix molt b\u00e9 el Villarreal i el seu entorn. Jo em vaig assabentar que el Villarreal tenia inter\u00e8s en mi i li vaig preguntar sobre el club. M\u2019ha parlat genial del club. Ha estat un gran jugador aqu\u00ed i ara em toca a mi fer les coses b\u00e9 al Villarreal\u201d."},{"type":"paragraph","text":"Pel que respecta a la manera de jugar, Gabbia creu que s\u2019adaptar\u00e0 b\u00e9 als conceptes de Quique Seti\u00e9n: \u201cLaLiga i la S\u00e8rie A s\u00f3n dos campionats diferents, per\u00f2 el joc \u00e9s el mateix i la seua filosofia tamb\u00e9. Volem guanyar partits. Estic agra\u00eft a entrenador perqu\u00e8 m\u2019est\u00e0 ajudant molt. Estem intentant millorar aspectes que ell considera importants i a It\u00e0lia no es treballen tant. Estic molt content amb els m\u00e8todes d\u2019entrenament que es fan aqu\u00ed a Espanya\u201d."},{"type":"paragraph","text":"Gabbia \u00e9s un polivalent defensa que pot ocupar les quatre posicions de la saga. \u201cEm sent c\u00f2mode en les dues posicions de centrals. Soc destre i la de central \u00e9s la meua posici\u00f3 ideal, per\u00f2 tamb\u00e9 he jugat com a central esquerre. No tinc problemes. Em sent b\u00e9 en totes dues posicions. Haig de treballar una mica m\u00e9s en altres posicions en les quals no em sent tan a gust, per\u00f2 tinc confian\u00e7a\u201d, va asseverar."},{"type":"paragraph","text":"Sorloth: \u201cEstic en el meu millor moment i vull aprofitar-lo\u201d"},{"type":"paragraph","text":"Alexander Sorloth arriba al Villarreal disposat a ser un referent en l\u2019atac groc. \u201cVull agrair al club i al president la seua confian\u00e7a en mi. Ha estat una elecci\u00f3 important per a mi. Volia seguretat i aqu\u00ed la trobar\u00e9. Va ser una gran alegria arribar al Villarreal CF. \u00c9s un equip que juga b\u00e9, \u00e9s ofensiu i vol marcar molts gols. \u00c9s un equip perfecte per a un davanter. Estic en el millor moment de la meua carrera. Volia vindre a un club en el qual pogu\u00e9s donar el meu millor nivell i fos un bon lloc per a viure\u201d."},{"type":"paragraph","text":"El \u201811\u2019 veu clau associar-se a la perfecci\u00f3 amb els seus nous companys: \u201cSoc un davanter alt, gran i r\u00e0pid. Puc ajudar a l\u2019equip si em donen la pilota, puc aguantar-la. M\u2019agrada c\u00f3rrer a l\u2019espai i causar perill. Puc atacar de diverses maneres. El m\u00e9s important per a mi \u00e9s marcar gols. Aquest \u00e9s el meu objectiu aquesta temporada. He jugat en molts clubs. S\u00e9 el que ha de fer un davanter i \u00e9s marcar molts gols. Quan el Villarreal va contactar amb mi, vaig tindre moltes ganes de vindre. \u00c9s un lloc per a estar molts anys. Vull marcar m\u00e9s gols que la temporada passada. Vull fer-ho millor i marcar m\u00e9s gols, encara que el m\u00e9s important \u00e9s ajudar a l\u2019equip. Hi ha altres maneres d\u2019ajudar: amb treball i assist\u00e8ncies. Intentar\u00e9 fer-ho de totes les formes possibles\u201d."},{"type":"paragraph","text":"Finalment, Sorloth va marcar el cam\u00ed a seguir aquesta temporada: \u201cTenim tres competicions i ambici\u00f3. Tenim bon equip i m\u2019agradaria poder entrar en Champions. A Europa League, tamb\u00e9 volem fer un gran any i arribar lluny en aquesta competici\u00f3\u201d."}],"buttons":[],"images":[],"widgets":[],"blocks":[{"type":"heading","level":2,"text":"Alexander Sorloth, Matteo Gabbia i Ilias Akhomach han estat presentats oficialment com a jugadors del Villarreal CF"},{"type":"paragraph","text":"El president del Villarreal CF, Fernando Roig, ha estat l\u2019encarregat de donar-li la benvinguda a Alexander Sorloth, Matteo Gabbia i Ilias Akhomach com a nous jugadors del Submar\u00ed en un acte que s\u2019ha celebrat en les instal\u00b7lacions de PAMESA CER\u00c1MICA, principal patrocinador del club."},{"type":"paragraph","text":"Fernando Roig sobre els tres fitxatges:"},{"type":"paragraph","text":"Per al m\u00e0xim mandatari del Villarreal CF, els tres jugadors poden aportar molt a l\u2019equip: \u201cSorloth \u00e9s un davanter potent, coneix LaLiga perqu\u00e8 ha jugat en la Real i ha marcat 24 gols. Gabbia \u00e9s un defensa itali\u00e0 que arriba cedit des del Milan. Pot jugar com a central i tamb\u00e9 en els laterals. Est\u00e0 molt il\u00b7lusionat per vindre i poder fer una gran temporada. I Ilias \u00e9s un jugador molt jove, internacional amb Selecci\u00f3 Espanyola. Hisp\u00e0-marroqu\u00ed i amb molta qualitat i personalitat. T\u00e9 fitxa del filial i un gran futur per davant\u201d."},{"type":"paragraph","text":"Ilias: \u201cAnir\u00e9 a mort per aquest club\u201d"},{"type":"paragraph","text":"Per part seua, el jove atacant Ilias Akhomach va deixar clar el seu entusiasme de triomfar vestit de groc: \u201cEstic molt agra\u00eft de ser aqu\u00ed. Agraeixo la confian\u00e7a que ha dipositat el Villarreal en mi. Donar\u00e9 el 100% en cada oportunitat que tinga de jugar tant en el filial com en el primer equip. Anir\u00e9 a mort per aquest club. \u00c9s una fant\u00e0stica oportunitat per a mi. \u00c9s molt bona. Vull demostrar que soc aqu\u00ed per com soc com a jugador i poder ajudar a l\u2019equip el m\u00e0xim possible."},{"type":"paragraph","text":"Ilias es mostra ambici\u00f3s de cara al futur: \u201cCrec que tinc un gran potencial. Haig de refor\u00e7ar-ho secundant-me dels meus companys, que tenen molta experi\u00e8ncia i s\u00f3n tots uns grand\u00edssims professionals. Soc polivalent. Puc jugar d\u2019interior, com a extrem o fals nou. Amb la meua habilitat, soc un jugador desequilibrant i amb visi\u00f3 en \u00faltim passe i puc ajudar a l\u2019equip amb les meues qualitats en els metres finals\u201d."},{"type":"paragraph","text":"Aix\u00f2 s\u00ed, el \u201827\u2019 groc sap que haur\u00e0 d\u2019anar pas a pas: \u201cIntentar\u00e9 ajudar a l\u2019equip de la millor forma possible. Aprendre dels grans jugadors que hi ha aqu\u00ed. Soc aqu\u00ed per alguna cosa i vull demostrar que tinc el potencial per a formar part del Villarreal CF. Jugar en Primera no \u00e9s f\u00e0cil. Cal curr\u00e1rselo en cada entrenament i en cada oportunitat que ens donen en els partits. Cada entrenament ser\u00e0 un aprenentatge\u201d."},{"type":"paragraph","text":"Gabbia: \u201cEl Villarreal \u00e9s un club important i ambici\u00f3s\u201d"},{"type":"paragraph","text":"El jove defensa itali\u00e0, Matteo Gabbia, arriba cedit des del Milan. \u201cEstic content i agraeixo al club la confian\u00e7a. \u00c9s un club molt important i ambici\u00f3s. M\u2019ha animat a vindre aqu\u00ed. \u00c9s un club competitiu i amb molts jugadors de m\u00e0xim nivell. Intentar\u00e9 fer-ho tan b\u00e9 com siga possible, donar el millor de mi tant en els partits com en els entrenaments\u201d, va comentar."},{"type":"paragraph","text":"El nou \u20182\u2019 groc va rebre els consells de l\u2019exjugador del Villarreal, Daniele Bonera: \u201cHe parlat amb Bonera. M\u2019ha aconsellat molt b\u00e9. Coneix molt b\u00e9 el Villarreal i el seu entorn. Jo em vaig assabentar que el Villarreal tenia inter\u00e8s en mi i li vaig preguntar sobre el club. M\u2019ha parlat genial del club. Ha estat un gran jugador aqu\u00ed i ara em toca a mi fer les coses b\u00e9 al Villarreal\u201d."},{"type":"paragraph","text":"Pel que respecta a la manera de jugar, Gabbia creu que s\u2019adaptar\u00e0 b\u00e9 als conceptes de Quique Seti\u00e9n: \u201cLaLiga i la S\u00e8rie A s\u00f3n dos campionats diferents, per\u00f2 el joc \u00e9s el mateix i la seua filosofia tamb\u00e9. Volem guanyar partits. Estic agra\u00eft a entrenador perqu\u00e8 m\u2019est\u00e0 ajudant molt. Estem intentant millorar aspectes que ell considera importants i a It\u00e0lia no es treballen tant. Estic molt content amb els m\u00e8todes d\u2019entrenament que es fan aqu\u00ed a Espanya\u201d."},{"type":"paragraph","text":"Gabbia \u00e9s un polivalent defensa que pot ocupar les quatre posicions de la saga. \u201cEm sent c\u00f2mode en les dues posicions de centrals. Soc destre i la de central \u00e9s la meua posici\u00f3 ideal, per\u00f2 tamb\u00e9 he jugat com a central esquerre. No tinc problemes. Em sent b\u00e9 en totes dues posicions. Haig de treballar una mica m\u00e9s en altres posicions en les quals no em sent tan a gust, per\u00f2 tinc confian\u00e7a\u201d, va asseverar."},{"type":"paragraph","text":"Sorloth: \u201cEstic en el meu millor moment i vull aprofitar-lo\u201d"},{"type":"paragraph","text":"Alexander Sorloth arriba al Villarreal disposat a ser un referent en l\u2019atac groc. \u201cVull agrair al club i al president la seua confian\u00e7a en mi. Ha estat una elecci\u00f3 important per a mi. Volia seguretat i aqu\u00ed la trobar\u00e9. Va ser una gran alegria arribar al Villarreal CF. \u00c9s un equip que juga b\u00e9, \u00e9s ofensiu i vol marcar molts gols. \u00c9s un equip perfecte per a un davanter. Estic en el millor moment de la meua carrera. Volia vindre a un club en el qual pogu\u00e9s donar el meu millor nivell i fos un bon lloc per a viure\u201d."},{"type":"paragraph","text":"El \u201811\u2019 veu clau associar-se a la perfecci\u00f3 amb els seus nous companys: \u201cSoc un davanter alt, gran i r\u00e0pid. Puc ajudar a l\u2019equip si em donen la pilota, puc aguantar-la. M\u2019agrada c\u00f3rrer a l\u2019espai i causar perill. Puc atacar de diverses maneres. El m\u00e9s important per a mi \u00e9s marcar gols. Aquest \u00e9s el meu objectiu aquesta temporada. He jugat en molts clubs. S\u00e9 el que ha de fer un davanter i \u00e9s marcar molts gols. Quan el Villarreal va contactar amb mi, vaig tindre moltes ganes de vindre. \u00c9s un lloc per a estar molts anys. Vull marcar m\u00e9s gols que la temporada passada. Vull fer-ho millor i marcar m\u00e9s gols, encara que el m\u00e9s important \u00e9s ajudar a l\u2019equip. Hi ha altres maneres d\u2019ajudar: amb treball i assist\u00e8ncies. Intentar\u00e9 fer-ho de totes les formes possibles\u201d."},{"type":"paragraph","text":"Finalment, Sorloth va marcar el cam\u00ed a seguir aquesta temporada: \u201cTenim tres competicions i ambici\u00f3. Tenim bon equip i m\u2019agradaria poder entrar en Champions. A Europa League, tamb\u00e9 volem fer un gran any i arribar lluny en aquesta competici\u00f3\u201d."},{"type":"video","kind":"iframe","url":"https:\/\/www.youtube.com\/embed\/YZK8X74rg2U?feature=oembed","poster":""}]}],"hero":{"id":"section-1","title":"Alexander Sorloth, Matteo Gabbia i Ilias Akhomach han estat presentats oficialment com a jugadors del Villarreal CF","text":"Alexander Sorloth, Matteo Gabbia i Ilias Akhomach han estat presentats oficialment com a jugadors del Villarreal CF El president del Villarreal CF, Fernando Roig, ha estat l\u2019encarregat de donar-li la benvinguda a Alexander Sorloth, Matteo Gabbia i Ilias Akhomach com a nous jugadors del Submar\u00ed en un acte que s\u2019ha celebrat en les instal\u00b7lacions de PAMESA CER\u00c1MICA, principal patrocinador del club. Fernando Roig sobre els tres fitxatges: Per al m\u00e0xim mandatari del Villarreal CF, els tres jugadors poden aportar molt a l\u2019equip: \u201cSorloth \u00e9s un davanter potent, coneix LaLiga perqu\u00e8 ha jugat en la Real i ha marcat 24 gols. Gabbia \u00e9s un defensa itali\u00e0 que arriba cedit des del Milan. Pot jugar com a central i tamb\u00e9 en els laterals. Est\u00e0 molt il\u00b7lusionat per vindre i poder fer una gran temporada. I Ilias \u00e9s un jugador molt jove, internacional amb Selecci\u00f3 Espanyola. Hisp\u00e0-marroqu\u00ed i amb molta qualitat i personalitat. T\u00e9 fitxa del filial i un gran futur per davant\u201d. Ilias: \u201cAnir\u00e9 a mort per aquest club\u201d Per part seua, el jove atacant Ilias Akhomach va deixar clar el seu entusiasme de triomfar vestit de groc: \u201cEstic molt agra\u00eft de ser aqu\u00ed. Agraeixo la confian\u00e7a que ha dipositat el Villarreal en mi. Donar\u00e9 el 100% en cada oportunitat que tinga de jugar tant en el filial com en el primer equip. Anir\u00e9 a mort per aquest club. \u00c9s una fant\u00e0stica oportunitat per a mi. \u00c9s molt bona. Vull demostrar que soc aqu\u00ed per com soc com a jugador i poder ajudar a l\u2019equip el m\u00e0xim possible. Ilias es mostra ambici\u00f3s de cara al futur: \u201cCrec que tinc un gran potencial. Haig de refor\u00e7ar-ho secundant-me dels meus companys, que tenen molta experi\u00e8ncia i s\u00f3n tots uns grand\u00edssims professionals. Soc polivalent. Puc jugar d\u2019interior, com a extrem o fals nou. Amb la meua habilitat, soc un jugador desequilibrant i amb visi\u00f3 en \u00faltim passe i puc ajudar a l\u2019equip amb les meues qualitats en els metres finals\u201d. Aix\u00f2 s\u00ed, el \u201827\u2019 groc sap que haur\u00e0 d\u2019anar pas a pas: \u201cIntentar\u00e9 ajudar a l\u2019equip de la millor forma possible. Aprendre dels grans jugadors que hi ha aqu\u00ed. Soc aqu\u00ed per alguna cosa i vull demostrar que tinc el potencial per a formar part del Villarreal CF. Jugar en Primera no \u00e9s f\u00e0cil. Cal curr\u00e1rselo en cada entrenament i en cada oportunitat que ens donen en els partits. Cada entrenament ser\u00e0 un aprenentatge\u201d. Gabbia: \u201cEl Villarreal \u00e9s un club important i ambici\u00f3s\u201d El jove defensa itali\u00e0, Matteo Gabbia, arriba cedit des del Milan. \u201cEstic content i agraeixo al club la confian\u00e7a. \u00c9s un club molt important i ambici\u00f3s. M\u2019ha animat a vindre aqu\u00ed. \u00c9s un club competitiu i amb molts jugadors de m\u00e0xim nivell. Intentar\u00e9 fer-ho tan b\u00e9 com siga possible, donar el millor de mi tant en els partits com en els entrenaments\u201d, va comentar. El nou \u20182\u2019 groc va rebre els consells de l\u2019exjugador del Villarreal, Daniele Bonera: \u201cHe parlat amb Bonera. M\u2019ha aconsellat molt b\u00e9. Coneix molt b\u00e9 el Villarreal i el seu entorn. Jo em vaig assabentar que el Villarreal tenia inter\u00e8s en mi i li vaig preguntar sobre el club. M\u2019ha parlat genial del club. Ha estat un gran jugador aqu\u00ed i ara em toca a mi fer les coses b\u00e9 al Villarreal\u201d. Pel que respecta a la manera de jugar, Gabbia creu que s\u2019adaptar\u00e0 b\u00e9 als conceptes de Quique Seti\u00e9n: \u201cLaLiga i la S\u00e8rie A s\u00f3n dos campionats diferents, per\u00f2 el joc \u00e9s el mateix i la seua filosofia tamb\u00e9. Volem guanyar partits. Estic agra\u00eft a entrenador perqu\u00e8 m\u2019est\u00e0 ajudant molt. Estem intentant millorar aspectes que ell considera importants i a It\u00e0lia no es treballen tant. Estic molt content amb els m\u00e8todes d\u2019entrenament que es fan aqu\u00ed a Espanya\u201d. Gabbia \u00e9s un polivalent defensa que pot ocupar les quatre posicions de la saga. \u201cEm sent c\u00f2mode en les dues posicions de centrals. Soc destre i la de central \u00e9s la meua posici\u00f3 ideal, per\u00f2 tamb\u00e9 he jugat com a central esquerre. No tinc problemes. Em sent b\u00e9 en totes dues posicions. Haig de treballar una mica m\u00e9s en altres posicions en les quals no em sent tan a gust, per\u00f2 tinc confian\u00e7a\u201d, va asseverar. Sorloth: \u201cEstic en el meu millor moment i vull aprofitar-lo\u201d Alexander Sorloth arriba al Villarreal disposat a ser un referent en l\u2019atac groc. \u201cVull agrair al club i al president la seua confian\u00e7a en mi. Ha estat una elecci\u00f3 important per a mi. Volia seguretat i aqu\u00ed la trobar\u00e9. Va ser una gran alegria arribar al Villarreal CF. \u00c9s un equip que juga b\u00e9, \u00e9s ofensiu i vol marcar molts gols. \u00c9s un equip perfecte per a un davanter. Estic en el millor moment de la meua carrera. Volia vindre a un club en el qual pogu\u00e9s donar el meu millor nivell i fos un bon lloc per a viure\u201d. El \u201811\u2019 veu clau associar-se a la perfecci\u00f3 amb els seus nous companys: \u201cSoc un davanter alt, gran i r\u00e0pid. Puc ajudar a l\u2019equip si em donen la pilota, puc aguantar-la. M\u2019agrada c\u00f3rrer a l\u2019espai i causar perill. Puc atacar de diverses maneres. El m\u00e9s important per a mi \u00e9s marcar gols. Aquest \u00e9s el meu objectiu aquesta temporada. He jugat en molts clubs. S\u00e9 el que ha de fer un davanter i \u00e9s marcar molts gols. Quan el Villarreal va contactar amb mi, vaig tindre moltes ganes de vindre. \u00c9s un lloc per a estar molts anys. Vull marcar m\u00e9s gols que la temporada passada. Vull fer-ho millor i marcar m\u00e9s gols, encara que el m\u00e9s important \u00e9s ajudar a l\u2019equip. Hi ha altres maneres d\u2019ajudar: amb treball i assist\u00e8ncies. Intentar\u00e9 fer-ho de totes les formes possibles\u201d. Finalment, Sorloth va marcar el cam\u00ed a seguir aquesta temporada: \u201cTenim tres competicions i ambici\u00f3. Tenim bon equip i m\u2019agradaria poder entrar en Champions. A Europa League, tamb\u00e9 volem fer un gran any i arribar lluny en aquesta competici\u00f3\u201d.","headings":[{"type":"heading","level":2,"text":"Alexander Sorloth, Matteo Gabbia i Ilias Akhomach han estat presentats oficialment com a jugadors del Villarreal CF"}],"texts":[{"type":"paragraph","text":"El president del Villarreal CF, Fernando Roig, ha estat l\u2019encarregat de donar-li la benvinguda a Alexander Sorloth, Matteo Gabbia i Ilias Akhomach com a nous jugadors del Submar\u00ed en un acte que s\u2019ha celebrat en les instal\u00b7lacions de PAMESA CER\u00c1MICA, principal patrocinador del club."},{"type":"paragraph","text":"Fernando Roig sobre els tres fitxatges:"},{"type":"paragraph","text":"Per al m\u00e0xim mandatari del Villarreal CF, els tres jugadors poden aportar molt a l\u2019equip: \u201cSorloth \u00e9s un davanter potent, coneix LaLiga perqu\u00e8 ha jugat en la Real i ha marcat 24 gols. Gabbia \u00e9s un defensa itali\u00e0 que arriba cedit des del Milan. Pot jugar com a central i tamb\u00e9 en els laterals. Est\u00e0 molt il\u00b7lusionat per vindre i poder fer una gran temporada. I Ilias \u00e9s un jugador molt jove, internacional amb Selecci\u00f3 Espanyola. Hisp\u00e0-marroqu\u00ed i amb molta qualitat i personalitat. T\u00e9 fitxa del filial i un gran futur per davant\u201d."},{"type":"paragraph","text":"Ilias: \u201cAnir\u00e9 a mort per aquest club\u201d"},{"type":"paragraph","text":"Per part seua, el jove atacant Ilias Akhomach va deixar clar el seu entusiasme de triomfar vestit de groc: \u201cEstic molt agra\u00eft de ser aqu\u00ed. Agraeixo la confian\u00e7a que ha dipositat el Villarreal en mi. Donar\u00e9 el 100% en cada oportunitat que tinga de jugar tant en el filial com en el primer equip. Anir\u00e9 a mort per aquest club. \u00c9s una fant\u00e0stica oportunitat per a mi. \u00c9s molt bona. Vull demostrar que soc aqu\u00ed per com soc com a jugador i poder ajudar a l\u2019equip el m\u00e0xim possible."},{"type":"paragraph","text":"Ilias es mostra ambici\u00f3s de cara al futur: \u201cCrec que tinc un gran potencial. Haig de refor\u00e7ar-ho secundant-me dels meus companys, que tenen molta experi\u00e8ncia i s\u00f3n tots uns grand\u00edssims professionals. Soc polivalent. Puc jugar d\u2019interior, com a extrem o fals nou. Amb la meua habilitat, soc un jugador desequilibrant i amb visi\u00f3 en \u00faltim passe i puc ajudar a l\u2019equip amb les meues qualitats en els metres finals\u201d."},{"type":"paragraph","text":"Aix\u00f2 s\u00ed, el \u201827\u2019 groc sap que haur\u00e0 d\u2019anar pas a pas: \u201cIntentar\u00e9 ajudar a l\u2019equip de la millor forma possible. Aprendre dels grans jugadors que hi ha aqu\u00ed. Soc aqu\u00ed per alguna cosa i vull demostrar que tinc el potencial per a formar part del Villarreal CF. Jugar en Primera no \u00e9s f\u00e0cil. Cal curr\u00e1rselo en cada entrenament i en cada oportunitat que ens donen en els partits. Cada entrenament ser\u00e0 un aprenentatge\u201d."},{"type":"paragraph","text":"Gabbia: \u201cEl Villarreal \u00e9s un club important i ambici\u00f3s\u201d"},{"type":"paragraph","text":"El jove defensa itali\u00e0, Matteo Gabbia, arriba cedit des del Milan. \u201cEstic content i agraeixo al club la confian\u00e7a. \u00c9s un club molt important i ambici\u00f3s. M\u2019ha animat a vindre aqu\u00ed. \u00c9s un club competitiu i amb molts jugadors de m\u00e0xim nivell. Intentar\u00e9 fer-ho tan b\u00e9 com siga possible, donar el millor de mi tant en els partits com en els entrenaments\u201d, va comentar."},{"type":"paragraph","text":"El nou \u20182\u2019 groc va rebre els consells de l\u2019exjugador del Villarreal, Daniele Bonera: \u201cHe parlat amb Bonera. M\u2019ha aconsellat molt b\u00e9. Coneix molt b\u00e9 el Villarreal i el seu entorn. Jo em vaig assabentar que el Villarreal tenia inter\u00e8s en mi i li vaig preguntar sobre el club. M\u2019ha parlat genial del club. Ha estat un gran jugador aqu\u00ed i ara em toca a mi fer les coses b\u00e9 al Villarreal\u201d."},{"type":"paragraph","text":"Pel que respecta a la manera de jugar, Gabbia creu que s\u2019adaptar\u00e0 b\u00e9 als conceptes de Quique Seti\u00e9n: \u201cLaLiga i la S\u00e8rie A s\u00f3n dos campionats diferents, per\u00f2 el joc \u00e9s el mateix i la seua filosofia tamb\u00e9. Volem guanyar partits. Estic agra\u00eft a entrenador perqu\u00e8 m\u2019est\u00e0 ajudant molt. Estem intentant millorar aspectes que ell considera importants i a It\u00e0lia no es treballen tant. Estic molt content amb els m\u00e8todes d\u2019entrenament que es fan aqu\u00ed a Espanya\u201d."},{"type":"paragraph","text":"Gabbia \u00e9s un polivalent defensa que pot ocupar les quatre posicions de la saga. \u201cEm sent c\u00f2mode en les dues posicions de centrals. Soc destre i la de central \u00e9s la meua posici\u00f3 ideal, per\u00f2 tamb\u00e9 he jugat com a central esquerre. No tinc problemes. Em sent b\u00e9 en totes dues posicions. Haig de treballar una mica m\u00e9s en altres posicions en les quals no em sent tan a gust, per\u00f2 tinc confian\u00e7a\u201d, va asseverar."},{"type":"paragraph","text":"Sorloth: \u201cEstic en el meu millor moment i vull aprofitar-lo\u201d"},{"type":"paragraph","text":"Alexander Sorloth arriba al Villarreal disposat a ser un referent en l\u2019atac groc. \u201cVull agrair al club i al president la seua confian\u00e7a en mi. Ha estat una elecci\u00f3 important per a mi. Volia seguretat i aqu\u00ed la trobar\u00e9. Va ser una gran alegria arribar al Villarreal CF. \u00c9s un equip que juga b\u00e9, \u00e9s ofensiu i vol marcar molts gols. \u00c9s un equip perfecte per a un davanter. Estic en el millor moment de la meua carrera. Volia vindre a un club en el qual pogu\u00e9s donar el meu millor nivell i fos un bon lloc per a viure\u201d."},{"type":"paragraph","text":"El \u201811\u2019 veu clau associar-se a la perfecci\u00f3 amb els seus nous companys: \u201cSoc un davanter alt, gran i r\u00e0pid. Puc ajudar a l\u2019equip si em donen la pilota, puc aguantar-la. M\u2019agrada c\u00f3rrer a l\u2019espai i causar perill. Puc atacar de diverses maneres. El m\u00e9s important per a mi \u00e9s marcar gols. Aquest \u00e9s el meu objectiu aquesta temporada. He jugat en molts clubs. S\u00e9 el que ha de fer un davanter i \u00e9s marcar molts gols. Quan el Villarreal va contactar amb mi, vaig tindre moltes ganes de vindre. \u00c9s un lloc per a estar molts anys. Vull marcar m\u00e9s gols que la temporada passada. Vull fer-ho millor i marcar m\u00e9s gols, encara que el m\u00e9s important \u00e9s ajudar a l\u2019equip. Hi ha altres maneres d\u2019ajudar: amb treball i assist\u00e8ncies. Intentar\u00e9 fer-ho de totes les formes possibles\u201d."},{"type":"paragraph","text":"Finalment, Sorloth va marcar el cam\u00ed a seguir aquesta temporada: \u201cTenim tres competicions i ambici\u00f3. Tenim bon equip i m\u2019agradaria poder entrar en Champions. A Europa League, tamb\u00e9 volem fer un gran any i arribar lluny en aquesta competici\u00f3\u201d."}],"buttons":[],"images":[],"widgets":[],"blocks":[{"type":"heading","level":2,"text":"Alexander Sorloth, Matteo Gabbia i Ilias Akhomach han estat presentats oficialment com a jugadors del Villarreal CF"},{"type":"paragraph","text":"El president del Villarreal CF, Fernando Roig, ha estat l\u2019encarregat de donar-li la benvinguda a Alexander Sorloth, Matteo Gabbia i Ilias Akhomach com a nous jugadors del Submar\u00ed en un acte que s\u2019ha celebrat en les instal\u00b7lacions de PAMESA CER\u00c1MICA, principal patrocinador del club."},{"type":"paragraph","text":"Fernando Roig sobre els tres fitxatges:"},{"type":"paragraph","text":"Per al m\u00e0xim mandatari del Villarreal CF, els tres jugadors poden aportar molt a l\u2019equip: \u201cSorloth \u00e9s un davanter potent, coneix LaLiga perqu\u00e8 ha jugat en la Real i ha marcat 24 gols. Gabbia \u00e9s un defensa itali\u00e0 que arriba cedit des del Milan. Pot jugar com a central i tamb\u00e9 en els laterals. Est\u00e0 molt il\u00b7lusionat per vindre i poder fer una gran temporada. I Ilias \u00e9s un jugador molt jove, internacional amb Selecci\u00f3 Espanyola. Hisp\u00e0-marroqu\u00ed i amb molta qualitat i personalitat. T\u00e9 fitxa del filial i un gran futur per davant\u201d."},{"type":"paragraph","text":"Ilias: \u201cAnir\u00e9 a mort per aquest club\u201d"},{"type":"paragraph","text":"Per part seua, el jove atacant Ilias Akhomach va deixar clar el seu entusiasme de triomfar vestit de groc: \u201cEstic molt agra\u00eft de ser aqu\u00ed. Agraeixo la confian\u00e7a que ha dipositat el Villarreal en mi. Donar\u00e9 el 100% en cada oportunitat que tinga de jugar tant en el filial com en el primer equip. Anir\u00e9 a mort per aquest club. \u00c9s una fant\u00e0stica oportunitat per a mi. \u00c9s molt bona. Vull demostrar que soc aqu\u00ed per com soc com a jugador i poder ajudar a l\u2019equip el m\u00e0xim possible."},{"type":"paragraph","text":"Ilias es mostra ambici\u00f3s de cara al futur: \u201cCrec que tinc un gran potencial. Haig de refor\u00e7ar-ho secundant-me dels meus companys, que tenen molta experi\u00e8ncia i s\u00f3n tots uns grand\u00edssims professionals. Soc polivalent. Puc jugar d\u2019interior, com a extrem o fals nou. Amb la meua habilitat, soc un jugador desequilibrant i amb visi\u00f3 en \u00faltim passe i puc ajudar a l\u2019equip amb les meues qualitats en els metres finals\u201d."},{"type":"paragraph","text":"Aix\u00f2 s\u00ed, el \u201827\u2019 groc sap que haur\u00e0 d\u2019anar pas a pas: \u201cIntentar\u00e9 ajudar a l\u2019equip de la millor forma possible. Aprendre dels grans jugadors que hi ha aqu\u00ed. Soc aqu\u00ed per alguna cosa i vull demostrar que tinc el potencial per a formar part del Villarreal CF. Jugar en Primera no \u00e9s f\u00e0cil. Cal curr\u00e1rselo en cada entrenament i en cada oportunitat que ens donen en els partits. Cada entrenament ser\u00e0 un aprenentatge\u201d."},{"type":"paragraph","text":"Gabbia: \u201cEl Villarreal \u00e9s un club important i ambici\u00f3s\u201d"},{"type":"paragraph","text":"El jove defensa itali\u00e0, Matteo Gabbia, arriba cedit des del Milan. \u201cEstic content i agraeixo al club la confian\u00e7a. \u00c9s un club molt important i ambici\u00f3s. M\u2019ha animat a vindre aqu\u00ed. \u00c9s un club competitiu i amb molts jugadors de m\u00e0xim nivell. Intentar\u00e9 fer-ho tan b\u00e9 com siga possible, donar el millor de mi tant en els partits com en els entrenaments\u201d, va comentar."},{"type":"paragraph","text":"El nou \u20182\u2019 groc va rebre els consells de l\u2019exjugador del Villarreal, Daniele Bonera: \u201cHe parlat amb Bonera. M\u2019ha aconsellat molt b\u00e9. Coneix molt b\u00e9 el Villarreal i el seu entorn. Jo em vaig assabentar que el Villarreal tenia inter\u00e8s en mi i li vaig preguntar sobre el club. M\u2019ha parlat genial del club. Ha estat un gran jugador aqu\u00ed i ara em toca a mi fer les coses b\u00e9 al Villarreal\u201d."},{"type":"paragraph","text":"Pel que respecta a la manera de jugar, Gabbia creu que s\u2019adaptar\u00e0 b\u00e9 als conceptes de Quique Seti\u00e9n: \u201cLaLiga i la S\u00e8rie A s\u00f3n dos campionats diferents, per\u00f2 el joc \u00e9s el mateix i la seua filosofia tamb\u00e9. Volem guanyar partits. Estic agra\u00eft a entrenador perqu\u00e8 m\u2019est\u00e0 ajudant molt. Estem intentant millorar aspectes que ell considera importants i a It\u00e0lia no es treballen tant. Estic molt content amb els m\u00e8todes d\u2019entrenament que es fan aqu\u00ed a Espanya\u201d."},{"type":"paragraph","text":"Gabbia \u00e9s un polivalent defensa que pot ocupar les quatre posicions de la saga. \u201cEm sent c\u00f2mode en les dues posicions de centrals. Soc destre i la de central \u00e9s la meua posici\u00f3 ideal, per\u00f2 tamb\u00e9 he jugat com a central esquerre. No tinc problemes. Em sent b\u00e9 en totes dues posicions. Haig de treballar una mica m\u00e9s en altres posicions en les quals no em sent tan a gust, per\u00f2 tinc confian\u00e7a\u201d, va asseverar."},{"type":"paragraph","text":"Sorloth: \u201cEstic en el meu millor moment i vull aprofitar-lo\u201d"},{"type":"paragraph","text":"Alexander Sorloth arriba al Villarreal disposat a ser un referent en l\u2019atac groc. \u201cVull agrair al club i al president la seua confian\u00e7a en mi. Ha estat una elecci\u00f3 important per a mi. Volia seguretat i aqu\u00ed la trobar\u00e9. Va ser una gran alegria arribar al Villarreal CF. \u00c9s un equip que juga b\u00e9, \u00e9s ofensiu i vol marcar molts gols. \u00c9s un equip perfecte per a un davanter. Estic en el millor moment de la meua carrera. Volia vindre a un club en el qual pogu\u00e9s donar el meu millor nivell i fos un bon lloc per a viure\u201d."},{"type":"paragraph","text":"El \u201811\u2019 veu clau associar-se a la perfecci\u00f3 amb els seus nous companys: \u201cSoc un davanter alt, gran i r\u00e0pid. Puc ajudar a l\u2019equip si em donen la pilota, puc aguantar-la. M\u2019agrada c\u00f3rrer a l\u2019espai i causar perill. Puc atacar de diverses maneres. El m\u00e9s important per a mi \u00e9s marcar gols. Aquest \u00e9s el meu objectiu aquesta temporada. He jugat en molts clubs. S\u00e9 el que ha de fer un davanter i \u00e9s marcar molts gols. Quan el Villarreal va contactar amb mi, vaig tindre moltes ganes de vindre. \u00c9s un lloc per a estar molts anys. Vull marcar m\u00e9s gols que la temporada passada. Vull fer-ho millor i marcar m\u00e9s gols, encara que el m\u00e9s important \u00e9s ajudar a l\u2019equip. Hi ha altres maneres d\u2019ajudar: amb treball i assist\u00e8ncies. Intentar\u00e9 fer-ho de totes les formes possibles\u201d."},{"type":"paragraph","text":"Finalment, Sorloth va marcar el cam\u00ed a seguir aquesta temporada: \u201cTenim tres competicions i ambici\u00f3. Tenim bon equip i m\u2019agradaria poder entrar en Champions. A Europa League, tamb\u00e9 volem fer un gran any i arribar lluny en aquesta competici\u00f3\u201d."},{"type":"video","kind":"iframe","url":"https:\/\/www.youtube.com\/embed\/YZK8X74rg2U?feature=oembed","poster":""}]}},"sections":[{"id":"section-1","title":"Alexander Sorloth, Matteo Gabbia i Ilias Akhomach han estat presentats oficialment com a jugadors del Villarreal CF","text":"Alexander Sorloth, Matteo Gabbia i Ilias Akhomach han estat presentats oficialment com a jugadors del Villarreal CF El president del Villarreal CF, Fernando Roig, ha estat l\u2019encarregat de donar-li la benvinguda a Alexander Sorloth, Matteo Gabbia i Ilias Akhomach com a nous jugadors del Submar\u00ed en un acte que s\u2019ha celebrat en les instal\u00b7lacions de PAMESA CER\u00c1MICA, principal patrocinador del club. Fernando Roig sobre els tres fitxatges: Per al m\u00e0xim mandatari del Villarreal CF, els tres jugadors poden aportar molt a l\u2019equip: \u201cSorloth \u00e9s un davanter potent, coneix LaLiga perqu\u00e8 ha jugat en la Real i ha marcat 24 gols. Gabbia \u00e9s un defensa itali\u00e0 que arriba cedit des del Milan. Pot jugar com a central i tamb\u00e9 en els laterals. Est\u00e0 molt il\u00b7lusionat per vindre i poder fer una gran temporada. I Ilias \u00e9s un jugador molt jove, internacional amb Selecci\u00f3 Espanyola. Hisp\u00e0-marroqu\u00ed i amb molta qualitat i personalitat. T\u00e9 fitxa del filial i un gran futur per davant\u201d. Ilias: \u201cAnir\u00e9 a mort per aquest club\u201d Per part seua, el jove atacant Ilias Akhomach va deixar clar el seu entusiasme de triomfar vestit de groc: \u201cEstic molt agra\u00eft de ser aqu\u00ed. Agraeixo la confian\u00e7a que ha dipositat el Villarreal en mi. Donar\u00e9 el 100% en cada oportunitat que tinga de jugar tant en el filial com en el primer equip. Anir\u00e9 a mort per aquest club. \u00c9s una fant\u00e0stica oportunitat per a mi. \u00c9s molt bona. Vull demostrar que soc aqu\u00ed per com soc com a jugador i poder ajudar a l\u2019equip el m\u00e0xim possible. Ilias es mostra ambici\u00f3s de cara al futur: \u201cCrec que tinc un gran potencial. Haig de refor\u00e7ar-ho secundant-me dels meus companys, que tenen molta experi\u00e8ncia i s\u00f3n tots uns grand\u00edssims professionals. Soc polivalent. Puc jugar d\u2019interior, com a extrem o fals nou. Amb la meua habilitat, soc un jugador desequilibrant i amb visi\u00f3 en \u00faltim passe i puc ajudar a l\u2019equip amb les meues qualitats en els metres finals\u201d. Aix\u00f2 s\u00ed, el \u201827\u2019 groc sap que haur\u00e0 d\u2019anar pas a pas: \u201cIntentar\u00e9 ajudar a l\u2019equip de la millor forma possible. Aprendre dels grans jugadors que hi ha aqu\u00ed. Soc aqu\u00ed per alguna cosa i vull demostrar que tinc el potencial per a formar part del Villarreal CF. Jugar en Primera no \u00e9s f\u00e0cil. Cal curr\u00e1rselo en cada entrenament i en cada oportunitat que ens donen en els partits. Cada entrenament ser\u00e0 un aprenentatge\u201d. Gabbia: \u201cEl Villarreal \u00e9s un club important i ambici\u00f3s\u201d El jove defensa itali\u00e0, Matteo Gabbia, arriba cedit des del Milan. \u201cEstic content i agraeixo al club la confian\u00e7a. \u00c9s un club molt important i ambici\u00f3s. M\u2019ha animat a vindre aqu\u00ed. \u00c9s un club competitiu i amb molts jugadors de m\u00e0xim nivell. Intentar\u00e9 fer-ho tan b\u00e9 com siga possible, donar el millor de mi tant en els partits com en els entrenaments\u201d, va comentar. El nou \u20182\u2019 groc va rebre els consells de l\u2019exjugador del Villarreal, Daniele Bonera: \u201cHe parlat amb Bonera. M\u2019ha aconsellat molt b\u00e9. Coneix molt b\u00e9 el Villarreal i el seu entorn. Jo em vaig assabentar que el Villarreal tenia inter\u00e8s en mi i li vaig preguntar sobre el club. M\u2019ha parlat genial del club. Ha estat un gran jugador aqu\u00ed i ara em toca a mi fer les coses b\u00e9 al Villarreal\u201d. Pel que respecta a la manera de jugar, Gabbia creu que s\u2019adaptar\u00e0 b\u00e9 als conceptes de Quique Seti\u00e9n: \u201cLaLiga i la S\u00e8rie A s\u00f3n dos campionats diferents, per\u00f2 el joc \u00e9s el mateix i la seua filosofia tamb\u00e9. Volem guanyar partits. Estic agra\u00eft a entrenador perqu\u00e8 m\u2019est\u00e0 ajudant molt. Estem intentant millorar aspectes que ell considera importants i a It\u00e0lia no es treballen tant. Estic molt content amb els m\u00e8todes d\u2019entrenament que es fan aqu\u00ed a Espanya\u201d. Gabbia \u00e9s un polivalent defensa que pot ocupar les quatre posicions de la saga. \u201cEm sent c\u00f2mode en les dues posicions de centrals. Soc destre i la de central \u00e9s la meua posici\u00f3 ideal, per\u00f2 tamb\u00e9 he jugat com a central esquerre. No tinc problemes. Em sent b\u00e9 en totes dues posicions. Haig de treballar una mica m\u00e9s en altres posicions en les quals no em sent tan a gust, per\u00f2 tinc confian\u00e7a\u201d, va asseverar. Sorloth: \u201cEstic en el meu millor moment i vull aprofitar-lo\u201d Alexander Sorloth arriba al Villarreal disposat a ser un referent en l\u2019atac groc. \u201cVull agrair al club i al president la seua confian\u00e7a en mi. Ha estat una elecci\u00f3 important per a mi. Volia seguretat i aqu\u00ed la trobar\u00e9. Va ser una gran alegria arribar al Villarreal CF. \u00c9s un equip que juga b\u00e9, \u00e9s ofensiu i vol marcar molts gols. \u00c9s un equip perfecte per a un davanter. Estic en el millor moment de la meua carrera. Volia vindre a un club en el qual pogu\u00e9s donar el meu millor nivell i fos un bon lloc per a viure\u201d. El \u201811\u2019 veu clau associar-se a la perfecci\u00f3 amb els seus nous companys: \u201cSoc un davanter alt, gran i r\u00e0pid. Puc ajudar a l\u2019equip si em donen la pilota, puc aguantar-la. M\u2019agrada c\u00f3rrer a l\u2019espai i causar perill. Puc atacar de diverses maneres. El m\u00e9s important per a mi \u00e9s marcar gols. Aquest \u00e9s el meu objectiu aquesta temporada. He jugat en molts clubs. S\u00e9 el que ha de fer un davanter i \u00e9s marcar molts gols. Quan el Villarreal va contactar amb mi, vaig tindre moltes ganes de vindre. \u00c9s un lloc per a estar molts anys. Vull marcar m\u00e9s gols que la temporada passada. Vull fer-ho millor i marcar m\u00e9s gols, encara que el m\u00e9s important \u00e9s ajudar a l\u2019equip. Hi ha altres maneres d\u2019ajudar: amb treball i assist\u00e8ncies. Intentar\u00e9 fer-ho de totes les formes possibles\u201d. Finalment, Sorloth va marcar el cam\u00ed a seguir aquesta temporada: \u201cTenim tres competicions i ambici\u00f3. Tenim bon equip i m\u2019agradaria poder entrar en Champions. A Europa League, tamb\u00e9 volem fer un gran any i arribar lluny en aquesta competici\u00f3\u201d.","url":"","background_image":"","images":[],"videos":[{"type":"video","kind":"iframe","url":"https:\/\/www.youtube.com\/embed\/YZK8X74rg2U?feature=oembed","poster":""}],"links":[]}]},"excerpt":{"rendered":"Alexander\u00a0Sorloth,\u00a0Matteo\u00a0Gabbia\u00a0i\u00a0Ilias\u00a0Akhomach\u00a0han estat presentats oficialment com a jugadors del Villarreal CF","protected":false},"author":23,"featured_media":275928,"comment_status":"closed","ping_status":"closed","sticky":false,"template":"","format":"standard","meta":{"_acf_changed":false,"footnotes":""},"categories":[13493],"tags":[14877,9540,717,9270,14892,14879,9999,9278,14075,716,9205,9627,9203],"acf":null,"lang":"val","translations":{"es":275924,"val":275932,"en":275936},"essential_grid":{"has_grid":false},"formatted_date":"August 3, 2023","modified_date":"August 3, 2023","permalink":"https:\/\/villarrealcf.es\/val\/objetivo-comun-triunfar-vestidos-de-amarillo\/","reading_time":6,"featured_media_data":{"id":275928,"title":"webpre","caption":"","alt_text":"","description":"","mime_type":"image\/jpeg","source_url":"https:\/\/villarrealcf.es\/wp-content\/uploads\/2023\/08\/webpre.jpg","sizes":{"thumbnail":{"url":"https:\/\/villarrealcf.es\/wp-content\/uploads\/2023\/08\/webpre-1920x1080.jpg","width":1920,"height":1080},"medium":{"url":"https:\/\/villarrealcf.es\/wp-content\/uploads\/2023\/08\/webpre-1920x1080.jpg","width":1920,"height":1080},"medium_large":{"url":"https:\/\/villarrealcf.es\/wp-content\/uploads\/2023\/08\/webpre-768x432.jpg","width":768,"height":432},"large":{"url":"https:\/\/villarrealcf.es\/wp-content\/uploads\/2023\/08\/webpre-1920x1080.jpg","width":788,"height":443},"1536x1536":{"url":"https:\/\/villarrealcf.es\/wp-content\/uploads\/2023\/08\/webpre-1536x864.jpg","width":1536,"height":864},"2048x2048":{"url":"https:\/\/villarrealcf.es\/wp-content\/uploads\/2023\/08\/webpre.jpg","width":1920,"height":1080},"tp-image-grid":{"url":"https:\/\/villarrealcf.es\/wp-content\/uploads\/2023\/08\/webpre-700x700.jpg","width":700,"height":700},"size-bunyad-medium":{"url":"https:\/\/villarrealcf.es\/wp-content\/uploads\/2023\/08\/webpre-1920x1080.jpg","width":1920,"height":1080},"sportspress-crop-medium":{"url":"https:\/\/villarrealcf.es\/wp-content\/uploads\/2023\/08\/webpre-300x300.jpg","width":300,"height":300},"sportspress-fit-medium":{"url":"https:\/\/villarrealcf.es\/wp-content\/uploads\/2023\/08\/webpre-300x169.jpg","width":300,"height":169},"sportspress-fit-icon":{"url":"https:\/\/villarrealcf.es\/wp-content\/uploads\/2023\/08\/webpre-128x72.jpg","width":128,"height":72},"sportspress-fit-mini":{"url":"https:\/\/villarrealcf.es\/wp-content\/uploads\/2023\/08\/webpre-32x18.jpg","width":32,"height":18},"bunyad-small":{"url":"https:\/\/villarrealcf.es\/wp-content\/uploads\/2023\/08\/webpre-150x84.jpg","width":150,"height":84},"bunyad-medium":{"url":"https:\/\/villarrealcf.es\/wp-content\/uploads\/2023\/08\/webpre-450x253.jpg","width":450,"height":253},"bunyad-full":{"url":"https:\/\/villarrealcf.es\/wp-content\/uploads\/2023\/08\/webpre-1200x675.jpg","width":1200,"height":675},"bunyad-viewport":{"url":"https:\/\/villarrealcf.es\/wp-content\/uploads\/2023\/08\/webpre.jpg","width":1920,"height":1080},"bunyad-768":{"url":"https:\/\/villarrealcf.es\/wp-content\/uploads\/2023\/08\/webpre-768x432.jpg","width":768,"height":432},"full":{"url":"https:\/\/villarrealcf.es\/wp-content\/uploads\/2023\/08\/webpre.jpg","width":1920,"height":1080}}},"author_data":{"id":"23","name":"Fran Segovia","first_name":"Fran","last_name":"Segovia","description":"","avatar_url":"https:\/\/secure.gravatar.com\/avatar\/9ec849b3b9cb451091f0a96d7943b1c6be26a8d6fd3b94d5b5bfd496b2536c42?s=96&d=mm&r=g","acf":null},"taxonomies_data":{"category":[{"id":13493,"name":"Primer equip","slug":"primer-equip","acf":null}],"post_tag":[{"id":14877,"name":"Alexander Sorloth","slug":"alexander-sorloth-val","acf":null},{"id":9540,"name":"Fernando Roig","slug":"fernando-roig-val","acf":null},{"id":717,"name":"Football","slug":"football-d34","acf":null},{"id":9270,"name":"Futbol","slug":"futbol-val","acf":null},{"id":14892,"name":"Ilias Akhomach","slug":"ilias-akhomach-val","acf":null},{"id":14879,"name":"Matteo Gabbia","slug":"matteo-gabbia-val","acf":null},{"id":9999,"name":"Pamesa","slug":"pamesa-val","acf":null},{"id":9278,"name":"primera division","slug":"primera-division-val","acf":null},{"id":14075,"name":"Sin categorizar","slug":"sin-categorizar-val-4","acf":null},{"id":716,"name":"Soccer","slug":"soccer-d105","acf":null},{"id":9205,"name":"Submarino","slug":"submarino-val","acf":null},{"id":9627,"name":"Submarino Amarillo","slug":"submarino-amarillo-val","acf":null},{"id":9203,"name":"Villarreal CF","slug":"villarreal-cf-val","acf":null}],"translation_priority":[{"id":735,"name":"Optional","slug":"optional-val","acf":null}]},"seo_full":{"native":{"title":"Objectiu com\u00fa: triomfar vestits de groc - Web Oficial del Villarreal CF","description":"Alexander\u00a0Sorloth,\u00a0Matteo\u00a0Gabbia\u00a0i\u00a0Ilias\u00a0Akhomach\u00a0han estat presentats oficialment com a jugadors del Villarreal CF","canonical":"https:\/\/villarrealcf.es\/val\/objetivo-comun-triunfar-vestidos-de-amarillo\/"}},"_links":{"self":[{"href":"https:\/\/villarrealcf.es\/val\/wp-json\/wp\/v2\/posts\/275932","targetHints":{"allow":["GET"]}}],"collection":[{"href":"https:\/\/villarrealcf.es\/val\/wp-json\/wp\/v2\/posts"}],"about":[{"href":"https:\/\/villarrealcf.es\/val\/wp-json\/wp\/v2\/types\/post"}],"author":[{"embeddable":true,"href":"https:\/\/villarrealcf.es\/val\/wp-json\/wp\/v2\/users\/23"}],"replies":[{"embeddable":true,"href":"https:\/\/villarrealcf.es\/val\/wp-json\/wp\/v2\/comments?post=275932"}],"version-history":[{"count":0,"href":"https:\/\/villarrealcf.es\/val\/wp-json\/wp\/v2\/posts\/275932\/revisions"}],"wp:featuredmedia":[{"embeddable":true,"href":"https:\/\/villarrealcf.es\/val\/wp-json\/wp\/v2\/media\/275928"}],"wp:attachment":[{"href":"https:\/\/villarrealcf.es\/val\/wp-json\/wp\/v2\/media?parent=275932"}],"wp:term":[{"taxonomy":"category","embeddable":true,"href":"https:\/\/villarrealcf.es\/val\/wp-json\/wp\/v2\/categories?post=275932"},{"taxonomy":"post_tag","embeddable":true,"href":"https:\/\/villarrealcf.es\/val\/wp-json\/wp\/v2\/tags?post=275932"}],"curies":[{"name":"wp","href":"https:\/\/api.w.org\/{rel}","templated":true}]}}