{"id":275482,"date":"2023-07-27T17:15:00","date_gmt":"2023-07-27T15:15:00","guid":{"rendered":"https:\/\/villarrealcf.es\/\/sam\/"},"modified":"2023-07-27T12:56:07","modified_gmt":"2023-07-27T10:56:07","slug":"sam","status":"publish","type":"post","link":"https:\/\/villarrealcf.es\/val\/sam\/","title":{"rendered":"Samu, groguet per sempre"},"content":{"protected":false,"blocks":[{"type":"heading","level":2,"text":"El Villarreal ha arribat a un acord de trasp\u00e0s amb l\u2019AC Milan pel nigeri\u00e0 Chukwueze"},{"type":"paragraph","text":"El Villarreal CF ha arribat a un acord de trasp\u00e0s amb l\u2019AC Milan pel futbolista Samu Chukwueze, que abandona el club despr\u00e9s de sis anys defensant la samarreta grogueta."},{"type":"paragraph","text":"Samu Chukwueze va signar per l\u2019entitat groga en la temporada 2017\/18 per a refor\u00e7ar l\u2019atac del Juvenil A. No obstant aix\u00f2, el seu brillant paper en el futbol base groc va provocar que aviat fes el salt al Villarreal B, amb el qual va disputar una espectacular recta final de competici\u00f3 i posterior fase de promoci\u00f3 a Segona Divisi\u00f3 en la qual va anotar 2 gols i va repartir una assist\u00e8ncia."},{"type":"paragraph","text":"El mete\u00f2ric ascens del nigeri\u00e0 continuaria en la temporada 2018\/19. Chukwueze va debutar amb el primer equip el 20 de setembre de 2018 contra el Rangers FC a l\u2019Europa League i prompte es guanyaria un buit en el conjunt entrenat en aquell moment per Javi Calleja. Aquesta mateixa temporada, l\u2019extrem va disputar un total de 35 partits amb el primer equip en els quals va anotar sis gols -alguns d\u2019ells de summa import\u00e0ncia com el marcat front el Girona en Montilivi o contra el Levante en el Ciutat de Val\u00e8ncia- erigint-se com un dels futbolistes revelaci\u00f3 de la competici\u00f3."},{"type":"paragraph","text":"Durant les seg\u00fcents campanyes Samu Chukwueze va continuar sent un jugador important en els esquemes dels diferents entrenadors que han passat per l\u2019entitat en el seu pas pel club. Chukwueze, campi\u00f3 de l\u2019Europa League amb el Villarreal i un dels jugadors m\u00e9s volguts per l\u2019afici\u00f3, deixa en el record dels seguidors groguets gols per a la hist\u00f2ria del club com l\u2019anotat davant l\u2019FC Bayern en el Allianz Arena en els quarts de final de la UEFA Champions League 2021\/22 o l\u2019estel\u00b7lar actuaci\u00f3 en el Santiago Bernab\u00e9u de la passada temporada."},{"type":"paragraph","text":"El Villarreal CF desitja agrair a Samu Chukwueze el seu lliurament i professionalitat durant les temporades en les quals ha defensat els colors del Submar\u00ed i el millor en la seua nova etapa professional."}],"structured":{"summary":{"text":"El Villarreal ha arribat a un acord de trasp\u00e0s amb l\u2019AC Milan pel nigeri\u00e0 Chukwueze El Villarreal CF ha arribat a un acord de trasp\u00e0s amb l\u2019AC Milan pel futbolista Samu Chukwueze, que abandona el club despr\u00e9s de sis anys defensant la samarreta grogueta. Samu Chukwueze va signar per l\u2019entitat groga en la temporada 2017\/18 per a refor\u00e7ar l\u2019atac del Juvenil A. No obstant aix\u00f2, el seu brillant paper en el futbol base groc va provocar que aviat fes el salt al Villarreal B, amb el qual va disputar una espectacular recta final de competici\u00f3 i posterior fase de promoci\u00f3 a Segona Divisi\u00f3 en la qual va anotar 2 gols i va repartir una assist\u00e8ncia. El mete\u00f2ric ascens del nigeri\u00e0 continuaria en la temporada 2018\/19. Chukwueze va debutar amb el primer equip el 20 de setembre de 2018 contra el Rangers FC a l\u2019Europa League i prompte es guanyaria un buit en el conjunt entrenat en aquell moment per Javi Calleja. Aquesta mateixa temporada, l\u2019extrem va disputar un total de 35 partits amb el primer equip en els quals va anotar sis gols -alguns d\u2019ells de summa import\u00e0ncia com el marcat front el Girona en Montilivi o contra el Levante en el Ciutat de Val\u00e8ncia- erigint-se com un dels futbolistes revelaci\u00f3 de la competici\u00f3. Durant les seg\u00fcents campanyes Samu Chukwueze va continuar sent un jugador important en els esquemes dels diferents entrenadors que han passat per l\u2019entitat en el seu pas pel club. Chukwueze, campi\u00f3 de l\u2019Europa League amb el Villarreal i un dels jugadors m\u00e9s volguts per l\u2019afici\u00f3, deixa en el record dels seguidors groguets gols per a la hist\u00f2ria del club com l\u2019anotat davant l\u2019FC Bayern en el Allianz Arena en els quarts de final de la UEFA Champions League 2021\/22 o l\u2019estel\u00b7lar actuaci\u00f3 en el Santiago Bernab\u00e9u de la passada temporada. El Villarreal CF desitja agrair a Samu Chukwueze el seu lliurament i professionalitat durant les temporades en les quals ha defensat els colors del Submar\u00ed i el millor en la seua nova etapa professional.","headings":[{"type":"heading","level":2,"text":"El Villarreal ha arribat a un acord de trasp\u00e0s amb l\u2019AC Milan pel nigeri\u00e0 Chukwueze"}],"buttons":[],"images":[],"counts":{"blocks":6,"headings":1,"texts":5,"buttons":0,"images":0}},"sections":[{"id":"section-1","title":"El Villarreal ha arribat a un acord de trasp\u00e0s amb l\u2019AC Milan pel nigeri\u00e0 Chukwueze","text":"El Villarreal ha arribat a un acord de trasp\u00e0s amb l\u2019AC Milan pel nigeri\u00e0 Chukwueze El Villarreal CF ha arribat a un acord de trasp\u00e0s amb l\u2019AC Milan pel futbolista Samu Chukwueze, que abandona el club despr\u00e9s de sis anys defensant la samarreta grogueta. Samu Chukwueze va signar per l\u2019entitat groga en la temporada 2017\/18 per a refor\u00e7ar l\u2019atac del Juvenil A. No obstant aix\u00f2, el seu brillant paper en el futbol base groc va provocar que aviat fes el salt al Villarreal B, amb el qual va disputar una espectacular recta final de competici\u00f3 i posterior fase de promoci\u00f3 a Segona Divisi\u00f3 en la qual va anotar 2 gols i va repartir una assist\u00e8ncia. El mete\u00f2ric ascens del nigeri\u00e0 continuaria en la temporada 2018\/19. Chukwueze va debutar amb el primer equip el 20 de setembre de 2018 contra el Rangers FC a l\u2019Europa League i prompte es guanyaria un buit en el conjunt entrenat en aquell moment per Javi Calleja. Aquesta mateixa temporada, l\u2019extrem va disputar un total de 35 partits amb el primer equip en els quals va anotar sis gols -alguns d\u2019ells de summa import\u00e0ncia com el marcat front el Girona en Montilivi o contra el Levante en el Ciutat de Val\u00e8ncia- erigint-se com un dels futbolistes revelaci\u00f3 de la competici\u00f3. Durant les seg\u00fcents campanyes Samu Chukwueze va continuar sent un jugador important en els esquemes dels diferents entrenadors que han passat per l\u2019entitat en el seu pas pel club. Chukwueze, campi\u00f3 de l\u2019Europa League amb el Villarreal i un dels jugadors m\u00e9s volguts per l\u2019afici\u00f3, deixa en el record dels seguidors groguets gols per a la hist\u00f2ria del club com l\u2019anotat davant l\u2019FC Bayern en el Allianz Arena en els quarts de final de la UEFA Champions League 2021\/22 o l\u2019estel\u00b7lar actuaci\u00f3 en el Santiago Bernab\u00e9u de la passada temporada. El Villarreal CF desitja agrair a Samu Chukwueze el seu lliurament i professionalitat durant les temporades en les quals ha defensat els colors del Submar\u00ed i el millor en la seua nova etapa professional.","headings":[{"type":"heading","level":2,"text":"El Villarreal ha arribat a un acord de trasp\u00e0s amb l\u2019AC Milan pel nigeri\u00e0 Chukwueze"}],"texts":[{"type":"paragraph","text":"El Villarreal CF ha arribat a un acord de trasp\u00e0s amb l\u2019AC Milan pel futbolista Samu Chukwueze, que abandona el club despr\u00e9s de sis anys defensant la samarreta grogueta."},{"type":"paragraph","text":"Samu Chukwueze va signar per l\u2019entitat groga en la temporada 2017\/18 per a refor\u00e7ar l\u2019atac del Juvenil A. No obstant aix\u00f2, el seu brillant paper en el futbol base groc va provocar que aviat fes el salt al Villarreal B, amb el qual va disputar una espectacular recta final de competici\u00f3 i posterior fase de promoci\u00f3 a Segona Divisi\u00f3 en la qual va anotar 2 gols i va repartir una assist\u00e8ncia."},{"type":"paragraph","text":"El mete\u00f2ric ascens del nigeri\u00e0 continuaria en la temporada 2018\/19. Chukwueze va debutar amb el primer equip el 20 de setembre de 2018 contra el Rangers FC a l\u2019Europa League i prompte es guanyaria un buit en el conjunt entrenat en aquell moment per Javi Calleja. Aquesta mateixa temporada, l\u2019extrem va disputar un total de 35 partits amb el primer equip en els quals va anotar sis gols -alguns d\u2019ells de summa import\u00e0ncia com el marcat front el Girona en Montilivi o contra el Levante en el Ciutat de Val\u00e8ncia- erigint-se com un dels futbolistes revelaci\u00f3 de la competici\u00f3."},{"type":"paragraph","text":"Durant les seg\u00fcents campanyes Samu Chukwueze va continuar sent un jugador important en els esquemes dels diferents entrenadors que han passat per l\u2019entitat en el seu pas pel club. Chukwueze, campi\u00f3 de l\u2019Europa League amb el Villarreal i un dels jugadors m\u00e9s volguts per l\u2019afici\u00f3, deixa en el record dels seguidors groguets gols per a la hist\u00f2ria del club com l\u2019anotat davant l\u2019FC Bayern en el Allianz Arena en els quarts de final de la UEFA Champions League 2021\/22 o l\u2019estel\u00b7lar actuaci\u00f3 en el Santiago Bernab\u00e9u de la passada temporada."},{"type":"paragraph","text":"El Villarreal CF desitja agrair a Samu Chukwueze el seu lliurament i professionalitat durant les temporades en les quals ha defensat els colors del Submar\u00ed i el millor en la seua nova etapa professional."}],"buttons":[],"images":[],"widgets":[],"blocks":[{"type":"heading","level":2,"text":"El Villarreal ha arribat a un acord de trasp\u00e0s amb l\u2019AC Milan pel nigeri\u00e0 Chukwueze"},{"type":"paragraph","text":"El Villarreal CF ha arribat a un acord de trasp\u00e0s amb l\u2019AC Milan pel futbolista Samu Chukwueze, que abandona el club despr\u00e9s de sis anys defensant la samarreta grogueta."},{"type":"paragraph","text":"Samu Chukwueze va signar per l\u2019entitat groga en la temporada 2017\/18 per a refor\u00e7ar l\u2019atac del Juvenil A. No obstant aix\u00f2, el seu brillant paper en el futbol base groc va provocar que aviat fes el salt al Villarreal B, amb el qual va disputar una espectacular recta final de competici\u00f3 i posterior fase de promoci\u00f3 a Segona Divisi\u00f3 en la qual va anotar 2 gols i va repartir una assist\u00e8ncia."},{"type":"paragraph","text":"El mete\u00f2ric ascens del nigeri\u00e0 continuaria en la temporada 2018\/19. Chukwueze va debutar amb el primer equip el 20 de setembre de 2018 contra el Rangers FC a l\u2019Europa League i prompte es guanyaria un buit en el conjunt entrenat en aquell moment per Javi Calleja. Aquesta mateixa temporada, l\u2019extrem va disputar un total de 35 partits amb el primer equip en els quals va anotar sis gols -alguns d\u2019ells de summa import\u00e0ncia com el marcat front el Girona en Montilivi o contra el Levante en el Ciutat de Val\u00e8ncia- erigint-se com un dels futbolistes revelaci\u00f3 de la competici\u00f3."},{"type":"paragraph","text":"Durant les seg\u00fcents campanyes Samu Chukwueze va continuar sent un jugador important en els esquemes dels diferents entrenadors que han passat per l\u2019entitat en el seu pas pel club. Chukwueze, campi\u00f3 de l\u2019Europa League amb el Villarreal i un dels jugadors m\u00e9s volguts per l\u2019afici\u00f3, deixa en el record dels seguidors groguets gols per a la hist\u00f2ria del club com l\u2019anotat davant l\u2019FC Bayern en el Allianz Arena en els quarts de final de la UEFA Champions League 2021\/22 o l\u2019estel\u00b7lar actuaci\u00f3 en el Santiago Bernab\u00e9u de la passada temporada."},{"type":"paragraph","text":"El Villarreal CF desitja agrair a Samu Chukwueze el seu lliurament i professionalitat durant les temporades en les quals ha defensat els colors del Submar\u00ed i el millor en la seua nova etapa professional."}]}],"hero":{"id":"section-1","title":"El Villarreal ha arribat a un acord de trasp\u00e0s amb l\u2019AC Milan pel nigeri\u00e0 Chukwueze","text":"El Villarreal ha arribat a un acord de trasp\u00e0s amb l\u2019AC Milan pel nigeri\u00e0 Chukwueze El Villarreal CF ha arribat a un acord de trasp\u00e0s amb l\u2019AC Milan pel futbolista Samu Chukwueze, que abandona el club despr\u00e9s de sis anys defensant la samarreta grogueta. Samu Chukwueze va signar per l\u2019entitat groga en la temporada 2017\/18 per a refor\u00e7ar l\u2019atac del Juvenil A. No obstant aix\u00f2, el seu brillant paper en el futbol base groc va provocar que aviat fes el salt al Villarreal B, amb el qual va disputar una espectacular recta final de competici\u00f3 i posterior fase de promoci\u00f3 a Segona Divisi\u00f3 en la qual va anotar 2 gols i va repartir una assist\u00e8ncia. El mete\u00f2ric ascens del nigeri\u00e0 continuaria en la temporada 2018\/19. Chukwueze va debutar amb el primer equip el 20 de setembre de 2018 contra el Rangers FC a l\u2019Europa League i prompte es guanyaria un buit en el conjunt entrenat en aquell moment per Javi Calleja. Aquesta mateixa temporada, l\u2019extrem va disputar un total de 35 partits amb el primer equip en els quals va anotar sis gols -alguns d\u2019ells de summa import\u00e0ncia com el marcat front el Girona en Montilivi o contra el Levante en el Ciutat de Val\u00e8ncia- erigint-se com un dels futbolistes revelaci\u00f3 de la competici\u00f3. Durant les seg\u00fcents campanyes Samu Chukwueze va continuar sent un jugador important en els esquemes dels diferents entrenadors que han passat per l\u2019entitat en el seu pas pel club. Chukwueze, campi\u00f3 de l\u2019Europa League amb el Villarreal i un dels jugadors m\u00e9s volguts per l\u2019afici\u00f3, deixa en el record dels seguidors groguets gols per a la hist\u00f2ria del club com l\u2019anotat davant l\u2019FC Bayern en el Allianz Arena en els quarts de final de la UEFA Champions League 2021\/22 o l\u2019estel\u00b7lar actuaci\u00f3 en el Santiago Bernab\u00e9u de la passada temporada. El Villarreal CF desitja agrair a Samu Chukwueze el seu lliurament i professionalitat durant les temporades en les quals ha defensat els colors del Submar\u00ed i el millor en la seua nova etapa professional.","headings":[{"type":"heading","level":2,"text":"El Villarreal ha arribat a un acord de trasp\u00e0s amb l\u2019AC Milan pel nigeri\u00e0 Chukwueze"}],"texts":[{"type":"paragraph","text":"El Villarreal CF ha arribat a un acord de trasp\u00e0s amb l\u2019AC Milan pel futbolista Samu Chukwueze, que abandona el club despr\u00e9s de sis anys defensant la samarreta grogueta."},{"type":"paragraph","text":"Samu Chukwueze va signar per l\u2019entitat groga en la temporada 2017\/18 per a refor\u00e7ar l\u2019atac del Juvenil A. No obstant aix\u00f2, el seu brillant paper en el futbol base groc va provocar que aviat fes el salt al Villarreal B, amb el qual va disputar una espectacular recta final de competici\u00f3 i posterior fase de promoci\u00f3 a Segona Divisi\u00f3 en la qual va anotar 2 gols i va repartir una assist\u00e8ncia."},{"type":"paragraph","text":"El mete\u00f2ric ascens del nigeri\u00e0 continuaria en la temporada 2018\/19. Chukwueze va debutar amb el primer equip el 20 de setembre de 2018 contra el Rangers FC a l\u2019Europa League i prompte es guanyaria un buit en el conjunt entrenat en aquell moment per Javi Calleja. Aquesta mateixa temporada, l\u2019extrem va disputar un total de 35 partits amb el primer equip en els quals va anotar sis gols -alguns d\u2019ells de summa import\u00e0ncia com el marcat front el Girona en Montilivi o contra el Levante en el Ciutat de Val\u00e8ncia- erigint-se com un dels futbolistes revelaci\u00f3 de la competici\u00f3."},{"type":"paragraph","text":"Durant les seg\u00fcents campanyes Samu Chukwueze va continuar sent un jugador important en els esquemes dels diferents entrenadors que han passat per l\u2019entitat en el seu pas pel club. Chukwueze, campi\u00f3 de l\u2019Europa League amb el Villarreal i un dels jugadors m\u00e9s volguts per l\u2019afici\u00f3, deixa en el record dels seguidors groguets gols per a la hist\u00f2ria del club com l\u2019anotat davant l\u2019FC Bayern en el Allianz Arena en els quarts de final de la UEFA Champions League 2021\/22 o l\u2019estel\u00b7lar actuaci\u00f3 en el Santiago Bernab\u00e9u de la passada temporada."},{"type":"paragraph","text":"El Villarreal CF desitja agrair a Samu Chukwueze el seu lliurament i professionalitat durant les temporades en les quals ha defensat els colors del Submar\u00ed i el millor en la seua nova etapa professional."}],"buttons":[],"images":[],"widgets":[],"blocks":[{"type":"heading","level":2,"text":"El Villarreal ha arribat a un acord de trasp\u00e0s amb l\u2019AC Milan pel nigeri\u00e0 Chukwueze"},{"type":"paragraph","text":"El Villarreal CF ha arribat a un acord de trasp\u00e0s amb l\u2019AC Milan pel futbolista Samu Chukwueze, que abandona el club despr\u00e9s de sis anys defensant la samarreta grogueta."},{"type":"paragraph","text":"Samu Chukwueze va signar per l\u2019entitat groga en la temporada 2017\/18 per a refor\u00e7ar l\u2019atac del Juvenil A. No obstant aix\u00f2, el seu brillant paper en el futbol base groc va provocar que aviat fes el salt al Villarreal B, amb el qual va disputar una espectacular recta final de competici\u00f3 i posterior fase de promoci\u00f3 a Segona Divisi\u00f3 en la qual va anotar 2 gols i va repartir una assist\u00e8ncia."},{"type":"paragraph","text":"El mete\u00f2ric ascens del nigeri\u00e0 continuaria en la temporada 2018\/19. Chukwueze va debutar amb el primer equip el 20 de setembre de 2018 contra el Rangers FC a l\u2019Europa League i prompte es guanyaria un buit en el conjunt entrenat en aquell moment per Javi Calleja. Aquesta mateixa temporada, l\u2019extrem va disputar un total de 35 partits amb el primer equip en els quals va anotar sis gols -alguns d\u2019ells de summa import\u00e0ncia com el marcat front el Girona en Montilivi o contra el Levante en el Ciutat de Val\u00e8ncia- erigint-se com un dels futbolistes revelaci\u00f3 de la competici\u00f3."},{"type":"paragraph","text":"Durant les seg\u00fcents campanyes Samu Chukwueze va continuar sent un jugador important en els esquemes dels diferents entrenadors que han passat per l\u2019entitat en el seu pas pel club. Chukwueze, campi\u00f3 de l\u2019Europa League amb el Villarreal i un dels jugadors m\u00e9s volguts per l\u2019afici\u00f3, deixa en el record dels seguidors groguets gols per a la hist\u00f2ria del club com l\u2019anotat davant l\u2019FC Bayern en el Allianz Arena en els quarts de final de la UEFA Champions League 2021\/22 o l\u2019estel\u00b7lar actuaci\u00f3 en el Santiago Bernab\u00e9u de la passada temporada."},{"type":"paragraph","text":"El Villarreal CF desitja agrair a Samu Chukwueze el seu lliurament i professionalitat durant les temporades en les quals ha defensat els colors del Submar\u00ed i el millor en la seua nova etapa professional."}]}},"sections":[{"id":"section-1","title":"El Villarreal ha arribat a un acord de trasp\u00e0s amb l\u2019AC Milan pel nigeri\u00e0 Chukwueze","text":"El Villarreal ha arribat a un acord de trasp\u00e0s amb l\u2019AC Milan pel nigeri\u00e0 Chukwueze El Villarreal CF ha arribat a un acord de trasp\u00e0s amb l\u2019AC Milan pel futbolista Samu Chukwueze, que abandona el club despr\u00e9s de sis anys defensant la samarreta grogueta. Samu Chukwueze va signar per l\u2019entitat groga en la temporada 2017\/18 per a refor\u00e7ar l\u2019atac del Juvenil A. No obstant aix\u00f2, el seu brillant paper en el futbol base groc va provocar que aviat fes el salt al Villarreal B, amb el qual va disputar una espectacular recta final de competici\u00f3 i posterior fase de promoci\u00f3 a Segona Divisi\u00f3 en la qual va anotar 2 gols i va repartir una assist\u00e8ncia. El mete\u00f2ric ascens del nigeri\u00e0 continuaria en la temporada 2018\/19. Chukwueze va debutar amb el primer equip el 20 de setembre de 2018 contra el Rangers FC a l\u2019Europa League i prompte es guanyaria un buit en el conjunt entrenat en aquell moment per Javi Calleja. Aquesta mateixa temporada, l\u2019extrem va disputar un total de 35 partits amb el primer equip en els quals va anotar sis gols -alguns d\u2019ells de summa import\u00e0ncia com el marcat front el Girona en Montilivi o contra el Levante en el Ciutat de Val\u00e8ncia- erigint-se com un dels futbolistes revelaci\u00f3 de la competici\u00f3. Durant les seg\u00fcents campanyes Samu Chukwueze va continuar sent un jugador important en els esquemes dels diferents entrenadors que han passat per l\u2019entitat en el seu pas pel club. Chukwueze, campi\u00f3 de l\u2019Europa League amb el Villarreal i un dels jugadors m\u00e9s volguts per l\u2019afici\u00f3, deixa en el record dels seguidors groguets gols per a la hist\u00f2ria del club com l\u2019anotat davant l\u2019FC Bayern en el Allianz Arena en els quarts de final de la UEFA Champions League 2021\/22 o l\u2019estel\u00b7lar actuaci\u00f3 en el Santiago Bernab\u00e9u de la passada temporada. El Villarreal CF desitja agrair a Samu Chukwueze el seu lliurament i professionalitat durant les temporades en les quals ha defensat els colors del Submar\u00ed i el millor en la seua nova etapa professional.","url":"","background_image":"","images":[],"videos":[],"links":[]}]},"excerpt":{"rendered":"El Villarreal ha arribat a un acord de trasp\u00e0s amb l&#8217;AC Milan pel nigeri\u00e0\u00a0Chukwueze","protected":false},"author":23,"featured_media":275480,"comment_status":"closed","ping_status":"closed","sticky":false,"template":"","format":"standard","meta":{"_acf_changed":false,"footnotes":""},"categories":[13493],"tags":[14875,717,9270,9278,11895,716,9205,9627,9787,9203],"acf":null,"lang":"val","translations":{"es":275474,"val":275482,"en":275485},"essential_grid":{"has_grid":false},"formatted_date":"July 27, 2023","modified_date":"July 27, 2023","permalink":"https:\/\/villarrealcf.es\/val\/sam\/","reading_time":2,"featured_media_data":{"id":275480,"title":"samuuuu","caption":"","alt_text":"","description":"","mime_type":"image\/jpeg","source_url":"https:\/\/villarrealcf.es\/wp-content\/uploads\/2023\/07\/samuuuu.jpg","sizes":{"thumbnail":{"url":"https:\/\/villarrealcf.es\/wp-content\/uploads\/2023\/07\/samuuuu-1920x1080.jpg","width":1920,"height":1080},"medium":{"url":"https:\/\/villarrealcf.es\/wp-content\/uploads\/2023\/07\/samuuuu-1920x1080.jpg","width":1920,"height":1080},"medium_large":{"url":"https:\/\/villarrealcf.es\/wp-content\/uploads\/2023\/07\/samuuuu-768x432.jpg","width":768,"height":432},"large":{"url":"https:\/\/villarrealcf.es\/wp-content\/uploads\/2023\/07\/samuuuu-1920x1080.jpg","width":788,"height":443},"1536x1536":{"url":"https:\/\/villarrealcf.es\/wp-content\/uploads\/2023\/07\/samuuuu-1536x864.jpg","width":1536,"height":864},"2048x2048":{"url":"https:\/\/villarrealcf.es\/wp-content\/uploads\/2023\/07\/samuuuu.jpg","width":1920,"height":1080},"tp-image-grid":{"url":"https:\/\/villarrealcf.es\/wp-content\/uploads\/2023\/07\/samuuuu-700x700.jpg","width":700,"height":700},"size-bunyad-medium":{"url":"https:\/\/villarrealcf.es\/wp-content\/uploads\/2023\/07\/samuuuu-1920x1080.jpg","width":1920,"height":1080},"sportspress-crop-medium":{"url":"https:\/\/villarrealcf.es\/wp-content\/uploads\/2023\/07\/samuuuu-300x300.jpg","width":300,"height":300},"sportspress-fit-medium":{"url":"https:\/\/villarrealcf.es\/wp-content\/uploads\/2023\/07\/samuuuu-300x169.jpg","width":300,"height":169},"sportspress-fit-icon":{"url":"https:\/\/villarrealcf.es\/wp-content\/uploads\/2023\/07\/samuuuu-128x72.jpg","width":128,"height":72},"sportspress-fit-mini":{"url":"https:\/\/villarrealcf.es\/wp-content\/uploads\/2023\/07\/samuuuu-32x18.jpg","width":32,"height":18},"bunyad-small":{"url":"https:\/\/villarrealcf.es\/wp-content\/uploads\/2023\/07\/samuuuu-150x84.jpg","width":150,"height":84},"bunyad-medium":{"url":"https:\/\/villarrealcf.es\/wp-content\/uploads\/2023\/07\/samuuuu-450x253.jpg","width":450,"height":253},"bunyad-full":{"url":"https:\/\/villarrealcf.es\/wp-content\/uploads\/2023\/07\/samuuuu-1200x675.jpg","width":1200,"height":675},"bunyad-viewport":{"url":"https:\/\/villarrealcf.es\/wp-content\/uploads\/2023\/07\/samuuuu.jpg","width":1920,"height":1080},"bunyad-768":{"url":"https:\/\/villarrealcf.es\/wp-content\/uploads\/2023\/07\/samuuuu-768x432.jpg","width":768,"height":432},"full":{"url":"https:\/\/villarrealcf.es\/wp-content\/uploads\/2023\/07\/samuuuu.jpg","width":1920,"height":1080}}},"author_data":{"id":"23","name":"Fran Segovia","first_name":"Fran","last_name":"Segovia","description":"","avatar_url":"https:\/\/secure.gravatar.com\/avatar\/9ec849b3b9cb451091f0a96d7943b1c6be26a8d6fd3b94d5b5bfd496b2536c42?s=96&d=mm&r=g","acf":null},"taxonomies_data":{"category":[{"id":13493,"name":"Primer equip","slug":"primer-equip","acf":null}],"post_tag":[{"id":14875,"name":"AC Milan","slug":"ac-milan-val","acf":null},{"id":717,"name":"Football","slug":"football-d34","acf":null},{"id":9270,"name":"Futbol","slug":"futbol-val","acf":null},{"id":9278,"name":"primera division","slug":"primera-division-val","acf":null},{"id":11895,"name":"Samu Chukwueze","slug":"samu-chukwueze-val","acf":null},{"id":716,"name":"Soccer","slug":"soccer-d105","acf":null},{"id":9205,"name":"Submarino","slug":"submarino-val","acf":null},{"id":9627,"name":"Submarino Amarillo","slug":"submarino-amarillo-val","acf":null},{"id":9787,"name":"Traspaso","slug":"traspaso-val","acf":null},{"id":9203,"name":"Villarreal CF","slug":"villarreal-cf-val","acf":null}],"translation_priority":[{"id":735,"name":"Optional","slug":"optional-val","acf":null}]},"seo_full":{"native":{"title":"Samu, groguet per sempre - Web Oficial del Villarreal CF","description":"El Villarreal ha arribat a un acord de trasp\u00e0s amb l'AC Milan pel nigeri\u00e0\u00a0Chukwueze","canonical":"https:\/\/villarrealcf.es\/val\/sam\/"}},"_links":{"self":[{"href":"https:\/\/villarrealcf.es\/val\/wp-json\/wp\/v2\/posts\/275482","targetHints":{"allow":["GET"]}}],"collection":[{"href":"https:\/\/villarrealcf.es\/val\/wp-json\/wp\/v2\/posts"}],"about":[{"href":"https:\/\/villarrealcf.es\/val\/wp-json\/wp\/v2\/types\/post"}],"author":[{"embeddable":true,"href":"https:\/\/villarrealcf.es\/val\/wp-json\/wp\/v2\/users\/23"}],"replies":[{"embeddable":true,"href":"https:\/\/villarrealcf.es\/val\/wp-json\/wp\/v2\/comments?post=275482"}],"version-history":[{"count":0,"href":"https:\/\/villarrealcf.es\/val\/wp-json\/wp\/v2\/posts\/275482\/revisions"}],"wp:featuredmedia":[{"embeddable":true,"href":"https:\/\/villarrealcf.es\/val\/wp-json\/wp\/v2\/media\/275480"}],"wp:attachment":[{"href":"https:\/\/villarrealcf.es\/val\/wp-json\/wp\/v2\/media?parent=275482"}],"wp:term":[{"taxonomy":"category","embeddable":true,"href":"https:\/\/villarrealcf.es\/val\/wp-json\/wp\/v2\/categories?post=275482"},{"taxonomy":"post_tag","embeddable":true,"href":"https:\/\/villarrealcf.es\/val\/wp-json\/wp\/v2\/tags?post=275482"}],"curies":[{"name":"wp","href":"https:\/\/api.w.org\/{rel}","templated":true}]}}