{"id":275399,"date":"2023-07-26T22:24:14","date_gmt":"2023-07-26T20:24:14","guid":{"rendered":"https:\/\/villarrealcf.es\/\/el-villarreal-ya-esta-en-rotterdam\/"},"modified":"2023-07-26T17:15:20","modified_gmt":"2023-07-26T15:15:20","slug":"el-villarreal-ya-esta-en-rotterdam","status":"publish","type":"post","link":"https:\/\/villarrealcf.es\/val\/el-villarreal-ya-esta-en-rotterdam\/","title":{"rendered":"El Villarreal ja est\u00e0 a Rotterdam"},"content":{"protected":false,"blocks":[{"type":"heading","level":2,"text":"El Submar\u00ed s\u2019enfrontar\u00e0 al Feyenoord aquest dijous en un partit amist\u00f3s de pretemporada (19.00 hores)"},{"type":"paragraph","text":"La primera plantilla del Villarreal CF ja es troba a Rotterdam, on dem\u00e0 jugar\u00e0 un nou partit amist\u00f3s de pretemporada contra el Feyenoord en el Stadion Feijenoord (19.00 hores). Cal recordar que aquest xoc podr\u00e0 veure\u2019s en directe a trav\u00e9s de Movistar+, DAZN i LaLiga+."},{"type":"paragraph","text":"L\u2019expedici\u00f3 groga quedar\u00e0 allotjada a l\u2019Hotel Marriott Rotterdam fins al divendres a la vesprada, que ser\u00e0 quan viatge a Lisboa per a jugar davant l\u2019Sporting Clube de Portugal el diumenge."}],"structured":{"summary":{"text":"El Submar\u00ed s\u2019enfrontar\u00e0 al Feyenoord aquest dijous en un partit amist\u00f3s de pretemporada (19.00 hores) La primera plantilla del Villarreal CF ja es troba a Rotterdam, on dem\u00e0 jugar\u00e0 un nou partit amist\u00f3s de pretemporada contra el Feyenoord en el Stadion Feijenoord (19.00 hores). Cal recordar que aquest xoc podr\u00e0 veure\u2019s en directe a trav\u00e9s de Movistar+, DAZN i LaLiga+. L\u2019expedici\u00f3 groga quedar\u00e0 allotjada a l\u2019Hotel Marriott Rotterdam fins al divendres a la vesprada, que ser\u00e0 quan viatge a Lisboa per a jugar davant l\u2019Sporting Clube de Portugal el diumenge.","headings":[{"type":"heading","level":2,"text":"El Submar\u00ed s\u2019enfrontar\u00e0 al Feyenoord aquest dijous en un partit amist\u00f3s de pretemporada (19.00 hores)"}],"buttons":[],"images":[],"counts":{"blocks":3,"headings":1,"texts":2,"buttons":0,"images":0}},"sections":[{"id":"section-1","title":"El Submar\u00ed s\u2019enfrontar\u00e0 al Feyenoord aquest dijous en un partit amist\u00f3s de pretemporada (19.00 hores)","text":"El Submar\u00ed s\u2019enfrontar\u00e0 al Feyenoord aquest dijous en un partit amist\u00f3s de pretemporada (19.00 hores) La primera plantilla del Villarreal CF ja es troba a Rotterdam, on dem\u00e0 jugar\u00e0 un nou partit amist\u00f3s de pretemporada contra el Feyenoord en el Stadion Feijenoord (19.00 hores). Cal recordar que aquest xoc podr\u00e0 veure\u2019s en directe a trav\u00e9s de Movistar+, DAZN i LaLiga+. L\u2019expedici\u00f3 groga quedar\u00e0 allotjada a l\u2019Hotel Marriott Rotterdam fins al divendres a la vesprada, que ser\u00e0 quan viatge a Lisboa per a jugar davant l\u2019Sporting Clube de Portugal el diumenge.","headings":[{"type":"heading","level":2,"text":"El Submar\u00ed s\u2019enfrontar\u00e0 al Feyenoord aquest dijous en un partit amist\u00f3s de pretemporada (19.00 hores)"}],"texts":[{"type":"paragraph","text":"La primera plantilla del Villarreal CF ja es troba a Rotterdam, on dem\u00e0 jugar\u00e0 un nou partit amist\u00f3s de pretemporada contra el Feyenoord en el Stadion Feijenoord (19.00 hores). Cal recordar que aquest xoc podr\u00e0 veure\u2019s en directe a trav\u00e9s de Movistar+, DAZN i LaLiga+."},{"type":"paragraph","text":"L\u2019expedici\u00f3 groga quedar\u00e0 allotjada a l\u2019Hotel Marriott Rotterdam fins al divendres a la vesprada, que ser\u00e0 quan viatge a Lisboa per a jugar davant l\u2019Sporting Clube de Portugal el diumenge."}],"buttons":[],"images":[],"widgets":[],"blocks":[{"type":"heading","level":2,"text":"El Submar\u00ed s\u2019enfrontar\u00e0 al Feyenoord aquest dijous en un partit amist\u00f3s de pretemporada (19.00 hores)"},{"type":"paragraph","text":"La primera plantilla del Villarreal CF ja es troba a Rotterdam, on dem\u00e0 jugar\u00e0 un nou partit amist\u00f3s de pretemporada contra el Feyenoord en el Stadion Feijenoord (19.00 hores). Cal recordar que aquest xoc podr\u00e0 veure\u2019s en directe a trav\u00e9s de Movistar+, DAZN i LaLiga+."},{"type":"paragraph","text":"L\u2019expedici\u00f3 groga quedar\u00e0 allotjada a l\u2019Hotel Marriott Rotterdam fins al divendres a la vesprada, que ser\u00e0 quan viatge a Lisboa per a jugar davant l\u2019Sporting Clube de Portugal el diumenge."}]}],"hero":{"id":"section-1","title":"El Submar\u00ed s\u2019enfrontar\u00e0 al Feyenoord aquest dijous en un partit amist\u00f3s de pretemporada (19.00 hores)","text":"El Submar\u00ed s\u2019enfrontar\u00e0 al Feyenoord aquest dijous en un partit amist\u00f3s de pretemporada (19.00 hores) La primera plantilla del Villarreal CF ja es troba a Rotterdam, on dem\u00e0 jugar\u00e0 un nou partit amist\u00f3s de pretemporada contra el Feyenoord en el Stadion Feijenoord (19.00 hores). Cal recordar que aquest xoc podr\u00e0 veure\u2019s en directe a trav\u00e9s de Movistar+, DAZN i LaLiga+. L\u2019expedici\u00f3 groga quedar\u00e0 allotjada a l\u2019Hotel Marriott Rotterdam fins al divendres a la vesprada, que ser\u00e0 quan viatge a Lisboa per a jugar davant l\u2019Sporting Clube de Portugal el diumenge.","headings":[{"type":"heading","level":2,"text":"El Submar\u00ed s\u2019enfrontar\u00e0 al Feyenoord aquest dijous en un partit amist\u00f3s de pretemporada (19.00 hores)"}],"texts":[{"type":"paragraph","text":"La primera plantilla del Villarreal CF ja es troba a Rotterdam, on dem\u00e0 jugar\u00e0 un nou partit amist\u00f3s de pretemporada contra el Feyenoord en el Stadion Feijenoord (19.00 hores). Cal recordar que aquest xoc podr\u00e0 veure\u2019s en directe a trav\u00e9s de Movistar+, DAZN i LaLiga+."},{"type":"paragraph","text":"L\u2019expedici\u00f3 groga quedar\u00e0 allotjada a l\u2019Hotel Marriott Rotterdam fins al divendres a la vesprada, que ser\u00e0 quan viatge a Lisboa per a jugar davant l\u2019Sporting Clube de Portugal el diumenge."}],"buttons":[],"images":[],"widgets":[],"blocks":[{"type":"heading","level":2,"text":"El Submar\u00ed s\u2019enfrontar\u00e0 al Feyenoord aquest dijous en un partit amist\u00f3s de pretemporada (19.00 hores)"},{"type":"paragraph","text":"La primera plantilla del Villarreal CF ja es troba a Rotterdam, on dem\u00e0 jugar\u00e0 un nou partit amist\u00f3s de pretemporada contra el Feyenoord en el Stadion Feijenoord (19.00 hores). Cal recordar que aquest xoc podr\u00e0 veure\u2019s en directe a trav\u00e9s de Movistar+, DAZN i LaLiga+."},{"type":"paragraph","text":"L\u2019expedici\u00f3 groga quedar\u00e0 allotjada a l\u2019Hotel Marriott Rotterdam fins al divendres a la vesprada, que ser\u00e0 quan viatge a Lisboa per a jugar davant l\u2019Sporting Clube de Portugal el diumenge."}]}},"sections":[{"id":"section-1","title":"El Submar\u00ed s\u2019enfrontar\u00e0 al Feyenoord aquest dijous en un partit amist\u00f3s de pretemporada (19.00 hores)","text":"El Submar\u00ed s\u2019enfrontar\u00e0 al Feyenoord aquest dijous en un partit amist\u00f3s de pretemporada (19.00 hores) La primera plantilla del Villarreal CF ja es troba a Rotterdam, on dem\u00e0 jugar\u00e0 un nou partit amist\u00f3s de pretemporada contra el Feyenoord en el Stadion Feijenoord (19.00 hores). Cal recordar que aquest xoc podr\u00e0 veure\u2019s en directe a trav\u00e9s de Movistar+, DAZN i LaLiga+. L\u2019expedici\u00f3 groga quedar\u00e0 allotjada a l\u2019Hotel Marriott Rotterdam fins al divendres a la vesprada, que ser\u00e0 quan viatge a Lisboa per a jugar davant l\u2019Sporting Clube de Portugal el diumenge.","url":"","background_image":"","images":[],"videos":[],"links":[]}]},"excerpt":{"rendered":"El Submar\u00ed s&#8217;enfrontar\u00e0 al\u00a0Feyenoord\u00a0aquest dijous en un partit amist\u00f3s de pretemporada (19.00 hores)","protected":false},"author":23,"featured_media":275466,"comment_status":"closed","ping_status":"closed","sticky":false,"template":"","format":"standard","meta":{"_acf_changed":false,"footnotes":""},"categories":[13493],"tags":[717,9270,9278,716,9205,9627,9203],"acf":null,"lang":"val","translations":{"es":275396,"val":275399,"en":275402},"essential_grid":{"has_grid":false},"formatted_date":"July 26, 2023","modified_date":"July 26, 2023","permalink":"https:\/\/villarrealcf.es\/val\/el-villarreal-ya-esta-en-rotterdam\/","reading_time":1,"featured_media_data":{"id":275466,"title":"denis","caption":"","alt_text":"","description":"","mime_type":"image\/jpeg","source_url":"https:\/\/villarrealcf.es\/wp-content\/uploads\/2023\/07\/denis-scaled.jpg","sizes":{"thumbnail":{"url":"https:\/\/villarrealcf.es\/wp-content\/uploads\/2023\/07\/denis-1920x1080.jpg","width":1920,"height":1080},"medium":{"url":"https:\/\/villarrealcf.es\/wp-content\/uploads\/2023\/07\/denis-1920x1080.jpg","width":1920,"height":1080},"medium_large":{"url":"https:\/\/villarrealcf.es\/wp-content\/uploads\/2023\/07\/denis-768x432.jpg","width":768,"height":432},"large":{"url":"https:\/\/villarrealcf.es\/wp-content\/uploads\/2023\/07\/denis-1920x1080.jpg","width":788,"height":443},"1536x1536":{"url":"https:\/\/villarrealcf.es\/wp-content\/uploads\/2023\/07\/denis-1536x864.jpg","width":1536,"height":864},"2048x2048":{"url":"https:\/\/villarrealcf.es\/wp-content\/uploads\/2023\/07\/denis-2048x1152.jpg","width":2048,"height":1152},"tp-image-grid":{"url":"https:\/\/villarrealcf.es\/wp-content\/uploads\/2023\/07\/denis-700x700.jpg","width":700,"height":700},"size-bunyad-medium":{"url":"https:\/\/villarrealcf.es\/wp-content\/uploads\/2023\/07\/denis-1920x1080.jpg","width":1920,"height":1080},"sportspress-crop-medium":{"url":"https:\/\/villarrealcf.es\/wp-content\/uploads\/2023\/07\/denis-300x300.jpg","width":300,"height":300},"sportspress-fit-medium":{"url":"https:\/\/villarrealcf.es\/wp-content\/uploads\/2023\/07\/denis-300x169.jpg","width":300,"height":169},"sportspress-fit-icon":{"url":"https:\/\/villarrealcf.es\/wp-content\/uploads\/2023\/07\/denis-128x72.jpg","width":128,"height":72},"sportspress-fit-mini":{"url":"https:\/\/villarrealcf.es\/wp-content\/uploads\/2023\/07\/denis-32x18.jpg","width":32,"height":18},"bunyad-small":{"url":"https:\/\/villarrealcf.es\/wp-content\/uploads\/2023\/07\/denis-150x84.jpg","width":150,"height":84},"bunyad-medium":{"url":"https:\/\/villarrealcf.es\/wp-content\/uploads\/2023\/07\/denis-450x253.jpg","width":450,"height":253},"bunyad-full":{"url":"https:\/\/villarrealcf.es\/wp-content\/uploads\/2023\/07\/denis-1200x675.jpg","width":1200,"height":675},"bunyad-viewport":{"url":"https:\/\/villarrealcf.es\/wp-content\/uploads\/2023\/07\/denis-2048x1152.jpg","width":2048,"height":1152},"bunyad-768":{"url":"https:\/\/villarrealcf.es\/wp-content\/uploads\/2023\/07\/denis-768x432.jpg","width":768,"height":432},"full":{"url":"https:\/\/villarrealcf.es\/wp-content\/uploads\/2023\/07\/denis-scaled.jpg","width":2560,"height":1440}}},"author_data":{"id":"23","name":"Fran Segovia","first_name":"Fran","last_name":"Segovia","description":"","avatar_url":"https:\/\/secure.gravatar.com\/avatar\/9ec849b3b9cb451091f0a96d7943b1c6be26a8d6fd3b94d5b5bfd496b2536c42?s=96&d=mm&r=g","acf":null},"taxonomies_data":{"category":[{"id":13493,"name":"Primer equip","slug":"primer-equip","acf":null}],"post_tag":[{"id":717,"name":"Football","slug":"football-d34","acf":null},{"id":9270,"name":"Futbol","slug":"futbol-val","acf":null},{"id":9278,"name":"primera division","slug":"primera-division-val","acf":null},{"id":716,"name":"Soccer","slug":"soccer-d105","acf":null},{"id":9205,"name":"Submarino","slug":"submarino-val","acf":null},{"id":9627,"name":"Submarino Amarillo","slug":"submarino-amarillo-val","acf":null},{"id":9203,"name":"Villarreal CF","slug":"villarreal-cf-val","acf":null}],"translation_priority":[{"id":735,"name":"Optional","slug":"optional-val","acf":null}]},"seo_full":{"native":{"title":"El Villarreal ja est\u00e0 a Rotterdam - Web Oficial del Villarreal CF","description":"El Submar\u00ed s'enfrontar\u00e0 al\u00a0Feyenoord\u00a0aquest dijous en un partit amist\u00f3s de pretemporada (19.00 hores)","canonical":"https:\/\/villarrealcf.es\/val\/el-villarreal-ya-esta-en-rotterdam\/"}},"_links":{"self":[{"href":"https:\/\/villarrealcf.es\/val\/wp-json\/wp\/v2\/posts\/275399","targetHints":{"allow":["GET"]}}],"collection":[{"href":"https:\/\/villarrealcf.es\/val\/wp-json\/wp\/v2\/posts"}],"about":[{"href":"https:\/\/villarrealcf.es\/val\/wp-json\/wp\/v2\/types\/post"}],"author":[{"embeddable":true,"href":"https:\/\/villarrealcf.es\/val\/wp-json\/wp\/v2\/users\/23"}],"replies":[{"embeddable":true,"href":"https:\/\/villarrealcf.es\/val\/wp-json\/wp\/v2\/comments?post=275399"}],"version-history":[{"count":0,"href":"https:\/\/villarrealcf.es\/val\/wp-json\/wp\/v2\/posts\/275399\/revisions"}],"wp:featuredmedia":[{"embeddable":true,"href":"https:\/\/villarrealcf.es\/val\/wp-json\/wp\/v2\/media\/275466"}],"wp:attachment":[{"href":"https:\/\/villarrealcf.es\/val\/wp-json\/wp\/v2\/media?parent=275399"}],"wp:term":[{"taxonomy":"category","embeddable":true,"href":"https:\/\/villarrealcf.es\/val\/wp-json\/wp\/v2\/categories?post=275399"},{"taxonomy":"post_tag","embeddable":true,"href":"https:\/\/villarrealcf.es\/val\/wp-json\/wp\/v2\/tags?post=275399"}],"curies":[{"name":"wp","href":"https:\/\/api.w.org\/{rel}","templated":true}]}}